{"id":95526,"date":"2018-10-27T12:07:03","date_gmt":"2018-10-27T12:07:03","guid":{"rendered":"http:\/\/www.eldigitaldeasturias.com\/magazine365\/?p=95526"},"modified":"2018-10-27T12:07:03","modified_gmt":"2018-10-27T12:07:03","slug":"los-monumentos-naturales-del-maestrazgo-reciben-la-carta-europea-de-turismo-sostenible","status":"publish","type":"post","link":"https:\/\/eldigitaldeasturias.com\/magazine365\/los-monumentos-naturales-del-maestrazgo-reciben-la-carta-europea-de-turismo-sostenible\/","title":{"rendered":"Los Monumentos Naturales del Maestrazgo reciben la Carta Europea de Turismo Sostenible"},"content":{"rendered":"<p><img fetchpriority=\"high\" decoding=\"async\" class=\"alignleft size-medium wp-image-95527\" src=\"http:\/\/www.eldigitaldeasturias.com\/magazine365\/wp-content\/uploads\/2018\/10\/imagenes_Monumento_Natural_de_los_Organos_de_Montoro_Eduardo_Vinuales_98ca81cf-360x159.jpg\" alt=\"\" width=\"360\" height=\"159\" srcset=\"https:\/\/eldigitaldeasturias.com\/magazine365\/wp-content\/uploads\/2018\/10\/imagenes_Monumento_Natural_de_los_Organos_de_Montoro_Eduardo_Vinuales_98ca81cf-360x159.jpg 360w, https:\/\/eldigitaldeasturias.com\/magazine365\/wp-content\/uploads\/2018\/10\/imagenes_Monumento_Natural_de_los_Organos_de_Montoro_Eduardo_Vinuales_98ca81cf-650x288.jpg 650w, https:\/\/eldigitaldeasturias.com\/magazine365\/wp-content\/uploads\/2018\/10\/imagenes_Monumento_Natural_de_los_Organos_de_Montoro_Eduardo_Vinuales_98ca81cf-150x66.jpg 150w, https:\/\/eldigitaldeasturias.com\/magazine365\/wp-content\/uploads\/2018\/10\/imagenes_Monumento_Natural_de_los_Organos_de_Montoro_Eduardo_Vinuales_98ca81cf-450x199.jpg 450w, https:\/\/eldigitaldeasturias.com\/magazine365\/wp-content\/uploads\/2018\/10\/imagenes_Monumento_Natural_de_los_Organos_de_Montoro_Eduardo_Vinuales_98ca81cf-696x310.jpg 696w, https:\/\/eldigitaldeasturias.com\/magazine365\/wp-content\/uploads\/2018\/10\/imagenes_Monumento_Natural_de_los_Organos_de_Montoro_Eduardo_Vinuales_98ca81cf.jpg 700w\" sizes=\"(max-width: 360px) 100vw, 360px\" \/>El presidente de la Federaci\u00f3n Internacional Europarc, Ignace Schops, ha comunicado a la Direcci\u00f3n General de Sostenibilidad del Gobierno de Arag\u00f3n, a la Asociaci\u00f3n de Empresarios Tur\u00edstica del Maestrazgo y al grupo Leader de acci\u00f3n local ADEMA, la concesi\u00f3n por cinco a\u00f1os de la \u201cCarta Europea de Turismo Sostenible en \u00c1reas Protegidas\u201d a los cuatro Monumentos Naturales de la comarca del Maestrazgo (Teruel) que son los siguientes: las Grutas de Cristal de Molinos, el Nacimiento del r\u00edo Pitarque, el Puente de la Fonseca y los \u00d3rganos de Montoro.<\/p>\n<p>Para esta distinci\u00f3n la Federaci\u00f3n Europarc ha examinado y ha evaluado cuidadosamente la documentaci\u00f3n sobre planificaci\u00f3n del turismo sostenible que ha sido aportada de forma coordinada tanto por las entidades p\u00fablicas como privadas que trabajan dentro de la comarca en \u00e1reas de protecci\u00f3n del medio ambiente y en temas de turismo y desarrollo rural.<\/p>\n<p>Dicho certificado tiene una validez de cinco a\u00f1os, para el periodo 2018-2022, y para su mantenimiento el Comit\u00e9 de Evaluaci\u00f3n de Europarc realiza una serie de recomendaciones a realizar en este tiempo futuro que comienza con una Fase I de acreditaci\u00f3n y compromiso mediante la elaboraci\u00f3n de una estrategia y un plan de acci\u00f3n, fase inicial a la que le seguir\u00e1n otras dos fases m\u00e1s de adhesi\u00f3n por parte de empresas colaboradoras y de tour-operadores que se comprometen a involucrarse en los principios del turismo sostenible en estas zonas de alto valor ecol\u00f3gico.<\/p>\n<p>La Carta Europea de Turismo Sostenible en Espacios Naturales Protegidos (CETS) es una iniciativa de la Federaci\u00f3n Europarc que tiene como objetivo global promover el desarrollo del turismo en clave de sostenibilidad en los espacios naturales protegidos de Europa. La CETS es un m\u00e9todo y un compromiso voluntario para aplicar los principios de turismo sostenible, orientando a los gestores de los espacios naturales protegidos y a las empresas para definir sus estrategias de forma participada.<\/p>\n<p><strong>Dos espacios aragoneses ya formaban parte de la Carta Europea<\/strong><\/p>\n<p>En la Comunidad Aut\u00f3noma de Arag\u00f3n, desde octubre de 2015, dos Espacios Naturales Protegidos oscenses ya disponen de la Carta Europea de Turismo Sostenible: el Parque Natural de los Valles Occidentales y el Parque Natural Posets-Maladeta.<\/p>\n<p>A ellos se les suman las otras \u00e1reas protegidas de Arag\u00f3n que, gracias a sus equipamientos, infraestructuras y servicios propios de atenci\u00f3n al visitante, disponen as\u00ed mismo de la distinci\u00f3n de la \u201cQ de Calidad Tur\u00edstica\u201d que para Espacios Naturales Protegidos implementa la Secretar\u00eda de Estado de Turismo, y que son: el Parque Natural de Guara, el Parque Natural del Moncayo, el Parque natural Posets-Maladeta, el Paisaje Protegido de los Pinares de Rodeno y el Paisaje Protegido de San Juan de la Pe\u00f1a y Monte Oroel.<\/p>\n","protected":false},"excerpt":{"rendered":"<p>El presidente de la Federaci\u00f3n Internacional Europarc, Ignace Schops, ha comunicado a la Direcci\u00f3n General de Sostenibilidad del Gobierno de Arag\u00f3n, a la Asociaci\u00f3n de Empresarios Tur\u00edstica del Maestrazgo y al grupo Leader de acci\u00f3n local ADEMA, la concesi\u00f3n por cinco a\u00f1os de la \u201cCarta Europea de Turismo Sostenible en \u00c1reas Protegidas\u201d a los cuatro<\/p>\n","protected":false},"author":1,"featured_media":95527,"comment_status":"closed","ping_status":"closed","sticky":false,"template":"","format":"standard","meta":{"footnotes":""},"categories":[222],"tags":[],"class_list":{"0":"post-95526","1":"post","2":"type-post","3":"status-publish","4":"format-standard","5":"has-post-thumbnail","7":"category-actualidad-turismo"},"aioseo_notices":[],"aioseo_head":"\n\t\t<!-- All in One SEO Pro 4.9.6.1 - aioseo.com -->\n\t<meta name=\"description\" content=\"El presidente de la Federaci\u00f3n Internacional Europarc, Ignace Schops, ha comunicado a la Direcci\u00f3n General de Sostenibilidad del Gobierno de Arag\u00f3n, a la Asociaci\u00f3n de Empresarios Tur\u00edstica del Maestrazgo y al grupo Leader de acci\u00f3n local ADEMA, la concesi\u00f3n por cinco a\u00f1os de la \u201cCarta Europea de Turismo Sostenible en \u00c1reas Protegidas\u201d a los cuatro\" \/>\n\t<meta name=\"robots\" content=\"max-image-preview:large\" \/>\n\t<meta name=\"author\" content=\"admin\"\/>\n\t<meta name=\"google-site-verification\" content=\"UA-38556648-1\" \/>\n\t<meta name=\"keywords\" content=\"actualidad turismo\" \/>\n\t<link rel=\"canonical\" href=\"https:\/\/eldigitaldeasturias.com\/magazine365\/los-monumentos-naturales-del-maestrazgo-reciben-la-carta-europea-de-turismo-sostenible\/\" \/>\n\t<meta name=\"generator\" content=\"All in One SEO Pro (AIOSEO) 4.9.6.1\" \/>\n\t\t<meta property=\"og:locale\" content=\"es_ES\" \/>\n\t\t<meta property=\"og:site_name\" content=\"El Digital de Asturias \u2013 Revista de ocio, turismo y estilo de vida\" \/>\n\t\t<meta property=\"og:type\" content=\"article\" \/>\n\t\t<meta property=\"og:title\" content=\"Los Monumentos Naturales del Maestrazgo reciben la Carta Europea de Turismo Sostenible | El Digital de Asturias\" \/>\n\t\t<meta property=\"og:description\" content=\"El presidente de la Federaci\u00f3n Internacional Europarc, Ignace Schops, ha comunicado a la Direcci\u00f3n General de Sostenibilidad del Gobierno de Arag\u00f3n, a la Asociaci\u00f3n de Empresarios Tur\u00edstica del Maestrazgo y al grupo Leader de acci\u00f3n local ADEMA, la concesi\u00f3n por cinco a\u00f1os de la \u201cCarta Europea de Turismo Sostenible en \u00c1reas Protegidas\u201d a los cuatro\" \/>\n\t\t<meta property=\"og:url\" content=\"https:\/\/eldigitaldeasturias.com\/magazine365\/los-monumentos-naturales-del-maestrazgo-reciben-la-carta-europea-de-turismo-sostenible\/\" \/>\n\t\t<meta property=\"og:image\" content=\"https:\/\/eldigitaldeasturias.com\/magazine365\/wp-content\/uploads\/2018\/10\/imagenes_Monumento_Natural_de_los_Organos_de_Montoro_Eduardo_Vinuales_98ca81cf.jpg\" \/>\n\t\t<meta property=\"og:image:secure_url\" content=\"https:\/\/eldigitaldeasturias.com\/magazine365\/wp-content\/uploads\/2018\/10\/imagenes_Monumento_Natural_de_los_Organos_de_Montoro_Eduardo_Vinuales_98ca81cf.jpg\" \/>\n\t\t<meta property=\"og:image:width\" content=\"700\" \/>\n\t\t<meta property=\"og:image:height\" content=\"310\" \/>\n\t\t<meta property=\"article:published_time\" content=\"2018-10-27T12:07:03+00:00\" \/>\n\t\t<meta property=\"article:modified_time\" content=\"2018-10-27T12:07:03+00:00\" \/>\n\t\t<meta name=\"twitter:card\" content=\"summary_large_image\" \/>\n\t\t<meta name=\"twitter:title\" content=\"Los Monumentos Naturales del Maestrazgo reciben la Carta Europea de Turismo Sostenible | El Digital de Asturias\" \/>\n\t\t<meta name=\"twitter:description\" content=\"El presidente de la Federaci\u00f3n Internacional Europarc, Ignace Schops, ha comunicado a la Direcci\u00f3n General de Sostenibilidad del Gobierno de Arag\u00f3n, a la Asociaci\u00f3n de Empresarios Tur\u00edstica del Maestrazgo y al grupo Leader de acci\u00f3n local ADEMA, la concesi\u00f3n por cinco a\u00f1os de la \u201cCarta Europea de Turismo Sostenible en \u00c1reas Protegidas\u201d a los cuatro\" \/>\n\t\t<meta name=\"twitter:image\" content=\"https:\/\/eldigitaldeasturias.com\/magazine365\/wp-content\/uploads\/2018\/10\/imagenes_Monumento_Natural_de_los_Organos_de_Montoro_Eduardo_Vinuales_98ca81cf.jpg\" \/>\n\t\t<script type=\"application\/ld+json\" class=\"aioseo-schema\">\n\t\t\t{\"@context\":\"https:\\\/\\\/schema.org\",\"@graph\":[{\"@type\":\"Article\",\"@id\":\"https:\\\/\\\/eldigitaldeasturias.com\\\/magazine365\\\/los-monumentos-naturales-del-maestrazgo-reciben-la-carta-europea-de-turismo-sostenible\\\/#article\",\"name\":\"Los Monumentos Naturales del Maestrazgo reciben la Carta Europea de Turismo Sostenible | El Digital de Asturias\",\"headline\":\"Los Monumentos Naturales del Maestrazgo reciben la Carta Europea de Turismo Sostenible\",\"author\":{\"@id\":\"https:\\\/\\\/eldigitaldeasturias.com\\\/magazine365\\\/author\\\/admin\\\/#author\"},\"publisher\":{\"@id\":\"https:\\\/\\\/eldigitaldeasturias.com\\\/magazine365\\\/#organization\"},\"image\":{\"@type\":\"ImageObject\",\"url\":\"https:\\\/\\\/eldigitaldeasturias.com\\\/magazine365\\\/wp-content\\\/uploads\\\/2018\\\/10\\\/imagenes_Monumento_Natural_de_los_Organos_de_Montoro_Eduardo_Vinuales_98ca81cf.jpg\",\"width\":700,\"height\":310},\"datePublished\":\"2018-10-27T12:07:03+02:00\",\"dateModified\":\"2018-10-27T12:07:03+02:00\",\"inLanguage\":\"es-ES\",\"mainEntityOfPage\":{\"@id\":\"https:\\\/\\\/eldigitaldeasturias.com\\\/magazine365\\\/los-monumentos-naturales-del-maestrazgo-reciben-la-carta-europea-de-turismo-sostenible\\\/#webpage\"},\"isPartOf\":{\"@id\":\"https:\\\/\\\/eldigitaldeasturias.com\\\/magazine365\\\/los-monumentos-naturales-del-maestrazgo-reciben-la-carta-europea-de-turismo-sostenible\\\/#webpage\"},\"articleSection\":\"Actualidad Turismo\"},{\"@type\":\"BreadcrumbList\",\"@id\":\"https:\\\/\\\/eldigitaldeasturias.com\\\/magazine365\\\/los-monumentos-naturales-del-maestrazgo-reciben-la-carta-europea-de-turismo-sostenible\\\/#breadcrumblist\",\"itemListElement\":[{\"@type\":\"ListItem\",\"@id\":\"https:\\\/\\\/eldigitaldeasturias.com\\\/magazine365#listItem\",\"position\":1,\"name\":\"Home\",\"item\":\"https:\\\/\\\/eldigitaldeasturias.com\\\/magazine365\",\"nextItem\":{\"@type\":\"ListItem\",\"@id\":\"https:\\\/\\\/eldigitaldeasturias.com\\\/magazine365\\\/category\\\/actualidad-turismo\\\/#listItem\",\"name\":\"Actualidad Turismo\"}},{\"@type\":\"ListItem\",\"@id\":\"https:\\\/\\\/eldigitaldeasturias.com\\\/magazine365\\\/category\\\/actualidad-turismo\\\/#listItem\",\"position\":2,\"name\":\"Actualidad Turismo\",\"item\":\"https:\\\/\\\/eldigitaldeasturias.com\\\/magazine365\\\/category\\\/actualidad-turismo\\\/\",\"nextItem\":{\"@type\":\"ListItem\",\"@id\":\"https:\\\/\\\/eldigitaldeasturias.com\\\/magazine365\\\/los-monumentos-naturales-del-maestrazgo-reciben-la-carta-europea-de-turismo-sostenible\\\/#listItem\",\"name\":\"Los Monumentos Naturales del Maestrazgo reciben la Carta Europea de Turismo Sostenible\"},\"previousItem\":{\"@type\":\"ListItem\",\"@id\":\"https:\\\/\\\/eldigitaldeasturias.com\\\/magazine365#listItem\",\"name\":\"Home\"}},{\"@type\":\"ListItem\",\"@id\":\"https:\\\/\\\/eldigitaldeasturias.com\\\/magazine365\\\/los-monumentos-naturales-del-maestrazgo-reciben-la-carta-europea-de-turismo-sostenible\\\/#listItem\",\"position\":3,\"name\":\"Los Monumentos Naturales del Maestrazgo reciben la Carta Europea de Turismo Sostenible\",\"previousItem\":{\"@type\":\"ListItem\",\"@id\":\"https:\\\/\\\/eldigitaldeasturias.com\\\/magazine365\\\/category\\\/actualidad-turismo\\\/#listItem\",\"name\":\"Actualidad Turismo\"}}]},{\"@type\":\"Organization\",\"@id\":\"https:\\\/\\\/eldigitaldeasturias.com\\\/magazine365\\\/#organization\",\"name\":\"El digital de Asturias\",\"description\":\"Revista de ocio, turismo y estilo de vida\",\"url\":\"https:\\\/\\\/eldigitaldeasturias.com\\\/magazine365\\\/\",\"logo\":{\"@type\":\"ImageObject\",\"url\":\"https:\\\/\\\/www.eldigitaldeasturias.com\\\/noticias\\\/wp-content\\\/uploads\\\/2020\\\/12\\\/EDA.jpg\",\"@id\":\"https:\\\/\\\/eldigitaldeasturias.com\\\/magazine365\\\/los-monumentos-naturales-del-maestrazgo-reciben-la-carta-europea-de-turismo-sostenible\\\/#organizationLogo\"},\"image\":{\"@id\":\"https:\\\/\\\/eldigitaldeasturias.com\\\/magazine365\\\/los-monumentos-naturales-del-maestrazgo-reciben-la-carta-europea-de-turismo-sostenible\\\/#organizationLogo\"}},{\"@type\":\"Person\",\"@id\":\"https:\\\/\\\/eldigitaldeasturias.com\\\/magazine365\\\/author\\\/admin\\\/#author\",\"url\":\"https:\\\/\\\/eldigitaldeasturias.com\\\/magazine365\\\/author\\\/admin\\\/\",\"name\":\"admin\",\"image\":{\"@type\":\"ImageObject\",\"@id\":\"https:\\\/\\\/eldigitaldeasturias.com\\\/magazine365\\\/los-monumentos-naturales-del-maestrazgo-reciben-la-carta-europea-de-turismo-sostenible\\\/#authorImage\",\"url\":\"https:\\\/\\\/eldigitaldeasturias.com\\\/magazine365\\\/wp-content\\\/litespeed\\\/avatar\\\/e571bcf59a0edd6fa6838245a470f2fe.jpg?ver=1777574230\",\"width\":96,\"height\":96,\"caption\":\"admin\"}},{\"@type\":\"WebPage\",\"@id\":\"https:\\\/\\\/eldigitaldeasturias.com\\\/magazine365\\\/los-monumentos-naturales-del-maestrazgo-reciben-la-carta-europea-de-turismo-sostenible\\\/#webpage\",\"url\":\"https:\\\/\\\/eldigitaldeasturias.com\\\/magazine365\\\/los-monumentos-naturales-del-maestrazgo-reciben-la-carta-europea-de-turismo-sostenible\\\/\",\"name\":\"Los Monumentos Naturales del Maestrazgo reciben la Carta Europea de Turismo Sostenible | El Digital de Asturias\",\"description\":\"El presidente de la Federaci\\u00f3n Internacional Europarc, Ignace Schops, ha comunicado a la Direcci\\u00f3n General de Sostenibilidad del Gobierno de Arag\\u00f3n, a la Asociaci\\u00f3n de Empresarios Tur\\u00edstica del Maestrazgo y al grupo Leader de acci\\u00f3n local ADEMA, la concesi\\u00f3n por cinco a\\u00f1os de la \\u201cCarta Europea de Turismo Sostenible en \\u00c1reas Protegidas\\u201d a los cuatro\",\"inLanguage\":\"es-ES\",\"isPartOf\":{\"@id\":\"https:\\\/\\\/eldigitaldeasturias.com\\\/magazine365\\\/#website\"},\"breadcrumb\":{\"@id\":\"https:\\\/\\\/eldigitaldeasturias.com\\\/magazine365\\\/los-monumentos-naturales-del-maestrazgo-reciben-la-carta-europea-de-turismo-sostenible\\\/#breadcrumblist\"},\"author\":{\"@id\":\"https:\\\/\\\/eldigitaldeasturias.com\\\/magazine365\\\/author\\\/admin\\\/#author\"},\"creator\":{\"@id\":\"https:\\\/\\\/eldigitaldeasturias.com\\\/magazine365\\\/author\\\/admin\\\/#author\"},\"image\":{\"@type\":\"ImageObject\",\"url\":\"https:\\\/\\\/eldigitaldeasturias.com\\\/magazine365\\\/wp-content\\\/uploads\\\/2018\\\/10\\\/imagenes_Monumento_Natural_de_los_Organos_de_Montoro_Eduardo_Vinuales_98ca81cf.jpg\",\"@id\":\"https:\\\/\\\/eldigitaldeasturias.com\\\/magazine365\\\/los-monumentos-naturales-del-maestrazgo-reciben-la-carta-europea-de-turismo-sostenible\\\/#mainImage\",\"width\":700,\"height\":310},\"primaryImageOfPage\":{\"@id\":\"https:\\\/\\\/eldigitaldeasturias.com\\\/magazine365\\\/los-monumentos-naturales-del-maestrazgo-reciben-la-carta-europea-de-turismo-sostenible\\\/#mainImage\"},\"datePublished\":\"2018-10-27T12:07:03+02:00\",\"dateModified\":\"2018-10-27T12:07:03+02:00\"},{\"@type\":\"WebSite\",\"@id\":\"https:\\\/\\\/eldigitaldeasturias.com\\\/magazine365\\\/#website\",\"url\":\"https:\\\/\\\/eldigitaldeasturias.com\\\/magazine365\\\/\",\"name\":\"El Digital de Asturias\",\"description\":\"Revista de ocio, turismo y estilo de vida\",\"inLanguage\":\"es-ES\",\"publisher\":{\"@id\":\"https:\\\/\\\/eldigitaldeasturias.com\\\/magazine365\\\/#organization\"}}]}\n\t\t<\/script>\n\t\t<!-- All in One SEO Pro -->\r\n\t\t<title>Los Monumentos Naturales del Maestrazgo reciben la Carta Europea de Turismo Sostenible | El Digital de Asturias<\/title>\n\n","aioseo_head_json":{"title":"Los Monumentos Naturales del Maestrazgo reciben la Carta Europea de Turismo Sostenible | El Digital de Asturias","description":"El presidente de la Federaci\u00f3n Internacional Europarc, Ignace Schops, ha comunicado a la Direcci\u00f3n General de Sostenibilidad del Gobierno de Arag\u00f3n, a la Asociaci\u00f3n de Empresarios Tur\u00edstica del Maestrazgo y al grupo Leader de acci\u00f3n local ADEMA, la concesi\u00f3n por cinco a\u00f1os de la \u201cCarta Europea de Turismo Sostenible en \u00c1reas Protegidas\u201d a los cuatro","canonical_url":"https:\/\/eldigitaldeasturias.com\/magazine365\/los-monumentos-naturales-del-maestrazgo-reciben-la-carta-europea-de-turismo-sostenible\/","robots":"max-image-preview:large","keywords":"actualidad turismo","webmasterTools":{"google-site-verification":"UA-38556648-1","miscellaneous":""},"schema":{"@context":"https:\/\/schema.org","@graph":[{"@type":"Article","@id":"https:\/\/eldigitaldeasturias.com\/magazine365\/los-monumentos-naturales-del-maestrazgo-reciben-la-carta-europea-de-turismo-sostenible\/#article","name":"Los Monumentos Naturales del Maestrazgo reciben la Carta Europea de Turismo Sostenible | El Digital de Asturias","headline":"Los Monumentos Naturales del Maestrazgo reciben la Carta Europea de Turismo Sostenible","author":{"@id":"https:\/\/eldigitaldeasturias.com\/magazine365\/author\/admin\/#author"},"publisher":{"@id":"https:\/\/eldigitaldeasturias.com\/magazine365\/#organization"},"image":{"@type":"ImageObject","url":"https:\/\/eldigitaldeasturias.com\/magazine365\/wp-content\/uploads\/2018\/10\/imagenes_Monumento_Natural_de_los_Organos_de_Montoro_Eduardo_Vinuales_98ca81cf.jpg","width":700,"height":310},"datePublished":"2018-10-27T12:07:03+02:00","dateModified":"2018-10-27T12:07:03+02:00","inLanguage":"es-ES","mainEntityOfPage":{"@id":"https:\/\/eldigitaldeasturias.com\/magazine365\/los-monumentos-naturales-del-maestrazgo-reciben-la-carta-europea-de-turismo-sostenible\/#webpage"},"isPartOf":{"@id":"https:\/\/eldigitaldeasturias.com\/magazine365\/los-monumentos-naturales-del-maestrazgo-reciben-la-carta-europea-de-turismo-sostenible\/#webpage"},"articleSection":"Actualidad Turismo"},{"@type":"BreadcrumbList","@id":"https:\/\/eldigitaldeasturias.com\/magazine365\/los-monumentos-naturales-del-maestrazgo-reciben-la-carta-europea-de-turismo-sostenible\/#breadcrumblist","itemListElement":[{"@type":"ListItem","@id":"https:\/\/eldigitaldeasturias.com\/magazine365#listItem","position":1,"name":"Home","item":"https:\/\/eldigitaldeasturias.com\/magazine365","nextItem":{"@type":"ListItem","@id":"https:\/\/eldigitaldeasturias.com\/magazine365\/category\/actualidad-turismo\/#listItem","name":"Actualidad Turismo"}},{"@type":"ListItem","@id":"https:\/\/eldigitaldeasturias.com\/magazine365\/category\/actualidad-turismo\/#listItem","position":2,"name":"Actualidad Turismo","item":"https:\/\/eldigitaldeasturias.com\/magazine365\/category\/actualidad-turismo\/","nextItem":{"@type":"ListItem","@id":"https:\/\/eldigitaldeasturias.com\/magazine365\/los-monumentos-naturales-del-maestrazgo-reciben-la-carta-europea-de-turismo-sostenible\/#listItem","name":"Los Monumentos Naturales del Maestrazgo reciben la Carta Europea de Turismo Sostenible"},"previousItem":{"@type":"ListItem","@id":"https:\/\/eldigitaldeasturias.com\/magazine365#listItem","name":"Home"}},{"@type":"ListItem","@id":"https:\/\/eldigitaldeasturias.com\/magazine365\/los-monumentos-naturales-del-maestrazgo-reciben-la-carta-europea-de-turismo-sostenible\/#listItem","position":3,"name":"Los Monumentos Naturales del Maestrazgo reciben la Carta Europea de Turismo Sostenible","previousItem":{"@type":"ListItem","@id":"https:\/\/eldigitaldeasturias.com\/magazine365\/category\/actualidad-turismo\/#listItem","name":"Actualidad Turismo"}}]},{"@type":"Organization","@id":"https:\/\/eldigitaldeasturias.com\/magazine365\/#organization","name":"El digital de Asturias","description":"Revista de ocio, turismo y estilo de vida","url":"https:\/\/eldigitaldeasturias.com\/magazine365\/","logo":{"@type":"ImageObject","url":"https:\/\/www.eldigitaldeasturias.com\/noticias\/wp-content\/uploads\/2020\/12\/EDA.jpg","@id":"https:\/\/eldigitaldeasturias.com\/magazine365\/los-monumentos-naturales-del-maestrazgo-reciben-la-carta-europea-de-turismo-sostenible\/#organizationLogo"},"image":{"@id":"https:\/\/eldigitaldeasturias.com\/magazine365\/los-monumentos-naturales-del-maestrazgo-reciben-la-carta-europea-de-turismo-sostenible\/#organizationLogo"}},{"@type":"Person","@id":"https:\/\/eldigitaldeasturias.com\/magazine365\/author\/admin\/#author","url":"https:\/\/eldigitaldeasturias.com\/magazine365\/author\/admin\/","name":"admin","image":{"@type":"ImageObject","@id":"https:\/\/eldigitaldeasturias.com\/magazine365\/los-monumentos-naturales-del-maestrazgo-reciben-la-carta-europea-de-turismo-sostenible\/#authorImage","url":"https:\/\/eldigitaldeasturias.com\/magazine365\/wp-content\/litespeed\/avatar\/e571bcf59a0edd6fa6838245a470f2fe.jpg?ver=1777574230","width":96,"height":96,"caption":"admin"}},{"@type":"WebPage","@id":"https:\/\/eldigitaldeasturias.com\/magazine365\/los-monumentos-naturales-del-maestrazgo-reciben-la-carta-europea-de-turismo-sostenible\/#webpage","url":"https:\/\/eldigitaldeasturias.com\/magazine365\/los-monumentos-naturales-del-maestrazgo-reciben-la-carta-europea-de-turismo-sostenible\/","name":"Los Monumentos Naturales del Maestrazgo reciben la Carta Europea de Turismo Sostenible | El Digital de Asturias","description":"El presidente de la Federaci\u00f3n Internacional Europarc, Ignace Schops, ha comunicado a la Direcci\u00f3n General de Sostenibilidad del Gobierno de Arag\u00f3n, a la Asociaci\u00f3n de Empresarios Tur\u00edstica del Maestrazgo y al grupo Leader de acci\u00f3n local ADEMA, la concesi\u00f3n por cinco a\u00f1os de la \u201cCarta Europea de Turismo Sostenible en \u00c1reas Protegidas\u201d a los cuatro","inLanguage":"es-ES","isPartOf":{"@id":"https:\/\/eldigitaldeasturias.com\/magazine365\/#website"},"breadcrumb":{"@id":"https:\/\/eldigitaldeasturias.com\/magazine365\/los-monumentos-naturales-del-maestrazgo-reciben-la-carta-europea-de-turismo-sostenible\/#breadcrumblist"},"author":{"@id":"https:\/\/eldigitaldeasturias.com\/magazine365\/author\/admin\/#author"},"creator":{"@id":"https:\/\/eldigitaldeasturias.com\/magazine365\/author\/admin\/#author"},"image":{"@type":"ImageObject","url":"https:\/\/eldigitaldeasturias.com\/magazine365\/wp-content\/uploads\/2018\/10\/imagenes_Monumento_Natural_de_los_Organos_de_Montoro_Eduardo_Vinuales_98ca81cf.jpg","@id":"https:\/\/eldigitaldeasturias.com\/magazine365\/los-monumentos-naturales-del-maestrazgo-reciben-la-carta-europea-de-turismo-sostenible\/#mainImage","width":700,"height":310},"primaryImageOfPage":{"@id":"https:\/\/eldigitaldeasturias.com\/magazine365\/los-monumentos-naturales-del-maestrazgo-reciben-la-carta-europea-de-turismo-sostenible\/#mainImage"},"datePublished":"2018-10-27T12:07:03+02:00","dateModified":"2018-10-27T12:07:03+02:00"},{"@type":"WebSite","@id":"https:\/\/eldigitaldeasturias.com\/magazine365\/#website","url":"https:\/\/eldigitaldeasturias.com\/magazine365\/","name":"El Digital de Asturias","description":"Revista de ocio, turismo y estilo de vida","inLanguage":"es-ES","publisher":{"@id":"https:\/\/eldigitaldeasturias.com\/magazine365\/#organization"}}]},"og:locale":"es_ES","og:site_name":"El Digital de Asturias \u2013 Revista de ocio, turismo y estilo de vida","og:type":"article","og:title":"Los Monumentos Naturales del Maestrazgo reciben la Carta Europea de Turismo Sostenible | El Digital de Asturias","og:description":"El presidente de la Federaci\u00f3n Internacional Europarc, Ignace Schops, ha comunicado a la Direcci\u00f3n General de Sostenibilidad del Gobierno de Arag\u00f3n, a la Asociaci\u00f3n de Empresarios Tur\u00edstica del Maestrazgo y al grupo Leader de acci\u00f3n local ADEMA, la concesi\u00f3n por cinco a\u00f1os de la \u201cCarta Europea de Turismo Sostenible en \u00c1reas Protegidas\u201d a los cuatro","og:url":"https:\/\/eldigitaldeasturias.com\/magazine365\/los-monumentos-naturales-del-maestrazgo-reciben-la-carta-europea-de-turismo-sostenible\/","og:image":"https:\/\/eldigitaldeasturias.com\/magazine365\/wp-content\/uploads\/2018\/10\/imagenes_Monumento_Natural_de_los_Organos_de_Montoro_Eduardo_Vinuales_98ca81cf.jpg","og:image:secure_url":"https:\/\/eldigitaldeasturias.com\/magazine365\/wp-content\/uploads\/2018\/10\/imagenes_Monumento_Natural_de_los_Organos_de_Montoro_Eduardo_Vinuales_98ca81cf.jpg","og:image:width":700,"og:image:height":310,"article:published_time":"2018-10-27T12:07:03+00:00","article:modified_time":"2018-10-27T12:07:03+00:00","twitter:card":"summary_large_image","twitter:title":"Los Monumentos Naturales del Maestrazgo reciben la Carta Europea de Turismo Sostenible | El Digital de Asturias","twitter:description":"El presidente de la Federaci\u00f3n Internacional Europarc, Ignace Schops, ha comunicado a la Direcci\u00f3n General de Sostenibilidad del Gobierno de Arag\u00f3n, a la Asociaci\u00f3n de Empresarios Tur\u00edstica del Maestrazgo y al grupo Leader de acci\u00f3n local ADEMA, la concesi\u00f3n por cinco a\u00f1os de la \u201cCarta Europea de Turismo Sostenible en \u00c1reas Protegidas\u201d a los cuatro","twitter:image":"https:\/\/eldigitaldeasturias.com\/magazine365\/wp-content\/uploads\/2018\/10\/imagenes_Monumento_Natural_de_los_Organos_de_Montoro_Eduardo_Vinuales_98ca81cf.jpg"},"aioseo_meta_data":{"post_id":"95526","title":null,"description":null,"keywords":null,"keyphrases":null,"primary_term":null,"canonical_url":null,"og_title":null,"og_description":null,"og_object_type":"default","og_image_type":"default","og_image_url":null,"og_image_width":null,"og_image_height":null,"og_image_custom_url":null,"og_image_custom_fields":null,"og_video":null,"og_custom_url":null,"og_article_section":null,"og_article_tags":null,"twitter_use_og":false,"twitter_card":"default","twitter_image_type":"default","twitter_image_url":null,"twitter_image_custom_url":null,"twitter_image_custom_fields":null,"twitter_title":null,"twitter_description":null,"schema":{"blockGraphs":[],"customGraphs":[],"default":{"data":{"Article":[],"Course":[],"Dataset":[],"FAQPage":[],"Movie":[],"Person":[],"Product":[],"ProductReview":[],"Car":[],"Recipe":[],"Service":[],"SoftwareApplication":[],"WebPage":[]},"graphName":"","isEnabled":true},"graphs":[],"defaultGraph":"","defaultPostTypeGraph":""},"schema_type":null,"schema_type_options":null,"pillar_content":false,"robots_default":true,"robots_noindex":false,"robots_noarchive":false,"robots_nosnippet":false,"robots_nofollow":false,"robots_noimageindex":false,"robots_noodp":false,"robots_notranslate":false,"robots_max_snippet":null,"robots_max_videopreview":null,"robots_max_imagepreview":"large","priority":null,"frequency":null,"location":null,"local_seo":null,"seo_analyzer_scan_date":"2025-09-29 02:36:33","breadcrumb_settings":null,"limit_modified_date":false,"open_ai":null,"ai":null,"created":"2020-12-21 13:53:43","updated":"2025-09-29 02:36:33"},"aioseo_breadcrumb":"<div class=\"aioseo-breadcrumbs\"><span class=\"aioseo-breadcrumb\">\n\t<a href=\"https:\/\/eldigitaldeasturias.com\/magazine365\" title=\"Home\">Home<\/a>\n<\/span><span class=\"aioseo-breadcrumb-separator\">\u2013<\/span><span class=\"aioseo-breadcrumb\">\n\t<a href=\"https:\/\/eldigitaldeasturias.com\/magazine365\/category\/actualidad-turismo\/\" title=\"Actualidad Turismo\">Actualidad Turismo<\/a>\n<\/span><span class=\"aioseo-breadcrumb-separator\">\u2013<\/span><span class=\"aioseo-breadcrumb\">\n\t<a href=\"https:\/\/eldigitaldeasturias.com\/magazine365\/los-monumentos-naturales-del-maestrazgo-reciben-la-carta-europea-de-turismo-sostenible\/\" title=\"Los Monumentos Naturales del Maestrazgo reciben la Carta Europea de Turismo Sostenible\">Los Monumentos Naturales del Maestrazgo reciben la Carta Europea de Turismo Sostenible<\/a>\n<\/span><\/div>","aioseo_breadcrumb_json":[{"label":"Home","link":"https:\/\/eldigitaldeasturias.com\/magazine365"},{"label":"Actualidad Turismo","link":"https:\/\/eldigitaldeasturias.com\/magazine365\/category\/actualidad-turismo\/"},{"label":"Los Monumentos Naturales del Maestrazgo reciben la Carta Europea de Turismo Sostenible","link":"https:\/\/eldigitaldeasturias.com\/magazine365\/los-monumentos-naturales-del-maestrazgo-reciben-la-carta-europea-de-turismo-sostenible\/"}],"_links":{"self":[{"href":"https:\/\/eldigitaldeasturias.com\/magazine365\/wp-json\/wp\/v2\/posts\/95526","targetHints":{"allow":["GET"]}}],"collection":[{"href":"https:\/\/eldigitaldeasturias.com\/magazine365\/wp-json\/wp\/v2\/posts"}],"about":[{"href":"https:\/\/eldigitaldeasturias.com\/magazine365\/wp-json\/wp\/v2\/types\/post"}],"author":[{"embeddable":true,"href":"https:\/\/eldigitaldeasturias.com\/magazine365\/wp-json\/wp\/v2\/users\/1"}],"replies":[{"embeddable":true,"href":"https:\/\/eldigitaldeasturias.com\/magazine365\/wp-json\/wp\/v2\/comments?post=95526"}],"version-history":[{"count":0,"href":"https:\/\/eldigitaldeasturias.com\/magazine365\/wp-json\/wp\/v2\/posts\/95526\/revisions"}],"wp:featuredmedia":[{"embeddable":true,"href":"https:\/\/eldigitaldeasturias.com\/magazine365\/wp-json\/wp\/v2\/media\/95527"}],"wp:attachment":[{"href":"https:\/\/eldigitaldeasturias.com\/magazine365\/wp-json\/wp\/v2\/media?parent=95526"}],"wp:term":[{"taxonomy":"category","embeddable":true,"href":"https:\/\/eldigitaldeasturias.com\/magazine365\/wp-json\/wp\/v2\/categories?post=95526"},{"taxonomy":"post_tag","embeddable":true,"href":"https:\/\/eldigitaldeasturias.com\/magazine365\/wp-json\/wp\/v2\/tags?post=95526"}],"curies":[{"name":"wp","href":"https:\/\/api.w.org\/{rel}","templated":true}]}}