{"id":95412,"date":"2018-10-24T20:13:36","date_gmt":"2018-10-24T20:13:36","guid":{"rendered":"http:\/\/www.eldigitaldeasturias.com\/magazine365\/?p=95412"},"modified":"2018-10-24T20:13:36","modified_gmt":"2018-10-24T20:13:36","slug":"viajar-a-turquia-alemania-endurece-sus-recomendaciones-los-turistas","status":"publish","type":"post","link":"https:\/\/eldigitaldeasturias.com\/magazine365\/viajar-a-turquia-alemania-endurece-sus-recomendaciones-los-turistas\/","title":{"rendered":"Viajar a Turqu\u00eda: Alemania endurece sus recomendaciones los turistas"},"content":{"rendered":"<p><img fetchpriority=\"high\" decoding=\"async\" class=\"alignleft size-medium wp-image-90017\" src=\"http:\/\/www.eldigitaldeasturias.com\/magazine365\/wp-content\/uploads\/2017\/12\/airport-1822133_1280-360x247.jpg\" alt=\"\" width=\"360\" height=\"247\" srcset=\"https:\/\/eldigitaldeasturias.com\/magazine365\/wp-content\/uploads\/2017\/12\/airport-1822133_1280-360x247.jpg 360w, https:\/\/eldigitaldeasturias.com\/magazine365\/wp-content\/uploads\/2017\/12\/airport-1822133_1280-650x446.jpg 650w, https:\/\/eldigitaldeasturias.com\/magazine365\/wp-content\/uploads\/2017\/12\/airport-1822133_1280-768x527.jpg 768w, https:\/\/eldigitaldeasturias.com\/magazine365\/wp-content\/uploads\/2017\/12\/airport-1822133_1280-150x103.jpg 150w, https:\/\/eldigitaldeasturias.com\/magazine365\/wp-content\/uploads\/2017\/12\/airport-1822133_1280-450x309.jpg 450w, https:\/\/eldigitaldeasturias.com\/magazine365\/wp-content\/uploads\/2017\/12\/airport-1822133_1280-1200x823.jpg 1200w, https:\/\/eldigitaldeasturias.com\/magazine365\/wp-content\/uploads\/2017\/12\/airport-1822133_1280.jpg 1280w\" sizes=\"(max-width: 360px) 100vw, 360px\" \/>Berl\u00edn, 24 oct (dpa) &#8211; El Ministerio de Exteriores alem\u00e1n endureci\u00f3 esta semana sus recomendaciones de viaje para Turqu\u00eda y advirti\u00f3 a sus ciudadanos de manera mucho m\u00e1s clara que hasta ahora del peligro de expresar opiniones cr\u00edticas con el Gobierno turco en las redes sociales.<\/p>\n<p>\u00abIncluso las declaraciones amparadas por el derecho alem\u00e1n de la libertad de expresi\u00f3n pueden dar lugar a procesos penales en Turqu\u00eda\u00bb, dice el pasaje actualizado en la p\u00e1gina web del Ministerio de Exteriores.<\/p>\n<p>En casos concretos, el hecho de compartir o darle un \u00abme gusta\u00bb a un comentario ajeno con este tipo de contenido cr\u00edtico ya es suficiente para ser procesado penalmente, indican. \u00abHay que suponer que incluso los comentarios no p\u00fablicos realizados en los medios de comunicaci\u00f3n sociales se transmitir\u00e1n a las autoridades judiciales turcas mediante denuncias an\u00f3nimas\u00bb.<\/p>\n<p>En caso de condena por \u00abinsulto al presidente\u00bb o \u00abpropaganda en favor de una organizaci\u00f3n terrorista\u00bb, las personas afectadas podr\u00edan ser condenadas a varios a\u00f1os de prisi\u00f3n, alerta el ministerio. Otras detenciones se basan en la sospecha de que la persona en cuesti\u00f3n tenga relaciones con una organizaci\u00f3n clasificada como terrorista en Turqu\u00eda, como el movimiento G\u00fclen, se\u00f1alan.<\/p>\n<p>El 20 de julio de 2017, el Gobierno alem\u00e1n endureci\u00f3 dr\u00e1sticamente las recomendaciones de viaje por primera vez como reacci\u00f3n a la detenci\u00f3n del activista alem\u00e1n de derechos humanos Peter Steudtner. Este fue un elemento central de una nueva y m\u00e1s dura pol\u00edtica por parte del Gobierno de Angela Merkel sobre Turqu\u00eda, un destino popular entre los turistas alemanes.<\/p>\n","protected":false},"excerpt":{"rendered":"<p>Berl\u00edn, 24 oct (dpa) &#8211; El Ministerio de Exteriores alem\u00e1n endureci\u00f3 esta semana sus recomendaciones de viaje para Turqu\u00eda y advirti\u00f3 a sus ciudadanos de manera mucho m\u00e1s clara que hasta ahora del peligro de expresar opiniones cr\u00edticas con el Gobierno turco en las redes sociales. \u00abIncluso las declaraciones amparadas por el derecho alem\u00e1n de<\/p>\n","protected":false},"author":1,"featured_media":90017,"comment_status":"closed","ping_status":"closed","sticky":false,"template":"","format":"standard","meta":{"footnotes":""},"categories":[222],"tags":[],"class_list":{"0":"post-95412","1":"post","2":"type-post","3":"status-publish","4":"format-standard","5":"has-post-thumbnail","7":"category-actualidad-turismo"},"aioseo_notices":[],"aioseo_head":"\n\t\t<!-- All in One SEO Pro 4.9.6.1 - aioseo.com -->\n\t<meta name=\"description\" content=\"Berl\u00edn, 24 oct (dpa) - El Ministerio de Exteriores alem\u00e1n endureci\u00f3 esta semana sus recomendaciones de viaje para Turqu\u00eda y advirti\u00f3 a sus ciudadanos de manera mucho m\u00e1s clara que hasta ahora del peligro de expresar opiniones cr\u00edticas con el Gobierno turco en las redes sociales. &quot;Incluso las declaraciones amparadas por el derecho alem\u00e1n de\" \/>\n\t<meta name=\"robots\" content=\"max-image-preview:large\" \/>\n\t<meta name=\"author\" content=\"admin\"\/>\n\t<meta name=\"google-site-verification\" content=\"UA-38556648-1\" \/>\n\t<meta name=\"keywords\" content=\"actualidad turismo\" \/>\n\t<link rel=\"canonical\" href=\"https:\/\/eldigitaldeasturias.com\/magazine365\/viajar-a-turquia-alemania-endurece-sus-recomendaciones-los-turistas\/\" \/>\n\t<meta name=\"generator\" content=\"All in One SEO Pro (AIOSEO) 4.9.6.1\" \/>\n\t\t<meta property=\"og:locale\" content=\"es_ES\" \/>\n\t\t<meta property=\"og:site_name\" content=\"El Digital de Asturias \u2013 Revista de ocio, turismo y estilo de vida\" \/>\n\t\t<meta property=\"og:type\" content=\"article\" \/>\n\t\t<meta property=\"og:title\" content=\"Viajar a Turqu\u00eda: Alemania endurece sus recomendaciones los turistas | El Digital de Asturias\" \/>\n\t\t<meta property=\"og:description\" content=\"Berl\u00edn, 24 oct (dpa) - El Ministerio de Exteriores alem\u00e1n endureci\u00f3 esta semana sus recomendaciones de viaje para Turqu\u00eda y advirti\u00f3 a sus ciudadanos de manera mucho m\u00e1s clara que hasta ahora del peligro de expresar opiniones cr\u00edticas con el Gobierno turco en las redes sociales. &quot;Incluso las declaraciones amparadas por el derecho alem\u00e1n de\" \/>\n\t\t<meta property=\"og:url\" content=\"https:\/\/eldigitaldeasturias.com\/magazine365\/viajar-a-turquia-alemania-endurece-sus-recomendaciones-los-turistas\/\" \/>\n\t\t<meta property=\"og:image\" content=\"https:\/\/eldigitaldeasturias.com\/magazine365\/wp-content\/uploads\/2017\/12\/airport-1822133_1280.jpg\" \/>\n\t\t<meta property=\"og:image:secure_url\" content=\"https:\/\/eldigitaldeasturias.com\/magazine365\/wp-content\/uploads\/2017\/12\/airport-1822133_1280.jpg\" \/>\n\t\t<meta property=\"og:image:width\" content=\"1280\" \/>\n\t\t<meta property=\"og:image:height\" content=\"878\" \/>\n\t\t<meta property=\"article:published_time\" content=\"2018-10-24T20:13:36+00:00\" \/>\n\t\t<meta property=\"article:modified_time\" content=\"2018-10-24T20:13:36+00:00\" \/>\n\t\t<meta name=\"twitter:card\" content=\"summary_large_image\" \/>\n\t\t<meta name=\"twitter:title\" content=\"Viajar a Turqu\u00eda: Alemania endurece sus recomendaciones los turistas | El Digital de Asturias\" \/>\n\t\t<meta name=\"twitter:description\" content=\"Berl\u00edn, 24 oct (dpa) - El Ministerio de Exteriores alem\u00e1n endureci\u00f3 esta semana sus recomendaciones de viaje para Turqu\u00eda y advirti\u00f3 a sus ciudadanos de manera mucho m\u00e1s clara que hasta ahora del peligro de expresar opiniones cr\u00edticas con el Gobierno turco en las redes sociales. &quot;Incluso las declaraciones amparadas por el derecho alem\u00e1n de\" \/>\n\t\t<meta name=\"twitter:image\" content=\"https:\/\/eldigitaldeasturias.com\/magazine365\/wp-content\/uploads\/2017\/12\/airport-1822133_1280.jpg\" \/>\n\t\t<script type=\"application\/ld+json\" class=\"aioseo-schema\">\n\t\t\t{\"@context\":\"https:\\\/\\\/schema.org\",\"@graph\":[{\"@type\":\"Article\",\"@id\":\"https:\\\/\\\/eldigitaldeasturias.com\\\/magazine365\\\/viajar-a-turquia-alemania-endurece-sus-recomendaciones-los-turistas\\\/#article\",\"name\":\"Viajar a Turqu\\u00eda: Alemania endurece sus recomendaciones los turistas | El Digital de Asturias\",\"headline\":\"Viajar a Turqu\\u00eda: Alemania endurece sus recomendaciones los turistas\",\"author\":{\"@id\":\"https:\\\/\\\/eldigitaldeasturias.com\\\/magazine365\\\/author\\\/admin\\\/#author\"},\"publisher\":{\"@id\":\"https:\\\/\\\/eldigitaldeasturias.com\\\/magazine365\\\/#organization\"},\"image\":{\"@type\":\"ImageObject\",\"url\":\"https:\\\/\\\/eldigitaldeasturias.com\\\/magazine365\\\/wp-content\\\/uploads\\\/2017\\\/12\\\/airport-1822133_1280.jpg\",\"width\":1280,\"height\":878},\"datePublished\":\"2018-10-24T20:13:36+02:00\",\"dateModified\":\"2018-10-24T20:13:36+02:00\",\"inLanguage\":\"es-ES\",\"mainEntityOfPage\":{\"@id\":\"https:\\\/\\\/eldigitaldeasturias.com\\\/magazine365\\\/viajar-a-turquia-alemania-endurece-sus-recomendaciones-los-turistas\\\/#webpage\"},\"isPartOf\":{\"@id\":\"https:\\\/\\\/eldigitaldeasturias.com\\\/magazine365\\\/viajar-a-turquia-alemania-endurece-sus-recomendaciones-los-turistas\\\/#webpage\"},\"articleSection\":\"Actualidad Turismo\"},{\"@type\":\"BreadcrumbList\",\"@id\":\"https:\\\/\\\/eldigitaldeasturias.com\\\/magazine365\\\/viajar-a-turquia-alemania-endurece-sus-recomendaciones-los-turistas\\\/#breadcrumblist\",\"itemListElement\":[{\"@type\":\"ListItem\",\"@id\":\"https:\\\/\\\/eldigitaldeasturias.com\\\/magazine365#listItem\",\"position\":1,\"name\":\"Home\",\"item\":\"https:\\\/\\\/eldigitaldeasturias.com\\\/magazine365\",\"nextItem\":{\"@type\":\"ListItem\",\"@id\":\"https:\\\/\\\/eldigitaldeasturias.com\\\/magazine365\\\/category\\\/actualidad-turismo\\\/#listItem\",\"name\":\"Actualidad Turismo\"}},{\"@type\":\"ListItem\",\"@id\":\"https:\\\/\\\/eldigitaldeasturias.com\\\/magazine365\\\/category\\\/actualidad-turismo\\\/#listItem\",\"position\":2,\"name\":\"Actualidad Turismo\",\"item\":\"https:\\\/\\\/eldigitaldeasturias.com\\\/magazine365\\\/category\\\/actualidad-turismo\\\/\",\"nextItem\":{\"@type\":\"ListItem\",\"@id\":\"https:\\\/\\\/eldigitaldeasturias.com\\\/magazine365\\\/viajar-a-turquia-alemania-endurece-sus-recomendaciones-los-turistas\\\/#listItem\",\"name\":\"Viajar a Turqu\\u00eda: Alemania endurece sus recomendaciones los turistas\"},\"previousItem\":{\"@type\":\"ListItem\",\"@id\":\"https:\\\/\\\/eldigitaldeasturias.com\\\/magazine365#listItem\",\"name\":\"Home\"}},{\"@type\":\"ListItem\",\"@id\":\"https:\\\/\\\/eldigitaldeasturias.com\\\/magazine365\\\/viajar-a-turquia-alemania-endurece-sus-recomendaciones-los-turistas\\\/#listItem\",\"position\":3,\"name\":\"Viajar a Turqu\\u00eda: Alemania endurece sus recomendaciones los turistas\",\"previousItem\":{\"@type\":\"ListItem\",\"@id\":\"https:\\\/\\\/eldigitaldeasturias.com\\\/magazine365\\\/category\\\/actualidad-turismo\\\/#listItem\",\"name\":\"Actualidad Turismo\"}}]},{\"@type\":\"Organization\",\"@id\":\"https:\\\/\\\/eldigitaldeasturias.com\\\/magazine365\\\/#organization\",\"name\":\"El digital de Asturias\",\"description\":\"Revista de ocio, turismo y estilo de vida\",\"url\":\"https:\\\/\\\/eldigitaldeasturias.com\\\/magazine365\\\/\",\"logo\":{\"@type\":\"ImageObject\",\"url\":\"https:\\\/\\\/www.eldigitaldeasturias.com\\\/noticias\\\/wp-content\\\/uploads\\\/2020\\\/12\\\/EDA.jpg\",\"@id\":\"https:\\\/\\\/eldigitaldeasturias.com\\\/magazine365\\\/viajar-a-turquia-alemania-endurece-sus-recomendaciones-los-turistas\\\/#organizationLogo\"},\"image\":{\"@id\":\"https:\\\/\\\/eldigitaldeasturias.com\\\/magazine365\\\/viajar-a-turquia-alemania-endurece-sus-recomendaciones-los-turistas\\\/#organizationLogo\"}},{\"@type\":\"Person\",\"@id\":\"https:\\\/\\\/eldigitaldeasturias.com\\\/magazine365\\\/author\\\/admin\\\/#author\",\"url\":\"https:\\\/\\\/eldigitaldeasturias.com\\\/magazine365\\\/author\\\/admin\\\/\",\"name\":\"admin\",\"image\":{\"@type\":\"ImageObject\",\"@id\":\"https:\\\/\\\/eldigitaldeasturias.com\\\/magazine365\\\/viajar-a-turquia-alemania-endurece-sus-recomendaciones-los-turistas\\\/#authorImage\",\"url\":\"https:\\\/\\\/eldigitaldeasturias.com\\\/magazine365\\\/wp-content\\\/litespeed\\\/avatar\\\/e571bcf59a0edd6fa6838245a470f2fe.jpg?ver=1777574230\",\"width\":96,\"height\":96,\"caption\":\"admin\"}},{\"@type\":\"WebPage\",\"@id\":\"https:\\\/\\\/eldigitaldeasturias.com\\\/magazine365\\\/viajar-a-turquia-alemania-endurece-sus-recomendaciones-los-turistas\\\/#webpage\",\"url\":\"https:\\\/\\\/eldigitaldeasturias.com\\\/magazine365\\\/viajar-a-turquia-alemania-endurece-sus-recomendaciones-los-turistas\\\/\",\"name\":\"Viajar a Turqu\\u00eda: Alemania endurece sus recomendaciones los turistas | El Digital de Asturias\",\"description\":\"Berl\\u00edn, 24 oct (dpa) - El Ministerio de Exteriores alem\\u00e1n endureci\\u00f3 esta semana sus recomendaciones de viaje para Turqu\\u00eda y advirti\\u00f3 a sus ciudadanos de manera mucho m\\u00e1s clara que hasta ahora del peligro de expresar opiniones cr\\u00edticas con el Gobierno turco en las redes sociales. \\\"Incluso las declaraciones amparadas por el derecho alem\\u00e1n de\",\"inLanguage\":\"es-ES\",\"isPartOf\":{\"@id\":\"https:\\\/\\\/eldigitaldeasturias.com\\\/magazine365\\\/#website\"},\"breadcrumb\":{\"@id\":\"https:\\\/\\\/eldigitaldeasturias.com\\\/magazine365\\\/viajar-a-turquia-alemania-endurece-sus-recomendaciones-los-turistas\\\/#breadcrumblist\"},\"author\":{\"@id\":\"https:\\\/\\\/eldigitaldeasturias.com\\\/magazine365\\\/author\\\/admin\\\/#author\"},\"creator\":{\"@id\":\"https:\\\/\\\/eldigitaldeasturias.com\\\/magazine365\\\/author\\\/admin\\\/#author\"},\"image\":{\"@type\":\"ImageObject\",\"url\":\"https:\\\/\\\/eldigitaldeasturias.com\\\/magazine365\\\/wp-content\\\/uploads\\\/2017\\\/12\\\/airport-1822133_1280.jpg\",\"@id\":\"https:\\\/\\\/eldigitaldeasturias.com\\\/magazine365\\\/viajar-a-turquia-alemania-endurece-sus-recomendaciones-los-turistas\\\/#mainImage\",\"width\":1280,\"height\":878},\"primaryImageOfPage\":{\"@id\":\"https:\\\/\\\/eldigitaldeasturias.com\\\/magazine365\\\/viajar-a-turquia-alemania-endurece-sus-recomendaciones-los-turistas\\\/#mainImage\"},\"datePublished\":\"2018-10-24T20:13:36+02:00\",\"dateModified\":\"2018-10-24T20:13:36+02:00\"},{\"@type\":\"WebSite\",\"@id\":\"https:\\\/\\\/eldigitaldeasturias.com\\\/magazine365\\\/#website\",\"url\":\"https:\\\/\\\/eldigitaldeasturias.com\\\/magazine365\\\/\",\"name\":\"El Digital de Asturias\",\"description\":\"Revista de ocio, turismo y estilo de vida\",\"inLanguage\":\"es-ES\",\"publisher\":{\"@id\":\"https:\\\/\\\/eldigitaldeasturias.com\\\/magazine365\\\/#organization\"}}]}\n\t\t<\/script>\n\t\t<!-- All in One SEO Pro -->\r\n\t\t<title>Viajar a Turqu\u00eda: Alemania endurece sus recomendaciones los turistas | El Digital de Asturias<\/title>\n\n","aioseo_head_json":{"title":"Viajar a Turqu\u00eda: Alemania endurece sus recomendaciones los turistas | El Digital de Asturias","description":"Berl\u00edn, 24 oct (dpa) - El Ministerio de Exteriores alem\u00e1n endureci\u00f3 esta semana sus recomendaciones de viaje para Turqu\u00eda y advirti\u00f3 a sus ciudadanos de manera mucho m\u00e1s clara que hasta ahora del peligro de expresar opiniones cr\u00edticas con el Gobierno turco en las redes sociales. \"Incluso las declaraciones amparadas por el derecho alem\u00e1n de","canonical_url":"https:\/\/eldigitaldeasturias.com\/magazine365\/viajar-a-turquia-alemania-endurece-sus-recomendaciones-los-turistas\/","robots":"max-image-preview:large","keywords":"actualidad turismo","webmasterTools":{"google-site-verification":"UA-38556648-1","miscellaneous":""},"schema":{"@context":"https:\/\/schema.org","@graph":[{"@type":"Article","@id":"https:\/\/eldigitaldeasturias.com\/magazine365\/viajar-a-turquia-alemania-endurece-sus-recomendaciones-los-turistas\/#article","name":"Viajar a Turqu\u00eda: Alemania endurece sus recomendaciones los turistas | El Digital de Asturias","headline":"Viajar a Turqu\u00eda: Alemania endurece sus recomendaciones los turistas","author":{"@id":"https:\/\/eldigitaldeasturias.com\/magazine365\/author\/admin\/#author"},"publisher":{"@id":"https:\/\/eldigitaldeasturias.com\/magazine365\/#organization"},"image":{"@type":"ImageObject","url":"https:\/\/eldigitaldeasturias.com\/magazine365\/wp-content\/uploads\/2017\/12\/airport-1822133_1280.jpg","width":1280,"height":878},"datePublished":"2018-10-24T20:13:36+02:00","dateModified":"2018-10-24T20:13:36+02:00","inLanguage":"es-ES","mainEntityOfPage":{"@id":"https:\/\/eldigitaldeasturias.com\/magazine365\/viajar-a-turquia-alemania-endurece-sus-recomendaciones-los-turistas\/#webpage"},"isPartOf":{"@id":"https:\/\/eldigitaldeasturias.com\/magazine365\/viajar-a-turquia-alemania-endurece-sus-recomendaciones-los-turistas\/#webpage"},"articleSection":"Actualidad Turismo"},{"@type":"BreadcrumbList","@id":"https:\/\/eldigitaldeasturias.com\/magazine365\/viajar-a-turquia-alemania-endurece-sus-recomendaciones-los-turistas\/#breadcrumblist","itemListElement":[{"@type":"ListItem","@id":"https:\/\/eldigitaldeasturias.com\/magazine365#listItem","position":1,"name":"Home","item":"https:\/\/eldigitaldeasturias.com\/magazine365","nextItem":{"@type":"ListItem","@id":"https:\/\/eldigitaldeasturias.com\/magazine365\/category\/actualidad-turismo\/#listItem","name":"Actualidad Turismo"}},{"@type":"ListItem","@id":"https:\/\/eldigitaldeasturias.com\/magazine365\/category\/actualidad-turismo\/#listItem","position":2,"name":"Actualidad Turismo","item":"https:\/\/eldigitaldeasturias.com\/magazine365\/category\/actualidad-turismo\/","nextItem":{"@type":"ListItem","@id":"https:\/\/eldigitaldeasturias.com\/magazine365\/viajar-a-turquia-alemania-endurece-sus-recomendaciones-los-turistas\/#listItem","name":"Viajar a Turqu\u00eda: Alemania endurece sus recomendaciones los turistas"},"previousItem":{"@type":"ListItem","@id":"https:\/\/eldigitaldeasturias.com\/magazine365#listItem","name":"Home"}},{"@type":"ListItem","@id":"https:\/\/eldigitaldeasturias.com\/magazine365\/viajar-a-turquia-alemania-endurece-sus-recomendaciones-los-turistas\/#listItem","position":3,"name":"Viajar a Turqu\u00eda: Alemania endurece sus recomendaciones los turistas","previousItem":{"@type":"ListItem","@id":"https:\/\/eldigitaldeasturias.com\/magazine365\/category\/actualidad-turismo\/#listItem","name":"Actualidad Turismo"}}]},{"@type":"Organization","@id":"https:\/\/eldigitaldeasturias.com\/magazine365\/#organization","name":"El digital de Asturias","description":"Revista de ocio, turismo y estilo de vida","url":"https:\/\/eldigitaldeasturias.com\/magazine365\/","logo":{"@type":"ImageObject","url":"https:\/\/www.eldigitaldeasturias.com\/noticias\/wp-content\/uploads\/2020\/12\/EDA.jpg","@id":"https:\/\/eldigitaldeasturias.com\/magazine365\/viajar-a-turquia-alemania-endurece-sus-recomendaciones-los-turistas\/#organizationLogo"},"image":{"@id":"https:\/\/eldigitaldeasturias.com\/magazine365\/viajar-a-turquia-alemania-endurece-sus-recomendaciones-los-turistas\/#organizationLogo"}},{"@type":"Person","@id":"https:\/\/eldigitaldeasturias.com\/magazine365\/author\/admin\/#author","url":"https:\/\/eldigitaldeasturias.com\/magazine365\/author\/admin\/","name":"admin","image":{"@type":"ImageObject","@id":"https:\/\/eldigitaldeasturias.com\/magazine365\/viajar-a-turquia-alemania-endurece-sus-recomendaciones-los-turistas\/#authorImage","url":"https:\/\/eldigitaldeasturias.com\/magazine365\/wp-content\/litespeed\/avatar\/e571bcf59a0edd6fa6838245a470f2fe.jpg?ver=1777574230","width":96,"height":96,"caption":"admin"}},{"@type":"WebPage","@id":"https:\/\/eldigitaldeasturias.com\/magazine365\/viajar-a-turquia-alemania-endurece-sus-recomendaciones-los-turistas\/#webpage","url":"https:\/\/eldigitaldeasturias.com\/magazine365\/viajar-a-turquia-alemania-endurece-sus-recomendaciones-los-turistas\/","name":"Viajar a Turqu\u00eda: Alemania endurece sus recomendaciones los turistas | El Digital de Asturias","description":"Berl\u00edn, 24 oct (dpa) - El Ministerio de Exteriores alem\u00e1n endureci\u00f3 esta semana sus recomendaciones de viaje para Turqu\u00eda y advirti\u00f3 a sus ciudadanos de manera mucho m\u00e1s clara que hasta ahora del peligro de expresar opiniones cr\u00edticas con el Gobierno turco en las redes sociales. \"Incluso las declaraciones amparadas por el derecho alem\u00e1n de","inLanguage":"es-ES","isPartOf":{"@id":"https:\/\/eldigitaldeasturias.com\/magazine365\/#website"},"breadcrumb":{"@id":"https:\/\/eldigitaldeasturias.com\/magazine365\/viajar-a-turquia-alemania-endurece-sus-recomendaciones-los-turistas\/#breadcrumblist"},"author":{"@id":"https:\/\/eldigitaldeasturias.com\/magazine365\/author\/admin\/#author"},"creator":{"@id":"https:\/\/eldigitaldeasturias.com\/magazine365\/author\/admin\/#author"},"image":{"@type":"ImageObject","url":"https:\/\/eldigitaldeasturias.com\/magazine365\/wp-content\/uploads\/2017\/12\/airport-1822133_1280.jpg","@id":"https:\/\/eldigitaldeasturias.com\/magazine365\/viajar-a-turquia-alemania-endurece-sus-recomendaciones-los-turistas\/#mainImage","width":1280,"height":878},"primaryImageOfPage":{"@id":"https:\/\/eldigitaldeasturias.com\/magazine365\/viajar-a-turquia-alemania-endurece-sus-recomendaciones-los-turistas\/#mainImage"},"datePublished":"2018-10-24T20:13:36+02:00","dateModified":"2018-10-24T20:13:36+02:00"},{"@type":"WebSite","@id":"https:\/\/eldigitaldeasturias.com\/magazine365\/#website","url":"https:\/\/eldigitaldeasturias.com\/magazine365\/","name":"El Digital de Asturias","description":"Revista de ocio, turismo y estilo de vida","inLanguage":"es-ES","publisher":{"@id":"https:\/\/eldigitaldeasturias.com\/magazine365\/#organization"}}]},"og:locale":"es_ES","og:site_name":"El Digital de Asturias \u2013 Revista de ocio, turismo y estilo de vida","og:type":"article","og:title":"Viajar a Turqu\u00eda: Alemania endurece sus recomendaciones los turistas | El Digital de Asturias","og:description":"Berl\u00edn, 24 oct (dpa) - El Ministerio de Exteriores alem\u00e1n endureci\u00f3 esta semana sus recomendaciones de viaje para Turqu\u00eda y advirti\u00f3 a sus ciudadanos de manera mucho m\u00e1s clara que hasta ahora del peligro de expresar opiniones cr\u00edticas con el Gobierno turco en las redes sociales. &quot;Incluso las declaraciones amparadas por el derecho alem\u00e1n de","og:url":"https:\/\/eldigitaldeasturias.com\/magazine365\/viajar-a-turquia-alemania-endurece-sus-recomendaciones-los-turistas\/","og:image":"https:\/\/eldigitaldeasturias.com\/magazine365\/wp-content\/uploads\/2017\/12\/airport-1822133_1280.jpg","og:image:secure_url":"https:\/\/eldigitaldeasturias.com\/magazine365\/wp-content\/uploads\/2017\/12\/airport-1822133_1280.jpg","og:image:width":1280,"og:image:height":878,"article:published_time":"2018-10-24T20:13:36+00:00","article:modified_time":"2018-10-24T20:13:36+00:00","twitter:card":"summary_large_image","twitter:title":"Viajar a Turqu\u00eda: Alemania endurece sus recomendaciones los turistas | El Digital de Asturias","twitter:description":"Berl\u00edn, 24 oct (dpa) - El Ministerio de Exteriores alem\u00e1n endureci\u00f3 esta semana sus recomendaciones de viaje para Turqu\u00eda y advirti\u00f3 a sus ciudadanos de manera mucho m\u00e1s clara que hasta ahora del peligro de expresar opiniones cr\u00edticas con el Gobierno turco en las redes sociales. &quot;Incluso las declaraciones amparadas por el derecho alem\u00e1n de","twitter:image":"https:\/\/eldigitaldeasturias.com\/magazine365\/wp-content\/uploads\/2017\/12\/airport-1822133_1280.jpg"},"aioseo_meta_data":{"post_id":"95412","title":null,"description":null,"keywords":null,"keyphrases":null,"primary_term":null,"canonical_url":null,"og_title":null,"og_description":null,"og_object_type":"default","og_image_type":"default","og_image_url":null,"og_image_width":null,"og_image_height":null,"og_image_custom_url":null,"og_image_custom_fields":null,"og_video":null,"og_custom_url":null,"og_article_section":null,"og_article_tags":null,"twitter_use_og":false,"twitter_card":"default","twitter_image_type":"default","twitter_image_url":null,"twitter_image_custom_url":null,"twitter_image_custom_fields":null,"twitter_title":null,"twitter_description":null,"schema":{"blockGraphs":[],"customGraphs":[],"default":{"data":{"Article":[],"Course":[],"Dataset":[],"FAQPage":[],"Movie":[],"Person":[],"Product":[],"ProductReview":[],"Car":[],"Recipe":[],"Service":[],"SoftwareApplication":[],"WebPage":[]},"graphName":"","isEnabled":true},"graphs":[],"defaultGraph":"","defaultPostTypeGraph":""},"schema_type":null,"schema_type_options":null,"pillar_content":false,"robots_default":true,"robots_noindex":false,"robots_noarchive":false,"robots_nosnippet":false,"robots_nofollow":false,"robots_noimageindex":false,"robots_noodp":false,"robots_notranslate":false,"robots_max_snippet":null,"robots_max_videopreview":null,"robots_max_imagepreview":"large","priority":null,"frequency":null,"location":null,"local_seo":null,"seo_analyzer_scan_date":"2025-09-29 02:22:50","breadcrumb_settings":null,"limit_modified_date":false,"open_ai":null,"ai":null,"created":"2020-12-21 13:53:52","updated":"2025-09-29 02:22:50"},"aioseo_breadcrumb":"<div class=\"aioseo-breadcrumbs\"><span class=\"aioseo-breadcrumb\">\n\t<a href=\"https:\/\/eldigitaldeasturias.com\/magazine365\" title=\"Home\">Home<\/a>\n<\/span><span class=\"aioseo-breadcrumb-separator\">\u2013<\/span><span class=\"aioseo-breadcrumb\">\n\t<a href=\"https:\/\/eldigitaldeasturias.com\/magazine365\/category\/actualidad-turismo\/\" title=\"Actualidad Turismo\">Actualidad Turismo<\/a>\n<\/span><span class=\"aioseo-breadcrumb-separator\">\u2013<\/span><span class=\"aioseo-breadcrumb\">\n\t<a href=\"https:\/\/eldigitaldeasturias.com\/magazine365\/viajar-a-turquia-alemania-endurece-sus-recomendaciones-los-turistas\/\" title=\"Viajar a Turqu\u00eda: Alemania endurece sus recomendaciones los turistas\">Viajar a Turqu\u00eda: Alemania endurece sus recomendaciones los turistas<\/a>\n<\/span><\/div>","aioseo_breadcrumb_json":[{"label":"Home","link":"https:\/\/eldigitaldeasturias.com\/magazine365"},{"label":"Actualidad Turismo","link":"https:\/\/eldigitaldeasturias.com\/magazine365\/category\/actualidad-turismo\/"},{"label":"Viajar a Turqu\u00eda: Alemania endurece sus recomendaciones los turistas","link":"https:\/\/eldigitaldeasturias.com\/magazine365\/viajar-a-turquia-alemania-endurece-sus-recomendaciones-los-turistas\/"}],"_links":{"self":[{"href":"https:\/\/eldigitaldeasturias.com\/magazine365\/wp-json\/wp\/v2\/posts\/95412","targetHints":{"allow":["GET"]}}],"collection":[{"href":"https:\/\/eldigitaldeasturias.com\/magazine365\/wp-json\/wp\/v2\/posts"}],"about":[{"href":"https:\/\/eldigitaldeasturias.com\/magazine365\/wp-json\/wp\/v2\/types\/post"}],"author":[{"embeddable":true,"href":"https:\/\/eldigitaldeasturias.com\/magazine365\/wp-json\/wp\/v2\/users\/1"}],"replies":[{"embeddable":true,"href":"https:\/\/eldigitaldeasturias.com\/magazine365\/wp-json\/wp\/v2\/comments?post=95412"}],"version-history":[{"count":0,"href":"https:\/\/eldigitaldeasturias.com\/magazine365\/wp-json\/wp\/v2\/posts\/95412\/revisions"}],"wp:featuredmedia":[{"embeddable":true,"href":"https:\/\/eldigitaldeasturias.com\/magazine365\/wp-json\/wp\/v2\/media\/90017"}],"wp:attachment":[{"href":"https:\/\/eldigitaldeasturias.com\/magazine365\/wp-json\/wp\/v2\/media?parent=95412"}],"wp:term":[{"taxonomy":"category","embeddable":true,"href":"https:\/\/eldigitaldeasturias.com\/magazine365\/wp-json\/wp\/v2\/categories?post=95412"},{"taxonomy":"post_tag","embeddable":true,"href":"https:\/\/eldigitaldeasturias.com\/magazine365\/wp-json\/wp\/v2\/tags?post=95412"}],"curies":[{"name":"wp","href":"https:\/\/api.w.org\/{rel}","templated":true}]}}