{"id":95249,"date":"2018-10-14T00:19:21","date_gmt":"2018-10-14T00:19:21","guid":{"rendered":"http:\/\/www.eldigitaldeasturias.com\/magazine365\/?p=95249"},"modified":"2018-10-14T00:19:21","modified_gmt":"2018-10-14T00:19:21","slug":"este-verano-se-han-retrasado-o-cancelado-mas-de-9-300-vuelos","status":"publish","type":"post","link":"https:\/\/eldigitaldeasturias.com\/magazine365\/este-verano-se-han-retrasado-o-cancelado-mas-de-9-300-vuelos\/","title":{"rendered":"Este verano se han retrasado o cancelado m\u00e1s de 9.300 vuelos"},"content":{"rendered":"<p><img fetchpriority=\"high\" decoding=\"async\" class=\"alignleft size-medium wp-image-94286\" src=\"http:\/\/www.eldigitaldeasturias.com\/magazine365\/wp-content\/uploads\/2018\/08\/1535450472_airport_2373727640-360x240.jpg\" alt=\"\" width=\"360\" height=\"240\" srcset=\"https:\/\/eldigitaldeasturias.com\/magazine365\/wp-content\/uploads\/2018\/08\/1535450472_airport_2373727640-360x240.jpg 360w, https:\/\/eldigitaldeasturias.com\/magazine365\/wp-content\/uploads\/2018\/08\/1535450472_airport_2373727640-150x100.jpg 150w, https:\/\/eldigitaldeasturias.com\/magazine365\/wp-content\/uploads\/2018\/08\/1535450472_airport_2373727640-450x300.jpg 450w, https:\/\/eldigitaldeasturias.com\/magazine365\/wp-content\/uploads\/2018\/08\/1535450472_airport_2373727640-631x420.jpg 631w, https:\/\/eldigitaldeasturias.com\/magazine365\/wp-content\/uploads\/2018\/08\/1535450472_airport_2373727640.jpg 640w\" sizes=\"(max-width: 360px) 100vw, 360px\" \/>Seg\u00fan datos facilitados por\u00a0AirHelp, la plataforma online l\u00edder que ayuda a los viajeros en todas las compensaciones por retrasos, cancelaciones o denegaciones de embarque de las compa\u00f1\u00edas a\u00e9reas, este verano se han retrasado o cancelado m\u00e1s de 9.300 vuelos, cantidad cuatro veces superior a la del a\u00f1o pasado y de 2016, por la que los pasajeros tendr\u00edan derecho a una compensaci\u00f3n econ\u00f3mica. Esta cifra es muy superior a los cerca de 1.500 vuelos afectados por cancelaciones o retrasos que sufrieron los pasajeros en 2015; de igual modo, los pasajeros afectados tendr\u00edan tambi\u00e9n derecho a una compensaci\u00f3n econ\u00f3mica.<\/p>\n<p>En cuanto a los pasajeros a\u00e9reos que han sufrido retrasos o cancelaciones de vuelo este verano, la cifra es cercana al 1.200.000 de personas; cantidad muy superior a los m\u00e1s de 350.000 afectados por incidencias a\u00e9reas en 2017 y los m\u00e1s de 180.000 pasajeros que sufrieron incidencias a\u00e9reas en 2015.<\/p>\n<p><strong>Septiembre 2018: el mejor mes del verano<\/strong><\/p>\n<p>A pesar de que los espa\u00f1oles han sufrido un verano ca\u00f3tico a nivel a\u00e9reo, el pasado mes de septiembre ha sido el mes con menos interrupciones a\u00e9reas del verano de los \u00faltimos cuatro a\u00f1os; con poco m\u00e1s de 153.000 pasajeros afectados por vuelos retrasado o cancelados; cantidad muy inferior a los cerca de 400.000 viajeros afectados en junio de este a\u00f1o.<\/p>\n<p>En cuanto a las aerol\u00edneas que han sufrido un mayor n\u00famero de retrasos o cancelaciones este verano, se encuentra Vueling Airlines con m\u00e1s de 12.800 vuelos afectados, seguido de Ryanair con m\u00e1s de 10.100 vuelos afectados. Iberia ocupa la posici\u00f3n tercera de este ranking con m\u00e1s de 8.100 vuelos afectados, seguida de EasyJet.<\/p>\n<p><strong>Peores destinos del verano<\/strong><\/p>\n<p>Los destinos m\u00e1s afectados de los \u00faltimos cuatro a\u00f1o son Barcelona, Madrid y Londres Gatwick; independientemente de esto, este verano se ha sumado a la lista Palma de Mallorca y Frankfurt; mientras que el verano pasado estaba Palma de Mallorca y Lisboa. Sin embargo, en 2016 esta lista tambi\u00e9n la completaban destinos como Palma de Mallorca y Dusseldorf y en 2015 adem\u00e1s de Palma de Mallorca estaba \u00c1msterdam.<\/p>\n<p>En cuanto al d\u00eda con mayor tr\u00e1fico a\u00e9reo de este verano, sin duda fue el domingo 29 de julio con cerca de 3.200 vuelos afectados; cantidad superior a los peores d\u00edas de los \u00faltimos cuatro veranos. Cabe destacar que los dos \u00faltimos veranos los d\u00edas con mayor n\u00famero de vuelos retrasados o cancelados fueron en julio, mientras que en 2016 y 2015, los d\u00edas con mayores incidentes a\u00e9reos se recogieron en agosto.<\/p>\n<p>Desde\u00a0AirHelp, Paloma Salmer\u00f3n, directora de Comunicaci\u00f3n Global de la compa\u00f1\u00eda, recuerda que \u201ccuando los vuelos sufren retrasos, cancelaciones o con denegaciones de embarque, los pasajeros tienen derecho a recibir una compensaci\u00f3n de hasta 600 euros por persona y trayecto, siempre que el vuelo provenga desde la Uni\u00f3n Europea, o aterrice en la Uni\u00f3n Europea con una aerol\u00ednea Europea, y la raz\u00f3n de la incidencia est\u00e9 causada por la aerol\u00ednea\u201d. Este derecho, lo pueden ejercer los pasajeros hasta tres a\u00f1os despu\u00e9s a sufrir alg\u00fan percance con su vuelo.<\/p>\n<p>A principios de 2018, AirHelp lanz\u00f3 una nueva herramienta para ayudar a los viajeros a conocer los vuelos con derecho a una compensaci\u00f3n. Esta funcionalidad permite al usuario saber las indemnizaciones a las que tendr\u00eda derecho por vuelos cancelados o retrasados, y verificarlo hasta tres a\u00f1os despu\u00e9s, simplemente conectando la bandeja de entrada del e-mail del viajero con\u00a0<span style=\"color: #ff6600;\"><strong><a style=\"color: #ff6600;\" href=\"https:\/\/www.airhelp.com\/es\/?utm_source=pressRelease&amp;utm_medium=pr&amp;utm_campaign=Money_owed_HA_outreach_project_es_es&amp;utm_term=na&amp;utm_content=na\" target=\"_blank\" rel=\"nofollow noopener\">AirHelp.com<\/a><\/strong><\/span>. Adem\u00e1s, la aplicaci\u00f3n analizar\u00e1 a su vez cualquier problema en un vuelo futuro, lo que permitir\u00e1 al pasajero saber si tiene derecho a una compensaci\u00f3n o no.<\/p>\n","protected":false},"excerpt":{"rendered":"<p>Seg\u00fan datos facilitados por\u00a0AirHelp, la plataforma online l\u00edder que ayuda a los viajeros en todas las compensaciones por retrasos, cancelaciones o denegaciones de embarque de las compa\u00f1\u00edas a\u00e9reas, este verano se han retrasado o cancelado m\u00e1s de 9.300 vuelos, cantidad cuatro veces superior a la del a\u00f1o pasado y de 2016, por la que los<\/p>\n","protected":false},"author":1,"featured_media":94286,"comment_status":"closed","ping_status":"closed","sticky":false,"template":"","format":"standard","meta":{"footnotes":""},"categories":[222],"tags":[],"class_list":{"0":"post-95249","1":"post","2":"type-post","3":"status-publish","4":"format-standard","5":"has-post-thumbnail","7":"category-actualidad-turismo"},"aioseo_notices":[],"aioseo_head":"\n\t\t<!-- All in One SEO Pro 4.9.6.1 - aioseo.com -->\n\t<meta name=\"description\" content=\"Seg\u00fan datos facilitados por AirHelp, la plataforma online l\u00edder que ayuda a los viajeros en todas las compensaciones por retrasos, cancelaciones o denegaciones de embarque de las compa\u00f1\u00edas a\u00e9reas, este verano se han retrasado o cancelado m\u00e1s de 9.300 vuelos, cantidad cuatro veces superior a la del a\u00f1o pasado y de 2016, por la que los\" \/>\n\t<meta name=\"robots\" content=\"max-image-preview:large\" \/>\n\t<meta name=\"author\" content=\"admin\"\/>\n\t<meta name=\"google-site-verification\" content=\"UA-38556648-1\" \/>\n\t<meta name=\"keywords\" content=\"actualidad turismo\" \/>\n\t<link rel=\"canonical\" href=\"https:\/\/eldigitaldeasturias.com\/magazine365\/este-verano-se-han-retrasado-o-cancelado-mas-de-9-300-vuelos\/\" \/>\n\t<meta name=\"generator\" content=\"All in One SEO Pro (AIOSEO) 4.9.6.1\" \/>\n\t\t<meta property=\"og:locale\" content=\"es_ES\" \/>\n\t\t<meta property=\"og:site_name\" content=\"El Digital de Asturias \u2013 Revista de ocio, turismo y estilo de vida\" \/>\n\t\t<meta property=\"og:type\" content=\"article\" \/>\n\t\t<meta property=\"og:title\" content=\"Este verano se han retrasado o cancelado m\u00e1s de 9.300 vuelos | El Digital de Asturias\" \/>\n\t\t<meta property=\"og:description\" content=\"Seg\u00fan datos facilitados por AirHelp, la plataforma online l\u00edder que ayuda a los viajeros en todas las compensaciones por retrasos, cancelaciones o denegaciones de embarque de las compa\u00f1\u00edas a\u00e9reas, este verano se han retrasado o cancelado m\u00e1s de 9.300 vuelos, cantidad cuatro veces superior a la del a\u00f1o pasado y de 2016, por la que los\" \/>\n\t\t<meta property=\"og:url\" content=\"https:\/\/eldigitaldeasturias.com\/magazine365\/este-verano-se-han-retrasado-o-cancelado-mas-de-9-300-vuelos\/\" \/>\n\t\t<meta property=\"og:image\" content=\"https:\/\/eldigitaldeasturias.com\/magazine365\/wp-content\/uploads\/2018\/08\/1535450472_airport_2373727640.jpg\" \/>\n\t\t<meta property=\"og:image:secure_url\" content=\"https:\/\/eldigitaldeasturias.com\/magazine365\/wp-content\/uploads\/2018\/08\/1535450472_airport_2373727640.jpg\" \/>\n\t\t<meta property=\"og:image:width\" content=\"640\" \/>\n\t\t<meta property=\"og:image:height\" content=\"426\" \/>\n\t\t<meta property=\"article:published_time\" content=\"2018-10-14T00:19:21+00:00\" \/>\n\t\t<meta property=\"article:modified_time\" content=\"2018-10-14T00:19:21+00:00\" \/>\n\t\t<meta name=\"twitter:card\" content=\"summary_large_image\" \/>\n\t\t<meta name=\"twitter:title\" content=\"Este verano se han retrasado o cancelado m\u00e1s de 9.300 vuelos | El Digital de Asturias\" \/>\n\t\t<meta name=\"twitter:description\" content=\"Seg\u00fan datos facilitados por AirHelp, la plataforma online l\u00edder que ayuda a los viajeros en todas las compensaciones por retrasos, cancelaciones o denegaciones de embarque de las compa\u00f1\u00edas a\u00e9reas, este verano se han retrasado o cancelado m\u00e1s de 9.300 vuelos, cantidad cuatro veces superior a la del a\u00f1o pasado y de 2016, por la que los\" \/>\n\t\t<meta name=\"twitter:image\" content=\"https:\/\/eldigitaldeasturias.com\/magazine365\/wp-content\/uploads\/2018\/08\/1535450472_airport_2373727640.jpg\" \/>\n\t\t<script type=\"application\/ld+json\" class=\"aioseo-schema\">\n\t\t\t{\"@context\":\"https:\\\/\\\/schema.org\",\"@graph\":[{\"@type\":\"Article\",\"@id\":\"https:\\\/\\\/eldigitaldeasturias.com\\\/magazine365\\\/este-verano-se-han-retrasado-o-cancelado-mas-de-9-300-vuelos\\\/#article\",\"name\":\"Este verano se han retrasado o cancelado m\\u00e1s de 9.300 vuelos | El Digital de Asturias\",\"headline\":\"Este verano se han retrasado o cancelado m\\u00e1s de 9.300 vuelos\",\"author\":{\"@id\":\"https:\\\/\\\/eldigitaldeasturias.com\\\/magazine365\\\/author\\\/admin\\\/#author\"},\"publisher\":{\"@id\":\"https:\\\/\\\/eldigitaldeasturias.com\\\/magazine365\\\/#organization\"},\"image\":{\"@type\":\"ImageObject\",\"url\":\"https:\\\/\\\/eldigitaldeasturias.com\\\/magazine365\\\/wp-content\\\/uploads\\\/2018\\\/08\\\/1535450472_airport_2373727640.jpg\",\"width\":640,\"height\":426},\"datePublished\":\"2018-10-14T00:19:21+02:00\",\"dateModified\":\"2018-10-14T00:19:21+02:00\",\"inLanguage\":\"es-ES\",\"mainEntityOfPage\":{\"@id\":\"https:\\\/\\\/eldigitaldeasturias.com\\\/magazine365\\\/este-verano-se-han-retrasado-o-cancelado-mas-de-9-300-vuelos\\\/#webpage\"},\"isPartOf\":{\"@id\":\"https:\\\/\\\/eldigitaldeasturias.com\\\/magazine365\\\/este-verano-se-han-retrasado-o-cancelado-mas-de-9-300-vuelos\\\/#webpage\"},\"articleSection\":\"Actualidad Turismo\"},{\"@type\":\"BreadcrumbList\",\"@id\":\"https:\\\/\\\/eldigitaldeasturias.com\\\/magazine365\\\/este-verano-se-han-retrasado-o-cancelado-mas-de-9-300-vuelos\\\/#breadcrumblist\",\"itemListElement\":[{\"@type\":\"ListItem\",\"@id\":\"https:\\\/\\\/eldigitaldeasturias.com\\\/magazine365#listItem\",\"position\":1,\"name\":\"Home\",\"item\":\"https:\\\/\\\/eldigitaldeasturias.com\\\/magazine365\",\"nextItem\":{\"@type\":\"ListItem\",\"@id\":\"https:\\\/\\\/eldigitaldeasturias.com\\\/magazine365\\\/category\\\/actualidad-turismo\\\/#listItem\",\"name\":\"Actualidad Turismo\"}},{\"@type\":\"ListItem\",\"@id\":\"https:\\\/\\\/eldigitaldeasturias.com\\\/magazine365\\\/category\\\/actualidad-turismo\\\/#listItem\",\"position\":2,\"name\":\"Actualidad Turismo\",\"item\":\"https:\\\/\\\/eldigitaldeasturias.com\\\/magazine365\\\/category\\\/actualidad-turismo\\\/\",\"nextItem\":{\"@type\":\"ListItem\",\"@id\":\"https:\\\/\\\/eldigitaldeasturias.com\\\/magazine365\\\/este-verano-se-han-retrasado-o-cancelado-mas-de-9-300-vuelos\\\/#listItem\",\"name\":\"Este verano se han retrasado o cancelado m\\u00e1s de 9.300 vuelos\"},\"previousItem\":{\"@type\":\"ListItem\",\"@id\":\"https:\\\/\\\/eldigitaldeasturias.com\\\/magazine365#listItem\",\"name\":\"Home\"}},{\"@type\":\"ListItem\",\"@id\":\"https:\\\/\\\/eldigitaldeasturias.com\\\/magazine365\\\/este-verano-se-han-retrasado-o-cancelado-mas-de-9-300-vuelos\\\/#listItem\",\"position\":3,\"name\":\"Este verano se han retrasado o cancelado m\\u00e1s de 9.300 vuelos\",\"previousItem\":{\"@type\":\"ListItem\",\"@id\":\"https:\\\/\\\/eldigitaldeasturias.com\\\/magazine365\\\/category\\\/actualidad-turismo\\\/#listItem\",\"name\":\"Actualidad Turismo\"}}]},{\"@type\":\"Organization\",\"@id\":\"https:\\\/\\\/eldigitaldeasturias.com\\\/magazine365\\\/#organization\",\"name\":\"El digital de Asturias\",\"description\":\"Revista de ocio, turismo y estilo de vida\",\"url\":\"https:\\\/\\\/eldigitaldeasturias.com\\\/magazine365\\\/\",\"logo\":{\"@type\":\"ImageObject\",\"url\":\"https:\\\/\\\/www.eldigitaldeasturias.com\\\/noticias\\\/wp-content\\\/uploads\\\/2020\\\/12\\\/EDA.jpg\",\"@id\":\"https:\\\/\\\/eldigitaldeasturias.com\\\/magazine365\\\/este-verano-se-han-retrasado-o-cancelado-mas-de-9-300-vuelos\\\/#organizationLogo\"},\"image\":{\"@id\":\"https:\\\/\\\/eldigitaldeasturias.com\\\/magazine365\\\/este-verano-se-han-retrasado-o-cancelado-mas-de-9-300-vuelos\\\/#organizationLogo\"}},{\"@type\":\"Person\",\"@id\":\"https:\\\/\\\/eldigitaldeasturias.com\\\/magazine365\\\/author\\\/admin\\\/#author\",\"url\":\"https:\\\/\\\/eldigitaldeasturias.com\\\/magazine365\\\/author\\\/admin\\\/\",\"name\":\"admin\",\"image\":{\"@type\":\"ImageObject\",\"@id\":\"https:\\\/\\\/eldigitaldeasturias.com\\\/magazine365\\\/este-verano-se-han-retrasado-o-cancelado-mas-de-9-300-vuelos\\\/#authorImage\",\"url\":\"https:\\\/\\\/eldigitaldeasturias.com\\\/magazine365\\\/wp-content\\\/litespeed\\\/avatar\\\/e571bcf59a0edd6fa6838245a470f2fe.jpg?ver=1777574230\",\"width\":96,\"height\":96,\"caption\":\"admin\"}},{\"@type\":\"WebPage\",\"@id\":\"https:\\\/\\\/eldigitaldeasturias.com\\\/magazine365\\\/este-verano-se-han-retrasado-o-cancelado-mas-de-9-300-vuelos\\\/#webpage\",\"url\":\"https:\\\/\\\/eldigitaldeasturias.com\\\/magazine365\\\/este-verano-se-han-retrasado-o-cancelado-mas-de-9-300-vuelos\\\/\",\"name\":\"Este verano se han retrasado o cancelado m\\u00e1s de 9.300 vuelos | El Digital de Asturias\",\"description\":\"Seg\\u00fan datos facilitados por AirHelp, la plataforma online l\\u00edder que ayuda a los viajeros en todas las compensaciones por retrasos, cancelaciones o denegaciones de embarque de las compa\\u00f1\\u00edas a\\u00e9reas, este verano se han retrasado o cancelado m\\u00e1s de 9.300 vuelos, cantidad cuatro veces superior a la del a\\u00f1o pasado y de 2016, por la que los\",\"inLanguage\":\"es-ES\",\"isPartOf\":{\"@id\":\"https:\\\/\\\/eldigitaldeasturias.com\\\/magazine365\\\/#website\"},\"breadcrumb\":{\"@id\":\"https:\\\/\\\/eldigitaldeasturias.com\\\/magazine365\\\/este-verano-se-han-retrasado-o-cancelado-mas-de-9-300-vuelos\\\/#breadcrumblist\"},\"author\":{\"@id\":\"https:\\\/\\\/eldigitaldeasturias.com\\\/magazine365\\\/author\\\/admin\\\/#author\"},\"creator\":{\"@id\":\"https:\\\/\\\/eldigitaldeasturias.com\\\/magazine365\\\/author\\\/admin\\\/#author\"},\"image\":{\"@type\":\"ImageObject\",\"url\":\"https:\\\/\\\/eldigitaldeasturias.com\\\/magazine365\\\/wp-content\\\/uploads\\\/2018\\\/08\\\/1535450472_airport_2373727640.jpg\",\"@id\":\"https:\\\/\\\/eldigitaldeasturias.com\\\/magazine365\\\/este-verano-se-han-retrasado-o-cancelado-mas-de-9-300-vuelos\\\/#mainImage\",\"width\":640,\"height\":426},\"primaryImageOfPage\":{\"@id\":\"https:\\\/\\\/eldigitaldeasturias.com\\\/magazine365\\\/este-verano-se-han-retrasado-o-cancelado-mas-de-9-300-vuelos\\\/#mainImage\"},\"datePublished\":\"2018-10-14T00:19:21+02:00\",\"dateModified\":\"2018-10-14T00:19:21+02:00\"},{\"@type\":\"WebSite\",\"@id\":\"https:\\\/\\\/eldigitaldeasturias.com\\\/magazine365\\\/#website\",\"url\":\"https:\\\/\\\/eldigitaldeasturias.com\\\/magazine365\\\/\",\"name\":\"El Digital de Asturias\",\"description\":\"Revista de ocio, turismo y estilo de vida\",\"inLanguage\":\"es-ES\",\"publisher\":{\"@id\":\"https:\\\/\\\/eldigitaldeasturias.com\\\/magazine365\\\/#organization\"}}]}\n\t\t<\/script>\n\t\t<!-- All in One SEO Pro -->\r\n\t\t<title>Este verano se han retrasado o cancelado m\u00e1s de 9.300 vuelos | El Digital de Asturias<\/title>\n\n","aioseo_head_json":{"title":"Este verano se han retrasado o cancelado m\u00e1s de 9.300 vuelos | El Digital de Asturias","description":"Seg\u00fan datos facilitados por AirHelp, la plataforma online l\u00edder que ayuda a los viajeros en todas las compensaciones por retrasos, cancelaciones o denegaciones de embarque de las compa\u00f1\u00edas a\u00e9reas, este verano se han retrasado o cancelado m\u00e1s de 9.300 vuelos, cantidad cuatro veces superior a la del a\u00f1o pasado y de 2016, por la que los","canonical_url":"https:\/\/eldigitaldeasturias.com\/magazine365\/este-verano-se-han-retrasado-o-cancelado-mas-de-9-300-vuelos\/","robots":"max-image-preview:large","keywords":"actualidad turismo","webmasterTools":{"google-site-verification":"UA-38556648-1","miscellaneous":""},"schema":{"@context":"https:\/\/schema.org","@graph":[{"@type":"Article","@id":"https:\/\/eldigitaldeasturias.com\/magazine365\/este-verano-se-han-retrasado-o-cancelado-mas-de-9-300-vuelos\/#article","name":"Este verano se han retrasado o cancelado m\u00e1s de 9.300 vuelos | El Digital de Asturias","headline":"Este verano se han retrasado o cancelado m\u00e1s de 9.300 vuelos","author":{"@id":"https:\/\/eldigitaldeasturias.com\/magazine365\/author\/admin\/#author"},"publisher":{"@id":"https:\/\/eldigitaldeasturias.com\/magazine365\/#organization"},"image":{"@type":"ImageObject","url":"https:\/\/eldigitaldeasturias.com\/magazine365\/wp-content\/uploads\/2018\/08\/1535450472_airport_2373727640.jpg","width":640,"height":426},"datePublished":"2018-10-14T00:19:21+02:00","dateModified":"2018-10-14T00:19:21+02:00","inLanguage":"es-ES","mainEntityOfPage":{"@id":"https:\/\/eldigitaldeasturias.com\/magazine365\/este-verano-se-han-retrasado-o-cancelado-mas-de-9-300-vuelos\/#webpage"},"isPartOf":{"@id":"https:\/\/eldigitaldeasturias.com\/magazine365\/este-verano-se-han-retrasado-o-cancelado-mas-de-9-300-vuelos\/#webpage"},"articleSection":"Actualidad Turismo"},{"@type":"BreadcrumbList","@id":"https:\/\/eldigitaldeasturias.com\/magazine365\/este-verano-se-han-retrasado-o-cancelado-mas-de-9-300-vuelos\/#breadcrumblist","itemListElement":[{"@type":"ListItem","@id":"https:\/\/eldigitaldeasturias.com\/magazine365#listItem","position":1,"name":"Home","item":"https:\/\/eldigitaldeasturias.com\/magazine365","nextItem":{"@type":"ListItem","@id":"https:\/\/eldigitaldeasturias.com\/magazine365\/category\/actualidad-turismo\/#listItem","name":"Actualidad Turismo"}},{"@type":"ListItem","@id":"https:\/\/eldigitaldeasturias.com\/magazine365\/category\/actualidad-turismo\/#listItem","position":2,"name":"Actualidad Turismo","item":"https:\/\/eldigitaldeasturias.com\/magazine365\/category\/actualidad-turismo\/","nextItem":{"@type":"ListItem","@id":"https:\/\/eldigitaldeasturias.com\/magazine365\/este-verano-se-han-retrasado-o-cancelado-mas-de-9-300-vuelos\/#listItem","name":"Este verano se han retrasado o cancelado m\u00e1s de 9.300 vuelos"},"previousItem":{"@type":"ListItem","@id":"https:\/\/eldigitaldeasturias.com\/magazine365#listItem","name":"Home"}},{"@type":"ListItem","@id":"https:\/\/eldigitaldeasturias.com\/magazine365\/este-verano-se-han-retrasado-o-cancelado-mas-de-9-300-vuelos\/#listItem","position":3,"name":"Este verano se han retrasado o cancelado m\u00e1s de 9.300 vuelos","previousItem":{"@type":"ListItem","@id":"https:\/\/eldigitaldeasturias.com\/magazine365\/category\/actualidad-turismo\/#listItem","name":"Actualidad Turismo"}}]},{"@type":"Organization","@id":"https:\/\/eldigitaldeasturias.com\/magazine365\/#organization","name":"El digital de Asturias","description":"Revista de ocio, turismo y estilo de vida","url":"https:\/\/eldigitaldeasturias.com\/magazine365\/","logo":{"@type":"ImageObject","url":"https:\/\/www.eldigitaldeasturias.com\/noticias\/wp-content\/uploads\/2020\/12\/EDA.jpg","@id":"https:\/\/eldigitaldeasturias.com\/magazine365\/este-verano-se-han-retrasado-o-cancelado-mas-de-9-300-vuelos\/#organizationLogo"},"image":{"@id":"https:\/\/eldigitaldeasturias.com\/magazine365\/este-verano-se-han-retrasado-o-cancelado-mas-de-9-300-vuelos\/#organizationLogo"}},{"@type":"Person","@id":"https:\/\/eldigitaldeasturias.com\/magazine365\/author\/admin\/#author","url":"https:\/\/eldigitaldeasturias.com\/magazine365\/author\/admin\/","name":"admin","image":{"@type":"ImageObject","@id":"https:\/\/eldigitaldeasturias.com\/magazine365\/este-verano-se-han-retrasado-o-cancelado-mas-de-9-300-vuelos\/#authorImage","url":"https:\/\/eldigitaldeasturias.com\/magazine365\/wp-content\/litespeed\/avatar\/e571bcf59a0edd6fa6838245a470f2fe.jpg?ver=1777574230","width":96,"height":96,"caption":"admin"}},{"@type":"WebPage","@id":"https:\/\/eldigitaldeasturias.com\/magazine365\/este-verano-se-han-retrasado-o-cancelado-mas-de-9-300-vuelos\/#webpage","url":"https:\/\/eldigitaldeasturias.com\/magazine365\/este-verano-se-han-retrasado-o-cancelado-mas-de-9-300-vuelos\/","name":"Este verano se han retrasado o cancelado m\u00e1s de 9.300 vuelos | El Digital de Asturias","description":"Seg\u00fan datos facilitados por AirHelp, la plataforma online l\u00edder que ayuda a los viajeros en todas las compensaciones por retrasos, cancelaciones o denegaciones de embarque de las compa\u00f1\u00edas a\u00e9reas, este verano se han retrasado o cancelado m\u00e1s de 9.300 vuelos, cantidad cuatro veces superior a la del a\u00f1o pasado y de 2016, por la que los","inLanguage":"es-ES","isPartOf":{"@id":"https:\/\/eldigitaldeasturias.com\/magazine365\/#website"},"breadcrumb":{"@id":"https:\/\/eldigitaldeasturias.com\/magazine365\/este-verano-se-han-retrasado-o-cancelado-mas-de-9-300-vuelos\/#breadcrumblist"},"author":{"@id":"https:\/\/eldigitaldeasturias.com\/magazine365\/author\/admin\/#author"},"creator":{"@id":"https:\/\/eldigitaldeasturias.com\/magazine365\/author\/admin\/#author"},"image":{"@type":"ImageObject","url":"https:\/\/eldigitaldeasturias.com\/magazine365\/wp-content\/uploads\/2018\/08\/1535450472_airport_2373727640.jpg","@id":"https:\/\/eldigitaldeasturias.com\/magazine365\/este-verano-se-han-retrasado-o-cancelado-mas-de-9-300-vuelos\/#mainImage","width":640,"height":426},"primaryImageOfPage":{"@id":"https:\/\/eldigitaldeasturias.com\/magazine365\/este-verano-se-han-retrasado-o-cancelado-mas-de-9-300-vuelos\/#mainImage"},"datePublished":"2018-10-14T00:19:21+02:00","dateModified":"2018-10-14T00:19:21+02:00"},{"@type":"WebSite","@id":"https:\/\/eldigitaldeasturias.com\/magazine365\/#website","url":"https:\/\/eldigitaldeasturias.com\/magazine365\/","name":"El Digital de Asturias","description":"Revista de ocio, turismo y estilo de vida","inLanguage":"es-ES","publisher":{"@id":"https:\/\/eldigitaldeasturias.com\/magazine365\/#organization"}}]},"og:locale":"es_ES","og:site_name":"El Digital de Asturias \u2013 Revista de ocio, turismo y estilo de vida","og:type":"article","og:title":"Este verano se han retrasado o cancelado m\u00e1s de 9.300 vuelos | El Digital de Asturias","og:description":"Seg\u00fan datos facilitados por AirHelp, la plataforma online l\u00edder que ayuda a los viajeros en todas las compensaciones por retrasos, cancelaciones o denegaciones de embarque de las compa\u00f1\u00edas a\u00e9reas, este verano se han retrasado o cancelado m\u00e1s de 9.300 vuelos, cantidad cuatro veces superior a la del a\u00f1o pasado y de 2016, por la que los","og:url":"https:\/\/eldigitaldeasturias.com\/magazine365\/este-verano-se-han-retrasado-o-cancelado-mas-de-9-300-vuelos\/","og:image":"https:\/\/eldigitaldeasturias.com\/magazine365\/wp-content\/uploads\/2018\/08\/1535450472_airport_2373727640.jpg","og:image:secure_url":"https:\/\/eldigitaldeasturias.com\/magazine365\/wp-content\/uploads\/2018\/08\/1535450472_airport_2373727640.jpg","og:image:width":640,"og:image:height":426,"article:published_time":"2018-10-14T00:19:21+00:00","article:modified_time":"2018-10-14T00:19:21+00:00","twitter:card":"summary_large_image","twitter:title":"Este verano se han retrasado o cancelado m\u00e1s de 9.300 vuelos | El Digital de Asturias","twitter:description":"Seg\u00fan datos facilitados por AirHelp, la plataforma online l\u00edder que ayuda a los viajeros en todas las compensaciones por retrasos, cancelaciones o denegaciones de embarque de las compa\u00f1\u00edas a\u00e9reas, este verano se han retrasado o cancelado m\u00e1s de 9.300 vuelos, cantidad cuatro veces superior a la del a\u00f1o pasado y de 2016, por la que los","twitter:image":"https:\/\/eldigitaldeasturias.com\/magazine365\/wp-content\/uploads\/2018\/08\/1535450472_airport_2373727640.jpg"},"aioseo_meta_data":{"post_id":"95249","title":null,"description":null,"keywords":null,"keyphrases":null,"primary_term":null,"canonical_url":null,"og_title":null,"og_description":null,"og_object_type":"default","og_image_type":"default","og_image_url":null,"og_image_width":null,"og_image_height":null,"og_image_custom_url":null,"og_image_custom_fields":null,"og_video":null,"og_custom_url":null,"og_article_section":null,"og_article_tags":null,"twitter_use_og":false,"twitter_card":"default","twitter_image_type":"default","twitter_image_url":null,"twitter_image_custom_url":null,"twitter_image_custom_fields":null,"twitter_title":null,"twitter_description":null,"schema":{"blockGraphs":[],"customGraphs":[],"default":{"data":{"Article":[],"Course":[],"Dataset":[],"FAQPage":[],"Movie":[],"Person":[],"Product":[],"ProductReview":[],"Car":[],"Recipe":[],"Service":[],"SoftwareApplication":[],"WebPage":[]},"graphName":"","isEnabled":true},"graphs":[],"defaultGraph":"","defaultPostTypeGraph":""},"schema_type":null,"schema_type_options":null,"pillar_content":false,"robots_default":true,"robots_noindex":false,"robots_noarchive":false,"robots_nosnippet":false,"robots_nofollow":false,"robots_noimageindex":false,"robots_noodp":false,"robots_notranslate":false,"robots_max_snippet":null,"robots_max_videopreview":null,"robots_max_imagepreview":"large","priority":null,"frequency":null,"location":null,"local_seo":null,"seo_analyzer_scan_date":"2025-09-29 02:01:17","breadcrumb_settings":null,"limit_modified_date":false,"open_ai":null,"ai":null,"created":"2020-12-21 13:54:25","updated":"2025-09-29 02:01:17"},"aioseo_breadcrumb":"<div class=\"aioseo-breadcrumbs\"><span class=\"aioseo-breadcrumb\">\n\t<a href=\"https:\/\/eldigitaldeasturias.com\/magazine365\" title=\"Home\">Home<\/a>\n<\/span><span class=\"aioseo-breadcrumb-separator\">\u2013<\/span><span class=\"aioseo-breadcrumb\">\n\t<a href=\"https:\/\/eldigitaldeasturias.com\/magazine365\/category\/actualidad-turismo\/\" title=\"Actualidad Turismo\">Actualidad Turismo<\/a>\n<\/span><span class=\"aioseo-breadcrumb-separator\">\u2013<\/span><span class=\"aioseo-breadcrumb\">\n\t<a href=\"https:\/\/eldigitaldeasturias.com\/magazine365\/este-verano-se-han-retrasado-o-cancelado-mas-de-9-300-vuelos\/\" title=\"Este verano se han retrasado o cancelado m\u00e1s de 9.300 vuelos\">Este verano se han retrasado o cancelado m\u00e1s de 9.300 vuelos<\/a>\n<\/span><\/div>","aioseo_breadcrumb_json":[{"label":"Home","link":"https:\/\/eldigitaldeasturias.com\/magazine365"},{"label":"Actualidad Turismo","link":"https:\/\/eldigitaldeasturias.com\/magazine365\/category\/actualidad-turismo\/"},{"label":"Este verano se han retrasado o cancelado m\u00e1s de 9.300 vuelos","link":"https:\/\/eldigitaldeasturias.com\/magazine365\/este-verano-se-han-retrasado-o-cancelado-mas-de-9-300-vuelos\/"}],"_links":{"self":[{"href":"https:\/\/eldigitaldeasturias.com\/magazine365\/wp-json\/wp\/v2\/posts\/95249","targetHints":{"allow":["GET"]}}],"collection":[{"href":"https:\/\/eldigitaldeasturias.com\/magazine365\/wp-json\/wp\/v2\/posts"}],"about":[{"href":"https:\/\/eldigitaldeasturias.com\/magazine365\/wp-json\/wp\/v2\/types\/post"}],"author":[{"embeddable":true,"href":"https:\/\/eldigitaldeasturias.com\/magazine365\/wp-json\/wp\/v2\/users\/1"}],"replies":[{"embeddable":true,"href":"https:\/\/eldigitaldeasturias.com\/magazine365\/wp-json\/wp\/v2\/comments?post=95249"}],"version-history":[{"count":0,"href":"https:\/\/eldigitaldeasturias.com\/magazine365\/wp-json\/wp\/v2\/posts\/95249\/revisions"}],"wp:featuredmedia":[{"embeddable":true,"href":"https:\/\/eldigitaldeasturias.com\/magazine365\/wp-json\/wp\/v2\/media\/94286"}],"wp:attachment":[{"href":"https:\/\/eldigitaldeasturias.com\/magazine365\/wp-json\/wp\/v2\/media?parent=95249"}],"wp:term":[{"taxonomy":"category","embeddable":true,"href":"https:\/\/eldigitaldeasturias.com\/magazine365\/wp-json\/wp\/v2\/categories?post=95249"},{"taxonomy":"post_tag","embeddable":true,"href":"https:\/\/eldigitaldeasturias.com\/magazine365\/wp-json\/wp\/v2\/tags?post=95249"}],"curies":[{"name":"wp","href":"https:\/\/api.w.org\/{rel}","templated":true}]}}