{"id":95171,"date":"2018-10-07T03:32:57","date_gmt":"2018-10-07T03:32:57","guid":{"rendered":"http:\/\/www.eldigitaldeasturias.com\/magazine365\/?p=95171"},"modified":"2018-10-07T03:32:57","modified_gmt":"2018-10-07T03:32:57","slug":"aumenta-la-ocupacion-hotelera-rural-segun-el-ine","status":"publish","type":"post","link":"https:\/\/eldigitaldeasturias.com\/magazine365\/aumenta-la-ocupacion-hotelera-rural-segun-el-ine\/","title":{"rendered":"Aumenta la ocupaci\u00f3n hotelera rural seg\u00fan el INE"},"content":{"rendered":"<p><img fetchpriority=\"high\" decoding=\"async\" class=\"alignleft size-medium wp-image-95172\" src=\"http:\/\/www.eldigitaldeasturias.com\/magazine365\/wp-content\/uploads\/2018\/10\/1538565912_photo_1470158499416_75be9aa0c4db-200x300.jpg\" alt=\"\" width=\"200\" height=\"300\" srcset=\"https:\/\/eldigitaldeasturias.com\/magazine365\/wp-content\/uploads\/2018\/10\/1538565912_photo_1470158499416_75be9aa0c4db-200x300.jpg 200w, https:\/\/eldigitaldeasturias.com\/magazine365\/wp-content\/uploads\/2018\/10\/1538565912_photo_1470158499416_75be9aa0c4db-427x640.jpg 427w, https:\/\/eldigitaldeasturias.com\/magazine365\/wp-content\/uploads\/2018\/10\/1538565912_photo_1470158499416_75be9aa0c4db-150x225.jpg 150w, https:\/\/eldigitaldeasturias.com\/magazine365\/wp-content\/uploads\/2018\/10\/1538565912_photo_1470158499416_75be9aa0c4db-450x675.jpg 450w, https:\/\/eldigitaldeasturias.com\/magazine365\/wp-content\/uploads\/2018\/10\/1538565912_photo_1470158499416_75be9aa0c4db-280x420.jpg 280w, https:\/\/eldigitaldeasturias.com\/magazine365\/wp-content\/uploads\/2018\/10\/1538565912_photo_1470158499416_75be9aa0c4db.jpg 634w\" sizes=\"(max-width: 200px) 100vw, 200px\" \/>El n\u00famero de reservas online de alojamientos situados al aire libre ha aumentado un 40% en nuestro pa\u00eds durante los meses de julio y agosto con respecto al a\u00f1o anterior, seg\u00fan la plataforma de b\u00fasqueda y reservas Pitchup.com. Cada vez son m\u00e1s los turistas franceses, alemanes o italianos, entre otros, que apuestan por disfrutar de la naturaleza espa\u00f1ola durante su periodo de descanso.<\/p>\n<p>La encuesta de ocupaci\u00f3n de alojamientos tur\u00edsticos extrahoteleros del Instituto Nacional de Estad\u00edstica indic\u00f3 que el pasado mes de julio hubo un 1,4% m\u00e1s de turistas que apostaron por este tipo de hospedaje que el mes de a\u00f1o anterior. Uno de los lugares m\u00e1s demandados ha sido Catalu\u00f1a con 2.735 reservas, seguido de la Comunidad Valencia con 1.55 3 y por \u00faltimo Andaluc\u00eda con 1.295. Razones de salud y sobre todo la tranquilidad propia de los medios naturales son algunas de las razones m\u00e1s destacadas por las que los viajeros deciden apostar por esta nueva opci\u00f3n.<\/p>\n<p>La gran cantidad de opciones que actualmente se encuentran a disposici\u00f3n de cualquier usuario han propiciado el aumento de la popularidad de los lugares rurales entre los extranjeros. El lujo y la comodidad ya son compatibles con disfrutar de la naturaleza. Por ello, tambi\u00e9n son m\u00e1s quienes actualmente deciden aprovechar estas escapadas para llevar a cabo alg\u00fan tipo de encuentro en un\u00a0<a href=\"https:\/\/fincaelpuente.com\/la-finca\/\" target=\"_blank\" rel=\"noopener\"><span style=\"color: #ff6600;\"><strong>sal\u00f3n de celebraciones<\/strong><\/span><\/a>. La gaditana\u00a0<a href=\"https:\/\/fincaelpuente.com\/\" target=\"_blank\" rel=\"noopener\"><strong><span style=\"color: #ff6600;\">Finca el Puente<\/span><\/strong><\/a><strong><span style=\"color: #ff6600;\">\u00a0<\/span><\/strong>recibe cada vez m\u00e1s visitas que han decidido crear un evento a partir de su paso por la sierra de C\u00e1diz.<\/p>\n<p>Gracias a ello, t\u00e9rminos como el glamping, combinaci\u00f3n de glamour y camping, se encuentran en proceso de afianzamiento. Seg\u00fan los pron\u00f3sticos esta pr\u00e1ctica pasar\u00e1 a ser &#8216;trendy&#8217; en 2019.<\/p>\n","protected":false},"excerpt":{"rendered":"<p>El n\u00famero de reservas online de alojamientos situados al aire libre ha aumentado un 40% en nuestro pa\u00eds durante los meses de julio y agosto con respecto al a\u00f1o anterior, seg\u00fan la plataforma de b\u00fasqueda y reservas Pitchup.com. Cada vez son m\u00e1s los turistas franceses, alemanes o italianos, entre otros, que apuestan por disfrutar de<\/p>\n","protected":false},"author":1,"featured_media":95172,"comment_status":"closed","ping_status":"closed","sticky":false,"template":"","format":"standard","meta":{"footnotes":""},"categories":[222],"tags":[],"class_list":{"0":"post-95171","1":"post","2":"type-post","3":"status-publish","4":"format-standard","5":"has-post-thumbnail","7":"category-actualidad-turismo"},"aioseo_notices":[],"aioseo_head":"\n\t\t<!-- All in One SEO Pro 4.9.6.1 - aioseo.com -->\n\t<meta name=\"description\" content=\"El n\u00famero de reservas online de alojamientos situados al aire libre ha aumentado un 40% en nuestro pa\u00eds durante los meses de julio y agosto con respecto al a\u00f1o anterior, seg\u00fan la plataforma de b\u00fasqueda y reservas Pitchup.com. Cada vez son m\u00e1s los turistas franceses, alemanes o italianos, entre otros, que apuestan por disfrutar de\" \/>\n\t<meta name=\"robots\" content=\"max-image-preview:large\" \/>\n\t<meta name=\"author\" content=\"admin\"\/>\n\t<meta name=\"google-site-verification\" content=\"UA-38556648-1\" \/>\n\t<meta name=\"keywords\" content=\"actualidad turismo\" \/>\n\t<link rel=\"canonical\" href=\"https:\/\/eldigitaldeasturias.com\/magazine365\/aumenta-la-ocupacion-hotelera-rural-segun-el-ine\/\" \/>\n\t<meta name=\"generator\" content=\"All in One SEO Pro (AIOSEO) 4.9.6.1\" \/>\n\t\t<meta property=\"og:locale\" content=\"es_ES\" \/>\n\t\t<meta property=\"og:site_name\" content=\"El Digital de Asturias \u2013 Revista de ocio, turismo y estilo de vida\" \/>\n\t\t<meta property=\"og:type\" content=\"article\" \/>\n\t\t<meta property=\"og:title\" content=\"Aumenta la ocupaci\u00f3n hotelera rural seg\u00fan el INE | El Digital de Asturias\" \/>\n\t\t<meta property=\"og:description\" content=\"El n\u00famero de reservas online de alojamientos situados al aire libre ha aumentado un 40% en nuestro pa\u00eds durante los meses de julio y agosto con respecto al a\u00f1o anterior, seg\u00fan la plataforma de b\u00fasqueda y reservas Pitchup.com. Cada vez son m\u00e1s los turistas franceses, alemanes o italianos, entre otros, que apuestan por disfrutar de\" \/>\n\t\t<meta property=\"og:url\" content=\"https:\/\/eldigitaldeasturias.com\/magazine365\/aumenta-la-ocupacion-hotelera-rural-segun-el-ine\/\" \/>\n\t\t<meta property=\"og:image\" content=\"https:\/\/eldigitaldeasturias.com\/magazine365\/wp-content\/uploads\/2018\/10\/1538565912_photo_1470158499416_75be9aa0c4db.jpg\" \/>\n\t\t<meta property=\"og:image:secure_url\" content=\"https:\/\/eldigitaldeasturias.com\/magazine365\/wp-content\/uploads\/2018\/10\/1538565912_photo_1470158499416_75be9aa0c4db.jpg\" \/>\n\t\t<meta property=\"og:image:width\" content=\"634\" \/>\n\t\t<meta property=\"og:image:height\" content=\"951\" \/>\n\t\t<meta property=\"article:published_time\" content=\"2018-10-07T03:32:57+00:00\" \/>\n\t\t<meta property=\"article:modified_time\" content=\"2018-10-07T03:32:57+00:00\" \/>\n\t\t<meta name=\"twitter:card\" content=\"summary_large_image\" \/>\n\t\t<meta name=\"twitter:title\" content=\"Aumenta la ocupaci\u00f3n hotelera rural seg\u00fan el INE | El Digital de Asturias\" \/>\n\t\t<meta name=\"twitter:description\" content=\"El n\u00famero de reservas online de alojamientos situados al aire libre ha aumentado un 40% en nuestro pa\u00eds durante los meses de julio y agosto con respecto al a\u00f1o anterior, seg\u00fan la plataforma de b\u00fasqueda y reservas Pitchup.com. Cada vez son m\u00e1s los turistas franceses, alemanes o italianos, entre otros, que apuestan por disfrutar de\" \/>\n\t\t<meta name=\"twitter:image\" content=\"https:\/\/eldigitaldeasturias.com\/magazine365\/wp-content\/uploads\/2018\/10\/1538565912_photo_1470158499416_75be9aa0c4db.jpg\" \/>\n\t\t<script type=\"application\/ld+json\" class=\"aioseo-schema\">\n\t\t\t{\"@context\":\"https:\\\/\\\/schema.org\",\"@graph\":[{\"@type\":\"Article\",\"@id\":\"https:\\\/\\\/eldigitaldeasturias.com\\\/magazine365\\\/aumenta-la-ocupacion-hotelera-rural-segun-el-ine\\\/#article\",\"name\":\"Aumenta la ocupaci\\u00f3n hotelera rural seg\\u00fan el INE | El Digital de Asturias\",\"headline\":\"Aumenta la ocupaci\\u00f3n hotelera rural seg\\u00fan el INE\",\"author\":{\"@id\":\"https:\\\/\\\/eldigitaldeasturias.com\\\/magazine365\\\/author\\\/admin\\\/#author\"},\"publisher\":{\"@id\":\"https:\\\/\\\/eldigitaldeasturias.com\\\/magazine365\\\/#organization\"},\"image\":{\"@type\":\"ImageObject\",\"url\":\"https:\\\/\\\/eldigitaldeasturias.com\\\/magazine365\\\/wp-content\\\/uploads\\\/2018\\\/10\\\/1538565912_photo_1470158499416_75be9aa0c4db.jpg\",\"width\":634,\"height\":951},\"datePublished\":\"2018-10-07T03:32:57+02:00\",\"dateModified\":\"2018-10-07T03:32:57+02:00\",\"inLanguage\":\"es-ES\",\"mainEntityOfPage\":{\"@id\":\"https:\\\/\\\/eldigitaldeasturias.com\\\/magazine365\\\/aumenta-la-ocupacion-hotelera-rural-segun-el-ine\\\/#webpage\"},\"isPartOf\":{\"@id\":\"https:\\\/\\\/eldigitaldeasturias.com\\\/magazine365\\\/aumenta-la-ocupacion-hotelera-rural-segun-el-ine\\\/#webpage\"},\"articleSection\":\"Actualidad Turismo\"},{\"@type\":\"BreadcrumbList\",\"@id\":\"https:\\\/\\\/eldigitaldeasturias.com\\\/magazine365\\\/aumenta-la-ocupacion-hotelera-rural-segun-el-ine\\\/#breadcrumblist\",\"itemListElement\":[{\"@type\":\"ListItem\",\"@id\":\"https:\\\/\\\/eldigitaldeasturias.com\\\/magazine365#listItem\",\"position\":1,\"name\":\"Home\",\"item\":\"https:\\\/\\\/eldigitaldeasturias.com\\\/magazine365\",\"nextItem\":{\"@type\":\"ListItem\",\"@id\":\"https:\\\/\\\/eldigitaldeasturias.com\\\/magazine365\\\/category\\\/actualidad-turismo\\\/#listItem\",\"name\":\"Actualidad Turismo\"}},{\"@type\":\"ListItem\",\"@id\":\"https:\\\/\\\/eldigitaldeasturias.com\\\/magazine365\\\/category\\\/actualidad-turismo\\\/#listItem\",\"position\":2,\"name\":\"Actualidad Turismo\",\"item\":\"https:\\\/\\\/eldigitaldeasturias.com\\\/magazine365\\\/category\\\/actualidad-turismo\\\/\",\"nextItem\":{\"@type\":\"ListItem\",\"@id\":\"https:\\\/\\\/eldigitaldeasturias.com\\\/magazine365\\\/aumenta-la-ocupacion-hotelera-rural-segun-el-ine\\\/#listItem\",\"name\":\"Aumenta la ocupaci\\u00f3n hotelera rural seg\\u00fan el INE\"},\"previousItem\":{\"@type\":\"ListItem\",\"@id\":\"https:\\\/\\\/eldigitaldeasturias.com\\\/magazine365#listItem\",\"name\":\"Home\"}},{\"@type\":\"ListItem\",\"@id\":\"https:\\\/\\\/eldigitaldeasturias.com\\\/magazine365\\\/aumenta-la-ocupacion-hotelera-rural-segun-el-ine\\\/#listItem\",\"position\":3,\"name\":\"Aumenta la ocupaci\\u00f3n hotelera rural seg\\u00fan el INE\",\"previousItem\":{\"@type\":\"ListItem\",\"@id\":\"https:\\\/\\\/eldigitaldeasturias.com\\\/magazine365\\\/category\\\/actualidad-turismo\\\/#listItem\",\"name\":\"Actualidad Turismo\"}}]},{\"@type\":\"Organization\",\"@id\":\"https:\\\/\\\/eldigitaldeasturias.com\\\/magazine365\\\/#organization\",\"name\":\"El digital de Asturias\",\"description\":\"Revista de ocio, turismo y estilo de vida\",\"url\":\"https:\\\/\\\/eldigitaldeasturias.com\\\/magazine365\\\/\",\"logo\":{\"@type\":\"ImageObject\",\"url\":\"https:\\\/\\\/www.eldigitaldeasturias.com\\\/noticias\\\/wp-content\\\/uploads\\\/2020\\\/12\\\/EDA.jpg\",\"@id\":\"https:\\\/\\\/eldigitaldeasturias.com\\\/magazine365\\\/aumenta-la-ocupacion-hotelera-rural-segun-el-ine\\\/#organizationLogo\"},\"image\":{\"@id\":\"https:\\\/\\\/eldigitaldeasturias.com\\\/magazine365\\\/aumenta-la-ocupacion-hotelera-rural-segun-el-ine\\\/#organizationLogo\"}},{\"@type\":\"Person\",\"@id\":\"https:\\\/\\\/eldigitaldeasturias.com\\\/magazine365\\\/author\\\/admin\\\/#author\",\"url\":\"https:\\\/\\\/eldigitaldeasturias.com\\\/magazine365\\\/author\\\/admin\\\/\",\"name\":\"admin\",\"image\":{\"@type\":\"ImageObject\",\"@id\":\"https:\\\/\\\/eldigitaldeasturias.com\\\/magazine365\\\/aumenta-la-ocupacion-hotelera-rural-segun-el-ine\\\/#authorImage\",\"url\":\"https:\\\/\\\/eldigitaldeasturias.com\\\/magazine365\\\/wp-content\\\/litespeed\\\/avatar\\\/e571bcf59a0edd6fa6838245a470f2fe.jpg?ver=1777574230\",\"width\":96,\"height\":96,\"caption\":\"admin\"}},{\"@type\":\"WebPage\",\"@id\":\"https:\\\/\\\/eldigitaldeasturias.com\\\/magazine365\\\/aumenta-la-ocupacion-hotelera-rural-segun-el-ine\\\/#webpage\",\"url\":\"https:\\\/\\\/eldigitaldeasturias.com\\\/magazine365\\\/aumenta-la-ocupacion-hotelera-rural-segun-el-ine\\\/\",\"name\":\"Aumenta la ocupaci\\u00f3n hotelera rural seg\\u00fan el INE | El Digital de Asturias\",\"description\":\"El n\\u00famero de reservas online de alojamientos situados al aire libre ha aumentado un 40% en nuestro pa\\u00eds durante los meses de julio y agosto con respecto al a\\u00f1o anterior, seg\\u00fan la plataforma de b\\u00fasqueda y reservas Pitchup.com. Cada vez son m\\u00e1s los turistas franceses, alemanes o italianos, entre otros, que apuestan por disfrutar de\",\"inLanguage\":\"es-ES\",\"isPartOf\":{\"@id\":\"https:\\\/\\\/eldigitaldeasturias.com\\\/magazine365\\\/#website\"},\"breadcrumb\":{\"@id\":\"https:\\\/\\\/eldigitaldeasturias.com\\\/magazine365\\\/aumenta-la-ocupacion-hotelera-rural-segun-el-ine\\\/#breadcrumblist\"},\"author\":{\"@id\":\"https:\\\/\\\/eldigitaldeasturias.com\\\/magazine365\\\/author\\\/admin\\\/#author\"},\"creator\":{\"@id\":\"https:\\\/\\\/eldigitaldeasturias.com\\\/magazine365\\\/author\\\/admin\\\/#author\"},\"image\":{\"@type\":\"ImageObject\",\"url\":\"https:\\\/\\\/eldigitaldeasturias.com\\\/magazine365\\\/wp-content\\\/uploads\\\/2018\\\/10\\\/1538565912_photo_1470158499416_75be9aa0c4db.jpg\",\"@id\":\"https:\\\/\\\/eldigitaldeasturias.com\\\/magazine365\\\/aumenta-la-ocupacion-hotelera-rural-segun-el-ine\\\/#mainImage\",\"width\":634,\"height\":951},\"primaryImageOfPage\":{\"@id\":\"https:\\\/\\\/eldigitaldeasturias.com\\\/magazine365\\\/aumenta-la-ocupacion-hotelera-rural-segun-el-ine\\\/#mainImage\"},\"datePublished\":\"2018-10-07T03:32:57+02:00\",\"dateModified\":\"2018-10-07T03:32:57+02:00\"},{\"@type\":\"WebSite\",\"@id\":\"https:\\\/\\\/eldigitaldeasturias.com\\\/magazine365\\\/#website\",\"url\":\"https:\\\/\\\/eldigitaldeasturias.com\\\/magazine365\\\/\",\"name\":\"El Digital de Asturias\",\"description\":\"Revista de ocio, turismo y estilo de vida\",\"inLanguage\":\"es-ES\",\"publisher\":{\"@id\":\"https:\\\/\\\/eldigitaldeasturias.com\\\/magazine365\\\/#organization\"}}]}\n\t\t<\/script>\n\t\t<!-- All in One SEO Pro -->\r\n\t\t<title>Aumenta la ocupaci\u00f3n hotelera rural seg\u00fan el INE | El Digital de Asturias<\/title>\n\n","aioseo_head_json":{"title":"Aumenta la ocupaci\u00f3n hotelera rural seg\u00fan el INE | El Digital de Asturias","description":"El n\u00famero de reservas online de alojamientos situados al aire libre ha aumentado un 40% en nuestro pa\u00eds durante los meses de julio y agosto con respecto al a\u00f1o anterior, seg\u00fan la plataforma de b\u00fasqueda y reservas Pitchup.com. Cada vez son m\u00e1s los turistas franceses, alemanes o italianos, entre otros, que apuestan por disfrutar de","canonical_url":"https:\/\/eldigitaldeasturias.com\/magazine365\/aumenta-la-ocupacion-hotelera-rural-segun-el-ine\/","robots":"max-image-preview:large","keywords":"actualidad turismo","webmasterTools":{"google-site-verification":"UA-38556648-1","miscellaneous":""},"schema":{"@context":"https:\/\/schema.org","@graph":[{"@type":"Article","@id":"https:\/\/eldigitaldeasturias.com\/magazine365\/aumenta-la-ocupacion-hotelera-rural-segun-el-ine\/#article","name":"Aumenta la ocupaci\u00f3n hotelera rural seg\u00fan el INE | El Digital de Asturias","headline":"Aumenta la ocupaci\u00f3n hotelera rural seg\u00fan el INE","author":{"@id":"https:\/\/eldigitaldeasturias.com\/magazine365\/author\/admin\/#author"},"publisher":{"@id":"https:\/\/eldigitaldeasturias.com\/magazine365\/#organization"},"image":{"@type":"ImageObject","url":"https:\/\/eldigitaldeasturias.com\/magazine365\/wp-content\/uploads\/2018\/10\/1538565912_photo_1470158499416_75be9aa0c4db.jpg","width":634,"height":951},"datePublished":"2018-10-07T03:32:57+02:00","dateModified":"2018-10-07T03:32:57+02:00","inLanguage":"es-ES","mainEntityOfPage":{"@id":"https:\/\/eldigitaldeasturias.com\/magazine365\/aumenta-la-ocupacion-hotelera-rural-segun-el-ine\/#webpage"},"isPartOf":{"@id":"https:\/\/eldigitaldeasturias.com\/magazine365\/aumenta-la-ocupacion-hotelera-rural-segun-el-ine\/#webpage"},"articleSection":"Actualidad Turismo"},{"@type":"BreadcrumbList","@id":"https:\/\/eldigitaldeasturias.com\/magazine365\/aumenta-la-ocupacion-hotelera-rural-segun-el-ine\/#breadcrumblist","itemListElement":[{"@type":"ListItem","@id":"https:\/\/eldigitaldeasturias.com\/magazine365#listItem","position":1,"name":"Home","item":"https:\/\/eldigitaldeasturias.com\/magazine365","nextItem":{"@type":"ListItem","@id":"https:\/\/eldigitaldeasturias.com\/magazine365\/category\/actualidad-turismo\/#listItem","name":"Actualidad Turismo"}},{"@type":"ListItem","@id":"https:\/\/eldigitaldeasturias.com\/magazine365\/category\/actualidad-turismo\/#listItem","position":2,"name":"Actualidad Turismo","item":"https:\/\/eldigitaldeasturias.com\/magazine365\/category\/actualidad-turismo\/","nextItem":{"@type":"ListItem","@id":"https:\/\/eldigitaldeasturias.com\/magazine365\/aumenta-la-ocupacion-hotelera-rural-segun-el-ine\/#listItem","name":"Aumenta la ocupaci\u00f3n hotelera rural seg\u00fan el INE"},"previousItem":{"@type":"ListItem","@id":"https:\/\/eldigitaldeasturias.com\/magazine365#listItem","name":"Home"}},{"@type":"ListItem","@id":"https:\/\/eldigitaldeasturias.com\/magazine365\/aumenta-la-ocupacion-hotelera-rural-segun-el-ine\/#listItem","position":3,"name":"Aumenta la ocupaci\u00f3n hotelera rural seg\u00fan el INE","previousItem":{"@type":"ListItem","@id":"https:\/\/eldigitaldeasturias.com\/magazine365\/category\/actualidad-turismo\/#listItem","name":"Actualidad Turismo"}}]},{"@type":"Organization","@id":"https:\/\/eldigitaldeasturias.com\/magazine365\/#organization","name":"El digital de Asturias","description":"Revista de ocio, turismo y estilo de vida","url":"https:\/\/eldigitaldeasturias.com\/magazine365\/","logo":{"@type":"ImageObject","url":"https:\/\/www.eldigitaldeasturias.com\/noticias\/wp-content\/uploads\/2020\/12\/EDA.jpg","@id":"https:\/\/eldigitaldeasturias.com\/magazine365\/aumenta-la-ocupacion-hotelera-rural-segun-el-ine\/#organizationLogo"},"image":{"@id":"https:\/\/eldigitaldeasturias.com\/magazine365\/aumenta-la-ocupacion-hotelera-rural-segun-el-ine\/#organizationLogo"}},{"@type":"Person","@id":"https:\/\/eldigitaldeasturias.com\/magazine365\/author\/admin\/#author","url":"https:\/\/eldigitaldeasturias.com\/magazine365\/author\/admin\/","name":"admin","image":{"@type":"ImageObject","@id":"https:\/\/eldigitaldeasturias.com\/magazine365\/aumenta-la-ocupacion-hotelera-rural-segun-el-ine\/#authorImage","url":"https:\/\/eldigitaldeasturias.com\/magazine365\/wp-content\/litespeed\/avatar\/e571bcf59a0edd6fa6838245a470f2fe.jpg?ver=1777574230","width":96,"height":96,"caption":"admin"}},{"@type":"WebPage","@id":"https:\/\/eldigitaldeasturias.com\/magazine365\/aumenta-la-ocupacion-hotelera-rural-segun-el-ine\/#webpage","url":"https:\/\/eldigitaldeasturias.com\/magazine365\/aumenta-la-ocupacion-hotelera-rural-segun-el-ine\/","name":"Aumenta la ocupaci\u00f3n hotelera rural seg\u00fan el INE | El Digital de Asturias","description":"El n\u00famero de reservas online de alojamientos situados al aire libre ha aumentado un 40% en nuestro pa\u00eds durante los meses de julio y agosto con respecto al a\u00f1o anterior, seg\u00fan la plataforma de b\u00fasqueda y reservas Pitchup.com. Cada vez son m\u00e1s los turistas franceses, alemanes o italianos, entre otros, que apuestan por disfrutar de","inLanguage":"es-ES","isPartOf":{"@id":"https:\/\/eldigitaldeasturias.com\/magazine365\/#website"},"breadcrumb":{"@id":"https:\/\/eldigitaldeasturias.com\/magazine365\/aumenta-la-ocupacion-hotelera-rural-segun-el-ine\/#breadcrumblist"},"author":{"@id":"https:\/\/eldigitaldeasturias.com\/magazine365\/author\/admin\/#author"},"creator":{"@id":"https:\/\/eldigitaldeasturias.com\/magazine365\/author\/admin\/#author"},"image":{"@type":"ImageObject","url":"https:\/\/eldigitaldeasturias.com\/magazine365\/wp-content\/uploads\/2018\/10\/1538565912_photo_1470158499416_75be9aa0c4db.jpg","@id":"https:\/\/eldigitaldeasturias.com\/magazine365\/aumenta-la-ocupacion-hotelera-rural-segun-el-ine\/#mainImage","width":634,"height":951},"primaryImageOfPage":{"@id":"https:\/\/eldigitaldeasturias.com\/magazine365\/aumenta-la-ocupacion-hotelera-rural-segun-el-ine\/#mainImage"},"datePublished":"2018-10-07T03:32:57+02:00","dateModified":"2018-10-07T03:32:57+02:00"},{"@type":"WebSite","@id":"https:\/\/eldigitaldeasturias.com\/magazine365\/#website","url":"https:\/\/eldigitaldeasturias.com\/magazine365\/","name":"El Digital de Asturias","description":"Revista de ocio, turismo y estilo de vida","inLanguage":"es-ES","publisher":{"@id":"https:\/\/eldigitaldeasturias.com\/magazine365\/#organization"}}]},"og:locale":"es_ES","og:site_name":"El Digital de Asturias \u2013 Revista de ocio, turismo y estilo de vida","og:type":"article","og:title":"Aumenta la ocupaci\u00f3n hotelera rural seg\u00fan el INE | El Digital de Asturias","og:description":"El n\u00famero de reservas online de alojamientos situados al aire libre ha aumentado un 40% en nuestro pa\u00eds durante los meses de julio y agosto con respecto al a\u00f1o anterior, seg\u00fan la plataforma de b\u00fasqueda y reservas Pitchup.com. Cada vez son m\u00e1s los turistas franceses, alemanes o italianos, entre otros, que apuestan por disfrutar de","og:url":"https:\/\/eldigitaldeasturias.com\/magazine365\/aumenta-la-ocupacion-hotelera-rural-segun-el-ine\/","og:image":"https:\/\/eldigitaldeasturias.com\/magazine365\/wp-content\/uploads\/2018\/10\/1538565912_photo_1470158499416_75be9aa0c4db.jpg","og:image:secure_url":"https:\/\/eldigitaldeasturias.com\/magazine365\/wp-content\/uploads\/2018\/10\/1538565912_photo_1470158499416_75be9aa0c4db.jpg","og:image:width":634,"og:image:height":951,"article:published_time":"2018-10-07T03:32:57+00:00","article:modified_time":"2018-10-07T03:32:57+00:00","twitter:card":"summary_large_image","twitter:title":"Aumenta la ocupaci\u00f3n hotelera rural seg\u00fan el INE | El Digital de Asturias","twitter:description":"El n\u00famero de reservas online de alojamientos situados al aire libre ha aumentado un 40% en nuestro pa\u00eds durante los meses de julio y agosto con respecto al a\u00f1o anterior, seg\u00fan la plataforma de b\u00fasqueda y reservas Pitchup.com. Cada vez son m\u00e1s los turistas franceses, alemanes o italianos, entre otros, que apuestan por disfrutar de","twitter:image":"https:\/\/eldigitaldeasturias.com\/magazine365\/wp-content\/uploads\/2018\/10\/1538565912_photo_1470158499416_75be9aa0c4db.jpg"},"aioseo_meta_data":{"post_id":"95171","title":null,"description":null,"keywords":null,"keyphrases":null,"primary_term":null,"canonical_url":null,"og_title":null,"og_description":null,"og_object_type":"default","og_image_type":"default","og_image_url":null,"og_image_width":null,"og_image_height":null,"og_image_custom_url":null,"og_image_custom_fields":null,"og_video":null,"og_custom_url":null,"og_article_section":null,"og_article_tags":null,"twitter_use_og":false,"twitter_card":"default","twitter_image_type":"default","twitter_image_url":null,"twitter_image_custom_url":null,"twitter_image_custom_fields":null,"twitter_title":null,"twitter_description":null,"schema":{"blockGraphs":[],"customGraphs":[],"default":{"data":{"Article":[],"Course":[],"Dataset":[],"FAQPage":[],"Movie":[],"Person":[],"Product":[],"ProductReview":[],"Car":[],"Recipe":[],"Service":[],"SoftwareApplication":[],"WebPage":[]},"graphName":"","isEnabled":true},"graphs":[],"defaultGraph":"","defaultPostTypeGraph":""},"schema_type":null,"schema_type_options":null,"pillar_content":false,"robots_default":true,"robots_noindex":false,"robots_noarchive":false,"robots_nosnippet":false,"robots_nofollow":false,"robots_noimageindex":false,"robots_noodp":false,"robots_notranslate":false,"robots_max_snippet":null,"robots_max_videopreview":null,"robots_max_imagepreview":"large","priority":null,"frequency":null,"location":null,"local_seo":null,"seo_analyzer_scan_date":"2025-09-29 01:51:37","breadcrumb_settings":null,"limit_modified_date":false,"open_ai":null,"ai":null,"created":"2020-12-21 13:54:25","updated":"2025-09-29 01:51:37"},"aioseo_breadcrumb":"<div class=\"aioseo-breadcrumbs\"><span class=\"aioseo-breadcrumb\">\n\t<a href=\"https:\/\/eldigitaldeasturias.com\/magazine365\" title=\"Home\">Home<\/a>\n<\/span><span class=\"aioseo-breadcrumb-separator\">\u2013<\/span><span class=\"aioseo-breadcrumb\">\n\t<a href=\"https:\/\/eldigitaldeasturias.com\/magazine365\/category\/actualidad-turismo\/\" title=\"Actualidad Turismo\">Actualidad Turismo<\/a>\n<\/span><span class=\"aioseo-breadcrumb-separator\">\u2013<\/span><span class=\"aioseo-breadcrumb\">\n\t<a href=\"https:\/\/eldigitaldeasturias.com\/magazine365\/aumenta-la-ocupacion-hotelera-rural-segun-el-ine\/\" title=\"Aumenta la ocupaci\u00f3n hotelera rural seg\u00fan el INE\">Aumenta la ocupaci\u00f3n hotelera rural seg\u00fan el INE<\/a>\n<\/span><\/div>","aioseo_breadcrumb_json":[{"label":"Home","link":"https:\/\/eldigitaldeasturias.com\/magazine365"},{"label":"Actualidad Turismo","link":"https:\/\/eldigitaldeasturias.com\/magazine365\/category\/actualidad-turismo\/"},{"label":"Aumenta la ocupaci\u00f3n hotelera rural seg\u00fan el INE","link":"https:\/\/eldigitaldeasturias.com\/magazine365\/aumenta-la-ocupacion-hotelera-rural-segun-el-ine\/"}],"_links":{"self":[{"href":"https:\/\/eldigitaldeasturias.com\/magazine365\/wp-json\/wp\/v2\/posts\/95171","targetHints":{"allow":["GET"]}}],"collection":[{"href":"https:\/\/eldigitaldeasturias.com\/magazine365\/wp-json\/wp\/v2\/posts"}],"about":[{"href":"https:\/\/eldigitaldeasturias.com\/magazine365\/wp-json\/wp\/v2\/types\/post"}],"author":[{"embeddable":true,"href":"https:\/\/eldigitaldeasturias.com\/magazine365\/wp-json\/wp\/v2\/users\/1"}],"replies":[{"embeddable":true,"href":"https:\/\/eldigitaldeasturias.com\/magazine365\/wp-json\/wp\/v2\/comments?post=95171"}],"version-history":[{"count":0,"href":"https:\/\/eldigitaldeasturias.com\/magazine365\/wp-json\/wp\/v2\/posts\/95171\/revisions"}],"wp:featuredmedia":[{"embeddable":true,"href":"https:\/\/eldigitaldeasturias.com\/magazine365\/wp-json\/wp\/v2\/media\/95172"}],"wp:attachment":[{"href":"https:\/\/eldigitaldeasturias.com\/magazine365\/wp-json\/wp\/v2\/media?parent=95171"}],"wp:term":[{"taxonomy":"category","embeddable":true,"href":"https:\/\/eldigitaldeasturias.com\/magazine365\/wp-json\/wp\/v2\/categories?post=95171"},{"taxonomy":"post_tag","embeddable":true,"href":"https:\/\/eldigitaldeasturias.com\/magazine365\/wp-json\/wp\/v2\/tags?post=95171"}],"curies":[{"name":"wp","href":"https:\/\/api.w.org\/{rel}","templated":true}]}}