{"id":94984,"date":"2018-09-30T17:37:39","date_gmt":"2018-09-30T17:37:39","guid":{"rendered":"http:\/\/www.eldigitaldeasturias.com\/magazine365\/?p=94984"},"modified":"2018-09-30T17:37:39","modified_gmt":"2018-09-30T17:37:39","slug":"inaugurado-el-nuevo-casco-viejo-de-francfort","status":"publish","type":"post","link":"https:\/\/eldigitaldeasturias.com\/magazine365\/inaugurado-el-nuevo-casco-viejo-de-francfort\/","title":{"rendered":"Inaugurado el \u00abnuevo\u00bb casco viejo de Fr\u00e1ncfort"},"content":{"rendered":"<p><img fetchpriority=\"high\" decoding=\"async\" class=\"alignleft size-medium wp-image-94985\" src=\"http:\/\/www.eldigitaldeasturias.com\/magazine365\/wp-content\/uploads\/2018\/09\/frankfurt-1775319_960_720-360x203.jpg\" alt=\"\" width=\"360\" height=\"203\" srcset=\"https:\/\/eldigitaldeasturias.com\/magazine365\/wp-content\/uploads\/2018\/09\/frankfurt-1775319_960_720-360x203.jpg 360w, https:\/\/eldigitaldeasturias.com\/magazine365\/wp-content\/uploads\/2018\/09\/frankfurt-1775319_960_720-650x366.jpg 650w, https:\/\/eldigitaldeasturias.com\/magazine365\/wp-content\/uploads\/2018\/09\/frankfurt-1775319_960_720-768x432.jpg 768w, https:\/\/eldigitaldeasturias.com\/magazine365\/wp-content\/uploads\/2018\/09\/frankfurt-1775319_960_720-150x84.jpg 150w, https:\/\/eldigitaldeasturias.com\/magazine365\/wp-content\/uploads\/2018\/09\/frankfurt-1775319_960_720-450x253.jpg 450w, https:\/\/eldigitaldeasturias.com\/magazine365\/wp-content\/uploads\/2018\/09\/frankfurt-1775319_960_720-696x392.jpg 696w, https:\/\/eldigitaldeasturias.com\/magazine365\/wp-content\/uploads\/2018\/09\/frankfurt-1775319_960_720-747x420.jpg 747w, https:\/\/eldigitaldeasturias.com\/magazine365\/wp-content\/uploads\/2018\/09\/frankfurt-1775319_960_720.jpg 960w\" sizes=\"(max-width: 360px) 100vw, 360px\" \/>Fr\u00e1ncfort, 30 sep &#8211; El casco antiguo de la ciudad alemana de Fr\u00e1ncfort, en el oeste del pa\u00eds, fue inaugurado oficialmente tras seis a\u00f1os y medio de obras.<\/p>\n<p>Durante los \u00faltimos a\u00f1os, 35 casas fueron reconstruidas sobre un terreno situado entre la catedral y el ayuntamiento de Fr\u00e1ncfort de tan s\u00f3lo siete hect\u00e1reas, algunas de ellas respetando fielmente las originales.<\/p>\n<p>Antes de ser demolido, en ese mismo terreno se encontraba el Ayuntamiento T\u00e9cnico, que databa del a\u00f1o 1972. El casco viejo de Fr\u00e1ncfort, que era una de las ciudades con el mayor n\u00famero de casas de paredes entramadas de Alemania, fue destruido casi por completo en un bombardeo de los aliados en 1944.<\/p>\n<p>En la inauguraci\u00f3n, el alcalde de la ciudad, Peter Feldmann, cort\u00f3 una cinta como gesto simb\u00f3lico. \u00abHoy le devolvemos a la ciudad coraz\u00f3n y alma\u00bb, coment\u00f3 Feldmann.<\/p>\n<p>La primera piedra de este proyecto, que cost\u00f3 200 millones de euros, se coloc\u00f3 hace seis a\u00f1os y medio. Este fin de semana hay una fiesta a la que se espera que asistan cientos de miles de personas.<\/p>\n","protected":false},"excerpt":{"rendered":"<p>Fr\u00e1ncfort, 30 sep &#8211; El casco antiguo de la ciudad alemana de Fr\u00e1ncfort, en el oeste del pa\u00eds, fue inaugurado oficialmente tras seis a\u00f1os y medio de obras. Durante los \u00faltimos a\u00f1os, 35 casas fueron reconstruidas sobre un terreno situado entre la catedral y el ayuntamiento de Fr\u00e1ncfort de tan s\u00f3lo siete hect\u00e1reas, algunas de<\/p>\n","protected":false},"author":1,"featured_media":94985,"comment_status":"closed","ping_status":"closed","sticky":false,"template":"","format":"standard","meta":{"footnotes":""},"categories":[222],"tags":[],"class_list":{"0":"post-94984","1":"post","2":"type-post","3":"status-publish","4":"format-standard","5":"has-post-thumbnail","7":"category-actualidad-turismo"},"aioseo_notices":[],"aioseo_head":"\n\t\t<!-- All in One SEO Pro 4.9.6.1 - aioseo.com -->\n\t<meta name=\"description\" content=\"Fr\u00e1ncfort, 30 sep - El casco antiguo de la ciudad alemana de Fr\u00e1ncfort, en el oeste del pa\u00eds, fue inaugurado oficialmente tras seis a\u00f1os y medio de obras. Durante los \u00faltimos a\u00f1os, 35 casas fueron reconstruidas sobre un terreno situado entre la catedral y el ayuntamiento de Fr\u00e1ncfort de tan s\u00f3lo siete hect\u00e1reas, algunas de\" \/>\n\t<meta name=\"robots\" content=\"max-image-preview:large\" \/>\n\t<meta name=\"author\" content=\"admin\"\/>\n\t<meta name=\"google-site-verification\" content=\"UA-38556648-1\" \/>\n\t<meta name=\"keywords\" content=\"actualidad turismo\" \/>\n\t<link rel=\"canonical\" href=\"https:\/\/eldigitaldeasturias.com\/magazine365\/inaugurado-el-nuevo-casco-viejo-de-francfort\/\" \/>\n\t<meta name=\"generator\" content=\"All in One SEO Pro (AIOSEO) 4.9.6.1\" \/>\n\t\t<meta property=\"og:locale\" content=\"es_ES\" \/>\n\t\t<meta property=\"og:site_name\" content=\"El Digital de Asturias \u2013 Revista de ocio, turismo y estilo de vida\" \/>\n\t\t<meta property=\"og:type\" content=\"article\" \/>\n\t\t<meta property=\"og:title\" content=\"Inaugurado el \u00abnuevo\u00bb casco viejo de Fr\u00e1ncfort | El Digital de Asturias\" \/>\n\t\t<meta property=\"og:description\" content=\"Fr\u00e1ncfort, 30 sep - El casco antiguo de la ciudad alemana de Fr\u00e1ncfort, en el oeste del pa\u00eds, fue inaugurado oficialmente tras seis a\u00f1os y medio de obras. Durante los \u00faltimos a\u00f1os, 35 casas fueron reconstruidas sobre un terreno situado entre la catedral y el ayuntamiento de Fr\u00e1ncfort de tan s\u00f3lo siete hect\u00e1reas, algunas de\" \/>\n\t\t<meta property=\"og:url\" content=\"https:\/\/eldigitaldeasturias.com\/magazine365\/inaugurado-el-nuevo-casco-viejo-de-francfort\/\" \/>\n\t\t<meta property=\"og:image\" content=\"https:\/\/eldigitaldeasturias.com\/magazine365\/wp-content\/uploads\/2018\/09\/frankfurt-1775319_960_720.jpg\" \/>\n\t\t<meta property=\"og:image:secure_url\" content=\"https:\/\/eldigitaldeasturias.com\/magazine365\/wp-content\/uploads\/2018\/09\/frankfurt-1775319_960_720.jpg\" \/>\n\t\t<meta property=\"og:image:width\" content=\"960\" \/>\n\t\t<meta property=\"og:image:height\" content=\"540\" \/>\n\t\t<meta property=\"article:published_time\" content=\"2018-09-30T17:37:39+00:00\" \/>\n\t\t<meta property=\"article:modified_time\" content=\"2018-09-30T17:37:39+00:00\" \/>\n\t\t<meta name=\"twitter:card\" content=\"summary_large_image\" \/>\n\t\t<meta name=\"twitter:title\" content=\"Inaugurado el \u00abnuevo\u00bb casco viejo de Fr\u00e1ncfort | El Digital de Asturias\" \/>\n\t\t<meta name=\"twitter:description\" content=\"Fr\u00e1ncfort, 30 sep - El casco antiguo de la ciudad alemana de Fr\u00e1ncfort, en el oeste del pa\u00eds, fue inaugurado oficialmente tras seis a\u00f1os y medio de obras. Durante los \u00faltimos a\u00f1os, 35 casas fueron reconstruidas sobre un terreno situado entre la catedral y el ayuntamiento de Fr\u00e1ncfort de tan s\u00f3lo siete hect\u00e1reas, algunas de\" \/>\n\t\t<meta name=\"twitter:image\" content=\"https:\/\/eldigitaldeasturias.com\/magazine365\/wp-content\/uploads\/2018\/09\/frankfurt-1775319_960_720.jpg\" \/>\n\t\t<script type=\"application\/ld+json\" class=\"aioseo-schema\">\n\t\t\t{\"@context\":\"https:\\\/\\\/schema.org\",\"@graph\":[{\"@type\":\"Article\",\"@id\":\"https:\\\/\\\/eldigitaldeasturias.com\\\/magazine365\\\/inaugurado-el-nuevo-casco-viejo-de-francfort\\\/#article\",\"name\":\"Inaugurado el \\u00abnuevo\\u00bb casco viejo de Fr\\u00e1ncfort | El Digital de Asturias\",\"headline\":\"Inaugurado el \\u00abnuevo\\u00bb casco viejo de Fr\\u00e1ncfort\",\"author\":{\"@id\":\"https:\\\/\\\/eldigitaldeasturias.com\\\/magazine365\\\/author\\\/admin\\\/#author\"},\"publisher\":{\"@id\":\"https:\\\/\\\/eldigitaldeasturias.com\\\/magazine365\\\/#organization\"},\"image\":{\"@type\":\"ImageObject\",\"url\":\"https:\\\/\\\/eldigitaldeasturias.com\\\/magazine365\\\/wp-content\\\/uploads\\\/2018\\\/09\\\/frankfurt-1775319_960_720.jpg\",\"width\":960,\"height\":540},\"datePublished\":\"2018-09-30T17:37:39+02:00\",\"dateModified\":\"2018-09-30T17:37:39+02:00\",\"inLanguage\":\"es-ES\",\"mainEntityOfPage\":{\"@id\":\"https:\\\/\\\/eldigitaldeasturias.com\\\/magazine365\\\/inaugurado-el-nuevo-casco-viejo-de-francfort\\\/#webpage\"},\"isPartOf\":{\"@id\":\"https:\\\/\\\/eldigitaldeasturias.com\\\/magazine365\\\/inaugurado-el-nuevo-casco-viejo-de-francfort\\\/#webpage\"},\"articleSection\":\"Actualidad Turismo\"},{\"@type\":\"BreadcrumbList\",\"@id\":\"https:\\\/\\\/eldigitaldeasturias.com\\\/magazine365\\\/inaugurado-el-nuevo-casco-viejo-de-francfort\\\/#breadcrumblist\",\"itemListElement\":[{\"@type\":\"ListItem\",\"@id\":\"https:\\\/\\\/eldigitaldeasturias.com\\\/magazine365#listItem\",\"position\":1,\"name\":\"Home\",\"item\":\"https:\\\/\\\/eldigitaldeasturias.com\\\/magazine365\",\"nextItem\":{\"@type\":\"ListItem\",\"@id\":\"https:\\\/\\\/eldigitaldeasturias.com\\\/magazine365\\\/category\\\/actualidad-turismo\\\/#listItem\",\"name\":\"Actualidad Turismo\"}},{\"@type\":\"ListItem\",\"@id\":\"https:\\\/\\\/eldigitaldeasturias.com\\\/magazine365\\\/category\\\/actualidad-turismo\\\/#listItem\",\"position\":2,\"name\":\"Actualidad Turismo\",\"item\":\"https:\\\/\\\/eldigitaldeasturias.com\\\/magazine365\\\/category\\\/actualidad-turismo\\\/\",\"nextItem\":{\"@type\":\"ListItem\",\"@id\":\"https:\\\/\\\/eldigitaldeasturias.com\\\/magazine365\\\/inaugurado-el-nuevo-casco-viejo-de-francfort\\\/#listItem\",\"name\":\"Inaugurado el \\u00abnuevo\\u00bb casco viejo de Fr\\u00e1ncfort\"},\"previousItem\":{\"@type\":\"ListItem\",\"@id\":\"https:\\\/\\\/eldigitaldeasturias.com\\\/magazine365#listItem\",\"name\":\"Home\"}},{\"@type\":\"ListItem\",\"@id\":\"https:\\\/\\\/eldigitaldeasturias.com\\\/magazine365\\\/inaugurado-el-nuevo-casco-viejo-de-francfort\\\/#listItem\",\"position\":3,\"name\":\"Inaugurado el \\u00abnuevo\\u00bb casco viejo de Fr\\u00e1ncfort\",\"previousItem\":{\"@type\":\"ListItem\",\"@id\":\"https:\\\/\\\/eldigitaldeasturias.com\\\/magazine365\\\/category\\\/actualidad-turismo\\\/#listItem\",\"name\":\"Actualidad Turismo\"}}]},{\"@type\":\"Organization\",\"@id\":\"https:\\\/\\\/eldigitaldeasturias.com\\\/magazine365\\\/#organization\",\"name\":\"El digital de Asturias\",\"description\":\"Revista de ocio, turismo y estilo de vida\",\"url\":\"https:\\\/\\\/eldigitaldeasturias.com\\\/magazine365\\\/\",\"logo\":{\"@type\":\"ImageObject\",\"url\":\"https:\\\/\\\/www.eldigitaldeasturias.com\\\/noticias\\\/wp-content\\\/uploads\\\/2020\\\/12\\\/EDA.jpg\",\"@id\":\"https:\\\/\\\/eldigitaldeasturias.com\\\/magazine365\\\/inaugurado-el-nuevo-casco-viejo-de-francfort\\\/#organizationLogo\"},\"image\":{\"@id\":\"https:\\\/\\\/eldigitaldeasturias.com\\\/magazine365\\\/inaugurado-el-nuevo-casco-viejo-de-francfort\\\/#organizationLogo\"}},{\"@type\":\"Person\",\"@id\":\"https:\\\/\\\/eldigitaldeasturias.com\\\/magazine365\\\/author\\\/admin\\\/#author\",\"url\":\"https:\\\/\\\/eldigitaldeasturias.com\\\/magazine365\\\/author\\\/admin\\\/\",\"name\":\"admin\",\"image\":{\"@type\":\"ImageObject\",\"@id\":\"https:\\\/\\\/eldigitaldeasturias.com\\\/magazine365\\\/inaugurado-el-nuevo-casco-viejo-de-francfort\\\/#authorImage\",\"url\":\"https:\\\/\\\/eldigitaldeasturias.com\\\/magazine365\\\/wp-content\\\/litespeed\\\/avatar\\\/e571bcf59a0edd6fa6838245a470f2fe.jpg?ver=1777574230\",\"width\":96,\"height\":96,\"caption\":\"admin\"}},{\"@type\":\"WebPage\",\"@id\":\"https:\\\/\\\/eldigitaldeasturias.com\\\/magazine365\\\/inaugurado-el-nuevo-casco-viejo-de-francfort\\\/#webpage\",\"url\":\"https:\\\/\\\/eldigitaldeasturias.com\\\/magazine365\\\/inaugurado-el-nuevo-casco-viejo-de-francfort\\\/\",\"name\":\"Inaugurado el \\u00abnuevo\\u00bb casco viejo de Fr\\u00e1ncfort | El Digital de Asturias\",\"description\":\"Fr\\u00e1ncfort, 30 sep - El casco antiguo de la ciudad alemana de Fr\\u00e1ncfort, en el oeste del pa\\u00eds, fue inaugurado oficialmente tras seis a\\u00f1os y medio de obras. Durante los \\u00faltimos a\\u00f1os, 35 casas fueron reconstruidas sobre un terreno situado entre la catedral y el ayuntamiento de Fr\\u00e1ncfort de tan s\\u00f3lo siete hect\\u00e1reas, algunas de\",\"inLanguage\":\"es-ES\",\"isPartOf\":{\"@id\":\"https:\\\/\\\/eldigitaldeasturias.com\\\/magazine365\\\/#website\"},\"breadcrumb\":{\"@id\":\"https:\\\/\\\/eldigitaldeasturias.com\\\/magazine365\\\/inaugurado-el-nuevo-casco-viejo-de-francfort\\\/#breadcrumblist\"},\"author\":{\"@id\":\"https:\\\/\\\/eldigitaldeasturias.com\\\/magazine365\\\/author\\\/admin\\\/#author\"},\"creator\":{\"@id\":\"https:\\\/\\\/eldigitaldeasturias.com\\\/magazine365\\\/author\\\/admin\\\/#author\"},\"image\":{\"@type\":\"ImageObject\",\"url\":\"https:\\\/\\\/eldigitaldeasturias.com\\\/magazine365\\\/wp-content\\\/uploads\\\/2018\\\/09\\\/frankfurt-1775319_960_720.jpg\",\"@id\":\"https:\\\/\\\/eldigitaldeasturias.com\\\/magazine365\\\/inaugurado-el-nuevo-casco-viejo-de-francfort\\\/#mainImage\",\"width\":960,\"height\":540},\"primaryImageOfPage\":{\"@id\":\"https:\\\/\\\/eldigitaldeasturias.com\\\/magazine365\\\/inaugurado-el-nuevo-casco-viejo-de-francfort\\\/#mainImage\"},\"datePublished\":\"2018-09-30T17:37:39+02:00\",\"dateModified\":\"2018-09-30T17:37:39+02:00\"},{\"@type\":\"WebSite\",\"@id\":\"https:\\\/\\\/eldigitaldeasturias.com\\\/magazine365\\\/#website\",\"url\":\"https:\\\/\\\/eldigitaldeasturias.com\\\/magazine365\\\/\",\"name\":\"El Digital de Asturias\",\"description\":\"Revista de ocio, turismo y estilo de vida\",\"inLanguage\":\"es-ES\",\"publisher\":{\"@id\":\"https:\\\/\\\/eldigitaldeasturias.com\\\/magazine365\\\/#organization\"}}]}\n\t\t<\/script>\n\t\t<!-- All in One SEO Pro -->\r\n\t\t<title>Inaugurado el \u00abnuevo\u00bb casco viejo de Fr\u00e1ncfort | El Digital de Asturias<\/title>\n\n","aioseo_head_json":{"title":"Inaugurado el \u00abnuevo\u00bb casco viejo de Fr\u00e1ncfort | El Digital de Asturias","description":"Fr\u00e1ncfort, 30 sep - El casco antiguo de la ciudad alemana de Fr\u00e1ncfort, en el oeste del pa\u00eds, fue inaugurado oficialmente tras seis a\u00f1os y medio de obras. Durante los \u00faltimos a\u00f1os, 35 casas fueron reconstruidas sobre un terreno situado entre la catedral y el ayuntamiento de Fr\u00e1ncfort de tan s\u00f3lo siete hect\u00e1reas, algunas de","canonical_url":"https:\/\/eldigitaldeasturias.com\/magazine365\/inaugurado-el-nuevo-casco-viejo-de-francfort\/","robots":"max-image-preview:large","keywords":"actualidad turismo","webmasterTools":{"google-site-verification":"UA-38556648-1","miscellaneous":""},"schema":{"@context":"https:\/\/schema.org","@graph":[{"@type":"Article","@id":"https:\/\/eldigitaldeasturias.com\/magazine365\/inaugurado-el-nuevo-casco-viejo-de-francfort\/#article","name":"Inaugurado el \u00abnuevo\u00bb casco viejo de Fr\u00e1ncfort | El Digital de Asturias","headline":"Inaugurado el \u00abnuevo\u00bb casco viejo de Fr\u00e1ncfort","author":{"@id":"https:\/\/eldigitaldeasturias.com\/magazine365\/author\/admin\/#author"},"publisher":{"@id":"https:\/\/eldigitaldeasturias.com\/magazine365\/#organization"},"image":{"@type":"ImageObject","url":"https:\/\/eldigitaldeasturias.com\/magazine365\/wp-content\/uploads\/2018\/09\/frankfurt-1775319_960_720.jpg","width":960,"height":540},"datePublished":"2018-09-30T17:37:39+02:00","dateModified":"2018-09-30T17:37:39+02:00","inLanguage":"es-ES","mainEntityOfPage":{"@id":"https:\/\/eldigitaldeasturias.com\/magazine365\/inaugurado-el-nuevo-casco-viejo-de-francfort\/#webpage"},"isPartOf":{"@id":"https:\/\/eldigitaldeasturias.com\/magazine365\/inaugurado-el-nuevo-casco-viejo-de-francfort\/#webpage"},"articleSection":"Actualidad Turismo"},{"@type":"BreadcrumbList","@id":"https:\/\/eldigitaldeasturias.com\/magazine365\/inaugurado-el-nuevo-casco-viejo-de-francfort\/#breadcrumblist","itemListElement":[{"@type":"ListItem","@id":"https:\/\/eldigitaldeasturias.com\/magazine365#listItem","position":1,"name":"Home","item":"https:\/\/eldigitaldeasturias.com\/magazine365","nextItem":{"@type":"ListItem","@id":"https:\/\/eldigitaldeasturias.com\/magazine365\/category\/actualidad-turismo\/#listItem","name":"Actualidad Turismo"}},{"@type":"ListItem","@id":"https:\/\/eldigitaldeasturias.com\/magazine365\/category\/actualidad-turismo\/#listItem","position":2,"name":"Actualidad Turismo","item":"https:\/\/eldigitaldeasturias.com\/magazine365\/category\/actualidad-turismo\/","nextItem":{"@type":"ListItem","@id":"https:\/\/eldigitaldeasturias.com\/magazine365\/inaugurado-el-nuevo-casco-viejo-de-francfort\/#listItem","name":"Inaugurado el \u00abnuevo\u00bb casco viejo de Fr\u00e1ncfort"},"previousItem":{"@type":"ListItem","@id":"https:\/\/eldigitaldeasturias.com\/magazine365#listItem","name":"Home"}},{"@type":"ListItem","@id":"https:\/\/eldigitaldeasturias.com\/magazine365\/inaugurado-el-nuevo-casco-viejo-de-francfort\/#listItem","position":3,"name":"Inaugurado el \u00abnuevo\u00bb casco viejo de Fr\u00e1ncfort","previousItem":{"@type":"ListItem","@id":"https:\/\/eldigitaldeasturias.com\/magazine365\/category\/actualidad-turismo\/#listItem","name":"Actualidad Turismo"}}]},{"@type":"Organization","@id":"https:\/\/eldigitaldeasturias.com\/magazine365\/#organization","name":"El digital de Asturias","description":"Revista de ocio, turismo y estilo de vida","url":"https:\/\/eldigitaldeasturias.com\/magazine365\/","logo":{"@type":"ImageObject","url":"https:\/\/www.eldigitaldeasturias.com\/noticias\/wp-content\/uploads\/2020\/12\/EDA.jpg","@id":"https:\/\/eldigitaldeasturias.com\/magazine365\/inaugurado-el-nuevo-casco-viejo-de-francfort\/#organizationLogo"},"image":{"@id":"https:\/\/eldigitaldeasturias.com\/magazine365\/inaugurado-el-nuevo-casco-viejo-de-francfort\/#organizationLogo"}},{"@type":"Person","@id":"https:\/\/eldigitaldeasturias.com\/magazine365\/author\/admin\/#author","url":"https:\/\/eldigitaldeasturias.com\/magazine365\/author\/admin\/","name":"admin","image":{"@type":"ImageObject","@id":"https:\/\/eldigitaldeasturias.com\/magazine365\/inaugurado-el-nuevo-casco-viejo-de-francfort\/#authorImage","url":"https:\/\/eldigitaldeasturias.com\/magazine365\/wp-content\/litespeed\/avatar\/e571bcf59a0edd6fa6838245a470f2fe.jpg?ver=1777574230","width":96,"height":96,"caption":"admin"}},{"@type":"WebPage","@id":"https:\/\/eldigitaldeasturias.com\/magazine365\/inaugurado-el-nuevo-casco-viejo-de-francfort\/#webpage","url":"https:\/\/eldigitaldeasturias.com\/magazine365\/inaugurado-el-nuevo-casco-viejo-de-francfort\/","name":"Inaugurado el \u00abnuevo\u00bb casco viejo de Fr\u00e1ncfort | El Digital de Asturias","description":"Fr\u00e1ncfort, 30 sep - El casco antiguo de la ciudad alemana de Fr\u00e1ncfort, en el oeste del pa\u00eds, fue inaugurado oficialmente tras seis a\u00f1os y medio de obras. Durante los \u00faltimos a\u00f1os, 35 casas fueron reconstruidas sobre un terreno situado entre la catedral y el ayuntamiento de Fr\u00e1ncfort de tan s\u00f3lo siete hect\u00e1reas, algunas de","inLanguage":"es-ES","isPartOf":{"@id":"https:\/\/eldigitaldeasturias.com\/magazine365\/#website"},"breadcrumb":{"@id":"https:\/\/eldigitaldeasturias.com\/magazine365\/inaugurado-el-nuevo-casco-viejo-de-francfort\/#breadcrumblist"},"author":{"@id":"https:\/\/eldigitaldeasturias.com\/magazine365\/author\/admin\/#author"},"creator":{"@id":"https:\/\/eldigitaldeasturias.com\/magazine365\/author\/admin\/#author"},"image":{"@type":"ImageObject","url":"https:\/\/eldigitaldeasturias.com\/magazine365\/wp-content\/uploads\/2018\/09\/frankfurt-1775319_960_720.jpg","@id":"https:\/\/eldigitaldeasturias.com\/magazine365\/inaugurado-el-nuevo-casco-viejo-de-francfort\/#mainImage","width":960,"height":540},"primaryImageOfPage":{"@id":"https:\/\/eldigitaldeasturias.com\/magazine365\/inaugurado-el-nuevo-casco-viejo-de-francfort\/#mainImage"},"datePublished":"2018-09-30T17:37:39+02:00","dateModified":"2018-09-30T17:37:39+02:00"},{"@type":"WebSite","@id":"https:\/\/eldigitaldeasturias.com\/magazine365\/#website","url":"https:\/\/eldigitaldeasturias.com\/magazine365\/","name":"El Digital de Asturias","description":"Revista de ocio, turismo y estilo de vida","inLanguage":"es-ES","publisher":{"@id":"https:\/\/eldigitaldeasturias.com\/magazine365\/#organization"}}]},"og:locale":"es_ES","og:site_name":"El Digital de Asturias \u2013 Revista de ocio, turismo y estilo de vida","og:type":"article","og:title":"Inaugurado el \u00abnuevo\u00bb casco viejo de Fr\u00e1ncfort | El Digital de Asturias","og:description":"Fr\u00e1ncfort, 30 sep - El casco antiguo de la ciudad alemana de Fr\u00e1ncfort, en el oeste del pa\u00eds, fue inaugurado oficialmente tras seis a\u00f1os y medio de obras. Durante los \u00faltimos a\u00f1os, 35 casas fueron reconstruidas sobre un terreno situado entre la catedral y el ayuntamiento de Fr\u00e1ncfort de tan s\u00f3lo siete hect\u00e1reas, algunas de","og:url":"https:\/\/eldigitaldeasturias.com\/magazine365\/inaugurado-el-nuevo-casco-viejo-de-francfort\/","og:image":"https:\/\/eldigitaldeasturias.com\/magazine365\/wp-content\/uploads\/2018\/09\/frankfurt-1775319_960_720.jpg","og:image:secure_url":"https:\/\/eldigitaldeasturias.com\/magazine365\/wp-content\/uploads\/2018\/09\/frankfurt-1775319_960_720.jpg","og:image:width":960,"og:image:height":540,"article:published_time":"2018-09-30T17:37:39+00:00","article:modified_time":"2018-09-30T17:37:39+00:00","twitter:card":"summary_large_image","twitter:title":"Inaugurado el \u00abnuevo\u00bb casco viejo de Fr\u00e1ncfort | El Digital de Asturias","twitter:description":"Fr\u00e1ncfort, 30 sep - El casco antiguo de la ciudad alemana de Fr\u00e1ncfort, en el oeste del pa\u00eds, fue inaugurado oficialmente tras seis a\u00f1os y medio de obras. Durante los \u00faltimos a\u00f1os, 35 casas fueron reconstruidas sobre un terreno situado entre la catedral y el ayuntamiento de Fr\u00e1ncfort de tan s\u00f3lo siete hect\u00e1reas, algunas de","twitter:image":"https:\/\/eldigitaldeasturias.com\/magazine365\/wp-content\/uploads\/2018\/09\/frankfurt-1775319_960_720.jpg"},"aioseo_meta_data":{"post_id":"94984","title":null,"description":null,"keywords":null,"keyphrases":null,"primary_term":null,"canonical_url":null,"og_title":null,"og_description":null,"og_object_type":"default","og_image_type":"default","og_image_url":null,"og_image_width":null,"og_image_height":null,"og_image_custom_url":null,"og_image_custom_fields":null,"og_video":null,"og_custom_url":null,"og_article_section":null,"og_article_tags":null,"twitter_use_og":false,"twitter_card":"default","twitter_image_type":"default","twitter_image_url":null,"twitter_image_custom_url":null,"twitter_image_custom_fields":null,"twitter_title":null,"twitter_description":null,"schema":{"blockGraphs":[],"customGraphs":[],"default":{"data":{"Article":[],"Course":[],"Dataset":[],"FAQPage":[],"Movie":[],"Person":[],"Product":[],"ProductReview":[],"Car":[],"Recipe":[],"Service":[],"SoftwareApplication":[],"WebPage":[]},"graphName":"","isEnabled":true},"graphs":[],"defaultGraph":"","defaultPostTypeGraph":""},"schema_type":null,"schema_type_options":null,"pillar_content":false,"robots_default":true,"robots_noindex":false,"robots_noarchive":false,"robots_nosnippet":false,"robots_nofollow":false,"robots_noimageindex":false,"robots_noodp":false,"robots_notranslate":false,"robots_max_snippet":null,"robots_max_videopreview":null,"robots_max_imagepreview":"large","priority":null,"frequency":null,"location":null,"local_seo":null,"seo_analyzer_scan_date":"2025-09-29 01:23:03","breadcrumb_settings":null,"limit_modified_date":false,"open_ai":null,"ai":null,"created":"2020-12-21 13:54:34","updated":"2025-09-29 01:23:03"},"aioseo_breadcrumb":"<div class=\"aioseo-breadcrumbs\"><span class=\"aioseo-breadcrumb\">\n\t<a href=\"https:\/\/eldigitaldeasturias.com\/magazine365\" title=\"Home\">Home<\/a>\n<\/span><span class=\"aioseo-breadcrumb-separator\">\u2013<\/span><span class=\"aioseo-breadcrumb\">\n\t<a href=\"https:\/\/eldigitaldeasturias.com\/magazine365\/category\/actualidad-turismo\/\" title=\"Actualidad Turismo\">Actualidad Turismo<\/a>\n<\/span><span class=\"aioseo-breadcrumb-separator\">\u2013<\/span><span class=\"aioseo-breadcrumb\">\n\t<a href=\"https:\/\/eldigitaldeasturias.com\/magazine365\/inaugurado-el-nuevo-casco-viejo-de-francfort\/\" title=\"Inaugurado el \u00abnuevo\u00bb casco viejo de Fr\u00e1ncfort\">Inaugurado el \u00abnuevo\u00bb casco viejo de Fr\u00e1ncfort<\/a>\n<\/span><\/div>","aioseo_breadcrumb_json":[{"label":"Home","link":"https:\/\/eldigitaldeasturias.com\/magazine365"},{"label":"Actualidad Turismo","link":"https:\/\/eldigitaldeasturias.com\/magazine365\/category\/actualidad-turismo\/"},{"label":"Inaugurado el \u00abnuevo\u00bb casco viejo de Fr\u00e1ncfort","link":"https:\/\/eldigitaldeasturias.com\/magazine365\/inaugurado-el-nuevo-casco-viejo-de-francfort\/"}],"_links":{"self":[{"href":"https:\/\/eldigitaldeasturias.com\/magazine365\/wp-json\/wp\/v2\/posts\/94984","targetHints":{"allow":["GET"]}}],"collection":[{"href":"https:\/\/eldigitaldeasturias.com\/magazine365\/wp-json\/wp\/v2\/posts"}],"about":[{"href":"https:\/\/eldigitaldeasturias.com\/magazine365\/wp-json\/wp\/v2\/types\/post"}],"author":[{"embeddable":true,"href":"https:\/\/eldigitaldeasturias.com\/magazine365\/wp-json\/wp\/v2\/users\/1"}],"replies":[{"embeddable":true,"href":"https:\/\/eldigitaldeasturias.com\/magazine365\/wp-json\/wp\/v2\/comments?post=94984"}],"version-history":[{"count":0,"href":"https:\/\/eldigitaldeasturias.com\/magazine365\/wp-json\/wp\/v2\/posts\/94984\/revisions"}],"wp:featuredmedia":[{"embeddable":true,"href":"https:\/\/eldigitaldeasturias.com\/magazine365\/wp-json\/wp\/v2\/media\/94985"}],"wp:attachment":[{"href":"https:\/\/eldigitaldeasturias.com\/magazine365\/wp-json\/wp\/v2\/media?parent=94984"}],"wp:term":[{"taxonomy":"category","embeddable":true,"href":"https:\/\/eldigitaldeasturias.com\/magazine365\/wp-json\/wp\/v2\/categories?post=94984"},{"taxonomy":"post_tag","embeddable":true,"href":"https:\/\/eldigitaldeasturias.com\/magazine365\/wp-json\/wp\/v2\/tags?post=94984"}],"curies":[{"name":"wp","href":"https:\/\/api.w.org\/{rel}","templated":true}]}}