{"id":94978,"date":"2018-09-30T14:17:19","date_gmt":"2018-09-30T14:17:19","guid":{"rendered":"http:\/\/www.eldigitaldeasturias.com\/magazine365\/?p=94978"},"modified":"2018-09-30T14:17:19","modified_gmt":"2018-09-30T14:17:19","slug":"festival-luminico-en-praga-del-11-al-14-de-octubre","status":"publish","type":"post","link":"https:\/\/eldigitaldeasturias.com\/magazine365\/festival-luminico-en-praga-del-11-al-14-de-octubre\/","title":{"rendered":"Festival lum\u00ednico en Praga, del 11 al 14 de octubre"},"content":{"rendered":"<figure id=\"attachment_94979\" aria-describedby=\"caption-attachment-94979\" style=\"width: 360px\" class=\"wp-caption alignleft\"><img fetchpriority=\"high\" decoding=\"async\" class=\"size-medium wp-image-94979\" src=\"http:\/\/www.eldigitaldeasturias.com\/magazine365\/wp-content\/uploads\/2018\/09\/Festival-Praga-360x236.jpg\" alt=\"\" width=\"360\" height=\"236\" srcset=\"https:\/\/eldigitaldeasturias.com\/magazine365\/wp-content\/uploads\/2018\/09\/Festival-Praga-360x236.jpg 360w, https:\/\/eldigitaldeasturias.com\/magazine365\/wp-content\/uploads\/2018\/09\/Festival-Praga-650x426.jpg 650w, https:\/\/eldigitaldeasturias.com\/magazine365\/wp-content\/uploads\/2018\/09\/Festival-Praga-768x503.jpg 768w, https:\/\/eldigitaldeasturias.com\/magazine365\/wp-content\/uploads\/2018\/09\/Festival-Praga-150x98.jpg 150w, https:\/\/eldigitaldeasturias.com\/magazine365\/wp-content\/uploads\/2018\/09\/Festival-Praga-450x295.jpg 450w, https:\/\/eldigitaldeasturias.com\/magazine365\/wp-content\/uploads\/2018\/09\/Festival-Praga-696x456.jpg 696w, https:\/\/eldigitaldeasturias.com\/magazine365\/wp-content\/uploads\/2018\/09\/Festival-Praga-741x486.jpg 741w, https:\/\/eldigitaldeasturias.com\/magazine365\/wp-content\/uploads\/2018\/09\/Festival-Praga-641x420.jpg 641w, https:\/\/eldigitaldeasturias.com\/magazine365\/wp-content\/uploads\/2018\/09\/Festival-Praga.jpg 1018w\" sizes=\"(max-width: 360px) 100vw, 360px\" \/><figcaption id=\"caption-attachment-94979\" class=\"wp-caption-text\">Foto: Hurin Martin\/Zuma Press\/dpa<\/figcaption><\/figure>\n<p>(dpa) &#8211; La capital de la Rep\u00fablica Checa, Praga, se convertir\u00e1 del 11 al 14 de octubre por sexta ocasi\u00f3n en un mar de luces. Los organizadores del llamado Festival Signal han invitado nuevamente a artistas de todas partes del mundo.<\/p>\n<p>En Karlin, el barrio de moda de Praga, el estudio vasco Hotaru Visual Guerrilla resaltar\u00e1 mediante un video mapping 3D la fachada de un hist\u00f3rico cuartel militar del siglo XIX. En Karlin est\u00e1n asentados varios caf\u00e9s de moda, renombrados restaurantes y empresas emergentes.<\/p>\n<p>En total habr\u00e1, distribuidas entre ocho \u00e1reas de la ciudad, 24 instalaciones de artistas como Ivan Kafka, Lukas Rittstein y Michal Skapa. Cinco de ellas estar\u00e1n ubicadas en la denominada zona de galer\u00edas, cuyo acceso no es gratis, y el resto al aire libre.<\/p>\n<p>Los visitantes podr\u00e1n elegir entre tres rutas para observar las instalaciones. La ceremonia de apertura del festival se llevar\u00e1 a cabo el 11 de octubre a las 19:00 horas en la plaza Karlinske namesti.<\/p>\n","protected":false},"excerpt":{"rendered":"<p>(dpa) &#8211; La capital de la Rep\u00fablica Checa, Praga, se convertir\u00e1 del 11 al 14 de octubre por sexta ocasi\u00f3n en un mar de luces. Los organizadores del llamado Festival Signal han invitado nuevamente a artistas de todas partes del mundo. En Karlin, el barrio de moda de Praga, el estudio vasco Hotaru Visual Guerrilla<\/p>\n","protected":false},"author":1,"featured_media":94979,"comment_status":"closed","ping_status":"closed","sticky":false,"template":"","format":"standard","meta":{"footnotes":""},"categories":[222],"tags":[],"class_list":{"0":"post-94978","1":"post","2":"type-post","3":"status-publish","4":"format-standard","5":"has-post-thumbnail","7":"category-actualidad-turismo"},"aioseo_notices":[],"aioseo_head":"\n\t\t<!-- All in One SEO Pro 4.9.6.1 - aioseo.com -->\n\t<meta name=\"description\" content=\"(dpa) - La capital de la Rep\u00fablica Checa, Praga, se convertir\u00e1 del 11 al 14 de octubre por sexta ocasi\u00f3n en un mar de luces. Los organizadores del llamado Festival Signal han invitado nuevamente a artistas de todas partes del mundo. En Karlin, el barrio de moda de Praga, el estudio vasco Hotaru Visual Guerrilla\" \/>\n\t<meta name=\"robots\" content=\"max-image-preview:large\" \/>\n\t<meta name=\"author\" content=\"admin\"\/>\n\t<meta name=\"google-site-verification\" content=\"UA-38556648-1\" \/>\n\t<meta name=\"keywords\" content=\"actualidad turismo\" \/>\n\t<link rel=\"canonical\" href=\"https:\/\/eldigitaldeasturias.com\/magazine365\/festival-luminico-en-praga-del-11-al-14-de-octubre\/\" \/>\n\t<meta name=\"generator\" content=\"All in One SEO Pro (AIOSEO) 4.9.6.1\" \/>\n\t\t<meta property=\"og:locale\" content=\"es_ES\" \/>\n\t\t<meta property=\"og:site_name\" content=\"El Digital de Asturias \u2013 Revista de ocio, turismo y estilo de vida\" \/>\n\t\t<meta property=\"og:type\" content=\"article\" \/>\n\t\t<meta property=\"og:title\" content=\"Festival lum\u00ednico en Praga, del 11 al 14 de octubre | El Digital de Asturias\" \/>\n\t\t<meta property=\"og:description\" content=\"(dpa) - La capital de la Rep\u00fablica Checa, Praga, se convertir\u00e1 del 11 al 14 de octubre por sexta ocasi\u00f3n en un mar de luces. Los organizadores del llamado Festival Signal han invitado nuevamente a artistas de todas partes del mundo. En Karlin, el barrio de moda de Praga, el estudio vasco Hotaru Visual Guerrilla\" \/>\n\t\t<meta property=\"og:url\" content=\"https:\/\/eldigitaldeasturias.com\/magazine365\/festival-luminico-en-praga-del-11-al-14-de-octubre\/\" \/>\n\t\t<meta property=\"og:image\" content=\"https:\/\/eldigitaldeasturias.com\/magazine365\/wp-content\/uploads\/2018\/09\/Festival-Praga.jpg\" \/>\n\t\t<meta property=\"og:image:secure_url\" content=\"https:\/\/eldigitaldeasturias.com\/magazine365\/wp-content\/uploads\/2018\/09\/Festival-Praga.jpg\" \/>\n\t\t<meta property=\"og:image:width\" content=\"1018\" \/>\n\t\t<meta property=\"og:image:height\" content=\"667\" \/>\n\t\t<meta property=\"article:published_time\" content=\"2018-09-30T14:17:19+00:00\" \/>\n\t\t<meta property=\"article:modified_time\" content=\"2018-09-30T14:17:19+00:00\" \/>\n\t\t<meta name=\"twitter:card\" content=\"summary_large_image\" \/>\n\t\t<meta name=\"twitter:title\" content=\"Festival lum\u00ednico en Praga, del 11 al 14 de octubre | El Digital de Asturias\" \/>\n\t\t<meta name=\"twitter:description\" content=\"(dpa) - La capital de la Rep\u00fablica Checa, Praga, se convertir\u00e1 del 11 al 14 de octubre por sexta ocasi\u00f3n en un mar de luces. Los organizadores del llamado Festival Signal han invitado nuevamente a artistas de todas partes del mundo. En Karlin, el barrio de moda de Praga, el estudio vasco Hotaru Visual Guerrilla\" \/>\n\t\t<meta name=\"twitter:image\" content=\"https:\/\/eldigitaldeasturias.com\/magazine365\/wp-content\/uploads\/2018\/09\/Festival-Praga.jpg\" \/>\n\t\t<script type=\"application\/ld+json\" class=\"aioseo-schema\">\n\t\t\t{\"@context\":\"https:\\\/\\\/schema.org\",\"@graph\":[{\"@type\":\"Article\",\"@id\":\"https:\\\/\\\/eldigitaldeasturias.com\\\/magazine365\\\/festival-luminico-en-praga-del-11-al-14-de-octubre\\\/#article\",\"name\":\"Festival lum\\u00ednico en Praga, del 11 al 14 de octubre | El Digital de Asturias\",\"headline\":\"Festival lum\\u00ednico en Praga, del 11 al 14 de octubre\",\"author\":{\"@id\":\"https:\\\/\\\/eldigitaldeasturias.com\\\/magazine365\\\/author\\\/admin\\\/#author\"},\"publisher\":{\"@id\":\"https:\\\/\\\/eldigitaldeasturias.com\\\/magazine365\\\/#organization\"},\"image\":{\"@type\":\"ImageObject\",\"url\":\"https:\\\/\\\/eldigitaldeasturias.com\\\/magazine365\\\/wp-content\\\/uploads\\\/2018\\\/09\\\/Festival-Praga.jpg\",\"width\":1018,\"height\":667,\"caption\":\"Foto: Hurin Martin\\\/Zuma Press\\\/dpa\"},\"datePublished\":\"2018-09-30T14:17:19+02:00\",\"dateModified\":\"2018-09-30T14:17:19+02:00\",\"inLanguage\":\"es-ES\",\"mainEntityOfPage\":{\"@id\":\"https:\\\/\\\/eldigitaldeasturias.com\\\/magazine365\\\/festival-luminico-en-praga-del-11-al-14-de-octubre\\\/#webpage\"},\"isPartOf\":{\"@id\":\"https:\\\/\\\/eldigitaldeasturias.com\\\/magazine365\\\/festival-luminico-en-praga-del-11-al-14-de-octubre\\\/#webpage\"},\"articleSection\":\"Actualidad Turismo\"},{\"@type\":\"BreadcrumbList\",\"@id\":\"https:\\\/\\\/eldigitaldeasturias.com\\\/magazine365\\\/festival-luminico-en-praga-del-11-al-14-de-octubre\\\/#breadcrumblist\",\"itemListElement\":[{\"@type\":\"ListItem\",\"@id\":\"https:\\\/\\\/eldigitaldeasturias.com\\\/magazine365#listItem\",\"position\":1,\"name\":\"Home\",\"item\":\"https:\\\/\\\/eldigitaldeasturias.com\\\/magazine365\",\"nextItem\":{\"@type\":\"ListItem\",\"@id\":\"https:\\\/\\\/eldigitaldeasturias.com\\\/magazine365\\\/category\\\/actualidad-turismo\\\/#listItem\",\"name\":\"Actualidad Turismo\"}},{\"@type\":\"ListItem\",\"@id\":\"https:\\\/\\\/eldigitaldeasturias.com\\\/magazine365\\\/category\\\/actualidad-turismo\\\/#listItem\",\"position\":2,\"name\":\"Actualidad Turismo\",\"item\":\"https:\\\/\\\/eldigitaldeasturias.com\\\/magazine365\\\/category\\\/actualidad-turismo\\\/\",\"nextItem\":{\"@type\":\"ListItem\",\"@id\":\"https:\\\/\\\/eldigitaldeasturias.com\\\/magazine365\\\/festival-luminico-en-praga-del-11-al-14-de-octubre\\\/#listItem\",\"name\":\"Festival lum\\u00ednico en Praga, del 11 al 14 de octubre\"},\"previousItem\":{\"@type\":\"ListItem\",\"@id\":\"https:\\\/\\\/eldigitaldeasturias.com\\\/magazine365#listItem\",\"name\":\"Home\"}},{\"@type\":\"ListItem\",\"@id\":\"https:\\\/\\\/eldigitaldeasturias.com\\\/magazine365\\\/festival-luminico-en-praga-del-11-al-14-de-octubre\\\/#listItem\",\"position\":3,\"name\":\"Festival lum\\u00ednico en Praga, del 11 al 14 de octubre\",\"previousItem\":{\"@type\":\"ListItem\",\"@id\":\"https:\\\/\\\/eldigitaldeasturias.com\\\/magazine365\\\/category\\\/actualidad-turismo\\\/#listItem\",\"name\":\"Actualidad Turismo\"}}]},{\"@type\":\"Organization\",\"@id\":\"https:\\\/\\\/eldigitaldeasturias.com\\\/magazine365\\\/#organization\",\"name\":\"El digital de Asturias\",\"description\":\"Revista de ocio, turismo y estilo de vida\",\"url\":\"https:\\\/\\\/eldigitaldeasturias.com\\\/magazine365\\\/\",\"logo\":{\"@type\":\"ImageObject\",\"url\":\"https:\\\/\\\/www.eldigitaldeasturias.com\\\/noticias\\\/wp-content\\\/uploads\\\/2020\\\/12\\\/EDA.jpg\",\"@id\":\"https:\\\/\\\/eldigitaldeasturias.com\\\/magazine365\\\/festival-luminico-en-praga-del-11-al-14-de-octubre\\\/#organizationLogo\"},\"image\":{\"@id\":\"https:\\\/\\\/eldigitaldeasturias.com\\\/magazine365\\\/festival-luminico-en-praga-del-11-al-14-de-octubre\\\/#organizationLogo\"}},{\"@type\":\"Person\",\"@id\":\"https:\\\/\\\/eldigitaldeasturias.com\\\/magazine365\\\/author\\\/admin\\\/#author\",\"url\":\"https:\\\/\\\/eldigitaldeasturias.com\\\/magazine365\\\/author\\\/admin\\\/\",\"name\":\"admin\",\"image\":{\"@type\":\"ImageObject\",\"@id\":\"https:\\\/\\\/eldigitaldeasturias.com\\\/magazine365\\\/festival-luminico-en-praga-del-11-al-14-de-octubre\\\/#authorImage\",\"url\":\"https:\\\/\\\/eldigitaldeasturias.com\\\/magazine365\\\/wp-content\\\/litespeed\\\/avatar\\\/e571bcf59a0edd6fa6838245a470f2fe.jpg?ver=1777574230\",\"width\":96,\"height\":96,\"caption\":\"admin\"}},{\"@type\":\"WebPage\",\"@id\":\"https:\\\/\\\/eldigitaldeasturias.com\\\/magazine365\\\/festival-luminico-en-praga-del-11-al-14-de-octubre\\\/#webpage\",\"url\":\"https:\\\/\\\/eldigitaldeasturias.com\\\/magazine365\\\/festival-luminico-en-praga-del-11-al-14-de-octubre\\\/\",\"name\":\"Festival lum\\u00ednico en Praga, del 11 al 14 de octubre | El Digital de Asturias\",\"description\":\"(dpa) - La capital de la Rep\\u00fablica Checa, Praga, se convertir\\u00e1 del 11 al 14 de octubre por sexta ocasi\\u00f3n en un mar de luces. Los organizadores del llamado Festival Signal han invitado nuevamente a artistas de todas partes del mundo. En Karlin, el barrio de moda de Praga, el estudio vasco Hotaru Visual Guerrilla\",\"inLanguage\":\"es-ES\",\"isPartOf\":{\"@id\":\"https:\\\/\\\/eldigitaldeasturias.com\\\/magazine365\\\/#website\"},\"breadcrumb\":{\"@id\":\"https:\\\/\\\/eldigitaldeasturias.com\\\/magazine365\\\/festival-luminico-en-praga-del-11-al-14-de-octubre\\\/#breadcrumblist\"},\"author\":{\"@id\":\"https:\\\/\\\/eldigitaldeasturias.com\\\/magazine365\\\/author\\\/admin\\\/#author\"},\"creator\":{\"@id\":\"https:\\\/\\\/eldigitaldeasturias.com\\\/magazine365\\\/author\\\/admin\\\/#author\"},\"image\":{\"@type\":\"ImageObject\",\"url\":\"https:\\\/\\\/eldigitaldeasturias.com\\\/magazine365\\\/wp-content\\\/uploads\\\/2018\\\/09\\\/Festival-Praga.jpg\",\"@id\":\"https:\\\/\\\/eldigitaldeasturias.com\\\/magazine365\\\/festival-luminico-en-praga-del-11-al-14-de-octubre\\\/#mainImage\",\"width\":1018,\"height\":667,\"caption\":\"Foto: Hurin Martin\\\/Zuma Press\\\/dpa\"},\"primaryImageOfPage\":{\"@id\":\"https:\\\/\\\/eldigitaldeasturias.com\\\/magazine365\\\/festival-luminico-en-praga-del-11-al-14-de-octubre\\\/#mainImage\"},\"datePublished\":\"2018-09-30T14:17:19+02:00\",\"dateModified\":\"2018-09-30T14:17:19+02:00\"},{\"@type\":\"WebSite\",\"@id\":\"https:\\\/\\\/eldigitaldeasturias.com\\\/magazine365\\\/#website\",\"url\":\"https:\\\/\\\/eldigitaldeasturias.com\\\/magazine365\\\/\",\"name\":\"El Digital de Asturias\",\"description\":\"Revista de ocio, turismo y estilo de vida\",\"inLanguage\":\"es-ES\",\"publisher\":{\"@id\":\"https:\\\/\\\/eldigitaldeasturias.com\\\/magazine365\\\/#organization\"}}]}\n\t\t<\/script>\n\t\t<!-- All in One SEO Pro -->\r\n\t\t<title>Festival lum\u00ednico en Praga, del 11 al 14 de octubre | El Digital de Asturias<\/title>\n\n","aioseo_head_json":{"title":"Festival lum\u00ednico en Praga, del 11 al 14 de octubre | El Digital de Asturias","description":"(dpa) - La capital de la Rep\u00fablica Checa, Praga, se convertir\u00e1 del 11 al 14 de octubre por sexta ocasi\u00f3n en un mar de luces. Los organizadores del llamado Festival Signal han invitado nuevamente a artistas de todas partes del mundo. En Karlin, el barrio de moda de Praga, el estudio vasco Hotaru Visual Guerrilla","canonical_url":"https:\/\/eldigitaldeasturias.com\/magazine365\/festival-luminico-en-praga-del-11-al-14-de-octubre\/","robots":"max-image-preview:large","keywords":"actualidad turismo","webmasterTools":{"google-site-verification":"UA-38556648-1","miscellaneous":""},"schema":{"@context":"https:\/\/schema.org","@graph":[{"@type":"Article","@id":"https:\/\/eldigitaldeasturias.com\/magazine365\/festival-luminico-en-praga-del-11-al-14-de-octubre\/#article","name":"Festival lum\u00ednico en Praga, del 11 al 14 de octubre | El Digital de Asturias","headline":"Festival lum\u00ednico en Praga, del 11 al 14 de octubre","author":{"@id":"https:\/\/eldigitaldeasturias.com\/magazine365\/author\/admin\/#author"},"publisher":{"@id":"https:\/\/eldigitaldeasturias.com\/magazine365\/#organization"},"image":{"@type":"ImageObject","url":"https:\/\/eldigitaldeasturias.com\/magazine365\/wp-content\/uploads\/2018\/09\/Festival-Praga.jpg","width":1018,"height":667,"caption":"Foto: Hurin Martin\/Zuma Press\/dpa"},"datePublished":"2018-09-30T14:17:19+02:00","dateModified":"2018-09-30T14:17:19+02:00","inLanguage":"es-ES","mainEntityOfPage":{"@id":"https:\/\/eldigitaldeasturias.com\/magazine365\/festival-luminico-en-praga-del-11-al-14-de-octubre\/#webpage"},"isPartOf":{"@id":"https:\/\/eldigitaldeasturias.com\/magazine365\/festival-luminico-en-praga-del-11-al-14-de-octubre\/#webpage"},"articleSection":"Actualidad Turismo"},{"@type":"BreadcrumbList","@id":"https:\/\/eldigitaldeasturias.com\/magazine365\/festival-luminico-en-praga-del-11-al-14-de-octubre\/#breadcrumblist","itemListElement":[{"@type":"ListItem","@id":"https:\/\/eldigitaldeasturias.com\/magazine365#listItem","position":1,"name":"Home","item":"https:\/\/eldigitaldeasturias.com\/magazine365","nextItem":{"@type":"ListItem","@id":"https:\/\/eldigitaldeasturias.com\/magazine365\/category\/actualidad-turismo\/#listItem","name":"Actualidad Turismo"}},{"@type":"ListItem","@id":"https:\/\/eldigitaldeasturias.com\/magazine365\/category\/actualidad-turismo\/#listItem","position":2,"name":"Actualidad Turismo","item":"https:\/\/eldigitaldeasturias.com\/magazine365\/category\/actualidad-turismo\/","nextItem":{"@type":"ListItem","@id":"https:\/\/eldigitaldeasturias.com\/magazine365\/festival-luminico-en-praga-del-11-al-14-de-octubre\/#listItem","name":"Festival lum\u00ednico en Praga, del 11 al 14 de octubre"},"previousItem":{"@type":"ListItem","@id":"https:\/\/eldigitaldeasturias.com\/magazine365#listItem","name":"Home"}},{"@type":"ListItem","@id":"https:\/\/eldigitaldeasturias.com\/magazine365\/festival-luminico-en-praga-del-11-al-14-de-octubre\/#listItem","position":3,"name":"Festival lum\u00ednico en Praga, del 11 al 14 de octubre","previousItem":{"@type":"ListItem","@id":"https:\/\/eldigitaldeasturias.com\/magazine365\/category\/actualidad-turismo\/#listItem","name":"Actualidad Turismo"}}]},{"@type":"Organization","@id":"https:\/\/eldigitaldeasturias.com\/magazine365\/#organization","name":"El digital de Asturias","description":"Revista de ocio, turismo y estilo de vida","url":"https:\/\/eldigitaldeasturias.com\/magazine365\/","logo":{"@type":"ImageObject","url":"https:\/\/www.eldigitaldeasturias.com\/noticias\/wp-content\/uploads\/2020\/12\/EDA.jpg","@id":"https:\/\/eldigitaldeasturias.com\/magazine365\/festival-luminico-en-praga-del-11-al-14-de-octubre\/#organizationLogo"},"image":{"@id":"https:\/\/eldigitaldeasturias.com\/magazine365\/festival-luminico-en-praga-del-11-al-14-de-octubre\/#organizationLogo"}},{"@type":"Person","@id":"https:\/\/eldigitaldeasturias.com\/magazine365\/author\/admin\/#author","url":"https:\/\/eldigitaldeasturias.com\/magazine365\/author\/admin\/","name":"admin","image":{"@type":"ImageObject","@id":"https:\/\/eldigitaldeasturias.com\/magazine365\/festival-luminico-en-praga-del-11-al-14-de-octubre\/#authorImage","url":"https:\/\/eldigitaldeasturias.com\/magazine365\/wp-content\/litespeed\/avatar\/e571bcf59a0edd6fa6838245a470f2fe.jpg?ver=1777574230","width":96,"height":96,"caption":"admin"}},{"@type":"WebPage","@id":"https:\/\/eldigitaldeasturias.com\/magazine365\/festival-luminico-en-praga-del-11-al-14-de-octubre\/#webpage","url":"https:\/\/eldigitaldeasturias.com\/magazine365\/festival-luminico-en-praga-del-11-al-14-de-octubre\/","name":"Festival lum\u00ednico en Praga, del 11 al 14 de octubre | El Digital de Asturias","description":"(dpa) - La capital de la Rep\u00fablica Checa, Praga, se convertir\u00e1 del 11 al 14 de octubre por sexta ocasi\u00f3n en un mar de luces. Los organizadores del llamado Festival Signal han invitado nuevamente a artistas de todas partes del mundo. En Karlin, el barrio de moda de Praga, el estudio vasco Hotaru Visual Guerrilla","inLanguage":"es-ES","isPartOf":{"@id":"https:\/\/eldigitaldeasturias.com\/magazine365\/#website"},"breadcrumb":{"@id":"https:\/\/eldigitaldeasturias.com\/magazine365\/festival-luminico-en-praga-del-11-al-14-de-octubre\/#breadcrumblist"},"author":{"@id":"https:\/\/eldigitaldeasturias.com\/magazine365\/author\/admin\/#author"},"creator":{"@id":"https:\/\/eldigitaldeasturias.com\/magazine365\/author\/admin\/#author"},"image":{"@type":"ImageObject","url":"https:\/\/eldigitaldeasturias.com\/magazine365\/wp-content\/uploads\/2018\/09\/Festival-Praga.jpg","@id":"https:\/\/eldigitaldeasturias.com\/magazine365\/festival-luminico-en-praga-del-11-al-14-de-octubre\/#mainImage","width":1018,"height":667,"caption":"Foto: Hurin Martin\/Zuma Press\/dpa"},"primaryImageOfPage":{"@id":"https:\/\/eldigitaldeasturias.com\/magazine365\/festival-luminico-en-praga-del-11-al-14-de-octubre\/#mainImage"},"datePublished":"2018-09-30T14:17:19+02:00","dateModified":"2018-09-30T14:17:19+02:00"},{"@type":"WebSite","@id":"https:\/\/eldigitaldeasturias.com\/magazine365\/#website","url":"https:\/\/eldigitaldeasturias.com\/magazine365\/","name":"El Digital de Asturias","description":"Revista de ocio, turismo y estilo de vida","inLanguage":"es-ES","publisher":{"@id":"https:\/\/eldigitaldeasturias.com\/magazine365\/#organization"}}]},"og:locale":"es_ES","og:site_name":"El Digital de Asturias \u2013 Revista de ocio, turismo y estilo de vida","og:type":"article","og:title":"Festival lum\u00ednico en Praga, del 11 al 14 de octubre | El Digital de Asturias","og:description":"(dpa) - La capital de la Rep\u00fablica Checa, Praga, se convertir\u00e1 del 11 al 14 de octubre por sexta ocasi\u00f3n en un mar de luces. Los organizadores del llamado Festival Signal han invitado nuevamente a artistas de todas partes del mundo. En Karlin, el barrio de moda de Praga, el estudio vasco Hotaru Visual Guerrilla","og:url":"https:\/\/eldigitaldeasturias.com\/magazine365\/festival-luminico-en-praga-del-11-al-14-de-octubre\/","og:image":"https:\/\/eldigitaldeasturias.com\/magazine365\/wp-content\/uploads\/2018\/09\/Festival-Praga.jpg","og:image:secure_url":"https:\/\/eldigitaldeasturias.com\/magazine365\/wp-content\/uploads\/2018\/09\/Festival-Praga.jpg","og:image:width":1018,"og:image:height":667,"article:published_time":"2018-09-30T14:17:19+00:00","article:modified_time":"2018-09-30T14:17:19+00:00","twitter:card":"summary_large_image","twitter:title":"Festival lum\u00ednico en Praga, del 11 al 14 de octubre | El Digital de Asturias","twitter:description":"(dpa) - La capital de la Rep\u00fablica Checa, Praga, se convertir\u00e1 del 11 al 14 de octubre por sexta ocasi\u00f3n en un mar de luces. Los organizadores del llamado Festival Signal han invitado nuevamente a artistas de todas partes del mundo. En Karlin, el barrio de moda de Praga, el estudio vasco Hotaru Visual Guerrilla","twitter:image":"https:\/\/eldigitaldeasturias.com\/magazine365\/wp-content\/uploads\/2018\/09\/Festival-Praga.jpg"},"aioseo_meta_data":{"post_id":"94978","title":null,"description":null,"keywords":null,"keyphrases":null,"primary_term":null,"canonical_url":null,"og_title":null,"og_description":null,"og_object_type":"default","og_image_type":"default","og_image_url":null,"og_image_width":null,"og_image_height":null,"og_image_custom_url":null,"og_image_custom_fields":null,"og_video":null,"og_custom_url":null,"og_article_section":null,"og_article_tags":null,"twitter_use_og":false,"twitter_card":"default","twitter_image_type":"default","twitter_image_url":null,"twitter_image_custom_url":null,"twitter_image_custom_fields":null,"twitter_title":null,"twitter_description":null,"schema":{"blockGraphs":[],"customGraphs":[],"default":{"data":{"Article":[],"Course":[],"Dataset":[],"FAQPage":[],"Movie":[],"Person":[],"Product":[],"ProductReview":[],"Car":[],"Recipe":[],"Service":[],"SoftwareApplication":[],"WebPage":[]},"graphName":"","isEnabled":true},"graphs":[],"defaultGraph":"","defaultPostTypeGraph":""},"schema_type":null,"schema_type_options":null,"pillar_content":false,"robots_default":true,"robots_noindex":false,"robots_noarchive":false,"robots_nosnippet":false,"robots_nofollow":false,"robots_noimageindex":false,"robots_noodp":false,"robots_notranslate":false,"robots_max_snippet":null,"robots_max_videopreview":null,"robots_max_imagepreview":"large","priority":null,"frequency":null,"location":null,"local_seo":null,"seo_analyzer_scan_date":"2025-09-29 01:23:00","breadcrumb_settings":null,"limit_modified_date":false,"open_ai":null,"ai":null,"created":"2020-12-21 13:54:34","updated":"2025-09-29 01:23:00"},"aioseo_breadcrumb":"<div class=\"aioseo-breadcrumbs\"><span class=\"aioseo-breadcrumb\">\n\t<a href=\"https:\/\/eldigitaldeasturias.com\/magazine365\" title=\"Home\">Home<\/a>\n<\/span><span class=\"aioseo-breadcrumb-separator\">\u2013<\/span><span class=\"aioseo-breadcrumb\">\n\t<a href=\"https:\/\/eldigitaldeasturias.com\/magazine365\/category\/actualidad-turismo\/\" title=\"Actualidad Turismo\">Actualidad Turismo<\/a>\n<\/span><span class=\"aioseo-breadcrumb-separator\">\u2013<\/span><span class=\"aioseo-breadcrumb\">\n\t<a href=\"https:\/\/eldigitaldeasturias.com\/magazine365\/festival-luminico-en-praga-del-11-al-14-de-octubre\/\" title=\"Festival lum\u00ednico en Praga, del 11 al 14 de octubre\">Festival lum\u00ednico en Praga, del 11 al 14 de octubre<\/a>\n<\/span><\/div>","aioseo_breadcrumb_json":[{"label":"Home","link":"https:\/\/eldigitaldeasturias.com\/magazine365"},{"label":"Actualidad Turismo","link":"https:\/\/eldigitaldeasturias.com\/magazine365\/category\/actualidad-turismo\/"},{"label":"Festival lum\u00ednico en Praga, del 11 al 14 de octubre","link":"https:\/\/eldigitaldeasturias.com\/magazine365\/festival-luminico-en-praga-del-11-al-14-de-octubre\/"}],"_links":{"self":[{"href":"https:\/\/eldigitaldeasturias.com\/magazine365\/wp-json\/wp\/v2\/posts\/94978","targetHints":{"allow":["GET"]}}],"collection":[{"href":"https:\/\/eldigitaldeasturias.com\/magazine365\/wp-json\/wp\/v2\/posts"}],"about":[{"href":"https:\/\/eldigitaldeasturias.com\/magazine365\/wp-json\/wp\/v2\/types\/post"}],"author":[{"embeddable":true,"href":"https:\/\/eldigitaldeasturias.com\/magazine365\/wp-json\/wp\/v2\/users\/1"}],"replies":[{"embeddable":true,"href":"https:\/\/eldigitaldeasturias.com\/magazine365\/wp-json\/wp\/v2\/comments?post=94978"}],"version-history":[{"count":0,"href":"https:\/\/eldigitaldeasturias.com\/magazine365\/wp-json\/wp\/v2\/posts\/94978\/revisions"}],"wp:featuredmedia":[{"embeddable":true,"href":"https:\/\/eldigitaldeasturias.com\/magazine365\/wp-json\/wp\/v2\/media\/94979"}],"wp:attachment":[{"href":"https:\/\/eldigitaldeasturias.com\/magazine365\/wp-json\/wp\/v2\/media?parent=94978"}],"wp:term":[{"taxonomy":"category","embeddable":true,"href":"https:\/\/eldigitaldeasturias.com\/magazine365\/wp-json\/wp\/v2\/categories?post=94978"},{"taxonomy":"post_tag","embeddable":true,"href":"https:\/\/eldigitaldeasturias.com\/magazine365\/wp-json\/wp\/v2\/tags?post=94978"}],"curies":[{"name":"wp","href":"https:\/\/api.w.org\/{rel}","templated":true}]}}