{"id":932,"date":"2014-01-15T14:04:06","date_gmt":"2014-01-15T15:04:06","guid":{"rendered":"http:\/\/eldigitaldeasturias.com\/magazine365\/?p=932"},"modified":"2014-01-15T14:04:06","modified_gmt":"2014-01-15T15:04:06","slug":"volkswagen-de-mexico-arranca-produccion-del-golf-7-en-su-50-aniversario","status":"publish","type":"post","link":"https:\/\/eldigitaldeasturias.com\/magazine365\/volkswagen-de-mexico-arranca-produccion-del-golf-7-en-su-50-aniversario\/","title":{"rendered":"Volkswagen de M\u00e9xico arranca producci\u00f3n del Golf 7 en su 50 aniversario"},"content":{"rendered":"<p><img fetchpriority=\"high\" decoding=\"async\" class=\"alignleft size-medium wp-image-933\" alt=\"5849916w\" src=\"https:\/\/eldigitaldeasturias.com\/magazine365\/wp-content\/uploads\/2014\/01\/5849916w-360x227.jpg\" width=\"360\" height=\"227\" srcset=\"https:\/\/eldigitaldeasturias.com\/magazine365\/wp-content\/uploads\/2014\/01\/5849916w-360x227.jpg 360w, https:\/\/eldigitaldeasturias.com\/magazine365\/wp-content\/uploads\/2014\/01\/5849916w-650x410.jpg 650w, https:\/\/eldigitaldeasturias.com\/magazine365\/wp-content\/uploads\/2014\/01\/5849916w-768x485.jpg 768w, https:\/\/eldigitaldeasturias.com\/magazine365\/wp-content\/uploads\/2014\/01\/5849916w-150x95.jpg 150w, https:\/\/eldigitaldeasturias.com\/magazine365\/wp-content\/uploads\/2014\/01\/5849916w-450x284.jpg 450w, https:\/\/eldigitaldeasturias.com\/magazine365\/wp-content\/uploads\/2014\/01\/5849916w-696x439.jpg 696w, https:\/\/eldigitaldeasturias.com\/magazine365\/wp-content\/uploads\/2014\/01\/5849916w-665x420.jpg 665w, https:\/\/eldigitaldeasturias.com\/magazine365\/wp-content\/uploads\/2014\/01\/5849916w-269x170.jpg 269w, https:\/\/eldigitaldeasturias.com\/magazine365\/wp-content\/uploads\/2014\/01\/5849916w.jpg 800w\" sizes=\"(max-width: 360px) 100vw, 360px\" \/>M\u00e9xico, 15 ene (EFE).- La filial mexicana del gigante alem\u00e1n Volkswagen arranc\u00f3 hoy oficialmente la producci\u00f3n de su modelo Golf 7 en su planta de Puebla, como parte de la celebraciones para conmemorar los 50 a\u00f1os de la instalaci\u00f3n del grupo en M\u00e9xico.<\/p>\n<p>\u00abVolkswagen de M\u00e9xico tiene una orgullosa historia y un futuro prometedor. Esto lo representa particularmente un auto: el nuevo Golf\u00bb, afirm\u00f3 el presidente del consejo ejecutivo de Volkswagen, Martin Winterkorn, en un comunicado de la empresa.<\/p>\n<p>El alto ejecutivo se\u00f1al\u00f3 que el \u00abarranque de la producci\u00f3n del Golf 7 fortalecer\u00e1 la presencia de Volkswagen en los mercados de Norteam\u00e9rica\u00bb.<\/p>\n<p>Tambi\u00e9n se\u00f1al\u00f3 que esta decisi\u00f3n demuestra que la automotriz alemana conf\u00eda en M\u00e9xico como sede para la producci\u00f3n de autom\u00f3viles, lo que se confirma con la inversi\u00f3n de 7.000 millones de d\u00f3lares proyectados para los pr\u00f3ximos a\u00f1os hasta 2018.<\/p>\n<p>Desde 1964, cuando se instal\u00f3 la empresa en M\u00e9xico, el Grupo Volkswagen ha invertido un total de 8.000 millones de d\u00f3lares y ha producido m\u00e1s de 10 millones de veh\u00edculos para sus clientes en todo el mundo.<\/p>\n<p>En el evento, celebrado en la planta, a las afueras de la ciudad central de Puebla, asistieron unos 700 invitados especiales, entre pol\u00edticos y empresarios, entre ellos el ministro mexicano de Econom\u00eda, Ildefonso Guajardo.<\/p>\n<p>Los directivos recordaron que desde 1954 Volkswagen ya exportaba el modelo Sed\u00e1n a M\u00e9xico, que fue bautizado de manera popular como \u00abVocho\u00bb.<\/p>\n<p>El 15 de enero de 1964 la empresa alemana fund\u00f3 Volkswagen de M\u00e9xico para dedicarse a la importaci\u00f3n, producci\u00f3n y ventas, y en 1967 comenz\u00f3 la producci\u00f3n del Sed\u00e1n en planta de Puebla.<\/p>\n<p>En 1997 Volkswagen inici\u00f3 en Puebla la producci\u00f3n exclusiva del New Beetle para todo el mundo y de la fabricaci\u00f3n de la cuarta generaci\u00f3n del Jetta, los cuales dieron un gran impulso a las exportaciones.<\/p>\n","protected":false},"excerpt":{"rendered":"<p>M\u00e9xico, 15 ene (EFE).- La filial mexicana del gigante alem\u00e1n Volkswagen arranc\u00f3 hoy oficialmente la producci\u00f3n de su modelo Golf 7 en su planta de Puebla, como parte de la celebraciones para conmemorar los 50 a\u00f1os de la instalaci\u00f3n del grupo en M\u00e9xico. \u00abVolkswagen de M\u00e9xico tiene una orgullosa historia y un futuro prometedor. Esto<\/p>\n","protected":false},"author":1,"featured_media":933,"comment_status":"open","ping_status":"open","sticky":false,"template":"","format":"standard","meta":{"footnotes":""},"categories":[224],"tags":[],"class_list":{"0":"post-932","1":"post","2":"type-post","3":"status-publish","4":"format-standard","5":"has-post-thumbnail","7":"category-noticias-actualidad"},"aioseo_notices":[],"aioseo_head":"\n\t\t<!-- All in One SEO Pro 4.9.6.1 - aioseo.com -->\n\t<meta name=\"description\" content=\"M\u00e9xico, 15 ene (EFE).- La filial mexicana del gigante alem\u00e1n Volkswagen arranc\u00f3 hoy oficialmente la producci\u00f3n de su modelo Golf 7 en su planta de Puebla, como parte de la celebraciones para conmemorar los 50 a\u00f1os de la instalaci\u00f3n del grupo en M\u00e9xico. &quot;Volkswagen de M\u00e9xico tiene una orgullosa historia y un futuro prometedor. Esto\" \/>\n\t<meta name=\"robots\" content=\"max-image-preview:large\" \/>\n\t<meta name=\"author\" content=\"admin\"\/>\n\t<meta name=\"google-site-verification\" content=\"UA-38556648-1\" \/>\n\t<meta name=\"keywords\" content=\"noticias y actualidad\" \/>\n\t<link rel=\"canonical\" href=\"https:\/\/eldigitaldeasturias.com\/magazine365\/volkswagen-de-mexico-arranca-produccion-del-golf-7-en-su-50-aniversario\/\" \/>\n\t<meta name=\"generator\" content=\"All in One SEO Pro (AIOSEO) 4.9.6.1\" \/>\n\t\t<meta property=\"og:locale\" content=\"es_ES\" \/>\n\t\t<meta property=\"og:site_name\" content=\"El Digital de Asturias \u2013 Revista de ocio, turismo y estilo de vida\" \/>\n\t\t<meta property=\"og:type\" content=\"article\" \/>\n\t\t<meta property=\"og:title\" content=\"Volkswagen de M\u00e9xico arranca producci\u00f3n del Golf 7 en su 50 aniversario | El Digital de Asturias\" \/>\n\t\t<meta property=\"og:description\" content=\"M\u00e9xico, 15 ene (EFE).- La filial mexicana del gigante alem\u00e1n Volkswagen arranc\u00f3 hoy oficialmente la producci\u00f3n de su modelo Golf 7 en su planta de Puebla, como parte de la celebraciones para conmemorar los 50 a\u00f1os de la instalaci\u00f3n del grupo en M\u00e9xico. &quot;Volkswagen de M\u00e9xico tiene una orgullosa historia y un futuro prometedor. Esto\" \/>\n\t\t<meta property=\"og:url\" content=\"https:\/\/eldigitaldeasturias.com\/magazine365\/volkswagen-de-mexico-arranca-produccion-del-golf-7-en-su-50-aniversario\/\" \/>\n\t\t<meta property=\"og:image\" content=\"https:\/\/eldigitaldeasturias.com\/magazine365\/wp-content\/uploads\/2014\/01\/5849916w.jpg\" \/>\n\t\t<meta property=\"og:image:secure_url\" content=\"https:\/\/eldigitaldeasturias.com\/magazine365\/wp-content\/uploads\/2014\/01\/5849916w.jpg\" \/>\n\t\t<meta property=\"og:image:width\" content=\"800\" \/>\n\t\t<meta property=\"og:image:height\" content=\"505\" \/>\n\t\t<meta property=\"article:published_time\" content=\"2014-01-15T15:04:06+00:00\" \/>\n\t\t<meta property=\"article:modified_time\" content=\"2014-01-15T15:04:06+00:00\" \/>\n\t\t<meta name=\"twitter:card\" content=\"summary_large_image\" \/>\n\t\t<meta name=\"twitter:title\" content=\"Volkswagen de M\u00e9xico arranca producci\u00f3n del Golf 7 en su 50 aniversario | El Digital de Asturias\" \/>\n\t\t<meta name=\"twitter:description\" content=\"M\u00e9xico, 15 ene (EFE).- La filial mexicana del gigante alem\u00e1n Volkswagen arranc\u00f3 hoy oficialmente la producci\u00f3n de su modelo Golf 7 en su planta de Puebla, como parte de la celebraciones para conmemorar los 50 a\u00f1os de la instalaci\u00f3n del grupo en M\u00e9xico. &quot;Volkswagen de M\u00e9xico tiene una orgullosa historia y un futuro prometedor. Esto\" \/>\n\t\t<meta name=\"twitter:image\" content=\"https:\/\/eldigitaldeasturias.com\/magazine365\/wp-content\/uploads\/2014\/01\/5849916w.jpg\" \/>\n\t\t<script type=\"application\/ld+json\" class=\"aioseo-schema\">\n\t\t\t{\"@context\":\"https:\\\/\\\/schema.org\",\"@graph\":[{\"@type\":\"Article\",\"@id\":\"https:\\\/\\\/eldigitaldeasturias.com\\\/magazine365\\\/volkswagen-de-mexico-arranca-produccion-del-golf-7-en-su-50-aniversario\\\/#article\",\"name\":\"Volkswagen de M\\u00e9xico arranca producci\\u00f3n del Golf 7 en su 50 aniversario | El Digital de Asturias\",\"headline\":\"Volkswagen de M\\u00e9xico arranca producci\\u00f3n del Golf 7 en su 50 aniversario\",\"author\":{\"@id\":\"https:\\\/\\\/eldigitaldeasturias.com\\\/magazine365\\\/author\\\/admin\\\/#author\"},\"publisher\":{\"@id\":\"https:\\\/\\\/eldigitaldeasturias.com\\\/magazine365\\\/#organization\"},\"image\":{\"@type\":\"ImageObject\",\"url\":\"https:\\\/\\\/eldigitaldeasturias.com\\\/magazine365\\\/wp-content\\\/uploads\\\/2014\\\/01\\\/5849916w.jpg\",\"width\":800,\"height\":505},\"datePublished\":\"2014-01-15T14:04:06+01:00\",\"dateModified\":\"2014-01-15T14:04:06+01:00\",\"inLanguage\":\"es-ES\",\"mainEntityOfPage\":{\"@id\":\"https:\\\/\\\/eldigitaldeasturias.com\\\/magazine365\\\/volkswagen-de-mexico-arranca-produccion-del-golf-7-en-su-50-aniversario\\\/#webpage\"},\"isPartOf\":{\"@id\":\"https:\\\/\\\/eldigitaldeasturias.com\\\/magazine365\\\/volkswagen-de-mexico-arranca-produccion-del-golf-7-en-su-50-aniversario\\\/#webpage\"},\"articleSection\":\"Noticias y Actualidad\"},{\"@type\":\"BreadcrumbList\",\"@id\":\"https:\\\/\\\/eldigitaldeasturias.com\\\/magazine365\\\/volkswagen-de-mexico-arranca-produccion-del-golf-7-en-su-50-aniversario\\\/#breadcrumblist\",\"itemListElement\":[{\"@type\":\"ListItem\",\"@id\":\"https:\\\/\\\/eldigitaldeasturias.com\\\/magazine365#listItem\",\"position\":1,\"name\":\"Home\",\"item\":\"https:\\\/\\\/eldigitaldeasturias.com\\\/magazine365\",\"nextItem\":{\"@type\":\"ListItem\",\"@id\":\"https:\\\/\\\/eldigitaldeasturias.com\\\/magazine365\\\/category\\\/noticias-actualidad\\\/#listItem\",\"name\":\"Noticias y Actualidad\"}},{\"@type\":\"ListItem\",\"@id\":\"https:\\\/\\\/eldigitaldeasturias.com\\\/magazine365\\\/category\\\/noticias-actualidad\\\/#listItem\",\"position\":2,\"name\":\"Noticias y Actualidad\",\"item\":\"https:\\\/\\\/eldigitaldeasturias.com\\\/magazine365\\\/category\\\/noticias-actualidad\\\/\",\"nextItem\":{\"@type\":\"ListItem\",\"@id\":\"https:\\\/\\\/eldigitaldeasturias.com\\\/magazine365\\\/volkswagen-de-mexico-arranca-produccion-del-golf-7-en-su-50-aniversario\\\/#listItem\",\"name\":\"Volkswagen de M\\u00e9xico arranca producci\\u00f3n del Golf 7 en su 50 aniversario\"},\"previousItem\":{\"@type\":\"ListItem\",\"@id\":\"https:\\\/\\\/eldigitaldeasturias.com\\\/magazine365#listItem\",\"name\":\"Home\"}},{\"@type\":\"ListItem\",\"@id\":\"https:\\\/\\\/eldigitaldeasturias.com\\\/magazine365\\\/volkswagen-de-mexico-arranca-produccion-del-golf-7-en-su-50-aniversario\\\/#listItem\",\"position\":3,\"name\":\"Volkswagen de M\\u00e9xico arranca producci\\u00f3n del Golf 7 en su 50 aniversario\",\"previousItem\":{\"@type\":\"ListItem\",\"@id\":\"https:\\\/\\\/eldigitaldeasturias.com\\\/magazine365\\\/category\\\/noticias-actualidad\\\/#listItem\",\"name\":\"Noticias y Actualidad\"}}]},{\"@type\":\"Organization\",\"@id\":\"https:\\\/\\\/eldigitaldeasturias.com\\\/magazine365\\\/#organization\",\"name\":\"El digital de Asturias\",\"description\":\"Revista de ocio, turismo y estilo de vida\",\"url\":\"https:\\\/\\\/eldigitaldeasturias.com\\\/magazine365\\\/\",\"logo\":{\"@type\":\"ImageObject\",\"url\":\"https:\\\/\\\/www.eldigitaldeasturias.com\\\/noticias\\\/wp-content\\\/uploads\\\/2020\\\/12\\\/EDA.jpg\",\"@id\":\"https:\\\/\\\/eldigitaldeasturias.com\\\/magazine365\\\/volkswagen-de-mexico-arranca-produccion-del-golf-7-en-su-50-aniversario\\\/#organizationLogo\"},\"image\":{\"@id\":\"https:\\\/\\\/eldigitaldeasturias.com\\\/magazine365\\\/volkswagen-de-mexico-arranca-produccion-del-golf-7-en-su-50-aniversario\\\/#organizationLogo\"}},{\"@type\":\"Person\",\"@id\":\"https:\\\/\\\/eldigitaldeasturias.com\\\/magazine365\\\/author\\\/admin\\\/#author\",\"url\":\"https:\\\/\\\/eldigitaldeasturias.com\\\/magazine365\\\/author\\\/admin\\\/\",\"name\":\"admin\",\"image\":{\"@type\":\"ImageObject\",\"@id\":\"https:\\\/\\\/eldigitaldeasturias.com\\\/magazine365\\\/volkswagen-de-mexico-arranca-produccion-del-golf-7-en-su-50-aniversario\\\/#authorImage\",\"url\":\"https:\\\/\\\/eldigitaldeasturias.com\\\/magazine365\\\/wp-content\\\/litespeed\\\/avatar\\\/e571bcf59a0edd6fa6838245a470f2fe.jpg?ver=1776969259\",\"width\":96,\"height\":96,\"caption\":\"admin\"}},{\"@type\":\"WebPage\",\"@id\":\"https:\\\/\\\/eldigitaldeasturias.com\\\/magazine365\\\/volkswagen-de-mexico-arranca-produccion-del-golf-7-en-su-50-aniversario\\\/#webpage\",\"url\":\"https:\\\/\\\/eldigitaldeasturias.com\\\/magazine365\\\/volkswagen-de-mexico-arranca-produccion-del-golf-7-en-su-50-aniversario\\\/\",\"name\":\"Volkswagen de M\\u00e9xico arranca producci\\u00f3n del Golf 7 en su 50 aniversario | El Digital de Asturias\",\"description\":\"M\\u00e9xico, 15 ene (EFE).- La filial mexicana del gigante alem\\u00e1n Volkswagen arranc\\u00f3 hoy oficialmente la producci\\u00f3n de su modelo Golf 7 en su planta de Puebla, como parte de la celebraciones para conmemorar los 50 a\\u00f1os de la instalaci\\u00f3n del grupo en M\\u00e9xico. \\\"Volkswagen de M\\u00e9xico tiene una orgullosa historia y un futuro prometedor. Esto\",\"inLanguage\":\"es-ES\",\"isPartOf\":{\"@id\":\"https:\\\/\\\/eldigitaldeasturias.com\\\/magazine365\\\/#website\"},\"breadcrumb\":{\"@id\":\"https:\\\/\\\/eldigitaldeasturias.com\\\/magazine365\\\/volkswagen-de-mexico-arranca-produccion-del-golf-7-en-su-50-aniversario\\\/#breadcrumblist\"},\"author\":{\"@id\":\"https:\\\/\\\/eldigitaldeasturias.com\\\/magazine365\\\/author\\\/admin\\\/#author\"},\"creator\":{\"@id\":\"https:\\\/\\\/eldigitaldeasturias.com\\\/magazine365\\\/author\\\/admin\\\/#author\"},\"image\":{\"@type\":\"ImageObject\",\"url\":\"https:\\\/\\\/eldigitaldeasturias.com\\\/magazine365\\\/wp-content\\\/uploads\\\/2014\\\/01\\\/5849916w.jpg\",\"@id\":\"https:\\\/\\\/eldigitaldeasturias.com\\\/magazine365\\\/volkswagen-de-mexico-arranca-produccion-del-golf-7-en-su-50-aniversario\\\/#mainImage\",\"width\":800,\"height\":505},\"primaryImageOfPage\":{\"@id\":\"https:\\\/\\\/eldigitaldeasturias.com\\\/magazine365\\\/volkswagen-de-mexico-arranca-produccion-del-golf-7-en-su-50-aniversario\\\/#mainImage\"},\"datePublished\":\"2014-01-15T14:04:06+01:00\",\"dateModified\":\"2014-01-15T14:04:06+01:00\"},{\"@type\":\"WebSite\",\"@id\":\"https:\\\/\\\/eldigitaldeasturias.com\\\/magazine365\\\/#website\",\"url\":\"https:\\\/\\\/eldigitaldeasturias.com\\\/magazine365\\\/\",\"name\":\"El Digital de Asturias\",\"description\":\"Revista de ocio, turismo y estilo de vida\",\"inLanguage\":\"es-ES\",\"publisher\":{\"@id\":\"https:\\\/\\\/eldigitaldeasturias.com\\\/magazine365\\\/#organization\"}}]}\n\t\t<\/script>\n\t\t<!-- All in One SEO Pro -->\r\n\t\t<title>Volkswagen de M\u00e9xico arranca producci\u00f3n del Golf 7 en su 50 aniversario | El Digital de Asturias<\/title>\n\n","aioseo_head_json":{"title":"Volkswagen de M\u00e9xico arranca producci\u00f3n del Golf 7 en su 50 aniversario | El Digital de Asturias","description":"M\u00e9xico, 15 ene (EFE).- La filial mexicana del gigante alem\u00e1n Volkswagen arranc\u00f3 hoy oficialmente la producci\u00f3n de su modelo Golf 7 en su planta de Puebla, como parte de la celebraciones para conmemorar los 50 a\u00f1os de la instalaci\u00f3n del grupo en M\u00e9xico. \"Volkswagen de M\u00e9xico tiene una orgullosa historia y un futuro prometedor. Esto","canonical_url":"https:\/\/eldigitaldeasturias.com\/magazine365\/volkswagen-de-mexico-arranca-produccion-del-golf-7-en-su-50-aniversario\/","robots":"max-image-preview:large","keywords":"noticias y actualidad","webmasterTools":{"google-site-verification":"UA-38556648-1","miscellaneous":""},"schema":{"@context":"https:\/\/schema.org","@graph":[{"@type":"Article","@id":"https:\/\/eldigitaldeasturias.com\/magazine365\/volkswagen-de-mexico-arranca-produccion-del-golf-7-en-su-50-aniversario\/#article","name":"Volkswagen de M\u00e9xico arranca producci\u00f3n del Golf 7 en su 50 aniversario | El Digital de Asturias","headline":"Volkswagen de M\u00e9xico arranca producci\u00f3n del Golf 7 en su 50 aniversario","author":{"@id":"https:\/\/eldigitaldeasturias.com\/magazine365\/author\/admin\/#author"},"publisher":{"@id":"https:\/\/eldigitaldeasturias.com\/magazine365\/#organization"},"image":{"@type":"ImageObject","url":"https:\/\/eldigitaldeasturias.com\/magazine365\/wp-content\/uploads\/2014\/01\/5849916w.jpg","width":800,"height":505},"datePublished":"2014-01-15T14:04:06+01:00","dateModified":"2014-01-15T14:04:06+01:00","inLanguage":"es-ES","mainEntityOfPage":{"@id":"https:\/\/eldigitaldeasturias.com\/magazine365\/volkswagen-de-mexico-arranca-produccion-del-golf-7-en-su-50-aniversario\/#webpage"},"isPartOf":{"@id":"https:\/\/eldigitaldeasturias.com\/magazine365\/volkswagen-de-mexico-arranca-produccion-del-golf-7-en-su-50-aniversario\/#webpage"},"articleSection":"Noticias y Actualidad"},{"@type":"BreadcrumbList","@id":"https:\/\/eldigitaldeasturias.com\/magazine365\/volkswagen-de-mexico-arranca-produccion-del-golf-7-en-su-50-aniversario\/#breadcrumblist","itemListElement":[{"@type":"ListItem","@id":"https:\/\/eldigitaldeasturias.com\/magazine365#listItem","position":1,"name":"Home","item":"https:\/\/eldigitaldeasturias.com\/magazine365","nextItem":{"@type":"ListItem","@id":"https:\/\/eldigitaldeasturias.com\/magazine365\/category\/noticias-actualidad\/#listItem","name":"Noticias y Actualidad"}},{"@type":"ListItem","@id":"https:\/\/eldigitaldeasturias.com\/magazine365\/category\/noticias-actualidad\/#listItem","position":2,"name":"Noticias y Actualidad","item":"https:\/\/eldigitaldeasturias.com\/magazine365\/category\/noticias-actualidad\/","nextItem":{"@type":"ListItem","@id":"https:\/\/eldigitaldeasturias.com\/magazine365\/volkswagen-de-mexico-arranca-produccion-del-golf-7-en-su-50-aniversario\/#listItem","name":"Volkswagen de M\u00e9xico arranca producci\u00f3n del Golf 7 en su 50 aniversario"},"previousItem":{"@type":"ListItem","@id":"https:\/\/eldigitaldeasturias.com\/magazine365#listItem","name":"Home"}},{"@type":"ListItem","@id":"https:\/\/eldigitaldeasturias.com\/magazine365\/volkswagen-de-mexico-arranca-produccion-del-golf-7-en-su-50-aniversario\/#listItem","position":3,"name":"Volkswagen de M\u00e9xico arranca producci\u00f3n del Golf 7 en su 50 aniversario","previousItem":{"@type":"ListItem","@id":"https:\/\/eldigitaldeasturias.com\/magazine365\/category\/noticias-actualidad\/#listItem","name":"Noticias y Actualidad"}}]},{"@type":"Organization","@id":"https:\/\/eldigitaldeasturias.com\/magazine365\/#organization","name":"El digital de Asturias","description":"Revista de ocio, turismo y estilo de vida","url":"https:\/\/eldigitaldeasturias.com\/magazine365\/","logo":{"@type":"ImageObject","url":"https:\/\/www.eldigitaldeasturias.com\/noticias\/wp-content\/uploads\/2020\/12\/EDA.jpg","@id":"https:\/\/eldigitaldeasturias.com\/magazine365\/volkswagen-de-mexico-arranca-produccion-del-golf-7-en-su-50-aniversario\/#organizationLogo"},"image":{"@id":"https:\/\/eldigitaldeasturias.com\/magazine365\/volkswagen-de-mexico-arranca-produccion-del-golf-7-en-su-50-aniversario\/#organizationLogo"}},{"@type":"Person","@id":"https:\/\/eldigitaldeasturias.com\/magazine365\/author\/admin\/#author","url":"https:\/\/eldigitaldeasturias.com\/magazine365\/author\/admin\/","name":"admin","image":{"@type":"ImageObject","@id":"https:\/\/eldigitaldeasturias.com\/magazine365\/volkswagen-de-mexico-arranca-produccion-del-golf-7-en-su-50-aniversario\/#authorImage","url":"https:\/\/eldigitaldeasturias.com\/magazine365\/wp-content\/litespeed\/avatar\/e571bcf59a0edd6fa6838245a470f2fe.jpg?ver=1776969259","width":96,"height":96,"caption":"admin"}},{"@type":"WebPage","@id":"https:\/\/eldigitaldeasturias.com\/magazine365\/volkswagen-de-mexico-arranca-produccion-del-golf-7-en-su-50-aniversario\/#webpage","url":"https:\/\/eldigitaldeasturias.com\/magazine365\/volkswagen-de-mexico-arranca-produccion-del-golf-7-en-su-50-aniversario\/","name":"Volkswagen de M\u00e9xico arranca producci\u00f3n del Golf 7 en su 50 aniversario | El Digital de Asturias","description":"M\u00e9xico, 15 ene (EFE).- La filial mexicana del gigante alem\u00e1n Volkswagen arranc\u00f3 hoy oficialmente la producci\u00f3n de su modelo Golf 7 en su planta de Puebla, como parte de la celebraciones para conmemorar los 50 a\u00f1os de la instalaci\u00f3n del grupo en M\u00e9xico. \"Volkswagen de M\u00e9xico tiene una orgullosa historia y un futuro prometedor. Esto","inLanguage":"es-ES","isPartOf":{"@id":"https:\/\/eldigitaldeasturias.com\/magazine365\/#website"},"breadcrumb":{"@id":"https:\/\/eldigitaldeasturias.com\/magazine365\/volkswagen-de-mexico-arranca-produccion-del-golf-7-en-su-50-aniversario\/#breadcrumblist"},"author":{"@id":"https:\/\/eldigitaldeasturias.com\/magazine365\/author\/admin\/#author"},"creator":{"@id":"https:\/\/eldigitaldeasturias.com\/magazine365\/author\/admin\/#author"},"image":{"@type":"ImageObject","url":"https:\/\/eldigitaldeasturias.com\/magazine365\/wp-content\/uploads\/2014\/01\/5849916w.jpg","@id":"https:\/\/eldigitaldeasturias.com\/magazine365\/volkswagen-de-mexico-arranca-produccion-del-golf-7-en-su-50-aniversario\/#mainImage","width":800,"height":505},"primaryImageOfPage":{"@id":"https:\/\/eldigitaldeasturias.com\/magazine365\/volkswagen-de-mexico-arranca-produccion-del-golf-7-en-su-50-aniversario\/#mainImage"},"datePublished":"2014-01-15T14:04:06+01:00","dateModified":"2014-01-15T14:04:06+01:00"},{"@type":"WebSite","@id":"https:\/\/eldigitaldeasturias.com\/magazine365\/#website","url":"https:\/\/eldigitaldeasturias.com\/magazine365\/","name":"El Digital de Asturias","description":"Revista de ocio, turismo y estilo de vida","inLanguage":"es-ES","publisher":{"@id":"https:\/\/eldigitaldeasturias.com\/magazine365\/#organization"}}]},"og:locale":"es_ES","og:site_name":"El Digital de Asturias \u2013 Revista de ocio, turismo y estilo de vida","og:type":"article","og:title":"Volkswagen de M\u00e9xico arranca producci\u00f3n del Golf 7 en su 50 aniversario | El Digital de Asturias","og:description":"M\u00e9xico, 15 ene (EFE).- La filial mexicana del gigante alem\u00e1n Volkswagen arranc\u00f3 hoy oficialmente la producci\u00f3n de su modelo Golf 7 en su planta de Puebla, como parte de la celebraciones para conmemorar los 50 a\u00f1os de la instalaci\u00f3n del grupo en M\u00e9xico. &quot;Volkswagen de M\u00e9xico tiene una orgullosa historia y un futuro prometedor. Esto","og:url":"https:\/\/eldigitaldeasturias.com\/magazine365\/volkswagen-de-mexico-arranca-produccion-del-golf-7-en-su-50-aniversario\/","og:image":"https:\/\/eldigitaldeasturias.com\/magazine365\/wp-content\/uploads\/2014\/01\/5849916w.jpg","og:image:secure_url":"https:\/\/eldigitaldeasturias.com\/magazine365\/wp-content\/uploads\/2014\/01\/5849916w.jpg","og:image:width":800,"og:image:height":505,"article:published_time":"2014-01-15T15:04:06+00:00","article:modified_time":"2014-01-15T15:04:06+00:00","twitter:card":"summary_large_image","twitter:title":"Volkswagen de M\u00e9xico arranca producci\u00f3n del Golf 7 en su 50 aniversario | El Digital de Asturias","twitter:description":"M\u00e9xico, 15 ene (EFE).- La filial mexicana del gigante alem\u00e1n Volkswagen arranc\u00f3 hoy oficialmente la producci\u00f3n de su modelo Golf 7 en su planta de Puebla, como parte de la celebraciones para conmemorar los 50 a\u00f1os de la instalaci\u00f3n del grupo en M\u00e9xico. &quot;Volkswagen de M\u00e9xico tiene una orgullosa historia y un futuro prometedor. Esto","twitter:image":"https:\/\/eldigitaldeasturias.com\/magazine365\/wp-content\/uploads\/2014\/01\/5849916w.jpg"},"aioseo_meta_data":{"post_id":"932","title":null,"description":null,"keywords":null,"keyphrases":null,"primary_term":null,"canonical_url":null,"og_title":null,"og_description":null,"og_object_type":"default","og_image_type":"default","og_image_url":null,"og_image_width":null,"og_image_height":null,"og_image_custom_url":null,"og_image_custom_fields":null,"og_video":null,"og_custom_url":null,"og_article_section":null,"og_article_tags":null,"twitter_use_og":false,"twitter_card":"default","twitter_image_type":"default","twitter_image_url":null,"twitter_image_custom_url":null,"twitter_image_custom_fields":null,"twitter_title":null,"twitter_description":null,"schema":{"blockGraphs":[],"customGraphs":[],"default":{"data":{"Article":[],"Course":[],"Dataset":[],"FAQPage":[],"Movie":[],"Person":[],"Product":[],"ProductReview":[],"Car":[],"Recipe":[],"Service":[],"SoftwareApplication":[],"WebPage":[]},"graphName":"","isEnabled":true},"graphs":[],"defaultGraph":"","defaultPostTypeGraph":""},"schema_type":null,"schema_type_options":null,"pillar_content":false,"robots_default":true,"robots_noindex":false,"robots_noarchive":false,"robots_nosnippet":false,"robots_nofollow":false,"robots_noimageindex":false,"robots_noodp":false,"robots_notranslate":false,"robots_max_snippet":null,"robots_max_videopreview":null,"robots_max_imagepreview":"large","priority":null,"frequency":null,"location":null,"local_seo":null,"seo_analyzer_scan_date":"2025-09-16 08:27:30","breadcrumb_settings":null,"limit_modified_date":false,"open_ai":null,"ai":null,"created":"2020-12-21 13:35:24","updated":"2025-09-16 08:27:30"},"aioseo_breadcrumb":"<div class=\"aioseo-breadcrumbs\"><span class=\"aioseo-breadcrumb\">\n\t<a href=\"https:\/\/eldigitaldeasturias.com\/magazine365\" title=\"Home\">Home<\/a>\n<\/span><span class=\"aioseo-breadcrumb-separator\">\u2013<\/span><span class=\"aioseo-breadcrumb\">\n\t<a href=\"https:\/\/eldigitaldeasturias.com\/magazine365\/category\/noticias-actualidad\/\" title=\"Noticias y Actualidad\">Noticias y Actualidad<\/a>\n<\/span><span class=\"aioseo-breadcrumb-separator\">\u2013<\/span><span class=\"aioseo-breadcrumb\">\n\t<a href=\"https:\/\/eldigitaldeasturias.com\/magazine365\/volkswagen-de-mexico-arranca-produccion-del-golf-7-en-su-50-aniversario\/\" title=\"Volkswagen de M\u00e9xico arranca producci\u00f3n del Golf 7 en su 50 aniversario\">Volkswagen de M\u00e9xico arranca producci\u00f3n del Golf 7 en su 50 aniversario<\/a>\n<\/span><\/div>","aioseo_breadcrumb_json":[{"label":"Home","link":"https:\/\/eldigitaldeasturias.com\/magazine365"},{"label":"Noticias y Actualidad","link":"https:\/\/eldigitaldeasturias.com\/magazine365\/category\/noticias-actualidad\/"},{"label":"Volkswagen de M\u00e9xico arranca producci\u00f3n del Golf 7 en su 50 aniversario","link":"https:\/\/eldigitaldeasturias.com\/magazine365\/volkswagen-de-mexico-arranca-produccion-del-golf-7-en-su-50-aniversario\/"}],"_links":{"self":[{"href":"https:\/\/eldigitaldeasturias.com\/magazine365\/wp-json\/wp\/v2\/posts\/932","targetHints":{"allow":["GET"]}}],"collection":[{"href":"https:\/\/eldigitaldeasturias.com\/magazine365\/wp-json\/wp\/v2\/posts"}],"about":[{"href":"https:\/\/eldigitaldeasturias.com\/magazine365\/wp-json\/wp\/v2\/types\/post"}],"author":[{"embeddable":true,"href":"https:\/\/eldigitaldeasturias.com\/magazine365\/wp-json\/wp\/v2\/users\/1"}],"replies":[{"embeddable":true,"href":"https:\/\/eldigitaldeasturias.com\/magazine365\/wp-json\/wp\/v2\/comments?post=932"}],"version-history":[{"count":0,"href":"https:\/\/eldigitaldeasturias.com\/magazine365\/wp-json\/wp\/v2\/posts\/932\/revisions"}],"wp:featuredmedia":[{"embeddable":true,"href":"https:\/\/eldigitaldeasturias.com\/magazine365\/wp-json\/wp\/v2\/media\/933"}],"wp:attachment":[{"href":"https:\/\/eldigitaldeasturias.com\/magazine365\/wp-json\/wp\/v2\/media?parent=932"}],"wp:term":[{"taxonomy":"category","embeddable":true,"href":"https:\/\/eldigitaldeasturias.com\/magazine365\/wp-json\/wp\/v2\/categories?post=932"},{"taxonomy":"post_tag","embeddable":true,"href":"https:\/\/eldigitaldeasturias.com\/magazine365\/wp-json\/wp\/v2\/tags?post=932"}],"curies":[{"name":"wp","href":"https:\/\/api.w.org\/{rel}","templated":true}]}}