{"id":92902,"date":"2018-06-17T20:51:06","date_gmt":"2018-06-17T20:51:06","guid":{"rendered":"http:\/\/www.eldigitaldeasturias.com\/magazine365\/?p=92902"},"modified":"2018-06-17T20:51:06","modified_gmt":"2018-06-17T20:51:06","slug":"la-oleada-de-robos-demuestra-segun-toni-blasco-la-efectividad-de-la-alarma-cableada-frente-la-inalambrica","status":"publish","type":"post","link":"https:\/\/eldigitaldeasturias.com\/magazine365\/la-oleada-de-robos-demuestra-segun-toni-blasco-la-efectividad-de-la-alarma-cableada-frente-la-inalambrica\/","title":{"rendered":"La oleada de robos demuestra, seg\u00fan Toni Blasco, la efectividad de la alarma cableada frente la inal\u00e1mbrica"},"content":{"rendered":"<p><img fetchpriority=\"high\" decoding=\"async\" class=\"alignleft size-medium wp-image-92903\" src=\"http:\/\/www.eldigitaldeasturias.com\/magazine365\/wp-content\/uploads\/2018\/06\/1528982657-360x240.jpg\" alt=\"\" width=\"360\" height=\"240\" srcset=\"https:\/\/eldigitaldeasturias.com\/magazine365\/wp-content\/uploads\/2018\/06\/1528982657-360x240.jpg 360w, https:\/\/eldigitaldeasturias.com\/magazine365\/wp-content\/uploads\/2018\/06\/1528982657-650x433.jpg 650w, https:\/\/eldigitaldeasturias.com\/magazine365\/wp-content\/uploads\/2018\/06\/1528982657-768x512.jpg 768w, https:\/\/eldigitaldeasturias.com\/magazine365\/wp-content\/uploads\/2018\/06\/1528982657-1536x1024.jpg 1536w, https:\/\/eldigitaldeasturias.com\/magazine365\/wp-content\/uploads\/2018\/06\/1528982657-150x100.jpg 150w, https:\/\/eldigitaldeasturias.com\/magazine365\/wp-content\/uploads\/2018\/06\/1528982657-450x300.jpg 450w, https:\/\/eldigitaldeasturias.com\/magazine365\/wp-content\/uploads\/2018\/06\/1528982657-1200x800.jpg 1200w, https:\/\/eldigitaldeasturias.com\/magazine365\/wp-content\/uploads\/2018\/06\/1528982657-696x464.jpg 696w, https:\/\/eldigitaldeasturias.com\/magazine365\/wp-content\/uploads\/2018\/06\/1528982657-1068x712.jpg 1068w, https:\/\/eldigitaldeasturias.com\/magazine365\/wp-content\/uploads\/2018\/06\/1528982657-630x420.jpg 630w, https:\/\/eldigitaldeasturias.com\/magazine365\/wp-content\/uploads\/2018\/06\/1528982657.jpg 1688w\" sizes=\"(max-width: 360px) 100vw, 360px\" \/>Tras la publicaci\u00f3n en\u00a0<a href=\"http:\/\/rplg.co\/f4719730\" target=\"_blank\" rel=\"nofollow noopener\"><span style=\"color: #ff6600;\"><strong>diversos medios valencianos<\/strong><\/span><\/a><span style=\"color: #ff6600;\"><strong>\u00a0<\/strong><\/span>de esta noticia sobre ataques y robos a estas viviendas tur\u00edsticas en Valencia, Toni Blasco, Gerente en\u00a0<span style=\"color: #ff6600;\"><strong><a style=\"color: #ff6600;\" href=\"https:\/\/www.tecnicom.info\/?utm_source=COMUNICAE\" target=\"_blank\" rel=\"follow noopener\">TECNICOM<\/a><\/strong><\/span>, quiso volver a poner de manifiesto la importancia de contar con un sistema de seguridad no inhibible.<\/p>\n<p>\u201cUna alarma v\u00eda radio no es una garant\u00eda de seguridad y facilita mucho su labor a los asaltantes\u201d, declara Blasco. Y es que este profesional con m\u00e1s de 15 a\u00f1os de experiencia en el sector se caracteriza por poner a su disposici\u00f3n de sus clientes dispositivos de seguridad efectivo como las alarmas cableadas no inhibibles.<\/p>\n<p><strong>Diferencias entre las alarmas cableadas y las alarmas v\u00eda radio o inal\u00e1mbricas<\/strong><\/p>\n<p>Si bien es cierto que este las alarmas inal\u00e1mbricas suelen ser m\u00e1s econ\u00f3micas, r\u00e1pidas de instalar y el producto m\u00e1s promovido por las empresas sistemas de seguridad m\u00e1s populares, las alarmas v\u00eda radio son dispositivos con una \u00fanica v\u00eda de comunicaci\u00f3n, de f\u00e1cil desactivaci\u00f3n por parte de los ladrones y no certificados ni homologados por los principales agentes como polic\u00eda, guardia civil y cuerpos de seguridad.<\/p>\n<p>Recomendadas por estos profesionales as\u00ed como por directores de sucursales bancarias, joyeros y administradores de loter\u00eda, los dispositivos cableados no inhibibles son de obligada instalaci\u00f3n, cumplimiento y revisi\u00f3n en negocios como Bancos, Joyer\u00edas, Gasolineras, Pirot\u00e9cnicas\u2026 frente a ellas, el resto de propiedades y comercios tienen opci\u00f3n de escoger el tipo de sistema de seguridad que prefieran.<\/p>\n<p>De esta forma, desde TECNICOM como empresa especializada se recomienda la elecci\u00f3n de\u00a0<span style=\"color: #ff6600;\"><strong><a style=\"color: #ff6600;\" href=\"https:\/\/www.tecnicom.info\/blog\/errores-comunes-elegir-alarma-seguridad\/?utm_source=COMUNICAE\" target=\"_blank\" rel=\"follow noopener\">las alarmas cableadas como la opci\u00f3n m\u00e1s fiable y segura<\/a><\/strong><\/span>\u00a0del mercado. Adem\u00e1s de contar con este producto, esta empresa valenciana pone a disposici\u00f3n de sus clientes destacados beneficios como asistencia durante 24 horas, instalaci\u00f3n profesional con estudio previo, tres v\u00edas de comunicaci\u00f3n, alarma sin permanencia, pago en una sola cuota y app m\u00f3vil para gestionar el dispositivo de alarma con notificaciones.<\/p>\n","protected":false},"excerpt":{"rendered":"<p>Tras la publicaci\u00f3n en\u00a0diversos medios valencianos\u00a0de esta noticia sobre ataques y robos a estas viviendas tur\u00edsticas en Valencia, Toni Blasco, Gerente en\u00a0TECNICOM, quiso volver a poner de manifiesto la importancia de contar con un sistema de seguridad no inhibible. \u201cUna alarma v\u00eda radio no es una garant\u00eda de seguridad y facilita mucho su labor a<\/p>\n","protected":false},"author":1,"featured_media":92903,"comment_status":"open","ping_status":"closed","sticky":false,"template":"","format":"standard","meta":{"footnotes":""},"categories":[213],"tags":[],"class_list":{"0":"post-92902","1":"post","2":"type-post","3":"status-publish","4":"format-standard","5":"has-post-thumbnail","7":"category-hogar"},"aioseo_notices":[],"aioseo_head":"\n\t\t<!-- All in One SEO Pro 4.9.6.1 - aioseo.com -->\n\t<meta name=\"description\" content=\"Tras la publicaci\u00f3n en diversos medios valencianos de esta noticia sobre ataques y robos a estas viviendas tur\u00edsticas en Valencia, Toni Blasco, Gerente en TECNICOM, quiso volver a poner de manifiesto la importancia de contar con un sistema de seguridad no inhibible. \u201cUna alarma v\u00eda radio no es una garant\u00eda de seguridad y facilita mucho su labor a\" \/>\n\t<meta name=\"robots\" content=\"max-image-preview:large\" \/>\n\t<meta name=\"author\" content=\"admin\"\/>\n\t<meta name=\"google-site-verification\" content=\"UA-38556648-1\" \/>\n\t<meta name=\"keywords\" content=\"hogar\" \/>\n\t<link rel=\"canonical\" href=\"https:\/\/eldigitaldeasturias.com\/magazine365\/la-oleada-de-robos-demuestra-segun-toni-blasco-la-efectividad-de-la-alarma-cableada-frente-la-inalambrica\/\" \/>\n\t<meta name=\"generator\" content=\"All in One SEO Pro (AIOSEO) 4.9.6.1\" \/>\n\t\t<meta property=\"og:locale\" content=\"es_ES\" \/>\n\t\t<meta property=\"og:site_name\" content=\"El Digital de Asturias \u2013 Revista de ocio, turismo y estilo de vida\" \/>\n\t\t<meta property=\"og:type\" content=\"article\" \/>\n\t\t<meta property=\"og:title\" content=\"La oleada de robos demuestra, seg\u00fan Toni Blasco, la efectividad de la alarma cableada frente la inal\u00e1mbrica | El Digital de Asturias\" \/>\n\t\t<meta property=\"og:description\" content=\"Tras la publicaci\u00f3n en diversos medios valencianos de esta noticia sobre ataques y robos a estas viviendas tur\u00edsticas en Valencia, Toni Blasco, Gerente en TECNICOM, quiso volver a poner de manifiesto la importancia de contar con un sistema de seguridad no inhibible. \u201cUna alarma v\u00eda radio no es una garant\u00eda de seguridad y facilita mucho su labor a\" \/>\n\t\t<meta property=\"og:url\" content=\"https:\/\/eldigitaldeasturias.com\/magazine365\/la-oleada-de-robos-demuestra-segun-toni-blasco-la-efectividad-de-la-alarma-cableada-frente-la-inalambrica\/\" \/>\n\t\t<meta property=\"og:image\" content=\"https:\/\/eldigitaldeasturias.com\/magazine365\/wp-content\/uploads\/2018\/06\/1528982657.jpg\" \/>\n\t\t<meta property=\"og:image:secure_url\" content=\"https:\/\/eldigitaldeasturias.com\/magazine365\/wp-content\/uploads\/2018\/06\/1528982657.jpg\" \/>\n\t\t<meta property=\"og:image:width\" content=\"1688\" \/>\n\t\t<meta property=\"og:image:height\" content=\"1125\" \/>\n\t\t<meta property=\"article:published_time\" content=\"2018-06-17T20:51:06+00:00\" \/>\n\t\t<meta property=\"article:modified_time\" content=\"2018-06-17T20:51:06+00:00\" \/>\n\t\t<meta name=\"twitter:card\" content=\"summary_large_image\" \/>\n\t\t<meta name=\"twitter:title\" content=\"La oleada de robos demuestra, seg\u00fan Toni Blasco, la efectividad de la alarma cableada frente la inal\u00e1mbrica | El Digital de Asturias\" \/>\n\t\t<meta name=\"twitter:description\" content=\"Tras la publicaci\u00f3n en diversos medios valencianos de esta noticia sobre ataques y robos a estas viviendas tur\u00edsticas en Valencia, Toni Blasco, Gerente en TECNICOM, quiso volver a poner de manifiesto la importancia de contar con un sistema de seguridad no inhibible. \u201cUna alarma v\u00eda radio no es una garant\u00eda de seguridad y facilita mucho su labor a\" \/>\n\t\t<meta name=\"twitter:image\" content=\"https:\/\/eldigitaldeasturias.com\/magazine365\/wp-content\/uploads\/2018\/06\/1528982657.jpg\" \/>\n\t\t<script type=\"application\/ld+json\" class=\"aioseo-schema\">\n\t\t\t{\"@context\":\"https:\\\/\\\/schema.org\",\"@graph\":[{\"@type\":\"Article\",\"@id\":\"https:\\\/\\\/eldigitaldeasturias.com\\\/magazine365\\\/la-oleada-de-robos-demuestra-segun-toni-blasco-la-efectividad-de-la-alarma-cableada-frente-la-inalambrica\\\/#article\",\"name\":\"La oleada de robos demuestra, seg\\u00fan Toni Blasco, la efectividad de la alarma cableada frente la inal\\u00e1mbrica | El Digital de Asturias\",\"headline\":\"La oleada de robos demuestra, seg\\u00fan Toni Blasco, la efectividad de la alarma cableada frente la inal\\u00e1mbrica\",\"author\":{\"@id\":\"https:\\\/\\\/eldigitaldeasturias.com\\\/magazine365\\\/author\\\/admin\\\/#author\"},\"publisher\":{\"@id\":\"https:\\\/\\\/eldigitaldeasturias.com\\\/magazine365\\\/#organization\"},\"image\":{\"@type\":\"ImageObject\",\"url\":\"https:\\\/\\\/eldigitaldeasturias.com\\\/magazine365\\\/wp-content\\\/uploads\\\/2018\\\/06\\\/1528982657.jpg\",\"width\":1688,\"height\":1125},\"datePublished\":\"2018-06-17T20:51:06+02:00\",\"dateModified\":\"2018-06-17T20:51:06+02:00\",\"inLanguage\":\"es-ES\",\"mainEntityOfPage\":{\"@id\":\"https:\\\/\\\/eldigitaldeasturias.com\\\/magazine365\\\/la-oleada-de-robos-demuestra-segun-toni-blasco-la-efectividad-de-la-alarma-cableada-frente-la-inalambrica\\\/#webpage\"},\"isPartOf\":{\"@id\":\"https:\\\/\\\/eldigitaldeasturias.com\\\/magazine365\\\/la-oleada-de-robos-demuestra-segun-toni-blasco-la-efectividad-de-la-alarma-cableada-frente-la-inalambrica\\\/#webpage\"},\"articleSection\":\"Hogar\"},{\"@type\":\"BreadcrumbList\",\"@id\":\"https:\\\/\\\/eldigitaldeasturias.com\\\/magazine365\\\/la-oleada-de-robos-demuestra-segun-toni-blasco-la-efectividad-de-la-alarma-cableada-frente-la-inalambrica\\\/#breadcrumblist\",\"itemListElement\":[{\"@type\":\"ListItem\",\"@id\":\"https:\\\/\\\/eldigitaldeasturias.com\\\/magazine365#listItem\",\"position\":1,\"name\":\"Home\",\"item\":\"https:\\\/\\\/eldigitaldeasturias.com\\\/magazine365\",\"nextItem\":{\"@type\":\"ListItem\",\"@id\":\"https:\\\/\\\/eldigitaldeasturias.com\\\/magazine365\\\/category\\\/hogar\\\/#listItem\",\"name\":\"Hogar\"}},{\"@type\":\"ListItem\",\"@id\":\"https:\\\/\\\/eldigitaldeasturias.com\\\/magazine365\\\/category\\\/hogar\\\/#listItem\",\"position\":2,\"name\":\"Hogar\",\"item\":\"https:\\\/\\\/eldigitaldeasturias.com\\\/magazine365\\\/category\\\/hogar\\\/\",\"nextItem\":{\"@type\":\"ListItem\",\"@id\":\"https:\\\/\\\/eldigitaldeasturias.com\\\/magazine365\\\/la-oleada-de-robos-demuestra-segun-toni-blasco-la-efectividad-de-la-alarma-cableada-frente-la-inalambrica\\\/#listItem\",\"name\":\"La oleada de robos demuestra, seg\\u00fan Toni Blasco, la efectividad de la alarma cableada frente la inal\\u00e1mbrica\"},\"previousItem\":{\"@type\":\"ListItem\",\"@id\":\"https:\\\/\\\/eldigitaldeasturias.com\\\/magazine365#listItem\",\"name\":\"Home\"}},{\"@type\":\"ListItem\",\"@id\":\"https:\\\/\\\/eldigitaldeasturias.com\\\/magazine365\\\/la-oleada-de-robos-demuestra-segun-toni-blasco-la-efectividad-de-la-alarma-cableada-frente-la-inalambrica\\\/#listItem\",\"position\":3,\"name\":\"La oleada de robos demuestra, seg\\u00fan Toni Blasco, la efectividad de la alarma cableada frente la inal\\u00e1mbrica\",\"previousItem\":{\"@type\":\"ListItem\",\"@id\":\"https:\\\/\\\/eldigitaldeasturias.com\\\/magazine365\\\/category\\\/hogar\\\/#listItem\",\"name\":\"Hogar\"}}]},{\"@type\":\"Organization\",\"@id\":\"https:\\\/\\\/eldigitaldeasturias.com\\\/magazine365\\\/#organization\",\"name\":\"El digital de Asturias\",\"description\":\"Revista de ocio, turismo y estilo de vida\",\"url\":\"https:\\\/\\\/eldigitaldeasturias.com\\\/magazine365\\\/\",\"logo\":{\"@type\":\"ImageObject\",\"url\":\"https:\\\/\\\/www.eldigitaldeasturias.com\\\/noticias\\\/wp-content\\\/uploads\\\/2020\\\/12\\\/EDA.jpg\",\"@id\":\"https:\\\/\\\/eldigitaldeasturias.com\\\/magazine365\\\/la-oleada-de-robos-demuestra-segun-toni-blasco-la-efectividad-de-la-alarma-cableada-frente-la-inalambrica\\\/#organizationLogo\"},\"image\":{\"@id\":\"https:\\\/\\\/eldigitaldeasturias.com\\\/magazine365\\\/la-oleada-de-robos-demuestra-segun-toni-blasco-la-efectividad-de-la-alarma-cableada-frente-la-inalambrica\\\/#organizationLogo\"}},{\"@type\":\"Person\",\"@id\":\"https:\\\/\\\/eldigitaldeasturias.com\\\/magazine365\\\/author\\\/admin\\\/#author\",\"url\":\"https:\\\/\\\/eldigitaldeasturias.com\\\/magazine365\\\/author\\\/admin\\\/\",\"name\":\"admin\",\"image\":{\"@type\":\"ImageObject\",\"@id\":\"https:\\\/\\\/eldigitaldeasturias.com\\\/magazine365\\\/la-oleada-de-robos-demuestra-segun-toni-blasco-la-efectividad-de-la-alarma-cableada-frente-la-inalambrica\\\/#authorImage\",\"url\":\"https:\\\/\\\/eldigitaldeasturias.com\\\/magazine365\\\/wp-content\\\/litespeed\\\/avatar\\\/e571bcf59a0edd6fa6838245a470f2fe.jpg?ver=1777574230\",\"width\":96,\"height\":96,\"caption\":\"admin\"}},{\"@type\":\"WebPage\",\"@id\":\"https:\\\/\\\/eldigitaldeasturias.com\\\/magazine365\\\/la-oleada-de-robos-demuestra-segun-toni-blasco-la-efectividad-de-la-alarma-cableada-frente-la-inalambrica\\\/#webpage\",\"url\":\"https:\\\/\\\/eldigitaldeasturias.com\\\/magazine365\\\/la-oleada-de-robos-demuestra-segun-toni-blasco-la-efectividad-de-la-alarma-cableada-frente-la-inalambrica\\\/\",\"name\":\"La oleada de robos demuestra, seg\\u00fan Toni Blasco, la efectividad de la alarma cableada frente la inal\\u00e1mbrica | El Digital de Asturias\",\"description\":\"Tras la publicaci\\u00f3n en diversos medios valencianos de esta noticia sobre ataques y robos a estas viviendas tur\\u00edsticas en Valencia, Toni Blasco, Gerente en TECNICOM, quiso volver a poner de manifiesto la importancia de contar con un sistema de seguridad no inhibible. \\u201cUna alarma v\\u00eda radio no es una garant\\u00eda de seguridad y facilita mucho su labor a\",\"inLanguage\":\"es-ES\",\"isPartOf\":{\"@id\":\"https:\\\/\\\/eldigitaldeasturias.com\\\/magazine365\\\/#website\"},\"breadcrumb\":{\"@id\":\"https:\\\/\\\/eldigitaldeasturias.com\\\/magazine365\\\/la-oleada-de-robos-demuestra-segun-toni-blasco-la-efectividad-de-la-alarma-cableada-frente-la-inalambrica\\\/#breadcrumblist\"},\"author\":{\"@id\":\"https:\\\/\\\/eldigitaldeasturias.com\\\/magazine365\\\/author\\\/admin\\\/#author\"},\"creator\":{\"@id\":\"https:\\\/\\\/eldigitaldeasturias.com\\\/magazine365\\\/author\\\/admin\\\/#author\"},\"image\":{\"@type\":\"ImageObject\",\"url\":\"https:\\\/\\\/eldigitaldeasturias.com\\\/magazine365\\\/wp-content\\\/uploads\\\/2018\\\/06\\\/1528982657.jpg\",\"@id\":\"https:\\\/\\\/eldigitaldeasturias.com\\\/magazine365\\\/la-oleada-de-robos-demuestra-segun-toni-blasco-la-efectividad-de-la-alarma-cableada-frente-la-inalambrica\\\/#mainImage\",\"width\":1688,\"height\":1125},\"primaryImageOfPage\":{\"@id\":\"https:\\\/\\\/eldigitaldeasturias.com\\\/magazine365\\\/la-oleada-de-robos-demuestra-segun-toni-blasco-la-efectividad-de-la-alarma-cableada-frente-la-inalambrica\\\/#mainImage\"},\"datePublished\":\"2018-06-17T20:51:06+02:00\",\"dateModified\":\"2018-06-17T20:51:06+02:00\"},{\"@type\":\"WebSite\",\"@id\":\"https:\\\/\\\/eldigitaldeasturias.com\\\/magazine365\\\/#website\",\"url\":\"https:\\\/\\\/eldigitaldeasturias.com\\\/magazine365\\\/\",\"name\":\"El Digital de Asturias\",\"description\":\"Revista de ocio, turismo y estilo de vida\",\"inLanguage\":\"es-ES\",\"publisher\":{\"@id\":\"https:\\\/\\\/eldigitaldeasturias.com\\\/magazine365\\\/#organization\"}}]}\n\t\t<\/script>\n\t\t<!-- All in One SEO Pro -->\r\n\t\t<title>La oleada de robos demuestra, seg\u00fan Toni Blasco, la efectividad de la alarma cableada frente la inal\u00e1mbrica | El Digital de Asturias<\/title>\n\n","aioseo_head_json":{"title":"La oleada de robos demuestra, seg\u00fan Toni Blasco, la efectividad de la alarma cableada frente la inal\u00e1mbrica | El Digital de Asturias","description":"Tras la publicaci\u00f3n en diversos medios valencianos de esta noticia sobre ataques y robos a estas viviendas tur\u00edsticas en Valencia, Toni Blasco, Gerente en TECNICOM, quiso volver a poner de manifiesto la importancia de contar con un sistema de seguridad no inhibible. \u201cUna alarma v\u00eda radio no es una garant\u00eda de seguridad y facilita mucho su labor a","canonical_url":"https:\/\/eldigitaldeasturias.com\/magazine365\/la-oleada-de-robos-demuestra-segun-toni-blasco-la-efectividad-de-la-alarma-cableada-frente-la-inalambrica\/","robots":"max-image-preview:large","keywords":"hogar","webmasterTools":{"google-site-verification":"UA-38556648-1","miscellaneous":""},"schema":{"@context":"https:\/\/schema.org","@graph":[{"@type":"Article","@id":"https:\/\/eldigitaldeasturias.com\/magazine365\/la-oleada-de-robos-demuestra-segun-toni-blasco-la-efectividad-de-la-alarma-cableada-frente-la-inalambrica\/#article","name":"La oleada de robos demuestra, seg\u00fan Toni Blasco, la efectividad de la alarma cableada frente la inal\u00e1mbrica | El Digital de Asturias","headline":"La oleada de robos demuestra, seg\u00fan Toni Blasco, la efectividad de la alarma cableada frente la inal\u00e1mbrica","author":{"@id":"https:\/\/eldigitaldeasturias.com\/magazine365\/author\/admin\/#author"},"publisher":{"@id":"https:\/\/eldigitaldeasturias.com\/magazine365\/#organization"},"image":{"@type":"ImageObject","url":"https:\/\/eldigitaldeasturias.com\/magazine365\/wp-content\/uploads\/2018\/06\/1528982657.jpg","width":1688,"height":1125},"datePublished":"2018-06-17T20:51:06+02:00","dateModified":"2018-06-17T20:51:06+02:00","inLanguage":"es-ES","mainEntityOfPage":{"@id":"https:\/\/eldigitaldeasturias.com\/magazine365\/la-oleada-de-robos-demuestra-segun-toni-blasco-la-efectividad-de-la-alarma-cableada-frente-la-inalambrica\/#webpage"},"isPartOf":{"@id":"https:\/\/eldigitaldeasturias.com\/magazine365\/la-oleada-de-robos-demuestra-segun-toni-blasco-la-efectividad-de-la-alarma-cableada-frente-la-inalambrica\/#webpage"},"articleSection":"Hogar"},{"@type":"BreadcrumbList","@id":"https:\/\/eldigitaldeasturias.com\/magazine365\/la-oleada-de-robos-demuestra-segun-toni-blasco-la-efectividad-de-la-alarma-cableada-frente-la-inalambrica\/#breadcrumblist","itemListElement":[{"@type":"ListItem","@id":"https:\/\/eldigitaldeasturias.com\/magazine365#listItem","position":1,"name":"Home","item":"https:\/\/eldigitaldeasturias.com\/magazine365","nextItem":{"@type":"ListItem","@id":"https:\/\/eldigitaldeasturias.com\/magazine365\/category\/hogar\/#listItem","name":"Hogar"}},{"@type":"ListItem","@id":"https:\/\/eldigitaldeasturias.com\/magazine365\/category\/hogar\/#listItem","position":2,"name":"Hogar","item":"https:\/\/eldigitaldeasturias.com\/magazine365\/category\/hogar\/","nextItem":{"@type":"ListItem","@id":"https:\/\/eldigitaldeasturias.com\/magazine365\/la-oleada-de-robos-demuestra-segun-toni-blasco-la-efectividad-de-la-alarma-cableada-frente-la-inalambrica\/#listItem","name":"La oleada de robos demuestra, seg\u00fan Toni Blasco, la efectividad de la alarma cableada frente la inal\u00e1mbrica"},"previousItem":{"@type":"ListItem","@id":"https:\/\/eldigitaldeasturias.com\/magazine365#listItem","name":"Home"}},{"@type":"ListItem","@id":"https:\/\/eldigitaldeasturias.com\/magazine365\/la-oleada-de-robos-demuestra-segun-toni-blasco-la-efectividad-de-la-alarma-cableada-frente-la-inalambrica\/#listItem","position":3,"name":"La oleada de robos demuestra, seg\u00fan Toni Blasco, la efectividad de la alarma cableada frente la inal\u00e1mbrica","previousItem":{"@type":"ListItem","@id":"https:\/\/eldigitaldeasturias.com\/magazine365\/category\/hogar\/#listItem","name":"Hogar"}}]},{"@type":"Organization","@id":"https:\/\/eldigitaldeasturias.com\/magazine365\/#organization","name":"El digital de Asturias","description":"Revista de ocio, turismo y estilo de vida","url":"https:\/\/eldigitaldeasturias.com\/magazine365\/","logo":{"@type":"ImageObject","url":"https:\/\/www.eldigitaldeasturias.com\/noticias\/wp-content\/uploads\/2020\/12\/EDA.jpg","@id":"https:\/\/eldigitaldeasturias.com\/magazine365\/la-oleada-de-robos-demuestra-segun-toni-blasco-la-efectividad-de-la-alarma-cableada-frente-la-inalambrica\/#organizationLogo"},"image":{"@id":"https:\/\/eldigitaldeasturias.com\/magazine365\/la-oleada-de-robos-demuestra-segun-toni-blasco-la-efectividad-de-la-alarma-cableada-frente-la-inalambrica\/#organizationLogo"}},{"@type":"Person","@id":"https:\/\/eldigitaldeasturias.com\/magazine365\/author\/admin\/#author","url":"https:\/\/eldigitaldeasturias.com\/magazine365\/author\/admin\/","name":"admin","image":{"@type":"ImageObject","@id":"https:\/\/eldigitaldeasturias.com\/magazine365\/la-oleada-de-robos-demuestra-segun-toni-blasco-la-efectividad-de-la-alarma-cableada-frente-la-inalambrica\/#authorImage","url":"https:\/\/eldigitaldeasturias.com\/magazine365\/wp-content\/litespeed\/avatar\/e571bcf59a0edd6fa6838245a470f2fe.jpg?ver=1777574230","width":96,"height":96,"caption":"admin"}},{"@type":"WebPage","@id":"https:\/\/eldigitaldeasturias.com\/magazine365\/la-oleada-de-robos-demuestra-segun-toni-blasco-la-efectividad-de-la-alarma-cableada-frente-la-inalambrica\/#webpage","url":"https:\/\/eldigitaldeasturias.com\/magazine365\/la-oleada-de-robos-demuestra-segun-toni-blasco-la-efectividad-de-la-alarma-cableada-frente-la-inalambrica\/","name":"La oleada de robos demuestra, seg\u00fan Toni Blasco, la efectividad de la alarma cableada frente la inal\u00e1mbrica | El Digital de Asturias","description":"Tras la publicaci\u00f3n en diversos medios valencianos de esta noticia sobre ataques y robos a estas viviendas tur\u00edsticas en Valencia, Toni Blasco, Gerente en TECNICOM, quiso volver a poner de manifiesto la importancia de contar con un sistema de seguridad no inhibible. \u201cUna alarma v\u00eda radio no es una garant\u00eda de seguridad y facilita mucho su labor a","inLanguage":"es-ES","isPartOf":{"@id":"https:\/\/eldigitaldeasturias.com\/magazine365\/#website"},"breadcrumb":{"@id":"https:\/\/eldigitaldeasturias.com\/magazine365\/la-oleada-de-robos-demuestra-segun-toni-blasco-la-efectividad-de-la-alarma-cableada-frente-la-inalambrica\/#breadcrumblist"},"author":{"@id":"https:\/\/eldigitaldeasturias.com\/magazine365\/author\/admin\/#author"},"creator":{"@id":"https:\/\/eldigitaldeasturias.com\/magazine365\/author\/admin\/#author"},"image":{"@type":"ImageObject","url":"https:\/\/eldigitaldeasturias.com\/magazine365\/wp-content\/uploads\/2018\/06\/1528982657.jpg","@id":"https:\/\/eldigitaldeasturias.com\/magazine365\/la-oleada-de-robos-demuestra-segun-toni-blasco-la-efectividad-de-la-alarma-cableada-frente-la-inalambrica\/#mainImage","width":1688,"height":1125},"primaryImageOfPage":{"@id":"https:\/\/eldigitaldeasturias.com\/magazine365\/la-oleada-de-robos-demuestra-segun-toni-blasco-la-efectividad-de-la-alarma-cableada-frente-la-inalambrica\/#mainImage"},"datePublished":"2018-06-17T20:51:06+02:00","dateModified":"2018-06-17T20:51:06+02:00"},{"@type":"WebSite","@id":"https:\/\/eldigitaldeasturias.com\/magazine365\/#website","url":"https:\/\/eldigitaldeasturias.com\/magazine365\/","name":"El Digital de Asturias","description":"Revista de ocio, turismo y estilo de vida","inLanguage":"es-ES","publisher":{"@id":"https:\/\/eldigitaldeasturias.com\/magazine365\/#organization"}}]},"og:locale":"es_ES","og:site_name":"El Digital de Asturias \u2013 Revista de ocio, turismo y estilo de vida","og:type":"article","og:title":"La oleada de robos demuestra, seg\u00fan Toni Blasco, la efectividad de la alarma cableada frente la inal\u00e1mbrica | El Digital de Asturias","og:description":"Tras la publicaci\u00f3n en diversos medios valencianos de esta noticia sobre ataques y robos a estas viviendas tur\u00edsticas en Valencia, Toni Blasco, Gerente en TECNICOM, quiso volver a poner de manifiesto la importancia de contar con un sistema de seguridad no inhibible. \u201cUna alarma v\u00eda radio no es una garant\u00eda de seguridad y facilita mucho su labor a","og:url":"https:\/\/eldigitaldeasturias.com\/magazine365\/la-oleada-de-robos-demuestra-segun-toni-blasco-la-efectividad-de-la-alarma-cableada-frente-la-inalambrica\/","og:image":"https:\/\/eldigitaldeasturias.com\/magazine365\/wp-content\/uploads\/2018\/06\/1528982657.jpg","og:image:secure_url":"https:\/\/eldigitaldeasturias.com\/magazine365\/wp-content\/uploads\/2018\/06\/1528982657.jpg","og:image:width":1688,"og:image:height":1125,"article:published_time":"2018-06-17T20:51:06+00:00","article:modified_time":"2018-06-17T20:51:06+00:00","twitter:card":"summary_large_image","twitter:title":"La oleada de robos demuestra, seg\u00fan Toni Blasco, la efectividad de la alarma cableada frente la inal\u00e1mbrica | El Digital de Asturias","twitter:description":"Tras la publicaci\u00f3n en diversos medios valencianos de esta noticia sobre ataques y robos a estas viviendas tur\u00edsticas en Valencia, Toni Blasco, Gerente en TECNICOM, quiso volver a poner de manifiesto la importancia de contar con un sistema de seguridad no inhibible. \u201cUna alarma v\u00eda radio no es una garant\u00eda de seguridad y facilita mucho su labor a","twitter:image":"https:\/\/eldigitaldeasturias.com\/magazine365\/wp-content\/uploads\/2018\/06\/1528982657.jpg"},"aioseo_meta_data":{"post_id":"92902","title":null,"description":null,"keywords":null,"keyphrases":null,"primary_term":null,"canonical_url":null,"og_title":null,"og_description":null,"og_object_type":"default","og_image_type":"default","og_image_url":null,"og_image_width":null,"og_image_height":null,"og_image_custom_url":null,"og_image_custom_fields":null,"og_video":null,"og_custom_url":null,"og_article_section":null,"og_article_tags":null,"twitter_use_og":false,"twitter_card":"default","twitter_image_type":"default","twitter_image_url":null,"twitter_image_custom_url":null,"twitter_image_custom_fields":null,"twitter_title":null,"twitter_description":null,"schema":{"blockGraphs":[],"customGraphs":[],"default":{"data":{"Article":[],"Course":[],"Dataset":[],"FAQPage":[],"Movie":[],"Person":[],"Product":[],"ProductReview":[],"Car":[],"Recipe":[],"Service":[],"SoftwareApplication":[],"WebPage":[]},"graphName":"","isEnabled":true},"graphs":[],"defaultGraph":"","defaultPostTypeGraph":""},"schema_type":null,"schema_type_options":null,"pillar_content":false,"robots_default":true,"robots_noindex":false,"robots_noarchive":false,"robots_nosnippet":false,"robots_nofollow":false,"robots_noimageindex":false,"robots_noodp":false,"robots_notranslate":false,"robots_max_snippet":null,"robots_max_videopreview":null,"robots_max_imagepreview":"large","priority":null,"frequency":null,"location":null,"local_seo":null,"seo_analyzer_scan_date":"2025-09-28 21:08:00","breadcrumb_settings":null,"limit_modified_date":false,"open_ai":null,"ai":null,"created":"2020-12-21 14:04:29","updated":"2025-09-28 21:08:00"},"aioseo_breadcrumb":"<div class=\"aioseo-breadcrumbs\"><span class=\"aioseo-breadcrumb\">\n\t<a href=\"https:\/\/eldigitaldeasturias.com\/magazine365\" title=\"Home\">Home<\/a>\n<\/span><span class=\"aioseo-breadcrumb-separator\">\u2013<\/span><span class=\"aioseo-breadcrumb\">\n\t<a href=\"https:\/\/eldigitaldeasturias.com\/magazine365\/category\/hogar\/\" title=\"Hogar\">Hogar<\/a>\n<\/span><span class=\"aioseo-breadcrumb-separator\">\u2013<\/span><span class=\"aioseo-breadcrumb\">\n\t<a href=\"https:\/\/eldigitaldeasturias.com\/magazine365\/la-oleada-de-robos-demuestra-segun-toni-blasco-la-efectividad-de-la-alarma-cableada-frente-la-inalambrica\/\" title=\"La oleada de robos demuestra, seg\u00fan Toni Blasco, la efectividad de la alarma cableada frente la inal\u00e1mbrica\">La oleada de robos demuestra, seg\u00fan Toni Blasco, la efectividad de la alarma cableada frente la inal\u00e1mbrica<\/a>\n<\/span><\/div>","aioseo_breadcrumb_json":[{"label":"Home","link":"https:\/\/eldigitaldeasturias.com\/magazine365"},{"label":"Hogar","link":"https:\/\/eldigitaldeasturias.com\/magazine365\/category\/hogar\/"},{"label":"La oleada de robos demuestra, seg\u00fan Toni Blasco, la efectividad de la alarma cableada frente la inal\u00e1mbrica","link":"https:\/\/eldigitaldeasturias.com\/magazine365\/la-oleada-de-robos-demuestra-segun-toni-blasco-la-efectividad-de-la-alarma-cableada-frente-la-inalambrica\/"}],"_links":{"self":[{"href":"https:\/\/eldigitaldeasturias.com\/magazine365\/wp-json\/wp\/v2\/posts\/92902","targetHints":{"allow":["GET"]}}],"collection":[{"href":"https:\/\/eldigitaldeasturias.com\/magazine365\/wp-json\/wp\/v2\/posts"}],"about":[{"href":"https:\/\/eldigitaldeasturias.com\/magazine365\/wp-json\/wp\/v2\/types\/post"}],"author":[{"embeddable":true,"href":"https:\/\/eldigitaldeasturias.com\/magazine365\/wp-json\/wp\/v2\/users\/1"}],"replies":[{"embeddable":true,"href":"https:\/\/eldigitaldeasturias.com\/magazine365\/wp-json\/wp\/v2\/comments?post=92902"}],"version-history":[{"count":0,"href":"https:\/\/eldigitaldeasturias.com\/magazine365\/wp-json\/wp\/v2\/posts\/92902\/revisions"}],"wp:featuredmedia":[{"embeddable":true,"href":"https:\/\/eldigitaldeasturias.com\/magazine365\/wp-json\/wp\/v2\/media\/92903"}],"wp:attachment":[{"href":"https:\/\/eldigitaldeasturias.com\/magazine365\/wp-json\/wp\/v2\/media?parent=92902"}],"wp:term":[{"taxonomy":"category","embeddable":true,"href":"https:\/\/eldigitaldeasturias.com\/magazine365\/wp-json\/wp\/v2\/categories?post=92902"},{"taxonomy":"post_tag","embeddable":true,"href":"https:\/\/eldigitaldeasturias.com\/magazine365\/wp-json\/wp\/v2\/tags?post=92902"}],"curies":[{"name":"wp","href":"https:\/\/api.w.org\/{rel}","templated":true}]}}