{"id":92696,"date":"2018-06-06T19:44:07","date_gmt":"2018-06-06T19:44:07","guid":{"rendered":"http:\/\/www.eldigitaldeasturias.com\/magazine365\/?p=92696"},"modified":"2018-06-06T19:44:07","modified_gmt":"2018-06-06T19:44:07","slug":"world-class-presenta-la-semana-de-la-cocteleria-de-madrid","status":"publish","type":"post","link":"https:\/\/eldigitaldeasturias.com\/magazine365\/world-class-presenta-la-semana-de-la-cocteleria-de-madrid\/","title":{"rendered":"World Class presenta la semana de la cocteler\u00eda de Madrid"},"content":{"rendered":"<p><img fetchpriority=\"high\" decoding=\"async\" class=\"alignleft size-medium wp-image-92697\" src=\"http:\/\/www.eldigitaldeasturias.com\/magazine365\/wp-content\/uploads\/2018\/06\/1528291835_BARTENDERS_WORLD_CLASS-360x240.jpg\" alt=\"\" width=\"360\" height=\"240\" srcset=\"https:\/\/eldigitaldeasturias.com\/magazine365\/wp-content\/uploads\/2018\/06\/1528291835_BARTENDERS_WORLD_CLASS-360x240.jpg 360w, https:\/\/eldigitaldeasturias.com\/magazine365\/wp-content\/uploads\/2018\/06\/1528291835_BARTENDERS_WORLD_CLASS-650x433.jpg 650w, https:\/\/eldigitaldeasturias.com\/magazine365\/wp-content\/uploads\/2018\/06\/1528291835_BARTENDERS_WORLD_CLASS-768x512.jpg 768w, https:\/\/eldigitaldeasturias.com\/magazine365\/wp-content\/uploads\/2018\/06\/1528291835_BARTENDERS_WORLD_CLASS-1536x1024.jpg 1536w, https:\/\/eldigitaldeasturias.com\/magazine365\/wp-content\/uploads\/2018\/06\/1528291835_BARTENDERS_WORLD_CLASS-2048x1366.jpg 2048w, https:\/\/eldigitaldeasturias.com\/magazine365\/wp-content\/uploads\/2018\/06\/1528291835_BARTENDERS_WORLD_CLASS-150x100.jpg 150w, https:\/\/eldigitaldeasturias.com\/magazine365\/wp-content\/uploads\/2018\/06\/1528291835_BARTENDERS_WORLD_CLASS-450x300.jpg 450w, https:\/\/eldigitaldeasturias.com\/magazine365\/wp-content\/uploads\/2018\/06\/1528291835_BARTENDERS_WORLD_CLASS-1200x800.jpg 1200w, https:\/\/eldigitaldeasturias.com\/magazine365\/wp-content\/uploads\/2018\/06\/1528291835_BARTENDERS_WORLD_CLASS-696x464.jpg 696w, https:\/\/eldigitaldeasturias.com\/magazine365\/wp-content\/uploads\/2018\/06\/1528291835_BARTENDERS_WORLD_CLASS-1068x712.jpg 1068w, https:\/\/eldigitaldeasturias.com\/magazine365\/wp-content\/uploads\/2018\/06\/1528291835_BARTENDERS_WORLD_CLASS-630x420.jpg 630w\" sizes=\"(max-width: 360px) 100vw, 360px\" \/>Esta ma\u00f1ana, el Sal\u00f3n Real de la Casa de Panader\u00eda de Madrid ha sido el escenario de la presentaci\u00f3n de la primera World Class Cocktail Week, un evento que convertir\u00e1 Madrid en la capital europea de la cocteler\u00eda durante la semana del 11 al 17 de junio.<\/p>\n<p>Jorge Pineda, director de World Class Cocktail Week Madrid, ha desgranado durante la presentaci\u00f3n los detalles de la gran fiesta de la cocteler\u00eda. M\u00e1s de 50 locales repartidos en cuatro distritos inspirados en las principales tendencias en mixolog\u00eda mundial ofrecer\u00e1n durante esta semana\u00a0<strong>c\u00f3cteles de autor<\/strong>, adem\u00e1s de diferentes activaciones en las que los participantes podr\u00e1n conocer y descubrir los secretos de la cocteler\u00eda creativa, como master class, talleres de cocteler\u00eda, m\u00fasica en directo, entre otros.<\/p>\n<p>As\u00ed, Madrid se dividir\u00e1 en cuatro distritos, inspirados en grandes tendencias de la mixolog\u00eda mundial. La zona centro y Gran V\u00eda se transformar\u00e1 en\u00a0<strong>#LoveScotch,<\/strong>\u00a0una zona imprescindible para los amantes del buen whisky escoc\u00e9s; Fuencarral, Chamber\u00ed y Malasa\u00f1a en\u00a0<strong>American Dream,<\/strong>\u00a0en la cual los visitantes podr\u00e1n sentir el esp\u00edritu de Nueva Orleans y el Mardi Grass; La Latina en\u00a0<strong>Viva Latino,\u00a0<\/strong>donde reinar\u00e1n el sabor y la alegr\u00eda; y, por \u00faltimo, el barrio de Salamanca se convertir\u00e1 en\u00a0<strong>Dolce Vita<\/strong>, un distrito sofisticado dedicado a quienes disfrutan del glamour cl\u00e1sico.<\/p>\n<p>Durante la presentaci\u00f3n, han intervenido representantes de la ciudad de Madrid, del mundo de la alta gastronom\u00eda y la hosteler\u00eda. Miguel Sanz, Director General de Turismo del Ayuntamiento de Madrid; Javier Mu\u00f1oz-Calero, chef ejecutivo de Azotea Grupo; y Antonella Ruggiero, Secretaria General Adjunta de la Academia Iberoamericana de Gastronom\u00eda, destacaron la importancia de este evento para colocar la ciudad de Madrid en el mapa de la mixolog\u00eda mundial, entre otros temas.<\/p>\n<p>Adem\u00e1s, la presentaci\u00f3n cont\u00f3 con la presencia de grandes nombres del mundo de la mixolog\u00eda como Diego Cabrera, de Salmon Guru; Carlos Moreno, de Grupo Larrumba; Julio de la Torre, de Santa Mar\u00eda la cocteler\u00eda de al lado; y Miguel \u00c1ngel Jim\u00e9nez, de Florida Retiro.<\/p>\n<p>Ciudades como Londres, Par\u00eds y \u00c1msterdam ya han celebrado con \u00e9xito este evento y este a\u00f1o es el turno de Madrid. M\u00e1s informaci\u00f3n de la gran fiesta de la cocteler\u00eda en\u00a0<a href=\"http:\/\/www.worldclasscocktailweek.es\/\" target=\"_blank\" rel=\"nofollow noopener\"><span style=\"color: #ff6600;\"><strong>www.worldclasscocktailweek.es<\/strong><\/span><\/a><\/p>\n<p><strong>Sobre Diageo Reserve World Class&#x2122;<\/strong><\/p>\n<p>DIAGEO RESERVE WORLD CLASS&#x2122; transforma las experiencias premium entorno a los destilados y la cultura del c\u00f3ctel alrededor del mundo. Se trata de la mayor y la m\u00e1s reputada apuesta por la hosteler\u00eda Premium impulsando la nueva generaci\u00f3n de bartenders con talento y las \u00faltimas tendencias en mixolog\u00eda para llevarlas a los mejores locales del mundo. En esencia, es un programa \u00fanico de formaci\u00f3n y una plataforma reconocida internacionalmente que pone en valor el arte de la cocteler\u00eda y los profesionales que la elaboran. Una plataforma que culmina con el anuncio del Bartender del A\u00f1o de DIAGEO RESERVE WORLD CLASS &#x2122;. Lanzado en 2009, m\u00e1s de 20.000 bartenders se han inspirado y han recibido formaci\u00f3n en el arte de la cocteler\u00eda con los mejores destilados de DIAGEO RESERVE.<\/p>\n","protected":false},"excerpt":{"rendered":"<p>Esta ma\u00f1ana, el Sal\u00f3n Real de la Casa de Panader\u00eda de Madrid ha sido el escenario de la presentaci\u00f3n de la primera World Class Cocktail Week, un evento que convertir\u00e1 Madrid en la capital europea de la cocteler\u00eda durante la semana del 11 al 17 de junio. Jorge Pineda, director de World Class Cocktail Week<\/p>\n","protected":false},"author":1,"featured_media":92697,"comment_status":"open","ping_status":"closed","sticky":false,"template":"","format":"standard","meta":{"footnotes":""},"categories":[217],"tags":[],"class_list":{"0":"post-92696","1":"post","2":"type-post","3":"status-publish","4":"format-standard","5":"has-post-thumbnail","7":"category-sabores"},"aioseo_notices":[],"aioseo_head":"\n\t\t<!-- All in One SEO Pro 4.9.6.1 - aioseo.com -->\n\t<meta name=\"description\" content=\"Esta ma\u00f1ana, el Sal\u00f3n Real de la Casa de Panader\u00eda de Madrid ha sido el escenario de la presentaci\u00f3n de la primera World Class Cocktail Week, un evento que convertir\u00e1 Madrid en la capital europea de la cocteler\u00eda durante la semana del 11 al 17 de junio. Jorge Pineda, director de World Class Cocktail Week\" \/>\n\t<meta name=\"robots\" content=\"max-image-preview:large\" \/>\n\t<meta name=\"author\" content=\"admin\"\/>\n\t<meta name=\"google-site-verification\" content=\"UA-38556648-1\" \/>\n\t<meta name=\"keywords\" content=\"sabores\" \/>\n\t<link rel=\"canonical\" href=\"https:\/\/eldigitaldeasturias.com\/magazine365\/world-class-presenta-la-semana-de-la-cocteleria-de-madrid\/\" \/>\n\t<meta name=\"generator\" content=\"All in One SEO Pro (AIOSEO) 4.9.6.1\" \/>\n\t\t<meta property=\"og:locale\" content=\"es_ES\" \/>\n\t\t<meta property=\"og:site_name\" content=\"El Digital de Asturias \u2013 Revista de ocio, turismo y estilo de vida\" \/>\n\t\t<meta property=\"og:type\" content=\"article\" \/>\n\t\t<meta property=\"og:title\" content=\"World Class presenta la semana de la cocteler\u00eda de Madrid | El Digital de Asturias\" \/>\n\t\t<meta property=\"og:description\" content=\"Esta ma\u00f1ana, el Sal\u00f3n Real de la Casa de Panader\u00eda de Madrid ha sido el escenario de la presentaci\u00f3n de la primera World Class Cocktail Week, un evento que convertir\u00e1 Madrid en la capital europea de la cocteler\u00eda durante la semana del 11 al 17 de junio. Jorge Pineda, director de World Class Cocktail Week\" \/>\n\t\t<meta property=\"og:url\" content=\"https:\/\/eldigitaldeasturias.com\/magazine365\/world-class-presenta-la-semana-de-la-cocteleria-de-madrid\/\" \/>\n\t\t<meta property=\"og:image\" content=\"https:\/\/eldigitaldeasturias.com\/magazine365\/wp-content\/uploads\/2018\/06\/1528291835_BARTENDERS_WORLD_CLASS.jpg\" \/>\n\t\t<meta property=\"og:image:secure_url\" content=\"https:\/\/eldigitaldeasturias.com\/magazine365\/wp-content\/uploads\/2018\/06\/1528291835_BARTENDERS_WORLD_CLASS.jpg\" \/>\n\t\t<meta property=\"og:image:width\" content=\"2500\" \/>\n\t\t<meta property=\"og:image:height\" content=\"1667\" \/>\n\t\t<meta property=\"article:published_time\" content=\"2018-06-06T19:44:07+00:00\" \/>\n\t\t<meta property=\"article:modified_time\" content=\"2018-06-06T19:44:07+00:00\" \/>\n\t\t<meta name=\"twitter:card\" content=\"summary_large_image\" \/>\n\t\t<meta name=\"twitter:title\" content=\"World Class presenta la semana de la cocteler\u00eda de Madrid | El Digital de Asturias\" \/>\n\t\t<meta name=\"twitter:description\" content=\"Esta ma\u00f1ana, el Sal\u00f3n Real de la Casa de Panader\u00eda de Madrid ha sido el escenario de la presentaci\u00f3n de la primera World Class Cocktail Week, un evento que convertir\u00e1 Madrid en la capital europea de la cocteler\u00eda durante la semana del 11 al 17 de junio. Jorge Pineda, director de World Class Cocktail Week\" \/>\n\t\t<meta name=\"twitter:image\" content=\"https:\/\/eldigitaldeasturias.com\/magazine365\/wp-content\/uploads\/2018\/06\/1528291835_BARTENDERS_WORLD_CLASS.jpg\" \/>\n\t\t<script type=\"application\/ld+json\" class=\"aioseo-schema\">\n\t\t\t{\"@context\":\"https:\\\/\\\/schema.org\",\"@graph\":[{\"@type\":\"Article\",\"@id\":\"https:\\\/\\\/eldigitaldeasturias.com\\\/magazine365\\\/world-class-presenta-la-semana-de-la-cocteleria-de-madrid\\\/#article\",\"name\":\"World Class presenta la semana de la cocteler\\u00eda de Madrid | El Digital de Asturias\",\"headline\":\"World Class presenta la semana de la cocteler\\u00eda de Madrid\",\"author\":{\"@id\":\"https:\\\/\\\/eldigitaldeasturias.com\\\/magazine365\\\/author\\\/admin\\\/#author\"},\"publisher\":{\"@id\":\"https:\\\/\\\/eldigitaldeasturias.com\\\/magazine365\\\/#organization\"},\"image\":{\"@type\":\"ImageObject\",\"url\":\"https:\\\/\\\/eldigitaldeasturias.com\\\/magazine365\\\/wp-content\\\/uploads\\\/2018\\\/06\\\/1528291835_BARTENDERS_WORLD_CLASS.jpg\",\"width\":2500,\"height\":1667},\"datePublished\":\"2018-06-06T19:44:07+02:00\",\"dateModified\":\"2018-06-06T19:44:07+02:00\",\"inLanguage\":\"es-ES\",\"mainEntityOfPage\":{\"@id\":\"https:\\\/\\\/eldigitaldeasturias.com\\\/magazine365\\\/world-class-presenta-la-semana-de-la-cocteleria-de-madrid\\\/#webpage\"},\"isPartOf\":{\"@id\":\"https:\\\/\\\/eldigitaldeasturias.com\\\/magazine365\\\/world-class-presenta-la-semana-de-la-cocteleria-de-madrid\\\/#webpage\"},\"articleSection\":\"Sabores\"},{\"@type\":\"BreadcrumbList\",\"@id\":\"https:\\\/\\\/eldigitaldeasturias.com\\\/magazine365\\\/world-class-presenta-la-semana-de-la-cocteleria-de-madrid\\\/#breadcrumblist\",\"itemListElement\":[{\"@type\":\"ListItem\",\"@id\":\"https:\\\/\\\/eldigitaldeasturias.com\\\/magazine365#listItem\",\"position\":1,\"name\":\"Home\",\"item\":\"https:\\\/\\\/eldigitaldeasturias.com\\\/magazine365\",\"nextItem\":{\"@type\":\"ListItem\",\"@id\":\"https:\\\/\\\/eldigitaldeasturias.com\\\/magazine365\\\/category\\\/sabores\\\/#listItem\",\"name\":\"Sabores\"}},{\"@type\":\"ListItem\",\"@id\":\"https:\\\/\\\/eldigitaldeasturias.com\\\/magazine365\\\/category\\\/sabores\\\/#listItem\",\"position\":2,\"name\":\"Sabores\",\"item\":\"https:\\\/\\\/eldigitaldeasturias.com\\\/magazine365\\\/category\\\/sabores\\\/\",\"nextItem\":{\"@type\":\"ListItem\",\"@id\":\"https:\\\/\\\/eldigitaldeasturias.com\\\/magazine365\\\/world-class-presenta-la-semana-de-la-cocteleria-de-madrid\\\/#listItem\",\"name\":\"World Class presenta la semana de la cocteler\\u00eda de Madrid\"},\"previousItem\":{\"@type\":\"ListItem\",\"@id\":\"https:\\\/\\\/eldigitaldeasturias.com\\\/magazine365#listItem\",\"name\":\"Home\"}},{\"@type\":\"ListItem\",\"@id\":\"https:\\\/\\\/eldigitaldeasturias.com\\\/magazine365\\\/world-class-presenta-la-semana-de-la-cocteleria-de-madrid\\\/#listItem\",\"position\":3,\"name\":\"World Class presenta la semana de la cocteler\\u00eda de Madrid\",\"previousItem\":{\"@type\":\"ListItem\",\"@id\":\"https:\\\/\\\/eldigitaldeasturias.com\\\/magazine365\\\/category\\\/sabores\\\/#listItem\",\"name\":\"Sabores\"}}]},{\"@type\":\"Organization\",\"@id\":\"https:\\\/\\\/eldigitaldeasturias.com\\\/magazine365\\\/#organization\",\"name\":\"El digital de Asturias\",\"description\":\"Revista de ocio, turismo y estilo de vida\",\"url\":\"https:\\\/\\\/eldigitaldeasturias.com\\\/magazine365\\\/\",\"logo\":{\"@type\":\"ImageObject\",\"url\":\"https:\\\/\\\/www.eldigitaldeasturias.com\\\/noticias\\\/wp-content\\\/uploads\\\/2020\\\/12\\\/EDA.jpg\",\"@id\":\"https:\\\/\\\/eldigitaldeasturias.com\\\/magazine365\\\/world-class-presenta-la-semana-de-la-cocteleria-de-madrid\\\/#organizationLogo\"},\"image\":{\"@id\":\"https:\\\/\\\/eldigitaldeasturias.com\\\/magazine365\\\/world-class-presenta-la-semana-de-la-cocteleria-de-madrid\\\/#organizationLogo\"}},{\"@type\":\"Person\",\"@id\":\"https:\\\/\\\/eldigitaldeasturias.com\\\/magazine365\\\/author\\\/admin\\\/#author\",\"url\":\"https:\\\/\\\/eldigitaldeasturias.com\\\/magazine365\\\/author\\\/admin\\\/\",\"name\":\"admin\",\"image\":{\"@type\":\"ImageObject\",\"@id\":\"https:\\\/\\\/eldigitaldeasturias.com\\\/magazine365\\\/world-class-presenta-la-semana-de-la-cocteleria-de-madrid\\\/#authorImage\",\"url\":\"https:\\\/\\\/eldigitaldeasturias.com\\\/magazine365\\\/wp-content\\\/litespeed\\\/avatar\\\/e571bcf59a0edd6fa6838245a470f2fe.jpg?ver=1776969259\",\"width\":96,\"height\":96,\"caption\":\"admin\"}},{\"@type\":\"WebPage\",\"@id\":\"https:\\\/\\\/eldigitaldeasturias.com\\\/magazine365\\\/world-class-presenta-la-semana-de-la-cocteleria-de-madrid\\\/#webpage\",\"url\":\"https:\\\/\\\/eldigitaldeasturias.com\\\/magazine365\\\/world-class-presenta-la-semana-de-la-cocteleria-de-madrid\\\/\",\"name\":\"World Class presenta la semana de la cocteler\\u00eda de Madrid | El Digital de Asturias\",\"description\":\"Esta ma\\u00f1ana, el Sal\\u00f3n Real de la Casa de Panader\\u00eda de Madrid ha sido el escenario de la presentaci\\u00f3n de la primera World Class Cocktail Week, un evento que convertir\\u00e1 Madrid en la capital europea de la cocteler\\u00eda durante la semana del 11 al 17 de junio. Jorge Pineda, director de World Class Cocktail Week\",\"inLanguage\":\"es-ES\",\"isPartOf\":{\"@id\":\"https:\\\/\\\/eldigitaldeasturias.com\\\/magazine365\\\/#website\"},\"breadcrumb\":{\"@id\":\"https:\\\/\\\/eldigitaldeasturias.com\\\/magazine365\\\/world-class-presenta-la-semana-de-la-cocteleria-de-madrid\\\/#breadcrumblist\"},\"author\":{\"@id\":\"https:\\\/\\\/eldigitaldeasturias.com\\\/magazine365\\\/author\\\/admin\\\/#author\"},\"creator\":{\"@id\":\"https:\\\/\\\/eldigitaldeasturias.com\\\/magazine365\\\/author\\\/admin\\\/#author\"},\"image\":{\"@type\":\"ImageObject\",\"url\":\"https:\\\/\\\/eldigitaldeasturias.com\\\/magazine365\\\/wp-content\\\/uploads\\\/2018\\\/06\\\/1528291835_BARTENDERS_WORLD_CLASS.jpg\",\"@id\":\"https:\\\/\\\/eldigitaldeasturias.com\\\/magazine365\\\/world-class-presenta-la-semana-de-la-cocteleria-de-madrid\\\/#mainImage\",\"width\":2500,\"height\":1667},\"primaryImageOfPage\":{\"@id\":\"https:\\\/\\\/eldigitaldeasturias.com\\\/magazine365\\\/world-class-presenta-la-semana-de-la-cocteleria-de-madrid\\\/#mainImage\"},\"datePublished\":\"2018-06-06T19:44:07+02:00\",\"dateModified\":\"2018-06-06T19:44:07+02:00\"},{\"@type\":\"WebSite\",\"@id\":\"https:\\\/\\\/eldigitaldeasturias.com\\\/magazine365\\\/#website\",\"url\":\"https:\\\/\\\/eldigitaldeasturias.com\\\/magazine365\\\/\",\"name\":\"El Digital de Asturias\",\"description\":\"Revista de ocio, turismo y estilo de vida\",\"inLanguage\":\"es-ES\",\"publisher\":{\"@id\":\"https:\\\/\\\/eldigitaldeasturias.com\\\/magazine365\\\/#organization\"}}]}\n\t\t<\/script>\n\t\t<!-- All in One SEO Pro -->\r\n\t\t<title>World Class presenta la semana de la cocteler\u00eda de Madrid | El Digital de Asturias<\/title>\n\n","aioseo_head_json":{"title":"World Class presenta la semana de la cocteler\u00eda de Madrid | El Digital de Asturias","description":"Esta ma\u00f1ana, el Sal\u00f3n Real de la Casa de Panader\u00eda de Madrid ha sido el escenario de la presentaci\u00f3n de la primera World Class Cocktail Week, un evento que convertir\u00e1 Madrid en la capital europea de la cocteler\u00eda durante la semana del 11 al 17 de junio. Jorge Pineda, director de World Class Cocktail Week","canonical_url":"https:\/\/eldigitaldeasturias.com\/magazine365\/world-class-presenta-la-semana-de-la-cocteleria-de-madrid\/","robots":"max-image-preview:large","keywords":"sabores","webmasterTools":{"google-site-verification":"UA-38556648-1","miscellaneous":""},"schema":{"@context":"https:\/\/schema.org","@graph":[{"@type":"Article","@id":"https:\/\/eldigitaldeasturias.com\/magazine365\/world-class-presenta-la-semana-de-la-cocteleria-de-madrid\/#article","name":"World Class presenta la semana de la cocteler\u00eda de Madrid | El Digital de Asturias","headline":"World Class presenta la semana de la cocteler\u00eda de Madrid","author":{"@id":"https:\/\/eldigitaldeasturias.com\/magazine365\/author\/admin\/#author"},"publisher":{"@id":"https:\/\/eldigitaldeasturias.com\/magazine365\/#organization"},"image":{"@type":"ImageObject","url":"https:\/\/eldigitaldeasturias.com\/magazine365\/wp-content\/uploads\/2018\/06\/1528291835_BARTENDERS_WORLD_CLASS.jpg","width":2500,"height":1667},"datePublished":"2018-06-06T19:44:07+02:00","dateModified":"2018-06-06T19:44:07+02:00","inLanguage":"es-ES","mainEntityOfPage":{"@id":"https:\/\/eldigitaldeasturias.com\/magazine365\/world-class-presenta-la-semana-de-la-cocteleria-de-madrid\/#webpage"},"isPartOf":{"@id":"https:\/\/eldigitaldeasturias.com\/magazine365\/world-class-presenta-la-semana-de-la-cocteleria-de-madrid\/#webpage"},"articleSection":"Sabores"},{"@type":"BreadcrumbList","@id":"https:\/\/eldigitaldeasturias.com\/magazine365\/world-class-presenta-la-semana-de-la-cocteleria-de-madrid\/#breadcrumblist","itemListElement":[{"@type":"ListItem","@id":"https:\/\/eldigitaldeasturias.com\/magazine365#listItem","position":1,"name":"Home","item":"https:\/\/eldigitaldeasturias.com\/magazine365","nextItem":{"@type":"ListItem","@id":"https:\/\/eldigitaldeasturias.com\/magazine365\/category\/sabores\/#listItem","name":"Sabores"}},{"@type":"ListItem","@id":"https:\/\/eldigitaldeasturias.com\/magazine365\/category\/sabores\/#listItem","position":2,"name":"Sabores","item":"https:\/\/eldigitaldeasturias.com\/magazine365\/category\/sabores\/","nextItem":{"@type":"ListItem","@id":"https:\/\/eldigitaldeasturias.com\/magazine365\/world-class-presenta-la-semana-de-la-cocteleria-de-madrid\/#listItem","name":"World Class presenta la semana de la cocteler\u00eda de Madrid"},"previousItem":{"@type":"ListItem","@id":"https:\/\/eldigitaldeasturias.com\/magazine365#listItem","name":"Home"}},{"@type":"ListItem","@id":"https:\/\/eldigitaldeasturias.com\/magazine365\/world-class-presenta-la-semana-de-la-cocteleria-de-madrid\/#listItem","position":3,"name":"World Class presenta la semana de la cocteler\u00eda de Madrid","previousItem":{"@type":"ListItem","@id":"https:\/\/eldigitaldeasturias.com\/magazine365\/category\/sabores\/#listItem","name":"Sabores"}}]},{"@type":"Organization","@id":"https:\/\/eldigitaldeasturias.com\/magazine365\/#organization","name":"El digital de Asturias","description":"Revista de ocio, turismo y estilo de vida","url":"https:\/\/eldigitaldeasturias.com\/magazine365\/","logo":{"@type":"ImageObject","url":"https:\/\/www.eldigitaldeasturias.com\/noticias\/wp-content\/uploads\/2020\/12\/EDA.jpg","@id":"https:\/\/eldigitaldeasturias.com\/magazine365\/world-class-presenta-la-semana-de-la-cocteleria-de-madrid\/#organizationLogo"},"image":{"@id":"https:\/\/eldigitaldeasturias.com\/magazine365\/world-class-presenta-la-semana-de-la-cocteleria-de-madrid\/#organizationLogo"}},{"@type":"Person","@id":"https:\/\/eldigitaldeasturias.com\/magazine365\/author\/admin\/#author","url":"https:\/\/eldigitaldeasturias.com\/magazine365\/author\/admin\/","name":"admin","image":{"@type":"ImageObject","@id":"https:\/\/eldigitaldeasturias.com\/magazine365\/world-class-presenta-la-semana-de-la-cocteleria-de-madrid\/#authorImage","url":"https:\/\/eldigitaldeasturias.com\/magazine365\/wp-content\/litespeed\/avatar\/e571bcf59a0edd6fa6838245a470f2fe.jpg?ver=1776969259","width":96,"height":96,"caption":"admin"}},{"@type":"WebPage","@id":"https:\/\/eldigitaldeasturias.com\/magazine365\/world-class-presenta-la-semana-de-la-cocteleria-de-madrid\/#webpage","url":"https:\/\/eldigitaldeasturias.com\/magazine365\/world-class-presenta-la-semana-de-la-cocteleria-de-madrid\/","name":"World Class presenta la semana de la cocteler\u00eda de Madrid | El Digital de Asturias","description":"Esta ma\u00f1ana, el Sal\u00f3n Real de la Casa de Panader\u00eda de Madrid ha sido el escenario de la presentaci\u00f3n de la primera World Class Cocktail Week, un evento que convertir\u00e1 Madrid en la capital europea de la cocteler\u00eda durante la semana del 11 al 17 de junio. Jorge Pineda, director de World Class Cocktail Week","inLanguage":"es-ES","isPartOf":{"@id":"https:\/\/eldigitaldeasturias.com\/magazine365\/#website"},"breadcrumb":{"@id":"https:\/\/eldigitaldeasturias.com\/magazine365\/world-class-presenta-la-semana-de-la-cocteleria-de-madrid\/#breadcrumblist"},"author":{"@id":"https:\/\/eldigitaldeasturias.com\/magazine365\/author\/admin\/#author"},"creator":{"@id":"https:\/\/eldigitaldeasturias.com\/magazine365\/author\/admin\/#author"},"image":{"@type":"ImageObject","url":"https:\/\/eldigitaldeasturias.com\/magazine365\/wp-content\/uploads\/2018\/06\/1528291835_BARTENDERS_WORLD_CLASS.jpg","@id":"https:\/\/eldigitaldeasturias.com\/magazine365\/world-class-presenta-la-semana-de-la-cocteleria-de-madrid\/#mainImage","width":2500,"height":1667},"primaryImageOfPage":{"@id":"https:\/\/eldigitaldeasturias.com\/magazine365\/world-class-presenta-la-semana-de-la-cocteleria-de-madrid\/#mainImage"},"datePublished":"2018-06-06T19:44:07+02:00","dateModified":"2018-06-06T19:44:07+02:00"},{"@type":"WebSite","@id":"https:\/\/eldigitaldeasturias.com\/magazine365\/#website","url":"https:\/\/eldigitaldeasturias.com\/magazine365\/","name":"El Digital de Asturias","description":"Revista de ocio, turismo y estilo de vida","inLanguage":"es-ES","publisher":{"@id":"https:\/\/eldigitaldeasturias.com\/magazine365\/#organization"}}]},"og:locale":"es_ES","og:site_name":"El Digital de Asturias \u2013 Revista de ocio, turismo y estilo de vida","og:type":"article","og:title":"World Class presenta la semana de la cocteler\u00eda de Madrid | El Digital de Asturias","og:description":"Esta ma\u00f1ana, el Sal\u00f3n Real de la Casa de Panader\u00eda de Madrid ha sido el escenario de la presentaci\u00f3n de la primera World Class Cocktail Week, un evento que convertir\u00e1 Madrid en la capital europea de la cocteler\u00eda durante la semana del 11 al 17 de junio. Jorge Pineda, director de World Class Cocktail Week","og:url":"https:\/\/eldigitaldeasturias.com\/magazine365\/world-class-presenta-la-semana-de-la-cocteleria-de-madrid\/","og:image":"https:\/\/eldigitaldeasturias.com\/magazine365\/wp-content\/uploads\/2018\/06\/1528291835_BARTENDERS_WORLD_CLASS.jpg","og:image:secure_url":"https:\/\/eldigitaldeasturias.com\/magazine365\/wp-content\/uploads\/2018\/06\/1528291835_BARTENDERS_WORLD_CLASS.jpg","og:image:width":2500,"og:image:height":1667,"article:published_time":"2018-06-06T19:44:07+00:00","article:modified_time":"2018-06-06T19:44:07+00:00","twitter:card":"summary_large_image","twitter:title":"World Class presenta la semana de la cocteler\u00eda de Madrid | El Digital de Asturias","twitter:description":"Esta ma\u00f1ana, el Sal\u00f3n Real de la Casa de Panader\u00eda de Madrid ha sido el escenario de la presentaci\u00f3n de la primera World Class Cocktail Week, un evento que convertir\u00e1 Madrid en la capital europea de la cocteler\u00eda durante la semana del 11 al 17 de junio. Jorge Pineda, director de World Class Cocktail Week","twitter:image":"https:\/\/eldigitaldeasturias.com\/magazine365\/wp-content\/uploads\/2018\/06\/1528291835_BARTENDERS_WORLD_CLASS.jpg"},"aioseo_meta_data":{"post_id":"92696","title":null,"description":null,"keywords":null,"keyphrases":null,"primary_term":null,"canonical_url":null,"og_title":null,"og_description":null,"og_object_type":"default","og_image_type":"default","og_image_url":null,"og_image_width":null,"og_image_height":null,"og_image_custom_url":null,"og_image_custom_fields":null,"og_video":null,"og_custom_url":null,"og_article_section":null,"og_article_tags":null,"twitter_use_og":false,"twitter_card":"default","twitter_image_type":"default","twitter_image_url":null,"twitter_image_custom_url":null,"twitter_image_custom_fields":null,"twitter_title":null,"twitter_description":null,"schema":{"blockGraphs":[],"customGraphs":[],"default":{"data":{"Article":[],"Course":[],"Dataset":[],"FAQPage":[],"Movie":[],"Person":[],"Product":[],"ProductReview":[],"Car":[],"Recipe":[],"Service":[],"SoftwareApplication":[],"WebPage":[]},"graphName":"","isEnabled":true},"graphs":[],"defaultGraph":"","defaultPostTypeGraph":""},"schema_type":null,"schema_type_options":null,"pillar_content":false,"robots_default":true,"robots_noindex":false,"robots_noarchive":false,"robots_nosnippet":false,"robots_nofollow":false,"robots_noimageindex":false,"robots_noodp":false,"robots_notranslate":false,"robots_max_snippet":null,"robots_max_videopreview":null,"robots_max_imagepreview":"large","priority":null,"frequency":null,"location":null,"local_seo":null,"seo_analyzer_scan_date":"2025-09-28 20:44:06","breadcrumb_settings":null,"limit_modified_date":false,"open_ai":null,"ai":null,"created":"2020-12-21 14:05:20","updated":"2025-09-28 20:44:06"},"aioseo_breadcrumb":"<div class=\"aioseo-breadcrumbs\"><span class=\"aioseo-breadcrumb\">\n\t<a href=\"https:\/\/eldigitaldeasturias.com\/magazine365\" title=\"Home\">Home<\/a>\n<\/span><span class=\"aioseo-breadcrumb-separator\">\u2013<\/span><span class=\"aioseo-breadcrumb\">\n\t<a href=\"https:\/\/eldigitaldeasturias.com\/magazine365\/category\/sabores\/\" title=\"Sabores\">Sabores<\/a>\n<\/span><span class=\"aioseo-breadcrumb-separator\">\u2013<\/span><span class=\"aioseo-breadcrumb\">\n\t<a href=\"https:\/\/eldigitaldeasturias.com\/magazine365\/world-class-presenta-la-semana-de-la-cocteleria-de-madrid\/\" title=\"World Class presenta la semana de la cocteler\u00eda de Madrid\">World Class presenta la semana de la cocteler\u00eda de Madrid<\/a>\n<\/span><\/div>","aioseo_breadcrumb_json":[{"label":"Home","link":"https:\/\/eldigitaldeasturias.com\/magazine365"},{"label":"Sabores","link":"https:\/\/eldigitaldeasturias.com\/magazine365\/category\/sabores\/"},{"label":"World Class presenta la semana de la cocteler\u00eda de Madrid","link":"https:\/\/eldigitaldeasturias.com\/magazine365\/world-class-presenta-la-semana-de-la-cocteleria-de-madrid\/"}],"_links":{"self":[{"href":"https:\/\/eldigitaldeasturias.com\/magazine365\/wp-json\/wp\/v2\/posts\/92696","targetHints":{"allow":["GET"]}}],"collection":[{"href":"https:\/\/eldigitaldeasturias.com\/magazine365\/wp-json\/wp\/v2\/posts"}],"about":[{"href":"https:\/\/eldigitaldeasturias.com\/magazine365\/wp-json\/wp\/v2\/types\/post"}],"author":[{"embeddable":true,"href":"https:\/\/eldigitaldeasturias.com\/magazine365\/wp-json\/wp\/v2\/users\/1"}],"replies":[{"embeddable":true,"href":"https:\/\/eldigitaldeasturias.com\/magazine365\/wp-json\/wp\/v2\/comments?post=92696"}],"version-history":[{"count":0,"href":"https:\/\/eldigitaldeasturias.com\/magazine365\/wp-json\/wp\/v2\/posts\/92696\/revisions"}],"wp:featuredmedia":[{"embeddable":true,"href":"https:\/\/eldigitaldeasturias.com\/magazine365\/wp-json\/wp\/v2\/media\/92697"}],"wp:attachment":[{"href":"https:\/\/eldigitaldeasturias.com\/magazine365\/wp-json\/wp\/v2\/media?parent=92696"}],"wp:term":[{"taxonomy":"category","embeddable":true,"href":"https:\/\/eldigitaldeasturias.com\/magazine365\/wp-json\/wp\/v2\/categories?post=92696"},{"taxonomy":"post_tag","embeddable":true,"href":"https:\/\/eldigitaldeasturias.com\/magazine365\/wp-json\/wp\/v2\/tags?post=92696"}],"curies":[{"name":"wp","href":"https:\/\/api.w.org\/{rel}","templated":true}]}}