{"id":92598,"date":"2018-06-01T05:48:31","date_gmt":"2018-06-01T05:48:31","guid":{"rendered":"http:\/\/www.eldigitaldeasturias.com\/magazine365\/?p=92598"},"modified":"2018-06-01T05:48:31","modified_gmt":"2018-06-01T05:48:31","slug":"trekking-en-las-montanas-de-la-luna-en-uganda","status":"publish","type":"post","link":"https:\/\/eldigitaldeasturias.com\/magazine365\/trekking-en-las-montanas-de-la-luna-en-uganda\/","title":{"rendered":"Trekking en las Monta\u00f1as de la Luna en Uganda"},"content":{"rendered":"<p><img fetchpriority=\"high\" decoding=\"async\" class=\"alignleft size-medium wp-image-92599\" src=\"http:\/\/www.eldigitaldeasturias.com\/magazine365\/wp-content\/uploads\/2018\/06\/Trekking-en-las-Monta\u00f1as-de-la-Luna-en-Uganda-360x235.jpg\" alt=\"\" width=\"360\" height=\"235\" srcset=\"https:\/\/eldigitaldeasturias.com\/magazine365\/wp-content\/uploads\/2018\/06\/Trekking-en-las-Monta\u00f1as-de-la-Luna-en-Uganda-360x235.jpg 360w, https:\/\/eldigitaldeasturias.com\/magazine365\/wp-content\/uploads\/2018\/06\/Trekking-en-las-Monta\u00f1as-de-la-Luna-en-Uganda-650x425.jpg 650w, https:\/\/eldigitaldeasturias.com\/magazine365\/wp-content\/uploads\/2018\/06\/Trekking-en-las-Monta\u00f1as-de-la-Luna-en-Uganda-150x98.jpg 150w, https:\/\/eldigitaldeasturias.com\/magazine365\/wp-content\/uploads\/2018\/06\/Trekking-en-las-Monta\u00f1as-de-la-Luna-en-Uganda-450x294.jpg 450w, https:\/\/eldigitaldeasturias.com\/magazine365\/wp-content\/uploads\/2018\/06\/Trekking-en-las-Monta\u00f1as-de-la-Luna-en-Uganda-642x420.jpg 642w, https:\/\/eldigitaldeasturias.com\/magazine365\/wp-content\/uploads\/2018\/06\/Trekking-en-las-Monta\u00f1as-de-la-Luna-en-Uganda.jpg 673w\" sizes=\"(max-width: 360px) 100vw, 360px\" \/>KASESE (dpa) &#8211; Cuando se disipa la niebla en las Monta\u00f1as de la Luna, aparece una versi\u00f3n aparentemente atemporal de este mundo. Lobelias y senecios se alzan al cielo hasta una altura de cuatro metros. De las ramas de los \u00e1rboles cuelgan l\u00edquenes que se asemejan a las barbas de esp\u00edritus silenciosos. Pantanos, humedad, tierra mojada y un verde casi impenetrable: el paisaje tiene un aspecto fabuloso.<\/p>\n<p>Dicen que el t\u00e9rmino Monta\u00f1as de la Luna fue acu\u00f1ado por el astr\u00f3nomo Claudio Ptolomeo, quien ya en el a\u00f1o 150 despu\u00e9s de Cristo hablaba de la existencia de monta\u00f1as cubiertas de nieve en \u00c1frica. Senderos lodosos discurren por valles estrechos. Sin botas de goma no se puede caminar aqu\u00ed. Los senderistas pernoctan en caba\u00f1as primitivas sin electricidad ni agua o en tiendas de campa\u00f1a.<\/p>\n<p>\u00abLos desaf\u00edos son el terreno empinado, el lodo y los troncos resbalosos, la altura, las condiciones meteorol\u00f3gicos y la condici\u00f3n f\u00edsica\u00bb, explica Richard Dramaza, de 33 a\u00f1os. Richard es uno de los dos gu\u00edas de monta\u00f1a que nos acompa\u00f1an durante un trekking de una semana. El otro es Samuel Ociti, de 31 a\u00f1os, un tipo m\u00e1s intr\u00e9pido.<\/p>\n<p>Iniciamos la excursi\u00f3n en Kilembe, un peque\u00f1o pueblo situado al oeste de la ciudad de Kasese compuesto por una iglesia, una escuela y caba\u00f1as sencillas. Los miembros de la etnia bakonjo son sobre todo campesinos. En los campos que rodean el pueblo cultivan frijoles, caf\u00e9 y mandioca. Aqu\u00ed, el senderista a\u00fan no puede inmaginarse las condiciones inh\u00f3spitas en los Montes Ruwenzori.<\/p>\n<p>La agencia Ruwenzori Trekking Services regenta una pensi\u00f3n en Kilembe. El Kilembe Trail, gestionado por la agencia, se inaugur\u00f3 en 2008. Antes, casi todos los turistas se desplazaban por el Central Circuit Trail, situado m\u00e1s al norte. Las dos rutas se juntan a los pies del Monte Stanley.<\/p>\n<p>La meta es el Pico Margherita, de 5.109 metros de alto. Los bakonjo creen que all\u00ed vive la pareja de dioses Ketasamba y Nyabibuya. Seg\u00fan la leyenda, cuando los dos dioses se mueven, se desprenden piedras del monte.<\/p>\n<p>Este peligro a\u00fan est\u00e1 lejos en las pendientes inferiores de la Ruwenzori. La vegetaci\u00f3n es espesa y exuberante. Lianas trepan por los \u00e1rboles tropicales de un bosque que siempre est\u00e1 verde. En una rama entre la maleza est\u00e1 sentado un camale\u00f3n como un dinosaurio en miniatura.<\/p>\n<p>Richard y Samuel caminan al frente charlando. Despu\u00e9s de un puesto de guardabosques de la Uganda Wildlife Authority, el sendero sube de forma empinada. Abajo, en el valle, murmura un r\u00edo.<\/p>\n<p>A una altura de 2.500 metros comienza el segundo nivel de vegetaci\u00f3n, el bosque de bamb\u00fa. Los troncos est\u00e1n muy juntos unos a otros y alcanzan una gran altura. La primera jornada del trekking termina en Kalalama Camp, a una altura de 3.134 metros, en medio de un aguacero. El sol desaparece.<\/p>\n<p>Al d\u00eda siguiente abandonamos definitivamente las huellas de la civilizaci\u00f3n o nos adentramos en un paisaje de niebla casi inaccesible, atravesado por arroyos y charcas, y cubierto de brezo y plantas gigantescas. Una y otra vez, las botas de goma quedan atascadas en el lodo.<\/p>\n<p>Durante mucho tiempo, el turismo aqu\u00ed no pudo desarrollarse bien, tambi\u00e9n por culpa de los dictadores Obote y Amin. Durante la segunda guerra del Congo, el Gobierno de Uganda cerr\u00f3 el parque nacional, declarado Patrimonio Natural de la Humanidad, debido a los grupos rebeldes que operaban en \u00e9l. En 2001, el parque fue reabierto a turistas extranjeros.<\/p>\n<p>En el camino que va a Bugata Camp, la vegetaci\u00f3n se hace cada vez m\u00e1s escasa a medida que uno va subiendo. Se acerca la zona alpina. Por la noche, la vista desde el campamento, situado a una altura de 4.062 metros, llega hasta el valle de Namusangi con sus lagos glaciares. R\u00e1pidamente oscurece.<\/p>\n<p>Los portadores preparan una comida con arroz y verdura. Sin ellos ser\u00eda imposible hacer trekking en el Ruwenzori. La agencia les paga entre cuatro y cinco d\u00f3lares diarios. Los gu\u00edas reciben entre nueve y 12 d\u00f3lares por persona y por d\u00eda. Si el turista llega a la cima, el gu\u00eda recibe un bonus.<\/p>\n<p>La subida al paso Bamwanjara (4.450 metros) al d\u00eda siguiente es resbaladiza. La lluvia ha convertido el camino en un arroyo. A\u00fan m\u00e1s empinada es la subida por un bosque de senecios envuelto de niebla.<\/p>\n<p>Durante un par de minutos se pueden ver desde aqu\u00ed los picos dentados del Ruwenzori, cubiertos de nieve. Poco m\u00e1s tarde, la mirada se dirige hacia lagos de monta\u00f1a solitarios en medio de pendientes siempre verdes. Las pendientes al oeste del lago pertenecen a la provincia de Kivu, en el norte del Congo.<\/p>\n<p>Despu\u00e9s de pasar la noche en Hunwick&#8217;s Camp, a una altura de 3.974 metros, iniciamos la \u00faltima etapa antes de llegar a la cima. El camino, que sigue siendo pantanoso, pasa junto a los lagos de Kitandara y sube de forma empinada hacia lo pies del glaciar Margherita.<\/p>\n<p>Los \u00faltimos metros hacia la cima pasan sobre rocas cubiertas de nieve. De repente tenemos una vista libre. Una delgada l\u00ednea azul marca el horizonte en el este. \u00bfY qu\u00e9 se siente aqu\u00ed arriba, tan lejos del mundo civilizado? Agotamiento, alivio, sublimidad.<\/p>\n<p>Informaci\u00f3n b\u00e1sica: Los Montes Ruwenzori<\/p>\n<p>C\u00f3mo llegar: En avi\u00f3n a Kampala, la capital de Uganda, y desde all\u00ed en autob\u00fas o transporte privado a Kasese. Para entrar en Uganda se necesita un visado que antes del viaje hay que solicitar y pagar online (https:\/\/visas.immigration.go.ug\/). El precio es de 50 d\u00f3lares (unos 42 euros). Adem\u00e1s, hay que presentar un certificado de vacunaci\u00f3n contra la fiebre amarilla.<\/p>\n<p>Cu\u00e1ndo viajar: Para hacer trekking, las dos estaciones secas son las m\u00e1s adecuadas: de mediados de diciembre a mediados de marzo y de junio a agosto.<\/p>\n<p>Salud: En toda Uganda y durante todo el a\u00f1o existe un elevado riesgo de contraer la malaria. Se recomienda una quimioprofilaxis con medicamentos. Tambi\u00e9n es importante prevenir las picaduras de mosquitos. Asimismo, se recomienda vacunarse contra la hepatitis A.<\/p>\n<p>Seguridad: Debido a las operaciones militares contra rebeldes congole\u00f1os en la regi\u00f3n fronteriza, es recomendable informarse de la situaci\u00f3n de seguridad actual antes de visitar el Parque Nacional Ruwenzori.<\/p>\n<p><i class=\"lang-es\"><span class=\" readonly\" title=\"\">Por Philipp Laage (dpa)<\/span><\/i><\/p>\n<p>Foto: Philipp Laage\/dpa-tmn<\/p>\n<p>&nbsp;<\/p>\n","protected":false},"excerpt":{"rendered":"<p>KASESE (dpa) &#8211; Cuando se disipa la niebla en las Monta\u00f1as de la Luna, aparece una versi\u00f3n aparentemente atemporal de este mundo. Lobelias y senecios se alzan al cielo hasta una altura de cuatro metros. De las ramas de los \u00e1rboles cuelgan l\u00edquenes que se asemejan a las barbas de esp\u00edritus silenciosos. Pantanos, humedad, tierra<\/p>\n","protected":false},"author":1,"featured_media":92599,"comment_status":"open","ping_status":"closed","sticky":false,"template":"","format":"standard","meta":{"footnotes":""},"categories":[238],"tags":[],"class_list":{"0":"post-92598","1":"post","2":"type-post","3":"status-publish","4":"format-standard","5":"has-post-thumbnail","7":"category-viajes"},"aioseo_notices":[],"aioseo_head":"\n\t\t<!-- All in One SEO Pro 4.9.6.1 - aioseo.com -->\n\t<meta name=\"description\" content=\"KASESE (dpa) - Cuando se disipa la niebla en las Monta\u00f1as de la Luna, aparece una versi\u00f3n aparentemente atemporal de este mundo. Lobelias y senecios se alzan al cielo hasta una altura de cuatro metros. De las ramas de los \u00e1rboles cuelgan l\u00edquenes que se asemejan a las barbas de esp\u00edritus silenciosos. Pantanos, humedad, tierra\" \/>\n\t<meta name=\"robots\" content=\"max-image-preview:large\" \/>\n\t<meta name=\"author\" content=\"admin\"\/>\n\t<meta name=\"google-site-verification\" content=\"UA-38556648-1\" \/>\n\t<meta name=\"keywords\" content=\"viajes\" \/>\n\t<link rel=\"canonical\" href=\"https:\/\/eldigitaldeasturias.com\/magazine365\/trekking-en-las-montanas-de-la-luna-en-uganda\/\" \/>\n\t<meta name=\"generator\" content=\"All in One SEO Pro (AIOSEO) 4.9.6.1\" \/>\n\t\t<meta property=\"og:locale\" content=\"es_ES\" \/>\n\t\t<meta property=\"og:site_name\" content=\"El Digital de Asturias \u2013 Revista de ocio, turismo y estilo de vida\" \/>\n\t\t<meta property=\"og:type\" content=\"article\" \/>\n\t\t<meta property=\"og:title\" content=\"Trekking en las Monta\u00f1as de la Luna en Uganda | El Digital de Asturias\" \/>\n\t\t<meta property=\"og:description\" content=\"KASESE (dpa) - Cuando se disipa la niebla en las Monta\u00f1as de la Luna, aparece una versi\u00f3n aparentemente atemporal de este mundo. Lobelias y senecios se alzan al cielo hasta una altura de cuatro metros. De las ramas de los \u00e1rboles cuelgan l\u00edquenes que se asemejan a las barbas de esp\u00edritus silenciosos. Pantanos, humedad, tierra\" \/>\n\t\t<meta property=\"og:url\" content=\"https:\/\/eldigitaldeasturias.com\/magazine365\/trekking-en-las-montanas-de-la-luna-en-uganda\/\" \/>\n\t\t<meta property=\"og:image\" content=\"https:\/\/eldigitaldeasturias.com\/magazine365\/wp-content\/uploads\/2018\/06\/Trekking-en-las-Monta\u00f1as-de-la-Luna-en-Uganda.jpg\" \/>\n\t\t<meta property=\"og:image:secure_url\" content=\"https:\/\/eldigitaldeasturias.com\/magazine365\/wp-content\/uploads\/2018\/06\/Trekking-en-las-Monta\u00f1as-de-la-Luna-en-Uganda.jpg\" \/>\n\t\t<meta property=\"og:image:width\" content=\"673\" \/>\n\t\t<meta property=\"og:image:height\" content=\"440\" \/>\n\t\t<meta property=\"article:published_time\" content=\"2018-06-01T05:48:31+00:00\" \/>\n\t\t<meta property=\"article:modified_time\" content=\"2018-06-01T05:48:31+00:00\" \/>\n\t\t<meta name=\"twitter:card\" content=\"summary_large_image\" \/>\n\t\t<meta name=\"twitter:title\" content=\"Trekking en las Monta\u00f1as de la Luna en Uganda | El Digital de Asturias\" \/>\n\t\t<meta name=\"twitter:description\" content=\"KASESE (dpa) - Cuando se disipa la niebla en las Monta\u00f1as de la Luna, aparece una versi\u00f3n aparentemente atemporal de este mundo. Lobelias y senecios se alzan al cielo hasta una altura de cuatro metros. De las ramas de los \u00e1rboles cuelgan l\u00edquenes que se asemejan a las barbas de esp\u00edritus silenciosos. Pantanos, humedad, tierra\" \/>\n\t\t<meta name=\"twitter:image\" content=\"https:\/\/eldigitaldeasturias.com\/magazine365\/wp-content\/uploads\/2018\/06\/Trekking-en-las-Monta\u00f1as-de-la-Luna-en-Uganda.jpg\" \/>\n\t\t<script type=\"application\/ld+json\" class=\"aioseo-schema\">\n\t\t\t{\"@context\":\"https:\\\/\\\/schema.org\",\"@graph\":[{\"@type\":\"Article\",\"@id\":\"https:\\\/\\\/eldigitaldeasturias.com\\\/magazine365\\\/trekking-en-las-montanas-de-la-luna-en-uganda\\\/#article\",\"name\":\"Trekking en las Monta\\u00f1as de la Luna en Uganda | El Digital de Asturias\",\"headline\":\"Trekking en las Monta\\u00f1as de la Luna en Uganda\",\"author\":{\"@id\":\"https:\\\/\\\/eldigitaldeasturias.com\\\/magazine365\\\/author\\\/admin\\\/#author\"},\"publisher\":{\"@id\":\"https:\\\/\\\/eldigitaldeasturias.com\\\/magazine365\\\/#organization\"},\"image\":{\"@type\":\"ImageObject\",\"url\":\"https:\\\/\\\/eldigitaldeasturias.com\\\/magazine365\\\/wp-content\\\/uploads\\\/2018\\\/06\\\/Trekking-en-las-Monta\\u00f1as-de-la-Luna-en-Uganda.jpg\",\"width\":673,\"height\":440},\"datePublished\":\"2018-06-01T05:48:31+02:00\",\"dateModified\":\"2018-06-01T05:48:31+02:00\",\"inLanguage\":\"es-ES\",\"mainEntityOfPage\":{\"@id\":\"https:\\\/\\\/eldigitaldeasturias.com\\\/magazine365\\\/trekking-en-las-montanas-de-la-luna-en-uganda\\\/#webpage\"},\"isPartOf\":{\"@id\":\"https:\\\/\\\/eldigitaldeasturias.com\\\/magazine365\\\/trekking-en-las-montanas-de-la-luna-en-uganda\\\/#webpage\"},\"articleSection\":\"Viajes\"},{\"@type\":\"BreadcrumbList\",\"@id\":\"https:\\\/\\\/eldigitaldeasturias.com\\\/magazine365\\\/trekking-en-las-montanas-de-la-luna-en-uganda\\\/#breadcrumblist\",\"itemListElement\":[{\"@type\":\"ListItem\",\"@id\":\"https:\\\/\\\/eldigitaldeasturias.com\\\/magazine365#listItem\",\"position\":1,\"name\":\"Home\",\"item\":\"https:\\\/\\\/eldigitaldeasturias.com\\\/magazine365\",\"nextItem\":{\"@type\":\"ListItem\",\"@id\":\"https:\\\/\\\/eldigitaldeasturias.com\\\/magazine365\\\/category\\\/viajes\\\/#listItem\",\"name\":\"Viajes\"}},{\"@type\":\"ListItem\",\"@id\":\"https:\\\/\\\/eldigitaldeasturias.com\\\/magazine365\\\/category\\\/viajes\\\/#listItem\",\"position\":2,\"name\":\"Viajes\",\"item\":\"https:\\\/\\\/eldigitaldeasturias.com\\\/magazine365\\\/category\\\/viajes\\\/\",\"nextItem\":{\"@type\":\"ListItem\",\"@id\":\"https:\\\/\\\/eldigitaldeasturias.com\\\/magazine365\\\/trekking-en-las-montanas-de-la-luna-en-uganda\\\/#listItem\",\"name\":\"Trekking en las Monta\\u00f1as de la Luna en Uganda\"},\"previousItem\":{\"@type\":\"ListItem\",\"@id\":\"https:\\\/\\\/eldigitaldeasturias.com\\\/magazine365#listItem\",\"name\":\"Home\"}},{\"@type\":\"ListItem\",\"@id\":\"https:\\\/\\\/eldigitaldeasturias.com\\\/magazine365\\\/trekking-en-las-montanas-de-la-luna-en-uganda\\\/#listItem\",\"position\":3,\"name\":\"Trekking en las Monta\\u00f1as de la Luna en Uganda\",\"previousItem\":{\"@type\":\"ListItem\",\"@id\":\"https:\\\/\\\/eldigitaldeasturias.com\\\/magazine365\\\/category\\\/viajes\\\/#listItem\",\"name\":\"Viajes\"}}]},{\"@type\":\"Organization\",\"@id\":\"https:\\\/\\\/eldigitaldeasturias.com\\\/magazine365\\\/#organization\",\"name\":\"El digital de Asturias\",\"description\":\"Revista de ocio, turismo y estilo de vida\",\"url\":\"https:\\\/\\\/eldigitaldeasturias.com\\\/magazine365\\\/\",\"logo\":{\"@type\":\"ImageObject\",\"url\":\"https:\\\/\\\/www.eldigitaldeasturias.com\\\/noticias\\\/wp-content\\\/uploads\\\/2020\\\/12\\\/EDA.jpg\",\"@id\":\"https:\\\/\\\/eldigitaldeasturias.com\\\/magazine365\\\/trekking-en-las-montanas-de-la-luna-en-uganda\\\/#organizationLogo\"},\"image\":{\"@id\":\"https:\\\/\\\/eldigitaldeasturias.com\\\/magazine365\\\/trekking-en-las-montanas-de-la-luna-en-uganda\\\/#organizationLogo\"}},{\"@type\":\"Person\",\"@id\":\"https:\\\/\\\/eldigitaldeasturias.com\\\/magazine365\\\/author\\\/admin\\\/#author\",\"url\":\"https:\\\/\\\/eldigitaldeasturias.com\\\/magazine365\\\/author\\\/admin\\\/\",\"name\":\"admin\",\"image\":{\"@type\":\"ImageObject\",\"@id\":\"https:\\\/\\\/eldigitaldeasturias.com\\\/magazine365\\\/trekking-en-las-montanas-de-la-luna-en-uganda\\\/#authorImage\",\"url\":\"https:\\\/\\\/eldigitaldeasturias.com\\\/magazine365\\\/wp-content\\\/litespeed\\\/avatar\\\/e571bcf59a0edd6fa6838245a470f2fe.jpg?ver=1776969259\",\"width\":96,\"height\":96,\"caption\":\"admin\"}},{\"@type\":\"WebPage\",\"@id\":\"https:\\\/\\\/eldigitaldeasturias.com\\\/magazine365\\\/trekking-en-las-montanas-de-la-luna-en-uganda\\\/#webpage\",\"url\":\"https:\\\/\\\/eldigitaldeasturias.com\\\/magazine365\\\/trekking-en-las-montanas-de-la-luna-en-uganda\\\/\",\"name\":\"Trekking en las Monta\\u00f1as de la Luna en Uganda | El Digital de Asturias\",\"description\":\"KASESE (dpa) - Cuando se disipa la niebla en las Monta\\u00f1as de la Luna, aparece una versi\\u00f3n aparentemente atemporal de este mundo. Lobelias y senecios se alzan al cielo hasta una altura de cuatro metros. De las ramas de los \\u00e1rboles cuelgan l\\u00edquenes que se asemejan a las barbas de esp\\u00edritus silenciosos. Pantanos, humedad, tierra\",\"inLanguage\":\"es-ES\",\"isPartOf\":{\"@id\":\"https:\\\/\\\/eldigitaldeasturias.com\\\/magazine365\\\/#website\"},\"breadcrumb\":{\"@id\":\"https:\\\/\\\/eldigitaldeasturias.com\\\/magazine365\\\/trekking-en-las-montanas-de-la-luna-en-uganda\\\/#breadcrumblist\"},\"author\":{\"@id\":\"https:\\\/\\\/eldigitaldeasturias.com\\\/magazine365\\\/author\\\/admin\\\/#author\"},\"creator\":{\"@id\":\"https:\\\/\\\/eldigitaldeasturias.com\\\/magazine365\\\/author\\\/admin\\\/#author\"},\"image\":{\"@type\":\"ImageObject\",\"url\":\"https:\\\/\\\/eldigitaldeasturias.com\\\/magazine365\\\/wp-content\\\/uploads\\\/2018\\\/06\\\/Trekking-en-las-Monta\\u00f1as-de-la-Luna-en-Uganda.jpg\",\"@id\":\"https:\\\/\\\/eldigitaldeasturias.com\\\/magazine365\\\/trekking-en-las-montanas-de-la-luna-en-uganda\\\/#mainImage\",\"width\":673,\"height\":440},\"primaryImageOfPage\":{\"@id\":\"https:\\\/\\\/eldigitaldeasturias.com\\\/magazine365\\\/trekking-en-las-montanas-de-la-luna-en-uganda\\\/#mainImage\"},\"datePublished\":\"2018-06-01T05:48:31+02:00\",\"dateModified\":\"2018-06-01T05:48:31+02:00\"},{\"@type\":\"WebSite\",\"@id\":\"https:\\\/\\\/eldigitaldeasturias.com\\\/magazine365\\\/#website\",\"url\":\"https:\\\/\\\/eldigitaldeasturias.com\\\/magazine365\\\/\",\"name\":\"El Digital de Asturias\",\"description\":\"Revista de ocio, turismo y estilo de vida\",\"inLanguage\":\"es-ES\",\"publisher\":{\"@id\":\"https:\\\/\\\/eldigitaldeasturias.com\\\/magazine365\\\/#organization\"}}]}\n\t\t<\/script>\n\t\t<!-- All in One SEO Pro -->\r\n\t\t<title>Trekking en las Monta\u00f1as de la Luna en Uganda | El Digital de Asturias<\/title>\n\n","aioseo_head_json":{"title":"Trekking en las Monta\u00f1as de la Luna en Uganda | El Digital de Asturias","description":"KASESE (dpa) - Cuando se disipa la niebla en las Monta\u00f1as de la Luna, aparece una versi\u00f3n aparentemente atemporal de este mundo. Lobelias y senecios se alzan al cielo hasta una altura de cuatro metros. De las ramas de los \u00e1rboles cuelgan l\u00edquenes que se asemejan a las barbas de esp\u00edritus silenciosos. Pantanos, humedad, tierra","canonical_url":"https:\/\/eldigitaldeasturias.com\/magazine365\/trekking-en-las-montanas-de-la-luna-en-uganda\/","robots":"max-image-preview:large","keywords":"viajes","webmasterTools":{"google-site-verification":"UA-38556648-1","miscellaneous":""},"schema":{"@context":"https:\/\/schema.org","@graph":[{"@type":"Article","@id":"https:\/\/eldigitaldeasturias.com\/magazine365\/trekking-en-las-montanas-de-la-luna-en-uganda\/#article","name":"Trekking en las Monta\u00f1as de la Luna en Uganda | El Digital de Asturias","headline":"Trekking en las Monta\u00f1as de la Luna en Uganda","author":{"@id":"https:\/\/eldigitaldeasturias.com\/magazine365\/author\/admin\/#author"},"publisher":{"@id":"https:\/\/eldigitaldeasturias.com\/magazine365\/#organization"},"image":{"@type":"ImageObject","url":"https:\/\/eldigitaldeasturias.com\/magazine365\/wp-content\/uploads\/2018\/06\/Trekking-en-las-Monta\u00f1as-de-la-Luna-en-Uganda.jpg","width":673,"height":440},"datePublished":"2018-06-01T05:48:31+02:00","dateModified":"2018-06-01T05:48:31+02:00","inLanguage":"es-ES","mainEntityOfPage":{"@id":"https:\/\/eldigitaldeasturias.com\/magazine365\/trekking-en-las-montanas-de-la-luna-en-uganda\/#webpage"},"isPartOf":{"@id":"https:\/\/eldigitaldeasturias.com\/magazine365\/trekking-en-las-montanas-de-la-luna-en-uganda\/#webpage"},"articleSection":"Viajes"},{"@type":"BreadcrumbList","@id":"https:\/\/eldigitaldeasturias.com\/magazine365\/trekking-en-las-montanas-de-la-luna-en-uganda\/#breadcrumblist","itemListElement":[{"@type":"ListItem","@id":"https:\/\/eldigitaldeasturias.com\/magazine365#listItem","position":1,"name":"Home","item":"https:\/\/eldigitaldeasturias.com\/magazine365","nextItem":{"@type":"ListItem","@id":"https:\/\/eldigitaldeasturias.com\/magazine365\/category\/viajes\/#listItem","name":"Viajes"}},{"@type":"ListItem","@id":"https:\/\/eldigitaldeasturias.com\/magazine365\/category\/viajes\/#listItem","position":2,"name":"Viajes","item":"https:\/\/eldigitaldeasturias.com\/magazine365\/category\/viajes\/","nextItem":{"@type":"ListItem","@id":"https:\/\/eldigitaldeasturias.com\/magazine365\/trekking-en-las-montanas-de-la-luna-en-uganda\/#listItem","name":"Trekking en las Monta\u00f1as de la Luna en Uganda"},"previousItem":{"@type":"ListItem","@id":"https:\/\/eldigitaldeasturias.com\/magazine365#listItem","name":"Home"}},{"@type":"ListItem","@id":"https:\/\/eldigitaldeasturias.com\/magazine365\/trekking-en-las-montanas-de-la-luna-en-uganda\/#listItem","position":3,"name":"Trekking en las Monta\u00f1as de la Luna en Uganda","previousItem":{"@type":"ListItem","@id":"https:\/\/eldigitaldeasturias.com\/magazine365\/category\/viajes\/#listItem","name":"Viajes"}}]},{"@type":"Organization","@id":"https:\/\/eldigitaldeasturias.com\/magazine365\/#organization","name":"El digital de Asturias","description":"Revista de ocio, turismo y estilo de vida","url":"https:\/\/eldigitaldeasturias.com\/magazine365\/","logo":{"@type":"ImageObject","url":"https:\/\/www.eldigitaldeasturias.com\/noticias\/wp-content\/uploads\/2020\/12\/EDA.jpg","@id":"https:\/\/eldigitaldeasturias.com\/magazine365\/trekking-en-las-montanas-de-la-luna-en-uganda\/#organizationLogo"},"image":{"@id":"https:\/\/eldigitaldeasturias.com\/magazine365\/trekking-en-las-montanas-de-la-luna-en-uganda\/#organizationLogo"}},{"@type":"Person","@id":"https:\/\/eldigitaldeasturias.com\/magazine365\/author\/admin\/#author","url":"https:\/\/eldigitaldeasturias.com\/magazine365\/author\/admin\/","name":"admin","image":{"@type":"ImageObject","@id":"https:\/\/eldigitaldeasturias.com\/magazine365\/trekking-en-las-montanas-de-la-luna-en-uganda\/#authorImage","url":"https:\/\/eldigitaldeasturias.com\/magazine365\/wp-content\/litespeed\/avatar\/e571bcf59a0edd6fa6838245a470f2fe.jpg?ver=1776969259","width":96,"height":96,"caption":"admin"}},{"@type":"WebPage","@id":"https:\/\/eldigitaldeasturias.com\/magazine365\/trekking-en-las-montanas-de-la-luna-en-uganda\/#webpage","url":"https:\/\/eldigitaldeasturias.com\/magazine365\/trekking-en-las-montanas-de-la-luna-en-uganda\/","name":"Trekking en las Monta\u00f1as de la Luna en Uganda | El Digital de Asturias","description":"KASESE (dpa) - Cuando se disipa la niebla en las Monta\u00f1as de la Luna, aparece una versi\u00f3n aparentemente atemporal de este mundo. Lobelias y senecios se alzan al cielo hasta una altura de cuatro metros. De las ramas de los \u00e1rboles cuelgan l\u00edquenes que se asemejan a las barbas de esp\u00edritus silenciosos. Pantanos, humedad, tierra","inLanguage":"es-ES","isPartOf":{"@id":"https:\/\/eldigitaldeasturias.com\/magazine365\/#website"},"breadcrumb":{"@id":"https:\/\/eldigitaldeasturias.com\/magazine365\/trekking-en-las-montanas-de-la-luna-en-uganda\/#breadcrumblist"},"author":{"@id":"https:\/\/eldigitaldeasturias.com\/magazine365\/author\/admin\/#author"},"creator":{"@id":"https:\/\/eldigitaldeasturias.com\/magazine365\/author\/admin\/#author"},"image":{"@type":"ImageObject","url":"https:\/\/eldigitaldeasturias.com\/magazine365\/wp-content\/uploads\/2018\/06\/Trekking-en-las-Monta\u00f1as-de-la-Luna-en-Uganda.jpg","@id":"https:\/\/eldigitaldeasturias.com\/magazine365\/trekking-en-las-montanas-de-la-luna-en-uganda\/#mainImage","width":673,"height":440},"primaryImageOfPage":{"@id":"https:\/\/eldigitaldeasturias.com\/magazine365\/trekking-en-las-montanas-de-la-luna-en-uganda\/#mainImage"},"datePublished":"2018-06-01T05:48:31+02:00","dateModified":"2018-06-01T05:48:31+02:00"},{"@type":"WebSite","@id":"https:\/\/eldigitaldeasturias.com\/magazine365\/#website","url":"https:\/\/eldigitaldeasturias.com\/magazine365\/","name":"El Digital de Asturias","description":"Revista de ocio, turismo y estilo de vida","inLanguage":"es-ES","publisher":{"@id":"https:\/\/eldigitaldeasturias.com\/magazine365\/#organization"}}]},"og:locale":"es_ES","og:site_name":"El Digital de Asturias \u2013 Revista de ocio, turismo y estilo de vida","og:type":"article","og:title":"Trekking en las Monta\u00f1as de la Luna en Uganda | El Digital de Asturias","og:description":"KASESE (dpa) - Cuando se disipa la niebla en las Monta\u00f1as de la Luna, aparece una versi\u00f3n aparentemente atemporal de este mundo. Lobelias y senecios se alzan al cielo hasta una altura de cuatro metros. De las ramas de los \u00e1rboles cuelgan l\u00edquenes que se asemejan a las barbas de esp\u00edritus silenciosos. Pantanos, humedad, tierra","og:url":"https:\/\/eldigitaldeasturias.com\/magazine365\/trekking-en-las-montanas-de-la-luna-en-uganda\/","og:image":"https:\/\/eldigitaldeasturias.com\/magazine365\/wp-content\/uploads\/2018\/06\/Trekking-en-las-Monta\u00f1as-de-la-Luna-en-Uganda.jpg","og:image:secure_url":"https:\/\/eldigitaldeasturias.com\/magazine365\/wp-content\/uploads\/2018\/06\/Trekking-en-las-Monta\u00f1as-de-la-Luna-en-Uganda.jpg","og:image:width":673,"og:image:height":440,"article:published_time":"2018-06-01T05:48:31+00:00","article:modified_time":"2018-06-01T05:48:31+00:00","twitter:card":"summary_large_image","twitter:title":"Trekking en las Monta\u00f1as de la Luna en Uganda | El Digital de Asturias","twitter:description":"KASESE (dpa) - Cuando se disipa la niebla en las Monta\u00f1as de la Luna, aparece una versi\u00f3n aparentemente atemporal de este mundo. Lobelias y senecios se alzan al cielo hasta una altura de cuatro metros. De las ramas de los \u00e1rboles cuelgan l\u00edquenes que se asemejan a las barbas de esp\u00edritus silenciosos. Pantanos, humedad, tierra","twitter:image":"https:\/\/eldigitaldeasturias.com\/magazine365\/wp-content\/uploads\/2018\/06\/Trekking-en-las-Monta\u00f1as-de-la-Luna-en-Uganda.jpg"},"aioseo_meta_data":{"post_id":"92598","title":null,"description":null,"keywords":null,"keyphrases":null,"primary_term":null,"canonical_url":null,"og_title":null,"og_description":null,"og_object_type":"default","og_image_type":"default","og_image_url":null,"og_image_width":null,"og_image_height":null,"og_image_custom_url":null,"og_image_custom_fields":null,"og_video":null,"og_custom_url":null,"og_article_section":null,"og_article_tags":null,"twitter_use_og":false,"twitter_card":"default","twitter_image_type":"default","twitter_image_url":null,"twitter_image_custom_url":null,"twitter_image_custom_fields":null,"twitter_title":null,"twitter_description":null,"schema":{"blockGraphs":[],"customGraphs":[],"default":{"data":{"Article":[],"Course":[],"Dataset":[],"FAQPage":[],"Movie":[],"Person":[],"Product":[],"ProductReview":[],"Car":[],"Recipe":[],"Service":[],"SoftwareApplication":[],"WebPage":[]},"graphName":"","isEnabled":true},"graphs":[],"defaultGraph":"","defaultPostTypeGraph":""},"schema_type":null,"schema_type_options":null,"pillar_content":false,"robots_default":true,"robots_noindex":false,"robots_noarchive":false,"robots_nosnippet":false,"robots_nofollow":false,"robots_noimageindex":false,"robots_noodp":false,"robots_notranslate":false,"robots_max_snippet":null,"robots_max_videopreview":null,"robots_max_imagepreview":"large","priority":null,"frequency":null,"location":null,"local_seo":null,"seo_analyzer_scan_date":"2025-09-28 20:33:42","breadcrumb_settings":null,"limit_modified_date":false,"open_ai":null,"ai":null,"created":"2020-12-21 14:05:20","updated":"2025-09-28 20:33:42"},"aioseo_breadcrumb":"<div class=\"aioseo-breadcrumbs\"><span class=\"aioseo-breadcrumb\">\n\t<a href=\"https:\/\/eldigitaldeasturias.com\/magazine365\" title=\"Home\">Home<\/a>\n<\/span><span class=\"aioseo-breadcrumb-separator\">\u2013<\/span><span class=\"aioseo-breadcrumb\">\n\t<a href=\"https:\/\/eldigitaldeasturias.com\/magazine365\/category\/viajes\/\" title=\"Viajes\">Viajes<\/a>\n<\/span><span class=\"aioseo-breadcrumb-separator\">\u2013<\/span><span class=\"aioseo-breadcrumb\">\n\t<a href=\"https:\/\/eldigitaldeasturias.com\/magazine365\/trekking-en-las-montanas-de-la-luna-en-uganda\/\" title=\"Trekking en las Monta\u00f1as de la Luna en Uganda\">Trekking en las Monta\u00f1as de la Luna en Uganda<\/a>\n<\/span><\/div>","aioseo_breadcrumb_json":[{"label":"Home","link":"https:\/\/eldigitaldeasturias.com\/magazine365"},{"label":"Viajes","link":"https:\/\/eldigitaldeasturias.com\/magazine365\/category\/viajes\/"},{"label":"Trekking en las Monta\u00f1as de la Luna en Uganda","link":"https:\/\/eldigitaldeasturias.com\/magazine365\/trekking-en-las-montanas-de-la-luna-en-uganda\/"}],"_links":{"self":[{"href":"https:\/\/eldigitaldeasturias.com\/magazine365\/wp-json\/wp\/v2\/posts\/92598","targetHints":{"allow":["GET"]}}],"collection":[{"href":"https:\/\/eldigitaldeasturias.com\/magazine365\/wp-json\/wp\/v2\/posts"}],"about":[{"href":"https:\/\/eldigitaldeasturias.com\/magazine365\/wp-json\/wp\/v2\/types\/post"}],"author":[{"embeddable":true,"href":"https:\/\/eldigitaldeasturias.com\/magazine365\/wp-json\/wp\/v2\/users\/1"}],"replies":[{"embeddable":true,"href":"https:\/\/eldigitaldeasturias.com\/magazine365\/wp-json\/wp\/v2\/comments?post=92598"}],"version-history":[{"count":0,"href":"https:\/\/eldigitaldeasturias.com\/magazine365\/wp-json\/wp\/v2\/posts\/92598\/revisions"}],"wp:featuredmedia":[{"embeddable":true,"href":"https:\/\/eldigitaldeasturias.com\/magazine365\/wp-json\/wp\/v2\/media\/92599"}],"wp:attachment":[{"href":"https:\/\/eldigitaldeasturias.com\/magazine365\/wp-json\/wp\/v2\/media?parent=92598"}],"wp:term":[{"taxonomy":"category","embeddable":true,"href":"https:\/\/eldigitaldeasturias.com\/magazine365\/wp-json\/wp\/v2\/categories?post=92598"},{"taxonomy":"post_tag","embeddable":true,"href":"https:\/\/eldigitaldeasturias.com\/magazine365\/wp-json\/wp\/v2\/tags?post=92598"}],"curies":[{"name":"wp","href":"https:\/\/api.w.org\/{rel}","templated":true}]}}