{"id":92514,"date":"2018-05-31T00:45:11","date_gmt":"2018-05-31T00:45:11","guid":{"rendered":"http:\/\/www.eldigitaldeasturias.com\/magazine365\/?p=92514"},"modified":"2018-05-31T00:45:11","modified_gmt":"2018-05-31T00:45:11","slug":"de-ruta-por-la-republica-checa-en-bicicleta-electrica-por-el-elba","status":"publish","type":"post","link":"https:\/\/eldigitaldeasturias.com\/magazine365\/de-ruta-por-la-republica-checa-en-bicicleta-electrica-por-el-elba\/","title":{"rendered":"De ruta por la Rep\u00fablica Checa en bicicleta el\u00e9ctrica por el Elba"},"content":{"rendered":"<p>KUKS (dpa) &#8211; Riberas verdes, arquitectura urbana barroca y rocas volc\u00e1nicas: el tramo checo de la ruta cicloturista por el Elba promete muchas experiencias bonitas.<\/p>\n<p><img fetchpriority=\"high\" decoding=\"async\" class=\"aligncenter size-large wp-image-92515\" src=\"http:\/\/www.eldigitaldeasturias.com\/magazine365\/wp-content\/uploads\/2018\/05\/En-bicicleta-el\u00e9ctrica-por-el-r\u00edo-Elba-650x430.jpg\" alt=\"\" width=\"650\" height=\"430\" srcset=\"https:\/\/eldigitaldeasturias.com\/magazine365\/wp-content\/uploads\/2018\/05\/En-bicicleta-el\u00e9ctrica-por-el-r\u00edo-Elba-650x430.jpg 650w, https:\/\/eldigitaldeasturias.com\/magazine365\/wp-content\/uploads\/2018\/05\/En-bicicleta-el\u00e9ctrica-por-el-r\u00edo-Elba-360x238.jpg 360w, https:\/\/eldigitaldeasturias.com\/magazine365\/wp-content\/uploads\/2018\/05\/En-bicicleta-el\u00e9ctrica-por-el-r\u00edo-Elba-150x99.jpg 150w, https:\/\/eldigitaldeasturias.com\/magazine365\/wp-content\/uploads\/2018\/05\/En-bicicleta-el\u00e9ctrica-por-el-r\u00edo-Elba-450x298.jpg 450w, https:\/\/eldigitaldeasturias.com\/magazine365\/wp-content\/uploads\/2018\/05\/En-bicicleta-el\u00e9ctrica-por-el-r\u00edo-Elba-634x420.jpg 634w, https:\/\/eldigitaldeasturias.com\/magazine365\/wp-content\/uploads\/2018\/05\/En-bicicleta-el\u00e9ctrica-por-el-r\u00edo-Elba.jpg 663w\" sizes=\"(max-width: 650px) 100vw, 650px\" \/><\/p>\n<p>Desgraciadamente, llueve a c\u00e1ntaros cuando queremos iniciar el tour, de varios d\u00edas, por lo que el gu\u00eda, Sven Czastka, propone que nos saltemos el primer tramo de la ruta, que va del lugar donde nace el r\u00edo Elba, cerca de la ciudad de Spindleruv Mlyn, en las Monta\u00f1as de los Gigantes, a la ciudad de Kuks.<\/p>\n<p>Sin embargo, tambi\u00e9n en Kuks hace mal tiempo, por lo que decidimos, antes de recorrer los primeros kil\u00f3metros en bicicleta el\u00e9ctrica, visitar el monasterio de la \u00e9poca barroca, que ha sido renovado ampliamente. En el monasterio se pueden ver pinturas murales y esculturas del siglo XVII.<\/p>\n<p>Cuando por fin montamos en bici para iniciar el tour, gruesas gotas de agua golpean el asfalto. Despu\u00e9s de 38 kil\u00f3metros, en Hradec Kralove, los dedos est\u00e1n h\u00famedos y fr\u00edos. Afortunadamente, Jiri Stejskal abri\u00f3 hace seis a\u00f1os en esta localidad una tienda de chocolate, \u00abJordi&#8217;s chocolate\u00bb. El due\u00f1o recibe a los ciclistas empapados con chocolate con chile y ron.<\/p>\n<p>A la ma\u00f1ana siguiente, el cielo sigue estando gris pero al menos ha dejado de llover. Nos desviamos de la ruta para visitar el hip\u00f3dromo de Pardubice. Justamente cuando llegamos, acaba de comenzar una carrera de carruajes deportivos.<\/p>\n<p>Unos kil\u00f3metros m\u00e1s adelante, la ruta cicloturista pasa junto al criadero nacional de caballos de Kladruby. Sobre el pasto intensamente verde corretean con sus melenas al viento caballos Kladruber, una de razas equinas m\u00e1s antiguas de Europa.<\/p>\n<p>El siguiente destino del tour en bicicleta el\u00e9ctrica es Kutna Hora. Esta ciudad est\u00e1 un poco alejada del Elba, pero el desv\u00edo vale la pena. A finales del siglo XIII, la plata convirti\u00f3 a Kutna Hora en una de las ciudades m\u00e1s ricas de Bohemia. Actualmente, el centro hist\u00f3rico de la ciudad figura en la lista del Patrimonio de la Humanidad de la Unesco. Con su imponente arquitectura, la catedral de Santa B\u00e1rbara deja maravillado al visitante.<\/p>\n<p>El camino a Melnik v\u00eda Brandys nad Labem pasa en Stara Boleslav junto a la bas\u00edlica en cuya puerta, seg\u00fan la leyenda, el santo patr\u00f3n checo Wenceslao fue asesinado por su hermano. Despu\u00e9s de pasar por Kostelec, el camino es pedregoso, lleno de baches. Tras un recorrido de unos 70 kil\u00f3metros llegamos a Melnik.<\/p>\n<p>A la ma\u00f1ana siguiente, el sol r\u00e1pidamente hace desaparecer la niebla sobre el Elba. El pr\u00f3ximo destino es Libotenice, que alberga la mayor exposici\u00f3n de huevos de Pascua de la Rep\u00fablica Checa, un sinn\u00famero de huevos encerados, te\u00f1idos con t\u00e9cnica batik, grabados y pegados con paja en todos los colores.<\/p>\n<p>Continuamos la ruta en direcci\u00f3n a Terezin, Theresienstadt en alem\u00e1n. Los nazis convirtieron la ciudad en un campo de concentraci\u00f3n para los jud\u00edos de Bohemia y Moravia. De los aproximadamente 141.000 jud\u00edos internados en Terezin solo sobrevivieron unos 19.000. M\u00e1s de 33.000 personas murieron all\u00ed, unas 88.000 fueron deportadas y, en su mayor\u00eda, asesinadas en otros campos.<\/p>\n<p>Poco despu\u00e9s de dejar atr\u00e1s Terezin comienza el tramo m\u00e1s bonito del tour en bicicleta. En las estribaciones de las bajas monta\u00f1as de Bohemia, la ruta pasa junto a campos de l\u00fapulo seguidos de vi\u00f1edos. Hace mucho tiempo, aqu\u00ed hab\u00eda una serie de conos volc\u00e1nicos. Hasta el d\u00eda de hoy, la ceniza volc\u00e1nica le da al suelo una mineralidad especial que tambi\u00e9n beneficia al vino.<\/p>\n<p>En Usti nad Labem visitamos el Castillo de Strekov, una ruina de un castillo g\u00f3tico del siglo XIV. Gracias a la bicicleta el\u00e9ctrica, la subida al castillo no es ning\u00fan problema. Desde arriba se tiene una buena vista panor\u00e1mica de la ciudad industrial.<\/p>\n<p>El centro hist\u00f3rico de la ciudad ofrece una mezcla interesante de arquitectura barroca, art nouveau y conjuntos de viviendas construidos con placas prefabricadas de hormig\u00f3n armado, al estilo de la antigua Rep\u00fablica Democr\u00e1tica Alemana.<\/p>\n<p>La \u00faltima etapa, de 28 kil\u00f3metros, nos lleva de Usti a Decin, \u00abuna Meca para turistas activos\u00bb, dice Czasta. Aqu\u00ed hay mucha actividad deportiva: por el Elba se desplazan muchas canoas y botes neum\u00e1ticos. Ciclistas de monta\u00f1a y senderistas suben a las crestas de arenisca y tambi\u00e9n hay escaladas.<\/p>\n<p>Solo pocos kil\u00f3metros separan a Decin de Schmilka, en el lado alem\u00e1n de la frontera, donde a ambos lados del Elba se alzan rocas de arenisca. Aqu\u00ed, en el \u00faltimo tramo de la ruta cicloturista de 243 kil\u00f3metros, la naturaleza una vez m\u00e1s muestra su lado m\u00e1s bonito.<\/p>\n<p>Informaciones: www.czechtourism.com.<\/p>\n<p><i class=\"lang-es\"><span class=\" readonly\" title=\"\">Por Michael Juhran (dpa)<\/span><\/i><\/p>\n<p>Foto: Petr Polak\/CzechTourism\/dpa-tmn<\/p>\n","protected":false},"excerpt":{"rendered":"<p>KUKS (dpa) &#8211; Riberas verdes, arquitectura urbana barroca y rocas volc\u00e1nicas: el tramo checo de la ruta cicloturista por el Elba promete muchas experiencias bonitas. Desgraciadamente, llueve a c\u00e1ntaros cuando queremos iniciar el tour, de varios d\u00edas, por lo que el gu\u00eda, Sven Czastka, propone que nos saltemos el primer tramo de la ruta, que<\/p>\n","protected":false},"author":1,"featured_media":92515,"comment_status":"open","ping_status":"closed","sticky":false,"template":"","format":"standard","meta":{"footnotes":""},"categories":[228,238],"tags":[],"class_list":{"0":"post-92514","1":"post","2":"type-post","3":"status-publish","4":"format-standard","5":"has-post-thumbnail","7":"category-destacadas","8":"category-viajes"},"aioseo_notices":[],"aioseo_head":"\n\t\t<!-- All in One SEO Pro 4.9.6.1 - aioseo.com -->\n\t<meta name=\"description\" content=\"KUKS (dpa) - Riberas verdes, arquitectura urbana barroca y rocas volc\u00e1nicas: el tramo checo de la ruta cicloturista por el Elba promete muchas experiencias bonitas. Desgraciadamente, llueve a c\u00e1ntaros cuando queremos iniciar el tour, de varios d\u00edas, por lo que el gu\u00eda, Sven Czastka, propone que nos saltemos el primer tramo de la ruta, que\" \/>\n\t<meta name=\"robots\" content=\"max-image-preview:large\" \/>\n\t<meta name=\"author\" content=\"admin\"\/>\n\t<meta name=\"google-site-verification\" content=\"UA-38556648-1\" \/>\n\t<meta name=\"keywords\" content=\"destacadas,viajes\" \/>\n\t<link rel=\"canonical\" href=\"https:\/\/eldigitaldeasturias.com\/magazine365\/de-ruta-por-la-republica-checa-en-bicicleta-electrica-por-el-elba\/\" \/>\n\t<meta name=\"generator\" content=\"All in One SEO Pro (AIOSEO) 4.9.6.1\" \/>\n\t\t<meta property=\"og:locale\" content=\"es_ES\" \/>\n\t\t<meta property=\"og:site_name\" content=\"El Digital de Asturias \u2013 Revista de ocio, turismo y estilo de vida\" \/>\n\t\t<meta property=\"og:type\" content=\"article\" \/>\n\t\t<meta property=\"og:title\" content=\"De ruta por la Rep\u00fablica Checa en bicicleta el\u00e9ctrica por el Elba | El Digital de Asturias\" \/>\n\t\t<meta property=\"og:description\" content=\"KUKS (dpa) - Riberas verdes, arquitectura urbana barroca y rocas volc\u00e1nicas: el tramo checo de la ruta cicloturista por el Elba promete muchas experiencias bonitas. Desgraciadamente, llueve a c\u00e1ntaros cuando queremos iniciar el tour, de varios d\u00edas, por lo que el gu\u00eda, Sven Czastka, propone que nos saltemos el primer tramo de la ruta, que\" \/>\n\t\t<meta property=\"og:url\" content=\"https:\/\/eldigitaldeasturias.com\/magazine365\/de-ruta-por-la-republica-checa-en-bicicleta-electrica-por-el-elba\/\" \/>\n\t\t<meta property=\"og:image\" content=\"https:\/\/eldigitaldeasturias.com\/magazine365\/wp-content\/uploads\/2018\/05\/En-bicicleta-el\u00e9ctrica-por-el-r\u00edo-Elba.jpg\" \/>\n\t\t<meta property=\"og:image:secure_url\" content=\"https:\/\/eldigitaldeasturias.com\/magazine365\/wp-content\/uploads\/2018\/05\/En-bicicleta-el\u00e9ctrica-por-el-r\u00edo-Elba.jpg\" \/>\n\t\t<meta property=\"og:image:width\" content=\"663\" \/>\n\t\t<meta property=\"og:image:height\" content=\"439\" \/>\n\t\t<meta property=\"article:published_time\" content=\"2018-05-31T00:45:11+00:00\" \/>\n\t\t<meta property=\"article:modified_time\" content=\"2018-05-31T00:45:11+00:00\" \/>\n\t\t<meta name=\"twitter:card\" content=\"summary_large_image\" \/>\n\t\t<meta name=\"twitter:title\" content=\"De ruta por la Rep\u00fablica Checa en bicicleta el\u00e9ctrica por el Elba | El Digital de Asturias\" \/>\n\t\t<meta name=\"twitter:description\" content=\"KUKS (dpa) - Riberas verdes, arquitectura urbana barroca y rocas volc\u00e1nicas: el tramo checo de la ruta cicloturista por el Elba promete muchas experiencias bonitas. Desgraciadamente, llueve a c\u00e1ntaros cuando queremos iniciar el tour, de varios d\u00edas, por lo que el gu\u00eda, Sven Czastka, propone que nos saltemos el primer tramo de la ruta, que\" \/>\n\t\t<meta name=\"twitter:image\" content=\"https:\/\/eldigitaldeasturias.com\/magazine365\/wp-content\/uploads\/2018\/05\/En-bicicleta-el\u00e9ctrica-por-el-r\u00edo-Elba.jpg\" \/>\n\t\t<script type=\"application\/ld+json\" class=\"aioseo-schema\">\n\t\t\t{\"@context\":\"https:\\\/\\\/schema.org\",\"@graph\":[{\"@type\":\"Article\",\"@id\":\"https:\\\/\\\/eldigitaldeasturias.com\\\/magazine365\\\/de-ruta-por-la-republica-checa-en-bicicleta-electrica-por-el-elba\\\/#article\",\"name\":\"De ruta por la Rep\\u00fablica Checa en bicicleta el\\u00e9ctrica por el Elba | El Digital de Asturias\",\"headline\":\"De ruta por la Rep\\u00fablica Checa en bicicleta el\\u00e9ctrica por el Elba\",\"author\":{\"@id\":\"https:\\\/\\\/eldigitaldeasturias.com\\\/magazine365\\\/author\\\/admin\\\/#author\"},\"publisher\":{\"@id\":\"https:\\\/\\\/eldigitaldeasturias.com\\\/magazine365\\\/#organization\"},\"image\":{\"@type\":\"ImageObject\",\"url\":\"https:\\\/\\\/eldigitaldeasturias.com\\\/magazine365\\\/wp-content\\\/uploads\\\/2018\\\/05\\\/En-bicicleta-el\\u00e9ctrica-por-el-r\\u00edo-Elba.jpg\",\"width\":663,\"height\":439},\"datePublished\":\"2018-05-31T00:45:11+02:00\",\"dateModified\":\"2018-05-31T00:45:11+02:00\",\"inLanguage\":\"es-ES\",\"mainEntityOfPage\":{\"@id\":\"https:\\\/\\\/eldigitaldeasturias.com\\\/magazine365\\\/de-ruta-por-la-republica-checa-en-bicicleta-electrica-por-el-elba\\\/#webpage\"},\"isPartOf\":{\"@id\":\"https:\\\/\\\/eldigitaldeasturias.com\\\/magazine365\\\/de-ruta-por-la-republica-checa-en-bicicleta-electrica-por-el-elba\\\/#webpage\"},\"articleSection\":\"Destacadas, Viajes\"},{\"@type\":\"BreadcrumbList\",\"@id\":\"https:\\\/\\\/eldigitaldeasturias.com\\\/magazine365\\\/de-ruta-por-la-republica-checa-en-bicicleta-electrica-por-el-elba\\\/#breadcrumblist\",\"itemListElement\":[{\"@type\":\"ListItem\",\"@id\":\"https:\\\/\\\/eldigitaldeasturias.com\\\/magazine365#listItem\",\"position\":1,\"name\":\"Home\",\"item\":\"https:\\\/\\\/eldigitaldeasturias.com\\\/magazine365\",\"nextItem\":{\"@type\":\"ListItem\",\"@id\":\"https:\\\/\\\/eldigitaldeasturias.com\\\/magazine365\\\/category\\\/destacadas\\\/#listItem\",\"name\":\"Destacadas\"}},{\"@type\":\"ListItem\",\"@id\":\"https:\\\/\\\/eldigitaldeasturias.com\\\/magazine365\\\/category\\\/destacadas\\\/#listItem\",\"position\":2,\"name\":\"Destacadas\",\"item\":\"https:\\\/\\\/eldigitaldeasturias.com\\\/magazine365\\\/category\\\/destacadas\\\/\",\"nextItem\":{\"@type\":\"ListItem\",\"@id\":\"https:\\\/\\\/eldigitaldeasturias.com\\\/magazine365\\\/de-ruta-por-la-republica-checa-en-bicicleta-electrica-por-el-elba\\\/#listItem\",\"name\":\"De ruta por la Rep\\u00fablica Checa en bicicleta el\\u00e9ctrica por el Elba\"},\"previousItem\":{\"@type\":\"ListItem\",\"@id\":\"https:\\\/\\\/eldigitaldeasturias.com\\\/magazine365#listItem\",\"name\":\"Home\"}},{\"@type\":\"ListItem\",\"@id\":\"https:\\\/\\\/eldigitaldeasturias.com\\\/magazine365\\\/de-ruta-por-la-republica-checa-en-bicicleta-electrica-por-el-elba\\\/#listItem\",\"position\":3,\"name\":\"De ruta por la Rep\\u00fablica Checa en bicicleta el\\u00e9ctrica por el Elba\",\"previousItem\":{\"@type\":\"ListItem\",\"@id\":\"https:\\\/\\\/eldigitaldeasturias.com\\\/magazine365\\\/category\\\/destacadas\\\/#listItem\",\"name\":\"Destacadas\"}}]},{\"@type\":\"Organization\",\"@id\":\"https:\\\/\\\/eldigitaldeasturias.com\\\/magazine365\\\/#organization\",\"name\":\"El digital de Asturias\",\"description\":\"Revista de ocio, turismo y estilo de vida\",\"url\":\"https:\\\/\\\/eldigitaldeasturias.com\\\/magazine365\\\/\",\"logo\":{\"@type\":\"ImageObject\",\"url\":\"https:\\\/\\\/www.eldigitaldeasturias.com\\\/noticias\\\/wp-content\\\/uploads\\\/2020\\\/12\\\/EDA.jpg\",\"@id\":\"https:\\\/\\\/eldigitaldeasturias.com\\\/magazine365\\\/de-ruta-por-la-republica-checa-en-bicicleta-electrica-por-el-elba\\\/#organizationLogo\"},\"image\":{\"@id\":\"https:\\\/\\\/eldigitaldeasturias.com\\\/magazine365\\\/de-ruta-por-la-republica-checa-en-bicicleta-electrica-por-el-elba\\\/#organizationLogo\"}},{\"@type\":\"Person\",\"@id\":\"https:\\\/\\\/eldigitaldeasturias.com\\\/magazine365\\\/author\\\/admin\\\/#author\",\"url\":\"https:\\\/\\\/eldigitaldeasturias.com\\\/magazine365\\\/author\\\/admin\\\/\",\"name\":\"admin\",\"image\":{\"@type\":\"ImageObject\",\"@id\":\"https:\\\/\\\/eldigitaldeasturias.com\\\/magazine365\\\/de-ruta-por-la-republica-checa-en-bicicleta-electrica-por-el-elba\\\/#authorImage\",\"url\":\"https:\\\/\\\/eldigitaldeasturias.com\\\/magazine365\\\/wp-content\\\/litespeed\\\/avatar\\\/e571bcf59a0edd6fa6838245a470f2fe.jpg?ver=1776969259\",\"width\":96,\"height\":96,\"caption\":\"admin\"}},{\"@type\":\"WebPage\",\"@id\":\"https:\\\/\\\/eldigitaldeasturias.com\\\/magazine365\\\/de-ruta-por-la-republica-checa-en-bicicleta-electrica-por-el-elba\\\/#webpage\",\"url\":\"https:\\\/\\\/eldigitaldeasturias.com\\\/magazine365\\\/de-ruta-por-la-republica-checa-en-bicicleta-electrica-por-el-elba\\\/\",\"name\":\"De ruta por la Rep\\u00fablica Checa en bicicleta el\\u00e9ctrica por el Elba | El Digital de Asturias\",\"description\":\"KUKS (dpa) - Riberas verdes, arquitectura urbana barroca y rocas volc\\u00e1nicas: el tramo checo de la ruta cicloturista por el Elba promete muchas experiencias bonitas. Desgraciadamente, llueve a c\\u00e1ntaros cuando queremos iniciar el tour, de varios d\\u00edas, por lo que el gu\\u00eda, Sven Czastka, propone que nos saltemos el primer tramo de la ruta, que\",\"inLanguage\":\"es-ES\",\"isPartOf\":{\"@id\":\"https:\\\/\\\/eldigitaldeasturias.com\\\/magazine365\\\/#website\"},\"breadcrumb\":{\"@id\":\"https:\\\/\\\/eldigitaldeasturias.com\\\/magazine365\\\/de-ruta-por-la-republica-checa-en-bicicleta-electrica-por-el-elba\\\/#breadcrumblist\"},\"author\":{\"@id\":\"https:\\\/\\\/eldigitaldeasturias.com\\\/magazine365\\\/author\\\/admin\\\/#author\"},\"creator\":{\"@id\":\"https:\\\/\\\/eldigitaldeasturias.com\\\/magazine365\\\/author\\\/admin\\\/#author\"},\"image\":{\"@type\":\"ImageObject\",\"url\":\"https:\\\/\\\/eldigitaldeasturias.com\\\/magazine365\\\/wp-content\\\/uploads\\\/2018\\\/05\\\/En-bicicleta-el\\u00e9ctrica-por-el-r\\u00edo-Elba.jpg\",\"@id\":\"https:\\\/\\\/eldigitaldeasturias.com\\\/magazine365\\\/de-ruta-por-la-republica-checa-en-bicicleta-electrica-por-el-elba\\\/#mainImage\",\"width\":663,\"height\":439},\"primaryImageOfPage\":{\"@id\":\"https:\\\/\\\/eldigitaldeasturias.com\\\/magazine365\\\/de-ruta-por-la-republica-checa-en-bicicleta-electrica-por-el-elba\\\/#mainImage\"},\"datePublished\":\"2018-05-31T00:45:11+02:00\",\"dateModified\":\"2018-05-31T00:45:11+02:00\"},{\"@type\":\"WebSite\",\"@id\":\"https:\\\/\\\/eldigitaldeasturias.com\\\/magazine365\\\/#website\",\"url\":\"https:\\\/\\\/eldigitaldeasturias.com\\\/magazine365\\\/\",\"name\":\"El Digital de Asturias\",\"description\":\"Revista de ocio, turismo y estilo de vida\",\"inLanguage\":\"es-ES\",\"publisher\":{\"@id\":\"https:\\\/\\\/eldigitaldeasturias.com\\\/magazine365\\\/#organization\"}}]}\n\t\t<\/script>\n\t\t<!-- All in One SEO Pro -->\r\n\t\t<title>De ruta por la Rep\u00fablica Checa en bicicleta el\u00e9ctrica por el Elba | El Digital de Asturias<\/title>\n\n","aioseo_head_json":{"title":"De ruta por la Rep\u00fablica Checa en bicicleta el\u00e9ctrica por el Elba | El Digital de Asturias","description":"KUKS (dpa) - Riberas verdes, arquitectura urbana barroca y rocas volc\u00e1nicas: el tramo checo de la ruta cicloturista por el Elba promete muchas experiencias bonitas. Desgraciadamente, llueve a c\u00e1ntaros cuando queremos iniciar el tour, de varios d\u00edas, por lo que el gu\u00eda, Sven Czastka, propone que nos saltemos el primer tramo de la ruta, que","canonical_url":"https:\/\/eldigitaldeasturias.com\/magazine365\/de-ruta-por-la-republica-checa-en-bicicleta-electrica-por-el-elba\/","robots":"max-image-preview:large","keywords":"destacadas,viajes","webmasterTools":{"google-site-verification":"UA-38556648-1","miscellaneous":""},"schema":{"@context":"https:\/\/schema.org","@graph":[{"@type":"Article","@id":"https:\/\/eldigitaldeasturias.com\/magazine365\/de-ruta-por-la-republica-checa-en-bicicleta-electrica-por-el-elba\/#article","name":"De ruta por la Rep\u00fablica Checa en bicicleta el\u00e9ctrica por el Elba | El Digital de Asturias","headline":"De ruta por la Rep\u00fablica Checa en bicicleta el\u00e9ctrica por el Elba","author":{"@id":"https:\/\/eldigitaldeasturias.com\/magazine365\/author\/admin\/#author"},"publisher":{"@id":"https:\/\/eldigitaldeasturias.com\/magazine365\/#organization"},"image":{"@type":"ImageObject","url":"https:\/\/eldigitaldeasturias.com\/magazine365\/wp-content\/uploads\/2018\/05\/En-bicicleta-el\u00e9ctrica-por-el-r\u00edo-Elba.jpg","width":663,"height":439},"datePublished":"2018-05-31T00:45:11+02:00","dateModified":"2018-05-31T00:45:11+02:00","inLanguage":"es-ES","mainEntityOfPage":{"@id":"https:\/\/eldigitaldeasturias.com\/magazine365\/de-ruta-por-la-republica-checa-en-bicicleta-electrica-por-el-elba\/#webpage"},"isPartOf":{"@id":"https:\/\/eldigitaldeasturias.com\/magazine365\/de-ruta-por-la-republica-checa-en-bicicleta-electrica-por-el-elba\/#webpage"},"articleSection":"Destacadas, Viajes"},{"@type":"BreadcrumbList","@id":"https:\/\/eldigitaldeasturias.com\/magazine365\/de-ruta-por-la-republica-checa-en-bicicleta-electrica-por-el-elba\/#breadcrumblist","itemListElement":[{"@type":"ListItem","@id":"https:\/\/eldigitaldeasturias.com\/magazine365#listItem","position":1,"name":"Home","item":"https:\/\/eldigitaldeasturias.com\/magazine365","nextItem":{"@type":"ListItem","@id":"https:\/\/eldigitaldeasturias.com\/magazine365\/category\/destacadas\/#listItem","name":"Destacadas"}},{"@type":"ListItem","@id":"https:\/\/eldigitaldeasturias.com\/magazine365\/category\/destacadas\/#listItem","position":2,"name":"Destacadas","item":"https:\/\/eldigitaldeasturias.com\/magazine365\/category\/destacadas\/","nextItem":{"@type":"ListItem","@id":"https:\/\/eldigitaldeasturias.com\/magazine365\/de-ruta-por-la-republica-checa-en-bicicleta-electrica-por-el-elba\/#listItem","name":"De ruta por la Rep\u00fablica Checa en bicicleta el\u00e9ctrica por el Elba"},"previousItem":{"@type":"ListItem","@id":"https:\/\/eldigitaldeasturias.com\/magazine365#listItem","name":"Home"}},{"@type":"ListItem","@id":"https:\/\/eldigitaldeasturias.com\/magazine365\/de-ruta-por-la-republica-checa-en-bicicleta-electrica-por-el-elba\/#listItem","position":3,"name":"De ruta por la Rep\u00fablica Checa en bicicleta el\u00e9ctrica por el Elba","previousItem":{"@type":"ListItem","@id":"https:\/\/eldigitaldeasturias.com\/magazine365\/category\/destacadas\/#listItem","name":"Destacadas"}}]},{"@type":"Organization","@id":"https:\/\/eldigitaldeasturias.com\/magazine365\/#organization","name":"El digital de Asturias","description":"Revista de ocio, turismo y estilo de vida","url":"https:\/\/eldigitaldeasturias.com\/magazine365\/","logo":{"@type":"ImageObject","url":"https:\/\/www.eldigitaldeasturias.com\/noticias\/wp-content\/uploads\/2020\/12\/EDA.jpg","@id":"https:\/\/eldigitaldeasturias.com\/magazine365\/de-ruta-por-la-republica-checa-en-bicicleta-electrica-por-el-elba\/#organizationLogo"},"image":{"@id":"https:\/\/eldigitaldeasturias.com\/magazine365\/de-ruta-por-la-republica-checa-en-bicicleta-electrica-por-el-elba\/#organizationLogo"}},{"@type":"Person","@id":"https:\/\/eldigitaldeasturias.com\/magazine365\/author\/admin\/#author","url":"https:\/\/eldigitaldeasturias.com\/magazine365\/author\/admin\/","name":"admin","image":{"@type":"ImageObject","@id":"https:\/\/eldigitaldeasturias.com\/magazine365\/de-ruta-por-la-republica-checa-en-bicicleta-electrica-por-el-elba\/#authorImage","url":"https:\/\/eldigitaldeasturias.com\/magazine365\/wp-content\/litespeed\/avatar\/e571bcf59a0edd6fa6838245a470f2fe.jpg?ver=1776969259","width":96,"height":96,"caption":"admin"}},{"@type":"WebPage","@id":"https:\/\/eldigitaldeasturias.com\/magazine365\/de-ruta-por-la-republica-checa-en-bicicleta-electrica-por-el-elba\/#webpage","url":"https:\/\/eldigitaldeasturias.com\/magazine365\/de-ruta-por-la-republica-checa-en-bicicleta-electrica-por-el-elba\/","name":"De ruta por la Rep\u00fablica Checa en bicicleta el\u00e9ctrica por el Elba | El Digital de Asturias","description":"KUKS (dpa) - Riberas verdes, arquitectura urbana barroca y rocas volc\u00e1nicas: el tramo checo de la ruta cicloturista por el Elba promete muchas experiencias bonitas. Desgraciadamente, llueve a c\u00e1ntaros cuando queremos iniciar el tour, de varios d\u00edas, por lo que el gu\u00eda, Sven Czastka, propone que nos saltemos el primer tramo de la ruta, que","inLanguage":"es-ES","isPartOf":{"@id":"https:\/\/eldigitaldeasturias.com\/magazine365\/#website"},"breadcrumb":{"@id":"https:\/\/eldigitaldeasturias.com\/magazine365\/de-ruta-por-la-republica-checa-en-bicicleta-electrica-por-el-elba\/#breadcrumblist"},"author":{"@id":"https:\/\/eldigitaldeasturias.com\/magazine365\/author\/admin\/#author"},"creator":{"@id":"https:\/\/eldigitaldeasturias.com\/magazine365\/author\/admin\/#author"},"image":{"@type":"ImageObject","url":"https:\/\/eldigitaldeasturias.com\/magazine365\/wp-content\/uploads\/2018\/05\/En-bicicleta-el\u00e9ctrica-por-el-r\u00edo-Elba.jpg","@id":"https:\/\/eldigitaldeasturias.com\/magazine365\/de-ruta-por-la-republica-checa-en-bicicleta-electrica-por-el-elba\/#mainImage","width":663,"height":439},"primaryImageOfPage":{"@id":"https:\/\/eldigitaldeasturias.com\/magazine365\/de-ruta-por-la-republica-checa-en-bicicleta-electrica-por-el-elba\/#mainImage"},"datePublished":"2018-05-31T00:45:11+02:00","dateModified":"2018-05-31T00:45:11+02:00"},{"@type":"WebSite","@id":"https:\/\/eldigitaldeasturias.com\/magazine365\/#website","url":"https:\/\/eldigitaldeasturias.com\/magazine365\/","name":"El Digital de Asturias","description":"Revista de ocio, turismo y estilo de vida","inLanguage":"es-ES","publisher":{"@id":"https:\/\/eldigitaldeasturias.com\/magazine365\/#organization"}}]},"og:locale":"es_ES","og:site_name":"El Digital de Asturias \u2013 Revista de ocio, turismo y estilo de vida","og:type":"article","og:title":"De ruta por la Rep\u00fablica Checa en bicicleta el\u00e9ctrica por el Elba | El Digital de Asturias","og:description":"KUKS (dpa) - Riberas verdes, arquitectura urbana barroca y rocas volc\u00e1nicas: el tramo checo de la ruta cicloturista por el Elba promete muchas experiencias bonitas. Desgraciadamente, llueve a c\u00e1ntaros cuando queremos iniciar el tour, de varios d\u00edas, por lo que el gu\u00eda, Sven Czastka, propone que nos saltemos el primer tramo de la ruta, que","og:url":"https:\/\/eldigitaldeasturias.com\/magazine365\/de-ruta-por-la-republica-checa-en-bicicleta-electrica-por-el-elba\/","og:image":"https:\/\/eldigitaldeasturias.com\/magazine365\/wp-content\/uploads\/2018\/05\/En-bicicleta-el\u00e9ctrica-por-el-r\u00edo-Elba.jpg","og:image:secure_url":"https:\/\/eldigitaldeasturias.com\/magazine365\/wp-content\/uploads\/2018\/05\/En-bicicleta-el\u00e9ctrica-por-el-r\u00edo-Elba.jpg","og:image:width":663,"og:image:height":439,"article:published_time":"2018-05-31T00:45:11+00:00","article:modified_time":"2018-05-31T00:45:11+00:00","twitter:card":"summary_large_image","twitter:title":"De ruta por la Rep\u00fablica Checa en bicicleta el\u00e9ctrica por el Elba | El Digital de Asturias","twitter:description":"KUKS (dpa) - Riberas verdes, arquitectura urbana barroca y rocas volc\u00e1nicas: el tramo checo de la ruta cicloturista por el Elba promete muchas experiencias bonitas. Desgraciadamente, llueve a c\u00e1ntaros cuando queremos iniciar el tour, de varios d\u00edas, por lo que el gu\u00eda, Sven Czastka, propone que nos saltemos el primer tramo de la ruta, que","twitter:image":"https:\/\/eldigitaldeasturias.com\/magazine365\/wp-content\/uploads\/2018\/05\/En-bicicleta-el\u00e9ctrica-por-el-r\u00edo-Elba.jpg"},"aioseo_meta_data":{"post_id":"92514","title":null,"description":null,"keywords":null,"keyphrases":null,"primary_term":null,"canonical_url":null,"og_title":null,"og_description":null,"og_object_type":"default","og_image_type":"default","og_image_url":null,"og_image_width":null,"og_image_height":null,"og_image_custom_url":null,"og_image_custom_fields":null,"og_video":null,"og_custom_url":null,"og_article_section":null,"og_article_tags":null,"twitter_use_og":false,"twitter_card":"default","twitter_image_type":"default","twitter_image_url":null,"twitter_image_custom_url":null,"twitter_image_custom_fields":null,"twitter_title":null,"twitter_description":null,"schema":{"blockGraphs":[],"customGraphs":[],"default":{"data":{"Article":[],"Course":[],"Dataset":[],"FAQPage":[],"Movie":[],"Person":[],"Product":[],"ProductReview":[],"Car":[],"Recipe":[],"Service":[],"SoftwareApplication":[],"WebPage":[]},"graphName":"","isEnabled":true},"graphs":[],"defaultGraph":"","defaultPostTypeGraph":""},"schema_type":null,"schema_type_options":null,"pillar_content":false,"robots_default":true,"robots_noindex":false,"robots_noarchive":false,"robots_nosnippet":false,"robots_nofollow":false,"robots_noimageindex":false,"robots_noodp":false,"robots_notranslate":false,"robots_max_snippet":null,"robots_max_videopreview":null,"robots_max_imagepreview":"large","priority":null,"frequency":null,"location":null,"local_seo":null,"seo_analyzer_scan_date":"2025-09-28 20:23:59","breadcrumb_settings":null,"limit_modified_date":false,"open_ai":null,"ai":null,"created":"2020-12-21 14:05:28","updated":"2025-09-28 20:23:59"},"aioseo_breadcrumb":"<div class=\"aioseo-breadcrumbs\"><span class=\"aioseo-breadcrumb\">\n\t<a href=\"https:\/\/eldigitaldeasturias.com\/magazine365\" title=\"Home\">Home<\/a>\n<\/span><span class=\"aioseo-breadcrumb-separator\">\u2013<\/span><span class=\"aioseo-breadcrumb\">\n\t<a href=\"https:\/\/eldigitaldeasturias.com\/magazine365\/category\/destacadas\/\" title=\"Destacadas\">Destacadas<\/a>\n<\/span><span class=\"aioseo-breadcrumb-separator\">\u2013<\/span><span class=\"aioseo-breadcrumb\">\n\t<a href=\"https:\/\/eldigitaldeasturias.com\/magazine365\/de-ruta-por-la-republica-checa-en-bicicleta-electrica-por-el-elba\/\" title=\"De ruta por la Rep\u00fablica Checa en bicicleta el\u00e9ctrica por el Elba\">De ruta por la Rep\u00fablica Checa en bicicleta el\u00e9ctrica por el Elba<\/a>\n<\/span><\/div>","aioseo_breadcrumb_json":[{"label":"Home","link":"https:\/\/eldigitaldeasturias.com\/magazine365"},{"label":"Destacadas","link":"https:\/\/eldigitaldeasturias.com\/magazine365\/category\/destacadas\/"},{"label":"De ruta por la Rep\u00fablica Checa en bicicleta el\u00e9ctrica por el Elba","link":"https:\/\/eldigitaldeasturias.com\/magazine365\/de-ruta-por-la-republica-checa-en-bicicleta-electrica-por-el-elba\/"}],"_links":{"self":[{"href":"https:\/\/eldigitaldeasturias.com\/magazine365\/wp-json\/wp\/v2\/posts\/92514","targetHints":{"allow":["GET"]}}],"collection":[{"href":"https:\/\/eldigitaldeasturias.com\/magazine365\/wp-json\/wp\/v2\/posts"}],"about":[{"href":"https:\/\/eldigitaldeasturias.com\/magazine365\/wp-json\/wp\/v2\/types\/post"}],"author":[{"embeddable":true,"href":"https:\/\/eldigitaldeasturias.com\/magazine365\/wp-json\/wp\/v2\/users\/1"}],"replies":[{"embeddable":true,"href":"https:\/\/eldigitaldeasturias.com\/magazine365\/wp-json\/wp\/v2\/comments?post=92514"}],"version-history":[{"count":0,"href":"https:\/\/eldigitaldeasturias.com\/magazine365\/wp-json\/wp\/v2\/posts\/92514\/revisions"}],"wp:featuredmedia":[{"embeddable":true,"href":"https:\/\/eldigitaldeasturias.com\/magazine365\/wp-json\/wp\/v2\/media\/92515"}],"wp:attachment":[{"href":"https:\/\/eldigitaldeasturias.com\/magazine365\/wp-json\/wp\/v2\/media?parent=92514"}],"wp:term":[{"taxonomy":"category","embeddable":true,"href":"https:\/\/eldigitaldeasturias.com\/magazine365\/wp-json\/wp\/v2\/categories?post=92514"},{"taxonomy":"post_tag","embeddable":true,"href":"https:\/\/eldigitaldeasturias.com\/magazine365\/wp-json\/wp\/v2\/tags?post=92514"}],"curies":[{"name":"wp","href":"https:\/\/api.w.org\/{rel}","templated":true}]}}