{"id":92434,"date":"2018-05-28T14:16:57","date_gmt":"2018-05-28T14:16:57","guid":{"rendered":"http:\/\/eldigitaldeasturias.com\/magazine365\/?p=92434"},"modified":"2018-05-28T14:16:57","modified_gmt":"2018-05-28T14:16:57","slug":"el-parque-nacional-sutjeska-en-bosnia-una-joya-natural","status":"publish","type":"post","link":"https:\/\/eldigitaldeasturias.com\/magazine365\/el-parque-nacional-sutjeska-en-bosnia-una-joya-natural\/","title":{"rendered":"El parque nacional Sutjeska en Bosnia, una joya natural"},"content":{"rendered":"<p><img fetchpriority=\"high\" decoding=\"async\" class=\"alignleft size-medium wp-image-92435\" src=\"https:\/\/eldigitaldeasturias.com\/magazine365\/wp-content\/uploads\/2018\/05\/El-parque-nacional-Sutjeska-en-Bosnia-360x239.jpg\" alt=\"\" width=\"360\" height=\"239\" srcset=\"https:\/\/eldigitaldeasturias.com\/magazine365\/wp-content\/uploads\/2018\/05\/El-parque-nacional-Sutjeska-en-Bosnia-360x239.jpg 360w, https:\/\/eldigitaldeasturias.com\/magazine365\/wp-content\/uploads\/2018\/05\/El-parque-nacional-Sutjeska-en-Bosnia-650x431.jpg 650w, https:\/\/eldigitaldeasturias.com\/magazine365\/wp-content\/uploads\/2018\/05\/El-parque-nacional-Sutjeska-en-Bosnia-768x509.jpg 768w, https:\/\/eldigitaldeasturias.com\/magazine365\/wp-content\/uploads\/2018\/05\/El-parque-nacional-Sutjeska-en-Bosnia-150x100.jpg 150w, https:\/\/eldigitaldeasturias.com\/magazine365\/wp-content\/uploads\/2018\/05\/El-parque-nacional-Sutjeska-en-Bosnia-450x299.jpg 450w, https:\/\/eldigitaldeasturias.com\/magazine365\/wp-content\/uploads\/2018\/05\/El-parque-nacional-Sutjeska-en-Bosnia-696x462.jpg 696w, https:\/\/eldigitaldeasturias.com\/magazine365\/wp-content\/uploads\/2018\/05\/El-parque-nacional-Sutjeska-en-Bosnia-633x420.jpg 633w, https:\/\/eldigitaldeasturias.com\/magazine365\/wp-content\/uploads\/2018\/05\/El-parque-nacional-Sutjeska-en-Bosnia.jpg 1016w\" sizes=\"(max-width: 360px) 100vw, 360px\" \/>TJENTISTE (dpa) &#8211; Las escarpadas crestas c\u00e1rsticas se pierden en el horizonte mientras valles espesamente arbolados atraviesan mesetas \u00e1ridas. La cima del monte Maglic ofrece una vista panor\u00e1mica muy rom\u00e1ntica con las suaves pendientes en la parte norte de la monta\u00f1a cubiertas de gencianas, francesillas y heliospermas. Abajo, a una profundidad de varios cientos de metros, brilla el lago Trnovacko en tonos caribe\u00f1os. Una naturaleza que parece hecha para el senderismo, pese a lo cual el parque nacional m\u00e1s antiguo de Bosnia-Herzegovina est\u00e1 casi desierto. \u00bfPor qu\u00e9?<\/p>\n<p>El parque nacional Sutjeska est\u00e1 situado en el sureste del pa\u00eds balc\u00e1nico, en la frontera con Montenegro. En esta regi\u00f3n, los partisanos del mariscal Tito lucharon durante la Segunda Guerra Mundial contra el Ej\u00e9rcito alem\u00e1n. M\u00e1s tarde, el l\u00edder yugoslavo recorr\u00eda los bosques para relajarse. Sin embargo, la guerra de Bosnia (1992-95) destruy\u00f3 el turismo en el pa\u00eds. Todav\u00eda hoy, 20 a\u00f1os despu\u00e9s, el parque nacional est\u00e1 semidormido.<\/p>\n<p>Tim Clancy quiere cambiar esta situaci\u00f3n. El estadounidense, de 50 a\u00f1os, lleg\u00f3 a Bosnia durante la guerra junto con un equipo de una organizaci\u00f3n humanitaria. Se qued\u00f3, fund\u00f3 una empresa de ecoturismo y tuvo una idea: construir una ruta de senderismo de largo recorrido, la Via Dinarica, desde Eslovenia hasta Albania. La ruta se inaugur\u00f3 en 2010 y cuatro a\u00f1os despu\u00e9s fue distinguida por el renombrado \u00abOutside Magazine\u00bb como el mejor nuevo sendero en el mundo. Unos 350 kil\u00f3metros discurren por Bosnia-Herzegovina. La ruta atraviesa tamb\u00e9n el parque Sutjeska.<\/p>\n<p>La caminata hacia la cima del Maglic, que con sus 2.386 metros es el monte m\u00e1s alto del pa\u00eds, es un placer solitario. Para subir a la cima por el lado oeste, el senderista no debe tener v\u00e9rtigo. Desde la cima, un sendero baja por prados y pendientes hacia el lago Trnovacko, que se encuentra en Montenegro.<\/p>\n<p>Desde el lago, el camino vuelve al mirador Prijevot, donde comenz\u00f3 la excursi\u00f3n. All\u00ed hay una caba\u00f1a donde los turistas pueden pasar la noche si previamente se han registrado ante la administraci\u00f3n del parque. La falta de infraestructura es actualmente el principal obst\u00e1culo para la llegada de m\u00e1s turistas al parque nacional. En la principal localidad, Tjentiste, en el valle del r\u00edo Sutjeska, se encuentran el hotel \u00abMladost\u00bb y un camping, nada m\u00e1s.<\/p>\n<p>Cuando Tim Clancy viaja en su coche por el parque nacional, ve por todos lados posibilidades: construir senderos tem\u00e1ticos, un \u00abSendero de Partisanos\u00bb o un \u00abSendero de Tito\u00bb. Sin embargo, todo avanza muy lentamente debido a la corrupci\u00f3n de las autoridades, explica. No obstante, Clancy es optimista. \u00abLlevo 25 a\u00f1os en este pa\u00eds y nunca hab\u00eda visto un proyecto para el que exista un consenso tan grande\u00bb, dice. \u00abA todo el mundo le gusta la idea\u00bb.<\/p>\n<p>Entre los trotamundos, Bosnia-Herzegovina y su capital, Sarajevo, ya es un destino de moda. En los \u00faltimos cuatro o cinco a\u00f1os se han fundado muchas agencias de turismo en el pa\u00eds. Muchas veces no trabajan a\u00fan de manera muy profesional, \u00abpero ese d\u00e9ficit lo compensan con su hospitalidad\u00bb, dice Clancy.<\/p>\n<p>Una caminata que vale la pena va del valle al lago de monta\u00f1a Donje Barre, situado a una altura de unos 1.500 metros. Uno de los \u00faltimos bosques v\u00edgenes de Europa es Perucica, situado al norte del monte Maglic. Solo se permite atravesar el bosque en compa\u00f1\u00eda de un gu\u00eda.<\/p>\n<p>Los nativos aprecian el parque nacional no tanto por la naturaleza como m\u00e1s bien por su historia. Un monumento en el valle recuerda a la batalla de Sutjeska durante la Segunda Guerra Mundial. El Ej\u00e9rcito alem\u00e1n fracas\u00f3 con su plan de aniquilar a los partisanos yugoslavos y capturar a Tito. El monumento es para la poblaci\u00f3n de Bosnia-Herzegovina un s\u00edmbolo importante. Actualmente, quienes visitan Sutjeska son sobre todo habitantes de los pa\u00edses balc\u00e1nicos.<\/p>\n<p>Para atraer a m\u00e1s turistas de Europa Occidental est\u00e1 prevista la construcci\u00f3n de otro camping y un segundo hotel. A\u00fan se est\u00e1 buscando a un inversor.<\/p>\n<p>Informaci\u00f3n: El parque nacional Sutjeska<\/p>\n<p>C\u00f3mo llegar: En avi\u00f3n a Sarajevo y desde all\u00ed en autob\u00fas o coche de alquiler al parque nacional. El viaje dura unas dos horas. El centro de visitantes se encuentra en Tjentiste.<\/p>\n<p>Alojamiento: Adem\u00e1s del hotel \u00abMladost\u00bb y el camping, en el valle del Sutjeska tambi\u00e9n hay sencillos alojamientos \u00abBed and Breakfast\u00bb. Los precios de una noche con desayuno arrancan desde una cantidad equivalente a unos 25 euros (30 d\u00f3lares).<\/p>\n<p>Moneda: La moneda nacional de Bosnia-Herzegovina es el marco convertible. Un euro equivale a 1,96, un d\u00f3lar a 1,6 marcos convertibles. El tipo de cambio es fijo. Tambi\u00e9n se aceptan euros. Se recomienda a los turistas que visiten el parque nacional que lleven consigo suficiente dinero en efectivo ya que en el valle no hay cajeros autom\u00e1ticos.<\/p>\n<p>Informaciones: Parque nacional Sutjeska, Foca, Tjentiste (Tel. +387 58 233 118, email: npsutjeskafoca@gmail.com, http:\/\/npsutjeska.info).<\/p>\n<p><i class=\"lang-es\"><span class=\" readonly\" title=\"\">Por Philipp Laage (dpa)<\/span><\/i><\/p>\n<p>Foto: <em><span class=\"\" title=\"\">Philipp Laage\/dpa-tmn<\/span><\/em><\/p>\n<p>&nbsp;<\/p>\n","protected":false},"excerpt":{"rendered":"<p>TJENTISTE (dpa) &#8211; Las escarpadas crestas c\u00e1rsticas se pierden en el horizonte mientras valles espesamente arbolados atraviesan mesetas \u00e1ridas. La cima del monte Maglic ofrece una vista panor\u00e1mica muy rom\u00e1ntica con las suaves pendientes en la parte norte de la monta\u00f1a cubiertas de gencianas, francesillas y heliospermas. Abajo, a una profundidad de varios cientos de<\/p>\n","protected":false},"author":1,"featured_media":92435,"comment_status":"open","ping_status":"closed","sticky":false,"template":"","format":"standard","meta":{"footnotes":""},"categories":[238],"tags":[],"class_list":{"0":"post-92434","1":"post","2":"type-post","3":"status-publish","4":"format-standard","5":"has-post-thumbnail","7":"category-viajes"},"aioseo_notices":[],"aioseo_head":"\n\t\t<!-- All in One SEO Pro 4.9.6.1 - aioseo.com -->\n\t<meta name=\"description\" content=\"TJENTISTE (dpa) - Las escarpadas crestas c\u00e1rsticas se pierden en el horizonte mientras valles espesamente arbolados atraviesan mesetas \u00e1ridas. La cima del monte Maglic ofrece una vista panor\u00e1mica muy rom\u00e1ntica con las suaves pendientes en la parte norte de la monta\u00f1a cubiertas de gencianas, francesillas y heliospermas. Abajo, a una profundidad de varios cientos de\" \/>\n\t<meta name=\"robots\" content=\"max-image-preview:large\" \/>\n\t<meta name=\"author\" content=\"admin\"\/>\n\t<meta name=\"google-site-verification\" content=\"UA-38556648-1\" \/>\n\t<meta name=\"keywords\" content=\"viajes\" \/>\n\t<link rel=\"canonical\" href=\"https:\/\/eldigitaldeasturias.com\/magazine365\/el-parque-nacional-sutjeska-en-bosnia-una-joya-natural\/\" \/>\n\t<meta name=\"generator\" content=\"All in One SEO Pro (AIOSEO) 4.9.6.1\" \/>\n\t\t<meta property=\"og:locale\" content=\"es_ES\" \/>\n\t\t<meta property=\"og:site_name\" content=\"El Digital de Asturias \u2013 Revista de ocio, turismo y estilo de vida\" \/>\n\t\t<meta property=\"og:type\" content=\"article\" \/>\n\t\t<meta property=\"og:title\" content=\"El parque nacional Sutjeska en Bosnia, una joya natural | El Digital de Asturias\" \/>\n\t\t<meta property=\"og:description\" content=\"TJENTISTE (dpa) - Las escarpadas crestas c\u00e1rsticas se pierden en el horizonte mientras valles espesamente arbolados atraviesan mesetas \u00e1ridas. La cima del monte Maglic ofrece una vista panor\u00e1mica muy rom\u00e1ntica con las suaves pendientes en la parte norte de la monta\u00f1a cubiertas de gencianas, francesillas y heliospermas. Abajo, a una profundidad de varios cientos de\" \/>\n\t\t<meta property=\"og:url\" content=\"https:\/\/eldigitaldeasturias.com\/magazine365\/el-parque-nacional-sutjeska-en-bosnia-una-joya-natural\/\" \/>\n\t\t<meta property=\"og:image\" content=\"https:\/\/eldigitaldeasturias.com\/magazine365\/wp-content\/uploads\/2018\/05\/El-parque-nacional-Sutjeska-en-Bosnia.jpg\" \/>\n\t\t<meta property=\"og:image:secure_url\" content=\"https:\/\/eldigitaldeasturias.com\/magazine365\/wp-content\/uploads\/2018\/05\/El-parque-nacional-Sutjeska-en-Bosnia.jpg\" \/>\n\t\t<meta property=\"og:image:width\" content=\"1016\" \/>\n\t\t<meta property=\"og:image:height\" content=\"674\" \/>\n\t\t<meta property=\"article:published_time\" content=\"2018-05-28T14:16:57+00:00\" \/>\n\t\t<meta property=\"article:modified_time\" content=\"2018-05-28T14:16:57+00:00\" \/>\n\t\t<meta name=\"twitter:card\" content=\"summary_large_image\" \/>\n\t\t<meta name=\"twitter:title\" content=\"El parque nacional Sutjeska en Bosnia, una joya natural | El Digital de Asturias\" \/>\n\t\t<meta name=\"twitter:description\" content=\"TJENTISTE (dpa) - Las escarpadas crestas c\u00e1rsticas se pierden en el horizonte mientras valles espesamente arbolados atraviesan mesetas \u00e1ridas. La cima del monte Maglic ofrece una vista panor\u00e1mica muy rom\u00e1ntica con las suaves pendientes en la parte norte de la monta\u00f1a cubiertas de gencianas, francesillas y heliospermas. Abajo, a una profundidad de varios cientos de\" \/>\n\t\t<meta name=\"twitter:image\" content=\"https:\/\/eldigitaldeasturias.com\/magazine365\/wp-content\/uploads\/2018\/05\/El-parque-nacional-Sutjeska-en-Bosnia.jpg\" \/>\n\t\t<script type=\"application\/ld+json\" class=\"aioseo-schema\">\n\t\t\t{\"@context\":\"https:\\\/\\\/schema.org\",\"@graph\":[{\"@type\":\"Article\",\"@id\":\"https:\\\/\\\/eldigitaldeasturias.com\\\/magazine365\\\/el-parque-nacional-sutjeska-en-bosnia-una-joya-natural\\\/#article\",\"name\":\"El parque nacional Sutjeska en Bosnia, una joya natural | El Digital de Asturias\",\"headline\":\"El parque nacional Sutjeska en Bosnia, una joya natural\",\"author\":{\"@id\":\"https:\\\/\\\/eldigitaldeasturias.com\\\/magazine365\\\/author\\\/admin\\\/#author\"},\"publisher\":{\"@id\":\"https:\\\/\\\/eldigitaldeasturias.com\\\/magazine365\\\/#organization\"},\"image\":{\"@type\":\"ImageObject\",\"url\":\"https:\\\/\\\/eldigitaldeasturias.com\\\/magazine365\\\/wp-content\\\/uploads\\\/2018\\\/05\\\/El-parque-nacional-Sutjeska-en-Bosnia.jpg\",\"width\":1016,\"height\":674},\"datePublished\":\"2018-05-28T14:16:57+02:00\",\"dateModified\":\"2018-05-28T14:16:57+02:00\",\"inLanguage\":\"es-ES\",\"mainEntityOfPage\":{\"@id\":\"https:\\\/\\\/eldigitaldeasturias.com\\\/magazine365\\\/el-parque-nacional-sutjeska-en-bosnia-una-joya-natural\\\/#webpage\"},\"isPartOf\":{\"@id\":\"https:\\\/\\\/eldigitaldeasturias.com\\\/magazine365\\\/el-parque-nacional-sutjeska-en-bosnia-una-joya-natural\\\/#webpage\"},\"articleSection\":\"Viajes\"},{\"@type\":\"BreadcrumbList\",\"@id\":\"https:\\\/\\\/eldigitaldeasturias.com\\\/magazine365\\\/el-parque-nacional-sutjeska-en-bosnia-una-joya-natural\\\/#breadcrumblist\",\"itemListElement\":[{\"@type\":\"ListItem\",\"@id\":\"https:\\\/\\\/eldigitaldeasturias.com\\\/magazine365#listItem\",\"position\":1,\"name\":\"Home\",\"item\":\"https:\\\/\\\/eldigitaldeasturias.com\\\/magazine365\",\"nextItem\":{\"@type\":\"ListItem\",\"@id\":\"https:\\\/\\\/eldigitaldeasturias.com\\\/magazine365\\\/category\\\/viajes\\\/#listItem\",\"name\":\"Viajes\"}},{\"@type\":\"ListItem\",\"@id\":\"https:\\\/\\\/eldigitaldeasturias.com\\\/magazine365\\\/category\\\/viajes\\\/#listItem\",\"position\":2,\"name\":\"Viajes\",\"item\":\"https:\\\/\\\/eldigitaldeasturias.com\\\/magazine365\\\/category\\\/viajes\\\/\",\"nextItem\":{\"@type\":\"ListItem\",\"@id\":\"https:\\\/\\\/eldigitaldeasturias.com\\\/magazine365\\\/el-parque-nacional-sutjeska-en-bosnia-una-joya-natural\\\/#listItem\",\"name\":\"El parque nacional Sutjeska en Bosnia, una joya natural\"},\"previousItem\":{\"@type\":\"ListItem\",\"@id\":\"https:\\\/\\\/eldigitaldeasturias.com\\\/magazine365#listItem\",\"name\":\"Home\"}},{\"@type\":\"ListItem\",\"@id\":\"https:\\\/\\\/eldigitaldeasturias.com\\\/magazine365\\\/el-parque-nacional-sutjeska-en-bosnia-una-joya-natural\\\/#listItem\",\"position\":3,\"name\":\"El parque nacional Sutjeska en Bosnia, una joya natural\",\"previousItem\":{\"@type\":\"ListItem\",\"@id\":\"https:\\\/\\\/eldigitaldeasturias.com\\\/magazine365\\\/category\\\/viajes\\\/#listItem\",\"name\":\"Viajes\"}}]},{\"@type\":\"Organization\",\"@id\":\"https:\\\/\\\/eldigitaldeasturias.com\\\/magazine365\\\/#organization\",\"name\":\"El digital de Asturias\",\"description\":\"Revista de ocio, turismo y estilo de vida\",\"url\":\"https:\\\/\\\/eldigitaldeasturias.com\\\/magazine365\\\/\",\"logo\":{\"@type\":\"ImageObject\",\"url\":\"https:\\\/\\\/www.eldigitaldeasturias.com\\\/noticias\\\/wp-content\\\/uploads\\\/2020\\\/12\\\/EDA.jpg\",\"@id\":\"https:\\\/\\\/eldigitaldeasturias.com\\\/magazine365\\\/el-parque-nacional-sutjeska-en-bosnia-una-joya-natural\\\/#organizationLogo\"},\"image\":{\"@id\":\"https:\\\/\\\/eldigitaldeasturias.com\\\/magazine365\\\/el-parque-nacional-sutjeska-en-bosnia-una-joya-natural\\\/#organizationLogo\"}},{\"@type\":\"Person\",\"@id\":\"https:\\\/\\\/eldigitaldeasturias.com\\\/magazine365\\\/author\\\/admin\\\/#author\",\"url\":\"https:\\\/\\\/eldigitaldeasturias.com\\\/magazine365\\\/author\\\/admin\\\/\",\"name\":\"admin\",\"image\":{\"@type\":\"ImageObject\",\"@id\":\"https:\\\/\\\/eldigitaldeasturias.com\\\/magazine365\\\/el-parque-nacional-sutjeska-en-bosnia-una-joya-natural\\\/#authorImage\",\"url\":\"https:\\\/\\\/eldigitaldeasturias.com\\\/magazine365\\\/wp-content\\\/litespeed\\\/avatar\\\/e571bcf59a0edd6fa6838245a470f2fe.jpg?ver=1776969259\",\"width\":96,\"height\":96,\"caption\":\"admin\"}},{\"@type\":\"WebPage\",\"@id\":\"https:\\\/\\\/eldigitaldeasturias.com\\\/magazine365\\\/el-parque-nacional-sutjeska-en-bosnia-una-joya-natural\\\/#webpage\",\"url\":\"https:\\\/\\\/eldigitaldeasturias.com\\\/magazine365\\\/el-parque-nacional-sutjeska-en-bosnia-una-joya-natural\\\/\",\"name\":\"El parque nacional Sutjeska en Bosnia, una joya natural | El Digital de Asturias\",\"description\":\"TJENTISTE (dpa) - Las escarpadas crestas c\\u00e1rsticas se pierden en el horizonte mientras valles espesamente arbolados atraviesan mesetas \\u00e1ridas. La cima del monte Maglic ofrece una vista panor\\u00e1mica muy rom\\u00e1ntica con las suaves pendientes en la parte norte de la monta\\u00f1a cubiertas de gencianas, francesillas y heliospermas. Abajo, a una profundidad de varios cientos de\",\"inLanguage\":\"es-ES\",\"isPartOf\":{\"@id\":\"https:\\\/\\\/eldigitaldeasturias.com\\\/magazine365\\\/#website\"},\"breadcrumb\":{\"@id\":\"https:\\\/\\\/eldigitaldeasturias.com\\\/magazine365\\\/el-parque-nacional-sutjeska-en-bosnia-una-joya-natural\\\/#breadcrumblist\"},\"author\":{\"@id\":\"https:\\\/\\\/eldigitaldeasturias.com\\\/magazine365\\\/author\\\/admin\\\/#author\"},\"creator\":{\"@id\":\"https:\\\/\\\/eldigitaldeasturias.com\\\/magazine365\\\/author\\\/admin\\\/#author\"},\"image\":{\"@type\":\"ImageObject\",\"url\":\"https:\\\/\\\/eldigitaldeasturias.com\\\/magazine365\\\/wp-content\\\/uploads\\\/2018\\\/05\\\/El-parque-nacional-Sutjeska-en-Bosnia.jpg\",\"@id\":\"https:\\\/\\\/eldigitaldeasturias.com\\\/magazine365\\\/el-parque-nacional-sutjeska-en-bosnia-una-joya-natural\\\/#mainImage\",\"width\":1016,\"height\":674},\"primaryImageOfPage\":{\"@id\":\"https:\\\/\\\/eldigitaldeasturias.com\\\/magazine365\\\/el-parque-nacional-sutjeska-en-bosnia-una-joya-natural\\\/#mainImage\"},\"datePublished\":\"2018-05-28T14:16:57+02:00\",\"dateModified\":\"2018-05-28T14:16:57+02:00\"},{\"@type\":\"WebSite\",\"@id\":\"https:\\\/\\\/eldigitaldeasturias.com\\\/magazine365\\\/#website\",\"url\":\"https:\\\/\\\/eldigitaldeasturias.com\\\/magazine365\\\/\",\"name\":\"El Digital de Asturias\",\"description\":\"Revista de ocio, turismo y estilo de vida\",\"inLanguage\":\"es-ES\",\"publisher\":{\"@id\":\"https:\\\/\\\/eldigitaldeasturias.com\\\/magazine365\\\/#organization\"}}]}\n\t\t<\/script>\n\t\t<!-- All in One SEO Pro -->\r\n\t\t<title>El parque nacional Sutjeska en Bosnia, una joya natural | El Digital de Asturias<\/title>\n\n","aioseo_head_json":{"title":"El parque nacional Sutjeska en Bosnia, una joya natural | El Digital de Asturias","description":"TJENTISTE (dpa) - Las escarpadas crestas c\u00e1rsticas se pierden en el horizonte mientras valles espesamente arbolados atraviesan mesetas \u00e1ridas. La cima del monte Maglic ofrece una vista panor\u00e1mica muy rom\u00e1ntica con las suaves pendientes en la parte norte de la monta\u00f1a cubiertas de gencianas, francesillas y heliospermas. Abajo, a una profundidad de varios cientos de","canonical_url":"https:\/\/eldigitaldeasturias.com\/magazine365\/el-parque-nacional-sutjeska-en-bosnia-una-joya-natural\/","robots":"max-image-preview:large","keywords":"viajes","webmasterTools":{"google-site-verification":"UA-38556648-1","miscellaneous":""},"schema":{"@context":"https:\/\/schema.org","@graph":[{"@type":"Article","@id":"https:\/\/eldigitaldeasturias.com\/magazine365\/el-parque-nacional-sutjeska-en-bosnia-una-joya-natural\/#article","name":"El parque nacional Sutjeska en Bosnia, una joya natural | El Digital de Asturias","headline":"El parque nacional Sutjeska en Bosnia, una joya natural","author":{"@id":"https:\/\/eldigitaldeasturias.com\/magazine365\/author\/admin\/#author"},"publisher":{"@id":"https:\/\/eldigitaldeasturias.com\/magazine365\/#organization"},"image":{"@type":"ImageObject","url":"https:\/\/eldigitaldeasturias.com\/magazine365\/wp-content\/uploads\/2018\/05\/El-parque-nacional-Sutjeska-en-Bosnia.jpg","width":1016,"height":674},"datePublished":"2018-05-28T14:16:57+02:00","dateModified":"2018-05-28T14:16:57+02:00","inLanguage":"es-ES","mainEntityOfPage":{"@id":"https:\/\/eldigitaldeasturias.com\/magazine365\/el-parque-nacional-sutjeska-en-bosnia-una-joya-natural\/#webpage"},"isPartOf":{"@id":"https:\/\/eldigitaldeasturias.com\/magazine365\/el-parque-nacional-sutjeska-en-bosnia-una-joya-natural\/#webpage"},"articleSection":"Viajes"},{"@type":"BreadcrumbList","@id":"https:\/\/eldigitaldeasturias.com\/magazine365\/el-parque-nacional-sutjeska-en-bosnia-una-joya-natural\/#breadcrumblist","itemListElement":[{"@type":"ListItem","@id":"https:\/\/eldigitaldeasturias.com\/magazine365#listItem","position":1,"name":"Home","item":"https:\/\/eldigitaldeasturias.com\/magazine365","nextItem":{"@type":"ListItem","@id":"https:\/\/eldigitaldeasturias.com\/magazine365\/category\/viajes\/#listItem","name":"Viajes"}},{"@type":"ListItem","@id":"https:\/\/eldigitaldeasturias.com\/magazine365\/category\/viajes\/#listItem","position":2,"name":"Viajes","item":"https:\/\/eldigitaldeasturias.com\/magazine365\/category\/viajes\/","nextItem":{"@type":"ListItem","@id":"https:\/\/eldigitaldeasturias.com\/magazine365\/el-parque-nacional-sutjeska-en-bosnia-una-joya-natural\/#listItem","name":"El parque nacional Sutjeska en Bosnia, una joya natural"},"previousItem":{"@type":"ListItem","@id":"https:\/\/eldigitaldeasturias.com\/magazine365#listItem","name":"Home"}},{"@type":"ListItem","@id":"https:\/\/eldigitaldeasturias.com\/magazine365\/el-parque-nacional-sutjeska-en-bosnia-una-joya-natural\/#listItem","position":3,"name":"El parque nacional Sutjeska en Bosnia, una joya natural","previousItem":{"@type":"ListItem","@id":"https:\/\/eldigitaldeasturias.com\/magazine365\/category\/viajes\/#listItem","name":"Viajes"}}]},{"@type":"Organization","@id":"https:\/\/eldigitaldeasturias.com\/magazine365\/#organization","name":"El digital de Asturias","description":"Revista de ocio, turismo y estilo de vida","url":"https:\/\/eldigitaldeasturias.com\/magazine365\/","logo":{"@type":"ImageObject","url":"https:\/\/www.eldigitaldeasturias.com\/noticias\/wp-content\/uploads\/2020\/12\/EDA.jpg","@id":"https:\/\/eldigitaldeasturias.com\/magazine365\/el-parque-nacional-sutjeska-en-bosnia-una-joya-natural\/#organizationLogo"},"image":{"@id":"https:\/\/eldigitaldeasturias.com\/magazine365\/el-parque-nacional-sutjeska-en-bosnia-una-joya-natural\/#organizationLogo"}},{"@type":"Person","@id":"https:\/\/eldigitaldeasturias.com\/magazine365\/author\/admin\/#author","url":"https:\/\/eldigitaldeasturias.com\/magazine365\/author\/admin\/","name":"admin","image":{"@type":"ImageObject","@id":"https:\/\/eldigitaldeasturias.com\/magazine365\/el-parque-nacional-sutjeska-en-bosnia-una-joya-natural\/#authorImage","url":"https:\/\/eldigitaldeasturias.com\/magazine365\/wp-content\/litespeed\/avatar\/e571bcf59a0edd6fa6838245a470f2fe.jpg?ver=1776969259","width":96,"height":96,"caption":"admin"}},{"@type":"WebPage","@id":"https:\/\/eldigitaldeasturias.com\/magazine365\/el-parque-nacional-sutjeska-en-bosnia-una-joya-natural\/#webpage","url":"https:\/\/eldigitaldeasturias.com\/magazine365\/el-parque-nacional-sutjeska-en-bosnia-una-joya-natural\/","name":"El parque nacional Sutjeska en Bosnia, una joya natural | El Digital de Asturias","description":"TJENTISTE (dpa) - Las escarpadas crestas c\u00e1rsticas se pierden en el horizonte mientras valles espesamente arbolados atraviesan mesetas \u00e1ridas. La cima del monte Maglic ofrece una vista panor\u00e1mica muy rom\u00e1ntica con las suaves pendientes en la parte norte de la monta\u00f1a cubiertas de gencianas, francesillas y heliospermas. Abajo, a una profundidad de varios cientos de","inLanguage":"es-ES","isPartOf":{"@id":"https:\/\/eldigitaldeasturias.com\/magazine365\/#website"},"breadcrumb":{"@id":"https:\/\/eldigitaldeasturias.com\/magazine365\/el-parque-nacional-sutjeska-en-bosnia-una-joya-natural\/#breadcrumblist"},"author":{"@id":"https:\/\/eldigitaldeasturias.com\/magazine365\/author\/admin\/#author"},"creator":{"@id":"https:\/\/eldigitaldeasturias.com\/magazine365\/author\/admin\/#author"},"image":{"@type":"ImageObject","url":"https:\/\/eldigitaldeasturias.com\/magazine365\/wp-content\/uploads\/2018\/05\/El-parque-nacional-Sutjeska-en-Bosnia.jpg","@id":"https:\/\/eldigitaldeasturias.com\/magazine365\/el-parque-nacional-sutjeska-en-bosnia-una-joya-natural\/#mainImage","width":1016,"height":674},"primaryImageOfPage":{"@id":"https:\/\/eldigitaldeasturias.com\/magazine365\/el-parque-nacional-sutjeska-en-bosnia-una-joya-natural\/#mainImage"},"datePublished":"2018-05-28T14:16:57+02:00","dateModified":"2018-05-28T14:16:57+02:00"},{"@type":"WebSite","@id":"https:\/\/eldigitaldeasturias.com\/magazine365\/#website","url":"https:\/\/eldigitaldeasturias.com\/magazine365\/","name":"El Digital de Asturias","description":"Revista de ocio, turismo y estilo de vida","inLanguage":"es-ES","publisher":{"@id":"https:\/\/eldigitaldeasturias.com\/magazine365\/#organization"}}]},"og:locale":"es_ES","og:site_name":"El Digital de Asturias \u2013 Revista de ocio, turismo y estilo de vida","og:type":"article","og:title":"El parque nacional Sutjeska en Bosnia, una joya natural | El Digital de Asturias","og:description":"TJENTISTE (dpa) - Las escarpadas crestas c\u00e1rsticas se pierden en el horizonte mientras valles espesamente arbolados atraviesan mesetas \u00e1ridas. La cima del monte Maglic ofrece una vista panor\u00e1mica muy rom\u00e1ntica con las suaves pendientes en la parte norte de la monta\u00f1a cubiertas de gencianas, francesillas y heliospermas. Abajo, a una profundidad de varios cientos de","og:url":"https:\/\/eldigitaldeasturias.com\/magazine365\/el-parque-nacional-sutjeska-en-bosnia-una-joya-natural\/","og:image":"https:\/\/eldigitaldeasturias.com\/magazine365\/wp-content\/uploads\/2018\/05\/El-parque-nacional-Sutjeska-en-Bosnia.jpg","og:image:secure_url":"https:\/\/eldigitaldeasturias.com\/magazine365\/wp-content\/uploads\/2018\/05\/El-parque-nacional-Sutjeska-en-Bosnia.jpg","og:image:width":1016,"og:image:height":674,"article:published_time":"2018-05-28T14:16:57+00:00","article:modified_time":"2018-05-28T14:16:57+00:00","twitter:card":"summary_large_image","twitter:title":"El parque nacional Sutjeska en Bosnia, una joya natural | El Digital de Asturias","twitter:description":"TJENTISTE (dpa) - Las escarpadas crestas c\u00e1rsticas se pierden en el horizonte mientras valles espesamente arbolados atraviesan mesetas \u00e1ridas. La cima del monte Maglic ofrece una vista panor\u00e1mica muy rom\u00e1ntica con las suaves pendientes en la parte norte de la monta\u00f1a cubiertas de gencianas, francesillas y heliospermas. Abajo, a una profundidad de varios cientos de","twitter:image":"https:\/\/eldigitaldeasturias.com\/magazine365\/wp-content\/uploads\/2018\/05\/El-parque-nacional-Sutjeska-en-Bosnia.jpg"},"aioseo_meta_data":{"post_id":"92434","title":null,"description":null,"keywords":null,"keyphrases":null,"primary_term":null,"canonical_url":null,"og_title":null,"og_description":null,"og_object_type":"default","og_image_type":"default","og_image_url":null,"og_image_width":null,"og_image_height":null,"og_image_custom_url":null,"og_image_custom_fields":null,"og_video":null,"og_custom_url":null,"og_article_section":null,"og_article_tags":null,"twitter_use_og":false,"twitter_card":"default","twitter_image_type":"default","twitter_image_url":null,"twitter_image_custom_url":null,"twitter_image_custom_fields":null,"twitter_title":null,"twitter_description":null,"schema":{"blockGraphs":[],"customGraphs":[],"default":{"data":{"Article":[],"Course":[],"Dataset":[],"FAQPage":[],"Movie":[],"Person":[],"Product":[],"ProductReview":[],"Car":[],"Recipe":[],"Service":[],"SoftwareApplication":[],"WebPage":[]},"graphName":"","isEnabled":true},"graphs":[],"defaultGraph":"","defaultPostTypeGraph":""},"schema_type":null,"schema_type_options":null,"pillar_content":false,"robots_default":true,"robots_noindex":false,"robots_noarchive":false,"robots_nosnippet":false,"robots_nofollow":false,"robots_noimageindex":false,"robots_noodp":false,"robots_notranslate":false,"robots_max_snippet":null,"robots_max_videopreview":null,"robots_max_imagepreview":"large","priority":null,"frequency":null,"location":null,"local_seo":null,"seo_analyzer_scan_date":"2025-09-28 20:17:10","breadcrumb_settings":null,"limit_modified_date":false,"open_ai":null,"ai":null,"created":"2020-12-21 14:05:29","updated":"2025-09-28 20:17:10"},"aioseo_breadcrumb":"<div class=\"aioseo-breadcrumbs\"><span class=\"aioseo-breadcrumb\">\n\t<a href=\"https:\/\/eldigitaldeasturias.com\/magazine365\" title=\"Home\">Home<\/a>\n<\/span><span class=\"aioseo-breadcrumb-separator\">\u2013<\/span><span class=\"aioseo-breadcrumb\">\n\t<a href=\"https:\/\/eldigitaldeasturias.com\/magazine365\/category\/viajes\/\" title=\"Viajes\">Viajes<\/a>\n<\/span><span class=\"aioseo-breadcrumb-separator\">\u2013<\/span><span class=\"aioseo-breadcrumb\">\n\t<a href=\"https:\/\/eldigitaldeasturias.com\/magazine365\/el-parque-nacional-sutjeska-en-bosnia-una-joya-natural\/\" title=\"El parque nacional Sutjeska en Bosnia, una joya natural\">El parque nacional Sutjeska en Bosnia, una joya natural<\/a>\n<\/span><\/div>","aioseo_breadcrumb_json":[{"label":"Home","link":"https:\/\/eldigitaldeasturias.com\/magazine365"},{"label":"Viajes","link":"https:\/\/eldigitaldeasturias.com\/magazine365\/category\/viajes\/"},{"label":"El parque nacional Sutjeska en Bosnia, una joya natural","link":"https:\/\/eldigitaldeasturias.com\/magazine365\/el-parque-nacional-sutjeska-en-bosnia-una-joya-natural\/"}],"_links":{"self":[{"href":"https:\/\/eldigitaldeasturias.com\/magazine365\/wp-json\/wp\/v2\/posts\/92434","targetHints":{"allow":["GET"]}}],"collection":[{"href":"https:\/\/eldigitaldeasturias.com\/magazine365\/wp-json\/wp\/v2\/posts"}],"about":[{"href":"https:\/\/eldigitaldeasturias.com\/magazine365\/wp-json\/wp\/v2\/types\/post"}],"author":[{"embeddable":true,"href":"https:\/\/eldigitaldeasturias.com\/magazine365\/wp-json\/wp\/v2\/users\/1"}],"replies":[{"embeddable":true,"href":"https:\/\/eldigitaldeasturias.com\/magazine365\/wp-json\/wp\/v2\/comments?post=92434"}],"version-history":[{"count":0,"href":"https:\/\/eldigitaldeasturias.com\/magazine365\/wp-json\/wp\/v2\/posts\/92434\/revisions"}],"wp:featuredmedia":[{"embeddable":true,"href":"https:\/\/eldigitaldeasturias.com\/magazine365\/wp-json\/wp\/v2\/media\/92435"}],"wp:attachment":[{"href":"https:\/\/eldigitaldeasturias.com\/magazine365\/wp-json\/wp\/v2\/media?parent=92434"}],"wp:term":[{"taxonomy":"category","embeddable":true,"href":"https:\/\/eldigitaldeasturias.com\/magazine365\/wp-json\/wp\/v2\/categories?post=92434"},{"taxonomy":"post_tag","embeddable":true,"href":"https:\/\/eldigitaldeasturias.com\/magazine365\/wp-json\/wp\/v2\/tags?post=92434"}],"curies":[{"name":"wp","href":"https:\/\/api.w.org\/{rel}","templated":true}]}}