{"id":91809,"date":"2018-04-26T04:20:25","date_gmt":"2018-04-26T04:20:25","guid":{"rendered":"http:\/\/eldigitaldeasturias.com\/magazine365\/?p=91809"},"modified":"2018-04-26T04:20:25","modified_gmt":"2018-04-26T04:20:25","slug":"el-cambio-de-tiempo-protagoniza-el-mes-de-abril-en-el-area-62-de-barbastro","status":"publish","type":"post","link":"https:\/\/eldigitaldeasturias.com\/magazine365\/el-cambio-de-tiempo-protagoniza-el-mes-de-abril-en-el-area-62-de-barbastro\/","title":{"rendered":"El cambio de tiempo protagoniza el mes de abril en el \u00c1rea 62 de Barbastro"},"content":{"rendered":"<p><strong><img fetchpriority=\"high\" decoding=\"async\" class=\"alignleft size-medium wp-image-91810\" src=\"https:\/\/eldigitaldeasturias.com\/magazine365\/wp-content\/uploads\/2018\/04\/1524649996_area_62_barbastro_huesca_parque_menu_terraza-360x234.jpg\" alt=\"\" width=\"360\" height=\"234\" srcset=\"https:\/\/eldigitaldeasturias.com\/magazine365\/wp-content\/uploads\/2018\/04\/1524649996_area_62_barbastro_huesca_parque_menu_terraza-360x234.jpg 360w, https:\/\/eldigitaldeasturias.com\/magazine365\/wp-content\/uploads\/2018\/04\/1524649996_area_62_barbastro_huesca_parque_menu_terraza-650x423.jpg 650w, https:\/\/eldigitaldeasturias.com\/magazine365\/wp-content\/uploads\/2018\/04\/1524649996_area_62_barbastro_huesca_parque_menu_terraza-768x500.jpg 768w, https:\/\/eldigitaldeasturias.com\/magazine365\/wp-content\/uploads\/2018\/04\/1524649996_area_62_barbastro_huesca_parque_menu_terraza-150x98.jpg 150w, https:\/\/eldigitaldeasturias.com\/magazine365\/wp-content\/uploads\/2018\/04\/1524649996_area_62_barbastro_huesca_parque_menu_terraza-450x293.jpg 450w, https:\/\/eldigitaldeasturias.com\/magazine365\/wp-content\/uploads\/2018\/04\/1524649996_area_62_barbastro_huesca_parque_menu_terraza-225x145.jpg 225w, https:\/\/eldigitaldeasturias.com\/magazine365\/wp-content\/uploads\/2018\/04\/1524649996_area_62_barbastro_huesca_parque_menu_terraza.jpg 850w\" sizes=\"(max-width: 360px) 100vw, 360px\" \/>El restaurante del \u00e1rea de servicio \u00c1rea 62, en la salida 62 de la autov\u00eda A-22 a la altura de Barbastro (Huesca), hace balance<\/strong>\u00a0ahora que el buen tiempo acompa\u00f1ar\u00e1 el inicio de la primavera. Tras su tercera temporada de esqu\u00ed abierto al p\u00fablico, el establecimiento se ha ganado la confianza de vecinos de la comarca del Somontano de Barbastro, y tambi\u00e9n de turistas. Reci\u00e9n terminado el invierno,\u00a0<strong>la campa\u00f1a de nieve tambi\u00e9n deja un agradable sabor de boca\u00a0<\/strong>en \u00c1rea 62 Restaurante.<\/p>\n<p><strong>Las pistas del Grupo Aram\u00f3n abr\u00edan a principios de diciembre<\/strong>, coincidiendo con el puente de la Inmaculada y la Constituci\u00f3n. El estupendo estado de la nieve convirti\u00f3 las estaciones de Formigal-Panticosa, Cerler, Javalambre y Valdelinares en el sitio perfecto para acudir a practicar el deporte de invierno por antonomasia. Estas estaciones recib\u00edan hasta 1,2 millones de visitantes a lo largo de toda la temporada. Por quinta campa\u00f1a consecutiva, Grupo Aram\u00f3n alcanzaban su ambicioso objetivo de superar el mill\u00f3n de esquiadores.<\/p>\n<p>Sin embargo, desde el Grupo Aram\u00f3n aseguran que\u00a0<strong>estas cifras tan positivas podr\u00edan incluso haber sido mejores de haber acompa\u00f1ado el tiempo.<\/strong>\u00a0Durante la gran mayor\u00eda de fines de semana de invierno nev\u00f3. Sobre todo en el mes de marzo, que ha nevado pr\u00e1cticamente todos los d\u00edas.<\/p>\n<p>En comparaci\u00f3n con la pistas de Formigal \u2013 Panticosa, el tiempo otorg\u00f3 una peque\u00f1a tregua a la parte m\u00e1s oriental del Pirineo oscense. En Cerler,\u00a0<strong>de los 120 d\u00edas con pistas abiertas, 67 de \u00e9stos han sido soleados.<\/strong>\u00a0En cambio, en Formigal-Panticosa, en Javalambre y en Valdelinares, m\u00e1s de la mitad de las jornadas ha estado nevando o no se ha visto el sol.<\/p>\n<p>Las buenas condiciones de la nieve,\u00a0<strong>favorec\u00eda que restaurantes de carretera como \u00c1rea 62 Restaurante, en Barbastro, gozaran de llenos absolutos durante los mediod\u00edas y las tardes de cada fin de semana.<\/strong>\u00a0Adem\u00e1s del men\u00fa fin de semana, entre las recetas estrella, de nuevo, las tortillas de patatas o\u00a0<strong>los bocadillos<\/strong>, los cuales<strong>\u00a0se preparaban a centenas cada tarde de domingo\u00a0<\/strong>para recibir los conductores que bajaban de pistas.<\/p>\n<p>&nbsp;<\/p>\n","protected":false},"excerpt":{"rendered":"<p>El restaurante del \u00e1rea de servicio \u00c1rea 62, en la salida 62 de la autov\u00eda A-22 a la altura de Barbastro (Huesca), hace balance\u00a0ahora que el buen tiempo acompa\u00f1ar\u00e1 el inicio de la primavera. Tras su tercera temporada de esqu\u00ed abierto al p\u00fablico, el establecimiento se ha ganado la confianza de vecinos de la comarca<\/p>\n","protected":false},"author":1,"featured_media":91810,"comment_status":"closed","ping_status":"closed","sticky":false,"template":"","format":"standard","meta":{"footnotes":""},"categories":[217],"tags":[],"class_list":{"0":"post-91809","1":"post","2":"type-post","3":"status-publish","4":"format-standard","5":"has-post-thumbnail","7":"category-sabores"},"aioseo_notices":[],"aioseo_head":"\n\t\t<!-- All in One SEO Pro 4.9.6.1 - aioseo.com -->\n\t<meta name=\"description\" content=\"El restaurante del \u00e1rea de servicio \u00c1rea 62, en la salida 62 de la autov\u00eda A-22 a la altura de Barbastro (Huesca), hace balance ahora que el buen tiempo acompa\u00f1ar\u00e1 el inicio de la primavera. Tras su tercera temporada de esqu\u00ed abierto al p\u00fablico, el establecimiento se ha ganado la confianza de vecinos de la comarca\" \/>\n\t<meta name=\"robots\" content=\"max-image-preview:large\" \/>\n\t<meta name=\"author\" content=\"admin\"\/>\n\t<meta name=\"google-site-verification\" content=\"UA-38556648-1\" \/>\n\t<meta name=\"keywords\" content=\"sabores\" \/>\n\t<link rel=\"canonical\" href=\"https:\/\/eldigitaldeasturias.com\/magazine365\/el-cambio-de-tiempo-protagoniza-el-mes-de-abril-en-el-area-62-de-barbastro\/\" \/>\n\t<meta name=\"generator\" content=\"All in One SEO Pro (AIOSEO) 4.9.6.1\" \/>\n\t\t<meta property=\"og:locale\" content=\"es_ES\" \/>\n\t\t<meta property=\"og:site_name\" content=\"El Digital de Asturias \u2013 Revista de ocio, turismo y estilo de vida\" \/>\n\t\t<meta property=\"og:type\" content=\"article\" \/>\n\t\t<meta property=\"og:title\" content=\"El cambio de tiempo protagoniza el mes de abril en el \u00c1rea 62 de Barbastro | El Digital de Asturias\" \/>\n\t\t<meta property=\"og:description\" content=\"El restaurante del \u00e1rea de servicio \u00c1rea 62, en la salida 62 de la autov\u00eda A-22 a la altura de Barbastro (Huesca), hace balance ahora que el buen tiempo acompa\u00f1ar\u00e1 el inicio de la primavera. Tras su tercera temporada de esqu\u00ed abierto al p\u00fablico, el establecimiento se ha ganado la confianza de vecinos de la comarca\" \/>\n\t\t<meta property=\"og:url\" content=\"https:\/\/eldigitaldeasturias.com\/magazine365\/el-cambio-de-tiempo-protagoniza-el-mes-de-abril-en-el-area-62-de-barbastro\/\" \/>\n\t\t<meta property=\"og:image\" content=\"https:\/\/eldigitaldeasturias.com\/magazine365\/wp-content\/uploads\/2018\/04\/1524649996_area_62_barbastro_huesca_parque_menu_terraza.jpg\" \/>\n\t\t<meta property=\"og:image:secure_url\" content=\"https:\/\/eldigitaldeasturias.com\/magazine365\/wp-content\/uploads\/2018\/04\/1524649996_area_62_barbastro_huesca_parque_menu_terraza.jpg\" \/>\n\t\t<meta property=\"og:image:width\" content=\"850\" \/>\n\t\t<meta property=\"og:image:height\" content=\"553\" \/>\n\t\t<meta property=\"article:published_time\" content=\"2018-04-26T04:20:25+00:00\" \/>\n\t\t<meta property=\"article:modified_time\" content=\"2018-04-26T04:20:25+00:00\" \/>\n\t\t<meta name=\"twitter:card\" content=\"summary_large_image\" \/>\n\t\t<meta name=\"twitter:title\" content=\"El cambio de tiempo protagoniza el mes de abril en el \u00c1rea 62 de Barbastro | El Digital de Asturias\" \/>\n\t\t<meta name=\"twitter:description\" content=\"El restaurante del \u00e1rea de servicio \u00c1rea 62, en la salida 62 de la autov\u00eda A-22 a la altura de Barbastro (Huesca), hace balance ahora que el buen tiempo acompa\u00f1ar\u00e1 el inicio de la primavera. Tras su tercera temporada de esqu\u00ed abierto al p\u00fablico, el establecimiento se ha ganado la confianza de vecinos de la comarca\" \/>\n\t\t<meta name=\"twitter:image\" content=\"https:\/\/eldigitaldeasturias.com\/magazine365\/wp-content\/uploads\/2018\/04\/1524649996_area_62_barbastro_huesca_parque_menu_terraza.jpg\" \/>\n\t\t<script type=\"application\/ld+json\" class=\"aioseo-schema\">\n\t\t\t{\"@context\":\"https:\\\/\\\/schema.org\",\"@graph\":[{\"@type\":\"Article\",\"@id\":\"https:\\\/\\\/eldigitaldeasturias.com\\\/magazine365\\\/el-cambio-de-tiempo-protagoniza-el-mes-de-abril-en-el-area-62-de-barbastro\\\/#article\",\"name\":\"El cambio de tiempo protagoniza el mes de abril en el \\u00c1rea 62 de Barbastro | El Digital de Asturias\",\"headline\":\"El cambio de tiempo protagoniza el mes de abril en el \\u00c1rea 62 de Barbastro\",\"author\":{\"@id\":\"https:\\\/\\\/eldigitaldeasturias.com\\\/magazine365\\\/author\\\/admin\\\/#author\"},\"publisher\":{\"@id\":\"https:\\\/\\\/eldigitaldeasturias.com\\\/magazine365\\\/#organization\"},\"image\":{\"@type\":\"ImageObject\",\"url\":\"https:\\\/\\\/eldigitaldeasturias.com\\\/magazine365\\\/wp-content\\\/uploads\\\/2018\\\/04\\\/1524649996_area_62_barbastro_huesca_parque_menu_terraza.jpg\",\"width\":850,\"height\":553},\"datePublished\":\"2018-04-26T04:20:25+02:00\",\"dateModified\":\"2018-04-26T04:20:25+02:00\",\"inLanguage\":\"es-ES\",\"mainEntityOfPage\":{\"@id\":\"https:\\\/\\\/eldigitaldeasturias.com\\\/magazine365\\\/el-cambio-de-tiempo-protagoniza-el-mes-de-abril-en-el-area-62-de-barbastro\\\/#webpage\"},\"isPartOf\":{\"@id\":\"https:\\\/\\\/eldigitaldeasturias.com\\\/magazine365\\\/el-cambio-de-tiempo-protagoniza-el-mes-de-abril-en-el-area-62-de-barbastro\\\/#webpage\"},\"articleSection\":\"Sabores\"},{\"@type\":\"BreadcrumbList\",\"@id\":\"https:\\\/\\\/eldigitaldeasturias.com\\\/magazine365\\\/el-cambio-de-tiempo-protagoniza-el-mes-de-abril-en-el-area-62-de-barbastro\\\/#breadcrumblist\",\"itemListElement\":[{\"@type\":\"ListItem\",\"@id\":\"https:\\\/\\\/eldigitaldeasturias.com\\\/magazine365#listItem\",\"position\":1,\"name\":\"Home\",\"item\":\"https:\\\/\\\/eldigitaldeasturias.com\\\/magazine365\",\"nextItem\":{\"@type\":\"ListItem\",\"@id\":\"https:\\\/\\\/eldigitaldeasturias.com\\\/magazine365\\\/category\\\/sabores\\\/#listItem\",\"name\":\"Sabores\"}},{\"@type\":\"ListItem\",\"@id\":\"https:\\\/\\\/eldigitaldeasturias.com\\\/magazine365\\\/category\\\/sabores\\\/#listItem\",\"position\":2,\"name\":\"Sabores\",\"item\":\"https:\\\/\\\/eldigitaldeasturias.com\\\/magazine365\\\/category\\\/sabores\\\/\",\"nextItem\":{\"@type\":\"ListItem\",\"@id\":\"https:\\\/\\\/eldigitaldeasturias.com\\\/magazine365\\\/el-cambio-de-tiempo-protagoniza-el-mes-de-abril-en-el-area-62-de-barbastro\\\/#listItem\",\"name\":\"El cambio de tiempo protagoniza el mes de abril en el \\u00c1rea 62 de Barbastro\"},\"previousItem\":{\"@type\":\"ListItem\",\"@id\":\"https:\\\/\\\/eldigitaldeasturias.com\\\/magazine365#listItem\",\"name\":\"Home\"}},{\"@type\":\"ListItem\",\"@id\":\"https:\\\/\\\/eldigitaldeasturias.com\\\/magazine365\\\/el-cambio-de-tiempo-protagoniza-el-mes-de-abril-en-el-area-62-de-barbastro\\\/#listItem\",\"position\":3,\"name\":\"El cambio de tiempo protagoniza el mes de abril en el \\u00c1rea 62 de Barbastro\",\"previousItem\":{\"@type\":\"ListItem\",\"@id\":\"https:\\\/\\\/eldigitaldeasturias.com\\\/magazine365\\\/category\\\/sabores\\\/#listItem\",\"name\":\"Sabores\"}}]},{\"@type\":\"Organization\",\"@id\":\"https:\\\/\\\/eldigitaldeasturias.com\\\/magazine365\\\/#organization\",\"name\":\"El digital de Asturias\",\"description\":\"Revista de ocio, turismo y estilo de vida\",\"url\":\"https:\\\/\\\/eldigitaldeasturias.com\\\/magazine365\\\/\",\"logo\":{\"@type\":\"ImageObject\",\"url\":\"https:\\\/\\\/www.eldigitaldeasturias.com\\\/noticias\\\/wp-content\\\/uploads\\\/2020\\\/12\\\/EDA.jpg\",\"@id\":\"https:\\\/\\\/eldigitaldeasturias.com\\\/magazine365\\\/el-cambio-de-tiempo-protagoniza-el-mes-de-abril-en-el-area-62-de-barbastro\\\/#organizationLogo\"},\"image\":{\"@id\":\"https:\\\/\\\/eldigitaldeasturias.com\\\/magazine365\\\/el-cambio-de-tiempo-protagoniza-el-mes-de-abril-en-el-area-62-de-barbastro\\\/#organizationLogo\"}},{\"@type\":\"Person\",\"@id\":\"https:\\\/\\\/eldigitaldeasturias.com\\\/magazine365\\\/author\\\/admin\\\/#author\",\"url\":\"https:\\\/\\\/eldigitaldeasturias.com\\\/magazine365\\\/author\\\/admin\\\/\",\"name\":\"admin\",\"image\":{\"@type\":\"ImageObject\",\"@id\":\"https:\\\/\\\/eldigitaldeasturias.com\\\/magazine365\\\/el-cambio-de-tiempo-protagoniza-el-mes-de-abril-en-el-area-62-de-barbastro\\\/#authorImage\",\"url\":\"https:\\\/\\\/eldigitaldeasturias.com\\\/magazine365\\\/wp-content\\\/litespeed\\\/avatar\\\/e571bcf59a0edd6fa6838245a470f2fe.jpg?ver=1776969259\",\"width\":96,\"height\":96,\"caption\":\"admin\"}},{\"@type\":\"WebPage\",\"@id\":\"https:\\\/\\\/eldigitaldeasturias.com\\\/magazine365\\\/el-cambio-de-tiempo-protagoniza-el-mes-de-abril-en-el-area-62-de-barbastro\\\/#webpage\",\"url\":\"https:\\\/\\\/eldigitaldeasturias.com\\\/magazine365\\\/el-cambio-de-tiempo-protagoniza-el-mes-de-abril-en-el-area-62-de-barbastro\\\/\",\"name\":\"El cambio de tiempo protagoniza el mes de abril en el \\u00c1rea 62 de Barbastro | El Digital de Asturias\",\"description\":\"El restaurante del \\u00e1rea de servicio \\u00c1rea 62, en la salida 62 de la autov\\u00eda A-22 a la altura de Barbastro (Huesca), hace balance ahora que el buen tiempo acompa\\u00f1ar\\u00e1 el inicio de la primavera. Tras su tercera temporada de esqu\\u00ed abierto al p\\u00fablico, el establecimiento se ha ganado la confianza de vecinos de la comarca\",\"inLanguage\":\"es-ES\",\"isPartOf\":{\"@id\":\"https:\\\/\\\/eldigitaldeasturias.com\\\/magazine365\\\/#website\"},\"breadcrumb\":{\"@id\":\"https:\\\/\\\/eldigitaldeasturias.com\\\/magazine365\\\/el-cambio-de-tiempo-protagoniza-el-mes-de-abril-en-el-area-62-de-barbastro\\\/#breadcrumblist\"},\"author\":{\"@id\":\"https:\\\/\\\/eldigitaldeasturias.com\\\/magazine365\\\/author\\\/admin\\\/#author\"},\"creator\":{\"@id\":\"https:\\\/\\\/eldigitaldeasturias.com\\\/magazine365\\\/author\\\/admin\\\/#author\"},\"image\":{\"@type\":\"ImageObject\",\"url\":\"https:\\\/\\\/eldigitaldeasturias.com\\\/magazine365\\\/wp-content\\\/uploads\\\/2018\\\/04\\\/1524649996_area_62_barbastro_huesca_parque_menu_terraza.jpg\",\"@id\":\"https:\\\/\\\/eldigitaldeasturias.com\\\/magazine365\\\/el-cambio-de-tiempo-protagoniza-el-mes-de-abril-en-el-area-62-de-barbastro\\\/#mainImage\",\"width\":850,\"height\":553},\"primaryImageOfPage\":{\"@id\":\"https:\\\/\\\/eldigitaldeasturias.com\\\/magazine365\\\/el-cambio-de-tiempo-protagoniza-el-mes-de-abril-en-el-area-62-de-barbastro\\\/#mainImage\"},\"datePublished\":\"2018-04-26T04:20:25+02:00\",\"dateModified\":\"2018-04-26T04:20:25+02:00\"},{\"@type\":\"WebSite\",\"@id\":\"https:\\\/\\\/eldigitaldeasturias.com\\\/magazine365\\\/#website\",\"url\":\"https:\\\/\\\/eldigitaldeasturias.com\\\/magazine365\\\/\",\"name\":\"El Digital de Asturias\",\"description\":\"Revista de ocio, turismo y estilo de vida\",\"inLanguage\":\"es-ES\",\"publisher\":{\"@id\":\"https:\\\/\\\/eldigitaldeasturias.com\\\/magazine365\\\/#organization\"}}]}\n\t\t<\/script>\n\t\t<!-- All in One SEO Pro -->\r\n\t\t<title>El cambio de tiempo protagoniza el mes de abril en el \u00c1rea 62 de Barbastro | El Digital de Asturias<\/title>\n\n","aioseo_head_json":{"title":"El cambio de tiempo protagoniza el mes de abril en el \u00c1rea 62 de Barbastro | El Digital de Asturias","description":"El restaurante del \u00e1rea de servicio \u00c1rea 62, en la salida 62 de la autov\u00eda A-22 a la altura de Barbastro (Huesca), hace balance ahora que el buen tiempo acompa\u00f1ar\u00e1 el inicio de la primavera. Tras su tercera temporada de esqu\u00ed abierto al p\u00fablico, el establecimiento se ha ganado la confianza de vecinos de la comarca","canonical_url":"https:\/\/eldigitaldeasturias.com\/magazine365\/el-cambio-de-tiempo-protagoniza-el-mes-de-abril-en-el-area-62-de-barbastro\/","robots":"max-image-preview:large","keywords":"sabores","webmasterTools":{"google-site-verification":"UA-38556648-1","miscellaneous":""},"schema":{"@context":"https:\/\/schema.org","@graph":[{"@type":"Article","@id":"https:\/\/eldigitaldeasturias.com\/magazine365\/el-cambio-de-tiempo-protagoniza-el-mes-de-abril-en-el-area-62-de-barbastro\/#article","name":"El cambio de tiempo protagoniza el mes de abril en el \u00c1rea 62 de Barbastro | El Digital de Asturias","headline":"El cambio de tiempo protagoniza el mes de abril en el \u00c1rea 62 de Barbastro","author":{"@id":"https:\/\/eldigitaldeasturias.com\/magazine365\/author\/admin\/#author"},"publisher":{"@id":"https:\/\/eldigitaldeasturias.com\/magazine365\/#organization"},"image":{"@type":"ImageObject","url":"https:\/\/eldigitaldeasturias.com\/magazine365\/wp-content\/uploads\/2018\/04\/1524649996_area_62_barbastro_huesca_parque_menu_terraza.jpg","width":850,"height":553},"datePublished":"2018-04-26T04:20:25+02:00","dateModified":"2018-04-26T04:20:25+02:00","inLanguage":"es-ES","mainEntityOfPage":{"@id":"https:\/\/eldigitaldeasturias.com\/magazine365\/el-cambio-de-tiempo-protagoniza-el-mes-de-abril-en-el-area-62-de-barbastro\/#webpage"},"isPartOf":{"@id":"https:\/\/eldigitaldeasturias.com\/magazine365\/el-cambio-de-tiempo-protagoniza-el-mes-de-abril-en-el-area-62-de-barbastro\/#webpage"},"articleSection":"Sabores"},{"@type":"BreadcrumbList","@id":"https:\/\/eldigitaldeasturias.com\/magazine365\/el-cambio-de-tiempo-protagoniza-el-mes-de-abril-en-el-area-62-de-barbastro\/#breadcrumblist","itemListElement":[{"@type":"ListItem","@id":"https:\/\/eldigitaldeasturias.com\/magazine365#listItem","position":1,"name":"Home","item":"https:\/\/eldigitaldeasturias.com\/magazine365","nextItem":{"@type":"ListItem","@id":"https:\/\/eldigitaldeasturias.com\/magazine365\/category\/sabores\/#listItem","name":"Sabores"}},{"@type":"ListItem","@id":"https:\/\/eldigitaldeasturias.com\/magazine365\/category\/sabores\/#listItem","position":2,"name":"Sabores","item":"https:\/\/eldigitaldeasturias.com\/magazine365\/category\/sabores\/","nextItem":{"@type":"ListItem","@id":"https:\/\/eldigitaldeasturias.com\/magazine365\/el-cambio-de-tiempo-protagoniza-el-mes-de-abril-en-el-area-62-de-barbastro\/#listItem","name":"El cambio de tiempo protagoniza el mes de abril en el \u00c1rea 62 de Barbastro"},"previousItem":{"@type":"ListItem","@id":"https:\/\/eldigitaldeasturias.com\/magazine365#listItem","name":"Home"}},{"@type":"ListItem","@id":"https:\/\/eldigitaldeasturias.com\/magazine365\/el-cambio-de-tiempo-protagoniza-el-mes-de-abril-en-el-area-62-de-barbastro\/#listItem","position":3,"name":"El cambio de tiempo protagoniza el mes de abril en el \u00c1rea 62 de Barbastro","previousItem":{"@type":"ListItem","@id":"https:\/\/eldigitaldeasturias.com\/magazine365\/category\/sabores\/#listItem","name":"Sabores"}}]},{"@type":"Organization","@id":"https:\/\/eldigitaldeasturias.com\/magazine365\/#organization","name":"El digital de Asturias","description":"Revista de ocio, turismo y estilo de vida","url":"https:\/\/eldigitaldeasturias.com\/magazine365\/","logo":{"@type":"ImageObject","url":"https:\/\/www.eldigitaldeasturias.com\/noticias\/wp-content\/uploads\/2020\/12\/EDA.jpg","@id":"https:\/\/eldigitaldeasturias.com\/magazine365\/el-cambio-de-tiempo-protagoniza-el-mes-de-abril-en-el-area-62-de-barbastro\/#organizationLogo"},"image":{"@id":"https:\/\/eldigitaldeasturias.com\/magazine365\/el-cambio-de-tiempo-protagoniza-el-mes-de-abril-en-el-area-62-de-barbastro\/#organizationLogo"}},{"@type":"Person","@id":"https:\/\/eldigitaldeasturias.com\/magazine365\/author\/admin\/#author","url":"https:\/\/eldigitaldeasturias.com\/magazine365\/author\/admin\/","name":"admin","image":{"@type":"ImageObject","@id":"https:\/\/eldigitaldeasturias.com\/magazine365\/el-cambio-de-tiempo-protagoniza-el-mes-de-abril-en-el-area-62-de-barbastro\/#authorImage","url":"https:\/\/eldigitaldeasturias.com\/magazine365\/wp-content\/litespeed\/avatar\/e571bcf59a0edd6fa6838245a470f2fe.jpg?ver=1776969259","width":96,"height":96,"caption":"admin"}},{"@type":"WebPage","@id":"https:\/\/eldigitaldeasturias.com\/magazine365\/el-cambio-de-tiempo-protagoniza-el-mes-de-abril-en-el-area-62-de-barbastro\/#webpage","url":"https:\/\/eldigitaldeasturias.com\/magazine365\/el-cambio-de-tiempo-protagoniza-el-mes-de-abril-en-el-area-62-de-barbastro\/","name":"El cambio de tiempo protagoniza el mes de abril en el \u00c1rea 62 de Barbastro | El Digital de Asturias","description":"El restaurante del \u00e1rea de servicio \u00c1rea 62, en la salida 62 de la autov\u00eda A-22 a la altura de Barbastro (Huesca), hace balance ahora que el buen tiempo acompa\u00f1ar\u00e1 el inicio de la primavera. Tras su tercera temporada de esqu\u00ed abierto al p\u00fablico, el establecimiento se ha ganado la confianza de vecinos de la comarca","inLanguage":"es-ES","isPartOf":{"@id":"https:\/\/eldigitaldeasturias.com\/magazine365\/#website"},"breadcrumb":{"@id":"https:\/\/eldigitaldeasturias.com\/magazine365\/el-cambio-de-tiempo-protagoniza-el-mes-de-abril-en-el-area-62-de-barbastro\/#breadcrumblist"},"author":{"@id":"https:\/\/eldigitaldeasturias.com\/magazine365\/author\/admin\/#author"},"creator":{"@id":"https:\/\/eldigitaldeasturias.com\/magazine365\/author\/admin\/#author"},"image":{"@type":"ImageObject","url":"https:\/\/eldigitaldeasturias.com\/magazine365\/wp-content\/uploads\/2018\/04\/1524649996_area_62_barbastro_huesca_parque_menu_terraza.jpg","@id":"https:\/\/eldigitaldeasturias.com\/magazine365\/el-cambio-de-tiempo-protagoniza-el-mes-de-abril-en-el-area-62-de-barbastro\/#mainImage","width":850,"height":553},"primaryImageOfPage":{"@id":"https:\/\/eldigitaldeasturias.com\/magazine365\/el-cambio-de-tiempo-protagoniza-el-mes-de-abril-en-el-area-62-de-barbastro\/#mainImage"},"datePublished":"2018-04-26T04:20:25+02:00","dateModified":"2018-04-26T04:20:25+02:00"},{"@type":"WebSite","@id":"https:\/\/eldigitaldeasturias.com\/magazine365\/#website","url":"https:\/\/eldigitaldeasturias.com\/magazine365\/","name":"El Digital de Asturias","description":"Revista de ocio, turismo y estilo de vida","inLanguage":"es-ES","publisher":{"@id":"https:\/\/eldigitaldeasturias.com\/magazine365\/#organization"}}]},"og:locale":"es_ES","og:site_name":"El Digital de Asturias \u2013 Revista de ocio, turismo y estilo de vida","og:type":"article","og:title":"El cambio de tiempo protagoniza el mes de abril en el \u00c1rea 62 de Barbastro | El Digital de Asturias","og:description":"El restaurante del \u00e1rea de servicio \u00c1rea 62, en la salida 62 de la autov\u00eda A-22 a la altura de Barbastro (Huesca), hace balance ahora que el buen tiempo acompa\u00f1ar\u00e1 el inicio de la primavera. Tras su tercera temporada de esqu\u00ed abierto al p\u00fablico, el establecimiento se ha ganado la confianza de vecinos de la comarca","og:url":"https:\/\/eldigitaldeasturias.com\/magazine365\/el-cambio-de-tiempo-protagoniza-el-mes-de-abril-en-el-area-62-de-barbastro\/","og:image":"https:\/\/eldigitaldeasturias.com\/magazine365\/wp-content\/uploads\/2018\/04\/1524649996_area_62_barbastro_huesca_parque_menu_terraza.jpg","og:image:secure_url":"https:\/\/eldigitaldeasturias.com\/magazine365\/wp-content\/uploads\/2018\/04\/1524649996_area_62_barbastro_huesca_parque_menu_terraza.jpg","og:image:width":850,"og:image:height":553,"article:published_time":"2018-04-26T04:20:25+00:00","article:modified_time":"2018-04-26T04:20:25+00:00","twitter:card":"summary_large_image","twitter:title":"El cambio de tiempo protagoniza el mes de abril en el \u00c1rea 62 de Barbastro | El Digital de Asturias","twitter:description":"El restaurante del \u00e1rea de servicio \u00c1rea 62, en la salida 62 de la autov\u00eda A-22 a la altura de Barbastro (Huesca), hace balance ahora que el buen tiempo acompa\u00f1ar\u00e1 el inicio de la primavera. Tras su tercera temporada de esqu\u00ed abierto al p\u00fablico, el establecimiento se ha ganado la confianza de vecinos de la comarca","twitter:image":"https:\/\/eldigitaldeasturias.com\/magazine365\/wp-content\/uploads\/2018\/04\/1524649996_area_62_barbastro_huesca_parque_menu_terraza.jpg"},"aioseo_meta_data":{"post_id":"91809","title":null,"description":null,"keywords":null,"keyphrases":null,"primary_term":null,"canonical_url":null,"og_title":null,"og_description":null,"og_object_type":"default","og_image_type":"default","og_image_url":null,"og_image_width":null,"og_image_height":null,"og_image_custom_url":null,"og_image_custom_fields":null,"og_video":null,"og_custom_url":null,"og_article_section":null,"og_article_tags":null,"twitter_use_og":false,"twitter_card":"default","twitter_image_type":"default","twitter_image_url":null,"twitter_image_custom_url":null,"twitter_image_custom_fields":null,"twitter_title":null,"twitter_description":null,"schema":{"blockGraphs":[],"customGraphs":[],"default":{"data":{"Article":[],"Course":[],"Dataset":[],"FAQPage":[],"Movie":[],"Person":[],"Product":[],"ProductReview":[],"Car":[],"Recipe":[],"Service":[],"SoftwareApplication":[],"WebPage":[]},"graphName":"","isEnabled":true},"graphs":[],"defaultGraph":"","defaultPostTypeGraph":""},"schema_type":null,"schema_type_options":null,"pillar_content":false,"robots_default":true,"robots_noindex":false,"robots_noarchive":false,"robots_nosnippet":false,"robots_nofollow":false,"robots_noimageindex":false,"robots_noodp":false,"robots_notranslate":false,"robots_max_snippet":null,"robots_max_videopreview":null,"robots_max_imagepreview":"large","priority":null,"frequency":null,"location":null,"local_seo":null,"seo_analyzer_scan_date":"2025-09-28 19:09:15","breadcrumb_settings":null,"limit_modified_date":false,"open_ai":null,"ai":null,"created":"2020-12-21 14:07:30","updated":"2025-09-28 19:09:15"},"aioseo_breadcrumb":"<div class=\"aioseo-breadcrumbs\"><span class=\"aioseo-breadcrumb\">\n\t<a href=\"https:\/\/eldigitaldeasturias.com\/magazine365\" title=\"Home\">Home<\/a>\n<\/span><span class=\"aioseo-breadcrumb-separator\">\u2013<\/span><span class=\"aioseo-breadcrumb\">\n\t<a href=\"https:\/\/eldigitaldeasturias.com\/magazine365\/category\/sabores\/\" title=\"Sabores\">Sabores<\/a>\n<\/span><span class=\"aioseo-breadcrumb-separator\">\u2013<\/span><span class=\"aioseo-breadcrumb\">\n\t<a href=\"https:\/\/eldigitaldeasturias.com\/magazine365\/el-cambio-de-tiempo-protagoniza-el-mes-de-abril-en-el-area-62-de-barbastro\/\" title=\"El cambio de tiempo protagoniza el mes de abril en el \u00c1rea 62 de Barbastro\">El cambio de tiempo protagoniza el mes de abril en el \u00c1rea 62 de Barbastro<\/a>\n<\/span><\/div>","aioseo_breadcrumb_json":[{"label":"Home","link":"https:\/\/eldigitaldeasturias.com\/magazine365"},{"label":"Sabores","link":"https:\/\/eldigitaldeasturias.com\/magazine365\/category\/sabores\/"},{"label":"El cambio de tiempo protagoniza el mes de abril en el \u00c1rea 62 de Barbastro","link":"https:\/\/eldigitaldeasturias.com\/magazine365\/el-cambio-de-tiempo-protagoniza-el-mes-de-abril-en-el-area-62-de-barbastro\/"}],"_links":{"self":[{"href":"https:\/\/eldigitaldeasturias.com\/magazine365\/wp-json\/wp\/v2\/posts\/91809","targetHints":{"allow":["GET"]}}],"collection":[{"href":"https:\/\/eldigitaldeasturias.com\/magazine365\/wp-json\/wp\/v2\/posts"}],"about":[{"href":"https:\/\/eldigitaldeasturias.com\/magazine365\/wp-json\/wp\/v2\/types\/post"}],"author":[{"embeddable":true,"href":"https:\/\/eldigitaldeasturias.com\/magazine365\/wp-json\/wp\/v2\/users\/1"}],"replies":[{"embeddable":true,"href":"https:\/\/eldigitaldeasturias.com\/magazine365\/wp-json\/wp\/v2\/comments?post=91809"}],"version-history":[{"count":0,"href":"https:\/\/eldigitaldeasturias.com\/magazine365\/wp-json\/wp\/v2\/posts\/91809\/revisions"}],"wp:featuredmedia":[{"embeddable":true,"href":"https:\/\/eldigitaldeasturias.com\/magazine365\/wp-json\/wp\/v2\/media\/91810"}],"wp:attachment":[{"href":"https:\/\/eldigitaldeasturias.com\/magazine365\/wp-json\/wp\/v2\/media?parent=91809"}],"wp:term":[{"taxonomy":"category","embeddable":true,"href":"https:\/\/eldigitaldeasturias.com\/magazine365\/wp-json\/wp\/v2\/categories?post=91809"},{"taxonomy":"post_tag","embeddable":true,"href":"https:\/\/eldigitaldeasturias.com\/magazine365\/wp-json\/wp\/v2\/tags?post=91809"}],"curies":[{"name":"wp","href":"https:\/\/api.w.org\/{rel}","templated":true}]}}