{"id":91724,"date":"2018-04-18T14:12:56","date_gmt":"2018-04-18T14:12:56","guid":{"rendered":"http:\/\/eldigitaldeasturias.com\/magazine365\/?p=91724"},"modified":"2018-04-18T14:12:56","modified_gmt":"2018-04-18T14:12:56","slug":"cocina-asturiana-en-los-restaurantes-de-el-corte-ingles","status":"publish","type":"post","link":"https:\/\/eldigitaldeasturias.com\/magazine365\/cocina-asturiana-en-los-restaurantes-de-el-corte-ingles\/","title":{"rendered":"Cocina asturiana en los restaurantes de El Corte Ingl\u00e9s"},"content":{"rendered":"<p><img fetchpriority=\"high\" decoding=\"async\" class=\"alignleft size-medium wp-image-91725\" src=\"https:\/\/eldigitaldeasturias.com\/magazine365\/wp-content\/uploads\/2018\/04\/jornadas-gastronomicas-asturias-corte-ingles-360x225.jpg\" alt=\"\" width=\"360\" height=\"225\" srcset=\"https:\/\/eldigitaldeasturias.com\/magazine365\/wp-content\/uploads\/2018\/04\/jornadas-gastronomicas-asturias-corte-ingles-360x225.jpg 360w, https:\/\/eldigitaldeasturias.com\/magazine365\/wp-content\/uploads\/2018\/04\/jornadas-gastronomicas-asturias-corte-ingles-650x406.jpg 650w, https:\/\/eldigitaldeasturias.com\/magazine365\/wp-content\/uploads\/2018\/04\/jornadas-gastronomicas-asturias-corte-ingles-768x480.jpg 768w, https:\/\/eldigitaldeasturias.com\/magazine365\/wp-content\/uploads\/2018\/04\/jornadas-gastronomicas-asturias-corte-ingles-150x94.jpg 150w, https:\/\/eldigitaldeasturias.com\/magazine365\/wp-content\/uploads\/2018\/04\/jornadas-gastronomicas-asturias-corte-ingles-450x281.jpg 450w, https:\/\/eldigitaldeasturias.com\/magazine365\/wp-content\/uploads\/2018\/04\/jornadas-gastronomicas-asturias-corte-ingles-1200x750.jpg 1200w, https:\/\/eldigitaldeasturias.com\/magazine365\/wp-content\/uploads\/2018\/04\/jornadas-gastronomicas-asturias-corte-ingles-279x173.jpg 279w, https:\/\/eldigitaldeasturias.com\/magazine365\/wp-content\/uploads\/2018\/04\/jornadas-gastronomicas-asturias-corte-ingles-480x300.jpg 480w, https:\/\/eldigitaldeasturias.com\/magazine365\/wp-content\/uploads\/2018\/04\/jornadas-gastronomicas-asturias-corte-ingles.jpg 1280w\" sizes=\"(max-width: 360px) 100vw, 360px\" \/>El director general de Comercio y Turismo, Julio Gonz\u00e1lez Zapico, ha participado hoy en Madrid en la presentaci\u00f3n de la cuarta edici\u00f3n de las jornadas gastron\u00f3micas Asturias, Para\u00edso Natural, que ofrecen los restaurantes de El Corte Ingl\u00e9s en toda Espa\u00f1a. Esta iniciativa, impulsada por el Principado en colaboraci\u00f3n con el Club de Guisanderas y la empresa, persigue reforzar la promoci\u00f3n tur\u00edstica del Principado a partir de su cocina.<\/p>\n<p>Las jornadas se desarrollar\u00e1n hasta el pr\u00f3ximo d\u00eda 29, con una carta dise\u00f1ada por el Club de Guisanderas. Este colectivo ha participado en la iniciativa con algunas de sus mejores recetas y tambi\u00e9n ha colaborado con los responsables de cocina de los restaurantes participantes en la resoluci\u00f3n final de los platos. Fabada, pote asturiano, pitu guisado con manzanas y uvas pasas o tarta de sidra son algunos de los platos que se ofrecer\u00e1n.<\/p>\n<p>En la presentaci\u00f3n han participado tambi\u00e9n el director de Comunicaci\u00f3n y Promoci\u00f3n de Viajes El Corte Ingl\u00e9s, Fernando Tom\u00e1s; el director de Restauraci\u00f3n, Guillermo Arcenegui; la presidenta del Club de Guisanderas, Amada \u00c1lvarez, y Olaya Nevares, representante de la Asociaci\u00f3n de Hosteler\u00eda y turismo en Asturias (Otea).<\/p>\n<p>Esta iniciativa forma parte de las acciones previstas en el contrato de promoci\u00f3n y comercializaci\u00f3n impulsado por la Consejer\u00eda de Empleo, Industria y Turismo y del que result\u00f3 adjudicataria la UTE formada por Iberia, Air Nostrum, Vueling, Alsa y Viajes El Corte Ingl\u00e9s.<\/p>\n<p>&nbsp;<\/p>\n","protected":false},"excerpt":{"rendered":"<p>El director general de Comercio y Turismo, Julio Gonz\u00e1lez Zapico, ha participado hoy en Madrid en la presentaci\u00f3n de la cuarta edici\u00f3n de las jornadas gastron\u00f3micas Asturias, Para\u00edso Natural, que ofrecen los restaurantes de El Corte Ingl\u00e9s en toda Espa\u00f1a. Esta iniciativa, impulsada por el Principado en colaboraci\u00f3n con el Club de Guisanderas y la<\/p>\n","protected":false},"author":1,"featured_media":91725,"comment_status":"closed","ping_status":"closed","sticky":false,"template":"","format":"standard","meta":{"footnotes":""},"categories":[217],"tags":[],"class_list":{"0":"post-91724","1":"post","2":"type-post","3":"status-publish","4":"format-standard","5":"has-post-thumbnail","7":"category-sabores"},"aioseo_notices":[],"aioseo_head":"\n\t\t<!-- All in One SEO Pro 4.9.6.1 - aioseo.com -->\n\t<meta name=\"description\" content=\"El director general de Comercio y Turismo, Julio Gonz\u00e1lez Zapico, ha participado hoy en Madrid en la presentaci\u00f3n de la cuarta edici\u00f3n de las jornadas gastron\u00f3micas Asturias, Para\u00edso Natural, que ofrecen los restaurantes de El Corte Ingl\u00e9s en toda Espa\u00f1a. Esta iniciativa, impulsada por el Principado en colaboraci\u00f3n con el Club de Guisanderas y la\" \/>\n\t<meta name=\"robots\" content=\"max-image-preview:large\" \/>\n\t<meta name=\"author\" content=\"admin\"\/>\n\t<meta name=\"google-site-verification\" content=\"UA-38556648-1\" \/>\n\t<meta name=\"keywords\" content=\"sabores\" \/>\n\t<link rel=\"canonical\" href=\"https:\/\/eldigitaldeasturias.com\/magazine365\/cocina-asturiana-en-los-restaurantes-de-el-corte-ingles\/\" \/>\n\t<meta name=\"generator\" content=\"All in One SEO Pro (AIOSEO) 4.9.6.1\" \/>\n\t\t<meta property=\"og:locale\" content=\"es_ES\" \/>\n\t\t<meta property=\"og:site_name\" content=\"El Digital de Asturias \u2013 Revista de ocio, turismo y estilo de vida\" \/>\n\t\t<meta property=\"og:type\" content=\"article\" \/>\n\t\t<meta property=\"og:title\" content=\"Cocina asturiana en los restaurantes de El Corte Ingl\u00e9s | El Digital de Asturias\" \/>\n\t\t<meta property=\"og:description\" content=\"El director general de Comercio y Turismo, Julio Gonz\u00e1lez Zapico, ha participado hoy en Madrid en la presentaci\u00f3n de la cuarta edici\u00f3n de las jornadas gastron\u00f3micas Asturias, Para\u00edso Natural, que ofrecen los restaurantes de El Corte Ingl\u00e9s en toda Espa\u00f1a. Esta iniciativa, impulsada por el Principado en colaboraci\u00f3n con el Club de Guisanderas y la\" \/>\n\t\t<meta property=\"og:url\" content=\"https:\/\/eldigitaldeasturias.com\/magazine365\/cocina-asturiana-en-los-restaurantes-de-el-corte-ingles\/\" \/>\n\t\t<meta property=\"og:image\" content=\"https:\/\/eldigitaldeasturias.com\/magazine365\/wp-content\/uploads\/2018\/04\/jornadas-gastronomicas-asturias-corte-ingles.jpg\" \/>\n\t\t<meta property=\"og:image:secure_url\" content=\"https:\/\/eldigitaldeasturias.com\/magazine365\/wp-content\/uploads\/2018\/04\/jornadas-gastronomicas-asturias-corte-ingles.jpg\" \/>\n\t\t<meta property=\"og:image:width\" content=\"1280\" \/>\n\t\t<meta property=\"og:image:height\" content=\"800\" \/>\n\t\t<meta property=\"article:published_time\" content=\"2018-04-18T14:12:56+00:00\" \/>\n\t\t<meta property=\"article:modified_time\" content=\"2018-04-18T14:12:56+00:00\" \/>\n\t\t<meta name=\"twitter:card\" content=\"summary_large_image\" \/>\n\t\t<meta name=\"twitter:title\" content=\"Cocina asturiana en los restaurantes de El Corte Ingl\u00e9s | El Digital de Asturias\" \/>\n\t\t<meta name=\"twitter:description\" content=\"El director general de Comercio y Turismo, Julio Gonz\u00e1lez Zapico, ha participado hoy en Madrid en la presentaci\u00f3n de la cuarta edici\u00f3n de las jornadas gastron\u00f3micas Asturias, Para\u00edso Natural, que ofrecen los restaurantes de El Corte Ingl\u00e9s en toda Espa\u00f1a. Esta iniciativa, impulsada por el Principado en colaboraci\u00f3n con el Club de Guisanderas y la\" \/>\n\t\t<meta name=\"twitter:image\" content=\"https:\/\/eldigitaldeasturias.com\/magazine365\/wp-content\/uploads\/2018\/04\/jornadas-gastronomicas-asturias-corte-ingles.jpg\" \/>\n\t\t<script type=\"application\/ld+json\" class=\"aioseo-schema\">\n\t\t\t{\"@context\":\"https:\\\/\\\/schema.org\",\"@graph\":[{\"@type\":\"Article\",\"@id\":\"https:\\\/\\\/eldigitaldeasturias.com\\\/magazine365\\\/cocina-asturiana-en-los-restaurantes-de-el-corte-ingles\\\/#article\",\"name\":\"Cocina asturiana en los restaurantes de El Corte Ingl\\u00e9s | El Digital de Asturias\",\"headline\":\"Cocina asturiana en los restaurantes de El Corte Ingl\\u00e9s\",\"author\":{\"@id\":\"https:\\\/\\\/eldigitaldeasturias.com\\\/magazine365\\\/author\\\/admin\\\/#author\"},\"publisher\":{\"@id\":\"https:\\\/\\\/eldigitaldeasturias.com\\\/magazine365\\\/#organization\"},\"image\":{\"@type\":\"ImageObject\",\"url\":\"https:\\\/\\\/eldigitaldeasturias.com\\\/magazine365\\\/wp-content\\\/uploads\\\/2018\\\/04\\\/jornadas-gastronomicas-asturias-corte-ingles.jpg\",\"width\":1280,\"height\":800},\"datePublished\":\"2018-04-18T14:12:56+02:00\",\"dateModified\":\"2018-04-18T14:12:56+02:00\",\"inLanguage\":\"es-ES\",\"mainEntityOfPage\":{\"@id\":\"https:\\\/\\\/eldigitaldeasturias.com\\\/magazine365\\\/cocina-asturiana-en-los-restaurantes-de-el-corte-ingles\\\/#webpage\"},\"isPartOf\":{\"@id\":\"https:\\\/\\\/eldigitaldeasturias.com\\\/magazine365\\\/cocina-asturiana-en-los-restaurantes-de-el-corte-ingles\\\/#webpage\"},\"articleSection\":\"Sabores\"},{\"@type\":\"BreadcrumbList\",\"@id\":\"https:\\\/\\\/eldigitaldeasturias.com\\\/magazine365\\\/cocina-asturiana-en-los-restaurantes-de-el-corte-ingles\\\/#breadcrumblist\",\"itemListElement\":[{\"@type\":\"ListItem\",\"@id\":\"https:\\\/\\\/eldigitaldeasturias.com\\\/magazine365#listItem\",\"position\":1,\"name\":\"Home\",\"item\":\"https:\\\/\\\/eldigitaldeasturias.com\\\/magazine365\",\"nextItem\":{\"@type\":\"ListItem\",\"@id\":\"https:\\\/\\\/eldigitaldeasturias.com\\\/magazine365\\\/category\\\/sabores\\\/#listItem\",\"name\":\"Sabores\"}},{\"@type\":\"ListItem\",\"@id\":\"https:\\\/\\\/eldigitaldeasturias.com\\\/magazine365\\\/category\\\/sabores\\\/#listItem\",\"position\":2,\"name\":\"Sabores\",\"item\":\"https:\\\/\\\/eldigitaldeasturias.com\\\/magazine365\\\/category\\\/sabores\\\/\",\"nextItem\":{\"@type\":\"ListItem\",\"@id\":\"https:\\\/\\\/eldigitaldeasturias.com\\\/magazine365\\\/cocina-asturiana-en-los-restaurantes-de-el-corte-ingles\\\/#listItem\",\"name\":\"Cocina asturiana en los restaurantes de El Corte Ingl\\u00e9s\"},\"previousItem\":{\"@type\":\"ListItem\",\"@id\":\"https:\\\/\\\/eldigitaldeasturias.com\\\/magazine365#listItem\",\"name\":\"Home\"}},{\"@type\":\"ListItem\",\"@id\":\"https:\\\/\\\/eldigitaldeasturias.com\\\/magazine365\\\/cocina-asturiana-en-los-restaurantes-de-el-corte-ingles\\\/#listItem\",\"position\":3,\"name\":\"Cocina asturiana en los restaurantes de El Corte Ingl\\u00e9s\",\"previousItem\":{\"@type\":\"ListItem\",\"@id\":\"https:\\\/\\\/eldigitaldeasturias.com\\\/magazine365\\\/category\\\/sabores\\\/#listItem\",\"name\":\"Sabores\"}}]},{\"@type\":\"Organization\",\"@id\":\"https:\\\/\\\/eldigitaldeasturias.com\\\/magazine365\\\/#organization\",\"name\":\"El digital de Asturias\",\"description\":\"Revista de ocio, turismo y estilo de vida\",\"url\":\"https:\\\/\\\/eldigitaldeasturias.com\\\/magazine365\\\/\",\"logo\":{\"@type\":\"ImageObject\",\"url\":\"https:\\\/\\\/www.eldigitaldeasturias.com\\\/noticias\\\/wp-content\\\/uploads\\\/2020\\\/12\\\/EDA.jpg\",\"@id\":\"https:\\\/\\\/eldigitaldeasturias.com\\\/magazine365\\\/cocina-asturiana-en-los-restaurantes-de-el-corte-ingles\\\/#organizationLogo\"},\"image\":{\"@id\":\"https:\\\/\\\/eldigitaldeasturias.com\\\/magazine365\\\/cocina-asturiana-en-los-restaurantes-de-el-corte-ingles\\\/#organizationLogo\"}},{\"@type\":\"Person\",\"@id\":\"https:\\\/\\\/eldigitaldeasturias.com\\\/magazine365\\\/author\\\/admin\\\/#author\",\"url\":\"https:\\\/\\\/eldigitaldeasturias.com\\\/magazine365\\\/author\\\/admin\\\/\",\"name\":\"admin\",\"image\":{\"@type\":\"ImageObject\",\"@id\":\"https:\\\/\\\/eldigitaldeasturias.com\\\/magazine365\\\/cocina-asturiana-en-los-restaurantes-de-el-corte-ingles\\\/#authorImage\",\"url\":\"https:\\\/\\\/eldigitaldeasturias.com\\\/magazine365\\\/wp-content\\\/litespeed\\\/avatar\\\/e571bcf59a0edd6fa6838245a470f2fe.jpg?ver=1776969259\",\"width\":96,\"height\":96,\"caption\":\"admin\"}},{\"@type\":\"WebPage\",\"@id\":\"https:\\\/\\\/eldigitaldeasturias.com\\\/magazine365\\\/cocina-asturiana-en-los-restaurantes-de-el-corte-ingles\\\/#webpage\",\"url\":\"https:\\\/\\\/eldigitaldeasturias.com\\\/magazine365\\\/cocina-asturiana-en-los-restaurantes-de-el-corte-ingles\\\/\",\"name\":\"Cocina asturiana en los restaurantes de El Corte Ingl\\u00e9s | El Digital de Asturias\",\"description\":\"El director general de Comercio y Turismo, Julio Gonz\\u00e1lez Zapico, ha participado hoy en Madrid en la presentaci\\u00f3n de la cuarta edici\\u00f3n de las jornadas gastron\\u00f3micas Asturias, Para\\u00edso Natural, que ofrecen los restaurantes de El Corte Ingl\\u00e9s en toda Espa\\u00f1a. Esta iniciativa, impulsada por el Principado en colaboraci\\u00f3n con el Club de Guisanderas y la\",\"inLanguage\":\"es-ES\",\"isPartOf\":{\"@id\":\"https:\\\/\\\/eldigitaldeasturias.com\\\/magazine365\\\/#website\"},\"breadcrumb\":{\"@id\":\"https:\\\/\\\/eldigitaldeasturias.com\\\/magazine365\\\/cocina-asturiana-en-los-restaurantes-de-el-corte-ingles\\\/#breadcrumblist\"},\"author\":{\"@id\":\"https:\\\/\\\/eldigitaldeasturias.com\\\/magazine365\\\/author\\\/admin\\\/#author\"},\"creator\":{\"@id\":\"https:\\\/\\\/eldigitaldeasturias.com\\\/magazine365\\\/author\\\/admin\\\/#author\"},\"image\":{\"@type\":\"ImageObject\",\"url\":\"https:\\\/\\\/eldigitaldeasturias.com\\\/magazine365\\\/wp-content\\\/uploads\\\/2018\\\/04\\\/jornadas-gastronomicas-asturias-corte-ingles.jpg\",\"@id\":\"https:\\\/\\\/eldigitaldeasturias.com\\\/magazine365\\\/cocina-asturiana-en-los-restaurantes-de-el-corte-ingles\\\/#mainImage\",\"width\":1280,\"height\":800},\"primaryImageOfPage\":{\"@id\":\"https:\\\/\\\/eldigitaldeasturias.com\\\/magazine365\\\/cocina-asturiana-en-los-restaurantes-de-el-corte-ingles\\\/#mainImage\"},\"datePublished\":\"2018-04-18T14:12:56+02:00\",\"dateModified\":\"2018-04-18T14:12:56+02:00\"},{\"@type\":\"WebSite\",\"@id\":\"https:\\\/\\\/eldigitaldeasturias.com\\\/magazine365\\\/#website\",\"url\":\"https:\\\/\\\/eldigitaldeasturias.com\\\/magazine365\\\/\",\"name\":\"El Digital de Asturias\",\"description\":\"Revista de ocio, turismo y estilo de vida\",\"inLanguage\":\"es-ES\",\"publisher\":{\"@id\":\"https:\\\/\\\/eldigitaldeasturias.com\\\/magazine365\\\/#organization\"}}]}\n\t\t<\/script>\n\t\t<!-- All in One SEO Pro -->\r\n\t\t<title>Cocina asturiana en los restaurantes de El Corte Ingl\u00e9s | El Digital de Asturias<\/title>\n\n","aioseo_head_json":{"title":"Cocina asturiana en los restaurantes de El Corte Ingl\u00e9s | El Digital de Asturias","description":"El director general de Comercio y Turismo, Julio Gonz\u00e1lez Zapico, ha participado hoy en Madrid en la presentaci\u00f3n de la cuarta edici\u00f3n de las jornadas gastron\u00f3micas Asturias, Para\u00edso Natural, que ofrecen los restaurantes de El Corte Ingl\u00e9s en toda Espa\u00f1a. Esta iniciativa, impulsada por el Principado en colaboraci\u00f3n con el Club de Guisanderas y la","canonical_url":"https:\/\/eldigitaldeasturias.com\/magazine365\/cocina-asturiana-en-los-restaurantes-de-el-corte-ingles\/","robots":"max-image-preview:large","keywords":"sabores","webmasterTools":{"google-site-verification":"UA-38556648-1","miscellaneous":""},"schema":{"@context":"https:\/\/schema.org","@graph":[{"@type":"Article","@id":"https:\/\/eldigitaldeasturias.com\/magazine365\/cocina-asturiana-en-los-restaurantes-de-el-corte-ingles\/#article","name":"Cocina asturiana en los restaurantes de El Corte Ingl\u00e9s | El Digital de Asturias","headline":"Cocina asturiana en los restaurantes de El Corte Ingl\u00e9s","author":{"@id":"https:\/\/eldigitaldeasturias.com\/magazine365\/author\/admin\/#author"},"publisher":{"@id":"https:\/\/eldigitaldeasturias.com\/magazine365\/#organization"},"image":{"@type":"ImageObject","url":"https:\/\/eldigitaldeasturias.com\/magazine365\/wp-content\/uploads\/2018\/04\/jornadas-gastronomicas-asturias-corte-ingles.jpg","width":1280,"height":800},"datePublished":"2018-04-18T14:12:56+02:00","dateModified":"2018-04-18T14:12:56+02:00","inLanguage":"es-ES","mainEntityOfPage":{"@id":"https:\/\/eldigitaldeasturias.com\/magazine365\/cocina-asturiana-en-los-restaurantes-de-el-corte-ingles\/#webpage"},"isPartOf":{"@id":"https:\/\/eldigitaldeasturias.com\/magazine365\/cocina-asturiana-en-los-restaurantes-de-el-corte-ingles\/#webpage"},"articleSection":"Sabores"},{"@type":"BreadcrumbList","@id":"https:\/\/eldigitaldeasturias.com\/magazine365\/cocina-asturiana-en-los-restaurantes-de-el-corte-ingles\/#breadcrumblist","itemListElement":[{"@type":"ListItem","@id":"https:\/\/eldigitaldeasturias.com\/magazine365#listItem","position":1,"name":"Home","item":"https:\/\/eldigitaldeasturias.com\/magazine365","nextItem":{"@type":"ListItem","@id":"https:\/\/eldigitaldeasturias.com\/magazine365\/category\/sabores\/#listItem","name":"Sabores"}},{"@type":"ListItem","@id":"https:\/\/eldigitaldeasturias.com\/magazine365\/category\/sabores\/#listItem","position":2,"name":"Sabores","item":"https:\/\/eldigitaldeasturias.com\/magazine365\/category\/sabores\/","nextItem":{"@type":"ListItem","@id":"https:\/\/eldigitaldeasturias.com\/magazine365\/cocina-asturiana-en-los-restaurantes-de-el-corte-ingles\/#listItem","name":"Cocina asturiana en los restaurantes de El Corte Ingl\u00e9s"},"previousItem":{"@type":"ListItem","@id":"https:\/\/eldigitaldeasturias.com\/magazine365#listItem","name":"Home"}},{"@type":"ListItem","@id":"https:\/\/eldigitaldeasturias.com\/magazine365\/cocina-asturiana-en-los-restaurantes-de-el-corte-ingles\/#listItem","position":3,"name":"Cocina asturiana en los restaurantes de El Corte Ingl\u00e9s","previousItem":{"@type":"ListItem","@id":"https:\/\/eldigitaldeasturias.com\/magazine365\/category\/sabores\/#listItem","name":"Sabores"}}]},{"@type":"Organization","@id":"https:\/\/eldigitaldeasturias.com\/magazine365\/#organization","name":"El digital de Asturias","description":"Revista de ocio, turismo y estilo de vida","url":"https:\/\/eldigitaldeasturias.com\/magazine365\/","logo":{"@type":"ImageObject","url":"https:\/\/www.eldigitaldeasturias.com\/noticias\/wp-content\/uploads\/2020\/12\/EDA.jpg","@id":"https:\/\/eldigitaldeasturias.com\/magazine365\/cocina-asturiana-en-los-restaurantes-de-el-corte-ingles\/#organizationLogo"},"image":{"@id":"https:\/\/eldigitaldeasturias.com\/magazine365\/cocina-asturiana-en-los-restaurantes-de-el-corte-ingles\/#organizationLogo"}},{"@type":"Person","@id":"https:\/\/eldigitaldeasturias.com\/magazine365\/author\/admin\/#author","url":"https:\/\/eldigitaldeasturias.com\/magazine365\/author\/admin\/","name":"admin","image":{"@type":"ImageObject","@id":"https:\/\/eldigitaldeasturias.com\/magazine365\/cocina-asturiana-en-los-restaurantes-de-el-corte-ingles\/#authorImage","url":"https:\/\/eldigitaldeasturias.com\/magazine365\/wp-content\/litespeed\/avatar\/e571bcf59a0edd6fa6838245a470f2fe.jpg?ver=1776969259","width":96,"height":96,"caption":"admin"}},{"@type":"WebPage","@id":"https:\/\/eldigitaldeasturias.com\/magazine365\/cocina-asturiana-en-los-restaurantes-de-el-corte-ingles\/#webpage","url":"https:\/\/eldigitaldeasturias.com\/magazine365\/cocina-asturiana-en-los-restaurantes-de-el-corte-ingles\/","name":"Cocina asturiana en los restaurantes de El Corte Ingl\u00e9s | El Digital de Asturias","description":"El director general de Comercio y Turismo, Julio Gonz\u00e1lez Zapico, ha participado hoy en Madrid en la presentaci\u00f3n de la cuarta edici\u00f3n de las jornadas gastron\u00f3micas Asturias, Para\u00edso Natural, que ofrecen los restaurantes de El Corte Ingl\u00e9s en toda Espa\u00f1a. Esta iniciativa, impulsada por el Principado en colaboraci\u00f3n con el Club de Guisanderas y la","inLanguage":"es-ES","isPartOf":{"@id":"https:\/\/eldigitaldeasturias.com\/magazine365\/#website"},"breadcrumb":{"@id":"https:\/\/eldigitaldeasturias.com\/magazine365\/cocina-asturiana-en-los-restaurantes-de-el-corte-ingles\/#breadcrumblist"},"author":{"@id":"https:\/\/eldigitaldeasturias.com\/magazine365\/author\/admin\/#author"},"creator":{"@id":"https:\/\/eldigitaldeasturias.com\/magazine365\/author\/admin\/#author"},"image":{"@type":"ImageObject","url":"https:\/\/eldigitaldeasturias.com\/magazine365\/wp-content\/uploads\/2018\/04\/jornadas-gastronomicas-asturias-corte-ingles.jpg","@id":"https:\/\/eldigitaldeasturias.com\/magazine365\/cocina-asturiana-en-los-restaurantes-de-el-corte-ingles\/#mainImage","width":1280,"height":800},"primaryImageOfPage":{"@id":"https:\/\/eldigitaldeasturias.com\/magazine365\/cocina-asturiana-en-los-restaurantes-de-el-corte-ingles\/#mainImage"},"datePublished":"2018-04-18T14:12:56+02:00","dateModified":"2018-04-18T14:12:56+02:00"},{"@type":"WebSite","@id":"https:\/\/eldigitaldeasturias.com\/magazine365\/#website","url":"https:\/\/eldigitaldeasturias.com\/magazine365\/","name":"El Digital de Asturias","description":"Revista de ocio, turismo y estilo de vida","inLanguage":"es-ES","publisher":{"@id":"https:\/\/eldigitaldeasturias.com\/magazine365\/#organization"}}]},"og:locale":"es_ES","og:site_name":"El Digital de Asturias \u2013 Revista de ocio, turismo y estilo de vida","og:type":"article","og:title":"Cocina asturiana en los restaurantes de El Corte Ingl\u00e9s | El Digital de Asturias","og:description":"El director general de Comercio y Turismo, Julio Gonz\u00e1lez Zapico, ha participado hoy en Madrid en la presentaci\u00f3n de la cuarta edici\u00f3n de las jornadas gastron\u00f3micas Asturias, Para\u00edso Natural, que ofrecen los restaurantes de El Corte Ingl\u00e9s en toda Espa\u00f1a. Esta iniciativa, impulsada por el Principado en colaboraci\u00f3n con el Club de Guisanderas y la","og:url":"https:\/\/eldigitaldeasturias.com\/magazine365\/cocina-asturiana-en-los-restaurantes-de-el-corte-ingles\/","og:image":"https:\/\/eldigitaldeasturias.com\/magazine365\/wp-content\/uploads\/2018\/04\/jornadas-gastronomicas-asturias-corte-ingles.jpg","og:image:secure_url":"https:\/\/eldigitaldeasturias.com\/magazine365\/wp-content\/uploads\/2018\/04\/jornadas-gastronomicas-asturias-corte-ingles.jpg","og:image:width":1280,"og:image:height":800,"article:published_time":"2018-04-18T14:12:56+00:00","article:modified_time":"2018-04-18T14:12:56+00:00","twitter:card":"summary_large_image","twitter:title":"Cocina asturiana en los restaurantes de El Corte Ingl\u00e9s | El Digital de Asturias","twitter:description":"El director general de Comercio y Turismo, Julio Gonz\u00e1lez Zapico, ha participado hoy en Madrid en la presentaci\u00f3n de la cuarta edici\u00f3n de las jornadas gastron\u00f3micas Asturias, Para\u00edso Natural, que ofrecen los restaurantes de El Corte Ingl\u00e9s en toda Espa\u00f1a. Esta iniciativa, impulsada por el Principado en colaboraci\u00f3n con el Club de Guisanderas y la","twitter:image":"https:\/\/eldigitaldeasturias.com\/magazine365\/wp-content\/uploads\/2018\/04\/jornadas-gastronomicas-asturias-corte-ingles.jpg"},"aioseo_meta_data":{"post_id":"91724","title":null,"description":null,"keywords":null,"keyphrases":null,"primary_term":null,"canonical_url":null,"og_title":null,"og_description":null,"og_object_type":"default","og_image_type":"default","og_image_url":null,"og_image_width":null,"og_image_height":null,"og_image_custom_url":null,"og_image_custom_fields":null,"og_video":null,"og_custom_url":null,"og_article_section":null,"og_article_tags":null,"twitter_use_og":false,"twitter_card":"default","twitter_image_type":"default","twitter_image_url":null,"twitter_image_custom_url":null,"twitter_image_custom_fields":null,"twitter_title":null,"twitter_description":null,"schema":{"blockGraphs":[],"customGraphs":[],"default":{"data":{"Article":[],"Course":[],"Dataset":[],"FAQPage":[],"Movie":[],"Person":[],"Product":[],"ProductReview":[],"Car":[],"Recipe":[],"Service":[],"SoftwareApplication":[],"WebPage":[]},"graphName":"","isEnabled":true},"graphs":[],"defaultGraph":"","defaultPostTypeGraph":""},"schema_type":null,"schema_type_options":null,"pillar_content":false,"robots_default":true,"robots_noindex":false,"robots_noarchive":false,"robots_nosnippet":false,"robots_nofollow":false,"robots_noimageindex":false,"robots_noodp":false,"robots_notranslate":false,"robots_max_snippet":null,"robots_max_videopreview":null,"robots_max_imagepreview":"large","priority":null,"frequency":null,"location":null,"local_seo":null,"seo_analyzer_scan_date":"2025-09-28 19:01:58","breadcrumb_settings":null,"limit_modified_date":false,"open_ai":null,"ai":null,"created":"2020-12-21 14:08:22","updated":"2025-09-28 19:01:58"},"aioseo_breadcrumb":"<div class=\"aioseo-breadcrumbs\"><span class=\"aioseo-breadcrumb\">\n\t<a href=\"https:\/\/eldigitaldeasturias.com\/magazine365\" title=\"Home\">Home<\/a>\n<\/span><span class=\"aioseo-breadcrumb-separator\">\u2013<\/span><span class=\"aioseo-breadcrumb\">\n\t<a href=\"https:\/\/eldigitaldeasturias.com\/magazine365\/category\/sabores\/\" title=\"Sabores\">Sabores<\/a>\n<\/span><span class=\"aioseo-breadcrumb-separator\">\u2013<\/span><span class=\"aioseo-breadcrumb\">\n\t<a href=\"https:\/\/eldigitaldeasturias.com\/magazine365\/cocina-asturiana-en-los-restaurantes-de-el-corte-ingles\/\" title=\"Cocina asturiana en los restaurantes de El Corte Ingl\u00e9s\">Cocina asturiana en los restaurantes de El Corte Ingl\u00e9s<\/a>\n<\/span><\/div>","aioseo_breadcrumb_json":[{"label":"Home","link":"https:\/\/eldigitaldeasturias.com\/magazine365"},{"label":"Sabores","link":"https:\/\/eldigitaldeasturias.com\/magazine365\/category\/sabores\/"},{"label":"Cocina asturiana en los restaurantes de El Corte Ingl\u00e9s","link":"https:\/\/eldigitaldeasturias.com\/magazine365\/cocina-asturiana-en-los-restaurantes-de-el-corte-ingles\/"}],"_links":{"self":[{"href":"https:\/\/eldigitaldeasturias.com\/magazine365\/wp-json\/wp\/v2\/posts\/91724","targetHints":{"allow":["GET"]}}],"collection":[{"href":"https:\/\/eldigitaldeasturias.com\/magazine365\/wp-json\/wp\/v2\/posts"}],"about":[{"href":"https:\/\/eldigitaldeasturias.com\/magazine365\/wp-json\/wp\/v2\/types\/post"}],"author":[{"embeddable":true,"href":"https:\/\/eldigitaldeasturias.com\/magazine365\/wp-json\/wp\/v2\/users\/1"}],"replies":[{"embeddable":true,"href":"https:\/\/eldigitaldeasturias.com\/magazine365\/wp-json\/wp\/v2\/comments?post=91724"}],"version-history":[{"count":0,"href":"https:\/\/eldigitaldeasturias.com\/magazine365\/wp-json\/wp\/v2\/posts\/91724\/revisions"}],"wp:featuredmedia":[{"embeddable":true,"href":"https:\/\/eldigitaldeasturias.com\/magazine365\/wp-json\/wp\/v2\/media\/91725"}],"wp:attachment":[{"href":"https:\/\/eldigitaldeasturias.com\/magazine365\/wp-json\/wp\/v2\/media?parent=91724"}],"wp:term":[{"taxonomy":"category","embeddable":true,"href":"https:\/\/eldigitaldeasturias.com\/magazine365\/wp-json\/wp\/v2\/categories?post=91724"},{"taxonomy":"post_tag","embeddable":true,"href":"https:\/\/eldigitaldeasturias.com\/magazine365\/wp-json\/wp\/v2\/tags?post=91724"}],"curies":[{"name":"wp","href":"https:\/\/api.w.org\/{rel}","templated":true}]}}