{"id":91694,"date":"2018-04-16T16:24:20","date_gmt":"2018-04-16T16:24:20","guid":{"rendered":"http:\/\/eldigitaldeasturias.com\/magazine365\/?p=91694"},"modified":"2018-04-16T16:24:20","modified_gmt":"2018-04-16T16:24:20","slug":"proteger-el-hogar-para-combatir-las-alergias-primaverales","status":"publish","type":"post","link":"https:\/\/eldigitaldeasturias.com\/magazine365\/proteger-el-hogar-para-combatir-las-alergias-primaverales\/","title":{"rendered":"Proteger el hogar para combatir las alergias primaverales"},"content":{"rendered":"<p><img fetchpriority=\"high\" decoding=\"async\" class=\"alignleft size-medium wp-image-91695\" src=\"https:\/\/eldigitaldeasturias.com\/magazine365\/wp-content\/uploads\/2018\/04\/tienda-online-cortinas-360x270.jpg\" alt=\"\" width=\"360\" height=\"270\" srcset=\"https:\/\/eldigitaldeasturias.com\/magazine365\/wp-content\/uploads\/2018\/04\/tienda-online-cortinas-360x270.jpg 360w, https:\/\/eldigitaldeasturias.com\/magazine365\/wp-content\/uploads\/2018\/04\/tienda-online-cortinas-650x488.jpg 650w, https:\/\/eldigitaldeasturias.com\/magazine365\/wp-content\/uploads\/2018\/04\/tienda-online-cortinas-768x576.jpg 768w, https:\/\/eldigitaldeasturias.com\/magazine365\/wp-content\/uploads\/2018\/04\/tienda-online-cortinas-150x113.jpg 150w, https:\/\/eldigitaldeasturias.com\/magazine365\/wp-content\/uploads\/2018\/04\/tienda-online-cortinas-450x338.jpg 450w, https:\/\/eldigitaldeasturias.com\/magazine365\/wp-content\/uploads\/2018\/04\/tienda-online-cortinas-90x67.jpg 90w, https:\/\/eldigitaldeasturias.com\/magazine365\/wp-content\/uploads\/2018\/04\/tienda-online-cortinas.jpg 1200w\" sizes=\"(max-width: 360px) 100vw, 360px\" \/>Para muchas personas la primavera es inevitablemente sin\u00f3nimo de alergia. El ascenso de las temperaturas deriva en un aumento de los niveles de polen, lo cual provoca que quienes son al\u00e9rgicos a estos min\u00fasculos granos sufran especialmente durante esta \u00e9poca del a\u00f1o.<\/p>\n<p><strong>La respuesta del sistema inmunol\u00f3gico ante un agente nocivo<\/strong><\/p>\n<p>Seg\u00fan los datos de la Sociedad Espa\u00f1ola de Alergolog\u00eda e Inmunolog\u00eda Cl\u00ednica (SEAIC), uno de cada cuatro espa\u00f1oles padece alergia al polen. Este tipo de alergia es el m\u00e1s frecuente de nuestro pa\u00eds y su causa principal es la <strong>presencia del polen que emiten plantas y \u00e1rboles<\/strong>.<\/p>\n<p>Las personas que padecen alergia al polen sufren una reacci\u00f3n inmediata si esta sustancia entra en contacto con la piel o con el aparato respiratorio. El sistema inmune lo percibe como un elemento nocivo y se defiende liberando unas sustancias qu\u00edmicas, entre las que se encuentra la histamina.<\/p>\n<p>Entre los s\u00edntomas m\u00e1s frecuentes est\u00e1 el <strong>picor, enrojecimiento e hinchaz\u00f3n de los ojos<\/strong>, la inflamaci\u00f3n de la mucosa nasal y su consecuente congesti\u00f3n, estornudos frecuentes, dolores de cabeza, asma bronquial, fatiga y cansancio.<\/p>\n<p>En esta \u00e9poca, el hogar se convierte en una especie de fort\u00edn para los afectados por la alergia al polen. Lo m\u00e1s importante es proteger muy bien la casa, ya que si esta sustancia penetra en el hogar, la persona afectada puede pasarlo realmente mal.<\/p>\n<p>Por este motivo, es recomendable <strong>mantener cerradas las ventanas y puertas<\/strong> en la medida de lo posible. Tambi\u00e9n es muy conveniente utilizar elementos como persianas, cortinas o estores que impidan el paso de estos agentes nocivos desde la calle.<\/p>\n<p><strong>Proteger la casa con cortinas o estores de \u00faltima generaci\u00f3n<\/strong><\/p>\n<p>En la actualidad, se pueden encontrar en el mercado estores hechos con materiales especiales para evitar las alergias. Uno de los m\u00e1s efectivos son <strong>los estores fabricados con screen<\/strong>, un tejido espec\u00edfico antibacteriano de \u00faltima generaci\u00f3n,<\/p>\n<p>Este tipo de estores se puede encontrar en establecimientos a trav\u00e9s de internet. Algunos de ellos, incluso, env\u00edan muestras gratuitas. Es el caso de <a href=\"https:\/\/www.kaaten.com\" target=\"_blank\" rel=\"noopener\"><span style=\"color: #ff6600;\"><strong>kaaten.com<\/strong><\/span><\/a>, una tienda de cortinas online especializada en estores a medida fabricados con este y otros tejidos.<\/p>\n<p>Este tejido est\u00e1 compuesto por filamentos de PVC o poli\u00e9ster y fibra de vidrio y se ha convertido en uno de los m\u00e1s demandados para la confecci\u00f3n de estores enrollables, paneles japoneses y lamas verticales.<\/p>\n<p>Sus ventajas son muy numerosas, ya que son m\u00e1s resistentes y durables, permaneciendo pr\u00e1cticamente intacto con el paso del tiempo. Adem\u00e1s, se trata de un <strong>tejido que permite aprovechar la luz <\/strong>y protege de rayos UVA y, lo m\u00e1s importante, es ign\u00edfugo.<\/p>\n<p><strong>Mantener una limpieza exhaustiva es fundamental<\/strong><\/p>\n<p>Llevar a cabo una limpieza exhaustiva durante los periodos m\u00e1s susceptibles de que aparezcan las reacciones al\u00e9rgicas al polen es fundamental, ya que esto mejorar\u00e1 en gran medida la calidad de vida de la persona afectada, especialmente cuando se encuentre en casa.<\/p>\n<p>Utilizar <a href=\"https:\/\/www.kaaten.com\/estores-a-medida\/enrollables\/screen.html\" target=\"_blank\" rel=\"noopener\"><span style=\"color: #ff6600;\"><strong>uno de estos estores Screen<\/strong><\/span><\/a> en el hogar puede ayudar, dado que su limpieza es m\u00e1s f\u00e1cil. As\u00ed, los estores t\u00e9cnicos hechos con este tejido se puede limpiar f\u00e1cilmente con un pa\u00f1o h\u00famedo y, asimismo, repele la mayor\u00eda del polvo, lo que hace que sea muy c\u00f3modo de mantener.<\/p>\n<p>Adem\u00e1s de estos cuidados, hay que tener en cuenta que hay algunas <strong>rendijas por las que el polen puede colarse en la vivienda<\/strong>. Una de ellas es el aparato del aire acondicionado, con lo cual habr\u00e1 limpiar con regularidad los conductos y utilizar los filtros adecuados.<\/p>\n<p>En cuanto a la ventilaci\u00f3n del hogar, habr\u00e1 que extremar precauciones y no abrir las ventanas en las horas m\u00e1s cr\u00edticas. As\u00ed, en las zonas urbanas estas suelen aumentar durante la ma\u00f1ana y alcanzar su punto m\u00e1s elevado a mediod\u00eda, para despu\u00e9s bajar progresivamente.<\/p>\n<p>La limpieza del hogar debe realizarse con aspiradores en vez de con escobas o elementos que desplacen las part\u00edculas, al igual que es muy importante tambi\u00e9n extremar la higiene de las manos y de la cara y, como norma general, el aseo personal.<\/p>\n<p>De todos modos, hay que tener en cuenta que las cantidades de polen en el aire var\u00edan diariamente, por lo que esta regla no siempre se cumple, ya que <strong>el clima y los factores medioambientales inciden en la variaci\u00f3n de los niveles de polen<\/strong> a lo largo del d\u00eda.<\/p>\n<p>Para mantenerse al d\u00eda de los niveles de concentraci\u00f3n de polen es importante consultar la informaci\u00f3n que ofrecen las agencias medioambientales. Existen varios portales informativos donde se pueden ver los datos actualizados de cada provincia por tramos horarios.<\/p>\n<p>Por tanto, los d\u00edas en que haya una gran concentraci\u00f3n de polen la mejor opci\u00f3n es quedarse en casa. Tambi\u00e9n es recomendable <strong>permanecer en la vivienda los d\u00edas de viento<\/strong>, ya que esto favorece la propagaci\u00f3n del polen, lo cual es perjudicial para quienes sufren alergia.<\/p>\n<p>&nbsp;<\/p>\n","protected":false},"excerpt":{"rendered":"<p>Para muchas personas la primavera es inevitablemente sin\u00f3nimo de alergia. El ascenso de las temperaturas deriva en un aumento de los niveles de polen, lo cual provoca que quienes son al\u00e9rgicos a estos min\u00fasculos granos sufran especialmente durante esta \u00e9poca del a\u00f1o. La respuesta del sistema inmunol\u00f3gico ante un agente nocivo Seg\u00fan los datos de<\/p>\n","protected":false},"author":1,"featured_media":91695,"comment_status":"closed","ping_status":"closed","sticky":false,"template":"","format":"standard","meta":{"footnotes":""},"categories":[213],"tags":[],"class_list":{"0":"post-91694","1":"post","2":"type-post","3":"status-publish","4":"format-standard","5":"has-post-thumbnail","7":"category-hogar"},"aioseo_notices":[],"aioseo_head":"\n\t\t<!-- All in One SEO Pro 4.9.6.1 - aioseo.com -->\n\t<meta name=\"description\" content=\"Para muchas personas la primavera es inevitablemente sin\u00f3nimo de alergia. El ascenso de las temperaturas deriva en un aumento de los niveles de polen, lo cual provoca que quienes son al\u00e9rgicos a estos min\u00fasculos granos sufran especialmente durante esta \u00e9poca del a\u00f1o. La respuesta del sistema inmunol\u00f3gico ante un agente nocivo Seg\u00fan los datos de\" \/>\n\t<meta name=\"robots\" content=\"max-image-preview:large\" \/>\n\t<meta name=\"author\" content=\"admin\"\/>\n\t<meta name=\"google-site-verification\" content=\"UA-38556648-1\" \/>\n\t<meta name=\"keywords\" content=\"hogar\" \/>\n\t<link rel=\"canonical\" href=\"https:\/\/eldigitaldeasturias.com\/magazine365\/proteger-el-hogar-para-combatir-las-alergias-primaverales\/\" \/>\n\t<meta name=\"generator\" content=\"All in One SEO Pro (AIOSEO) 4.9.6.1\" \/>\n\t\t<meta property=\"og:locale\" content=\"es_ES\" \/>\n\t\t<meta property=\"og:site_name\" content=\"El Digital de Asturias \u2013 Revista de ocio, turismo y estilo de vida\" \/>\n\t\t<meta property=\"og:type\" content=\"article\" \/>\n\t\t<meta property=\"og:title\" content=\"Proteger el hogar para combatir las alergias primaverales | El Digital de Asturias\" \/>\n\t\t<meta property=\"og:description\" content=\"Para muchas personas la primavera es inevitablemente sin\u00f3nimo de alergia. El ascenso de las temperaturas deriva en un aumento de los niveles de polen, lo cual provoca que quienes son al\u00e9rgicos a estos min\u00fasculos granos sufran especialmente durante esta \u00e9poca del a\u00f1o. La respuesta del sistema inmunol\u00f3gico ante un agente nocivo Seg\u00fan los datos de\" \/>\n\t\t<meta property=\"og:url\" content=\"https:\/\/eldigitaldeasturias.com\/magazine365\/proteger-el-hogar-para-combatir-las-alergias-primaverales\/\" \/>\n\t\t<meta property=\"og:image\" content=\"https:\/\/eldigitaldeasturias.com\/magazine365\/wp-content\/uploads\/2018\/04\/tienda-online-cortinas.jpg\" \/>\n\t\t<meta property=\"og:image:secure_url\" content=\"https:\/\/eldigitaldeasturias.com\/magazine365\/wp-content\/uploads\/2018\/04\/tienda-online-cortinas.jpg\" \/>\n\t\t<meta property=\"og:image:width\" content=\"1200\" \/>\n\t\t<meta property=\"og:image:height\" content=\"900\" \/>\n\t\t<meta property=\"article:published_time\" content=\"2018-04-16T16:24:20+00:00\" \/>\n\t\t<meta property=\"article:modified_time\" content=\"2018-04-16T16:24:20+00:00\" \/>\n\t\t<meta name=\"twitter:card\" content=\"summary_large_image\" \/>\n\t\t<meta name=\"twitter:title\" content=\"Proteger el hogar para combatir las alergias primaverales | El Digital de Asturias\" \/>\n\t\t<meta name=\"twitter:description\" content=\"Para muchas personas la primavera es inevitablemente sin\u00f3nimo de alergia. El ascenso de las temperaturas deriva en un aumento de los niveles de polen, lo cual provoca que quienes son al\u00e9rgicos a estos min\u00fasculos granos sufran especialmente durante esta \u00e9poca del a\u00f1o. La respuesta del sistema inmunol\u00f3gico ante un agente nocivo Seg\u00fan los datos de\" \/>\n\t\t<meta name=\"twitter:image\" content=\"https:\/\/eldigitaldeasturias.com\/magazine365\/wp-content\/uploads\/2018\/04\/tienda-online-cortinas.jpg\" \/>\n\t\t<script type=\"application\/ld+json\" class=\"aioseo-schema\">\n\t\t\t{\"@context\":\"https:\\\/\\\/schema.org\",\"@graph\":[{\"@type\":\"Article\",\"@id\":\"https:\\\/\\\/eldigitaldeasturias.com\\\/magazine365\\\/proteger-el-hogar-para-combatir-las-alergias-primaverales\\\/#article\",\"name\":\"Proteger el hogar para combatir las alergias primaverales | El Digital de Asturias\",\"headline\":\"Proteger el hogar para combatir las alergias primaverales\",\"author\":{\"@id\":\"https:\\\/\\\/eldigitaldeasturias.com\\\/magazine365\\\/author\\\/admin\\\/#author\"},\"publisher\":{\"@id\":\"https:\\\/\\\/eldigitaldeasturias.com\\\/magazine365\\\/#organization\"},\"image\":{\"@type\":\"ImageObject\",\"url\":\"https:\\\/\\\/eldigitaldeasturias.com\\\/magazine365\\\/wp-content\\\/uploads\\\/2018\\\/04\\\/tienda-online-cortinas.jpg\",\"width\":1200,\"height\":900},\"datePublished\":\"2018-04-16T16:24:20+02:00\",\"dateModified\":\"2018-04-16T16:24:20+02:00\",\"inLanguage\":\"es-ES\",\"mainEntityOfPage\":{\"@id\":\"https:\\\/\\\/eldigitaldeasturias.com\\\/magazine365\\\/proteger-el-hogar-para-combatir-las-alergias-primaverales\\\/#webpage\"},\"isPartOf\":{\"@id\":\"https:\\\/\\\/eldigitaldeasturias.com\\\/magazine365\\\/proteger-el-hogar-para-combatir-las-alergias-primaverales\\\/#webpage\"},\"articleSection\":\"Hogar\"},{\"@type\":\"BreadcrumbList\",\"@id\":\"https:\\\/\\\/eldigitaldeasturias.com\\\/magazine365\\\/proteger-el-hogar-para-combatir-las-alergias-primaverales\\\/#breadcrumblist\",\"itemListElement\":[{\"@type\":\"ListItem\",\"@id\":\"https:\\\/\\\/eldigitaldeasturias.com\\\/magazine365#listItem\",\"position\":1,\"name\":\"Home\",\"item\":\"https:\\\/\\\/eldigitaldeasturias.com\\\/magazine365\",\"nextItem\":{\"@type\":\"ListItem\",\"@id\":\"https:\\\/\\\/eldigitaldeasturias.com\\\/magazine365\\\/category\\\/hogar\\\/#listItem\",\"name\":\"Hogar\"}},{\"@type\":\"ListItem\",\"@id\":\"https:\\\/\\\/eldigitaldeasturias.com\\\/magazine365\\\/category\\\/hogar\\\/#listItem\",\"position\":2,\"name\":\"Hogar\",\"item\":\"https:\\\/\\\/eldigitaldeasturias.com\\\/magazine365\\\/category\\\/hogar\\\/\",\"nextItem\":{\"@type\":\"ListItem\",\"@id\":\"https:\\\/\\\/eldigitaldeasturias.com\\\/magazine365\\\/proteger-el-hogar-para-combatir-las-alergias-primaverales\\\/#listItem\",\"name\":\"Proteger el hogar para combatir las alergias primaverales\"},\"previousItem\":{\"@type\":\"ListItem\",\"@id\":\"https:\\\/\\\/eldigitaldeasturias.com\\\/magazine365#listItem\",\"name\":\"Home\"}},{\"@type\":\"ListItem\",\"@id\":\"https:\\\/\\\/eldigitaldeasturias.com\\\/magazine365\\\/proteger-el-hogar-para-combatir-las-alergias-primaverales\\\/#listItem\",\"position\":3,\"name\":\"Proteger el hogar para combatir las alergias primaverales\",\"previousItem\":{\"@type\":\"ListItem\",\"@id\":\"https:\\\/\\\/eldigitaldeasturias.com\\\/magazine365\\\/category\\\/hogar\\\/#listItem\",\"name\":\"Hogar\"}}]},{\"@type\":\"Organization\",\"@id\":\"https:\\\/\\\/eldigitaldeasturias.com\\\/magazine365\\\/#organization\",\"name\":\"El digital de Asturias\",\"description\":\"Revista de ocio, turismo y estilo de vida\",\"url\":\"https:\\\/\\\/eldigitaldeasturias.com\\\/magazine365\\\/\",\"logo\":{\"@type\":\"ImageObject\",\"url\":\"https:\\\/\\\/www.eldigitaldeasturias.com\\\/noticias\\\/wp-content\\\/uploads\\\/2020\\\/12\\\/EDA.jpg\",\"@id\":\"https:\\\/\\\/eldigitaldeasturias.com\\\/magazine365\\\/proteger-el-hogar-para-combatir-las-alergias-primaverales\\\/#organizationLogo\"},\"image\":{\"@id\":\"https:\\\/\\\/eldigitaldeasturias.com\\\/magazine365\\\/proteger-el-hogar-para-combatir-las-alergias-primaverales\\\/#organizationLogo\"}},{\"@type\":\"Person\",\"@id\":\"https:\\\/\\\/eldigitaldeasturias.com\\\/magazine365\\\/author\\\/admin\\\/#author\",\"url\":\"https:\\\/\\\/eldigitaldeasturias.com\\\/magazine365\\\/author\\\/admin\\\/\",\"name\":\"admin\",\"image\":{\"@type\":\"ImageObject\",\"@id\":\"https:\\\/\\\/eldigitaldeasturias.com\\\/magazine365\\\/proteger-el-hogar-para-combatir-las-alergias-primaverales\\\/#authorImage\",\"url\":\"https:\\\/\\\/eldigitaldeasturias.com\\\/magazine365\\\/wp-content\\\/litespeed\\\/avatar\\\/e571bcf59a0edd6fa6838245a470f2fe.jpg?ver=1777574230\",\"width\":96,\"height\":96,\"caption\":\"admin\"}},{\"@type\":\"WebPage\",\"@id\":\"https:\\\/\\\/eldigitaldeasturias.com\\\/magazine365\\\/proteger-el-hogar-para-combatir-las-alergias-primaverales\\\/#webpage\",\"url\":\"https:\\\/\\\/eldigitaldeasturias.com\\\/magazine365\\\/proteger-el-hogar-para-combatir-las-alergias-primaverales\\\/\",\"name\":\"Proteger el hogar para combatir las alergias primaverales | El Digital de Asturias\",\"description\":\"Para muchas personas la primavera es inevitablemente sin\\u00f3nimo de alergia. El ascenso de las temperaturas deriva en un aumento de los niveles de polen, lo cual provoca que quienes son al\\u00e9rgicos a estos min\\u00fasculos granos sufran especialmente durante esta \\u00e9poca del a\\u00f1o. La respuesta del sistema inmunol\\u00f3gico ante un agente nocivo Seg\\u00fan los datos de\",\"inLanguage\":\"es-ES\",\"isPartOf\":{\"@id\":\"https:\\\/\\\/eldigitaldeasturias.com\\\/magazine365\\\/#website\"},\"breadcrumb\":{\"@id\":\"https:\\\/\\\/eldigitaldeasturias.com\\\/magazine365\\\/proteger-el-hogar-para-combatir-las-alergias-primaverales\\\/#breadcrumblist\"},\"author\":{\"@id\":\"https:\\\/\\\/eldigitaldeasturias.com\\\/magazine365\\\/author\\\/admin\\\/#author\"},\"creator\":{\"@id\":\"https:\\\/\\\/eldigitaldeasturias.com\\\/magazine365\\\/author\\\/admin\\\/#author\"},\"image\":{\"@type\":\"ImageObject\",\"url\":\"https:\\\/\\\/eldigitaldeasturias.com\\\/magazine365\\\/wp-content\\\/uploads\\\/2018\\\/04\\\/tienda-online-cortinas.jpg\",\"@id\":\"https:\\\/\\\/eldigitaldeasturias.com\\\/magazine365\\\/proteger-el-hogar-para-combatir-las-alergias-primaverales\\\/#mainImage\",\"width\":1200,\"height\":900},\"primaryImageOfPage\":{\"@id\":\"https:\\\/\\\/eldigitaldeasturias.com\\\/magazine365\\\/proteger-el-hogar-para-combatir-las-alergias-primaverales\\\/#mainImage\"},\"datePublished\":\"2018-04-16T16:24:20+02:00\",\"dateModified\":\"2018-04-16T16:24:20+02:00\"},{\"@type\":\"WebSite\",\"@id\":\"https:\\\/\\\/eldigitaldeasturias.com\\\/magazine365\\\/#website\",\"url\":\"https:\\\/\\\/eldigitaldeasturias.com\\\/magazine365\\\/\",\"name\":\"El Digital de Asturias\",\"description\":\"Revista de ocio, turismo y estilo de vida\",\"inLanguage\":\"es-ES\",\"publisher\":{\"@id\":\"https:\\\/\\\/eldigitaldeasturias.com\\\/magazine365\\\/#organization\"}}]}\n\t\t<\/script>\n\t\t<!-- All in One SEO Pro -->\r\n\t\t<title>Proteger el hogar para combatir las alergias primaverales | El Digital de Asturias<\/title>\n\n","aioseo_head_json":{"title":"Proteger el hogar para combatir las alergias primaverales | El Digital de Asturias","description":"Para muchas personas la primavera es inevitablemente sin\u00f3nimo de alergia. El ascenso de las temperaturas deriva en un aumento de los niveles de polen, lo cual provoca que quienes son al\u00e9rgicos a estos min\u00fasculos granos sufran especialmente durante esta \u00e9poca del a\u00f1o. La respuesta del sistema inmunol\u00f3gico ante un agente nocivo Seg\u00fan los datos de","canonical_url":"https:\/\/eldigitaldeasturias.com\/magazine365\/proteger-el-hogar-para-combatir-las-alergias-primaverales\/","robots":"max-image-preview:large","keywords":"hogar","webmasterTools":{"google-site-verification":"UA-38556648-1","miscellaneous":""},"schema":{"@context":"https:\/\/schema.org","@graph":[{"@type":"Article","@id":"https:\/\/eldigitaldeasturias.com\/magazine365\/proteger-el-hogar-para-combatir-las-alergias-primaverales\/#article","name":"Proteger el hogar para combatir las alergias primaverales | El Digital de Asturias","headline":"Proteger el hogar para combatir las alergias primaverales","author":{"@id":"https:\/\/eldigitaldeasturias.com\/magazine365\/author\/admin\/#author"},"publisher":{"@id":"https:\/\/eldigitaldeasturias.com\/magazine365\/#organization"},"image":{"@type":"ImageObject","url":"https:\/\/eldigitaldeasturias.com\/magazine365\/wp-content\/uploads\/2018\/04\/tienda-online-cortinas.jpg","width":1200,"height":900},"datePublished":"2018-04-16T16:24:20+02:00","dateModified":"2018-04-16T16:24:20+02:00","inLanguage":"es-ES","mainEntityOfPage":{"@id":"https:\/\/eldigitaldeasturias.com\/magazine365\/proteger-el-hogar-para-combatir-las-alergias-primaverales\/#webpage"},"isPartOf":{"@id":"https:\/\/eldigitaldeasturias.com\/magazine365\/proteger-el-hogar-para-combatir-las-alergias-primaverales\/#webpage"},"articleSection":"Hogar"},{"@type":"BreadcrumbList","@id":"https:\/\/eldigitaldeasturias.com\/magazine365\/proteger-el-hogar-para-combatir-las-alergias-primaverales\/#breadcrumblist","itemListElement":[{"@type":"ListItem","@id":"https:\/\/eldigitaldeasturias.com\/magazine365#listItem","position":1,"name":"Home","item":"https:\/\/eldigitaldeasturias.com\/magazine365","nextItem":{"@type":"ListItem","@id":"https:\/\/eldigitaldeasturias.com\/magazine365\/category\/hogar\/#listItem","name":"Hogar"}},{"@type":"ListItem","@id":"https:\/\/eldigitaldeasturias.com\/magazine365\/category\/hogar\/#listItem","position":2,"name":"Hogar","item":"https:\/\/eldigitaldeasturias.com\/magazine365\/category\/hogar\/","nextItem":{"@type":"ListItem","@id":"https:\/\/eldigitaldeasturias.com\/magazine365\/proteger-el-hogar-para-combatir-las-alergias-primaverales\/#listItem","name":"Proteger el hogar para combatir las alergias primaverales"},"previousItem":{"@type":"ListItem","@id":"https:\/\/eldigitaldeasturias.com\/magazine365#listItem","name":"Home"}},{"@type":"ListItem","@id":"https:\/\/eldigitaldeasturias.com\/magazine365\/proteger-el-hogar-para-combatir-las-alergias-primaverales\/#listItem","position":3,"name":"Proteger el hogar para combatir las alergias primaverales","previousItem":{"@type":"ListItem","@id":"https:\/\/eldigitaldeasturias.com\/magazine365\/category\/hogar\/#listItem","name":"Hogar"}}]},{"@type":"Organization","@id":"https:\/\/eldigitaldeasturias.com\/magazine365\/#organization","name":"El digital de Asturias","description":"Revista de ocio, turismo y estilo de vida","url":"https:\/\/eldigitaldeasturias.com\/magazine365\/","logo":{"@type":"ImageObject","url":"https:\/\/www.eldigitaldeasturias.com\/noticias\/wp-content\/uploads\/2020\/12\/EDA.jpg","@id":"https:\/\/eldigitaldeasturias.com\/magazine365\/proteger-el-hogar-para-combatir-las-alergias-primaverales\/#organizationLogo"},"image":{"@id":"https:\/\/eldigitaldeasturias.com\/magazine365\/proteger-el-hogar-para-combatir-las-alergias-primaverales\/#organizationLogo"}},{"@type":"Person","@id":"https:\/\/eldigitaldeasturias.com\/magazine365\/author\/admin\/#author","url":"https:\/\/eldigitaldeasturias.com\/magazine365\/author\/admin\/","name":"admin","image":{"@type":"ImageObject","@id":"https:\/\/eldigitaldeasturias.com\/magazine365\/proteger-el-hogar-para-combatir-las-alergias-primaverales\/#authorImage","url":"https:\/\/eldigitaldeasturias.com\/magazine365\/wp-content\/litespeed\/avatar\/e571bcf59a0edd6fa6838245a470f2fe.jpg?ver=1777574230","width":96,"height":96,"caption":"admin"}},{"@type":"WebPage","@id":"https:\/\/eldigitaldeasturias.com\/magazine365\/proteger-el-hogar-para-combatir-las-alergias-primaverales\/#webpage","url":"https:\/\/eldigitaldeasturias.com\/magazine365\/proteger-el-hogar-para-combatir-las-alergias-primaverales\/","name":"Proteger el hogar para combatir las alergias primaverales | El Digital de Asturias","description":"Para muchas personas la primavera es inevitablemente sin\u00f3nimo de alergia. El ascenso de las temperaturas deriva en un aumento de los niveles de polen, lo cual provoca que quienes son al\u00e9rgicos a estos min\u00fasculos granos sufran especialmente durante esta \u00e9poca del a\u00f1o. La respuesta del sistema inmunol\u00f3gico ante un agente nocivo Seg\u00fan los datos de","inLanguage":"es-ES","isPartOf":{"@id":"https:\/\/eldigitaldeasturias.com\/magazine365\/#website"},"breadcrumb":{"@id":"https:\/\/eldigitaldeasturias.com\/magazine365\/proteger-el-hogar-para-combatir-las-alergias-primaverales\/#breadcrumblist"},"author":{"@id":"https:\/\/eldigitaldeasturias.com\/magazine365\/author\/admin\/#author"},"creator":{"@id":"https:\/\/eldigitaldeasturias.com\/magazine365\/author\/admin\/#author"},"image":{"@type":"ImageObject","url":"https:\/\/eldigitaldeasturias.com\/magazine365\/wp-content\/uploads\/2018\/04\/tienda-online-cortinas.jpg","@id":"https:\/\/eldigitaldeasturias.com\/magazine365\/proteger-el-hogar-para-combatir-las-alergias-primaverales\/#mainImage","width":1200,"height":900},"primaryImageOfPage":{"@id":"https:\/\/eldigitaldeasturias.com\/magazine365\/proteger-el-hogar-para-combatir-las-alergias-primaverales\/#mainImage"},"datePublished":"2018-04-16T16:24:20+02:00","dateModified":"2018-04-16T16:24:20+02:00"},{"@type":"WebSite","@id":"https:\/\/eldigitaldeasturias.com\/magazine365\/#website","url":"https:\/\/eldigitaldeasturias.com\/magazine365\/","name":"El Digital de Asturias","description":"Revista de ocio, turismo y estilo de vida","inLanguage":"es-ES","publisher":{"@id":"https:\/\/eldigitaldeasturias.com\/magazine365\/#organization"}}]},"og:locale":"es_ES","og:site_name":"El Digital de Asturias \u2013 Revista de ocio, turismo y estilo de vida","og:type":"article","og:title":"Proteger el hogar para combatir las alergias primaverales | El Digital de Asturias","og:description":"Para muchas personas la primavera es inevitablemente sin\u00f3nimo de alergia. El ascenso de las temperaturas deriva en un aumento de los niveles de polen, lo cual provoca que quienes son al\u00e9rgicos a estos min\u00fasculos granos sufran especialmente durante esta \u00e9poca del a\u00f1o. La respuesta del sistema inmunol\u00f3gico ante un agente nocivo Seg\u00fan los datos de","og:url":"https:\/\/eldigitaldeasturias.com\/magazine365\/proteger-el-hogar-para-combatir-las-alergias-primaverales\/","og:image":"https:\/\/eldigitaldeasturias.com\/magazine365\/wp-content\/uploads\/2018\/04\/tienda-online-cortinas.jpg","og:image:secure_url":"https:\/\/eldigitaldeasturias.com\/magazine365\/wp-content\/uploads\/2018\/04\/tienda-online-cortinas.jpg","og:image:width":1200,"og:image:height":900,"article:published_time":"2018-04-16T16:24:20+00:00","article:modified_time":"2018-04-16T16:24:20+00:00","twitter:card":"summary_large_image","twitter:title":"Proteger el hogar para combatir las alergias primaverales | El Digital de Asturias","twitter:description":"Para muchas personas la primavera es inevitablemente sin\u00f3nimo de alergia. El ascenso de las temperaturas deriva en un aumento de los niveles de polen, lo cual provoca que quienes son al\u00e9rgicos a estos min\u00fasculos granos sufran especialmente durante esta \u00e9poca del a\u00f1o. La respuesta del sistema inmunol\u00f3gico ante un agente nocivo Seg\u00fan los datos de","twitter:image":"https:\/\/eldigitaldeasturias.com\/magazine365\/wp-content\/uploads\/2018\/04\/tienda-online-cortinas.jpg"},"aioseo_meta_data":{"post_id":"91694","title":null,"description":null,"keywords":null,"keyphrases":null,"primary_term":null,"canonical_url":null,"og_title":null,"og_description":null,"og_object_type":"default","og_image_type":"default","og_image_url":null,"og_image_width":null,"og_image_height":null,"og_image_custom_url":null,"og_image_custom_fields":null,"og_video":null,"og_custom_url":null,"og_article_section":null,"og_article_tags":null,"twitter_use_og":false,"twitter_card":"default","twitter_image_type":"default","twitter_image_url":null,"twitter_image_custom_url":null,"twitter_image_custom_fields":null,"twitter_title":null,"twitter_description":null,"schema":{"blockGraphs":[],"customGraphs":[],"default":{"data":{"Article":[],"Course":[],"Dataset":[],"FAQPage":[],"Movie":[],"Person":[],"Product":[],"ProductReview":[],"Car":[],"Recipe":[],"Service":[],"SoftwareApplication":[],"WebPage":[]},"graphName":"","isEnabled":true},"graphs":[],"defaultGraph":"","defaultPostTypeGraph":""},"schema_type":null,"schema_type_options":null,"pillar_content":false,"robots_default":true,"robots_noindex":false,"robots_noarchive":false,"robots_nosnippet":false,"robots_nofollow":false,"robots_noimageindex":false,"robots_noodp":false,"robots_notranslate":false,"robots_max_snippet":null,"robots_max_videopreview":null,"robots_max_imagepreview":"large","priority":null,"frequency":null,"location":null,"local_seo":null,"seo_analyzer_scan_date":"2025-09-28 18:58:38","breadcrumb_settings":null,"limit_modified_date":false,"open_ai":null,"ai":null,"created":"2020-12-21 14:08:22","updated":"2025-09-28 18:58:38"},"aioseo_breadcrumb":"<div class=\"aioseo-breadcrumbs\"><span class=\"aioseo-breadcrumb\">\n\t<a href=\"https:\/\/eldigitaldeasturias.com\/magazine365\" title=\"Home\">Home<\/a>\n<\/span><span class=\"aioseo-breadcrumb-separator\">\u2013<\/span><span class=\"aioseo-breadcrumb\">\n\t<a href=\"https:\/\/eldigitaldeasturias.com\/magazine365\/category\/hogar\/\" title=\"Hogar\">Hogar<\/a>\n<\/span><span class=\"aioseo-breadcrumb-separator\">\u2013<\/span><span class=\"aioseo-breadcrumb\">\n\t<a href=\"https:\/\/eldigitaldeasturias.com\/magazine365\/proteger-el-hogar-para-combatir-las-alergias-primaverales\/\" title=\"Proteger el hogar para combatir las alergias primaverales\">Proteger el hogar para combatir las alergias primaverales<\/a>\n<\/span><\/div>","aioseo_breadcrumb_json":[{"label":"Home","link":"https:\/\/eldigitaldeasturias.com\/magazine365"},{"label":"Hogar","link":"https:\/\/eldigitaldeasturias.com\/magazine365\/category\/hogar\/"},{"label":"Proteger el hogar para combatir las alergias primaverales","link":"https:\/\/eldigitaldeasturias.com\/magazine365\/proteger-el-hogar-para-combatir-las-alergias-primaverales\/"}],"_links":{"self":[{"href":"https:\/\/eldigitaldeasturias.com\/magazine365\/wp-json\/wp\/v2\/posts\/91694","targetHints":{"allow":["GET"]}}],"collection":[{"href":"https:\/\/eldigitaldeasturias.com\/magazine365\/wp-json\/wp\/v2\/posts"}],"about":[{"href":"https:\/\/eldigitaldeasturias.com\/magazine365\/wp-json\/wp\/v2\/types\/post"}],"author":[{"embeddable":true,"href":"https:\/\/eldigitaldeasturias.com\/magazine365\/wp-json\/wp\/v2\/users\/1"}],"replies":[{"embeddable":true,"href":"https:\/\/eldigitaldeasturias.com\/magazine365\/wp-json\/wp\/v2\/comments?post=91694"}],"version-history":[{"count":0,"href":"https:\/\/eldigitaldeasturias.com\/magazine365\/wp-json\/wp\/v2\/posts\/91694\/revisions"}],"wp:featuredmedia":[{"embeddable":true,"href":"https:\/\/eldigitaldeasturias.com\/magazine365\/wp-json\/wp\/v2\/media\/91695"}],"wp:attachment":[{"href":"https:\/\/eldigitaldeasturias.com\/magazine365\/wp-json\/wp\/v2\/media?parent=91694"}],"wp:term":[{"taxonomy":"category","embeddable":true,"href":"https:\/\/eldigitaldeasturias.com\/magazine365\/wp-json\/wp\/v2\/categories?post=91694"},{"taxonomy":"post_tag","embeddable":true,"href":"https:\/\/eldigitaldeasturias.com\/magazine365\/wp-json\/wp\/v2\/tags?post=91694"}],"curies":[{"name":"wp","href":"https:\/\/api.w.org\/{rel}","templated":true}]}}