{"id":91567,"date":"2018-04-06T02:24:36","date_gmt":"2018-04-06T02:24:36","guid":{"rendered":"http:\/\/eldigitaldeasturias.com\/magazine365\/?p=91567"},"modified":"2018-04-06T02:24:36","modified_gmt":"2018-04-06T02:24:36","slug":"veintiseis-anos-despues-tanqueray-y-los-del-rio-encuentran-el-color-especial-de-sevilla","status":"publish","type":"post","link":"https:\/\/eldigitaldeasturias.com\/magazine365\/veintiseis-anos-despues-tanqueray-y-los-del-rio-encuentran-el-color-especial-de-sevilla\/","title":{"rendered":"Veintis\u00e9is a\u00f1os despu\u00e9s, Tanqueray y Los Del R\u00edo encuentran el color especial de Sevilla"},"content":{"rendered":"<p><img fetchpriority=\"high\" decoding=\"async\" class=\"alignleft size-medium wp-image-91568\" src=\"https:\/\/eldigitaldeasturias.com\/magazine365\/wp-content\/uploads\/2018\/04\/1522874873_tanqueray018mar_4_4_2-360x240.jpg\" alt=\"\" width=\"360\" height=\"240\" srcset=\"https:\/\/eldigitaldeasturias.com\/magazine365\/wp-content\/uploads\/2018\/04\/1522874873_tanqueray018mar_4_4_2-360x240.jpg 360w, https:\/\/eldigitaldeasturias.com\/magazine365\/wp-content\/uploads\/2018\/04\/1522874873_tanqueray018mar_4_4_2-650x434.jpg 650w, https:\/\/eldigitaldeasturias.com\/magazine365\/wp-content\/uploads\/2018\/04\/1522874873_tanqueray018mar_4_4_2-150x100.jpg 150w, https:\/\/eldigitaldeasturias.com\/magazine365\/wp-content\/uploads\/2018\/04\/1522874873_tanqueray018mar_4_4_2-450x300.jpg 450w, https:\/\/eldigitaldeasturias.com\/magazine365\/wp-content\/uploads\/2018\/04\/1522874873_tanqueray018mar_4_4_2.jpg 700w\" sizes=\"(max-width: 360px) 100vw, 360px\" \/>Urbanita y con una enorme herencia hist\u00f3rica que ha sabido fusionarse con la vanguardia del siglo XXI. As\u00ed es Sevilla. Tanqueray, seducida por el encanto y el esp\u00edritu de esta ciudad tan f\u00e1cil de sentir, se ha preguntado c\u00f3mo se la nombrar\u00eda\u00a0si se\u00a0tuviera\u00a0que definir con un color. Tras un largo proceso de investigaci\u00f3n, ha descubierto la respuesta. Ha detectado cu\u00e1l es ese tono que ti\u00f1e y envuelve en magia la ciudad de Murillo, musa de artistas y escenario de rodajes de cine internacional.<\/p>\n<p>Un tributo a la ciudad, una nueva bebida. La marca quiere ahora desvelarlo\u00a0e identificarse con \u00e9l, lanzando una nueva y cosmopolita bebida que rinde tributo a la ciudad, Tanqueray Flor de Sevilla , que tendr\u00e1 el mismo tono que esta ciudad, para servir el sabor, olor y esencia en todas las copas del mundo. Y lo revelar\u00e1 por todo lo alto en una acci\u00f3n amplia y urbana, un gran tributo a la capital de Andaluc\u00eda que tendr\u00e1 lugar el pr\u00f3ximo 12 de abril, en v\u00edsperas de la Feria, en varios puntos de Sevilla, y con todos sus habitantes como protagonistas, para celebrar que es la primera vez en sus m\u00e1s de 180 a\u00f1os de historia que Tanqueray ampl\u00eda su familia con este nuevo y esperado miembro. Una acci\u00f3n sorprendente, festiva e intergeneracional y en la que la marca ir\u00e1 de la mano de una pareja que es historia de la m\u00fasica espa\u00f1ola: Los Del R\u00edo.<\/p>\n<p><strong>Una canci\u00f3n reinventada\u00a0<\/strong><\/p>\n<p>O lo que es lo mismo, Antonio Romero Monge y Rafael Ruiz Perdigones. Uno de los d\u00faos m\u00e1s internacionalizados, que con su pop flamenco salt\u00f3 a la fama desde Dos Hermanas, primero en nuestro pa\u00eds y despu\u00e9s en Estados Unidos, donde gan\u00f3 varios Grammy y donde su tema La Macarena son\u00f3, y con mucho protagonismo, hasta en la campa\u00f1a electoral del presidente de Estados Unidos.<\/p>\n<p>Y es que Los Del R\u00edo ya hablaron hace 26 a\u00f1os, en una canci\u00f3n que fue un hito y hoy es un cl\u00e1sico de la m\u00fasica espa\u00f1ola, del color especial que tiene Sevilla, pero sin especificar cu\u00e1l era. As\u00ed que no han dudado en sumarse a la b\u00fasqueda y el tributo que Tanqueray rinde a este rinc\u00f3n del Sur de Espa\u00f1a. Lo han hecho reinventando aquel tema que cop\u00f3 las listas de ventas en una versi\u00f3n que menciona ya el color reci\u00e9n descubierto. La canci\u00f3n sonar\u00e1 por primera vez en la acci\u00f3n que tomar\u00e1 varios rincones sevillanos el pr\u00f3ximo 12 de abril, como un regalo m\u00e1s dedicado a la ciudad, y con la vocaci\u00f3n de dejar de nuevo huella en su cultura popular.<\/p>\n<p><strong>Un estudio de investigaci\u00f3n\u00a0<\/strong><\/p>\n<p>Tanqueray ha logrado el hallazgo crom\u00e1tico a partir de un estudio que, incorporando novedosos m\u00e9todos tecnol\u00f3gicos, ha extra\u00eddo, a partir de Big Data, las gamas de color predominantes en los puntos m\u00e1s caracter\u00edsticos de Sevilla, por su ubicaci\u00f3n, arquitectura, concurrencia etc.\u00a0La policrom\u00eda se ha resumido en ese color del que Tanqueray Flor de Sevilla ya es parte.<br \/>\n\u00bfDe qu\u00e9 color se cree\u00a0que es Sevilla y la nueva Tanqueray Flor de Sevilla? Se pueden hacer apuestas\u00a0con: #elcolorespecialDeSevilla #TanqueraySevilla<\/p>\n<p>&nbsp;<\/p>\n","protected":false},"excerpt":{"rendered":"<p>Urbanita y con una enorme herencia hist\u00f3rica que ha sabido fusionarse con la vanguardia del siglo XXI. As\u00ed es Sevilla. Tanqueray, seducida por el encanto y el esp\u00edritu de esta ciudad tan f\u00e1cil de sentir, se ha preguntado c\u00f3mo se la nombrar\u00eda\u00a0si se\u00a0tuviera\u00a0que definir con un color. Tras un largo proceso de investigaci\u00f3n, ha descubierto<\/p>\n","protected":false},"author":1,"featured_media":91568,"comment_status":"closed","ping_status":"closed","sticky":false,"template":"","format":"standard","meta":{"footnotes":""},"categories":[217],"tags":[],"class_list":{"0":"post-91567","1":"post","2":"type-post","3":"status-publish","4":"format-standard","5":"has-post-thumbnail","7":"category-sabores"},"aioseo_notices":[],"aioseo_head":"\n\t\t<!-- All in One SEO Pro 4.9.6.1 - aioseo.com -->\n\t<meta name=\"description\" content=\"Urbanita y con una enorme herencia hist\u00f3rica que ha sabido fusionarse con la vanguardia del siglo XXI. As\u00ed es Sevilla. Tanqueray, seducida por el encanto y el esp\u00edritu de esta ciudad tan f\u00e1cil de sentir, se ha preguntado c\u00f3mo se la nombrar\u00eda si se tuviera que definir con un color. Tras un largo proceso de investigaci\u00f3n, ha descubierto\" \/>\n\t<meta name=\"robots\" content=\"max-image-preview:large\" \/>\n\t<meta name=\"author\" content=\"admin\"\/>\n\t<meta name=\"google-site-verification\" content=\"UA-38556648-1\" \/>\n\t<meta name=\"keywords\" content=\"sabores\" \/>\n\t<link rel=\"canonical\" href=\"https:\/\/eldigitaldeasturias.com\/magazine365\/veintiseis-anos-despues-tanqueray-y-los-del-rio-encuentran-el-color-especial-de-sevilla\/\" \/>\n\t<meta name=\"generator\" content=\"All in One SEO Pro (AIOSEO) 4.9.6.1\" \/>\n\t\t<meta property=\"og:locale\" content=\"es_ES\" \/>\n\t\t<meta property=\"og:site_name\" content=\"El Digital de Asturias \u2013 Revista de ocio, turismo y estilo de vida\" \/>\n\t\t<meta property=\"og:type\" content=\"article\" \/>\n\t\t<meta property=\"og:title\" content=\"Veintis\u00e9is a\u00f1os despu\u00e9s, Tanqueray y Los Del R\u00edo encuentran el color especial de Sevilla | El Digital de Asturias\" \/>\n\t\t<meta property=\"og:description\" content=\"Urbanita y con una enorme herencia hist\u00f3rica que ha sabido fusionarse con la vanguardia del siglo XXI. As\u00ed es Sevilla. Tanqueray, seducida por el encanto y el esp\u00edritu de esta ciudad tan f\u00e1cil de sentir, se ha preguntado c\u00f3mo se la nombrar\u00eda si se tuviera que definir con un color. Tras un largo proceso de investigaci\u00f3n, ha descubierto\" \/>\n\t\t<meta property=\"og:url\" content=\"https:\/\/eldigitaldeasturias.com\/magazine365\/veintiseis-anos-despues-tanqueray-y-los-del-rio-encuentran-el-color-especial-de-sevilla\/\" \/>\n\t\t<meta property=\"og:image\" content=\"https:\/\/eldigitaldeasturias.com\/magazine365\/wp-content\/uploads\/2018\/04\/1522874873_tanqueray018mar_4_4_2.jpg\" \/>\n\t\t<meta property=\"og:image:secure_url\" content=\"https:\/\/eldigitaldeasturias.com\/magazine365\/wp-content\/uploads\/2018\/04\/1522874873_tanqueray018mar_4_4_2.jpg\" \/>\n\t\t<meta property=\"og:image:width\" content=\"700\" \/>\n\t\t<meta property=\"og:image:height\" content=\"467\" \/>\n\t\t<meta property=\"article:published_time\" content=\"2018-04-06T02:24:36+00:00\" \/>\n\t\t<meta property=\"article:modified_time\" content=\"2018-04-06T02:24:36+00:00\" \/>\n\t\t<meta name=\"twitter:card\" content=\"summary_large_image\" \/>\n\t\t<meta name=\"twitter:title\" content=\"Veintis\u00e9is a\u00f1os despu\u00e9s, Tanqueray y Los Del R\u00edo encuentran el color especial de Sevilla | El Digital de Asturias\" \/>\n\t\t<meta name=\"twitter:description\" content=\"Urbanita y con una enorme herencia hist\u00f3rica que ha sabido fusionarse con la vanguardia del siglo XXI. As\u00ed es Sevilla. Tanqueray, seducida por el encanto y el esp\u00edritu de esta ciudad tan f\u00e1cil de sentir, se ha preguntado c\u00f3mo se la nombrar\u00eda si se tuviera que definir con un color. Tras un largo proceso de investigaci\u00f3n, ha descubierto\" \/>\n\t\t<meta name=\"twitter:image\" content=\"https:\/\/eldigitaldeasturias.com\/magazine365\/wp-content\/uploads\/2018\/04\/1522874873_tanqueray018mar_4_4_2.jpg\" \/>\n\t\t<script type=\"application\/ld+json\" class=\"aioseo-schema\">\n\t\t\t{\"@context\":\"https:\\\/\\\/schema.org\",\"@graph\":[{\"@type\":\"Article\",\"@id\":\"https:\\\/\\\/eldigitaldeasturias.com\\\/magazine365\\\/veintiseis-anos-despues-tanqueray-y-los-del-rio-encuentran-el-color-especial-de-sevilla\\\/#article\",\"name\":\"Veintis\\u00e9is a\\u00f1os despu\\u00e9s, Tanqueray y Los Del R\\u00edo encuentran el color especial de Sevilla | El Digital de Asturias\",\"headline\":\"Veintis\\u00e9is a\\u00f1os despu\\u00e9s, Tanqueray y Los Del R\\u00edo encuentran el color especial de Sevilla\",\"author\":{\"@id\":\"https:\\\/\\\/eldigitaldeasturias.com\\\/magazine365\\\/author\\\/admin\\\/#author\"},\"publisher\":{\"@id\":\"https:\\\/\\\/eldigitaldeasturias.com\\\/magazine365\\\/#organization\"},\"image\":{\"@type\":\"ImageObject\",\"url\":\"https:\\\/\\\/eldigitaldeasturias.com\\\/magazine365\\\/wp-content\\\/uploads\\\/2018\\\/04\\\/1522874873_tanqueray018mar_4_4_2.jpg\",\"width\":700,\"height\":467},\"datePublished\":\"2018-04-06T02:24:36+02:00\",\"dateModified\":\"2018-04-06T02:24:36+02:00\",\"inLanguage\":\"es-ES\",\"mainEntityOfPage\":{\"@id\":\"https:\\\/\\\/eldigitaldeasturias.com\\\/magazine365\\\/veintiseis-anos-despues-tanqueray-y-los-del-rio-encuentran-el-color-especial-de-sevilla\\\/#webpage\"},\"isPartOf\":{\"@id\":\"https:\\\/\\\/eldigitaldeasturias.com\\\/magazine365\\\/veintiseis-anos-despues-tanqueray-y-los-del-rio-encuentran-el-color-especial-de-sevilla\\\/#webpage\"},\"articleSection\":\"Sabores\"},{\"@type\":\"BreadcrumbList\",\"@id\":\"https:\\\/\\\/eldigitaldeasturias.com\\\/magazine365\\\/veintiseis-anos-despues-tanqueray-y-los-del-rio-encuentran-el-color-especial-de-sevilla\\\/#breadcrumblist\",\"itemListElement\":[{\"@type\":\"ListItem\",\"@id\":\"https:\\\/\\\/eldigitaldeasturias.com\\\/magazine365#listItem\",\"position\":1,\"name\":\"Home\",\"item\":\"https:\\\/\\\/eldigitaldeasturias.com\\\/magazine365\",\"nextItem\":{\"@type\":\"ListItem\",\"@id\":\"https:\\\/\\\/eldigitaldeasturias.com\\\/magazine365\\\/category\\\/sabores\\\/#listItem\",\"name\":\"Sabores\"}},{\"@type\":\"ListItem\",\"@id\":\"https:\\\/\\\/eldigitaldeasturias.com\\\/magazine365\\\/category\\\/sabores\\\/#listItem\",\"position\":2,\"name\":\"Sabores\",\"item\":\"https:\\\/\\\/eldigitaldeasturias.com\\\/magazine365\\\/category\\\/sabores\\\/\",\"nextItem\":{\"@type\":\"ListItem\",\"@id\":\"https:\\\/\\\/eldigitaldeasturias.com\\\/magazine365\\\/veintiseis-anos-despues-tanqueray-y-los-del-rio-encuentran-el-color-especial-de-sevilla\\\/#listItem\",\"name\":\"Veintis\\u00e9is a\\u00f1os despu\\u00e9s, Tanqueray y Los Del R\\u00edo encuentran el color especial de Sevilla\"},\"previousItem\":{\"@type\":\"ListItem\",\"@id\":\"https:\\\/\\\/eldigitaldeasturias.com\\\/magazine365#listItem\",\"name\":\"Home\"}},{\"@type\":\"ListItem\",\"@id\":\"https:\\\/\\\/eldigitaldeasturias.com\\\/magazine365\\\/veintiseis-anos-despues-tanqueray-y-los-del-rio-encuentran-el-color-especial-de-sevilla\\\/#listItem\",\"position\":3,\"name\":\"Veintis\\u00e9is a\\u00f1os despu\\u00e9s, Tanqueray y Los Del R\\u00edo encuentran el color especial de Sevilla\",\"previousItem\":{\"@type\":\"ListItem\",\"@id\":\"https:\\\/\\\/eldigitaldeasturias.com\\\/magazine365\\\/category\\\/sabores\\\/#listItem\",\"name\":\"Sabores\"}}]},{\"@type\":\"Organization\",\"@id\":\"https:\\\/\\\/eldigitaldeasturias.com\\\/magazine365\\\/#organization\",\"name\":\"El digital de Asturias\",\"description\":\"Revista de ocio, turismo y estilo de vida\",\"url\":\"https:\\\/\\\/eldigitaldeasturias.com\\\/magazine365\\\/\",\"logo\":{\"@type\":\"ImageObject\",\"url\":\"https:\\\/\\\/www.eldigitaldeasturias.com\\\/noticias\\\/wp-content\\\/uploads\\\/2020\\\/12\\\/EDA.jpg\",\"@id\":\"https:\\\/\\\/eldigitaldeasturias.com\\\/magazine365\\\/veintiseis-anos-despues-tanqueray-y-los-del-rio-encuentran-el-color-especial-de-sevilla\\\/#organizationLogo\"},\"image\":{\"@id\":\"https:\\\/\\\/eldigitaldeasturias.com\\\/magazine365\\\/veintiseis-anos-despues-tanqueray-y-los-del-rio-encuentran-el-color-especial-de-sevilla\\\/#organizationLogo\"}},{\"@type\":\"Person\",\"@id\":\"https:\\\/\\\/eldigitaldeasturias.com\\\/magazine365\\\/author\\\/admin\\\/#author\",\"url\":\"https:\\\/\\\/eldigitaldeasturias.com\\\/magazine365\\\/author\\\/admin\\\/\",\"name\":\"admin\",\"image\":{\"@type\":\"ImageObject\",\"@id\":\"https:\\\/\\\/eldigitaldeasturias.com\\\/magazine365\\\/veintiseis-anos-despues-tanqueray-y-los-del-rio-encuentran-el-color-especial-de-sevilla\\\/#authorImage\",\"url\":\"https:\\\/\\\/eldigitaldeasturias.com\\\/magazine365\\\/wp-content\\\/litespeed\\\/avatar\\\/e571bcf59a0edd6fa6838245a470f2fe.jpg?ver=1776969259\",\"width\":96,\"height\":96,\"caption\":\"admin\"}},{\"@type\":\"WebPage\",\"@id\":\"https:\\\/\\\/eldigitaldeasturias.com\\\/magazine365\\\/veintiseis-anos-despues-tanqueray-y-los-del-rio-encuentran-el-color-especial-de-sevilla\\\/#webpage\",\"url\":\"https:\\\/\\\/eldigitaldeasturias.com\\\/magazine365\\\/veintiseis-anos-despues-tanqueray-y-los-del-rio-encuentran-el-color-especial-de-sevilla\\\/\",\"name\":\"Veintis\\u00e9is a\\u00f1os despu\\u00e9s, Tanqueray y Los Del R\\u00edo encuentran el color especial de Sevilla | El Digital de Asturias\",\"description\":\"Urbanita y con una enorme herencia hist\\u00f3rica que ha sabido fusionarse con la vanguardia del siglo XXI. As\\u00ed es Sevilla. Tanqueray, seducida por el encanto y el esp\\u00edritu de esta ciudad tan f\\u00e1cil de sentir, se ha preguntado c\\u00f3mo se la nombrar\\u00eda si se tuviera que definir con un color. Tras un largo proceso de investigaci\\u00f3n, ha descubierto\",\"inLanguage\":\"es-ES\",\"isPartOf\":{\"@id\":\"https:\\\/\\\/eldigitaldeasturias.com\\\/magazine365\\\/#website\"},\"breadcrumb\":{\"@id\":\"https:\\\/\\\/eldigitaldeasturias.com\\\/magazine365\\\/veintiseis-anos-despues-tanqueray-y-los-del-rio-encuentran-el-color-especial-de-sevilla\\\/#breadcrumblist\"},\"author\":{\"@id\":\"https:\\\/\\\/eldigitaldeasturias.com\\\/magazine365\\\/author\\\/admin\\\/#author\"},\"creator\":{\"@id\":\"https:\\\/\\\/eldigitaldeasturias.com\\\/magazine365\\\/author\\\/admin\\\/#author\"},\"image\":{\"@type\":\"ImageObject\",\"url\":\"https:\\\/\\\/eldigitaldeasturias.com\\\/magazine365\\\/wp-content\\\/uploads\\\/2018\\\/04\\\/1522874873_tanqueray018mar_4_4_2.jpg\",\"@id\":\"https:\\\/\\\/eldigitaldeasturias.com\\\/magazine365\\\/veintiseis-anos-despues-tanqueray-y-los-del-rio-encuentran-el-color-especial-de-sevilla\\\/#mainImage\",\"width\":700,\"height\":467},\"primaryImageOfPage\":{\"@id\":\"https:\\\/\\\/eldigitaldeasturias.com\\\/magazine365\\\/veintiseis-anos-despues-tanqueray-y-los-del-rio-encuentran-el-color-especial-de-sevilla\\\/#mainImage\"},\"datePublished\":\"2018-04-06T02:24:36+02:00\",\"dateModified\":\"2018-04-06T02:24:36+02:00\"},{\"@type\":\"WebSite\",\"@id\":\"https:\\\/\\\/eldigitaldeasturias.com\\\/magazine365\\\/#website\",\"url\":\"https:\\\/\\\/eldigitaldeasturias.com\\\/magazine365\\\/\",\"name\":\"El Digital de Asturias\",\"description\":\"Revista de ocio, turismo y estilo de vida\",\"inLanguage\":\"es-ES\",\"publisher\":{\"@id\":\"https:\\\/\\\/eldigitaldeasturias.com\\\/magazine365\\\/#organization\"}}]}\n\t\t<\/script>\n\t\t<!-- All in One SEO Pro -->\r\n\t\t<title>Veintis\u00e9is a\u00f1os despu\u00e9s, Tanqueray y Los Del R\u00edo encuentran el color especial de Sevilla | El Digital de Asturias<\/title>\n\n","aioseo_head_json":{"title":"Veintis\u00e9is a\u00f1os despu\u00e9s, Tanqueray y Los Del R\u00edo encuentran el color especial de Sevilla | El Digital de Asturias","description":"Urbanita y con una enorme herencia hist\u00f3rica que ha sabido fusionarse con la vanguardia del siglo XXI. As\u00ed es Sevilla. Tanqueray, seducida por el encanto y el esp\u00edritu de esta ciudad tan f\u00e1cil de sentir, se ha preguntado c\u00f3mo se la nombrar\u00eda si se tuviera que definir con un color. Tras un largo proceso de investigaci\u00f3n, ha descubierto","canonical_url":"https:\/\/eldigitaldeasturias.com\/magazine365\/veintiseis-anos-despues-tanqueray-y-los-del-rio-encuentran-el-color-especial-de-sevilla\/","robots":"max-image-preview:large","keywords":"sabores","webmasterTools":{"google-site-verification":"UA-38556648-1","miscellaneous":""},"schema":{"@context":"https:\/\/schema.org","@graph":[{"@type":"Article","@id":"https:\/\/eldigitaldeasturias.com\/magazine365\/veintiseis-anos-despues-tanqueray-y-los-del-rio-encuentran-el-color-especial-de-sevilla\/#article","name":"Veintis\u00e9is a\u00f1os despu\u00e9s, Tanqueray y Los Del R\u00edo encuentran el color especial de Sevilla | El Digital de Asturias","headline":"Veintis\u00e9is a\u00f1os despu\u00e9s, Tanqueray y Los Del R\u00edo encuentran el color especial de Sevilla","author":{"@id":"https:\/\/eldigitaldeasturias.com\/magazine365\/author\/admin\/#author"},"publisher":{"@id":"https:\/\/eldigitaldeasturias.com\/magazine365\/#organization"},"image":{"@type":"ImageObject","url":"https:\/\/eldigitaldeasturias.com\/magazine365\/wp-content\/uploads\/2018\/04\/1522874873_tanqueray018mar_4_4_2.jpg","width":700,"height":467},"datePublished":"2018-04-06T02:24:36+02:00","dateModified":"2018-04-06T02:24:36+02:00","inLanguage":"es-ES","mainEntityOfPage":{"@id":"https:\/\/eldigitaldeasturias.com\/magazine365\/veintiseis-anos-despues-tanqueray-y-los-del-rio-encuentran-el-color-especial-de-sevilla\/#webpage"},"isPartOf":{"@id":"https:\/\/eldigitaldeasturias.com\/magazine365\/veintiseis-anos-despues-tanqueray-y-los-del-rio-encuentran-el-color-especial-de-sevilla\/#webpage"},"articleSection":"Sabores"},{"@type":"BreadcrumbList","@id":"https:\/\/eldigitaldeasturias.com\/magazine365\/veintiseis-anos-despues-tanqueray-y-los-del-rio-encuentran-el-color-especial-de-sevilla\/#breadcrumblist","itemListElement":[{"@type":"ListItem","@id":"https:\/\/eldigitaldeasturias.com\/magazine365#listItem","position":1,"name":"Home","item":"https:\/\/eldigitaldeasturias.com\/magazine365","nextItem":{"@type":"ListItem","@id":"https:\/\/eldigitaldeasturias.com\/magazine365\/category\/sabores\/#listItem","name":"Sabores"}},{"@type":"ListItem","@id":"https:\/\/eldigitaldeasturias.com\/magazine365\/category\/sabores\/#listItem","position":2,"name":"Sabores","item":"https:\/\/eldigitaldeasturias.com\/magazine365\/category\/sabores\/","nextItem":{"@type":"ListItem","@id":"https:\/\/eldigitaldeasturias.com\/magazine365\/veintiseis-anos-despues-tanqueray-y-los-del-rio-encuentran-el-color-especial-de-sevilla\/#listItem","name":"Veintis\u00e9is a\u00f1os despu\u00e9s, Tanqueray y Los Del R\u00edo encuentran el color especial de Sevilla"},"previousItem":{"@type":"ListItem","@id":"https:\/\/eldigitaldeasturias.com\/magazine365#listItem","name":"Home"}},{"@type":"ListItem","@id":"https:\/\/eldigitaldeasturias.com\/magazine365\/veintiseis-anos-despues-tanqueray-y-los-del-rio-encuentran-el-color-especial-de-sevilla\/#listItem","position":3,"name":"Veintis\u00e9is a\u00f1os despu\u00e9s, Tanqueray y Los Del R\u00edo encuentran el color especial de Sevilla","previousItem":{"@type":"ListItem","@id":"https:\/\/eldigitaldeasturias.com\/magazine365\/category\/sabores\/#listItem","name":"Sabores"}}]},{"@type":"Organization","@id":"https:\/\/eldigitaldeasturias.com\/magazine365\/#organization","name":"El digital de Asturias","description":"Revista de ocio, turismo y estilo de vida","url":"https:\/\/eldigitaldeasturias.com\/magazine365\/","logo":{"@type":"ImageObject","url":"https:\/\/www.eldigitaldeasturias.com\/noticias\/wp-content\/uploads\/2020\/12\/EDA.jpg","@id":"https:\/\/eldigitaldeasturias.com\/magazine365\/veintiseis-anos-despues-tanqueray-y-los-del-rio-encuentran-el-color-especial-de-sevilla\/#organizationLogo"},"image":{"@id":"https:\/\/eldigitaldeasturias.com\/magazine365\/veintiseis-anos-despues-tanqueray-y-los-del-rio-encuentran-el-color-especial-de-sevilla\/#organizationLogo"}},{"@type":"Person","@id":"https:\/\/eldigitaldeasturias.com\/magazine365\/author\/admin\/#author","url":"https:\/\/eldigitaldeasturias.com\/magazine365\/author\/admin\/","name":"admin","image":{"@type":"ImageObject","@id":"https:\/\/eldigitaldeasturias.com\/magazine365\/veintiseis-anos-despues-tanqueray-y-los-del-rio-encuentran-el-color-especial-de-sevilla\/#authorImage","url":"https:\/\/eldigitaldeasturias.com\/magazine365\/wp-content\/litespeed\/avatar\/e571bcf59a0edd6fa6838245a470f2fe.jpg?ver=1776969259","width":96,"height":96,"caption":"admin"}},{"@type":"WebPage","@id":"https:\/\/eldigitaldeasturias.com\/magazine365\/veintiseis-anos-despues-tanqueray-y-los-del-rio-encuentran-el-color-especial-de-sevilla\/#webpage","url":"https:\/\/eldigitaldeasturias.com\/magazine365\/veintiseis-anos-despues-tanqueray-y-los-del-rio-encuentran-el-color-especial-de-sevilla\/","name":"Veintis\u00e9is a\u00f1os despu\u00e9s, Tanqueray y Los Del R\u00edo encuentran el color especial de Sevilla | El Digital de Asturias","description":"Urbanita y con una enorme herencia hist\u00f3rica que ha sabido fusionarse con la vanguardia del siglo XXI. As\u00ed es Sevilla. Tanqueray, seducida por el encanto y el esp\u00edritu de esta ciudad tan f\u00e1cil de sentir, se ha preguntado c\u00f3mo se la nombrar\u00eda si se tuviera que definir con un color. Tras un largo proceso de investigaci\u00f3n, ha descubierto","inLanguage":"es-ES","isPartOf":{"@id":"https:\/\/eldigitaldeasturias.com\/magazine365\/#website"},"breadcrumb":{"@id":"https:\/\/eldigitaldeasturias.com\/magazine365\/veintiseis-anos-despues-tanqueray-y-los-del-rio-encuentran-el-color-especial-de-sevilla\/#breadcrumblist"},"author":{"@id":"https:\/\/eldigitaldeasturias.com\/magazine365\/author\/admin\/#author"},"creator":{"@id":"https:\/\/eldigitaldeasturias.com\/magazine365\/author\/admin\/#author"},"image":{"@type":"ImageObject","url":"https:\/\/eldigitaldeasturias.com\/magazine365\/wp-content\/uploads\/2018\/04\/1522874873_tanqueray018mar_4_4_2.jpg","@id":"https:\/\/eldigitaldeasturias.com\/magazine365\/veintiseis-anos-despues-tanqueray-y-los-del-rio-encuentran-el-color-especial-de-sevilla\/#mainImage","width":700,"height":467},"primaryImageOfPage":{"@id":"https:\/\/eldigitaldeasturias.com\/magazine365\/veintiseis-anos-despues-tanqueray-y-los-del-rio-encuentran-el-color-especial-de-sevilla\/#mainImage"},"datePublished":"2018-04-06T02:24:36+02:00","dateModified":"2018-04-06T02:24:36+02:00"},{"@type":"WebSite","@id":"https:\/\/eldigitaldeasturias.com\/magazine365\/#website","url":"https:\/\/eldigitaldeasturias.com\/magazine365\/","name":"El Digital de Asturias","description":"Revista de ocio, turismo y estilo de vida","inLanguage":"es-ES","publisher":{"@id":"https:\/\/eldigitaldeasturias.com\/magazine365\/#organization"}}]},"og:locale":"es_ES","og:site_name":"El Digital de Asturias \u2013 Revista de ocio, turismo y estilo de vida","og:type":"article","og:title":"Veintis\u00e9is a\u00f1os despu\u00e9s, Tanqueray y Los Del R\u00edo encuentran el color especial de Sevilla | El Digital de Asturias","og:description":"Urbanita y con una enorme herencia hist\u00f3rica que ha sabido fusionarse con la vanguardia del siglo XXI. As\u00ed es Sevilla. Tanqueray, seducida por el encanto y el esp\u00edritu de esta ciudad tan f\u00e1cil de sentir, se ha preguntado c\u00f3mo se la nombrar\u00eda si se tuviera que definir con un color. Tras un largo proceso de investigaci\u00f3n, ha descubierto","og:url":"https:\/\/eldigitaldeasturias.com\/magazine365\/veintiseis-anos-despues-tanqueray-y-los-del-rio-encuentran-el-color-especial-de-sevilla\/","og:image":"https:\/\/eldigitaldeasturias.com\/magazine365\/wp-content\/uploads\/2018\/04\/1522874873_tanqueray018mar_4_4_2.jpg","og:image:secure_url":"https:\/\/eldigitaldeasturias.com\/magazine365\/wp-content\/uploads\/2018\/04\/1522874873_tanqueray018mar_4_4_2.jpg","og:image:width":700,"og:image:height":467,"article:published_time":"2018-04-06T02:24:36+00:00","article:modified_time":"2018-04-06T02:24:36+00:00","twitter:card":"summary_large_image","twitter:title":"Veintis\u00e9is a\u00f1os despu\u00e9s, Tanqueray y Los Del R\u00edo encuentran el color especial de Sevilla | El Digital de Asturias","twitter:description":"Urbanita y con una enorme herencia hist\u00f3rica que ha sabido fusionarse con la vanguardia del siglo XXI. As\u00ed es Sevilla. Tanqueray, seducida por el encanto y el esp\u00edritu de esta ciudad tan f\u00e1cil de sentir, se ha preguntado c\u00f3mo se la nombrar\u00eda si se tuviera que definir con un color. Tras un largo proceso de investigaci\u00f3n, ha descubierto","twitter:image":"https:\/\/eldigitaldeasturias.com\/magazine365\/wp-content\/uploads\/2018\/04\/1522874873_tanqueray018mar_4_4_2.jpg"},"aioseo_meta_data":{"post_id":"91567","title":null,"description":null,"keywords":null,"keyphrases":null,"primary_term":null,"canonical_url":null,"og_title":null,"og_description":null,"og_object_type":"default","og_image_type":"default","og_image_url":null,"og_image_width":null,"og_image_height":null,"og_image_custom_url":null,"og_image_custom_fields":null,"og_video":null,"og_custom_url":null,"og_article_section":null,"og_article_tags":null,"twitter_use_og":false,"twitter_card":"default","twitter_image_type":"default","twitter_image_url":null,"twitter_image_custom_url":null,"twitter_image_custom_fields":null,"twitter_title":null,"twitter_description":null,"schema":{"blockGraphs":[],"customGraphs":[],"default":{"data":{"Article":[],"Course":[],"Dataset":[],"FAQPage":[],"Movie":[],"Person":[],"Product":[],"ProductReview":[],"Car":[],"Recipe":[],"Service":[],"SoftwareApplication":[],"WebPage":[]},"graphName":"","isEnabled":true},"graphs":[],"defaultGraph":"","defaultPostTypeGraph":""},"schema_type":null,"schema_type_options":null,"pillar_content":false,"robots_default":true,"robots_noindex":false,"robots_noarchive":false,"robots_nosnippet":false,"robots_nofollow":false,"robots_noimageindex":false,"robots_noodp":false,"robots_notranslate":false,"robots_max_snippet":null,"robots_max_videopreview":null,"robots_max_imagepreview":"large","priority":null,"frequency":null,"location":null,"local_seo":null,"seo_analyzer_scan_date":"2025-09-28 18:41:54","breadcrumb_settings":null,"limit_modified_date":false,"open_ai":null,"ai":null,"created":"2020-12-21 14:08:31","updated":"2025-09-28 18:41:54"},"aioseo_breadcrumb":"<div class=\"aioseo-breadcrumbs\"><span class=\"aioseo-breadcrumb\">\n\t<a href=\"https:\/\/eldigitaldeasturias.com\/magazine365\" title=\"Home\">Home<\/a>\n<\/span><span class=\"aioseo-breadcrumb-separator\">\u2013<\/span><span class=\"aioseo-breadcrumb\">\n\t<a href=\"https:\/\/eldigitaldeasturias.com\/magazine365\/category\/sabores\/\" title=\"Sabores\">Sabores<\/a>\n<\/span><span class=\"aioseo-breadcrumb-separator\">\u2013<\/span><span class=\"aioseo-breadcrumb\">\n\t<a href=\"https:\/\/eldigitaldeasturias.com\/magazine365\/veintiseis-anos-despues-tanqueray-y-los-del-rio-encuentran-el-color-especial-de-sevilla\/\" title=\"Veintis\u00e9is a\u00f1os despu\u00e9s, Tanqueray y Los Del R\u00edo encuentran el color especial de Sevilla\">Veintis\u00e9is a\u00f1os despu\u00e9s, Tanqueray y Los Del R\u00edo encuentran el color especial de Sevilla<\/a>\n<\/span><\/div>","aioseo_breadcrumb_json":[{"label":"Home","link":"https:\/\/eldigitaldeasturias.com\/magazine365"},{"label":"Sabores","link":"https:\/\/eldigitaldeasturias.com\/magazine365\/category\/sabores\/"},{"label":"Veintis\u00e9is a\u00f1os despu\u00e9s, Tanqueray y Los Del R\u00edo encuentran el color especial de Sevilla","link":"https:\/\/eldigitaldeasturias.com\/magazine365\/veintiseis-anos-despues-tanqueray-y-los-del-rio-encuentran-el-color-especial-de-sevilla\/"}],"_links":{"self":[{"href":"https:\/\/eldigitaldeasturias.com\/magazine365\/wp-json\/wp\/v2\/posts\/91567","targetHints":{"allow":["GET"]}}],"collection":[{"href":"https:\/\/eldigitaldeasturias.com\/magazine365\/wp-json\/wp\/v2\/posts"}],"about":[{"href":"https:\/\/eldigitaldeasturias.com\/magazine365\/wp-json\/wp\/v2\/types\/post"}],"author":[{"embeddable":true,"href":"https:\/\/eldigitaldeasturias.com\/magazine365\/wp-json\/wp\/v2\/users\/1"}],"replies":[{"embeddable":true,"href":"https:\/\/eldigitaldeasturias.com\/magazine365\/wp-json\/wp\/v2\/comments?post=91567"}],"version-history":[{"count":0,"href":"https:\/\/eldigitaldeasturias.com\/magazine365\/wp-json\/wp\/v2\/posts\/91567\/revisions"}],"wp:featuredmedia":[{"embeddable":true,"href":"https:\/\/eldigitaldeasturias.com\/magazine365\/wp-json\/wp\/v2\/media\/91568"}],"wp:attachment":[{"href":"https:\/\/eldigitaldeasturias.com\/magazine365\/wp-json\/wp\/v2\/media?parent=91567"}],"wp:term":[{"taxonomy":"category","embeddable":true,"href":"https:\/\/eldigitaldeasturias.com\/magazine365\/wp-json\/wp\/v2\/categories?post=91567"},{"taxonomy":"post_tag","embeddable":true,"href":"https:\/\/eldigitaldeasturias.com\/magazine365\/wp-json\/wp\/v2\/tags?post=91567"}],"curies":[{"name":"wp","href":"https:\/\/api.w.org\/{rel}","templated":true}]}}