{"id":91399,"date":"2018-03-26T15:09:26","date_gmt":"2018-03-26T15:09:26","guid":{"rendered":"http:\/\/eldigitaldeasturias.com\/magazine365\/?p=91399"},"modified":"2018-03-26T15:09:26","modified_gmt":"2018-03-26T15:09:26","slug":"yosoy-presentara-un-nuevo-formato-de-bebidas-vegetales-en-alimentaria-2018","status":"publish","type":"post","link":"https:\/\/eldigitaldeasturias.com\/magazine365\/yosoy-presentara-un-nuevo-formato-de-bebidas-vegetales-en-alimentaria-2018\/","title":{"rendered":"YOSOY presentar\u00e1 un nuevo formato de bebidas vegetales en Alimentaria 2018"},"content":{"rendered":"<p><img fetchpriority=\"high\" decoding=\"async\" class=\"alignleft size-medium wp-image-91400\" src=\"https:\/\/eldigitaldeasturias.com\/magazine365\/wp-content\/uploads\/2018\/03\/1522055514_YOSOY_Nuevo_formato_1-360x240.jpg\" alt=\"\" width=\"360\" height=\"240\" srcset=\"https:\/\/eldigitaldeasturias.com\/magazine365\/wp-content\/uploads\/2018\/03\/1522055514_YOSOY_Nuevo_formato_1-360x240.jpg 360w, https:\/\/eldigitaldeasturias.com\/magazine365\/wp-content\/uploads\/2018\/03\/1522055514_YOSOY_Nuevo_formato_1-650x433.jpg 650w, https:\/\/eldigitaldeasturias.com\/magazine365\/wp-content\/uploads\/2018\/03\/1522055514_YOSOY_Nuevo_formato_1-768x512.jpg 768w, https:\/\/eldigitaldeasturias.com\/magazine365\/wp-content\/uploads\/2018\/03\/1522055514_YOSOY_Nuevo_formato_1-150x100.jpg 150w, https:\/\/eldigitaldeasturias.com\/magazine365\/wp-content\/uploads\/2018\/03\/1522055514_YOSOY_Nuevo_formato_1-450x300.jpg 450w, https:\/\/eldigitaldeasturias.com\/magazine365\/wp-content\/uploads\/2018\/03\/1522055514_YOSOY_Nuevo_formato_1.jpg 1200w\" sizes=\"(max-width: 360px) 100vw, 360px\" \/>La marca, que estar\u00e1 presente en el stand de su fabricante Liquats Vegetals (Recinto Gran V\u00eda. Pabell\u00f3n 2, Nivel 0, Calle D, Stand 413) aprovechar\u00e1 su participaci\u00f3n en el Sal\u00f3n para presentar un nuevo formato de sus bebidas vegetales m\u00e1s pr\u00e1ctico y conveniente, para poder disfrutar de las bebidas vegetales en cualquier lugar y a cualquier hora del d\u00eda.<\/p>\n<p><strong>Un stand 100% natural, degustaci\u00f3n de zumos y caf\u00e9s<\/strong><\/p>\n<p>El stand de\u00a0<strong>YOSOY<\/strong>\u00a0ser\u00e1 el principal exponente de bebidas vegetales en Alimentaria 2018 y uno de los atractivos del Sal\u00f3n, gracias a su dise\u00f1o y actividades. El espacio ha sido concebido con gran creatividad y motivos naturales para recrear el esp\u00edritu 100% ecol\u00f3gico del Parque Natural del Montseny, lugar de fabricaci\u00f3n de\u00a0<strong>YOSOY<\/strong>\u00a0y contar\u00e1 con dos barras. En la primera se podr\u00e1n realizar degustaciones de toda la gama de bebidas vegetales, as\u00ed como una amplia cata de exclusivos zumos naturales y nutritivos, ideados por la reconocida doctora y nutricionista Montse Folch. En la segunda, gracias a la colaboraci\u00f3n de la firma con Caf\u00e9s Cornell\u00e1, los visitantes podr\u00e1n degustar diferentes caf\u00e9s (<em>latte, capuccino,<\/em>\u00a0etc.) elaborados por expertos baristas mediante bebidas vegetales, impulsando as\u00ed la creciente tendencia de los bares a incorporar tambi\u00e9n este tipo de bebidas en sus cartas.<\/p>\n<p><strong>Alimentaria 2018, una cita clave para la innovaci\u00f3n del sector<\/strong><\/p>\n<p>En su 22\u00aa edici\u00f3n,\u00a0<strong>Alimentaria 2018<\/strong>\u00a0mantiene y potencia sus pilares b\u00e1sicos de crecimiento: innovaci\u00f3n, internacionalizaci\u00f3n, gastronom\u00eda y especializaci\u00f3n sectorial, junto a una atractiva renovaci\u00f3n de algunos de sus salones y contenidos. Un centro de negocios internacional de m\u00e1s de 100.000 m2 que se ha convertido en una cita clave para todos los profesionales de la industria de la alimentaci\u00f3n, bebidas y gastronom\u00eda.<\/p>\n<p><strong>Sobre\u00a0<a href=\"https:\/\/www.liquats.com\/gama\/yosoy-es\/?gclid=CjwKCAjwhcjVBRBHEiwAoDe5x5zoeBDhLYGABa49jZuc15Prl_obcQnBv8JTFHaji_kxRaJT_E-WPRoCR_kQAvD_BwE\" target=\"_blank\" rel=\"nofollow noopener\"><span style=\"color: #ff6600;\">YOSOY<\/span><\/a><\/strong><\/p>\n<p><strong>YOSOY<\/strong>\u00a0es la marca pionera y l\u00edder en bebidas vegetales en Espa\u00f1a. Sus bebidas a base de arroz, soja, avena y agua del Parque Natural del Montseny son 100% vegetales, sin aditivos, nada m\u00e1s que naturaleza en cada gota. Su gama incluye actualmente ocho sabores: soja, avena, avena calcium, arroz, arroz+avellanas, arroz+coco y, las dos \u00faltimas novedades; chocoavena y horchata de chufa. Se podr\u00e1 encontrar en los lineales del supermercado de las principales cadenas de distribuci\u00f3n.<\/p>\n","protected":false},"excerpt":{"rendered":"<p>La marca, que estar\u00e1 presente en el stand de su fabricante Liquats Vegetals (Recinto Gran V\u00eda. Pabell\u00f3n 2, Nivel 0, Calle D, Stand 413) aprovechar\u00e1 su participaci\u00f3n en el Sal\u00f3n para presentar un nuevo formato de sus bebidas vegetales m\u00e1s pr\u00e1ctico y conveniente, para poder disfrutar de las bebidas vegetales en cualquier lugar y a<\/p>\n","protected":false},"author":1,"featured_media":91400,"comment_status":"closed","ping_status":"closed","sticky":false,"template":"","format":"standard","meta":{"footnotes":""},"categories":[217],"tags":[],"class_list":{"0":"post-91399","1":"post","2":"type-post","3":"status-publish","4":"format-standard","5":"has-post-thumbnail","7":"category-sabores"},"aioseo_notices":[],"aioseo_head":"\n\t\t<!-- All in One SEO Pro 4.9.6.1 - aioseo.com -->\n\t<meta name=\"description\" content=\"La marca, que estar\u00e1 presente en el stand de su fabricante Liquats Vegetals (Recinto Gran V\u00eda. Pabell\u00f3n 2, Nivel 0, Calle D, Stand 413) aprovechar\u00e1 su participaci\u00f3n en el Sal\u00f3n para presentar un nuevo formato de sus bebidas vegetales m\u00e1s pr\u00e1ctico y conveniente, para poder disfrutar de las bebidas vegetales en cualquier lugar y a\" \/>\n\t<meta name=\"robots\" content=\"max-image-preview:large\" \/>\n\t<meta name=\"author\" content=\"admin\"\/>\n\t<meta name=\"google-site-verification\" content=\"UA-38556648-1\" \/>\n\t<meta name=\"keywords\" content=\"sabores\" \/>\n\t<link rel=\"canonical\" href=\"https:\/\/eldigitaldeasturias.com\/magazine365\/yosoy-presentara-un-nuevo-formato-de-bebidas-vegetales-en-alimentaria-2018\/\" \/>\n\t<meta name=\"generator\" content=\"All in One SEO Pro (AIOSEO) 4.9.6.1\" \/>\n\t\t<meta property=\"og:locale\" content=\"es_ES\" \/>\n\t\t<meta property=\"og:site_name\" content=\"El Digital de Asturias \u2013 Revista de ocio, turismo y estilo de vida\" \/>\n\t\t<meta property=\"og:type\" content=\"article\" \/>\n\t\t<meta property=\"og:title\" content=\"YOSOY presentar\u00e1 un nuevo formato de bebidas vegetales en Alimentaria 2018 | El Digital de Asturias\" \/>\n\t\t<meta property=\"og:description\" content=\"La marca, que estar\u00e1 presente en el stand de su fabricante Liquats Vegetals (Recinto Gran V\u00eda. Pabell\u00f3n 2, Nivel 0, Calle D, Stand 413) aprovechar\u00e1 su participaci\u00f3n en el Sal\u00f3n para presentar un nuevo formato de sus bebidas vegetales m\u00e1s pr\u00e1ctico y conveniente, para poder disfrutar de las bebidas vegetales en cualquier lugar y a\" \/>\n\t\t<meta property=\"og:url\" content=\"https:\/\/eldigitaldeasturias.com\/magazine365\/yosoy-presentara-un-nuevo-formato-de-bebidas-vegetales-en-alimentaria-2018\/\" \/>\n\t\t<meta property=\"og:image\" content=\"https:\/\/eldigitaldeasturias.com\/magazine365\/wp-content\/uploads\/2018\/03\/1522055514_YOSOY_Nuevo_formato_1.jpg\" \/>\n\t\t<meta property=\"og:image:secure_url\" content=\"https:\/\/eldigitaldeasturias.com\/magazine365\/wp-content\/uploads\/2018\/03\/1522055514_YOSOY_Nuevo_formato_1.jpg\" \/>\n\t\t<meta property=\"og:image:width\" content=\"1200\" \/>\n\t\t<meta property=\"og:image:height\" content=\"800\" \/>\n\t\t<meta property=\"article:published_time\" content=\"2018-03-26T15:09:26+00:00\" \/>\n\t\t<meta property=\"article:modified_time\" content=\"2018-03-26T15:09:26+00:00\" \/>\n\t\t<meta name=\"twitter:card\" content=\"summary_large_image\" \/>\n\t\t<meta name=\"twitter:title\" content=\"YOSOY presentar\u00e1 un nuevo formato de bebidas vegetales en Alimentaria 2018 | El Digital de Asturias\" \/>\n\t\t<meta name=\"twitter:description\" content=\"La marca, que estar\u00e1 presente en el stand de su fabricante Liquats Vegetals (Recinto Gran V\u00eda. Pabell\u00f3n 2, Nivel 0, Calle D, Stand 413) aprovechar\u00e1 su participaci\u00f3n en el Sal\u00f3n para presentar un nuevo formato de sus bebidas vegetales m\u00e1s pr\u00e1ctico y conveniente, para poder disfrutar de las bebidas vegetales en cualquier lugar y a\" \/>\n\t\t<meta name=\"twitter:image\" content=\"https:\/\/eldigitaldeasturias.com\/magazine365\/wp-content\/uploads\/2018\/03\/1522055514_YOSOY_Nuevo_formato_1.jpg\" \/>\n\t\t<script type=\"application\/ld+json\" class=\"aioseo-schema\">\n\t\t\t{\"@context\":\"https:\\\/\\\/schema.org\",\"@graph\":[{\"@type\":\"Article\",\"@id\":\"https:\\\/\\\/eldigitaldeasturias.com\\\/magazine365\\\/yosoy-presentara-un-nuevo-formato-de-bebidas-vegetales-en-alimentaria-2018\\\/#article\",\"name\":\"YOSOY presentar\\u00e1 un nuevo formato de bebidas vegetales en Alimentaria 2018 | El Digital de Asturias\",\"headline\":\"YOSOY presentar\\u00e1 un nuevo formato de bebidas vegetales en Alimentaria 2018\",\"author\":{\"@id\":\"https:\\\/\\\/eldigitaldeasturias.com\\\/magazine365\\\/author\\\/admin\\\/#author\"},\"publisher\":{\"@id\":\"https:\\\/\\\/eldigitaldeasturias.com\\\/magazine365\\\/#organization\"},\"image\":{\"@type\":\"ImageObject\",\"url\":\"https:\\\/\\\/eldigitaldeasturias.com\\\/magazine365\\\/wp-content\\\/uploads\\\/2018\\\/03\\\/1522055514_YOSOY_Nuevo_formato_1.jpg\",\"width\":1200,\"height\":800},\"datePublished\":\"2018-03-26T15:09:26+02:00\",\"dateModified\":\"2018-03-26T15:09:26+02:00\",\"inLanguage\":\"es-ES\",\"mainEntityOfPage\":{\"@id\":\"https:\\\/\\\/eldigitaldeasturias.com\\\/magazine365\\\/yosoy-presentara-un-nuevo-formato-de-bebidas-vegetales-en-alimentaria-2018\\\/#webpage\"},\"isPartOf\":{\"@id\":\"https:\\\/\\\/eldigitaldeasturias.com\\\/magazine365\\\/yosoy-presentara-un-nuevo-formato-de-bebidas-vegetales-en-alimentaria-2018\\\/#webpage\"},\"articleSection\":\"Sabores\"},{\"@type\":\"BreadcrumbList\",\"@id\":\"https:\\\/\\\/eldigitaldeasturias.com\\\/magazine365\\\/yosoy-presentara-un-nuevo-formato-de-bebidas-vegetales-en-alimentaria-2018\\\/#breadcrumblist\",\"itemListElement\":[{\"@type\":\"ListItem\",\"@id\":\"https:\\\/\\\/eldigitaldeasturias.com\\\/magazine365#listItem\",\"position\":1,\"name\":\"Home\",\"item\":\"https:\\\/\\\/eldigitaldeasturias.com\\\/magazine365\",\"nextItem\":{\"@type\":\"ListItem\",\"@id\":\"https:\\\/\\\/eldigitaldeasturias.com\\\/magazine365\\\/category\\\/sabores\\\/#listItem\",\"name\":\"Sabores\"}},{\"@type\":\"ListItem\",\"@id\":\"https:\\\/\\\/eldigitaldeasturias.com\\\/magazine365\\\/category\\\/sabores\\\/#listItem\",\"position\":2,\"name\":\"Sabores\",\"item\":\"https:\\\/\\\/eldigitaldeasturias.com\\\/magazine365\\\/category\\\/sabores\\\/\",\"nextItem\":{\"@type\":\"ListItem\",\"@id\":\"https:\\\/\\\/eldigitaldeasturias.com\\\/magazine365\\\/yosoy-presentara-un-nuevo-formato-de-bebidas-vegetales-en-alimentaria-2018\\\/#listItem\",\"name\":\"YOSOY presentar\\u00e1 un nuevo formato de bebidas vegetales en Alimentaria 2018\"},\"previousItem\":{\"@type\":\"ListItem\",\"@id\":\"https:\\\/\\\/eldigitaldeasturias.com\\\/magazine365#listItem\",\"name\":\"Home\"}},{\"@type\":\"ListItem\",\"@id\":\"https:\\\/\\\/eldigitaldeasturias.com\\\/magazine365\\\/yosoy-presentara-un-nuevo-formato-de-bebidas-vegetales-en-alimentaria-2018\\\/#listItem\",\"position\":3,\"name\":\"YOSOY presentar\\u00e1 un nuevo formato de bebidas vegetales en Alimentaria 2018\",\"previousItem\":{\"@type\":\"ListItem\",\"@id\":\"https:\\\/\\\/eldigitaldeasturias.com\\\/magazine365\\\/category\\\/sabores\\\/#listItem\",\"name\":\"Sabores\"}}]},{\"@type\":\"Organization\",\"@id\":\"https:\\\/\\\/eldigitaldeasturias.com\\\/magazine365\\\/#organization\",\"name\":\"El digital de Asturias\",\"description\":\"Revista de ocio, turismo y estilo de vida\",\"url\":\"https:\\\/\\\/eldigitaldeasturias.com\\\/magazine365\\\/\",\"logo\":{\"@type\":\"ImageObject\",\"url\":\"https:\\\/\\\/www.eldigitaldeasturias.com\\\/noticias\\\/wp-content\\\/uploads\\\/2020\\\/12\\\/EDA.jpg\",\"@id\":\"https:\\\/\\\/eldigitaldeasturias.com\\\/magazine365\\\/yosoy-presentara-un-nuevo-formato-de-bebidas-vegetales-en-alimentaria-2018\\\/#organizationLogo\"},\"image\":{\"@id\":\"https:\\\/\\\/eldigitaldeasturias.com\\\/magazine365\\\/yosoy-presentara-un-nuevo-formato-de-bebidas-vegetales-en-alimentaria-2018\\\/#organizationLogo\"}},{\"@type\":\"Person\",\"@id\":\"https:\\\/\\\/eldigitaldeasturias.com\\\/magazine365\\\/author\\\/admin\\\/#author\",\"url\":\"https:\\\/\\\/eldigitaldeasturias.com\\\/magazine365\\\/author\\\/admin\\\/\",\"name\":\"admin\",\"image\":{\"@type\":\"ImageObject\",\"@id\":\"https:\\\/\\\/eldigitaldeasturias.com\\\/magazine365\\\/yosoy-presentara-un-nuevo-formato-de-bebidas-vegetales-en-alimentaria-2018\\\/#authorImage\",\"url\":\"https:\\\/\\\/eldigitaldeasturias.com\\\/magazine365\\\/wp-content\\\/litespeed\\\/avatar\\\/e571bcf59a0edd6fa6838245a470f2fe.jpg?ver=1776969259\",\"width\":96,\"height\":96,\"caption\":\"admin\"}},{\"@type\":\"WebPage\",\"@id\":\"https:\\\/\\\/eldigitaldeasturias.com\\\/magazine365\\\/yosoy-presentara-un-nuevo-formato-de-bebidas-vegetales-en-alimentaria-2018\\\/#webpage\",\"url\":\"https:\\\/\\\/eldigitaldeasturias.com\\\/magazine365\\\/yosoy-presentara-un-nuevo-formato-de-bebidas-vegetales-en-alimentaria-2018\\\/\",\"name\":\"YOSOY presentar\\u00e1 un nuevo formato de bebidas vegetales en Alimentaria 2018 | El Digital de Asturias\",\"description\":\"La marca, que estar\\u00e1 presente en el stand de su fabricante Liquats Vegetals (Recinto Gran V\\u00eda. Pabell\\u00f3n 2, Nivel 0, Calle D, Stand 413) aprovechar\\u00e1 su participaci\\u00f3n en el Sal\\u00f3n para presentar un nuevo formato de sus bebidas vegetales m\\u00e1s pr\\u00e1ctico y conveniente, para poder disfrutar de las bebidas vegetales en cualquier lugar y a\",\"inLanguage\":\"es-ES\",\"isPartOf\":{\"@id\":\"https:\\\/\\\/eldigitaldeasturias.com\\\/magazine365\\\/#website\"},\"breadcrumb\":{\"@id\":\"https:\\\/\\\/eldigitaldeasturias.com\\\/magazine365\\\/yosoy-presentara-un-nuevo-formato-de-bebidas-vegetales-en-alimentaria-2018\\\/#breadcrumblist\"},\"author\":{\"@id\":\"https:\\\/\\\/eldigitaldeasturias.com\\\/magazine365\\\/author\\\/admin\\\/#author\"},\"creator\":{\"@id\":\"https:\\\/\\\/eldigitaldeasturias.com\\\/magazine365\\\/author\\\/admin\\\/#author\"},\"image\":{\"@type\":\"ImageObject\",\"url\":\"https:\\\/\\\/eldigitaldeasturias.com\\\/magazine365\\\/wp-content\\\/uploads\\\/2018\\\/03\\\/1522055514_YOSOY_Nuevo_formato_1.jpg\",\"@id\":\"https:\\\/\\\/eldigitaldeasturias.com\\\/magazine365\\\/yosoy-presentara-un-nuevo-formato-de-bebidas-vegetales-en-alimentaria-2018\\\/#mainImage\",\"width\":1200,\"height\":800},\"primaryImageOfPage\":{\"@id\":\"https:\\\/\\\/eldigitaldeasturias.com\\\/magazine365\\\/yosoy-presentara-un-nuevo-formato-de-bebidas-vegetales-en-alimentaria-2018\\\/#mainImage\"},\"datePublished\":\"2018-03-26T15:09:26+02:00\",\"dateModified\":\"2018-03-26T15:09:26+02:00\"},{\"@type\":\"WebSite\",\"@id\":\"https:\\\/\\\/eldigitaldeasturias.com\\\/magazine365\\\/#website\",\"url\":\"https:\\\/\\\/eldigitaldeasturias.com\\\/magazine365\\\/\",\"name\":\"El Digital de Asturias\",\"description\":\"Revista de ocio, turismo y estilo de vida\",\"inLanguage\":\"es-ES\",\"publisher\":{\"@id\":\"https:\\\/\\\/eldigitaldeasturias.com\\\/magazine365\\\/#organization\"}}]}\n\t\t<\/script>\n\t\t<!-- All in One SEO Pro -->\r\n\t\t<title>YOSOY presentar\u00e1 un nuevo formato de bebidas vegetales en Alimentaria 2018 | El Digital de Asturias<\/title>\n\n","aioseo_head_json":{"title":"YOSOY presentar\u00e1 un nuevo formato de bebidas vegetales en Alimentaria 2018 | El Digital de Asturias","description":"La marca, que estar\u00e1 presente en el stand de su fabricante Liquats Vegetals (Recinto Gran V\u00eda. Pabell\u00f3n 2, Nivel 0, Calle D, Stand 413) aprovechar\u00e1 su participaci\u00f3n en el Sal\u00f3n para presentar un nuevo formato de sus bebidas vegetales m\u00e1s pr\u00e1ctico y conveniente, para poder disfrutar de las bebidas vegetales en cualquier lugar y a","canonical_url":"https:\/\/eldigitaldeasturias.com\/magazine365\/yosoy-presentara-un-nuevo-formato-de-bebidas-vegetales-en-alimentaria-2018\/","robots":"max-image-preview:large","keywords":"sabores","webmasterTools":{"google-site-verification":"UA-38556648-1","miscellaneous":""},"schema":{"@context":"https:\/\/schema.org","@graph":[{"@type":"Article","@id":"https:\/\/eldigitaldeasturias.com\/magazine365\/yosoy-presentara-un-nuevo-formato-de-bebidas-vegetales-en-alimentaria-2018\/#article","name":"YOSOY presentar\u00e1 un nuevo formato de bebidas vegetales en Alimentaria 2018 | El Digital de Asturias","headline":"YOSOY presentar\u00e1 un nuevo formato de bebidas vegetales en Alimentaria 2018","author":{"@id":"https:\/\/eldigitaldeasturias.com\/magazine365\/author\/admin\/#author"},"publisher":{"@id":"https:\/\/eldigitaldeasturias.com\/magazine365\/#organization"},"image":{"@type":"ImageObject","url":"https:\/\/eldigitaldeasturias.com\/magazine365\/wp-content\/uploads\/2018\/03\/1522055514_YOSOY_Nuevo_formato_1.jpg","width":1200,"height":800},"datePublished":"2018-03-26T15:09:26+02:00","dateModified":"2018-03-26T15:09:26+02:00","inLanguage":"es-ES","mainEntityOfPage":{"@id":"https:\/\/eldigitaldeasturias.com\/magazine365\/yosoy-presentara-un-nuevo-formato-de-bebidas-vegetales-en-alimentaria-2018\/#webpage"},"isPartOf":{"@id":"https:\/\/eldigitaldeasturias.com\/magazine365\/yosoy-presentara-un-nuevo-formato-de-bebidas-vegetales-en-alimentaria-2018\/#webpage"},"articleSection":"Sabores"},{"@type":"BreadcrumbList","@id":"https:\/\/eldigitaldeasturias.com\/magazine365\/yosoy-presentara-un-nuevo-formato-de-bebidas-vegetales-en-alimentaria-2018\/#breadcrumblist","itemListElement":[{"@type":"ListItem","@id":"https:\/\/eldigitaldeasturias.com\/magazine365#listItem","position":1,"name":"Home","item":"https:\/\/eldigitaldeasturias.com\/magazine365","nextItem":{"@type":"ListItem","@id":"https:\/\/eldigitaldeasturias.com\/magazine365\/category\/sabores\/#listItem","name":"Sabores"}},{"@type":"ListItem","@id":"https:\/\/eldigitaldeasturias.com\/magazine365\/category\/sabores\/#listItem","position":2,"name":"Sabores","item":"https:\/\/eldigitaldeasturias.com\/magazine365\/category\/sabores\/","nextItem":{"@type":"ListItem","@id":"https:\/\/eldigitaldeasturias.com\/magazine365\/yosoy-presentara-un-nuevo-formato-de-bebidas-vegetales-en-alimentaria-2018\/#listItem","name":"YOSOY presentar\u00e1 un nuevo formato de bebidas vegetales en Alimentaria 2018"},"previousItem":{"@type":"ListItem","@id":"https:\/\/eldigitaldeasturias.com\/magazine365#listItem","name":"Home"}},{"@type":"ListItem","@id":"https:\/\/eldigitaldeasturias.com\/magazine365\/yosoy-presentara-un-nuevo-formato-de-bebidas-vegetales-en-alimentaria-2018\/#listItem","position":3,"name":"YOSOY presentar\u00e1 un nuevo formato de bebidas vegetales en Alimentaria 2018","previousItem":{"@type":"ListItem","@id":"https:\/\/eldigitaldeasturias.com\/magazine365\/category\/sabores\/#listItem","name":"Sabores"}}]},{"@type":"Organization","@id":"https:\/\/eldigitaldeasturias.com\/magazine365\/#organization","name":"El digital de Asturias","description":"Revista de ocio, turismo y estilo de vida","url":"https:\/\/eldigitaldeasturias.com\/magazine365\/","logo":{"@type":"ImageObject","url":"https:\/\/www.eldigitaldeasturias.com\/noticias\/wp-content\/uploads\/2020\/12\/EDA.jpg","@id":"https:\/\/eldigitaldeasturias.com\/magazine365\/yosoy-presentara-un-nuevo-formato-de-bebidas-vegetales-en-alimentaria-2018\/#organizationLogo"},"image":{"@id":"https:\/\/eldigitaldeasturias.com\/magazine365\/yosoy-presentara-un-nuevo-formato-de-bebidas-vegetales-en-alimentaria-2018\/#organizationLogo"}},{"@type":"Person","@id":"https:\/\/eldigitaldeasturias.com\/magazine365\/author\/admin\/#author","url":"https:\/\/eldigitaldeasturias.com\/magazine365\/author\/admin\/","name":"admin","image":{"@type":"ImageObject","@id":"https:\/\/eldigitaldeasturias.com\/magazine365\/yosoy-presentara-un-nuevo-formato-de-bebidas-vegetales-en-alimentaria-2018\/#authorImage","url":"https:\/\/eldigitaldeasturias.com\/magazine365\/wp-content\/litespeed\/avatar\/e571bcf59a0edd6fa6838245a470f2fe.jpg?ver=1776969259","width":96,"height":96,"caption":"admin"}},{"@type":"WebPage","@id":"https:\/\/eldigitaldeasturias.com\/magazine365\/yosoy-presentara-un-nuevo-formato-de-bebidas-vegetales-en-alimentaria-2018\/#webpage","url":"https:\/\/eldigitaldeasturias.com\/magazine365\/yosoy-presentara-un-nuevo-formato-de-bebidas-vegetales-en-alimentaria-2018\/","name":"YOSOY presentar\u00e1 un nuevo formato de bebidas vegetales en Alimentaria 2018 | El Digital de Asturias","description":"La marca, que estar\u00e1 presente en el stand de su fabricante Liquats Vegetals (Recinto Gran V\u00eda. Pabell\u00f3n 2, Nivel 0, Calle D, Stand 413) aprovechar\u00e1 su participaci\u00f3n en el Sal\u00f3n para presentar un nuevo formato de sus bebidas vegetales m\u00e1s pr\u00e1ctico y conveniente, para poder disfrutar de las bebidas vegetales en cualquier lugar y a","inLanguage":"es-ES","isPartOf":{"@id":"https:\/\/eldigitaldeasturias.com\/magazine365\/#website"},"breadcrumb":{"@id":"https:\/\/eldigitaldeasturias.com\/magazine365\/yosoy-presentara-un-nuevo-formato-de-bebidas-vegetales-en-alimentaria-2018\/#breadcrumblist"},"author":{"@id":"https:\/\/eldigitaldeasturias.com\/magazine365\/author\/admin\/#author"},"creator":{"@id":"https:\/\/eldigitaldeasturias.com\/magazine365\/author\/admin\/#author"},"image":{"@type":"ImageObject","url":"https:\/\/eldigitaldeasturias.com\/magazine365\/wp-content\/uploads\/2018\/03\/1522055514_YOSOY_Nuevo_formato_1.jpg","@id":"https:\/\/eldigitaldeasturias.com\/magazine365\/yosoy-presentara-un-nuevo-formato-de-bebidas-vegetales-en-alimentaria-2018\/#mainImage","width":1200,"height":800},"primaryImageOfPage":{"@id":"https:\/\/eldigitaldeasturias.com\/magazine365\/yosoy-presentara-un-nuevo-formato-de-bebidas-vegetales-en-alimentaria-2018\/#mainImage"},"datePublished":"2018-03-26T15:09:26+02:00","dateModified":"2018-03-26T15:09:26+02:00"},{"@type":"WebSite","@id":"https:\/\/eldigitaldeasturias.com\/magazine365\/#website","url":"https:\/\/eldigitaldeasturias.com\/magazine365\/","name":"El Digital de Asturias","description":"Revista de ocio, turismo y estilo de vida","inLanguage":"es-ES","publisher":{"@id":"https:\/\/eldigitaldeasturias.com\/magazine365\/#organization"}}]},"og:locale":"es_ES","og:site_name":"El Digital de Asturias \u2013 Revista de ocio, turismo y estilo de vida","og:type":"article","og:title":"YOSOY presentar\u00e1 un nuevo formato de bebidas vegetales en Alimentaria 2018 | El Digital de Asturias","og:description":"La marca, que estar\u00e1 presente en el stand de su fabricante Liquats Vegetals (Recinto Gran V\u00eda. Pabell\u00f3n 2, Nivel 0, Calle D, Stand 413) aprovechar\u00e1 su participaci\u00f3n en el Sal\u00f3n para presentar un nuevo formato de sus bebidas vegetales m\u00e1s pr\u00e1ctico y conveniente, para poder disfrutar de las bebidas vegetales en cualquier lugar y a","og:url":"https:\/\/eldigitaldeasturias.com\/magazine365\/yosoy-presentara-un-nuevo-formato-de-bebidas-vegetales-en-alimentaria-2018\/","og:image":"https:\/\/eldigitaldeasturias.com\/magazine365\/wp-content\/uploads\/2018\/03\/1522055514_YOSOY_Nuevo_formato_1.jpg","og:image:secure_url":"https:\/\/eldigitaldeasturias.com\/magazine365\/wp-content\/uploads\/2018\/03\/1522055514_YOSOY_Nuevo_formato_1.jpg","og:image:width":1200,"og:image:height":800,"article:published_time":"2018-03-26T15:09:26+00:00","article:modified_time":"2018-03-26T15:09:26+00:00","twitter:card":"summary_large_image","twitter:title":"YOSOY presentar\u00e1 un nuevo formato de bebidas vegetales en Alimentaria 2018 | El Digital de Asturias","twitter:description":"La marca, que estar\u00e1 presente en el stand de su fabricante Liquats Vegetals (Recinto Gran V\u00eda. Pabell\u00f3n 2, Nivel 0, Calle D, Stand 413) aprovechar\u00e1 su participaci\u00f3n en el Sal\u00f3n para presentar un nuevo formato de sus bebidas vegetales m\u00e1s pr\u00e1ctico y conveniente, para poder disfrutar de las bebidas vegetales en cualquier lugar y a","twitter:image":"https:\/\/eldigitaldeasturias.com\/magazine365\/wp-content\/uploads\/2018\/03\/1522055514_YOSOY_Nuevo_formato_1.jpg"},"aioseo_meta_data":{"post_id":"91399","title":null,"description":null,"keywords":null,"keyphrases":null,"primary_term":null,"canonical_url":null,"og_title":null,"og_description":null,"og_object_type":"default","og_image_type":"default","og_image_url":null,"og_image_width":null,"og_image_height":null,"og_image_custom_url":null,"og_image_custom_fields":null,"og_video":null,"og_custom_url":null,"og_article_section":null,"og_article_tags":null,"twitter_use_og":false,"twitter_card":"default","twitter_image_type":"default","twitter_image_url":null,"twitter_image_custom_url":null,"twitter_image_custom_fields":null,"twitter_title":null,"twitter_description":null,"schema":{"blockGraphs":[],"customGraphs":[],"default":{"data":{"Article":[],"Course":[],"Dataset":[],"FAQPage":[],"Movie":[],"Person":[],"Product":[],"ProductReview":[],"Car":[],"Recipe":[],"Service":[],"SoftwareApplication":[],"WebPage":[]},"graphName":"","isEnabled":true},"graphs":[],"defaultGraph":"","defaultPostTypeGraph":""},"schema_type":null,"schema_type_options":null,"pillar_content":false,"robots_default":true,"robots_noindex":false,"robots_noarchive":false,"robots_nosnippet":false,"robots_nofollow":false,"robots_noimageindex":false,"robots_noodp":false,"robots_notranslate":false,"robots_max_snippet":null,"robots_max_videopreview":null,"robots_max_imagepreview":"large","priority":null,"frequency":null,"location":null,"local_seo":null,"seo_analyzer_scan_date":"2025-09-28 18:23:55","breadcrumb_settings":null,"limit_modified_date":false,"open_ai":null,"ai":null,"created":"2020-12-21 14:09:35","updated":"2025-09-28 18:23:55"},"aioseo_breadcrumb":"<div class=\"aioseo-breadcrumbs\"><span class=\"aioseo-breadcrumb\">\n\t<a href=\"https:\/\/eldigitaldeasturias.com\/magazine365\" title=\"Home\">Home<\/a>\n<\/span><span class=\"aioseo-breadcrumb-separator\">\u2013<\/span><span class=\"aioseo-breadcrumb\">\n\t<a href=\"https:\/\/eldigitaldeasturias.com\/magazine365\/category\/sabores\/\" title=\"Sabores\">Sabores<\/a>\n<\/span><span class=\"aioseo-breadcrumb-separator\">\u2013<\/span><span class=\"aioseo-breadcrumb\">\n\t<a href=\"https:\/\/eldigitaldeasturias.com\/magazine365\/yosoy-presentara-un-nuevo-formato-de-bebidas-vegetales-en-alimentaria-2018\/\" title=\"YOSOY presentar\u00e1 un nuevo formato de bebidas vegetales en Alimentaria 2018\">YOSOY presentar\u00e1 un nuevo formato de bebidas vegetales en Alimentaria 2018<\/a>\n<\/span><\/div>","aioseo_breadcrumb_json":[{"label":"Home","link":"https:\/\/eldigitaldeasturias.com\/magazine365"},{"label":"Sabores","link":"https:\/\/eldigitaldeasturias.com\/magazine365\/category\/sabores\/"},{"label":"YOSOY presentar\u00e1 un nuevo formato de bebidas vegetales en Alimentaria 2018","link":"https:\/\/eldigitaldeasturias.com\/magazine365\/yosoy-presentara-un-nuevo-formato-de-bebidas-vegetales-en-alimentaria-2018\/"}],"_links":{"self":[{"href":"https:\/\/eldigitaldeasturias.com\/magazine365\/wp-json\/wp\/v2\/posts\/91399","targetHints":{"allow":["GET"]}}],"collection":[{"href":"https:\/\/eldigitaldeasturias.com\/magazine365\/wp-json\/wp\/v2\/posts"}],"about":[{"href":"https:\/\/eldigitaldeasturias.com\/magazine365\/wp-json\/wp\/v2\/types\/post"}],"author":[{"embeddable":true,"href":"https:\/\/eldigitaldeasturias.com\/magazine365\/wp-json\/wp\/v2\/users\/1"}],"replies":[{"embeddable":true,"href":"https:\/\/eldigitaldeasturias.com\/magazine365\/wp-json\/wp\/v2\/comments?post=91399"}],"version-history":[{"count":0,"href":"https:\/\/eldigitaldeasturias.com\/magazine365\/wp-json\/wp\/v2\/posts\/91399\/revisions"}],"wp:featuredmedia":[{"embeddable":true,"href":"https:\/\/eldigitaldeasturias.com\/magazine365\/wp-json\/wp\/v2\/media\/91400"}],"wp:attachment":[{"href":"https:\/\/eldigitaldeasturias.com\/magazine365\/wp-json\/wp\/v2\/media?parent=91399"}],"wp:term":[{"taxonomy":"category","embeddable":true,"href":"https:\/\/eldigitaldeasturias.com\/magazine365\/wp-json\/wp\/v2\/categories?post=91399"},{"taxonomy":"post_tag","embeddable":true,"href":"https:\/\/eldigitaldeasturias.com\/magazine365\/wp-json\/wp\/v2\/tags?post=91399"}],"curies":[{"name":"wp","href":"https:\/\/api.w.org\/{rel}","templated":true}]}}