{"id":91351,"date":"2018-03-23T15:21:01","date_gmt":"2018-03-23T15:21:01","guid":{"rendered":"http:\/\/eldigitaldeasturias.com\/magazine365\/?p=91351"},"modified":"2018-03-23T15:21:01","modified_gmt":"2018-03-23T15:21:01","slug":"mesa-de-temporada-catering-a-medida-de-las-necesidades-de-cada-empresa","status":"publish","type":"post","link":"https:\/\/eldigitaldeasturias.com\/magazine365\/mesa-de-temporada-catering-a-medida-de-las-necesidades-de-cada-empresa\/","title":{"rendered":"Mesa de Temporada, catering a medida de las necesidades de cada empresa"},"content":{"rendered":"<p><img fetchpriority=\"high\" decoding=\"async\" class=\"alignleft size-medium wp-image-91352\" src=\"https:\/\/eldigitaldeasturias.com\/magazine365\/wp-content\/uploads\/2018\/03\/1521450562_gambas-360x240.jpg\" alt=\"\" width=\"360\" height=\"240\" srcset=\"https:\/\/eldigitaldeasturias.com\/magazine365\/wp-content\/uploads\/2018\/03\/1521450562_gambas-360x240.jpg 360w, https:\/\/eldigitaldeasturias.com\/magazine365\/wp-content\/uploads\/2018\/03\/1521450562_gambas-150x100.jpg 150w, https:\/\/eldigitaldeasturias.com\/magazine365\/wp-content\/uploads\/2018\/03\/1521450562_gambas-450x300.jpg 450w, https:\/\/eldigitaldeasturias.com\/magazine365\/wp-content\/uploads\/2018\/03\/1521450562_gambas.jpg 640w\" sizes=\"(max-width: 360px) 100vw, 360px\" \/>Los catering de empresa est\u00e1n ganando m\u00e1s importancia que nunca. La contrataci\u00f3n de este tipo de servicios est\u00e1 en pleno auge, aunque para acertar en su selecci\u00f3n se debe\u00a0tener en cuenta una serie de cuestiones que facilitar\u00e1n la\u00a0decisi\u00f3n. La clave de un buen evento pasa en gran medida por el acierto que supone la elecci\u00f3n de un catering que se ajuste a las caracter\u00edsticas de este.<\/p>\n<p>En\u00a0Mesa de Temporada\u00a0se ofrece una gran variedad de alternativas dependiendo del tipo de evento que se quiera realizar. Por lo que si una empresa piensa en hacer un evento matinal puede elegir dos opciones que se pueden ajustar perfectamente a esas ocasiones.<\/p>\n<p>Por un lado,\u00a0Mesa de Temporada\u00a0ofrece desayunos y\u00a0<em>coffee breaks<\/em>\u00a0en los que se puede disfrutar de diferentes variantes, como desayunos continentales o buffets de desayuno, y escoger aquel que mejor se adapte al tipo de evento.<\/p>\n<p>Para un horario un poco m\u00e1s tard\u00edo, pero tambi\u00e9n dentro de la franja de ma\u00f1ana, existe un brunch para empresas, con unas combinaciones de dulce-salado y fr\u00edo-caliente, que resulta perfecta para esas reuniones que se alargan m\u00e1s de la cuenta o eventos con clientes internacionales.<\/p>\n<p>Mesa de Temporada\u00a0tambi\u00e9n dispone de opciones muy interesantes destinadas a reuniones que funcionan perfectamente, tanto como para la hora de comer, como para reuniones que se alargan hasta la tarde.<\/p>\n<p>Para este tipo de ocasiones los especialistas en catering de empresas disponen de tres servicios muy apetitosos. En primer lugar ofrecen bandejas para reuniones de trabajo que permiten mantener una reuni\u00f3n pr\u00e1cticamente sin interrupciones ni distracciones. En segundo lugar, ensaladas y cremas, fr\u00edas o calientes, que pueden ser ideales para acompa\u00f1ar el servicio de bandejas.<\/p>\n<p>Hoy por hoy, tambi\u00e9n hay empresas que requieren de algo distinto, por lo que men\u00fas individuales saludables, perfectos para reuniones con clientes o con el propio equipo, que adem\u00e1s incluye 4 opciones a elegir.<\/p>\n<p>En caso de que la empresa tenga intenci\u00f3n de detener la jornada laboral para tomarse un respiro los\u00a0<em>business lunch<\/em>\u00a0o buffets de empresa son perfectos. Dentro de esta opci\u00f3n se presenta un combinado de comida \u2018\u2019<em>finger food<\/em>\u2019\u2019 o comida de picoteo que puede estar acompa\u00f1ado de una buena ensalada o de cremas fr\u00edas o calientes. Adem\u00e1s, esta modalidad permite escoger tres tipos de men\u00fa:\u00a0<em>business lunch, special lunch<\/em>\u00a0y buffet de empresa.<\/p>\n<p>Por otro lado, si la ocasi\u00f3n requiere una mayor formalidad, es recomendable elegir las comidas o almuerzos de direcci\u00f3n. Esta alternativa est\u00e1 especialmente preparada para la recepci\u00f3n de un cliente o reuni\u00f3n que requiera una mayor intimidad, siendo atendida por camareros profesionales y adaptables al tipo de celebraci\u00f3n que sea requerida.<\/p>\n<p>En \u00faltimo lugar,\u00a0Mesa de Temporada\u00a0tambi\u00e9n ofrece caterings encaminados a eventos sencillos y m\u00e1s informales. Dos de sus servicios son ideales para estas ocasiones: en primer lugar se pueden escoger vinos espa\u00f1oles que funcionan a la perfecci\u00f3n para eventos como entregas de premios o la presentaci\u00f3n de un libro.<\/p>\n<p>Si el evento se trata de un acontecimiento m\u00e1s importante, la alternativa de un cocktail de empresa es ideal, adem\u00e1s de ser atendido por camareros profesionales, mezcla platos calientes y fr\u00edos adaptables a las necesidades del cliente.<\/p>\n<p>Sin duda\u00a0<span style=\"color: #ff6600;\"><strong><a style=\"color: #ff6600;\" href=\"https:\/\/www.mesadetemporada.com\/\" target=\"_blank\" rel=\"nofollow noopener\">Mesa de Temporada<\/a>\u00a0<\/strong><\/span>ofrece un amplio cat\u00e1logo de servicios en los que se puede encontrar la soluci\u00f3n al catering de empresa que se necesita.<\/p>\n","protected":false},"excerpt":{"rendered":"<p>Los catering de empresa est\u00e1n ganando m\u00e1s importancia que nunca. La contrataci\u00f3n de este tipo de servicios est\u00e1 en pleno auge, aunque para acertar en su selecci\u00f3n se debe\u00a0tener en cuenta una serie de cuestiones que facilitar\u00e1n la\u00a0decisi\u00f3n. La clave de un buen evento pasa en gran medida por el acierto que supone la elecci\u00f3n<\/p>\n","protected":false},"author":1,"featured_media":91352,"comment_status":"closed","ping_status":"closed","sticky":false,"template":"","format":"standard","meta":{"footnotes":""},"categories":[217],"tags":[],"class_list":{"0":"post-91351","1":"post","2":"type-post","3":"status-publish","4":"format-standard","5":"has-post-thumbnail","7":"category-sabores"},"aioseo_notices":[],"aioseo_head":"\n\t\t<!-- All in One SEO Pro 4.9.6.1 - aioseo.com -->\n\t<meta name=\"description\" content=\"Los catering de empresa est\u00e1n ganando m\u00e1s importancia que nunca. La contrataci\u00f3n de este tipo de servicios est\u00e1 en pleno auge, aunque para acertar en su selecci\u00f3n se debe tener en cuenta una serie de cuestiones que facilitar\u00e1n la decisi\u00f3n. La clave de un buen evento pasa en gran medida por el acierto que supone la elecci\u00f3n\" \/>\n\t<meta name=\"robots\" content=\"max-image-preview:large\" \/>\n\t<meta name=\"author\" content=\"admin\"\/>\n\t<meta name=\"google-site-verification\" content=\"UA-38556648-1\" \/>\n\t<meta name=\"keywords\" content=\"sabores\" \/>\n\t<link rel=\"canonical\" href=\"https:\/\/eldigitaldeasturias.com\/magazine365\/mesa-de-temporada-catering-a-medida-de-las-necesidades-de-cada-empresa\/\" \/>\n\t<meta name=\"generator\" content=\"All in One SEO Pro (AIOSEO) 4.9.6.1\" \/>\n\t\t<meta property=\"og:locale\" content=\"es_ES\" \/>\n\t\t<meta property=\"og:site_name\" content=\"El Digital de Asturias \u2013 Revista de ocio, turismo y estilo de vida\" \/>\n\t\t<meta property=\"og:type\" content=\"article\" \/>\n\t\t<meta property=\"og:title\" content=\"Mesa de Temporada, catering a medida de las necesidades de cada empresa | El Digital de Asturias\" \/>\n\t\t<meta property=\"og:description\" content=\"Los catering de empresa est\u00e1n ganando m\u00e1s importancia que nunca. La contrataci\u00f3n de este tipo de servicios est\u00e1 en pleno auge, aunque para acertar en su selecci\u00f3n se debe tener en cuenta una serie de cuestiones que facilitar\u00e1n la decisi\u00f3n. La clave de un buen evento pasa en gran medida por el acierto que supone la elecci\u00f3n\" \/>\n\t\t<meta property=\"og:url\" content=\"https:\/\/eldigitaldeasturias.com\/magazine365\/mesa-de-temporada-catering-a-medida-de-las-necesidades-de-cada-empresa\/\" \/>\n\t\t<meta property=\"og:image\" content=\"https:\/\/eldigitaldeasturias.com\/magazine365\/wp-content\/uploads\/2018\/03\/1521450562_gambas.jpg\" \/>\n\t\t<meta property=\"og:image:secure_url\" content=\"https:\/\/eldigitaldeasturias.com\/magazine365\/wp-content\/uploads\/2018\/03\/1521450562_gambas.jpg\" \/>\n\t\t<meta property=\"og:image:width\" content=\"640\" \/>\n\t\t<meta property=\"og:image:height\" content=\"427\" \/>\n\t\t<meta property=\"article:published_time\" content=\"2018-03-23T15:21:01+00:00\" \/>\n\t\t<meta property=\"article:modified_time\" content=\"2018-03-23T15:21:01+00:00\" \/>\n\t\t<meta name=\"twitter:card\" content=\"summary_large_image\" \/>\n\t\t<meta name=\"twitter:title\" content=\"Mesa de Temporada, catering a medida de las necesidades de cada empresa | El Digital de Asturias\" \/>\n\t\t<meta name=\"twitter:description\" content=\"Los catering de empresa est\u00e1n ganando m\u00e1s importancia que nunca. La contrataci\u00f3n de este tipo de servicios est\u00e1 en pleno auge, aunque para acertar en su selecci\u00f3n se debe tener en cuenta una serie de cuestiones que facilitar\u00e1n la decisi\u00f3n. La clave de un buen evento pasa en gran medida por el acierto que supone la elecci\u00f3n\" \/>\n\t\t<meta name=\"twitter:image\" content=\"https:\/\/eldigitaldeasturias.com\/magazine365\/wp-content\/uploads\/2018\/03\/1521450562_gambas.jpg\" \/>\n\t\t<script type=\"application\/ld+json\" class=\"aioseo-schema\">\n\t\t\t{\"@context\":\"https:\\\/\\\/schema.org\",\"@graph\":[{\"@type\":\"Article\",\"@id\":\"https:\\\/\\\/eldigitaldeasturias.com\\\/magazine365\\\/mesa-de-temporada-catering-a-medida-de-las-necesidades-de-cada-empresa\\\/#article\",\"name\":\"Mesa de Temporada, catering a medida de las necesidades de cada empresa | El Digital de Asturias\",\"headline\":\"Mesa de Temporada, catering a medida de las necesidades de cada empresa\",\"author\":{\"@id\":\"https:\\\/\\\/eldigitaldeasturias.com\\\/magazine365\\\/author\\\/admin\\\/#author\"},\"publisher\":{\"@id\":\"https:\\\/\\\/eldigitaldeasturias.com\\\/magazine365\\\/#organization\"},\"image\":{\"@type\":\"ImageObject\",\"url\":\"https:\\\/\\\/eldigitaldeasturias.com\\\/magazine365\\\/wp-content\\\/uploads\\\/2018\\\/03\\\/1521450562_gambas.jpg\",\"width\":640,\"height\":427},\"datePublished\":\"2018-03-23T15:21:01+01:00\",\"dateModified\":\"2018-03-23T15:21:01+01:00\",\"inLanguage\":\"es-ES\",\"mainEntityOfPage\":{\"@id\":\"https:\\\/\\\/eldigitaldeasturias.com\\\/magazine365\\\/mesa-de-temporada-catering-a-medida-de-las-necesidades-de-cada-empresa\\\/#webpage\"},\"isPartOf\":{\"@id\":\"https:\\\/\\\/eldigitaldeasturias.com\\\/magazine365\\\/mesa-de-temporada-catering-a-medida-de-las-necesidades-de-cada-empresa\\\/#webpage\"},\"articleSection\":\"Sabores\"},{\"@type\":\"BreadcrumbList\",\"@id\":\"https:\\\/\\\/eldigitaldeasturias.com\\\/magazine365\\\/mesa-de-temporada-catering-a-medida-de-las-necesidades-de-cada-empresa\\\/#breadcrumblist\",\"itemListElement\":[{\"@type\":\"ListItem\",\"@id\":\"https:\\\/\\\/eldigitaldeasturias.com\\\/magazine365#listItem\",\"position\":1,\"name\":\"Home\",\"item\":\"https:\\\/\\\/eldigitaldeasturias.com\\\/magazine365\",\"nextItem\":{\"@type\":\"ListItem\",\"@id\":\"https:\\\/\\\/eldigitaldeasturias.com\\\/magazine365\\\/category\\\/sabores\\\/#listItem\",\"name\":\"Sabores\"}},{\"@type\":\"ListItem\",\"@id\":\"https:\\\/\\\/eldigitaldeasturias.com\\\/magazine365\\\/category\\\/sabores\\\/#listItem\",\"position\":2,\"name\":\"Sabores\",\"item\":\"https:\\\/\\\/eldigitaldeasturias.com\\\/magazine365\\\/category\\\/sabores\\\/\",\"nextItem\":{\"@type\":\"ListItem\",\"@id\":\"https:\\\/\\\/eldigitaldeasturias.com\\\/magazine365\\\/mesa-de-temporada-catering-a-medida-de-las-necesidades-de-cada-empresa\\\/#listItem\",\"name\":\"Mesa de Temporada, catering a medida de las necesidades de cada empresa\"},\"previousItem\":{\"@type\":\"ListItem\",\"@id\":\"https:\\\/\\\/eldigitaldeasturias.com\\\/magazine365#listItem\",\"name\":\"Home\"}},{\"@type\":\"ListItem\",\"@id\":\"https:\\\/\\\/eldigitaldeasturias.com\\\/magazine365\\\/mesa-de-temporada-catering-a-medida-de-las-necesidades-de-cada-empresa\\\/#listItem\",\"position\":3,\"name\":\"Mesa de Temporada, catering a medida de las necesidades de cada empresa\",\"previousItem\":{\"@type\":\"ListItem\",\"@id\":\"https:\\\/\\\/eldigitaldeasturias.com\\\/magazine365\\\/category\\\/sabores\\\/#listItem\",\"name\":\"Sabores\"}}]},{\"@type\":\"Organization\",\"@id\":\"https:\\\/\\\/eldigitaldeasturias.com\\\/magazine365\\\/#organization\",\"name\":\"El digital de Asturias\",\"description\":\"Revista de ocio, turismo y estilo de vida\",\"url\":\"https:\\\/\\\/eldigitaldeasturias.com\\\/magazine365\\\/\",\"logo\":{\"@type\":\"ImageObject\",\"url\":\"https:\\\/\\\/www.eldigitaldeasturias.com\\\/noticias\\\/wp-content\\\/uploads\\\/2020\\\/12\\\/EDA.jpg\",\"@id\":\"https:\\\/\\\/eldigitaldeasturias.com\\\/magazine365\\\/mesa-de-temporada-catering-a-medida-de-las-necesidades-de-cada-empresa\\\/#organizationLogo\"},\"image\":{\"@id\":\"https:\\\/\\\/eldigitaldeasturias.com\\\/magazine365\\\/mesa-de-temporada-catering-a-medida-de-las-necesidades-de-cada-empresa\\\/#organizationLogo\"}},{\"@type\":\"Person\",\"@id\":\"https:\\\/\\\/eldigitaldeasturias.com\\\/magazine365\\\/author\\\/admin\\\/#author\",\"url\":\"https:\\\/\\\/eldigitaldeasturias.com\\\/magazine365\\\/author\\\/admin\\\/\",\"name\":\"admin\",\"image\":{\"@type\":\"ImageObject\",\"@id\":\"https:\\\/\\\/eldigitaldeasturias.com\\\/magazine365\\\/mesa-de-temporada-catering-a-medida-de-las-necesidades-de-cada-empresa\\\/#authorImage\",\"url\":\"https:\\\/\\\/eldigitaldeasturias.com\\\/magazine365\\\/wp-content\\\/litespeed\\\/avatar\\\/e571bcf59a0edd6fa6838245a470f2fe.jpg?ver=1776969259\",\"width\":96,\"height\":96,\"caption\":\"admin\"}},{\"@type\":\"WebPage\",\"@id\":\"https:\\\/\\\/eldigitaldeasturias.com\\\/magazine365\\\/mesa-de-temporada-catering-a-medida-de-las-necesidades-de-cada-empresa\\\/#webpage\",\"url\":\"https:\\\/\\\/eldigitaldeasturias.com\\\/magazine365\\\/mesa-de-temporada-catering-a-medida-de-las-necesidades-de-cada-empresa\\\/\",\"name\":\"Mesa de Temporada, catering a medida de las necesidades de cada empresa | El Digital de Asturias\",\"description\":\"Los catering de empresa est\\u00e1n ganando m\\u00e1s importancia que nunca. La contrataci\\u00f3n de este tipo de servicios est\\u00e1 en pleno auge, aunque para acertar en su selecci\\u00f3n se debe tener en cuenta una serie de cuestiones que facilitar\\u00e1n la decisi\\u00f3n. La clave de un buen evento pasa en gran medida por el acierto que supone la elecci\\u00f3n\",\"inLanguage\":\"es-ES\",\"isPartOf\":{\"@id\":\"https:\\\/\\\/eldigitaldeasturias.com\\\/magazine365\\\/#website\"},\"breadcrumb\":{\"@id\":\"https:\\\/\\\/eldigitaldeasturias.com\\\/magazine365\\\/mesa-de-temporada-catering-a-medida-de-las-necesidades-de-cada-empresa\\\/#breadcrumblist\"},\"author\":{\"@id\":\"https:\\\/\\\/eldigitaldeasturias.com\\\/magazine365\\\/author\\\/admin\\\/#author\"},\"creator\":{\"@id\":\"https:\\\/\\\/eldigitaldeasturias.com\\\/magazine365\\\/author\\\/admin\\\/#author\"},\"image\":{\"@type\":\"ImageObject\",\"url\":\"https:\\\/\\\/eldigitaldeasturias.com\\\/magazine365\\\/wp-content\\\/uploads\\\/2018\\\/03\\\/1521450562_gambas.jpg\",\"@id\":\"https:\\\/\\\/eldigitaldeasturias.com\\\/magazine365\\\/mesa-de-temporada-catering-a-medida-de-las-necesidades-de-cada-empresa\\\/#mainImage\",\"width\":640,\"height\":427},\"primaryImageOfPage\":{\"@id\":\"https:\\\/\\\/eldigitaldeasturias.com\\\/magazine365\\\/mesa-de-temporada-catering-a-medida-de-las-necesidades-de-cada-empresa\\\/#mainImage\"},\"datePublished\":\"2018-03-23T15:21:01+01:00\",\"dateModified\":\"2018-03-23T15:21:01+01:00\"},{\"@type\":\"WebSite\",\"@id\":\"https:\\\/\\\/eldigitaldeasturias.com\\\/magazine365\\\/#website\",\"url\":\"https:\\\/\\\/eldigitaldeasturias.com\\\/magazine365\\\/\",\"name\":\"El Digital de Asturias\",\"description\":\"Revista de ocio, turismo y estilo de vida\",\"inLanguage\":\"es-ES\",\"publisher\":{\"@id\":\"https:\\\/\\\/eldigitaldeasturias.com\\\/magazine365\\\/#organization\"}}]}\n\t\t<\/script>\n\t\t<!-- All in One SEO Pro -->\r\n\t\t<title>Mesa de Temporada, catering a medida de las necesidades de cada empresa | El Digital de Asturias<\/title>\n\n","aioseo_head_json":{"title":"Mesa de Temporada, catering a medida de las necesidades de cada empresa | El Digital de Asturias","description":"Los catering de empresa est\u00e1n ganando m\u00e1s importancia que nunca. La contrataci\u00f3n de este tipo de servicios est\u00e1 en pleno auge, aunque para acertar en su selecci\u00f3n se debe tener en cuenta una serie de cuestiones que facilitar\u00e1n la decisi\u00f3n. La clave de un buen evento pasa en gran medida por el acierto que supone la elecci\u00f3n","canonical_url":"https:\/\/eldigitaldeasturias.com\/magazine365\/mesa-de-temporada-catering-a-medida-de-las-necesidades-de-cada-empresa\/","robots":"max-image-preview:large","keywords":"sabores","webmasterTools":{"google-site-verification":"UA-38556648-1","miscellaneous":""},"schema":{"@context":"https:\/\/schema.org","@graph":[{"@type":"Article","@id":"https:\/\/eldigitaldeasturias.com\/magazine365\/mesa-de-temporada-catering-a-medida-de-las-necesidades-de-cada-empresa\/#article","name":"Mesa de Temporada, catering a medida de las necesidades de cada empresa | El Digital de Asturias","headline":"Mesa de Temporada, catering a medida de las necesidades de cada empresa","author":{"@id":"https:\/\/eldigitaldeasturias.com\/magazine365\/author\/admin\/#author"},"publisher":{"@id":"https:\/\/eldigitaldeasturias.com\/magazine365\/#organization"},"image":{"@type":"ImageObject","url":"https:\/\/eldigitaldeasturias.com\/magazine365\/wp-content\/uploads\/2018\/03\/1521450562_gambas.jpg","width":640,"height":427},"datePublished":"2018-03-23T15:21:01+01:00","dateModified":"2018-03-23T15:21:01+01:00","inLanguage":"es-ES","mainEntityOfPage":{"@id":"https:\/\/eldigitaldeasturias.com\/magazine365\/mesa-de-temporada-catering-a-medida-de-las-necesidades-de-cada-empresa\/#webpage"},"isPartOf":{"@id":"https:\/\/eldigitaldeasturias.com\/magazine365\/mesa-de-temporada-catering-a-medida-de-las-necesidades-de-cada-empresa\/#webpage"},"articleSection":"Sabores"},{"@type":"BreadcrumbList","@id":"https:\/\/eldigitaldeasturias.com\/magazine365\/mesa-de-temporada-catering-a-medida-de-las-necesidades-de-cada-empresa\/#breadcrumblist","itemListElement":[{"@type":"ListItem","@id":"https:\/\/eldigitaldeasturias.com\/magazine365#listItem","position":1,"name":"Home","item":"https:\/\/eldigitaldeasturias.com\/magazine365","nextItem":{"@type":"ListItem","@id":"https:\/\/eldigitaldeasturias.com\/magazine365\/category\/sabores\/#listItem","name":"Sabores"}},{"@type":"ListItem","@id":"https:\/\/eldigitaldeasturias.com\/magazine365\/category\/sabores\/#listItem","position":2,"name":"Sabores","item":"https:\/\/eldigitaldeasturias.com\/magazine365\/category\/sabores\/","nextItem":{"@type":"ListItem","@id":"https:\/\/eldigitaldeasturias.com\/magazine365\/mesa-de-temporada-catering-a-medida-de-las-necesidades-de-cada-empresa\/#listItem","name":"Mesa de Temporada, catering a medida de las necesidades de cada empresa"},"previousItem":{"@type":"ListItem","@id":"https:\/\/eldigitaldeasturias.com\/magazine365#listItem","name":"Home"}},{"@type":"ListItem","@id":"https:\/\/eldigitaldeasturias.com\/magazine365\/mesa-de-temporada-catering-a-medida-de-las-necesidades-de-cada-empresa\/#listItem","position":3,"name":"Mesa de Temporada, catering a medida de las necesidades de cada empresa","previousItem":{"@type":"ListItem","@id":"https:\/\/eldigitaldeasturias.com\/magazine365\/category\/sabores\/#listItem","name":"Sabores"}}]},{"@type":"Organization","@id":"https:\/\/eldigitaldeasturias.com\/magazine365\/#organization","name":"El digital de Asturias","description":"Revista de ocio, turismo y estilo de vida","url":"https:\/\/eldigitaldeasturias.com\/magazine365\/","logo":{"@type":"ImageObject","url":"https:\/\/www.eldigitaldeasturias.com\/noticias\/wp-content\/uploads\/2020\/12\/EDA.jpg","@id":"https:\/\/eldigitaldeasturias.com\/magazine365\/mesa-de-temporada-catering-a-medida-de-las-necesidades-de-cada-empresa\/#organizationLogo"},"image":{"@id":"https:\/\/eldigitaldeasturias.com\/magazine365\/mesa-de-temporada-catering-a-medida-de-las-necesidades-de-cada-empresa\/#organizationLogo"}},{"@type":"Person","@id":"https:\/\/eldigitaldeasturias.com\/magazine365\/author\/admin\/#author","url":"https:\/\/eldigitaldeasturias.com\/magazine365\/author\/admin\/","name":"admin","image":{"@type":"ImageObject","@id":"https:\/\/eldigitaldeasturias.com\/magazine365\/mesa-de-temporada-catering-a-medida-de-las-necesidades-de-cada-empresa\/#authorImage","url":"https:\/\/eldigitaldeasturias.com\/magazine365\/wp-content\/litespeed\/avatar\/e571bcf59a0edd6fa6838245a470f2fe.jpg?ver=1776969259","width":96,"height":96,"caption":"admin"}},{"@type":"WebPage","@id":"https:\/\/eldigitaldeasturias.com\/magazine365\/mesa-de-temporada-catering-a-medida-de-las-necesidades-de-cada-empresa\/#webpage","url":"https:\/\/eldigitaldeasturias.com\/magazine365\/mesa-de-temporada-catering-a-medida-de-las-necesidades-de-cada-empresa\/","name":"Mesa de Temporada, catering a medida de las necesidades de cada empresa | El Digital de Asturias","description":"Los catering de empresa est\u00e1n ganando m\u00e1s importancia que nunca. La contrataci\u00f3n de este tipo de servicios est\u00e1 en pleno auge, aunque para acertar en su selecci\u00f3n se debe tener en cuenta una serie de cuestiones que facilitar\u00e1n la decisi\u00f3n. La clave de un buen evento pasa en gran medida por el acierto que supone la elecci\u00f3n","inLanguage":"es-ES","isPartOf":{"@id":"https:\/\/eldigitaldeasturias.com\/magazine365\/#website"},"breadcrumb":{"@id":"https:\/\/eldigitaldeasturias.com\/magazine365\/mesa-de-temporada-catering-a-medida-de-las-necesidades-de-cada-empresa\/#breadcrumblist"},"author":{"@id":"https:\/\/eldigitaldeasturias.com\/magazine365\/author\/admin\/#author"},"creator":{"@id":"https:\/\/eldigitaldeasturias.com\/magazine365\/author\/admin\/#author"},"image":{"@type":"ImageObject","url":"https:\/\/eldigitaldeasturias.com\/magazine365\/wp-content\/uploads\/2018\/03\/1521450562_gambas.jpg","@id":"https:\/\/eldigitaldeasturias.com\/magazine365\/mesa-de-temporada-catering-a-medida-de-las-necesidades-de-cada-empresa\/#mainImage","width":640,"height":427},"primaryImageOfPage":{"@id":"https:\/\/eldigitaldeasturias.com\/magazine365\/mesa-de-temporada-catering-a-medida-de-las-necesidades-de-cada-empresa\/#mainImage"},"datePublished":"2018-03-23T15:21:01+01:00","dateModified":"2018-03-23T15:21:01+01:00"},{"@type":"WebSite","@id":"https:\/\/eldigitaldeasturias.com\/magazine365\/#website","url":"https:\/\/eldigitaldeasturias.com\/magazine365\/","name":"El Digital de Asturias","description":"Revista de ocio, turismo y estilo de vida","inLanguage":"es-ES","publisher":{"@id":"https:\/\/eldigitaldeasturias.com\/magazine365\/#organization"}}]},"og:locale":"es_ES","og:site_name":"El Digital de Asturias \u2013 Revista de ocio, turismo y estilo de vida","og:type":"article","og:title":"Mesa de Temporada, catering a medida de las necesidades de cada empresa | El Digital de Asturias","og:description":"Los catering de empresa est\u00e1n ganando m\u00e1s importancia que nunca. La contrataci\u00f3n de este tipo de servicios est\u00e1 en pleno auge, aunque para acertar en su selecci\u00f3n se debe tener en cuenta una serie de cuestiones que facilitar\u00e1n la decisi\u00f3n. La clave de un buen evento pasa en gran medida por el acierto que supone la elecci\u00f3n","og:url":"https:\/\/eldigitaldeasturias.com\/magazine365\/mesa-de-temporada-catering-a-medida-de-las-necesidades-de-cada-empresa\/","og:image":"https:\/\/eldigitaldeasturias.com\/magazine365\/wp-content\/uploads\/2018\/03\/1521450562_gambas.jpg","og:image:secure_url":"https:\/\/eldigitaldeasturias.com\/magazine365\/wp-content\/uploads\/2018\/03\/1521450562_gambas.jpg","og:image:width":640,"og:image:height":427,"article:published_time":"2018-03-23T15:21:01+00:00","article:modified_time":"2018-03-23T15:21:01+00:00","twitter:card":"summary_large_image","twitter:title":"Mesa de Temporada, catering a medida de las necesidades de cada empresa | El Digital de Asturias","twitter:description":"Los catering de empresa est\u00e1n ganando m\u00e1s importancia que nunca. La contrataci\u00f3n de este tipo de servicios est\u00e1 en pleno auge, aunque para acertar en su selecci\u00f3n se debe tener en cuenta una serie de cuestiones que facilitar\u00e1n la decisi\u00f3n. La clave de un buen evento pasa en gran medida por el acierto que supone la elecci\u00f3n","twitter:image":"https:\/\/eldigitaldeasturias.com\/magazine365\/wp-content\/uploads\/2018\/03\/1521450562_gambas.jpg"},"aioseo_meta_data":{"post_id":"91351","title":null,"description":null,"keywords":null,"keyphrases":null,"primary_term":null,"canonical_url":null,"og_title":null,"og_description":null,"og_object_type":"default","og_image_type":"default","og_image_url":null,"og_image_width":null,"og_image_height":null,"og_image_custom_url":null,"og_image_custom_fields":null,"og_video":null,"og_custom_url":null,"og_article_section":null,"og_article_tags":null,"twitter_use_og":false,"twitter_card":"default","twitter_image_type":"default","twitter_image_url":null,"twitter_image_custom_url":null,"twitter_image_custom_fields":null,"twitter_title":null,"twitter_description":null,"schema":{"blockGraphs":[],"customGraphs":[],"default":{"data":{"Article":[],"Course":[],"Dataset":[],"FAQPage":[],"Movie":[],"Person":[],"Product":[],"ProductReview":[],"Car":[],"Recipe":[],"Service":[],"SoftwareApplication":[],"WebPage":[]},"graphName":"","isEnabled":true},"graphs":[],"defaultGraph":"","defaultPostTypeGraph":""},"schema_type":null,"schema_type_options":null,"pillar_content":false,"robots_default":true,"robots_noindex":false,"robots_noarchive":false,"robots_nosnippet":false,"robots_nofollow":false,"robots_noimageindex":false,"robots_noodp":false,"robots_notranslate":false,"robots_max_snippet":null,"robots_max_videopreview":null,"robots_max_imagepreview":"large","priority":null,"frequency":null,"location":null,"local_seo":null,"seo_analyzer_scan_date":"2025-09-28 18:18:00","breadcrumb_settings":null,"limit_modified_date":false,"open_ai":null,"ai":null,"created":"2020-12-21 14:09:35","updated":"2025-09-28 18:18:00"},"aioseo_breadcrumb":"<div class=\"aioseo-breadcrumbs\"><span class=\"aioseo-breadcrumb\">\n\t<a href=\"https:\/\/eldigitaldeasturias.com\/magazine365\" title=\"Home\">Home<\/a>\n<\/span><span class=\"aioseo-breadcrumb-separator\">\u2013<\/span><span class=\"aioseo-breadcrumb\">\n\t<a href=\"https:\/\/eldigitaldeasturias.com\/magazine365\/category\/sabores\/\" title=\"Sabores\">Sabores<\/a>\n<\/span><span class=\"aioseo-breadcrumb-separator\">\u2013<\/span><span class=\"aioseo-breadcrumb\">\n\t<a href=\"https:\/\/eldigitaldeasturias.com\/magazine365\/mesa-de-temporada-catering-a-medida-de-las-necesidades-de-cada-empresa\/\" title=\"Mesa de Temporada, catering a medida de las necesidades de cada empresa\">Mesa de Temporada, catering a medida de las necesidades de cada empresa<\/a>\n<\/span><\/div>","aioseo_breadcrumb_json":[{"label":"Home","link":"https:\/\/eldigitaldeasturias.com\/magazine365"},{"label":"Sabores","link":"https:\/\/eldigitaldeasturias.com\/magazine365\/category\/sabores\/"},{"label":"Mesa de Temporada, catering a medida de las necesidades de cada empresa","link":"https:\/\/eldigitaldeasturias.com\/magazine365\/mesa-de-temporada-catering-a-medida-de-las-necesidades-de-cada-empresa\/"}],"_links":{"self":[{"href":"https:\/\/eldigitaldeasturias.com\/magazine365\/wp-json\/wp\/v2\/posts\/91351","targetHints":{"allow":["GET"]}}],"collection":[{"href":"https:\/\/eldigitaldeasturias.com\/magazine365\/wp-json\/wp\/v2\/posts"}],"about":[{"href":"https:\/\/eldigitaldeasturias.com\/magazine365\/wp-json\/wp\/v2\/types\/post"}],"author":[{"embeddable":true,"href":"https:\/\/eldigitaldeasturias.com\/magazine365\/wp-json\/wp\/v2\/users\/1"}],"replies":[{"embeddable":true,"href":"https:\/\/eldigitaldeasturias.com\/magazine365\/wp-json\/wp\/v2\/comments?post=91351"}],"version-history":[{"count":0,"href":"https:\/\/eldigitaldeasturias.com\/magazine365\/wp-json\/wp\/v2\/posts\/91351\/revisions"}],"wp:featuredmedia":[{"embeddable":true,"href":"https:\/\/eldigitaldeasturias.com\/magazine365\/wp-json\/wp\/v2\/media\/91352"}],"wp:attachment":[{"href":"https:\/\/eldigitaldeasturias.com\/magazine365\/wp-json\/wp\/v2\/media?parent=91351"}],"wp:term":[{"taxonomy":"category","embeddable":true,"href":"https:\/\/eldigitaldeasturias.com\/magazine365\/wp-json\/wp\/v2\/categories?post=91351"},{"taxonomy":"post_tag","embeddable":true,"href":"https:\/\/eldigitaldeasturias.com\/magazine365\/wp-json\/wp\/v2\/tags?post=91351"}],"curies":[{"name":"wp","href":"https:\/\/api.w.org\/{rel}","templated":true}]}}