{"id":91121,"date":"2018-03-01T16:35:08","date_gmt":"2018-03-01T16:35:08","guid":{"rendered":"http:\/\/eldigitaldeasturias.com\/magazine365\/?p=91121"},"modified":"2018-03-01T16:35:08","modified_gmt":"2018-03-01T16:35:08","slug":"fusion-el-iberico-que-rompe-moldes-y-desafia-lo-convencional","status":"publish","type":"post","link":"https:\/\/eldigitaldeasturias.com\/magazine365\/fusion-el-iberico-que-rompe-moldes-y-desafia-lo-convencional\/","title":{"rendered":"Fusi\u00f3n, el ib\u00e9rico que rompe moldes y desaf\u00eda lo convencional"},"content":{"rendered":"<p><strong><img fetchpriority=\"high\" decoding=\"async\" class=\"alignleft size-medium wp-image-91122\" src=\"https:\/\/eldigitaldeasturias.com\/magazine365\/wp-content\/uploads\/2018\/03\/1519891482_Baja_JamonFusion_NudeFondo2_-360x256.jpg\" alt=\"\" width=\"360\" height=\"256\" srcset=\"https:\/\/eldigitaldeasturias.com\/magazine365\/wp-content\/uploads\/2018\/03\/1519891482_Baja_JamonFusion_NudeFondo2_-360x256.jpg 360w, https:\/\/eldigitaldeasturias.com\/magazine365\/wp-content\/uploads\/2018\/03\/1519891482_Baja_JamonFusion_NudeFondo2_-650x462.jpg 650w, https:\/\/eldigitaldeasturias.com\/magazine365\/wp-content\/uploads\/2018\/03\/1519891482_Baja_JamonFusion_NudeFondo2_-768x546.jpg 768w, https:\/\/eldigitaldeasturias.com\/magazine365\/wp-content\/uploads\/2018\/03\/1519891482_Baja_JamonFusion_NudeFondo2_-150x107.jpg 150w, https:\/\/eldigitaldeasturias.com\/magazine365\/wp-content\/uploads\/2018\/03\/1519891482_Baja_JamonFusion_NudeFondo2_-450x320.jpg 450w, https:\/\/eldigitaldeasturias.com\/magazine365\/wp-content\/uploads\/2018\/03\/1519891482_Baja_JamonFusion_NudeFondo2_-1200x853.jpg 1200w, https:\/\/eldigitaldeasturias.com\/magazine365\/wp-content\/uploads\/2018\/03\/1519891482_Baja_JamonFusion_NudeFondo2_.jpg 1418w\" sizes=\"(max-width: 360px) 100vw, 360px\" \/>Castro y Gonz\u00e1lez<\/strong>\u00a0es un claro referente en el mundo de los productos m\u00e1s selectos. Capitaneado desde Guijuelo por una familia con una dilatada trayectoria, con cuatro generaciones vinculadas al mundo del ib\u00e9rico, la empresa es el resultado de a\u00f1os de experiencia y de conocimiento.<\/p>\n<p>Tras asentar las l\u00edneas de desarrollo de elaboraciones tradicionales -gamas bellota y selecci\u00f3n-Castro y Gonz\u00e1lez lanza un nuevo producto gourmet, un jam\u00f3n ib\u00e9rico \u00fanico, singular, que nace de la fusi\u00f3n de dos climas y que ha supuesto un reto y la mejor expresi\u00f3n del conocimiento del jam\u00f3n y sus peculiaridades en la pen\u00ednsula. Fusi\u00f3n supone un salto innovador desde la base de la tradici\u00f3n.<\/p>\n<p>Fusi\u00f3n es fruto de tres elementos b\u00e1sicos: la caba\u00f1a propia, la dehesa y la combinaci\u00f3n de los climas de Guijuelo y de la Sierra de Huelva.<\/p>\n<p>A la cuidada gen\u00e9tica de los cerdos de raza ib\u00e9rica de Castro y Gonz\u00e1lez hay que sumar el medio natural en el que los animales pasan su \u00faltimo a\u00f1o de vida aliment\u00e1ndose exclusivamente de los frutos de nuestras encinas centenarias, de pasto y cereal que encuentran en la dehesa. Y es gracias a la combinaci\u00f3n de dos climas como Fusi\u00f3n se convierte en una propuesta \u00fanica.<\/p>\n<p>El jam\u00f3n se sala y cura durante 12 meses en el clima fr\u00edo y seco de Guijuelo, a m\u00e1s de 1.100 metros de altitud. Despu\u00e9s, y una vez que han aprehendido todo el sabor de la dehesa se trasladan a la Sierra de Huelva, donde permanecer\u00e1n 24 meses m\u00e1s y donde la influencia del Atl\u00e1ntico har\u00e1 evolucionar el producto, haci\u00e9ndolo m\u00e1s elegante, m\u00e1s profundo, m\u00e1s complejo.<\/p>\n<p>As\u00ed Fusi\u00f3n es un jam\u00f3n capaz de transmitir todo el sabor de los dos paisajes: la delicadeza inicial de los jamones salmantinos y la profundidad de sabores y complejidad t\u00edpica de los que envejecen en las Sierras de Huelva.<\/p>\n<p><strong>La cata<\/strong><\/p>\n<p>Al abrir un jam\u00f3n Fusi\u00f3n lo primero que llama la atenci\u00f3n es su grasa, que va de un color blanco roto al ros\u00e1ceo, y presenta una consistencia blanda, untuosa y fresca, y con recuerdos a bosque mediterr\u00e1neo.. El jam\u00f3n presenta un color oscuro que es fruto de las temperaturas m\u00e1s elevadas que se producen en la Sierra Norte de Huelva, lo que provoca que sude m\u00e1s y, como consecuencia, avance su curaci\u00f3n.Tambi\u00e9n el aroma se hace m\u00e1s intenso y profundo debido a la humedad y al calor de la sierra. Por el contrario, la curaci\u00f3n lenta y las temperaturas bajas que se dan en Guijuelo permiten obtener un sabor m\u00e1s profundo e intenso.<\/p>\n<p><strong>Doble armon\u00eda gastron\u00f3mica<\/strong><\/p>\n<p>Para la presentaci\u00f3n de esta edici\u00f3n limitada, el chef Julio Miralles del restaurante Zalaca\u00edn ha dise\u00f1ado un men\u00fa exclusivo armonizado con los champagnes de la casa Taittinger. La dehesa y los productos de Castro y Gonz\u00e1lez fueron el hilo conductor de la propuesta gastron\u00f3mica que incluy\u00f3 una doble degustaci\u00f3n: la realizada con los platos del men\u00fa y, en paralelo, con los distintos cortes de jam\u00f3n presentados por el maestro Sanchidri\u00e1n.<\/p>\n<p>Tattinger Brut R\u00e9serve abri\u00f3 la cata y se mostr\u00f3 directo, franco y limpio. Con el primer plato, el Capuchino\u00a0<em>de Tomate<\/em>\u00a0<em>con Espuma de Jam\u00f3n Ib\u00e9rico<\/em>\u00a0lleg\u00f3 la acidez, viveza y madurez del Tattinger Brut Prestige Ros\u00e9. El\u00a0<em>Cardo con Papada Confitada<\/em>\u00a0result\u00f3 perfecto armonizado con la elegancia, sutileza y armon\u00eda que encierra Les Folies de la Marquetterie. Para acompa\u00f1ar al\u00a0<em>Pescado de Roca con Parmantier Ib\u00e9rica y vainas de temporada<\/em>\u00a0se eligi\u00f3 Tattinger Prelude, por su frescura y mineralidad. El plato estrella, Pluma<em>\u00a0macerada en Pasta de Jalape\u00f1o,\u00a0<\/em>fue la pareja perfecta de Comtes de Champagne Tattinger Blanc de Blancs 2006, un vino flexible, carnoso, casi insuperable. La propuesta enogastron\u00f3mica se cerr\u00f3 con\u00a0<em>Pi\u00f1a asada con toques picantes y albahaca thay y<\/em>\u00a0un Tattinger Nocturne, suave y untuoso, perfecto para un fin de fiesta.<\/p>\n<p><strong>Sobre Castro y Gonz\u00e1lez<\/strong><\/p>\n<p>Castro y Gonz\u00e1lez es una firma productora de Jam\u00f3n Ib\u00e9rico de bellota, ubicada en la localidad salmantina de Guijuelo y con m\u00e1s de 100 a\u00f1os de tradici\u00f3n productora. Desde 1910 han pasado cuatro generaciones, que se han dedicado a la crianza tradicional de cerdo ib\u00e9rico y de bellota, gracias a las dehesas en propiedad que suman 1.700 ha en Salamanca, la Sierra Norte de Sevilla y en Extremadura donde pueden criar sus ejemplares de ib\u00e9ricos de bellota y proporcionarles alimento y espacio suficiente para obtener piezas de insuperable calidad.<\/p>\n<p>&nbsp;<\/p>\n","protected":false},"excerpt":{"rendered":"<p>Castro y Gonz\u00e1lez\u00a0es un claro referente en el mundo de los productos m\u00e1s selectos. Capitaneado desde Guijuelo por una familia con una dilatada trayectoria, con cuatro generaciones vinculadas al mundo del ib\u00e9rico, la empresa es el resultado de a\u00f1os de experiencia y de conocimiento. Tras asentar las l\u00edneas de desarrollo de elaboraciones tradicionales -gamas bellota<\/p>\n","protected":false},"author":1,"featured_media":91122,"comment_status":"closed","ping_status":"closed","sticky":false,"template":"","format":"standard","meta":{"footnotes":""},"categories":[217],"tags":[],"class_list":{"0":"post-91121","1":"post","2":"type-post","3":"status-publish","4":"format-standard","5":"has-post-thumbnail","7":"category-sabores"},"aioseo_notices":[],"aioseo_head":"\n\t\t<!-- All in One SEO Pro 4.9.6.1 - aioseo.com -->\n\t<meta name=\"description\" content=\"Castro y Gonz\u00e1lez es un claro referente en el mundo de los productos m\u00e1s selectos. Capitaneado desde Guijuelo por una familia con una dilatada trayectoria, con cuatro generaciones vinculadas al mundo del ib\u00e9rico, la empresa es el resultado de a\u00f1os de experiencia y de conocimiento. Tras asentar las l\u00edneas de desarrollo de elaboraciones tradicionales -gamas bellota\" \/>\n\t<meta name=\"robots\" content=\"max-image-preview:large\" \/>\n\t<meta name=\"author\" content=\"admin\"\/>\n\t<meta name=\"google-site-verification\" content=\"UA-38556648-1\" \/>\n\t<meta name=\"keywords\" content=\"sabores\" \/>\n\t<link rel=\"canonical\" href=\"https:\/\/eldigitaldeasturias.com\/magazine365\/fusion-el-iberico-que-rompe-moldes-y-desafia-lo-convencional\/\" \/>\n\t<meta name=\"generator\" content=\"All in One SEO Pro (AIOSEO) 4.9.6.1\" \/>\n\t\t<meta property=\"og:locale\" content=\"es_ES\" \/>\n\t\t<meta property=\"og:site_name\" content=\"El Digital de Asturias \u2013 Revista de ocio, turismo y estilo de vida\" \/>\n\t\t<meta property=\"og:type\" content=\"article\" \/>\n\t\t<meta property=\"og:title\" content=\"Fusi\u00f3n, el ib\u00e9rico que rompe moldes y desaf\u00eda lo convencional | El Digital de Asturias\" \/>\n\t\t<meta property=\"og:description\" content=\"Castro y Gonz\u00e1lez es un claro referente en el mundo de los productos m\u00e1s selectos. Capitaneado desde Guijuelo por una familia con una dilatada trayectoria, con cuatro generaciones vinculadas al mundo del ib\u00e9rico, la empresa es el resultado de a\u00f1os de experiencia y de conocimiento. Tras asentar las l\u00edneas de desarrollo de elaboraciones tradicionales -gamas bellota\" \/>\n\t\t<meta property=\"og:url\" content=\"https:\/\/eldigitaldeasturias.com\/magazine365\/fusion-el-iberico-que-rompe-moldes-y-desafia-lo-convencional\/\" \/>\n\t\t<meta property=\"og:image\" content=\"https:\/\/eldigitaldeasturias.com\/magazine365\/wp-content\/uploads\/2018\/03\/1519891482_Baja_JamonFusion_NudeFondo2_.jpg\" \/>\n\t\t<meta property=\"og:image:secure_url\" content=\"https:\/\/eldigitaldeasturias.com\/magazine365\/wp-content\/uploads\/2018\/03\/1519891482_Baja_JamonFusion_NudeFondo2_.jpg\" \/>\n\t\t<meta property=\"og:image:width\" content=\"1418\" \/>\n\t\t<meta property=\"og:image:height\" content=\"1008\" \/>\n\t\t<meta property=\"article:published_time\" content=\"2018-03-01T16:35:08+00:00\" \/>\n\t\t<meta property=\"article:modified_time\" content=\"2018-03-01T16:35:08+00:00\" \/>\n\t\t<meta name=\"twitter:card\" content=\"summary_large_image\" \/>\n\t\t<meta name=\"twitter:title\" content=\"Fusi\u00f3n, el ib\u00e9rico que rompe moldes y desaf\u00eda lo convencional | El Digital de Asturias\" \/>\n\t\t<meta name=\"twitter:description\" content=\"Castro y Gonz\u00e1lez es un claro referente en el mundo de los productos m\u00e1s selectos. Capitaneado desde Guijuelo por una familia con una dilatada trayectoria, con cuatro generaciones vinculadas al mundo del ib\u00e9rico, la empresa es el resultado de a\u00f1os de experiencia y de conocimiento. Tras asentar las l\u00edneas de desarrollo de elaboraciones tradicionales -gamas bellota\" \/>\n\t\t<meta name=\"twitter:image\" content=\"https:\/\/eldigitaldeasturias.com\/magazine365\/wp-content\/uploads\/2018\/03\/1519891482_Baja_JamonFusion_NudeFondo2_.jpg\" \/>\n\t\t<script type=\"application\/ld+json\" class=\"aioseo-schema\">\n\t\t\t{\"@context\":\"https:\\\/\\\/schema.org\",\"@graph\":[{\"@type\":\"Article\",\"@id\":\"https:\\\/\\\/eldigitaldeasturias.com\\\/magazine365\\\/fusion-el-iberico-que-rompe-moldes-y-desafia-lo-convencional\\\/#article\",\"name\":\"Fusi\\u00f3n, el ib\\u00e9rico que rompe moldes y desaf\\u00eda lo convencional | El Digital de Asturias\",\"headline\":\"Fusi\\u00f3n, el ib\\u00e9rico que rompe moldes y desaf\\u00eda lo convencional\",\"author\":{\"@id\":\"https:\\\/\\\/eldigitaldeasturias.com\\\/magazine365\\\/author\\\/admin\\\/#author\"},\"publisher\":{\"@id\":\"https:\\\/\\\/eldigitaldeasturias.com\\\/magazine365\\\/#organization\"},\"image\":{\"@type\":\"ImageObject\",\"url\":\"https:\\\/\\\/eldigitaldeasturias.com\\\/magazine365\\\/wp-content\\\/uploads\\\/2018\\\/03\\\/1519891482_Baja_JamonFusion_NudeFondo2_.jpg\",\"width\":1418,\"height\":1008},\"datePublished\":\"2018-03-01T16:35:08+01:00\",\"dateModified\":\"2018-03-01T16:35:08+01:00\",\"inLanguage\":\"es-ES\",\"mainEntityOfPage\":{\"@id\":\"https:\\\/\\\/eldigitaldeasturias.com\\\/magazine365\\\/fusion-el-iberico-que-rompe-moldes-y-desafia-lo-convencional\\\/#webpage\"},\"isPartOf\":{\"@id\":\"https:\\\/\\\/eldigitaldeasturias.com\\\/magazine365\\\/fusion-el-iberico-que-rompe-moldes-y-desafia-lo-convencional\\\/#webpage\"},\"articleSection\":\"Sabores\"},{\"@type\":\"BreadcrumbList\",\"@id\":\"https:\\\/\\\/eldigitaldeasturias.com\\\/magazine365\\\/fusion-el-iberico-que-rompe-moldes-y-desafia-lo-convencional\\\/#breadcrumblist\",\"itemListElement\":[{\"@type\":\"ListItem\",\"@id\":\"https:\\\/\\\/eldigitaldeasturias.com\\\/magazine365#listItem\",\"position\":1,\"name\":\"Home\",\"item\":\"https:\\\/\\\/eldigitaldeasturias.com\\\/magazine365\",\"nextItem\":{\"@type\":\"ListItem\",\"@id\":\"https:\\\/\\\/eldigitaldeasturias.com\\\/magazine365\\\/category\\\/sabores\\\/#listItem\",\"name\":\"Sabores\"}},{\"@type\":\"ListItem\",\"@id\":\"https:\\\/\\\/eldigitaldeasturias.com\\\/magazine365\\\/category\\\/sabores\\\/#listItem\",\"position\":2,\"name\":\"Sabores\",\"item\":\"https:\\\/\\\/eldigitaldeasturias.com\\\/magazine365\\\/category\\\/sabores\\\/\",\"nextItem\":{\"@type\":\"ListItem\",\"@id\":\"https:\\\/\\\/eldigitaldeasturias.com\\\/magazine365\\\/fusion-el-iberico-que-rompe-moldes-y-desafia-lo-convencional\\\/#listItem\",\"name\":\"Fusi\\u00f3n, el ib\\u00e9rico que rompe moldes y desaf\\u00eda lo convencional\"},\"previousItem\":{\"@type\":\"ListItem\",\"@id\":\"https:\\\/\\\/eldigitaldeasturias.com\\\/magazine365#listItem\",\"name\":\"Home\"}},{\"@type\":\"ListItem\",\"@id\":\"https:\\\/\\\/eldigitaldeasturias.com\\\/magazine365\\\/fusion-el-iberico-que-rompe-moldes-y-desafia-lo-convencional\\\/#listItem\",\"position\":3,\"name\":\"Fusi\\u00f3n, el ib\\u00e9rico que rompe moldes y desaf\\u00eda lo convencional\",\"previousItem\":{\"@type\":\"ListItem\",\"@id\":\"https:\\\/\\\/eldigitaldeasturias.com\\\/magazine365\\\/category\\\/sabores\\\/#listItem\",\"name\":\"Sabores\"}}]},{\"@type\":\"Organization\",\"@id\":\"https:\\\/\\\/eldigitaldeasturias.com\\\/magazine365\\\/#organization\",\"name\":\"El digital de Asturias\",\"description\":\"Revista de ocio, turismo y estilo de vida\",\"url\":\"https:\\\/\\\/eldigitaldeasturias.com\\\/magazine365\\\/\",\"logo\":{\"@type\":\"ImageObject\",\"url\":\"https:\\\/\\\/www.eldigitaldeasturias.com\\\/noticias\\\/wp-content\\\/uploads\\\/2020\\\/12\\\/EDA.jpg\",\"@id\":\"https:\\\/\\\/eldigitaldeasturias.com\\\/magazine365\\\/fusion-el-iberico-que-rompe-moldes-y-desafia-lo-convencional\\\/#organizationLogo\"},\"image\":{\"@id\":\"https:\\\/\\\/eldigitaldeasturias.com\\\/magazine365\\\/fusion-el-iberico-que-rompe-moldes-y-desafia-lo-convencional\\\/#organizationLogo\"}},{\"@type\":\"Person\",\"@id\":\"https:\\\/\\\/eldigitaldeasturias.com\\\/magazine365\\\/author\\\/admin\\\/#author\",\"url\":\"https:\\\/\\\/eldigitaldeasturias.com\\\/magazine365\\\/author\\\/admin\\\/\",\"name\":\"admin\",\"image\":{\"@type\":\"ImageObject\",\"@id\":\"https:\\\/\\\/eldigitaldeasturias.com\\\/magazine365\\\/fusion-el-iberico-que-rompe-moldes-y-desafia-lo-convencional\\\/#authorImage\",\"url\":\"https:\\\/\\\/eldigitaldeasturias.com\\\/magazine365\\\/wp-content\\\/litespeed\\\/avatar\\\/e571bcf59a0edd6fa6838245a470f2fe.jpg?ver=1776969259\",\"width\":96,\"height\":96,\"caption\":\"admin\"}},{\"@type\":\"WebPage\",\"@id\":\"https:\\\/\\\/eldigitaldeasturias.com\\\/magazine365\\\/fusion-el-iberico-que-rompe-moldes-y-desafia-lo-convencional\\\/#webpage\",\"url\":\"https:\\\/\\\/eldigitaldeasturias.com\\\/magazine365\\\/fusion-el-iberico-que-rompe-moldes-y-desafia-lo-convencional\\\/\",\"name\":\"Fusi\\u00f3n, el ib\\u00e9rico que rompe moldes y desaf\\u00eda lo convencional | El Digital de Asturias\",\"description\":\"Castro y Gonz\\u00e1lez es un claro referente en el mundo de los productos m\\u00e1s selectos. Capitaneado desde Guijuelo por una familia con una dilatada trayectoria, con cuatro generaciones vinculadas al mundo del ib\\u00e9rico, la empresa es el resultado de a\\u00f1os de experiencia y de conocimiento. Tras asentar las l\\u00edneas de desarrollo de elaboraciones tradicionales -gamas bellota\",\"inLanguage\":\"es-ES\",\"isPartOf\":{\"@id\":\"https:\\\/\\\/eldigitaldeasturias.com\\\/magazine365\\\/#website\"},\"breadcrumb\":{\"@id\":\"https:\\\/\\\/eldigitaldeasturias.com\\\/magazine365\\\/fusion-el-iberico-que-rompe-moldes-y-desafia-lo-convencional\\\/#breadcrumblist\"},\"author\":{\"@id\":\"https:\\\/\\\/eldigitaldeasturias.com\\\/magazine365\\\/author\\\/admin\\\/#author\"},\"creator\":{\"@id\":\"https:\\\/\\\/eldigitaldeasturias.com\\\/magazine365\\\/author\\\/admin\\\/#author\"},\"image\":{\"@type\":\"ImageObject\",\"url\":\"https:\\\/\\\/eldigitaldeasturias.com\\\/magazine365\\\/wp-content\\\/uploads\\\/2018\\\/03\\\/1519891482_Baja_JamonFusion_NudeFondo2_.jpg\",\"@id\":\"https:\\\/\\\/eldigitaldeasturias.com\\\/magazine365\\\/fusion-el-iberico-que-rompe-moldes-y-desafia-lo-convencional\\\/#mainImage\",\"width\":1418,\"height\":1008},\"primaryImageOfPage\":{\"@id\":\"https:\\\/\\\/eldigitaldeasturias.com\\\/magazine365\\\/fusion-el-iberico-que-rompe-moldes-y-desafia-lo-convencional\\\/#mainImage\"},\"datePublished\":\"2018-03-01T16:35:08+01:00\",\"dateModified\":\"2018-03-01T16:35:08+01:00\"},{\"@type\":\"WebSite\",\"@id\":\"https:\\\/\\\/eldigitaldeasturias.com\\\/magazine365\\\/#website\",\"url\":\"https:\\\/\\\/eldigitaldeasturias.com\\\/magazine365\\\/\",\"name\":\"El Digital de Asturias\",\"description\":\"Revista de ocio, turismo y estilo de vida\",\"inLanguage\":\"es-ES\",\"publisher\":{\"@id\":\"https:\\\/\\\/eldigitaldeasturias.com\\\/magazine365\\\/#organization\"}}]}\n\t\t<\/script>\n\t\t<!-- All in One SEO Pro -->\r\n\t\t<title>Fusi\u00f3n, el ib\u00e9rico que rompe moldes y desaf\u00eda lo convencional | El Digital de Asturias<\/title>\n\n","aioseo_head_json":{"title":"Fusi\u00f3n, el ib\u00e9rico que rompe moldes y desaf\u00eda lo convencional | El Digital de Asturias","description":"Castro y Gonz\u00e1lez es un claro referente en el mundo de los productos m\u00e1s selectos. Capitaneado desde Guijuelo por una familia con una dilatada trayectoria, con cuatro generaciones vinculadas al mundo del ib\u00e9rico, la empresa es el resultado de a\u00f1os de experiencia y de conocimiento. Tras asentar las l\u00edneas de desarrollo de elaboraciones tradicionales -gamas bellota","canonical_url":"https:\/\/eldigitaldeasturias.com\/magazine365\/fusion-el-iberico-que-rompe-moldes-y-desafia-lo-convencional\/","robots":"max-image-preview:large","keywords":"sabores","webmasterTools":{"google-site-verification":"UA-38556648-1","miscellaneous":""},"schema":{"@context":"https:\/\/schema.org","@graph":[{"@type":"Article","@id":"https:\/\/eldigitaldeasturias.com\/magazine365\/fusion-el-iberico-que-rompe-moldes-y-desafia-lo-convencional\/#article","name":"Fusi\u00f3n, el ib\u00e9rico que rompe moldes y desaf\u00eda lo convencional | El Digital de Asturias","headline":"Fusi\u00f3n, el ib\u00e9rico que rompe moldes y desaf\u00eda lo convencional","author":{"@id":"https:\/\/eldigitaldeasturias.com\/magazine365\/author\/admin\/#author"},"publisher":{"@id":"https:\/\/eldigitaldeasturias.com\/magazine365\/#organization"},"image":{"@type":"ImageObject","url":"https:\/\/eldigitaldeasturias.com\/magazine365\/wp-content\/uploads\/2018\/03\/1519891482_Baja_JamonFusion_NudeFondo2_.jpg","width":1418,"height":1008},"datePublished":"2018-03-01T16:35:08+01:00","dateModified":"2018-03-01T16:35:08+01:00","inLanguage":"es-ES","mainEntityOfPage":{"@id":"https:\/\/eldigitaldeasturias.com\/magazine365\/fusion-el-iberico-que-rompe-moldes-y-desafia-lo-convencional\/#webpage"},"isPartOf":{"@id":"https:\/\/eldigitaldeasturias.com\/magazine365\/fusion-el-iberico-que-rompe-moldes-y-desafia-lo-convencional\/#webpage"},"articleSection":"Sabores"},{"@type":"BreadcrumbList","@id":"https:\/\/eldigitaldeasturias.com\/magazine365\/fusion-el-iberico-que-rompe-moldes-y-desafia-lo-convencional\/#breadcrumblist","itemListElement":[{"@type":"ListItem","@id":"https:\/\/eldigitaldeasturias.com\/magazine365#listItem","position":1,"name":"Home","item":"https:\/\/eldigitaldeasturias.com\/magazine365","nextItem":{"@type":"ListItem","@id":"https:\/\/eldigitaldeasturias.com\/magazine365\/category\/sabores\/#listItem","name":"Sabores"}},{"@type":"ListItem","@id":"https:\/\/eldigitaldeasturias.com\/magazine365\/category\/sabores\/#listItem","position":2,"name":"Sabores","item":"https:\/\/eldigitaldeasturias.com\/magazine365\/category\/sabores\/","nextItem":{"@type":"ListItem","@id":"https:\/\/eldigitaldeasturias.com\/magazine365\/fusion-el-iberico-que-rompe-moldes-y-desafia-lo-convencional\/#listItem","name":"Fusi\u00f3n, el ib\u00e9rico que rompe moldes y desaf\u00eda lo convencional"},"previousItem":{"@type":"ListItem","@id":"https:\/\/eldigitaldeasturias.com\/magazine365#listItem","name":"Home"}},{"@type":"ListItem","@id":"https:\/\/eldigitaldeasturias.com\/magazine365\/fusion-el-iberico-que-rompe-moldes-y-desafia-lo-convencional\/#listItem","position":3,"name":"Fusi\u00f3n, el ib\u00e9rico que rompe moldes y desaf\u00eda lo convencional","previousItem":{"@type":"ListItem","@id":"https:\/\/eldigitaldeasturias.com\/magazine365\/category\/sabores\/#listItem","name":"Sabores"}}]},{"@type":"Organization","@id":"https:\/\/eldigitaldeasturias.com\/magazine365\/#organization","name":"El digital de Asturias","description":"Revista de ocio, turismo y estilo de vida","url":"https:\/\/eldigitaldeasturias.com\/magazine365\/","logo":{"@type":"ImageObject","url":"https:\/\/www.eldigitaldeasturias.com\/noticias\/wp-content\/uploads\/2020\/12\/EDA.jpg","@id":"https:\/\/eldigitaldeasturias.com\/magazine365\/fusion-el-iberico-que-rompe-moldes-y-desafia-lo-convencional\/#organizationLogo"},"image":{"@id":"https:\/\/eldigitaldeasturias.com\/magazine365\/fusion-el-iberico-que-rompe-moldes-y-desafia-lo-convencional\/#organizationLogo"}},{"@type":"Person","@id":"https:\/\/eldigitaldeasturias.com\/magazine365\/author\/admin\/#author","url":"https:\/\/eldigitaldeasturias.com\/magazine365\/author\/admin\/","name":"admin","image":{"@type":"ImageObject","@id":"https:\/\/eldigitaldeasturias.com\/magazine365\/fusion-el-iberico-que-rompe-moldes-y-desafia-lo-convencional\/#authorImage","url":"https:\/\/eldigitaldeasturias.com\/magazine365\/wp-content\/litespeed\/avatar\/e571bcf59a0edd6fa6838245a470f2fe.jpg?ver=1776969259","width":96,"height":96,"caption":"admin"}},{"@type":"WebPage","@id":"https:\/\/eldigitaldeasturias.com\/magazine365\/fusion-el-iberico-que-rompe-moldes-y-desafia-lo-convencional\/#webpage","url":"https:\/\/eldigitaldeasturias.com\/magazine365\/fusion-el-iberico-que-rompe-moldes-y-desafia-lo-convencional\/","name":"Fusi\u00f3n, el ib\u00e9rico que rompe moldes y desaf\u00eda lo convencional | El Digital de Asturias","description":"Castro y Gonz\u00e1lez es un claro referente en el mundo de los productos m\u00e1s selectos. Capitaneado desde Guijuelo por una familia con una dilatada trayectoria, con cuatro generaciones vinculadas al mundo del ib\u00e9rico, la empresa es el resultado de a\u00f1os de experiencia y de conocimiento. Tras asentar las l\u00edneas de desarrollo de elaboraciones tradicionales -gamas bellota","inLanguage":"es-ES","isPartOf":{"@id":"https:\/\/eldigitaldeasturias.com\/magazine365\/#website"},"breadcrumb":{"@id":"https:\/\/eldigitaldeasturias.com\/magazine365\/fusion-el-iberico-que-rompe-moldes-y-desafia-lo-convencional\/#breadcrumblist"},"author":{"@id":"https:\/\/eldigitaldeasturias.com\/magazine365\/author\/admin\/#author"},"creator":{"@id":"https:\/\/eldigitaldeasturias.com\/magazine365\/author\/admin\/#author"},"image":{"@type":"ImageObject","url":"https:\/\/eldigitaldeasturias.com\/magazine365\/wp-content\/uploads\/2018\/03\/1519891482_Baja_JamonFusion_NudeFondo2_.jpg","@id":"https:\/\/eldigitaldeasturias.com\/magazine365\/fusion-el-iberico-que-rompe-moldes-y-desafia-lo-convencional\/#mainImage","width":1418,"height":1008},"primaryImageOfPage":{"@id":"https:\/\/eldigitaldeasturias.com\/magazine365\/fusion-el-iberico-que-rompe-moldes-y-desafia-lo-convencional\/#mainImage"},"datePublished":"2018-03-01T16:35:08+01:00","dateModified":"2018-03-01T16:35:08+01:00"},{"@type":"WebSite","@id":"https:\/\/eldigitaldeasturias.com\/magazine365\/#website","url":"https:\/\/eldigitaldeasturias.com\/magazine365\/","name":"El Digital de Asturias","description":"Revista de ocio, turismo y estilo de vida","inLanguage":"es-ES","publisher":{"@id":"https:\/\/eldigitaldeasturias.com\/magazine365\/#organization"}}]},"og:locale":"es_ES","og:site_name":"El Digital de Asturias \u2013 Revista de ocio, turismo y estilo de vida","og:type":"article","og:title":"Fusi\u00f3n, el ib\u00e9rico que rompe moldes y desaf\u00eda lo convencional | El Digital de Asturias","og:description":"Castro y Gonz\u00e1lez es un claro referente en el mundo de los productos m\u00e1s selectos. Capitaneado desde Guijuelo por una familia con una dilatada trayectoria, con cuatro generaciones vinculadas al mundo del ib\u00e9rico, la empresa es el resultado de a\u00f1os de experiencia y de conocimiento. Tras asentar las l\u00edneas de desarrollo de elaboraciones tradicionales -gamas bellota","og:url":"https:\/\/eldigitaldeasturias.com\/magazine365\/fusion-el-iberico-que-rompe-moldes-y-desafia-lo-convencional\/","og:image":"https:\/\/eldigitaldeasturias.com\/magazine365\/wp-content\/uploads\/2018\/03\/1519891482_Baja_JamonFusion_NudeFondo2_.jpg","og:image:secure_url":"https:\/\/eldigitaldeasturias.com\/magazine365\/wp-content\/uploads\/2018\/03\/1519891482_Baja_JamonFusion_NudeFondo2_.jpg","og:image:width":1418,"og:image:height":1008,"article:published_time":"2018-03-01T16:35:08+00:00","article:modified_time":"2018-03-01T16:35:08+00:00","twitter:card":"summary_large_image","twitter:title":"Fusi\u00f3n, el ib\u00e9rico que rompe moldes y desaf\u00eda lo convencional | El Digital de Asturias","twitter:description":"Castro y Gonz\u00e1lez es un claro referente en el mundo de los productos m\u00e1s selectos. Capitaneado desde Guijuelo por una familia con una dilatada trayectoria, con cuatro generaciones vinculadas al mundo del ib\u00e9rico, la empresa es el resultado de a\u00f1os de experiencia y de conocimiento. Tras asentar las l\u00edneas de desarrollo de elaboraciones tradicionales -gamas bellota","twitter:image":"https:\/\/eldigitaldeasturias.com\/magazine365\/wp-content\/uploads\/2018\/03\/1519891482_Baja_JamonFusion_NudeFondo2_.jpg"},"aioseo_meta_data":{"post_id":"91121","title":null,"description":null,"keywords":null,"keyphrases":null,"primary_term":null,"canonical_url":null,"og_title":null,"og_description":null,"og_object_type":"default","og_image_type":"default","og_image_url":null,"og_image_width":null,"og_image_height":null,"og_image_custom_url":null,"og_image_custom_fields":null,"og_video":null,"og_custom_url":null,"og_article_section":null,"og_article_tags":null,"twitter_use_og":false,"twitter_card":"default","twitter_image_type":"default","twitter_image_url":null,"twitter_image_custom_url":null,"twitter_image_custom_fields":null,"twitter_title":null,"twitter_description":null,"schema":{"blockGraphs":[],"customGraphs":[],"default":{"data":{"Article":[],"Course":[],"Dataset":[],"FAQPage":[],"Movie":[],"Person":[],"Product":[],"ProductReview":[],"Car":[],"Recipe":[],"Service":[],"SoftwareApplication":[],"WebPage":[]},"graphName":"","isEnabled":true},"graphs":[],"defaultGraph":"","defaultPostTypeGraph":""},"schema_type":null,"schema_type_options":null,"pillar_content":false,"robots_default":true,"robots_noindex":false,"robots_noarchive":false,"robots_nosnippet":false,"robots_nofollow":false,"robots_noimageindex":false,"robots_noodp":false,"robots_notranslate":false,"robots_max_snippet":null,"robots_max_videopreview":null,"robots_max_imagepreview":"large","priority":null,"frequency":null,"location":null,"local_seo":null,"seo_analyzer_scan_date":"2025-09-28 17:49:44","breadcrumb_settings":null,"limit_modified_date":false,"open_ai":null,"ai":null,"created":"2020-12-21 14:10:19","updated":"2025-09-28 17:49:44"},"aioseo_breadcrumb":"<div class=\"aioseo-breadcrumbs\"><span class=\"aioseo-breadcrumb\">\n\t<a href=\"https:\/\/eldigitaldeasturias.com\/magazine365\" title=\"Home\">Home<\/a>\n<\/span><span class=\"aioseo-breadcrumb-separator\">\u2013<\/span><span class=\"aioseo-breadcrumb\">\n\t<a href=\"https:\/\/eldigitaldeasturias.com\/magazine365\/category\/sabores\/\" title=\"Sabores\">Sabores<\/a>\n<\/span><span class=\"aioseo-breadcrumb-separator\">\u2013<\/span><span class=\"aioseo-breadcrumb\">\n\t<a href=\"https:\/\/eldigitaldeasturias.com\/magazine365\/fusion-el-iberico-que-rompe-moldes-y-desafia-lo-convencional\/\" title=\"Fusi\u00f3n, el ib\u00e9rico que rompe moldes y desaf\u00eda lo convencional\">Fusi\u00f3n, el ib\u00e9rico que rompe moldes y desaf\u00eda lo convencional<\/a>\n<\/span><\/div>","aioseo_breadcrumb_json":[{"label":"Home","link":"https:\/\/eldigitaldeasturias.com\/magazine365"},{"label":"Sabores","link":"https:\/\/eldigitaldeasturias.com\/magazine365\/category\/sabores\/"},{"label":"Fusi\u00f3n, el ib\u00e9rico que rompe moldes y desaf\u00eda lo convencional","link":"https:\/\/eldigitaldeasturias.com\/magazine365\/fusion-el-iberico-que-rompe-moldes-y-desafia-lo-convencional\/"}],"_links":{"self":[{"href":"https:\/\/eldigitaldeasturias.com\/magazine365\/wp-json\/wp\/v2\/posts\/91121","targetHints":{"allow":["GET"]}}],"collection":[{"href":"https:\/\/eldigitaldeasturias.com\/magazine365\/wp-json\/wp\/v2\/posts"}],"about":[{"href":"https:\/\/eldigitaldeasturias.com\/magazine365\/wp-json\/wp\/v2\/types\/post"}],"author":[{"embeddable":true,"href":"https:\/\/eldigitaldeasturias.com\/magazine365\/wp-json\/wp\/v2\/users\/1"}],"replies":[{"embeddable":true,"href":"https:\/\/eldigitaldeasturias.com\/magazine365\/wp-json\/wp\/v2\/comments?post=91121"}],"version-history":[{"count":0,"href":"https:\/\/eldigitaldeasturias.com\/magazine365\/wp-json\/wp\/v2\/posts\/91121\/revisions"}],"wp:featuredmedia":[{"embeddable":true,"href":"https:\/\/eldigitaldeasturias.com\/magazine365\/wp-json\/wp\/v2\/media\/91122"}],"wp:attachment":[{"href":"https:\/\/eldigitaldeasturias.com\/magazine365\/wp-json\/wp\/v2\/media?parent=91121"}],"wp:term":[{"taxonomy":"category","embeddable":true,"href":"https:\/\/eldigitaldeasturias.com\/magazine365\/wp-json\/wp\/v2\/categories?post=91121"},{"taxonomy":"post_tag","embeddable":true,"href":"https:\/\/eldigitaldeasturias.com\/magazine365\/wp-json\/wp\/v2\/tags?post=91121"}],"curies":[{"name":"wp","href":"https:\/\/api.w.org\/{rel}","templated":true}]}}