{"id":91096,"date":"2018-02-26T15:02:40","date_gmt":"2018-02-26T15:02:40","guid":{"rendered":"http:\/\/eldigitaldeasturias.com\/magazine365\/?p=91096"},"modified":"2018-02-26T15:02:40","modified_gmt":"2018-02-26T15:02:40","slug":"montes-de-galicia-conmemora-el-dia-del-padre","status":"publish","type":"post","link":"https:\/\/eldigitaldeasturias.com\/magazine365\/montes-de-galicia-conmemora-el-dia-del-padre\/","title":{"rendered":"Montes de Galicia conmemora el D\u00eda del Padre"},"content":{"rendered":"<p><img fetchpriority=\"high\" decoding=\"async\" class=\"alignleft size-medium wp-image-91097\" src=\"https:\/\/eldigitaldeasturias.com\/magazine365\/wp-content\/uploads\/2018\/02\/1519289224_LOMO_BAJO_DE_VACA_baja-360x240.jpg\" alt=\"\" width=\"360\" height=\"240\" srcset=\"https:\/\/eldigitaldeasturias.com\/magazine365\/wp-content\/uploads\/2018\/02\/1519289224_LOMO_BAJO_DE_VACA_baja-360x240.jpg 360w, https:\/\/eldigitaldeasturias.com\/magazine365\/wp-content\/uploads\/2018\/02\/1519289224_LOMO_BAJO_DE_VACA_baja-650x433.jpg 650w, https:\/\/eldigitaldeasturias.com\/magazine365\/wp-content\/uploads\/2018\/02\/1519289224_LOMO_BAJO_DE_VACA_baja-768x512.jpg 768w, https:\/\/eldigitaldeasturias.com\/magazine365\/wp-content\/uploads\/2018\/02\/1519289224_LOMO_BAJO_DE_VACA_baja-150x100.jpg 150w, https:\/\/eldigitaldeasturias.com\/magazine365\/wp-content\/uploads\/2018\/02\/1519289224_LOMO_BAJO_DE_VACA_baja-450x300.jpg 450w, https:\/\/eldigitaldeasturias.com\/magazine365\/wp-content\/uploads\/2018\/02\/1519289224_LOMO_BAJO_DE_VACA_baja-1200x800.jpg 1200w, https:\/\/eldigitaldeasturias.com\/magazine365\/wp-content\/uploads\/2018\/02\/1519289224_LOMO_BAJO_DE_VACA_baja.jpg 1410w\" sizes=\"(max-width: 360px) 100vw, 360px\" \/>Ya est\u00e1 a la vuelta de la esquina el D\u00eda del Padre, y el restaurante Montes de Galicia, #ElMejorGallegoDeMadrid, presenta su plato Lomo bajo de vaca gallega para hacer las delicias de cualquier padre, a la vez que cuenta algunas curiosidades acerca de esta festividad que<strong>\u00a0<\/strong>se celebra en casi todos los hogares del mundo<strong>.<\/strong><a href=\"http:\/\/www.losmontesdegalicia.es\/\" target=\"_blank\" rel=\"nofollow noopener\"><span style=\"color: #ff6600;\"><strong>www.losmontesdegalicia.es<\/strong><\/span><\/a><\/p>\n<p>-La fecha del 19 de marzo es la elegida en los pa\u00edses de tradici\u00f3n cat\u00f3lica, como Espa\u00f1a, por coincidir con la festividad de San Jos\u00e9.<\/p>\n<p>-El D\u00eda del Padre se celebra en Espa\u00f1a desde 1948. Una maestra madrile\u00f1a, Manuela Vicenta Ferrero, decidi\u00f3 inaugurar la tradici\u00f3n de que los padres del colegio recibiesen un regalo, al igual que ocurr\u00eda con las madres, tras la petici\u00f3n de un grupo de progenitores.<\/p>\n<p>-Los grandes almacenes\u00a0<strong>\u201cGaler\u00edas Preciados\u201d<\/strong>\u00a0quedaron entusiasmados con la idea y quisieron contratar a la propia Ferrero como gancho para motivar la compra de productos pensados para los padres.<\/p>\n<p>-No obstante, fue en\u00a0<strong>Estados Unidos<\/strong>\u00a0donde se acu\u00f1\u00f3 una efem\u00e9ride en homenaje al padre. En 1910, la joven Sonora Dodd quiso homenajear a su padre, tras haber sacado a toda su familia adelante despu\u00e9s del fallecimiento de su madre.<\/p>\n<p><strong>Acerca de Los Montes de Galicia<\/strong><\/p>\n<p>Situado en el coraz\u00f3n de la capital y considerado el #mejorgallegodeMadrid, Montes de Galicia ofrece la mejor cocina fusi\u00f3n, a caballo entre la tradici\u00f3n del norte y lo m\u00e1s vanguardista de la nouvellecuisine que se reinventa a diario. Un restaurante donde el producto, aderezado y cuidado hasta el extremo nos transporta a los bosques y los pueblos m\u00e1gicos de Galicia. Todo en un exquisito ambiente que recoge y acompa\u00f1a a los comensales, donde el frescor de los azules del cant\u00e1brico se mezcla con los viol\u00e1ceos del atl\u00e1ntico y los verdores de la tierra h\u00fameda, para que todo sea disfrutar.<\/p>\n<p>Para su due\u00f1o, Jose Espasand\u00edn, propietario del restaurante desde 1997, ser considerados como el mejor restaurante gallego de Madrid simboliza algo m\u00e1s grande que una simple distinci\u00f3n, es sobre todo un reto que le hace superarse d\u00eda a d\u00eda. Gracias a esta filosof\u00eda han llegado a lo m\u00e1s alto de la gastronom\u00eda madrile\u00f1a, logrando magn\u00edficas valoraciones en la aplicaci\u00f3n Tripadvisor, entre los mejores restaurantes de Madrid, y el mejor de todos entre los exponentes de la cocina gallega en la capital.<\/p>\n<p>La celebrada carta ha sido creada con los m\u00e1s selectos productos de la tierra y est\u00e1 basada en la dieta atl\u00e1ntica_ que poco tiene que envidiar a la mediterr\u00e1nea. En Montes de Galicia la salud y el placer no est\u00e1n re\u00f1idos, bailan juntos, como meigas, alrededor del puchero.<\/p>\n<p>Sencilla y basada en los sabores, texturas y aromas del norte. Con los mejores y m\u00e1s frescos ingredientes, Jose Espasand\u00edn, ha creado una selecci\u00f3n de platos para Montes de Galicia en los que fusiona la cocina m\u00e1s tradicional del norte con toques vanguardistas, consiguiendo as\u00ed innovadoras recetas que deleitan todos los paladares.<\/p>\n<p>Y para todos aquellos que quieran disfrutar de un agradable espacio en compa\u00f1\u00eda de amigos, un afterwork con compa\u00f1eros de trabajo o tomar algo en pareja etc. Montes de Galicia ha creado un espacio cocteler\u00eda inigualable, abierto hasta las 2,30 de la madrugada.<\/p>\n<p>&nbsp;<\/p>\n","protected":false},"excerpt":{"rendered":"<p>Ya est\u00e1 a la vuelta de la esquina el D\u00eda del Padre, y el restaurante Montes de Galicia, #ElMejorGallegoDeMadrid, presenta su plato Lomo bajo de vaca gallega para hacer las delicias de cualquier padre, a la vez que cuenta algunas curiosidades acerca de esta festividad que\u00a0se celebra en casi todos los hogares del mundo.www.losmontesdegalicia.es -La<\/p>\n","protected":false},"author":1,"featured_media":91097,"comment_status":"closed","ping_status":"closed","sticky":false,"template":"","format":"standard","meta":{"footnotes":""},"categories":[217],"tags":[],"class_list":{"0":"post-91096","1":"post","2":"type-post","3":"status-publish","4":"format-standard","5":"has-post-thumbnail","7":"category-sabores"},"aioseo_notices":[],"aioseo_head":"\n\t\t<!-- All in One SEO Pro 4.9.6.1 - aioseo.com -->\n\t<meta name=\"description\" content=\"Ya est\u00e1 a la vuelta de la esquina el D\u00eda del Padre, y el restaurante Montes de Galicia, #ElMejorGallegoDeMadrid, presenta su plato Lomo bajo de vaca gallega para hacer las delicias de cualquier padre, a la vez que cuenta algunas curiosidades acerca de esta festividad que se celebra en casi todos los hogares del mundo.www.losmontesdegalicia.es -La\" \/>\n\t<meta name=\"robots\" content=\"max-image-preview:large\" \/>\n\t<meta name=\"author\" content=\"admin\"\/>\n\t<meta name=\"google-site-verification\" content=\"UA-38556648-1\" \/>\n\t<meta name=\"keywords\" content=\"sabores\" \/>\n\t<link rel=\"canonical\" href=\"https:\/\/eldigitaldeasturias.com\/magazine365\/montes-de-galicia-conmemora-el-dia-del-padre\/\" \/>\n\t<meta name=\"generator\" content=\"All in One SEO Pro (AIOSEO) 4.9.6.1\" \/>\n\t\t<meta property=\"og:locale\" content=\"es_ES\" \/>\n\t\t<meta property=\"og:site_name\" content=\"El Digital de Asturias \u2013 Revista de ocio, turismo y estilo de vida\" \/>\n\t\t<meta property=\"og:type\" content=\"article\" \/>\n\t\t<meta property=\"og:title\" content=\"Montes de Galicia conmemora el D\u00eda del Padre | El Digital de Asturias\" \/>\n\t\t<meta property=\"og:description\" content=\"Ya est\u00e1 a la vuelta de la esquina el D\u00eda del Padre, y el restaurante Montes de Galicia, #ElMejorGallegoDeMadrid, presenta su plato Lomo bajo de vaca gallega para hacer las delicias de cualquier padre, a la vez que cuenta algunas curiosidades acerca de esta festividad que se celebra en casi todos los hogares del mundo.www.losmontesdegalicia.es -La\" \/>\n\t\t<meta property=\"og:url\" content=\"https:\/\/eldigitaldeasturias.com\/magazine365\/montes-de-galicia-conmemora-el-dia-del-padre\/\" \/>\n\t\t<meta property=\"og:image\" content=\"https:\/\/eldigitaldeasturias.com\/magazine365\/wp-content\/uploads\/2018\/02\/1519289224_LOMO_BAJO_DE_VACA_baja.jpg\" \/>\n\t\t<meta property=\"og:image:secure_url\" content=\"https:\/\/eldigitaldeasturias.com\/magazine365\/wp-content\/uploads\/2018\/02\/1519289224_LOMO_BAJO_DE_VACA_baja.jpg\" \/>\n\t\t<meta property=\"og:image:width\" content=\"1410\" \/>\n\t\t<meta property=\"og:image:height\" content=\"940\" \/>\n\t\t<meta property=\"article:published_time\" content=\"2018-02-26T15:02:40+00:00\" \/>\n\t\t<meta property=\"article:modified_time\" content=\"2018-02-26T15:02:40+00:00\" \/>\n\t\t<meta name=\"twitter:card\" content=\"summary_large_image\" \/>\n\t\t<meta name=\"twitter:title\" content=\"Montes de Galicia conmemora el D\u00eda del Padre | El Digital de Asturias\" \/>\n\t\t<meta name=\"twitter:description\" content=\"Ya est\u00e1 a la vuelta de la esquina el D\u00eda del Padre, y el restaurante Montes de Galicia, #ElMejorGallegoDeMadrid, presenta su plato Lomo bajo de vaca gallega para hacer las delicias de cualquier padre, a la vez que cuenta algunas curiosidades acerca de esta festividad que se celebra en casi todos los hogares del mundo.www.losmontesdegalicia.es -La\" \/>\n\t\t<meta name=\"twitter:image\" content=\"https:\/\/eldigitaldeasturias.com\/magazine365\/wp-content\/uploads\/2018\/02\/1519289224_LOMO_BAJO_DE_VACA_baja.jpg\" \/>\n\t\t<script type=\"application\/ld+json\" class=\"aioseo-schema\">\n\t\t\t{\"@context\":\"https:\\\/\\\/schema.org\",\"@graph\":[{\"@type\":\"Article\",\"@id\":\"https:\\\/\\\/eldigitaldeasturias.com\\\/magazine365\\\/montes-de-galicia-conmemora-el-dia-del-padre\\\/#article\",\"name\":\"Montes de Galicia conmemora el D\\u00eda del Padre | El Digital de Asturias\",\"headline\":\"Montes de Galicia conmemora el D\\u00eda del Padre\",\"author\":{\"@id\":\"https:\\\/\\\/eldigitaldeasturias.com\\\/magazine365\\\/author\\\/admin\\\/#author\"},\"publisher\":{\"@id\":\"https:\\\/\\\/eldigitaldeasturias.com\\\/magazine365\\\/#organization\"},\"image\":{\"@type\":\"ImageObject\",\"url\":\"https:\\\/\\\/eldigitaldeasturias.com\\\/magazine365\\\/wp-content\\\/uploads\\\/2018\\\/02\\\/1519289224_LOMO_BAJO_DE_VACA_baja.jpg\",\"width\":1410,\"height\":940},\"datePublished\":\"2018-02-26T15:02:40+01:00\",\"dateModified\":\"2018-02-26T15:02:40+01:00\",\"inLanguage\":\"es-ES\",\"mainEntityOfPage\":{\"@id\":\"https:\\\/\\\/eldigitaldeasturias.com\\\/magazine365\\\/montes-de-galicia-conmemora-el-dia-del-padre\\\/#webpage\"},\"isPartOf\":{\"@id\":\"https:\\\/\\\/eldigitaldeasturias.com\\\/magazine365\\\/montes-de-galicia-conmemora-el-dia-del-padre\\\/#webpage\"},\"articleSection\":\"Sabores\"},{\"@type\":\"BreadcrumbList\",\"@id\":\"https:\\\/\\\/eldigitaldeasturias.com\\\/magazine365\\\/montes-de-galicia-conmemora-el-dia-del-padre\\\/#breadcrumblist\",\"itemListElement\":[{\"@type\":\"ListItem\",\"@id\":\"https:\\\/\\\/eldigitaldeasturias.com\\\/magazine365#listItem\",\"position\":1,\"name\":\"Home\",\"item\":\"https:\\\/\\\/eldigitaldeasturias.com\\\/magazine365\",\"nextItem\":{\"@type\":\"ListItem\",\"@id\":\"https:\\\/\\\/eldigitaldeasturias.com\\\/magazine365\\\/category\\\/sabores\\\/#listItem\",\"name\":\"Sabores\"}},{\"@type\":\"ListItem\",\"@id\":\"https:\\\/\\\/eldigitaldeasturias.com\\\/magazine365\\\/category\\\/sabores\\\/#listItem\",\"position\":2,\"name\":\"Sabores\",\"item\":\"https:\\\/\\\/eldigitaldeasturias.com\\\/magazine365\\\/category\\\/sabores\\\/\",\"nextItem\":{\"@type\":\"ListItem\",\"@id\":\"https:\\\/\\\/eldigitaldeasturias.com\\\/magazine365\\\/montes-de-galicia-conmemora-el-dia-del-padre\\\/#listItem\",\"name\":\"Montes de Galicia conmemora el D\\u00eda del Padre\"},\"previousItem\":{\"@type\":\"ListItem\",\"@id\":\"https:\\\/\\\/eldigitaldeasturias.com\\\/magazine365#listItem\",\"name\":\"Home\"}},{\"@type\":\"ListItem\",\"@id\":\"https:\\\/\\\/eldigitaldeasturias.com\\\/magazine365\\\/montes-de-galicia-conmemora-el-dia-del-padre\\\/#listItem\",\"position\":3,\"name\":\"Montes de Galicia conmemora el D\\u00eda del Padre\",\"previousItem\":{\"@type\":\"ListItem\",\"@id\":\"https:\\\/\\\/eldigitaldeasturias.com\\\/magazine365\\\/category\\\/sabores\\\/#listItem\",\"name\":\"Sabores\"}}]},{\"@type\":\"Organization\",\"@id\":\"https:\\\/\\\/eldigitaldeasturias.com\\\/magazine365\\\/#organization\",\"name\":\"El digital de Asturias\",\"description\":\"Revista de ocio, turismo y estilo de vida\",\"url\":\"https:\\\/\\\/eldigitaldeasturias.com\\\/magazine365\\\/\",\"logo\":{\"@type\":\"ImageObject\",\"url\":\"https:\\\/\\\/www.eldigitaldeasturias.com\\\/noticias\\\/wp-content\\\/uploads\\\/2020\\\/12\\\/EDA.jpg\",\"@id\":\"https:\\\/\\\/eldigitaldeasturias.com\\\/magazine365\\\/montes-de-galicia-conmemora-el-dia-del-padre\\\/#organizationLogo\"},\"image\":{\"@id\":\"https:\\\/\\\/eldigitaldeasturias.com\\\/magazine365\\\/montes-de-galicia-conmemora-el-dia-del-padre\\\/#organizationLogo\"}},{\"@type\":\"Person\",\"@id\":\"https:\\\/\\\/eldigitaldeasturias.com\\\/magazine365\\\/author\\\/admin\\\/#author\",\"url\":\"https:\\\/\\\/eldigitaldeasturias.com\\\/magazine365\\\/author\\\/admin\\\/\",\"name\":\"admin\",\"image\":{\"@type\":\"ImageObject\",\"@id\":\"https:\\\/\\\/eldigitaldeasturias.com\\\/magazine365\\\/montes-de-galicia-conmemora-el-dia-del-padre\\\/#authorImage\",\"url\":\"https:\\\/\\\/eldigitaldeasturias.com\\\/magazine365\\\/wp-content\\\/litespeed\\\/avatar\\\/e571bcf59a0edd6fa6838245a470f2fe.jpg?ver=1776969259\",\"width\":96,\"height\":96,\"caption\":\"admin\"}},{\"@type\":\"WebPage\",\"@id\":\"https:\\\/\\\/eldigitaldeasturias.com\\\/magazine365\\\/montes-de-galicia-conmemora-el-dia-del-padre\\\/#webpage\",\"url\":\"https:\\\/\\\/eldigitaldeasturias.com\\\/magazine365\\\/montes-de-galicia-conmemora-el-dia-del-padre\\\/\",\"name\":\"Montes de Galicia conmemora el D\\u00eda del Padre | El Digital de Asturias\",\"description\":\"Ya est\\u00e1 a la vuelta de la esquina el D\\u00eda del Padre, y el restaurante Montes de Galicia, #ElMejorGallegoDeMadrid, presenta su plato Lomo bajo de vaca gallega para hacer las delicias de cualquier padre, a la vez que cuenta algunas curiosidades acerca de esta festividad que se celebra en casi todos los hogares del mundo.www.losmontesdegalicia.es -La\",\"inLanguage\":\"es-ES\",\"isPartOf\":{\"@id\":\"https:\\\/\\\/eldigitaldeasturias.com\\\/magazine365\\\/#website\"},\"breadcrumb\":{\"@id\":\"https:\\\/\\\/eldigitaldeasturias.com\\\/magazine365\\\/montes-de-galicia-conmemora-el-dia-del-padre\\\/#breadcrumblist\"},\"author\":{\"@id\":\"https:\\\/\\\/eldigitaldeasturias.com\\\/magazine365\\\/author\\\/admin\\\/#author\"},\"creator\":{\"@id\":\"https:\\\/\\\/eldigitaldeasturias.com\\\/magazine365\\\/author\\\/admin\\\/#author\"},\"image\":{\"@type\":\"ImageObject\",\"url\":\"https:\\\/\\\/eldigitaldeasturias.com\\\/magazine365\\\/wp-content\\\/uploads\\\/2018\\\/02\\\/1519289224_LOMO_BAJO_DE_VACA_baja.jpg\",\"@id\":\"https:\\\/\\\/eldigitaldeasturias.com\\\/magazine365\\\/montes-de-galicia-conmemora-el-dia-del-padre\\\/#mainImage\",\"width\":1410,\"height\":940},\"primaryImageOfPage\":{\"@id\":\"https:\\\/\\\/eldigitaldeasturias.com\\\/magazine365\\\/montes-de-galicia-conmemora-el-dia-del-padre\\\/#mainImage\"},\"datePublished\":\"2018-02-26T15:02:40+01:00\",\"dateModified\":\"2018-02-26T15:02:40+01:00\"},{\"@type\":\"WebSite\",\"@id\":\"https:\\\/\\\/eldigitaldeasturias.com\\\/magazine365\\\/#website\",\"url\":\"https:\\\/\\\/eldigitaldeasturias.com\\\/magazine365\\\/\",\"name\":\"El Digital de Asturias\",\"description\":\"Revista de ocio, turismo y estilo de vida\",\"inLanguage\":\"es-ES\",\"publisher\":{\"@id\":\"https:\\\/\\\/eldigitaldeasturias.com\\\/magazine365\\\/#organization\"}}]}\n\t\t<\/script>\n\t\t<!-- All in One SEO Pro -->\r\n\t\t<title>Montes de Galicia conmemora el D\u00eda del Padre | El Digital de Asturias<\/title>\n\n","aioseo_head_json":{"title":"Montes de Galicia conmemora el D\u00eda del Padre | El Digital de Asturias","description":"Ya est\u00e1 a la vuelta de la esquina el D\u00eda del Padre, y el restaurante Montes de Galicia, #ElMejorGallegoDeMadrid, presenta su plato Lomo bajo de vaca gallega para hacer las delicias de cualquier padre, a la vez que cuenta algunas curiosidades acerca de esta festividad que se celebra en casi todos los hogares del mundo.www.losmontesdegalicia.es -La","canonical_url":"https:\/\/eldigitaldeasturias.com\/magazine365\/montes-de-galicia-conmemora-el-dia-del-padre\/","robots":"max-image-preview:large","keywords":"sabores","webmasterTools":{"google-site-verification":"UA-38556648-1","miscellaneous":""},"schema":{"@context":"https:\/\/schema.org","@graph":[{"@type":"Article","@id":"https:\/\/eldigitaldeasturias.com\/magazine365\/montes-de-galicia-conmemora-el-dia-del-padre\/#article","name":"Montes de Galicia conmemora el D\u00eda del Padre | El Digital de Asturias","headline":"Montes de Galicia conmemora el D\u00eda del Padre","author":{"@id":"https:\/\/eldigitaldeasturias.com\/magazine365\/author\/admin\/#author"},"publisher":{"@id":"https:\/\/eldigitaldeasturias.com\/magazine365\/#organization"},"image":{"@type":"ImageObject","url":"https:\/\/eldigitaldeasturias.com\/magazine365\/wp-content\/uploads\/2018\/02\/1519289224_LOMO_BAJO_DE_VACA_baja.jpg","width":1410,"height":940},"datePublished":"2018-02-26T15:02:40+01:00","dateModified":"2018-02-26T15:02:40+01:00","inLanguage":"es-ES","mainEntityOfPage":{"@id":"https:\/\/eldigitaldeasturias.com\/magazine365\/montes-de-galicia-conmemora-el-dia-del-padre\/#webpage"},"isPartOf":{"@id":"https:\/\/eldigitaldeasturias.com\/magazine365\/montes-de-galicia-conmemora-el-dia-del-padre\/#webpage"},"articleSection":"Sabores"},{"@type":"BreadcrumbList","@id":"https:\/\/eldigitaldeasturias.com\/magazine365\/montes-de-galicia-conmemora-el-dia-del-padre\/#breadcrumblist","itemListElement":[{"@type":"ListItem","@id":"https:\/\/eldigitaldeasturias.com\/magazine365#listItem","position":1,"name":"Home","item":"https:\/\/eldigitaldeasturias.com\/magazine365","nextItem":{"@type":"ListItem","@id":"https:\/\/eldigitaldeasturias.com\/magazine365\/category\/sabores\/#listItem","name":"Sabores"}},{"@type":"ListItem","@id":"https:\/\/eldigitaldeasturias.com\/magazine365\/category\/sabores\/#listItem","position":2,"name":"Sabores","item":"https:\/\/eldigitaldeasturias.com\/magazine365\/category\/sabores\/","nextItem":{"@type":"ListItem","@id":"https:\/\/eldigitaldeasturias.com\/magazine365\/montes-de-galicia-conmemora-el-dia-del-padre\/#listItem","name":"Montes de Galicia conmemora el D\u00eda del Padre"},"previousItem":{"@type":"ListItem","@id":"https:\/\/eldigitaldeasturias.com\/magazine365#listItem","name":"Home"}},{"@type":"ListItem","@id":"https:\/\/eldigitaldeasturias.com\/magazine365\/montes-de-galicia-conmemora-el-dia-del-padre\/#listItem","position":3,"name":"Montes de Galicia conmemora el D\u00eda del Padre","previousItem":{"@type":"ListItem","@id":"https:\/\/eldigitaldeasturias.com\/magazine365\/category\/sabores\/#listItem","name":"Sabores"}}]},{"@type":"Organization","@id":"https:\/\/eldigitaldeasturias.com\/magazine365\/#organization","name":"El digital de Asturias","description":"Revista de ocio, turismo y estilo de vida","url":"https:\/\/eldigitaldeasturias.com\/magazine365\/","logo":{"@type":"ImageObject","url":"https:\/\/www.eldigitaldeasturias.com\/noticias\/wp-content\/uploads\/2020\/12\/EDA.jpg","@id":"https:\/\/eldigitaldeasturias.com\/magazine365\/montes-de-galicia-conmemora-el-dia-del-padre\/#organizationLogo"},"image":{"@id":"https:\/\/eldigitaldeasturias.com\/magazine365\/montes-de-galicia-conmemora-el-dia-del-padre\/#organizationLogo"}},{"@type":"Person","@id":"https:\/\/eldigitaldeasturias.com\/magazine365\/author\/admin\/#author","url":"https:\/\/eldigitaldeasturias.com\/magazine365\/author\/admin\/","name":"admin","image":{"@type":"ImageObject","@id":"https:\/\/eldigitaldeasturias.com\/magazine365\/montes-de-galicia-conmemora-el-dia-del-padre\/#authorImage","url":"https:\/\/eldigitaldeasturias.com\/magazine365\/wp-content\/litespeed\/avatar\/e571bcf59a0edd6fa6838245a470f2fe.jpg?ver=1776969259","width":96,"height":96,"caption":"admin"}},{"@type":"WebPage","@id":"https:\/\/eldigitaldeasturias.com\/magazine365\/montes-de-galicia-conmemora-el-dia-del-padre\/#webpage","url":"https:\/\/eldigitaldeasturias.com\/magazine365\/montes-de-galicia-conmemora-el-dia-del-padre\/","name":"Montes de Galicia conmemora el D\u00eda del Padre | El Digital de Asturias","description":"Ya est\u00e1 a la vuelta de la esquina el D\u00eda del Padre, y el restaurante Montes de Galicia, #ElMejorGallegoDeMadrid, presenta su plato Lomo bajo de vaca gallega para hacer las delicias de cualquier padre, a la vez que cuenta algunas curiosidades acerca de esta festividad que se celebra en casi todos los hogares del mundo.www.losmontesdegalicia.es -La","inLanguage":"es-ES","isPartOf":{"@id":"https:\/\/eldigitaldeasturias.com\/magazine365\/#website"},"breadcrumb":{"@id":"https:\/\/eldigitaldeasturias.com\/magazine365\/montes-de-galicia-conmemora-el-dia-del-padre\/#breadcrumblist"},"author":{"@id":"https:\/\/eldigitaldeasturias.com\/magazine365\/author\/admin\/#author"},"creator":{"@id":"https:\/\/eldigitaldeasturias.com\/magazine365\/author\/admin\/#author"},"image":{"@type":"ImageObject","url":"https:\/\/eldigitaldeasturias.com\/magazine365\/wp-content\/uploads\/2018\/02\/1519289224_LOMO_BAJO_DE_VACA_baja.jpg","@id":"https:\/\/eldigitaldeasturias.com\/magazine365\/montes-de-galicia-conmemora-el-dia-del-padre\/#mainImage","width":1410,"height":940},"primaryImageOfPage":{"@id":"https:\/\/eldigitaldeasturias.com\/magazine365\/montes-de-galicia-conmemora-el-dia-del-padre\/#mainImage"},"datePublished":"2018-02-26T15:02:40+01:00","dateModified":"2018-02-26T15:02:40+01:00"},{"@type":"WebSite","@id":"https:\/\/eldigitaldeasturias.com\/magazine365\/#website","url":"https:\/\/eldigitaldeasturias.com\/magazine365\/","name":"El Digital de Asturias","description":"Revista de ocio, turismo y estilo de vida","inLanguage":"es-ES","publisher":{"@id":"https:\/\/eldigitaldeasturias.com\/magazine365\/#organization"}}]},"og:locale":"es_ES","og:site_name":"El Digital de Asturias \u2013 Revista de ocio, turismo y estilo de vida","og:type":"article","og:title":"Montes de Galicia conmemora el D\u00eda del Padre | El Digital de Asturias","og:description":"Ya est\u00e1 a la vuelta de la esquina el D\u00eda del Padre, y el restaurante Montes de Galicia, #ElMejorGallegoDeMadrid, presenta su plato Lomo bajo de vaca gallega para hacer las delicias de cualquier padre, a la vez que cuenta algunas curiosidades acerca de esta festividad que se celebra en casi todos los hogares del mundo.www.losmontesdegalicia.es -La","og:url":"https:\/\/eldigitaldeasturias.com\/magazine365\/montes-de-galicia-conmemora-el-dia-del-padre\/","og:image":"https:\/\/eldigitaldeasturias.com\/magazine365\/wp-content\/uploads\/2018\/02\/1519289224_LOMO_BAJO_DE_VACA_baja.jpg","og:image:secure_url":"https:\/\/eldigitaldeasturias.com\/magazine365\/wp-content\/uploads\/2018\/02\/1519289224_LOMO_BAJO_DE_VACA_baja.jpg","og:image:width":1410,"og:image:height":940,"article:published_time":"2018-02-26T15:02:40+00:00","article:modified_time":"2018-02-26T15:02:40+00:00","twitter:card":"summary_large_image","twitter:title":"Montes de Galicia conmemora el D\u00eda del Padre | El Digital de Asturias","twitter:description":"Ya est\u00e1 a la vuelta de la esquina el D\u00eda del Padre, y el restaurante Montes de Galicia, #ElMejorGallegoDeMadrid, presenta su plato Lomo bajo de vaca gallega para hacer las delicias de cualquier padre, a la vez que cuenta algunas curiosidades acerca de esta festividad que se celebra en casi todos los hogares del mundo.www.losmontesdegalicia.es -La","twitter:image":"https:\/\/eldigitaldeasturias.com\/magazine365\/wp-content\/uploads\/2018\/02\/1519289224_LOMO_BAJO_DE_VACA_baja.jpg"},"aioseo_meta_data":{"post_id":"91096","title":null,"description":null,"keywords":null,"keyphrases":null,"primary_term":null,"canonical_url":null,"og_title":null,"og_description":null,"og_object_type":"default","og_image_type":"default","og_image_url":null,"og_image_width":null,"og_image_height":null,"og_image_custom_url":null,"og_image_custom_fields":null,"og_video":null,"og_custom_url":null,"og_article_section":null,"og_article_tags":null,"twitter_use_og":false,"twitter_card":"default","twitter_image_type":"default","twitter_image_url":null,"twitter_image_custom_url":null,"twitter_image_custom_fields":null,"twitter_title":null,"twitter_description":null,"schema":{"blockGraphs":[],"customGraphs":[],"default":{"data":{"Article":[],"Course":[],"Dataset":[],"FAQPage":[],"Movie":[],"Person":[],"Product":[],"ProductReview":[],"Car":[],"Recipe":[],"Service":[],"SoftwareApplication":[],"WebPage":[]},"graphName":"","isEnabled":true},"graphs":[],"defaultGraph":"","defaultPostTypeGraph":""},"schema_type":null,"schema_type_options":null,"pillar_content":false,"robots_default":true,"robots_noindex":false,"robots_noarchive":false,"robots_nosnippet":false,"robots_nofollow":false,"robots_noimageindex":false,"robots_noodp":false,"robots_notranslate":false,"robots_max_snippet":null,"robots_max_videopreview":null,"robots_max_imagepreview":"large","priority":null,"frequency":null,"location":null,"local_seo":null,"seo_analyzer_scan_date":"2025-09-28 17:45:46","breadcrumb_settings":null,"limit_modified_date":false,"open_ai":null,"ai":null,"created":"2020-12-21 14:10:19","updated":"2025-09-28 17:45:46"},"aioseo_breadcrumb":"<div class=\"aioseo-breadcrumbs\"><span class=\"aioseo-breadcrumb\">\n\t<a href=\"https:\/\/eldigitaldeasturias.com\/magazine365\" title=\"Home\">Home<\/a>\n<\/span><span class=\"aioseo-breadcrumb-separator\">\u2013<\/span><span class=\"aioseo-breadcrumb\">\n\t<a href=\"https:\/\/eldigitaldeasturias.com\/magazine365\/category\/sabores\/\" title=\"Sabores\">Sabores<\/a>\n<\/span><span class=\"aioseo-breadcrumb-separator\">\u2013<\/span><span class=\"aioseo-breadcrumb\">\n\t<a href=\"https:\/\/eldigitaldeasturias.com\/magazine365\/montes-de-galicia-conmemora-el-dia-del-padre\/\" title=\"Montes de Galicia conmemora el D\u00eda del Padre\">Montes de Galicia conmemora el D\u00eda del Padre<\/a>\n<\/span><\/div>","aioseo_breadcrumb_json":[{"label":"Home","link":"https:\/\/eldigitaldeasturias.com\/magazine365"},{"label":"Sabores","link":"https:\/\/eldigitaldeasturias.com\/magazine365\/category\/sabores\/"},{"label":"Montes de Galicia conmemora el D\u00eda del Padre","link":"https:\/\/eldigitaldeasturias.com\/magazine365\/montes-de-galicia-conmemora-el-dia-del-padre\/"}],"_links":{"self":[{"href":"https:\/\/eldigitaldeasturias.com\/magazine365\/wp-json\/wp\/v2\/posts\/91096","targetHints":{"allow":["GET"]}}],"collection":[{"href":"https:\/\/eldigitaldeasturias.com\/magazine365\/wp-json\/wp\/v2\/posts"}],"about":[{"href":"https:\/\/eldigitaldeasturias.com\/magazine365\/wp-json\/wp\/v2\/types\/post"}],"author":[{"embeddable":true,"href":"https:\/\/eldigitaldeasturias.com\/magazine365\/wp-json\/wp\/v2\/users\/1"}],"replies":[{"embeddable":true,"href":"https:\/\/eldigitaldeasturias.com\/magazine365\/wp-json\/wp\/v2\/comments?post=91096"}],"version-history":[{"count":0,"href":"https:\/\/eldigitaldeasturias.com\/magazine365\/wp-json\/wp\/v2\/posts\/91096\/revisions"}],"wp:featuredmedia":[{"embeddable":true,"href":"https:\/\/eldigitaldeasturias.com\/magazine365\/wp-json\/wp\/v2\/media\/91097"}],"wp:attachment":[{"href":"https:\/\/eldigitaldeasturias.com\/magazine365\/wp-json\/wp\/v2\/media?parent=91096"}],"wp:term":[{"taxonomy":"category","embeddable":true,"href":"https:\/\/eldigitaldeasturias.com\/magazine365\/wp-json\/wp\/v2\/categories?post=91096"},{"taxonomy":"post_tag","embeddable":true,"href":"https:\/\/eldigitaldeasturias.com\/magazine365\/wp-json\/wp\/v2\/tags?post=91096"}],"curies":[{"name":"wp","href":"https:\/\/api.w.org\/{rel}","templated":true}]}}