{"id":90961,"date":"2018-02-13T12:53:41","date_gmt":"2018-02-13T12:53:41","guid":{"rendered":"http:\/\/eldigitaldeasturias.com\/magazine365\/?p=90961"},"modified":"2018-02-13T12:53:41","modified_gmt":"2018-02-13T12:53:41","slug":"llega-valdelacierva-rose-2017-un-nuevo-invitado-a-la-cita-de-san-valentin","status":"publish","type":"post","link":"https:\/\/eldigitaldeasturias.com\/magazine365\/llega-valdelacierva-rose-2017-un-nuevo-invitado-a-la-cita-de-san-valentin\/","title":{"rendered":"Llega \u00abValdelacierva Ros\u00e9 2017\u00bb un nuevo invitado a la cita de San Valent\u00edn"},"content":{"rendered":"<p><strong><img fetchpriority=\"high\" decoding=\"async\" class=\"alignleft size-medium wp-image-90962\" src=\"https:\/\/eldigitaldeasturias.com\/magazine365\/wp-content\/uploads\/2018\/02\/1518460873_VALDELACIERVA_ROS_detalle_br_-360x264.jpg\" alt=\"\" width=\"360\" height=\"264\" srcset=\"https:\/\/eldigitaldeasturias.com\/magazine365\/wp-content\/uploads\/2018\/02\/1518460873_VALDELACIERVA_ROS_detalle_br_-360x264.jpg 360w, https:\/\/eldigitaldeasturias.com\/magazine365\/wp-content\/uploads\/2018\/02\/1518460873_VALDELACIERVA_ROS_detalle_br_-150x110.jpg 150w, https:\/\/eldigitaldeasturias.com\/magazine365\/wp-content\/uploads\/2018\/02\/1518460873_VALDELACIERVA_ROS_detalle_br_-450x330.jpg 450w, https:\/\/eldigitaldeasturias.com\/magazine365\/wp-content\/uploads\/2018\/02\/1518460873_VALDELACIERVA_ROS_detalle_br_-90x67.jpg 90w, https:\/\/eldigitaldeasturias.com\/magazine365\/wp-content\/uploads\/2018\/02\/1518460873_VALDELACIERVA_ROS_detalle_br_.jpg 600w\" sizes=\"(max-width: 360px) 100vw, 360px\" \/>Valdelacierva Ros\u00e9 2017<\/strong>\u00a0llega al mercado puntual a su cita de San Valent\u00edn para seguir enamorando a todos los que buscan un vino rosado diferente. Es su segunda a\u00f1ada,\u00a0<strong>Valdelacierva Ros\u00e9,\u00a0<\/strong>este rosado que fue elegido el a\u00f1o pasado como representante de los vinos espa\u00f1oles por la ONG \u201cFashion for Relief\u201d de Naomi Campbell as\u00ed como el mejor rosado de Rioja, se presenta divertido e informal preservando los aromas y sabores del fruto y con un trago agradable y equilibrado dentro de la vivacidad del vino.<\/p>\n<p>Con la a\u00f1ada 2017 y coincidiendo con el 14 de febrero, Bodegas Valdelacierva lanza la segunda a\u00f1ada de su ros\u00e9 para seguir descubriendo este vino que procede del sangrado directo de uva 100% Tempranillo. Su elaboraci\u00f3n, selecci\u00f3n de uva de los vi\u00f1edos de la zona de Rioja Alavesa junto a su imagen y poca producci\u00f3n han convertido a Valdelacierva Ros\u00e9 en una buena oportunidad para conocer nuevos vinos y referentes dentro de los vinos de calidad.<\/p>\n<p><strong>Sobre el vino<\/strong><\/p>\n<p>Con una imagen fresca, moderna y divertida es un rosado elaborado 100% Tempranillo. Encuentra su atractivo en un color p\u00e1lido, asalmonado y con una nariz intensa, elegante y compleja, con mucha expresi\u00f3n a fruta, sobretodo, melocot\u00f3n y fresa. En boca es goloso y con volumen y tiene un paso equilibrado y un retrogusto largo y fresco. Un vino que llama t\u00edmidamente, pero con paso firme y seguro, al p\u00f3dium de los vinos rosados m\u00e1s deseados. Su precio es de 4 euros y est\u00e1 disponible en formato de 75 cl.<\/p>\n<p><strong>Sobre Bodegas Valdelacierva<\/strong><\/p>\n<p>Fundadas en 1988, pertenecen al Grupo Hispano Bodegas con bodegas en Rioja, Ribera del Duero y Rueda. Valdelacierva est\u00e1 situada en pleno coraz\u00f3n de la Rioja Alta (Navarrete) y cuenta con m\u00e1s de 200 hras. de vi\u00f1edo que se reparte en peque\u00f1as parcelas con cepas de 25-130 a\u00f1os de antig\u00fcedad. La bodega de car\u00e1cter joven y din\u00e1mico, se inclina por la elaboraci\u00f3n de vinos con el sello del terru\u00f1o y la uva tempranillo como protagonista. Los vinos de la bodega proceden de vi\u00f1edos seleccionados de las localidades de San Vicente de la Sonsierra, Briones, Ba\u00f1os de Ebro y Y\u00e9cora.<\/p>\n<p>&nbsp;<\/p>\n","protected":false},"excerpt":{"rendered":"<p>Valdelacierva Ros\u00e9 2017\u00a0llega al mercado puntual a su cita de San Valent\u00edn para seguir enamorando a todos los que buscan un vino rosado diferente. Es su segunda a\u00f1ada,\u00a0Valdelacierva Ros\u00e9,\u00a0este rosado que fue elegido el a\u00f1o pasado como representante de los vinos espa\u00f1oles por la ONG \u201cFashion for Relief\u201d de Naomi Campbell as\u00ed como el mejor<\/p>\n","protected":false},"author":1,"featured_media":90962,"comment_status":"closed","ping_status":"closed","sticky":false,"template":"","format":"standard","meta":{"footnotes":""},"categories":[217],"tags":[],"class_list":{"0":"post-90961","1":"post","2":"type-post","3":"status-publish","4":"format-standard","5":"has-post-thumbnail","7":"category-sabores"},"aioseo_notices":[],"aioseo_head":"\n\t\t<!-- All in One SEO Pro 4.9.6.1 - aioseo.com -->\n\t<meta name=\"description\" content=\"Valdelacierva Ros\u00e9 2017 llega al mercado puntual a su cita de San Valent\u00edn para seguir enamorando a todos los que buscan un vino rosado diferente. Es su segunda a\u00f1ada, Valdelacierva Ros\u00e9, este rosado que fue elegido el a\u00f1o pasado como representante de los vinos espa\u00f1oles por la ONG \u201cFashion for Relief\u201d de Naomi Campbell as\u00ed como el mejor\" \/>\n\t<meta name=\"robots\" content=\"max-image-preview:large\" \/>\n\t<meta name=\"author\" content=\"admin\"\/>\n\t<meta name=\"google-site-verification\" content=\"UA-38556648-1\" \/>\n\t<meta name=\"keywords\" content=\"sabores\" \/>\n\t<link rel=\"canonical\" href=\"https:\/\/eldigitaldeasturias.com\/magazine365\/llega-valdelacierva-rose-2017-un-nuevo-invitado-a-la-cita-de-san-valentin\/\" \/>\n\t<meta name=\"generator\" content=\"All in One SEO Pro (AIOSEO) 4.9.6.1\" \/>\n\t\t<meta property=\"og:locale\" content=\"es_ES\" \/>\n\t\t<meta property=\"og:site_name\" content=\"El Digital de Asturias \u2013 Revista de ocio, turismo y estilo de vida\" \/>\n\t\t<meta property=\"og:type\" content=\"article\" \/>\n\t\t<meta property=\"og:title\" content=\"Llega \u00abValdelacierva Ros\u00e9 2017\u00bb un nuevo invitado a la cita de San Valent\u00edn | El Digital de Asturias\" \/>\n\t\t<meta property=\"og:description\" content=\"Valdelacierva Ros\u00e9 2017 llega al mercado puntual a su cita de San Valent\u00edn para seguir enamorando a todos los que buscan un vino rosado diferente. Es su segunda a\u00f1ada, Valdelacierva Ros\u00e9, este rosado que fue elegido el a\u00f1o pasado como representante de los vinos espa\u00f1oles por la ONG \u201cFashion for Relief\u201d de Naomi Campbell as\u00ed como el mejor\" \/>\n\t\t<meta property=\"og:url\" content=\"https:\/\/eldigitaldeasturias.com\/magazine365\/llega-valdelacierva-rose-2017-un-nuevo-invitado-a-la-cita-de-san-valentin\/\" \/>\n\t\t<meta property=\"og:image\" content=\"https:\/\/eldigitaldeasturias.com\/magazine365\/wp-content\/uploads\/2018\/02\/1518460873_VALDELACIERVA_ROS_detalle_br_.jpg\" \/>\n\t\t<meta property=\"og:image:secure_url\" content=\"https:\/\/eldigitaldeasturias.com\/magazine365\/wp-content\/uploads\/2018\/02\/1518460873_VALDELACIERVA_ROS_detalle_br_.jpg\" \/>\n\t\t<meta property=\"og:image:width\" content=\"600\" \/>\n\t\t<meta property=\"og:image:height\" content=\"440\" \/>\n\t\t<meta property=\"article:published_time\" content=\"2018-02-13T12:53:41+00:00\" \/>\n\t\t<meta property=\"article:modified_time\" content=\"2018-02-13T12:53:41+00:00\" \/>\n\t\t<meta name=\"twitter:card\" content=\"summary_large_image\" \/>\n\t\t<meta name=\"twitter:title\" content=\"Llega \u00abValdelacierva Ros\u00e9 2017\u00bb un nuevo invitado a la cita de San Valent\u00edn | El Digital de Asturias\" \/>\n\t\t<meta name=\"twitter:description\" content=\"Valdelacierva Ros\u00e9 2017 llega al mercado puntual a su cita de San Valent\u00edn para seguir enamorando a todos los que buscan un vino rosado diferente. Es su segunda a\u00f1ada, Valdelacierva Ros\u00e9, este rosado que fue elegido el a\u00f1o pasado como representante de los vinos espa\u00f1oles por la ONG \u201cFashion for Relief\u201d de Naomi Campbell as\u00ed como el mejor\" \/>\n\t\t<meta name=\"twitter:image\" content=\"https:\/\/eldigitaldeasturias.com\/magazine365\/wp-content\/uploads\/2018\/02\/1518460873_VALDELACIERVA_ROS_detalle_br_.jpg\" \/>\n\t\t<script type=\"application\/ld+json\" class=\"aioseo-schema\">\n\t\t\t{\"@context\":\"https:\\\/\\\/schema.org\",\"@graph\":[{\"@type\":\"Article\",\"@id\":\"https:\\\/\\\/eldigitaldeasturias.com\\\/magazine365\\\/llega-valdelacierva-rose-2017-un-nuevo-invitado-a-la-cita-de-san-valentin\\\/#article\",\"name\":\"Llega \\u00abValdelacierva Ros\\u00e9 2017\\u00bb un nuevo invitado a la cita de San Valent\\u00edn | El Digital de Asturias\",\"headline\":\"Llega \\u00abValdelacierva Ros\\u00e9 2017\\u00bb un nuevo invitado a la cita de San Valent\\u00edn\",\"author\":{\"@id\":\"https:\\\/\\\/eldigitaldeasturias.com\\\/magazine365\\\/author\\\/admin\\\/#author\"},\"publisher\":{\"@id\":\"https:\\\/\\\/eldigitaldeasturias.com\\\/magazine365\\\/#organization\"},\"image\":{\"@type\":\"ImageObject\",\"url\":\"https:\\\/\\\/eldigitaldeasturias.com\\\/magazine365\\\/wp-content\\\/uploads\\\/2018\\\/02\\\/1518460873_VALDELACIERVA_ROS_detalle_br_.jpg\",\"width\":600,\"height\":440},\"datePublished\":\"2018-02-13T12:53:41+01:00\",\"dateModified\":\"2018-02-13T12:53:41+01:00\",\"inLanguage\":\"es-ES\",\"mainEntityOfPage\":{\"@id\":\"https:\\\/\\\/eldigitaldeasturias.com\\\/magazine365\\\/llega-valdelacierva-rose-2017-un-nuevo-invitado-a-la-cita-de-san-valentin\\\/#webpage\"},\"isPartOf\":{\"@id\":\"https:\\\/\\\/eldigitaldeasturias.com\\\/magazine365\\\/llega-valdelacierva-rose-2017-un-nuevo-invitado-a-la-cita-de-san-valentin\\\/#webpage\"},\"articleSection\":\"Sabores\"},{\"@type\":\"BreadcrumbList\",\"@id\":\"https:\\\/\\\/eldigitaldeasturias.com\\\/magazine365\\\/llega-valdelacierva-rose-2017-un-nuevo-invitado-a-la-cita-de-san-valentin\\\/#breadcrumblist\",\"itemListElement\":[{\"@type\":\"ListItem\",\"@id\":\"https:\\\/\\\/eldigitaldeasturias.com\\\/magazine365#listItem\",\"position\":1,\"name\":\"Home\",\"item\":\"https:\\\/\\\/eldigitaldeasturias.com\\\/magazine365\",\"nextItem\":{\"@type\":\"ListItem\",\"@id\":\"https:\\\/\\\/eldigitaldeasturias.com\\\/magazine365\\\/category\\\/sabores\\\/#listItem\",\"name\":\"Sabores\"}},{\"@type\":\"ListItem\",\"@id\":\"https:\\\/\\\/eldigitaldeasturias.com\\\/magazine365\\\/category\\\/sabores\\\/#listItem\",\"position\":2,\"name\":\"Sabores\",\"item\":\"https:\\\/\\\/eldigitaldeasturias.com\\\/magazine365\\\/category\\\/sabores\\\/\",\"nextItem\":{\"@type\":\"ListItem\",\"@id\":\"https:\\\/\\\/eldigitaldeasturias.com\\\/magazine365\\\/llega-valdelacierva-rose-2017-un-nuevo-invitado-a-la-cita-de-san-valentin\\\/#listItem\",\"name\":\"Llega \\u00abValdelacierva Ros\\u00e9 2017\\u00bb un nuevo invitado a la cita de San Valent\\u00edn\"},\"previousItem\":{\"@type\":\"ListItem\",\"@id\":\"https:\\\/\\\/eldigitaldeasturias.com\\\/magazine365#listItem\",\"name\":\"Home\"}},{\"@type\":\"ListItem\",\"@id\":\"https:\\\/\\\/eldigitaldeasturias.com\\\/magazine365\\\/llega-valdelacierva-rose-2017-un-nuevo-invitado-a-la-cita-de-san-valentin\\\/#listItem\",\"position\":3,\"name\":\"Llega \\u00abValdelacierva Ros\\u00e9 2017\\u00bb un nuevo invitado a la cita de San Valent\\u00edn\",\"previousItem\":{\"@type\":\"ListItem\",\"@id\":\"https:\\\/\\\/eldigitaldeasturias.com\\\/magazine365\\\/category\\\/sabores\\\/#listItem\",\"name\":\"Sabores\"}}]},{\"@type\":\"Organization\",\"@id\":\"https:\\\/\\\/eldigitaldeasturias.com\\\/magazine365\\\/#organization\",\"name\":\"El digital de Asturias\",\"description\":\"Revista de ocio, turismo y estilo de vida\",\"url\":\"https:\\\/\\\/eldigitaldeasturias.com\\\/magazine365\\\/\",\"logo\":{\"@type\":\"ImageObject\",\"url\":\"https:\\\/\\\/www.eldigitaldeasturias.com\\\/noticias\\\/wp-content\\\/uploads\\\/2020\\\/12\\\/EDA.jpg\",\"@id\":\"https:\\\/\\\/eldigitaldeasturias.com\\\/magazine365\\\/llega-valdelacierva-rose-2017-un-nuevo-invitado-a-la-cita-de-san-valentin\\\/#organizationLogo\"},\"image\":{\"@id\":\"https:\\\/\\\/eldigitaldeasturias.com\\\/magazine365\\\/llega-valdelacierva-rose-2017-un-nuevo-invitado-a-la-cita-de-san-valentin\\\/#organizationLogo\"}},{\"@type\":\"Person\",\"@id\":\"https:\\\/\\\/eldigitaldeasturias.com\\\/magazine365\\\/author\\\/admin\\\/#author\",\"url\":\"https:\\\/\\\/eldigitaldeasturias.com\\\/magazine365\\\/author\\\/admin\\\/\",\"name\":\"admin\",\"image\":{\"@type\":\"ImageObject\",\"@id\":\"https:\\\/\\\/eldigitaldeasturias.com\\\/magazine365\\\/llega-valdelacierva-rose-2017-un-nuevo-invitado-a-la-cita-de-san-valentin\\\/#authorImage\",\"url\":\"https:\\\/\\\/eldigitaldeasturias.com\\\/magazine365\\\/wp-content\\\/litespeed\\\/avatar\\\/e571bcf59a0edd6fa6838245a470f2fe.jpg?ver=1776969259\",\"width\":96,\"height\":96,\"caption\":\"admin\"}},{\"@type\":\"WebPage\",\"@id\":\"https:\\\/\\\/eldigitaldeasturias.com\\\/magazine365\\\/llega-valdelacierva-rose-2017-un-nuevo-invitado-a-la-cita-de-san-valentin\\\/#webpage\",\"url\":\"https:\\\/\\\/eldigitaldeasturias.com\\\/magazine365\\\/llega-valdelacierva-rose-2017-un-nuevo-invitado-a-la-cita-de-san-valentin\\\/\",\"name\":\"Llega \\u00abValdelacierva Ros\\u00e9 2017\\u00bb un nuevo invitado a la cita de San Valent\\u00edn | El Digital de Asturias\",\"description\":\"Valdelacierva Ros\\u00e9 2017 llega al mercado puntual a su cita de San Valent\\u00edn para seguir enamorando a todos los que buscan un vino rosado diferente. Es su segunda a\\u00f1ada, Valdelacierva Ros\\u00e9, este rosado que fue elegido el a\\u00f1o pasado como representante de los vinos espa\\u00f1oles por la ONG \\u201cFashion for Relief\\u201d de Naomi Campbell as\\u00ed como el mejor\",\"inLanguage\":\"es-ES\",\"isPartOf\":{\"@id\":\"https:\\\/\\\/eldigitaldeasturias.com\\\/magazine365\\\/#website\"},\"breadcrumb\":{\"@id\":\"https:\\\/\\\/eldigitaldeasturias.com\\\/magazine365\\\/llega-valdelacierva-rose-2017-un-nuevo-invitado-a-la-cita-de-san-valentin\\\/#breadcrumblist\"},\"author\":{\"@id\":\"https:\\\/\\\/eldigitaldeasturias.com\\\/magazine365\\\/author\\\/admin\\\/#author\"},\"creator\":{\"@id\":\"https:\\\/\\\/eldigitaldeasturias.com\\\/magazine365\\\/author\\\/admin\\\/#author\"},\"image\":{\"@type\":\"ImageObject\",\"url\":\"https:\\\/\\\/eldigitaldeasturias.com\\\/magazine365\\\/wp-content\\\/uploads\\\/2018\\\/02\\\/1518460873_VALDELACIERVA_ROS_detalle_br_.jpg\",\"@id\":\"https:\\\/\\\/eldigitaldeasturias.com\\\/magazine365\\\/llega-valdelacierva-rose-2017-un-nuevo-invitado-a-la-cita-de-san-valentin\\\/#mainImage\",\"width\":600,\"height\":440},\"primaryImageOfPage\":{\"@id\":\"https:\\\/\\\/eldigitaldeasturias.com\\\/magazine365\\\/llega-valdelacierva-rose-2017-un-nuevo-invitado-a-la-cita-de-san-valentin\\\/#mainImage\"},\"datePublished\":\"2018-02-13T12:53:41+01:00\",\"dateModified\":\"2018-02-13T12:53:41+01:00\"},{\"@type\":\"WebSite\",\"@id\":\"https:\\\/\\\/eldigitaldeasturias.com\\\/magazine365\\\/#website\",\"url\":\"https:\\\/\\\/eldigitaldeasturias.com\\\/magazine365\\\/\",\"name\":\"El Digital de Asturias\",\"description\":\"Revista de ocio, turismo y estilo de vida\",\"inLanguage\":\"es-ES\",\"publisher\":{\"@id\":\"https:\\\/\\\/eldigitaldeasturias.com\\\/magazine365\\\/#organization\"}}]}\n\t\t<\/script>\n\t\t<!-- All in One SEO Pro -->\r\n\t\t<title>Llega \u00abValdelacierva Ros\u00e9 2017\u00bb un nuevo invitado a la cita de San Valent\u00edn | El Digital de Asturias<\/title>\n\n","aioseo_head_json":{"title":"Llega \u00abValdelacierva Ros\u00e9 2017\u00bb un nuevo invitado a la cita de San Valent\u00edn | El Digital de Asturias","description":"Valdelacierva Ros\u00e9 2017 llega al mercado puntual a su cita de San Valent\u00edn para seguir enamorando a todos los que buscan un vino rosado diferente. Es su segunda a\u00f1ada, Valdelacierva Ros\u00e9, este rosado que fue elegido el a\u00f1o pasado como representante de los vinos espa\u00f1oles por la ONG \u201cFashion for Relief\u201d de Naomi Campbell as\u00ed como el mejor","canonical_url":"https:\/\/eldigitaldeasturias.com\/magazine365\/llega-valdelacierva-rose-2017-un-nuevo-invitado-a-la-cita-de-san-valentin\/","robots":"max-image-preview:large","keywords":"sabores","webmasterTools":{"google-site-verification":"UA-38556648-1","miscellaneous":""},"schema":{"@context":"https:\/\/schema.org","@graph":[{"@type":"Article","@id":"https:\/\/eldigitaldeasturias.com\/magazine365\/llega-valdelacierva-rose-2017-un-nuevo-invitado-a-la-cita-de-san-valentin\/#article","name":"Llega \u00abValdelacierva Ros\u00e9 2017\u00bb un nuevo invitado a la cita de San Valent\u00edn | El Digital de Asturias","headline":"Llega \u00abValdelacierva Ros\u00e9 2017\u00bb un nuevo invitado a la cita de San Valent\u00edn","author":{"@id":"https:\/\/eldigitaldeasturias.com\/magazine365\/author\/admin\/#author"},"publisher":{"@id":"https:\/\/eldigitaldeasturias.com\/magazine365\/#organization"},"image":{"@type":"ImageObject","url":"https:\/\/eldigitaldeasturias.com\/magazine365\/wp-content\/uploads\/2018\/02\/1518460873_VALDELACIERVA_ROS_detalle_br_.jpg","width":600,"height":440},"datePublished":"2018-02-13T12:53:41+01:00","dateModified":"2018-02-13T12:53:41+01:00","inLanguage":"es-ES","mainEntityOfPage":{"@id":"https:\/\/eldigitaldeasturias.com\/magazine365\/llega-valdelacierva-rose-2017-un-nuevo-invitado-a-la-cita-de-san-valentin\/#webpage"},"isPartOf":{"@id":"https:\/\/eldigitaldeasturias.com\/magazine365\/llega-valdelacierva-rose-2017-un-nuevo-invitado-a-la-cita-de-san-valentin\/#webpage"},"articleSection":"Sabores"},{"@type":"BreadcrumbList","@id":"https:\/\/eldigitaldeasturias.com\/magazine365\/llega-valdelacierva-rose-2017-un-nuevo-invitado-a-la-cita-de-san-valentin\/#breadcrumblist","itemListElement":[{"@type":"ListItem","@id":"https:\/\/eldigitaldeasturias.com\/magazine365#listItem","position":1,"name":"Home","item":"https:\/\/eldigitaldeasturias.com\/magazine365","nextItem":{"@type":"ListItem","@id":"https:\/\/eldigitaldeasturias.com\/magazine365\/category\/sabores\/#listItem","name":"Sabores"}},{"@type":"ListItem","@id":"https:\/\/eldigitaldeasturias.com\/magazine365\/category\/sabores\/#listItem","position":2,"name":"Sabores","item":"https:\/\/eldigitaldeasturias.com\/magazine365\/category\/sabores\/","nextItem":{"@type":"ListItem","@id":"https:\/\/eldigitaldeasturias.com\/magazine365\/llega-valdelacierva-rose-2017-un-nuevo-invitado-a-la-cita-de-san-valentin\/#listItem","name":"Llega \u00abValdelacierva Ros\u00e9 2017\u00bb un nuevo invitado a la cita de San Valent\u00edn"},"previousItem":{"@type":"ListItem","@id":"https:\/\/eldigitaldeasturias.com\/magazine365#listItem","name":"Home"}},{"@type":"ListItem","@id":"https:\/\/eldigitaldeasturias.com\/magazine365\/llega-valdelacierva-rose-2017-un-nuevo-invitado-a-la-cita-de-san-valentin\/#listItem","position":3,"name":"Llega \u00abValdelacierva Ros\u00e9 2017\u00bb un nuevo invitado a la cita de San Valent\u00edn","previousItem":{"@type":"ListItem","@id":"https:\/\/eldigitaldeasturias.com\/magazine365\/category\/sabores\/#listItem","name":"Sabores"}}]},{"@type":"Organization","@id":"https:\/\/eldigitaldeasturias.com\/magazine365\/#organization","name":"El digital de Asturias","description":"Revista de ocio, turismo y estilo de vida","url":"https:\/\/eldigitaldeasturias.com\/magazine365\/","logo":{"@type":"ImageObject","url":"https:\/\/www.eldigitaldeasturias.com\/noticias\/wp-content\/uploads\/2020\/12\/EDA.jpg","@id":"https:\/\/eldigitaldeasturias.com\/magazine365\/llega-valdelacierva-rose-2017-un-nuevo-invitado-a-la-cita-de-san-valentin\/#organizationLogo"},"image":{"@id":"https:\/\/eldigitaldeasturias.com\/magazine365\/llega-valdelacierva-rose-2017-un-nuevo-invitado-a-la-cita-de-san-valentin\/#organizationLogo"}},{"@type":"Person","@id":"https:\/\/eldigitaldeasturias.com\/magazine365\/author\/admin\/#author","url":"https:\/\/eldigitaldeasturias.com\/magazine365\/author\/admin\/","name":"admin","image":{"@type":"ImageObject","@id":"https:\/\/eldigitaldeasturias.com\/magazine365\/llega-valdelacierva-rose-2017-un-nuevo-invitado-a-la-cita-de-san-valentin\/#authorImage","url":"https:\/\/eldigitaldeasturias.com\/magazine365\/wp-content\/litespeed\/avatar\/e571bcf59a0edd6fa6838245a470f2fe.jpg?ver=1776969259","width":96,"height":96,"caption":"admin"}},{"@type":"WebPage","@id":"https:\/\/eldigitaldeasturias.com\/magazine365\/llega-valdelacierva-rose-2017-un-nuevo-invitado-a-la-cita-de-san-valentin\/#webpage","url":"https:\/\/eldigitaldeasturias.com\/magazine365\/llega-valdelacierva-rose-2017-un-nuevo-invitado-a-la-cita-de-san-valentin\/","name":"Llega \u00abValdelacierva Ros\u00e9 2017\u00bb un nuevo invitado a la cita de San Valent\u00edn | El Digital de Asturias","description":"Valdelacierva Ros\u00e9 2017 llega al mercado puntual a su cita de San Valent\u00edn para seguir enamorando a todos los que buscan un vino rosado diferente. Es su segunda a\u00f1ada, Valdelacierva Ros\u00e9, este rosado que fue elegido el a\u00f1o pasado como representante de los vinos espa\u00f1oles por la ONG \u201cFashion for Relief\u201d de Naomi Campbell as\u00ed como el mejor","inLanguage":"es-ES","isPartOf":{"@id":"https:\/\/eldigitaldeasturias.com\/magazine365\/#website"},"breadcrumb":{"@id":"https:\/\/eldigitaldeasturias.com\/magazine365\/llega-valdelacierva-rose-2017-un-nuevo-invitado-a-la-cita-de-san-valentin\/#breadcrumblist"},"author":{"@id":"https:\/\/eldigitaldeasturias.com\/magazine365\/author\/admin\/#author"},"creator":{"@id":"https:\/\/eldigitaldeasturias.com\/magazine365\/author\/admin\/#author"},"image":{"@type":"ImageObject","url":"https:\/\/eldigitaldeasturias.com\/magazine365\/wp-content\/uploads\/2018\/02\/1518460873_VALDELACIERVA_ROS_detalle_br_.jpg","@id":"https:\/\/eldigitaldeasturias.com\/magazine365\/llega-valdelacierva-rose-2017-un-nuevo-invitado-a-la-cita-de-san-valentin\/#mainImage","width":600,"height":440},"primaryImageOfPage":{"@id":"https:\/\/eldigitaldeasturias.com\/magazine365\/llega-valdelacierva-rose-2017-un-nuevo-invitado-a-la-cita-de-san-valentin\/#mainImage"},"datePublished":"2018-02-13T12:53:41+01:00","dateModified":"2018-02-13T12:53:41+01:00"},{"@type":"WebSite","@id":"https:\/\/eldigitaldeasturias.com\/magazine365\/#website","url":"https:\/\/eldigitaldeasturias.com\/magazine365\/","name":"El Digital de Asturias","description":"Revista de ocio, turismo y estilo de vida","inLanguage":"es-ES","publisher":{"@id":"https:\/\/eldigitaldeasturias.com\/magazine365\/#organization"}}]},"og:locale":"es_ES","og:site_name":"El Digital de Asturias \u2013 Revista de ocio, turismo y estilo de vida","og:type":"article","og:title":"Llega \u00abValdelacierva Ros\u00e9 2017\u00bb un nuevo invitado a la cita de San Valent\u00edn | El Digital de Asturias","og:description":"Valdelacierva Ros\u00e9 2017 llega al mercado puntual a su cita de San Valent\u00edn para seguir enamorando a todos los que buscan un vino rosado diferente. Es su segunda a\u00f1ada, Valdelacierva Ros\u00e9, este rosado que fue elegido el a\u00f1o pasado como representante de los vinos espa\u00f1oles por la ONG \u201cFashion for Relief\u201d de Naomi Campbell as\u00ed como el mejor","og:url":"https:\/\/eldigitaldeasturias.com\/magazine365\/llega-valdelacierva-rose-2017-un-nuevo-invitado-a-la-cita-de-san-valentin\/","og:image":"https:\/\/eldigitaldeasturias.com\/magazine365\/wp-content\/uploads\/2018\/02\/1518460873_VALDELACIERVA_ROS_detalle_br_.jpg","og:image:secure_url":"https:\/\/eldigitaldeasturias.com\/magazine365\/wp-content\/uploads\/2018\/02\/1518460873_VALDELACIERVA_ROS_detalle_br_.jpg","og:image:width":600,"og:image:height":440,"article:published_time":"2018-02-13T12:53:41+00:00","article:modified_time":"2018-02-13T12:53:41+00:00","twitter:card":"summary_large_image","twitter:title":"Llega \u00abValdelacierva Ros\u00e9 2017\u00bb un nuevo invitado a la cita de San Valent\u00edn | El Digital de Asturias","twitter:description":"Valdelacierva Ros\u00e9 2017 llega al mercado puntual a su cita de San Valent\u00edn para seguir enamorando a todos los que buscan un vino rosado diferente. Es su segunda a\u00f1ada, Valdelacierva Ros\u00e9, este rosado que fue elegido el a\u00f1o pasado como representante de los vinos espa\u00f1oles por la ONG \u201cFashion for Relief\u201d de Naomi Campbell as\u00ed como el mejor","twitter:image":"https:\/\/eldigitaldeasturias.com\/magazine365\/wp-content\/uploads\/2018\/02\/1518460873_VALDELACIERVA_ROS_detalle_br_.jpg"},"aioseo_meta_data":{"post_id":"90961","title":null,"description":null,"keywords":null,"keyphrases":null,"primary_term":null,"canonical_url":null,"og_title":null,"og_description":null,"og_object_type":"default","og_image_type":"default","og_image_url":null,"og_image_width":null,"og_image_height":null,"og_image_custom_url":null,"og_image_custom_fields":null,"og_video":null,"og_custom_url":null,"og_article_section":null,"og_article_tags":null,"twitter_use_og":false,"twitter_card":"default","twitter_image_type":"default","twitter_image_url":null,"twitter_image_custom_url":null,"twitter_image_custom_fields":null,"twitter_title":null,"twitter_description":null,"schema":{"blockGraphs":[],"customGraphs":[],"default":{"data":{"Article":[],"Course":[],"Dataset":[],"FAQPage":[],"Movie":[],"Person":[],"Product":[],"ProductReview":[],"Car":[],"Recipe":[],"Service":[],"SoftwareApplication":[],"WebPage":[]},"graphName":"","isEnabled":true},"graphs":[],"defaultGraph":"","defaultPostTypeGraph":""},"schema_type":null,"schema_type_options":null,"pillar_content":false,"robots_default":true,"robots_noindex":false,"robots_noarchive":false,"robots_nosnippet":false,"robots_nofollow":false,"robots_noimageindex":false,"robots_noodp":false,"robots_notranslate":false,"robots_max_snippet":null,"robots_max_videopreview":null,"robots_max_imagepreview":"large","priority":null,"frequency":null,"location":null,"local_seo":null,"seo_analyzer_scan_date":"2025-09-28 17:32:15","breadcrumb_settings":null,"limit_modified_date":false,"open_ai":null,"ai":null,"created":"2020-12-21 14:10:19","updated":"2025-09-28 17:32:15"},"aioseo_breadcrumb":"<div class=\"aioseo-breadcrumbs\"><span class=\"aioseo-breadcrumb\">\n\t<a href=\"https:\/\/eldigitaldeasturias.com\/magazine365\" title=\"Home\">Home<\/a>\n<\/span><span class=\"aioseo-breadcrumb-separator\">\u2013<\/span><span class=\"aioseo-breadcrumb\">\n\t<a href=\"https:\/\/eldigitaldeasturias.com\/magazine365\/category\/sabores\/\" title=\"Sabores\">Sabores<\/a>\n<\/span><span class=\"aioseo-breadcrumb-separator\">\u2013<\/span><span class=\"aioseo-breadcrumb\">\n\t<a href=\"https:\/\/eldigitaldeasturias.com\/magazine365\/llega-valdelacierva-rose-2017-un-nuevo-invitado-a-la-cita-de-san-valentin\/\" title=\"Llega \u00abValdelacierva Ros\u00e9 2017\u00bb un nuevo invitado a la cita de San Valent\u00edn\">Llega \u00abValdelacierva Ros\u00e9 2017\u00bb un nuevo invitado a la cita de San Valent\u00edn<\/a>\n<\/span><\/div>","aioseo_breadcrumb_json":[{"label":"Home","link":"https:\/\/eldigitaldeasturias.com\/magazine365"},{"label":"Sabores","link":"https:\/\/eldigitaldeasturias.com\/magazine365\/category\/sabores\/"},{"label":"Llega \u00abValdelacierva Ros\u00e9 2017\u00bb un nuevo invitado a la cita de San Valent\u00edn","link":"https:\/\/eldigitaldeasturias.com\/magazine365\/llega-valdelacierva-rose-2017-un-nuevo-invitado-a-la-cita-de-san-valentin\/"}],"_links":{"self":[{"href":"https:\/\/eldigitaldeasturias.com\/magazine365\/wp-json\/wp\/v2\/posts\/90961","targetHints":{"allow":["GET"]}}],"collection":[{"href":"https:\/\/eldigitaldeasturias.com\/magazine365\/wp-json\/wp\/v2\/posts"}],"about":[{"href":"https:\/\/eldigitaldeasturias.com\/magazine365\/wp-json\/wp\/v2\/types\/post"}],"author":[{"embeddable":true,"href":"https:\/\/eldigitaldeasturias.com\/magazine365\/wp-json\/wp\/v2\/users\/1"}],"replies":[{"embeddable":true,"href":"https:\/\/eldigitaldeasturias.com\/magazine365\/wp-json\/wp\/v2\/comments?post=90961"}],"version-history":[{"count":0,"href":"https:\/\/eldigitaldeasturias.com\/magazine365\/wp-json\/wp\/v2\/posts\/90961\/revisions"}],"wp:featuredmedia":[{"embeddable":true,"href":"https:\/\/eldigitaldeasturias.com\/magazine365\/wp-json\/wp\/v2\/media\/90962"}],"wp:attachment":[{"href":"https:\/\/eldigitaldeasturias.com\/magazine365\/wp-json\/wp\/v2\/media?parent=90961"}],"wp:term":[{"taxonomy":"category","embeddable":true,"href":"https:\/\/eldigitaldeasturias.com\/magazine365\/wp-json\/wp\/v2\/categories?post=90961"},{"taxonomy":"post_tag","embeddable":true,"href":"https:\/\/eldigitaldeasturias.com\/magazine365\/wp-json\/wp\/v2\/tags?post=90961"}],"curies":[{"name":"wp","href":"https:\/\/api.w.org\/{rel}","templated":true}]}}