{"id":90876,"date":"2018-02-03T09:27:47","date_gmt":"2018-02-03T09:27:47","guid":{"rendered":"http:\/\/eldigitaldeasturias.com\/magazine365\/?p=90876"},"modified":"2018-02-03T09:27:47","modified_gmt":"2018-02-03T09:27:47","slug":"los-alimentos-del-paraiso-con-casa-marcial-en-madrid","status":"publish","type":"post","link":"https:\/\/eldigitaldeasturias.com\/magazine365\/los-alimentos-del-paraiso-con-casa-marcial-en-madrid\/","title":{"rendered":"Los \u201cAlimentos del Para\u00edso\u201d con Casa Marcial en Madrid"},"content":{"rendered":"<p><img fetchpriority=\"high\" decoding=\"async\" class=\"alignleft size-medium wp-image-90877\" src=\"https:\/\/eldigitaldeasturias.com\/magazine365\/wp-content\/uploads\/2018\/02\/Presentacion-programa-In-Residence-360x270.jpg\" alt=\"\" width=\"360\" height=\"270\" srcset=\"https:\/\/eldigitaldeasturias.com\/magazine365\/wp-content\/uploads\/2018\/02\/Presentacion-programa-In-Residence-360x270.jpg 360w, https:\/\/eldigitaldeasturias.com\/magazine365\/wp-content\/uploads\/2018\/02\/Presentacion-programa-In-Residence-650x488.jpg 650w, https:\/\/eldigitaldeasturias.com\/magazine365\/wp-content\/uploads\/2018\/02\/Presentacion-programa-In-Residence-768x576.jpg 768w, https:\/\/eldigitaldeasturias.com\/magazine365\/wp-content\/uploads\/2018\/02\/Presentacion-programa-In-Residence-150x113.jpg 150w, https:\/\/eldigitaldeasturias.com\/magazine365\/wp-content\/uploads\/2018\/02\/Presentacion-programa-In-Residence-450x338.jpg 450w, https:\/\/eldigitaldeasturias.com\/magazine365\/wp-content\/uploads\/2018\/02\/Presentacion-programa-In-Residence-1200x900.jpg 1200w, https:\/\/eldigitaldeasturias.com\/magazine365\/wp-content\/uploads\/2018\/02\/Presentacion-programa-In-Residence-90x67.jpg 90w, https:\/\/eldigitaldeasturias.com\/magazine365\/wp-content\/uploads\/2018\/02\/Presentacion-programa-In-Residence.jpg 1280w\" sizes=\"(max-width: 360px) 100vw, 360px\" \/>El director general de Comercio y Turismo, Julio Gonz\u00e1lez Zapico, ha asistido a la presentaci\u00f3n de Casa Marcial in residence, un proyecto que difundir\u00e1 en Madrid la gastronom\u00eda asturiana y los productos de la marca Alimentos del Para\u00edso a trav\u00e9s de la cocina de Esther y Nacho Manzano.<\/p>\n<p>Esta iniciativa es una de las acciones previstas por el Gobierno del Principado para promocionar la comunidad como destino gastron\u00f3mico, seg\u00fan las directrices del Programa de Turismo Sostenible 2020.<\/p>\n<p>El hotel NH Eurobuilding Collection presentar\u00e1 del 27 de febrero al 10 de marzo un espacio dise\u00f1ado a medida para este evento, con el que se pretende evocar el paisaje y los sabores de Asturias. El equipo de Casa Marcial ofrecer\u00e1 el servicio de comidas y cenas, como si se tratase de su sede en Parres, el \u00fanico restaurante asturiano con dos estrellas Michelin, que celebra este a\u00f1o su 25 aniversario.<\/p>\n<p>La carta de Casa Marcial in residence tendr\u00e1 referencias a los productos asturianos integrados en la marca Alimentos del Para\u00edso, y los comensales recibir\u00e1n la nueva publicaci\u00f3n de turismo gastron\u00f3mico Vuelve al Para\u00edso. \u201cEl evento podr\u00eda llamarse Asturias in residence, porque en Madrid se exhibir\u00e1 gran parte de la esencia del Principado para mostrar una gastronom\u00eda plenamente arraigada al terreno, fiel al producto y fiel tambi\u00e9n a la naturaleza asturiana\u201d, ha explicado Zapico.<\/p>\n<p>Asturias es el tercer destino nacional en imagen gastron\u00f3mica, seg\u00fan el II Estudio de la demanda de turismo gastron\u00f3mico en Espa\u00f1a, realizado por la consultora Dinamiza, con una puntuaci\u00f3n de 3,71 sobre 4. Adem\u00e1s, los informes del Sistema de Informaci\u00f3n Tur\u00edstica de Asturias (SITA) reflejan que la gastronom\u00eda es uno de los aspectos m\u00e1s valorados entre los encuestados. Adem\u00e1s, el visitante gastron\u00f3mico es especialmente fiel y gasta unos 88,98 euros por d\u00eda, frente a los 80,93 del turista medio.<\/p>\n<p>El Principado ha apostado por la creaci\u00f3n de marcas de calidad tur\u00edstica propias como Mesas de Asturias, con 30 restaurantes adheridos, y Sidrer\u00edas de Asturias, calidad natural, que cuenta con 21 establecimientos. A ellas, se suman las distinciones de otros est\u00e1ndares de calidad como las gu\u00edas Michelin y Repsol.<\/p>\n<p>Otros recursos asociados al turismo gastron\u00f3mico son las visitas tur\u00edsticas a queser\u00edas, bodegas y lagares, que ofrecen al visitante hasta doce experiencias tem\u00e1ticas y cinco rutas.<\/p>\n<p>Asturias cuenta, adem\u00e1s, con tres centros de interpretaci\u00f3n tem\u00e1ticos: el Museo de la Sidra, el Centro de Interpretaci\u00f3n del Queso de Cabrales y el Museo del Vino.<\/p>\n","protected":false},"excerpt":{"rendered":"<p>El director general de Comercio y Turismo, Julio Gonz\u00e1lez Zapico, ha asistido a la presentaci\u00f3n de Casa Marcial in residence, un proyecto que difundir\u00e1 en Madrid la gastronom\u00eda asturiana y los productos de la marca Alimentos del Para\u00edso a trav\u00e9s de la cocina de Esther y Nacho Manzano. Esta iniciativa es una de las acciones<\/p>\n","protected":false},"author":1,"featured_media":90877,"comment_status":"closed","ping_status":"closed","sticky":false,"template":"","format":"standard","meta":{"footnotes":""},"categories":[217],"tags":[],"class_list":{"0":"post-90876","1":"post","2":"type-post","3":"status-publish","4":"format-standard","5":"has-post-thumbnail","7":"category-sabores"},"aioseo_notices":[],"aioseo_head":"\n\t\t<!-- All in One SEO Pro 4.9.6.1 - aioseo.com -->\n\t<meta name=\"description\" content=\"El director general de Comercio y Turismo, Julio Gonz\u00e1lez Zapico, ha asistido a la presentaci\u00f3n de Casa Marcial in residence, un proyecto que difundir\u00e1 en Madrid la gastronom\u00eda asturiana y los productos de la marca Alimentos del Para\u00edso a trav\u00e9s de la cocina de Esther y Nacho Manzano. Esta iniciativa es una de las acciones\" \/>\n\t<meta name=\"robots\" content=\"max-image-preview:large\" \/>\n\t<meta name=\"author\" content=\"admin\"\/>\n\t<meta name=\"google-site-verification\" content=\"UA-38556648-1\" \/>\n\t<meta name=\"keywords\" content=\"sabores\" \/>\n\t<link rel=\"canonical\" href=\"https:\/\/eldigitaldeasturias.com\/magazine365\/los-alimentos-del-paraiso-con-casa-marcial-en-madrid\/\" \/>\n\t<meta name=\"generator\" content=\"All in One SEO Pro (AIOSEO) 4.9.6.1\" \/>\n\t\t<meta property=\"og:locale\" content=\"es_ES\" \/>\n\t\t<meta property=\"og:site_name\" content=\"El Digital de Asturias \u2013 Revista de ocio, turismo y estilo de vida\" \/>\n\t\t<meta property=\"og:type\" content=\"article\" \/>\n\t\t<meta property=\"og:title\" content=\"Los \u201cAlimentos del Para\u00edso\u201d con Casa Marcial en Madrid | El Digital de Asturias\" \/>\n\t\t<meta property=\"og:description\" content=\"El director general de Comercio y Turismo, Julio Gonz\u00e1lez Zapico, ha asistido a la presentaci\u00f3n de Casa Marcial in residence, un proyecto que difundir\u00e1 en Madrid la gastronom\u00eda asturiana y los productos de la marca Alimentos del Para\u00edso a trav\u00e9s de la cocina de Esther y Nacho Manzano. Esta iniciativa es una de las acciones\" \/>\n\t\t<meta property=\"og:url\" content=\"https:\/\/eldigitaldeasturias.com\/magazine365\/los-alimentos-del-paraiso-con-casa-marcial-en-madrid\/\" \/>\n\t\t<meta property=\"og:image\" content=\"https:\/\/eldigitaldeasturias.com\/magazine365\/wp-content\/uploads\/2018\/02\/Presentacion-programa-In-Residence.jpg\" \/>\n\t\t<meta property=\"og:image:secure_url\" content=\"https:\/\/eldigitaldeasturias.com\/magazine365\/wp-content\/uploads\/2018\/02\/Presentacion-programa-In-Residence.jpg\" \/>\n\t\t<meta property=\"og:image:width\" content=\"1280\" \/>\n\t\t<meta property=\"og:image:height\" content=\"960\" \/>\n\t\t<meta property=\"article:published_time\" content=\"2018-02-03T09:27:47+00:00\" \/>\n\t\t<meta property=\"article:modified_time\" content=\"2018-02-03T09:27:47+00:00\" \/>\n\t\t<meta name=\"twitter:card\" content=\"summary_large_image\" \/>\n\t\t<meta name=\"twitter:title\" content=\"Los \u201cAlimentos del Para\u00edso\u201d con Casa Marcial en Madrid | El Digital de Asturias\" \/>\n\t\t<meta name=\"twitter:description\" content=\"El director general de Comercio y Turismo, Julio Gonz\u00e1lez Zapico, ha asistido a la presentaci\u00f3n de Casa Marcial in residence, un proyecto que difundir\u00e1 en Madrid la gastronom\u00eda asturiana y los productos de la marca Alimentos del Para\u00edso a trav\u00e9s de la cocina de Esther y Nacho Manzano. Esta iniciativa es una de las acciones\" \/>\n\t\t<meta name=\"twitter:image\" content=\"https:\/\/eldigitaldeasturias.com\/magazine365\/wp-content\/uploads\/2018\/02\/Presentacion-programa-In-Residence.jpg\" \/>\n\t\t<script type=\"application\/ld+json\" class=\"aioseo-schema\">\n\t\t\t{\"@context\":\"https:\\\/\\\/schema.org\",\"@graph\":[{\"@type\":\"Article\",\"@id\":\"https:\\\/\\\/eldigitaldeasturias.com\\\/magazine365\\\/los-alimentos-del-paraiso-con-casa-marcial-en-madrid\\\/#article\",\"name\":\"Los \\u201cAlimentos del Para\\u00edso\\u201d con Casa Marcial en Madrid | El Digital de Asturias\",\"headline\":\"Los \\u201cAlimentos del Para\\u00edso\\u201d con Casa Marcial en Madrid\",\"author\":{\"@id\":\"https:\\\/\\\/eldigitaldeasturias.com\\\/magazine365\\\/author\\\/admin\\\/#author\"},\"publisher\":{\"@id\":\"https:\\\/\\\/eldigitaldeasturias.com\\\/magazine365\\\/#organization\"},\"image\":{\"@type\":\"ImageObject\",\"url\":\"https:\\\/\\\/eldigitaldeasturias.com\\\/magazine365\\\/wp-content\\\/uploads\\\/2018\\\/02\\\/Presentacion-programa-In-Residence.jpg\",\"width\":1280,\"height\":960},\"datePublished\":\"2018-02-03T09:27:47+01:00\",\"dateModified\":\"2018-02-03T09:27:47+01:00\",\"inLanguage\":\"es-ES\",\"mainEntityOfPage\":{\"@id\":\"https:\\\/\\\/eldigitaldeasturias.com\\\/magazine365\\\/los-alimentos-del-paraiso-con-casa-marcial-en-madrid\\\/#webpage\"},\"isPartOf\":{\"@id\":\"https:\\\/\\\/eldigitaldeasturias.com\\\/magazine365\\\/los-alimentos-del-paraiso-con-casa-marcial-en-madrid\\\/#webpage\"},\"articleSection\":\"Sabores\"},{\"@type\":\"BreadcrumbList\",\"@id\":\"https:\\\/\\\/eldigitaldeasturias.com\\\/magazine365\\\/los-alimentos-del-paraiso-con-casa-marcial-en-madrid\\\/#breadcrumblist\",\"itemListElement\":[{\"@type\":\"ListItem\",\"@id\":\"https:\\\/\\\/eldigitaldeasturias.com\\\/magazine365#listItem\",\"position\":1,\"name\":\"Home\",\"item\":\"https:\\\/\\\/eldigitaldeasturias.com\\\/magazine365\",\"nextItem\":{\"@type\":\"ListItem\",\"@id\":\"https:\\\/\\\/eldigitaldeasturias.com\\\/magazine365\\\/category\\\/sabores\\\/#listItem\",\"name\":\"Sabores\"}},{\"@type\":\"ListItem\",\"@id\":\"https:\\\/\\\/eldigitaldeasturias.com\\\/magazine365\\\/category\\\/sabores\\\/#listItem\",\"position\":2,\"name\":\"Sabores\",\"item\":\"https:\\\/\\\/eldigitaldeasturias.com\\\/magazine365\\\/category\\\/sabores\\\/\",\"nextItem\":{\"@type\":\"ListItem\",\"@id\":\"https:\\\/\\\/eldigitaldeasturias.com\\\/magazine365\\\/los-alimentos-del-paraiso-con-casa-marcial-en-madrid\\\/#listItem\",\"name\":\"Los \\u201cAlimentos del Para\\u00edso\\u201d con Casa Marcial en Madrid\"},\"previousItem\":{\"@type\":\"ListItem\",\"@id\":\"https:\\\/\\\/eldigitaldeasturias.com\\\/magazine365#listItem\",\"name\":\"Home\"}},{\"@type\":\"ListItem\",\"@id\":\"https:\\\/\\\/eldigitaldeasturias.com\\\/magazine365\\\/los-alimentos-del-paraiso-con-casa-marcial-en-madrid\\\/#listItem\",\"position\":3,\"name\":\"Los \\u201cAlimentos del Para\\u00edso\\u201d con Casa Marcial en Madrid\",\"previousItem\":{\"@type\":\"ListItem\",\"@id\":\"https:\\\/\\\/eldigitaldeasturias.com\\\/magazine365\\\/category\\\/sabores\\\/#listItem\",\"name\":\"Sabores\"}}]},{\"@type\":\"Organization\",\"@id\":\"https:\\\/\\\/eldigitaldeasturias.com\\\/magazine365\\\/#organization\",\"name\":\"El digital de Asturias\",\"description\":\"Revista de ocio, turismo y estilo de vida\",\"url\":\"https:\\\/\\\/eldigitaldeasturias.com\\\/magazine365\\\/\",\"logo\":{\"@type\":\"ImageObject\",\"url\":\"https:\\\/\\\/www.eldigitaldeasturias.com\\\/noticias\\\/wp-content\\\/uploads\\\/2020\\\/12\\\/EDA.jpg\",\"@id\":\"https:\\\/\\\/eldigitaldeasturias.com\\\/magazine365\\\/los-alimentos-del-paraiso-con-casa-marcial-en-madrid\\\/#organizationLogo\"},\"image\":{\"@id\":\"https:\\\/\\\/eldigitaldeasturias.com\\\/magazine365\\\/los-alimentos-del-paraiso-con-casa-marcial-en-madrid\\\/#organizationLogo\"}},{\"@type\":\"Person\",\"@id\":\"https:\\\/\\\/eldigitaldeasturias.com\\\/magazine365\\\/author\\\/admin\\\/#author\",\"url\":\"https:\\\/\\\/eldigitaldeasturias.com\\\/magazine365\\\/author\\\/admin\\\/\",\"name\":\"admin\",\"image\":{\"@type\":\"ImageObject\",\"@id\":\"https:\\\/\\\/eldigitaldeasturias.com\\\/magazine365\\\/los-alimentos-del-paraiso-con-casa-marcial-en-madrid\\\/#authorImage\",\"url\":\"https:\\\/\\\/eldigitaldeasturias.com\\\/magazine365\\\/wp-content\\\/litespeed\\\/avatar\\\/e571bcf59a0edd6fa6838245a470f2fe.jpg?ver=1776969259\",\"width\":96,\"height\":96,\"caption\":\"admin\"}},{\"@type\":\"WebPage\",\"@id\":\"https:\\\/\\\/eldigitaldeasturias.com\\\/magazine365\\\/los-alimentos-del-paraiso-con-casa-marcial-en-madrid\\\/#webpage\",\"url\":\"https:\\\/\\\/eldigitaldeasturias.com\\\/magazine365\\\/los-alimentos-del-paraiso-con-casa-marcial-en-madrid\\\/\",\"name\":\"Los \\u201cAlimentos del Para\\u00edso\\u201d con Casa Marcial en Madrid | El Digital de Asturias\",\"description\":\"El director general de Comercio y Turismo, Julio Gonz\\u00e1lez Zapico, ha asistido a la presentaci\\u00f3n de Casa Marcial in residence, un proyecto que difundir\\u00e1 en Madrid la gastronom\\u00eda asturiana y los productos de la marca Alimentos del Para\\u00edso a trav\\u00e9s de la cocina de Esther y Nacho Manzano. Esta iniciativa es una de las acciones\",\"inLanguage\":\"es-ES\",\"isPartOf\":{\"@id\":\"https:\\\/\\\/eldigitaldeasturias.com\\\/magazine365\\\/#website\"},\"breadcrumb\":{\"@id\":\"https:\\\/\\\/eldigitaldeasturias.com\\\/magazine365\\\/los-alimentos-del-paraiso-con-casa-marcial-en-madrid\\\/#breadcrumblist\"},\"author\":{\"@id\":\"https:\\\/\\\/eldigitaldeasturias.com\\\/magazine365\\\/author\\\/admin\\\/#author\"},\"creator\":{\"@id\":\"https:\\\/\\\/eldigitaldeasturias.com\\\/magazine365\\\/author\\\/admin\\\/#author\"},\"image\":{\"@type\":\"ImageObject\",\"url\":\"https:\\\/\\\/eldigitaldeasturias.com\\\/magazine365\\\/wp-content\\\/uploads\\\/2018\\\/02\\\/Presentacion-programa-In-Residence.jpg\",\"@id\":\"https:\\\/\\\/eldigitaldeasturias.com\\\/magazine365\\\/los-alimentos-del-paraiso-con-casa-marcial-en-madrid\\\/#mainImage\",\"width\":1280,\"height\":960},\"primaryImageOfPage\":{\"@id\":\"https:\\\/\\\/eldigitaldeasturias.com\\\/magazine365\\\/los-alimentos-del-paraiso-con-casa-marcial-en-madrid\\\/#mainImage\"},\"datePublished\":\"2018-02-03T09:27:47+01:00\",\"dateModified\":\"2018-02-03T09:27:47+01:00\"},{\"@type\":\"WebSite\",\"@id\":\"https:\\\/\\\/eldigitaldeasturias.com\\\/magazine365\\\/#website\",\"url\":\"https:\\\/\\\/eldigitaldeasturias.com\\\/magazine365\\\/\",\"name\":\"El Digital de Asturias\",\"description\":\"Revista de ocio, turismo y estilo de vida\",\"inLanguage\":\"es-ES\",\"publisher\":{\"@id\":\"https:\\\/\\\/eldigitaldeasturias.com\\\/magazine365\\\/#organization\"}}]}\n\t\t<\/script>\n\t\t<!-- All in One SEO Pro -->\r\n\t\t<title>Los \u201cAlimentos del Para\u00edso\u201d con Casa Marcial en Madrid | El Digital de Asturias<\/title>\n\n","aioseo_head_json":{"title":"Los \u201cAlimentos del Para\u00edso\u201d con Casa Marcial en Madrid | El Digital de Asturias","description":"El director general de Comercio y Turismo, Julio Gonz\u00e1lez Zapico, ha asistido a la presentaci\u00f3n de Casa Marcial in residence, un proyecto que difundir\u00e1 en Madrid la gastronom\u00eda asturiana y los productos de la marca Alimentos del Para\u00edso a trav\u00e9s de la cocina de Esther y Nacho Manzano. Esta iniciativa es una de las acciones","canonical_url":"https:\/\/eldigitaldeasturias.com\/magazine365\/los-alimentos-del-paraiso-con-casa-marcial-en-madrid\/","robots":"max-image-preview:large","keywords":"sabores","webmasterTools":{"google-site-verification":"UA-38556648-1","miscellaneous":""},"schema":{"@context":"https:\/\/schema.org","@graph":[{"@type":"Article","@id":"https:\/\/eldigitaldeasturias.com\/magazine365\/los-alimentos-del-paraiso-con-casa-marcial-en-madrid\/#article","name":"Los \u201cAlimentos del Para\u00edso\u201d con Casa Marcial en Madrid | El Digital de Asturias","headline":"Los \u201cAlimentos del Para\u00edso\u201d con Casa Marcial en Madrid","author":{"@id":"https:\/\/eldigitaldeasturias.com\/magazine365\/author\/admin\/#author"},"publisher":{"@id":"https:\/\/eldigitaldeasturias.com\/magazine365\/#organization"},"image":{"@type":"ImageObject","url":"https:\/\/eldigitaldeasturias.com\/magazine365\/wp-content\/uploads\/2018\/02\/Presentacion-programa-In-Residence.jpg","width":1280,"height":960},"datePublished":"2018-02-03T09:27:47+01:00","dateModified":"2018-02-03T09:27:47+01:00","inLanguage":"es-ES","mainEntityOfPage":{"@id":"https:\/\/eldigitaldeasturias.com\/magazine365\/los-alimentos-del-paraiso-con-casa-marcial-en-madrid\/#webpage"},"isPartOf":{"@id":"https:\/\/eldigitaldeasturias.com\/magazine365\/los-alimentos-del-paraiso-con-casa-marcial-en-madrid\/#webpage"},"articleSection":"Sabores"},{"@type":"BreadcrumbList","@id":"https:\/\/eldigitaldeasturias.com\/magazine365\/los-alimentos-del-paraiso-con-casa-marcial-en-madrid\/#breadcrumblist","itemListElement":[{"@type":"ListItem","@id":"https:\/\/eldigitaldeasturias.com\/magazine365#listItem","position":1,"name":"Home","item":"https:\/\/eldigitaldeasturias.com\/magazine365","nextItem":{"@type":"ListItem","@id":"https:\/\/eldigitaldeasturias.com\/magazine365\/category\/sabores\/#listItem","name":"Sabores"}},{"@type":"ListItem","@id":"https:\/\/eldigitaldeasturias.com\/magazine365\/category\/sabores\/#listItem","position":2,"name":"Sabores","item":"https:\/\/eldigitaldeasturias.com\/magazine365\/category\/sabores\/","nextItem":{"@type":"ListItem","@id":"https:\/\/eldigitaldeasturias.com\/magazine365\/los-alimentos-del-paraiso-con-casa-marcial-en-madrid\/#listItem","name":"Los \u201cAlimentos del Para\u00edso\u201d con Casa Marcial en Madrid"},"previousItem":{"@type":"ListItem","@id":"https:\/\/eldigitaldeasturias.com\/magazine365#listItem","name":"Home"}},{"@type":"ListItem","@id":"https:\/\/eldigitaldeasturias.com\/magazine365\/los-alimentos-del-paraiso-con-casa-marcial-en-madrid\/#listItem","position":3,"name":"Los \u201cAlimentos del Para\u00edso\u201d con Casa Marcial en Madrid","previousItem":{"@type":"ListItem","@id":"https:\/\/eldigitaldeasturias.com\/magazine365\/category\/sabores\/#listItem","name":"Sabores"}}]},{"@type":"Organization","@id":"https:\/\/eldigitaldeasturias.com\/magazine365\/#organization","name":"El digital de Asturias","description":"Revista de ocio, turismo y estilo de vida","url":"https:\/\/eldigitaldeasturias.com\/magazine365\/","logo":{"@type":"ImageObject","url":"https:\/\/www.eldigitaldeasturias.com\/noticias\/wp-content\/uploads\/2020\/12\/EDA.jpg","@id":"https:\/\/eldigitaldeasturias.com\/magazine365\/los-alimentos-del-paraiso-con-casa-marcial-en-madrid\/#organizationLogo"},"image":{"@id":"https:\/\/eldigitaldeasturias.com\/magazine365\/los-alimentos-del-paraiso-con-casa-marcial-en-madrid\/#organizationLogo"}},{"@type":"Person","@id":"https:\/\/eldigitaldeasturias.com\/magazine365\/author\/admin\/#author","url":"https:\/\/eldigitaldeasturias.com\/magazine365\/author\/admin\/","name":"admin","image":{"@type":"ImageObject","@id":"https:\/\/eldigitaldeasturias.com\/magazine365\/los-alimentos-del-paraiso-con-casa-marcial-en-madrid\/#authorImage","url":"https:\/\/eldigitaldeasturias.com\/magazine365\/wp-content\/litespeed\/avatar\/e571bcf59a0edd6fa6838245a470f2fe.jpg?ver=1776969259","width":96,"height":96,"caption":"admin"}},{"@type":"WebPage","@id":"https:\/\/eldigitaldeasturias.com\/magazine365\/los-alimentos-del-paraiso-con-casa-marcial-en-madrid\/#webpage","url":"https:\/\/eldigitaldeasturias.com\/magazine365\/los-alimentos-del-paraiso-con-casa-marcial-en-madrid\/","name":"Los \u201cAlimentos del Para\u00edso\u201d con Casa Marcial en Madrid | El Digital de Asturias","description":"El director general de Comercio y Turismo, Julio Gonz\u00e1lez Zapico, ha asistido a la presentaci\u00f3n de Casa Marcial in residence, un proyecto que difundir\u00e1 en Madrid la gastronom\u00eda asturiana y los productos de la marca Alimentos del Para\u00edso a trav\u00e9s de la cocina de Esther y Nacho Manzano. Esta iniciativa es una de las acciones","inLanguage":"es-ES","isPartOf":{"@id":"https:\/\/eldigitaldeasturias.com\/magazine365\/#website"},"breadcrumb":{"@id":"https:\/\/eldigitaldeasturias.com\/magazine365\/los-alimentos-del-paraiso-con-casa-marcial-en-madrid\/#breadcrumblist"},"author":{"@id":"https:\/\/eldigitaldeasturias.com\/magazine365\/author\/admin\/#author"},"creator":{"@id":"https:\/\/eldigitaldeasturias.com\/magazine365\/author\/admin\/#author"},"image":{"@type":"ImageObject","url":"https:\/\/eldigitaldeasturias.com\/magazine365\/wp-content\/uploads\/2018\/02\/Presentacion-programa-In-Residence.jpg","@id":"https:\/\/eldigitaldeasturias.com\/magazine365\/los-alimentos-del-paraiso-con-casa-marcial-en-madrid\/#mainImage","width":1280,"height":960},"primaryImageOfPage":{"@id":"https:\/\/eldigitaldeasturias.com\/magazine365\/los-alimentos-del-paraiso-con-casa-marcial-en-madrid\/#mainImage"},"datePublished":"2018-02-03T09:27:47+01:00","dateModified":"2018-02-03T09:27:47+01:00"},{"@type":"WebSite","@id":"https:\/\/eldigitaldeasturias.com\/magazine365\/#website","url":"https:\/\/eldigitaldeasturias.com\/magazine365\/","name":"El Digital de Asturias","description":"Revista de ocio, turismo y estilo de vida","inLanguage":"es-ES","publisher":{"@id":"https:\/\/eldigitaldeasturias.com\/magazine365\/#organization"}}]},"og:locale":"es_ES","og:site_name":"El Digital de Asturias \u2013 Revista de ocio, turismo y estilo de vida","og:type":"article","og:title":"Los \u201cAlimentos del Para\u00edso\u201d con Casa Marcial en Madrid | El Digital de Asturias","og:description":"El director general de Comercio y Turismo, Julio Gonz\u00e1lez Zapico, ha asistido a la presentaci\u00f3n de Casa Marcial in residence, un proyecto que difundir\u00e1 en Madrid la gastronom\u00eda asturiana y los productos de la marca Alimentos del Para\u00edso a trav\u00e9s de la cocina de Esther y Nacho Manzano. Esta iniciativa es una de las acciones","og:url":"https:\/\/eldigitaldeasturias.com\/magazine365\/los-alimentos-del-paraiso-con-casa-marcial-en-madrid\/","og:image":"https:\/\/eldigitaldeasturias.com\/magazine365\/wp-content\/uploads\/2018\/02\/Presentacion-programa-In-Residence.jpg","og:image:secure_url":"https:\/\/eldigitaldeasturias.com\/magazine365\/wp-content\/uploads\/2018\/02\/Presentacion-programa-In-Residence.jpg","og:image:width":1280,"og:image:height":960,"article:published_time":"2018-02-03T09:27:47+00:00","article:modified_time":"2018-02-03T09:27:47+00:00","twitter:card":"summary_large_image","twitter:title":"Los \u201cAlimentos del Para\u00edso\u201d con Casa Marcial en Madrid | El Digital de Asturias","twitter:description":"El director general de Comercio y Turismo, Julio Gonz\u00e1lez Zapico, ha asistido a la presentaci\u00f3n de Casa Marcial in residence, un proyecto que difundir\u00e1 en Madrid la gastronom\u00eda asturiana y los productos de la marca Alimentos del Para\u00edso a trav\u00e9s de la cocina de Esther y Nacho Manzano. Esta iniciativa es una de las acciones","twitter:image":"https:\/\/eldigitaldeasturias.com\/magazine365\/wp-content\/uploads\/2018\/02\/Presentacion-programa-In-Residence.jpg"},"aioseo_meta_data":{"post_id":"90876","title":null,"description":null,"keywords":null,"keyphrases":null,"primary_term":null,"canonical_url":null,"og_title":null,"og_description":null,"og_object_type":"default","og_image_type":"default","og_image_url":null,"og_image_width":null,"og_image_height":null,"og_image_custom_url":null,"og_image_custom_fields":null,"og_video":null,"og_custom_url":null,"og_article_section":null,"og_article_tags":null,"twitter_use_og":false,"twitter_card":"default","twitter_image_type":"default","twitter_image_url":null,"twitter_image_custom_url":null,"twitter_image_custom_fields":null,"twitter_title":null,"twitter_description":null,"schema":{"blockGraphs":[],"customGraphs":[],"default":{"data":{"Article":[],"Course":[],"Dataset":[],"FAQPage":[],"Movie":[],"Person":[],"Product":[],"ProductReview":[],"Car":[],"Recipe":[],"Service":[],"SoftwareApplication":[],"WebPage":[]},"graphName":"","isEnabled":true},"graphs":[],"defaultGraph":"","defaultPostTypeGraph":""},"schema_type":null,"schema_type_options":null,"pillar_content":false,"robots_default":true,"robots_noindex":false,"robots_noarchive":false,"robots_nosnippet":false,"robots_nofollow":false,"robots_noimageindex":false,"robots_noodp":false,"robots_notranslate":false,"robots_max_snippet":null,"robots_max_videopreview":null,"robots_max_imagepreview":"large","priority":null,"frequency":null,"location":null,"local_seo":null,"seo_analyzer_scan_date":"2025-09-28 17:24:15","breadcrumb_settings":null,"limit_modified_date":false,"open_ai":null,"ai":null,"created":"2020-12-21 14:10:28","updated":"2025-09-28 17:24:15"},"aioseo_breadcrumb":"<div class=\"aioseo-breadcrumbs\"><span class=\"aioseo-breadcrumb\">\n\t<a href=\"https:\/\/eldigitaldeasturias.com\/magazine365\" title=\"Home\">Home<\/a>\n<\/span><span class=\"aioseo-breadcrumb-separator\">\u2013<\/span><span class=\"aioseo-breadcrumb\">\n\t<a href=\"https:\/\/eldigitaldeasturias.com\/magazine365\/category\/sabores\/\" title=\"Sabores\">Sabores<\/a>\n<\/span><span class=\"aioseo-breadcrumb-separator\">\u2013<\/span><span class=\"aioseo-breadcrumb\">\n\t<a href=\"https:\/\/eldigitaldeasturias.com\/magazine365\/los-alimentos-del-paraiso-con-casa-marcial-en-madrid\/\" title=\"Los \u201cAlimentos del Para\u00edso\u201d con Casa Marcial en Madrid\">Los \u201cAlimentos del Para\u00edso\u201d con Casa Marcial en Madrid<\/a>\n<\/span><\/div>","aioseo_breadcrumb_json":[{"label":"Home","link":"https:\/\/eldigitaldeasturias.com\/magazine365"},{"label":"Sabores","link":"https:\/\/eldigitaldeasturias.com\/magazine365\/category\/sabores\/"},{"label":"Los \u201cAlimentos del Para\u00edso\u201d con Casa Marcial en Madrid","link":"https:\/\/eldigitaldeasturias.com\/magazine365\/los-alimentos-del-paraiso-con-casa-marcial-en-madrid\/"}],"_links":{"self":[{"href":"https:\/\/eldigitaldeasturias.com\/magazine365\/wp-json\/wp\/v2\/posts\/90876","targetHints":{"allow":["GET"]}}],"collection":[{"href":"https:\/\/eldigitaldeasturias.com\/magazine365\/wp-json\/wp\/v2\/posts"}],"about":[{"href":"https:\/\/eldigitaldeasturias.com\/magazine365\/wp-json\/wp\/v2\/types\/post"}],"author":[{"embeddable":true,"href":"https:\/\/eldigitaldeasturias.com\/magazine365\/wp-json\/wp\/v2\/users\/1"}],"replies":[{"embeddable":true,"href":"https:\/\/eldigitaldeasturias.com\/magazine365\/wp-json\/wp\/v2\/comments?post=90876"}],"version-history":[{"count":0,"href":"https:\/\/eldigitaldeasturias.com\/magazine365\/wp-json\/wp\/v2\/posts\/90876\/revisions"}],"wp:featuredmedia":[{"embeddable":true,"href":"https:\/\/eldigitaldeasturias.com\/magazine365\/wp-json\/wp\/v2\/media\/90877"}],"wp:attachment":[{"href":"https:\/\/eldigitaldeasturias.com\/magazine365\/wp-json\/wp\/v2\/media?parent=90876"}],"wp:term":[{"taxonomy":"category","embeddable":true,"href":"https:\/\/eldigitaldeasturias.com\/magazine365\/wp-json\/wp\/v2\/categories?post=90876"},{"taxonomy":"post_tag","embeddable":true,"href":"https:\/\/eldigitaldeasturias.com\/magazine365\/wp-json\/wp\/v2\/tags?post=90876"}],"curies":[{"name":"wp","href":"https:\/\/api.w.org\/{rel}","templated":true}]}}