{"id":90825,"date":"2018-02-01T07:46:11","date_gmt":"2018-02-01T07:46:11","guid":{"rendered":"http:\/\/eldigitaldeasturias.com\/magazine365\/?p=90825"},"modified":"2018-02-01T07:46:11","modified_gmt":"2018-02-01T07:46:11","slug":"la-chef-ma-jose-san-roman-sera-la-madrina-de-la-decima-octava-mostra-de-la-cuina-del-pinos","status":"publish","type":"post","link":"https:\/\/eldigitaldeasturias.com\/magazine365\/la-chef-ma-jose-san-roman-sera-la-madrina-de-la-decima-octava-mostra-de-la-cuina-del-pinos\/","title":{"rendered":"La chef M\u00aa Jos\u00e9 San Rom\u00e1n ser\u00e1 la madrina de la d\u00e9cima octava Mostra de la Cuina del Pin\u00f3s"},"content":{"rendered":"<p><img fetchpriority=\"high\" decoding=\"async\" class=\"alignleft size-medium wp-image-90826\" src=\"https:\/\/eldigitaldeasturias.com\/magazine365\/wp-content\/uploads\/2018\/02\/1517218178_Mari_a_Jose_San_Roma_n-360x240.jpg\" alt=\"\" width=\"360\" height=\"240\" srcset=\"https:\/\/eldigitaldeasturias.com\/magazine365\/wp-content\/uploads\/2018\/02\/1517218178_Mari_a_Jose_San_Roma_n-360x240.jpg 360w, https:\/\/eldigitaldeasturias.com\/magazine365\/wp-content\/uploads\/2018\/02\/1517218178_Mari_a_Jose_San_Roma_n-650x433.jpg 650w, https:\/\/eldigitaldeasturias.com\/magazine365\/wp-content\/uploads\/2018\/02\/1517218178_Mari_a_Jose_San_Roma_n-768x512.jpg 768w, https:\/\/eldigitaldeasturias.com\/magazine365\/wp-content\/uploads\/2018\/02\/1517218178_Mari_a_Jose_San_Roma_n-1536x1024.jpg 1536w, https:\/\/eldigitaldeasturias.com\/magazine365\/wp-content\/uploads\/2018\/02\/1517218178_Mari_a_Jose_San_Roma_n-2048x1365.jpg 2048w, https:\/\/eldigitaldeasturias.com\/magazine365\/wp-content\/uploads\/2018\/02\/1517218178_Mari_a_Jose_San_Roma_n-150x100.jpg 150w, https:\/\/eldigitaldeasturias.com\/magazine365\/wp-content\/uploads\/2018\/02\/1517218178_Mari_a_Jose_San_Roma_n-450x300.jpg 450w, https:\/\/eldigitaldeasturias.com\/magazine365\/wp-content\/uploads\/2018\/02\/1517218178_Mari_a_Jose_San_Roma_n-1200x800.jpg 1200w\" sizes=\"(max-width: 360px) 100vw, 360px\" \/>La Mostra de la Cuina del Pin\u00f3s alcanza este a\u00f1o su mayor\u00eda de edad, por eso contar\u00e1 con una madrina de excepci\u00f3n: la chef M\u00aa Jos\u00e9 San Rom\u00e1n, del restaurante Monastrell de Alicante, distinguida con una estrella Michel\u00edn. Desde la Concejal\u00eda de Turismo del Ayuntamiento de Pinoso que dirige Neus Ochoa, se ha pensado en San Rom\u00e1n por sus constantes investigaciones relacionadas con productos tan tradicionales de la cocina mediterr\u00e1nea como el aceite de oliva, el azafr\u00e1n, el pan y los arroces.<\/p>\n<p>\u201cHa sido una gran noticia que una cocinera de su talla haya aceptado nuestra propuesta de amadrinar la\u00a0<em>Mostra de la Cuina<\/em>\u00a0<em>del Pin\u00f3s<\/em>, esto, sin duda, le confiere mayor prestigio a este certamen gastron\u00f3mico que cumple dieciocho a\u00f1os y que ya cuenta con una gran relevancia en la provincia de Alicante\u201d, cometa la concejala de Turismo.<\/p>\n<p>La nueva edici\u00f3n de la\u00a0<em>Mostra de la Cuina<\/em>, que se celebra del 20 al 25 de febrero y del 2 al 4 de marzo, se presentar\u00e1 en la Casa del M\u00e1rmol y del Vino el pr\u00f3ximo jueves, 1 de febrero, a las 19.30 horas. Adem\u00e1s de la participaci\u00f3n de la madrina, el acto incluir\u00e1 una mesa redonda sobre el excelente maridaje entre turismo y gastronom\u00eda que estar\u00e1 moderada por la Directora de Relaciones con la Sociedad de la Universidad de Alicante, Ana Laguna. Entre los participantes, la madrina de la Mostra, el periodista gastron\u00f3mico, Pedro Nu\u00f1o de la Rosa, Carlos Corredor, director de la Gu\u00eda Gastron\u00f3mica de Alicante, el acalde de Pinoso, L\u00e1zaro Azor\u00edn y un representante de los restauradores que participan en el certamen gastron\u00f3mico de Pinoso.<\/p>\n<p><strong>MOSTRA DE LA CUINA 2018<\/strong><\/p>\n<p>La\u00a0<em>Mostra de la Cuina\u00a0<\/em>del<em>\u00a0<\/em>Pin\u00f3s es una magn\u00edfica oportunidad para conocer en profundidad la cocina de Pin\u00f3s, asentada en una larga tradici\u00f3n que ha sabido combinar con las nuevas tendencias culinarias. Nueve jornadas en las que, de nuevo, se podr\u00e1n degustar los platos m\u00e1s reconocidos de su gastronom\u00eda, tales como gachamiga, fasegures, ajos pinoseros con conejo y \u201cpicat\u201d, gazpachos y arroz con conejo y caracoles.<\/p>\n<p><strong>VILLAZGO 2018<\/strong><\/p>\n<p>Febrero es el mes de la gastronom\u00eda por antonomasia en Pinoso, ya que contiene dos de las citas m\u00e1s importantes del a\u00f1o en las que el consistorio lleva a la pr\u00e1ctica su seria apuesta por combinar turismo y gastronom\u00eda.<\/p>\n<p>El domingo 18 de febrero se celebra el D\u00eda del Villazgo, acontecimiento en el que Pinoso conmemora la fecha en la que obtuvo el t\u00edtulo de Real Privilegio de Villa por parte del rey Fernando VII en 1826. \u201cSe trata de una fiesta en la que los pinoseros y pinoseras echamos la vista atr\u00e1s, recordamos nuestros or\u00edgenes llenando las calles del centro de historia e historias de nuestros antepasados\u201d, asegura el alcalde de Pinoso, quien destaca tambi\u00e9n el importante componente gastron\u00f3mico que tiene esta jornada. \u201cLa gastronom\u00eda es uno de los principales atractivos de Pinoso como municipio de interior y por la que hemos sabido distinguirnos, motivo por el cual ocupa un lugar privilegiado en esta cita festiva que celebra su vig\u00e9sima segunda edici\u00f3n\u201d, dice Azor\u00edn, que recuerda que el a\u00f1o pasado se vendieron m\u00e1s de 21.000 degustaciones.<\/p>\n<p><strong>HISTORIA Y GASTRONOM\u00cdA<\/strong><\/p>\n<p>La inauguraci\u00f3n de la jornada ser\u00e1 a las 11 horas con el preg\u00f3n de Rosa Nicol\u00e1s, sucedi\u00e9ndose las actuaciones musicales, los bailes tradicionales y las visitas a la Torre del Reloj durante todo la ma\u00f1ana. Asimismo, podr\u00e1n visitarse los expositores culturales y la zona de degustaci\u00f3n, en la que, adem\u00e1s de platos elaborados, se podr\u00e1n degustar productos tan t\u00edpicos de Pinoso como las pastas, los embutidos y los vinos, en la veintena de stands que permanecer\u00e1n abiertos hasta las 17 horas.<\/p>\n<p>La entrada al Villazgo es gratuita y los tickets de degustaci\u00f3n se podr\u00e1n adquirir al precio de 10 euros, incluyendo 8 degustaciones, copa de cristal, recipiente para las raciones y bandeja.<\/p>\n<p>M\u00e1s informaci\u00f3n y programa:\u00a0<a href=\"http:\/\/www.pinoso.org\/\" target=\"_blank\" rel=\"nofollow noopener\"><span style=\"color: #ff0000;\"><strong>www.pinoso.org<\/strong><\/span><\/a><\/p>\n","protected":false},"excerpt":{"rendered":"<p>La Mostra de la Cuina del Pin\u00f3s alcanza este a\u00f1o su mayor\u00eda de edad, por eso contar\u00e1 con una madrina de excepci\u00f3n: la chef M\u00aa Jos\u00e9 San Rom\u00e1n, del restaurante Monastrell de Alicante, distinguida con una estrella Michel\u00edn. Desde la Concejal\u00eda de Turismo del Ayuntamiento de Pinoso que dirige Neus Ochoa, se ha pensado en<\/p>\n","protected":false},"author":1,"featured_media":90826,"comment_status":"closed","ping_status":"closed","sticky":false,"template":"","format":"standard","meta":{"footnotes":""},"categories":[217],"tags":[],"class_list":{"0":"post-90825","1":"post","2":"type-post","3":"status-publish","4":"format-standard","5":"has-post-thumbnail","7":"category-sabores"},"aioseo_notices":[],"aioseo_head":"\n\t\t<!-- All in One SEO Pro 4.9.6.1 - aioseo.com -->\n\t<meta name=\"description\" content=\"La Mostra de la Cuina del Pin\u00f3s alcanza este a\u00f1o su mayor\u00eda de edad, por eso contar\u00e1 con una madrina de excepci\u00f3n: la chef M\u00aa Jos\u00e9 San Rom\u00e1n, del restaurante Monastrell de Alicante, distinguida con una estrella Michel\u00edn. Desde la Concejal\u00eda de Turismo del Ayuntamiento de Pinoso que dirige Neus Ochoa, se ha pensado en\" \/>\n\t<meta name=\"robots\" content=\"max-image-preview:large\" \/>\n\t<meta name=\"author\" content=\"admin\"\/>\n\t<meta name=\"google-site-verification\" content=\"UA-38556648-1\" \/>\n\t<meta name=\"keywords\" content=\"sabores\" \/>\n\t<link rel=\"canonical\" href=\"https:\/\/eldigitaldeasturias.com\/magazine365\/la-chef-ma-jose-san-roman-sera-la-madrina-de-la-decima-octava-mostra-de-la-cuina-del-pinos\/\" \/>\n\t<meta name=\"generator\" content=\"All in One SEO Pro (AIOSEO) 4.9.6.1\" \/>\n\t\t<meta property=\"og:locale\" content=\"es_ES\" \/>\n\t\t<meta property=\"og:site_name\" content=\"El Digital de Asturias \u2013 Revista de ocio, turismo y estilo de vida\" \/>\n\t\t<meta property=\"og:type\" content=\"article\" \/>\n\t\t<meta property=\"og:title\" content=\"La chef M\u00aa Jos\u00e9 San Rom\u00e1n ser\u00e1 la madrina de la d\u00e9cima octava Mostra de la Cuina del Pin\u00f3s | El Digital de Asturias\" \/>\n\t\t<meta property=\"og:description\" content=\"La Mostra de la Cuina del Pin\u00f3s alcanza este a\u00f1o su mayor\u00eda de edad, por eso contar\u00e1 con una madrina de excepci\u00f3n: la chef M\u00aa Jos\u00e9 San Rom\u00e1n, del restaurante Monastrell de Alicante, distinguida con una estrella Michel\u00edn. Desde la Concejal\u00eda de Turismo del Ayuntamiento de Pinoso que dirige Neus Ochoa, se ha pensado en\" \/>\n\t\t<meta property=\"og:url\" content=\"https:\/\/eldigitaldeasturias.com\/magazine365\/la-chef-ma-jose-san-roman-sera-la-madrina-de-la-decima-octava-mostra-de-la-cuina-del-pinos\/\" \/>\n\t\t<meta property=\"og:image\" content=\"https:\/\/eldigitaldeasturias.com\/magazine365\/wp-content\/uploads\/2018\/02\/1517218178_Mari_a_Jose_San_Roma_n-scaled.jpg\" \/>\n\t\t<meta property=\"og:image:secure_url\" content=\"https:\/\/eldigitaldeasturias.com\/magazine365\/wp-content\/uploads\/2018\/02\/1517218178_Mari_a_Jose_San_Roma_n-scaled.jpg\" \/>\n\t\t<meta property=\"og:image:width\" content=\"2560\" \/>\n\t\t<meta property=\"og:image:height\" content=\"1707\" \/>\n\t\t<meta property=\"article:published_time\" content=\"2018-02-01T07:46:11+00:00\" \/>\n\t\t<meta property=\"article:modified_time\" content=\"2018-02-01T07:46:11+00:00\" \/>\n\t\t<meta name=\"twitter:card\" content=\"summary_large_image\" \/>\n\t\t<meta name=\"twitter:title\" content=\"La chef M\u00aa Jos\u00e9 San Rom\u00e1n ser\u00e1 la madrina de la d\u00e9cima octava Mostra de la Cuina del Pin\u00f3s | El Digital de Asturias\" \/>\n\t\t<meta name=\"twitter:description\" content=\"La Mostra de la Cuina del Pin\u00f3s alcanza este a\u00f1o su mayor\u00eda de edad, por eso contar\u00e1 con una madrina de excepci\u00f3n: la chef M\u00aa Jos\u00e9 San Rom\u00e1n, del restaurante Monastrell de Alicante, distinguida con una estrella Michel\u00edn. Desde la Concejal\u00eda de Turismo del Ayuntamiento de Pinoso que dirige Neus Ochoa, se ha pensado en\" \/>\n\t\t<meta name=\"twitter:image\" content=\"https:\/\/eldigitaldeasturias.com\/magazine365\/wp-content\/uploads\/2018\/02\/1517218178_Mari_a_Jose_San_Roma_n-scaled.jpg\" \/>\n\t\t<script type=\"application\/ld+json\" class=\"aioseo-schema\">\n\t\t\t{\"@context\":\"https:\\\/\\\/schema.org\",\"@graph\":[{\"@type\":\"Article\",\"@id\":\"https:\\\/\\\/eldigitaldeasturias.com\\\/magazine365\\\/la-chef-ma-jose-san-roman-sera-la-madrina-de-la-decima-octava-mostra-de-la-cuina-del-pinos\\\/#article\",\"name\":\"La chef M\\u00aa Jos\\u00e9 San Rom\\u00e1n ser\\u00e1 la madrina de la d\\u00e9cima octava Mostra de la Cuina del Pin\\u00f3s | El Digital de Asturias\",\"headline\":\"La chef M\\u00aa Jos\\u00e9 San Rom\\u00e1n ser\\u00e1 la madrina de la d\\u00e9cima octava Mostra de la Cuina del Pin\\u00f3s\",\"author\":{\"@id\":\"https:\\\/\\\/eldigitaldeasturias.com\\\/magazine365\\\/author\\\/admin\\\/#author\"},\"publisher\":{\"@id\":\"https:\\\/\\\/eldigitaldeasturias.com\\\/magazine365\\\/#organization\"},\"image\":{\"@type\":\"ImageObject\",\"url\":\"https:\\\/\\\/eldigitaldeasturias.com\\\/magazine365\\\/wp-content\\\/uploads\\\/2018\\\/02\\\/1517218178_Mari_a_Jose_San_Roma_n-scaled.jpg\",\"width\":2560,\"height\":1707},\"datePublished\":\"2018-02-01T07:46:11+01:00\",\"dateModified\":\"2018-02-01T07:46:11+01:00\",\"inLanguage\":\"es-ES\",\"mainEntityOfPage\":{\"@id\":\"https:\\\/\\\/eldigitaldeasturias.com\\\/magazine365\\\/la-chef-ma-jose-san-roman-sera-la-madrina-de-la-decima-octava-mostra-de-la-cuina-del-pinos\\\/#webpage\"},\"isPartOf\":{\"@id\":\"https:\\\/\\\/eldigitaldeasturias.com\\\/magazine365\\\/la-chef-ma-jose-san-roman-sera-la-madrina-de-la-decima-octava-mostra-de-la-cuina-del-pinos\\\/#webpage\"},\"articleSection\":\"Sabores\"},{\"@type\":\"BreadcrumbList\",\"@id\":\"https:\\\/\\\/eldigitaldeasturias.com\\\/magazine365\\\/la-chef-ma-jose-san-roman-sera-la-madrina-de-la-decima-octava-mostra-de-la-cuina-del-pinos\\\/#breadcrumblist\",\"itemListElement\":[{\"@type\":\"ListItem\",\"@id\":\"https:\\\/\\\/eldigitaldeasturias.com\\\/magazine365#listItem\",\"position\":1,\"name\":\"Home\",\"item\":\"https:\\\/\\\/eldigitaldeasturias.com\\\/magazine365\",\"nextItem\":{\"@type\":\"ListItem\",\"@id\":\"https:\\\/\\\/eldigitaldeasturias.com\\\/magazine365\\\/category\\\/sabores\\\/#listItem\",\"name\":\"Sabores\"}},{\"@type\":\"ListItem\",\"@id\":\"https:\\\/\\\/eldigitaldeasturias.com\\\/magazine365\\\/category\\\/sabores\\\/#listItem\",\"position\":2,\"name\":\"Sabores\",\"item\":\"https:\\\/\\\/eldigitaldeasturias.com\\\/magazine365\\\/category\\\/sabores\\\/\",\"nextItem\":{\"@type\":\"ListItem\",\"@id\":\"https:\\\/\\\/eldigitaldeasturias.com\\\/magazine365\\\/la-chef-ma-jose-san-roman-sera-la-madrina-de-la-decima-octava-mostra-de-la-cuina-del-pinos\\\/#listItem\",\"name\":\"La chef M\\u00aa Jos\\u00e9 San Rom\\u00e1n ser\\u00e1 la madrina de la d\\u00e9cima octava Mostra de la Cuina del Pin\\u00f3s\"},\"previousItem\":{\"@type\":\"ListItem\",\"@id\":\"https:\\\/\\\/eldigitaldeasturias.com\\\/magazine365#listItem\",\"name\":\"Home\"}},{\"@type\":\"ListItem\",\"@id\":\"https:\\\/\\\/eldigitaldeasturias.com\\\/magazine365\\\/la-chef-ma-jose-san-roman-sera-la-madrina-de-la-decima-octava-mostra-de-la-cuina-del-pinos\\\/#listItem\",\"position\":3,\"name\":\"La chef M\\u00aa Jos\\u00e9 San Rom\\u00e1n ser\\u00e1 la madrina de la d\\u00e9cima octava Mostra de la Cuina del Pin\\u00f3s\",\"previousItem\":{\"@type\":\"ListItem\",\"@id\":\"https:\\\/\\\/eldigitaldeasturias.com\\\/magazine365\\\/category\\\/sabores\\\/#listItem\",\"name\":\"Sabores\"}}]},{\"@type\":\"Organization\",\"@id\":\"https:\\\/\\\/eldigitaldeasturias.com\\\/magazine365\\\/#organization\",\"name\":\"El digital de Asturias\",\"description\":\"Revista de ocio, turismo y estilo de vida\",\"url\":\"https:\\\/\\\/eldigitaldeasturias.com\\\/magazine365\\\/\",\"logo\":{\"@type\":\"ImageObject\",\"url\":\"https:\\\/\\\/www.eldigitaldeasturias.com\\\/noticias\\\/wp-content\\\/uploads\\\/2020\\\/12\\\/EDA.jpg\",\"@id\":\"https:\\\/\\\/eldigitaldeasturias.com\\\/magazine365\\\/la-chef-ma-jose-san-roman-sera-la-madrina-de-la-decima-octava-mostra-de-la-cuina-del-pinos\\\/#organizationLogo\"},\"image\":{\"@id\":\"https:\\\/\\\/eldigitaldeasturias.com\\\/magazine365\\\/la-chef-ma-jose-san-roman-sera-la-madrina-de-la-decima-octava-mostra-de-la-cuina-del-pinos\\\/#organizationLogo\"}},{\"@type\":\"Person\",\"@id\":\"https:\\\/\\\/eldigitaldeasturias.com\\\/magazine365\\\/author\\\/admin\\\/#author\",\"url\":\"https:\\\/\\\/eldigitaldeasturias.com\\\/magazine365\\\/author\\\/admin\\\/\",\"name\":\"admin\",\"image\":{\"@type\":\"ImageObject\",\"@id\":\"https:\\\/\\\/eldigitaldeasturias.com\\\/magazine365\\\/la-chef-ma-jose-san-roman-sera-la-madrina-de-la-decima-octava-mostra-de-la-cuina-del-pinos\\\/#authorImage\",\"url\":\"https:\\\/\\\/eldigitaldeasturias.com\\\/magazine365\\\/wp-content\\\/litespeed\\\/avatar\\\/e571bcf59a0edd6fa6838245a470f2fe.jpg?ver=1776969259\",\"width\":96,\"height\":96,\"caption\":\"admin\"}},{\"@type\":\"WebPage\",\"@id\":\"https:\\\/\\\/eldigitaldeasturias.com\\\/magazine365\\\/la-chef-ma-jose-san-roman-sera-la-madrina-de-la-decima-octava-mostra-de-la-cuina-del-pinos\\\/#webpage\",\"url\":\"https:\\\/\\\/eldigitaldeasturias.com\\\/magazine365\\\/la-chef-ma-jose-san-roman-sera-la-madrina-de-la-decima-octava-mostra-de-la-cuina-del-pinos\\\/\",\"name\":\"La chef M\\u00aa Jos\\u00e9 San Rom\\u00e1n ser\\u00e1 la madrina de la d\\u00e9cima octava Mostra de la Cuina del Pin\\u00f3s | El Digital de Asturias\",\"description\":\"La Mostra de la Cuina del Pin\\u00f3s alcanza este a\\u00f1o su mayor\\u00eda de edad, por eso contar\\u00e1 con una madrina de excepci\\u00f3n: la chef M\\u00aa Jos\\u00e9 San Rom\\u00e1n, del restaurante Monastrell de Alicante, distinguida con una estrella Michel\\u00edn. Desde la Concejal\\u00eda de Turismo del Ayuntamiento de Pinoso que dirige Neus Ochoa, se ha pensado en\",\"inLanguage\":\"es-ES\",\"isPartOf\":{\"@id\":\"https:\\\/\\\/eldigitaldeasturias.com\\\/magazine365\\\/#website\"},\"breadcrumb\":{\"@id\":\"https:\\\/\\\/eldigitaldeasturias.com\\\/magazine365\\\/la-chef-ma-jose-san-roman-sera-la-madrina-de-la-decima-octava-mostra-de-la-cuina-del-pinos\\\/#breadcrumblist\"},\"author\":{\"@id\":\"https:\\\/\\\/eldigitaldeasturias.com\\\/magazine365\\\/author\\\/admin\\\/#author\"},\"creator\":{\"@id\":\"https:\\\/\\\/eldigitaldeasturias.com\\\/magazine365\\\/author\\\/admin\\\/#author\"},\"image\":{\"@type\":\"ImageObject\",\"url\":\"https:\\\/\\\/eldigitaldeasturias.com\\\/magazine365\\\/wp-content\\\/uploads\\\/2018\\\/02\\\/1517218178_Mari_a_Jose_San_Roma_n-scaled.jpg\",\"@id\":\"https:\\\/\\\/eldigitaldeasturias.com\\\/magazine365\\\/la-chef-ma-jose-san-roman-sera-la-madrina-de-la-decima-octava-mostra-de-la-cuina-del-pinos\\\/#mainImage\",\"width\":2560,\"height\":1707},\"primaryImageOfPage\":{\"@id\":\"https:\\\/\\\/eldigitaldeasturias.com\\\/magazine365\\\/la-chef-ma-jose-san-roman-sera-la-madrina-de-la-decima-octava-mostra-de-la-cuina-del-pinos\\\/#mainImage\"},\"datePublished\":\"2018-02-01T07:46:11+01:00\",\"dateModified\":\"2018-02-01T07:46:11+01:00\"},{\"@type\":\"WebSite\",\"@id\":\"https:\\\/\\\/eldigitaldeasturias.com\\\/magazine365\\\/#website\",\"url\":\"https:\\\/\\\/eldigitaldeasturias.com\\\/magazine365\\\/\",\"name\":\"El Digital de Asturias\",\"description\":\"Revista de ocio, turismo y estilo de vida\",\"inLanguage\":\"es-ES\",\"publisher\":{\"@id\":\"https:\\\/\\\/eldigitaldeasturias.com\\\/magazine365\\\/#organization\"}}]}\n\t\t<\/script>\n\t\t<!-- All in One SEO Pro -->\r\n\t\t<title>La chef M\u00aa Jos\u00e9 San Rom\u00e1n ser\u00e1 la madrina de la d\u00e9cima octava Mostra de la Cuina del Pin\u00f3s | El Digital de Asturias<\/title>\n\n","aioseo_head_json":{"title":"La chef M\u00aa Jos\u00e9 San Rom\u00e1n ser\u00e1 la madrina de la d\u00e9cima octava Mostra de la Cuina del Pin\u00f3s | El Digital de Asturias","description":"La Mostra de la Cuina del Pin\u00f3s alcanza este a\u00f1o su mayor\u00eda de edad, por eso contar\u00e1 con una madrina de excepci\u00f3n: la chef M\u00aa Jos\u00e9 San Rom\u00e1n, del restaurante Monastrell de Alicante, distinguida con una estrella Michel\u00edn. Desde la Concejal\u00eda de Turismo del Ayuntamiento de Pinoso que dirige Neus Ochoa, se ha pensado en","canonical_url":"https:\/\/eldigitaldeasturias.com\/magazine365\/la-chef-ma-jose-san-roman-sera-la-madrina-de-la-decima-octava-mostra-de-la-cuina-del-pinos\/","robots":"max-image-preview:large","keywords":"sabores","webmasterTools":{"google-site-verification":"UA-38556648-1","miscellaneous":""},"schema":{"@context":"https:\/\/schema.org","@graph":[{"@type":"Article","@id":"https:\/\/eldigitaldeasturias.com\/magazine365\/la-chef-ma-jose-san-roman-sera-la-madrina-de-la-decima-octava-mostra-de-la-cuina-del-pinos\/#article","name":"La chef M\u00aa Jos\u00e9 San Rom\u00e1n ser\u00e1 la madrina de la d\u00e9cima octava Mostra de la Cuina del Pin\u00f3s | El Digital de Asturias","headline":"La chef M\u00aa Jos\u00e9 San Rom\u00e1n ser\u00e1 la madrina de la d\u00e9cima octava Mostra de la Cuina del Pin\u00f3s","author":{"@id":"https:\/\/eldigitaldeasturias.com\/magazine365\/author\/admin\/#author"},"publisher":{"@id":"https:\/\/eldigitaldeasturias.com\/magazine365\/#organization"},"image":{"@type":"ImageObject","url":"https:\/\/eldigitaldeasturias.com\/magazine365\/wp-content\/uploads\/2018\/02\/1517218178_Mari_a_Jose_San_Roma_n-scaled.jpg","width":2560,"height":1707},"datePublished":"2018-02-01T07:46:11+01:00","dateModified":"2018-02-01T07:46:11+01:00","inLanguage":"es-ES","mainEntityOfPage":{"@id":"https:\/\/eldigitaldeasturias.com\/magazine365\/la-chef-ma-jose-san-roman-sera-la-madrina-de-la-decima-octava-mostra-de-la-cuina-del-pinos\/#webpage"},"isPartOf":{"@id":"https:\/\/eldigitaldeasturias.com\/magazine365\/la-chef-ma-jose-san-roman-sera-la-madrina-de-la-decima-octava-mostra-de-la-cuina-del-pinos\/#webpage"},"articleSection":"Sabores"},{"@type":"BreadcrumbList","@id":"https:\/\/eldigitaldeasturias.com\/magazine365\/la-chef-ma-jose-san-roman-sera-la-madrina-de-la-decima-octava-mostra-de-la-cuina-del-pinos\/#breadcrumblist","itemListElement":[{"@type":"ListItem","@id":"https:\/\/eldigitaldeasturias.com\/magazine365#listItem","position":1,"name":"Home","item":"https:\/\/eldigitaldeasturias.com\/magazine365","nextItem":{"@type":"ListItem","@id":"https:\/\/eldigitaldeasturias.com\/magazine365\/category\/sabores\/#listItem","name":"Sabores"}},{"@type":"ListItem","@id":"https:\/\/eldigitaldeasturias.com\/magazine365\/category\/sabores\/#listItem","position":2,"name":"Sabores","item":"https:\/\/eldigitaldeasturias.com\/magazine365\/category\/sabores\/","nextItem":{"@type":"ListItem","@id":"https:\/\/eldigitaldeasturias.com\/magazine365\/la-chef-ma-jose-san-roman-sera-la-madrina-de-la-decima-octava-mostra-de-la-cuina-del-pinos\/#listItem","name":"La chef M\u00aa Jos\u00e9 San Rom\u00e1n ser\u00e1 la madrina de la d\u00e9cima octava Mostra de la Cuina del Pin\u00f3s"},"previousItem":{"@type":"ListItem","@id":"https:\/\/eldigitaldeasturias.com\/magazine365#listItem","name":"Home"}},{"@type":"ListItem","@id":"https:\/\/eldigitaldeasturias.com\/magazine365\/la-chef-ma-jose-san-roman-sera-la-madrina-de-la-decima-octava-mostra-de-la-cuina-del-pinos\/#listItem","position":3,"name":"La chef M\u00aa Jos\u00e9 San Rom\u00e1n ser\u00e1 la madrina de la d\u00e9cima octava Mostra de la Cuina del Pin\u00f3s","previousItem":{"@type":"ListItem","@id":"https:\/\/eldigitaldeasturias.com\/magazine365\/category\/sabores\/#listItem","name":"Sabores"}}]},{"@type":"Organization","@id":"https:\/\/eldigitaldeasturias.com\/magazine365\/#organization","name":"El digital de Asturias","description":"Revista de ocio, turismo y estilo de vida","url":"https:\/\/eldigitaldeasturias.com\/magazine365\/","logo":{"@type":"ImageObject","url":"https:\/\/www.eldigitaldeasturias.com\/noticias\/wp-content\/uploads\/2020\/12\/EDA.jpg","@id":"https:\/\/eldigitaldeasturias.com\/magazine365\/la-chef-ma-jose-san-roman-sera-la-madrina-de-la-decima-octava-mostra-de-la-cuina-del-pinos\/#organizationLogo"},"image":{"@id":"https:\/\/eldigitaldeasturias.com\/magazine365\/la-chef-ma-jose-san-roman-sera-la-madrina-de-la-decima-octava-mostra-de-la-cuina-del-pinos\/#organizationLogo"}},{"@type":"Person","@id":"https:\/\/eldigitaldeasturias.com\/magazine365\/author\/admin\/#author","url":"https:\/\/eldigitaldeasturias.com\/magazine365\/author\/admin\/","name":"admin","image":{"@type":"ImageObject","@id":"https:\/\/eldigitaldeasturias.com\/magazine365\/la-chef-ma-jose-san-roman-sera-la-madrina-de-la-decima-octava-mostra-de-la-cuina-del-pinos\/#authorImage","url":"https:\/\/eldigitaldeasturias.com\/magazine365\/wp-content\/litespeed\/avatar\/e571bcf59a0edd6fa6838245a470f2fe.jpg?ver=1776969259","width":96,"height":96,"caption":"admin"}},{"@type":"WebPage","@id":"https:\/\/eldigitaldeasturias.com\/magazine365\/la-chef-ma-jose-san-roman-sera-la-madrina-de-la-decima-octava-mostra-de-la-cuina-del-pinos\/#webpage","url":"https:\/\/eldigitaldeasturias.com\/magazine365\/la-chef-ma-jose-san-roman-sera-la-madrina-de-la-decima-octava-mostra-de-la-cuina-del-pinos\/","name":"La chef M\u00aa Jos\u00e9 San Rom\u00e1n ser\u00e1 la madrina de la d\u00e9cima octava Mostra de la Cuina del Pin\u00f3s | El Digital de Asturias","description":"La Mostra de la Cuina del Pin\u00f3s alcanza este a\u00f1o su mayor\u00eda de edad, por eso contar\u00e1 con una madrina de excepci\u00f3n: la chef M\u00aa Jos\u00e9 San Rom\u00e1n, del restaurante Monastrell de Alicante, distinguida con una estrella Michel\u00edn. Desde la Concejal\u00eda de Turismo del Ayuntamiento de Pinoso que dirige Neus Ochoa, se ha pensado en","inLanguage":"es-ES","isPartOf":{"@id":"https:\/\/eldigitaldeasturias.com\/magazine365\/#website"},"breadcrumb":{"@id":"https:\/\/eldigitaldeasturias.com\/magazine365\/la-chef-ma-jose-san-roman-sera-la-madrina-de-la-decima-octava-mostra-de-la-cuina-del-pinos\/#breadcrumblist"},"author":{"@id":"https:\/\/eldigitaldeasturias.com\/magazine365\/author\/admin\/#author"},"creator":{"@id":"https:\/\/eldigitaldeasturias.com\/magazine365\/author\/admin\/#author"},"image":{"@type":"ImageObject","url":"https:\/\/eldigitaldeasturias.com\/magazine365\/wp-content\/uploads\/2018\/02\/1517218178_Mari_a_Jose_San_Roma_n-scaled.jpg","@id":"https:\/\/eldigitaldeasturias.com\/magazine365\/la-chef-ma-jose-san-roman-sera-la-madrina-de-la-decima-octava-mostra-de-la-cuina-del-pinos\/#mainImage","width":2560,"height":1707},"primaryImageOfPage":{"@id":"https:\/\/eldigitaldeasturias.com\/magazine365\/la-chef-ma-jose-san-roman-sera-la-madrina-de-la-decima-octava-mostra-de-la-cuina-del-pinos\/#mainImage"},"datePublished":"2018-02-01T07:46:11+01:00","dateModified":"2018-02-01T07:46:11+01:00"},{"@type":"WebSite","@id":"https:\/\/eldigitaldeasturias.com\/magazine365\/#website","url":"https:\/\/eldigitaldeasturias.com\/magazine365\/","name":"El Digital de Asturias","description":"Revista de ocio, turismo y estilo de vida","inLanguage":"es-ES","publisher":{"@id":"https:\/\/eldigitaldeasturias.com\/magazine365\/#organization"}}]},"og:locale":"es_ES","og:site_name":"El Digital de Asturias \u2013 Revista de ocio, turismo y estilo de vida","og:type":"article","og:title":"La chef M\u00aa Jos\u00e9 San Rom\u00e1n ser\u00e1 la madrina de la d\u00e9cima octava Mostra de la Cuina del Pin\u00f3s | El Digital de Asturias","og:description":"La Mostra de la Cuina del Pin\u00f3s alcanza este a\u00f1o su mayor\u00eda de edad, por eso contar\u00e1 con una madrina de excepci\u00f3n: la chef M\u00aa Jos\u00e9 San Rom\u00e1n, del restaurante Monastrell de Alicante, distinguida con una estrella Michel\u00edn. Desde la Concejal\u00eda de Turismo del Ayuntamiento de Pinoso que dirige Neus Ochoa, se ha pensado en","og:url":"https:\/\/eldigitaldeasturias.com\/magazine365\/la-chef-ma-jose-san-roman-sera-la-madrina-de-la-decima-octava-mostra-de-la-cuina-del-pinos\/","og:image":"https:\/\/eldigitaldeasturias.com\/magazine365\/wp-content\/uploads\/2018\/02\/1517218178_Mari_a_Jose_San_Roma_n-scaled.jpg","og:image:secure_url":"https:\/\/eldigitaldeasturias.com\/magazine365\/wp-content\/uploads\/2018\/02\/1517218178_Mari_a_Jose_San_Roma_n-scaled.jpg","og:image:width":2560,"og:image:height":1707,"article:published_time":"2018-02-01T07:46:11+00:00","article:modified_time":"2018-02-01T07:46:11+00:00","twitter:card":"summary_large_image","twitter:title":"La chef M\u00aa Jos\u00e9 San Rom\u00e1n ser\u00e1 la madrina de la d\u00e9cima octava Mostra de la Cuina del Pin\u00f3s | El Digital de Asturias","twitter:description":"La Mostra de la Cuina del Pin\u00f3s alcanza este a\u00f1o su mayor\u00eda de edad, por eso contar\u00e1 con una madrina de excepci\u00f3n: la chef M\u00aa Jos\u00e9 San Rom\u00e1n, del restaurante Monastrell de Alicante, distinguida con una estrella Michel\u00edn. Desde la Concejal\u00eda de Turismo del Ayuntamiento de Pinoso que dirige Neus Ochoa, se ha pensado en","twitter:image":"https:\/\/eldigitaldeasturias.com\/magazine365\/wp-content\/uploads\/2018\/02\/1517218178_Mari_a_Jose_San_Roma_n-scaled.jpg"},"aioseo_meta_data":{"post_id":"90825","title":null,"description":null,"keywords":null,"keyphrases":null,"primary_term":null,"canonical_url":null,"og_title":null,"og_description":null,"og_object_type":"default","og_image_type":"default","og_image_url":null,"og_image_width":null,"og_image_height":null,"og_image_custom_url":null,"og_image_custom_fields":null,"og_video":null,"og_custom_url":null,"og_article_section":null,"og_article_tags":null,"twitter_use_og":false,"twitter_card":"default","twitter_image_type":"default","twitter_image_url":null,"twitter_image_custom_url":null,"twitter_image_custom_fields":null,"twitter_title":null,"twitter_description":null,"schema":{"blockGraphs":[],"customGraphs":[],"default":{"data":{"Article":[],"Course":[],"Dataset":[],"FAQPage":[],"Movie":[],"Person":[],"Product":[],"ProductReview":[],"Car":[],"Recipe":[],"Service":[],"SoftwareApplication":[],"WebPage":[]},"graphName":"","isEnabled":true},"graphs":[],"defaultGraph":"","defaultPostTypeGraph":""},"schema_type":null,"schema_type_options":null,"pillar_content":false,"robots_default":true,"robots_noindex":false,"robots_noarchive":false,"robots_nosnippet":false,"robots_nofollow":false,"robots_noimageindex":false,"robots_noodp":false,"robots_notranslate":false,"robots_max_snippet":null,"robots_max_videopreview":null,"robots_max_imagepreview":"large","priority":null,"frequency":null,"location":null,"local_seo":null,"seo_analyzer_scan_date":"2025-09-28 17:18:19","breadcrumb_settings":null,"limit_modified_date":false,"open_ai":null,"ai":null,"created":"2020-12-21 14:10:29","updated":"2025-09-28 17:18:19"},"aioseo_breadcrumb":"<div class=\"aioseo-breadcrumbs\"><span class=\"aioseo-breadcrumb\">\n\t<a href=\"https:\/\/eldigitaldeasturias.com\/magazine365\" title=\"Home\">Home<\/a>\n<\/span><span class=\"aioseo-breadcrumb-separator\">\u2013<\/span><span class=\"aioseo-breadcrumb\">\n\t<a href=\"https:\/\/eldigitaldeasturias.com\/magazine365\/category\/sabores\/\" title=\"Sabores\">Sabores<\/a>\n<\/span><span class=\"aioseo-breadcrumb-separator\">\u2013<\/span><span class=\"aioseo-breadcrumb\">\n\t<a href=\"https:\/\/eldigitaldeasturias.com\/magazine365\/la-chef-ma-jose-san-roman-sera-la-madrina-de-la-decima-octava-mostra-de-la-cuina-del-pinos\/\" title=\"La chef M\u00aa Jos\u00e9 San Rom\u00e1n ser\u00e1 la madrina de la d\u00e9cima octava Mostra de la Cuina del Pin\u00f3s\">La chef M\u00aa Jos\u00e9 San Rom\u00e1n ser\u00e1 la madrina de la d\u00e9cima octava Mostra de la Cuina del Pin\u00f3s<\/a>\n<\/span><\/div>","aioseo_breadcrumb_json":[{"label":"Home","link":"https:\/\/eldigitaldeasturias.com\/magazine365"},{"label":"Sabores","link":"https:\/\/eldigitaldeasturias.com\/magazine365\/category\/sabores\/"},{"label":"La chef M\u00aa Jos\u00e9 San Rom\u00e1n ser\u00e1 la madrina de la d\u00e9cima octava Mostra de la Cuina del Pin\u00f3s","link":"https:\/\/eldigitaldeasturias.com\/magazine365\/la-chef-ma-jose-san-roman-sera-la-madrina-de-la-decima-octava-mostra-de-la-cuina-del-pinos\/"}],"_links":{"self":[{"href":"https:\/\/eldigitaldeasturias.com\/magazine365\/wp-json\/wp\/v2\/posts\/90825","targetHints":{"allow":["GET"]}}],"collection":[{"href":"https:\/\/eldigitaldeasturias.com\/magazine365\/wp-json\/wp\/v2\/posts"}],"about":[{"href":"https:\/\/eldigitaldeasturias.com\/magazine365\/wp-json\/wp\/v2\/types\/post"}],"author":[{"embeddable":true,"href":"https:\/\/eldigitaldeasturias.com\/magazine365\/wp-json\/wp\/v2\/users\/1"}],"replies":[{"embeddable":true,"href":"https:\/\/eldigitaldeasturias.com\/magazine365\/wp-json\/wp\/v2\/comments?post=90825"}],"version-history":[{"count":0,"href":"https:\/\/eldigitaldeasturias.com\/magazine365\/wp-json\/wp\/v2\/posts\/90825\/revisions"}],"wp:featuredmedia":[{"embeddable":true,"href":"https:\/\/eldigitaldeasturias.com\/magazine365\/wp-json\/wp\/v2\/media\/90826"}],"wp:attachment":[{"href":"https:\/\/eldigitaldeasturias.com\/magazine365\/wp-json\/wp\/v2\/media?parent=90825"}],"wp:term":[{"taxonomy":"category","embeddable":true,"href":"https:\/\/eldigitaldeasturias.com\/magazine365\/wp-json\/wp\/v2\/categories?post=90825"},{"taxonomy":"post_tag","embeddable":true,"href":"https:\/\/eldigitaldeasturias.com\/magazine365\/wp-json\/wp\/v2\/tags?post=90825"}],"curies":[{"name":"wp","href":"https:\/\/api.w.org\/{rel}","templated":true}]}}