{"id":90662,"date":"2018-01-24T14:37:34","date_gmt":"2018-01-24T14:37:34","guid":{"rendered":"http:\/\/eldigitaldeasturias.com\/magazine365\/?p=90662"},"modified":"2018-01-24T14:37:34","modified_gmt":"2018-01-24T14:37:34","slug":"aragon-es-la-principal-zona-productora-de-trufa-negra-del-mundo","status":"publish","type":"post","link":"https:\/\/eldigitaldeasturias.com\/magazine365\/aragon-es-la-principal-zona-productora-de-trufa-negra-del-mundo\/","title":{"rendered":"Arag\u00f3n es la principal zona productora de trufa negra del mundo"},"content":{"rendered":"<p><img fetchpriority=\"high\" decoding=\"async\" class=\"alignleft size-medium wp-image-90663\" src=\"https:\/\/eldigitaldeasturias.com\/magazine365\/wp-content\/uploads\/2018\/01\/IMG_1018_e62ab66b-360x159.jpg\" alt=\"\" width=\"360\" height=\"159\" srcset=\"https:\/\/eldigitaldeasturias.com\/magazine365\/wp-content\/uploads\/2018\/01\/IMG_1018_e62ab66b-360x159.jpg 360w, https:\/\/eldigitaldeasturias.com\/magazine365\/wp-content\/uploads\/2018\/01\/IMG_1018_e62ab66b-650x288.jpg 650w, https:\/\/eldigitaldeasturias.com\/magazine365\/wp-content\/uploads\/2018\/01\/IMG_1018_e62ab66b-150x66.jpg 150w, https:\/\/eldigitaldeasturias.com\/magazine365\/wp-content\/uploads\/2018\/01\/IMG_1018_e62ab66b-450x199.jpg 450w, https:\/\/eldigitaldeasturias.com\/magazine365\/wp-content\/uploads\/2018\/01\/IMG_1018_e62ab66b-250x110.jpg 250w, https:\/\/eldigitaldeasturias.com\/magazine365\/wp-content\/uploads\/2018\/01\/IMG_1018_e62ab66b.jpg 700w\" sizes=\"(max-width: 360px) 100vw, 360px\" \/>El consejero de Desarrollo Rural y Sostenibilidad del Gobierno de Arag\u00f3n, Joaqu\u00edn Olona, y su hom\u00f3logo de Vertebraci\u00f3n del Territorio y Movilidad, Jos\u00e9 Luis Soro, se han desplazado este mi\u00e9rcoles hasta Madrid para participar en la XVI Edici\u00f3n de la Cumbre Internacional Madrid Fusi\u00f3n, que tiene lugar desde el pasado 22 de enero en el Palacio de Congresos Juan Carlos I.<\/p>\n<p>A trav\u00e9s de una demostraci\u00f3n en directo, un equipo multidisciplinar formado por investigadores de la Universidad de Zaragoza, diferentes centros de investigaci\u00f3n del Gobierno de Arag\u00f3n y cocineros aragoneses han presentado un proyecto de investigaci\u00f3n sobre la trufa negra de invierno (Tuber Melanosporum). Esta es la d\u00e9cima ocasi\u00f3n en la que Arag\u00f3n exhibe su potencial en este encuentro, considerado como la cumbre mundial sobre gastronom\u00eda.<\/p>\n<p>Los investigadores de la Universidad de Zaragoza, David Gimeno y Pedro Marco, junto a los cocineros Leandro Casas y Jos\u00e9 Ignacio Acir\u00f3n, del restaurante Gayarre (Grupo La Bastilla), han utilizado la trufa negra para aromatizar aceite de oliva con DOP Bajo Arag\u00f3n. Lo han hecho mediante un burbujeo de corriente de nitr\u00f3geno, utiliz\u00e1ndola como si fuese una f\u00e1brica de aromas. La pieza ha quedado intacta y han conseguido un producto aromatizado con trufa y seguro para el consumidor.<\/p>\n<p>Posteriormente, con la misma trufa, en este caso laminada, se ha realizado una infusi\u00f3n y se ha destilado al vac\u00edo a temperatura ambiente. El resultado ha sido, por un lado, un destilado acuoso con aroma a trufa negra y, por otro, unas l\u00e1minas de trufa que conservan todo su potencial para poder ser utilizadas en cocina.<\/p>\n<p>Tras poner en contacto la cocina con la ciencia, los cocineros han preparado diferentes platos para el evento.<\/p>\n<p>Arag\u00f3n Alimentos ha mostrado en un estand los productos aragones con calidad diferenciada<\/p>\n<p>Durante los tres d\u00edas que ha durado el evento, la Comunidad Aut\u00f3noma tambi\u00e9n ha contado con un punto de encuentro bajo el paraguas de \u201cArag\u00f3n Alimentos\u201d, donde se han promocionado los productos aragoneses con calidad diferenciada. La Comarca del Somontano, recientemente designada por el Departamento de Vertebraci\u00f3n del Territorio del Gobierno de Arag\u00f3n como \u201cTerritorio de Inter\u00e9s Gastron\u00f3mico de Arag\u00f3n\u201d, ha tenido en \u00e9l un papel protagonista.<\/p>\n<p>En el mismo estand, adem\u00e1s de poder degustar los productos, el p\u00fablico que se ha acercado hasta \u00e9l ha podido coger la \u00abAgenda Gastron\u00f3mica Aragonesa\u201d y diferentes folletos divulgativos de \u00abArag\u00f3n Alimentos\u00bb, donde se presentan la totalidad de las figuras de calidad diferenciada disponibles en nuestra Comunidad.<\/p>\n<p><strong>Arag\u00f3n es la principal zona productora de trufa negra del mundo<\/strong><\/p>\n<p>La trufa negra (Tuber melanosporum) se caracteriza por su elevado potencial arom\u00e1tico y valor gastron\u00f3mico. Arag\u00f3n es la principal zona productora de trufa negra del mundo con m\u00e1s de 10.000 Ha de plantaciones en este momento, y habiendo entrado en producci\u00f3n cerca de un 60% de su superficie de plantaci\u00f3n. El aroma de este apreciado producto est\u00e1 compuesto por m\u00e1s de 100 mol\u00e9culas arom\u00e1ticas, que en su justa concentraci\u00f3n, componen su perfil arom\u00e1tico \u00fanico, como si fuese su ADN arom\u00e1tico. A diferencia de otros productos como hierbas arom\u00e1ticas, la trufa negra en estado fresco, es decir, cuando est\u00e1 viva, es cuando produce estas mol\u00e9culas vol\u00e1tiles actuando como una f\u00e1brica de aromas. En el momento en que se somete a alg\u00fan tratamiento t\u00e9rmico, congelaci\u00f3n o esterilizaci\u00f3n, el perfil arom\u00e1tico de la trufa negra se modifica completamente.<\/p>\n","protected":false},"excerpt":{"rendered":"<p>El consejero de Desarrollo Rural y Sostenibilidad del Gobierno de Arag\u00f3n, Joaqu\u00edn Olona, y su hom\u00f3logo de Vertebraci\u00f3n del Territorio y Movilidad, Jos\u00e9 Luis Soro, se han desplazado este mi\u00e9rcoles hasta Madrid para participar en la XVI Edici\u00f3n de la Cumbre Internacional Madrid Fusi\u00f3n, que tiene lugar desde el pasado 22 de enero en el<\/p>\n","protected":false},"author":1,"featured_media":90663,"comment_status":"closed","ping_status":"closed","sticky":false,"template":"","format":"standard","meta":{"footnotes":""},"categories":[217],"tags":[],"class_list":{"0":"post-90662","1":"post","2":"type-post","3":"status-publish","4":"format-standard","5":"has-post-thumbnail","7":"category-sabores"},"aioseo_notices":[],"aioseo_head":"\n\t\t<!-- All in One SEO Pro 4.9.6.1 - aioseo.com -->\n\t<meta name=\"description\" content=\"El consejero de Desarrollo Rural y Sostenibilidad del Gobierno de Arag\u00f3n, Joaqu\u00edn Olona, y su hom\u00f3logo de Vertebraci\u00f3n del Territorio y Movilidad, Jos\u00e9 Luis Soro, se han desplazado este mi\u00e9rcoles hasta Madrid para participar en la XVI Edici\u00f3n de la Cumbre Internacional Madrid Fusi\u00f3n, que tiene lugar desde el pasado 22 de enero en el\" \/>\n\t<meta name=\"robots\" content=\"max-image-preview:large\" \/>\n\t<meta name=\"author\" content=\"admin\"\/>\n\t<meta name=\"google-site-verification\" content=\"UA-38556648-1\" \/>\n\t<meta name=\"keywords\" content=\"sabores\" \/>\n\t<link rel=\"canonical\" href=\"https:\/\/eldigitaldeasturias.com\/magazine365\/aragon-es-la-principal-zona-productora-de-trufa-negra-del-mundo\/\" \/>\n\t<meta name=\"generator\" content=\"All in One SEO Pro (AIOSEO) 4.9.6.1\" \/>\n\t\t<meta property=\"og:locale\" content=\"es_ES\" \/>\n\t\t<meta property=\"og:site_name\" content=\"El Digital de Asturias \u2013 Revista de ocio, turismo y estilo de vida\" \/>\n\t\t<meta property=\"og:type\" content=\"article\" \/>\n\t\t<meta property=\"og:title\" content=\"Arag\u00f3n es la principal zona productora de trufa negra del mundo | El Digital de Asturias\" \/>\n\t\t<meta property=\"og:description\" content=\"El consejero de Desarrollo Rural y Sostenibilidad del Gobierno de Arag\u00f3n, Joaqu\u00edn Olona, y su hom\u00f3logo de Vertebraci\u00f3n del Territorio y Movilidad, Jos\u00e9 Luis Soro, se han desplazado este mi\u00e9rcoles hasta Madrid para participar en la XVI Edici\u00f3n de la Cumbre Internacional Madrid Fusi\u00f3n, que tiene lugar desde el pasado 22 de enero en el\" \/>\n\t\t<meta property=\"og:url\" content=\"https:\/\/eldigitaldeasturias.com\/magazine365\/aragon-es-la-principal-zona-productora-de-trufa-negra-del-mundo\/\" \/>\n\t\t<meta property=\"og:image\" content=\"https:\/\/eldigitaldeasturias.com\/magazine365\/wp-content\/uploads\/2018\/01\/IMG_1018_e62ab66b.jpg\" \/>\n\t\t<meta property=\"og:image:secure_url\" content=\"https:\/\/eldigitaldeasturias.com\/magazine365\/wp-content\/uploads\/2018\/01\/IMG_1018_e62ab66b.jpg\" \/>\n\t\t<meta property=\"og:image:width\" content=\"700\" \/>\n\t\t<meta property=\"og:image:height\" content=\"310\" \/>\n\t\t<meta property=\"article:published_time\" content=\"2018-01-24T14:37:34+00:00\" \/>\n\t\t<meta property=\"article:modified_time\" content=\"2018-01-24T14:37:34+00:00\" \/>\n\t\t<meta name=\"twitter:card\" content=\"summary_large_image\" \/>\n\t\t<meta name=\"twitter:title\" content=\"Arag\u00f3n es la principal zona productora de trufa negra del mundo | El Digital de Asturias\" \/>\n\t\t<meta name=\"twitter:description\" content=\"El consejero de Desarrollo Rural y Sostenibilidad del Gobierno de Arag\u00f3n, Joaqu\u00edn Olona, y su hom\u00f3logo de Vertebraci\u00f3n del Territorio y Movilidad, Jos\u00e9 Luis Soro, se han desplazado este mi\u00e9rcoles hasta Madrid para participar en la XVI Edici\u00f3n de la Cumbre Internacional Madrid Fusi\u00f3n, que tiene lugar desde el pasado 22 de enero en el\" \/>\n\t\t<meta name=\"twitter:image\" content=\"https:\/\/eldigitaldeasturias.com\/magazine365\/wp-content\/uploads\/2018\/01\/IMG_1018_e62ab66b.jpg\" \/>\n\t\t<script type=\"application\/ld+json\" class=\"aioseo-schema\">\n\t\t\t{\"@context\":\"https:\\\/\\\/schema.org\",\"@graph\":[{\"@type\":\"Article\",\"@id\":\"https:\\\/\\\/eldigitaldeasturias.com\\\/magazine365\\\/aragon-es-la-principal-zona-productora-de-trufa-negra-del-mundo\\\/#article\",\"name\":\"Arag\\u00f3n es la principal zona productora de trufa negra del mundo | El Digital de Asturias\",\"headline\":\"Arag\\u00f3n es la principal zona productora de trufa negra del mundo\",\"author\":{\"@id\":\"https:\\\/\\\/eldigitaldeasturias.com\\\/magazine365\\\/author\\\/admin\\\/#author\"},\"publisher\":{\"@id\":\"https:\\\/\\\/eldigitaldeasturias.com\\\/magazine365\\\/#organization\"},\"image\":{\"@type\":\"ImageObject\",\"url\":\"https:\\\/\\\/eldigitaldeasturias.com\\\/magazine365\\\/wp-content\\\/uploads\\\/2018\\\/01\\\/IMG_1018_e62ab66b.jpg\",\"width\":700,\"height\":310},\"datePublished\":\"2018-01-24T14:37:34+01:00\",\"dateModified\":\"2018-01-24T14:37:34+01:00\",\"inLanguage\":\"es-ES\",\"mainEntityOfPage\":{\"@id\":\"https:\\\/\\\/eldigitaldeasturias.com\\\/magazine365\\\/aragon-es-la-principal-zona-productora-de-trufa-negra-del-mundo\\\/#webpage\"},\"isPartOf\":{\"@id\":\"https:\\\/\\\/eldigitaldeasturias.com\\\/magazine365\\\/aragon-es-la-principal-zona-productora-de-trufa-negra-del-mundo\\\/#webpage\"},\"articleSection\":\"Sabores\"},{\"@type\":\"BreadcrumbList\",\"@id\":\"https:\\\/\\\/eldigitaldeasturias.com\\\/magazine365\\\/aragon-es-la-principal-zona-productora-de-trufa-negra-del-mundo\\\/#breadcrumblist\",\"itemListElement\":[{\"@type\":\"ListItem\",\"@id\":\"https:\\\/\\\/eldigitaldeasturias.com\\\/magazine365#listItem\",\"position\":1,\"name\":\"Home\",\"item\":\"https:\\\/\\\/eldigitaldeasturias.com\\\/magazine365\",\"nextItem\":{\"@type\":\"ListItem\",\"@id\":\"https:\\\/\\\/eldigitaldeasturias.com\\\/magazine365\\\/category\\\/sabores\\\/#listItem\",\"name\":\"Sabores\"}},{\"@type\":\"ListItem\",\"@id\":\"https:\\\/\\\/eldigitaldeasturias.com\\\/magazine365\\\/category\\\/sabores\\\/#listItem\",\"position\":2,\"name\":\"Sabores\",\"item\":\"https:\\\/\\\/eldigitaldeasturias.com\\\/magazine365\\\/category\\\/sabores\\\/\",\"nextItem\":{\"@type\":\"ListItem\",\"@id\":\"https:\\\/\\\/eldigitaldeasturias.com\\\/magazine365\\\/aragon-es-la-principal-zona-productora-de-trufa-negra-del-mundo\\\/#listItem\",\"name\":\"Arag\\u00f3n es la principal zona productora de trufa negra del mundo\"},\"previousItem\":{\"@type\":\"ListItem\",\"@id\":\"https:\\\/\\\/eldigitaldeasturias.com\\\/magazine365#listItem\",\"name\":\"Home\"}},{\"@type\":\"ListItem\",\"@id\":\"https:\\\/\\\/eldigitaldeasturias.com\\\/magazine365\\\/aragon-es-la-principal-zona-productora-de-trufa-negra-del-mundo\\\/#listItem\",\"position\":3,\"name\":\"Arag\\u00f3n es la principal zona productora de trufa negra del mundo\",\"previousItem\":{\"@type\":\"ListItem\",\"@id\":\"https:\\\/\\\/eldigitaldeasturias.com\\\/magazine365\\\/category\\\/sabores\\\/#listItem\",\"name\":\"Sabores\"}}]},{\"@type\":\"Organization\",\"@id\":\"https:\\\/\\\/eldigitaldeasturias.com\\\/magazine365\\\/#organization\",\"name\":\"El digital de Asturias\",\"description\":\"Revista de ocio, turismo y estilo de vida\",\"url\":\"https:\\\/\\\/eldigitaldeasturias.com\\\/magazine365\\\/\",\"logo\":{\"@type\":\"ImageObject\",\"url\":\"https:\\\/\\\/www.eldigitaldeasturias.com\\\/noticias\\\/wp-content\\\/uploads\\\/2020\\\/12\\\/EDA.jpg\",\"@id\":\"https:\\\/\\\/eldigitaldeasturias.com\\\/magazine365\\\/aragon-es-la-principal-zona-productora-de-trufa-negra-del-mundo\\\/#organizationLogo\"},\"image\":{\"@id\":\"https:\\\/\\\/eldigitaldeasturias.com\\\/magazine365\\\/aragon-es-la-principal-zona-productora-de-trufa-negra-del-mundo\\\/#organizationLogo\"}},{\"@type\":\"Person\",\"@id\":\"https:\\\/\\\/eldigitaldeasturias.com\\\/magazine365\\\/author\\\/admin\\\/#author\",\"url\":\"https:\\\/\\\/eldigitaldeasturias.com\\\/magazine365\\\/author\\\/admin\\\/\",\"name\":\"admin\",\"image\":{\"@type\":\"ImageObject\",\"@id\":\"https:\\\/\\\/eldigitaldeasturias.com\\\/magazine365\\\/aragon-es-la-principal-zona-productora-de-trufa-negra-del-mundo\\\/#authorImage\",\"url\":\"https:\\\/\\\/eldigitaldeasturias.com\\\/magazine365\\\/wp-content\\\/litespeed\\\/avatar\\\/e571bcf59a0edd6fa6838245a470f2fe.jpg?ver=1776969259\",\"width\":96,\"height\":96,\"caption\":\"admin\"}},{\"@type\":\"WebPage\",\"@id\":\"https:\\\/\\\/eldigitaldeasturias.com\\\/magazine365\\\/aragon-es-la-principal-zona-productora-de-trufa-negra-del-mundo\\\/#webpage\",\"url\":\"https:\\\/\\\/eldigitaldeasturias.com\\\/magazine365\\\/aragon-es-la-principal-zona-productora-de-trufa-negra-del-mundo\\\/\",\"name\":\"Arag\\u00f3n es la principal zona productora de trufa negra del mundo | El Digital de Asturias\",\"description\":\"El consejero de Desarrollo Rural y Sostenibilidad del Gobierno de Arag\\u00f3n, Joaqu\\u00edn Olona, y su hom\\u00f3logo de Vertebraci\\u00f3n del Territorio y Movilidad, Jos\\u00e9 Luis Soro, se han desplazado este mi\\u00e9rcoles hasta Madrid para participar en la XVI Edici\\u00f3n de la Cumbre Internacional Madrid Fusi\\u00f3n, que tiene lugar desde el pasado 22 de enero en el\",\"inLanguage\":\"es-ES\",\"isPartOf\":{\"@id\":\"https:\\\/\\\/eldigitaldeasturias.com\\\/magazine365\\\/#website\"},\"breadcrumb\":{\"@id\":\"https:\\\/\\\/eldigitaldeasturias.com\\\/magazine365\\\/aragon-es-la-principal-zona-productora-de-trufa-negra-del-mundo\\\/#breadcrumblist\"},\"author\":{\"@id\":\"https:\\\/\\\/eldigitaldeasturias.com\\\/magazine365\\\/author\\\/admin\\\/#author\"},\"creator\":{\"@id\":\"https:\\\/\\\/eldigitaldeasturias.com\\\/magazine365\\\/author\\\/admin\\\/#author\"},\"image\":{\"@type\":\"ImageObject\",\"url\":\"https:\\\/\\\/eldigitaldeasturias.com\\\/magazine365\\\/wp-content\\\/uploads\\\/2018\\\/01\\\/IMG_1018_e62ab66b.jpg\",\"@id\":\"https:\\\/\\\/eldigitaldeasturias.com\\\/magazine365\\\/aragon-es-la-principal-zona-productora-de-trufa-negra-del-mundo\\\/#mainImage\",\"width\":700,\"height\":310},\"primaryImageOfPage\":{\"@id\":\"https:\\\/\\\/eldigitaldeasturias.com\\\/magazine365\\\/aragon-es-la-principal-zona-productora-de-trufa-negra-del-mundo\\\/#mainImage\"},\"datePublished\":\"2018-01-24T14:37:34+01:00\",\"dateModified\":\"2018-01-24T14:37:34+01:00\"},{\"@type\":\"WebSite\",\"@id\":\"https:\\\/\\\/eldigitaldeasturias.com\\\/magazine365\\\/#website\",\"url\":\"https:\\\/\\\/eldigitaldeasturias.com\\\/magazine365\\\/\",\"name\":\"El Digital de Asturias\",\"description\":\"Revista de ocio, turismo y estilo de vida\",\"inLanguage\":\"es-ES\",\"publisher\":{\"@id\":\"https:\\\/\\\/eldigitaldeasturias.com\\\/magazine365\\\/#organization\"}}]}\n\t\t<\/script>\n\t\t<!-- All in One SEO Pro -->\r\n\t\t<title>Arag\u00f3n es la principal zona productora de trufa negra del mundo | El Digital de Asturias<\/title>\n\n","aioseo_head_json":{"title":"Arag\u00f3n es la principal zona productora de trufa negra del mundo | El Digital de Asturias","description":"El consejero de Desarrollo Rural y Sostenibilidad del Gobierno de Arag\u00f3n, Joaqu\u00edn Olona, y su hom\u00f3logo de Vertebraci\u00f3n del Territorio y Movilidad, Jos\u00e9 Luis Soro, se han desplazado este mi\u00e9rcoles hasta Madrid para participar en la XVI Edici\u00f3n de la Cumbre Internacional Madrid Fusi\u00f3n, que tiene lugar desde el pasado 22 de enero en el","canonical_url":"https:\/\/eldigitaldeasturias.com\/magazine365\/aragon-es-la-principal-zona-productora-de-trufa-negra-del-mundo\/","robots":"max-image-preview:large","keywords":"sabores","webmasterTools":{"google-site-verification":"UA-38556648-1","miscellaneous":""},"schema":{"@context":"https:\/\/schema.org","@graph":[{"@type":"Article","@id":"https:\/\/eldigitaldeasturias.com\/magazine365\/aragon-es-la-principal-zona-productora-de-trufa-negra-del-mundo\/#article","name":"Arag\u00f3n es la principal zona productora de trufa negra del mundo | El Digital de Asturias","headline":"Arag\u00f3n es la principal zona productora de trufa negra del mundo","author":{"@id":"https:\/\/eldigitaldeasturias.com\/magazine365\/author\/admin\/#author"},"publisher":{"@id":"https:\/\/eldigitaldeasturias.com\/magazine365\/#organization"},"image":{"@type":"ImageObject","url":"https:\/\/eldigitaldeasturias.com\/magazine365\/wp-content\/uploads\/2018\/01\/IMG_1018_e62ab66b.jpg","width":700,"height":310},"datePublished":"2018-01-24T14:37:34+01:00","dateModified":"2018-01-24T14:37:34+01:00","inLanguage":"es-ES","mainEntityOfPage":{"@id":"https:\/\/eldigitaldeasturias.com\/magazine365\/aragon-es-la-principal-zona-productora-de-trufa-negra-del-mundo\/#webpage"},"isPartOf":{"@id":"https:\/\/eldigitaldeasturias.com\/magazine365\/aragon-es-la-principal-zona-productora-de-trufa-negra-del-mundo\/#webpage"},"articleSection":"Sabores"},{"@type":"BreadcrumbList","@id":"https:\/\/eldigitaldeasturias.com\/magazine365\/aragon-es-la-principal-zona-productora-de-trufa-negra-del-mundo\/#breadcrumblist","itemListElement":[{"@type":"ListItem","@id":"https:\/\/eldigitaldeasturias.com\/magazine365#listItem","position":1,"name":"Home","item":"https:\/\/eldigitaldeasturias.com\/magazine365","nextItem":{"@type":"ListItem","@id":"https:\/\/eldigitaldeasturias.com\/magazine365\/category\/sabores\/#listItem","name":"Sabores"}},{"@type":"ListItem","@id":"https:\/\/eldigitaldeasturias.com\/magazine365\/category\/sabores\/#listItem","position":2,"name":"Sabores","item":"https:\/\/eldigitaldeasturias.com\/magazine365\/category\/sabores\/","nextItem":{"@type":"ListItem","@id":"https:\/\/eldigitaldeasturias.com\/magazine365\/aragon-es-la-principal-zona-productora-de-trufa-negra-del-mundo\/#listItem","name":"Arag\u00f3n es la principal zona productora de trufa negra del mundo"},"previousItem":{"@type":"ListItem","@id":"https:\/\/eldigitaldeasturias.com\/magazine365#listItem","name":"Home"}},{"@type":"ListItem","@id":"https:\/\/eldigitaldeasturias.com\/magazine365\/aragon-es-la-principal-zona-productora-de-trufa-negra-del-mundo\/#listItem","position":3,"name":"Arag\u00f3n es la principal zona productora de trufa negra del mundo","previousItem":{"@type":"ListItem","@id":"https:\/\/eldigitaldeasturias.com\/magazine365\/category\/sabores\/#listItem","name":"Sabores"}}]},{"@type":"Organization","@id":"https:\/\/eldigitaldeasturias.com\/magazine365\/#organization","name":"El digital de Asturias","description":"Revista de ocio, turismo y estilo de vida","url":"https:\/\/eldigitaldeasturias.com\/magazine365\/","logo":{"@type":"ImageObject","url":"https:\/\/www.eldigitaldeasturias.com\/noticias\/wp-content\/uploads\/2020\/12\/EDA.jpg","@id":"https:\/\/eldigitaldeasturias.com\/magazine365\/aragon-es-la-principal-zona-productora-de-trufa-negra-del-mundo\/#organizationLogo"},"image":{"@id":"https:\/\/eldigitaldeasturias.com\/magazine365\/aragon-es-la-principal-zona-productora-de-trufa-negra-del-mundo\/#organizationLogo"}},{"@type":"Person","@id":"https:\/\/eldigitaldeasturias.com\/magazine365\/author\/admin\/#author","url":"https:\/\/eldigitaldeasturias.com\/magazine365\/author\/admin\/","name":"admin","image":{"@type":"ImageObject","@id":"https:\/\/eldigitaldeasturias.com\/magazine365\/aragon-es-la-principal-zona-productora-de-trufa-negra-del-mundo\/#authorImage","url":"https:\/\/eldigitaldeasturias.com\/magazine365\/wp-content\/litespeed\/avatar\/e571bcf59a0edd6fa6838245a470f2fe.jpg?ver=1776969259","width":96,"height":96,"caption":"admin"}},{"@type":"WebPage","@id":"https:\/\/eldigitaldeasturias.com\/magazine365\/aragon-es-la-principal-zona-productora-de-trufa-negra-del-mundo\/#webpage","url":"https:\/\/eldigitaldeasturias.com\/magazine365\/aragon-es-la-principal-zona-productora-de-trufa-negra-del-mundo\/","name":"Arag\u00f3n es la principal zona productora de trufa negra del mundo | El Digital de Asturias","description":"El consejero de Desarrollo Rural y Sostenibilidad del Gobierno de Arag\u00f3n, Joaqu\u00edn Olona, y su hom\u00f3logo de Vertebraci\u00f3n del Territorio y Movilidad, Jos\u00e9 Luis Soro, se han desplazado este mi\u00e9rcoles hasta Madrid para participar en la XVI Edici\u00f3n de la Cumbre Internacional Madrid Fusi\u00f3n, que tiene lugar desde el pasado 22 de enero en el","inLanguage":"es-ES","isPartOf":{"@id":"https:\/\/eldigitaldeasturias.com\/magazine365\/#website"},"breadcrumb":{"@id":"https:\/\/eldigitaldeasturias.com\/magazine365\/aragon-es-la-principal-zona-productora-de-trufa-negra-del-mundo\/#breadcrumblist"},"author":{"@id":"https:\/\/eldigitaldeasturias.com\/magazine365\/author\/admin\/#author"},"creator":{"@id":"https:\/\/eldigitaldeasturias.com\/magazine365\/author\/admin\/#author"},"image":{"@type":"ImageObject","url":"https:\/\/eldigitaldeasturias.com\/magazine365\/wp-content\/uploads\/2018\/01\/IMG_1018_e62ab66b.jpg","@id":"https:\/\/eldigitaldeasturias.com\/magazine365\/aragon-es-la-principal-zona-productora-de-trufa-negra-del-mundo\/#mainImage","width":700,"height":310},"primaryImageOfPage":{"@id":"https:\/\/eldigitaldeasturias.com\/magazine365\/aragon-es-la-principal-zona-productora-de-trufa-negra-del-mundo\/#mainImage"},"datePublished":"2018-01-24T14:37:34+01:00","dateModified":"2018-01-24T14:37:34+01:00"},{"@type":"WebSite","@id":"https:\/\/eldigitaldeasturias.com\/magazine365\/#website","url":"https:\/\/eldigitaldeasturias.com\/magazine365\/","name":"El Digital de Asturias","description":"Revista de ocio, turismo y estilo de vida","inLanguage":"es-ES","publisher":{"@id":"https:\/\/eldigitaldeasturias.com\/magazine365\/#organization"}}]},"og:locale":"es_ES","og:site_name":"El Digital de Asturias \u2013 Revista de ocio, turismo y estilo de vida","og:type":"article","og:title":"Arag\u00f3n es la principal zona productora de trufa negra del mundo | El Digital de Asturias","og:description":"El consejero de Desarrollo Rural y Sostenibilidad del Gobierno de Arag\u00f3n, Joaqu\u00edn Olona, y su hom\u00f3logo de Vertebraci\u00f3n del Territorio y Movilidad, Jos\u00e9 Luis Soro, se han desplazado este mi\u00e9rcoles hasta Madrid para participar en la XVI Edici\u00f3n de la Cumbre Internacional Madrid Fusi\u00f3n, que tiene lugar desde el pasado 22 de enero en el","og:url":"https:\/\/eldigitaldeasturias.com\/magazine365\/aragon-es-la-principal-zona-productora-de-trufa-negra-del-mundo\/","og:image":"https:\/\/eldigitaldeasturias.com\/magazine365\/wp-content\/uploads\/2018\/01\/IMG_1018_e62ab66b.jpg","og:image:secure_url":"https:\/\/eldigitaldeasturias.com\/magazine365\/wp-content\/uploads\/2018\/01\/IMG_1018_e62ab66b.jpg","og:image:width":700,"og:image:height":310,"article:published_time":"2018-01-24T14:37:34+00:00","article:modified_time":"2018-01-24T14:37:34+00:00","twitter:card":"summary_large_image","twitter:title":"Arag\u00f3n es la principal zona productora de trufa negra del mundo | El Digital de Asturias","twitter:description":"El consejero de Desarrollo Rural y Sostenibilidad del Gobierno de Arag\u00f3n, Joaqu\u00edn Olona, y su hom\u00f3logo de Vertebraci\u00f3n del Territorio y Movilidad, Jos\u00e9 Luis Soro, se han desplazado este mi\u00e9rcoles hasta Madrid para participar en la XVI Edici\u00f3n de la Cumbre Internacional Madrid Fusi\u00f3n, que tiene lugar desde el pasado 22 de enero en el","twitter:image":"https:\/\/eldigitaldeasturias.com\/magazine365\/wp-content\/uploads\/2018\/01\/IMG_1018_e62ab66b.jpg"},"aioseo_meta_data":{"post_id":"90662","title":null,"description":null,"keywords":null,"keyphrases":null,"primary_term":null,"canonical_url":null,"og_title":null,"og_description":null,"og_object_type":"default","og_image_type":"default","og_image_url":null,"og_image_width":null,"og_image_height":null,"og_image_custom_url":null,"og_image_custom_fields":null,"og_video":null,"og_custom_url":null,"og_article_section":null,"og_article_tags":null,"twitter_use_og":false,"twitter_card":"default","twitter_image_type":"default","twitter_image_url":null,"twitter_image_custom_url":null,"twitter_image_custom_fields":null,"twitter_title":null,"twitter_description":null,"schema":{"blockGraphs":[],"customGraphs":[],"default":{"data":{"Article":[],"Course":[],"Dataset":[],"FAQPage":[],"Movie":[],"Person":[],"Product":[],"ProductReview":[],"Car":[],"Recipe":[],"Service":[],"SoftwareApplication":[],"WebPage":[]},"graphName":"","isEnabled":true},"graphs":[],"defaultGraph":"","defaultPostTypeGraph":""},"schema_type":null,"schema_type_options":null,"pillar_content":false,"robots_default":true,"robots_noindex":false,"robots_noarchive":false,"robots_nosnippet":false,"robots_nofollow":false,"robots_noimageindex":false,"robots_noodp":false,"robots_notranslate":false,"robots_max_snippet":null,"robots_max_videopreview":null,"robots_max_imagepreview":"large","priority":null,"frequency":null,"location":null,"local_seo":null,"seo_analyzer_scan_date":"2025-09-28 16:58:52","breadcrumb_settings":null,"limit_modified_date":false,"open_ai":null,"ai":null,"created":"2020-12-21 14:11:37","updated":"2025-09-28 16:58:52"},"aioseo_breadcrumb":"<div class=\"aioseo-breadcrumbs\"><span class=\"aioseo-breadcrumb\">\n\t<a href=\"https:\/\/eldigitaldeasturias.com\/magazine365\" title=\"Home\">Home<\/a>\n<\/span><span class=\"aioseo-breadcrumb-separator\">\u2013<\/span><span class=\"aioseo-breadcrumb\">\n\t<a href=\"https:\/\/eldigitaldeasturias.com\/magazine365\/category\/sabores\/\" title=\"Sabores\">Sabores<\/a>\n<\/span><span class=\"aioseo-breadcrumb-separator\">\u2013<\/span><span class=\"aioseo-breadcrumb\">\n\t<a href=\"https:\/\/eldigitaldeasturias.com\/magazine365\/aragon-es-la-principal-zona-productora-de-trufa-negra-del-mundo\/\" title=\"Arag\u00f3n es la principal zona productora de trufa negra del mundo\">Arag\u00f3n es la principal zona productora de trufa negra del mundo<\/a>\n<\/span><\/div>","aioseo_breadcrumb_json":[{"label":"Home","link":"https:\/\/eldigitaldeasturias.com\/magazine365"},{"label":"Sabores","link":"https:\/\/eldigitaldeasturias.com\/magazine365\/category\/sabores\/"},{"label":"Arag\u00f3n es la principal zona productora de trufa negra del mundo","link":"https:\/\/eldigitaldeasturias.com\/magazine365\/aragon-es-la-principal-zona-productora-de-trufa-negra-del-mundo\/"}],"_links":{"self":[{"href":"https:\/\/eldigitaldeasturias.com\/magazine365\/wp-json\/wp\/v2\/posts\/90662","targetHints":{"allow":["GET"]}}],"collection":[{"href":"https:\/\/eldigitaldeasturias.com\/magazine365\/wp-json\/wp\/v2\/posts"}],"about":[{"href":"https:\/\/eldigitaldeasturias.com\/magazine365\/wp-json\/wp\/v2\/types\/post"}],"author":[{"embeddable":true,"href":"https:\/\/eldigitaldeasturias.com\/magazine365\/wp-json\/wp\/v2\/users\/1"}],"replies":[{"embeddable":true,"href":"https:\/\/eldigitaldeasturias.com\/magazine365\/wp-json\/wp\/v2\/comments?post=90662"}],"version-history":[{"count":0,"href":"https:\/\/eldigitaldeasturias.com\/magazine365\/wp-json\/wp\/v2\/posts\/90662\/revisions"}],"wp:featuredmedia":[{"embeddable":true,"href":"https:\/\/eldigitaldeasturias.com\/magazine365\/wp-json\/wp\/v2\/media\/90663"}],"wp:attachment":[{"href":"https:\/\/eldigitaldeasturias.com\/magazine365\/wp-json\/wp\/v2\/media?parent=90662"}],"wp:term":[{"taxonomy":"category","embeddable":true,"href":"https:\/\/eldigitaldeasturias.com\/magazine365\/wp-json\/wp\/v2\/categories?post=90662"},{"taxonomy":"post_tag","embeddable":true,"href":"https:\/\/eldigitaldeasturias.com\/magazine365\/wp-json\/wp\/v2\/tags?post=90662"}],"curies":[{"name":"wp","href":"https:\/\/api.w.org\/{rel}","templated":true}]}}