{"id":90262,"date":"2017-12-22T00:41:29","date_gmt":"2017-12-22T00:41:29","guid":{"rendered":"http:\/\/eldigitaldeasturias.com\/magazine365\/?p=90262"},"modified":"2017-12-22T00:41:29","modified_gmt":"2017-12-22T00:41:29","slug":"lizarran-finalista-en-madrid-fusion-con-bocata-de-sardinas-by-lizarran","status":"publish","type":"post","link":"https:\/\/eldigitaldeasturias.com\/magazine365\/lizarran-finalista-en-madrid-fusion-con-bocata-de-sardinas-by-lizarran\/","title":{"rendered":"Lizarran finalista en Madrid Fusi\u00f3n con \u00abBocata de Sardinas by Lizarran\u00bb"},"content":{"rendered":"<p><img fetchpriority=\"high\" decoding=\"async\" class=\"alignleft size-medium wp-image-90263\" src=\"https:\/\/eldigitaldeasturias.com\/magazine365\/wp-content\/uploads\/2017\/12\/1513849222_sardinas-200x300.jpg\" alt=\"\" width=\"200\" height=\"300\" srcset=\"https:\/\/eldigitaldeasturias.com\/magazine365\/wp-content\/uploads\/2017\/12\/1513849222_sardinas-200x300.jpg 200w, https:\/\/eldigitaldeasturias.com\/magazine365\/wp-content\/uploads\/2017\/12\/1513849222_sardinas-427x640.jpg 427w, https:\/\/eldigitaldeasturias.com\/magazine365\/wp-content\/uploads\/2017\/12\/1513849222_sardinas-768x1152.jpg 768w, https:\/\/eldigitaldeasturias.com\/magazine365\/wp-content\/uploads\/2017\/12\/1513849222_sardinas-1024x1536.jpg 1024w, https:\/\/eldigitaldeasturias.com\/magazine365\/wp-content\/uploads\/2017\/12\/1513849222_sardinas-1366x2048.jpg 1366w, https:\/\/eldigitaldeasturias.com\/magazine365\/wp-content\/uploads\/2017\/12\/1513849222_sardinas-150x225.jpg 150w, https:\/\/eldigitaldeasturias.com\/magazine365\/wp-content\/uploads\/2017\/12\/1513849222_sardinas-450x675.jpg 450w, https:\/\/eldigitaldeasturias.com\/magazine365\/wp-content\/uploads\/2017\/12\/1513849222_sardinas-1200x1800.jpg 1200w, https:\/\/eldigitaldeasturias.com\/magazine365\/wp-content\/uploads\/2017\/12\/1513849222_sardinas-scaled.jpg 1707w\" sizes=\"(max-width: 200px) 100vw, 200px\" \/>Fripan, marca de Europastry, ha seleccionado el \u2018Bocata de Sardinas by\u00a0<a href=\"http:\/\/lizarran.es\/\" target=\"_blank\" rel=\"nofollow noopener\"><span style=\"color: #ff0000;\"><strong>Lizarran<\/strong><\/span><\/a><span style=\"color: #ff0000;\"><strong>\u2019<\/strong> <\/span>como uno de los seis finalistas de la V Edici\u00f3n de su Concurso de Bocadillos de Autor, concurso dirigido a los profesionales del mundo de la hosteler\u00eda y la restauraci\u00f3n con un perfil creativo y entusiasta. El pr\u00f3ximo 22 de enero, durante el congreso Madrid Fusi\u00f3n 2018,\u00a0<strong>Carlos Peguero y Daniel Reyes<\/strong>tendr\u00e1n una hora para elaborar la receta.<\/p>\n<p>El bocadillo, desarrollado por el equipo de I+D de<span style=\"color: #ff0000;\"><strong>\u00a0<a style=\"color: #ff0000;\" href=\"http:\/\/comessgroup.com\/\" target=\"_blank\" rel=\"nofollow noopener\">Comess Group<\/a><\/strong><\/span>, est\u00e1 compuesto de sardinas, tomate, cebollitas, piparras en vinagre, pamplinas frescas, salmorejo, ajo, aceite de oliva y pan de cristal de centeno. \u201cEn Lizarran queremos rescatar la gastronom\u00eda aut\u00e9ntica, con productos sencillos pero sabrosos y actualizarla con un punto de modernidad sin estridencias\u201d afirma\u00a0<strong>Sara Vega, directora de marketing y comunicaci\u00f3n de Comess Group.<\/strong><\/p>\n<p>La receta, seg\u00fan\u00a0<strong>Sara Vega,<\/strong>\u00a0se ha elaborado con la inspiraci\u00f3n en esos bocadillos humildes de nuestros abuelos en tiempo de guerra, que fueron despu\u00e9s cenas r\u00e1pidas y sencillas en los hogares de los a\u00f1os 80 y 90 y que en el nuevo siglo han quedado en el olvido, relegadas por productos m\u00e1s sofisticados.<\/p>\n<p>\u201cQueremos acercar la gastronom\u00eda de anta\u00f1o al p\u00fablico que, cansado de \u2018comidas del mundo\u2019, la echa de menos cuando come fuera de casa; y a las generaciones m\u00e1s j\u00f3venes, que apenas la han conocido en el consumo fuera del hogar\u201d a\u00f1ade\u00a0<strong>Sara Vega.\u00a0<\/strong>Pr\u00f3ximamente el nuevo bocata \u2013una receta puramente mediterr\u00e1nea, basada en productos de calidad y con sabores intensos- estar\u00e1 disponible en los establecimientos Lizarran.<\/p>\n<p>El jurado del concurso -compuesto por figuras y expertos de la gastronom\u00eda nacional- valorara\u0301 la pieza individual, el maridaje y la presentaci\u00f3n. Se elegir\u00e1n tres recetas ganadoras, dotando a los creadores con un cheque de 1.500\u20ac para el primer premio y uno por valor de 300\u20ac para los ganadores del segundo y tercer puesto. Adem\u00e1s, las seis recetas finalistas formaran parte del recetario de Fripan.<\/p>\n<p>&nbsp;<\/p>\n","protected":false},"excerpt":{"rendered":"<p>Fripan, marca de Europastry, ha seleccionado el \u2018Bocata de Sardinas by\u00a0Lizarran\u2019 como uno de los seis finalistas de la V Edici\u00f3n de su Concurso de Bocadillos de Autor, concurso dirigido a los profesionales del mundo de la hosteler\u00eda y la restauraci\u00f3n con un perfil creativo y entusiasta. El pr\u00f3ximo 22 de enero, durante el congreso<\/p>\n","protected":false},"author":1,"featured_media":90263,"comment_status":"closed","ping_status":"closed","sticky":false,"template":"","format":"standard","meta":{"footnotes":""},"categories":[217],"tags":[],"class_list":{"0":"post-90262","1":"post","2":"type-post","3":"status-publish","4":"format-standard","5":"has-post-thumbnail","7":"category-sabores"},"aioseo_notices":[],"aioseo_head":"\n\t\t<!-- All in One SEO Pro 4.9.6.1 - aioseo.com -->\n\t<meta name=\"description\" content=\"Fripan, marca de Europastry, ha seleccionado el \u2018Bocata de Sardinas by Lizarran\u2019 como uno de los seis finalistas de la V Edici\u00f3n de su Concurso de Bocadillos de Autor, concurso dirigido a los profesionales del mundo de la hosteler\u00eda y la restauraci\u00f3n con un perfil creativo y entusiasta. El pr\u00f3ximo 22 de enero, durante el congreso\" \/>\n\t<meta name=\"robots\" content=\"max-image-preview:large\" \/>\n\t<meta name=\"author\" content=\"admin\"\/>\n\t<meta name=\"google-site-verification\" content=\"UA-38556648-1\" \/>\n\t<meta name=\"keywords\" content=\"sabores\" \/>\n\t<link rel=\"canonical\" href=\"https:\/\/eldigitaldeasturias.com\/magazine365\/lizarran-finalista-en-madrid-fusion-con-bocata-de-sardinas-by-lizarran\/\" \/>\n\t<meta name=\"generator\" content=\"All in One SEO Pro (AIOSEO) 4.9.6.1\" \/>\n\t\t<meta property=\"og:locale\" content=\"es_ES\" \/>\n\t\t<meta property=\"og:site_name\" content=\"El Digital de Asturias \u2013 Revista de ocio, turismo y estilo de vida\" \/>\n\t\t<meta property=\"og:type\" content=\"article\" \/>\n\t\t<meta property=\"og:title\" content=\"Lizarran finalista en Madrid Fusi\u00f3n con \u00abBocata de Sardinas by Lizarran\u00bb | El Digital de Asturias\" \/>\n\t\t<meta property=\"og:description\" content=\"Fripan, marca de Europastry, ha seleccionado el \u2018Bocata de Sardinas by Lizarran\u2019 como uno de los seis finalistas de la V Edici\u00f3n de su Concurso de Bocadillos de Autor, concurso dirigido a los profesionales del mundo de la hosteler\u00eda y la restauraci\u00f3n con un perfil creativo y entusiasta. El pr\u00f3ximo 22 de enero, durante el congreso\" \/>\n\t\t<meta property=\"og:url\" content=\"https:\/\/eldigitaldeasturias.com\/magazine365\/lizarran-finalista-en-madrid-fusion-con-bocata-de-sardinas-by-lizarran\/\" \/>\n\t\t<meta property=\"og:image\" content=\"https:\/\/eldigitaldeasturias.com\/magazine365\/wp-content\/uploads\/2017\/12\/1513849222_sardinas-scaled.jpg\" \/>\n\t\t<meta property=\"og:image:secure_url\" content=\"https:\/\/eldigitaldeasturias.com\/magazine365\/wp-content\/uploads\/2017\/12\/1513849222_sardinas-scaled.jpg\" \/>\n\t\t<meta property=\"og:image:width\" content=\"1707\" \/>\n\t\t<meta property=\"og:image:height\" content=\"2560\" \/>\n\t\t<meta property=\"article:published_time\" content=\"2017-12-22T00:41:29+00:00\" \/>\n\t\t<meta property=\"article:modified_time\" content=\"2017-12-22T00:41:29+00:00\" \/>\n\t\t<meta name=\"twitter:card\" content=\"summary_large_image\" \/>\n\t\t<meta name=\"twitter:title\" content=\"Lizarran finalista en Madrid Fusi\u00f3n con \u00abBocata de Sardinas by Lizarran\u00bb | El Digital de Asturias\" \/>\n\t\t<meta name=\"twitter:description\" content=\"Fripan, marca de Europastry, ha seleccionado el \u2018Bocata de Sardinas by Lizarran\u2019 como uno de los seis finalistas de la V Edici\u00f3n de su Concurso de Bocadillos de Autor, concurso dirigido a los profesionales del mundo de la hosteler\u00eda y la restauraci\u00f3n con un perfil creativo y entusiasta. El pr\u00f3ximo 22 de enero, durante el congreso\" \/>\n\t\t<meta name=\"twitter:image\" content=\"https:\/\/eldigitaldeasturias.com\/magazine365\/wp-content\/uploads\/2017\/12\/1513849222_sardinas-scaled.jpg\" \/>\n\t\t<script type=\"application\/ld+json\" class=\"aioseo-schema\">\n\t\t\t{\"@context\":\"https:\\\/\\\/schema.org\",\"@graph\":[{\"@type\":\"Article\",\"@id\":\"https:\\\/\\\/eldigitaldeasturias.com\\\/magazine365\\\/lizarran-finalista-en-madrid-fusion-con-bocata-de-sardinas-by-lizarran\\\/#article\",\"name\":\"Lizarran finalista en Madrid Fusi\\u00f3n con \\u00abBocata de Sardinas by Lizarran\\u00bb | El Digital de Asturias\",\"headline\":\"Lizarran finalista en Madrid Fusi\\u00f3n con \\u00abBocata de Sardinas by Lizarran\\u00bb\",\"author\":{\"@id\":\"https:\\\/\\\/eldigitaldeasturias.com\\\/magazine365\\\/author\\\/admin\\\/#author\"},\"publisher\":{\"@id\":\"https:\\\/\\\/eldigitaldeasturias.com\\\/magazine365\\\/#organization\"},\"image\":{\"@type\":\"ImageObject\",\"url\":\"https:\\\/\\\/eldigitaldeasturias.com\\\/magazine365\\\/wp-content\\\/uploads\\\/2017\\\/12\\\/1513849222_sardinas-scaled.jpg\",\"width\":1707,\"height\":2560},\"datePublished\":\"2017-12-22T00:41:29+01:00\",\"dateModified\":\"2017-12-22T00:41:29+01:00\",\"inLanguage\":\"es-ES\",\"mainEntityOfPage\":{\"@id\":\"https:\\\/\\\/eldigitaldeasturias.com\\\/magazine365\\\/lizarran-finalista-en-madrid-fusion-con-bocata-de-sardinas-by-lizarran\\\/#webpage\"},\"isPartOf\":{\"@id\":\"https:\\\/\\\/eldigitaldeasturias.com\\\/magazine365\\\/lizarran-finalista-en-madrid-fusion-con-bocata-de-sardinas-by-lizarran\\\/#webpage\"},\"articleSection\":\"Sabores\"},{\"@type\":\"BreadcrumbList\",\"@id\":\"https:\\\/\\\/eldigitaldeasturias.com\\\/magazine365\\\/lizarran-finalista-en-madrid-fusion-con-bocata-de-sardinas-by-lizarran\\\/#breadcrumblist\",\"itemListElement\":[{\"@type\":\"ListItem\",\"@id\":\"https:\\\/\\\/eldigitaldeasturias.com\\\/magazine365#listItem\",\"position\":1,\"name\":\"Home\",\"item\":\"https:\\\/\\\/eldigitaldeasturias.com\\\/magazine365\",\"nextItem\":{\"@type\":\"ListItem\",\"@id\":\"https:\\\/\\\/eldigitaldeasturias.com\\\/magazine365\\\/category\\\/sabores\\\/#listItem\",\"name\":\"Sabores\"}},{\"@type\":\"ListItem\",\"@id\":\"https:\\\/\\\/eldigitaldeasturias.com\\\/magazine365\\\/category\\\/sabores\\\/#listItem\",\"position\":2,\"name\":\"Sabores\",\"item\":\"https:\\\/\\\/eldigitaldeasturias.com\\\/magazine365\\\/category\\\/sabores\\\/\",\"nextItem\":{\"@type\":\"ListItem\",\"@id\":\"https:\\\/\\\/eldigitaldeasturias.com\\\/magazine365\\\/lizarran-finalista-en-madrid-fusion-con-bocata-de-sardinas-by-lizarran\\\/#listItem\",\"name\":\"Lizarran finalista en Madrid Fusi\\u00f3n con \\u00abBocata de Sardinas by Lizarran\\u00bb\"},\"previousItem\":{\"@type\":\"ListItem\",\"@id\":\"https:\\\/\\\/eldigitaldeasturias.com\\\/magazine365#listItem\",\"name\":\"Home\"}},{\"@type\":\"ListItem\",\"@id\":\"https:\\\/\\\/eldigitaldeasturias.com\\\/magazine365\\\/lizarran-finalista-en-madrid-fusion-con-bocata-de-sardinas-by-lizarran\\\/#listItem\",\"position\":3,\"name\":\"Lizarran finalista en Madrid Fusi\\u00f3n con \\u00abBocata de Sardinas by Lizarran\\u00bb\",\"previousItem\":{\"@type\":\"ListItem\",\"@id\":\"https:\\\/\\\/eldigitaldeasturias.com\\\/magazine365\\\/category\\\/sabores\\\/#listItem\",\"name\":\"Sabores\"}}]},{\"@type\":\"Organization\",\"@id\":\"https:\\\/\\\/eldigitaldeasturias.com\\\/magazine365\\\/#organization\",\"name\":\"El digital de Asturias\",\"description\":\"Revista de ocio, turismo y estilo de vida\",\"url\":\"https:\\\/\\\/eldigitaldeasturias.com\\\/magazine365\\\/\",\"logo\":{\"@type\":\"ImageObject\",\"url\":\"https:\\\/\\\/www.eldigitaldeasturias.com\\\/noticias\\\/wp-content\\\/uploads\\\/2020\\\/12\\\/EDA.jpg\",\"@id\":\"https:\\\/\\\/eldigitaldeasturias.com\\\/magazine365\\\/lizarran-finalista-en-madrid-fusion-con-bocata-de-sardinas-by-lizarran\\\/#organizationLogo\"},\"image\":{\"@id\":\"https:\\\/\\\/eldigitaldeasturias.com\\\/magazine365\\\/lizarran-finalista-en-madrid-fusion-con-bocata-de-sardinas-by-lizarran\\\/#organizationLogo\"}},{\"@type\":\"Person\",\"@id\":\"https:\\\/\\\/eldigitaldeasturias.com\\\/magazine365\\\/author\\\/admin\\\/#author\",\"url\":\"https:\\\/\\\/eldigitaldeasturias.com\\\/magazine365\\\/author\\\/admin\\\/\",\"name\":\"admin\",\"image\":{\"@type\":\"ImageObject\",\"@id\":\"https:\\\/\\\/eldigitaldeasturias.com\\\/magazine365\\\/lizarran-finalista-en-madrid-fusion-con-bocata-de-sardinas-by-lizarran\\\/#authorImage\",\"url\":\"https:\\\/\\\/eldigitaldeasturias.com\\\/magazine365\\\/wp-content\\\/litespeed\\\/avatar\\\/e571bcf59a0edd6fa6838245a470f2fe.jpg?ver=1777574230\",\"width\":96,\"height\":96,\"caption\":\"admin\"}},{\"@type\":\"WebPage\",\"@id\":\"https:\\\/\\\/eldigitaldeasturias.com\\\/magazine365\\\/lizarran-finalista-en-madrid-fusion-con-bocata-de-sardinas-by-lizarran\\\/#webpage\",\"url\":\"https:\\\/\\\/eldigitaldeasturias.com\\\/magazine365\\\/lizarran-finalista-en-madrid-fusion-con-bocata-de-sardinas-by-lizarran\\\/\",\"name\":\"Lizarran finalista en Madrid Fusi\\u00f3n con \\u00abBocata de Sardinas by Lizarran\\u00bb | El Digital de Asturias\",\"description\":\"Fripan, marca de Europastry, ha seleccionado el \\u2018Bocata de Sardinas by Lizarran\\u2019 como uno de los seis finalistas de la V Edici\\u00f3n de su Concurso de Bocadillos de Autor, concurso dirigido a los profesionales del mundo de la hosteler\\u00eda y la restauraci\\u00f3n con un perfil creativo y entusiasta. El pr\\u00f3ximo 22 de enero, durante el congreso\",\"inLanguage\":\"es-ES\",\"isPartOf\":{\"@id\":\"https:\\\/\\\/eldigitaldeasturias.com\\\/magazine365\\\/#website\"},\"breadcrumb\":{\"@id\":\"https:\\\/\\\/eldigitaldeasturias.com\\\/magazine365\\\/lizarran-finalista-en-madrid-fusion-con-bocata-de-sardinas-by-lizarran\\\/#breadcrumblist\"},\"author\":{\"@id\":\"https:\\\/\\\/eldigitaldeasturias.com\\\/magazine365\\\/author\\\/admin\\\/#author\"},\"creator\":{\"@id\":\"https:\\\/\\\/eldigitaldeasturias.com\\\/magazine365\\\/author\\\/admin\\\/#author\"},\"image\":{\"@type\":\"ImageObject\",\"url\":\"https:\\\/\\\/eldigitaldeasturias.com\\\/magazine365\\\/wp-content\\\/uploads\\\/2017\\\/12\\\/1513849222_sardinas-scaled.jpg\",\"@id\":\"https:\\\/\\\/eldigitaldeasturias.com\\\/magazine365\\\/lizarran-finalista-en-madrid-fusion-con-bocata-de-sardinas-by-lizarran\\\/#mainImage\",\"width\":1707,\"height\":2560},\"primaryImageOfPage\":{\"@id\":\"https:\\\/\\\/eldigitaldeasturias.com\\\/magazine365\\\/lizarran-finalista-en-madrid-fusion-con-bocata-de-sardinas-by-lizarran\\\/#mainImage\"},\"datePublished\":\"2017-12-22T00:41:29+01:00\",\"dateModified\":\"2017-12-22T00:41:29+01:00\"},{\"@type\":\"WebSite\",\"@id\":\"https:\\\/\\\/eldigitaldeasturias.com\\\/magazine365\\\/#website\",\"url\":\"https:\\\/\\\/eldigitaldeasturias.com\\\/magazine365\\\/\",\"name\":\"El Digital de Asturias\",\"description\":\"Revista de ocio, turismo y estilo de vida\",\"inLanguage\":\"es-ES\",\"publisher\":{\"@id\":\"https:\\\/\\\/eldigitaldeasturias.com\\\/magazine365\\\/#organization\"}}]}\n\t\t<\/script>\n\t\t<!-- All in One SEO Pro -->\r\n\t\t<title>Lizarran finalista en Madrid Fusi\u00f3n con \u00abBocata de Sardinas by Lizarran\u00bb | El Digital de Asturias<\/title>\n\n","aioseo_head_json":{"title":"Lizarran finalista en Madrid Fusi\u00f3n con \u00abBocata de Sardinas by Lizarran\u00bb | El Digital de Asturias","description":"Fripan, marca de Europastry, ha seleccionado el \u2018Bocata de Sardinas by Lizarran\u2019 como uno de los seis finalistas de la V Edici\u00f3n de su Concurso de Bocadillos de Autor, concurso dirigido a los profesionales del mundo de la hosteler\u00eda y la restauraci\u00f3n con un perfil creativo y entusiasta. El pr\u00f3ximo 22 de enero, durante el congreso","canonical_url":"https:\/\/eldigitaldeasturias.com\/magazine365\/lizarran-finalista-en-madrid-fusion-con-bocata-de-sardinas-by-lizarran\/","robots":"max-image-preview:large","keywords":"sabores","webmasterTools":{"google-site-verification":"UA-38556648-1","miscellaneous":""},"schema":{"@context":"https:\/\/schema.org","@graph":[{"@type":"Article","@id":"https:\/\/eldigitaldeasturias.com\/magazine365\/lizarran-finalista-en-madrid-fusion-con-bocata-de-sardinas-by-lizarran\/#article","name":"Lizarran finalista en Madrid Fusi\u00f3n con \u00abBocata de Sardinas by Lizarran\u00bb | El Digital de Asturias","headline":"Lizarran finalista en Madrid Fusi\u00f3n con \u00abBocata de Sardinas by Lizarran\u00bb","author":{"@id":"https:\/\/eldigitaldeasturias.com\/magazine365\/author\/admin\/#author"},"publisher":{"@id":"https:\/\/eldigitaldeasturias.com\/magazine365\/#organization"},"image":{"@type":"ImageObject","url":"https:\/\/eldigitaldeasturias.com\/magazine365\/wp-content\/uploads\/2017\/12\/1513849222_sardinas-scaled.jpg","width":1707,"height":2560},"datePublished":"2017-12-22T00:41:29+01:00","dateModified":"2017-12-22T00:41:29+01:00","inLanguage":"es-ES","mainEntityOfPage":{"@id":"https:\/\/eldigitaldeasturias.com\/magazine365\/lizarran-finalista-en-madrid-fusion-con-bocata-de-sardinas-by-lizarran\/#webpage"},"isPartOf":{"@id":"https:\/\/eldigitaldeasturias.com\/magazine365\/lizarran-finalista-en-madrid-fusion-con-bocata-de-sardinas-by-lizarran\/#webpage"},"articleSection":"Sabores"},{"@type":"BreadcrumbList","@id":"https:\/\/eldigitaldeasturias.com\/magazine365\/lizarran-finalista-en-madrid-fusion-con-bocata-de-sardinas-by-lizarran\/#breadcrumblist","itemListElement":[{"@type":"ListItem","@id":"https:\/\/eldigitaldeasturias.com\/magazine365#listItem","position":1,"name":"Home","item":"https:\/\/eldigitaldeasturias.com\/magazine365","nextItem":{"@type":"ListItem","@id":"https:\/\/eldigitaldeasturias.com\/magazine365\/category\/sabores\/#listItem","name":"Sabores"}},{"@type":"ListItem","@id":"https:\/\/eldigitaldeasturias.com\/magazine365\/category\/sabores\/#listItem","position":2,"name":"Sabores","item":"https:\/\/eldigitaldeasturias.com\/magazine365\/category\/sabores\/","nextItem":{"@type":"ListItem","@id":"https:\/\/eldigitaldeasturias.com\/magazine365\/lizarran-finalista-en-madrid-fusion-con-bocata-de-sardinas-by-lizarran\/#listItem","name":"Lizarran finalista en Madrid Fusi\u00f3n con \u00abBocata de Sardinas by Lizarran\u00bb"},"previousItem":{"@type":"ListItem","@id":"https:\/\/eldigitaldeasturias.com\/magazine365#listItem","name":"Home"}},{"@type":"ListItem","@id":"https:\/\/eldigitaldeasturias.com\/magazine365\/lizarran-finalista-en-madrid-fusion-con-bocata-de-sardinas-by-lizarran\/#listItem","position":3,"name":"Lizarran finalista en Madrid Fusi\u00f3n con \u00abBocata de Sardinas by Lizarran\u00bb","previousItem":{"@type":"ListItem","@id":"https:\/\/eldigitaldeasturias.com\/magazine365\/category\/sabores\/#listItem","name":"Sabores"}}]},{"@type":"Organization","@id":"https:\/\/eldigitaldeasturias.com\/magazine365\/#organization","name":"El digital de Asturias","description":"Revista de ocio, turismo y estilo de vida","url":"https:\/\/eldigitaldeasturias.com\/magazine365\/","logo":{"@type":"ImageObject","url":"https:\/\/www.eldigitaldeasturias.com\/noticias\/wp-content\/uploads\/2020\/12\/EDA.jpg","@id":"https:\/\/eldigitaldeasturias.com\/magazine365\/lizarran-finalista-en-madrid-fusion-con-bocata-de-sardinas-by-lizarran\/#organizationLogo"},"image":{"@id":"https:\/\/eldigitaldeasturias.com\/magazine365\/lizarran-finalista-en-madrid-fusion-con-bocata-de-sardinas-by-lizarran\/#organizationLogo"}},{"@type":"Person","@id":"https:\/\/eldigitaldeasturias.com\/magazine365\/author\/admin\/#author","url":"https:\/\/eldigitaldeasturias.com\/magazine365\/author\/admin\/","name":"admin","image":{"@type":"ImageObject","@id":"https:\/\/eldigitaldeasturias.com\/magazine365\/lizarran-finalista-en-madrid-fusion-con-bocata-de-sardinas-by-lizarran\/#authorImage","url":"https:\/\/eldigitaldeasturias.com\/magazine365\/wp-content\/litespeed\/avatar\/e571bcf59a0edd6fa6838245a470f2fe.jpg?ver=1777574230","width":96,"height":96,"caption":"admin"}},{"@type":"WebPage","@id":"https:\/\/eldigitaldeasturias.com\/magazine365\/lizarran-finalista-en-madrid-fusion-con-bocata-de-sardinas-by-lizarran\/#webpage","url":"https:\/\/eldigitaldeasturias.com\/magazine365\/lizarran-finalista-en-madrid-fusion-con-bocata-de-sardinas-by-lizarran\/","name":"Lizarran finalista en Madrid Fusi\u00f3n con \u00abBocata de Sardinas by Lizarran\u00bb | El Digital de Asturias","description":"Fripan, marca de Europastry, ha seleccionado el \u2018Bocata de Sardinas by Lizarran\u2019 como uno de los seis finalistas de la V Edici\u00f3n de su Concurso de Bocadillos de Autor, concurso dirigido a los profesionales del mundo de la hosteler\u00eda y la restauraci\u00f3n con un perfil creativo y entusiasta. El pr\u00f3ximo 22 de enero, durante el congreso","inLanguage":"es-ES","isPartOf":{"@id":"https:\/\/eldigitaldeasturias.com\/magazine365\/#website"},"breadcrumb":{"@id":"https:\/\/eldigitaldeasturias.com\/magazine365\/lizarran-finalista-en-madrid-fusion-con-bocata-de-sardinas-by-lizarran\/#breadcrumblist"},"author":{"@id":"https:\/\/eldigitaldeasturias.com\/magazine365\/author\/admin\/#author"},"creator":{"@id":"https:\/\/eldigitaldeasturias.com\/magazine365\/author\/admin\/#author"},"image":{"@type":"ImageObject","url":"https:\/\/eldigitaldeasturias.com\/magazine365\/wp-content\/uploads\/2017\/12\/1513849222_sardinas-scaled.jpg","@id":"https:\/\/eldigitaldeasturias.com\/magazine365\/lizarran-finalista-en-madrid-fusion-con-bocata-de-sardinas-by-lizarran\/#mainImage","width":1707,"height":2560},"primaryImageOfPage":{"@id":"https:\/\/eldigitaldeasturias.com\/magazine365\/lizarran-finalista-en-madrid-fusion-con-bocata-de-sardinas-by-lizarran\/#mainImage"},"datePublished":"2017-12-22T00:41:29+01:00","dateModified":"2017-12-22T00:41:29+01:00"},{"@type":"WebSite","@id":"https:\/\/eldigitaldeasturias.com\/magazine365\/#website","url":"https:\/\/eldigitaldeasturias.com\/magazine365\/","name":"El Digital de Asturias","description":"Revista de ocio, turismo y estilo de vida","inLanguage":"es-ES","publisher":{"@id":"https:\/\/eldigitaldeasturias.com\/magazine365\/#organization"}}]},"og:locale":"es_ES","og:site_name":"El Digital de Asturias \u2013 Revista de ocio, turismo y estilo de vida","og:type":"article","og:title":"Lizarran finalista en Madrid Fusi\u00f3n con \u00abBocata de Sardinas by Lizarran\u00bb | El Digital de Asturias","og:description":"Fripan, marca de Europastry, ha seleccionado el \u2018Bocata de Sardinas by Lizarran\u2019 como uno de los seis finalistas de la V Edici\u00f3n de su Concurso de Bocadillos de Autor, concurso dirigido a los profesionales del mundo de la hosteler\u00eda y la restauraci\u00f3n con un perfil creativo y entusiasta. El pr\u00f3ximo 22 de enero, durante el congreso","og:url":"https:\/\/eldigitaldeasturias.com\/magazine365\/lizarran-finalista-en-madrid-fusion-con-bocata-de-sardinas-by-lizarran\/","og:image":"https:\/\/eldigitaldeasturias.com\/magazine365\/wp-content\/uploads\/2017\/12\/1513849222_sardinas-scaled.jpg","og:image:secure_url":"https:\/\/eldigitaldeasturias.com\/magazine365\/wp-content\/uploads\/2017\/12\/1513849222_sardinas-scaled.jpg","og:image:width":1707,"og:image:height":2560,"article:published_time":"2017-12-22T00:41:29+00:00","article:modified_time":"2017-12-22T00:41:29+00:00","twitter:card":"summary_large_image","twitter:title":"Lizarran finalista en Madrid Fusi\u00f3n con \u00abBocata de Sardinas by Lizarran\u00bb | El Digital de Asturias","twitter:description":"Fripan, marca de Europastry, ha seleccionado el \u2018Bocata de Sardinas by Lizarran\u2019 como uno de los seis finalistas de la V Edici\u00f3n de su Concurso de Bocadillos de Autor, concurso dirigido a los profesionales del mundo de la hosteler\u00eda y la restauraci\u00f3n con un perfil creativo y entusiasta. El pr\u00f3ximo 22 de enero, durante el congreso","twitter:image":"https:\/\/eldigitaldeasturias.com\/magazine365\/wp-content\/uploads\/2017\/12\/1513849222_sardinas-scaled.jpg"},"aioseo_meta_data":{"post_id":"90262","title":null,"description":null,"keywords":null,"keyphrases":null,"primary_term":null,"canonical_url":null,"og_title":null,"og_description":null,"og_object_type":"default","og_image_type":"default","og_image_url":null,"og_image_width":null,"og_image_height":null,"og_image_custom_url":null,"og_image_custom_fields":null,"og_video":null,"og_custom_url":null,"og_article_section":null,"og_article_tags":null,"twitter_use_og":false,"twitter_card":"default","twitter_image_type":"default","twitter_image_url":null,"twitter_image_custom_url":null,"twitter_image_custom_fields":null,"twitter_title":null,"twitter_description":null,"schema":{"blockGraphs":[],"customGraphs":[],"default":{"data":{"Article":[],"Course":[],"Dataset":[],"FAQPage":[],"Movie":[],"Person":[],"Product":[],"ProductReview":[],"Car":[],"Recipe":[],"Service":[],"SoftwareApplication":[],"WebPage":[]},"graphName":"","isEnabled":true},"graphs":[],"defaultGraph":"","defaultPostTypeGraph":""},"schema_type":null,"schema_type_options":null,"pillar_content":false,"robots_default":true,"robots_noindex":false,"robots_noarchive":false,"robots_nosnippet":false,"robots_nofollow":false,"robots_noimageindex":false,"robots_noodp":false,"robots_notranslate":false,"robots_max_snippet":null,"robots_max_videopreview":null,"robots_max_imagepreview":"large","priority":null,"frequency":null,"location":null,"local_seo":null,"seo_analyzer_scan_date":"2025-09-28 16:19:11","breadcrumb_settings":null,"limit_modified_date":false,"open_ai":null,"ai":null,"created":"2020-12-21 14:12:43","updated":"2025-09-28 16:19:11"},"aioseo_breadcrumb":"<div class=\"aioseo-breadcrumbs\"><span class=\"aioseo-breadcrumb\">\n\t<a href=\"https:\/\/eldigitaldeasturias.com\/magazine365\" title=\"Home\">Home<\/a>\n<\/span><span class=\"aioseo-breadcrumb-separator\">\u2013<\/span><span class=\"aioseo-breadcrumb\">\n\t<a href=\"https:\/\/eldigitaldeasturias.com\/magazine365\/category\/sabores\/\" title=\"Sabores\">Sabores<\/a>\n<\/span><span class=\"aioseo-breadcrumb-separator\">\u2013<\/span><span class=\"aioseo-breadcrumb\">\n\t<a href=\"https:\/\/eldigitaldeasturias.com\/magazine365\/lizarran-finalista-en-madrid-fusion-con-bocata-de-sardinas-by-lizarran\/\" title=\"Lizarran finalista en Madrid Fusi\u00f3n con \u00abBocata de Sardinas by Lizarran\u00bb\">Lizarran finalista en Madrid Fusi\u00f3n con \u00abBocata de Sardinas by Lizarran\u00bb<\/a>\n<\/span><\/div>","aioseo_breadcrumb_json":[{"label":"Home","link":"https:\/\/eldigitaldeasturias.com\/magazine365"},{"label":"Sabores","link":"https:\/\/eldigitaldeasturias.com\/magazine365\/category\/sabores\/"},{"label":"Lizarran finalista en Madrid Fusi\u00f3n con \u00abBocata de Sardinas by Lizarran\u00bb","link":"https:\/\/eldigitaldeasturias.com\/magazine365\/lizarran-finalista-en-madrid-fusion-con-bocata-de-sardinas-by-lizarran\/"}],"_links":{"self":[{"href":"https:\/\/eldigitaldeasturias.com\/magazine365\/wp-json\/wp\/v2\/posts\/90262","targetHints":{"allow":["GET"]}}],"collection":[{"href":"https:\/\/eldigitaldeasturias.com\/magazine365\/wp-json\/wp\/v2\/posts"}],"about":[{"href":"https:\/\/eldigitaldeasturias.com\/magazine365\/wp-json\/wp\/v2\/types\/post"}],"author":[{"embeddable":true,"href":"https:\/\/eldigitaldeasturias.com\/magazine365\/wp-json\/wp\/v2\/users\/1"}],"replies":[{"embeddable":true,"href":"https:\/\/eldigitaldeasturias.com\/magazine365\/wp-json\/wp\/v2\/comments?post=90262"}],"version-history":[{"count":0,"href":"https:\/\/eldigitaldeasturias.com\/magazine365\/wp-json\/wp\/v2\/posts\/90262\/revisions"}],"wp:featuredmedia":[{"embeddable":true,"href":"https:\/\/eldigitaldeasturias.com\/magazine365\/wp-json\/wp\/v2\/media\/90263"}],"wp:attachment":[{"href":"https:\/\/eldigitaldeasturias.com\/magazine365\/wp-json\/wp\/v2\/media?parent=90262"}],"wp:term":[{"taxonomy":"category","embeddable":true,"href":"https:\/\/eldigitaldeasturias.com\/magazine365\/wp-json\/wp\/v2\/categories?post=90262"},{"taxonomy":"post_tag","embeddable":true,"href":"https:\/\/eldigitaldeasturias.com\/magazine365\/wp-json\/wp\/v2\/tags?post=90262"}],"curies":[{"name":"wp","href":"https:\/\/api.w.org\/{rel}","templated":true}]}}