{"id":90124,"date":"2017-12-12T23:47:30","date_gmt":"2017-12-12T23:47:30","guid":{"rendered":"http:\/\/eldigitaldeasturias.com\/magazine365\/?p=90124"},"modified":"2017-12-12T23:47:30","modified_gmt":"2017-12-12T23:47:30","slug":"vente-privee-lanza-una-coleccion-capsula-en-homenaje-al-little-black-dress","status":"publish","type":"post","link":"https:\/\/eldigitaldeasturias.com\/magazine365\/vente-privee-lanza-una-coleccion-capsula-en-homenaje-al-little-black-dress\/","title":{"rendered":"vente-privee lanza una colecci\u00f3n c\u00e1psula en homenaje al &#8216;little black dress&#8217;"},"content":{"rendered":"<p><img fetchpriority=\"high\" decoding=\"async\" class=\"alignleft size-medium wp-image-90125\" src=\"https:\/\/eldigitaldeasturias.com\/magazine365\/wp-content\/uploads\/2017\/12\/1512986959_LBD-218x300.jpg\" alt=\"\" width=\"218\" height=\"300\" srcset=\"https:\/\/eldigitaldeasturias.com\/magazine365\/wp-content\/uploads\/2017\/12\/1512986959_LBD-218x300.jpg 218w, https:\/\/eldigitaldeasturias.com\/magazine365\/wp-content\/uploads\/2017\/12\/1512986959_LBD-465x640.jpg 465w, https:\/\/eldigitaldeasturias.com\/magazine365\/wp-content\/uploads\/2017\/12\/1512986959_LBD.jpg 546w\" sizes=\"(max-width: 218px) 100vw, 218px\" \/>Seg\u00fan un estudio de vente-privee, para\u00a0<strong>7 de cada 10 mujeres<\/strong>\u00a0el &#8216;vestido corto negro&#8217; es una prenda clave en todo fondo de armario. Adem\u00e1s,\u00a0<strong>Nochevieja es la celebraci\u00f3n favorita de casi 1 de cada 4<\/strong>\u00a0y\u00a0<strong>Nochebuena, para el 30%.<\/strong>\u00a0Es por ello que esta colecci\u00f3n llega en el mejor momento del a\u00f1o, ya que\u00a0<strong>el 60% de las espa\u00f1olas planifican con antelaci\u00f3n sus looks navide\u00f1os y compran alguna prenda\u00a0<\/strong>para estrenar en las celebraciones. Adem\u00e1s, ante la pregunta de qu\u00e9 pensaban lucir,\u00a0<strong>casi el 40% de las espa\u00f1olas indicaba que van a apostar por un vestido tipo c\u00f3ctel<\/strong>\u00a0para estas fiestas. El negro es habitualmente uno de los colores estrella de la Navidad por lo que seguramente el LBD se imponga tambi\u00e9n estas fiestas.<\/p>\n<p>Es por ello que, con el objetivo de inspirar los mejores looks para estas fiestas, vente-privee, creadora y l\u00edder mundial del concepto de ventas flash, ha lanzado una colecci\u00f3n especial junto a nueve firmas de moda que han dise\u00f1ado su versi\u00f3n de esta ic\u00f3nica prenda: Victorio &amp; Lucchino, Javier Simorra, Po\u00eate, Angel Schlesser, BDBA, SMASH, Savage Culture, Pepa Loves y Trucco.<\/p>\n<p><strong>Un poco de historia del \u2018LBD\u2019\u00a0<\/strong><\/p>\n<p>Larga vida al \u2018little black dress\u2019, reza el dicho. Una prenda b\u00e1sica en el armario femenino desde que la popularizara la dise\u00f1adora Coco Chanel en los a\u00f1os 20 cuando su uso se reservaba s\u00f3lo para el luto o como uniforme para los sirvientes.<\/p>\n<p>\u00abYo impuse el negro. Todav\u00eda es un color fuerte hoy en d\u00eda. El negro arrasa con todo lo que hay a su alrededor\u00bb<em>.\u00a0<\/em>\u2015 Coco Chanel<\/p>\n<p>Chanel, siempre en contra de los convencionalismos, asisti\u00f3 a una funci\u00f3n de teatro con una creaci\u00f3n propia, un vestido negro que le llegaba por debajo de la rodilla, mientras que lo com\u00fan era que las mujeres de sociedad vistieran en tonos claros y pasteles. Su transgresora propuesta fue un \u00e9xito, y se convirti\u00f3 en reflejo del deseo de modernizarse de las mujeres de posguerra. Ya en los a\u00f1os 30 se convert\u00eda en la prenda fetiche de las mujeres para salir y lucir elegantes.<\/p>\n<p>\u00abPuedes llevar negro a cualquier hora del d\u00eda o de la noche, a cualquier edad y en cualquier ocasi\u00f3n. Un vestido negro es la cosa m\u00e1s esencial en el armario de una mujer\u00bb.\u00a0<em>\u2015\u00a0<\/em>Christian Dior<\/p>\n<p>A ra\u00edz de aquello la industria y la sociedad se rindieron al \u2018little black dress\u2019 o LBD, convirti\u00e9ndolo en todo un icono cuyo reinado perdura a d\u00eda de hoy en los armarios. La industria de la moda dio el pistoletazo de salida cuando en 1926, en el n\u00famero de octubre de Vogue USA, aparece por primera vez un boceto de un Little Black Dress firmado por Coco Chanel. El impacto se consolida en 1961 con Audrey Hepburn siendo filmada para la posteridad con un vestido negro de Hubert de Givenchy frente al escaparate de la joyer\u00eda Tiffany\u2019s en la pel\u00edcula Desayuno con diamantes. Tan innegable es la influencia social de esta peque\u00f1a prenda que en 2012 el SCAD Museum de Georgia le dedica una exposici\u00f3n comisariada por Andr\u00e9 Leon Talley y patrocinada por M\u00b7A\u00b7C. En ella se muestran ochenta<\/p>\n<p>\u00abOne is never over-dressed or underdressed with a Little Black Dress\u00bb.\u00a0\u2015 Karl Lagerfeld<\/p>\n<p>LBDs que recogen la evoluci\u00f3n de la moda desde los a\u00f1os veinte y hasta la actualidad de dise\u00f1adores como Balenciaga, Zac Posen, Tom Ford, Diane Von Furstenberg, Prada o Stella McCartney. Actualmente existe incluso una tienda en Par\u00eds llamada &#8216;Le Petite Robe Noir&#8217; creada por Didier Ludot y dedicada en exclusiva a la venta de esta prenda.<\/p>\n<p>\u00abPara m\u00ed, dise\u00f1ar un Little Black Dress es tratar de expresar en un simple y banal objeto la gran complejidad de las mujeres, de la est\u00e9tica y del presente\u00bb.\u00a0\u2015 Miuccia Prada.<\/p>\n","protected":false},"excerpt":{"rendered":"<p>Seg\u00fan un estudio de vente-privee, para\u00a07 de cada 10 mujeres\u00a0el &#8216;vestido corto negro&#8217; es una prenda clave en todo fondo de armario. Adem\u00e1s,\u00a0Nochevieja es la celebraci\u00f3n favorita de casi 1 de cada 4\u00a0y\u00a0Nochebuena, para el 30%.\u00a0Es por ello que esta colecci\u00f3n llega en el mejor momento del a\u00f1o, ya que\u00a0el 60% de las espa\u00f1olas planifican<\/p>\n","protected":false},"author":1,"featured_media":90126,"comment_status":"closed","ping_status":"closed","sticky":false,"template":"","format":"standard","meta":{"footnotes":""},"categories":[225],"tags":[],"class_list":{"0":"post-90124","1":"post","2":"type-post","3":"status-publish","4":"format-standard","5":"has-post-thumbnail","7":"category-moda"},"aioseo_notices":[],"aioseo_head":"\n\t\t<!-- All in One SEO Pro 4.9.6.1 - aioseo.com -->\n\t<meta name=\"description\" content=\"Seg\u00fan un estudio de vente-privee, para 7 de cada 10 mujeres el &#039;vestido corto negro&#039; es una prenda clave en todo fondo de armario. Adem\u00e1s, Nochevieja es la celebraci\u00f3n favorita de casi 1 de cada 4 y Nochebuena, para el 30%. Es por ello que esta colecci\u00f3n llega en el mejor momento del a\u00f1o, ya que el 60% de las espa\u00f1olas planifican\" \/>\n\t<meta name=\"robots\" content=\"max-image-preview:large\" \/>\n\t<meta name=\"author\" content=\"admin\"\/>\n\t<meta name=\"google-site-verification\" content=\"UA-38556648-1\" \/>\n\t<meta name=\"keywords\" content=\"moda\" \/>\n\t<link rel=\"canonical\" href=\"https:\/\/eldigitaldeasturias.com\/magazine365\/vente-privee-lanza-una-coleccion-capsula-en-homenaje-al-little-black-dress\/\" \/>\n\t<meta name=\"generator\" content=\"All in One SEO Pro (AIOSEO) 4.9.6.1\" \/>\n\t\t<meta property=\"og:locale\" content=\"es_ES\" \/>\n\t\t<meta property=\"og:site_name\" content=\"El Digital de Asturias \u2013 Revista de ocio, turismo y estilo de vida\" \/>\n\t\t<meta property=\"og:type\" content=\"article\" \/>\n\t\t<meta property=\"og:title\" content=\"vente-privee lanza una colecci\u00f3n c\u00e1psula en homenaje al \u2018little black dress\u2019 | El Digital de Asturias\" \/>\n\t\t<meta property=\"og:description\" content=\"Seg\u00fan un estudio de vente-privee, para 7 de cada 10 mujeres el &#039;vestido corto negro&#039; es una prenda clave en todo fondo de armario. Adem\u00e1s, Nochevieja es la celebraci\u00f3n favorita de casi 1 de cada 4 y Nochebuena, para el 30%. Es por ello que esta colecci\u00f3n llega en el mejor momento del a\u00f1o, ya que el 60% de las espa\u00f1olas planifican\" \/>\n\t\t<meta property=\"og:url\" content=\"https:\/\/eldigitaldeasturias.com\/magazine365\/vente-privee-lanza-una-coleccion-capsula-en-homenaje-al-little-black-dress\/\" \/>\n\t\t<meta property=\"og:image\" content=\"https:\/\/eldigitaldeasturias.com\/magazine365\/wp-content\/uploads\/2017\/12\/gifts-2998593_1280.jpg\" \/>\n\t\t<meta property=\"og:image:secure_url\" content=\"https:\/\/eldigitaldeasturias.com\/magazine365\/wp-content\/uploads\/2017\/12\/gifts-2998593_1280.jpg\" \/>\n\t\t<meta property=\"og:image:width\" content=\"1280\" \/>\n\t\t<meta property=\"og:image:height\" content=\"866\" \/>\n\t\t<meta property=\"article:published_time\" content=\"2017-12-12T23:47:30+00:00\" \/>\n\t\t<meta property=\"article:modified_time\" content=\"2017-12-12T23:47:30+00:00\" \/>\n\t\t<meta name=\"twitter:card\" content=\"summary_large_image\" \/>\n\t\t<meta name=\"twitter:title\" content=\"vente-privee lanza una colecci\u00f3n c\u00e1psula en homenaje al \u2018little black dress\u2019 | El Digital de Asturias\" \/>\n\t\t<meta name=\"twitter:description\" content=\"Seg\u00fan un estudio de vente-privee, para 7 de cada 10 mujeres el &#039;vestido corto negro&#039; es una prenda clave en todo fondo de armario. Adem\u00e1s, Nochevieja es la celebraci\u00f3n favorita de casi 1 de cada 4 y Nochebuena, para el 30%. Es por ello que esta colecci\u00f3n llega en el mejor momento del a\u00f1o, ya que el 60% de las espa\u00f1olas planifican\" \/>\n\t\t<meta name=\"twitter:image\" content=\"https:\/\/eldigitaldeasturias.com\/magazine365\/wp-content\/uploads\/2017\/12\/gifts-2998593_1280.jpg\" \/>\n\t\t<script type=\"application\/ld+json\" class=\"aioseo-schema\">\n\t\t\t{\"@context\":\"https:\\\/\\\/schema.org\",\"@graph\":[{\"@type\":\"Article\",\"@id\":\"https:\\\/\\\/eldigitaldeasturias.com\\\/magazine365\\\/vente-privee-lanza-una-coleccion-capsula-en-homenaje-al-little-black-dress\\\/#article\",\"name\":\"vente-privee lanza una colecci\\u00f3n c\\u00e1psula en homenaje al \\u2018little black dress\\u2019 | El Digital de Asturias\",\"headline\":\"vente-privee lanza una colecci\\u00f3n c\\u00e1psula en homenaje al &#8216;little black dress&#8217;\",\"author\":{\"@id\":\"https:\\\/\\\/eldigitaldeasturias.com\\\/magazine365\\\/author\\\/admin\\\/#author\"},\"publisher\":{\"@id\":\"https:\\\/\\\/eldigitaldeasturias.com\\\/magazine365\\\/#organization\"},\"image\":{\"@type\":\"ImageObject\",\"url\":\"https:\\\/\\\/eldigitaldeasturias.com\\\/magazine365\\\/wp-content\\\/uploads\\\/2017\\\/12\\\/gifts-2998593_1280.jpg\",\"width\":1280,\"height\":866},\"datePublished\":\"2017-12-12T23:47:30+01:00\",\"dateModified\":\"2017-12-12T23:47:30+01:00\",\"inLanguage\":\"es-ES\",\"mainEntityOfPage\":{\"@id\":\"https:\\\/\\\/eldigitaldeasturias.com\\\/magazine365\\\/vente-privee-lanza-una-coleccion-capsula-en-homenaje-al-little-black-dress\\\/#webpage\"},\"isPartOf\":{\"@id\":\"https:\\\/\\\/eldigitaldeasturias.com\\\/magazine365\\\/vente-privee-lanza-una-coleccion-capsula-en-homenaje-al-little-black-dress\\\/#webpage\"},\"articleSection\":\"Moda\"},{\"@type\":\"BreadcrumbList\",\"@id\":\"https:\\\/\\\/eldigitaldeasturias.com\\\/magazine365\\\/vente-privee-lanza-una-coleccion-capsula-en-homenaje-al-little-black-dress\\\/#breadcrumblist\",\"itemListElement\":[{\"@type\":\"ListItem\",\"@id\":\"https:\\\/\\\/eldigitaldeasturias.com\\\/magazine365#listItem\",\"position\":1,\"name\":\"Home\",\"item\":\"https:\\\/\\\/eldigitaldeasturias.com\\\/magazine365\",\"nextItem\":{\"@type\":\"ListItem\",\"@id\":\"https:\\\/\\\/eldigitaldeasturias.com\\\/magazine365\\\/category\\\/moda\\\/#listItem\",\"name\":\"Moda\"}},{\"@type\":\"ListItem\",\"@id\":\"https:\\\/\\\/eldigitaldeasturias.com\\\/magazine365\\\/category\\\/moda\\\/#listItem\",\"position\":2,\"name\":\"Moda\",\"item\":\"https:\\\/\\\/eldigitaldeasturias.com\\\/magazine365\\\/category\\\/moda\\\/\",\"nextItem\":{\"@type\":\"ListItem\",\"@id\":\"https:\\\/\\\/eldigitaldeasturias.com\\\/magazine365\\\/vente-privee-lanza-una-coleccion-capsula-en-homenaje-al-little-black-dress\\\/#listItem\",\"name\":\"vente-privee lanza una colecci\\u00f3n c\\u00e1psula en homenaje al &#8216;little black dress&#8217;\"},\"previousItem\":{\"@type\":\"ListItem\",\"@id\":\"https:\\\/\\\/eldigitaldeasturias.com\\\/magazine365#listItem\",\"name\":\"Home\"}},{\"@type\":\"ListItem\",\"@id\":\"https:\\\/\\\/eldigitaldeasturias.com\\\/magazine365\\\/vente-privee-lanza-una-coleccion-capsula-en-homenaje-al-little-black-dress\\\/#listItem\",\"position\":3,\"name\":\"vente-privee lanza una colecci\\u00f3n c\\u00e1psula en homenaje al &#8216;little black dress&#8217;\",\"previousItem\":{\"@type\":\"ListItem\",\"@id\":\"https:\\\/\\\/eldigitaldeasturias.com\\\/magazine365\\\/category\\\/moda\\\/#listItem\",\"name\":\"Moda\"}}]},{\"@type\":\"Organization\",\"@id\":\"https:\\\/\\\/eldigitaldeasturias.com\\\/magazine365\\\/#organization\",\"name\":\"El digital de Asturias\",\"description\":\"Revista de ocio, turismo y estilo de vida\",\"url\":\"https:\\\/\\\/eldigitaldeasturias.com\\\/magazine365\\\/\",\"logo\":{\"@type\":\"ImageObject\",\"url\":\"https:\\\/\\\/www.eldigitaldeasturias.com\\\/noticias\\\/wp-content\\\/uploads\\\/2020\\\/12\\\/EDA.jpg\",\"@id\":\"https:\\\/\\\/eldigitaldeasturias.com\\\/magazine365\\\/vente-privee-lanza-una-coleccion-capsula-en-homenaje-al-little-black-dress\\\/#organizationLogo\"},\"image\":{\"@id\":\"https:\\\/\\\/eldigitaldeasturias.com\\\/magazine365\\\/vente-privee-lanza-una-coleccion-capsula-en-homenaje-al-little-black-dress\\\/#organizationLogo\"}},{\"@type\":\"Person\",\"@id\":\"https:\\\/\\\/eldigitaldeasturias.com\\\/magazine365\\\/author\\\/admin\\\/#author\",\"url\":\"https:\\\/\\\/eldigitaldeasturias.com\\\/magazine365\\\/author\\\/admin\\\/\",\"name\":\"admin\",\"image\":{\"@type\":\"ImageObject\",\"@id\":\"https:\\\/\\\/eldigitaldeasturias.com\\\/magazine365\\\/vente-privee-lanza-una-coleccion-capsula-en-homenaje-al-little-black-dress\\\/#authorImage\",\"url\":\"https:\\\/\\\/eldigitaldeasturias.com\\\/magazine365\\\/wp-content\\\/litespeed\\\/avatar\\\/e571bcf59a0edd6fa6838245a470f2fe.jpg?ver=1777574230\",\"width\":96,\"height\":96,\"caption\":\"admin\"}},{\"@type\":\"WebPage\",\"@id\":\"https:\\\/\\\/eldigitaldeasturias.com\\\/magazine365\\\/vente-privee-lanza-una-coleccion-capsula-en-homenaje-al-little-black-dress\\\/#webpage\",\"url\":\"https:\\\/\\\/eldigitaldeasturias.com\\\/magazine365\\\/vente-privee-lanza-una-coleccion-capsula-en-homenaje-al-little-black-dress\\\/\",\"name\":\"vente-privee lanza una colecci\\u00f3n c\\u00e1psula en homenaje al \\u2018little black dress\\u2019 | El Digital de Asturias\",\"description\":\"Seg\\u00fan un estudio de vente-privee, para 7 de cada 10 mujeres el 'vestido corto negro' es una prenda clave en todo fondo de armario. Adem\\u00e1s, Nochevieja es la celebraci\\u00f3n favorita de casi 1 de cada 4 y Nochebuena, para el 30%. Es por ello que esta colecci\\u00f3n llega en el mejor momento del a\\u00f1o, ya que el 60% de las espa\\u00f1olas planifican\",\"inLanguage\":\"es-ES\",\"isPartOf\":{\"@id\":\"https:\\\/\\\/eldigitaldeasturias.com\\\/magazine365\\\/#website\"},\"breadcrumb\":{\"@id\":\"https:\\\/\\\/eldigitaldeasturias.com\\\/magazine365\\\/vente-privee-lanza-una-coleccion-capsula-en-homenaje-al-little-black-dress\\\/#breadcrumblist\"},\"author\":{\"@id\":\"https:\\\/\\\/eldigitaldeasturias.com\\\/magazine365\\\/author\\\/admin\\\/#author\"},\"creator\":{\"@id\":\"https:\\\/\\\/eldigitaldeasturias.com\\\/magazine365\\\/author\\\/admin\\\/#author\"},\"image\":{\"@type\":\"ImageObject\",\"url\":\"https:\\\/\\\/eldigitaldeasturias.com\\\/magazine365\\\/wp-content\\\/uploads\\\/2017\\\/12\\\/gifts-2998593_1280.jpg\",\"@id\":\"https:\\\/\\\/eldigitaldeasturias.com\\\/magazine365\\\/vente-privee-lanza-una-coleccion-capsula-en-homenaje-al-little-black-dress\\\/#mainImage\",\"width\":1280,\"height\":866},\"primaryImageOfPage\":{\"@id\":\"https:\\\/\\\/eldigitaldeasturias.com\\\/magazine365\\\/vente-privee-lanza-una-coleccion-capsula-en-homenaje-al-little-black-dress\\\/#mainImage\"},\"datePublished\":\"2017-12-12T23:47:30+01:00\",\"dateModified\":\"2017-12-12T23:47:30+01:00\"},{\"@type\":\"WebSite\",\"@id\":\"https:\\\/\\\/eldigitaldeasturias.com\\\/magazine365\\\/#website\",\"url\":\"https:\\\/\\\/eldigitaldeasturias.com\\\/magazine365\\\/\",\"name\":\"El Digital de Asturias\",\"description\":\"Revista de ocio, turismo y estilo de vida\",\"inLanguage\":\"es-ES\",\"publisher\":{\"@id\":\"https:\\\/\\\/eldigitaldeasturias.com\\\/magazine365\\\/#organization\"}}]}\n\t\t<\/script>\n\t\t<!-- All in One SEO Pro -->\r\n\t\t<title>vente-privee lanza una colecci\u00f3n c\u00e1psula en homenaje al \u2018little black dress\u2019 | El Digital de Asturias<\/title>\n\n","aioseo_head_json":{"title":"vente-privee lanza una colecci\u00f3n c\u00e1psula en homenaje al \u2018little black dress\u2019 | El Digital de Asturias","description":"Seg\u00fan un estudio de vente-privee, para 7 de cada 10 mujeres el 'vestido corto negro' es una prenda clave en todo fondo de armario. Adem\u00e1s, Nochevieja es la celebraci\u00f3n favorita de casi 1 de cada 4 y Nochebuena, para el 30%. Es por ello que esta colecci\u00f3n llega en el mejor momento del a\u00f1o, ya que el 60% de las espa\u00f1olas planifican","canonical_url":"https:\/\/eldigitaldeasturias.com\/magazine365\/vente-privee-lanza-una-coleccion-capsula-en-homenaje-al-little-black-dress\/","robots":"max-image-preview:large","keywords":"moda","webmasterTools":{"google-site-verification":"UA-38556648-1","miscellaneous":""},"schema":{"@context":"https:\/\/schema.org","@graph":[{"@type":"Article","@id":"https:\/\/eldigitaldeasturias.com\/magazine365\/vente-privee-lanza-una-coleccion-capsula-en-homenaje-al-little-black-dress\/#article","name":"vente-privee lanza una colecci\u00f3n c\u00e1psula en homenaje al \u2018little black dress\u2019 | El Digital de Asturias","headline":"vente-privee lanza una colecci\u00f3n c\u00e1psula en homenaje al &#8216;little black dress&#8217;","author":{"@id":"https:\/\/eldigitaldeasturias.com\/magazine365\/author\/admin\/#author"},"publisher":{"@id":"https:\/\/eldigitaldeasturias.com\/magazine365\/#organization"},"image":{"@type":"ImageObject","url":"https:\/\/eldigitaldeasturias.com\/magazine365\/wp-content\/uploads\/2017\/12\/gifts-2998593_1280.jpg","width":1280,"height":866},"datePublished":"2017-12-12T23:47:30+01:00","dateModified":"2017-12-12T23:47:30+01:00","inLanguage":"es-ES","mainEntityOfPage":{"@id":"https:\/\/eldigitaldeasturias.com\/magazine365\/vente-privee-lanza-una-coleccion-capsula-en-homenaje-al-little-black-dress\/#webpage"},"isPartOf":{"@id":"https:\/\/eldigitaldeasturias.com\/magazine365\/vente-privee-lanza-una-coleccion-capsula-en-homenaje-al-little-black-dress\/#webpage"},"articleSection":"Moda"},{"@type":"BreadcrumbList","@id":"https:\/\/eldigitaldeasturias.com\/magazine365\/vente-privee-lanza-una-coleccion-capsula-en-homenaje-al-little-black-dress\/#breadcrumblist","itemListElement":[{"@type":"ListItem","@id":"https:\/\/eldigitaldeasturias.com\/magazine365#listItem","position":1,"name":"Home","item":"https:\/\/eldigitaldeasturias.com\/magazine365","nextItem":{"@type":"ListItem","@id":"https:\/\/eldigitaldeasturias.com\/magazine365\/category\/moda\/#listItem","name":"Moda"}},{"@type":"ListItem","@id":"https:\/\/eldigitaldeasturias.com\/magazine365\/category\/moda\/#listItem","position":2,"name":"Moda","item":"https:\/\/eldigitaldeasturias.com\/magazine365\/category\/moda\/","nextItem":{"@type":"ListItem","@id":"https:\/\/eldigitaldeasturias.com\/magazine365\/vente-privee-lanza-una-coleccion-capsula-en-homenaje-al-little-black-dress\/#listItem","name":"vente-privee lanza una colecci\u00f3n c\u00e1psula en homenaje al &#8216;little black dress&#8217;"},"previousItem":{"@type":"ListItem","@id":"https:\/\/eldigitaldeasturias.com\/magazine365#listItem","name":"Home"}},{"@type":"ListItem","@id":"https:\/\/eldigitaldeasturias.com\/magazine365\/vente-privee-lanza-una-coleccion-capsula-en-homenaje-al-little-black-dress\/#listItem","position":3,"name":"vente-privee lanza una colecci\u00f3n c\u00e1psula en homenaje al &#8216;little black dress&#8217;","previousItem":{"@type":"ListItem","@id":"https:\/\/eldigitaldeasturias.com\/magazine365\/category\/moda\/#listItem","name":"Moda"}}]},{"@type":"Organization","@id":"https:\/\/eldigitaldeasturias.com\/magazine365\/#organization","name":"El digital de Asturias","description":"Revista de ocio, turismo y estilo de vida","url":"https:\/\/eldigitaldeasturias.com\/magazine365\/","logo":{"@type":"ImageObject","url":"https:\/\/www.eldigitaldeasturias.com\/noticias\/wp-content\/uploads\/2020\/12\/EDA.jpg","@id":"https:\/\/eldigitaldeasturias.com\/magazine365\/vente-privee-lanza-una-coleccion-capsula-en-homenaje-al-little-black-dress\/#organizationLogo"},"image":{"@id":"https:\/\/eldigitaldeasturias.com\/magazine365\/vente-privee-lanza-una-coleccion-capsula-en-homenaje-al-little-black-dress\/#organizationLogo"}},{"@type":"Person","@id":"https:\/\/eldigitaldeasturias.com\/magazine365\/author\/admin\/#author","url":"https:\/\/eldigitaldeasturias.com\/magazine365\/author\/admin\/","name":"admin","image":{"@type":"ImageObject","@id":"https:\/\/eldigitaldeasturias.com\/magazine365\/vente-privee-lanza-una-coleccion-capsula-en-homenaje-al-little-black-dress\/#authorImage","url":"https:\/\/eldigitaldeasturias.com\/magazine365\/wp-content\/litespeed\/avatar\/e571bcf59a0edd6fa6838245a470f2fe.jpg?ver=1777574230","width":96,"height":96,"caption":"admin"}},{"@type":"WebPage","@id":"https:\/\/eldigitaldeasturias.com\/magazine365\/vente-privee-lanza-una-coleccion-capsula-en-homenaje-al-little-black-dress\/#webpage","url":"https:\/\/eldigitaldeasturias.com\/magazine365\/vente-privee-lanza-una-coleccion-capsula-en-homenaje-al-little-black-dress\/","name":"vente-privee lanza una colecci\u00f3n c\u00e1psula en homenaje al \u2018little black dress\u2019 | El Digital de Asturias","description":"Seg\u00fan un estudio de vente-privee, para 7 de cada 10 mujeres el 'vestido corto negro' es una prenda clave en todo fondo de armario. Adem\u00e1s, Nochevieja es la celebraci\u00f3n favorita de casi 1 de cada 4 y Nochebuena, para el 30%. Es por ello que esta colecci\u00f3n llega en el mejor momento del a\u00f1o, ya que el 60% de las espa\u00f1olas planifican","inLanguage":"es-ES","isPartOf":{"@id":"https:\/\/eldigitaldeasturias.com\/magazine365\/#website"},"breadcrumb":{"@id":"https:\/\/eldigitaldeasturias.com\/magazine365\/vente-privee-lanza-una-coleccion-capsula-en-homenaje-al-little-black-dress\/#breadcrumblist"},"author":{"@id":"https:\/\/eldigitaldeasturias.com\/magazine365\/author\/admin\/#author"},"creator":{"@id":"https:\/\/eldigitaldeasturias.com\/magazine365\/author\/admin\/#author"},"image":{"@type":"ImageObject","url":"https:\/\/eldigitaldeasturias.com\/magazine365\/wp-content\/uploads\/2017\/12\/gifts-2998593_1280.jpg","@id":"https:\/\/eldigitaldeasturias.com\/magazine365\/vente-privee-lanza-una-coleccion-capsula-en-homenaje-al-little-black-dress\/#mainImage","width":1280,"height":866},"primaryImageOfPage":{"@id":"https:\/\/eldigitaldeasturias.com\/magazine365\/vente-privee-lanza-una-coleccion-capsula-en-homenaje-al-little-black-dress\/#mainImage"},"datePublished":"2017-12-12T23:47:30+01:00","dateModified":"2017-12-12T23:47:30+01:00"},{"@type":"WebSite","@id":"https:\/\/eldigitaldeasturias.com\/magazine365\/#website","url":"https:\/\/eldigitaldeasturias.com\/magazine365\/","name":"El Digital de Asturias","description":"Revista de ocio, turismo y estilo de vida","inLanguage":"es-ES","publisher":{"@id":"https:\/\/eldigitaldeasturias.com\/magazine365\/#organization"}}]},"og:locale":"es_ES","og:site_name":"El Digital de Asturias \u2013 Revista de ocio, turismo y estilo de vida","og:type":"article","og:title":"vente-privee lanza una colecci\u00f3n c\u00e1psula en homenaje al \u2018little black dress\u2019 | El Digital de Asturias","og:description":"Seg\u00fan un estudio de vente-privee, para 7 de cada 10 mujeres el 'vestido corto negro' es una prenda clave en todo fondo de armario. Adem\u00e1s, Nochevieja es la celebraci\u00f3n favorita de casi 1 de cada 4 y Nochebuena, para el 30%. Es por ello que esta colecci\u00f3n llega en el mejor momento del a\u00f1o, ya que el 60% de las espa\u00f1olas planifican","og:url":"https:\/\/eldigitaldeasturias.com\/magazine365\/vente-privee-lanza-una-coleccion-capsula-en-homenaje-al-little-black-dress\/","og:image":"https:\/\/eldigitaldeasturias.com\/magazine365\/wp-content\/uploads\/2017\/12\/gifts-2998593_1280.jpg","og:image:secure_url":"https:\/\/eldigitaldeasturias.com\/magazine365\/wp-content\/uploads\/2017\/12\/gifts-2998593_1280.jpg","og:image:width":1280,"og:image:height":866,"article:published_time":"2017-12-12T23:47:30+00:00","article:modified_time":"2017-12-12T23:47:30+00:00","twitter:card":"summary_large_image","twitter:title":"vente-privee lanza una colecci\u00f3n c\u00e1psula en homenaje al \u2018little black dress\u2019 | El Digital de Asturias","twitter:description":"Seg\u00fan un estudio de vente-privee, para 7 de cada 10 mujeres el 'vestido corto negro' es una prenda clave en todo fondo de armario. Adem\u00e1s, Nochevieja es la celebraci\u00f3n favorita de casi 1 de cada 4 y Nochebuena, para el 30%. Es por ello que esta colecci\u00f3n llega en el mejor momento del a\u00f1o, ya que el 60% de las espa\u00f1olas planifican","twitter:image":"https:\/\/eldigitaldeasturias.com\/magazine365\/wp-content\/uploads\/2017\/12\/gifts-2998593_1280.jpg"},"aioseo_meta_data":{"post_id":"90124","title":null,"description":null,"keywords":null,"keyphrases":null,"primary_term":null,"canonical_url":null,"og_title":null,"og_description":null,"og_object_type":"default","og_image_type":"default","og_image_url":null,"og_image_width":null,"og_image_height":null,"og_image_custom_url":null,"og_image_custom_fields":null,"og_video":null,"og_custom_url":null,"og_article_section":null,"og_article_tags":null,"twitter_use_og":false,"twitter_card":"default","twitter_image_type":"default","twitter_image_url":null,"twitter_image_custom_url":null,"twitter_image_custom_fields":null,"twitter_title":null,"twitter_description":null,"schema":{"blockGraphs":[],"customGraphs":[],"default":{"data":{"Article":[],"Course":[],"Dataset":[],"FAQPage":[],"Movie":[],"Person":[],"Product":[],"ProductReview":[],"Car":[],"Recipe":[],"Service":[],"SoftwareApplication":[],"WebPage":[]},"graphName":"","isEnabled":true},"graphs":[],"defaultGraph":"","defaultPostTypeGraph":""},"schema_type":null,"schema_type_options":null,"pillar_content":false,"robots_default":true,"robots_noindex":false,"robots_noarchive":false,"robots_nosnippet":false,"robots_nofollow":false,"robots_noimageindex":false,"robots_noodp":false,"robots_notranslate":false,"robots_max_snippet":null,"robots_max_videopreview":null,"robots_max_imagepreview":"large","priority":null,"frequency":null,"location":null,"local_seo":null,"seo_analyzer_scan_date":"2025-09-28 16:05:23","breadcrumb_settings":null,"limit_modified_date":false,"open_ai":null,"ai":null,"created":"2020-12-21 14:12:44","updated":"2025-09-28 16:05:23"},"aioseo_breadcrumb":"<div class=\"aioseo-breadcrumbs\"><span class=\"aioseo-breadcrumb\">\n\t<a href=\"https:\/\/eldigitaldeasturias.com\/magazine365\" title=\"Home\">Home<\/a>\n<\/span><span class=\"aioseo-breadcrumb-separator\">\u2013<\/span><span class=\"aioseo-breadcrumb\">\n\t<a href=\"https:\/\/eldigitaldeasturias.com\/magazine365\/category\/moda\/\" title=\"Moda\">Moda<\/a>\n<\/span><span class=\"aioseo-breadcrumb-separator\">\u2013<\/span><span class=\"aioseo-breadcrumb\">\n\t<a href=\"https:\/\/eldigitaldeasturias.com\/magazine365\/vente-privee-lanza-una-coleccion-capsula-en-homenaje-al-little-black-dress\/\" title=\"vente-privee lanza una colecci\u00f3n c\u00e1psula en homenaje al \u2018little black dress\u2019\">vente-privee lanza una colecci\u00f3n c\u00e1psula en homenaje al \u2018little black dress\u2019<\/a>\n<\/span><\/div>","aioseo_breadcrumb_json":[{"label":"Home","link":"https:\/\/eldigitaldeasturias.com\/magazine365"},{"label":"Moda","link":"https:\/\/eldigitaldeasturias.com\/magazine365\/category\/moda\/"},{"label":"vente-privee lanza una colecci\u00f3n c\u00e1psula en homenaje al &#8216;little black dress&#8217;","link":"https:\/\/eldigitaldeasturias.com\/magazine365\/vente-privee-lanza-una-coleccion-capsula-en-homenaje-al-little-black-dress\/"}],"_links":{"self":[{"href":"https:\/\/eldigitaldeasturias.com\/magazine365\/wp-json\/wp\/v2\/posts\/90124","targetHints":{"allow":["GET"]}}],"collection":[{"href":"https:\/\/eldigitaldeasturias.com\/magazine365\/wp-json\/wp\/v2\/posts"}],"about":[{"href":"https:\/\/eldigitaldeasturias.com\/magazine365\/wp-json\/wp\/v2\/types\/post"}],"author":[{"embeddable":true,"href":"https:\/\/eldigitaldeasturias.com\/magazine365\/wp-json\/wp\/v2\/users\/1"}],"replies":[{"embeddable":true,"href":"https:\/\/eldigitaldeasturias.com\/magazine365\/wp-json\/wp\/v2\/comments?post=90124"}],"version-history":[{"count":0,"href":"https:\/\/eldigitaldeasturias.com\/magazine365\/wp-json\/wp\/v2\/posts\/90124\/revisions"}],"wp:featuredmedia":[{"embeddable":true,"href":"https:\/\/eldigitaldeasturias.com\/magazine365\/wp-json\/wp\/v2\/media\/90126"}],"wp:attachment":[{"href":"https:\/\/eldigitaldeasturias.com\/magazine365\/wp-json\/wp\/v2\/media?parent=90124"}],"wp:term":[{"taxonomy":"category","embeddable":true,"href":"https:\/\/eldigitaldeasturias.com\/magazine365\/wp-json\/wp\/v2\/categories?post=90124"},{"taxonomy":"post_tag","embeddable":true,"href":"https:\/\/eldigitaldeasturias.com\/magazine365\/wp-json\/wp\/v2\/tags?post=90124"}],"curies":[{"name":"wp","href":"https:\/\/api.w.org\/{rel}","templated":true}]}}