{"id":90118,"date":"2017-12-12T16:14:50","date_gmt":"2017-12-12T16:14:50","guid":{"rendered":"http:\/\/eldigitaldeasturias.com\/magazine365\/?p=90118"},"modified":"2017-12-12T16:15:23","modified_gmt":"2017-12-12T16:15:23","slug":"abierta-la-inscripcion-para-la-2a-edicion-del-concurso-nacional-de-vinos-de-pequenas-d-o-s","status":"publish","type":"post","link":"https:\/\/eldigitaldeasturias.com\/magazine365\/abierta-la-inscripcion-para-la-2a-edicion-del-concurso-nacional-de-vinos-de-pequenas-d-o-s\/","title":{"rendered":"Abierta la inscripci\u00f3n para la 2\u00aa Edici\u00f3n del Concurso Nacional de vinos de Peque\u00f1as D.O.\u2019s"},"content":{"rendered":"<p><img fetchpriority=\"high\" decoding=\"async\" class=\"alignleft size-medium wp-image-90119\" src=\"https:\/\/eldigitaldeasturias.com\/magazine365\/wp-content\/uploads\/2017\/12\/Logo-Concurso-212x300.jpg\" alt=\"\" width=\"212\" height=\"300\" srcset=\"https:\/\/eldigitaldeasturias.com\/magazine365\/wp-content\/uploads\/2017\/12\/Logo-Concurso-212x300.jpg 212w, https:\/\/eldigitaldeasturias.com\/magazine365\/wp-content\/uploads\/2017\/12\/Logo-Concurso-453x640.jpg 453w, https:\/\/eldigitaldeasturias.com\/magazine365\/wp-content\/uploads\/2017\/12\/Logo-Concurso.jpg 596w\" sizes=\"(max-width: 212px) 100vw, 212px\" \/>Peque\u00f1as D.O.\u2019s y ALAMESA convocan la 2\u00aa edici\u00f3n del Concurso de Vinos de Peque\u00f1as D.O.\u2019s, un concurso abierto \u00fanicamente a aquellas bodegas nacionales pertenecientes a alguna peque\u00f1a regi\u00f3n vin\u00edcola reconocida como D.O.P y que tengan una producci\u00f3n por debajo de 4,5 millones de botellas. La finalidad del Concurso es por una parte, dar a conocer los vinos producidos en regiones vin\u00edcolas que en muchos casos no llegan a los canales tradicionales de comercializaci\u00f3n y que gracias a este tipo iniciativas pueden tener acceso a los mismos, y por otra, despertar el inter\u00e9s tanto de los consumidores como de los distribuidores, en vinos elaborados en regiones vin\u00edcolas menos conocidas pero que sin duda la calidad de los vinos que en ellas se producen merecen un mayor reconocimiento por parte del mercado.<\/p>\n<p>El Concurso se celebrar\u00e1 el pr\u00f3ximo d\u00eda 16 de febrero en la Escuela Espa\u00f1ola de Cata de Madrid, y est\u00e1n convocadas al mismo cerca de 1.000 bodegas adscritas a alguna de las 59 regiones vin\u00edcolas que consideramos como Peque\u00f1as D.O.\u2019s que se encuentran repartidas en 15 Comunidades Aut\u00f3nomas y 32 provincias, lo que nos da una idea de la gran diversidad de vinos y uvas que hay en nuestro pa\u00eds y que en muchos casos no tienen un espacio m\u00e1s que merecido en los mercados.<\/p>\n<p>Tras el Concurso, el objetivo de Peque\u00f1as D.O.\u2019s ser\u00e1 promocionar los vinos ganadores en sus distintas categor\u00edas en una serie de catas y acciones entre prescriptores con el objetivo de tratar de impulsar estos vinos m\u00e1s all\u00e1 de un \u00e1mbito estrictamente local y tratar de abrirles un hueco en el dif\u00edcil mercado de la distribuci\u00f3n y las grandes superficies de alimentaci\u00f3n.<\/p>\n<p><strong><u>\u00a0El Jurado<\/u><\/strong><\/p>\n<p>Los miembros del Jurado del Concurso ser\u00e1n entre otros Directores T\u00e9cnicos de estas peque\u00f1as regiones vin\u00edcolas, sumilleres, en\u00f3logos y periodistas todos ellos expertos en el An\u00e1lisis Sensorial de vinos y que valorar\u00e1n de forma totalmente objetiva (ser\u00e1 cata a ciegas) la calidad de los vinos presentados.<\/p>\n<p><strong>Los Vinos Asturianos<\/strong><\/p>\n<p>Dentro de nuestra regi\u00f3n y siguiendo la tradici\u00f3n vin\u00edcola de los monjes benedictinos que ya en el siglo XI produc\u00edan vinos en el suroeste de Asturias y que en el siglo XIX compet\u00edan en los cert\u00e1menes internacionales con los vinos de Rioja o de Burdeos, nos hemos propuesto la promoci\u00f3n de la <strong>Peque\u00f1a D.O. Cangas de Narcea<\/strong>, que con variedades de uva como la Carrasqu\u00edn Tinto o la Albar\u00edn Blanco sin duda pueden aportar un valor diferencial al panorama vin\u00edcola tanto nacional como internacional.<\/p>\n<p>Con el objetivo de promover la actividad vin\u00edcola de nuestra regi\u00f3n e impulsar su conocimiento en el resto del territorio nacional, surge este 2\u00ba Concurso de las Peque\u00f1as regiones vin\u00edcolas de nuestro pa\u00eds.<\/p>\n<p>Pueden encontrar m\u00e1s informaci\u00f3n sobre este Concurso <a href=\"http:\/\/www.pequenasdos.com\/reglamento\" target=\"_blank\" rel=\"noopener\"><span style=\"color: #ff6600;\"><strong>en la p\u00e1gina web<\/strong><\/span><\/a><\/p>\n","protected":false},"excerpt":{"rendered":"<p>Peque\u00f1as D.O.\u2019s y ALAMESA convocan la 2\u00aa edici\u00f3n del Concurso de Vinos de Peque\u00f1as D.O.\u2019s, un concurso abierto \u00fanicamente a aquellas bodegas nacionales pertenecientes a alguna peque\u00f1a regi\u00f3n vin\u00edcola reconocida como D.O.P y que tengan una producci\u00f3n por debajo de 4,5 millones de botellas. La finalidad del Concurso es por una parte, dar a conocer<\/p>\n","protected":false},"author":1,"featured_media":49547,"comment_status":"closed","ping_status":"closed","sticky":false,"template":"","format":"standard","meta":{"footnotes":""},"categories":[217],"tags":[],"class_list":{"0":"post-90118","1":"post","2":"type-post","3":"status-publish","4":"format-standard","5":"has-post-thumbnail","7":"category-sabores"},"aioseo_notices":[],"aioseo_head":"\n\t\t<!-- All in One SEO Pro 4.9.6.1 - aioseo.com -->\n\t<meta name=\"description\" content=\"Peque\u00f1as D.O.\u2019s y ALAMESA convocan la 2\u00aa edici\u00f3n del Concurso de Vinos de Peque\u00f1as D.O.\u2019s, un concurso abierto \u00fanicamente a aquellas bodegas nacionales pertenecientes a alguna peque\u00f1a regi\u00f3n vin\u00edcola reconocida como D.O.P y que tengan una producci\u00f3n por debajo de 4,5 millones de botellas. La finalidad del Concurso es por una parte, dar a conocer\" \/>\n\t<meta name=\"robots\" content=\"max-image-preview:large\" \/>\n\t<meta name=\"author\" content=\"admin\"\/>\n\t<meta name=\"google-site-verification\" content=\"UA-38556648-1\" \/>\n\t<meta name=\"keywords\" content=\"sabores\" \/>\n\t<link rel=\"canonical\" href=\"https:\/\/eldigitaldeasturias.com\/magazine365\/abierta-la-inscripcion-para-la-2a-edicion-del-concurso-nacional-de-vinos-de-pequenas-d-o-s\/\" \/>\n\t<meta name=\"generator\" content=\"All in One SEO Pro (AIOSEO) 4.9.6.1\" \/>\n\t\t<meta property=\"og:locale\" content=\"es_ES\" \/>\n\t\t<meta property=\"og:site_name\" content=\"El Digital de Asturias \u2013 Revista de ocio, turismo y estilo de vida\" \/>\n\t\t<meta property=\"og:type\" content=\"article\" \/>\n\t\t<meta property=\"og:title\" content=\"Abierta la inscripci\u00f3n para la 2\u00aa Edici\u00f3n del Concurso Nacional de vinos de Peque\u00f1as D.O.\u2019s | El Digital de Asturias\" \/>\n\t\t<meta property=\"og:description\" content=\"Peque\u00f1as D.O.\u2019s y ALAMESA convocan la 2\u00aa edici\u00f3n del Concurso de Vinos de Peque\u00f1as D.O.\u2019s, un concurso abierto \u00fanicamente a aquellas bodegas nacionales pertenecientes a alguna peque\u00f1a regi\u00f3n vin\u00edcola reconocida como D.O.P y que tengan una producci\u00f3n por debajo de 4,5 millones de botellas. La finalidad del Concurso es por una parte, dar a conocer\" \/>\n\t\t<meta property=\"og:url\" content=\"https:\/\/eldigitaldeasturias.com\/magazine365\/abierta-la-inscripcion-para-la-2a-edicion-del-concurso-nacional-de-vinos-de-pequenas-d-o-s\/\" \/>\n\t\t<meta property=\"og:image\" content=\"https:\/\/eldigitaldeasturias.com\/magazine365\/wp-content\/uploads\/2015\/09\/vino.jpg\" \/>\n\t\t<meta property=\"og:image:secure_url\" content=\"https:\/\/eldigitaldeasturias.com\/magazine365\/wp-content\/uploads\/2015\/09\/vino.jpg\" \/>\n\t\t<meta property=\"og:image:width\" content=\"800\" \/>\n\t\t<meta property=\"og:image:height\" content=\"533\" \/>\n\t\t<meta property=\"article:published_time\" content=\"2017-12-12T16:14:50+00:00\" \/>\n\t\t<meta property=\"article:modified_time\" content=\"2017-12-12T16:15:23+00:00\" \/>\n\t\t<meta name=\"twitter:card\" content=\"summary_large_image\" \/>\n\t\t<meta name=\"twitter:title\" content=\"Abierta la inscripci\u00f3n para la 2\u00aa Edici\u00f3n del Concurso Nacional de vinos de Peque\u00f1as D.O.\u2019s | El Digital de Asturias\" \/>\n\t\t<meta name=\"twitter:description\" content=\"Peque\u00f1as D.O.\u2019s y ALAMESA convocan la 2\u00aa edici\u00f3n del Concurso de Vinos de Peque\u00f1as D.O.\u2019s, un concurso abierto \u00fanicamente a aquellas bodegas nacionales pertenecientes a alguna peque\u00f1a regi\u00f3n vin\u00edcola reconocida como D.O.P y que tengan una producci\u00f3n por debajo de 4,5 millones de botellas. La finalidad del Concurso es por una parte, dar a conocer\" \/>\n\t\t<meta name=\"twitter:image\" content=\"https:\/\/eldigitaldeasturias.com\/magazine365\/wp-content\/uploads\/2015\/09\/vino.jpg\" \/>\n\t\t<script type=\"application\/ld+json\" class=\"aioseo-schema\">\n\t\t\t{\"@context\":\"https:\\\/\\\/schema.org\",\"@graph\":[{\"@type\":\"Article\",\"@id\":\"https:\\\/\\\/eldigitaldeasturias.com\\\/magazine365\\\/abierta-la-inscripcion-para-la-2a-edicion-del-concurso-nacional-de-vinos-de-pequenas-d-o-s\\\/#article\",\"name\":\"Abierta la inscripci\\u00f3n para la 2\\u00aa Edici\\u00f3n del Concurso Nacional de vinos de Peque\\u00f1as D.O.\\u2019s | El Digital de Asturias\",\"headline\":\"Abierta la inscripci\\u00f3n para la 2\\u00aa Edici\\u00f3n del Concurso Nacional de vinos de Peque\\u00f1as D.O.\\u2019s\",\"author\":{\"@id\":\"https:\\\/\\\/eldigitaldeasturias.com\\\/magazine365\\\/author\\\/admin\\\/#author\"},\"publisher\":{\"@id\":\"https:\\\/\\\/eldigitaldeasturias.com\\\/magazine365\\\/#organization\"},\"image\":{\"@type\":\"ImageObject\",\"url\":\"https:\\\/\\\/eldigitaldeasturias.com\\\/magazine365\\\/wp-content\\\/uploads\\\/2015\\\/09\\\/vino.jpg\",\"width\":800,\"height\":533},\"datePublished\":\"2017-12-12T16:14:50+01:00\",\"dateModified\":\"2017-12-12T16:15:23+01:00\",\"inLanguage\":\"es-ES\",\"mainEntityOfPage\":{\"@id\":\"https:\\\/\\\/eldigitaldeasturias.com\\\/magazine365\\\/abierta-la-inscripcion-para-la-2a-edicion-del-concurso-nacional-de-vinos-de-pequenas-d-o-s\\\/#webpage\"},\"isPartOf\":{\"@id\":\"https:\\\/\\\/eldigitaldeasturias.com\\\/magazine365\\\/abierta-la-inscripcion-para-la-2a-edicion-del-concurso-nacional-de-vinos-de-pequenas-d-o-s\\\/#webpage\"},\"articleSection\":\"Sabores\"},{\"@type\":\"BreadcrumbList\",\"@id\":\"https:\\\/\\\/eldigitaldeasturias.com\\\/magazine365\\\/abierta-la-inscripcion-para-la-2a-edicion-del-concurso-nacional-de-vinos-de-pequenas-d-o-s\\\/#breadcrumblist\",\"itemListElement\":[{\"@type\":\"ListItem\",\"@id\":\"https:\\\/\\\/eldigitaldeasturias.com\\\/magazine365#listItem\",\"position\":1,\"name\":\"Home\",\"item\":\"https:\\\/\\\/eldigitaldeasturias.com\\\/magazine365\",\"nextItem\":{\"@type\":\"ListItem\",\"@id\":\"https:\\\/\\\/eldigitaldeasturias.com\\\/magazine365\\\/category\\\/sabores\\\/#listItem\",\"name\":\"Sabores\"}},{\"@type\":\"ListItem\",\"@id\":\"https:\\\/\\\/eldigitaldeasturias.com\\\/magazine365\\\/category\\\/sabores\\\/#listItem\",\"position\":2,\"name\":\"Sabores\",\"item\":\"https:\\\/\\\/eldigitaldeasturias.com\\\/magazine365\\\/category\\\/sabores\\\/\",\"nextItem\":{\"@type\":\"ListItem\",\"@id\":\"https:\\\/\\\/eldigitaldeasturias.com\\\/magazine365\\\/abierta-la-inscripcion-para-la-2a-edicion-del-concurso-nacional-de-vinos-de-pequenas-d-o-s\\\/#listItem\",\"name\":\"Abierta la inscripci\\u00f3n para la 2\\u00aa Edici\\u00f3n del Concurso Nacional de vinos de Peque\\u00f1as D.O.\\u2019s\"},\"previousItem\":{\"@type\":\"ListItem\",\"@id\":\"https:\\\/\\\/eldigitaldeasturias.com\\\/magazine365#listItem\",\"name\":\"Home\"}},{\"@type\":\"ListItem\",\"@id\":\"https:\\\/\\\/eldigitaldeasturias.com\\\/magazine365\\\/abierta-la-inscripcion-para-la-2a-edicion-del-concurso-nacional-de-vinos-de-pequenas-d-o-s\\\/#listItem\",\"position\":3,\"name\":\"Abierta la inscripci\\u00f3n para la 2\\u00aa Edici\\u00f3n del Concurso Nacional de vinos de Peque\\u00f1as D.O.\\u2019s\",\"previousItem\":{\"@type\":\"ListItem\",\"@id\":\"https:\\\/\\\/eldigitaldeasturias.com\\\/magazine365\\\/category\\\/sabores\\\/#listItem\",\"name\":\"Sabores\"}}]},{\"@type\":\"Organization\",\"@id\":\"https:\\\/\\\/eldigitaldeasturias.com\\\/magazine365\\\/#organization\",\"name\":\"El digital de Asturias\",\"description\":\"Revista de ocio, turismo y estilo de vida\",\"url\":\"https:\\\/\\\/eldigitaldeasturias.com\\\/magazine365\\\/\",\"logo\":{\"@type\":\"ImageObject\",\"url\":\"https:\\\/\\\/www.eldigitaldeasturias.com\\\/noticias\\\/wp-content\\\/uploads\\\/2020\\\/12\\\/EDA.jpg\",\"@id\":\"https:\\\/\\\/eldigitaldeasturias.com\\\/magazine365\\\/abierta-la-inscripcion-para-la-2a-edicion-del-concurso-nacional-de-vinos-de-pequenas-d-o-s\\\/#organizationLogo\"},\"image\":{\"@id\":\"https:\\\/\\\/eldigitaldeasturias.com\\\/magazine365\\\/abierta-la-inscripcion-para-la-2a-edicion-del-concurso-nacional-de-vinos-de-pequenas-d-o-s\\\/#organizationLogo\"}},{\"@type\":\"Person\",\"@id\":\"https:\\\/\\\/eldigitaldeasturias.com\\\/magazine365\\\/author\\\/admin\\\/#author\",\"url\":\"https:\\\/\\\/eldigitaldeasturias.com\\\/magazine365\\\/author\\\/admin\\\/\",\"name\":\"admin\",\"image\":{\"@type\":\"ImageObject\",\"@id\":\"https:\\\/\\\/eldigitaldeasturias.com\\\/magazine365\\\/abierta-la-inscripcion-para-la-2a-edicion-del-concurso-nacional-de-vinos-de-pequenas-d-o-s\\\/#authorImage\",\"url\":\"https:\\\/\\\/eldigitaldeasturias.com\\\/magazine365\\\/wp-content\\\/litespeed\\\/avatar\\\/e571bcf59a0edd6fa6838245a470f2fe.jpg?ver=1777574230\",\"width\":96,\"height\":96,\"caption\":\"admin\"}},{\"@type\":\"WebPage\",\"@id\":\"https:\\\/\\\/eldigitaldeasturias.com\\\/magazine365\\\/abierta-la-inscripcion-para-la-2a-edicion-del-concurso-nacional-de-vinos-de-pequenas-d-o-s\\\/#webpage\",\"url\":\"https:\\\/\\\/eldigitaldeasturias.com\\\/magazine365\\\/abierta-la-inscripcion-para-la-2a-edicion-del-concurso-nacional-de-vinos-de-pequenas-d-o-s\\\/\",\"name\":\"Abierta la inscripci\\u00f3n para la 2\\u00aa Edici\\u00f3n del Concurso Nacional de vinos de Peque\\u00f1as D.O.\\u2019s | El Digital de Asturias\",\"description\":\"Peque\\u00f1as D.O.\\u2019s y ALAMESA convocan la 2\\u00aa edici\\u00f3n del Concurso de Vinos de Peque\\u00f1as D.O.\\u2019s, un concurso abierto \\u00fanicamente a aquellas bodegas nacionales pertenecientes a alguna peque\\u00f1a regi\\u00f3n vin\\u00edcola reconocida como D.O.P y que tengan una producci\\u00f3n por debajo de 4,5 millones de botellas. La finalidad del Concurso es por una parte, dar a conocer\",\"inLanguage\":\"es-ES\",\"isPartOf\":{\"@id\":\"https:\\\/\\\/eldigitaldeasturias.com\\\/magazine365\\\/#website\"},\"breadcrumb\":{\"@id\":\"https:\\\/\\\/eldigitaldeasturias.com\\\/magazine365\\\/abierta-la-inscripcion-para-la-2a-edicion-del-concurso-nacional-de-vinos-de-pequenas-d-o-s\\\/#breadcrumblist\"},\"author\":{\"@id\":\"https:\\\/\\\/eldigitaldeasturias.com\\\/magazine365\\\/author\\\/admin\\\/#author\"},\"creator\":{\"@id\":\"https:\\\/\\\/eldigitaldeasturias.com\\\/magazine365\\\/author\\\/admin\\\/#author\"},\"image\":{\"@type\":\"ImageObject\",\"url\":\"https:\\\/\\\/eldigitaldeasturias.com\\\/magazine365\\\/wp-content\\\/uploads\\\/2015\\\/09\\\/vino.jpg\",\"@id\":\"https:\\\/\\\/eldigitaldeasturias.com\\\/magazine365\\\/abierta-la-inscripcion-para-la-2a-edicion-del-concurso-nacional-de-vinos-de-pequenas-d-o-s\\\/#mainImage\",\"width\":800,\"height\":533},\"primaryImageOfPage\":{\"@id\":\"https:\\\/\\\/eldigitaldeasturias.com\\\/magazine365\\\/abierta-la-inscripcion-para-la-2a-edicion-del-concurso-nacional-de-vinos-de-pequenas-d-o-s\\\/#mainImage\"},\"datePublished\":\"2017-12-12T16:14:50+01:00\",\"dateModified\":\"2017-12-12T16:15:23+01:00\"},{\"@type\":\"WebSite\",\"@id\":\"https:\\\/\\\/eldigitaldeasturias.com\\\/magazine365\\\/#website\",\"url\":\"https:\\\/\\\/eldigitaldeasturias.com\\\/magazine365\\\/\",\"name\":\"El Digital de Asturias\",\"description\":\"Revista de ocio, turismo y estilo de vida\",\"inLanguage\":\"es-ES\",\"publisher\":{\"@id\":\"https:\\\/\\\/eldigitaldeasturias.com\\\/magazine365\\\/#organization\"}}]}\n\t\t<\/script>\n\t\t<!-- All in One SEO Pro -->\r\n\t\t<title>Abierta la inscripci\u00f3n para la 2\u00aa Edici\u00f3n del Concurso Nacional de vinos de Peque\u00f1as D.O.\u2019s | El Digital de Asturias<\/title>\n\n","aioseo_head_json":{"title":"Abierta la inscripci\u00f3n para la 2\u00aa Edici\u00f3n del Concurso Nacional de vinos de Peque\u00f1as D.O.\u2019s | El Digital de Asturias","description":"Peque\u00f1as D.O.\u2019s y ALAMESA convocan la 2\u00aa edici\u00f3n del Concurso de Vinos de Peque\u00f1as D.O.\u2019s, un concurso abierto \u00fanicamente a aquellas bodegas nacionales pertenecientes a alguna peque\u00f1a regi\u00f3n vin\u00edcola reconocida como D.O.P y que tengan una producci\u00f3n por debajo de 4,5 millones de botellas. La finalidad del Concurso es por una parte, dar a conocer","canonical_url":"https:\/\/eldigitaldeasturias.com\/magazine365\/abierta-la-inscripcion-para-la-2a-edicion-del-concurso-nacional-de-vinos-de-pequenas-d-o-s\/","robots":"max-image-preview:large","keywords":"sabores","webmasterTools":{"google-site-verification":"UA-38556648-1","miscellaneous":""},"schema":{"@context":"https:\/\/schema.org","@graph":[{"@type":"Article","@id":"https:\/\/eldigitaldeasturias.com\/magazine365\/abierta-la-inscripcion-para-la-2a-edicion-del-concurso-nacional-de-vinos-de-pequenas-d-o-s\/#article","name":"Abierta la inscripci\u00f3n para la 2\u00aa Edici\u00f3n del Concurso Nacional de vinos de Peque\u00f1as D.O.\u2019s | El Digital de Asturias","headline":"Abierta la inscripci\u00f3n para la 2\u00aa Edici\u00f3n del Concurso Nacional de vinos de Peque\u00f1as D.O.\u2019s","author":{"@id":"https:\/\/eldigitaldeasturias.com\/magazine365\/author\/admin\/#author"},"publisher":{"@id":"https:\/\/eldigitaldeasturias.com\/magazine365\/#organization"},"image":{"@type":"ImageObject","url":"https:\/\/eldigitaldeasturias.com\/magazine365\/wp-content\/uploads\/2015\/09\/vino.jpg","width":800,"height":533},"datePublished":"2017-12-12T16:14:50+01:00","dateModified":"2017-12-12T16:15:23+01:00","inLanguage":"es-ES","mainEntityOfPage":{"@id":"https:\/\/eldigitaldeasturias.com\/magazine365\/abierta-la-inscripcion-para-la-2a-edicion-del-concurso-nacional-de-vinos-de-pequenas-d-o-s\/#webpage"},"isPartOf":{"@id":"https:\/\/eldigitaldeasturias.com\/magazine365\/abierta-la-inscripcion-para-la-2a-edicion-del-concurso-nacional-de-vinos-de-pequenas-d-o-s\/#webpage"},"articleSection":"Sabores"},{"@type":"BreadcrumbList","@id":"https:\/\/eldigitaldeasturias.com\/magazine365\/abierta-la-inscripcion-para-la-2a-edicion-del-concurso-nacional-de-vinos-de-pequenas-d-o-s\/#breadcrumblist","itemListElement":[{"@type":"ListItem","@id":"https:\/\/eldigitaldeasturias.com\/magazine365#listItem","position":1,"name":"Home","item":"https:\/\/eldigitaldeasturias.com\/magazine365","nextItem":{"@type":"ListItem","@id":"https:\/\/eldigitaldeasturias.com\/magazine365\/category\/sabores\/#listItem","name":"Sabores"}},{"@type":"ListItem","@id":"https:\/\/eldigitaldeasturias.com\/magazine365\/category\/sabores\/#listItem","position":2,"name":"Sabores","item":"https:\/\/eldigitaldeasturias.com\/magazine365\/category\/sabores\/","nextItem":{"@type":"ListItem","@id":"https:\/\/eldigitaldeasturias.com\/magazine365\/abierta-la-inscripcion-para-la-2a-edicion-del-concurso-nacional-de-vinos-de-pequenas-d-o-s\/#listItem","name":"Abierta la inscripci\u00f3n para la 2\u00aa Edici\u00f3n del Concurso Nacional de vinos de Peque\u00f1as D.O.\u2019s"},"previousItem":{"@type":"ListItem","@id":"https:\/\/eldigitaldeasturias.com\/magazine365#listItem","name":"Home"}},{"@type":"ListItem","@id":"https:\/\/eldigitaldeasturias.com\/magazine365\/abierta-la-inscripcion-para-la-2a-edicion-del-concurso-nacional-de-vinos-de-pequenas-d-o-s\/#listItem","position":3,"name":"Abierta la inscripci\u00f3n para la 2\u00aa Edici\u00f3n del Concurso Nacional de vinos de Peque\u00f1as D.O.\u2019s","previousItem":{"@type":"ListItem","@id":"https:\/\/eldigitaldeasturias.com\/magazine365\/category\/sabores\/#listItem","name":"Sabores"}}]},{"@type":"Organization","@id":"https:\/\/eldigitaldeasturias.com\/magazine365\/#organization","name":"El digital de Asturias","description":"Revista de ocio, turismo y estilo de vida","url":"https:\/\/eldigitaldeasturias.com\/magazine365\/","logo":{"@type":"ImageObject","url":"https:\/\/www.eldigitaldeasturias.com\/noticias\/wp-content\/uploads\/2020\/12\/EDA.jpg","@id":"https:\/\/eldigitaldeasturias.com\/magazine365\/abierta-la-inscripcion-para-la-2a-edicion-del-concurso-nacional-de-vinos-de-pequenas-d-o-s\/#organizationLogo"},"image":{"@id":"https:\/\/eldigitaldeasturias.com\/magazine365\/abierta-la-inscripcion-para-la-2a-edicion-del-concurso-nacional-de-vinos-de-pequenas-d-o-s\/#organizationLogo"}},{"@type":"Person","@id":"https:\/\/eldigitaldeasturias.com\/magazine365\/author\/admin\/#author","url":"https:\/\/eldigitaldeasturias.com\/magazine365\/author\/admin\/","name":"admin","image":{"@type":"ImageObject","@id":"https:\/\/eldigitaldeasturias.com\/magazine365\/abierta-la-inscripcion-para-la-2a-edicion-del-concurso-nacional-de-vinos-de-pequenas-d-o-s\/#authorImage","url":"https:\/\/eldigitaldeasturias.com\/magazine365\/wp-content\/litespeed\/avatar\/e571bcf59a0edd6fa6838245a470f2fe.jpg?ver=1777574230","width":96,"height":96,"caption":"admin"}},{"@type":"WebPage","@id":"https:\/\/eldigitaldeasturias.com\/magazine365\/abierta-la-inscripcion-para-la-2a-edicion-del-concurso-nacional-de-vinos-de-pequenas-d-o-s\/#webpage","url":"https:\/\/eldigitaldeasturias.com\/magazine365\/abierta-la-inscripcion-para-la-2a-edicion-del-concurso-nacional-de-vinos-de-pequenas-d-o-s\/","name":"Abierta la inscripci\u00f3n para la 2\u00aa Edici\u00f3n del Concurso Nacional de vinos de Peque\u00f1as D.O.\u2019s | El Digital de Asturias","description":"Peque\u00f1as D.O.\u2019s y ALAMESA convocan la 2\u00aa edici\u00f3n del Concurso de Vinos de Peque\u00f1as D.O.\u2019s, un concurso abierto \u00fanicamente a aquellas bodegas nacionales pertenecientes a alguna peque\u00f1a regi\u00f3n vin\u00edcola reconocida como D.O.P y que tengan una producci\u00f3n por debajo de 4,5 millones de botellas. La finalidad del Concurso es por una parte, dar a conocer","inLanguage":"es-ES","isPartOf":{"@id":"https:\/\/eldigitaldeasturias.com\/magazine365\/#website"},"breadcrumb":{"@id":"https:\/\/eldigitaldeasturias.com\/magazine365\/abierta-la-inscripcion-para-la-2a-edicion-del-concurso-nacional-de-vinos-de-pequenas-d-o-s\/#breadcrumblist"},"author":{"@id":"https:\/\/eldigitaldeasturias.com\/magazine365\/author\/admin\/#author"},"creator":{"@id":"https:\/\/eldigitaldeasturias.com\/magazine365\/author\/admin\/#author"},"image":{"@type":"ImageObject","url":"https:\/\/eldigitaldeasturias.com\/magazine365\/wp-content\/uploads\/2015\/09\/vino.jpg","@id":"https:\/\/eldigitaldeasturias.com\/magazine365\/abierta-la-inscripcion-para-la-2a-edicion-del-concurso-nacional-de-vinos-de-pequenas-d-o-s\/#mainImage","width":800,"height":533},"primaryImageOfPage":{"@id":"https:\/\/eldigitaldeasturias.com\/magazine365\/abierta-la-inscripcion-para-la-2a-edicion-del-concurso-nacional-de-vinos-de-pequenas-d-o-s\/#mainImage"},"datePublished":"2017-12-12T16:14:50+01:00","dateModified":"2017-12-12T16:15:23+01:00"},{"@type":"WebSite","@id":"https:\/\/eldigitaldeasturias.com\/magazine365\/#website","url":"https:\/\/eldigitaldeasturias.com\/magazine365\/","name":"El Digital de Asturias","description":"Revista de ocio, turismo y estilo de vida","inLanguage":"es-ES","publisher":{"@id":"https:\/\/eldigitaldeasturias.com\/magazine365\/#organization"}}]},"og:locale":"es_ES","og:site_name":"El Digital de Asturias \u2013 Revista de ocio, turismo y estilo de vida","og:type":"article","og:title":"Abierta la inscripci\u00f3n para la 2\u00aa Edici\u00f3n del Concurso Nacional de vinos de Peque\u00f1as D.O.\u2019s | El Digital de Asturias","og:description":"Peque\u00f1as D.O.\u2019s y ALAMESA convocan la 2\u00aa edici\u00f3n del Concurso de Vinos de Peque\u00f1as D.O.\u2019s, un concurso abierto \u00fanicamente a aquellas bodegas nacionales pertenecientes a alguna peque\u00f1a regi\u00f3n vin\u00edcola reconocida como D.O.P y que tengan una producci\u00f3n por debajo de 4,5 millones de botellas. La finalidad del Concurso es por una parte, dar a conocer","og:url":"https:\/\/eldigitaldeasturias.com\/magazine365\/abierta-la-inscripcion-para-la-2a-edicion-del-concurso-nacional-de-vinos-de-pequenas-d-o-s\/","og:image":"https:\/\/eldigitaldeasturias.com\/magazine365\/wp-content\/uploads\/2015\/09\/vino.jpg","og:image:secure_url":"https:\/\/eldigitaldeasturias.com\/magazine365\/wp-content\/uploads\/2015\/09\/vino.jpg","og:image:width":800,"og:image:height":533,"article:published_time":"2017-12-12T16:14:50+00:00","article:modified_time":"2017-12-12T16:15:23+00:00","twitter:card":"summary_large_image","twitter:title":"Abierta la inscripci\u00f3n para la 2\u00aa Edici\u00f3n del Concurso Nacional de vinos de Peque\u00f1as D.O.\u2019s | El Digital de Asturias","twitter:description":"Peque\u00f1as D.O.\u2019s y ALAMESA convocan la 2\u00aa edici\u00f3n del Concurso de Vinos de Peque\u00f1as D.O.\u2019s, un concurso abierto \u00fanicamente a aquellas bodegas nacionales pertenecientes a alguna peque\u00f1a regi\u00f3n vin\u00edcola reconocida como D.O.P y que tengan una producci\u00f3n por debajo de 4,5 millones de botellas. La finalidad del Concurso es por una parte, dar a conocer","twitter:image":"https:\/\/eldigitaldeasturias.com\/magazine365\/wp-content\/uploads\/2015\/09\/vino.jpg"},"aioseo_meta_data":{"post_id":"90118","title":null,"description":null,"keywords":null,"keyphrases":null,"primary_term":null,"canonical_url":null,"og_title":null,"og_description":null,"og_object_type":"default","og_image_type":"default","og_image_url":null,"og_image_width":null,"og_image_height":null,"og_image_custom_url":null,"og_image_custom_fields":null,"og_video":null,"og_custom_url":null,"og_article_section":null,"og_article_tags":null,"twitter_use_og":false,"twitter_card":"default","twitter_image_type":"default","twitter_image_url":null,"twitter_image_custom_url":null,"twitter_image_custom_fields":null,"twitter_title":null,"twitter_description":null,"schema":{"blockGraphs":[],"customGraphs":[],"default":{"data":{"Article":[],"Course":[],"Dataset":[],"FAQPage":[],"Movie":[],"Person":[],"Product":[],"ProductReview":[],"Car":[],"Recipe":[],"Service":[],"SoftwareApplication":[],"WebPage":[]},"graphName":"","isEnabled":true},"graphs":[],"defaultGraph":"","defaultPostTypeGraph":""},"schema_type":null,"schema_type_options":null,"pillar_content":false,"robots_default":true,"robots_noindex":false,"robots_noarchive":false,"robots_nosnippet":false,"robots_nofollow":false,"robots_noimageindex":false,"robots_noodp":false,"robots_notranslate":false,"robots_max_snippet":null,"robots_max_videopreview":null,"robots_max_imagepreview":"large","priority":null,"frequency":null,"location":null,"local_seo":null,"seo_analyzer_scan_date":"2025-09-28 16:03:19","breadcrumb_settings":null,"limit_modified_date":false,"open_ai":null,"ai":null,"created":"2020-12-21 14:13:47","updated":"2025-09-28 16:03:19"},"aioseo_breadcrumb":"<div class=\"aioseo-breadcrumbs\"><span class=\"aioseo-breadcrumb\">\n\t<a href=\"https:\/\/eldigitaldeasturias.com\/magazine365\" title=\"Home\">Home<\/a>\n<\/span><span class=\"aioseo-breadcrumb-separator\">\u2013<\/span><span class=\"aioseo-breadcrumb\">\n\t<a href=\"https:\/\/eldigitaldeasturias.com\/magazine365\/category\/sabores\/\" title=\"Sabores\">Sabores<\/a>\n<\/span><span class=\"aioseo-breadcrumb-separator\">\u2013<\/span><span class=\"aioseo-breadcrumb\">\n\t<a href=\"https:\/\/eldigitaldeasturias.com\/magazine365\/abierta-la-inscripcion-para-la-2a-edicion-del-concurso-nacional-de-vinos-de-pequenas-d-o-s\/\" title=\"Abierta la inscripci\u00f3n para la 2\u00aa Edici\u00f3n del Concurso Nacional de vinos de Peque\u00f1as D.O.\u2019s\">Abierta la inscripci\u00f3n para la 2\u00aa Edici\u00f3n del Concurso Nacional de vinos de Peque\u00f1as D.O.\u2019s<\/a>\n<\/span><\/div>","aioseo_breadcrumb_json":[{"label":"Home","link":"https:\/\/eldigitaldeasturias.com\/magazine365"},{"label":"Sabores","link":"https:\/\/eldigitaldeasturias.com\/magazine365\/category\/sabores\/"},{"label":"Abierta la inscripci\u00f3n para la 2\u00aa Edici\u00f3n del Concurso Nacional de vinos de Peque\u00f1as D.O.\u2019s","link":"https:\/\/eldigitaldeasturias.com\/magazine365\/abierta-la-inscripcion-para-la-2a-edicion-del-concurso-nacional-de-vinos-de-pequenas-d-o-s\/"}],"_links":{"self":[{"href":"https:\/\/eldigitaldeasturias.com\/magazine365\/wp-json\/wp\/v2\/posts\/90118","targetHints":{"allow":["GET"]}}],"collection":[{"href":"https:\/\/eldigitaldeasturias.com\/magazine365\/wp-json\/wp\/v2\/posts"}],"about":[{"href":"https:\/\/eldigitaldeasturias.com\/magazine365\/wp-json\/wp\/v2\/types\/post"}],"author":[{"embeddable":true,"href":"https:\/\/eldigitaldeasturias.com\/magazine365\/wp-json\/wp\/v2\/users\/1"}],"replies":[{"embeddable":true,"href":"https:\/\/eldigitaldeasturias.com\/magazine365\/wp-json\/wp\/v2\/comments?post=90118"}],"version-history":[{"count":0,"href":"https:\/\/eldigitaldeasturias.com\/magazine365\/wp-json\/wp\/v2\/posts\/90118\/revisions"}],"wp:featuredmedia":[{"embeddable":true,"href":"https:\/\/eldigitaldeasturias.com\/magazine365\/wp-json\/wp\/v2\/media\/49547"}],"wp:attachment":[{"href":"https:\/\/eldigitaldeasturias.com\/magazine365\/wp-json\/wp\/v2\/media?parent=90118"}],"wp:term":[{"taxonomy":"category","embeddable":true,"href":"https:\/\/eldigitaldeasturias.com\/magazine365\/wp-json\/wp\/v2\/categories?post=90118"},{"taxonomy":"post_tag","embeddable":true,"href":"https:\/\/eldigitaldeasturias.com\/magazine365\/wp-json\/wp\/v2\/tags?post=90118"}],"curies":[{"name":"wp","href":"https:\/\/api.w.org\/{rel}","templated":true}]}}