{"id":90115,"date":"2017-12-12T14:59:03","date_gmt":"2017-12-12T14:59:03","guid":{"rendered":"http:\/\/eldigitaldeasturias.com\/magazine365\/?p=90115"},"modified":"2017-12-12T14:59:03","modified_gmt":"2017-12-12T14:59:03","slug":"kfes-day-creer-en-el-cafe-especialidad-y-en-las-personas","status":"publish","type":"post","link":"https:\/\/eldigitaldeasturias.com\/magazine365\/kfes-day-creer-en-el-cafe-especialidad-y-en-las-personas\/","title":{"rendered":"Kf\u00e9s Day: creer en el caf\u00e9 especialidad y en las personas"},"content":{"rendered":"<p><img fetchpriority=\"high\" decoding=\"async\" class=\"alignleft size-medium wp-image-90116\" src=\"https:\/\/eldigitaldeasturias.com\/magazine365\/wp-content\/uploads\/2017\/12\/Kf\u00e9s-Day-IP-360x203.jpg\" alt=\"\" width=\"360\" height=\"203\" srcset=\"https:\/\/eldigitaldeasturias.com\/magazine365\/wp-content\/uploads\/2017\/12\/Kf\u00e9s-Day-IP-360x203.jpg 360w, https:\/\/eldigitaldeasturias.com\/magazine365\/wp-content\/uploads\/2017\/12\/Kf\u00e9s-Day-IP-650x366.jpg 650w, https:\/\/eldigitaldeasturias.com\/magazine365\/wp-content\/uploads\/2017\/12\/Kf\u00e9s-Day-IP-768x432.jpg 768w, https:\/\/eldigitaldeasturias.com\/magazine365\/wp-content\/uploads\/2017\/12\/Kf\u00e9s-Day-IP-150x84.jpg 150w, https:\/\/eldigitaldeasturias.com\/magazine365\/wp-content\/uploads\/2017\/12\/Kf\u00e9s-Day-IP-450x253.jpg 450w, https:\/\/eldigitaldeasturias.com\/magazine365\/wp-content\/uploads\/2017\/12\/Kf\u00e9s-Day-IP-1200x675.jpg 1200w, https:\/\/eldigitaldeasturias.com\/magazine365\/wp-content\/uploads\/2017\/12\/Kf\u00e9s-Day-IP-499x280.jpg 499w, https:\/\/eldigitaldeasturias.com\/magazine365\/wp-content\/uploads\/2017\/12\/Kf\u00e9s-Day-IP.jpg 1280w\" sizes=\"(max-width: 360px) 100vw, 360px\" \/>El caf\u00e9 es un bien con el que pr\u00e1cticamente toda la poblaci\u00f3n est\u00e1 familiarizada, es m\u00e1s, seg\u00fan un estudio elaborado por Caf\u00e9s Novell, el 87% de la poblaci\u00f3n espa\u00f1ola comprendida entre los 18 y los 64 a\u00f1os toma caf\u00e9. De estos, el 70% lo hace a diario y preferentemente en el hogar.<\/p>\n<p>Pero otro dato importante que no tienen en cuenta es el auge de la \u201ccultura barista\u201d, que se centra en el mundo de caf\u00e9 de especialidad y todo lo que un buen grano de caf\u00e9 puede ofrecer. Los caf\u00e9s est\u00e1n viviendo un despertar como en su momento lo hizo la ginebra en la nueva cultura del gin tonic.<\/p>\n<p>A estos nuevos tipos de caf\u00e9, certificados por la SCA (Specialty Coffee Association) y catalogados por los mejores Q Grader, se punt\u00faan del 1 al 100 en funci\u00f3n de los defectos que pudiera presentar el caf\u00e9 en verde. A partir de 80 puntos se le denomina caf\u00e9 de especialidad y esos son los que presenta en la nueva campa\u00f1a <a href=\"http:\/\/www.kfes.es\/\" target=\"_blank\" rel=\"noopener\"><span style=\"color: #ff6600;\"><strong>Kf\u00e9s Sabor \u00daniko<\/strong><\/span><\/a>.<\/p>\n<p><strong>4 Beneficios del caf\u00e9 de especialidad<\/strong><\/p>\n<p>1\u00ba-El mimo en su trazabilidad: se recolecta la fruta del caf\u00e9 a mano y se cuida el grano desde su recolecci\u00f3n hasta que llega a tu taza.<\/p>\n<p>2\u00ba-Experiencia en boca: sabores y aromas dulces, achocolatados, c\u00edtricos, vainilla, y muchos m\u00e1s.<\/p>\n<p>3\u00ba-Salud: Informes muy contrastados de beneficios antioxidantes, prevenci\u00f3n del Alzheimer, etc.<\/p>\n<p>4\u00ba-Compromiso social: compromiso con los caficultores ofreciendo un precio justo sin tener en cuenta fluctuaciones de mercado.<strong>\u00a0<\/strong><\/p>\n<p><strong>\u00a0\u201cNuevos tiempos, nuevos valores\u201d la filosof\u00eda de la campa\u00f1a<\/strong><\/p>\n<p>Poder probar sin compromiso este tipo de caf\u00e9 gourmet ya es posible gracias a la nueva campa\u00f1a que lleva por nombre <strong>Kf\u00e9s Day<\/strong>. La oferta comenzar\u00e1 el d\u00eda <strong>15 de diciembre y durar\u00e1 todo el fin de semana, hasta el domingo 17, o hasta que se acabe el producto<\/strong><\/p>\n<p>\u201cQueremos dar, en vez de pedir y mostrar al mundo que nos fiamos cien por cien de nuestro producto y colateralmente de la gente. Por eso invitamos a probar nuestros caf\u00e9s de especialidad. Que entren en la web, que decidan cu\u00e1l y c\u00f3mo lo quieren, se lo llevamos a casa sin coste y si les gusta que paguen por ello, y si no, all\u00e1 su conciencia. As\u00ed de simple. Creemos tanto en nuestro producto que solo lo pagas si te gusta. Con esta campa\u00f1a pretendemos demostrar con datos que sigue habiendo gente buena en este mundo.\u201d Comentan desde Kf\u00e9s Sabor \u00daniko.<\/p>\n","protected":false},"excerpt":{"rendered":"<p>El caf\u00e9 es un bien con el que pr\u00e1cticamente toda la poblaci\u00f3n est\u00e1 familiarizada, es m\u00e1s, seg\u00fan un estudio elaborado por Caf\u00e9s Novell, el 87% de la poblaci\u00f3n espa\u00f1ola comprendida entre los 18 y los 64 a\u00f1os toma caf\u00e9. De estos, el 70% lo hace a diario y preferentemente en el hogar. Pero otro dato<\/p>\n","protected":false},"author":1,"featured_media":90116,"comment_status":"closed","ping_status":"closed","sticky":false,"template":"","format":"standard","meta":{"footnotes":""},"categories":[217],"tags":[],"class_list":{"0":"post-90115","1":"post","2":"type-post","3":"status-publish","4":"format-standard","5":"has-post-thumbnail","7":"category-sabores"},"aioseo_notices":[],"aioseo_head":"\n\t\t<!-- All in One SEO Pro 4.9.6.1 - aioseo.com -->\n\t<meta name=\"description\" content=\"El caf\u00e9 es un bien con el que pr\u00e1cticamente toda la poblaci\u00f3n est\u00e1 familiarizada, es m\u00e1s, seg\u00fan un estudio elaborado por Caf\u00e9s Novell, el 87% de la poblaci\u00f3n espa\u00f1ola comprendida entre los 18 y los 64 a\u00f1os toma caf\u00e9. De estos, el 70% lo hace a diario y preferentemente en el hogar. Pero otro dato\" \/>\n\t<meta name=\"robots\" content=\"max-image-preview:large\" \/>\n\t<meta name=\"author\" content=\"admin\"\/>\n\t<meta name=\"google-site-verification\" content=\"UA-38556648-1\" \/>\n\t<meta name=\"keywords\" content=\"sabores\" \/>\n\t<link rel=\"canonical\" href=\"https:\/\/eldigitaldeasturias.com\/magazine365\/kfes-day-creer-en-el-cafe-especialidad-y-en-las-personas\/\" \/>\n\t<meta name=\"generator\" content=\"All in One SEO Pro (AIOSEO) 4.9.6.1\" \/>\n\t\t<meta property=\"og:locale\" content=\"es_ES\" \/>\n\t\t<meta property=\"og:site_name\" content=\"El Digital de Asturias \u2013 Revista de ocio, turismo y estilo de vida\" \/>\n\t\t<meta property=\"og:type\" content=\"article\" \/>\n\t\t<meta property=\"og:title\" content=\"Kf\u00e9s Day: creer en el caf\u00e9 especialidad y en las personas | El Digital de Asturias\" \/>\n\t\t<meta property=\"og:description\" content=\"El caf\u00e9 es un bien con el que pr\u00e1cticamente toda la poblaci\u00f3n est\u00e1 familiarizada, es m\u00e1s, seg\u00fan un estudio elaborado por Caf\u00e9s Novell, el 87% de la poblaci\u00f3n espa\u00f1ola comprendida entre los 18 y los 64 a\u00f1os toma caf\u00e9. De estos, el 70% lo hace a diario y preferentemente en el hogar. Pero otro dato\" \/>\n\t\t<meta property=\"og:url\" content=\"https:\/\/eldigitaldeasturias.com\/magazine365\/kfes-day-creer-en-el-cafe-especialidad-y-en-las-personas\/\" \/>\n\t\t<meta property=\"og:image\" content=\"https:\/\/eldigitaldeasturias.com\/magazine365\/wp-content\/uploads\/2017\/12\/Kf\u00e9s-Day-IP.jpg\" \/>\n\t\t<meta property=\"og:image:secure_url\" content=\"https:\/\/eldigitaldeasturias.com\/magazine365\/wp-content\/uploads\/2017\/12\/Kf\u00e9s-Day-IP.jpg\" \/>\n\t\t<meta property=\"og:image:width\" content=\"1280\" \/>\n\t\t<meta property=\"og:image:height\" content=\"720\" \/>\n\t\t<meta property=\"article:published_time\" content=\"2017-12-12T14:59:03+00:00\" \/>\n\t\t<meta property=\"article:modified_time\" content=\"2017-12-12T14:59:03+00:00\" \/>\n\t\t<meta name=\"twitter:card\" content=\"summary_large_image\" \/>\n\t\t<meta name=\"twitter:title\" content=\"Kf\u00e9s Day: creer en el caf\u00e9 especialidad y en las personas | El Digital de Asturias\" \/>\n\t\t<meta name=\"twitter:description\" content=\"El caf\u00e9 es un bien con el que pr\u00e1cticamente toda la poblaci\u00f3n est\u00e1 familiarizada, es m\u00e1s, seg\u00fan un estudio elaborado por Caf\u00e9s Novell, el 87% de la poblaci\u00f3n espa\u00f1ola comprendida entre los 18 y los 64 a\u00f1os toma caf\u00e9. De estos, el 70% lo hace a diario y preferentemente en el hogar. Pero otro dato\" \/>\n\t\t<meta name=\"twitter:image\" content=\"https:\/\/eldigitaldeasturias.com\/magazine365\/wp-content\/uploads\/2017\/12\/Kf\u00e9s-Day-IP.jpg\" \/>\n\t\t<script type=\"application\/ld+json\" class=\"aioseo-schema\">\n\t\t\t{\"@context\":\"https:\\\/\\\/schema.org\",\"@graph\":[{\"@type\":\"Article\",\"@id\":\"https:\\\/\\\/eldigitaldeasturias.com\\\/magazine365\\\/kfes-day-creer-en-el-cafe-especialidad-y-en-las-personas\\\/#article\",\"name\":\"Kf\\u00e9s Day: creer en el caf\\u00e9 especialidad y en las personas | El Digital de Asturias\",\"headline\":\"Kf\\u00e9s Day: creer en el caf\\u00e9 especialidad y en las personas\",\"author\":{\"@id\":\"https:\\\/\\\/eldigitaldeasturias.com\\\/magazine365\\\/author\\\/admin\\\/#author\"},\"publisher\":{\"@id\":\"https:\\\/\\\/eldigitaldeasturias.com\\\/magazine365\\\/#organization\"},\"image\":{\"@type\":\"ImageObject\",\"url\":\"https:\\\/\\\/eldigitaldeasturias.com\\\/magazine365\\\/wp-content\\\/uploads\\\/2017\\\/12\\\/Kf\\u00e9s-Day-IP.jpg\",\"width\":1280,\"height\":720},\"datePublished\":\"2017-12-12T14:59:03+01:00\",\"dateModified\":\"2017-12-12T14:59:03+01:00\",\"inLanguage\":\"es-ES\",\"mainEntityOfPage\":{\"@id\":\"https:\\\/\\\/eldigitaldeasturias.com\\\/magazine365\\\/kfes-day-creer-en-el-cafe-especialidad-y-en-las-personas\\\/#webpage\"},\"isPartOf\":{\"@id\":\"https:\\\/\\\/eldigitaldeasturias.com\\\/magazine365\\\/kfes-day-creer-en-el-cafe-especialidad-y-en-las-personas\\\/#webpage\"},\"articleSection\":\"Sabores\"},{\"@type\":\"BreadcrumbList\",\"@id\":\"https:\\\/\\\/eldigitaldeasturias.com\\\/magazine365\\\/kfes-day-creer-en-el-cafe-especialidad-y-en-las-personas\\\/#breadcrumblist\",\"itemListElement\":[{\"@type\":\"ListItem\",\"@id\":\"https:\\\/\\\/eldigitaldeasturias.com\\\/magazine365#listItem\",\"position\":1,\"name\":\"Home\",\"item\":\"https:\\\/\\\/eldigitaldeasturias.com\\\/magazine365\",\"nextItem\":{\"@type\":\"ListItem\",\"@id\":\"https:\\\/\\\/eldigitaldeasturias.com\\\/magazine365\\\/category\\\/sabores\\\/#listItem\",\"name\":\"Sabores\"}},{\"@type\":\"ListItem\",\"@id\":\"https:\\\/\\\/eldigitaldeasturias.com\\\/magazine365\\\/category\\\/sabores\\\/#listItem\",\"position\":2,\"name\":\"Sabores\",\"item\":\"https:\\\/\\\/eldigitaldeasturias.com\\\/magazine365\\\/category\\\/sabores\\\/\",\"nextItem\":{\"@type\":\"ListItem\",\"@id\":\"https:\\\/\\\/eldigitaldeasturias.com\\\/magazine365\\\/kfes-day-creer-en-el-cafe-especialidad-y-en-las-personas\\\/#listItem\",\"name\":\"Kf\\u00e9s Day: creer en el caf\\u00e9 especialidad y en las personas\"},\"previousItem\":{\"@type\":\"ListItem\",\"@id\":\"https:\\\/\\\/eldigitaldeasturias.com\\\/magazine365#listItem\",\"name\":\"Home\"}},{\"@type\":\"ListItem\",\"@id\":\"https:\\\/\\\/eldigitaldeasturias.com\\\/magazine365\\\/kfes-day-creer-en-el-cafe-especialidad-y-en-las-personas\\\/#listItem\",\"position\":3,\"name\":\"Kf\\u00e9s Day: creer en el caf\\u00e9 especialidad y en las personas\",\"previousItem\":{\"@type\":\"ListItem\",\"@id\":\"https:\\\/\\\/eldigitaldeasturias.com\\\/magazine365\\\/category\\\/sabores\\\/#listItem\",\"name\":\"Sabores\"}}]},{\"@type\":\"Organization\",\"@id\":\"https:\\\/\\\/eldigitaldeasturias.com\\\/magazine365\\\/#organization\",\"name\":\"El digital de Asturias\",\"description\":\"Revista de ocio, turismo y estilo de vida\",\"url\":\"https:\\\/\\\/eldigitaldeasturias.com\\\/magazine365\\\/\",\"logo\":{\"@type\":\"ImageObject\",\"url\":\"https:\\\/\\\/www.eldigitaldeasturias.com\\\/noticias\\\/wp-content\\\/uploads\\\/2020\\\/12\\\/EDA.jpg\",\"@id\":\"https:\\\/\\\/eldigitaldeasturias.com\\\/magazine365\\\/kfes-day-creer-en-el-cafe-especialidad-y-en-las-personas\\\/#organizationLogo\"},\"image\":{\"@id\":\"https:\\\/\\\/eldigitaldeasturias.com\\\/magazine365\\\/kfes-day-creer-en-el-cafe-especialidad-y-en-las-personas\\\/#organizationLogo\"}},{\"@type\":\"Person\",\"@id\":\"https:\\\/\\\/eldigitaldeasturias.com\\\/magazine365\\\/author\\\/admin\\\/#author\",\"url\":\"https:\\\/\\\/eldigitaldeasturias.com\\\/magazine365\\\/author\\\/admin\\\/\",\"name\":\"admin\",\"image\":{\"@type\":\"ImageObject\",\"@id\":\"https:\\\/\\\/eldigitaldeasturias.com\\\/magazine365\\\/kfes-day-creer-en-el-cafe-especialidad-y-en-las-personas\\\/#authorImage\",\"url\":\"https:\\\/\\\/eldigitaldeasturias.com\\\/magazine365\\\/wp-content\\\/litespeed\\\/avatar\\\/e571bcf59a0edd6fa6838245a470f2fe.jpg?ver=1777574230\",\"width\":96,\"height\":96,\"caption\":\"admin\"}},{\"@type\":\"WebPage\",\"@id\":\"https:\\\/\\\/eldigitaldeasturias.com\\\/magazine365\\\/kfes-day-creer-en-el-cafe-especialidad-y-en-las-personas\\\/#webpage\",\"url\":\"https:\\\/\\\/eldigitaldeasturias.com\\\/magazine365\\\/kfes-day-creer-en-el-cafe-especialidad-y-en-las-personas\\\/\",\"name\":\"Kf\\u00e9s Day: creer en el caf\\u00e9 especialidad y en las personas | El Digital de Asturias\",\"description\":\"El caf\\u00e9 es un bien con el que pr\\u00e1cticamente toda la poblaci\\u00f3n est\\u00e1 familiarizada, es m\\u00e1s, seg\\u00fan un estudio elaborado por Caf\\u00e9s Novell, el 87% de la poblaci\\u00f3n espa\\u00f1ola comprendida entre los 18 y los 64 a\\u00f1os toma caf\\u00e9. De estos, el 70% lo hace a diario y preferentemente en el hogar. Pero otro dato\",\"inLanguage\":\"es-ES\",\"isPartOf\":{\"@id\":\"https:\\\/\\\/eldigitaldeasturias.com\\\/magazine365\\\/#website\"},\"breadcrumb\":{\"@id\":\"https:\\\/\\\/eldigitaldeasturias.com\\\/magazine365\\\/kfes-day-creer-en-el-cafe-especialidad-y-en-las-personas\\\/#breadcrumblist\"},\"author\":{\"@id\":\"https:\\\/\\\/eldigitaldeasturias.com\\\/magazine365\\\/author\\\/admin\\\/#author\"},\"creator\":{\"@id\":\"https:\\\/\\\/eldigitaldeasturias.com\\\/magazine365\\\/author\\\/admin\\\/#author\"},\"image\":{\"@type\":\"ImageObject\",\"url\":\"https:\\\/\\\/eldigitaldeasturias.com\\\/magazine365\\\/wp-content\\\/uploads\\\/2017\\\/12\\\/Kf\\u00e9s-Day-IP.jpg\",\"@id\":\"https:\\\/\\\/eldigitaldeasturias.com\\\/magazine365\\\/kfes-day-creer-en-el-cafe-especialidad-y-en-las-personas\\\/#mainImage\",\"width\":1280,\"height\":720},\"primaryImageOfPage\":{\"@id\":\"https:\\\/\\\/eldigitaldeasturias.com\\\/magazine365\\\/kfes-day-creer-en-el-cafe-especialidad-y-en-las-personas\\\/#mainImage\"},\"datePublished\":\"2017-12-12T14:59:03+01:00\",\"dateModified\":\"2017-12-12T14:59:03+01:00\"},{\"@type\":\"WebSite\",\"@id\":\"https:\\\/\\\/eldigitaldeasturias.com\\\/magazine365\\\/#website\",\"url\":\"https:\\\/\\\/eldigitaldeasturias.com\\\/magazine365\\\/\",\"name\":\"El Digital de Asturias\",\"description\":\"Revista de ocio, turismo y estilo de vida\",\"inLanguage\":\"es-ES\",\"publisher\":{\"@id\":\"https:\\\/\\\/eldigitaldeasturias.com\\\/magazine365\\\/#organization\"}}]}\n\t\t<\/script>\n\t\t<!-- All in One SEO Pro -->\r\n\t\t<title>Kf\u00e9s Day: creer en el caf\u00e9 especialidad y en las personas | El Digital de Asturias<\/title>\n\n","aioseo_head_json":{"title":"Kf\u00e9s Day: creer en el caf\u00e9 especialidad y en las personas | El Digital de Asturias","description":"El caf\u00e9 es un bien con el que pr\u00e1cticamente toda la poblaci\u00f3n est\u00e1 familiarizada, es m\u00e1s, seg\u00fan un estudio elaborado por Caf\u00e9s Novell, el 87% de la poblaci\u00f3n espa\u00f1ola comprendida entre los 18 y los 64 a\u00f1os toma caf\u00e9. De estos, el 70% lo hace a diario y preferentemente en el hogar. Pero otro dato","canonical_url":"https:\/\/eldigitaldeasturias.com\/magazine365\/kfes-day-creer-en-el-cafe-especialidad-y-en-las-personas\/","robots":"max-image-preview:large","keywords":"sabores","webmasterTools":{"google-site-verification":"UA-38556648-1","miscellaneous":""},"schema":{"@context":"https:\/\/schema.org","@graph":[{"@type":"Article","@id":"https:\/\/eldigitaldeasturias.com\/magazine365\/kfes-day-creer-en-el-cafe-especialidad-y-en-las-personas\/#article","name":"Kf\u00e9s Day: creer en el caf\u00e9 especialidad y en las personas | El Digital de Asturias","headline":"Kf\u00e9s Day: creer en el caf\u00e9 especialidad y en las personas","author":{"@id":"https:\/\/eldigitaldeasturias.com\/magazine365\/author\/admin\/#author"},"publisher":{"@id":"https:\/\/eldigitaldeasturias.com\/magazine365\/#organization"},"image":{"@type":"ImageObject","url":"https:\/\/eldigitaldeasturias.com\/magazine365\/wp-content\/uploads\/2017\/12\/Kf\u00e9s-Day-IP.jpg","width":1280,"height":720},"datePublished":"2017-12-12T14:59:03+01:00","dateModified":"2017-12-12T14:59:03+01:00","inLanguage":"es-ES","mainEntityOfPage":{"@id":"https:\/\/eldigitaldeasturias.com\/magazine365\/kfes-day-creer-en-el-cafe-especialidad-y-en-las-personas\/#webpage"},"isPartOf":{"@id":"https:\/\/eldigitaldeasturias.com\/magazine365\/kfes-day-creer-en-el-cafe-especialidad-y-en-las-personas\/#webpage"},"articleSection":"Sabores"},{"@type":"BreadcrumbList","@id":"https:\/\/eldigitaldeasturias.com\/magazine365\/kfes-day-creer-en-el-cafe-especialidad-y-en-las-personas\/#breadcrumblist","itemListElement":[{"@type":"ListItem","@id":"https:\/\/eldigitaldeasturias.com\/magazine365#listItem","position":1,"name":"Home","item":"https:\/\/eldigitaldeasturias.com\/magazine365","nextItem":{"@type":"ListItem","@id":"https:\/\/eldigitaldeasturias.com\/magazine365\/category\/sabores\/#listItem","name":"Sabores"}},{"@type":"ListItem","@id":"https:\/\/eldigitaldeasturias.com\/magazine365\/category\/sabores\/#listItem","position":2,"name":"Sabores","item":"https:\/\/eldigitaldeasturias.com\/magazine365\/category\/sabores\/","nextItem":{"@type":"ListItem","@id":"https:\/\/eldigitaldeasturias.com\/magazine365\/kfes-day-creer-en-el-cafe-especialidad-y-en-las-personas\/#listItem","name":"Kf\u00e9s Day: creer en el caf\u00e9 especialidad y en las personas"},"previousItem":{"@type":"ListItem","@id":"https:\/\/eldigitaldeasturias.com\/magazine365#listItem","name":"Home"}},{"@type":"ListItem","@id":"https:\/\/eldigitaldeasturias.com\/magazine365\/kfes-day-creer-en-el-cafe-especialidad-y-en-las-personas\/#listItem","position":3,"name":"Kf\u00e9s Day: creer en el caf\u00e9 especialidad y en las personas","previousItem":{"@type":"ListItem","@id":"https:\/\/eldigitaldeasturias.com\/magazine365\/category\/sabores\/#listItem","name":"Sabores"}}]},{"@type":"Organization","@id":"https:\/\/eldigitaldeasturias.com\/magazine365\/#organization","name":"El digital de Asturias","description":"Revista de ocio, turismo y estilo de vida","url":"https:\/\/eldigitaldeasturias.com\/magazine365\/","logo":{"@type":"ImageObject","url":"https:\/\/www.eldigitaldeasturias.com\/noticias\/wp-content\/uploads\/2020\/12\/EDA.jpg","@id":"https:\/\/eldigitaldeasturias.com\/magazine365\/kfes-day-creer-en-el-cafe-especialidad-y-en-las-personas\/#organizationLogo"},"image":{"@id":"https:\/\/eldigitaldeasturias.com\/magazine365\/kfes-day-creer-en-el-cafe-especialidad-y-en-las-personas\/#organizationLogo"}},{"@type":"Person","@id":"https:\/\/eldigitaldeasturias.com\/magazine365\/author\/admin\/#author","url":"https:\/\/eldigitaldeasturias.com\/magazine365\/author\/admin\/","name":"admin","image":{"@type":"ImageObject","@id":"https:\/\/eldigitaldeasturias.com\/magazine365\/kfes-day-creer-en-el-cafe-especialidad-y-en-las-personas\/#authorImage","url":"https:\/\/eldigitaldeasturias.com\/magazine365\/wp-content\/litespeed\/avatar\/e571bcf59a0edd6fa6838245a470f2fe.jpg?ver=1777574230","width":96,"height":96,"caption":"admin"}},{"@type":"WebPage","@id":"https:\/\/eldigitaldeasturias.com\/magazine365\/kfes-day-creer-en-el-cafe-especialidad-y-en-las-personas\/#webpage","url":"https:\/\/eldigitaldeasturias.com\/magazine365\/kfes-day-creer-en-el-cafe-especialidad-y-en-las-personas\/","name":"Kf\u00e9s Day: creer en el caf\u00e9 especialidad y en las personas | El Digital de Asturias","description":"El caf\u00e9 es un bien con el que pr\u00e1cticamente toda la poblaci\u00f3n est\u00e1 familiarizada, es m\u00e1s, seg\u00fan un estudio elaborado por Caf\u00e9s Novell, el 87% de la poblaci\u00f3n espa\u00f1ola comprendida entre los 18 y los 64 a\u00f1os toma caf\u00e9. De estos, el 70% lo hace a diario y preferentemente en el hogar. Pero otro dato","inLanguage":"es-ES","isPartOf":{"@id":"https:\/\/eldigitaldeasturias.com\/magazine365\/#website"},"breadcrumb":{"@id":"https:\/\/eldigitaldeasturias.com\/magazine365\/kfes-day-creer-en-el-cafe-especialidad-y-en-las-personas\/#breadcrumblist"},"author":{"@id":"https:\/\/eldigitaldeasturias.com\/magazine365\/author\/admin\/#author"},"creator":{"@id":"https:\/\/eldigitaldeasturias.com\/magazine365\/author\/admin\/#author"},"image":{"@type":"ImageObject","url":"https:\/\/eldigitaldeasturias.com\/magazine365\/wp-content\/uploads\/2017\/12\/Kf\u00e9s-Day-IP.jpg","@id":"https:\/\/eldigitaldeasturias.com\/magazine365\/kfes-day-creer-en-el-cafe-especialidad-y-en-las-personas\/#mainImage","width":1280,"height":720},"primaryImageOfPage":{"@id":"https:\/\/eldigitaldeasturias.com\/magazine365\/kfes-day-creer-en-el-cafe-especialidad-y-en-las-personas\/#mainImage"},"datePublished":"2017-12-12T14:59:03+01:00","dateModified":"2017-12-12T14:59:03+01:00"},{"@type":"WebSite","@id":"https:\/\/eldigitaldeasturias.com\/magazine365\/#website","url":"https:\/\/eldigitaldeasturias.com\/magazine365\/","name":"El Digital de Asturias","description":"Revista de ocio, turismo y estilo de vida","inLanguage":"es-ES","publisher":{"@id":"https:\/\/eldigitaldeasturias.com\/magazine365\/#organization"}}]},"og:locale":"es_ES","og:site_name":"El Digital de Asturias \u2013 Revista de ocio, turismo y estilo de vida","og:type":"article","og:title":"Kf\u00e9s Day: creer en el caf\u00e9 especialidad y en las personas | El Digital de Asturias","og:description":"El caf\u00e9 es un bien con el que pr\u00e1cticamente toda la poblaci\u00f3n est\u00e1 familiarizada, es m\u00e1s, seg\u00fan un estudio elaborado por Caf\u00e9s Novell, el 87% de la poblaci\u00f3n espa\u00f1ola comprendida entre los 18 y los 64 a\u00f1os toma caf\u00e9. De estos, el 70% lo hace a diario y preferentemente en el hogar. Pero otro dato","og:url":"https:\/\/eldigitaldeasturias.com\/magazine365\/kfes-day-creer-en-el-cafe-especialidad-y-en-las-personas\/","og:image":"https:\/\/eldigitaldeasturias.com\/magazine365\/wp-content\/uploads\/2017\/12\/Kf\u00e9s-Day-IP.jpg","og:image:secure_url":"https:\/\/eldigitaldeasturias.com\/magazine365\/wp-content\/uploads\/2017\/12\/Kf\u00e9s-Day-IP.jpg","og:image:width":1280,"og:image:height":720,"article:published_time":"2017-12-12T14:59:03+00:00","article:modified_time":"2017-12-12T14:59:03+00:00","twitter:card":"summary_large_image","twitter:title":"Kf\u00e9s Day: creer en el caf\u00e9 especialidad y en las personas | El Digital de Asturias","twitter:description":"El caf\u00e9 es un bien con el que pr\u00e1cticamente toda la poblaci\u00f3n est\u00e1 familiarizada, es m\u00e1s, seg\u00fan un estudio elaborado por Caf\u00e9s Novell, el 87% de la poblaci\u00f3n espa\u00f1ola comprendida entre los 18 y los 64 a\u00f1os toma caf\u00e9. De estos, el 70% lo hace a diario y preferentemente en el hogar. Pero otro dato","twitter:image":"https:\/\/eldigitaldeasturias.com\/magazine365\/wp-content\/uploads\/2017\/12\/Kf\u00e9s-Day-IP.jpg"},"aioseo_meta_data":{"post_id":"90115","title":null,"description":null,"keywords":null,"keyphrases":null,"primary_term":null,"canonical_url":null,"og_title":null,"og_description":null,"og_object_type":"default","og_image_type":"default","og_image_url":null,"og_image_width":null,"og_image_height":null,"og_image_custom_url":null,"og_image_custom_fields":null,"og_video":null,"og_custom_url":null,"og_article_section":null,"og_article_tags":null,"twitter_use_og":false,"twitter_card":"default","twitter_image_type":"default","twitter_image_url":null,"twitter_image_custom_url":null,"twitter_image_custom_fields":null,"twitter_title":null,"twitter_description":null,"schema":{"blockGraphs":[],"customGraphs":[],"default":{"data":{"Article":[],"Course":[],"Dataset":[],"FAQPage":[],"Movie":[],"Person":[],"Product":[],"ProductReview":[],"Car":[],"Recipe":[],"Service":[],"SoftwareApplication":[],"WebPage":[]},"graphName":"","isEnabled":true},"graphs":[],"defaultGraph":"","defaultPostTypeGraph":""},"schema_type":null,"schema_type_options":null,"pillar_content":false,"robots_default":true,"robots_noindex":false,"robots_noarchive":false,"robots_nosnippet":false,"robots_nofollow":false,"robots_noimageindex":false,"robots_noodp":false,"robots_notranslate":false,"robots_max_snippet":null,"robots_max_videopreview":null,"robots_max_imagepreview":"large","priority":null,"frequency":null,"location":null,"local_seo":null,"seo_analyzer_scan_date":"2025-09-28 16:03:18","breadcrumb_settings":null,"limit_modified_date":false,"open_ai":null,"ai":null,"created":"2020-12-21 14:13:47","updated":"2025-09-28 16:03:18"},"aioseo_breadcrumb":"<div class=\"aioseo-breadcrumbs\"><span class=\"aioseo-breadcrumb\">\n\t<a href=\"https:\/\/eldigitaldeasturias.com\/magazine365\" title=\"Home\">Home<\/a>\n<\/span><span class=\"aioseo-breadcrumb-separator\">\u2013<\/span><span class=\"aioseo-breadcrumb\">\n\t<a href=\"https:\/\/eldigitaldeasturias.com\/magazine365\/category\/sabores\/\" title=\"Sabores\">Sabores<\/a>\n<\/span><span class=\"aioseo-breadcrumb-separator\">\u2013<\/span><span class=\"aioseo-breadcrumb\">\n\t<a href=\"https:\/\/eldigitaldeasturias.com\/magazine365\/kfes-day-creer-en-el-cafe-especialidad-y-en-las-personas\/\" title=\"Kf\u00e9s Day: creer en el caf\u00e9 especialidad y en las personas\">Kf\u00e9s Day: creer en el caf\u00e9 especialidad y en las personas<\/a>\n<\/span><\/div>","aioseo_breadcrumb_json":[{"label":"Home","link":"https:\/\/eldigitaldeasturias.com\/magazine365"},{"label":"Sabores","link":"https:\/\/eldigitaldeasturias.com\/magazine365\/category\/sabores\/"},{"label":"Kf\u00e9s Day: creer en el caf\u00e9 especialidad y en las personas","link":"https:\/\/eldigitaldeasturias.com\/magazine365\/kfes-day-creer-en-el-cafe-especialidad-y-en-las-personas\/"}],"_links":{"self":[{"href":"https:\/\/eldigitaldeasturias.com\/magazine365\/wp-json\/wp\/v2\/posts\/90115","targetHints":{"allow":["GET"]}}],"collection":[{"href":"https:\/\/eldigitaldeasturias.com\/magazine365\/wp-json\/wp\/v2\/posts"}],"about":[{"href":"https:\/\/eldigitaldeasturias.com\/magazine365\/wp-json\/wp\/v2\/types\/post"}],"author":[{"embeddable":true,"href":"https:\/\/eldigitaldeasturias.com\/magazine365\/wp-json\/wp\/v2\/users\/1"}],"replies":[{"embeddable":true,"href":"https:\/\/eldigitaldeasturias.com\/magazine365\/wp-json\/wp\/v2\/comments?post=90115"}],"version-history":[{"count":0,"href":"https:\/\/eldigitaldeasturias.com\/magazine365\/wp-json\/wp\/v2\/posts\/90115\/revisions"}],"wp:featuredmedia":[{"embeddable":true,"href":"https:\/\/eldigitaldeasturias.com\/magazine365\/wp-json\/wp\/v2\/media\/90116"}],"wp:attachment":[{"href":"https:\/\/eldigitaldeasturias.com\/magazine365\/wp-json\/wp\/v2\/media?parent=90115"}],"wp:term":[{"taxonomy":"category","embeddable":true,"href":"https:\/\/eldigitaldeasturias.com\/magazine365\/wp-json\/wp\/v2\/categories?post=90115"},{"taxonomy":"post_tag","embeddable":true,"href":"https:\/\/eldigitaldeasturias.com\/magazine365\/wp-json\/wp\/v2\/tags?post=90115"}],"curies":[{"name":"wp","href":"https:\/\/api.w.org\/{rel}","templated":true}]}}