{"id":89618,"date":"2017-11-15T21:26:12","date_gmt":"2017-11-15T19:56:12","guid":{"rendered":"http:\/\/eldigitaldeasturias.com\/magazine365\/?p=89618"},"modified":"2017-11-15T21:26:12","modified_gmt":"2017-11-15T19:56:12","slug":"vuelven-los-premios-aragon-alimentos","status":"publish","type":"post","link":"https:\/\/eldigitaldeasturias.com\/magazine365\/vuelven-los-premios-aragon-alimentos\/","title":{"rendered":"Vuelven los Premios Arag\u00f3n Alimentos"},"content":{"rendered":"<p><img fetchpriority=\"high\" decoding=\"async\" class=\"alignleft size-medium wp-image-89619\" src=\"https:\/\/eldigitaldeasturias.com\/magazine365\/wp-content\/uploads\/2017\/11\/aceite_virgen_extra-360x159.jpg\" alt=\"\" width=\"360\" height=\"159\" srcset=\"https:\/\/eldigitaldeasturias.com\/magazine365\/wp-content\/uploads\/2017\/11\/aceite_virgen_extra-360x159.jpg 360w, https:\/\/eldigitaldeasturias.com\/magazine365\/wp-content\/uploads\/2017\/11\/aceite_virgen_extra-650x288.jpg 650w, https:\/\/eldigitaldeasturias.com\/magazine365\/wp-content\/uploads\/2017\/11\/aceite_virgen_extra-150x66.jpg 150w, https:\/\/eldigitaldeasturias.com\/magazine365\/wp-content\/uploads\/2017\/11\/aceite_virgen_extra-450x199.jpg 450w, https:\/\/eldigitaldeasturias.com\/magazine365\/wp-content\/uploads\/2017\/11\/aceite_virgen_extra-250x110.jpg 250w, https:\/\/eldigitaldeasturias.com\/magazine365\/wp-content\/uploads\/2017\/11\/aceite_virgen_extra.jpg 700w\" sizes=\"(max-width: 360px) 100vw, 360px\" \/>El Gobierno de Arag\u00f3n ha recuperado en 2017 los Premios Arag\u00f3n Alimentos, creados en 2005 por el Departamento de Agricultura y convocados de forma bienal hasta 2011. El objetivo de los mismos es reconocer las labores sobresalientes llevadas a cabo por los diferentes agentes del sector agroalimentario e incentivar la excelencia, la colaboraci\u00f3n y la defensa de los valores comunes de la agricultura y la alimentaci\u00f3n aragonesas.<\/p>\n<p>En esta ocasi\u00f3n, siete son las categor\u00edas en las que se han seleccionado los premiados: Agraria, Artesan\u00eda Agroalimentaria, Industria Agroalimentaria, Gastronom\u00eda, Divulgaci\u00f3n Agroalimentaria, Investigaci\u00f3n Agroalimentaria y el Premio Especial Arag\u00f3n Alimentos.<\/p>\n<p>Este \u00faltimo ha sido concedido a la oscense Pasteler\u00eda Ascaso, que con 127 a\u00f1os de historia sigue su trayectoria ascendente de la mano de Vicente Ascaso, en torno a cuya figura trabaja al un\u00edsono toda la familia y un selecto equipo de gran profesionalidad. La firma ha abierto establecimientos en Zaragoza (1990) y Madrid (2015) y ha inaugurado en 2017 un nuevo obrador en Huesca. La apuesta por la calidad, la innovaci\u00f3n, la log\u00edstica y el m\u00e1rquetin son indiscutibles se\u00f1as de identidad de la empresa. El Pastel Ruso, certificado con la marca C\u2019alial, es, probablemente, su producto m\u00e1s conocido.<\/p>\n<p>En la categor\u00eda Agraria, la entidad galardonada ser\u00e1 Cooperativas Agroalimentarias de Arag\u00f3n, heredera de la anterior Federaci\u00f3n Aragonesa de Cooperativas Agrarias (FACA), que en 2017 ha celebrado su trig\u00e9simo aniversario. El jurado ha reconocido en este caso el trabajo conjunto de unas entidades fundamentales para el sostenimiento del entramado socioecon\u00f3mico del medio rural y gracias a las cuales muchos sectores productivos han entrado en la senda de la modernidad y han mejorado notablemente su competitividad.<\/p>\n<p>En Artesan\u00eda Agroalimentaria el Premio Arag\u00f3n Alimentos es el \u00faltimo de los numerosos reconocimientos que ha recibido la empresa Queso Artesano de Teruel desde su creaci\u00f3n. Comercializados bajo la marca Sierra de Albarrac\u00edn, los quesos puros de oveja de esta compa\u00f1\u00eda turolense del grupo Piensos Sol han mantenido un alto nivel de calidad, aumentando su gama al tiempo que su penetraci\u00f3n en el mercado y prestigio.<\/p>\n<p>En el \u00e1mbito de la industria alimentaria el reconocimiento ha sido para el Grupo Jorge, uno de los mayores grupos c\u00e1rnicos de Espa\u00f1a y con presencia en el sector porcino desde hace 80 a\u00f1os. Se trata de uno de los principales impulsores de este sector en la comunidad aragonesa, donde la actividad porcicultora constituye uno de los puntales de la econom\u00eda agroalimentaria.<\/p>\n<p>Carmelo Bosque (premio en la modalidad de Gastronom\u00eda) representa la unidad de tres amigos: \u00e9l mismo como jefe de cocina, Fernando Barbanoj como jefe de sala, y Manuel Nogueira como ma\u00eetre. Los tres convivieron en el famoso restaurante Navas, donde mantuvieron las llamas de los fogones hasta su cierre. Despu\u00e9s se unieron en un proyecto com\u00fan y abrieron el restaurante Flor de Huesca (1993), tras el que lleg\u00f3 la Taberna de Lillas Pastia (1995), donde mantienen una estrella Michelin y, con el paso del tiempo, La Granada (2001) y el Quema (2015), ambos en Zaragoza. Tres pioneros, que se han hecho a s\u00ed mismos y han logrado el favor de un p\u00fablico que a diario reconoce su trabajo. Destaca tambi\u00e9n su contribuci\u00f3n a la notoriedad a Huesca y Zaragoza en el mundo gastrotur\u00edstico.<\/p>\n<p>Tempero, premio Divulgaci\u00f3n Agroalimentaria, es uno de los programas m\u00e1s longevos del canal auton\u00f3mico de televisi\u00f3n, pues empez\u00f3 pr\u00e1cticamente a la vez que este, en 2006. Es, tambi\u00e9n, uno de los que mayor audiencia aportan a la misma, lo que no solo es indicativo de la calidad del mismo, sino del inter\u00e9s que la agricultura y el medio rural pueden despertar en el p\u00fablico.<\/p>\n<p>Por \u00faltimo, el Grupo Gu\u00eda de la Universidad de Zaragoza, liderado por la catedr\u00e1tica de Qu\u00edmica Anal\u00edtica Cristina Ner\u00edn, ha sido seleccionado para el premio en el \u00e1mbito de la investigaci\u00f3n. El grupo est\u00e1 integrado por una veintena de investigadores que han destacado por sus avances en el conocimiento de los materiales utilizados en los envases y en la durabilidad y seguridad de los alimentos contenidos en los mismos, entre otros aspectos.<\/p>\n<p>Los correspondientes galardones ser\u00e1n entregados en una gala que la Direcci\u00f3n General de Alimentaci\u00f3n y Fomento Agroalimentario del Gobierno de Arag\u00f3n est\u00e1 organizando para el pr\u00f3ximo d\u00eda 22 de noviembre y en la que se dar\u00e1 cita el sector agroalimentario de la comunidad.<\/p>\n<p>El premio es una pieza escult\u00f3rica de Pablo Serrano, un pan abierto con el que el Departamento de Desarrollo Rural y Sostenibilidad quiere simbolizar el alimento como fruto del trabajo de agricultores y ganaderos y como elemento de uni\u00f3n, concordia, generosidad y colaboraci\u00f3n.<\/p>\n","protected":false},"excerpt":{"rendered":"<p>El Gobierno de Arag\u00f3n ha recuperado en 2017 los Premios Arag\u00f3n Alimentos, creados en 2005 por el Departamento de Agricultura y convocados de forma bienal hasta 2011. El objetivo de los mismos es reconocer las labores sobresalientes llevadas a cabo por los diferentes agentes del sector agroalimentario e incentivar la excelencia, la colaboraci\u00f3n y la<\/p>\n","protected":false},"author":1,"featured_media":89619,"comment_status":"closed","ping_status":"closed","sticky":false,"template":"","format":"standard","meta":{"footnotes":""},"categories":[217],"tags":[],"class_list":{"0":"post-89618","1":"post","2":"type-post","3":"status-publish","4":"format-standard","5":"has-post-thumbnail","7":"category-sabores"},"aioseo_notices":[],"aioseo_head":"\n\t\t<!-- All in One SEO Pro 4.9.6.1 - aioseo.com -->\n\t<meta name=\"description\" content=\"El Gobierno de Arag\u00f3n ha recuperado en 2017 los Premios Arag\u00f3n Alimentos, creados en 2005 por el Departamento de Agricultura y convocados de forma bienal hasta 2011. El objetivo de los mismos es reconocer las labores sobresalientes llevadas a cabo por los diferentes agentes del sector agroalimentario e incentivar la excelencia, la colaboraci\u00f3n y la\" \/>\n\t<meta name=\"robots\" content=\"max-image-preview:large\" \/>\n\t<meta name=\"author\" content=\"admin\"\/>\n\t<meta name=\"google-site-verification\" content=\"UA-38556648-1\" \/>\n\t<meta name=\"keywords\" content=\"sabores\" \/>\n\t<link rel=\"canonical\" href=\"https:\/\/eldigitaldeasturias.com\/magazine365\/vuelven-los-premios-aragon-alimentos\/\" \/>\n\t<meta name=\"generator\" content=\"All in One SEO Pro (AIOSEO) 4.9.6.1\" \/>\n\t\t<meta property=\"og:locale\" content=\"es_ES\" \/>\n\t\t<meta property=\"og:site_name\" content=\"El Digital de Asturias \u2013 Revista de ocio, turismo y estilo de vida\" \/>\n\t\t<meta property=\"og:type\" content=\"article\" \/>\n\t\t<meta property=\"og:title\" content=\"Vuelven los Premios Arag\u00f3n Alimentos | El Digital de Asturias\" \/>\n\t\t<meta property=\"og:description\" content=\"El Gobierno de Arag\u00f3n ha recuperado en 2017 los Premios Arag\u00f3n Alimentos, creados en 2005 por el Departamento de Agricultura y convocados de forma bienal hasta 2011. El objetivo de los mismos es reconocer las labores sobresalientes llevadas a cabo por los diferentes agentes del sector agroalimentario e incentivar la excelencia, la colaboraci\u00f3n y la\" \/>\n\t\t<meta property=\"og:url\" content=\"https:\/\/eldigitaldeasturias.com\/magazine365\/vuelven-los-premios-aragon-alimentos\/\" \/>\n\t\t<meta property=\"og:image\" content=\"https:\/\/eldigitaldeasturias.com\/magazine365\/wp-content\/uploads\/2017\/11\/aceite_virgen_extra.jpg\" \/>\n\t\t<meta property=\"og:image:secure_url\" content=\"https:\/\/eldigitaldeasturias.com\/magazine365\/wp-content\/uploads\/2017\/11\/aceite_virgen_extra.jpg\" \/>\n\t\t<meta property=\"og:image:width\" content=\"700\" \/>\n\t\t<meta property=\"og:image:height\" content=\"310\" \/>\n\t\t<meta property=\"article:published_time\" content=\"2017-11-15T19:56:12+00:00\" \/>\n\t\t<meta property=\"article:modified_time\" content=\"2017-11-15T19:56:12+00:00\" \/>\n\t\t<meta name=\"twitter:card\" content=\"summary_large_image\" \/>\n\t\t<meta name=\"twitter:title\" content=\"Vuelven los Premios Arag\u00f3n Alimentos | El Digital de Asturias\" \/>\n\t\t<meta name=\"twitter:description\" content=\"El Gobierno de Arag\u00f3n ha recuperado en 2017 los Premios Arag\u00f3n Alimentos, creados en 2005 por el Departamento de Agricultura y convocados de forma bienal hasta 2011. El objetivo de los mismos es reconocer las labores sobresalientes llevadas a cabo por los diferentes agentes del sector agroalimentario e incentivar la excelencia, la colaboraci\u00f3n y la\" \/>\n\t\t<meta name=\"twitter:image\" content=\"https:\/\/eldigitaldeasturias.com\/magazine365\/wp-content\/uploads\/2017\/11\/aceite_virgen_extra.jpg\" \/>\n\t\t<script type=\"application\/ld+json\" class=\"aioseo-schema\">\n\t\t\t{\"@context\":\"https:\\\/\\\/schema.org\",\"@graph\":[{\"@type\":\"Article\",\"@id\":\"https:\\\/\\\/eldigitaldeasturias.com\\\/magazine365\\\/vuelven-los-premios-aragon-alimentos\\\/#article\",\"name\":\"Vuelven los Premios Arag\\u00f3n Alimentos | El Digital de Asturias\",\"headline\":\"Vuelven los Premios Arag\\u00f3n Alimentos\",\"author\":{\"@id\":\"https:\\\/\\\/eldigitaldeasturias.com\\\/magazine365\\\/author\\\/admin\\\/#author\"},\"publisher\":{\"@id\":\"https:\\\/\\\/eldigitaldeasturias.com\\\/magazine365\\\/#organization\"},\"image\":{\"@type\":\"ImageObject\",\"url\":\"https:\\\/\\\/eldigitaldeasturias.com\\\/magazine365\\\/wp-content\\\/uploads\\\/2017\\\/11\\\/aceite_virgen_extra.jpg\",\"width\":700,\"height\":310},\"datePublished\":\"2017-11-15T21:26:12+01:00\",\"dateModified\":\"2017-11-15T21:26:12+01:00\",\"inLanguage\":\"es-ES\",\"mainEntityOfPage\":{\"@id\":\"https:\\\/\\\/eldigitaldeasturias.com\\\/magazine365\\\/vuelven-los-premios-aragon-alimentos\\\/#webpage\"},\"isPartOf\":{\"@id\":\"https:\\\/\\\/eldigitaldeasturias.com\\\/magazine365\\\/vuelven-los-premios-aragon-alimentos\\\/#webpage\"},\"articleSection\":\"Sabores\"},{\"@type\":\"BreadcrumbList\",\"@id\":\"https:\\\/\\\/eldigitaldeasturias.com\\\/magazine365\\\/vuelven-los-premios-aragon-alimentos\\\/#breadcrumblist\",\"itemListElement\":[{\"@type\":\"ListItem\",\"@id\":\"https:\\\/\\\/eldigitaldeasturias.com\\\/magazine365#listItem\",\"position\":1,\"name\":\"Home\",\"item\":\"https:\\\/\\\/eldigitaldeasturias.com\\\/magazine365\",\"nextItem\":{\"@type\":\"ListItem\",\"@id\":\"https:\\\/\\\/eldigitaldeasturias.com\\\/magazine365\\\/category\\\/sabores\\\/#listItem\",\"name\":\"Sabores\"}},{\"@type\":\"ListItem\",\"@id\":\"https:\\\/\\\/eldigitaldeasturias.com\\\/magazine365\\\/category\\\/sabores\\\/#listItem\",\"position\":2,\"name\":\"Sabores\",\"item\":\"https:\\\/\\\/eldigitaldeasturias.com\\\/magazine365\\\/category\\\/sabores\\\/\",\"nextItem\":{\"@type\":\"ListItem\",\"@id\":\"https:\\\/\\\/eldigitaldeasturias.com\\\/magazine365\\\/vuelven-los-premios-aragon-alimentos\\\/#listItem\",\"name\":\"Vuelven los Premios Arag\\u00f3n Alimentos\"},\"previousItem\":{\"@type\":\"ListItem\",\"@id\":\"https:\\\/\\\/eldigitaldeasturias.com\\\/magazine365#listItem\",\"name\":\"Home\"}},{\"@type\":\"ListItem\",\"@id\":\"https:\\\/\\\/eldigitaldeasturias.com\\\/magazine365\\\/vuelven-los-premios-aragon-alimentos\\\/#listItem\",\"position\":3,\"name\":\"Vuelven los Premios Arag\\u00f3n Alimentos\",\"previousItem\":{\"@type\":\"ListItem\",\"@id\":\"https:\\\/\\\/eldigitaldeasturias.com\\\/magazine365\\\/category\\\/sabores\\\/#listItem\",\"name\":\"Sabores\"}}]},{\"@type\":\"Organization\",\"@id\":\"https:\\\/\\\/eldigitaldeasturias.com\\\/magazine365\\\/#organization\",\"name\":\"El digital de Asturias\",\"description\":\"Revista de ocio, turismo y estilo de vida\",\"url\":\"https:\\\/\\\/eldigitaldeasturias.com\\\/magazine365\\\/\",\"logo\":{\"@type\":\"ImageObject\",\"url\":\"https:\\\/\\\/www.eldigitaldeasturias.com\\\/noticias\\\/wp-content\\\/uploads\\\/2020\\\/12\\\/EDA.jpg\",\"@id\":\"https:\\\/\\\/eldigitaldeasturias.com\\\/magazine365\\\/vuelven-los-premios-aragon-alimentos\\\/#organizationLogo\"},\"image\":{\"@id\":\"https:\\\/\\\/eldigitaldeasturias.com\\\/magazine365\\\/vuelven-los-premios-aragon-alimentos\\\/#organizationLogo\"}},{\"@type\":\"Person\",\"@id\":\"https:\\\/\\\/eldigitaldeasturias.com\\\/magazine365\\\/author\\\/admin\\\/#author\",\"url\":\"https:\\\/\\\/eldigitaldeasturias.com\\\/magazine365\\\/author\\\/admin\\\/\",\"name\":\"admin\",\"image\":{\"@type\":\"ImageObject\",\"@id\":\"https:\\\/\\\/eldigitaldeasturias.com\\\/magazine365\\\/vuelven-los-premios-aragon-alimentos\\\/#authorImage\",\"url\":\"https:\\\/\\\/eldigitaldeasturias.com\\\/magazine365\\\/wp-content\\\/litespeed\\\/avatar\\\/e571bcf59a0edd6fa6838245a470f2fe.jpg?ver=1777574230\",\"width\":96,\"height\":96,\"caption\":\"admin\"}},{\"@type\":\"WebPage\",\"@id\":\"https:\\\/\\\/eldigitaldeasturias.com\\\/magazine365\\\/vuelven-los-premios-aragon-alimentos\\\/#webpage\",\"url\":\"https:\\\/\\\/eldigitaldeasturias.com\\\/magazine365\\\/vuelven-los-premios-aragon-alimentos\\\/\",\"name\":\"Vuelven los Premios Arag\\u00f3n Alimentos | El Digital de Asturias\",\"description\":\"El Gobierno de Arag\\u00f3n ha recuperado en 2017 los Premios Arag\\u00f3n Alimentos, creados en 2005 por el Departamento de Agricultura y convocados de forma bienal hasta 2011. El objetivo de los mismos es reconocer las labores sobresalientes llevadas a cabo por los diferentes agentes del sector agroalimentario e incentivar la excelencia, la colaboraci\\u00f3n y la\",\"inLanguage\":\"es-ES\",\"isPartOf\":{\"@id\":\"https:\\\/\\\/eldigitaldeasturias.com\\\/magazine365\\\/#website\"},\"breadcrumb\":{\"@id\":\"https:\\\/\\\/eldigitaldeasturias.com\\\/magazine365\\\/vuelven-los-premios-aragon-alimentos\\\/#breadcrumblist\"},\"author\":{\"@id\":\"https:\\\/\\\/eldigitaldeasturias.com\\\/magazine365\\\/author\\\/admin\\\/#author\"},\"creator\":{\"@id\":\"https:\\\/\\\/eldigitaldeasturias.com\\\/magazine365\\\/author\\\/admin\\\/#author\"},\"image\":{\"@type\":\"ImageObject\",\"url\":\"https:\\\/\\\/eldigitaldeasturias.com\\\/magazine365\\\/wp-content\\\/uploads\\\/2017\\\/11\\\/aceite_virgen_extra.jpg\",\"@id\":\"https:\\\/\\\/eldigitaldeasturias.com\\\/magazine365\\\/vuelven-los-premios-aragon-alimentos\\\/#mainImage\",\"width\":700,\"height\":310},\"primaryImageOfPage\":{\"@id\":\"https:\\\/\\\/eldigitaldeasturias.com\\\/magazine365\\\/vuelven-los-premios-aragon-alimentos\\\/#mainImage\"},\"datePublished\":\"2017-11-15T21:26:12+01:00\",\"dateModified\":\"2017-11-15T21:26:12+01:00\"},{\"@type\":\"WebSite\",\"@id\":\"https:\\\/\\\/eldigitaldeasturias.com\\\/magazine365\\\/#website\",\"url\":\"https:\\\/\\\/eldigitaldeasturias.com\\\/magazine365\\\/\",\"name\":\"El Digital de Asturias\",\"description\":\"Revista de ocio, turismo y estilo de vida\",\"inLanguage\":\"es-ES\",\"publisher\":{\"@id\":\"https:\\\/\\\/eldigitaldeasturias.com\\\/magazine365\\\/#organization\"}}]}\n\t\t<\/script>\n\t\t<!-- All in One SEO Pro -->\r\n\t\t<title>Vuelven los Premios Arag\u00f3n Alimentos | El Digital de Asturias<\/title>\n\n","aioseo_head_json":{"title":"Vuelven los Premios Arag\u00f3n Alimentos | El Digital de Asturias","description":"El Gobierno de Arag\u00f3n ha recuperado en 2017 los Premios Arag\u00f3n Alimentos, creados en 2005 por el Departamento de Agricultura y convocados de forma bienal hasta 2011. El objetivo de los mismos es reconocer las labores sobresalientes llevadas a cabo por los diferentes agentes del sector agroalimentario e incentivar la excelencia, la colaboraci\u00f3n y la","canonical_url":"https:\/\/eldigitaldeasturias.com\/magazine365\/vuelven-los-premios-aragon-alimentos\/","robots":"max-image-preview:large","keywords":"sabores","webmasterTools":{"google-site-verification":"UA-38556648-1","miscellaneous":""},"schema":{"@context":"https:\/\/schema.org","@graph":[{"@type":"Article","@id":"https:\/\/eldigitaldeasturias.com\/magazine365\/vuelven-los-premios-aragon-alimentos\/#article","name":"Vuelven los Premios Arag\u00f3n Alimentos | El Digital de Asturias","headline":"Vuelven los Premios Arag\u00f3n Alimentos","author":{"@id":"https:\/\/eldigitaldeasturias.com\/magazine365\/author\/admin\/#author"},"publisher":{"@id":"https:\/\/eldigitaldeasturias.com\/magazine365\/#organization"},"image":{"@type":"ImageObject","url":"https:\/\/eldigitaldeasturias.com\/magazine365\/wp-content\/uploads\/2017\/11\/aceite_virgen_extra.jpg","width":700,"height":310},"datePublished":"2017-11-15T21:26:12+01:00","dateModified":"2017-11-15T21:26:12+01:00","inLanguage":"es-ES","mainEntityOfPage":{"@id":"https:\/\/eldigitaldeasturias.com\/magazine365\/vuelven-los-premios-aragon-alimentos\/#webpage"},"isPartOf":{"@id":"https:\/\/eldigitaldeasturias.com\/magazine365\/vuelven-los-premios-aragon-alimentos\/#webpage"},"articleSection":"Sabores"},{"@type":"BreadcrumbList","@id":"https:\/\/eldigitaldeasturias.com\/magazine365\/vuelven-los-premios-aragon-alimentos\/#breadcrumblist","itemListElement":[{"@type":"ListItem","@id":"https:\/\/eldigitaldeasturias.com\/magazine365#listItem","position":1,"name":"Home","item":"https:\/\/eldigitaldeasturias.com\/magazine365","nextItem":{"@type":"ListItem","@id":"https:\/\/eldigitaldeasturias.com\/magazine365\/category\/sabores\/#listItem","name":"Sabores"}},{"@type":"ListItem","@id":"https:\/\/eldigitaldeasturias.com\/magazine365\/category\/sabores\/#listItem","position":2,"name":"Sabores","item":"https:\/\/eldigitaldeasturias.com\/magazine365\/category\/sabores\/","nextItem":{"@type":"ListItem","@id":"https:\/\/eldigitaldeasturias.com\/magazine365\/vuelven-los-premios-aragon-alimentos\/#listItem","name":"Vuelven los Premios Arag\u00f3n Alimentos"},"previousItem":{"@type":"ListItem","@id":"https:\/\/eldigitaldeasturias.com\/magazine365#listItem","name":"Home"}},{"@type":"ListItem","@id":"https:\/\/eldigitaldeasturias.com\/magazine365\/vuelven-los-premios-aragon-alimentos\/#listItem","position":3,"name":"Vuelven los Premios Arag\u00f3n Alimentos","previousItem":{"@type":"ListItem","@id":"https:\/\/eldigitaldeasturias.com\/magazine365\/category\/sabores\/#listItem","name":"Sabores"}}]},{"@type":"Organization","@id":"https:\/\/eldigitaldeasturias.com\/magazine365\/#organization","name":"El digital de Asturias","description":"Revista de ocio, turismo y estilo de vida","url":"https:\/\/eldigitaldeasturias.com\/magazine365\/","logo":{"@type":"ImageObject","url":"https:\/\/www.eldigitaldeasturias.com\/noticias\/wp-content\/uploads\/2020\/12\/EDA.jpg","@id":"https:\/\/eldigitaldeasturias.com\/magazine365\/vuelven-los-premios-aragon-alimentos\/#organizationLogo"},"image":{"@id":"https:\/\/eldigitaldeasturias.com\/magazine365\/vuelven-los-premios-aragon-alimentos\/#organizationLogo"}},{"@type":"Person","@id":"https:\/\/eldigitaldeasturias.com\/magazine365\/author\/admin\/#author","url":"https:\/\/eldigitaldeasturias.com\/magazine365\/author\/admin\/","name":"admin","image":{"@type":"ImageObject","@id":"https:\/\/eldigitaldeasturias.com\/magazine365\/vuelven-los-premios-aragon-alimentos\/#authorImage","url":"https:\/\/eldigitaldeasturias.com\/magazine365\/wp-content\/litespeed\/avatar\/e571bcf59a0edd6fa6838245a470f2fe.jpg?ver=1777574230","width":96,"height":96,"caption":"admin"}},{"@type":"WebPage","@id":"https:\/\/eldigitaldeasturias.com\/magazine365\/vuelven-los-premios-aragon-alimentos\/#webpage","url":"https:\/\/eldigitaldeasturias.com\/magazine365\/vuelven-los-premios-aragon-alimentos\/","name":"Vuelven los Premios Arag\u00f3n Alimentos | El Digital de Asturias","description":"El Gobierno de Arag\u00f3n ha recuperado en 2017 los Premios Arag\u00f3n Alimentos, creados en 2005 por el Departamento de Agricultura y convocados de forma bienal hasta 2011. El objetivo de los mismos es reconocer las labores sobresalientes llevadas a cabo por los diferentes agentes del sector agroalimentario e incentivar la excelencia, la colaboraci\u00f3n y la","inLanguage":"es-ES","isPartOf":{"@id":"https:\/\/eldigitaldeasturias.com\/magazine365\/#website"},"breadcrumb":{"@id":"https:\/\/eldigitaldeasturias.com\/magazine365\/vuelven-los-premios-aragon-alimentos\/#breadcrumblist"},"author":{"@id":"https:\/\/eldigitaldeasturias.com\/magazine365\/author\/admin\/#author"},"creator":{"@id":"https:\/\/eldigitaldeasturias.com\/magazine365\/author\/admin\/#author"},"image":{"@type":"ImageObject","url":"https:\/\/eldigitaldeasturias.com\/magazine365\/wp-content\/uploads\/2017\/11\/aceite_virgen_extra.jpg","@id":"https:\/\/eldigitaldeasturias.com\/magazine365\/vuelven-los-premios-aragon-alimentos\/#mainImage","width":700,"height":310},"primaryImageOfPage":{"@id":"https:\/\/eldigitaldeasturias.com\/magazine365\/vuelven-los-premios-aragon-alimentos\/#mainImage"},"datePublished":"2017-11-15T21:26:12+01:00","dateModified":"2017-11-15T21:26:12+01:00"},{"@type":"WebSite","@id":"https:\/\/eldigitaldeasturias.com\/magazine365\/#website","url":"https:\/\/eldigitaldeasturias.com\/magazine365\/","name":"El Digital de Asturias","description":"Revista de ocio, turismo y estilo de vida","inLanguage":"es-ES","publisher":{"@id":"https:\/\/eldigitaldeasturias.com\/magazine365\/#organization"}}]},"og:locale":"es_ES","og:site_name":"El Digital de Asturias \u2013 Revista de ocio, turismo y estilo de vida","og:type":"article","og:title":"Vuelven los Premios Arag\u00f3n Alimentos | El Digital de Asturias","og:description":"El Gobierno de Arag\u00f3n ha recuperado en 2017 los Premios Arag\u00f3n Alimentos, creados en 2005 por el Departamento de Agricultura y convocados de forma bienal hasta 2011. El objetivo de los mismos es reconocer las labores sobresalientes llevadas a cabo por los diferentes agentes del sector agroalimentario e incentivar la excelencia, la colaboraci\u00f3n y la","og:url":"https:\/\/eldigitaldeasturias.com\/magazine365\/vuelven-los-premios-aragon-alimentos\/","og:image":"https:\/\/eldigitaldeasturias.com\/magazine365\/wp-content\/uploads\/2017\/11\/aceite_virgen_extra.jpg","og:image:secure_url":"https:\/\/eldigitaldeasturias.com\/magazine365\/wp-content\/uploads\/2017\/11\/aceite_virgen_extra.jpg","og:image:width":700,"og:image:height":310,"article:published_time":"2017-11-15T19:56:12+00:00","article:modified_time":"2017-11-15T19:56:12+00:00","twitter:card":"summary_large_image","twitter:title":"Vuelven los Premios Arag\u00f3n Alimentos | El Digital de Asturias","twitter:description":"El Gobierno de Arag\u00f3n ha recuperado en 2017 los Premios Arag\u00f3n Alimentos, creados en 2005 por el Departamento de Agricultura y convocados de forma bienal hasta 2011. El objetivo de los mismos es reconocer las labores sobresalientes llevadas a cabo por los diferentes agentes del sector agroalimentario e incentivar la excelencia, la colaboraci\u00f3n y la","twitter:image":"https:\/\/eldigitaldeasturias.com\/magazine365\/wp-content\/uploads\/2017\/11\/aceite_virgen_extra.jpg"},"aioseo_meta_data":{"post_id":"89618","title":null,"description":null,"keywords":null,"keyphrases":null,"primary_term":null,"canonical_url":null,"og_title":null,"og_description":null,"og_object_type":"default","og_image_type":"default","og_image_url":null,"og_image_width":null,"og_image_height":null,"og_image_custom_url":null,"og_image_custom_fields":null,"og_video":null,"og_custom_url":null,"og_article_section":null,"og_article_tags":null,"twitter_use_og":false,"twitter_card":"default","twitter_image_type":"default","twitter_image_url":null,"twitter_image_custom_url":null,"twitter_image_custom_fields":null,"twitter_title":null,"twitter_description":null,"schema":{"blockGraphs":[],"customGraphs":[],"default":{"data":{"Article":[],"Course":[],"Dataset":[],"FAQPage":[],"Movie":[],"Person":[],"Product":[],"ProductReview":[],"Car":[],"Recipe":[],"Service":[],"SoftwareApplication":[],"WebPage":[]},"graphName":"","isEnabled":true},"graphs":[],"defaultGraph":"","defaultPostTypeGraph":""},"schema_type":null,"schema_type_options":null,"pillar_content":false,"robots_default":true,"robots_noindex":false,"robots_noarchive":false,"robots_nosnippet":false,"robots_nofollow":false,"robots_noimageindex":false,"robots_noodp":false,"robots_notranslate":false,"robots_max_snippet":null,"robots_max_videopreview":null,"robots_max_imagepreview":"large","priority":null,"frequency":null,"location":null,"local_seo":null,"seo_analyzer_scan_date":"2025-09-28 15:03:08","breadcrumb_settings":null,"limit_modified_date":false,"open_ai":null,"ai":null,"created":"2020-12-21 14:15:10","updated":"2025-09-28 15:03:08"},"aioseo_breadcrumb":"<div class=\"aioseo-breadcrumbs\"><span class=\"aioseo-breadcrumb\">\n\t<a href=\"https:\/\/eldigitaldeasturias.com\/magazine365\" title=\"Home\">Home<\/a>\n<\/span><span class=\"aioseo-breadcrumb-separator\">\u2013<\/span><span class=\"aioseo-breadcrumb\">\n\t<a href=\"https:\/\/eldigitaldeasturias.com\/magazine365\/category\/sabores\/\" title=\"Sabores\">Sabores<\/a>\n<\/span><span class=\"aioseo-breadcrumb-separator\">\u2013<\/span><span class=\"aioseo-breadcrumb\">\n\t<a href=\"https:\/\/eldigitaldeasturias.com\/magazine365\/vuelven-los-premios-aragon-alimentos\/\" title=\"Vuelven los Premios Arag\u00f3n Alimentos\">Vuelven los Premios Arag\u00f3n Alimentos<\/a>\n<\/span><\/div>","aioseo_breadcrumb_json":[{"label":"Home","link":"https:\/\/eldigitaldeasturias.com\/magazine365"},{"label":"Sabores","link":"https:\/\/eldigitaldeasturias.com\/magazine365\/category\/sabores\/"},{"label":"Vuelven los Premios Arag\u00f3n Alimentos","link":"https:\/\/eldigitaldeasturias.com\/magazine365\/vuelven-los-premios-aragon-alimentos\/"}],"_links":{"self":[{"href":"https:\/\/eldigitaldeasturias.com\/magazine365\/wp-json\/wp\/v2\/posts\/89618","targetHints":{"allow":["GET"]}}],"collection":[{"href":"https:\/\/eldigitaldeasturias.com\/magazine365\/wp-json\/wp\/v2\/posts"}],"about":[{"href":"https:\/\/eldigitaldeasturias.com\/magazine365\/wp-json\/wp\/v2\/types\/post"}],"author":[{"embeddable":true,"href":"https:\/\/eldigitaldeasturias.com\/magazine365\/wp-json\/wp\/v2\/users\/1"}],"replies":[{"embeddable":true,"href":"https:\/\/eldigitaldeasturias.com\/magazine365\/wp-json\/wp\/v2\/comments?post=89618"}],"version-history":[{"count":0,"href":"https:\/\/eldigitaldeasturias.com\/magazine365\/wp-json\/wp\/v2\/posts\/89618\/revisions"}],"wp:featuredmedia":[{"embeddable":true,"href":"https:\/\/eldigitaldeasturias.com\/magazine365\/wp-json\/wp\/v2\/media\/89619"}],"wp:attachment":[{"href":"https:\/\/eldigitaldeasturias.com\/magazine365\/wp-json\/wp\/v2\/media?parent=89618"}],"wp:term":[{"taxonomy":"category","embeddable":true,"href":"https:\/\/eldigitaldeasturias.com\/magazine365\/wp-json\/wp\/v2\/categories?post=89618"},{"taxonomy":"post_tag","embeddable":true,"href":"https:\/\/eldigitaldeasturias.com\/magazine365\/wp-json\/wp\/v2\/tags?post=89618"}],"curies":[{"name":"wp","href":"https:\/\/api.w.org\/{rel}","templated":true}]}}