{"id":89572,"date":"2017-11-15T03:04:31","date_gmt":"2017-11-15T01:34:31","guid":{"rendered":"http:\/\/eldigitaldeasturias.com\/magazine365\/?p=89572"},"modified":"2017-11-15T03:04:31","modified_gmt":"2017-11-15T01:34:31","slug":"aumenta-el-consumo-de-te","status":"publish","type":"post","link":"https:\/\/eldigitaldeasturias.com\/magazine365\/aumenta-el-consumo-de-te\/","title":{"rendered":"Aumenta el consumo de t\u00e9"},"content":{"rendered":"<p><img fetchpriority=\"high\" decoding=\"async\" class=\"alignleft size-medium wp-image-89573\" src=\"https:\/\/eldigitaldeasturias.com\/magazine365\/wp-content\/uploads\/2017\/11\/1509964981_7-360x229.jpg\" alt=\"\" width=\"360\" height=\"229\" srcset=\"https:\/\/eldigitaldeasturias.com\/magazine365\/wp-content\/uploads\/2017\/11\/1509964981_7-360x229.jpg 360w, https:\/\/eldigitaldeasturias.com\/magazine365\/wp-content\/uploads\/2017\/11\/1509964981_7-150x95.jpg 150w, https:\/\/eldigitaldeasturias.com\/magazine365\/wp-content\/uploads\/2017\/11\/1509964981_7-450x286.jpg 450w, https:\/\/eldigitaldeasturias.com\/magazine365\/wp-content\/uploads\/2017\/11\/1509964981_7-269x170.jpg 269w, https:\/\/eldigitaldeasturias.com\/magazine365\/wp-content\/uploads\/2017\/11\/1509964981_7.jpg 640w\" sizes=\"(max-width: 360px) 100vw, 360px\" \/>El t\u00e9 se ha convertido en una bebida de consumo habitual en todo el mundo y especialmente importante es su extensi\u00f3n en Occidente. El contenido en te\u00edna permite que cumpla con una funci\u00f3n reconstituyente para afrontar los desaf\u00edos del d\u00eda a d\u00eda. Ahora bien, hay infinidad de t\u00e9s por origen y calidad, as\u00ed como lugares donde poder adquirirlos.<\/p>\n<p><strong>Clases de t\u00e9 en funci\u00f3n de su calidad<\/strong><\/p>\n<p>Existe una nomenclatura para distinguir las distintas clases de t\u00e9 en funci\u00f3n de su calidad y formato de venta. El OP ser\u00eda el mejor, el OP1-OP2 tendr\u00eda una calidad media-alta, el OP3-OP4 tendr\u00eda una calidad media y el OP5-OP6 ser\u00eda el de menor calidad, que se suele vender en bolsitas. Es importante indicar, sin embargo, que en los \u00faltimos a\u00f1os los est\u00e1ndares generales han mejorado mucho.<\/p>\n<p>Existen cinco categor\u00edas de t\u00e9: verde, rojo, blanco, azul y negro. Tambi\u00e9n existes sitios<a href=\"https:\/\/www.cafetearte.es\/88-rooibos\" target=\"_blank\" rel=\"noopener\"><span style=\"color: #ff0000;\"><strong>\u00a0d\u00f3nde<\/strong> <strong>puedes comprar t\u00e9 Rooibos<\/strong><\/span><\/a>\u00a0aunque en esencia este no se un t\u00e9. Los principales pa\u00edses productores est\u00e1n en Asia y \u00c1frica, por este orden.<\/p>\n<p>1.\u00a0<strong>El t\u00e9 verde<\/strong>\u00a0es el m\u00e1s consumido en Jap\u00f3n y China por sus cualidades antioxidantes, derivadas de su aporte de isoflavonas y catequinas. En este caso, la hoja se oxida un poco y es ideal para evitar el desarrollo de tumores, para controlar el peso y mejorar el sistema nervioso.<\/p>\n<p>2.\u00a0<strong>El t\u00e9 rojo<\/strong>, que tambi\u00e9n\u00a0<a href=\"https:\/\/www.cafetearte.es\/89-comprar-te-rojo\" target=\"_blank\" rel=\"noopener\"><span style=\"color: #ff0000;\"><strong>se puede<\/strong> <strong>comprar por su otro nombre Pu-erh<\/strong><\/span><\/a>, es conocido por su capacidad de eliminar las grasas, aunque para conseguirlo han de pasar a\u00f1os de a\u00f1ejamiento, como m\u00ednimo dos, en un lugar h\u00famedo. Este t\u00e9 es de origen chino y es ideal para rebajar el colesterol y los triglic\u00e9ridos, siendo uno de los m\u00e1s consumidos en Occidente.<\/p>\n<p>3.\u00a0<strong>El t\u00e9 blanco<\/strong>\u00a0no es tan conocido, pero destaca por sus propiedades antioxidantes y por retrasar el envejecimiento celular, siendo rico en catequinas. Tiene un leve proceso de oxidaci\u00f3n y es el m\u00e1s dif\u00edcil de conseguir, de ah\u00ed que su precio sea el m\u00e1s elevado.<\/p>\n<p>4.\u00a0<strong>El t\u00e9 azul<\/strong>, tambi\u00e9n llamado Oolong, se consigue a partir de una oxidaci\u00f3n intermedia de las hojas. Los sabores se quedan a medio camino del dulce y el arom\u00e1tico, manteniendo una serie de propiedades beneficiosas para el organismo.<\/p>\n<p>5.\u00a0<strong>El t\u00e9 negro<\/strong>\u00a0contiene, adem\u00e1s de te\u00edna, cafe\u00edna, siendo ideal para empezar el d\u00eda concentrado y se toma en los desayunos, teniendo un sabor dulce. Se realiza la oxidaci\u00f3n completa y el producto ayuda a rebajar la presi\u00f3n y, adem\u00e1s, mejora la circulaci\u00f3n general.<\/p>\n<p><strong>\u00bfD\u00f3nde comprar el t\u00e9?<\/strong><\/p>\n<p>Cuando se busca\u00a0<a href=\"https:\/\/www.cafetearte.es\/85-comprar-te-verde\" target=\"_blank\" rel=\"noopener\"><span style=\"color: #ff0000;\"><strong>d\u00f3nde c<\/strong><strong>omprar un t\u00e9 (por ejemplo verde) de calidad<\/strong><\/span><\/a>, es conveniente ir a una tienda especializada con una oferta lo suficientemente amplia y donde comprar todos aquellos t\u00e9s y accesorios accesorios que sean necesarios para disfrutar del producto. El caso de\u00a0<strong>Cafetearte<\/strong>\u00a0es paradigm\u00e1tico porque cuenta con todo tipo de t\u00e9s de todas las calidades. Es posible conseguir todo tipo de t\u00e9s a precios competitivos y con la garant\u00eda de la m\u00e1xima calidad del producto.<\/p>\n","protected":false},"excerpt":{"rendered":"<p>El t\u00e9 se ha convertido en una bebida de consumo habitual en todo el mundo y especialmente importante es su extensi\u00f3n en Occidente. El contenido en te\u00edna permite que cumpla con una funci\u00f3n reconstituyente para afrontar los desaf\u00edos del d\u00eda a d\u00eda. Ahora bien, hay infinidad de t\u00e9s por origen y calidad, as\u00ed como lugares<\/p>\n","protected":false},"author":1,"featured_media":89573,"comment_status":"closed","ping_status":"closed","sticky":false,"template":"","format":"standard","meta":{"footnotes":""},"categories":[217],"tags":[],"class_list":{"0":"post-89572","1":"post","2":"type-post","3":"status-publish","4":"format-standard","5":"has-post-thumbnail","7":"category-sabores"},"aioseo_notices":[],"aioseo_head":"\n\t\t<!-- All in One SEO Pro 4.9.6.1 - aioseo.com -->\n\t<meta name=\"description\" content=\"El t\u00e9 se ha convertido en una bebida de consumo habitual en todo el mundo y especialmente importante es su extensi\u00f3n en Occidente. El contenido en te\u00edna permite que cumpla con una funci\u00f3n reconstituyente para afrontar los desaf\u00edos del d\u00eda a d\u00eda. Ahora bien, hay infinidad de t\u00e9s por origen y calidad, as\u00ed como lugares\" \/>\n\t<meta name=\"robots\" content=\"max-image-preview:large\" \/>\n\t<meta name=\"author\" content=\"admin\"\/>\n\t<meta name=\"google-site-verification\" content=\"UA-38556648-1\" \/>\n\t<meta name=\"keywords\" content=\"sabores\" \/>\n\t<link rel=\"canonical\" href=\"https:\/\/eldigitaldeasturias.com\/magazine365\/aumenta-el-consumo-de-te\/\" \/>\n\t<meta name=\"generator\" content=\"All in One SEO Pro (AIOSEO) 4.9.6.1\" \/>\n\t\t<meta property=\"og:locale\" content=\"es_ES\" \/>\n\t\t<meta property=\"og:site_name\" content=\"El Digital de Asturias \u2013 Revista de ocio, turismo y estilo de vida\" \/>\n\t\t<meta property=\"og:type\" content=\"article\" \/>\n\t\t<meta property=\"og:title\" content=\"Aumenta el consumo de t\u00e9 | El Digital de Asturias\" \/>\n\t\t<meta property=\"og:description\" content=\"El t\u00e9 se ha convertido en una bebida de consumo habitual en todo el mundo y especialmente importante es su extensi\u00f3n en Occidente. El contenido en te\u00edna permite que cumpla con una funci\u00f3n reconstituyente para afrontar los desaf\u00edos del d\u00eda a d\u00eda. Ahora bien, hay infinidad de t\u00e9s por origen y calidad, as\u00ed como lugares\" \/>\n\t\t<meta property=\"og:url\" content=\"https:\/\/eldigitaldeasturias.com\/magazine365\/aumenta-el-consumo-de-te\/\" \/>\n\t\t<meta property=\"og:image\" content=\"https:\/\/eldigitaldeasturias.com\/magazine365\/wp-content\/uploads\/2017\/11\/1509964981_7.jpg\" \/>\n\t\t<meta property=\"og:image:secure_url\" content=\"https:\/\/eldigitaldeasturias.com\/magazine365\/wp-content\/uploads\/2017\/11\/1509964981_7.jpg\" \/>\n\t\t<meta property=\"og:image:width\" content=\"640\" \/>\n\t\t<meta property=\"og:image:height\" content=\"407\" \/>\n\t\t<meta property=\"article:published_time\" content=\"2017-11-15T01:34:31+00:00\" \/>\n\t\t<meta property=\"article:modified_time\" content=\"2017-11-15T01:34:31+00:00\" \/>\n\t\t<meta name=\"twitter:card\" content=\"summary_large_image\" \/>\n\t\t<meta name=\"twitter:title\" content=\"Aumenta el consumo de t\u00e9 | El Digital de Asturias\" \/>\n\t\t<meta name=\"twitter:description\" content=\"El t\u00e9 se ha convertido en una bebida de consumo habitual en todo el mundo y especialmente importante es su extensi\u00f3n en Occidente. El contenido en te\u00edna permite que cumpla con una funci\u00f3n reconstituyente para afrontar los desaf\u00edos del d\u00eda a d\u00eda. Ahora bien, hay infinidad de t\u00e9s por origen y calidad, as\u00ed como lugares\" \/>\n\t\t<meta name=\"twitter:image\" content=\"https:\/\/eldigitaldeasturias.com\/magazine365\/wp-content\/uploads\/2017\/11\/1509964981_7.jpg\" \/>\n\t\t<script type=\"application\/ld+json\" class=\"aioseo-schema\">\n\t\t\t{\"@context\":\"https:\\\/\\\/schema.org\",\"@graph\":[{\"@type\":\"Article\",\"@id\":\"https:\\\/\\\/eldigitaldeasturias.com\\\/magazine365\\\/aumenta-el-consumo-de-te\\\/#article\",\"name\":\"Aumenta el consumo de t\\u00e9 | El Digital de Asturias\",\"headline\":\"Aumenta el consumo de t\\u00e9\",\"author\":{\"@id\":\"https:\\\/\\\/eldigitaldeasturias.com\\\/magazine365\\\/author\\\/admin\\\/#author\"},\"publisher\":{\"@id\":\"https:\\\/\\\/eldigitaldeasturias.com\\\/magazine365\\\/#organization\"},\"image\":{\"@type\":\"ImageObject\",\"url\":\"https:\\\/\\\/eldigitaldeasturias.com\\\/magazine365\\\/wp-content\\\/uploads\\\/2017\\\/11\\\/1509964981_7.jpg\",\"width\":640,\"height\":407},\"datePublished\":\"2017-11-15T03:04:31+01:00\",\"dateModified\":\"2017-11-15T03:04:31+01:00\",\"inLanguage\":\"es-ES\",\"mainEntityOfPage\":{\"@id\":\"https:\\\/\\\/eldigitaldeasturias.com\\\/magazine365\\\/aumenta-el-consumo-de-te\\\/#webpage\"},\"isPartOf\":{\"@id\":\"https:\\\/\\\/eldigitaldeasturias.com\\\/magazine365\\\/aumenta-el-consumo-de-te\\\/#webpage\"},\"articleSection\":\"Sabores\"},{\"@type\":\"BreadcrumbList\",\"@id\":\"https:\\\/\\\/eldigitaldeasturias.com\\\/magazine365\\\/aumenta-el-consumo-de-te\\\/#breadcrumblist\",\"itemListElement\":[{\"@type\":\"ListItem\",\"@id\":\"https:\\\/\\\/eldigitaldeasturias.com\\\/magazine365#listItem\",\"position\":1,\"name\":\"Home\",\"item\":\"https:\\\/\\\/eldigitaldeasturias.com\\\/magazine365\",\"nextItem\":{\"@type\":\"ListItem\",\"@id\":\"https:\\\/\\\/eldigitaldeasturias.com\\\/magazine365\\\/category\\\/sabores\\\/#listItem\",\"name\":\"Sabores\"}},{\"@type\":\"ListItem\",\"@id\":\"https:\\\/\\\/eldigitaldeasturias.com\\\/magazine365\\\/category\\\/sabores\\\/#listItem\",\"position\":2,\"name\":\"Sabores\",\"item\":\"https:\\\/\\\/eldigitaldeasturias.com\\\/magazine365\\\/category\\\/sabores\\\/\",\"nextItem\":{\"@type\":\"ListItem\",\"@id\":\"https:\\\/\\\/eldigitaldeasturias.com\\\/magazine365\\\/aumenta-el-consumo-de-te\\\/#listItem\",\"name\":\"Aumenta el consumo de t\\u00e9\"},\"previousItem\":{\"@type\":\"ListItem\",\"@id\":\"https:\\\/\\\/eldigitaldeasturias.com\\\/magazine365#listItem\",\"name\":\"Home\"}},{\"@type\":\"ListItem\",\"@id\":\"https:\\\/\\\/eldigitaldeasturias.com\\\/magazine365\\\/aumenta-el-consumo-de-te\\\/#listItem\",\"position\":3,\"name\":\"Aumenta el consumo de t\\u00e9\",\"previousItem\":{\"@type\":\"ListItem\",\"@id\":\"https:\\\/\\\/eldigitaldeasturias.com\\\/magazine365\\\/category\\\/sabores\\\/#listItem\",\"name\":\"Sabores\"}}]},{\"@type\":\"Organization\",\"@id\":\"https:\\\/\\\/eldigitaldeasturias.com\\\/magazine365\\\/#organization\",\"name\":\"El digital de Asturias\",\"description\":\"Revista de ocio, turismo y estilo de vida\",\"url\":\"https:\\\/\\\/eldigitaldeasturias.com\\\/magazine365\\\/\",\"logo\":{\"@type\":\"ImageObject\",\"url\":\"https:\\\/\\\/www.eldigitaldeasturias.com\\\/noticias\\\/wp-content\\\/uploads\\\/2020\\\/12\\\/EDA.jpg\",\"@id\":\"https:\\\/\\\/eldigitaldeasturias.com\\\/magazine365\\\/aumenta-el-consumo-de-te\\\/#organizationLogo\"},\"image\":{\"@id\":\"https:\\\/\\\/eldigitaldeasturias.com\\\/magazine365\\\/aumenta-el-consumo-de-te\\\/#organizationLogo\"}},{\"@type\":\"Person\",\"@id\":\"https:\\\/\\\/eldigitaldeasturias.com\\\/magazine365\\\/author\\\/admin\\\/#author\",\"url\":\"https:\\\/\\\/eldigitaldeasturias.com\\\/magazine365\\\/author\\\/admin\\\/\",\"name\":\"admin\",\"image\":{\"@type\":\"ImageObject\",\"@id\":\"https:\\\/\\\/eldigitaldeasturias.com\\\/magazine365\\\/aumenta-el-consumo-de-te\\\/#authorImage\",\"url\":\"https:\\\/\\\/eldigitaldeasturias.com\\\/magazine365\\\/wp-content\\\/litespeed\\\/avatar\\\/e571bcf59a0edd6fa6838245a470f2fe.jpg?ver=1777574230\",\"width\":96,\"height\":96,\"caption\":\"admin\"}},{\"@type\":\"WebPage\",\"@id\":\"https:\\\/\\\/eldigitaldeasturias.com\\\/magazine365\\\/aumenta-el-consumo-de-te\\\/#webpage\",\"url\":\"https:\\\/\\\/eldigitaldeasturias.com\\\/magazine365\\\/aumenta-el-consumo-de-te\\\/\",\"name\":\"Aumenta el consumo de t\\u00e9 | El Digital de Asturias\",\"description\":\"El t\\u00e9 se ha convertido en una bebida de consumo habitual en todo el mundo y especialmente importante es su extensi\\u00f3n en Occidente. El contenido en te\\u00edna permite que cumpla con una funci\\u00f3n reconstituyente para afrontar los desaf\\u00edos del d\\u00eda a d\\u00eda. Ahora bien, hay infinidad de t\\u00e9s por origen y calidad, as\\u00ed como lugares\",\"inLanguage\":\"es-ES\",\"isPartOf\":{\"@id\":\"https:\\\/\\\/eldigitaldeasturias.com\\\/magazine365\\\/#website\"},\"breadcrumb\":{\"@id\":\"https:\\\/\\\/eldigitaldeasturias.com\\\/magazine365\\\/aumenta-el-consumo-de-te\\\/#breadcrumblist\"},\"author\":{\"@id\":\"https:\\\/\\\/eldigitaldeasturias.com\\\/magazine365\\\/author\\\/admin\\\/#author\"},\"creator\":{\"@id\":\"https:\\\/\\\/eldigitaldeasturias.com\\\/magazine365\\\/author\\\/admin\\\/#author\"},\"image\":{\"@type\":\"ImageObject\",\"url\":\"https:\\\/\\\/eldigitaldeasturias.com\\\/magazine365\\\/wp-content\\\/uploads\\\/2017\\\/11\\\/1509964981_7.jpg\",\"@id\":\"https:\\\/\\\/eldigitaldeasturias.com\\\/magazine365\\\/aumenta-el-consumo-de-te\\\/#mainImage\",\"width\":640,\"height\":407},\"primaryImageOfPage\":{\"@id\":\"https:\\\/\\\/eldigitaldeasturias.com\\\/magazine365\\\/aumenta-el-consumo-de-te\\\/#mainImage\"},\"datePublished\":\"2017-11-15T03:04:31+01:00\",\"dateModified\":\"2017-11-15T03:04:31+01:00\"},{\"@type\":\"WebSite\",\"@id\":\"https:\\\/\\\/eldigitaldeasturias.com\\\/magazine365\\\/#website\",\"url\":\"https:\\\/\\\/eldigitaldeasturias.com\\\/magazine365\\\/\",\"name\":\"El Digital de Asturias\",\"description\":\"Revista de ocio, turismo y estilo de vida\",\"inLanguage\":\"es-ES\",\"publisher\":{\"@id\":\"https:\\\/\\\/eldigitaldeasturias.com\\\/magazine365\\\/#organization\"}}]}\n\t\t<\/script>\n\t\t<!-- All in One SEO Pro -->\r\n\t\t<title>Aumenta el consumo de t\u00e9 | El Digital de Asturias<\/title>\n\n","aioseo_head_json":{"title":"Aumenta el consumo de t\u00e9 | El Digital de Asturias","description":"El t\u00e9 se ha convertido en una bebida de consumo habitual en todo el mundo y especialmente importante es su extensi\u00f3n en Occidente. El contenido en te\u00edna permite que cumpla con una funci\u00f3n reconstituyente para afrontar los desaf\u00edos del d\u00eda a d\u00eda. Ahora bien, hay infinidad de t\u00e9s por origen y calidad, as\u00ed como lugares","canonical_url":"https:\/\/eldigitaldeasturias.com\/magazine365\/aumenta-el-consumo-de-te\/","robots":"max-image-preview:large","keywords":"sabores","webmasterTools":{"google-site-verification":"UA-38556648-1","miscellaneous":""},"schema":{"@context":"https:\/\/schema.org","@graph":[{"@type":"Article","@id":"https:\/\/eldigitaldeasturias.com\/magazine365\/aumenta-el-consumo-de-te\/#article","name":"Aumenta el consumo de t\u00e9 | El Digital de Asturias","headline":"Aumenta el consumo de t\u00e9","author":{"@id":"https:\/\/eldigitaldeasturias.com\/magazine365\/author\/admin\/#author"},"publisher":{"@id":"https:\/\/eldigitaldeasturias.com\/magazine365\/#organization"},"image":{"@type":"ImageObject","url":"https:\/\/eldigitaldeasturias.com\/magazine365\/wp-content\/uploads\/2017\/11\/1509964981_7.jpg","width":640,"height":407},"datePublished":"2017-11-15T03:04:31+01:00","dateModified":"2017-11-15T03:04:31+01:00","inLanguage":"es-ES","mainEntityOfPage":{"@id":"https:\/\/eldigitaldeasturias.com\/magazine365\/aumenta-el-consumo-de-te\/#webpage"},"isPartOf":{"@id":"https:\/\/eldigitaldeasturias.com\/magazine365\/aumenta-el-consumo-de-te\/#webpage"},"articleSection":"Sabores"},{"@type":"BreadcrumbList","@id":"https:\/\/eldigitaldeasturias.com\/magazine365\/aumenta-el-consumo-de-te\/#breadcrumblist","itemListElement":[{"@type":"ListItem","@id":"https:\/\/eldigitaldeasturias.com\/magazine365#listItem","position":1,"name":"Home","item":"https:\/\/eldigitaldeasturias.com\/magazine365","nextItem":{"@type":"ListItem","@id":"https:\/\/eldigitaldeasturias.com\/magazine365\/category\/sabores\/#listItem","name":"Sabores"}},{"@type":"ListItem","@id":"https:\/\/eldigitaldeasturias.com\/magazine365\/category\/sabores\/#listItem","position":2,"name":"Sabores","item":"https:\/\/eldigitaldeasturias.com\/magazine365\/category\/sabores\/","nextItem":{"@type":"ListItem","@id":"https:\/\/eldigitaldeasturias.com\/magazine365\/aumenta-el-consumo-de-te\/#listItem","name":"Aumenta el consumo de t\u00e9"},"previousItem":{"@type":"ListItem","@id":"https:\/\/eldigitaldeasturias.com\/magazine365#listItem","name":"Home"}},{"@type":"ListItem","@id":"https:\/\/eldigitaldeasturias.com\/magazine365\/aumenta-el-consumo-de-te\/#listItem","position":3,"name":"Aumenta el consumo de t\u00e9","previousItem":{"@type":"ListItem","@id":"https:\/\/eldigitaldeasturias.com\/magazine365\/category\/sabores\/#listItem","name":"Sabores"}}]},{"@type":"Organization","@id":"https:\/\/eldigitaldeasturias.com\/magazine365\/#organization","name":"El digital de Asturias","description":"Revista de ocio, turismo y estilo de vida","url":"https:\/\/eldigitaldeasturias.com\/magazine365\/","logo":{"@type":"ImageObject","url":"https:\/\/www.eldigitaldeasturias.com\/noticias\/wp-content\/uploads\/2020\/12\/EDA.jpg","@id":"https:\/\/eldigitaldeasturias.com\/magazine365\/aumenta-el-consumo-de-te\/#organizationLogo"},"image":{"@id":"https:\/\/eldigitaldeasturias.com\/magazine365\/aumenta-el-consumo-de-te\/#organizationLogo"}},{"@type":"Person","@id":"https:\/\/eldigitaldeasturias.com\/magazine365\/author\/admin\/#author","url":"https:\/\/eldigitaldeasturias.com\/magazine365\/author\/admin\/","name":"admin","image":{"@type":"ImageObject","@id":"https:\/\/eldigitaldeasturias.com\/magazine365\/aumenta-el-consumo-de-te\/#authorImage","url":"https:\/\/eldigitaldeasturias.com\/magazine365\/wp-content\/litespeed\/avatar\/e571bcf59a0edd6fa6838245a470f2fe.jpg?ver=1777574230","width":96,"height":96,"caption":"admin"}},{"@type":"WebPage","@id":"https:\/\/eldigitaldeasturias.com\/magazine365\/aumenta-el-consumo-de-te\/#webpage","url":"https:\/\/eldigitaldeasturias.com\/magazine365\/aumenta-el-consumo-de-te\/","name":"Aumenta el consumo de t\u00e9 | El Digital de Asturias","description":"El t\u00e9 se ha convertido en una bebida de consumo habitual en todo el mundo y especialmente importante es su extensi\u00f3n en Occidente. El contenido en te\u00edna permite que cumpla con una funci\u00f3n reconstituyente para afrontar los desaf\u00edos del d\u00eda a d\u00eda. Ahora bien, hay infinidad de t\u00e9s por origen y calidad, as\u00ed como lugares","inLanguage":"es-ES","isPartOf":{"@id":"https:\/\/eldigitaldeasturias.com\/magazine365\/#website"},"breadcrumb":{"@id":"https:\/\/eldigitaldeasturias.com\/magazine365\/aumenta-el-consumo-de-te\/#breadcrumblist"},"author":{"@id":"https:\/\/eldigitaldeasturias.com\/magazine365\/author\/admin\/#author"},"creator":{"@id":"https:\/\/eldigitaldeasturias.com\/magazine365\/author\/admin\/#author"},"image":{"@type":"ImageObject","url":"https:\/\/eldigitaldeasturias.com\/magazine365\/wp-content\/uploads\/2017\/11\/1509964981_7.jpg","@id":"https:\/\/eldigitaldeasturias.com\/magazine365\/aumenta-el-consumo-de-te\/#mainImage","width":640,"height":407},"primaryImageOfPage":{"@id":"https:\/\/eldigitaldeasturias.com\/magazine365\/aumenta-el-consumo-de-te\/#mainImage"},"datePublished":"2017-11-15T03:04:31+01:00","dateModified":"2017-11-15T03:04:31+01:00"},{"@type":"WebSite","@id":"https:\/\/eldigitaldeasturias.com\/magazine365\/#website","url":"https:\/\/eldigitaldeasturias.com\/magazine365\/","name":"El Digital de Asturias","description":"Revista de ocio, turismo y estilo de vida","inLanguage":"es-ES","publisher":{"@id":"https:\/\/eldigitaldeasturias.com\/magazine365\/#organization"}}]},"og:locale":"es_ES","og:site_name":"El Digital de Asturias \u2013 Revista de ocio, turismo y estilo de vida","og:type":"article","og:title":"Aumenta el consumo de t\u00e9 | El Digital de Asturias","og:description":"El t\u00e9 se ha convertido en una bebida de consumo habitual en todo el mundo y especialmente importante es su extensi\u00f3n en Occidente. El contenido en te\u00edna permite que cumpla con una funci\u00f3n reconstituyente para afrontar los desaf\u00edos del d\u00eda a d\u00eda. Ahora bien, hay infinidad de t\u00e9s por origen y calidad, as\u00ed como lugares","og:url":"https:\/\/eldigitaldeasturias.com\/magazine365\/aumenta-el-consumo-de-te\/","og:image":"https:\/\/eldigitaldeasturias.com\/magazine365\/wp-content\/uploads\/2017\/11\/1509964981_7.jpg","og:image:secure_url":"https:\/\/eldigitaldeasturias.com\/magazine365\/wp-content\/uploads\/2017\/11\/1509964981_7.jpg","og:image:width":640,"og:image:height":407,"article:published_time":"2017-11-15T01:34:31+00:00","article:modified_time":"2017-11-15T01:34:31+00:00","twitter:card":"summary_large_image","twitter:title":"Aumenta el consumo de t\u00e9 | El Digital de Asturias","twitter:description":"El t\u00e9 se ha convertido en una bebida de consumo habitual en todo el mundo y especialmente importante es su extensi\u00f3n en Occidente. El contenido en te\u00edna permite que cumpla con una funci\u00f3n reconstituyente para afrontar los desaf\u00edos del d\u00eda a d\u00eda. Ahora bien, hay infinidad de t\u00e9s por origen y calidad, as\u00ed como lugares","twitter:image":"https:\/\/eldigitaldeasturias.com\/magazine365\/wp-content\/uploads\/2017\/11\/1509964981_7.jpg"},"aioseo_meta_data":{"post_id":"89572","title":null,"description":null,"keywords":null,"keyphrases":null,"primary_term":null,"canonical_url":null,"og_title":null,"og_description":null,"og_object_type":"default","og_image_type":"default","og_image_url":null,"og_image_width":null,"og_image_height":null,"og_image_custom_url":null,"og_image_custom_fields":null,"og_video":null,"og_custom_url":null,"og_article_section":null,"og_article_tags":null,"twitter_use_og":false,"twitter_card":"default","twitter_image_type":"default","twitter_image_url":null,"twitter_image_custom_url":null,"twitter_image_custom_fields":null,"twitter_title":null,"twitter_description":null,"schema":{"blockGraphs":[],"customGraphs":[],"default":{"data":{"Article":[],"Course":[],"Dataset":[],"FAQPage":[],"Movie":[],"Person":[],"Product":[],"ProductReview":[],"Car":[],"Recipe":[],"Service":[],"SoftwareApplication":[],"WebPage":[]},"graphName":"","isEnabled":true},"graphs":[],"defaultGraph":"","defaultPostTypeGraph":""},"schema_type":null,"schema_type_options":null,"pillar_content":false,"robots_default":true,"robots_noindex":false,"robots_noarchive":false,"robots_nosnippet":false,"robots_nofollow":false,"robots_noimageindex":false,"robots_noodp":false,"robots_notranslate":false,"robots_max_snippet":null,"robots_max_videopreview":null,"robots_max_imagepreview":"large","priority":null,"frequency":null,"location":null,"local_seo":null,"seo_analyzer_scan_date":"2025-09-28 14:59:07","breadcrumb_settings":null,"limit_modified_date":false,"open_ai":null,"ai":null,"created":"2020-12-21 14:15:10","updated":"2025-09-28 14:59:07"},"aioseo_breadcrumb":"<div class=\"aioseo-breadcrumbs\"><span class=\"aioseo-breadcrumb\">\n\t<a href=\"https:\/\/eldigitaldeasturias.com\/magazine365\" title=\"Home\">Home<\/a>\n<\/span><span class=\"aioseo-breadcrumb-separator\">\u2013<\/span><span class=\"aioseo-breadcrumb\">\n\t<a href=\"https:\/\/eldigitaldeasturias.com\/magazine365\/category\/sabores\/\" title=\"Sabores\">Sabores<\/a>\n<\/span><span class=\"aioseo-breadcrumb-separator\">\u2013<\/span><span class=\"aioseo-breadcrumb\">\n\t<a href=\"https:\/\/eldigitaldeasturias.com\/magazine365\/aumenta-el-consumo-de-te\/\" title=\"Aumenta el consumo de t\u00e9\">Aumenta el consumo de t\u00e9<\/a>\n<\/span><\/div>","aioseo_breadcrumb_json":[{"label":"Home","link":"https:\/\/eldigitaldeasturias.com\/magazine365"},{"label":"Sabores","link":"https:\/\/eldigitaldeasturias.com\/magazine365\/category\/sabores\/"},{"label":"Aumenta el consumo de t\u00e9","link":"https:\/\/eldigitaldeasturias.com\/magazine365\/aumenta-el-consumo-de-te\/"}],"_links":{"self":[{"href":"https:\/\/eldigitaldeasturias.com\/magazine365\/wp-json\/wp\/v2\/posts\/89572","targetHints":{"allow":["GET"]}}],"collection":[{"href":"https:\/\/eldigitaldeasturias.com\/magazine365\/wp-json\/wp\/v2\/posts"}],"about":[{"href":"https:\/\/eldigitaldeasturias.com\/magazine365\/wp-json\/wp\/v2\/types\/post"}],"author":[{"embeddable":true,"href":"https:\/\/eldigitaldeasturias.com\/magazine365\/wp-json\/wp\/v2\/users\/1"}],"replies":[{"embeddable":true,"href":"https:\/\/eldigitaldeasturias.com\/magazine365\/wp-json\/wp\/v2\/comments?post=89572"}],"version-history":[{"count":0,"href":"https:\/\/eldigitaldeasturias.com\/magazine365\/wp-json\/wp\/v2\/posts\/89572\/revisions"}],"wp:featuredmedia":[{"embeddable":true,"href":"https:\/\/eldigitaldeasturias.com\/magazine365\/wp-json\/wp\/v2\/media\/89573"}],"wp:attachment":[{"href":"https:\/\/eldigitaldeasturias.com\/magazine365\/wp-json\/wp\/v2\/media?parent=89572"}],"wp:term":[{"taxonomy":"category","embeddable":true,"href":"https:\/\/eldigitaldeasturias.com\/magazine365\/wp-json\/wp\/v2\/categories?post=89572"},{"taxonomy":"post_tag","embeddable":true,"href":"https:\/\/eldigitaldeasturias.com\/magazine365\/wp-json\/wp\/v2\/tags?post=89572"}],"curies":[{"name":"wp","href":"https:\/\/api.w.org\/{rel}","templated":true}]}}