{"id":89465,"date":"2017-11-08T18:44:32","date_gmt":"2017-11-08T17:14:32","guid":{"rendered":"http:\/\/eldigitaldeasturias.com\/magazine365\/?p=89465"},"modified":"2017-11-08T18:44:32","modified_gmt":"2017-11-08T17:14:32","slug":"el-otono-es-el-protagonista-oficial-del-area-62-restaurante-de-barbastro","status":"publish","type":"post","link":"https:\/\/eldigitaldeasturias.com\/magazine365\/el-otono-es-el-protagonista-oficial-del-area-62-restaurante-de-barbastro\/","title":{"rendered":"El oto\u00f1o es el protagonista oficial del \u00c1rea 62 Restaurante de Barbastro"},"content":{"rendered":"<p><strong><img fetchpriority=\"high\" decoding=\"async\" class=\"alignleft size-medium wp-image-89466\" src=\"https:\/\/eldigitaldeasturias.com\/magazine365\/wp-content\/uploads\/2017\/11\/1510076407_area_62_otono_bosque_temporada_menu-360x214.jpg\" alt=\"\" width=\"360\" height=\"214\" srcset=\"https:\/\/eldigitaldeasturias.com\/magazine365\/wp-content\/uploads\/2017\/11\/1510076407_area_62_otono_bosque_temporada_menu-360x214.jpg 360w, https:\/\/eldigitaldeasturias.com\/magazine365\/wp-content\/uploads\/2017\/11\/1510076407_area_62_otono_bosque_temporada_menu-650x387.jpg 650w, https:\/\/eldigitaldeasturias.com\/magazine365\/wp-content\/uploads\/2017\/11\/1510076407_area_62_otono_bosque_temporada_menu-150x89.jpg 150w, https:\/\/eldigitaldeasturias.com\/magazine365\/wp-content\/uploads\/2017\/11\/1510076407_area_62_otono_bosque_temporada_menu-450x268.jpg 450w, https:\/\/eldigitaldeasturias.com\/magazine365\/wp-content\/uploads\/2017\/11\/1510076407_area_62_otono_bosque_temporada_menu.jpg 700w\" sizes=\"(max-width: 360px) 100vw, 360px\" \/>El restaurante del \u00e1rea de servicio \u00c1rea 62, en la autov\u00eda A-22 a la altura de Barbastro, tiene la vista puesta en su segundo oto\u00f1o.<\/strong> Su estupendo enclave estrat\u00e9gico, y su notable apuesta por la cocina de mercado, hacen suponer una nueva excelente campa\u00f1a oto\u00f1al. Estas semanas son tiempo de realizar paseos por el campo, observar c\u00f3mo cambian los colores del monte y disfrutar de los \u00faltimos d\u00edas de temperaturas agradables.<\/p>\n<p>Si el pasado verano <strong>\u00c1rea 62 Restaurante<\/strong> <strong>disfrut\u00f3 de una gran acogida por vecinos y turistas de la comarca del Somontano de Barbastro, y de toda la provincia de Huesca, <\/strong>Antonio Albar, Gerente de dicho restaurante, tambi\u00e9n espera el <strong>cambio de tiempo \u201ccon ilusi\u00f3n los numerosos esquiadores que durante los meses de invierno se dirigir\u00e1n a las pistas de esqu\u00ed<\/strong> del Grupo Aram\u00f3n en el Pirineo de Huesca\u201d. De hecho, el Pirineo oscense ha empezado a acumular sus primeros gruesos de nieve.<\/p>\n<p>Adem\u00e1s del impacto que genera el esqu\u00ed en la provincia de Huesca, Antonio tambi\u00e9n destaca <strong>\u201cla revitalizaci\u00f3n del ecoturismo que gira entorno de la b\u00fasqueda de setas.<\/strong> Somos conscientes del gran potencial que implica la atracci\u00f3n de zonas forestales ricas en setas y hongos. Y <strong>deber\u00eda aprovecharse en t\u00e9rminos gastron\u00f3micos, de turismo rural y actividades relacionadas con la micolog\u00eda\u201d.<\/strong> De hecho, en Arag\u00f3n existe una notable tradici\u00f3n y afici\u00f3n por la recolecci\u00f3n de setas, que se va transmitiendo de generaci\u00f3n en generaci\u00f3n.<\/p>\n<p>\u00c1rea 62 Restaurante apuesta de nuevo por convertirse en <strong>referente de la cocina de temporada. Recetas denominadas de \u201cpuchero\u201d conformar\u00e1n guisos, cremas y sopas, <\/strong>por ejemplo, de calabaza. Los boniatos, las casta\u00f1as y tambi\u00e9n los bu\u00f1uelos tambi\u00e9n han empezado a ser protagonistas de sus postres.<\/p>\n<p>Con la aparici\u00f3n de las primeras setas tras alguna jornada lluviosa,<strong> la carta mostrar\u00e1 este producto como plato principal, y tambi\u00e9n como acompa\u00f1amiento. <\/strong>Los mismos buscadores de este manjar tendr\u00e1n una cita obligada en \u00c1rea 62 Restaurante tras visitar el monte. Los almuerzos se sirven en horario de 8h a 12h.<\/p>\n<p>Para ampliar esta informaci\u00f3n, os recomendamos que visit\u00e9is la p\u00e1gina de <a href=\"https:\/\/www.facebook.com\/area62restaurante\/\" target=\"_blank\" rel=\"noopener\"><span style=\"color: #ff0000;\"><strong>Facebook<\/strong> <\/span><\/a>de \u00c1rea 62 Restaurante y su <a href=\"https:\/\/twitter.com\/area62rest.\" target=\"_blank\" rel=\"noopener\"><span style=\"color: #ff0000;\"><strong>cuenta de Twitter<\/strong> <\/span><\/a><\/p>\n","protected":false},"excerpt":{"rendered":"<p>El restaurante del \u00e1rea de servicio \u00c1rea 62, en la autov\u00eda A-22 a la altura de Barbastro, tiene la vista puesta en su segundo oto\u00f1o. Su estupendo enclave estrat\u00e9gico, y su notable apuesta por la cocina de mercado, hacen suponer una nueva excelente campa\u00f1a oto\u00f1al. Estas semanas son tiempo de realizar paseos por el campo,<\/p>\n","protected":false},"author":1,"featured_media":89466,"comment_status":"closed","ping_status":"closed","sticky":false,"template":"","format":"standard","meta":{"footnotes":""},"categories":[217],"tags":[],"class_list":{"0":"post-89465","1":"post","2":"type-post","3":"status-publish","4":"format-standard","5":"has-post-thumbnail","7":"category-sabores"},"aioseo_notices":[],"aioseo_head":"\n\t\t<!-- All in One SEO Pro 4.9.6.1 - aioseo.com -->\n\t<meta name=\"description\" content=\"El restaurante del \u00e1rea de servicio \u00c1rea 62, en la autov\u00eda A-22 a la altura de Barbastro, tiene la vista puesta en su segundo oto\u00f1o. Su estupendo enclave estrat\u00e9gico, y su notable apuesta por la cocina de mercado, hacen suponer una nueva excelente campa\u00f1a oto\u00f1al. Estas semanas son tiempo de realizar paseos por el campo,\" \/>\n\t<meta name=\"robots\" content=\"max-image-preview:large\" \/>\n\t<meta name=\"author\" content=\"admin\"\/>\n\t<meta name=\"google-site-verification\" content=\"UA-38556648-1\" \/>\n\t<meta name=\"keywords\" content=\"sabores\" \/>\n\t<link rel=\"canonical\" href=\"https:\/\/eldigitaldeasturias.com\/magazine365\/el-otono-es-el-protagonista-oficial-del-area-62-restaurante-de-barbastro\/\" \/>\n\t<meta name=\"generator\" content=\"All in One SEO Pro (AIOSEO) 4.9.6.1\" \/>\n\t\t<meta property=\"og:locale\" content=\"es_ES\" \/>\n\t\t<meta property=\"og:site_name\" content=\"El Digital de Asturias \u2013 Revista de ocio, turismo y estilo de vida\" \/>\n\t\t<meta property=\"og:type\" content=\"article\" \/>\n\t\t<meta property=\"og:title\" content=\"El oto\u00f1o es el protagonista oficial del \u00c1rea 62 Restaurante de Barbastro | El Digital de Asturias\" \/>\n\t\t<meta property=\"og:description\" content=\"El restaurante del \u00e1rea de servicio \u00c1rea 62, en la autov\u00eda A-22 a la altura de Barbastro, tiene la vista puesta en su segundo oto\u00f1o. Su estupendo enclave estrat\u00e9gico, y su notable apuesta por la cocina de mercado, hacen suponer una nueva excelente campa\u00f1a oto\u00f1al. Estas semanas son tiempo de realizar paseos por el campo,\" \/>\n\t\t<meta property=\"og:url\" content=\"https:\/\/eldigitaldeasturias.com\/magazine365\/el-otono-es-el-protagonista-oficial-del-area-62-restaurante-de-barbastro\/\" \/>\n\t\t<meta property=\"og:image\" content=\"https:\/\/eldigitaldeasturias.com\/magazine365\/wp-content\/uploads\/2017\/11\/1510076407_area_62_otono_bosque_temporada_menu.jpg\" \/>\n\t\t<meta property=\"og:image:secure_url\" content=\"https:\/\/eldigitaldeasturias.com\/magazine365\/wp-content\/uploads\/2017\/11\/1510076407_area_62_otono_bosque_temporada_menu.jpg\" \/>\n\t\t<meta property=\"og:image:width\" content=\"700\" \/>\n\t\t<meta property=\"og:image:height\" content=\"417\" \/>\n\t\t<meta property=\"article:published_time\" content=\"2017-11-08T17:14:32+00:00\" \/>\n\t\t<meta property=\"article:modified_time\" content=\"2017-11-08T17:14:32+00:00\" \/>\n\t\t<meta name=\"twitter:card\" content=\"summary_large_image\" \/>\n\t\t<meta name=\"twitter:title\" content=\"El oto\u00f1o es el protagonista oficial del \u00c1rea 62 Restaurante de Barbastro | El Digital de Asturias\" \/>\n\t\t<meta name=\"twitter:description\" content=\"El restaurante del \u00e1rea de servicio \u00c1rea 62, en la autov\u00eda A-22 a la altura de Barbastro, tiene la vista puesta en su segundo oto\u00f1o. Su estupendo enclave estrat\u00e9gico, y su notable apuesta por la cocina de mercado, hacen suponer una nueva excelente campa\u00f1a oto\u00f1al. Estas semanas son tiempo de realizar paseos por el campo,\" \/>\n\t\t<meta name=\"twitter:image\" content=\"https:\/\/eldigitaldeasturias.com\/magazine365\/wp-content\/uploads\/2017\/11\/1510076407_area_62_otono_bosque_temporada_menu.jpg\" \/>\n\t\t<script type=\"application\/ld+json\" class=\"aioseo-schema\">\n\t\t\t{\"@context\":\"https:\\\/\\\/schema.org\",\"@graph\":[{\"@type\":\"Article\",\"@id\":\"https:\\\/\\\/eldigitaldeasturias.com\\\/magazine365\\\/el-otono-es-el-protagonista-oficial-del-area-62-restaurante-de-barbastro\\\/#article\",\"name\":\"El oto\\u00f1o es el protagonista oficial del \\u00c1rea 62 Restaurante de Barbastro | El Digital de Asturias\",\"headline\":\"El oto\\u00f1o es el protagonista oficial del \\u00c1rea 62 Restaurante de Barbastro\",\"author\":{\"@id\":\"https:\\\/\\\/eldigitaldeasturias.com\\\/magazine365\\\/author\\\/admin\\\/#author\"},\"publisher\":{\"@id\":\"https:\\\/\\\/eldigitaldeasturias.com\\\/magazine365\\\/#organization\"},\"image\":{\"@type\":\"ImageObject\",\"url\":\"https:\\\/\\\/eldigitaldeasturias.com\\\/magazine365\\\/wp-content\\\/uploads\\\/2017\\\/11\\\/1510076407_area_62_otono_bosque_temporada_menu.jpg\",\"width\":700,\"height\":417},\"datePublished\":\"2017-11-08T18:44:32+01:00\",\"dateModified\":\"2017-11-08T18:44:32+01:00\",\"inLanguage\":\"es-ES\",\"mainEntityOfPage\":{\"@id\":\"https:\\\/\\\/eldigitaldeasturias.com\\\/magazine365\\\/el-otono-es-el-protagonista-oficial-del-area-62-restaurante-de-barbastro\\\/#webpage\"},\"isPartOf\":{\"@id\":\"https:\\\/\\\/eldigitaldeasturias.com\\\/magazine365\\\/el-otono-es-el-protagonista-oficial-del-area-62-restaurante-de-barbastro\\\/#webpage\"},\"articleSection\":\"Sabores\"},{\"@type\":\"BreadcrumbList\",\"@id\":\"https:\\\/\\\/eldigitaldeasturias.com\\\/magazine365\\\/el-otono-es-el-protagonista-oficial-del-area-62-restaurante-de-barbastro\\\/#breadcrumblist\",\"itemListElement\":[{\"@type\":\"ListItem\",\"@id\":\"https:\\\/\\\/eldigitaldeasturias.com\\\/magazine365#listItem\",\"position\":1,\"name\":\"Home\",\"item\":\"https:\\\/\\\/eldigitaldeasturias.com\\\/magazine365\",\"nextItem\":{\"@type\":\"ListItem\",\"@id\":\"https:\\\/\\\/eldigitaldeasturias.com\\\/magazine365\\\/category\\\/sabores\\\/#listItem\",\"name\":\"Sabores\"}},{\"@type\":\"ListItem\",\"@id\":\"https:\\\/\\\/eldigitaldeasturias.com\\\/magazine365\\\/category\\\/sabores\\\/#listItem\",\"position\":2,\"name\":\"Sabores\",\"item\":\"https:\\\/\\\/eldigitaldeasturias.com\\\/magazine365\\\/category\\\/sabores\\\/\",\"nextItem\":{\"@type\":\"ListItem\",\"@id\":\"https:\\\/\\\/eldigitaldeasturias.com\\\/magazine365\\\/el-otono-es-el-protagonista-oficial-del-area-62-restaurante-de-barbastro\\\/#listItem\",\"name\":\"El oto\\u00f1o es el protagonista oficial del \\u00c1rea 62 Restaurante de Barbastro\"},\"previousItem\":{\"@type\":\"ListItem\",\"@id\":\"https:\\\/\\\/eldigitaldeasturias.com\\\/magazine365#listItem\",\"name\":\"Home\"}},{\"@type\":\"ListItem\",\"@id\":\"https:\\\/\\\/eldigitaldeasturias.com\\\/magazine365\\\/el-otono-es-el-protagonista-oficial-del-area-62-restaurante-de-barbastro\\\/#listItem\",\"position\":3,\"name\":\"El oto\\u00f1o es el protagonista oficial del \\u00c1rea 62 Restaurante de Barbastro\",\"previousItem\":{\"@type\":\"ListItem\",\"@id\":\"https:\\\/\\\/eldigitaldeasturias.com\\\/magazine365\\\/category\\\/sabores\\\/#listItem\",\"name\":\"Sabores\"}}]},{\"@type\":\"Organization\",\"@id\":\"https:\\\/\\\/eldigitaldeasturias.com\\\/magazine365\\\/#organization\",\"name\":\"El digital de Asturias\",\"description\":\"Revista de ocio, turismo y estilo de vida\",\"url\":\"https:\\\/\\\/eldigitaldeasturias.com\\\/magazine365\\\/\",\"logo\":{\"@type\":\"ImageObject\",\"url\":\"https:\\\/\\\/www.eldigitaldeasturias.com\\\/noticias\\\/wp-content\\\/uploads\\\/2020\\\/12\\\/EDA.jpg\",\"@id\":\"https:\\\/\\\/eldigitaldeasturias.com\\\/magazine365\\\/el-otono-es-el-protagonista-oficial-del-area-62-restaurante-de-barbastro\\\/#organizationLogo\"},\"image\":{\"@id\":\"https:\\\/\\\/eldigitaldeasturias.com\\\/magazine365\\\/el-otono-es-el-protagonista-oficial-del-area-62-restaurante-de-barbastro\\\/#organizationLogo\"}},{\"@type\":\"Person\",\"@id\":\"https:\\\/\\\/eldigitaldeasturias.com\\\/magazine365\\\/author\\\/admin\\\/#author\",\"url\":\"https:\\\/\\\/eldigitaldeasturias.com\\\/magazine365\\\/author\\\/admin\\\/\",\"name\":\"admin\",\"image\":{\"@type\":\"ImageObject\",\"@id\":\"https:\\\/\\\/eldigitaldeasturias.com\\\/magazine365\\\/el-otono-es-el-protagonista-oficial-del-area-62-restaurante-de-barbastro\\\/#authorImage\",\"url\":\"https:\\\/\\\/eldigitaldeasturias.com\\\/magazine365\\\/wp-content\\\/litespeed\\\/avatar\\\/e571bcf59a0edd6fa6838245a470f2fe.jpg?ver=1777574230\",\"width\":96,\"height\":96,\"caption\":\"admin\"}},{\"@type\":\"WebPage\",\"@id\":\"https:\\\/\\\/eldigitaldeasturias.com\\\/magazine365\\\/el-otono-es-el-protagonista-oficial-del-area-62-restaurante-de-barbastro\\\/#webpage\",\"url\":\"https:\\\/\\\/eldigitaldeasturias.com\\\/magazine365\\\/el-otono-es-el-protagonista-oficial-del-area-62-restaurante-de-barbastro\\\/\",\"name\":\"El oto\\u00f1o es el protagonista oficial del \\u00c1rea 62 Restaurante de Barbastro | El Digital de Asturias\",\"description\":\"El restaurante del \\u00e1rea de servicio \\u00c1rea 62, en la autov\\u00eda A-22 a la altura de Barbastro, tiene la vista puesta en su segundo oto\\u00f1o. Su estupendo enclave estrat\\u00e9gico, y su notable apuesta por la cocina de mercado, hacen suponer una nueva excelente campa\\u00f1a oto\\u00f1al. Estas semanas son tiempo de realizar paseos por el campo,\",\"inLanguage\":\"es-ES\",\"isPartOf\":{\"@id\":\"https:\\\/\\\/eldigitaldeasturias.com\\\/magazine365\\\/#website\"},\"breadcrumb\":{\"@id\":\"https:\\\/\\\/eldigitaldeasturias.com\\\/magazine365\\\/el-otono-es-el-protagonista-oficial-del-area-62-restaurante-de-barbastro\\\/#breadcrumblist\"},\"author\":{\"@id\":\"https:\\\/\\\/eldigitaldeasturias.com\\\/magazine365\\\/author\\\/admin\\\/#author\"},\"creator\":{\"@id\":\"https:\\\/\\\/eldigitaldeasturias.com\\\/magazine365\\\/author\\\/admin\\\/#author\"},\"image\":{\"@type\":\"ImageObject\",\"url\":\"https:\\\/\\\/eldigitaldeasturias.com\\\/magazine365\\\/wp-content\\\/uploads\\\/2017\\\/11\\\/1510076407_area_62_otono_bosque_temporada_menu.jpg\",\"@id\":\"https:\\\/\\\/eldigitaldeasturias.com\\\/magazine365\\\/el-otono-es-el-protagonista-oficial-del-area-62-restaurante-de-barbastro\\\/#mainImage\",\"width\":700,\"height\":417},\"primaryImageOfPage\":{\"@id\":\"https:\\\/\\\/eldigitaldeasturias.com\\\/magazine365\\\/el-otono-es-el-protagonista-oficial-del-area-62-restaurante-de-barbastro\\\/#mainImage\"},\"datePublished\":\"2017-11-08T18:44:32+01:00\",\"dateModified\":\"2017-11-08T18:44:32+01:00\"},{\"@type\":\"WebSite\",\"@id\":\"https:\\\/\\\/eldigitaldeasturias.com\\\/magazine365\\\/#website\",\"url\":\"https:\\\/\\\/eldigitaldeasturias.com\\\/magazine365\\\/\",\"name\":\"El Digital de Asturias\",\"description\":\"Revista de ocio, turismo y estilo de vida\",\"inLanguage\":\"es-ES\",\"publisher\":{\"@id\":\"https:\\\/\\\/eldigitaldeasturias.com\\\/magazine365\\\/#organization\"}}]}\n\t\t<\/script>\n\t\t<!-- All in One SEO Pro -->\r\n\t\t<title>El oto\u00f1o es el protagonista oficial del \u00c1rea 62 Restaurante de Barbastro | El Digital de Asturias<\/title>\n\n","aioseo_head_json":{"title":"El oto\u00f1o es el protagonista oficial del \u00c1rea 62 Restaurante de Barbastro | El Digital de Asturias","description":"El restaurante del \u00e1rea de servicio \u00c1rea 62, en la autov\u00eda A-22 a la altura de Barbastro, tiene la vista puesta en su segundo oto\u00f1o. Su estupendo enclave estrat\u00e9gico, y su notable apuesta por la cocina de mercado, hacen suponer una nueva excelente campa\u00f1a oto\u00f1al. Estas semanas son tiempo de realizar paseos por el campo,","canonical_url":"https:\/\/eldigitaldeasturias.com\/magazine365\/el-otono-es-el-protagonista-oficial-del-area-62-restaurante-de-barbastro\/","robots":"max-image-preview:large","keywords":"sabores","webmasterTools":{"google-site-verification":"UA-38556648-1","miscellaneous":""},"schema":{"@context":"https:\/\/schema.org","@graph":[{"@type":"Article","@id":"https:\/\/eldigitaldeasturias.com\/magazine365\/el-otono-es-el-protagonista-oficial-del-area-62-restaurante-de-barbastro\/#article","name":"El oto\u00f1o es el protagonista oficial del \u00c1rea 62 Restaurante de Barbastro | El Digital de Asturias","headline":"El oto\u00f1o es el protagonista oficial del \u00c1rea 62 Restaurante de Barbastro","author":{"@id":"https:\/\/eldigitaldeasturias.com\/magazine365\/author\/admin\/#author"},"publisher":{"@id":"https:\/\/eldigitaldeasturias.com\/magazine365\/#organization"},"image":{"@type":"ImageObject","url":"https:\/\/eldigitaldeasturias.com\/magazine365\/wp-content\/uploads\/2017\/11\/1510076407_area_62_otono_bosque_temporada_menu.jpg","width":700,"height":417},"datePublished":"2017-11-08T18:44:32+01:00","dateModified":"2017-11-08T18:44:32+01:00","inLanguage":"es-ES","mainEntityOfPage":{"@id":"https:\/\/eldigitaldeasturias.com\/magazine365\/el-otono-es-el-protagonista-oficial-del-area-62-restaurante-de-barbastro\/#webpage"},"isPartOf":{"@id":"https:\/\/eldigitaldeasturias.com\/magazine365\/el-otono-es-el-protagonista-oficial-del-area-62-restaurante-de-barbastro\/#webpage"},"articleSection":"Sabores"},{"@type":"BreadcrumbList","@id":"https:\/\/eldigitaldeasturias.com\/magazine365\/el-otono-es-el-protagonista-oficial-del-area-62-restaurante-de-barbastro\/#breadcrumblist","itemListElement":[{"@type":"ListItem","@id":"https:\/\/eldigitaldeasturias.com\/magazine365#listItem","position":1,"name":"Home","item":"https:\/\/eldigitaldeasturias.com\/magazine365","nextItem":{"@type":"ListItem","@id":"https:\/\/eldigitaldeasturias.com\/magazine365\/category\/sabores\/#listItem","name":"Sabores"}},{"@type":"ListItem","@id":"https:\/\/eldigitaldeasturias.com\/magazine365\/category\/sabores\/#listItem","position":2,"name":"Sabores","item":"https:\/\/eldigitaldeasturias.com\/magazine365\/category\/sabores\/","nextItem":{"@type":"ListItem","@id":"https:\/\/eldigitaldeasturias.com\/magazine365\/el-otono-es-el-protagonista-oficial-del-area-62-restaurante-de-barbastro\/#listItem","name":"El oto\u00f1o es el protagonista oficial del \u00c1rea 62 Restaurante de Barbastro"},"previousItem":{"@type":"ListItem","@id":"https:\/\/eldigitaldeasturias.com\/magazine365#listItem","name":"Home"}},{"@type":"ListItem","@id":"https:\/\/eldigitaldeasturias.com\/magazine365\/el-otono-es-el-protagonista-oficial-del-area-62-restaurante-de-barbastro\/#listItem","position":3,"name":"El oto\u00f1o es el protagonista oficial del \u00c1rea 62 Restaurante de Barbastro","previousItem":{"@type":"ListItem","@id":"https:\/\/eldigitaldeasturias.com\/magazine365\/category\/sabores\/#listItem","name":"Sabores"}}]},{"@type":"Organization","@id":"https:\/\/eldigitaldeasturias.com\/magazine365\/#organization","name":"El digital de Asturias","description":"Revista de ocio, turismo y estilo de vida","url":"https:\/\/eldigitaldeasturias.com\/magazine365\/","logo":{"@type":"ImageObject","url":"https:\/\/www.eldigitaldeasturias.com\/noticias\/wp-content\/uploads\/2020\/12\/EDA.jpg","@id":"https:\/\/eldigitaldeasturias.com\/magazine365\/el-otono-es-el-protagonista-oficial-del-area-62-restaurante-de-barbastro\/#organizationLogo"},"image":{"@id":"https:\/\/eldigitaldeasturias.com\/magazine365\/el-otono-es-el-protagonista-oficial-del-area-62-restaurante-de-barbastro\/#organizationLogo"}},{"@type":"Person","@id":"https:\/\/eldigitaldeasturias.com\/magazine365\/author\/admin\/#author","url":"https:\/\/eldigitaldeasturias.com\/magazine365\/author\/admin\/","name":"admin","image":{"@type":"ImageObject","@id":"https:\/\/eldigitaldeasturias.com\/magazine365\/el-otono-es-el-protagonista-oficial-del-area-62-restaurante-de-barbastro\/#authorImage","url":"https:\/\/eldigitaldeasturias.com\/magazine365\/wp-content\/litespeed\/avatar\/e571bcf59a0edd6fa6838245a470f2fe.jpg?ver=1777574230","width":96,"height":96,"caption":"admin"}},{"@type":"WebPage","@id":"https:\/\/eldigitaldeasturias.com\/magazine365\/el-otono-es-el-protagonista-oficial-del-area-62-restaurante-de-barbastro\/#webpage","url":"https:\/\/eldigitaldeasturias.com\/magazine365\/el-otono-es-el-protagonista-oficial-del-area-62-restaurante-de-barbastro\/","name":"El oto\u00f1o es el protagonista oficial del \u00c1rea 62 Restaurante de Barbastro | El Digital de Asturias","description":"El restaurante del \u00e1rea de servicio \u00c1rea 62, en la autov\u00eda A-22 a la altura de Barbastro, tiene la vista puesta en su segundo oto\u00f1o. Su estupendo enclave estrat\u00e9gico, y su notable apuesta por la cocina de mercado, hacen suponer una nueva excelente campa\u00f1a oto\u00f1al. Estas semanas son tiempo de realizar paseos por el campo,","inLanguage":"es-ES","isPartOf":{"@id":"https:\/\/eldigitaldeasturias.com\/magazine365\/#website"},"breadcrumb":{"@id":"https:\/\/eldigitaldeasturias.com\/magazine365\/el-otono-es-el-protagonista-oficial-del-area-62-restaurante-de-barbastro\/#breadcrumblist"},"author":{"@id":"https:\/\/eldigitaldeasturias.com\/magazine365\/author\/admin\/#author"},"creator":{"@id":"https:\/\/eldigitaldeasturias.com\/magazine365\/author\/admin\/#author"},"image":{"@type":"ImageObject","url":"https:\/\/eldigitaldeasturias.com\/magazine365\/wp-content\/uploads\/2017\/11\/1510076407_area_62_otono_bosque_temporada_menu.jpg","@id":"https:\/\/eldigitaldeasturias.com\/magazine365\/el-otono-es-el-protagonista-oficial-del-area-62-restaurante-de-barbastro\/#mainImage","width":700,"height":417},"primaryImageOfPage":{"@id":"https:\/\/eldigitaldeasturias.com\/magazine365\/el-otono-es-el-protagonista-oficial-del-area-62-restaurante-de-barbastro\/#mainImage"},"datePublished":"2017-11-08T18:44:32+01:00","dateModified":"2017-11-08T18:44:32+01:00"},{"@type":"WebSite","@id":"https:\/\/eldigitaldeasturias.com\/magazine365\/#website","url":"https:\/\/eldigitaldeasturias.com\/magazine365\/","name":"El Digital de Asturias","description":"Revista de ocio, turismo y estilo de vida","inLanguage":"es-ES","publisher":{"@id":"https:\/\/eldigitaldeasturias.com\/magazine365\/#organization"}}]},"og:locale":"es_ES","og:site_name":"El Digital de Asturias \u2013 Revista de ocio, turismo y estilo de vida","og:type":"article","og:title":"El oto\u00f1o es el protagonista oficial del \u00c1rea 62 Restaurante de Barbastro | El Digital de Asturias","og:description":"El restaurante del \u00e1rea de servicio \u00c1rea 62, en la autov\u00eda A-22 a la altura de Barbastro, tiene la vista puesta en su segundo oto\u00f1o. Su estupendo enclave estrat\u00e9gico, y su notable apuesta por la cocina de mercado, hacen suponer una nueva excelente campa\u00f1a oto\u00f1al. Estas semanas son tiempo de realizar paseos por el campo,","og:url":"https:\/\/eldigitaldeasturias.com\/magazine365\/el-otono-es-el-protagonista-oficial-del-area-62-restaurante-de-barbastro\/","og:image":"https:\/\/eldigitaldeasturias.com\/magazine365\/wp-content\/uploads\/2017\/11\/1510076407_area_62_otono_bosque_temporada_menu.jpg","og:image:secure_url":"https:\/\/eldigitaldeasturias.com\/magazine365\/wp-content\/uploads\/2017\/11\/1510076407_area_62_otono_bosque_temporada_menu.jpg","og:image:width":700,"og:image:height":417,"article:published_time":"2017-11-08T17:14:32+00:00","article:modified_time":"2017-11-08T17:14:32+00:00","twitter:card":"summary_large_image","twitter:title":"El oto\u00f1o es el protagonista oficial del \u00c1rea 62 Restaurante de Barbastro | El Digital de Asturias","twitter:description":"El restaurante del \u00e1rea de servicio \u00c1rea 62, en la autov\u00eda A-22 a la altura de Barbastro, tiene la vista puesta en su segundo oto\u00f1o. Su estupendo enclave estrat\u00e9gico, y su notable apuesta por la cocina de mercado, hacen suponer una nueva excelente campa\u00f1a oto\u00f1al. Estas semanas son tiempo de realizar paseos por el campo,","twitter:image":"https:\/\/eldigitaldeasturias.com\/magazine365\/wp-content\/uploads\/2017\/11\/1510076407_area_62_otono_bosque_temporada_menu.jpg"},"aioseo_meta_data":{"post_id":"89465","title":null,"description":null,"keywords":null,"keyphrases":null,"primary_term":null,"canonical_url":null,"og_title":null,"og_description":null,"og_object_type":"default","og_image_type":"default","og_image_url":null,"og_image_width":null,"og_image_height":null,"og_image_custom_url":null,"og_image_custom_fields":null,"og_video":null,"og_custom_url":null,"og_article_section":null,"og_article_tags":null,"twitter_use_og":false,"twitter_card":"default","twitter_image_type":"default","twitter_image_url":null,"twitter_image_custom_url":null,"twitter_image_custom_fields":null,"twitter_title":null,"twitter_description":null,"schema":{"blockGraphs":[],"customGraphs":[],"default":{"data":{"Article":[],"Course":[],"Dataset":[],"FAQPage":[],"Movie":[],"Person":[],"Product":[],"ProductReview":[],"Car":[],"Recipe":[],"Service":[],"SoftwareApplication":[],"WebPage":[]},"graphName":"","isEnabled":true},"graphs":[],"defaultGraph":"","defaultPostTypeGraph":""},"schema_type":null,"schema_type_options":null,"pillar_content":false,"robots_default":true,"robots_noindex":false,"robots_noarchive":false,"robots_nosnippet":false,"robots_nofollow":false,"robots_noimageindex":false,"robots_noodp":false,"robots_notranslate":false,"robots_max_snippet":null,"robots_max_videopreview":null,"robots_max_imagepreview":"large","priority":null,"frequency":null,"location":null,"local_seo":null,"seo_analyzer_scan_date":"2025-09-28 14:47:27","breadcrumb_settings":null,"limit_modified_date":false,"open_ai":null,"ai":null,"created":"2020-12-21 14:15:22","updated":"2025-09-28 14:47:27"},"aioseo_breadcrumb":"<div class=\"aioseo-breadcrumbs\"><span class=\"aioseo-breadcrumb\">\n\t<a href=\"https:\/\/eldigitaldeasturias.com\/magazine365\" title=\"Home\">Home<\/a>\n<\/span><span class=\"aioseo-breadcrumb-separator\">\u2013<\/span><span class=\"aioseo-breadcrumb\">\n\t<a href=\"https:\/\/eldigitaldeasturias.com\/magazine365\/category\/sabores\/\" title=\"Sabores\">Sabores<\/a>\n<\/span><span class=\"aioseo-breadcrumb-separator\">\u2013<\/span><span class=\"aioseo-breadcrumb\">\n\t<a href=\"https:\/\/eldigitaldeasturias.com\/magazine365\/el-otono-es-el-protagonista-oficial-del-area-62-restaurante-de-barbastro\/\" title=\"El oto\u00f1o es el protagonista oficial del \u00c1rea 62 Restaurante de Barbastro\">El oto\u00f1o es el protagonista oficial del \u00c1rea 62 Restaurante de Barbastro<\/a>\n<\/span><\/div>","aioseo_breadcrumb_json":[{"label":"Home","link":"https:\/\/eldigitaldeasturias.com\/magazine365"},{"label":"Sabores","link":"https:\/\/eldigitaldeasturias.com\/magazine365\/category\/sabores\/"},{"label":"El oto\u00f1o es el protagonista oficial del \u00c1rea 62 Restaurante de Barbastro","link":"https:\/\/eldigitaldeasturias.com\/magazine365\/el-otono-es-el-protagonista-oficial-del-area-62-restaurante-de-barbastro\/"}],"_links":{"self":[{"href":"https:\/\/eldigitaldeasturias.com\/magazine365\/wp-json\/wp\/v2\/posts\/89465","targetHints":{"allow":["GET"]}}],"collection":[{"href":"https:\/\/eldigitaldeasturias.com\/magazine365\/wp-json\/wp\/v2\/posts"}],"about":[{"href":"https:\/\/eldigitaldeasturias.com\/magazine365\/wp-json\/wp\/v2\/types\/post"}],"author":[{"embeddable":true,"href":"https:\/\/eldigitaldeasturias.com\/magazine365\/wp-json\/wp\/v2\/users\/1"}],"replies":[{"embeddable":true,"href":"https:\/\/eldigitaldeasturias.com\/magazine365\/wp-json\/wp\/v2\/comments?post=89465"}],"version-history":[{"count":0,"href":"https:\/\/eldigitaldeasturias.com\/magazine365\/wp-json\/wp\/v2\/posts\/89465\/revisions"}],"wp:featuredmedia":[{"embeddable":true,"href":"https:\/\/eldigitaldeasturias.com\/magazine365\/wp-json\/wp\/v2\/media\/89466"}],"wp:attachment":[{"href":"https:\/\/eldigitaldeasturias.com\/magazine365\/wp-json\/wp\/v2\/media?parent=89465"}],"wp:term":[{"taxonomy":"category","embeddable":true,"href":"https:\/\/eldigitaldeasturias.com\/magazine365\/wp-json\/wp\/v2\/categories?post=89465"},{"taxonomy":"post_tag","embeddable":true,"href":"https:\/\/eldigitaldeasturias.com\/magazine365\/wp-json\/wp\/v2\/tags?post=89465"}],"curies":[{"name":"wp","href":"https:\/\/api.w.org\/{rel}","templated":true}]}}