{"id":889,"date":"2014-01-14T12:33:02","date_gmt":"2014-01-14T13:33:02","guid":{"rendered":"http:\/\/eldigitaldeasturias.com\/magazine365\/?p=889"},"modified":"2014-01-14T12:33:02","modified_gmt":"2014-01-14T13:33:02","slug":"paulina-rubio-demanda-a-telemundo-por-supuesto-incumplimiento-de-su-contrato-en-la-voz-kids","status":"publish","type":"post","link":"https:\/\/eldigitaldeasturias.com\/magazine365\/paulina-rubio-demanda-a-telemundo-por-supuesto-incumplimiento-de-su-contrato-en-la-voz-kids\/","title":{"rendered":"Paulina Rubio demanda a Telemundo por supuesto incumplimiento de su contrato en \u00abLa Voz Kids\u00bb"},"content":{"rendered":"<p><img fetchpriority=\"high\" decoding=\"async\" class=\"alignleft size-medium wp-image-890\" alt=\"5847361w\" src=\"https:\/\/eldigitaldeasturias.com\/magazine365\/wp-content\/uploads\/2014\/01\/5847361w-360x239.jpg\" width=\"360\" height=\"239\" \/>Los \u00c1ngeles (EE.UU.), 14 ene (EFE).- La cantante mexicana Paulina Rubio demand\u00f3 a Telemundo por prescindir supuestamente de sus servicios para la segunda temporada de \u00abLa Voz Kids\u00bb, pero la cadena de televisi\u00f3n neg\u00f3 que hubiera un contrato firmado, inform\u00f3 The Hollywood Reporter.<\/p>\n<p>Rubio, seg\u00fan la informaci\u00f3n, hab\u00eda renovado con Telemundo para repetir como profesora \u00abcoach\u00bb de los j\u00f3venes concursantes con aspiraciones art\u00edsticas, un papel que ya tuvo en la primera temporada del programa junto a Prince Royce y Roberto Tapia.<\/p>\n<p>La mexicana quer\u00eda continuar con su presencia en el \u00abreality\u00bb musical y, siempre seg\u00fan la versi\u00f3n de los representantes legales de Rubio, pact\u00f3 con la cadena las condiciones de la renovaci\u00f3n, tanto de forma oral como por correspondencia a trav\u00e9s de internet.<\/p>\n<p>Ese acuerdo supon\u00eda unos ingresos de 1,3 millones de d\u00f3lares para Paulina Rubio, pero el pasado 23 de diciembre Telemundo inform\u00f3 al abogado de la cantante de que la cadena hab\u00eda decidido prescindir de ella para la siguiente etapa de \u00abLa Voz Kids\u00bb, a\u00f1adi\u00f3 la fuente period\u00edstica.<\/p>\n<p>Telemundo, siempre seg\u00fan The Hollywood Reporter, atribuy\u00f3 su cambio de idea a problemas de compatibilidad de agenda de Paulina Rubio con el programa, ya que la cantante tambi\u00e9n ejerce de jurado en otro concurso, \u00abX Factor\u00bb, para Fox.<\/p>\n<p>Telemundo, sin embargo, neg\u00f3 que hubiera un contrato firmado con Paulina Rubio para la segunda temporada de \u00abLa Voz Kids\u00bb.<\/p>\n<p>Los abogados de la int\u00e9rprete reclaman en la demanda un mill\u00f3n de d\u00f3lares como m\u00ednimo por supuesto incumplimiento de contrato y otros 100.000 d\u00f3lares por un acuerdo para promocionar una marca de detergentes, a\u00f1ade el mismo medio.<\/p>\n<p>La defensa de la demandante cree que Telemundo opt\u00f3 por descartar a Paulina Rubio una vez que asegur\u00f3 un reemplazo.<\/p>\n<p>Telemundo anunci\u00f3 ya que la espa\u00f1ola Natalia Jim\u00e9nez ser\u00e1 la nueva \u00abcoach\u00bb de \u00abLa Voz Kids\u00bb.<\/p>\n","protected":false},"excerpt":{"rendered":"<p>Los \u00c1ngeles (EE.UU.), 14 ene (EFE).- La cantante mexicana Paulina Rubio demand\u00f3 a Telemundo por prescindir supuestamente de sus servicios para la segunda temporada de \u00abLa Voz Kids\u00bb, pero la cadena de televisi\u00f3n neg\u00f3 que hubiera un contrato firmado, inform\u00f3 The Hollywood Reporter. Rubio, seg\u00fan la informaci\u00f3n, hab\u00eda renovado con Telemundo para repetir como profesora<\/p>\n","protected":false},"author":1,"featured_media":890,"comment_status":"open","ping_status":"open","sticky":false,"template":"","format":"standard","meta":{"footnotes":""},"categories":[224],"tags":[],"class_list":{"0":"post-889","1":"post","2":"type-post","3":"status-publish","4":"format-standard","5":"has-post-thumbnail","7":"category-noticias-actualidad"},"aioseo_notices":[],"aioseo_head":"\n\t\t<!-- All in One SEO Pro 4.9.6.1 - aioseo.com -->\n\t<meta name=\"description\" content=\"Los \u00c1ngeles (EE.UU.), 14 ene (EFE).- La cantante mexicana Paulina Rubio demand\u00f3 a Telemundo por prescindir supuestamente de sus servicios para la segunda temporada de &quot;La Voz Kids&quot;, pero la cadena de televisi\u00f3n neg\u00f3 que hubiera un contrato firmado, inform\u00f3 The Hollywood Reporter. Rubio, seg\u00fan la informaci\u00f3n, hab\u00eda renovado con Telemundo para repetir como profesora\" \/>\n\t<meta name=\"robots\" content=\"max-image-preview:large\" \/>\n\t<meta name=\"author\" content=\"admin\"\/>\n\t<meta name=\"google-site-verification\" content=\"UA-38556648-1\" \/>\n\t<meta name=\"keywords\" content=\"noticias y actualidad\" \/>\n\t<link rel=\"canonical\" href=\"https:\/\/eldigitaldeasturias.com\/magazine365\/paulina-rubio-demanda-a-telemundo-por-supuesto-incumplimiento-de-su-contrato-en-la-voz-kids\/\" \/>\n\t<meta name=\"generator\" content=\"All in One SEO Pro (AIOSEO) 4.9.6.1\" \/>\n\t\t<meta property=\"og:locale\" content=\"es_ES\" \/>\n\t\t<meta property=\"og:site_name\" content=\"El Digital de Asturias \u2013 Revista de ocio, turismo y estilo de vida\" \/>\n\t\t<meta property=\"og:type\" content=\"article\" \/>\n\t\t<meta property=\"og:title\" content=\"Paulina Rubio demanda a Telemundo por supuesto incumplimiento de su contrato en \u00abLa Voz Kids\u00bb | El Digital de Asturias\" \/>\n\t\t<meta property=\"og:description\" content=\"Los \u00c1ngeles (EE.UU.), 14 ene (EFE).- La cantante mexicana Paulina Rubio demand\u00f3 a Telemundo por prescindir supuestamente de sus servicios para la segunda temporada de &quot;La Voz Kids&quot;, pero la cadena de televisi\u00f3n neg\u00f3 que hubiera un contrato firmado, inform\u00f3 The Hollywood Reporter. Rubio, seg\u00fan la informaci\u00f3n, hab\u00eda renovado con Telemundo para repetir como profesora\" \/>\n\t\t<meta property=\"og:url\" content=\"https:\/\/eldigitaldeasturias.com\/magazine365\/paulina-rubio-demanda-a-telemundo-por-supuesto-incumplimiento-de-su-contrato-en-la-voz-kids\/\" \/>\n\t\t<meta property=\"og:image\" content=\"https:\/\/eldigitaldeasturias.com\/magazine365\/wp-content\/uploads\/2014\/01\/5847361w.jpg\" \/>\n\t\t<meta property=\"og:image:secure_url\" content=\"https:\/\/eldigitaldeasturias.com\/magazine365\/wp-content\/uploads\/2014\/01\/5847361w.jpg\" \/>\n\t\t<meta property=\"og:image:width\" content=\"800\" \/>\n\t\t<meta property=\"og:image:height\" content=\"533\" \/>\n\t\t<meta property=\"article:published_time\" content=\"2014-01-14T13:33:02+00:00\" \/>\n\t\t<meta property=\"article:modified_time\" content=\"2014-01-14T13:33:02+00:00\" \/>\n\t\t<meta name=\"twitter:card\" content=\"summary_large_image\" \/>\n\t\t<meta name=\"twitter:title\" content=\"Paulina Rubio demanda a Telemundo por supuesto incumplimiento de su contrato en \u00abLa Voz Kids\u00bb | El Digital de Asturias\" \/>\n\t\t<meta name=\"twitter:description\" content=\"Los \u00c1ngeles (EE.UU.), 14 ene (EFE).- La cantante mexicana Paulina Rubio demand\u00f3 a Telemundo por prescindir supuestamente de sus servicios para la segunda temporada de &quot;La Voz Kids&quot;, pero la cadena de televisi\u00f3n neg\u00f3 que hubiera un contrato firmado, inform\u00f3 The Hollywood Reporter. Rubio, seg\u00fan la informaci\u00f3n, hab\u00eda renovado con Telemundo para repetir como profesora\" \/>\n\t\t<meta name=\"twitter:image\" content=\"https:\/\/eldigitaldeasturias.com\/magazine365\/wp-content\/uploads\/2014\/01\/5847361w.jpg\" \/>\n\t\t<script type=\"application\/ld+json\" class=\"aioseo-schema\">\n\t\t\t{\"@context\":\"https:\\\/\\\/schema.org\",\"@graph\":[{\"@type\":\"Article\",\"@id\":\"https:\\\/\\\/eldigitaldeasturias.com\\\/magazine365\\\/paulina-rubio-demanda-a-telemundo-por-supuesto-incumplimiento-de-su-contrato-en-la-voz-kids\\\/#article\",\"name\":\"Paulina Rubio demanda a Telemundo por supuesto incumplimiento de su contrato en \\u00abLa Voz Kids\\u00bb | El Digital de Asturias\",\"headline\":\"Paulina Rubio demanda a Telemundo por supuesto incumplimiento de su contrato en \\u00abLa Voz Kids\\u00bb\",\"author\":{\"@id\":\"https:\\\/\\\/eldigitaldeasturias.com\\\/magazine365\\\/author\\\/admin\\\/#author\"},\"publisher\":{\"@id\":\"https:\\\/\\\/eldigitaldeasturias.com\\\/magazine365\\\/#organization\"},\"image\":{\"@type\":\"ImageObject\",\"url\":\"https:\\\/\\\/eldigitaldeasturias.com\\\/magazine365\\\/wp-content\\\/uploads\\\/2014\\\/01\\\/5847361w.jpg\",\"width\":800,\"height\":533},\"datePublished\":\"2014-01-14T12:33:02+01:00\",\"dateModified\":\"2014-01-14T12:33:02+01:00\",\"inLanguage\":\"es-ES\",\"mainEntityOfPage\":{\"@id\":\"https:\\\/\\\/eldigitaldeasturias.com\\\/magazine365\\\/paulina-rubio-demanda-a-telemundo-por-supuesto-incumplimiento-de-su-contrato-en-la-voz-kids\\\/#webpage\"},\"isPartOf\":{\"@id\":\"https:\\\/\\\/eldigitaldeasturias.com\\\/magazine365\\\/paulina-rubio-demanda-a-telemundo-por-supuesto-incumplimiento-de-su-contrato-en-la-voz-kids\\\/#webpage\"},\"articleSection\":\"Noticias y Actualidad\"},{\"@type\":\"BreadcrumbList\",\"@id\":\"https:\\\/\\\/eldigitaldeasturias.com\\\/magazine365\\\/paulina-rubio-demanda-a-telemundo-por-supuesto-incumplimiento-de-su-contrato-en-la-voz-kids\\\/#breadcrumblist\",\"itemListElement\":[{\"@type\":\"ListItem\",\"@id\":\"https:\\\/\\\/eldigitaldeasturias.com\\\/magazine365#listItem\",\"position\":1,\"name\":\"Home\",\"item\":\"https:\\\/\\\/eldigitaldeasturias.com\\\/magazine365\",\"nextItem\":{\"@type\":\"ListItem\",\"@id\":\"https:\\\/\\\/eldigitaldeasturias.com\\\/magazine365\\\/category\\\/noticias-actualidad\\\/#listItem\",\"name\":\"Noticias y Actualidad\"}},{\"@type\":\"ListItem\",\"@id\":\"https:\\\/\\\/eldigitaldeasturias.com\\\/magazine365\\\/category\\\/noticias-actualidad\\\/#listItem\",\"position\":2,\"name\":\"Noticias y Actualidad\",\"item\":\"https:\\\/\\\/eldigitaldeasturias.com\\\/magazine365\\\/category\\\/noticias-actualidad\\\/\",\"nextItem\":{\"@type\":\"ListItem\",\"@id\":\"https:\\\/\\\/eldigitaldeasturias.com\\\/magazine365\\\/paulina-rubio-demanda-a-telemundo-por-supuesto-incumplimiento-de-su-contrato-en-la-voz-kids\\\/#listItem\",\"name\":\"Paulina Rubio demanda a Telemundo por supuesto incumplimiento de su contrato en \\u00abLa Voz Kids\\u00bb\"},\"previousItem\":{\"@type\":\"ListItem\",\"@id\":\"https:\\\/\\\/eldigitaldeasturias.com\\\/magazine365#listItem\",\"name\":\"Home\"}},{\"@type\":\"ListItem\",\"@id\":\"https:\\\/\\\/eldigitaldeasturias.com\\\/magazine365\\\/paulina-rubio-demanda-a-telemundo-por-supuesto-incumplimiento-de-su-contrato-en-la-voz-kids\\\/#listItem\",\"position\":3,\"name\":\"Paulina Rubio demanda a Telemundo por supuesto incumplimiento de su contrato en \\u00abLa Voz Kids\\u00bb\",\"previousItem\":{\"@type\":\"ListItem\",\"@id\":\"https:\\\/\\\/eldigitaldeasturias.com\\\/magazine365\\\/category\\\/noticias-actualidad\\\/#listItem\",\"name\":\"Noticias y Actualidad\"}}]},{\"@type\":\"Organization\",\"@id\":\"https:\\\/\\\/eldigitaldeasturias.com\\\/magazine365\\\/#organization\",\"name\":\"El digital de Asturias\",\"description\":\"Revista de ocio, turismo y estilo de vida\",\"url\":\"https:\\\/\\\/eldigitaldeasturias.com\\\/magazine365\\\/\",\"logo\":{\"@type\":\"ImageObject\",\"url\":\"https:\\\/\\\/www.eldigitaldeasturias.com\\\/noticias\\\/wp-content\\\/uploads\\\/2020\\\/12\\\/EDA.jpg\",\"@id\":\"https:\\\/\\\/eldigitaldeasturias.com\\\/magazine365\\\/paulina-rubio-demanda-a-telemundo-por-supuesto-incumplimiento-de-su-contrato-en-la-voz-kids\\\/#organizationLogo\"},\"image\":{\"@id\":\"https:\\\/\\\/eldigitaldeasturias.com\\\/magazine365\\\/paulina-rubio-demanda-a-telemundo-por-supuesto-incumplimiento-de-su-contrato-en-la-voz-kids\\\/#organizationLogo\"}},{\"@type\":\"Person\",\"@id\":\"https:\\\/\\\/eldigitaldeasturias.com\\\/magazine365\\\/author\\\/admin\\\/#author\",\"url\":\"https:\\\/\\\/eldigitaldeasturias.com\\\/magazine365\\\/author\\\/admin\\\/\",\"name\":\"admin\",\"image\":{\"@type\":\"ImageObject\",\"@id\":\"https:\\\/\\\/eldigitaldeasturias.com\\\/magazine365\\\/paulina-rubio-demanda-a-telemundo-por-supuesto-incumplimiento-de-su-contrato-en-la-voz-kids\\\/#authorImage\",\"url\":\"https:\\\/\\\/eldigitaldeasturias.com\\\/magazine365\\\/wp-content\\\/litespeed\\\/avatar\\\/e571bcf59a0edd6fa6838245a470f2fe.jpg?ver=1776969259\",\"width\":96,\"height\":96,\"caption\":\"admin\"}},{\"@type\":\"WebPage\",\"@id\":\"https:\\\/\\\/eldigitaldeasturias.com\\\/magazine365\\\/paulina-rubio-demanda-a-telemundo-por-supuesto-incumplimiento-de-su-contrato-en-la-voz-kids\\\/#webpage\",\"url\":\"https:\\\/\\\/eldigitaldeasturias.com\\\/magazine365\\\/paulina-rubio-demanda-a-telemundo-por-supuesto-incumplimiento-de-su-contrato-en-la-voz-kids\\\/\",\"name\":\"Paulina Rubio demanda a Telemundo por supuesto incumplimiento de su contrato en \\u00abLa Voz Kids\\u00bb | El Digital de Asturias\",\"description\":\"Los \\u00c1ngeles (EE.UU.), 14 ene (EFE).- La cantante mexicana Paulina Rubio demand\\u00f3 a Telemundo por prescindir supuestamente de sus servicios para la segunda temporada de \\\"La Voz Kids\\\", pero la cadena de televisi\\u00f3n neg\\u00f3 que hubiera un contrato firmado, inform\\u00f3 The Hollywood Reporter. Rubio, seg\\u00fan la informaci\\u00f3n, hab\\u00eda renovado con Telemundo para repetir como profesora\",\"inLanguage\":\"es-ES\",\"isPartOf\":{\"@id\":\"https:\\\/\\\/eldigitaldeasturias.com\\\/magazine365\\\/#website\"},\"breadcrumb\":{\"@id\":\"https:\\\/\\\/eldigitaldeasturias.com\\\/magazine365\\\/paulina-rubio-demanda-a-telemundo-por-supuesto-incumplimiento-de-su-contrato-en-la-voz-kids\\\/#breadcrumblist\"},\"author\":{\"@id\":\"https:\\\/\\\/eldigitaldeasturias.com\\\/magazine365\\\/author\\\/admin\\\/#author\"},\"creator\":{\"@id\":\"https:\\\/\\\/eldigitaldeasturias.com\\\/magazine365\\\/author\\\/admin\\\/#author\"},\"image\":{\"@type\":\"ImageObject\",\"url\":\"https:\\\/\\\/eldigitaldeasturias.com\\\/magazine365\\\/wp-content\\\/uploads\\\/2014\\\/01\\\/5847361w.jpg\",\"@id\":\"https:\\\/\\\/eldigitaldeasturias.com\\\/magazine365\\\/paulina-rubio-demanda-a-telemundo-por-supuesto-incumplimiento-de-su-contrato-en-la-voz-kids\\\/#mainImage\",\"width\":800,\"height\":533},\"primaryImageOfPage\":{\"@id\":\"https:\\\/\\\/eldigitaldeasturias.com\\\/magazine365\\\/paulina-rubio-demanda-a-telemundo-por-supuesto-incumplimiento-de-su-contrato-en-la-voz-kids\\\/#mainImage\"},\"datePublished\":\"2014-01-14T12:33:02+01:00\",\"dateModified\":\"2014-01-14T12:33:02+01:00\"},{\"@type\":\"WebSite\",\"@id\":\"https:\\\/\\\/eldigitaldeasturias.com\\\/magazine365\\\/#website\",\"url\":\"https:\\\/\\\/eldigitaldeasturias.com\\\/magazine365\\\/\",\"name\":\"El Digital de Asturias\",\"description\":\"Revista de ocio, turismo y estilo de vida\",\"inLanguage\":\"es-ES\",\"publisher\":{\"@id\":\"https:\\\/\\\/eldigitaldeasturias.com\\\/magazine365\\\/#organization\"}}]}\n\t\t<\/script>\n\t\t<!-- All in One SEO Pro -->\r\n\t\t<title>Paulina Rubio demanda a Telemundo por supuesto incumplimiento de su contrato en \u00abLa Voz Kids\u00bb | El Digital de Asturias<\/title>\n\n","aioseo_head_json":{"title":"Paulina Rubio demanda a Telemundo por supuesto incumplimiento de su contrato en \u00abLa Voz Kids\u00bb | El Digital de Asturias","description":"Los \u00c1ngeles (EE.UU.), 14 ene (EFE).- La cantante mexicana Paulina Rubio demand\u00f3 a Telemundo por prescindir supuestamente de sus servicios para la segunda temporada de \"La Voz Kids\", pero la cadena de televisi\u00f3n neg\u00f3 que hubiera un contrato firmado, inform\u00f3 The Hollywood Reporter. Rubio, seg\u00fan la informaci\u00f3n, hab\u00eda renovado con Telemundo para repetir como profesora","canonical_url":"https:\/\/eldigitaldeasturias.com\/magazine365\/paulina-rubio-demanda-a-telemundo-por-supuesto-incumplimiento-de-su-contrato-en-la-voz-kids\/","robots":"max-image-preview:large","keywords":"noticias y actualidad","webmasterTools":{"google-site-verification":"UA-38556648-1","miscellaneous":""},"schema":{"@context":"https:\/\/schema.org","@graph":[{"@type":"Article","@id":"https:\/\/eldigitaldeasturias.com\/magazine365\/paulina-rubio-demanda-a-telemundo-por-supuesto-incumplimiento-de-su-contrato-en-la-voz-kids\/#article","name":"Paulina Rubio demanda a Telemundo por supuesto incumplimiento de su contrato en \u00abLa Voz Kids\u00bb | El Digital de Asturias","headline":"Paulina Rubio demanda a Telemundo por supuesto incumplimiento de su contrato en \u00abLa Voz Kids\u00bb","author":{"@id":"https:\/\/eldigitaldeasturias.com\/magazine365\/author\/admin\/#author"},"publisher":{"@id":"https:\/\/eldigitaldeasturias.com\/magazine365\/#organization"},"image":{"@type":"ImageObject","url":"https:\/\/eldigitaldeasturias.com\/magazine365\/wp-content\/uploads\/2014\/01\/5847361w.jpg","width":800,"height":533},"datePublished":"2014-01-14T12:33:02+01:00","dateModified":"2014-01-14T12:33:02+01:00","inLanguage":"es-ES","mainEntityOfPage":{"@id":"https:\/\/eldigitaldeasturias.com\/magazine365\/paulina-rubio-demanda-a-telemundo-por-supuesto-incumplimiento-de-su-contrato-en-la-voz-kids\/#webpage"},"isPartOf":{"@id":"https:\/\/eldigitaldeasturias.com\/magazine365\/paulina-rubio-demanda-a-telemundo-por-supuesto-incumplimiento-de-su-contrato-en-la-voz-kids\/#webpage"},"articleSection":"Noticias y Actualidad"},{"@type":"BreadcrumbList","@id":"https:\/\/eldigitaldeasturias.com\/magazine365\/paulina-rubio-demanda-a-telemundo-por-supuesto-incumplimiento-de-su-contrato-en-la-voz-kids\/#breadcrumblist","itemListElement":[{"@type":"ListItem","@id":"https:\/\/eldigitaldeasturias.com\/magazine365#listItem","position":1,"name":"Home","item":"https:\/\/eldigitaldeasturias.com\/magazine365","nextItem":{"@type":"ListItem","@id":"https:\/\/eldigitaldeasturias.com\/magazine365\/category\/noticias-actualidad\/#listItem","name":"Noticias y Actualidad"}},{"@type":"ListItem","@id":"https:\/\/eldigitaldeasturias.com\/magazine365\/category\/noticias-actualidad\/#listItem","position":2,"name":"Noticias y Actualidad","item":"https:\/\/eldigitaldeasturias.com\/magazine365\/category\/noticias-actualidad\/","nextItem":{"@type":"ListItem","@id":"https:\/\/eldigitaldeasturias.com\/magazine365\/paulina-rubio-demanda-a-telemundo-por-supuesto-incumplimiento-de-su-contrato-en-la-voz-kids\/#listItem","name":"Paulina Rubio demanda a Telemundo por supuesto incumplimiento de su contrato en \u00abLa Voz Kids\u00bb"},"previousItem":{"@type":"ListItem","@id":"https:\/\/eldigitaldeasturias.com\/magazine365#listItem","name":"Home"}},{"@type":"ListItem","@id":"https:\/\/eldigitaldeasturias.com\/magazine365\/paulina-rubio-demanda-a-telemundo-por-supuesto-incumplimiento-de-su-contrato-en-la-voz-kids\/#listItem","position":3,"name":"Paulina Rubio demanda a Telemundo por supuesto incumplimiento de su contrato en \u00abLa Voz Kids\u00bb","previousItem":{"@type":"ListItem","@id":"https:\/\/eldigitaldeasturias.com\/magazine365\/category\/noticias-actualidad\/#listItem","name":"Noticias y Actualidad"}}]},{"@type":"Organization","@id":"https:\/\/eldigitaldeasturias.com\/magazine365\/#organization","name":"El digital de Asturias","description":"Revista de ocio, turismo y estilo de vida","url":"https:\/\/eldigitaldeasturias.com\/magazine365\/","logo":{"@type":"ImageObject","url":"https:\/\/www.eldigitaldeasturias.com\/noticias\/wp-content\/uploads\/2020\/12\/EDA.jpg","@id":"https:\/\/eldigitaldeasturias.com\/magazine365\/paulina-rubio-demanda-a-telemundo-por-supuesto-incumplimiento-de-su-contrato-en-la-voz-kids\/#organizationLogo"},"image":{"@id":"https:\/\/eldigitaldeasturias.com\/magazine365\/paulina-rubio-demanda-a-telemundo-por-supuesto-incumplimiento-de-su-contrato-en-la-voz-kids\/#organizationLogo"}},{"@type":"Person","@id":"https:\/\/eldigitaldeasturias.com\/magazine365\/author\/admin\/#author","url":"https:\/\/eldigitaldeasturias.com\/magazine365\/author\/admin\/","name":"admin","image":{"@type":"ImageObject","@id":"https:\/\/eldigitaldeasturias.com\/magazine365\/paulina-rubio-demanda-a-telemundo-por-supuesto-incumplimiento-de-su-contrato-en-la-voz-kids\/#authorImage","url":"https:\/\/eldigitaldeasturias.com\/magazine365\/wp-content\/litespeed\/avatar\/e571bcf59a0edd6fa6838245a470f2fe.jpg?ver=1776969259","width":96,"height":96,"caption":"admin"}},{"@type":"WebPage","@id":"https:\/\/eldigitaldeasturias.com\/magazine365\/paulina-rubio-demanda-a-telemundo-por-supuesto-incumplimiento-de-su-contrato-en-la-voz-kids\/#webpage","url":"https:\/\/eldigitaldeasturias.com\/magazine365\/paulina-rubio-demanda-a-telemundo-por-supuesto-incumplimiento-de-su-contrato-en-la-voz-kids\/","name":"Paulina Rubio demanda a Telemundo por supuesto incumplimiento de su contrato en \u00abLa Voz Kids\u00bb | El Digital de Asturias","description":"Los \u00c1ngeles (EE.UU.), 14 ene (EFE).- La cantante mexicana Paulina Rubio demand\u00f3 a Telemundo por prescindir supuestamente de sus servicios para la segunda temporada de \"La Voz Kids\", pero la cadena de televisi\u00f3n neg\u00f3 que hubiera un contrato firmado, inform\u00f3 The Hollywood Reporter. Rubio, seg\u00fan la informaci\u00f3n, hab\u00eda renovado con Telemundo para repetir como profesora","inLanguage":"es-ES","isPartOf":{"@id":"https:\/\/eldigitaldeasturias.com\/magazine365\/#website"},"breadcrumb":{"@id":"https:\/\/eldigitaldeasturias.com\/magazine365\/paulina-rubio-demanda-a-telemundo-por-supuesto-incumplimiento-de-su-contrato-en-la-voz-kids\/#breadcrumblist"},"author":{"@id":"https:\/\/eldigitaldeasturias.com\/magazine365\/author\/admin\/#author"},"creator":{"@id":"https:\/\/eldigitaldeasturias.com\/magazine365\/author\/admin\/#author"},"image":{"@type":"ImageObject","url":"https:\/\/eldigitaldeasturias.com\/magazine365\/wp-content\/uploads\/2014\/01\/5847361w.jpg","@id":"https:\/\/eldigitaldeasturias.com\/magazine365\/paulina-rubio-demanda-a-telemundo-por-supuesto-incumplimiento-de-su-contrato-en-la-voz-kids\/#mainImage","width":800,"height":533},"primaryImageOfPage":{"@id":"https:\/\/eldigitaldeasturias.com\/magazine365\/paulina-rubio-demanda-a-telemundo-por-supuesto-incumplimiento-de-su-contrato-en-la-voz-kids\/#mainImage"},"datePublished":"2014-01-14T12:33:02+01:00","dateModified":"2014-01-14T12:33:02+01:00"},{"@type":"WebSite","@id":"https:\/\/eldigitaldeasturias.com\/magazine365\/#website","url":"https:\/\/eldigitaldeasturias.com\/magazine365\/","name":"El Digital de Asturias","description":"Revista de ocio, turismo y estilo de vida","inLanguage":"es-ES","publisher":{"@id":"https:\/\/eldigitaldeasturias.com\/magazine365\/#organization"}}]},"og:locale":"es_ES","og:site_name":"El Digital de Asturias \u2013 Revista de ocio, turismo y estilo de vida","og:type":"article","og:title":"Paulina Rubio demanda a Telemundo por supuesto incumplimiento de su contrato en \u00abLa Voz Kids\u00bb | El Digital de Asturias","og:description":"Los \u00c1ngeles (EE.UU.), 14 ene (EFE).- La cantante mexicana Paulina Rubio demand\u00f3 a Telemundo por prescindir supuestamente de sus servicios para la segunda temporada de &quot;La Voz Kids&quot;, pero la cadena de televisi\u00f3n neg\u00f3 que hubiera un contrato firmado, inform\u00f3 The Hollywood Reporter. Rubio, seg\u00fan la informaci\u00f3n, hab\u00eda renovado con Telemundo para repetir como profesora","og:url":"https:\/\/eldigitaldeasturias.com\/magazine365\/paulina-rubio-demanda-a-telemundo-por-supuesto-incumplimiento-de-su-contrato-en-la-voz-kids\/","og:image":"https:\/\/eldigitaldeasturias.com\/magazine365\/wp-content\/uploads\/2014\/01\/5847361w.jpg","og:image:secure_url":"https:\/\/eldigitaldeasturias.com\/magazine365\/wp-content\/uploads\/2014\/01\/5847361w.jpg","og:image:width":800,"og:image:height":533,"article:published_time":"2014-01-14T13:33:02+00:00","article:modified_time":"2014-01-14T13:33:02+00:00","twitter:card":"summary_large_image","twitter:title":"Paulina Rubio demanda a Telemundo por supuesto incumplimiento de su contrato en \u00abLa Voz Kids\u00bb | El Digital de Asturias","twitter:description":"Los \u00c1ngeles (EE.UU.), 14 ene (EFE).- La cantante mexicana Paulina Rubio demand\u00f3 a Telemundo por prescindir supuestamente de sus servicios para la segunda temporada de &quot;La Voz Kids&quot;, pero la cadena de televisi\u00f3n neg\u00f3 que hubiera un contrato firmado, inform\u00f3 The Hollywood Reporter. Rubio, seg\u00fan la informaci\u00f3n, hab\u00eda renovado con Telemundo para repetir como profesora","twitter:image":"https:\/\/eldigitaldeasturias.com\/magazine365\/wp-content\/uploads\/2014\/01\/5847361w.jpg"},"aioseo_meta_data":{"post_id":"889","title":null,"description":null,"keywords":null,"keyphrases":null,"primary_term":null,"canonical_url":null,"og_title":null,"og_description":null,"og_object_type":"default","og_image_type":"default","og_image_url":null,"og_image_width":null,"og_image_height":null,"og_image_custom_url":null,"og_image_custom_fields":null,"og_video":null,"og_custom_url":null,"og_article_section":null,"og_article_tags":null,"twitter_use_og":false,"twitter_card":"default","twitter_image_type":"default","twitter_image_url":null,"twitter_image_custom_url":null,"twitter_image_custom_fields":null,"twitter_title":null,"twitter_description":null,"schema":{"blockGraphs":[],"customGraphs":[],"default":{"data":{"Article":[],"Course":[],"Dataset":[],"FAQPage":[],"Movie":[],"Person":[],"Product":[],"ProductReview":[],"Car":[],"Recipe":[],"Service":[],"SoftwareApplication":[],"WebPage":[]},"graphName":"","isEnabled":true},"graphs":[],"defaultGraph":"","defaultPostTypeGraph":""},"schema_type":null,"schema_type_options":null,"pillar_content":false,"robots_default":true,"robots_noindex":false,"robots_noarchive":false,"robots_nosnippet":false,"robots_nofollow":false,"robots_noimageindex":false,"robots_noodp":false,"robots_notranslate":false,"robots_max_snippet":null,"robots_max_videopreview":null,"robots_max_imagepreview":"large","priority":null,"frequency":null,"location":null,"local_seo":null,"seo_analyzer_scan_date":"2025-09-16 08:20:55","breadcrumb_settings":null,"limit_modified_date":false,"open_ai":null,"ai":null,"created":"2020-12-21 13:35:22","updated":"2025-09-16 08:20:55"},"aioseo_breadcrumb":"<div class=\"aioseo-breadcrumbs\"><span class=\"aioseo-breadcrumb\">\n\t<a href=\"https:\/\/eldigitaldeasturias.com\/magazine365\" title=\"Home\">Home<\/a>\n<\/span><span class=\"aioseo-breadcrumb-separator\">\u2013<\/span><span class=\"aioseo-breadcrumb\">\n\t<a href=\"https:\/\/eldigitaldeasturias.com\/magazine365\/category\/noticias-actualidad\/\" title=\"Noticias y Actualidad\">Noticias y Actualidad<\/a>\n<\/span><span class=\"aioseo-breadcrumb-separator\">\u2013<\/span><span class=\"aioseo-breadcrumb\">\n\t<a href=\"https:\/\/eldigitaldeasturias.com\/magazine365\/paulina-rubio-demanda-a-telemundo-por-supuesto-incumplimiento-de-su-contrato-en-la-voz-kids\/\" title=\"Paulina Rubio demanda a Telemundo por supuesto incumplimiento de su contrato en \u00abLa Voz Kids\u00bb\">Paulina Rubio demanda a Telemundo por supuesto incumplimiento de su contrato en \u00abLa Voz Kids\u00bb<\/a>\n<\/span><\/div>","aioseo_breadcrumb_json":[{"label":"Home","link":"https:\/\/eldigitaldeasturias.com\/magazine365"},{"label":"Noticias y Actualidad","link":"https:\/\/eldigitaldeasturias.com\/magazine365\/category\/noticias-actualidad\/"},{"label":"Paulina Rubio demanda a Telemundo por supuesto incumplimiento de su contrato en \u00abLa Voz Kids\u00bb","link":"https:\/\/eldigitaldeasturias.com\/magazine365\/paulina-rubio-demanda-a-telemundo-por-supuesto-incumplimiento-de-su-contrato-en-la-voz-kids\/"}],"_links":{"self":[{"href":"https:\/\/eldigitaldeasturias.com\/magazine365\/wp-json\/wp\/v2\/posts\/889","targetHints":{"allow":["GET"]}}],"collection":[{"href":"https:\/\/eldigitaldeasturias.com\/magazine365\/wp-json\/wp\/v2\/posts"}],"about":[{"href":"https:\/\/eldigitaldeasturias.com\/magazine365\/wp-json\/wp\/v2\/types\/post"}],"author":[{"embeddable":true,"href":"https:\/\/eldigitaldeasturias.com\/magazine365\/wp-json\/wp\/v2\/users\/1"}],"replies":[{"embeddable":true,"href":"https:\/\/eldigitaldeasturias.com\/magazine365\/wp-json\/wp\/v2\/comments?post=889"}],"version-history":[{"count":0,"href":"https:\/\/eldigitaldeasturias.com\/magazine365\/wp-json\/wp\/v2\/posts\/889\/revisions"}],"wp:featuredmedia":[{"embeddable":true,"href":"https:\/\/eldigitaldeasturias.com\/magazine365\/wp-json\/wp\/v2\/media\/890"}],"wp:attachment":[{"href":"https:\/\/eldigitaldeasturias.com\/magazine365\/wp-json\/wp\/v2\/media?parent=889"}],"wp:term":[{"taxonomy":"category","embeddable":true,"href":"https:\/\/eldigitaldeasturias.com\/magazine365\/wp-json\/wp\/v2\/categories?post=889"},{"taxonomy":"post_tag","embeddable":true,"href":"https:\/\/eldigitaldeasturias.com\/magazine365\/wp-json\/wp\/v2\/tags?post=889"}],"curies":[{"name":"wp","href":"https:\/\/api.w.org\/{rel}","templated":true}]}}