{"id":88895,"date":"2017-10-06T14:14:29","date_gmt":"2017-10-06T12:44:29","guid":{"rendered":"http:\/\/eldigitaldeasturias.com\/magazine365\/?p=88895"},"modified":"2017-10-06T14:14:29","modified_gmt":"2017-10-06T12:44:29","slug":"tento-lleva-su-fast-food-saludable-a-terrassa","status":"publish","type":"post","link":"https:\/\/eldigitaldeasturias.com\/magazine365\/tento-lleva-su-fast-food-saludable-a-terrassa\/","title":{"rendered":"Tento lleva su &#8216;fast food&#8217; saludable a Terrassa"},"content":{"rendered":"<p><img fetchpriority=\"high\" decoding=\"async\" class=\"alignleft size-medium wp-image-88896\" src=\"https:\/\/eldigitaldeasturias.com\/magazine365\/wp-content\/uploads\/2017\/10\/1507214868_DSC_0071-360x241.jpg\" alt=\"\" width=\"360\" height=\"241\" srcset=\"https:\/\/eldigitaldeasturias.com\/magazine365\/wp-content\/uploads\/2017\/10\/1507214868_DSC_0071-360x241.jpg 360w, https:\/\/eldigitaldeasturias.com\/magazine365\/wp-content\/uploads\/2017\/10\/1507214868_DSC_0071-650x435.jpg 650w, https:\/\/eldigitaldeasturias.com\/magazine365\/wp-content\/uploads\/2017\/10\/1507214868_DSC_0071-768x514.jpg 768w, https:\/\/eldigitaldeasturias.com\/magazine365\/wp-content\/uploads\/2017\/10\/1507214868_DSC_0071-1536x1028.jpg 1536w, https:\/\/eldigitaldeasturias.com\/magazine365\/wp-content\/uploads\/2017\/10\/1507214868_DSC_0071-2048x1371.jpg 2048w, https:\/\/eldigitaldeasturias.com\/magazine365\/wp-content\/uploads\/2017\/10\/1507214868_DSC_0071-150x100.jpg 150w, https:\/\/eldigitaldeasturias.com\/magazine365\/wp-content\/uploads\/2017\/10\/1507214868_DSC_0071-450x301.jpg 450w, https:\/\/eldigitaldeasturias.com\/magazine365\/wp-content\/uploads\/2017\/10\/1507214868_DSC_0071-1200x803.jpg 1200w, https:\/\/eldigitaldeasturias.com\/magazine365\/wp-content\/uploads\/2017\/10\/1507214868_DSC_0071-84x55.jpg 84w\" sizes=\"(max-width: 360px) 100vw, 360px\" \/>La comida r\u00e1pida hace tiempo que dej\u00f3 de asociarse exclusivamente a platos poco saludables y grasos en pro de propuestas m\u00e1s healthy. Gracias a empresas como Tento, referente del movimiento good fast food, se est\u00e1 consiguiendo cambiar esta concepci\u00f3n al facilitar seguir una dieta sana y equilibrada fuera de casa.<\/p>\n<p>Tal es el \u00e9xito de Tento que la cadena de restauraci\u00f3n ha abierto su primer local en Terrassa. Ubicado en la calle Miquel Vives, 20, este establecimiento se convierte en el n\u00famero 73 del grupo. De \u00e9l destacan su amplia terraza, que con 80m2 es sin duda el mejor atractivo. Es, adem\u00e1s, el lugar perfecto para disfrutar de su promoci\u00f3n inaugural: con la compra del plato Chicken Wings Caj\u00fan o Ribs BBQ, los clientes reciben como regalo dos ca\u00f1as de Estrella Damm.<\/p>\n<p>All\u00ed mantiene la propuesta gastron\u00f3mica, basada en los valores de la dieta mediterr\u00e1nea, apta para todos los paladares, con una amplia oferta de platos para ovo-l\u00e1cteo vegetarianos y veganos, y libre de aditivos y conservantes. La misma que le ha valido a Tento la obtenci\u00f3n del Certificado de excelencia AMED, aval de calidad y alimentaci\u00f3n con pautas saludables.<\/p>\n<p>Con el fin de ampliar su target y acercar su filosof\u00eda a un p\u00fablico m\u00e1s joven, Tento ha firmado una colaboraci\u00f3n con ESTIEM (European Students of Industrial Engineering and Management) una organizaci\u00f3n del campus de la Universitat Polit\u00e8cnica de Catalunya en Terrassa que impulsa las relaciones entre estudiantes europeos de ingenier\u00eda y direcci\u00f3n.<\/p>\n<p>En su objetivo por promover h\u00e1bitos de vida saludable entre su p\u00fablico, Tento no s\u00f3lo trabaja desde el \u00e1mbito de la alimentaci\u00f3n, sino tambi\u00e9n desde la ense\u00f1anza, el deporte y otras pr\u00e1cticas beneficiosas para el bienestar personal.<\/p>\n<p>El blog <strong><a href=\"http:\/\/www.comocontento.com\/\" target=\"_blank\" rel=\"nofollow noopener\"><span style=\"color: #ff0000;\">ComoconTento<\/span><\/a><\/strong> es una de sus principales v\u00edas de comunicaci\u00f3n ya que, a punto de cumplir un a\u00f1o desde su creaci\u00f3n, acumula m\u00e1s de 40.000 visitas. Con la creaci\u00f3n del Club Tento, con el que se organizan actividades mensuales y gratuitas tales como clases de yoga multinivel, running y conferencias, y el patrocinio oficial de la pirag\u00fcista profesional J\u00falia Cuch\u00ed y ESTIEM (European Students of Industrial Engineering and Management), la cadena afianza su compromiso por difundir un estilo de vida sano.<\/p>\n<p>Sin embargo, no s\u00f3lo basta con comer bien y hacer algo de deporte; tambi\u00e9n hay que trabajar la mente, y por ello gracias al proyecto &#8216;Ingl\u00e9s en bares&#8217; de Oxbridge, se puede aprender este idioma en una selecci\u00f3n de restaurantes Tento de Madrid y Barcelona.<\/p>\n<p>TENTO, la revoluci\u00f3n saludable.<\/p>\n<p><strong>Acerca de Tento<\/strong><\/p>\n<p>Desde su centro culinario en Fraga (Huesca), Tento cocina y reparte cada d\u00eda m\u00e1s de 35.000 platos a sus m\u00e1s de 73 establecimientos e &#8216;incompanys&#8217; ubicados en Barcelona ciudad y \u00e1rea metropolitana, Tarragona, Madrid y Terrasa para que el producto llegue fresco y en \u00f3ptimas condiciones para su consumo. En la elaboraci\u00f3n de las recetas mediterr\u00e1neas y de temporada no utiliza conservantes ni colorantes a\u00f1adidos y, adem\u00e1s, usa productos estacionales y de proximidad y materias primas innovadoras para que comer nunca sea aburrido.<\/p>\n<p>As\u00ed, cada mes incorpora 4 recetas novedosas a su carta de m\u00e1s de 250 platos de temporada listos para llevar y degustar en casa, en la oficina, en el parque&#8230; o en el propio local, ya que numerosas tiendas cuentan con acogedoras salas de degustaci\u00f3n.<\/p>\n<p>Otra f\u00f3rmula original es su implantaci\u00f3n en empresas como alternativa a su comedor social, para que la comodidad de los empleados sea total al contar con la oferta de Tento en su mismo centro de trabajo.<\/p>\n<p>Con esta filosof\u00eda, Tento ha logrado multiplicar su facturaci\u00f3n en m\u00e1s de un 120% en el \u00faltimo a\u00f1o. Fundada en 2011 por el leridano \u00c1ngel Bosch, con una experiencia de m\u00e1s de 30 a\u00f1os en la elaboraci\u00f3n de platos preparados y creador de las latas gourmet Querida Carmen, Tento basa su \u00e9xito en un modelo de negocio de integraci\u00f3n vertical. No dispone de intermediarios y controla todo el proceso, desde la elaboraci\u00f3n de los platos en la cocina central en Fraga hasta el reparto en sus 73 tiendas e &#8216;incompanys&#8217;. En su gran mayor\u00eda se trata de establecimientos colaboradores, no franquiciados al uso, pues la relaci\u00f3n es diaria, cercana y de constante mejora.<\/p>\n<p>Tento es, adem\u00e1s, una empresa entregada a la comunidad a trav\u00e9s del impulso de diversas acciones colaborativas de responsabilidad social corporativa. En este sentido, en los \u00faltimos meses inici\u00f3 en todos sus establecimientos una campa\u00f1a de recaudaci\u00f3n cuyos beneficios se han destinados a la Fundaci\u00f3n Theodora. Fue adem\u00e1s galardonada con el premio a las Buenas Pr\u00e1cticas entregado por la iniciativa Mi Empresa Es Saludable y es la primera compa\u00f1\u00eda de restauraci\u00f3n r\u00e1pida que ha recibido la certificaci\u00f3n AMED, que la Ag\u00e8ncia de Salut P\u00fablica de la Generalitat de Catalunya otorga a aquellos establecimientos que fomentan la alimentaci\u00f3n mediterr\u00e1nea en el \u00e1mbito de la restauraci\u00f3n colectiva. Mediante su blog, www.comocontento.com, Tento procura acercar a\u00fan m\u00e1s al p\u00fablico los beneficios de una vida sana basada en el seguimiento de la dieta mediterr\u00e1nea complementada con deporte y un estilo de vida activo que facilite el bienestar personal, as\u00ed como dar a conocer los distintos actores con los que colabora tanto a nivel culinario como social.<\/p>\n<p>&nbsp;<\/p>\n","protected":false},"excerpt":{"rendered":"<p>La comida r\u00e1pida hace tiempo que dej\u00f3 de asociarse exclusivamente a platos poco saludables y grasos en pro de propuestas m\u00e1s healthy. Gracias a empresas como Tento, referente del movimiento good fast food, se est\u00e1 consiguiendo cambiar esta concepci\u00f3n al facilitar seguir una dieta sana y equilibrada fuera de casa. Tal es el \u00e9xito de<\/p>\n","protected":false},"author":1,"featured_media":88896,"comment_status":"closed","ping_status":"closed","sticky":false,"template":"","format":"standard","meta":{"footnotes":""},"categories":[217],"tags":[],"class_list":{"0":"post-88895","1":"post","2":"type-post","3":"status-publish","4":"format-standard","5":"has-post-thumbnail","7":"category-sabores"},"aioseo_notices":[],"aioseo_head":"\n\t\t<!-- All in One SEO Pro 4.9.6.1 - aioseo.com -->\n\t<meta name=\"description\" content=\"La comida r\u00e1pida hace tiempo que dej\u00f3 de asociarse exclusivamente a platos poco saludables y grasos en pro de propuestas m\u00e1s healthy. Gracias a empresas como Tento, referente del movimiento good fast food, se est\u00e1 consiguiendo cambiar esta concepci\u00f3n al facilitar seguir una dieta sana y equilibrada fuera de casa. Tal es el \u00e9xito de\" \/>\n\t<meta name=\"robots\" content=\"max-image-preview:large\" \/>\n\t<meta name=\"author\" content=\"admin\"\/>\n\t<meta name=\"google-site-verification\" content=\"UA-38556648-1\" \/>\n\t<meta name=\"keywords\" content=\"sabores\" \/>\n\t<link rel=\"canonical\" href=\"https:\/\/eldigitaldeasturias.com\/magazine365\/tento-lleva-su-fast-food-saludable-a-terrassa\/\" \/>\n\t<meta name=\"generator\" content=\"All in One SEO Pro (AIOSEO) 4.9.6.1\" \/>\n\t\t<meta property=\"og:locale\" content=\"es_ES\" \/>\n\t\t<meta property=\"og:site_name\" content=\"El Digital de Asturias \u2013 Revista de ocio, turismo y estilo de vida\" \/>\n\t\t<meta property=\"og:type\" content=\"article\" \/>\n\t\t<meta property=\"og:title\" content=\"Tento lleva su \u2018fast food\u2019 saludable a Terrassa | El Digital de Asturias\" \/>\n\t\t<meta property=\"og:description\" content=\"La comida r\u00e1pida hace tiempo que dej\u00f3 de asociarse exclusivamente a platos poco saludables y grasos en pro de propuestas m\u00e1s healthy. Gracias a empresas como Tento, referente del movimiento good fast food, se est\u00e1 consiguiendo cambiar esta concepci\u00f3n al facilitar seguir una dieta sana y equilibrada fuera de casa. Tal es el \u00e9xito de\" \/>\n\t\t<meta property=\"og:url\" content=\"https:\/\/eldigitaldeasturias.com\/magazine365\/tento-lleva-su-fast-food-saludable-a-terrassa\/\" \/>\n\t\t<meta property=\"og:image\" content=\"https:\/\/eldigitaldeasturias.com\/magazine365\/wp-content\/uploads\/2017\/10\/1507214868_DSC_0071-scaled.jpg\" \/>\n\t\t<meta property=\"og:image:secure_url\" content=\"https:\/\/eldigitaldeasturias.com\/magazine365\/wp-content\/uploads\/2017\/10\/1507214868_DSC_0071-scaled.jpg\" \/>\n\t\t<meta property=\"og:image:width\" content=\"2560\" \/>\n\t\t<meta property=\"og:image:height\" content=\"1714\" \/>\n\t\t<meta property=\"article:published_time\" content=\"2017-10-06T12:44:29+00:00\" \/>\n\t\t<meta property=\"article:modified_time\" content=\"2017-10-06T12:44:29+00:00\" \/>\n\t\t<meta name=\"twitter:card\" content=\"summary_large_image\" \/>\n\t\t<meta name=\"twitter:title\" content=\"Tento lleva su \u2018fast food\u2019 saludable a Terrassa | El Digital de Asturias\" \/>\n\t\t<meta name=\"twitter:description\" content=\"La comida r\u00e1pida hace tiempo que dej\u00f3 de asociarse exclusivamente a platos poco saludables y grasos en pro de propuestas m\u00e1s healthy. Gracias a empresas como Tento, referente del movimiento good fast food, se est\u00e1 consiguiendo cambiar esta concepci\u00f3n al facilitar seguir una dieta sana y equilibrada fuera de casa. Tal es el \u00e9xito de\" \/>\n\t\t<meta name=\"twitter:image\" content=\"https:\/\/eldigitaldeasturias.com\/magazine365\/wp-content\/uploads\/2017\/10\/1507214868_DSC_0071-scaled.jpg\" \/>\n\t\t<script type=\"application\/ld+json\" class=\"aioseo-schema\">\n\t\t\t{\"@context\":\"https:\\\/\\\/schema.org\",\"@graph\":[{\"@type\":\"Article\",\"@id\":\"https:\\\/\\\/eldigitaldeasturias.com\\\/magazine365\\\/tento-lleva-su-fast-food-saludable-a-terrassa\\\/#article\",\"name\":\"Tento lleva su \\u2018fast food\\u2019 saludable a Terrassa | El Digital de Asturias\",\"headline\":\"Tento lleva su &#8216;fast food&#8217; saludable a Terrassa\",\"author\":{\"@id\":\"https:\\\/\\\/eldigitaldeasturias.com\\\/magazine365\\\/author\\\/admin\\\/#author\"},\"publisher\":{\"@id\":\"https:\\\/\\\/eldigitaldeasturias.com\\\/magazine365\\\/#organization\"},\"image\":{\"@type\":\"ImageObject\",\"url\":\"https:\\\/\\\/eldigitaldeasturias.com\\\/magazine365\\\/wp-content\\\/uploads\\\/2017\\\/10\\\/1507214868_DSC_0071-scaled.jpg\",\"width\":2560,\"height\":1714},\"datePublished\":\"2017-10-06T14:14:29+02:00\",\"dateModified\":\"2017-10-06T14:14:29+02:00\",\"inLanguage\":\"es-ES\",\"mainEntityOfPage\":{\"@id\":\"https:\\\/\\\/eldigitaldeasturias.com\\\/magazine365\\\/tento-lleva-su-fast-food-saludable-a-terrassa\\\/#webpage\"},\"isPartOf\":{\"@id\":\"https:\\\/\\\/eldigitaldeasturias.com\\\/magazine365\\\/tento-lleva-su-fast-food-saludable-a-terrassa\\\/#webpage\"},\"articleSection\":\"Sabores\"},{\"@type\":\"BreadcrumbList\",\"@id\":\"https:\\\/\\\/eldigitaldeasturias.com\\\/magazine365\\\/tento-lleva-su-fast-food-saludable-a-terrassa\\\/#breadcrumblist\",\"itemListElement\":[{\"@type\":\"ListItem\",\"@id\":\"https:\\\/\\\/eldigitaldeasturias.com\\\/magazine365#listItem\",\"position\":1,\"name\":\"Home\",\"item\":\"https:\\\/\\\/eldigitaldeasturias.com\\\/magazine365\",\"nextItem\":{\"@type\":\"ListItem\",\"@id\":\"https:\\\/\\\/eldigitaldeasturias.com\\\/magazine365\\\/category\\\/sabores\\\/#listItem\",\"name\":\"Sabores\"}},{\"@type\":\"ListItem\",\"@id\":\"https:\\\/\\\/eldigitaldeasturias.com\\\/magazine365\\\/category\\\/sabores\\\/#listItem\",\"position\":2,\"name\":\"Sabores\",\"item\":\"https:\\\/\\\/eldigitaldeasturias.com\\\/magazine365\\\/category\\\/sabores\\\/\",\"nextItem\":{\"@type\":\"ListItem\",\"@id\":\"https:\\\/\\\/eldigitaldeasturias.com\\\/magazine365\\\/tento-lleva-su-fast-food-saludable-a-terrassa\\\/#listItem\",\"name\":\"Tento lleva su &#8216;fast food&#8217; saludable a Terrassa\"},\"previousItem\":{\"@type\":\"ListItem\",\"@id\":\"https:\\\/\\\/eldigitaldeasturias.com\\\/magazine365#listItem\",\"name\":\"Home\"}},{\"@type\":\"ListItem\",\"@id\":\"https:\\\/\\\/eldigitaldeasturias.com\\\/magazine365\\\/tento-lleva-su-fast-food-saludable-a-terrassa\\\/#listItem\",\"position\":3,\"name\":\"Tento lleva su &#8216;fast food&#8217; saludable a Terrassa\",\"previousItem\":{\"@type\":\"ListItem\",\"@id\":\"https:\\\/\\\/eldigitaldeasturias.com\\\/magazine365\\\/category\\\/sabores\\\/#listItem\",\"name\":\"Sabores\"}}]},{\"@type\":\"Organization\",\"@id\":\"https:\\\/\\\/eldigitaldeasturias.com\\\/magazine365\\\/#organization\",\"name\":\"El digital de Asturias\",\"description\":\"Revista de ocio, turismo y estilo de vida\",\"url\":\"https:\\\/\\\/eldigitaldeasturias.com\\\/magazine365\\\/\",\"logo\":{\"@type\":\"ImageObject\",\"url\":\"https:\\\/\\\/www.eldigitaldeasturias.com\\\/noticias\\\/wp-content\\\/uploads\\\/2020\\\/12\\\/EDA.jpg\",\"@id\":\"https:\\\/\\\/eldigitaldeasturias.com\\\/magazine365\\\/tento-lleva-su-fast-food-saludable-a-terrassa\\\/#organizationLogo\"},\"image\":{\"@id\":\"https:\\\/\\\/eldigitaldeasturias.com\\\/magazine365\\\/tento-lleva-su-fast-food-saludable-a-terrassa\\\/#organizationLogo\"}},{\"@type\":\"Person\",\"@id\":\"https:\\\/\\\/eldigitaldeasturias.com\\\/magazine365\\\/author\\\/admin\\\/#author\",\"url\":\"https:\\\/\\\/eldigitaldeasturias.com\\\/magazine365\\\/author\\\/admin\\\/\",\"name\":\"admin\",\"image\":{\"@type\":\"ImageObject\",\"@id\":\"https:\\\/\\\/eldigitaldeasturias.com\\\/magazine365\\\/tento-lleva-su-fast-food-saludable-a-terrassa\\\/#authorImage\",\"url\":\"https:\\\/\\\/eldigitaldeasturias.com\\\/magazine365\\\/wp-content\\\/litespeed\\\/avatar\\\/e571bcf59a0edd6fa6838245a470f2fe.jpg?ver=1777574230\",\"width\":96,\"height\":96,\"caption\":\"admin\"}},{\"@type\":\"WebPage\",\"@id\":\"https:\\\/\\\/eldigitaldeasturias.com\\\/magazine365\\\/tento-lleva-su-fast-food-saludable-a-terrassa\\\/#webpage\",\"url\":\"https:\\\/\\\/eldigitaldeasturias.com\\\/magazine365\\\/tento-lleva-su-fast-food-saludable-a-terrassa\\\/\",\"name\":\"Tento lleva su \\u2018fast food\\u2019 saludable a Terrassa | El Digital de Asturias\",\"description\":\"La comida r\\u00e1pida hace tiempo que dej\\u00f3 de asociarse exclusivamente a platos poco saludables y grasos en pro de propuestas m\\u00e1s healthy. Gracias a empresas como Tento, referente del movimiento good fast food, se est\\u00e1 consiguiendo cambiar esta concepci\\u00f3n al facilitar seguir una dieta sana y equilibrada fuera de casa. Tal es el \\u00e9xito de\",\"inLanguage\":\"es-ES\",\"isPartOf\":{\"@id\":\"https:\\\/\\\/eldigitaldeasturias.com\\\/magazine365\\\/#website\"},\"breadcrumb\":{\"@id\":\"https:\\\/\\\/eldigitaldeasturias.com\\\/magazine365\\\/tento-lleva-su-fast-food-saludable-a-terrassa\\\/#breadcrumblist\"},\"author\":{\"@id\":\"https:\\\/\\\/eldigitaldeasturias.com\\\/magazine365\\\/author\\\/admin\\\/#author\"},\"creator\":{\"@id\":\"https:\\\/\\\/eldigitaldeasturias.com\\\/magazine365\\\/author\\\/admin\\\/#author\"},\"image\":{\"@type\":\"ImageObject\",\"url\":\"https:\\\/\\\/eldigitaldeasturias.com\\\/magazine365\\\/wp-content\\\/uploads\\\/2017\\\/10\\\/1507214868_DSC_0071-scaled.jpg\",\"@id\":\"https:\\\/\\\/eldigitaldeasturias.com\\\/magazine365\\\/tento-lleva-su-fast-food-saludable-a-terrassa\\\/#mainImage\",\"width\":2560,\"height\":1714},\"primaryImageOfPage\":{\"@id\":\"https:\\\/\\\/eldigitaldeasturias.com\\\/magazine365\\\/tento-lleva-su-fast-food-saludable-a-terrassa\\\/#mainImage\"},\"datePublished\":\"2017-10-06T14:14:29+02:00\",\"dateModified\":\"2017-10-06T14:14:29+02:00\"},{\"@type\":\"WebSite\",\"@id\":\"https:\\\/\\\/eldigitaldeasturias.com\\\/magazine365\\\/#website\",\"url\":\"https:\\\/\\\/eldigitaldeasturias.com\\\/magazine365\\\/\",\"name\":\"El Digital de Asturias\",\"description\":\"Revista de ocio, turismo y estilo de vida\",\"inLanguage\":\"es-ES\",\"publisher\":{\"@id\":\"https:\\\/\\\/eldigitaldeasturias.com\\\/magazine365\\\/#organization\"}}]}\n\t\t<\/script>\n\t\t<!-- All in One SEO Pro -->\r\n\t\t<title>Tento lleva su \u2018fast food\u2019 saludable a Terrassa | El Digital de Asturias<\/title>\n\n","aioseo_head_json":{"title":"Tento lleva su \u2018fast food\u2019 saludable a Terrassa | El Digital de Asturias","description":"La comida r\u00e1pida hace tiempo que dej\u00f3 de asociarse exclusivamente a platos poco saludables y grasos en pro de propuestas m\u00e1s healthy. Gracias a empresas como Tento, referente del movimiento good fast food, se est\u00e1 consiguiendo cambiar esta concepci\u00f3n al facilitar seguir una dieta sana y equilibrada fuera de casa. Tal es el \u00e9xito de","canonical_url":"https:\/\/eldigitaldeasturias.com\/magazine365\/tento-lleva-su-fast-food-saludable-a-terrassa\/","robots":"max-image-preview:large","keywords":"sabores","webmasterTools":{"google-site-verification":"UA-38556648-1","miscellaneous":""},"schema":{"@context":"https:\/\/schema.org","@graph":[{"@type":"Article","@id":"https:\/\/eldigitaldeasturias.com\/magazine365\/tento-lleva-su-fast-food-saludable-a-terrassa\/#article","name":"Tento lleva su \u2018fast food\u2019 saludable a Terrassa | El Digital de Asturias","headline":"Tento lleva su &#8216;fast food&#8217; saludable a Terrassa","author":{"@id":"https:\/\/eldigitaldeasturias.com\/magazine365\/author\/admin\/#author"},"publisher":{"@id":"https:\/\/eldigitaldeasturias.com\/magazine365\/#organization"},"image":{"@type":"ImageObject","url":"https:\/\/eldigitaldeasturias.com\/magazine365\/wp-content\/uploads\/2017\/10\/1507214868_DSC_0071-scaled.jpg","width":2560,"height":1714},"datePublished":"2017-10-06T14:14:29+02:00","dateModified":"2017-10-06T14:14:29+02:00","inLanguage":"es-ES","mainEntityOfPage":{"@id":"https:\/\/eldigitaldeasturias.com\/magazine365\/tento-lleva-su-fast-food-saludable-a-terrassa\/#webpage"},"isPartOf":{"@id":"https:\/\/eldigitaldeasturias.com\/magazine365\/tento-lleva-su-fast-food-saludable-a-terrassa\/#webpage"},"articleSection":"Sabores"},{"@type":"BreadcrumbList","@id":"https:\/\/eldigitaldeasturias.com\/magazine365\/tento-lleva-su-fast-food-saludable-a-terrassa\/#breadcrumblist","itemListElement":[{"@type":"ListItem","@id":"https:\/\/eldigitaldeasturias.com\/magazine365#listItem","position":1,"name":"Home","item":"https:\/\/eldigitaldeasturias.com\/magazine365","nextItem":{"@type":"ListItem","@id":"https:\/\/eldigitaldeasturias.com\/magazine365\/category\/sabores\/#listItem","name":"Sabores"}},{"@type":"ListItem","@id":"https:\/\/eldigitaldeasturias.com\/magazine365\/category\/sabores\/#listItem","position":2,"name":"Sabores","item":"https:\/\/eldigitaldeasturias.com\/magazine365\/category\/sabores\/","nextItem":{"@type":"ListItem","@id":"https:\/\/eldigitaldeasturias.com\/magazine365\/tento-lleva-su-fast-food-saludable-a-terrassa\/#listItem","name":"Tento lleva su &#8216;fast food&#8217; saludable a Terrassa"},"previousItem":{"@type":"ListItem","@id":"https:\/\/eldigitaldeasturias.com\/magazine365#listItem","name":"Home"}},{"@type":"ListItem","@id":"https:\/\/eldigitaldeasturias.com\/magazine365\/tento-lleva-su-fast-food-saludable-a-terrassa\/#listItem","position":3,"name":"Tento lleva su &#8216;fast food&#8217; saludable a Terrassa","previousItem":{"@type":"ListItem","@id":"https:\/\/eldigitaldeasturias.com\/magazine365\/category\/sabores\/#listItem","name":"Sabores"}}]},{"@type":"Organization","@id":"https:\/\/eldigitaldeasturias.com\/magazine365\/#organization","name":"El digital de Asturias","description":"Revista de ocio, turismo y estilo de vida","url":"https:\/\/eldigitaldeasturias.com\/magazine365\/","logo":{"@type":"ImageObject","url":"https:\/\/www.eldigitaldeasturias.com\/noticias\/wp-content\/uploads\/2020\/12\/EDA.jpg","@id":"https:\/\/eldigitaldeasturias.com\/magazine365\/tento-lleva-su-fast-food-saludable-a-terrassa\/#organizationLogo"},"image":{"@id":"https:\/\/eldigitaldeasturias.com\/magazine365\/tento-lleva-su-fast-food-saludable-a-terrassa\/#organizationLogo"}},{"@type":"Person","@id":"https:\/\/eldigitaldeasturias.com\/magazine365\/author\/admin\/#author","url":"https:\/\/eldigitaldeasturias.com\/magazine365\/author\/admin\/","name":"admin","image":{"@type":"ImageObject","@id":"https:\/\/eldigitaldeasturias.com\/magazine365\/tento-lleva-su-fast-food-saludable-a-terrassa\/#authorImage","url":"https:\/\/eldigitaldeasturias.com\/magazine365\/wp-content\/litespeed\/avatar\/e571bcf59a0edd6fa6838245a470f2fe.jpg?ver=1777574230","width":96,"height":96,"caption":"admin"}},{"@type":"WebPage","@id":"https:\/\/eldigitaldeasturias.com\/magazine365\/tento-lleva-su-fast-food-saludable-a-terrassa\/#webpage","url":"https:\/\/eldigitaldeasturias.com\/magazine365\/tento-lleva-su-fast-food-saludable-a-terrassa\/","name":"Tento lleva su \u2018fast food\u2019 saludable a Terrassa | El Digital de Asturias","description":"La comida r\u00e1pida hace tiempo que dej\u00f3 de asociarse exclusivamente a platos poco saludables y grasos en pro de propuestas m\u00e1s healthy. Gracias a empresas como Tento, referente del movimiento good fast food, se est\u00e1 consiguiendo cambiar esta concepci\u00f3n al facilitar seguir una dieta sana y equilibrada fuera de casa. Tal es el \u00e9xito de","inLanguage":"es-ES","isPartOf":{"@id":"https:\/\/eldigitaldeasturias.com\/magazine365\/#website"},"breadcrumb":{"@id":"https:\/\/eldigitaldeasturias.com\/magazine365\/tento-lleva-su-fast-food-saludable-a-terrassa\/#breadcrumblist"},"author":{"@id":"https:\/\/eldigitaldeasturias.com\/magazine365\/author\/admin\/#author"},"creator":{"@id":"https:\/\/eldigitaldeasturias.com\/magazine365\/author\/admin\/#author"},"image":{"@type":"ImageObject","url":"https:\/\/eldigitaldeasturias.com\/magazine365\/wp-content\/uploads\/2017\/10\/1507214868_DSC_0071-scaled.jpg","@id":"https:\/\/eldigitaldeasturias.com\/magazine365\/tento-lleva-su-fast-food-saludable-a-terrassa\/#mainImage","width":2560,"height":1714},"primaryImageOfPage":{"@id":"https:\/\/eldigitaldeasturias.com\/magazine365\/tento-lleva-su-fast-food-saludable-a-terrassa\/#mainImage"},"datePublished":"2017-10-06T14:14:29+02:00","dateModified":"2017-10-06T14:14:29+02:00"},{"@type":"WebSite","@id":"https:\/\/eldigitaldeasturias.com\/magazine365\/#website","url":"https:\/\/eldigitaldeasturias.com\/magazine365\/","name":"El Digital de Asturias","description":"Revista de ocio, turismo y estilo de vida","inLanguage":"es-ES","publisher":{"@id":"https:\/\/eldigitaldeasturias.com\/magazine365\/#organization"}}]},"og:locale":"es_ES","og:site_name":"El Digital de Asturias \u2013 Revista de ocio, turismo y estilo de vida","og:type":"article","og:title":"Tento lleva su \u2018fast food\u2019 saludable a Terrassa | El Digital de Asturias","og:description":"La comida r\u00e1pida hace tiempo que dej\u00f3 de asociarse exclusivamente a platos poco saludables y grasos en pro de propuestas m\u00e1s healthy. Gracias a empresas como Tento, referente del movimiento good fast food, se est\u00e1 consiguiendo cambiar esta concepci\u00f3n al facilitar seguir una dieta sana y equilibrada fuera de casa. Tal es el \u00e9xito de","og:url":"https:\/\/eldigitaldeasturias.com\/magazine365\/tento-lleva-su-fast-food-saludable-a-terrassa\/","og:image":"https:\/\/eldigitaldeasturias.com\/magazine365\/wp-content\/uploads\/2017\/10\/1507214868_DSC_0071-scaled.jpg","og:image:secure_url":"https:\/\/eldigitaldeasturias.com\/magazine365\/wp-content\/uploads\/2017\/10\/1507214868_DSC_0071-scaled.jpg","og:image:width":2560,"og:image:height":1714,"article:published_time":"2017-10-06T12:44:29+00:00","article:modified_time":"2017-10-06T12:44:29+00:00","twitter:card":"summary_large_image","twitter:title":"Tento lleva su \u2018fast food\u2019 saludable a Terrassa | El Digital de Asturias","twitter:description":"La comida r\u00e1pida hace tiempo que dej\u00f3 de asociarse exclusivamente a platos poco saludables y grasos en pro de propuestas m\u00e1s healthy. Gracias a empresas como Tento, referente del movimiento good fast food, se est\u00e1 consiguiendo cambiar esta concepci\u00f3n al facilitar seguir una dieta sana y equilibrada fuera de casa. Tal es el \u00e9xito de","twitter:image":"https:\/\/eldigitaldeasturias.com\/magazine365\/wp-content\/uploads\/2017\/10\/1507214868_DSC_0071-scaled.jpg"},"aioseo_meta_data":{"post_id":"88895","title":null,"description":null,"keywords":null,"keyphrases":null,"primary_term":null,"canonical_url":null,"og_title":null,"og_description":null,"og_object_type":"default","og_image_type":"default","og_image_url":null,"og_image_width":null,"og_image_height":null,"og_image_custom_url":null,"og_image_custom_fields":null,"og_video":null,"og_custom_url":null,"og_article_section":null,"og_article_tags":null,"twitter_use_og":false,"twitter_card":"default","twitter_image_type":"default","twitter_image_url":null,"twitter_image_custom_url":null,"twitter_image_custom_fields":null,"twitter_title":null,"twitter_description":null,"schema":{"blockGraphs":[],"customGraphs":[],"default":{"data":{"Article":[],"Course":[],"Dataset":[],"FAQPage":[],"Movie":[],"Person":[],"Product":[],"ProductReview":[],"Car":[],"Recipe":[],"Service":[],"SoftwareApplication":[],"WebPage":[]},"graphName":"","isEnabled":true},"graphs":[],"defaultGraph":"","defaultPostTypeGraph":""},"schema_type":null,"schema_type_options":null,"pillar_content":false,"robots_default":true,"robots_noindex":false,"robots_noarchive":false,"robots_nosnippet":false,"robots_nofollow":false,"robots_noimageindex":false,"robots_noodp":false,"robots_notranslate":false,"robots_max_snippet":null,"robots_max_videopreview":null,"robots_max_imagepreview":"large","priority":null,"frequency":null,"location":null,"local_seo":null,"seo_analyzer_scan_date":"2025-09-28 13:47:11","breadcrumb_settings":null,"limit_modified_date":false,"open_ai":null,"ai":null,"created":"2020-12-21 14:18:41","updated":"2025-09-28 13:47:11"},"aioseo_breadcrumb":"<div class=\"aioseo-breadcrumbs\"><span class=\"aioseo-breadcrumb\">\n\t<a href=\"https:\/\/eldigitaldeasturias.com\/magazine365\" title=\"Home\">Home<\/a>\n<\/span><span class=\"aioseo-breadcrumb-separator\">\u2013<\/span><span class=\"aioseo-breadcrumb\">\n\t<a href=\"https:\/\/eldigitaldeasturias.com\/magazine365\/category\/sabores\/\" title=\"Sabores\">Sabores<\/a>\n<\/span><span class=\"aioseo-breadcrumb-separator\">\u2013<\/span><span class=\"aioseo-breadcrumb\">\n\t<a href=\"https:\/\/eldigitaldeasturias.com\/magazine365\/tento-lleva-su-fast-food-saludable-a-terrassa\/\" title=\"Tento lleva su \u2018fast food\u2019 saludable a Terrassa\">Tento lleva su \u2018fast food\u2019 saludable a Terrassa<\/a>\n<\/span><\/div>","aioseo_breadcrumb_json":[{"label":"Home","link":"https:\/\/eldigitaldeasturias.com\/magazine365"},{"label":"Sabores","link":"https:\/\/eldigitaldeasturias.com\/magazine365\/category\/sabores\/"},{"label":"Tento lleva su &#8216;fast food&#8217; saludable a Terrassa","link":"https:\/\/eldigitaldeasturias.com\/magazine365\/tento-lleva-su-fast-food-saludable-a-terrassa\/"}],"_links":{"self":[{"href":"https:\/\/eldigitaldeasturias.com\/magazine365\/wp-json\/wp\/v2\/posts\/88895","targetHints":{"allow":["GET"]}}],"collection":[{"href":"https:\/\/eldigitaldeasturias.com\/magazine365\/wp-json\/wp\/v2\/posts"}],"about":[{"href":"https:\/\/eldigitaldeasturias.com\/magazine365\/wp-json\/wp\/v2\/types\/post"}],"author":[{"embeddable":true,"href":"https:\/\/eldigitaldeasturias.com\/magazine365\/wp-json\/wp\/v2\/users\/1"}],"replies":[{"embeddable":true,"href":"https:\/\/eldigitaldeasturias.com\/magazine365\/wp-json\/wp\/v2\/comments?post=88895"}],"version-history":[{"count":0,"href":"https:\/\/eldigitaldeasturias.com\/magazine365\/wp-json\/wp\/v2\/posts\/88895\/revisions"}],"wp:featuredmedia":[{"embeddable":true,"href":"https:\/\/eldigitaldeasturias.com\/magazine365\/wp-json\/wp\/v2\/media\/88896"}],"wp:attachment":[{"href":"https:\/\/eldigitaldeasturias.com\/magazine365\/wp-json\/wp\/v2\/media?parent=88895"}],"wp:term":[{"taxonomy":"category","embeddable":true,"href":"https:\/\/eldigitaldeasturias.com\/magazine365\/wp-json\/wp\/v2\/categories?post=88895"},{"taxonomy":"post_tag","embeddable":true,"href":"https:\/\/eldigitaldeasturias.com\/magazine365\/wp-json\/wp\/v2\/tags?post=88895"}],"curies":[{"name":"wp","href":"https:\/\/api.w.org\/{rel}","templated":true}]}}