{"id":88868,"date":"2017-10-05T13:24:11","date_gmt":"2017-10-05T11:54:11","guid":{"rendered":"http:\/\/eldigitaldeasturias.com\/magazine365\/?p=88868"},"modified":"2017-10-05T13:24:11","modified_gmt":"2017-10-05T11:54:11","slug":"la-taberna-el-resalao-y-los-sabores-de-siempre-en-alicante","status":"publish","type":"post","link":"https:\/\/eldigitaldeasturias.com\/magazine365\/la-taberna-el-resalao-y-los-sabores-de-siempre-en-alicante\/","title":{"rendered":"La Taberna &#8216;El Resalao&#8217; y los sabores de siempre en Alicante"},"content":{"rendered":"<p><img fetchpriority=\"high\" decoding=\"async\" class=\"alignleft size-medium wp-image-88869\" src=\"https:\/\/eldigitaldeasturias.com\/magazine365\/wp-content\/uploads\/2017\/10\/1506933373_Comunicae_El_Resalao_1-360x240.jpg\" alt=\"\" width=\"360\" height=\"240\" srcset=\"https:\/\/eldigitaldeasturias.com\/magazine365\/wp-content\/uploads\/2017\/10\/1506933373_Comunicae_El_Resalao_1-360x240.jpg 360w, https:\/\/eldigitaldeasturias.com\/magazine365\/wp-content\/uploads\/2017\/10\/1506933373_Comunicae_El_Resalao_1-650x433.jpg 650w, https:\/\/eldigitaldeasturias.com\/magazine365\/wp-content\/uploads\/2017\/10\/1506933373_Comunicae_El_Resalao_1-768x512.jpg 768w, https:\/\/eldigitaldeasturias.com\/magazine365\/wp-content\/uploads\/2017\/10\/1506933373_Comunicae_El_Resalao_1-150x100.jpg 150w, https:\/\/eldigitaldeasturias.com\/magazine365\/wp-content\/uploads\/2017\/10\/1506933373_Comunicae_El_Resalao_1-450x300.jpg 450w, https:\/\/eldigitaldeasturias.com\/magazine365\/wp-content\/uploads\/2017\/10\/1506933373_Comunicae_El_Resalao_1-1200x800.jpg 1200w, https:\/\/eldigitaldeasturias.com\/magazine365\/wp-content\/uploads\/2017\/10\/1506933373_Comunicae_El_Resalao_1-84x55.jpg 84w, https:\/\/eldigitaldeasturias.com\/magazine365\/wp-content\/uploads\/2017\/10\/1506933373_Comunicae_El_Resalao_1-101x66.jpg 101w, https:\/\/eldigitaldeasturias.com\/magazine365\/wp-content\/uploads\/2017\/10\/1506933373_Comunicae_El_Resalao_1.jpg 1500w\" sizes=\"(max-width: 360px) 100vw, 360px\" \/>El pasado 8 de Agosto abr\u00eda sus puertas en Alicante este restaurante que est\u00e1 situado en la calle de San Jos\u00e9, un peque\u00f1o recorrido peatonal que une el ritmo vital del centro de la ciudad desde la Rambla de M\u00e9ndez N\u00fa\u00f1ez con la plaza de la iglesia concatedral de San Nicol\u00e1s de Bari, ya en el barrio antiguo<\/p>\n<p>Sorprende por su amplitud y luminosidad, desde fuera el espect\u00e1culo es completo. Ocupando una esquina, por un lado la barra se comunica directamente con la calle, por otro la terraza regala unas agradecidas vistas a la concatedral. En el centro una gran puerta invita a entrar mostrando la riqueza de un carro repleto de verdura de la huerta y fruta fresca.<\/p>\n<p>La amplia barra invita a recorrer propuestas tradicionales, conocidos sabores de siempre, basados en la calidad y origen de la materia prima. Los carteles avisan del pescado fresco del d\u00eda, destacando el habitual chulet\u00f3n de at\u00fan rojo de Balfeg\u00f3 elaborado a la barbacoa. As\u00ed mismo, destacan las carnes rojas corte Premium, escogidas entre los proveedores m\u00e1s prestigiosos.<\/p>\n<p>El Resalao propone como novedad una experiencia genuina, de forma que cada mes quiere presentar propuestas y maridajes a trav\u00e9s de catas singulares. As\u00ed, este pasado 28 de Septiembre ofreci\u00f3 la primera, basada en maridajes con diferentes cavas en la que denomin\u00f3 Fiesta Gastron\u00f3mica de Oto\u00f1o. Bonito murciano, huevas de m\u00fajol media curaci\u00f3n, tapas de &#8216;espeluznao&#8217; (calamares fritos), boquer\u00f3n en adobo, caballitos (gambas en tempura), chulet\u00f3n de at\u00fan rojo Balfeg\u00f3, secreto de cerdo ib\u00e9rico y quesos artesanos, hicieron las delicias a los comensales, que adem\u00e1s conocieron a trav\u00e9s de una interesante lecci\u00f3n la historia del cava, su elaboraci\u00f3n, variedades y curiosidades, as\u00ed como el motivo de cada maridaje elegido. Sin prisas, la conversaci\u00f3n alargo la sobremesa, donde no falt\u00f3 alguna sorpresa en forma de c\u00f3ctel.<\/p>\n<p>La intenci\u00f3n de El Resalao es ofrecer cada mes un espacio de encuentro en grupo, donde disfrutar de una experiencia gastron\u00f3mica original y a la vez tener la oportunidad de facilitar nuevas amistades.<\/p>\n","protected":false},"excerpt":{"rendered":"<p>El pasado 8 de Agosto abr\u00eda sus puertas en Alicante este restaurante que est\u00e1 situado en la calle de San Jos\u00e9, un peque\u00f1o recorrido peatonal que une el ritmo vital del centro de la ciudad desde la Rambla de M\u00e9ndez N\u00fa\u00f1ez con la plaza de la iglesia concatedral de San Nicol\u00e1s de Bari, ya en<\/p>\n","protected":false},"author":1,"featured_media":88869,"comment_status":"closed","ping_status":"closed","sticky":false,"template":"","format":"standard","meta":{"footnotes":""},"categories":[217],"tags":[],"class_list":{"0":"post-88868","1":"post","2":"type-post","3":"status-publish","4":"format-standard","5":"has-post-thumbnail","7":"category-sabores"},"aioseo_notices":[],"aioseo_head":"\n\t\t<!-- All in One SEO Pro 4.9.6.1 - aioseo.com -->\n\t<meta name=\"description\" content=\"El pasado 8 de Agosto abr\u00eda sus puertas en Alicante este restaurante que est\u00e1 situado en la calle de San Jos\u00e9, un peque\u00f1o recorrido peatonal que une el ritmo vital del centro de la ciudad desde la Rambla de M\u00e9ndez N\u00fa\u00f1ez con la plaza de la iglesia concatedral de San Nicol\u00e1s de Bari, ya en\" \/>\n\t<meta name=\"robots\" content=\"max-image-preview:large\" \/>\n\t<meta name=\"author\" content=\"admin\"\/>\n\t<meta name=\"google-site-verification\" content=\"UA-38556648-1\" \/>\n\t<meta name=\"keywords\" content=\"sabores\" \/>\n\t<link rel=\"canonical\" href=\"https:\/\/eldigitaldeasturias.com\/magazine365\/la-taberna-el-resalao-y-los-sabores-de-siempre-en-alicante\/\" \/>\n\t<meta name=\"generator\" content=\"All in One SEO Pro (AIOSEO) 4.9.6.1\" \/>\n\t\t<meta property=\"og:locale\" content=\"es_ES\" \/>\n\t\t<meta property=\"og:site_name\" content=\"El Digital de Asturias \u2013 Revista de ocio, turismo y estilo de vida\" \/>\n\t\t<meta property=\"og:type\" content=\"article\" \/>\n\t\t<meta property=\"og:title\" content=\"La Taberna \u2018El Resalao\u2019 y los sabores de siempre en Alicante | El Digital de Asturias\" \/>\n\t\t<meta property=\"og:description\" content=\"El pasado 8 de Agosto abr\u00eda sus puertas en Alicante este restaurante que est\u00e1 situado en la calle de San Jos\u00e9, un peque\u00f1o recorrido peatonal que une el ritmo vital del centro de la ciudad desde la Rambla de M\u00e9ndez N\u00fa\u00f1ez con la plaza de la iglesia concatedral de San Nicol\u00e1s de Bari, ya en\" \/>\n\t\t<meta property=\"og:url\" content=\"https:\/\/eldigitaldeasturias.com\/magazine365\/la-taberna-el-resalao-y-los-sabores-de-siempre-en-alicante\/\" \/>\n\t\t<meta property=\"og:image\" content=\"https:\/\/eldigitaldeasturias.com\/magazine365\/wp-content\/uploads\/2017\/10\/1506933373_Comunicae_El_Resalao_1.jpg\" \/>\n\t\t<meta property=\"og:image:secure_url\" content=\"https:\/\/eldigitaldeasturias.com\/magazine365\/wp-content\/uploads\/2017\/10\/1506933373_Comunicae_El_Resalao_1.jpg\" \/>\n\t\t<meta property=\"og:image:width\" content=\"1500\" \/>\n\t\t<meta property=\"og:image:height\" content=\"1000\" \/>\n\t\t<meta property=\"article:published_time\" content=\"2017-10-05T11:54:11+00:00\" \/>\n\t\t<meta property=\"article:modified_time\" content=\"2017-10-05T11:54:11+00:00\" \/>\n\t\t<meta name=\"twitter:card\" content=\"summary_large_image\" \/>\n\t\t<meta name=\"twitter:title\" content=\"La Taberna \u2018El Resalao\u2019 y los sabores de siempre en Alicante | El Digital de Asturias\" \/>\n\t\t<meta name=\"twitter:description\" content=\"El pasado 8 de Agosto abr\u00eda sus puertas en Alicante este restaurante que est\u00e1 situado en la calle de San Jos\u00e9, un peque\u00f1o recorrido peatonal que une el ritmo vital del centro de la ciudad desde la Rambla de M\u00e9ndez N\u00fa\u00f1ez con la plaza de la iglesia concatedral de San Nicol\u00e1s de Bari, ya en\" \/>\n\t\t<meta name=\"twitter:image\" content=\"https:\/\/eldigitaldeasturias.com\/magazine365\/wp-content\/uploads\/2017\/10\/1506933373_Comunicae_El_Resalao_1.jpg\" \/>\n\t\t<script type=\"application\/ld+json\" class=\"aioseo-schema\">\n\t\t\t{\"@context\":\"https:\\\/\\\/schema.org\",\"@graph\":[{\"@type\":\"Article\",\"@id\":\"https:\\\/\\\/eldigitaldeasturias.com\\\/magazine365\\\/la-taberna-el-resalao-y-los-sabores-de-siempre-en-alicante\\\/#article\",\"name\":\"La Taberna \\u2018El Resalao\\u2019 y los sabores de siempre en Alicante | El Digital de Asturias\",\"headline\":\"La Taberna &#8216;El Resalao&#8217; y los sabores de siempre en Alicante\",\"author\":{\"@id\":\"https:\\\/\\\/eldigitaldeasturias.com\\\/magazine365\\\/author\\\/admin\\\/#author\"},\"publisher\":{\"@id\":\"https:\\\/\\\/eldigitaldeasturias.com\\\/magazine365\\\/#organization\"},\"image\":{\"@type\":\"ImageObject\",\"url\":\"https:\\\/\\\/eldigitaldeasturias.com\\\/magazine365\\\/wp-content\\\/uploads\\\/2017\\\/10\\\/1506933373_Comunicae_El_Resalao_1.jpg\",\"width\":1500,\"height\":1000},\"datePublished\":\"2017-10-05T13:24:11+02:00\",\"dateModified\":\"2017-10-05T13:24:11+02:00\",\"inLanguage\":\"es-ES\",\"mainEntityOfPage\":{\"@id\":\"https:\\\/\\\/eldigitaldeasturias.com\\\/magazine365\\\/la-taberna-el-resalao-y-los-sabores-de-siempre-en-alicante\\\/#webpage\"},\"isPartOf\":{\"@id\":\"https:\\\/\\\/eldigitaldeasturias.com\\\/magazine365\\\/la-taberna-el-resalao-y-los-sabores-de-siempre-en-alicante\\\/#webpage\"},\"articleSection\":\"Sabores\"},{\"@type\":\"BreadcrumbList\",\"@id\":\"https:\\\/\\\/eldigitaldeasturias.com\\\/magazine365\\\/la-taberna-el-resalao-y-los-sabores-de-siempre-en-alicante\\\/#breadcrumblist\",\"itemListElement\":[{\"@type\":\"ListItem\",\"@id\":\"https:\\\/\\\/eldigitaldeasturias.com\\\/magazine365#listItem\",\"position\":1,\"name\":\"Home\",\"item\":\"https:\\\/\\\/eldigitaldeasturias.com\\\/magazine365\",\"nextItem\":{\"@type\":\"ListItem\",\"@id\":\"https:\\\/\\\/eldigitaldeasturias.com\\\/magazine365\\\/category\\\/sabores\\\/#listItem\",\"name\":\"Sabores\"}},{\"@type\":\"ListItem\",\"@id\":\"https:\\\/\\\/eldigitaldeasturias.com\\\/magazine365\\\/category\\\/sabores\\\/#listItem\",\"position\":2,\"name\":\"Sabores\",\"item\":\"https:\\\/\\\/eldigitaldeasturias.com\\\/magazine365\\\/category\\\/sabores\\\/\",\"nextItem\":{\"@type\":\"ListItem\",\"@id\":\"https:\\\/\\\/eldigitaldeasturias.com\\\/magazine365\\\/la-taberna-el-resalao-y-los-sabores-de-siempre-en-alicante\\\/#listItem\",\"name\":\"La Taberna &#8216;El Resalao&#8217; y los sabores de siempre en Alicante\"},\"previousItem\":{\"@type\":\"ListItem\",\"@id\":\"https:\\\/\\\/eldigitaldeasturias.com\\\/magazine365#listItem\",\"name\":\"Home\"}},{\"@type\":\"ListItem\",\"@id\":\"https:\\\/\\\/eldigitaldeasturias.com\\\/magazine365\\\/la-taberna-el-resalao-y-los-sabores-de-siempre-en-alicante\\\/#listItem\",\"position\":3,\"name\":\"La Taberna &#8216;El Resalao&#8217; y los sabores de siempre en Alicante\",\"previousItem\":{\"@type\":\"ListItem\",\"@id\":\"https:\\\/\\\/eldigitaldeasturias.com\\\/magazine365\\\/category\\\/sabores\\\/#listItem\",\"name\":\"Sabores\"}}]},{\"@type\":\"Organization\",\"@id\":\"https:\\\/\\\/eldigitaldeasturias.com\\\/magazine365\\\/#organization\",\"name\":\"El digital de Asturias\",\"description\":\"Revista de ocio, turismo y estilo de vida\",\"url\":\"https:\\\/\\\/eldigitaldeasturias.com\\\/magazine365\\\/\",\"logo\":{\"@type\":\"ImageObject\",\"url\":\"https:\\\/\\\/www.eldigitaldeasturias.com\\\/noticias\\\/wp-content\\\/uploads\\\/2020\\\/12\\\/EDA.jpg\",\"@id\":\"https:\\\/\\\/eldigitaldeasturias.com\\\/magazine365\\\/la-taberna-el-resalao-y-los-sabores-de-siempre-en-alicante\\\/#organizationLogo\"},\"image\":{\"@id\":\"https:\\\/\\\/eldigitaldeasturias.com\\\/magazine365\\\/la-taberna-el-resalao-y-los-sabores-de-siempre-en-alicante\\\/#organizationLogo\"}},{\"@type\":\"Person\",\"@id\":\"https:\\\/\\\/eldigitaldeasturias.com\\\/magazine365\\\/author\\\/admin\\\/#author\",\"url\":\"https:\\\/\\\/eldigitaldeasturias.com\\\/magazine365\\\/author\\\/admin\\\/\",\"name\":\"admin\",\"image\":{\"@type\":\"ImageObject\",\"@id\":\"https:\\\/\\\/eldigitaldeasturias.com\\\/magazine365\\\/la-taberna-el-resalao-y-los-sabores-de-siempre-en-alicante\\\/#authorImage\",\"url\":\"https:\\\/\\\/eldigitaldeasturias.com\\\/magazine365\\\/wp-content\\\/litespeed\\\/avatar\\\/e571bcf59a0edd6fa6838245a470f2fe.jpg?ver=1777574230\",\"width\":96,\"height\":96,\"caption\":\"admin\"}},{\"@type\":\"WebPage\",\"@id\":\"https:\\\/\\\/eldigitaldeasturias.com\\\/magazine365\\\/la-taberna-el-resalao-y-los-sabores-de-siempre-en-alicante\\\/#webpage\",\"url\":\"https:\\\/\\\/eldigitaldeasturias.com\\\/magazine365\\\/la-taberna-el-resalao-y-los-sabores-de-siempre-en-alicante\\\/\",\"name\":\"La Taberna \\u2018El Resalao\\u2019 y los sabores de siempre en Alicante | El Digital de Asturias\",\"description\":\"El pasado 8 de Agosto abr\\u00eda sus puertas en Alicante este restaurante que est\\u00e1 situado en la calle de San Jos\\u00e9, un peque\\u00f1o recorrido peatonal que une el ritmo vital del centro de la ciudad desde la Rambla de M\\u00e9ndez N\\u00fa\\u00f1ez con la plaza de la iglesia concatedral de San Nicol\\u00e1s de Bari, ya en\",\"inLanguage\":\"es-ES\",\"isPartOf\":{\"@id\":\"https:\\\/\\\/eldigitaldeasturias.com\\\/magazine365\\\/#website\"},\"breadcrumb\":{\"@id\":\"https:\\\/\\\/eldigitaldeasturias.com\\\/magazine365\\\/la-taberna-el-resalao-y-los-sabores-de-siempre-en-alicante\\\/#breadcrumblist\"},\"author\":{\"@id\":\"https:\\\/\\\/eldigitaldeasturias.com\\\/magazine365\\\/author\\\/admin\\\/#author\"},\"creator\":{\"@id\":\"https:\\\/\\\/eldigitaldeasturias.com\\\/magazine365\\\/author\\\/admin\\\/#author\"},\"image\":{\"@type\":\"ImageObject\",\"url\":\"https:\\\/\\\/eldigitaldeasturias.com\\\/magazine365\\\/wp-content\\\/uploads\\\/2017\\\/10\\\/1506933373_Comunicae_El_Resalao_1.jpg\",\"@id\":\"https:\\\/\\\/eldigitaldeasturias.com\\\/magazine365\\\/la-taberna-el-resalao-y-los-sabores-de-siempre-en-alicante\\\/#mainImage\",\"width\":1500,\"height\":1000},\"primaryImageOfPage\":{\"@id\":\"https:\\\/\\\/eldigitaldeasturias.com\\\/magazine365\\\/la-taberna-el-resalao-y-los-sabores-de-siempre-en-alicante\\\/#mainImage\"},\"datePublished\":\"2017-10-05T13:24:11+02:00\",\"dateModified\":\"2017-10-05T13:24:11+02:00\"},{\"@type\":\"WebSite\",\"@id\":\"https:\\\/\\\/eldigitaldeasturias.com\\\/magazine365\\\/#website\",\"url\":\"https:\\\/\\\/eldigitaldeasturias.com\\\/magazine365\\\/\",\"name\":\"El Digital de Asturias\",\"description\":\"Revista de ocio, turismo y estilo de vida\",\"inLanguage\":\"es-ES\",\"publisher\":{\"@id\":\"https:\\\/\\\/eldigitaldeasturias.com\\\/magazine365\\\/#organization\"}}]}\n\t\t<\/script>\n\t\t<!-- All in One SEO Pro -->\r\n\t\t<title>La Taberna \u2018El Resalao\u2019 y los sabores de siempre en Alicante | El Digital de Asturias<\/title>\n\n","aioseo_head_json":{"title":"La Taberna \u2018El Resalao\u2019 y los sabores de siempre en Alicante | El Digital de Asturias","description":"El pasado 8 de Agosto abr\u00eda sus puertas en Alicante este restaurante que est\u00e1 situado en la calle de San Jos\u00e9, un peque\u00f1o recorrido peatonal que une el ritmo vital del centro de la ciudad desde la Rambla de M\u00e9ndez N\u00fa\u00f1ez con la plaza de la iglesia concatedral de San Nicol\u00e1s de Bari, ya en","canonical_url":"https:\/\/eldigitaldeasturias.com\/magazine365\/la-taberna-el-resalao-y-los-sabores-de-siempre-en-alicante\/","robots":"max-image-preview:large","keywords":"sabores","webmasterTools":{"google-site-verification":"UA-38556648-1","miscellaneous":""},"schema":{"@context":"https:\/\/schema.org","@graph":[{"@type":"Article","@id":"https:\/\/eldigitaldeasturias.com\/magazine365\/la-taberna-el-resalao-y-los-sabores-de-siempre-en-alicante\/#article","name":"La Taberna \u2018El Resalao\u2019 y los sabores de siempre en Alicante | El Digital de Asturias","headline":"La Taberna &#8216;El Resalao&#8217; y los sabores de siempre en Alicante","author":{"@id":"https:\/\/eldigitaldeasturias.com\/magazine365\/author\/admin\/#author"},"publisher":{"@id":"https:\/\/eldigitaldeasturias.com\/magazine365\/#organization"},"image":{"@type":"ImageObject","url":"https:\/\/eldigitaldeasturias.com\/magazine365\/wp-content\/uploads\/2017\/10\/1506933373_Comunicae_El_Resalao_1.jpg","width":1500,"height":1000},"datePublished":"2017-10-05T13:24:11+02:00","dateModified":"2017-10-05T13:24:11+02:00","inLanguage":"es-ES","mainEntityOfPage":{"@id":"https:\/\/eldigitaldeasturias.com\/magazine365\/la-taberna-el-resalao-y-los-sabores-de-siempre-en-alicante\/#webpage"},"isPartOf":{"@id":"https:\/\/eldigitaldeasturias.com\/magazine365\/la-taberna-el-resalao-y-los-sabores-de-siempre-en-alicante\/#webpage"},"articleSection":"Sabores"},{"@type":"BreadcrumbList","@id":"https:\/\/eldigitaldeasturias.com\/magazine365\/la-taberna-el-resalao-y-los-sabores-de-siempre-en-alicante\/#breadcrumblist","itemListElement":[{"@type":"ListItem","@id":"https:\/\/eldigitaldeasturias.com\/magazine365#listItem","position":1,"name":"Home","item":"https:\/\/eldigitaldeasturias.com\/magazine365","nextItem":{"@type":"ListItem","@id":"https:\/\/eldigitaldeasturias.com\/magazine365\/category\/sabores\/#listItem","name":"Sabores"}},{"@type":"ListItem","@id":"https:\/\/eldigitaldeasturias.com\/magazine365\/category\/sabores\/#listItem","position":2,"name":"Sabores","item":"https:\/\/eldigitaldeasturias.com\/magazine365\/category\/sabores\/","nextItem":{"@type":"ListItem","@id":"https:\/\/eldigitaldeasturias.com\/magazine365\/la-taberna-el-resalao-y-los-sabores-de-siempre-en-alicante\/#listItem","name":"La Taberna &#8216;El Resalao&#8217; y los sabores de siempre en Alicante"},"previousItem":{"@type":"ListItem","@id":"https:\/\/eldigitaldeasturias.com\/magazine365#listItem","name":"Home"}},{"@type":"ListItem","@id":"https:\/\/eldigitaldeasturias.com\/magazine365\/la-taberna-el-resalao-y-los-sabores-de-siempre-en-alicante\/#listItem","position":3,"name":"La Taberna &#8216;El Resalao&#8217; y los sabores de siempre en Alicante","previousItem":{"@type":"ListItem","@id":"https:\/\/eldigitaldeasturias.com\/magazine365\/category\/sabores\/#listItem","name":"Sabores"}}]},{"@type":"Organization","@id":"https:\/\/eldigitaldeasturias.com\/magazine365\/#organization","name":"El digital de Asturias","description":"Revista de ocio, turismo y estilo de vida","url":"https:\/\/eldigitaldeasturias.com\/magazine365\/","logo":{"@type":"ImageObject","url":"https:\/\/www.eldigitaldeasturias.com\/noticias\/wp-content\/uploads\/2020\/12\/EDA.jpg","@id":"https:\/\/eldigitaldeasturias.com\/magazine365\/la-taberna-el-resalao-y-los-sabores-de-siempre-en-alicante\/#organizationLogo"},"image":{"@id":"https:\/\/eldigitaldeasturias.com\/magazine365\/la-taberna-el-resalao-y-los-sabores-de-siempre-en-alicante\/#organizationLogo"}},{"@type":"Person","@id":"https:\/\/eldigitaldeasturias.com\/magazine365\/author\/admin\/#author","url":"https:\/\/eldigitaldeasturias.com\/magazine365\/author\/admin\/","name":"admin","image":{"@type":"ImageObject","@id":"https:\/\/eldigitaldeasturias.com\/magazine365\/la-taberna-el-resalao-y-los-sabores-de-siempre-en-alicante\/#authorImage","url":"https:\/\/eldigitaldeasturias.com\/magazine365\/wp-content\/litespeed\/avatar\/e571bcf59a0edd6fa6838245a470f2fe.jpg?ver=1777574230","width":96,"height":96,"caption":"admin"}},{"@type":"WebPage","@id":"https:\/\/eldigitaldeasturias.com\/magazine365\/la-taberna-el-resalao-y-los-sabores-de-siempre-en-alicante\/#webpage","url":"https:\/\/eldigitaldeasturias.com\/magazine365\/la-taberna-el-resalao-y-los-sabores-de-siempre-en-alicante\/","name":"La Taberna \u2018El Resalao\u2019 y los sabores de siempre en Alicante | El Digital de Asturias","description":"El pasado 8 de Agosto abr\u00eda sus puertas en Alicante este restaurante que est\u00e1 situado en la calle de San Jos\u00e9, un peque\u00f1o recorrido peatonal que une el ritmo vital del centro de la ciudad desde la Rambla de M\u00e9ndez N\u00fa\u00f1ez con la plaza de la iglesia concatedral de San Nicol\u00e1s de Bari, ya en","inLanguage":"es-ES","isPartOf":{"@id":"https:\/\/eldigitaldeasturias.com\/magazine365\/#website"},"breadcrumb":{"@id":"https:\/\/eldigitaldeasturias.com\/magazine365\/la-taberna-el-resalao-y-los-sabores-de-siempre-en-alicante\/#breadcrumblist"},"author":{"@id":"https:\/\/eldigitaldeasturias.com\/magazine365\/author\/admin\/#author"},"creator":{"@id":"https:\/\/eldigitaldeasturias.com\/magazine365\/author\/admin\/#author"},"image":{"@type":"ImageObject","url":"https:\/\/eldigitaldeasturias.com\/magazine365\/wp-content\/uploads\/2017\/10\/1506933373_Comunicae_El_Resalao_1.jpg","@id":"https:\/\/eldigitaldeasturias.com\/magazine365\/la-taberna-el-resalao-y-los-sabores-de-siempre-en-alicante\/#mainImage","width":1500,"height":1000},"primaryImageOfPage":{"@id":"https:\/\/eldigitaldeasturias.com\/magazine365\/la-taberna-el-resalao-y-los-sabores-de-siempre-en-alicante\/#mainImage"},"datePublished":"2017-10-05T13:24:11+02:00","dateModified":"2017-10-05T13:24:11+02:00"},{"@type":"WebSite","@id":"https:\/\/eldigitaldeasturias.com\/magazine365\/#website","url":"https:\/\/eldigitaldeasturias.com\/magazine365\/","name":"El Digital de Asturias","description":"Revista de ocio, turismo y estilo de vida","inLanguage":"es-ES","publisher":{"@id":"https:\/\/eldigitaldeasturias.com\/magazine365\/#organization"}}]},"og:locale":"es_ES","og:site_name":"El Digital de Asturias \u2013 Revista de ocio, turismo y estilo de vida","og:type":"article","og:title":"La Taberna \u2018El Resalao\u2019 y los sabores de siempre en Alicante | El Digital de Asturias","og:description":"El pasado 8 de Agosto abr\u00eda sus puertas en Alicante este restaurante que est\u00e1 situado en la calle de San Jos\u00e9, un peque\u00f1o recorrido peatonal que une el ritmo vital del centro de la ciudad desde la Rambla de M\u00e9ndez N\u00fa\u00f1ez con la plaza de la iglesia concatedral de San Nicol\u00e1s de Bari, ya en","og:url":"https:\/\/eldigitaldeasturias.com\/magazine365\/la-taberna-el-resalao-y-los-sabores-de-siempre-en-alicante\/","og:image":"https:\/\/eldigitaldeasturias.com\/magazine365\/wp-content\/uploads\/2017\/10\/1506933373_Comunicae_El_Resalao_1.jpg","og:image:secure_url":"https:\/\/eldigitaldeasturias.com\/magazine365\/wp-content\/uploads\/2017\/10\/1506933373_Comunicae_El_Resalao_1.jpg","og:image:width":1500,"og:image:height":1000,"article:published_time":"2017-10-05T11:54:11+00:00","article:modified_time":"2017-10-05T11:54:11+00:00","twitter:card":"summary_large_image","twitter:title":"La Taberna \u2018El Resalao\u2019 y los sabores de siempre en Alicante | El Digital de Asturias","twitter:description":"El pasado 8 de Agosto abr\u00eda sus puertas en Alicante este restaurante que est\u00e1 situado en la calle de San Jos\u00e9, un peque\u00f1o recorrido peatonal que une el ritmo vital del centro de la ciudad desde la Rambla de M\u00e9ndez N\u00fa\u00f1ez con la plaza de la iglesia concatedral de San Nicol\u00e1s de Bari, ya en","twitter:image":"https:\/\/eldigitaldeasturias.com\/magazine365\/wp-content\/uploads\/2017\/10\/1506933373_Comunicae_El_Resalao_1.jpg"},"aioseo_meta_data":{"post_id":"88868","title":null,"description":null,"keywords":null,"keyphrases":null,"primary_term":null,"canonical_url":null,"og_title":null,"og_description":null,"og_object_type":"default","og_image_type":"default","og_image_url":null,"og_image_width":null,"og_image_height":null,"og_image_custom_url":null,"og_image_custom_fields":null,"og_video":null,"og_custom_url":null,"og_article_section":null,"og_article_tags":null,"twitter_use_og":false,"twitter_card":"default","twitter_image_type":"default","twitter_image_url":null,"twitter_image_custom_url":null,"twitter_image_custom_fields":null,"twitter_title":null,"twitter_description":null,"schema":{"blockGraphs":[],"customGraphs":[],"default":{"data":{"Article":[],"Course":[],"Dataset":[],"FAQPage":[],"Movie":[],"Person":[],"Product":[],"ProductReview":[],"Car":[],"Recipe":[],"Service":[],"SoftwareApplication":[],"WebPage":[]},"graphName":"","isEnabled":true},"graphs":[],"defaultGraph":"","defaultPostTypeGraph":""},"schema_type":null,"schema_type_options":null,"pillar_content":false,"robots_default":true,"robots_noindex":false,"robots_noarchive":false,"robots_nosnippet":false,"robots_nofollow":false,"robots_noimageindex":false,"robots_noodp":false,"robots_notranslate":false,"robots_max_snippet":null,"robots_max_videopreview":null,"robots_max_imagepreview":"large","priority":null,"frequency":null,"location":null,"local_seo":null,"seo_analyzer_scan_date":"2025-09-28 13:43:23","breadcrumb_settings":null,"limit_modified_date":false,"open_ai":null,"ai":null,"created":"2020-12-21 14:18:42","updated":"2025-09-28 13:43:23"},"aioseo_breadcrumb":"<div class=\"aioseo-breadcrumbs\"><span class=\"aioseo-breadcrumb\">\n\t<a href=\"https:\/\/eldigitaldeasturias.com\/magazine365\" title=\"Home\">Home<\/a>\n<\/span><span class=\"aioseo-breadcrumb-separator\">\u2013<\/span><span class=\"aioseo-breadcrumb\">\n\t<a href=\"https:\/\/eldigitaldeasturias.com\/magazine365\/category\/sabores\/\" title=\"Sabores\">Sabores<\/a>\n<\/span><span class=\"aioseo-breadcrumb-separator\">\u2013<\/span><span class=\"aioseo-breadcrumb\">\n\t<a href=\"https:\/\/eldigitaldeasturias.com\/magazine365\/la-taberna-el-resalao-y-los-sabores-de-siempre-en-alicante\/\" title=\"La Taberna \u2018El Resalao\u2019 y los sabores de siempre en Alicante\">La Taberna \u2018El Resalao\u2019 y los sabores de siempre en Alicante<\/a>\n<\/span><\/div>","aioseo_breadcrumb_json":[{"label":"Home","link":"https:\/\/eldigitaldeasturias.com\/magazine365"},{"label":"Sabores","link":"https:\/\/eldigitaldeasturias.com\/magazine365\/category\/sabores\/"},{"label":"La Taberna &#8216;El Resalao&#8217; y los sabores de siempre en Alicante","link":"https:\/\/eldigitaldeasturias.com\/magazine365\/la-taberna-el-resalao-y-los-sabores-de-siempre-en-alicante\/"}],"_links":{"self":[{"href":"https:\/\/eldigitaldeasturias.com\/magazine365\/wp-json\/wp\/v2\/posts\/88868","targetHints":{"allow":["GET"]}}],"collection":[{"href":"https:\/\/eldigitaldeasturias.com\/magazine365\/wp-json\/wp\/v2\/posts"}],"about":[{"href":"https:\/\/eldigitaldeasturias.com\/magazine365\/wp-json\/wp\/v2\/types\/post"}],"author":[{"embeddable":true,"href":"https:\/\/eldigitaldeasturias.com\/magazine365\/wp-json\/wp\/v2\/users\/1"}],"replies":[{"embeddable":true,"href":"https:\/\/eldigitaldeasturias.com\/magazine365\/wp-json\/wp\/v2\/comments?post=88868"}],"version-history":[{"count":0,"href":"https:\/\/eldigitaldeasturias.com\/magazine365\/wp-json\/wp\/v2\/posts\/88868\/revisions"}],"wp:featuredmedia":[{"embeddable":true,"href":"https:\/\/eldigitaldeasturias.com\/magazine365\/wp-json\/wp\/v2\/media\/88869"}],"wp:attachment":[{"href":"https:\/\/eldigitaldeasturias.com\/magazine365\/wp-json\/wp\/v2\/media?parent=88868"}],"wp:term":[{"taxonomy":"category","embeddable":true,"href":"https:\/\/eldigitaldeasturias.com\/magazine365\/wp-json\/wp\/v2\/categories?post=88868"},{"taxonomy":"post_tag","embeddable":true,"href":"https:\/\/eldigitaldeasturias.com\/magazine365\/wp-json\/wp\/v2\/tags?post=88868"}],"curies":[{"name":"wp","href":"https:\/\/api.w.org\/{rel}","templated":true}]}}