{"id":88641,"date":"2017-09-24T02:01:06","date_gmt":"2017-09-24T00:31:06","guid":{"rendered":"http:\/\/eldigitaldeasturias.com\/magazine365\/?p=88641"},"modified":"2017-09-24T02:01:06","modified_gmt":"2017-09-24T00:31:06","slug":"bizkarra-participa-en-el-encuentro-internacional-del-club-richemont","status":"publish","type":"post","link":"https:\/\/eldigitaldeasturias.com\/magazine365\/bizkarra-participa-en-el-encuentro-internacional-del-club-richemont\/","title":{"rendered":"Bizkarra participa en el encuentro internacional del Club Richemont"},"content":{"rendered":"<p><img fetchpriority=\"high\" decoding=\"async\" class=\"alignleft size-medium wp-image-88642\" src=\"https:\/\/eldigitaldeasturias.com\/magazine365\/wp-content\/uploads\/2017\/09\/1506073773_Richmont-360x241.jpg\" alt=\"\" width=\"360\" height=\"241\" srcset=\"https:\/\/eldigitaldeasturias.com\/magazine365\/wp-content\/uploads\/2017\/09\/1506073773_Richmont-360x241.jpg 360w, https:\/\/eldigitaldeasturias.com\/magazine365\/wp-content\/uploads\/2017\/09\/1506073773_Richmont-650x436.jpg 650w, https:\/\/eldigitaldeasturias.com\/magazine365\/wp-content\/uploads\/2017\/09\/1506073773_Richmont-768x515.jpg 768w, https:\/\/eldigitaldeasturias.com\/magazine365\/wp-content\/uploads\/2017\/09\/1506073773_Richmont-150x101.jpg 150w, https:\/\/eldigitaldeasturias.com\/magazine365\/wp-content\/uploads\/2017\/09\/1506073773_Richmont-450x302.jpg 450w, https:\/\/eldigitaldeasturias.com\/magazine365\/wp-content\/uploads\/2017\/09\/1506073773_Richmont-84x55.jpg 84w, https:\/\/eldigitaldeasturias.com\/magazine365\/wp-content\/uploads\/2017\/09\/1506073773_Richmont.jpg 800w\" sizes=\"(max-width: 360px) 100vw, 360px\" \/>Como socio del Club Richemont estatal, <a href=\"http:\/\/www.bizkarra.com\/\" target=\"_blank\" rel=\"nofollow noopener\"><strong><span style=\"color: #ff0000;\">Bizkarra<\/span><\/strong><\/a> participa en este encuentro internacional y colabora en la organizaci\u00f3n del evento, que acoger\u00e1 en Bilbao, Gasteiz y Donostia a los miembros. Durante tres d\u00edas realizar\u00e1n un programa de trabajo y de conocimiento por las tradiciones locales y profundizar\u00e1n en las l\u00edneas de actuaci\u00f3n para el desarrollo general de la profesi\u00f3n.<\/p>\n<p>Uno de los eventos m\u00e1s destacado tendr\u00e1 lugar el d\u00eda 25 en el Basque Culinary Center con un <em>showcooking<\/em> titulado \u201cLos nuevos caminos del pan saludable\u201d, que dar\u00e1 pie a una reflexi\u00f3n sobre el pan desde el punto de vista de la salud.<\/p>\n<p>El Club Richemont es una asociaci\u00f3n sin \u00e1nimo de lucro que re\u00fane a expertos del mundo de la panader\u00eda, pasteler\u00eda y confiter\u00eda. Tiene como objetivos fomentar activamente el intercambio de experiencias, la formaci\u00f3n continua y promover el reconocimiento p\u00fablico de todo el sector.<\/p>\n<p>Alineados en esta estrategia de dar valor al producto y a la profesi\u00f3n, Eduardo y Rodolfo Bizkarra incorporaron hace a\u00f1os a Bizkarra como miembro del Club Richemont. Habitualmente participan en las actividades de especializaci\u00f3n que se organizan en la Escuela Profesional Richemont en Lucerna (Suiza), as\u00ed como en las reuniones y encuentros, para aportar su visi\u00f3n y trabajar en com\u00fan por el futuro de la profesi\u00f3n.<\/p>\n<p>El primer Club Richemont surge en Inglaterra en 1948 como un lugar de encuentro entre personas del mundo de la panader\u00eda y de la pasteler\u00eda. Tiene su origen en la escuela Richemont de Suiza, fundada en 1945. Seg\u00fan la historia, se forma por el af\u00e1n de un panadero y pastelero suizo que se va a Inglaterra y mantiene contactos con la escuela suiza con el fin de realizar consultas y seguir aprendiendo. A nivel estatal, el Club Richemont Espa\u00f1a celebra este a\u00f1o su 25 aniversario.<\/p>\n<p>&nbsp;<\/p>\n","protected":false},"excerpt":{"rendered":"<p>Como socio del Club Richemont estatal, Bizkarra participa en este encuentro internacional y colabora en la organizaci\u00f3n del evento, que acoger\u00e1 en Bilbao, Gasteiz y Donostia a los miembros. Durante tres d\u00edas realizar\u00e1n un programa de trabajo y de conocimiento por las tradiciones locales y profundizar\u00e1n en las l\u00edneas de actuaci\u00f3n para el desarrollo general<\/p>\n","protected":false},"author":1,"featured_media":88642,"comment_status":"closed","ping_status":"closed","sticky":false,"template":"","format":"standard","meta":{"footnotes":""},"categories":[217],"tags":[],"class_list":{"0":"post-88641","1":"post","2":"type-post","3":"status-publish","4":"format-standard","5":"has-post-thumbnail","7":"category-sabores"},"aioseo_notices":[],"aioseo_head":"\n\t\t<!-- All in One SEO Pro 4.9.6.1 - aioseo.com -->\n\t<meta name=\"description\" content=\"Como socio del Club Richemont estatal, Bizkarra participa en este encuentro internacional y colabora en la organizaci\u00f3n del evento, que acoger\u00e1 en Bilbao, Gasteiz y Donostia a los miembros. Durante tres d\u00edas realizar\u00e1n un programa de trabajo y de conocimiento por las tradiciones locales y profundizar\u00e1n en las l\u00edneas de actuaci\u00f3n para el desarrollo general\" \/>\n\t<meta name=\"robots\" content=\"max-image-preview:large\" \/>\n\t<meta name=\"author\" content=\"admin\"\/>\n\t<meta name=\"google-site-verification\" content=\"UA-38556648-1\" \/>\n\t<meta name=\"keywords\" content=\"sabores\" \/>\n\t<link rel=\"canonical\" href=\"https:\/\/eldigitaldeasturias.com\/magazine365\/bizkarra-participa-en-el-encuentro-internacional-del-club-richemont\/\" \/>\n\t<meta name=\"generator\" content=\"All in One SEO Pro (AIOSEO) 4.9.6.1\" \/>\n\t\t<meta property=\"og:locale\" content=\"es_ES\" \/>\n\t\t<meta property=\"og:site_name\" content=\"El Digital de Asturias \u2013 Revista de ocio, turismo y estilo de vida\" \/>\n\t\t<meta property=\"og:type\" content=\"article\" \/>\n\t\t<meta property=\"og:title\" content=\"Bizkarra participa en el encuentro internacional del Club Richemont | El Digital de Asturias\" \/>\n\t\t<meta property=\"og:description\" content=\"Como socio del Club Richemont estatal, Bizkarra participa en este encuentro internacional y colabora en la organizaci\u00f3n del evento, que acoger\u00e1 en Bilbao, Gasteiz y Donostia a los miembros. Durante tres d\u00edas realizar\u00e1n un programa de trabajo y de conocimiento por las tradiciones locales y profundizar\u00e1n en las l\u00edneas de actuaci\u00f3n para el desarrollo general\" \/>\n\t\t<meta property=\"og:url\" content=\"https:\/\/eldigitaldeasturias.com\/magazine365\/bizkarra-participa-en-el-encuentro-internacional-del-club-richemont\/\" \/>\n\t\t<meta property=\"og:image\" content=\"https:\/\/eldigitaldeasturias.com\/magazine365\/wp-content\/uploads\/2017\/09\/1506073773_Richmont.jpg\" \/>\n\t\t<meta property=\"og:image:secure_url\" content=\"https:\/\/eldigitaldeasturias.com\/magazine365\/wp-content\/uploads\/2017\/09\/1506073773_Richmont.jpg\" \/>\n\t\t<meta property=\"og:image:width\" content=\"800\" \/>\n\t\t<meta property=\"og:image:height\" content=\"536\" \/>\n\t\t<meta property=\"article:published_time\" content=\"2017-09-24T00:31:06+00:00\" \/>\n\t\t<meta property=\"article:modified_time\" content=\"2017-09-24T00:31:06+00:00\" \/>\n\t\t<meta name=\"twitter:card\" content=\"summary_large_image\" \/>\n\t\t<meta name=\"twitter:title\" content=\"Bizkarra participa en el encuentro internacional del Club Richemont | El Digital de Asturias\" \/>\n\t\t<meta name=\"twitter:description\" content=\"Como socio del Club Richemont estatal, Bizkarra participa en este encuentro internacional y colabora en la organizaci\u00f3n del evento, que acoger\u00e1 en Bilbao, Gasteiz y Donostia a los miembros. Durante tres d\u00edas realizar\u00e1n un programa de trabajo y de conocimiento por las tradiciones locales y profundizar\u00e1n en las l\u00edneas de actuaci\u00f3n para el desarrollo general\" \/>\n\t\t<meta name=\"twitter:image\" content=\"https:\/\/eldigitaldeasturias.com\/magazine365\/wp-content\/uploads\/2017\/09\/1506073773_Richmont.jpg\" \/>\n\t\t<script type=\"application\/ld+json\" class=\"aioseo-schema\">\n\t\t\t{\"@context\":\"https:\\\/\\\/schema.org\",\"@graph\":[{\"@type\":\"Article\",\"@id\":\"https:\\\/\\\/eldigitaldeasturias.com\\\/magazine365\\\/bizkarra-participa-en-el-encuentro-internacional-del-club-richemont\\\/#article\",\"name\":\"Bizkarra participa en el encuentro internacional del Club Richemont | El Digital de Asturias\",\"headline\":\"Bizkarra participa en el encuentro internacional del Club Richemont\",\"author\":{\"@id\":\"https:\\\/\\\/eldigitaldeasturias.com\\\/magazine365\\\/author\\\/admin\\\/#author\"},\"publisher\":{\"@id\":\"https:\\\/\\\/eldigitaldeasturias.com\\\/magazine365\\\/#organization\"},\"image\":{\"@type\":\"ImageObject\",\"url\":\"https:\\\/\\\/eldigitaldeasturias.com\\\/magazine365\\\/wp-content\\\/uploads\\\/2017\\\/09\\\/1506073773_Richmont.jpg\",\"width\":800,\"height\":536},\"datePublished\":\"2017-09-24T02:01:06+02:00\",\"dateModified\":\"2017-09-24T02:01:06+02:00\",\"inLanguage\":\"es-ES\",\"mainEntityOfPage\":{\"@id\":\"https:\\\/\\\/eldigitaldeasturias.com\\\/magazine365\\\/bizkarra-participa-en-el-encuentro-internacional-del-club-richemont\\\/#webpage\"},\"isPartOf\":{\"@id\":\"https:\\\/\\\/eldigitaldeasturias.com\\\/magazine365\\\/bizkarra-participa-en-el-encuentro-internacional-del-club-richemont\\\/#webpage\"},\"articleSection\":\"Sabores\"},{\"@type\":\"BreadcrumbList\",\"@id\":\"https:\\\/\\\/eldigitaldeasturias.com\\\/magazine365\\\/bizkarra-participa-en-el-encuentro-internacional-del-club-richemont\\\/#breadcrumblist\",\"itemListElement\":[{\"@type\":\"ListItem\",\"@id\":\"https:\\\/\\\/eldigitaldeasturias.com\\\/magazine365#listItem\",\"position\":1,\"name\":\"Home\",\"item\":\"https:\\\/\\\/eldigitaldeasturias.com\\\/magazine365\",\"nextItem\":{\"@type\":\"ListItem\",\"@id\":\"https:\\\/\\\/eldigitaldeasturias.com\\\/magazine365\\\/category\\\/sabores\\\/#listItem\",\"name\":\"Sabores\"}},{\"@type\":\"ListItem\",\"@id\":\"https:\\\/\\\/eldigitaldeasturias.com\\\/magazine365\\\/category\\\/sabores\\\/#listItem\",\"position\":2,\"name\":\"Sabores\",\"item\":\"https:\\\/\\\/eldigitaldeasturias.com\\\/magazine365\\\/category\\\/sabores\\\/\",\"nextItem\":{\"@type\":\"ListItem\",\"@id\":\"https:\\\/\\\/eldigitaldeasturias.com\\\/magazine365\\\/bizkarra-participa-en-el-encuentro-internacional-del-club-richemont\\\/#listItem\",\"name\":\"Bizkarra participa en el encuentro internacional del Club Richemont\"},\"previousItem\":{\"@type\":\"ListItem\",\"@id\":\"https:\\\/\\\/eldigitaldeasturias.com\\\/magazine365#listItem\",\"name\":\"Home\"}},{\"@type\":\"ListItem\",\"@id\":\"https:\\\/\\\/eldigitaldeasturias.com\\\/magazine365\\\/bizkarra-participa-en-el-encuentro-internacional-del-club-richemont\\\/#listItem\",\"position\":3,\"name\":\"Bizkarra participa en el encuentro internacional del Club Richemont\",\"previousItem\":{\"@type\":\"ListItem\",\"@id\":\"https:\\\/\\\/eldigitaldeasturias.com\\\/magazine365\\\/category\\\/sabores\\\/#listItem\",\"name\":\"Sabores\"}}]},{\"@type\":\"Organization\",\"@id\":\"https:\\\/\\\/eldigitaldeasturias.com\\\/magazine365\\\/#organization\",\"name\":\"El digital de Asturias\",\"description\":\"Revista de ocio, turismo y estilo de vida\",\"url\":\"https:\\\/\\\/eldigitaldeasturias.com\\\/magazine365\\\/\",\"logo\":{\"@type\":\"ImageObject\",\"url\":\"https:\\\/\\\/www.eldigitaldeasturias.com\\\/noticias\\\/wp-content\\\/uploads\\\/2020\\\/12\\\/EDA.jpg\",\"@id\":\"https:\\\/\\\/eldigitaldeasturias.com\\\/magazine365\\\/bizkarra-participa-en-el-encuentro-internacional-del-club-richemont\\\/#organizationLogo\"},\"image\":{\"@id\":\"https:\\\/\\\/eldigitaldeasturias.com\\\/magazine365\\\/bizkarra-participa-en-el-encuentro-internacional-del-club-richemont\\\/#organizationLogo\"}},{\"@type\":\"Person\",\"@id\":\"https:\\\/\\\/eldigitaldeasturias.com\\\/magazine365\\\/author\\\/admin\\\/#author\",\"url\":\"https:\\\/\\\/eldigitaldeasturias.com\\\/magazine365\\\/author\\\/admin\\\/\",\"name\":\"admin\",\"image\":{\"@type\":\"ImageObject\",\"@id\":\"https:\\\/\\\/eldigitaldeasturias.com\\\/magazine365\\\/bizkarra-participa-en-el-encuentro-internacional-del-club-richemont\\\/#authorImage\",\"url\":\"https:\\\/\\\/eldigitaldeasturias.com\\\/magazine365\\\/wp-content\\\/litespeed\\\/avatar\\\/e571bcf59a0edd6fa6838245a470f2fe.jpg?ver=1777574230\",\"width\":96,\"height\":96,\"caption\":\"admin\"}},{\"@type\":\"WebPage\",\"@id\":\"https:\\\/\\\/eldigitaldeasturias.com\\\/magazine365\\\/bizkarra-participa-en-el-encuentro-internacional-del-club-richemont\\\/#webpage\",\"url\":\"https:\\\/\\\/eldigitaldeasturias.com\\\/magazine365\\\/bizkarra-participa-en-el-encuentro-internacional-del-club-richemont\\\/\",\"name\":\"Bizkarra participa en el encuentro internacional del Club Richemont | El Digital de Asturias\",\"description\":\"Como socio del Club Richemont estatal, Bizkarra participa en este encuentro internacional y colabora en la organizaci\\u00f3n del evento, que acoger\\u00e1 en Bilbao, Gasteiz y Donostia a los miembros. Durante tres d\\u00edas realizar\\u00e1n un programa de trabajo y de conocimiento por las tradiciones locales y profundizar\\u00e1n en las l\\u00edneas de actuaci\\u00f3n para el desarrollo general\",\"inLanguage\":\"es-ES\",\"isPartOf\":{\"@id\":\"https:\\\/\\\/eldigitaldeasturias.com\\\/magazine365\\\/#website\"},\"breadcrumb\":{\"@id\":\"https:\\\/\\\/eldigitaldeasturias.com\\\/magazine365\\\/bizkarra-participa-en-el-encuentro-internacional-del-club-richemont\\\/#breadcrumblist\"},\"author\":{\"@id\":\"https:\\\/\\\/eldigitaldeasturias.com\\\/magazine365\\\/author\\\/admin\\\/#author\"},\"creator\":{\"@id\":\"https:\\\/\\\/eldigitaldeasturias.com\\\/magazine365\\\/author\\\/admin\\\/#author\"},\"image\":{\"@type\":\"ImageObject\",\"url\":\"https:\\\/\\\/eldigitaldeasturias.com\\\/magazine365\\\/wp-content\\\/uploads\\\/2017\\\/09\\\/1506073773_Richmont.jpg\",\"@id\":\"https:\\\/\\\/eldigitaldeasturias.com\\\/magazine365\\\/bizkarra-participa-en-el-encuentro-internacional-del-club-richemont\\\/#mainImage\",\"width\":800,\"height\":536},\"primaryImageOfPage\":{\"@id\":\"https:\\\/\\\/eldigitaldeasturias.com\\\/magazine365\\\/bizkarra-participa-en-el-encuentro-internacional-del-club-richemont\\\/#mainImage\"},\"datePublished\":\"2017-09-24T02:01:06+02:00\",\"dateModified\":\"2017-09-24T02:01:06+02:00\"},{\"@type\":\"WebSite\",\"@id\":\"https:\\\/\\\/eldigitaldeasturias.com\\\/magazine365\\\/#website\",\"url\":\"https:\\\/\\\/eldigitaldeasturias.com\\\/magazine365\\\/\",\"name\":\"El Digital de Asturias\",\"description\":\"Revista de ocio, turismo y estilo de vida\",\"inLanguage\":\"es-ES\",\"publisher\":{\"@id\":\"https:\\\/\\\/eldigitaldeasturias.com\\\/magazine365\\\/#organization\"}}]}\n\t\t<\/script>\n\t\t<!-- All in One SEO Pro -->\r\n\t\t<title>Bizkarra participa en el encuentro internacional del Club Richemont | El Digital de Asturias<\/title>\n\n","aioseo_head_json":{"title":"Bizkarra participa en el encuentro internacional del Club Richemont | El Digital de Asturias","description":"Como socio del Club Richemont estatal, Bizkarra participa en este encuentro internacional y colabora en la organizaci\u00f3n del evento, que acoger\u00e1 en Bilbao, Gasteiz y Donostia a los miembros. Durante tres d\u00edas realizar\u00e1n un programa de trabajo y de conocimiento por las tradiciones locales y profundizar\u00e1n en las l\u00edneas de actuaci\u00f3n para el desarrollo general","canonical_url":"https:\/\/eldigitaldeasturias.com\/magazine365\/bizkarra-participa-en-el-encuentro-internacional-del-club-richemont\/","robots":"max-image-preview:large","keywords":"sabores","webmasterTools":{"google-site-verification":"UA-38556648-1","miscellaneous":""},"schema":{"@context":"https:\/\/schema.org","@graph":[{"@type":"Article","@id":"https:\/\/eldigitaldeasturias.com\/magazine365\/bizkarra-participa-en-el-encuentro-internacional-del-club-richemont\/#article","name":"Bizkarra participa en el encuentro internacional del Club Richemont | El Digital de Asturias","headline":"Bizkarra participa en el encuentro internacional del Club Richemont","author":{"@id":"https:\/\/eldigitaldeasturias.com\/magazine365\/author\/admin\/#author"},"publisher":{"@id":"https:\/\/eldigitaldeasturias.com\/magazine365\/#organization"},"image":{"@type":"ImageObject","url":"https:\/\/eldigitaldeasturias.com\/magazine365\/wp-content\/uploads\/2017\/09\/1506073773_Richmont.jpg","width":800,"height":536},"datePublished":"2017-09-24T02:01:06+02:00","dateModified":"2017-09-24T02:01:06+02:00","inLanguage":"es-ES","mainEntityOfPage":{"@id":"https:\/\/eldigitaldeasturias.com\/magazine365\/bizkarra-participa-en-el-encuentro-internacional-del-club-richemont\/#webpage"},"isPartOf":{"@id":"https:\/\/eldigitaldeasturias.com\/magazine365\/bizkarra-participa-en-el-encuentro-internacional-del-club-richemont\/#webpage"},"articleSection":"Sabores"},{"@type":"BreadcrumbList","@id":"https:\/\/eldigitaldeasturias.com\/magazine365\/bizkarra-participa-en-el-encuentro-internacional-del-club-richemont\/#breadcrumblist","itemListElement":[{"@type":"ListItem","@id":"https:\/\/eldigitaldeasturias.com\/magazine365#listItem","position":1,"name":"Home","item":"https:\/\/eldigitaldeasturias.com\/magazine365","nextItem":{"@type":"ListItem","@id":"https:\/\/eldigitaldeasturias.com\/magazine365\/category\/sabores\/#listItem","name":"Sabores"}},{"@type":"ListItem","@id":"https:\/\/eldigitaldeasturias.com\/magazine365\/category\/sabores\/#listItem","position":2,"name":"Sabores","item":"https:\/\/eldigitaldeasturias.com\/magazine365\/category\/sabores\/","nextItem":{"@type":"ListItem","@id":"https:\/\/eldigitaldeasturias.com\/magazine365\/bizkarra-participa-en-el-encuentro-internacional-del-club-richemont\/#listItem","name":"Bizkarra participa en el encuentro internacional del Club Richemont"},"previousItem":{"@type":"ListItem","@id":"https:\/\/eldigitaldeasturias.com\/magazine365#listItem","name":"Home"}},{"@type":"ListItem","@id":"https:\/\/eldigitaldeasturias.com\/magazine365\/bizkarra-participa-en-el-encuentro-internacional-del-club-richemont\/#listItem","position":3,"name":"Bizkarra participa en el encuentro internacional del Club Richemont","previousItem":{"@type":"ListItem","@id":"https:\/\/eldigitaldeasturias.com\/magazine365\/category\/sabores\/#listItem","name":"Sabores"}}]},{"@type":"Organization","@id":"https:\/\/eldigitaldeasturias.com\/magazine365\/#organization","name":"El digital de Asturias","description":"Revista de ocio, turismo y estilo de vida","url":"https:\/\/eldigitaldeasturias.com\/magazine365\/","logo":{"@type":"ImageObject","url":"https:\/\/www.eldigitaldeasturias.com\/noticias\/wp-content\/uploads\/2020\/12\/EDA.jpg","@id":"https:\/\/eldigitaldeasturias.com\/magazine365\/bizkarra-participa-en-el-encuentro-internacional-del-club-richemont\/#organizationLogo"},"image":{"@id":"https:\/\/eldigitaldeasturias.com\/magazine365\/bizkarra-participa-en-el-encuentro-internacional-del-club-richemont\/#organizationLogo"}},{"@type":"Person","@id":"https:\/\/eldigitaldeasturias.com\/magazine365\/author\/admin\/#author","url":"https:\/\/eldigitaldeasturias.com\/magazine365\/author\/admin\/","name":"admin","image":{"@type":"ImageObject","@id":"https:\/\/eldigitaldeasturias.com\/magazine365\/bizkarra-participa-en-el-encuentro-internacional-del-club-richemont\/#authorImage","url":"https:\/\/eldigitaldeasturias.com\/magazine365\/wp-content\/litespeed\/avatar\/e571bcf59a0edd6fa6838245a470f2fe.jpg?ver=1777574230","width":96,"height":96,"caption":"admin"}},{"@type":"WebPage","@id":"https:\/\/eldigitaldeasturias.com\/magazine365\/bizkarra-participa-en-el-encuentro-internacional-del-club-richemont\/#webpage","url":"https:\/\/eldigitaldeasturias.com\/magazine365\/bizkarra-participa-en-el-encuentro-internacional-del-club-richemont\/","name":"Bizkarra participa en el encuentro internacional del Club Richemont | El Digital de Asturias","description":"Como socio del Club Richemont estatal, Bizkarra participa en este encuentro internacional y colabora en la organizaci\u00f3n del evento, que acoger\u00e1 en Bilbao, Gasteiz y Donostia a los miembros. Durante tres d\u00edas realizar\u00e1n un programa de trabajo y de conocimiento por las tradiciones locales y profundizar\u00e1n en las l\u00edneas de actuaci\u00f3n para el desarrollo general","inLanguage":"es-ES","isPartOf":{"@id":"https:\/\/eldigitaldeasturias.com\/magazine365\/#website"},"breadcrumb":{"@id":"https:\/\/eldigitaldeasturias.com\/magazine365\/bizkarra-participa-en-el-encuentro-internacional-del-club-richemont\/#breadcrumblist"},"author":{"@id":"https:\/\/eldigitaldeasturias.com\/magazine365\/author\/admin\/#author"},"creator":{"@id":"https:\/\/eldigitaldeasturias.com\/magazine365\/author\/admin\/#author"},"image":{"@type":"ImageObject","url":"https:\/\/eldigitaldeasturias.com\/magazine365\/wp-content\/uploads\/2017\/09\/1506073773_Richmont.jpg","@id":"https:\/\/eldigitaldeasturias.com\/magazine365\/bizkarra-participa-en-el-encuentro-internacional-del-club-richemont\/#mainImage","width":800,"height":536},"primaryImageOfPage":{"@id":"https:\/\/eldigitaldeasturias.com\/magazine365\/bizkarra-participa-en-el-encuentro-internacional-del-club-richemont\/#mainImage"},"datePublished":"2017-09-24T02:01:06+02:00","dateModified":"2017-09-24T02:01:06+02:00"},{"@type":"WebSite","@id":"https:\/\/eldigitaldeasturias.com\/magazine365\/#website","url":"https:\/\/eldigitaldeasturias.com\/magazine365\/","name":"El Digital de Asturias","description":"Revista de ocio, turismo y estilo de vida","inLanguage":"es-ES","publisher":{"@id":"https:\/\/eldigitaldeasturias.com\/magazine365\/#organization"}}]},"og:locale":"es_ES","og:site_name":"El Digital de Asturias \u2013 Revista de ocio, turismo y estilo de vida","og:type":"article","og:title":"Bizkarra participa en el encuentro internacional del Club Richemont | El Digital de Asturias","og:description":"Como socio del Club Richemont estatal, Bizkarra participa en este encuentro internacional y colabora en la organizaci\u00f3n del evento, que acoger\u00e1 en Bilbao, Gasteiz y Donostia a los miembros. Durante tres d\u00edas realizar\u00e1n un programa de trabajo y de conocimiento por las tradiciones locales y profundizar\u00e1n en las l\u00edneas de actuaci\u00f3n para el desarrollo general","og:url":"https:\/\/eldigitaldeasturias.com\/magazine365\/bizkarra-participa-en-el-encuentro-internacional-del-club-richemont\/","og:image":"https:\/\/eldigitaldeasturias.com\/magazine365\/wp-content\/uploads\/2017\/09\/1506073773_Richmont.jpg","og:image:secure_url":"https:\/\/eldigitaldeasturias.com\/magazine365\/wp-content\/uploads\/2017\/09\/1506073773_Richmont.jpg","og:image:width":800,"og:image:height":536,"article:published_time":"2017-09-24T00:31:06+00:00","article:modified_time":"2017-09-24T00:31:06+00:00","twitter:card":"summary_large_image","twitter:title":"Bizkarra participa en el encuentro internacional del Club Richemont | El Digital de Asturias","twitter:description":"Como socio del Club Richemont estatal, Bizkarra participa en este encuentro internacional y colabora en la organizaci\u00f3n del evento, que acoger\u00e1 en Bilbao, Gasteiz y Donostia a los miembros. Durante tres d\u00edas realizar\u00e1n un programa de trabajo y de conocimiento por las tradiciones locales y profundizar\u00e1n en las l\u00edneas de actuaci\u00f3n para el desarrollo general","twitter:image":"https:\/\/eldigitaldeasturias.com\/magazine365\/wp-content\/uploads\/2017\/09\/1506073773_Richmont.jpg"},"aioseo_meta_data":{"post_id":"88641","title":null,"description":null,"keywords":null,"keyphrases":null,"primary_term":null,"canonical_url":null,"og_title":null,"og_description":null,"og_object_type":"default","og_image_type":"default","og_image_url":null,"og_image_width":null,"og_image_height":null,"og_image_custom_url":null,"og_image_custom_fields":null,"og_video":null,"og_custom_url":null,"og_article_section":null,"og_article_tags":null,"twitter_use_og":false,"twitter_card":"default","twitter_image_type":"default","twitter_image_url":null,"twitter_image_custom_url":null,"twitter_image_custom_fields":null,"twitter_title":null,"twitter_description":null,"schema":{"blockGraphs":[],"customGraphs":[],"default":{"data":{"Article":[],"Course":[],"Dataset":[],"FAQPage":[],"Movie":[],"Person":[],"Product":[],"ProductReview":[],"Car":[],"Recipe":[],"Service":[],"SoftwareApplication":[],"WebPage":[]},"graphName":"","isEnabled":true},"graphs":[],"defaultGraph":"","defaultPostTypeGraph":""},"schema_type":null,"schema_type_options":null,"pillar_content":false,"robots_default":true,"robots_noindex":false,"robots_noarchive":false,"robots_nosnippet":false,"robots_nofollow":false,"robots_noimageindex":false,"robots_noodp":false,"robots_notranslate":false,"robots_max_snippet":null,"robots_max_videopreview":null,"robots_max_imagepreview":"large","priority":null,"frequency":null,"location":null,"local_seo":null,"seo_analyzer_scan_date":"2025-09-28 13:18:17","breadcrumb_settings":null,"limit_modified_date":false,"open_ai":null,"ai":null,"created":"2020-12-21 14:19:46","updated":"2025-09-28 13:18:17"},"aioseo_breadcrumb":"<div class=\"aioseo-breadcrumbs\"><span class=\"aioseo-breadcrumb\">\n\t<a href=\"https:\/\/eldigitaldeasturias.com\/magazine365\" title=\"Home\">Home<\/a>\n<\/span><span class=\"aioseo-breadcrumb-separator\">\u2013<\/span><span class=\"aioseo-breadcrumb\">\n\t<a href=\"https:\/\/eldigitaldeasturias.com\/magazine365\/category\/sabores\/\" title=\"Sabores\">Sabores<\/a>\n<\/span><span class=\"aioseo-breadcrumb-separator\">\u2013<\/span><span class=\"aioseo-breadcrumb\">\n\t<a href=\"https:\/\/eldigitaldeasturias.com\/magazine365\/bizkarra-participa-en-el-encuentro-internacional-del-club-richemont\/\" title=\"Bizkarra participa en el encuentro internacional del Club Richemont\">Bizkarra participa en el encuentro internacional del Club Richemont<\/a>\n<\/span><\/div>","aioseo_breadcrumb_json":[{"label":"Home","link":"https:\/\/eldigitaldeasturias.com\/magazine365"},{"label":"Sabores","link":"https:\/\/eldigitaldeasturias.com\/magazine365\/category\/sabores\/"},{"label":"Bizkarra participa en el encuentro internacional del Club Richemont","link":"https:\/\/eldigitaldeasturias.com\/magazine365\/bizkarra-participa-en-el-encuentro-internacional-del-club-richemont\/"}],"_links":{"self":[{"href":"https:\/\/eldigitaldeasturias.com\/magazine365\/wp-json\/wp\/v2\/posts\/88641","targetHints":{"allow":["GET"]}}],"collection":[{"href":"https:\/\/eldigitaldeasturias.com\/magazine365\/wp-json\/wp\/v2\/posts"}],"about":[{"href":"https:\/\/eldigitaldeasturias.com\/magazine365\/wp-json\/wp\/v2\/types\/post"}],"author":[{"embeddable":true,"href":"https:\/\/eldigitaldeasturias.com\/magazine365\/wp-json\/wp\/v2\/users\/1"}],"replies":[{"embeddable":true,"href":"https:\/\/eldigitaldeasturias.com\/magazine365\/wp-json\/wp\/v2\/comments?post=88641"}],"version-history":[{"count":0,"href":"https:\/\/eldigitaldeasturias.com\/magazine365\/wp-json\/wp\/v2\/posts\/88641\/revisions"}],"wp:featuredmedia":[{"embeddable":true,"href":"https:\/\/eldigitaldeasturias.com\/magazine365\/wp-json\/wp\/v2\/media\/88642"}],"wp:attachment":[{"href":"https:\/\/eldigitaldeasturias.com\/magazine365\/wp-json\/wp\/v2\/media?parent=88641"}],"wp:term":[{"taxonomy":"category","embeddable":true,"href":"https:\/\/eldigitaldeasturias.com\/magazine365\/wp-json\/wp\/v2\/categories?post=88641"},{"taxonomy":"post_tag","embeddable":true,"href":"https:\/\/eldigitaldeasturias.com\/magazine365\/wp-json\/wp\/v2\/tags?post=88641"}],"curies":[{"name":"wp","href":"https:\/\/api.w.org\/{rel}","templated":true}]}}