{"id":881,"date":"2014-01-14T01:53:39","date_gmt":"2014-01-14T02:53:39","guid":{"rendered":"http:\/\/eldigitaldeasturias.com\/magazine365\/?p=881"},"modified":"2014-01-14T01:53:39","modified_gmt":"2014-01-14T02:53:39","slug":"una-casa-del-reves-se-convierte-en-atraccion-turistica-en-moscu","status":"publish","type":"post","link":"https:\/\/eldigitaldeasturias.com\/magazine365\/una-casa-del-reves-se-convierte-en-atraccion-turistica-en-moscu\/","title":{"rendered":"Una casa \u00abdel rev\u00e9s\u00bb se convierte en atracci\u00f3n tur\u00edstica en Mosc\u00fa"},"content":{"rendered":"<p><img fetchpriority=\"high\" decoding=\"async\" class=\"alignleft size-medium wp-image-882\" alt=\"5845714w\" src=\"https:\/\/eldigitaldeasturias.com\/magazine365\/wp-content\/uploads\/2014\/01\/5845714w-360x239.jpg\" width=\"360\" height=\"239\" \/>(EFE).- Una casa \u00abinvertida\u00bb, con el tejado clavado en la nieve que cubre el principal centro de exposiciones de Mosc\u00fa, se ha convertido de la noche a la ma\u00f1ana en una atracci\u00f3n tur\u00edstica.<\/p>\n<p>\u00abHe viajado mucho por el mundo. Vi una casa en uno de los pa\u00edses que he recorrido y me encant\u00f3 la idea. Lo quise llevar a cabo en Rusia y por fin lo consegu\u00ed\u00bb, dijo a Efe el empresario Alex\u00e1nder Donsk\u00f3i, autor de la iniciativa.<\/p>\n<p>Agreg\u00f3 que tard\u00f3 45 d\u00edas en erigirla: \u00abbatimos el r\u00e9cord mundial frente a los 114 d\u00edas que hab\u00edan tardado los polacos en hacer lo mismo\u00bb.<\/p>\n<p>La vivienda, de madera y con un tejado a dos aguas, tiene dos pisos que cuentan con una habitaci\u00f3n para ni\u00f1os, un sal\u00f3n, un comedor, un dormitorio y un cuarto de ba\u00f1o.<\/p>\n<p>Nada m\u00e1s entrar por la puerta uno tiene sensaci\u00f3n de v\u00e9rtigo, no tanto por el hecho de que los muebles est\u00e9n pegados al techo, sino por una ligera inclinaci\u00f3n del suelo, hecha especialmente para agudizar la ilusi\u00f3n.<\/p>\n<p>\u00abAqu\u00ed todo es natural. Todo fue comprado en tiendas habituales, no hay cosas artificiales. Tenemos cereales y comida. De voltear la casa, se podr\u00eda vivir aqu\u00ed. Hasta hay vodka y champ\u00e1n\u00bb, dijo Donsk\u00f3i.<\/p>\n<p>Relat\u00f3 que, con los pocos d\u00edas que lleva abierta la nueva atracci\u00f3n de la capital rusa, algunos visitantes ya han tratado de colgarse sobre los muebles pegados y suspendidos del techo y han roto algunos accesorios.<\/p>\n<p>\u00abLa gente trata de entender c\u00f3mo est\u00e1 sujetado. Ya han arrancado una alb\u00f3ndiga de un plato y un chorizo del refrigerador\u00bb, dijo el empresario.<\/p>\n<p>Agreg\u00f3 que tiene planeado construir otra casa igual en la antigua capital zarista, San Petersburgo.<\/p>\n<p>Aunque \u00abes muy parecida a una real\u00bb, Donsk\u00f3i duda de que alguien pueda vivir en esa construcci\u00f3n, ni siquiera \u00e9l mismo.<\/p>\n<p>\u00abMe costar\u00eda dormir aqu\u00ed, ya que la cama est\u00e1 en una posici\u00f3n un poco rara para m\u00ed. Est\u00e1 encima de m\u00ed, mientras yo estoy acostumbrado a tenerla debajo\u00bb, brome\u00f3.<\/p>\n","protected":false},"excerpt":{"rendered":"<p>(EFE).- Una casa \u00abinvertida\u00bb, con el tejado clavado en la nieve que cubre el principal centro de exposiciones de Mosc\u00fa, se ha convertido de la noche a la ma\u00f1ana en una atracci\u00f3n tur\u00edstica. \u00abHe viajado mucho por el mundo. Vi una casa en uno de los pa\u00edses que he recorrido y me encant\u00f3 la idea.<\/p>\n","protected":false},"author":1,"featured_media":882,"comment_status":"open","ping_status":"open","sticky":false,"template":"","format":"standard","meta":{"footnotes":""},"categories":[224],"tags":[],"class_list":{"0":"post-881","1":"post","2":"type-post","3":"status-publish","4":"format-standard","5":"has-post-thumbnail","7":"category-noticias-actualidad"},"aioseo_notices":[],"aioseo_head":"\n\t\t<!-- All in One SEO Pro 4.9.6.1 - aioseo.com -->\n\t<meta name=\"description\" content=\"(EFE).- Una casa &quot;invertida&quot;, con el tejado clavado en la nieve que cubre el principal centro de exposiciones de Mosc\u00fa, se ha convertido de la noche a la ma\u00f1ana en una atracci\u00f3n tur\u00edstica. &quot;He viajado mucho por el mundo. Vi una casa en uno de los pa\u00edses que he recorrido y me encant\u00f3 la idea.\" \/>\n\t<meta name=\"robots\" content=\"max-image-preview:large\" \/>\n\t<meta name=\"author\" content=\"admin\"\/>\n\t<meta name=\"google-site-verification\" content=\"UA-38556648-1\" \/>\n\t<meta name=\"keywords\" content=\"noticias y actualidad\" \/>\n\t<link rel=\"canonical\" href=\"https:\/\/eldigitaldeasturias.com\/magazine365\/una-casa-del-reves-se-convierte-en-atraccion-turistica-en-moscu\/\" \/>\n\t<meta name=\"generator\" content=\"All in One SEO Pro (AIOSEO) 4.9.6.1\" \/>\n\t\t<meta property=\"og:locale\" content=\"es_ES\" \/>\n\t\t<meta property=\"og:site_name\" content=\"El Digital de Asturias \u2013 Revista de ocio, turismo y estilo de vida\" \/>\n\t\t<meta property=\"og:type\" content=\"article\" \/>\n\t\t<meta property=\"og:title\" content=\"Una casa \u00abdel rev\u00e9s\u00bb se convierte en atracci\u00f3n tur\u00edstica en Mosc\u00fa | El Digital de Asturias\" \/>\n\t\t<meta property=\"og:description\" content=\"(EFE).- Una casa &quot;invertida&quot;, con el tejado clavado en la nieve que cubre el principal centro de exposiciones de Mosc\u00fa, se ha convertido de la noche a la ma\u00f1ana en una atracci\u00f3n tur\u00edstica. &quot;He viajado mucho por el mundo. Vi una casa en uno de los pa\u00edses que he recorrido y me encant\u00f3 la idea.\" \/>\n\t\t<meta property=\"og:url\" content=\"https:\/\/eldigitaldeasturias.com\/magazine365\/una-casa-del-reves-se-convierte-en-atraccion-turistica-en-moscu\/\" \/>\n\t\t<meta property=\"og:image\" content=\"https:\/\/eldigitaldeasturias.com\/magazine365\/wp-content\/uploads\/2014\/01\/5845714w.jpg\" \/>\n\t\t<meta property=\"og:image:secure_url\" content=\"https:\/\/eldigitaldeasturias.com\/magazine365\/wp-content\/uploads\/2014\/01\/5845714w.jpg\" \/>\n\t\t<meta property=\"og:image:width\" content=\"800\" \/>\n\t\t<meta property=\"og:image:height\" content=\"533\" \/>\n\t\t<meta property=\"article:published_time\" content=\"2014-01-14T02:53:39+00:00\" \/>\n\t\t<meta property=\"article:modified_time\" content=\"2014-01-14T02:53:39+00:00\" \/>\n\t\t<meta name=\"twitter:card\" content=\"summary_large_image\" \/>\n\t\t<meta name=\"twitter:title\" content=\"Una casa \u00abdel rev\u00e9s\u00bb se convierte en atracci\u00f3n tur\u00edstica en Mosc\u00fa | El Digital de Asturias\" \/>\n\t\t<meta name=\"twitter:description\" content=\"(EFE).- Una casa &quot;invertida&quot;, con el tejado clavado en la nieve que cubre el principal centro de exposiciones de Mosc\u00fa, se ha convertido de la noche a la ma\u00f1ana en una atracci\u00f3n tur\u00edstica. &quot;He viajado mucho por el mundo. Vi una casa en uno de los pa\u00edses que he recorrido y me encant\u00f3 la idea.\" \/>\n\t\t<meta name=\"twitter:image\" content=\"https:\/\/eldigitaldeasturias.com\/magazine365\/wp-content\/uploads\/2014\/01\/5845714w.jpg\" \/>\n\t\t<script type=\"application\/ld+json\" class=\"aioseo-schema\">\n\t\t\t{\"@context\":\"https:\\\/\\\/schema.org\",\"@graph\":[{\"@type\":\"Article\",\"@id\":\"https:\\\/\\\/eldigitaldeasturias.com\\\/magazine365\\\/una-casa-del-reves-se-convierte-en-atraccion-turistica-en-moscu\\\/#article\",\"name\":\"Una casa \\u00abdel rev\\u00e9s\\u00bb se convierte en atracci\\u00f3n tur\\u00edstica en Mosc\\u00fa | El Digital de Asturias\",\"headline\":\"Una casa \\u00abdel rev\\u00e9s\\u00bb se convierte en atracci\\u00f3n tur\\u00edstica en Mosc\\u00fa\",\"author\":{\"@id\":\"https:\\\/\\\/eldigitaldeasturias.com\\\/magazine365\\\/author\\\/admin\\\/#author\"},\"publisher\":{\"@id\":\"https:\\\/\\\/eldigitaldeasturias.com\\\/magazine365\\\/#organization\"},\"image\":{\"@type\":\"ImageObject\",\"url\":\"https:\\\/\\\/eldigitaldeasturias.com\\\/magazine365\\\/wp-content\\\/uploads\\\/2014\\\/01\\\/5845714w.jpg\",\"width\":800,\"height\":533},\"datePublished\":\"2014-01-14T01:53:39+01:00\",\"dateModified\":\"2014-01-14T01:53:39+01:00\",\"inLanguage\":\"es-ES\",\"mainEntityOfPage\":{\"@id\":\"https:\\\/\\\/eldigitaldeasturias.com\\\/magazine365\\\/una-casa-del-reves-se-convierte-en-atraccion-turistica-en-moscu\\\/#webpage\"},\"isPartOf\":{\"@id\":\"https:\\\/\\\/eldigitaldeasturias.com\\\/magazine365\\\/una-casa-del-reves-se-convierte-en-atraccion-turistica-en-moscu\\\/#webpage\"},\"articleSection\":\"Noticias y Actualidad\"},{\"@type\":\"BreadcrumbList\",\"@id\":\"https:\\\/\\\/eldigitaldeasturias.com\\\/magazine365\\\/una-casa-del-reves-se-convierte-en-atraccion-turistica-en-moscu\\\/#breadcrumblist\",\"itemListElement\":[{\"@type\":\"ListItem\",\"@id\":\"https:\\\/\\\/eldigitaldeasturias.com\\\/magazine365#listItem\",\"position\":1,\"name\":\"Home\",\"item\":\"https:\\\/\\\/eldigitaldeasturias.com\\\/magazine365\",\"nextItem\":{\"@type\":\"ListItem\",\"@id\":\"https:\\\/\\\/eldigitaldeasturias.com\\\/magazine365\\\/category\\\/noticias-actualidad\\\/#listItem\",\"name\":\"Noticias y Actualidad\"}},{\"@type\":\"ListItem\",\"@id\":\"https:\\\/\\\/eldigitaldeasturias.com\\\/magazine365\\\/category\\\/noticias-actualidad\\\/#listItem\",\"position\":2,\"name\":\"Noticias y Actualidad\",\"item\":\"https:\\\/\\\/eldigitaldeasturias.com\\\/magazine365\\\/category\\\/noticias-actualidad\\\/\",\"nextItem\":{\"@type\":\"ListItem\",\"@id\":\"https:\\\/\\\/eldigitaldeasturias.com\\\/magazine365\\\/una-casa-del-reves-se-convierte-en-atraccion-turistica-en-moscu\\\/#listItem\",\"name\":\"Una casa \\u00abdel rev\\u00e9s\\u00bb se convierte en atracci\\u00f3n tur\\u00edstica en Mosc\\u00fa\"},\"previousItem\":{\"@type\":\"ListItem\",\"@id\":\"https:\\\/\\\/eldigitaldeasturias.com\\\/magazine365#listItem\",\"name\":\"Home\"}},{\"@type\":\"ListItem\",\"@id\":\"https:\\\/\\\/eldigitaldeasturias.com\\\/magazine365\\\/una-casa-del-reves-se-convierte-en-atraccion-turistica-en-moscu\\\/#listItem\",\"position\":3,\"name\":\"Una casa \\u00abdel rev\\u00e9s\\u00bb se convierte en atracci\\u00f3n tur\\u00edstica en Mosc\\u00fa\",\"previousItem\":{\"@type\":\"ListItem\",\"@id\":\"https:\\\/\\\/eldigitaldeasturias.com\\\/magazine365\\\/category\\\/noticias-actualidad\\\/#listItem\",\"name\":\"Noticias y Actualidad\"}}]},{\"@type\":\"Organization\",\"@id\":\"https:\\\/\\\/eldigitaldeasturias.com\\\/magazine365\\\/#organization\",\"name\":\"El digital de Asturias\",\"description\":\"Revista de ocio, turismo y estilo de vida\",\"url\":\"https:\\\/\\\/eldigitaldeasturias.com\\\/magazine365\\\/\",\"logo\":{\"@type\":\"ImageObject\",\"url\":\"https:\\\/\\\/www.eldigitaldeasturias.com\\\/noticias\\\/wp-content\\\/uploads\\\/2020\\\/12\\\/EDA.jpg\",\"@id\":\"https:\\\/\\\/eldigitaldeasturias.com\\\/magazine365\\\/una-casa-del-reves-se-convierte-en-atraccion-turistica-en-moscu\\\/#organizationLogo\"},\"image\":{\"@id\":\"https:\\\/\\\/eldigitaldeasturias.com\\\/magazine365\\\/una-casa-del-reves-se-convierte-en-atraccion-turistica-en-moscu\\\/#organizationLogo\"}},{\"@type\":\"Person\",\"@id\":\"https:\\\/\\\/eldigitaldeasturias.com\\\/magazine365\\\/author\\\/admin\\\/#author\",\"url\":\"https:\\\/\\\/eldigitaldeasturias.com\\\/magazine365\\\/author\\\/admin\\\/\",\"name\":\"admin\",\"image\":{\"@type\":\"ImageObject\",\"@id\":\"https:\\\/\\\/eldigitaldeasturias.com\\\/magazine365\\\/una-casa-del-reves-se-convierte-en-atraccion-turistica-en-moscu\\\/#authorImage\",\"url\":\"https:\\\/\\\/eldigitaldeasturias.com\\\/magazine365\\\/wp-content\\\/litespeed\\\/avatar\\\/e571bcf59a0edd6fa6838245a470f2fe.jpg?ver=1776969259\",\"width\":96,\"height\":96,\"caption\":\"admin\"}},{\"@type\":\"WebPage\",\"@id\":\"https:\\\/\\\/eldigitaldeasturias.com\\\/magazine365\\\/una-casa-del-reves-se-convierte-en-atraccion-turistica-en-moscu\\\/#webpage\",\"url\":\"https:\\\/\\\/eldigitaldeasturias.com\\\/magazine365\\\/una-casa-del-reves-se-convierte-en-atraccion-turistica-en-moscu\\\/\",\"name\":\"Una casa \\u00abdel rev\\u00e9s\\u00bb se convierte en atracci\\u00f3n tur\\u00edstica en Mosc\\u00fa | El Digital de Asturias\",\"description\":\"(EFE).- Una casa \\\"invertida\\\", con el tejado clavado en la nieve que cubre el principal centro de exposiciones de Mosc\\u00fa, se ha convertido de la noche a la ma\\u00f1ana en una atracci\\u00f3n tur\\u00edstica. \\\"He viajado mucho por el mundo. Vi una casa en uno de los pa\\u00edses que he recorrido y me encant\\u00f3 la idea.\",\"inLanguage\":\"es-ES\",\"isPartOf\":{\"@id\":\"https:\\\/\\\/eldigitaldeasturias.com\\\/magazine365\\\/#website\"},\"breadcrumb\":{\"@id\":\"https:\\\/\\\/eldigitaldeasturias.com\\\/magazine365\\\/una-casa-del-reves-se-convierte-en-atraccion-turistica-en-moscu\\\/#breadcrumblist\"},\"author\":{\"@id\":\"https:\\\/\\\/eldigitaldeasturias.com\\\/magazine365\\\/author\\\/admin\\\/#author\"},\"creator\":{\"@id\":\"https:\\\/\\\/eldigitaldeasturias.com\\\/magazine365\\\/author\\\/admin\\\/#author\"},\"image\":{\"@type\":\"ImageObject\",\"url\":\"https:\\\/\\\/eldigitaldeasturias.com\\\/magazine365\\\/wp-content\\\/uploads\\\/2014\\\/01\\\/5845714w.jpg\",\"@id\":\"https:\\\/\\\/eldigitaldeasturias.com\\\/magazine365\\\/una-casa-del-reves-se-convierte-en-atraccion-turistica-en-moscu\\\/#mainImage\",\"width\":800,\"height\":533},\"primaryImageOfPage\":{\"@id\":\"https:\\\/\\\/eldigitaldeasturias.com\\\/magazine365\\\/una-casa-del-reves-se-convierte-en-atraccion-turistica-en-moscu\\\/#mainImage\"},\"datePublished\":\"2014-01-14T01:53:39+01:00\",\"dateModified\":\"2014-01-14T01:53:39+01:00\"},{\"@type\":\"WebSite\",\"@id\":\"https:\\\/\\\/eldigitaldeasturias.com\\\/magazine365\\\/#website\",\"url\":\"https:\\\/\\\/eldigitaldeasturias.com\\\/magazine365\\\/\",\"name\":\"El Digital de Asturias\",\"description\":\"Revista de ocio, turismo y estilo de vida\",\"inLanguage\":\"es-ES\",\"publisher\":{\"@id\":\"https:\\\/\\\/eldigitaldeasturias.com\\\/magazine365\\\/#organization\"}}]}\n\t\t<\/script>\n\t\t<!-- All in One SEO Pro -->\r\n\t\t<title>Una casa \u00abdel rev\u00e9s\u00bb se convierte en atracci\u00f3n tur\u00edstica en Mosc\u00fa | El Digital de Asturias<\/title>\n\n","aioseo_head_json":{"title":"Una casa \u00abdel rev\u00e9s\u00bb se convierte en atracci\u00f3n tur\u00edstica en Mosc\u00fa | El Digital de Asturias","description":"(EFE).- Una casa \"invertida\", con el tejado clavado en la nieve que cubre el principal centro de exposiciones de Mosc\u00fa, se ha convertido de la noche a la ma\u00f1ana en una atracci\u00f3n tur\u00edstica. \"He viajado mucho por el mundo. Vi una casa en uno de los pa\u00edses que he recorrido y me encant\u00f3 la idea.","canonical_url":"https:\/\/eldigitaldeasturias.com\/magazine365\/una-casa-del-reves-se-convierte-en-atraccion-turistica-en-moscu\/","robots":"max-image-preview:large","keywords":"noticias y actualidad","webmasterTools":{"google-site-verification":"UA-38556648-1","miscellaneous":""},"schema":{"@context":"https:\/\/schema.org","@graph":[{"@type":"Article","@id":"https:\/\/eldigitaldeasturias.com\/magazine365\/una-casa-del-reves-se-convierte-en-atraccion-turistica-en-moscu\/#article","name":"Una casa \u00abdel rev\u00e9s\u00bb se convierte en atracci\u00f3n tur\u00edstica en Mosc\u00fa | El Digital de Asturias","headline":"Una casa \u00abdel rev\u00e9s\u00bb se convierte en atracci\u00f3n tur\u00edstica en Mosc\u00fa","author":{"@id":"https:\/\/eldigitaldeasturias.com\/magazine365\/author\/admin\/#author"},"publisher":{"@id":"https:\/\/eldigitaldeasturias.com\/magazine365\/#organization"},"image":{"@type":"ImageObject","url":"https:\/\/eldigitaldeasturias.com\/magazine365\/wp-content\/uploads\/2014\/01\/5845714w.jpg","width":800,"height":533},"datePublished":"2014-01-14T01:53:39+01:00","dateModified":"2014-01-14T01:53:39+01:00","inLanguage":"es-ES","mainEntityOfPage":{"@id":"https:\/\/eldigitaldeasturias.com\/magazine365\/una-casa-del-reves-se-convierte-en-atraccion-turistica-en-moscu\/#webpage"},"isPartOf":{"@id":"https:\/\/eldigitaldeasturias.com\/magazine365\/una-casa-del-reves-se-convierte-en-atraccion-turistica-en-moscu\/#webpage"},"articleSection":"Noticias y Actualidad"},{"@type":"BreadcrumbList","@id":"https:\/\/eldigitaldeasturias.com\/magazine365\/una-casa-del-reves-se-convierte-en-atraccion-turistica-en-moscu\/#breadcrumblist","itemListElement":[{"@type":"ListItem","@id":"https:\/\/eldigitaldeasturias.com\/magazine365#listItem","position":1,"name":"Home","item":"https:\/\/eldigitaldeasturias.com\/magazine365","nextItem":{"@type":"ListItem","@id":"https:\/\/eldigitaldeasturias.com\/magazine365\/category\/noticias-actualidad\/#listItem","name":"Noticias y Actualidad"}},{"@type":"ListItem","@id":"https:\/\/eldigitaldeasturias.com\/magazine365\/category\/noticias-actualidad\/#listItem","position":2,"name":"Noticias y Actualidad","item":"https:\/\/eldigitaldeasturias.com\/magazine365\/category\/noticias-actualidad\/","nextItem":{"@type":"ListItem","@id":"https:\/\/eldigitaldeasturias.com\/magazine365\/una-casa-del-reves-se-convierte-en-atraccion-turistica-en-moscu\/#listItem","name":"Una casa \u00abdel rev\u00e9s\u00bb se convierte en atracci\u00f3n tur\u00edstica en Mosc\u00fa"},"previousItem":{"@type":"ListItem","@id":"https:\/\/eldigitaldeasturias.com\/magazine365#listItem","name":"Home"}},{"@type":"ListItem","@id":"https:\/\/eldigitaldeasturias.com\/magazine365\/una-casa-del-reves-se-convierte-en-atraccion-turistica-en-moscu\/#listItem","position":3,"name":"Una casa \u00abdel rev\u00e9s\u00bb se convierte en atracci\u00f3n tur\u00edstica en Mosc\u00fa","previousItem":{"@type":"ListItem","@id":"https:\/\/eldigitaldeasturias.com\/magazine365\/category\/noticias-actualidad\/#listItem","name":"Noticias y Actualidad"}}]},{"@type":"Organization","@id":"https:\/\/eldigitaldeasturias.com\/magazine365\/#organization","name":"El digital de Asturias","description":"Revista de ocio, turismo y estilo de vida","url":"https:\/\/eldigitaldeasturias.com\/magazine365\/","logo":{"@type":"ImageObject","url":"https:\/\/www.eldigitaldeasturias.com\/noticias\/wp-content\/uploads\/2020\/12\/EDA.jpg","@id":"https:\/\/eldigitaldeasturias.com\/magazine365\/una-casa-del-reves-se-convierte-en-atraccion-turistica-en-moscu\/#organizationLogo"},"image":{"@id":"https:\/\/eldigitaldeasturias.com\/magazine365\/una-casa-del-reves-se-convierte-en-atraccion-turistica-en-moscu\/#organizationLogo"}},{"@type":"Person","@id":"https:\/\/eldigitaldeasturias.com\/magazine365\/author\/admin\/#author","url":"https:\/\/eldigitaldeasturias.com\/magazine365\/author\/admin\/","name":"admin","image":{"@type":"ImageObject","@id":"https:\/\/eldigitaldeasturias.com\/magazine365\/una-casa-del-reves-se-convierte-en-atraccion-turistica-en-moscu\/#authorImage","url":"https:\/\/eldigitaldeasturias.com\/magazine365\/wp-content\/litespeed\/avatar\/e571bcf59a0edd6fa6838245a470f2fe.jpg?ver=1776969259","width":96,"height":96,"caption":"admin"}},{"@type":"WebPage","@id":"https:\/\/eldigitaldeasturias.com\/magazine365\/una-casa-del-reves-se-convierte-en-atraccion-turistica-en-moscu\/#webpage","url":"https:\/\/eldigitaldeasturias.com\/magazine365\/una-casa-del-reves-se-convierte-en-atraccion-turistica-en-moscu\/","name":"Una casa \u00abdel rev\u00e9s\u00bb se convierte en atracci\u00f3n tur\u00edstica en Mosc\u00fa | El Digital de Asturias","description":"(EFE).- Una casa \"invertida\", con el tejado clavado en la nieve que cubre el principal centro de exposiciones de Mosc\u00fa, se ha convertido de la noche a la ma\u00f1ana en una atracci\u00f3n tur\u00edstica. \"He viajado mucho por el mundo. Vi una casa en uno de los pa\u00edses que he recorrido y me encant\u00f3 la idea.","inLanguage":"es-ES","isPartOf":{"@id":"https:\/\/eldigitaldeasturias.com\/magazine365\/#website"},"breadcrumb":{"@id":"https:\/\/eldigitaldeasturias.com\/magazine365\/una-casa-del-reves-se-convierte-en-atraccion-turistica-en-moscu\/#breadcrumblist"},"author":{"@id":"https:\/\/eldigitaldeasturias.com\/magazine365\/author\/admin\/#author"},"creator":{"@id":"https:\/\/eldigitaldeasturias.com\/magazine365\/author\/admin\/#author"},"image":{"@type":"ImageObject","url":"https:\/\/eldigitaldeasturias.com\/magazine365\/wp-content\/uploads\/2014\/01\/5845714w.jpg","@id":"https:\/\/eldigitaldeasturias.com\/magazine365\/una-casa-del-reves-se-convierte-en-atraccion-turistica-en-moscu\/#mainImage","width":800,"height":533},"primaryImageOfPage":{"@id":"https:\/\/eldigitaldeasturias.com\/magazine365\/una-casa-del-reves-se-convierte-en-atraccion-turistica-en-moscu\/#mainImage"},"datePublished":"2014-01-14T01:53:39+01:00","dateModified":"2014-01-14T01:53:39+01:00"},{"@type":"WebSite","@id":"https:\/\/eldigitaldeasturias.com\/magazine365\/#website","url":"https:\/\/eldigitaldeasturias.com\/magazine365\/","name":"El Digital de Asturias","description":"Revista de ocio, turismo y estilo de vida","inLanguage":"es-ES","publisher":{"@id":"https:\/\/eldigitaldeasturias.com\/magazine365\/#organization"}}]},"og:locale":"es_ES","og:site_name":"El Digital de Asturias \u2013 Revista de ocio, turismo y estilo de vida","og:type":"article","og:title":"Una casa \u00abdel rev\u00e9s\u00bb se convierte en atracci\u00f3n tur\u00edstica en Mosc\u00fa | El Digital de Asturias","og:description":"(EFE).- Una casa &quot;invertida&quot;, con el tejado clavado en la nieve que cubre el principal centro de exposiciones de Mosc\u00fa, se ha convertido de la noche a la ma\u00f1ana en una atracci\u00f3n tur\u00edstica. &quot;He viajado mucho por el mundo. Vi una casa en uno de los pa\u00edses que he recorrido y me encant\u00f3 la idea.","og:url":"https:\/\/eldigitaldeasturias.com\/magazine365\/una-casa-del-reves-se-convierte-en-atraccion-turistica-en-moscu\/","og:image":"https:\/\/eldigitaldeasturias.com\/magazine365\/wp-content\/uploads\/2014\/01\/5845714w.jpg","og:image:secure_url":"https:\/\/eldigitaldeasturias.com\/magazine365\/wp-content\/uploads\/2014\/01\/5845714w.jpg","og:image:width":800,"og:image:height":533,"article:published_time":"2014-01-14T02:53:39+00:00","article:modified_time":"2014-01-14T02:53:39+00:00","twitter:card":"summary_large_image","twitter:title":"Una casa \u00abdel rev\u00e9s\u00bb se convierte en atracci\u00f3n tur\u00edstica en Mosc\u00fa | El Digital de Asturias","twitter:description":"(EFE).- Una casa &quot;invertida&quot;, con el tejado clavado en la nieve que cubre el principal centro de exposiciones de Mosc\u00fa, se ha convertido de la noche a la ma\u00f1ana en una atracci\u00f3n tur\u00edstica. &quot;He viajado mucho por el mundo. Vi una casa en uno de los pa\u00edses que he recorrido y me encant\u00f3 la idea.","twitter:image":"https:\/\/eldigitaldeasturias.com\/magazine365\/wp-content\/uploads\/2014\/01\/5845714w.jpg"},"aioseo_meta_data":{"post_id":"881","title":null,"description":null,"keywords":null,"keyphrases":null,"primary_term":null,"canonical_url":null,"og_title":null,"og_description":null,"og_object_type":"default","og_image_type":"default","og_image_url":null,"og_image_width":null,"og_image_height":null,"og_image_custom_url":null,"og_image_custom_fields":null,"og_video":null,"og_custom_url":null,"og_article_section":null,"og_article_tags":null,"twitter_use_og":false,"twitter_card":"default","twitter_image_type":"default","twitter_image_url":null,"twitter_image_custom_url":null,"twitter_image_custom_fields":null,"twitter_title":null,"twitter_description":null,"schema":{"blockGraphs":[],"customGraphs":[],"default":{"data":{"Article":[],"Course":[],"Dataset":[],"FAQPage":[],"Movie":[],"Person":[],"Product":[],"ProductReview":[],"Car":[],"Recipe":[],"Service":[],"SoftwareApplication":[],"WebPage":[]},"graphName":"","isEnabled":true},"graphs":[]},"schema_type":null,"schema_type_options":null,"pillar_content":false,"robots_default":true,"robots_noindex":false,"robots_noarchive":false,"robots_nosnippet":false,"robots_nofollow":false,"robots_noimageindex":false,"robots_noodp":false,"robots_notranslate":false,"robots_max_snippet":null,"robots_max_videopreview":null,"robots_max_imagepreview":"large","priority":null,"frequency":null,"location":null,"local_seo":null,"seo_analyzer_scan_date":"2025-09-16 08:20:53","breadcrumb_settings":null,"limit_modified_date":false,"open_ai":null,"ai":null,"created":"2020-12-21 13:35:22","updated":"2025-09-16 08:20:53"},"aioseo_breadcrumb":"<div class=\"aioseo-breadcrumbs\"><span class=\"aioseo-breadcrumb\">\n\t<a href=\"https:\/\/eldigitaldeasturias.com\/magazine365\" title=\"Home\">Home<\/a>\n<\/span><span class=\"aioseo-breadcrumb-separator\">\u2013<\/span><span class=\"aioseo-breadcrumb\">\n\t<a href=\"https:\/\/eldigitaldeasturias.com\/magazine365\/category\/noticias-actualidad\/\" title=\"Noticias y Actualidad\">Noticias y Actualidad<\/a>\n<\/span><span class=\"aioseo-breadcrumb-separator\">\u2013<\/span><span class=\"aioseo-breadcrumb\">\n\t<a href=\"https:\/\/eldigitaldeasturias.com\/magazine365\/una-casa-del-reves-se-convierte-en-atraccion-turistica-en-moscu\/\" title=\"Una casa \u00abdel rev\u00e9s\u00bb se convierte en atracci\u00f3n tur\u00edstica en Mosc\u00fa\">Una casa \u00abdel rev\u00e9s\u00bb se convierte en atracci\u00f3n tur\u00edstica en Mosc\u00fa<\/a>\n<\/span><\/div>","aioseo_breadcrumb_json":[{"label":"Home","link":"https:\/\/eldigitaldeasturias.com\/magazine365"},{"label":"Noticias y Actualidad","link":"https:\/\/eldigitaldeasturias.com\/magazine365\/category\/noticias-actualidad\/"},{"label":"Una casa \u00abdel rev\u00e9s\u00bb se convierte en atracci\u00f3n tur\u00edstica en Mosc\u00fa","link":"https:\/\/eldigitaldeasturias.com\/magazine365\/una-casa-del-reves-se-convierte-en-atraccion-turistica-en-moscu\/"}],"_links":{"self":[{"href":"https:\/\/eldigitaldeasturias.com\/magazine365\/wp-json\/wp\/v2\/posts\/881","targetHints":{"allow":["GET"]}}],"collection":[{"href":"https:\/\/eldigitaldeasturias.com\/magazine365\/wp-json\/wp\/v2\/posts"}],"about":[{"href":"https:\/\/eldigitaldeasturias.com\/magazine365\/wp-json\/wp\/v2\/types\/post"}],"author":[{"embeddable":true,"href":"https:\/\/eldigitaldeasturias.com\/magazine365\/wp-json\/wp\/v2\/users\/1"}],"replies":[{"embeddable":true,"href":"https:\/\/eldigitaldeasturias.com\/magazine365\/wp-json\/wp\/v2\/comments?post=881"}],"version-history":[{"count":0,"href":"https:\/\/eldigitaldeasturias.com\/magazine365\/wp-json\/wp\/v2\/posts\/881\/revisions"}],"wp:featuredmedia":[{"embeddable":true,"href":"https:\/\/eldigitaldeasturias.com\/magazine365\/wp-json\/wp\/v2\/media\/882"}],"wp:attachment":[{"href":"https:\/\/eldigitaldeasturias.com\/magazine365\/wp-json\/wp\/v2\/media?parent=881"}],"wp:term":[{"taxonomy":"category","embeddable":true,"href":"https:\/\/eldigitaldeasturias.com\/magazine365\/wp-json\/wp\/v2\/categories?post=881"},{"taxonomy":"post_tag","embeddable":true,"href":"https:\/\/eldigitaldeasturias.com\/magazine365\/wp-json\/wp\/v2\/tags?post=881"}],"curies":[{"name":"wp","href":"https:\/\/api.w.org\/{rel}","templated":true}]}}