{"id":869,"date":"2014-01-14T01:43:53","date_gmt":"2014-01-14T02:43:53","guid":{"rendered":"http:\/\/eldigitaldeasturias.com\/magazine365\/?p=869"},"modified":"2014-01-14T01:43:53","modified_gmt":"2014-01-14T02:43:53","slug":"renfe-reforzara-con-9-800-plazas-los-trenes-entre-madrid-y-cataluna-por-fitur","status":"publish","type":"post","link":"https:\/\/eldigitaldeasturias.com\/magazine365\/renfe-reforzara-con-9-800-plazas-los-trenes-entre-madrid-y-cataluna-por-fitur\/","title":{"rendered":"Renfe reforzar\u00e1 con 9.800 plazas los trenes entre Madrid y Catalu\u00f1a por Fitur"},"content":{"rendered":"<p><img fetchpriority=\"high\" decoding=\"async\" class=\"alignleft size-medium wp-image-870\" alt=\"5846057w\" src=\"https:\/\/eldigitaldeasturias.com\/magazine365\/wp-content\/uploads\/2014\/01\/5846057w-360x189.jpg\" width=\"360\" height=\"189\" srcset=\"https:\/\/eldigitaldeasturias.com\/magazine365\/wp-content\/uploads\/2014\/01\/5846057w-360x189.jpg 360w, https:\/\/eldigitaldeasturias.com\/magazine365\/wp-content\/uploads\/2014\/01\/5846057w-650x342.jpg 650w, https:\/\/eldigitaldeasturias.com\/magazine365\/wp-content\/uploads\/2014\/01\/5846057w-768x404.jpg 768w, https:\/\/eldigitaldeasturias.com\/magazine365\/wp-content\/uploads\/2014\/01\/5846057w-150x79.jpg 150w, https:\/\/eldigitaldeasturias.com\/magazine365\/wp-content\/uploads\/2014\/01\/5846057w-450x237.jpg 450w, https:\/\/eldigitaldeasturias.com\/magazine365\/wp-content\/uploads\/2014\/01\/5846057w-696x366.jpg 696w, https:\/\/eldigitaldeasturias.com\/magazine365\/wp-content\/uploads\/2014\/01\/5846057w-798x420.jpg 798w, https:\/\/eldigitaldeasturias.com\/magazine365\/wp-content\/uploads\/2014\/01\/5846057w.jpg 800w\" sizes=\"(max-width: 360px) 100vw, 360px\" \/>(EFE).- Renfe reforzar\u00e1 entre el 22 y 26 de enero los trenes AVE que unen Barcelona con Madrid con unas 9.800 plazas adicionales con motivo de la celebraci\u00f3n de la feria de turismo Fitur, que se celebra esos d\u00edas.<\/p>\n<p>En un comunicado, la compa\u00f1\u00eda ha informado de que coincidiendo con el inicio de esta feria de turismo Renfe ha programado dos AVE directos, uno por sentido, entre Barcelona y Madrid, los d\u00edas 22 y 23 de enero.<\/p>\n<p>El primero sale de Barcelona a las 07.20 horas y el segundo de Madrid en direcci\u00f3n a la capital catalana a las 17.22 horas.<\/p>\n<p>Asimismo, habr\u00e1 descuentos hasta el 60 % en las conexiones desde Barcelona, Tarragona y Lleida con Madrid.<\/p>\n","protected":false},"excerpt":{"rendered":"<p>(EFE).- Renfe reforzar\u00e1 entre el 22 y 26 de enero los trenes AVE que unen Barcelona con Madrid con unas 9.800 plazas adicionales con motivo de la celebraci\u00f3n de la feria de turismo Fitur, que se celebra esos d\u00edas. En un comunicado, la compa\u00f1\u00eda ha informado de que coincidiendo con el inicio de esta feria<\/p>\n","protected":false},"author":1,"featured_media":870,"comment_status":"open","ping_status":"open","sticky":false,"template":"","format":"standard","meta":{"footnotes":""},"categories":[222],"tags":[],"class_list":{"0":"post-869","1":"post","2":"type-post","3":"status-publish","4":"format-standard","5":"has-post-thumbnail","7":"category-actualidad-turismo"},"aioseo_notices":[],"aioseo_head":"\n\t\t<!-- All in One SEO Pro 4.9.6.1 - aioseo.com -->\n\t<meta name=\"description\" content=\"(EFE).- Renfe reforzar\u00e1 entre el 22 y 26 de enero los trenes AVE que unen Barcelona con Madrid con unas 9.800 plazas adicionales con motivo de la celebraci\u00f3n de la feria de turismo Fitur, que se celebra esos d\u00edas. En un comunicado, la compa\u00f1\u00eda ha informado de que coincidiendo con el inicio de esta feria\" \/>\n\t<meta name=\"robots\" content=\"max-image-preview:large\" \/>\n\t<meta name=\"author\" content=\"admin\"\/>\n\t<meta name=\"google-site-verification\" content=\"UA-38556648-1\" \/>\n\t<meta name=\"keywords\" content=\"actualidad turismo\" \/>\n\t<link rel=\"canonical\" href=\"https:\/\/eldigitaldeasturias.com\/magazine365\/renfe-reforzara-con-9-800-plazas-los-trenes-entre-madrid-y-cataluna-por-fitur\/\" \/>\n\t<meta name=\"generator\" content=\"All in One SEO Pro (AIOSEO) 4.9.6.1\" \/>\n\t\t<meta property=\"og:locale\" content=\"es_ES\" \/>\n\t\t<meta property=\"og:site_name\" content=\"El Digital de Asturias \u2013 Revista de ocio, turismo y estilo de vida\" \/>\n\t\t<meta property=\"og:type\" content=\"article\" \/>\n\t\t<meta property=\"og:title\" content=\"Renfe reforzar\u00e1 con 9.800 plazas los trenes entre Madrid y Catalu\u00f1a por Fitur | El Digital de Asturias\" \/>\n\t\t<meta property=\"og:description\" content=\"(EFE).- Renfe reforzar\u00e1 entre el 22 y 26 de enero los trenes AVE que unen Barcelona con Madrid con unas 9.800 plazas adicionales con motivo de la celebraci\u00f3n de la feria de turismo Fitur, que se celebra esos d\u00edas. En un comunicado, la compa\u00f1\u00eda ha informado de que coincidiendo con el inicio de esta feria\" \/>\n\t\t<meta property=\"og:url\" content=\"https:\/\/eldigitaldeasturias.com\/magazine365\/renfe-reforzara-con-9-800-plazas-los-trenes-entre-madrid-y-cataluna-por-fitur\/\" \/>\n\t\t<meta property=\"og:image\" content=\"https:\/\/eldigitaldeasturias.com\/magazine365\/wp-content\/uploads\/2014\/01\/5846057w.jpg\" \/>\n\t\t<meta property=\"og:image:secure_url\" content=\"https:\/\/eldigitaldeasturias.com\/magazine365\/wp-content\/uploads\/2014\/01\/5846057w.jpg\" \/>\n\t\t<meta property=\"og:image:width\" content=\"800\" \/>\n\t\t<meta property=\"og:image:height\" content=\"421\" \/>\n\t\t<meta property=\"article:published_time\" content=\"2014-01-14T02:43:53+00:00\" \/>\n\t\t<meta property=\"article:modified_time\" content=\"2014-01-14T02:43:53+00:00\" \/>\n\t\t<meta name=\"twitter:card\" content=\"summary_large_image\" \/>\n\t\t<meta name=\"twitter:title\" content=\"Renfe reforzar\u00e1 con 9.800 plazas los trenes entre Madrid y Catalu\u00f1a por Fitur | El Digital de Asturias\" \/>\n\t\t<meta name=\"twitter:description\" content=\"(EFE).- Renfe reforzar\u00e1 entre el 22 y 26 de enero los trenes AVE que unen Barcelona con Madrid con unas 9.800 plazas adicionales con motivo de la celebraci\u00f3n de la feria de turismo Fitur, que se celebra esos d\u00edas. En un comunicado, la compa\u00f1\u00eda ha informado de que coincidiendo con el inicio de esta feria\" \/>\n\t\t<meta name=\"twitter:image\" content=\"https:\/\/eldigitaldeasturias.com\/magazine365\/wp-content\/uploads\/2014\/01\/5846057w.jpg\" \/>\n\t\t<script type=\"application\/ld+json\" class=\"aioseo-schema\">\n\t\t\t{\"@context\":\"https:\\\/\\\/schema.org\",\"@graph\":[{\"@type\":\"Article\",\"@id\":\"https:\\\/\\\/eldigitaldeasturias.com\\\/magazine365\\\/renfe-reforzara-con-9-800-plazas-los-trenes-entre-madrid-y-cataluna-por-fitur\\\/#article\",\"name\":\"Renfe reforzar\\u00e1 con 9.800 plazas los trenes entre Madrid y Catalu\\u00f1a por Fitur | El Digital de Asturias\",\"headline\":\"Renfe reforzar\\u00e1 con 9.800 plazas los trenes entre Madrid y Catalu\\u00f1a por Fitur\",\"author\":{\"@id\":\"https:\\\/\\\/eldigitaldeasturias.com\\\/magazine365\\\/author\\\/admin\\\/#author\"},\"publisher\":{\"@id\":\"https:\\\/\\\/eldigitaldeasturias.com\\\/magazine365\\\/#organization\"},\"image\":{\"@type\":\"ImageObject\",\"url\":\"https:\\\/\\\/eldigitaldeasturias.com\\\/magazine365\\\/wp-content\\\/uploads\\\/2014\\\/01\\\/5846057w.jpg\",\"width\":800,\"height\":421},\"datePublished\":\"2014-01-14T01:43:53+01:00\",\"dateModified\":\"2014-01-14T01:43:53+01:00\",\"inLanguage\":\"es-ES\",\"mainEntityOfPage\":{\"@id\":\"https:\\\/\\\/eldigitaldeasturias.com\\\/magazine365\\\/renfe-reforzara-con-9-800-plazas-los-trenes-entre-madrid-y-cataluna-por-fitur\\\/#webpage\"},\"isPartOf\":{\"@id\":\"https:\\\/\\\/eldigitaldeasturias.com\\\/magazine365\\\/renfe-reforzara-con-9-800-plazas-los-trenes-entre-madrid-y-cataluna-por-fitur\\\/#webpage\"},\"articleSection\":\"Actualidad Turismo\"},{\"@type\":\"BreadcrumbList\",\"@id\":\"https:\\\/\\\/eldigitaldeasturias.com\\\/magazine365\\\/renfe-reforzara-con-9-800-plazas-los-trenes-entre-madrid-y-cataluna-por-fitur\\\/#breadcrumblist\",\"itemListElement\":[{\"@type\":\"ListItem\",\"@id\":\"https:\\\/\\\/eldigitaldeasturias.com\\\/magazine365#listItem\",\"position\":1,\"name\":\"Home\",\"item\":\"https:\\\/\\\/eldigitaldeasturias.com\\\/magazine365\",\"nextItem\":{\"@type\":\"ListItem\",\"@id\":\"https:\\\/\\\/eldigitaldeasturias.com\\\/magazine365\\\/category\\\/actualidad-turismo\\\/#listItem\",\"name\":\"Actualidad Turismo\"}},{\"@type\":\"ListItem\",\"@id\":\"https:\\\/\\\/eldigitaldeasturias.com\\\/magazine365\\\/category\\\/actualidad-turismo\\\/#listItem\",\"position\":2,\"name\":\"Actualidad Turismo\",\"item\":\"https:\\\/\\\/eldigitaldeasturias.com\\\/magazine365\\\/category\\\/actualidad-turismo\\\/\",\"nextItem\":{\"@type\":\"ListItem\",\"@id\":\"https:\\\/\\\/eldigitaldeasturias.com\\\/magazine365\\\/renfe-reforzara-con-9-800-plazas-los-trenes-entre-madrid-y-cataluna-por-fitur\\\/#listItem\",\"name\":\"Renfe reforzar\\u00e1 con 9.800 plazas los trenes entre Madrid y Catalu\\u00f1a por Fitur\"},\"previousItem\":{\"@type\":\"ListItem\",\"@id\":\"https:\\\/\\\/eldigitaldeasturias.com\\\/magazine365#listItem\",\"name\":\"Home\"}},{\"@type\":\"ListItem\",\"@id\":\"https:\\\/\\\/eldigitaldeasturias.com\\\/magazine365\\\/renfe-reforzara-con-9-800-plazas-los-trenes-entre-madrid-y-cataluna-por-fitur\\\/#listItem\",\"position\":3,\"name\":\"Renfe reforzar\\u00e1 con 9.800 plazas los trenes entre Madrid y Catalu\\u00f1a por Fitur\",\"previousItem\":{\"@type\":\"ListItem\",\"@id\":\"https:\\\/\\\/eldigitaldeasturias.com\\\/magazine365\\\/category\\\/actualidad-turismo\\\/#listItem\",\"name\":\"Actualidad Turismo\"}}]},{\"@type\":\"Organization\",\"@id\":\"https:\\\/\\\/eldigitaldeasturias.com\\\/magazine365\\\/#organization\",\"name\":\"El digital de Asturias\",\"description\":\"Revista de ocio, turismo y estilo de vida\",\"url\":\"https:\\\/\\\/eldigitaldeasturias.com\\\/magazine365\\\/\",\"logo\":{\"@type\":\"ImageObject\",\"url\":\"https:\\\/\\\/www.eldigitaldeasturias.com\\\/noticias\\\/wp-content\\\/uploads\\\/2020\\\/12\\\/EDA.jpg\",\"@id\":\"https:\\\/\\\/eldigitaldeasturias.com\\\/magazine365\\\/renfe-reforzara-con-9-800-plazas-los-trenes-entre-madrid-y-cataluna-por-fitur\\\/#organizationLogo\"},\"image\":{\"@id\":\"https:\\\/\\\/eldigitaldeasturias.com\\\/magazine365\\\/renfe-reforzara-con-9-800-plazas-los-trenes-entre-madrid-y-cataluna-por-fitur\\\/#organizationLogo\"}},{\"@type\":\"Person\",\"@id\":\"https:\\\/\\\/eldigitaldeasturias.com\\\/magazine365\\\/author\\\/admin\\\/#author\",\"url\":\"https:\\\/\\\/eldigitaldeasturias.com\\\/magazine365\\\/author\\\/admin\\\/\",\"name\":\"admin\",\"image\":{\"@type\":\"ImageObject\",\"@id\":\"https:\\\/\\\/eldigitaldeasturias.com\\\/magazine365\\\/renfe-reforzara-con-9-800-plazas-los-trenes-entre-madrid-y-cataluna-por-fitur\\\/#authorImage\",\"url\":\"https:\\\/\\\/eldigitaldeasturias.com\\\/magazine365\\\/wp-content\\\/litespeed\\\/avatar\\\/e571bcf59a0edd6fa6838245a470f2fe.jpg?ver=1776969259\",\"width\":96,\"height\":96,\"caption\":\"admin\"}},{\"@type\":\"WebPage\",\"@id\":\"https:\\\/\\\/eldigitaldeasturias.com\\\/magazine365\\\/renfe-reforzara-con-9-800-plazas-los-trenes-entre-madrid-y-cataluna-por-fitur\\\/#webpage\",\"url\":\"https:\\\/\\\/eldigitaldeasturias.com\\\/magazine365\\\/renfe-reforzara-con-9-800-plazas-los-trenes-entre-madrid-y-cataluna-por-fitur\\\/\",\"name\":\"Renfe reforzar\\u00e1 con 9.800 plazas los trenes entre Madrid y Catalu\\u00f1a por Fitur | El Digital de Asturias\",\"description\":\"(EFE).- Renfe reforzar\\u00e1 entre el 22 y 26 de enero los trenes AVE que unen Barcelona con Madrid con unas 9.800 plazas adicionales con motivo de la celebraci\\u00f3n de la feria de turismo Fitur, que se celebra esos d\\u00edas. En un comunicado, la compa\\u00f1\\u00eda ha informado de que coincidiendo con el inicio de esta feria\",\"inLanguage\":\"es-ES\",\"isPartOf\":{\"@id\":\"https:\\\/\\\/eldigitaldeasturias.com\\\/magazine365\\\/#website\"},\"breadcrumb\":{\"@id\":\"https:\\\/\\\/eldigitaldeasturias.com\\\/magazine365\\\/renfe-reforzara-con-9-800-plazas-los-trenes-entre-madrid-y-cataluna-por-fitur\\\/#breadcrumblist\"},\"author\":{\"@id\":\"https:\\\/\\\/eldigitaldeasturias.com\\\/magazine365\\\/author\\\/admin\\\/#author\"},\"creator\":{\"@id\":\"https:\\\/\\\/eldigitaldeasturias.com\\\/magazine365\\\/author\\\/admin\\\/#author\"},\"image\":{\"@type\":\"ImageObject\",\"url\":\"https:\\\/\\\/eldigitaldeasturias.com\\\/magazine365\\\/wp-content\\\/uploads\\\/2014\\\/01\\\/5846057w.jpg\",\"@id\":\"https:\\\/\\\/eldigitaldeasturias.com\\\/magazine365\\\/renfe-reforzara-con-9-800-plazas-los-trenes-entre-madrid-y-cataluna-por-fitur\\\/#mainImage\",\"width\":800,\"height\":421},\"primaryImageOfPage\":{\"@id\":\"https:\\\/\\\/eldigitaldeasturias.com\\\/magazine365\\\/renfe-reforzara-con-9-800-plazas-los-trenes-entre-madrid-y-cataluna-por-fitur\\\/#mainImage\"},\"datePublished\":\"2014-01-14T01:43:53+01:00\",\"dateModified\":\"2014-01-14T01:43:53+01:00\"},{\"@type\":\"WebSite\",\"@id\":\"https:\\\/\\\/eldigitaldeasturias.com\\\/magazine365\\\/#website\",\"url\":\"https:\\\/\\\/eldigitaldeasturias.com\\\/magazine365\\\/\",\"name\":\"El Digital de Asturias\",\"description\":\"Revista de ocio, turismo y estilo de vida\",\"inLanguage\":\"es-ES\",\"publisher\":{\"@id\":\"https:\\\/\\\/eldigitaldeasturias.com\\\/magazine365\\\/#organization\"}}]}\n\t\t<\/script>\n\t\t<!-- All in One SEO Pro -->\r\n\t\t<title>Renfe reforzar\u00e1 con 9.800 plazas los trenes entre Madrid y Catalu\u00f1a por Fitur | El Digital de Asturias<\/title>\n\n","aioseo_head_json":{"title":"Renfe reforzar\u00e1 con 9.800 plazas los trenes entre Madrid y Catalu\u00f1a por Fitur | El Digital de Asturias","description":"(EFE).- Renfe reforzar\u00e1 entre el 22 y 26 de enero los trenes AVE que unen Barcelona con Madrid con unas 9.800 plazas adicionales con motivo de la celebraci\u00f3n de la feria de turismo Fitur, que se celebra esos d\u00edas. En un comunicado, la compa\u00f1\u00eda ha informado de que coincidiendo con el inicio de esta feria","canonical_url":"https:\/\/eldigitaldeasturias.com\/magazine365\/renfe-reforzara-con-9-800-plazas-los-trenes-entre-madrid-y-cataluna-por-fitur\/","robots":"max-image-preview:large","keywords":"actualidad turismo","webmasterTools":{"google-site-verification":"UA-38556648-1","miscellaneous":""},"schema":{"@context":"https:\/\/schema.org","@graph":[{"@type":"Article","@id":"https:\/\/eldigitaldeasturias.com\/magazine365\/renfe-reforzara-con-9-800-plazas-los-trenes-entre-madrid-y-cataluna-por-fitur\/#article","name":"Renfe reforzar\u00e1 con 9.800 plazas los trenes entre Madrid y Catalu\u00f1a por Fitur | El Digital de Asturias","headline":"Renfe reforzar\u00e1 con 9.800 plazas los trenes entre Madrid y Catalu\u00f1a por Fitur","author":{"@id":"https:\/\/eldigitaldeasturias.com\/magazine365\/author\/admin\/#author"},"publisher":{"@id":"https:\/\/eldigitaldeasturias.com\/magazine365\/#organization"},"image":{"@type":"ImageObject","url":"https:\/\/eldigitaldeasturias.com\/magazine365\/wp-content\/uploads\/2014\/01\/5846057w.jpg","width":800,"height":421},"datePublished":"2014-01-14T01:43:53+01:00","dateModified":"2014-01-14T01:43:53+01:00","inLanguage":"es-ES","mainEntityOfPage":{"@id":"https:\/\/eldigitaldeasturias.com\/magazine365\/renfe-reforzara-con-9-800-plazas-los-trenes-entre-madrid-y-cataluna-por-fitur\/#webpage"},"isPartOf":{"@id":"https:\/\/eldigitaldeasturias.com\/magazine365\/renfe-reforzara-con-9-800-plazas-los-trenes-entre-madrid-y-cataluna-por-fitur\/#webpage"},"articleSection":"Actualidad Turismo"},{"@type":"BreadcrumbList","@id":"https:\/\/eldigitaldeasturias.com\/magazine365\/renfe-reforzara-con-9-800-plazas-los-trenes-entre-madrid-y-cataluna-por-fitur\/#breadcrumblist","itemListElement":[{"@type":"ListItem","@id":"https:\/\/eldigitaldeasturias.com\/magazine365#listItem","position":1,"name":"Home","item":"https:\/\/eldigitaldeasturias.com\/magazine365","nextItem":{"@type":"ListItem","@id":"https:\/\/eldigitaldeasturias.com\/magazine365\/category\/actualidad-turismo\/#listItem","name":"Actualidad Turismo"}},{"@type":"ListItem","@id":"https:\/\/eldigitaldeasturias.com\/magazine365\/category\/actualidad-turismo\/#listItem","position":2,"name":"Actualidad Turismo","item":"https:\/\/eldigitaldeasturias.com\/magazine365\/category\/actualidad-turismo\/","nextItem":{"@type":"ListItem","@id":"https:\/\/eldigitaldeasturias.com\/magazine365\/renfe-reforzara-con-9-800-plazas-los-trenes-entre-madrid-y-cataluna-por-fitur\/#listItem","name":"Renfe reforzar\u00e1 con 9.800 plazas los trenes entre Madrid y Catalu\u00f1a por Fitur"},"previousItem":{"@type":"ListItem","@id":"https:\/\/eldigitaldeasturias.com\/magazine365#listItem","name":"Home"}},{"@type":"ListItem","@id":"https:\/\/eldigitaldeasturias.com\/magazine365\/renfe-reforzara-con-9-800-plazas-los-trenes-entre-madrid-y-cataluna-por-fitur\/#listItem","position":3,"name":"Renfe reforzar\u00e1 con 9.800 plazas los trenes entre Madrid y Catalu\u00f1a por Fitur","previousItem":{"@type":"ListItem","@id":"https:\/\/eldigitaldeasturias.com\/magazine365\/category\/actualidad-turismo\/#listItem","name":"Actualidad Turismo"}}]},{"@type":"Organization","@id":"https:\/\/eldigitaldeasturias.com\/magazine365\/#organization","name":"El digital de Asturias","description":"Revista de ocio, turismo y estilo de vida","url":"https:\/\/eldigitaldeasturias.com\/magazine365\/","logo":{"@type":"ImageObject","url":"https:\/\/www.eldigitaldeasturias.com\/noticias\/wp-content\/uploads\/2020\/12\/EDA.jpg","@id":"https:\/\/eldigitaldeasturias.com\/magazine365\/renfe-reforzara-con-9-800-plazas-los-trenes-entre-madrid-y-cataluna-por-fitur\/#organizationLogo"},"image":{"@id":"https:\/\/eldigitaldeasturias.com\/magazine365\/renfe-reforzara-con-9-800-plazas-los-trenes-entre-madrid-y-cataluna-por-fitur\/#organizationLogo"}},{"@type":"Person","@id":"https:\/\/eldigitaldeasturias.com\/magazine365\/author\/admin\/#author","url":"https:\/\/eldigitaldeasturias.com\/magazine365\/author\/admin\/","name":"admin","image":{"@type":"ImageObject","@id":"https:\/\/eldigitaldeasturias.com\/magazine365\/renfe-reforzara-con-9-800-plazas-los-trenes-entre-madrid-y-cataluna-por-fitur\/#authorImage","url":"https:\/\/eldigitaldeasturias.com\/magazine365\/wp-content\/litespeed\/avatar\/e571bcf59a0edd6fa6838245a470f2fe.jpg?ver=1776969259","width":96,"height":96,"caption":"admin"}},{"@type":"WebPage","@id":"https:\/\/eldigitaldeasturias.com\/magazine365\/renfe-reforzara-con-9-800-plazas-los-trenes-entre-madrid-y-cataluna-por-fitur\/#webpage","url":"https:\/\/eldigitaldeasturias.com\/magazine365\/renfe-reforzara-con-9-800-plazas-los-trenes-entre-madrid-y-cataluna-por-fitur\/","name":"Renfe reforzar\u00e1 con 9.800 plazas los trenes entre Madrid y Catalu\u00f1a por Fitur | El Digital de Asturias","description":"(EFE).- Renfe reforzar\u00e1 entre el 22 y 26 de enero los trenes AVE que unen Barcelona con Madrid con unas 9.800 plazas adicionales con motivo de la celebraci\u00f3n de la feria de turismo Fitur, que se celebra esos d\u00edas. En un comunicado, la compa\u00f1\u00eda ha informado de que coincidiendo con el inicio de esta feria","inLanguage":"es-ES","isPartOf":{"@id":"https:\/\/eldigitaldeasturias.com\/magazine365\/#website"},"breadcrumb":{"@id":"https:\/\/eldigitaldeasturias.com\/magazine365\/renfe-reforzara-con-9-800-plazas-los-trenes-entre-madrid-y-cataluna-por-fitur\/#breadcrumblist"},"author":{"@id":"https:\/\/eldigitaldeasturias.com\/magazine365\/author\/admin\/#author"},"creator":{"@id":"https:\/\/eldigitaldeasturias.com\/magazine365\/author\/admin\/#author"},"image":{"@type":"ImageObject","url":"https:\/\/eldigitaldeasturias.com\/magazine365\/wp-content\/uploads\/2014\/01\/5846057w.jpg","@id":"https:\/\/eldigitaldeasturias.com\/magazine365\/renfe-reforzara-con-9-800-plazas-los-trenes-entre-madrid-y-cataluna-por-fitur\/#mainImage","width":800,"height":421},"primaryImageOfPage":{"@id":"https:\/\/eldigitaldeasturias.com\/magazine365\/renfe-reforzara-con-9-800-plazas-los-trenes-entre-madrid-y-cataluna-por-fitur\/#mainImage"},"datePublished":"2014-01-14T01:43:53+01:00","dateModified":"2014-01-14T01:43:53+01:00"},{"@type":"WebSite","@id":"https:\/\/eldigitaldeasturias.com\/magazine365\/#website","url":"https:\/\/eldigitaldeasturias.com\/magazine365\/","name":"El Digital de Asturias","description":"Revista de ocio, turismo y estilo de vida","inLanguage":"es-ES","publisher":{"@id":"https:\/\/eldigitaldeasturias.com\/magazine365\/#organization"}}]},"og:locale":"es_ES","og:site_name":"El Digital de Asturias \u2013 Revista de ocio, turismo y estilo de vida","og:type":"article","og:title":"Renfe reforzar\u00e1 con 9.800 plazas los trenes entre Madrid y Catalu\u00f1a por Fitur | El Digital de Asturias","og:description":"(EFE).- Renfe reforzar\u00e1 entre el 22 y 26 de enero los trenes AVE que unen Barcelona con Madrid con unas 9.800 plazas adicionales con motivo de la celebraci\u00f3n de la feria de turismo Fitur, que se celebra esos d\u00edas. En un comunicado, la compa\u00f1\u00eda ha informado de que coincidiendo con el inicio de esta feria","og:url":"https:\/\/eldigitaldeasturias.com\/magazine365\/renfe-reforzara-con-9-800-plazas-los-trenes-entre-madrid-y-cataluna-por-fitur\/","og:image":"https:\/\/eldigitaldeasturias.com\/magazine365\/wp-content\/uploads\/2014\/01\/5846057w.jpg","og:image:secure_url":"https:\/\/eldigitaldeasturias.com\/magazine365\/wp-content\/uploads\/2014\/01\/5846057w.jpg","og:image:width":800,"og:image:height":421,"article:published_time":"2014-01-14T02:43:53+00:00","article:modified_time":"2014-01-14T02:43:53+00:00","twitter:card":"summary_large_image","twitter:title":"Renfe reforzar\u00e1 con 9.800 plazas los trenes entre Madrid y Catalu\u00f1a por Fitur | El Digital de Asturias","twitter:description":"(EFE).- Renfe reforzar\u00e1 entre el 22 y 26 de enero los trenes AVE que unen Barcelona con Madrid con unas 9.800 plazas adicionales con motivo de la celebraci\u00f3n de la feria de turismo Fitur, que se celebra esos d\u00edas. En un comunicado, la compa\u00f1\u00eda ha informado de que coincidiendo con el inicio de esta feria","twitter:image":"https:\/\/eldigitaldeasturias.com\/magazine365\/wp-content\/uploads\/2014\/01\/5846057w.jpg"},"aioseo_meta_data":{"post_id":"869","title":null,"description":null,"keywords":null,"keyphrases":null,"primary_term":null,"canonical_url":null,"og_title":null,"og_description":null,"og_object_type":"default","og_image_type":"default","og_image_url":null,"og_image_width":null,"og_image_height":null,"og_image_custom_url":null,"og_image_custom_fields":null,"og_video":null,"og_custom_url":null,"og_article_section":null,"og_article_tags":null,"twitter_use_og":false,"twitter_card":"default","twitter_image_type":"default","twitter_image_url":null,"twitter_image_custom_url":null,"twitter_image_custom_fields":null,"twitter_title":null,"twitter_description":null,"schema":{"blockGraphs":[],"customGraphs":[],"default":{"data":{"Article":[],"Course":[],"Dataset":[],"FAQPage":[],"Movie":[],"Person":[],"Product":[],"ProductReview":[],"Car":[],"Recipe":[],"Service":[],"SoftwareApplication":[],"WebPage":[]},"graphName":"","isEnabled":true},"graphs":[]},"schema_type":null,"schema_type_options":null,"pillar_content":false,"robots_default":true,"robots_noindex":false,"robots_noarchive":false,"robots_nosnippet":false,"robots_nofollow":false,"robots_noimageindex":false,"robots_noodp":false,"robots_notranslate":false,"robots_max_snippet":null,"robots_max_videopreview":null,"robots_max_imagepreview":"large","priority":null,"frequency":null,"location":null,"local_seo":null,"seo_analyzer_scan_date":"2025-09-16 08:19:11","breadcrumb_settings":null,"limit_modified_date":false,"open_ai":null,"ai":null,"created":"2020-12-21 13:35:21","updated":"2025-09-16 08:19:11"},"aioseo_breadcrumb":"<div class=\"aioseo-breadcrumbs\"><span class=\"aioseo-breadcrumb\">\n\t<a href=\"https:\/\/eldigitaldeasturias.com\/magazine365\" title=\"Home\">Home<\/a>\n<\/span><span class=\"aioseo-breadcrumb-separator\">\u2013<\/span><span class=\"aioseo-breadcrumb\">\n\t<a href=\"https:\/\/eldigitaldeasturias.com\/magazine365\/category\/actualidad-turismo\/\" title=\"Actualidad Turismo\">Actualidad Turismo<\/a>\n<\/span><span class=\"aioseo-breadcrumb-separator\">\u2013<\/span><span class=\"aioseo-breadcrumb\">\n\t<a href=\"https:\/\/eldigitaldeasturias.com\/magazine365\/renfe-reforzara-con-9-800-plazas-los-trenes-entre-madrid-y-cataluna-por-fitur\/\" title=\"Renfe reforzar\u00e1 con 9.800 plazas los trenes entre Madrid y Catalu\u00f1a por Fitur\">Renfe reforzar\u00e1 con 9.800 plazas los trenes entre Madrid y Catalu\u00f1a por Fitur<\/a>\n<\/span><\/div>","aioseo_breadcrumb_json":[{"label":"Home","link":"https:\/\/eldigitaldeasturias.com\/magazine365"},{"label":"Actualidad Turismo","link":"https:\/\/eldigitaldeasturias.com\/magazine365\/category\/actualidad-turismo\/"},{"label":"Renfe reforzar\u00e1 con 9.800 plazas los trenes entre Madrid y Catalu\u00f1a por Fitur","link":"https:\/\/eldigitaldeasturias.com\/magazine365\/renfe-reforzara-con-9-800-plazas-los-trenes-entre-madrid-y-cataluna-por-fitur\/"}],"_links":{"self":[{"href":"https:\/\/eldigitaldeasturias.com\/magazine365\/wp-json\/wp\/v2\/posts\/869","targetHints":{"allow":["GET"]}}],"collection":[{"href":"https:\/\/eldigitaldeasturias.com\/magazine365\/wp-json\/wp\/v2\/posts"}],"about":[{"href":"https:\/\/eldigitaldeasturias.com\/magazine365\/wp-json\/wp\/v2\/types\/post"}],"author":[{"embeddable":true,"href":"https:\/\/eldigitaldeasturias.com\/magazine365\/wp-json\/wp\/v2\/users\/1"}],"replies":[{"embeddable":true,"href":"https:\/\/eldigitaldeasturias.com\/magazine365\/wp-json\/wp\/v2\/comments?post=869"}],"version-history":[{"count":0,"href":"https:\/\/eldigitaldeasturias.com\/magazine365\/wp-json\/wp\/v2\/posts\/869\/revisions"}],"wp:featuredmedia":[{"embeddable":true,"href":"https:\/\/eldigitaldeasturias.com\/magazine365\/wp-json\/wp\/v2\/media\/870"}],"wp:attachment":[{"href":"https:\/\/eldigitaldeasturias.com\/magazine365\/wp-json\/wp\/v2\/media?parent=869"}],"wp:term":[{"taxonomy":"category","embeddable":true,"href":"https:\/\/eldigitaldeasturias.com\/magazine365\/wp-json\/wp\/v2\/categories?post=869"},{"taxonomy":"post_tag","embeddable":true,"href":"https:\/\/eldigitaldeasturias.com\/magazine365\/wp-json\/wp\/v2\/tags?post=869"}],"curies":[{"name":"wp","href":"https:\/\/api.w.org\/{rel}","templated":true}]}}