{"id":866,"date":"2014-01-14T01:42:17","date_gmt":"2014-01-14T02:42:17","guid":{"rendered":"http:\/\/eldigitaldeasturias.com\/magazine365\/?p=866"},"modified":"2014-01-14T01:42:17","modified_gmt":"2014-01-14T02:42:17","slug":"la-sobriedad-de-armani-y-los-aires-retro-de-gucci-tinen-la-pasarela-de-milan","status":"publish","type":"post","link":"https:\/\/eldigitaldeasturias.com\/magazine365\/la-sobriedad-de-armani-y-los-aires-retro-de-gucci-tinen-la-pasarela-de-milan\/","title":{"rendered":"La sobriedad de Armani y los aires retro de Gucci ti\u00f1en la pasarela de Mil\u00e1n"},"content":{"rendered":"<p><img fetchpriority=\"high\" decoding=\"async\" class=\"alignleft size-medium wp-image-867\" alt=\"5846020w\" src=\"https:\/\/eldigitaldeasturias.com\/magazine365\/wp-content\/uploads\/2014\/01\/5846020w-360x262.jpg\" width=\"360\" height=\"262\" srcset=\"https:\/\/eldigitaldeasturias.com\/magazine365\/wp-content\/uploads\/2014\/01\/5846020w-360x262.jpg 360w, https:\/\/eldigitaldeasturias.com\/magazine365\/wp-content\/uploads\/2014\/01\/5846020w-650x474.jpg 650w, https:\/\/eldigitaldeasturias.com\/magazine365\/wp-content\/uploads\/2014\/01\/5846020w-768x560.jpg 768w, https:\/\/eldigitaldeasturias.com\/magazine365\/wp-content\/uploads\/2014\/01\/5846020w-150x109.jpg 150w, https:\/\/eldigitaldeasturias.com\/magazine365\/wp-content\/uploads\/2014\/01\/5846020w-450x328.jpg 450w, https:\/\/eldigitaldeasturias.com\/magazine365\/wp-content\/uploads\/2014\/01\/5846020w-324x235.jpg 324w, https:\/\/eldigitaldeasturias.com\/magazine365\/wp-content\/uploads\/2014\/01\/5846020w-696x507.jpg 696w, https:\/\/eldigitaldeasturias.com\/magazine365\/wp-content\/uploads\/2014\/01\/5846020w.jpg 800w, https:\/\/eldigitaldeasturias.com\/magazine365\/wp-content\/uploads\/2014\/01\/5846020w-576x420.jpg 576w, https:\/\/eldigitaldeasturias.com\/magazine365\/wp-content\/uploads\/2014\/01\/5846020w-90x67.jpg 90w\" sizes=\"(max-width: 360px) 100vw, 360px\" \/>(EFE).- Armani reivindic\u00f3 hoy a un \u00abjoven formal\u00bb en la tercera y pen\u00faltima jornada de la Semana de la Moda de Mil\u00e1n, en la que tambi\u00e9n desfil\u00f3 la casa de moda Gucci, la cual propuso una est\u00e9tica sesentera para el hombre en la pr\u00f3xima temporada oto\u00f1o-invierno.<\/p>\n<p>Emporio Armani dedic\u00f3 su propuesta a recuperar una est\u00e9tica formal para la moda joven que, a juicio del dise\u00f1ador milan\u00e9s, Giorgio Armani, en los \u00faltimos a\u00f1os han sufrido las propuestas \u00abobscenas\u00bb de muchos dise\u00f1adores.<\/p>\n<p>De este modo, el dise\u00f1ador hizo lo propio y present\u00f3 a un hombre joven y sobrio, que viste en tonos apagados como el gris marengo, zapato acharolado y una omnipresente corbata negra.<\/p>\n<p>La pieza clave de su colecci\u00f3n fue un traje de chaqueta en felpa y pa\u00f1o con pantalones holgados y con pinza y con una parte superior cruzada, con una leve tendencia a la asimetr\u00eda y con la supresi\u00f3n de la botonadura como novedad, algo que concede dinamismo a la composici\u00f3n.<\/p>\n<p>La camisa blanca fue ineludible, pero Armani tambi\u00e9n opt\u00f3 por camisas y camisetas con estampado geom\u00e9trico y en degradado.<\/p>\n<p>Otra de las casas de moda que desfilaron hoy en Mil\u00e1n fue Gucci, que imprimi\u00f3 un tinte sesentero y nost\u00e1lgico a esta tercera jornada de dise\u00f1os en la capital lombarda.<\/p>\n<p>En este sentido, la estilista de Gucci, Frida Giannini, cont\u00f3 entre el elenco de modelos con el hijo del actor y cineasta franc\u00e9s Alain Delon, que desfil\u00f3 para retrotraer a los asistentes a la d\u00e9cada de 1960, por su gran parecido con su padre.<\/p>\n<p>Tonos pastel, rosados abrigos tres cuartos y pantalones de tiro alto ser\u00e1n el com\u00fan denominador del hombre de Gucci para el pr\u00f3ximo oto\u00f1o-invierno.<\/p>\n<p>La versi\u00f3n m\u00e1s formal de la m\u00edtica casa de moda florentina propone pantal\u00f3n pitillo en tono azul gris\u00e1ceo, chaleco en piel, grandes abrigos de peluche rosado y beige y el jersey de cuello vuelto en gris.<\/p>\n<p>La versi\u00f3n m\u00e1s urbanita, en cambio, propone un negro total, con formas muy definidas y sobrias, y grandes vol\u00famenes, que recuerdan a la est\u00e9tica de las bandas de rock brit\u00e1nicas de los 60.<\/p>\n","protected":false},"excerpt":{"rendered":"<p>(EFE).- Armani reivindic\u00f3 hoy a un \u00abjoven formal\u00bb en la tercera y pen\u00faltima jornada de la Semana de la Moda de Mil\u00e1n, en la que tambi\u00e9n desfil\u00f3 la casa de moda Gucci, la cual propuso una est\u00e9tica sesentera para el hombre en la pr\u00f3xima temporada oto\u00f1o-invierno. Emporio Armani dedic\u00f3 su propuesta a recuperar una est\u00e9tica<\/p>\n","protected":false},"author":1,"featured_media":867,"comment_status":"open","ping_status":"open","sticky":false,"template":"","format":"standard","meta":{"footnotes":""},"categories":[225],"tags":[],"class_list":{"0":"post-866","1":"post","2":"type-post","3":"status-publish","4":"format-standard","5":"has-post-thumbnail","7":"category-moda"},"aioseo_notices":[],"aioseo_head":"\n\t\t<!-- All in One SEO Pro 4.9.6.1 - aioseo.com -->\n\t<meta name=\"description\" content=\"(EFE).- Armani reivindic\u00f3 hoy a un &quot;joven formal&quot; en la tercera y pen\u00faltima jornada de la Semana de la Moda de Mil\u00e1n, en la que tambi\u00e9n desfil\u00f3 la casa de moda Gucci, la cual propuso una est\u00e9tica sesentera para el hombre en la pr\u00f3xima temporada oto\u00f1o-invierno. Emporio Armani dedic\u00f3 su propuesta a recuperar una est\u00e9tica\" \/>\n\t<meta name=\"robots\" content=\"max-image-preview:large\" \/>\n\t<meta name=\"author\" content=\"admin\"\/>\n\t<meta name=\"google-site-verification\" content=\"UA-38556648-1\" \/>\n\t<meta name=\"keywords\" content=\"moda\" \/>\n\t<link rel=\"canonical\" href=\"https:\/\/eldigitaldeasturias.com\/magazine365\/la-sobriedad-de-armani-y-los-aires-retro-de-gucci-tinen-la-pasarela-de-milan\/\" \/>\n\t<meta name=\"generator\" content=\"All in One SEO Pro (AIOSEO) 4.9.6.1\" \/>\n\t\t<meta property=\"og:locale\" content=\"es_ES\" \/>\n\t\t<meta property=\"og:site_name\" content=\"El Digital de Asturias \u2013 Revista de ocio, turismo y estilo de vida\" \/>\n\t\t<meta property=\"og:type\" content=\"article\" \/>\n\t\t<meta property=\"og:title\" content=\"La sobriedad de Armani y los aires retro de Gucci ti\u00f1en la pasarela de Mil\u00e1n | El Digital de Asturias\" \/>\n\t\t<meta property=\"og:description\" content=\"(EFE).- Armani reivindic\u00f3 hoy a un &quot;joven formal&quot; en la tercera y pen\u00faltima jornada de la Semana de la Moda de Mil\u00e1n, en la que tambi\u00e9n desfil\u00f3 la casa de moda Gucci, la cual propuso una est\u00e9tica sesentera para el hombre en la pr\u00f3xima temporada oto\u00f1o-invierno. Emporio Armani dedic\u00f3 su propuesta a recuperar una est\u00e9tica\" \/>\n\t\t<meta property=\"og:url\" content=\"https:\/\/eldigitaldeasturias.com\/magazine365\/la-sobriedad-de-armani-y-los-aires-retro-de-gucci-tinen-la-pasarela-de-milan\/\" \/>\n\t\t<meta property=\"og:image\" content=\"https:\/\/eldigitaldeasturias.com\/magazine365\/wp-content\/uploads\/2014\/01\/5846020w.jpg\" \/>\n\t\t<meta property=\"og:image:secure_url\" content=\"https:\/\/eldigitaldeasturias.com\/magazine365\/wp-content\/uploads\/2014\/01\/5846020w.jpg\" \/>\n\t\t<meta property=\"og:image:width\" content=\"800\" \/>\n\t\t<meta property=\"og:image:height\" content=\"583\" \/>\n\t\t<meta property=\"article:published_time\" content=\"2014-01-14T02:42:17+00:00\" \/>\n\t\t<meta property=\"article:modified_time\" content=\"2014-01-14T02:42:17+00:00\" \/>\n\t\t<meta name=\"twitter:card\" content=\"summary_large_image\" \/>\n\t\t<meta name=\"twitter:title\" content=\"La sobriedad de Armani y los aires retro de Gucci ti\u00f1en la pasarela de Mil\u00e1n | El Digital de Asturias\" \/>\n\t\t<meta name=\"twitter:description\" content=\"(EFE).- Armani reivindic\u00f3 hoy a un &quot;joven formal&quot; en la tercera y pen\u00faltima jornada de la Semana de la Moda de Mil\u00e1n, en la que tambi\u00e9n desfil\u00f3 la casa de moda Gucci, la cual propuso una est\u00e9tica sesentera para el hombre en la pr\u00f3xima temporada oto\u00f1o-invierno. Emporio Armani dedic\u00f3 su propuesta a recuperar una est\u00e9tica\" \/>\n\t\t<meta name=\"twitter:image\" content=\"https:\/\/eldigitaldeasturias.com\/magazine365\/wp-content\/uploads\/2014\/01\/5846020w.jpg\" \/>\n\t\t<script type=\"application\/ld+json\" class=\"aioseo-schema\">\n\t\t\t{\"@context\":\"https:\\\/\\\/schema.org\",\"@graph\":[{\"@type\":\"Article\",\"@id\":\"https:\\\/\\\/eldigitaldeasturias.com\\\/magazine365\\\/la-sobriedad-de-armani-y-los-aires-retro-de-gucci-tinen-la-pasarela-de-milan\\\/#article\",\"name\":\"La sobriedad de Armani y los aires retro de Gucci ti\\u00f1en la pasarela de Mil\\u00e1n | El Digital de Asturias\",\"headline\":\"La sobriedad de Armani y los aires retro de Gucci ti\\u00f1en la pasarela de Mil\\u00e1n\",\"author\":{\"@id\":\"https:\\\/\\\/eldigitaldeasturias.com\\\/magazine365\\\/author\\\/admin\\\/#author\"},\"publisher\":{\"@id\":\"https:\\\/\\\/eldigitaldeasturias.com\\\/magazine365\\\/#organization\"},\"image\":{\"@type\":\"ImageObject\",\"url\":\"https:\\\/\\\/eldigitaldeasturias.com\\\/magazine365\\\/wp-content\\\/uploads\\\/2014\\\/01\\\/5846020w.jpg\",\"width\":800,\"height\":583},\"datePublished\":\"2014-01-14T01:42:17+01:00\",\"dateModified\":\"2014-01-14T01:42:17+01:00\",\"inLanguage\":\"es-ES\",\"mainEntityOfPage\":{\"@id\":\"https:\\\/\\\/eldigitaldeasturias.com\\\/magazine365\\\/la-sobriedad-de-armani-y-los-aires-retro-de-gucci-tinen-la-pasarela-de-milan\\\/#webpage\"},\"isPartOf\":{\"@id\":\"https:\\\/\\\/eldigitaldeasturias.com\\\/magazine365\\\/la-sobriedad-de-armani-y-los-aires-retro-de-gucci-tinen-la-pasarela-de-milan\\\/#webpage\"},\"articleSection\":\"Moda\"},{\"@type\":\"BreadcrumbList\",\"@id\":\"https:\\\/\\\/eldigitaldeasturias.com\\\/magazine365\\\/la-sobriedad-de-armani-y-los-aires-retro-de-gucci-tinen-la-pasarela-de-milan\\\/#breadcrumblist\",\"itemListElement\":[{\"@type\":\"ListItem\",\"@id\":\"https:\\\/\\\/eldigitaldeasturias.com\\\/magazine365#listItem\",\"position\":1,\"name\":\"Home\",\"item\":\"https:\\\/\\\/eldigitaldeasturias.com\\\/magazine365\",\"nextItem\":{\"@type\":\"ListItem\",\"@id\":\"https:\\\/\\\/eldigitaldeasturias.com\\\/magazine365\\\/category\\\/moda\\\/#listItem\",\"name\":\"Moda\"}},{\"@type\":\"ListItem\",\"@id\":\"https:\\\/\\\/eldigitaldeasturias.com\\\/magazine365\\\/category\\\/moda\\\/#listItem\",\"position\":2,\"name\":\"Moda\",\"item\":\"https:\\\/\\\/eldigitaldeasturias.com\\\/magazine365\\\/category\\\/moda\\\/\",\"nextItem\":{\"@type\":\"ListItem\",\"@id\":\"https:\\\/\\\/eldigitaldeasturias.com\\\/magazine365\\\/la-sobriedad-de-armani-y-los-aires-retro-de-gucci-tinen-la-pasarela-de-milan\\\/#listItem\",\"name\":\"La sobriedad de Armani y los aires retro de Gucci ti\\u00f1en la pasarela de Mil\\u00e1n\"},\"previousItem\":{\"@type\":\"ListItem\",\"@id\":\"https:\\\/\\\/eldigitaldeasturias.com\\\/magazine365#listItem\",\"name\":\"Home\"}},{\"@type\":\"ListItem\",\"@id\":\"https:\\\/\\\/eldigitaldeasturias.com\\\/magazine365\\\/la-sobriedad-de-armani-y-los-aires-retro-de-gucci-tinen-la-pasarela-de-milan\\\/#listItem\",\"position\":3,\"name\":\"La sobriedad de Armani y los aires retro de Gucci ti\\u00f1en la pasarela de Mil\\u00e1n\",\"previousItem\":{\"@type\":\"ListItem\",\"@id\":\"https:\\\/\\\/eldigitaldeasturias.com\\\/magazine365\\\/category\\\/moda\\\/#listItem\",\"name\":\"Moda\"}}]},{\"@type\":\"Organization\",\"@id\":\"https:\\\/\\\/eldigitaldeasturias.com\\\/magazine365\\\/#organization\",\"name\":\"El digital de Asturias\",\"description\":\"Revista de ocio, turismo y estilo de vida\",\"url\":\"https:\\\/\\\/eldigitaldeasturias.com\\\/magazine365\\\/\",\"logo\":{\"@type\":\"ImageObject\",\"url\":\"https:\\\/\\\/www.eldigitaldeasturias.com\\\/noticias\\\/wp-content\\\/uploads\\\/2020\\\/12\\\/EDA.jpg\",\"@id\":\"https:\\\/\\\/eldigitaldeasturias.com\\\/magazine365\\\/la-sobriedad-de-armani-y-los-aires-retro-de-gucci-tinen-la-pasarela-de-milan\\\/#organizationLogo\"},\"image\":{\"@id\":\"https:\\\/\\\/eldigitaldeasturias.com\\\/magazine365\\\/la-sobriedad-de-armani-y-los-aires-retro-de-gucci-tinen-la-pasarela-de-milan\\\/#organizationLogo\"}},{\"@type\":\"Person\",\"@id\":\"https:\\\/\\\/eldigitaldeasturias.com\\\/magazine365\\\/author\\\/admin\\\/#author\",\"url\":\"https:\\\/\\\/eldigitaldeasturias.com\\\/magazine365\\\/author\\\/admin\\\/\",\"name\":\"admin\",\"image\":{\"@type\":\"ImageObject\",\"@id\":\"https:\\\/\\\/eldigitaldeasturias.com\\\/magazine365\\\/la-sobriedad-de-armani-y-los-aires-retro-de-gucci-tinen-la-pasarela-de-milan\\\/#authorImage\",\"url\":\"https:\\\/\\\/eldigitaldeasturias.com\\\/magazine365\\\/wp-content\\\/litespeed\\\/avatar\\\/e571bcf59a0edd6fa6838245a470f2fe.jpg?ver=1776969259\",\"width\":96,\"height\":96,\"caption\":\"admin\"}},{\"@type\":\"WebPage\",\"@id\":\"https:\\\/\\\/eldigitaldeasturias.com\\\/magazine365\\\/la-sobriedad-de-armani-y-los-aires-retro-de-gucci-tinen-la-pasarela-de-milan\\\/#webpage\",\"url\":\"https:\\\/\\\/eldigitaldeasturias.com\\\/magazine365\\\/la-sobriedad-de-armani-y-los-aires-retro-de-gucci-tinen-la-pasarela-de-milan\\\/\",\"name\":\"La sobriedad de Armani y los aires retro de Gucci ti\\u00f1en la pasarela de Mil\\u00e1n | El Digital de Asturias\",\"description\":\"(EFE).- Armani reivindic\\u00f3 hoy a un \\\"joven formal\\\" en la tercera y pen\\u00faltima jornada de la Semana de la Moda de Mil\\u00e1n, en la que tambi\\u00e9n desfil\\u00f3 la casa de moda Gucci, la cual propuso una est\\u00e9tica sesentera para el hombre en la pr\\u00f3xima temporada oto\\u00f1o-invierno. Emporio Armani dedic\\u00f3 su propuesta a recuperar una est\\u00e9tica\",\"inLanguage\":\"es-ES\",\"isPartOf\":{\"@id\":\"https:\\\/\\\/eldigitaldeasturias.com\\\/magazine365\\\/#website\"},\"breadcrumb\":{\"@id\":\"https:\\\/\\\/eldigitaldeasturias.com\\\/magazine365\\\/la-sobriedad-de-armani-y-los-aires-retro-de-gucci-tinen-la-pasarela-de-milan\\\/#breadcrumblist\"},\"author\":{\"@id\":\"https:\\\/\\\/eldigitaldeasturias.com\\\/magazine365\\\/author\\\/admin\\\/#author\"},\"creator\":{\"@id\":\"https:\\\/\\\/eldigitaldeasturias.com\\\/magazine365\\\/author\\\/admin\\\/#author\"},\"image\":{\"@type\":\"ImageObject\",\"url\":\"https:\\\/\\\/eldigitaldeasturias.com\\\/magazine365\\\/wp-content\\\/uploads\\\/2014\\\/01\\\/5846020w.jpg\",\"@id\":\"https:\\\/\\\/eldigitaldeasturias.com\\\/magazine365\\\/la-sobriedad-de-armani-y-los-aires-retro-de-gucci-tinen-la-pasarela-de-milan\\\/#mainImage\",\"width\":800,\"height\":583},\"primaryImageOfPage\":{\"@id\":\"https:\\\/\\\/eldigitaldeasturias.com\\\/magazine365\\\/la-sobriedad-de-armani-y-los-aires-retro-de-gucci-tinen-la-pasarela-de-milan\\\/#mainImage\"},\"datePublished\":\"2014-01-14T01:42:17+01:00\",\"dateModified\":\"2014-01-14T01:42:17+01:00\"},{\"@type\":\"WebSite\",\"@id\":\"https:\\\/\\\/eldigitaldeasturias.com\\\/magazine365\\\/#website\",\"url\":\"https:\\\/\\\/eldigitaldeasturias.com\\\/magazine365\\\/\",\"name\":\"El Digital de Asturias\",\"description\":\"Revista de ocio, turismo y estilo de vida\",\"inLanguage\":\"es-ES\",\"publisher\":{\"@id\":\"https:\\\/\\\/eldigitaldeasturias.com\\\/magazine365\\\/#organization\"}}]}\n\t\t<\/script>\n\t\t<!-- All in One SEO Pro -->\r\n\t\t<title>La sobriedad de Armani y los aires retro de Gucci ti\u00f1en la pasarela de Mil\u00e1n | El Digital de Asturias<\/title>\n\n","aioseo_head_json":{"title":"La sobriedad de Armani y los aires retro de Gucci ti\u00f1en la pasarela de Mil\u00e1n | El Digital de Asturias","description":"(EFE).- Armani reivindic\u00f3 hoy a un \"joven formal\" en la tercera y pen\u00faltima jornada de la Semana de la Moda de Mil\u00e1n, en la que tambi\u00e9n desfil\u00f3 la casa de moda Gucci, la cual propuso una est\u00e9tica sesentera para el hombre en la pr\u00f3xima temporada oto\u00f1o-invierno. Emporio Armani dedic\u00f3 su propuesta a recuperar una est\u00e9tica","canonical_url":"https:\/\/eldigitaldeasturias.com\/magazine365\/la-sobriedad-de-armani-y-los-aires-retro-de-gucci-tinen-la-pasarela-de-milan\/","robots":"max-image-preview:large","keywords":"moda","webmasterTools":{"google-site-verification":"UA-38556648-1","miscellaneous":""},"schema":{"@context":"https:\/\/schema.org","@graph":[{"@type":"Article","@id":"https:\/\/eldigitaldeasturias.com\/magazine365\/la-sobriedad-de-armani-y-los-aires-retro-de-gucci-tinen-la-pasarela-de-milan\/#article","name":"La sobriedad de Armani y los aires retro de Gucci ti\u00f1en la pasarela de Mil\u00e1n | El Digital de Asturias","headline":"La sobriedad de Armani y los aires retro de Gucci ti\u00f1en la pasarela de Mil\u00e1n","author":{"@id":"https:\/\/eldigitaldeasturias.com\/magazine365\/author\/admin\/#author"},"publisher":{"@id":"https:\/\/eldigitaldeasturias.com\/magazine365\/#organization"},"image":{"@type":"ImageObject","url":"https:\/\/eldigitaldeasturias.com\/magazine365\/wp-content\/uploads\/2014\/01\/5846020w.jpg","width":800,"height":583},"datePublished":"2014-01-14T01:42:17+01:00","dateModified":"2014-01-14T01:42:17+01:00","inLanguage":"es-ES","mainEntityOfPage":{"@id":"https:\/\/eldigitaldeasturias.com\/magazine365\/la-sobriedad-de-armani-y-los-aires-retro-de-gucci-tinen-la-pasarela-de-milan\/#webpage"},"isPartOf":{"@id":"https:\/\/eldigitaldeasturias.com\/magazine365\/la-sobriedad-de-armani-y-los-aires-retro-de-gucci-tinen-la-pasarela-de-milan\/#webpage"},"articleSection":"Moda"},{"@type":"BreadcrumbList","@id":"https:\/\/eldigitaldeasturias.com\/magazine365\/la-sobriedad-de-armani-y-los-aires-retro-de-gucci-tinen-la-pasarela-de-milan\/#breadcrumblist","itemListElement":[{"@type":"ListItem","@id":"https:\/\/eldigitaldeasturias.com\/magazine365#listItem","position":1,"name":"Home","item":"https:\/\/eldigitaldeasturias.com\/magazine365","nextItem":{"@type":"ListItem","@id":"https:\/\/eldigitaldeasturias.com\/magazine365\/category\/moda\/#listItem","name":"Moda"}},{"@type":"ListItem","@id":"https:\/\/eldigitaldeasturias.com\/magazine365\/category\/moda\/#listItem","position":2,"name":"Moda","item":"https:\/\/eldigitaldeasturias.com\/magazine365\/category\/moda\/","nextItem":{"@type":"ListItem","@id":"https:\/\/eldigitaldeasturias.com\/magazine365\/la-sobriedad-de-armani-y-los-aires-retro-de-gucci-tinen-la-pasarela-de-milan\/#listItem","name":"La sobriedad de Armani y los aires retro de Gucci ti\u00f1en la pasarela de Mil\u00e1n"},"previousItem":{"@type":"ListItem","@id":"https:\/\/eldigitaldeasturias.com\/magazine365#listItem","name":"Home"}},{"@type":"ListItem","@id":"https:\/\/eldigitaldeasturias.com\/magazine365\/la-sobriedad-de-armani-y-los-aires-retro-de-gucci-tinen-la-pasarela-de-milan\/#listItem","position":3,"name":"La sobriedad de Armani y los aires retro de Gucci ti\u00f1en la pasarela de Mil\u00e1n","previousItem":{"@type":"ListItem","@id":"https:\/\/eldigitaldeasturias.com\/magazine365\/category\/moda\/#listItem","name":"Moda"}}]},{"@type":"Organization","@id":"https:\/\/eldigitaldeasturias.com\/magazine365\/#organization","name":"El digital de Asturias","description":"Revista de ocio, turismo y estilo de vida","url":"https:\/\/eldigitaldeasturias.com\/magazine365\/","logo":{"@type":"ImageObject","url":"https:\/\/www.eldigitaldeasturias.com\/noticias\/wp-content\/uploads\/2020\/12\/EDA.jpg","@id":"https:\/\/eldigitaldeasturias.com\/magazine365\/la-sobriedad-de-armani-y-los-aires-retro-de-gucci-tinen-la-pasarela-de-milan\/#organizationLogo"},"image":{"@id":"https:\/\/eldigitaldeasturias.com\/magazine365\/la-sobriedad-de-armani-y-los-aires-retro-de-gucci-tinen-la-pasarela-de-milan\/#organizationLogo"}},{"@type":"Person","@id":"https:\/\/eldigitaldeasturias.com\/magazine365\/author\/admin\/#author","url":"https:\/\/eldigitaldeasturias.com\/magazine365\/author\/admin\/","name":"admin","image":{"@type":"ImageObject","@id":"https:\/\/eldigitaldeasturias.com\/magazine365\/la-sobriedad-de-armani-y-los-aires-retro-de-gucci-tinen-la-pasarela-de-milan\/#authorImage","url":"https:\/\/eldigitaldeasturias.com\/magazine365\/wp-content\/litespeed\/avatar\/e571bcf59a0edd6fa6838245a470f2fe.jpg?ver=1776969259","width":96,"height":96,"caption":"admin"}},{"@type":"WebPage","@id":"https:\/\/eldigitaldeasturias.com\/magazine365\/la-sobriedad-de-armani-y-los-aires-retro-de-gucci-tinen-la-pasarela-de-milan\/#webpage","url":"https:\/\/eldigitaldeasturias.com\/magazine365\/la-sobriedad-de-armani-y-los-aires-retro-de-gucci-tinen-la-pasarela-de-milan\/","name":"La sobriedad de Armani y los aires retro de Gucci ti\u00f1en la pasarela de Mil\u00e1n | El Digital de Asturias","description":"(EFE).- Armani reivindic\u00f3 hoy a un \"joven formal\" en la tercera y pen\u00faltima jornada de la Semana de la Moda de Mil\u00e1n, en la que tambi\u00e9n desfil\u00f3 la casa de moda Gucci, la cual propuso una est\u00e9tica sesentera para el hombre en la pr\u00f3xima temporada oto\u00f1o-invierno. Emporio Armani dedic\u00f3 su propuesta a recuperar una est\u00e9tica","inLanguage":"es-ES","isPartOf":{"@id":"https:\/\/eldigitaldeasturias.com\/magazine365\/#website"},"breadcrumb":{"@id":"https:\/\/eldigitaldeasturias.com\/magazine365\/la-sobriedad-de-armani-y-los-aires-retro-de-gucci-tinen-la-pasarela-de-milan\/#breadcrumblist"},"author":{"@id":"https:\/\/eldigitaldeasturias.com\/magazine365\/author\/admin\/#author"},"creator":{"@id":"https:\/\/eldigitaldeasturias.com\/magazine365\/author\/admin\/#author"},"image":{"@type":"ImageObject","url":"https:\/\/eldigitaldeasturias.com\/magazine365\/wp-content\/uploads\/2014\/01\/5846020w.jpg","@id":"https:\/\/eldigitaldeasturias.com\/magazine365\/la-sobriedad-de-armani-y-los-aires-retro-de-gucci-tinen-la-pasarela-de-milan\/#mainImage","width":800,"height":583},"primaryImageOfPage":{"@id":"https:\/\/eldigitaldeasturias.com\/magazine365\/la-sobriedad-de-armani-y-los-aires-retro-de-gucci-tinen-la-pasarela-de-milan\/#mainImage"},"datePublished":"2014-01-14T01:42:17+01:00","dateModified":"2014-01-14T01:42:17+01:00"},{"@type":"WebSite","@id":"https:\/\/eldigitaldeasturias.com\/magazine365\/#website","url":"https:\/\/eldigitaldeasturias.com\/magazine365\/","name":"El Digital de Asturias","description":"Revista de ocio, turismo y estilo de vida","inLanguage":"es-ES","publisher":{"@id":"https:\/\/eldigitaldeasturias.com\/magazine365\/#organization"}}]},"og:locale":"es_ES","og:site_name":"El Digital de Asturias \u2013 Revista de ocio, turismo y estilo de vida","og:type":"article","og:title":"La sobriedad de Armani y los aires retro de Gucci ti\u00f1en la pasarela de Mil\u00e1n | El Digital de Asturias","og:description":"(EFE).- Armani reivindic\u00f3 hoy a un &quot;joven formal&quot; en la tercera y pen\u00faltima jornada de la Semana de la Moda de Mil\u00e1n, en la que tambi\u00e9n desfil\u00f3 la casa de moda Gucci, la cual propuso una est\u00e9tica sesentera para el hombre en la pr\u00f3xima temporada oto\u00f1o-invierno. Emporio Armani dedic\u00f3 su propuesta a recuperar una est\u00e9tica","og:url":"https:\/\/eldigitaldeasturias.com\/magazine365\/la-sobriedad-de-armani-y-los-aires-retro-de-gucci-tinen-la-pasarela-de-milan\/","og:image":"https:\/\/eldigitaldeasturias.com\/magazine365\/wp-content\/uploads\/2014\/01\/5846020w.jpg","og:image:secure_url":"https:\/\/eldigitaldeasturias.com\/magazine365\/wp-content\/uploads\/2014\/01\/5846020w.jpg","og:image:width":800,"og:image:height":583,"article:published_time":"2014-01-14T02:42:17+00:00","article:modified_time":"2014-01-14T02:42:17+00:00","twitter:card":"summary_large_image","twitter:title":"La sobriedad de Armani y los aires retro de Gucci ti\u00f1en la pasarela de Mil\u00e1n | El Digital de Asturias","twitter:description":"(EFE).- Armani reivindic\u00f3 hoy a un &quot;joven formal&quot; en la tercera y pen\u00faltima jornada de la Semana de la Moda de Mil\u00e1n, en la que tambi\u00e9n desfil\u00f3 la casa de moda Gucci, la cual propuso una est\u00e9tica sesentera para el hombre en la pr\u00f3xima temporada oto\u00f1o-invierno. Emporio Armani dedic\u00f3 su propuesta a recuperar una est\u00e9tica","twitter:image":"https:\/\/eldigitaldeasturias.com\/magazine365\/wp-content\/uploads\/2014\/01\/5846020w.jpg"},"aioseo_meta_data":{"post_id":"866","title":null,"description":null,"keywords":null,"keyphrases":null,"primary_term":null,"canonical_url":null,"og_title":null,"og_description":null,"og_object_type":"default","og_image_type":"default","og_image_url":null,"og_image_width":null,"og_image_height":null,"og_image_custom_url":null,"og_image_custom_fields":null,"og_video":null,"og_custom_url":null,"og_article_section":null,"og_article_tags":null,"twitter_use_og":false,"twitter_card":"default","twitter_image_type":"default","twitter_image_url":null,"twitter_image_custom_url":null,"twitter_image_custom_fields":null,"twitter_title":null,"twitter_description":null,"schema":{"blockGraphs":[],"customGraphs":[],"default":{"data":{"Article":[],"Course":[],"Dataset":[],"FAQPage":[],"Movie":[],"Person":[],"Product":[],"ProductReview":[],"Car":[],"Recipe":[],"Service":[],"SoftwareApplication":[],"WebPage":[]},"graphName":"","isEnabled":true},"graphs":[],"defaultGraph":"","defaultPostTypeGraph":""},"schema_type":null,"schema_type_options":null,"pillar_content":false,"robots_default":true,"robots_noindex":false,"robots_noarchive":false,"robots_nosnippet":false,"robots_nofollow":false,"robots_noimageindex":false,"robots_noodp":false,"robots_notranslate":false,"robots_max_snippet":null,"robots_max_videopreview":null,"robots_max_imagepreview":"large","priority":null,"frequency":null,"location":null,"local_seo":null,"seo_analyzer_scan_date":"2025-09-16 08:19:10","breadcrumb_settings":null,"limit_modified_date":false,"open_ai":null,"ai":null,"created":"2020-12-21 13:35:21","updated":"2025-09-16 08:19:10"},"aioseo_breadcrumb":"<div class=\"aioseo-breadcrumbs\"><span class=\"aioseo-breadcrumb\">\n\t<a href=\"https:\/\/eldigitaldeasturias.com\/magazine365\" title=\"Home\">Home<\/a>\n<\/span><span class=\"aioseo-breadcrumb-separator\">\u2013<\/span><span class=\"aioseo-breadcrumb\">\n\t<a href=\"https:\/\/eldigitaldeasturias.com\/magazine365\/category\/moda\/\" title=\"Moda\">Moda<\/a>\n<\/span><span class=\"aioseo-breadcrumb-separator\">\u2013<\/span><span class=\"aioseo-breadcrumb\">\n\t<a href=\"https:\/\/eldigitaldeasturias.com\/magazine365\/la-sobriedad-de-armani-y-los-aires-retro-de-gucci-tinen-la-pasarela-de-milan\/\" title=\"La sobriedad de Armani y los aires retro de Gucci ti\u00f1en la pasarela de Mil\u00e1n\">La sobriedad de Armani y los aires retro de Gucci ti\u00f1en la pasarela de Mil\u00e1n<\/a>\n<\/span><\/div>","aioseo_breadcrumb_json":[{"label":"Home","link":"https:\/\/eldigitaldeasturias.com\/magazine365"},{"label":"Moda","link":"https:\/\/eldigitaldeasturias.com\/magazine365\/category\/moda\/"},{"label":"La sobriedad de Armani y los aires retro de Gucci ti\u00f1en la pasarela de Mil\u00e1n","link":"https:\/\/eldigitaldeasturias.com\/magazine365\/la-sobriedad-de-armani-y-los-aires-retro-de-gucci-tinen-la-pasarela-de-milan\/"}],"_links":{"self":[{"href":"https:\/\/eldigitaldeasturias.com\/magazine365\/wp-json\/wp\/v2\/posts\/866","targetHints":{"allow":["GET"]}}],"collection":[{"href":"https:\/\/eldigitaldeasturias.com\/magazine365\/wp-json\/wp\/v2\/posts"}],"about":[{"href":"https:\/\/eldigitaldeasturias.com\/magazine365\/wp-json\/wp\/v2\/types\/post"}],"author":[{"embeddable":true,"href":"https:\/\/eldigitaldeasturias.com\/magazine365\/wp-json\/wp\/v2\/users\/1"}],"replies":[{"embeddable":true,"href":"https:\/\/eldigitaldeasturias.com\/magazine365\/wp-json\/wp\/v2\/comments?post=866"}],"version-history":[{"count":0,"href":"https:\/\/eldigitaldeasturias.com\/magazine365\/wp-json\/wp\/v2\/posts\/866\/revisions"}],"wp:featuredmedia":[{"embeddable":true,"href":"https:\/\/eldigitaldeasturias.com\/magazine365\/wp-json\/wp\/v2\/media\/867"}],"wp:attachment":[{"href":"https:\/\/eldigitaldeasturias.com\/magazine365\/wp-json\/wp\/v2\/media?parent=866"}],"wp:term":[{"taxonomy":"category","embeddable":true,"href":"https:\/\/eldigitaldeasturias.com\/magazine365\/wp-json\/wp\/v2\/categories?post=866"},{"taxonomy":"post_tag","embeddable":true,"href":"https:\/\/eldigitaldeasturias.com\/magazine365\/wp-json\/wp\/v2\/tags?post=866"}],"curies":[{"name":"wp","href":"https:\/\/api.w.org\/{rel}","templated":true}]}}