{"id":85235,"date":"2017-03-09T11:58:49","date_gmt":"2017-03-09T10:58:49","guid":{"rendered":"http:\/\/eldigitaldeasturias.com\/magazine365\/?p=85235"},"modified":"2017-03-09T11:58:49","modified_gmt":"2017-03-09T10:58:49","slug":"unas-300-000-personas-sufren-parkinson-en-espana","status":"publish","type":"post","link":"https:\/\/eldigitaldeasturias.com\/magazine365\/unas-300-000-personas-sufren-parkinson-en-espana\/","title":{"rendered":"Unas 300.000 personas sufren p\u00e1rkinson en Espa\u00f1a"},"content":{"rendered":"<p><img fetchpriority=\"high\" decoding=\"async\" class=\"alignleft size-medium wp-image-85236\" src=\"https:\/\/eldigitaldeasturias.com\/magazine365\/wp-content\/uploads\/2017\/03\/parkinson-360x240.jpg\" alt=\"\" width=\"360\" height=\"240\" srcset=\"https:\/\/eldigitaldeasturias.com\/magazine365\/wp-content\/uploads\/2017\/03\/parkinson-360x240.jpg 360w, https:\/\/eldigitaldeasturias.com\/magazine365\/wp-content\/uploads\/2017\/03\/parkinson-150x100.jpg 150w, https:\/\/eldigitaldeasturias.com\/magazine365\/wp-content\/uploads\/2017\/03\/parkinson-450x301.jpg 450w, https:\/\/eldigitaldeasturias.com\/magazine365\/wp-content\/uploads\/2017\/03\/parkinson-101x66.jpg 101w, https:\/\/eldigitaldeasturias.com\/magazine365\/wp-content\/uploads\/2017\/03\/parkinson.jpg 569w\" sizes=\"(max-width: 360px) 100vw, 360px\" \/>La enfermedad de Parkinson es la segunda dolencia neurodegenerativa m\u00e1s frecuente en Espa\u00f1a despu\u00e9s del alzh\u00e9imer y la sufren unas 300.000 personas. Un estudio en el que participa la Universidad Complutense de Madrid ha analizado la incidencia de la patolog\u00eda en nuestro pa\u00eds a partir de un centenar de investigaciones. El trabajo alerta sobre la falta de tratamiento rehabilitador para estos pacientes por parte del sistema p\u00fablico de salud.<\/p>\n<p>En Espa\u00f1a sufren p\u00e1rkinson al menos 300.000 personas y cada a\u00f1o se diagnostica un nuevo caso por cada 10.000 habitantes. As\u00ed lo revela un estudio en el que participa la Universidad Complutense de Madrid (UCM) y en el que se han revisado casi un centenar de trabajos para analizar la incidencia de la enfermedad en nuestro pa\u00eds.<\/p>\n<p>\u201cLa enfermedad de Parkinson es la segunda patolog\u00eda neurodegenerativa m\u00e1s frecuente tras la enfermedad de Alzheimer\u201d, recuerda Roc\u00edo Garc\u00eda-Ramos, neur\u00f3loga en la Unidad de Trastornos del Movimiento en el Hospital Cl\u00ednico San Carlos, profesora de la facultad de Medicina de la UCM y autora principal del trabajo.<\/p>\n<blockquote><p><strong><em>\u201cHay estimaciones europeas que hablan de un coste de unos 8.000 euros al a\u00f1o por paciente, pero no existen buenos estudios en Espa\u00f1a\u201d, se\u00f1ala la cient\u00edfica<\/em><\/strong><\/p><\/blockquote>\n<p>A partir de los diferentes art\u00edculos analizados, los cient\u00edficos han realizado una estimaci\u00f3n del coste que esta patolog\u00eda puede llegar a suponer a cada paciente. Si se emplean algunas terapias avanzadas \u2013como estimulaci\u00f3n cerebral profunda, duodopa o bomba de apomorfina\u2013 este puede ascender a entre 17.000 y 50.000 euros por paciente al a\u00f1o.<\/p>\n<p>No obstante, estas personas suelen ser una minor\u00eda dentro del colectivo, puesto que solo un peque\u00f1o n\u00famero de pacientes re\u00fane los requisitos adecuados para poder optar a estos tratamientos.<\/p>\n<p>\u201cLos estudios que existen sobre costes son escasos y son m\u00e1s bien estimaciones que tienen en cuenta costes directos e indirectos\u201d, afirma Garc\u00eda-Ramos. \u201cHay estimaciones europeas que hablan de un coste de unos 8.000 euros al a\u00f1o por paciente pero no existen buenos estudios en Espa\u00f1a\u201d, a\u00f1ade.<\/p>\n<p>El estudio, publicado en la revista Neurolog\u00eda, destaca que la mayor incidencia de la enfermedad se sit\u00faa en personas de entre 70 y 79 a\u00f1os. En el caso de las mujeres, la mayor prevalencia se produce hasta los 85 a\u00f1os.<\/p>\n<p>La mortalidad de los pacientes con p\u00e1rkinson es del doble respecto a personas que no sufren la enfermedad y su calidad de vida se va deteriorando de forma aguda seg\u00fan avanza la patolog\u00eda. \u201cEn muchos casos la dependencia, cuando la enfermedad est\u00e1 muy avanzada, puede ser total y abarca todas las actividades b\u00e1sicas de la vida diaria\u201d, asegura la cient\u00edfica.<\/p>\n<p>Los principales s\u00edntomas son temblores en manos, brazos, piernas, mand\u00edbula y cara, junto a rigidez en los brazos, piernas y tronco. Adem\u00e1s, los pacientes se mueven con lentitud y presentan problemas de equilibrio y coordinaci\u00f3n.<\/p>\n<p><strong>Sin rehabilitaci\u00f3n en el sistema p\u00fablico<\/strong><\/p>\n<p>El trabajo tambi\u00e9n incluye los resultados de 40 cuestionarios enviados a neur\u00f3logos de diferentes hospitales espa\u00f1oles especializados en la enfermedad. Aunque en todas las comunidades aut\u00f3nomas existe al menos una unidad especializada en p\u00e1rkinson, la mayor\u00eda est\u00e1 formada exclusivamente por neur\u00f3logos. Salvo el Hospital Cl\u00ednic (Barcelona) y el Virgen del Roc\u00edo (Sevilla), estos equipos no incluyen logopedas, fisioterapias, psic\u00f3logos ni psiquiatras.<\/p>\n<p>En el sistema p\u00fablico de salud \u201cno est\u00e1 cubierto el tratamiento no farmacol\u00f3gico de estos pacientes, como la rehabilitaci\u00f3n\u201d, denuncia la neur\u00f3loga. Son las asociaciones de pacientes las que actualmente cubren este vac\u00edo.<\/p>\n<p>En la investigaci\u00f3n tambi\u00e9n han participado la Fundaci\u00f3n del Cerebro, el Hospital Universitario Infanta Cristina (Madrid), el Hospital Universitario Virgen del Roc\u00edo y el Centro de Investigaci\u00f3n Biom\u00e9dica en Red sobre Enfermedades Neurodegenerativas (CIBERNED).<\/p>\n","protected":false},"excerpt":{"rendered":"<p>La enfermedad de Parkinson es la segunda dolencia neurodegenerativa m\u00e1s frecuente en Espa\u00f1a despu\u00e9s del alzh\u00e9imer y la sufren unas 300.000 personas. Un estudio en el que participa la Universidad Complutense de Madrid ha analizado la incidencia de la patolog\u00eda en nuestro pa\u00eds a partir de un centenar de investigaciones. El trabajo alerta sobre la<\/p>\n","protected":false},"author":1,"featured_media":85236,"comment_status":"open","ping_status":"closed","sticky":false,"template":"","format":"standard","meta":{"footnotes":""},"categories":[224],"tags":[],"class_list":{"0":"post-85235","1":"post","2":"type-post","3":"status-publish","4":"format-standard","5":"has-post-thumbnail","7":"category-noticias-actualidad"},"aioseo_notices":[],"aioseo_head":"\n\t\t<!-- All in One SEO Pro 4.9.6.1 - aioseo.com -->\n\t<meta name=\"description\" content=\"La enfermedad de Parkinson es la segunda dolencia neurodegenerativa m\u00e1s frecuente en Espa\u00f1a despu\u00e9s del alzh\u00e9imer y la sufren unas 300.000 personas. Un estudio en el que participa la Universidad Complutense de Madrid ha analizado la incidencia de la patolog\u00eda en nuestro pa\u00eds a partir de un centenar de investigaciones. El trabajo alerta sobre la\" \/>\n\t<meta name=\"robots\" content=\"max-image-preview:large\" \/>\n\t<meta name=\"author\" content=\"admin\"\/>\n\t<meta name=\"google-site-verification\" content=\"UA-38556648-1\" \/>\n\t<meta name=\"keywords\" content=\"noticias y actualidad\" \/>\n\t<link rel=\"canonical\" href=\"https:\/\/eldigitaldeasturias.com\/magazine365\/unas-300-000-personas-sufren-parkinson-en-espana\/\" \/>\n\t<meta name=\"generator\" content=\"All in One SEO Pro (AIOSEO) 4.9.6.1\" \/>\n\t\t<meta property=\"og:locale\" content=\"es_ES\" \/>\n\t\t<meta property=\"og:site_name\" content=\"El Digital de Asturias \u2013 Revista de ocio, turismo y estilo de vida\" \/>\n\t\t<meta property=\"og:type\" content=\"article\" \/>\n\t\t<meta property=\"og:title\" content=\"Unas 300.000 personas sufren p\u00e1rkinson en Espa\u00f1a | El Digital de Asturias\" \/>\n\t\t<meta property=\"og:description\" content=\"La enfermedad de Parkinson es la segunda dolencia neurodegenerativa m\u00e1s frecuente en Espa\u00f1a despu\u00e9s del alzh\u00e9imer y la sufren unas 300.000 personas. Un estudio en el que participa la Universidad Complutense de Madrid ha analizado la incidencia de la patolog\u00eda en nuestro pa\u00eds a partir de un centenar de investigaciones. El trabajo alerta sobre la\" \/>\n\t\t<meta property=\"og:url\" content=\"https:\/\/eldigitaldeasturias.com\/magazine365\/unas-300-000-personas-sufren-parkinson-en-espana\/\" \/>\n\t\t<meta property=\"og:image\" content=\"https:\/\/eldigitaldeasturias.com\/magazine365\/wp-content\/uploads\/2017\/03\/parkinson.jpg\" \/>\n\t\t<meta property=\"og:image:secure_url\" content=\"https:\/\/eldigitaldeasturias.com\/magazine365\/wp-content\/uploads\/2017\/03\/parkinson.jpg\" \/>\n\t\t<meta property=\"og:image:width\" content=\"569\" \/>\n\t\t<meta property=\"og:image:height\" content=\"380\" \/>\n\t\t<meta property=\"article:published_time\" content=\"2017-03-09T10:58:49+00:00\" \/>\n\t\t<meta property=\"article:modified_time\" content=\"2017-03-09T10:58:49+00:00\" \/>\n\t\t<meta name=\"twitter:card\" content=\"summary_large_image\" \/>\n\t\t<meta name=\"twitter:title\" content=\"Unas 300.000 personas sufren p\u00e1rkinson en Espa\u00f1a | El Digital de Asturias\" \/>\n\t\t<meta name=\"twitter:description\" content=\"La enfermedad de Parkinson es la segunda dolencia neurodegenerativa m\u00e1s frecuente en Espa\u00f1a despu\u00e9s del alzh\u00e9imer y la sufren unas 300.000 personas. Un estudio en el que participa la Universidad Complutense de Madrid ha analizado la incidencia de la patolog\u00eda en nuestro pa\u00eds a partir de un centenar de investigaciones. El trabajo alerta sobre la\" \/>\n\t\t<meta name=\"twitter:image\" content=\"https:\/\/eldigitaldeasturias.com\/magazine365\/wp-content\/uploads\/2017\/03\/parkinson.jpg\" \/>\n\t\t<script type=\"application\/ld+json\" class=\"aioseo-schema\">\n\t\t\t{\"@context\":\"https:\\\/\\\/schema.org\",\"@graph\":[{\"@type\":\"Article\",\"@id\":\"https:\\\/\\\/eldigitaldeasturias.com\\\/magazine365\\\/unas-300-000-personas-sufren-parkinson-en-espana\\\/#article\",\"name\":\"Unas 300.000 personas sufren p\\u00e1rkinson en Espa\\u00f1a | El Digital de Asturias\",\"headline\":\"Unas 300.000 personas sufren p\\u00e1rkinson en Espa\\u00f1a\",\"author\":{\"@id\":\"https:\\\/\\\/eldigitaldeasturias.com\\\/magazine365\\\/author\\\/admin\\\/#author\"},\"publisher\":{\"@id\":\"https:\\\/\\\/eldigitaldeasturias.com\\\/magazine365\\\/#organization\"},\"image\":{\"@type\":\"ImageObject\",\"url\":\"https:\\\/\\\/eldigitaldeasturias.com\\\/magazine365\\\/wp-content\\\/uploads\\\/2017\\\/03\\\/parkinson.jpg\",\"width\":569,\"height\":380},\"datePublished\":\"2017-03-09T11:58:49+01:00\",\"dateModified\":\"2017-03-09T11:58:49+01:00\",\"inLanguage\":\"es-ES\",\"mainEntityOfPage\":{\"@id\":\"https:\\\/\\\/eldigitaldeasturias.com\\\/magazine365\\\/unas-300-000-personas-sufren-parkinson-en-espana\\\/#webpage\"},\"isPartOf\":{\"@id\":\"https:\\\/\\\/eldigitaldeasturias.com\\\/magazine365\\\/unas-300-000-personas-sufren-parkinson-en-espana\\\/#webpage\"},\"articleSection\":\"Noticias y Actualidad\"},{\"@type\":\"BreadcrumbList\",\"@id\":\"https:\\\/\\\/eldigitaldeasturias.com\\\/magazine365\\\/unas-300-000-personas-sufren-parkinson-en-espana\\\/#breadcrumblist\",\"itemListElement\":[{\"@type\":\"ListItem\",\"@id\":\"https:\\\/\\\/eldigitaldeasturias.com\\\/magazine365#listItem\",\"position\":1,\"name\":\"Home\",\"item\":\"https:\\\/\\\/eldigitaldeasturias.com\\\/magazine365\",\"nextItem\":{\"@type\":\"ListItem\",\"@id\":\"https:\\\/\\\/eldigitaldeasturias.com\\\/magazine365\\\/category\\\/noticias-actualidad\\\/#listItem\",\"name\":\"Noticias y Actualidad\"}},{\"@type\":\"ListItem\",\"@id\":\"https:\\\/\\\/eldigitaldeasturias.com\\\/magazine365\\\/category\\\/noticias-actualidad\\\/#listItem\",\"position\":2,\"name\":\"Noticias y Actualidad\",\"item\":\"https:\\\/\\\/eldigitaldeasturias.com\\\/magazine365\\\/category\\\/noticias-actualidad\\\/\",\"nextItem\":{\"@type\":\"ListItem\",\"@id\":\"https:\\\/\\\/eldigitaldeasturias.com\\\/magazine365\\\/unas-300-000-personas-sufren-parkinson-en-espana\\\/#listItem\",\"name\":\"Unas 300.000 personas sufren p\\u00e1rkinson en Espa\\u00f1a\"},\"previousItem\":{\"@type\":\"ListItem\",\"@id\":\"https:\\\/\\\/eldigitaldeasturias.com\\\/magazine365#listItem\",\"name\":\"Home\"}},{\"@type\":\"ListItem\",\"@id\":\"https:\\\/\\\/eldigitaldeasturias.com\\\/magazine365\\\/unas-300-000-personas-sufren-parkinson-en-espana\\\/#listItem\",\"position\":3,\"name\":\"Unas 300.000 personas sufren p\\u00e1rkinson en Espa\\u00f1a\",\"previousItem\":{\"@type\":\"ListItem\",\"@id\":\"https:\\\/\\\/eldigitaldeasturias.com\\\/magazine365\\\/category\\\/noticias-actualidad\\\/#listItem\",\"name\":\"Noticias y Actualidad\"}}]},{\"@type\":\"Organization\",\"@id\":\"https:\\\/\\\/eldigitaldeasturias.com\\\/magazine365\\\/#organization\",\"name\":\"El digital de Asturias\",\"description\":\"Revista de ocio, turismo y estilo de vida\",\"url\":\"https:\\\/\\\/eldigitaldeasturias.com\\\/magazine365\\\/\",\"logo\":{\"@type\":\"ImageObject\",\"url\":\"https:\\\/\\\/www.eldigitaldeasturias.com\\\/noticias\\\/wp-content\\\/uploads\\\/2020\\\/12\\\/EDA.jpg\",\"@id\":\"https:\\\/\\\/eldigitaldeasturias.com\\\/magazine365\\\/unas-300-000-personas-sufren-parkinson-en-espana\\\/#organizationLogo\"},\"image\":{\"@id\":\"https:\\\/\\\/eldigitaldeasturias.com\\\/magazine365\\\/unas-300-000-personas-sufren-parkinson-en-espana\\\/#organizationLogo\"}},{\"@type\":\"Person\",\"@id\":\"https:\\\/\\\/eldigitaldeasturias.com\\\/magazine365\\\/author\\\/admin\\\/#author\",\"url\":\"https:\\\/\\\/eldigitaldeasturias.com\\\/magazine365\\\/author\\\/admin\\\/\",\"name\":\"admin\",\"image\":{\"@type\":\"ImageObject\",\"@id\":\"https:\\\/\\\/eldigitaldeasturias.com\\\/magazine365\\\/unas-300-000-personas-sufren-parkinson-en-espana\\\/#authorImage\",\"url\":\"https:\\\/\\\/eldigitaldeasturias.com\\\/magazine365\\\/wp-content\\\/litespeed\\\/avatar\\\/e571bcf59a0edd6fa6838245a470f2fe.jpg?ver=1776969259\",\"width\":96,\"height\":96,\"caption\":\"admin\"}},{\"@type\":\"WebPage\",\"@id\":\"https:\\\/\\\/eldigitaldeasturias.com\\\/magazine365\\\/unas-300-000-personas-sufren-parkinson-en-espana\\\/#webpage\",\"url\":\"https:\\\/\\\/eldigitaldeasturias.com\\\/magazine365\\\/unas-300-000-personas-sufren-parkinson-en-espana\\\/\",\"name\":\"Unas 300.000 personas sufren p\\u00e1rkinson en Espa\\u00f1a | El Digital de Asturias\",\"description\":\"La enfermedad de Parkinson es la segunda dolencia neurodegenerativa m\\u00e1s frecuente en Espa\\u00f1a despu\\u00e9s del alzh\\u00e9imer y la sufren unas 300.000 personas. Un estudio en el que participa la Universidad Complutense de Madrid ha analizado la incidencia de la patolog\\u00eda en nuestro pa\\u00eds a partir de un centenar de investigaciones. El trabajo alerta sobre la\",\"inLanguage\":\"es-ES\",\"isPartOf\":{\"@id\":\"https:\\\/\\\/eldigitaldeasturias.com\\\/magazine365\\\/#website\"},\"breadcrumb\":{\"@id\":\"https:\\\/\\\/eldigitaldeasturias.com\\\/magazine365\\\/unas-300-000-personas-sufren-parkinson-en-espana\\\/#breadcrumblist\"},\"author\":{\"@id\":\"https:\\\/\\\/eldigitaldeasturias.com\\\/magazine365\\\/author\\\/admin\\\/#author\"},\"creator\":{\"@id\":\"https:\\\/\\\/eldigitaldeasturias.com\\\/magazine365\\\/author\\\/admin\\\/#author\"},\"image\":{\"@type\":\"ImageObject\",\"url\":\"https:\\\/\\\/eldigitaldeasturias.com\\\/magazine365\\\/wp-content\\\/uploads\\\/2017\\\/03\\\/parkinson.jpg\",\"@id\":\"https:\\\/\\\/eldigitaldeasturias.com\\\/magazine365\\\/unas-300-000-personas-sufren-parkinson-en-espana\\\/#mainImage\",\"width\":569,\"height\":380},\"primaryImageOfPage\":{\"@id\":\"https:\\\/\\\/eldigitaldeasturias.com\\\/magazine365\\\/unas-300-000-personas-sufren-parkinson-en-espana\\\/#mainImage\"},\"datePublished\":\"2017-03-09T11:58:49+01:00\",\"dateModified\":\"2017-03-09T11:58:49+01:00\"},{\"@type\":\"WebSite\",\"@id\":\"https:\\\/\\\/eldigitaldeasturias.com\\\/magazine365\\\/#website\",\"url\":\"https:\\\/\\\/eldigitaldeasturias.com\\\/magazine365\\\/\",\"name\":\"El Digital de Asturias\",\"description\":\"Revista de ocio, turismo y estilo de vida\",\"inLanguage\":\"es-ES\",\"publisher\":{\"@id\":\"https:\\\/\\\/eldigitaldeasturias.com\\\/magazine365\\\/#organization\"}}]}\n\t\t<\/script>\n\t\t<!-- All in One SEO Pro -->\r\n\t\t<title>Unas 300.000 personas sufren p\u00e1rkinson en Espa\u00f1a | El Digital de Asturias<\/title>\n\n","aioseo_head_json":{"title":"Unas 300.000 personas sufren p\u00e1rkinson en Espa\u00f1a | El Digital de Asturias","description":"La enfermedad de Parkinson es la segunda dolencia neurodegenerativa m\u00e1s frecuente en Espa\u00f1a despu\u00e9s del alzh\u00e9imer y la sufren unas 300.000 personas. Un estudio en el que participa la Universidad Complutense de Madrid ha analizado la incidencia de la patolog\u00eda en nuestro pa\u00eds a partir de un centenar de investigaciones. El trabajo alerta sobre la","canonical_url":"https:\/\/eldigitaldeasturias.com\/magazine365\/unas-300-000-personas-sufren-parkinson-en-espana\/","robots":"max-image-preview:large","keywords":"noticias y actualidad","webmasterTools":{"google-site-verification":"UA-38556648-1","miscellaneous":""},"schema":{"@context":"https:\/\/schema.org","@graph":[{"@type":"Article","@id":"https:\/\/eldigitaldeasturias.com\/magazine365\/unas-300-000-personas-sufren-parkinson-en-espana\/#article","name":"Unas 300.000 personas sufren p\u00e1rkinson en Espa\u00f1a | El Digital de Asturias","headline":"Unas 300.000 personas sufren p\u00e1rkinson en Espa\u00f1a","author":{"@id":"https:\/\/eldigitaldeasturias.com\/magazine365\/author\/admin\/#author"},"publisher":{"@id":"https:\/\/eldigitaldeasturias.com\/magazine365\/#organization"},"image":{"@type":"ImageObject","url":"https:\/\/eldigitaldeasturias.com\/magazine365\/wp-content\/uploads\/2017\/03\/parkinson.jpg","width":569,"height":380},"datePublished":"2017-03-09T11:58:49+01:00","dateModified":"2017-03-09T11:58:49+01:00","inLanguage":"es-ES","mainEntityOfPage":{"@id":"https:\/\/eldigitaldeasturias.com\/magazine365\/unas-300-000-personas-sufren-parkinson-en-espana\/#webpage"},"isPartOf":{"@id":"https:\/\/eldigitaldeasturias.com\/magazine365\/unas-300-000-personas-sufren-parkinson-en-espana\/#webpage"},"articleSection":"Noticias y Actualidad"},{"@type":"BreadcrumbList","@id":"https:\/\/eldigitaldeasturias.com\/magazine365\/unas-300-000-personas-sufren-parkinson-en-espana\/#breadcrumblist","itemListElement":[{"@type":"ListItem","@id":"https:\/\/eldigitaldeasturias.com\/magazine365#listItem","position":1,"name":"Home","item":"https:\/\/eldigitaldeasturias.com\/magazine365","nextItem":{"@type":"ListItem","@id":"https:\/\/eldigitaldeasturias.com\/magazine365\/category\/noticias-actualidad\/#listItem","name":"Noticias y Actualidad"}},{"@type":"ListItem","@id":"https:\/\/eldigitaldeasturias.com\/magazine365\/category\/noticias-actualidad\/#listItem","position":2,"name":"Noticias y Actualidad","item":"https:\/\/eldigitaldeasturias.com\/magazine365\/category\/noticias-actualidad\/","nextItem":{"@type":"ListItem","@id":"https:\/\/eldigitaldeasturias.com\/magazine365\/unas-300-000-personas-sufren-parkinson-en-espana\/#listItem","name":"Unas 300.000 personas sufren p\u00e1rkinson en Espa\u00f1a"},"previousItem":{"@type":"ListItem","@id":"https:\/\/eldigitaldeasturias.com\/magazine365#listItem","name":"Home"}},{"@type":"ListItem","@id":"https:\/\/eldigitaldeasturias.com\/magazine365\/unas-300-000-personas-sufren-parkinson-en-espana\/#listItem","position":3,"name":"Unas 300.000 personas sufren p\u00e1rkinson en Espa\u00f1a","previousItem":{"@type":"ListItem","@id":"https:\/\/eldigitaldeasturias.com\/magazine365\/category\/noticias-actualidad\/#listItem","name":"Noticias y Actualidad"}}]},{"@type":"Organization","@id":"https:\/\/eldigitaldeasturias.com\/magazine365\/#organization","name":"El digital de Asturias","description":"Revista de ocio, turismo y estilo de vida","url":"https:\/\/eldigitaldeasturias.com\/magazine365\/","logo":{"@type":"ImageObject","url":"https:\/\/www.eldigitaldeasturias.com\/noticias\/wp-content\/uploads\/2020\/12\/EDA.jpg","@id":"https:\/\/eldigitaldeasturias.com\/magazine365\/unas-300-000-personas-sufren-parkinson-en-espana\/#organizationLogo"},"image":{"@id":"https:\/\/eldigitaldeasturias.com\/magazine365\/unas-300-000-personas-sufren-parkinson-en-espana\/#organizationLogo"}},{"@type":"Person","@id":"https:\/\/eldigitaldeasturias.com\/magazine365\/author\/admin\/#author","url":"https:\/\/eldigitaldeasturias.com\/magazine365\/author\/admin\/","name":"admin","image":{"@type":"ImageObject","@id":"https:\/\/eldigitaldeasturias.com\/magazine365\/unas-300-000-personas-sufren-parkinson-en-espana\/#authorImage","url":"https:\/\/eldigitaldeasturias.com\/magazine365\/wp-content\/litespeed\/avatar\/e571bcf59a0edd6fa6838245a470f2fe.jpg?ver=1776969259","width":96,"height":96,"caption":"admin"}},{"@type":"WebPage","@id":"https:\/\/eldigitaldeasturias.com\/magazine365\/unas-300-000-personas-sufren-parkinson-en-espana\/#webpage","url":"https:\/\/eldigitaldeasturias.com\/magazine365\/unas-300-000-personas-sufren-parkinson-en-espana\/","name":"Unas 300.000 personas sufren p\u00e1rkinson en Espa\u00f1a | El Digital de Asturias","description":"La enfermedad de Parkinson es la segunda dolencia neurodegenerativa m\u00e1s frecuente en Espa\u00f1a despu\u00e9s del alzh\u00e9imer y la sufren unas 300.000 personas. Un estudio en el que participa la Universidad Complutense de Madrid ha analizado la incidencia de la patolog\u00eda en nuestro pa\u00eds a partir de un centenar de investigaciones. El trabajo alerta sobre la","inLanguage":"es-ES","isPartOf":{"@id":"https:\/\/eldigitaldeasturias.com\/magazine365\/#website"},"breadcrumb":{"@id":"https:\/\/eldigitaldeasturias.com\/magazine365\/unas-300-000-personas-sufren-parkinson-en-espana\/#breadcrumblist"},"author":{"@id":"https:\/\/eldigitaldeasturias.com\/magazine365\/author\/admin\/#author"},"creator":{"@id":"https:\/\/eldigitaldeasturias.com\/magazine365\/author\/admin\/#author"},"image":{"@type":"ImageObject","url":"https:\/\/eldigitaldeasturias.com\/magazine365\/wp-content\/uploads\/2017\/03\/parkinson.jpg","@id":"https:\/\/eldigitaldeasturias.com\/magazine365\/unas-300-000-personas-sufren-parkinson-en-espana\/#mainImage","width":569,"height":380},"primaryImageOfPage":{"@id":"https:\/\/eldigitaldeasturias.com\/magazine365\/unas-300-000-personas-sufren-parkinson-en-espana\/#mainImage"},"datePublished":"2017-03-09T11:58:49+01:00","dateModified":"2017-03-09T11:58:49+01:00"},{"@type":"WebSite","@id":"https:\/\/eldigitaldeasturias.com\/magazine365\/#website","url":"https:\/\/eldigitaldeasturias.com\/magazine365\/","name":"El Digital de Asturias","description":"Revista de ocio, turismo y estilo de vida","inLanguage":"es-ES","publisher":{"@id":"https:\/\/eldigitaldeasturias.com\/magazine365\/#organization"}}]},"og:locale":"es_ES","og:site_name":"El Digital de Asturias \u2013 Revista de ocio, turismo y estilo de vida","og:type":"article","og:title":"Unas 300.000 personas sufren p\u00e1rkinson en Espa\u00f1a | El Digital de Asturias","og:description":"La enfermedad de Parkinson es la segunda dolencia neurodegenerativa m\u00e1s frecuente en Espa\u00f1a despu\u00e9s del alzh\u00e9imer y la sufren unas 300.000 personas. Un estudio en el que participa la Universidad Complutense de Madrid ha analizado la incidencia de la patolog\u00eda en nuestro pa\u00eds a partir de un centenar de investigaciones. El trabajo alerta sobre la","og:url":"https:\/\/eldigitaldeasturias.com\/magazine365\/unas-300-000-personas-sufren-parkinson-en-espana\/","og:image":"https:\/\/eldigitaldeasturias.com\/magazine365\/wp-content\/uploads\/2017\/03\/parkinson.jpg","og:image:secure_url":"https:\/\/eldigitaldeasturias.com\/magazine365\/wp-content\/uploads\/2017\/03\/parkinson.jpg","og:image:width":569,"og:image:height":380,"article:published_time":"2017-03-09T10:58:49+00:00","article:modified_time":"2017-03-09T10:58:49+00:00","twitter:card":"summary_large_image","twitter:title":"Unas 300.000 personas sufren p\u00e1rkinson en Espa\u00f1a | El Digital de Asturias","twitter:description":"La enfermedad de Parkinson es la segunda dolencia neurodegenerativa m\u00e1s frecuente en Espa\u00f1a despu\u00e9s del alzh\u00e9imer y la sufren unas 300.000 personas. Un estudio en el que participa la Universidad Complutense de Madrid ha analizado la incidencia de la patolog\u00eda en nuestro pa\u00eds a partir de un centenar de investigaciones. El trabajo alerta sobre la","twitter:image":"https:\/\/eldigitaldeasturias.com\/magazine365\/wp-content\/uploads\/2017\/03\/parkinson.jpg"},"aioseo_meta_data":{"post_id":"85235","title":null,"description":null,"keywords":null,"keyphrases":null,"primary_term":null,"canonical_url":null,"og_title":null,"og_description":null,"og_object_type":"default","og_image_type":"default","og_image_url":null,"og_image_width":null,"og_image_height":null,"og_image_custom_url":null,"og_image_custom_fields":null,"og_video":null,"og_custom_url":null,"og_article_section":null,"og_article_tags":null,"twitter_use_og":false,"twitter_card":"default","twitter_image_type":"default","twitter_image_url":null,"twitter_image_custom_url":null,"twitter_image_custom_fields":null,"twitter_title":null,"twitter_description":null,"schema":{"blockGraphs":[],"customGraphs":[],"default":{"data":{"Article":[],"Course":[],"Dataset":[],"FAQPage":[],"Movie":[],"Person":[],"Product":[],"ProductReview":[],"Car":[],"Recipe":[],"Service":[],"SoftwareApplication":[],"WebPage":[]},"graphName":"","isEnabled":true},"graphs":[],"defaultGraph":"","defaultPostTypeGraph":""},"schema_type":null,"schema_type_options":null,"pillar_content":false,"robots_default":true,"robots_noindex":false,"robots_noarchive":false,"robots_nosnippet":false,"robots_nofollow":false,"robots_noimageindex":false,"robots_noodp":false,"robots_notranslate":false,"robots_max_snippet":null,"robots_max_videopreview":null,"robots_max_imagepreview":"large","priority":null,"frequency":null,"location":null,"local_seo":null,"seo_analyzer_scan_date":"2025-09-28 06:38:14","breadcrumb_settings":null,"limit_modified_date":false,"open_ai":null,"ai":null,"created":"2020-12-21 15:17:22","updated":"2025-09-28 06:38:14"},"aioseo_breadcrumb":"<div class=\"aioseo-breadcrumbs\"><span class=\"aioseo-breadcrumb\">\n\t<a href=\"https:\/\/eldigitaldeasturias.com\/magazine365\" title=\"Home\">Home<\/a>\n<\/span><span class=\"aioseo-breadcrumb-separator\">\u2013<\/span><span class=\"aioseo-breadcrumb\">\n\t<a href=\"https:\/\/eldigitaldeasturias.com\/magazine365\/category\/noticias-actualidad\/\" title=\"Noticias y Actualidad\">Noticias y Actualidad<\/a>\n<\/span><span class=\"aioseo-breadcrumb-separator\">\u2013<\/span><span class=\"aioseo-breadcrumb\">\n\t<a href=\"https:\/\/eldigitaldeasturias.com\/magazine365\/unas-300-000-personas-sufren-parkinson-en-espana\/\" title=\"Unas 300.000 personas sufren p\u00e1rkinson en Espa\u00f1a\">Unas 300.000 personas sufren p\u00e1rkinson en Espa\u00f1a<\/a>\n<\/span><\/div>","aioseo_breadcrumb_json":[{"label":"Home","link":"https:\/\/eldigitaldeasturias.com\/magazine365"},{"label":"Noticias y Actualidad","link":"https:\/\/eldigitaldeasturias.com\/magazine365\/category\/noticias-actualidad\/"},{"label":"Unas 300.000 personas sufren p\u00e1rkinson en Espa\u00f1a","link":"https:\/\/eldigitaldeasturias.com\/magazine365\/unas-300-000-personas-sufren-parkinson-en-espana\/"}],"_links":{"self":[{"href":"https:\/\/eldigitaldeasturias.com\/magazine365\/wp-json\/wp\/v2\/posts\/85235","targetHints":{"allow":["GET"]}}],"collection":[{"href":"https:\/\/eldigitaldeasturias.com\/magazine365\/wp-json\/wp\/v2\/posts"}],"about":[{"href":"https:\/\/eldigitaldeasturias.com\/magazine365\/wp-json\/wp\/v2\/types\/post"}],"author":[{"embeddable":true,"href":"https:\/\/eldigitaldeasturias.com\/magazine365\/wp-json\/wp\/v2\/users\/1"}],"replies":[{"embeddable":true,"href":"https:\/\/eldigitaldeasturias.com\/magazine365\/wp-json\/wp\/v2\/comments?post=85235"}],"version-history":[{"count":0,"href":"https:\/\/eldigitaldeasturias.com\/magazine365\/wp-json\/wp\/v2\/posts\/85235\/revisions"}],"wp:featuredmedia":[{"embeddable":true,"href":"https:\/\/eldigitaldeasturias.com\/magazine365\/wp-json\/wp\/v2\/media\/85236"}],"wp:attachment":[{"href":"https:\/\/eldigitaldeasturias.com\/magazine365\/wp-json\/wp\/v2\/media?parent=85235"}],"wp:term":[{"taxonomy":"category","embeddable":true,"href":"https:\/\/eldigitaldeasturias.com\/magazine365\/wp-json\/wp\/v2\/categories?post=85235"},{"taxonomy":"post_tag","embeddable":true,"href":"https:\/\/eldigitaldeasturias.com\/magazine365\/wp-json\/wp\/v2\/tags?post=85235"}],"curies":[{"name":"wp","href":"https:\/\/api.w.org\/{rel}","templated":true}]}}