{"id":844,"date":"2014-01-13T12:07:00","date_gmt":"2014-01-13T13:07:00","guid":{"rendered":"http:\/\/eldigitaldeasturias.com\/magazine365\/?p=844"},"modified":"2014-01-13T12:07:00","modified_gmt":"2014-01-13T13:07:00","slug":"las-presentadoras-tina-fey-y-amy-poehler-breves-pero-atinadas-con-su-humor","status":"publish","type":"post","link":"https:\/\/eldigitaldeasturias.com\/magazine365\/las-presentadoras-tina-fey-y-amy-poehler-breves-pero-atinadas-con-su-humor\/","title":{"rendered":"Las presentadoras Tina Fey y Amy Poehler, breves pero atinadas con su humor"},"content":{"rendered":"<p><img fetchpriority=\"high\" decoding=\"async\" class=\"alignleft size-medium wp-image-845\" alt=\"5844849w\" src=\"https:\/\/eldigitaldeasturias.com\/magazine365\/wp-content\/uploads\/2014\/01\/5844849w-225x300.jpg\" width=\"225\" height=\"300\" \/>Los \u00c1ngeles (EE.UU.), 13 ene (EFE).- Tina Fey y Amy Poehler, las presentadoras de la 71 edici\u00f3n de los Globos de Oro, volvieron a atinar con su humor y brillaron durante su discurso de apertura, aunque su presencia fue menguando hasta pr\u00e1cticamente desaparecer al t\u00e9rmino de la ceremonia.<\/p>\n<p>Fey y Poehler, en su segundo a\u00f1o seguido al frente de la ceremonia de premios, arrancaron con una dosis de fina iron\u00eda dedicada al ausente George Clooney y su papel en la cinta de ciencia ficci\u00f3n \u00abGravity\u00bb.<\/p>\n<p>\u00abEs la historia de c\u00f3mo Clooney se perder\u00eda en el espacio antes que pasar un minuto m\u00e1s con una mujer de su edad\u00bb, fue el comentario que provoc\u00f3 las risas de los espectadores que acudieron a la ceremonia celebrada en el hotel Beverly Hilton, de Los \u00c1ngeles.<\/p>\n<p>Tambi\u00e9n provoc\u00f3 fuertes aplausos su pulla a Matthew McConaughey, quien adelgaz\u00f3 20 kilos para su papel en \u00abDallas Buyers Club\u00bb.<\/p>\n<p>\u00abEso lo hace cualquier actriz que consigue estar en una pel\u00edcula\u00bb, apuntaron.<\/p>\n<p>Meryl Streep tambi\u00e9n cay\u00f3 en las garras de esta pareja de humoristas, que no dudaron en emplear el manido discurso de que las actrices veteranas tienen poca visibilidad en Hollywood.<\/p>\n<p>\u00abMeryl Streep est\u00e1 genial en &#8216;Agosto&#8217; y demuestra que a\u00fan hay grandes papeles para Meryl Streep pasados los 60 a\u00f1os\u00bb, declararon.<\/p>\n<p>No obstante, las palabras m\u00e1s desternillantes llegaron de la boca de Fey: \u00abAhora, como la vagina de una supermodelo, d\u00e9mosle una calurosa bienvenida a Leonardo DiCaprio\u00bb, un golpe recibido con orgullo por el actor.<\/p>\n<p>Asimismo, las redes sociales no dudaron en ridiculizar el vestido que luci\u00f3 Jennifer Lawrence, as\u00ed como sus expresiones faciales en la alfombra roja, mientras que Emma Thompson se llev\u00f3 numerosos elogios por su desenfadada actitud sobre el escenario, descalza y copa en mano para entregar uno de los premios.<\/p>\n<p>Thompson se\u00f1al\u00f3 la suela de sus zapatos Christian Louboutin, de color rojo, y dijo: \u00abQuiero que sep\u00e1is esto: \u00bfveis este color? Es mi sangre\u00bb.<\/p>\n","protected":false},"excerpt":{"rendered":"<p>Los \u00c1ngeles (EE.UU.), 13 ene (EFE).- Tina Fey y Amy Poehler, las presentadoras de la 71 edici\u00f3n de los Globos de Oro, volvieron a atinar con su humor y brillaron durante su discurso de apertura, aunque su presencia fue menguando hasta pr\u00e1cticamente desaparecer al t\u00e9rmino de la ceremonia. Fey y Poehler, en su segundo a\u00f1o<\/p>\n","protected":false},"author":1,"featured_media":845,"comment_status":"open","ping_status":"open","sticky":false,"template":"","format":"standard","meta":{"footnotes":""},"categories":[224],"tags":[],"class_list":{"0":"post-844","1":"post","2":"type-post","3":"status-publish","4":"format-standard","5":"has-post-thumbnail","7":"category-noticias-actualidad"},"aioseo_notices":[],"aioseo_head":"\n\t\t<!-- All in One SEO Pro 4.9.6.1 - aioseo.com -->\n\t<meta name=\"description\" content=\"Los \u00c1ngeles (EE.UU.), 13 ene (EFE).- Tina Fey y Amy Poehler, las presentadoras de la 71 edici\u00f3n de los Globos de Oro, volvieron a atinar con su humor y brillaron durante su discurso de apertura, aunque su presencia fue menguando hasta pr\u00e1cticamente desaparecer al t\u00e9rmino de la ceremonia. Fey y Poehler, en su segundo a\u00f1o\" \/>\n\t<meta name=\"robots\" content=\"max-image-preview:large\" \/>\n\t<meta name=\"author\" content=\"admin\"\/>\n\t<meta name=\"google-site-verification\" content=\"UA-38556648-1\" \/>\n\t<meta name=\"keywords\" content=\"noticias y actualidad\" \/>\n\t<link rel=\"canonical\" href=\"https:\/\/eldigitaldeasturias.com\/magazine365\/las-presentadoras-tina-fey-y-amy-poehler-breves-pero-atinadas-con-su-humor\/\" \/>\n\t<meta name=\"generator\" content=\"All in One SEO Pro (AIOSEO) 4.9.6.1\" \/>\n\t\t<meta property=\"og:locale\" content=\"es_ES\" \/>\n\t\t<meta property=\"og:site_name\" content=\"El Digital de Asturias \u2013 Revista de ocio, turismo y estilo de vida\" \/>\n\t\t<meta property=\"og:type\" content=\"article\" \/>\n\t\t<meta property=\"og:title\" content=\"Las presentadoras Tina Fey y Amy Poehler, breves pero atinadas con su humor | El Digital de Asturias\" \/>\n\t\t<meta property=\"og:description\" content=\"Los \u00c1ngeles (EE.UU.), 13 ene (EFE).- Tina Fey y Amy Poehler, las presentadoras de la 71 edici\u00f3n de los Globos de Oro, volvieron a atinar con su humor y brillaron durante su discurso de apertura, aunque su presencia fue menguando hasta pr\u00e1cticamente desaparecer al t\u00e9rmino de la ceremonia. Fey y Poehler, en su segundo a\u00f1o\" \/>\n\t\t<meta property=\"og:url\" content=\"https:\/\/eldigitaldeasturias.com\/magazine365\/las-presentadoras-tina-fey-y-amy-poehler-breves-pero-atinadas-con-su-humor\/\" \/>\n\t\t<meta property=\"og:image\" content=\"https:\/\/eldigitaldeasturias.com\/magazine365\/wp-content\/uploads\/2014\/01\/5844849w.jpg\" \/>\n\t\t<meta property=\"og:image:secure_url\" content=\"https:\/\/eldigitaldeasturias.com\/magazine365\/wp-content\/uploads\/2014\/01\/5844849w.jpg\" \/>\n\t\t<meta property=\"og:image:width\" content=\"700\" \/>\n\t\t<meta property=\"og:image:height\" content=\"931\" \/>\n\t\t<meta property=\"article:published_time\" content=\"2014-01-13T13:07:00+00:00\" \/>\n\t\t<meta property=\"article:modified_time\" content=\"2014-01-13T13:07:00+00:00\" \/>\n\t\t<meta name=\"twitter:card\" content=\"summary_large_image\" \/>\n\t\t<meta name=\"twitter:title\" content=\"Las presentadoras Tina Fey y Amy Poehler, breves pero atinadas con su humor | El Digital de Asturias\" \/>\n\t\t<meta name=\"twitter:description\" content=\"Los \u00c1ngeles (EE.UU.), 13 ene (EFE).- Tina Fey y Amy Poehler, las presentadoras de la 71 edici\u00f3n de los Globos de Oro, volvieron a atinar con su humor y brillaron durante su discurso de apertura, aunque su presencia fue menguando hasta pr\u00e1cticamente desaparecer al t\u00e9rmino de la ceremonia. Fey y Poehler, en su segundo a\u00f1o\" \/>\n\t\t<meta name=\"twitter:image\" content=\"https:\/\/eldigitaldeasturias.com\/magazine365\/wp-content\/uploads\/2014\/01\/5844849w.jpg\" \/>\n\t\t<script type=\"application\/ld+json\" class=\"aioseo-schema\">\n\t\t\t{\"@context\":\"https:\\\/\\\/schema.org\",\"@graph\":[{\"@type\":\"Article\",\"@id\":\"https:\\\/\\\/eldigitaldeasturias.com\\\/magazine365\\\/las-presentadoras-tina-fey-y-amy-poehler-breves-pero-atinadas-con-su-humor\\\/#article\",\"name\":\"Las presentadoras Tina Fey y Amy Poehler, breves pero atinadas con su humor | El Digital de Asturias\",\"headline\":\"Las presentadoras Tina Fey y Amy Poehler, breves pero atinadas con su humor\",\"author\":{\"@id\":\"https:\\\/\\\/eldigitaldeasturias.com\\\/magazine365\\\/author\\\/admin\\\/#author\"},\"publisher\":{\"@id\":\"https:\\\/\\\/eldigitaldeasturias.com\\\/magazine365\\\/#organization\"},\"image\":{\"@type\":\"ImageObject\",\"url\":\"https:\\\/\\\/eldigitaldeasturias.com\\\/magazine365\\\/wp-content\\\/uploads\\\/2014\\\/01\\\/5844849w.jpg\",\"width\":700,\"height\":931},\"datePublished\":\"2014-01-13T12:07:00+01:00\",\"dateModified\":\"2014-01-13T12:07:00+01:00\",\"inLanguage\":\"es-ES\",\"mainEntityOfPage\":{\"@id\":\"https:\\\/\\\/eldigitaldeasturias.com\\\/magazine365\\\/las-presentadoras-tina-fey-y-amy-poehler-breves-pero-atinadas-con-su-humor\\\/#webpage\"},\"isPartOf\":{\"@id\":\"https:\\\/\\\/eldigitaldeasturias.com\\\/magazine365\\\/las-presentadoras-tina-fey-y-amy-poehler-breves-pero-atinadas-con-su-humor\\\/#webpage\"},\"articleSection\":\"Noticias y Actualidad\"},{\"@type\":\"BreadcrumbList\",\"@id\":\"https:\\\/\\\/eldigitaldeasturias.com\\\/magazine365\\\/las-presentadoras-tina-fey-y-amy-poehler-breves-pero-atinadas-con-su-humor\\\/#breadcrumblist\",\"itemListElement\":[{\"@type\":\"ListItem\",\"@id\":\"https:\\\/\\\/eldigitaldeasturias.com\\\/magazine365#listItem\",\"position\":1,\"name\":\"Home\",\"item\":\"https:\\\/\\\/eldigitaldeasturias.com\\\/magazine365\",\"nextItem\":{\"@type\":\"ListItem\",\"@id\":\"https:\\\/\\\/eldigitaldeasturias.com\\\/magazine365\\\/category\\\/noticias-actualidad\\\/#listItem\",\"name\":\"Noticias y Actualidad\"}},{\"@type\":\"ListItem\",\"@id\":\"https:\\\/\\\/eldigitaldeasturias.com\\\/magazine365\\\/category\\\/noticias-actualidad\\\/#listItem\",\"position\":2,\"name\":\"Noticias y Actualidad\",\"item\":\"https:\\\/\\\/eldigitaldeasturias.com\\\/magazine365\\\/category\\\/noticias-actualidad\\\/\",\"nextItem\":{\"@type\":\"ListItem\",\"@id\":\"https:\\\/\\\/eldigitaldeasturias.com\\\/magazine365\\\/las-presentadoras-tina-fey-y-amy-poehler-breves-pero-atinadas-con-su-humor\\\/#listItem\",\"name\":\"Las presentadoras Tina Fey y Amy Poehler, breves pero atinadas con su humor\"},\"previousItem\":{\"@type\":\"ListItem\",\"@id\":\"https:\\\/\\\/eldigitaldeasturias.com\\\/magazine365#listItem\",\"name\":\"Home\"}},{\"@type\":\"ListItem\",\"@id\":\"https:\\\/\\\/eldigitaldeasturias.com\\\/magazine365\\\/las-presentadoras-tina-fey-y-amy-poehler-breves-pero-atinadas-con-su-humor\\\/#listItem\",\"position\":3,\"name\":\"Las presentadoras Tina Fey y Amy Poehler, breves pero atinadas con su humor\",\"previousItem\":{\"@type\":\"ListItem\",\"@id\":\"https:\\\/\\\/eldigitaldeasturias.com\\\/magazine365\\\/category\\\/noticias-actualidad\\\/#listItem\",\"name\":\"Noticias y Actualidad\"}}]},{\"@type\":\"Organization\",\"@id\":\"https:\\\/\\\/eldigitaldeasturias.com\\\/magazine365\\\/#organization\",\"name\":\"El digital de Asturias\",\"description\":\"Revista de ocio, turismo y estilo de vida\",\"url\":\"https:\\\/\\\/eldigitaldeasturias.com\\\/magazine365\\\/\",\"logo\":{\"@type\":\"ImageObject\",\"url\":\"https:\\\/\\\/www.eldigitaldeasturias.com\\\/noticias\\\/wp-content\\\/uploads\\\/2020\\\/12\\\/EDA.jpg\",\"@id\":\"https:\\\/\\\/eldigitaldeasturias.com\\\/magazine365\\\/las-presentadoras-tina-fey-y-amy-poehler-breves-pero-atinadas-con-su-humor\\\/#organizationLogo\"},\"image\":{\"@id\":\"https:\\\/\\\/eldigitaldeasturias.com\\\/magazine365\\\/las-presentadoras-tina-fey-y-amy-poehler-breves-pero-atinadas-con-su-humor\\\/#organizationLogo\"}},{\"@type\":\"Person\",\"@id\":\"https:\\\/\\\/eldigitaldeasturias.com\\\/magazine365\\\/author\\\/admin\\\/#author\",\"url\":\"https:\\\/\\\/eldigitaldeasturias.com\\\/magazine365\\\/author\\\/admin\\\/\",\"name\":\"admin\",\"image\":{\"@type\":\"ImageObject\",\"@id\":\"https:\\\/\\\/eldigitaldeasturias.com\\\/magazine365\\\/las-presentadoras-tina-fey-y-amy-poehler-breves-pero-atinadas-con-su-humor\\\/#authorImage\",\"url\":\"https:\\\/\\\/eldigitaldeasturias.com\\\/magazine365\\\/wp-content\\\/litespeed\\\/avatar\\\/e571bcf59a0edd6fa6838245a470f2fe.jpg?ver=1776969259\",\"width\":96,\"height\":96,\"caption\":\"admin\"}},{\"@type\":\"WebPage\",\"@id\":\"https:\\\/\\\/eldigitaldeasturias.com\\\/magazine365\\\/las-presentadoras-tina-fey-y-amy-poehler-breves-pero-atinadas-con-su-humor\\\/#webpage\",\"url\":\"https:\\\/\\\/eldigitaldeasturias.com\\\/magazine365\\\/las-presentadoras-tina-fey-y-amy-poehler-breves-pero-atinadas-con-su-humor\\\/\",\"name\":\"Las presentadoras Tina Fey y Amy Poehler, breves pero atinadas con su humor | El Digital de Asturias\",\"description\":\"Los \\u00c1ngeles (EE.UU.), 13 ene (EFE).- Tina Fey y Amy Poehler, las presentadoras de la 71 edici\\u00f3n de los Globos de Oro, volvieron a atinar con su humor y brillaron durante su discurso de apertura, aunque su presencia fue menguando hasta pr\\u00e1cticamente desaparecer al t\\u00e9rmino de la ceremonia. Fey y Poehler, en su segundo a\\u00f1o\",\"inLanguage\":\"es-ES\",\"isPartOf\":{\"@id\":\"https:\\\/\\\/eldigitaldeasturias.com\\\/magazine365\\\/#website\"},\"breadcrumb\":{\"@id\":\"https:\\\/\\\/eldigitaldeasturias.com\\\/magazine365\\\/las-presentadoras-tina-fey-y-amy-poehler-breves-pero-atinadas-con-su-humor\\\/#breadcrumblist\"},\"author\":{\"@id\":\"https:\\\/\\\/eldigitaldeasturias.com\\\/magazine365\\\/author\\\/admin\\\/#author\"},\"creator\":{\"@id\":\"https:\\\/\\\/eldigitaldeasturias.com\\\/magazine365\\\/author\\\/admin\\\/#author\"},\"image\":{\"@type\":\"ImageObject\",\"url\":\"https:\\\/\\\/eldigitaldeasturias.com\\\/magazine365\\\/wp-content\\\/uploads\\\/2014\\\/01\\\/5844849w.jpg\",\"@id\":\"https:\\\/\\\/eldigitaldeasturias.com\\\/magazine365\\\/las-presentadoras-tina-fey-y-amy-poehler-breves-pero-atinadas-con-su-humor\\\/#mainImage\",\"width\":700,\"height\":931},\"primaryImageOfPage\":{\"@id\":\"https:\\\/\\\/eldigitaldeasturias.com\\\/magazine365\\\/las-presentadoras-tina-fey-y-amy-poehler-breves-pero-atinadas-con-su-humor\\\/#mainImage\"},\"datePublished\":\"2014-01-13T12:07:00+01:00\",\"dateModified\":\"2014-01-13T12:07:00+01:00\"},{\"@type\":\"WebSite\",\"@id\":\"https:\\\/\\\/eldigitaldeasturias.com\\\/magazine365\\\/#website\",\"url\":\"https:\\\/\\\/eldigitaldeasturias.com\\\/magazine365\\\/\",\"name\":\"El Digital de Asturias\",\"description\":\"Revista de ocio, turismo y estilo de vida\",\"inLanguage\":\"es-ES\",\"publisher\":{\"@id\":\"https:\\\/\\\/eldigitaldeasturias.com\\\/magazine365\\\/#organization\"}}]}\n\t\t<\/script>\n\t\t<!-- All in One SEO Pro -->\r\n\t\t<title>Las presentadoras Tina Fey y Amy Poehler, breves pero atinadas con su humor | El Digital de Asturias<\/title>\n\n","aioseo_head_json":{"title":"Las presentadoras Tina Fey y Amy Poehler, breves pero atinadas con su humor | El Digital de Asturias","description":"Los \u00c1ngeles (EE.UU.), 13 ene (EFE).- Tina Fey y Amy Poehler, las presentadoras de la 71 edici\u00f3n de los Globos de Oro, volvieron a atinar con su humor y brillaron durante su discurso de apertura, aunque su presencia fue menguando hasta pr\u00e1cticamente desaparecer al t\u00e9rmino de la ceremonia. Fey y Poehler, en su segundo a\u00f1o","canonical_url":"https:\/\/eldigitaldeasturias.com\/magazine365\/las-presentadoras-tina-fey-y-amy-poehler-breves-pero-atinadas-con-su-humor\/","robots":"max-image-preview:large","keywords":"noticias y actualidad","webmasterTools":{"google-site-verification":"UA-38556648-1","miscellaneous":""},"schema":{"@context":"https:\/\/schema.org","@graph":[{"@type":"Article","@id":"https:\/\/eldigitaldeasturias.com\/magazine365\/las-presentadoras-tina-fey-y-amy-poehler-breves-pero-atinadas-con-su-humor\/#article","name":"Las presentadoras Tina Fey y Amy Poehler, breves pero atinadas con su humor | El Digital de Asturias","headline":"Las presentadoras Tina Fey y Amy Poehler, breves pero atinadas con su humor","author":{"@id":"https:\/\/eldigitaldeasturias.com\/magazine365\/author\/admin\/#author"},"publisher":{"@id":"https:\/\/eldigitaldeasturias.com\/magazine365\/#organization"},"image":{"@type":"ImageObject","url":"https:\/\/eldigitaldeasturias.com\/magazine365\/wp-content\/uploads\/2014\/01\/5844849w.jpg","width":700,"height":931},"datePublished":"2014-01-13T12:07:00+01:00","dateModified":"2014-01-13T12:07:00+01:00","inLanguage":"es-ES","mainEntityOfPage":{"@id":"https:\/\/eldigitaldeasturias.com\/magazine365\/las-presentadoras-tina-fey-y-amy-poehler-breves-pero-atinadas-con-su-humor\/#webpage"},"isPartOf":{"@id":"https:\/\/eldigitaldeasturias.com\/magazine365\/las-presentadoras-tina-fey-y-amy-poehler-breves-pero-atinadas-con-su-humor\/#webpage"},"articleSection":"Noticias y Actualidad"},{"@type":"BreadcrumbList","@id":"https:\/\/eldigitaldeasturias.com\/magazine365\/las-presentadoras-tina-fey-y-amy-poehler-breves-pero-atinadas-con-su-humor\/#breadcrumblist","itemListElement":[{"@type":"ListItem","@id":"https:\/\/eldigitaldeasturias.com\/magazine365#listItem","position":1,"name":"Home","item":"https:\/\/eldigitaldeasturias.com\/magazine365","nextItem":{"@type":"ListItem","@id":"https:\/\/eldigitaldeasturias.com\/magazine365\/category\/noticias-actualidad\/#listItem","name":"Noticias y Actualidad"}},{"@type":"ListItem","@id":"https:\/\/eldigitaldeasturias.com\/magazine365\/category\/noticias-actualidad\/#listItem","position":2,"name":"Noticias y Actualidad","item":"https:\/\/eldigitaldeasturias.com\/magazine365\/category\/noticias-actualidad\/","nextItem":{"@type":"ListItem","@id":"https:\/\/eldigitaldeasturias.com\/magazine365\/las-presentadoras-tina-fey-y-amy-poehler-breves-pero-atinadas-con-su-humor\/#listItem","name":"Las presentadoras Tina Fey y Amy Poehler, breves pero atinadas con su humor"},"previousItem":{"@type":"ListItem","@id":"https:\/\/eldigitaldeasturias.com\/magazine365#listItem","name":"Home"}},{"@type":"ListItem","@id":"https:\/\/eldigitaldeasturias.com\/magazine365\/las-presentadoras-tina-fey-y-amy-poehler-breves-pero-atinadas-con-su-humor\/#listItem","position":3,"name":"Las presentadoras Tina Fey y Amy Poehler, breves pero atinadas con su humor","previousItem":{"@type":"ListItem","@id":"https:\/\/eldigitaldeasturias.com\/magazine365\/category\/noticias-actualidad\/#listItem","name":"Noticias y Actualidad"}}]},{"@type":"Organization","@id":"https:\/\/eldigitaldeasturias.com\/magazine365\/#organization","name":"El digital de Asturias","description":"Revista de ocio, turismo y estilo de vida","url":"https:\/\/eldigitaldeasturias.com\/magazine365\/","logo":{"@type":"ImageObject","url":"https:\/\/www.eldigitaldeasturias.com\/noticias\/wp-content\/uploads\/2020\/12\/EDA.jpg","@id":"https:\/\/eldigitaldeasturias.com\/magazine365\/las-presentadoras-tina-fey-y-amy-poehler-breves-pero-atinadas-con-su-humor\/#organizationLogo"},"image":{"@id":"https:\/\/eldigitaldeasturias.com\/magazine365\/las-presentadoras-tina-fey-y-amy-poehler-breves-pero-atinadas-con-su-humor\/#organizationLogo"}},{"@type":"Person","@id":"https:\/\/eldigitaldeasturias.com\/magazine365\/author\/admin\/#author","url":"https:\/\/eldigitaldeasturias.com\/magazine365\/author\/admin\/","name":"admin","image":{"@type":"ImageObject","@id":"https:\/\/eldigitaldeasturias.com\/magazine365\/las-presentadoras-tina-fey-y-amy-poehler-breves-pero-atinadas-con-su-humor\/#authorImage","url":"https:\/\/eldigitaldeasturias.com\/magazine365\/wp-content\/litespeed\/avatar\/e571bcf59a0edd6fa6838245a470f2fe.jpg?ver=1776969259","width":96,"height":96,"caption":"admin"}},{"@type":"WebPage","@id":"https:\/\/eldigitaldeasturias.com\/magazine365\/las-presentadoras-tina-fey-y-amy-poehler-breves-pero-atinadas-con-su-humor\/#webpage","url":"https:\/\/eldigitaldeasturias.com\/magazine365\/las-presentadoras-tina-fey-y-amy-poehler-breves-pero-atinadas-con-su-humor\/","name":"Las presentadoras Tina Fey y Amy Poehler, breves pero atinadas con su humor | El Digital de Asturias","description":"Los \u00c1ngeles (EE.UU.), 13 ene (EFE).- Tina Fey y Amy Poehler, las presentadoras de la 71 edici\u00f3n de los Globos de Oro, volvieron a atinar con su humor y brillaron durante su discurso de apertura, aunque su presencia fue menguando hasta pr\u00e1cticamente desaparecer al t\u00e9rmino de la ceremonia. Fey y Poehler, en su segundo a\u00f1o","inLanguage":"es-ES","isPartOf":{"@id":"https:\/\/eldigitaldeasturias.com\/magazine365\/#website"},"breadcrumb":{"@id":"https:\/\/eldigitaldeasturias.com\/magazine365\/las-presentadoras-tina-fey-y-amy-poehler-breves-pero-atinadas-con-su-humor\/#breadcrumblist"},"author":{"@id":"https:\/\/eldigitaldeasturias.com\/magazine365\/author\/admin\/#author"},"creator":{"@id":"https:\/\/eldigitaldeasturias.com\/magazine365\/author\/admin\/#author"},"image":{"@type":"ImageObject","url":"https:\/\/eldigitaldeasturias.com\/magazine365\/wp-content\/uploads\/2014\/01\/5844849w.jpg","@id":"https:\/\/eldigitaldeasturias.com\/magazine365\/las-presentadoras-tina-fey-y-amy-poehler-breves-pero-atinadas-con-su-humor\/#mainImage","width":700,"height":931},"primaryImageOfPage":{"@id":"https:\/\/eldigitaldeasturias.com\/magazine365\/las-presentadoras-tina-fey-y-amy-poehler-breves-pero-atinadas-con-su-humor\/#mainImage"},"datePublished":"2014-01-13T12:07:00+01:00","dateModified":"2014-01-13T12:07:00+01:00"},{"@type":"WebSite","@id":"https:\/\/eldigitaldeasturias.com\/magazine365\/#website","url":"https:\/\/eldigitaldeasturias.com\/magazine365\/","name":"El Digital de Asturias","description":"Revista de ocio, turismo y estilo de vida","inLanguage":"es-ES","publisher":{"@id":"https:\/\/eldigitaldeasturias.com\/magazine365\/#organization"}}]},"og:locale":"es_ES","og:site_name":"El Digital de Asturias \u2013 Revista de ocio, turismo y estilo de vida","og:type":"article","og:title":"Las presentadoras Tina Fey y Amy Poehler, breves pero atinadas con su humor | El Digital de Asturias","og:description":"Los \u00c1ngeles (EE.UU.), 13 ene (EFE).- Tina Fey y Amy Poehler, las presentadoras de la 71 edici\u00f3n de los Globos de Oro, volvieron a atinar con su humor y brillaron durante su discurso de apertura, aunque su presencia fue menguando hasta pr\u00e1cticamente desaparecer al t\u00e9rmino de la ceremonia. Fey y Poehler, en su segundo a\u00f1o","og:url":"https:\/\/eldigitaldeasturias.com\/magazine365\/las-presentadoras-tina-fey-y-amy-poehler-breves-pero-atinadas-con-su-humor\/","og:image":"https:\/\/eldigitaldeasturias.com\/magazine365\/wp-content\/uploads\/2014\/01\/5844849w.jpg","og:image:secure_url":"https:\/\/eldigitaldeasturias.com\/magazine365\/wp-content\/uploads\/2014\/01\/5844849w.jpg","og:image:width":700,"og:image:height":931,"article:published_time":"2014-01-13T13:07:00+00:00","article:modified_time":"2014-01-13T13:07:00+00:00","twitter:card":"summary_large_image","twitter:title":"Las presentadoras Tina Fey y Amy Poehler, breves pero atinadas con su humor | El Digital de Asturias","twitter:description":"Los \u00c1ngeles (EE.UU.), 13 ene (EFE).- Tina Fey y Amy Poehler, las presentadoras de la 71 edici\u00f3n de los Globos de Oro, volvieron a atinar con su humor y brillaron durante su discurso de apertura, aunque su presencia fue menguando hasta pr\u00e1cticamente desaparecer al t\u00e9rmino de la ceremonia. Fey y Poehler, en su segundo a\u00f1o","twitter:image":"https:\/\/eldigitaldeasturias.com\/magazine365\/wp-content\/uploads\/2014\/01\/5844849w.jpg"},"aioseo_meta_data":{"post_id":"844","title":null,"description":null,"keywords":null,"keyphrases":null,"primary_term":null,"canonical_url":null,"og_title":null,"og_description":null,"og_object_type":"default","og_image_type":"default","og_image_url":null,"og_image_width":null,"og_image_height":null,"og_image_custom_url":null,"og_image_custom_fields":null,"og_video":null,"og_custom_url":null,"og_article_section":null,"og_article_tags":null,"twitter_use_og":false,"twitter_card":"default","twitter_image_type":"default","twitter_image_url":null,"twitter_image_custom_url":null,"twitter_image_custom_fields":null,"twitter_title":null,"twitter_description":null,"schema":{"blockGraphs":[],"customGraphs":[],"default":{"data":{"Article":[],"Course":[],"Dataset":[],"FAQPage":[],"Movie":[],"Person":[],"Product":[],"ProductReview":[],"Car":[],"Recipe":[],"Service":[],"SoftwareApplication":[],"WebPage":[]},"graphName":"","isEnabled":true},"graphs":[],"defaultGraph":"","defaultPostTypeGraph":""},"schema_type":null,"schema_type_options":null,"pillar_content":false,"robots_default":true,"robots_noindex":false,"robots_noarchive":false,"robots_nosnippet":false,"robots_nofollow":false,"robots_noimageindex":false,"robots_noodp":false,"robots_notranslate":false,"robots_max_snippet":null,"robots_max_videopreview":null,"robots_max_imagepreview":"large","priority":null,"frequency":null,"location":null,"local_seo":null,"seo_analyzer_scan_date":"2025-09-16 08:17:31","breadcrumb_settings":null,"limit_modified_date":false,"open_ai":null,"ai":null,"created":"2020-12-21 13:35:20","updated":"2025-09-16 08:17:31"},"aioseo_breadcrumb":"<div class=\"aioseo-breadcrumbs\"><span class=\"aioseo-breadcrumb\">\n\t<a href=\"https:\/\/eldigitaldeasturias.com\/magazine365\" title=\"Home\">Home<\/a>\n<\/span><span class=\"aioseo-breadcrumb-separator\">\u2013<\/span><span class=\"aioseo-breadcrumb\">\n\t<a href=\"https:\/\/eldigitaldeasturias.com\/magazine365\/category\/noticias-actualidad\/\" title=\"Noticias y Actualidad\">Noticias y Actualidad<\/a>\n<\/span><span class=\"aioseo-breadcrumb-separator\">\u2013<\/span><span class=\"aioseo-breadcrumb\">\n\t<a href=\"https:\/\/eldigitaldeasturias.com\/magazine365\/las-presentadoras-tina-fey-y-amy-poehler-breves-pero-atinadas-con-su-humor\/\" title=\"Las presentadoras Tina Fey y Amy Poehler, breves pero atinadas con su humor\">Las presentadoras Tina Fey y Amy Poehler, breves pero atinadas con su humor<\/a>\n<\/span><\/div>","aioseo_breadcrumb_json":[{"label":"Home","link":"https:\/\/eldigitaldeasturias.com\/magazine365"},{"label":"Noticias y Actualidad","link":"https:\/\/eldigitaldeasturias.com\/magazine365\/category\/noticias-actualidad\/"},{"label":"Las presentadoras Tina Fey y Amy Poehler, breves pero atinadas con su humor","link":"https:\/\/eldigitaldeasturias.com\/magazine365\/las-presentadoras-tina-fey-y-amy-poehler-breves-pero-atinadas-con-su-humor\/"}],"_links":{"self":[{"href":"https:\/\/eldigitaldeasturias.com\/magazine365\/wp-json\/wp\/v2\/posts\/844","targetHints":{"allow":["GET"]}}],"collection":[{"href":"https:\/\/eldigitaldeasturias.com\/magazine365\/wp-json\/wp\/v2\/posts"}],"about":[{"href":"https:\/\/eldigitaldeasturias.com\/magazine365\/wp-json\/wp\/v2\/types\/post"}],"author":[{"embeddable":true,"href":"https:\/\/eldigitaldeasturias.com\/magazine365\/wp-json\/wp\/v2\/users\/1"}],"replies":[{"embeddable":true,"href":"https:\/\/eldigitaldeasturias.com\/magazine365\/wp-json\/wp\/v2\/comments?post=844"}],"version-history":[{"count":0,"href":"https:\/\/eldigitaldeasturias.com\/magazine365\/wp-json\/wp\/v2\/posts\/844\/revisions"}],"wp:featuredmedia":[{"embeddable":true,"href":"https:\/\/eldigitaldeasturias.com\/magazine365\/wp-json\/wp\/v2\/media\/845"}],"wp:attachment":[{"href":"https:\/\/eldigitaldeasturias.com\/magazine365\/wp-json\/wp\/v2\/media?parent=844"}],"wp:term":[{"taxonomy":"category","embeddable":true,"href":"https:\/\/eldigitaldeasturias.com\/magazine365\/wp-json\/wp\/v2\/categories?post=844"},{"taxonomy":"post_tag","embeddable":true,"href":"https:\/\/eldigitaldeasturias.com\/magazine365\/wp-json\/wp\/v2\/tags?post=844"}],"curies":[{"name":"wp","href":"https:\/\/api.w.org\/{rel}","templated":true}]}}