{"id":83994,"date":"2016-12-13T04:33:44","date_gmt":"2016-12-13T03:33:44","guid":{"rendered":"http:\/\/eldigitaldeasturias.com\/magazine365\/?p=83994"},"modified":"2016-12-13T04:33:44","modified_gmt":"2016-12-13T03:33:44","slug":"la-contaminacion-se-ceba-con-paris","status":"publish","type":"post","link":"https:\/\/eldigitaldeasturias.com\/magazine365\/la-contaminacion-se-ceba-con-paris\/","title":{"rendered":"La contaminaci\u00f3n se ceba con Paris"},"content":{"rendered":"<p>El invierno en la capital francesa lleg\u00f3 acompa\u00f1ado de la peor contaminaci\u00f3n invernal en por lo menos 10 a\u00f1os.<\/p>\n<p>Para controlar la contingencia, las autoridades parisinas han implementado una restricci\u00f3n parecida al Hoy no Circula de la Ciudad de M\u00e9xico, prohibiendo la circulaci\u00f3n de autom\u00f3viles privados, hasta el jueves.<\/p>\n<p>La prohibici\u00f3n, que alterna por d\u00eda las terminaciones pares e impares de las placas de los autom\u00f3viles, va acompa\u00f1ada del uso gratuito del servicio de transporte p\u00fablico, por segundo d\u00eda consecutivo, con el fin de incentivar a los ciudadanos de dejar sus coches en casa.<\/p>\n<p>La semana pasada, Hidalgo y Miguel \u00c1ngel Mancera se reunieron en la Ciudad de M\u00e9xico en el marco de la Cumbre de Alcaldes C40 para discutir junto con otros dirigentes de distintas ciudades del mundo los esfuerzos necesarios para combatir las emisiones de gases, que adem\u00e1s de afectar la calidad del aire, tambi\u00e9n contribuyen al cambio clim\u00e1tico.<\/p>\n<p>Durante la cumbre, el anfitri\u00f3n y alcalde de la CDMX firm\u00f3 el Compromiso de Calidad del Aire junto con Anne Hidalgo, alcaldesa de Par\u00eds; Manuela Carmena, alcaldesa de Madrid, y Giorgos Kaminis, alcalde de Atenas de \u2018desaparecer\u2019 para 2025 los veh\u00edculos de diesel.<\/p>\n<p>El mi\u00e9rcoles en la ma\u00f1ana Anne Hidalgo tuite\u00f3 que la imagen de la ciudad contaminada era una prueba m\u00e1s de la necesidad de reducir la presencia de los autom\u00f3viles en la ciudad.<\/p>\n<p><em>El contenido de esta nota fue publicada por elheraldoslp.com.mx<\/em><\/p>\n","protected":false},"excerpt":{"rendered":"<p>El invierno en la capital francesa lleg\u00f3 acompa\u00f1ado de la peor contaminaci\u00f3n invernal en por lo menos 10 a\u00f1os. Para controlar la contingencia, las autoridades parisinas han implementado una restricci\u00f3n parecida al Hoy no Circula de la Ciudad de M\u00e9xico, prohibiendo la circulaci\u00f3n de autom\u00f3viles privados, hasta el jueves. La prohibici\u00f3n, que alterna por d\u00eda<\/p>\n","protected":false},"author":1,"featured_media":77926,"comment_status":"open","ping_status":"closed","sticky":false,"template":"","format":"standard","meta":{"footnotes":""},"categories":[224],"tags":[],"class_list":{"0":"post-83994","1":"post","2":"type-post","3":"status-publish","4":"format-standard","5":"has-post-thumbnail","7":"category-noticias-actualidad"},"aioseo_notices":[],"aioseo_head":"\n\t\t<!-- All in One SEO Pro 4.9.6.1 - aioseo.com -->\n\t<meta name=\"description\" content=\"El invierno en la capital francesa lleg\u00f3 acompa\u00f1ado de la peor contaminaci\u00f3n invernal en por lo menos 10 a\u00f1os. Para controlar la contingencia, las autoridades parisinas han implementado una restricci\u00f3n parecida al Hoy no Circula de la Ciudad de M\u00e9xico, prohibiendo la circulaci\u00f3n de autom\u00f3viles privados, hasta el jueves. La prohibici\u00f3n, que alterna por d\u00eda\" \/>\n\t<meta name=\"robots\" content=\"max-image-preview:large\" \/>\n\t<meta name=\"author\" content=\"admin\"\/>\n\t<meta name=\"google-site-verification\" content=\"UA-38556648-1\" \/>\n\t<meta name=\"keywords\" content=\"noticias y actualidad\" \/>\n\t<link rel=\"canonical\" href=\"https:\/\/eldigitaldeasturias.com\/magazine365\/la-contaminacion-se-ceba-con-paris\/\" \/>\n\t<meta name=\"generator\" content=\"All in One SEO Pro (AIOSEO) 4.9.6.1\" \/>\n\t\t<meta property=\"og:locale\" content=\"es_ES\" \/>\n\t\t<meta property=\"og:site_name\" content=\"El Digital de Asturias \u2013 Revista de ocio, turismo y estilo de vida\" \/>\n\t\t<meta property=\"og:type\" content=\"article\" \/>\n\t\t<meta property=\"og:title\" content=\"La contaminaci\u00f3n se ceba con Paris | El Digital de Asturias\" \/>\n\t\t<meta property=\"og:description\" content=\"El invierno en la capital francesa lleg\u00f3 acompa\u00f1ado de la peor contaminaci\u00f3n invernal en por lo menos 10 a\u00f1os. Para controlar la contingencia, las autoridades parisinas han implementado una restricci\u00f3n parecida al Hoy no Circula de la Ciudad de M\u00e9xico, prohibiendo la circulaci\u00f3n de autom\u00f3viles privados, hasta el jueves. La prohibici\u00f3n, que alterna por d\u00eda\" \/>\n\t\t<meta property=\"og:url\" content=\"https:\/\/eldigitaldeasturias.com\/magazine365\/la-contaminacion-se-ceba-con-paris\/\" \/>\n\t\t<meta property=\"og:image\" content=\"https:\/\/eldigitaldeasturias.com\/magazine365\/wp-content\/uploads\/2016\/06\/m365.jpg\" \/>\n\t\t<meta property=\"og:image:secure_url\" content=\"https:\/\/eldigitaldeasturias.com\/magazine365\/wp-content\/uploads\/2016\/06\/m365.jpg\" \/>\n\t\t<meta property=\"og:image:width\" content=\"655\" \/>\n\t\t<meta property=\"og:image:height\" content=\"360\" \/>\n\t\t<meta property=\"article:published_time\" content=\"2016-12-13T03:33:44+00:00\" \/>\n\t\t<meta property=\"article:modified_time\" content=\"2016-12-13T03:33:44+00:00\" \/>\n\t\t<meta name=\"twitter:card\" content=\"summary_large_image\" \/>\n\t\t<meta name=\"twitter:title\" content=\"La contaminaci\u00f3n se ceba con Paris | El Digital de Asturias\" \/>\n\t\t<meta name=\"twitter:description\" content=\"El invierno en la capital francesa lleg\u00f3 acompa\u00f1ado de la peor contaminaci\u00f3n invernal en por lo menos 10 a\u00f1os. Para controlar la contingencia, las autoridades parisinas han implementado una restricci\u00f3n parecida al Hoy no Circula de la Ciudad de M\u00e9xico, prohibiendo la circulaci\u00f3n de autom\u00f3viles privados, hasta el jueves. La prohibici\u00f3n, que alterna por d\u00eda\" \/>\n\t\t<meta name=\"twitter:image\" content=\"https:\/\/eldigitaldeasturias.com\/magazine365\/wp-content\/uploads\/2016\/06\/m365.jpg\" \/>\n\t\t<script type=\"application\/ld+json\" class=\"aioseo-schema\">\n\t\t\t{\"@context\":\"https:\\\/\\\/schema.org\",\"@graph\":[{\"@type\":\"Article\",\"@id\":\"https:\\\/\\\/eldigitaldeasturias.com\\\/magazine365\\\/la-contaminacion-se-ceba-con-paris\\\/#article\",\"name\":\"La contaminaci\\u00f3n se ceba con Paris | El Digital de Asturias\",\"headline\":\"La contaminaci\\u00f3n se ceba con Paris\",\"author\":{\"@id\":\"https:\\\/\\\/eldigitaldeasturias.com\\\/magazine365\\\/author\\\/admin\\\/#author\"},\"publisher\":{\"@id\":\"https:\\\/\\\/eldigitaldeasturias.com\\\/magazine365\\\/#organization\"},\"image\":{\"@type\":\"ImageObject\",\"url\":\"https:\\\/\\\/eldigitaldeasturias.com\\\/magazine365\\\/wp-content\\\/uploads\\\/2016\\\/06\\\/m365.jpg\",\"width\":655,\"height\":360},\"datePublished\":\"2016-12-13T04:33:44+01:00\",\"dateModified\":\"2016-12-13T04:33:44+01:00\",\"inLanguage\":\"es-ES\",\"mainEntityOfPage\":{\"@id\":\"https:\\\/\\\/eldigitaldeasturias.com\\\/magazine365\\\/la-contaminacion-se-ceba-con-paris\\\/#webpage\"},\"isPartOf\":{\"@id\":\"https:\\\/\\\/eldigitaldeasturias.com\\\/magazine365\\\/la-contaminacion-se-ceba-con-paris\\\/#webpage\"},\"articleSection\":\"Noticias y Actualidad\"},{\"@type\":\"BreadcrumbList\",\"@id\":\"https:\\\/\\\/eldigitaldeasturias.com\\\/magazine365\\\/la-contaminacion-se-ceba-con-paris\\\/#breadcrumblist\",\"itemListElement\":[{\"@type\":\"ListItem\",\"@id\":\"https:\\\/\\\/eldigitaldeasturias.com\\\/magazine365#listItem\",\"position\":1,\"name\":\"Home\",\"item\":\"https:\\\/\\\/eldigitaldeasturias.com\\\/magazine365\",\"nextItem\":{\"@type\":\"ListItem\",\"@id\":\"https:\\\/\\\/eldigitaldeasturias.com\\\/magazine365\\\/category\\\/noticias-actualidad\\\/#listItem\",\"name\":\"Noticias y Actualidad\"}},{\"@type\":\"ListItem\",\"@id\":\"https:\\\/\\\/eldigitaldeasturias.com\\\/magazine365\\\/category\\\/noticias-actualidad\\\/#listItem\",\"position\":2,\"name\":\"Noticias y Actualidad\",\"item\":\"https:\\\/\\\/eldigitaldeasturias.com\\\/magazine365\\\/category\\\/noticias-actualidad\\\/\",\"nextItem\":{\"@type\":\"ListItem\",\"@id\":\"https:\\\/\\\/eldigitaldeasturias.com\\\/magazine365\\\/la-contaminacion-se-ceba-con-paris\\\/#listItem\",\"name\":\"La contaminaci\\u00f3n se ceba con Paris\"},\"previousItem\":{\"@type\":\"ListItem\",\"@id\":\"https:\\\/\\\/eldigitaldeasturias.com\\\/magazine365#listItem\",\"name\":\"Home\"}},{\"@type\":\"ListItem\",\"@id\":\"https:\\\/\\\/eldigitaldeasturias.com\\\/magazine365\\\/la-contaminacion-se-ceba-con-paris\\\/#listItem\",\"position\":3,\"name\":\"La contaminaci\\u00f3n se ceba con Paris\",\"previousItem\":{\"@type\":\"ListItem\",\"@id\":\"https:\\\/\\\/eldigitaldeasturias.com\\\/magazine365\\\/category\\\/noticias-actualidad\\\/#listItem\",\"name\":\"Noticias y Actualidad\"}}]},{\"@type\":\"Organization\",\"@id\":\"https:\\\/\\\/eldigitaldeasturias.com\\\/magazine365\\\/#organization\",\"name\":\"El digital de Asturias\",\"description\":\"Revista de ocio, turismo y estilo de vida\",\"url\":\"https:\\\/\\\/eldigitaldeasturias.com\\\/magazine365\\\/\",\"logo\":{\"@type\":\"ImageObject\",\"url\":\"https:\\\/\\\/www.eldigitaldeasturias.com\\\/noticias\\\/wp-content\\\/uploads\\\/2020\\\/12\\\/EDA.jpg\",\"@id\":\"https:\\\/\\\/eldigitaldeasturias.com\\\/magazine365\\\/la-contaminacion-se-ceba-con-paris\\\/#organizationLogo\"},\"image\":{\"@id\":\"https:\\\/\\\/eldigitaldeasturias.com\\\/magazine365\\\/la-contaminacion-se-ceba-con-paris\\\/#organizationLogo\"}},{\"@type\":\"Person\",\"@id\":\"https:\\\/\\\/eldigitaldeasturias.com\\\/magazine365\\\/author\\\/admin\\\/#author\",\"url\":\"https:\\\/\\\/eldigitaldeasturias.com\\\/magazine365\\\/author\\\/admin\\\/\",\"name\":\"admin\",\"image\":{\"@type\":\"ImageObject\",\"@id\":\"https:\\\/\\\/eldigitaldeasturias.com\\\/magazine365\\\/la-contaminacion-se-ceba-con-paris\\\/#authorImage\",\"url\":\"https:\\\/\\\/eldigitaldeasturias.com\\\/magazine365\\\/wp-content\\\/litespeed\\\/avatar\\\/e571bcf59a0edd6fa6838245a470f2fe.jpg?ver=1776969259\",\"width\":96,\"height\":96,\"caption\":\"admin\"}},{\"@type\":\"WebPage\",\"@id\":\"https:\\\/\\\/eldigitaldeasturias.com\\\/magazine365\\\/la-contaminacion-se-ceba-con-paris\\\/#webpage\",\"url\":\"https:\\\/\\\/eldigitaldeasturias.com\\\/magazine365\\\/la-contaminacion-se-ceba-con-paris\\\/\",\"name\":\"La contaminaci\\u00f3n se ceba con Paris | El Digital de Asturias\",\"description\":\"El invierno en la capital francesa lleg\\u00f3 acompa\\u00f1ado de la peor contaminaci\\u00f3n invernal en por lo menos 10 a\\u00f1os. Para controlar la contingencia, las autoridades parisinas han implementado una restricci\\u00f3n parecida al Hoy no Circula de la Ciudad de M\\u00e9xico, prohibiendo la circulaci\\u00f3n de autom\\u00f3viles privados, hasta el jueves. La prohibici\\u00f3n, que alterna por d\\u00eda\",\"inLanguage\":\"es-ES\",\"isPartOf\":{\"@id\":\"https:\\\/\\\/eldigitaldeasturias.com\\\/magazine365\\\/#website\"},\"breadcrumb\":{\"@id\":\"https:\\\/\\\/eldigitaldeasturias.com\\\/magazine365\\\/la-contaminacion-se-ceba-con-paris\\\/#breadcrumblist\"},\"author\":{\"@id\":\"https:\\\/\\\/eldigitaldeasturias.com\\\/magazine365\\\/author\\\/admin\\\/#author\"},\"creator\":{\"@id\":\"https:\\\/\\\/eldigitaldeasturias.com\\\/magazine365\\\/author\\\/admin\\\/#author\"},\"image\":{\"@type\":\"ImageObject\",\"url\":\"https:\\\/\\\/eldigitaldeasturias.com\\\/magazine365\\\/wp-content\\\/uploads\\\/2016\\\/06\\\/m365.jpg\",\"@id\":\"https:\\\/\\\/eldigitaldeasturias.com\\\/magazine365\\\/la-contaminacion-se-ceba-con-paris\\\/#mainImage\",\"width\":655,\"height\":360},\"primaryImageOfPage\":{\"@id\":\"https:\\\/\\\/eldigitaldeasturias.com\\\/magazine365\\\/la-contaminacion-se-ceba-con-paris\\\/#mainImage\"},\"datePublished\":\"2016-12-13T04:33:44+01:00\",\"dateModified\":\"2016-12-13T04:33:44+01:00\"},{\"@type\":\"WebSite\",\"@id\":\"https:\\\/\\\/eldigitaldeasturias.com\\\/magazine365\\\/#website\",\"url\":\"https:\\\/\\\/eldigitaldeasturias.com\\\/magazine365\\\/\",\"name\":\"El Digital de Asturias\",\"description\":\"Revista de ocio, turismo y estilo de vida\",\"inLanguage\":\"es-ES\",\"publisher\":{\"@id\":\"https:\\\/\\\/eldigitaldeasturias.com\\\/magazine365\\\/#organization\"}}]}\n\t\t<\/script>\n\t\t<!-- All in One SEO Pro -->\r\n\t\t<title>La contaminaci\u00f3n se ceba con Paris | El Digital de Asturias<\/title>\n\n","aioseo_head_json":{"title":"La contaminaci\u00f3n se ceba con Paris | El Digital de Asturias","description":"El invierno en la capital francesa lleg\u00f3 acompa\u00f1ado de la peor contaminaci\u00f3n invernal en por lo menos 10 a\u00f1os. Para controlar la contingencia, las autoridades parisinas han implementado una restricci\u00f3n parecida al Hoy no Circula de la Ciudad de M\u00e9xico, prohibiendo la circulaci\u00f3n de autom\u00f3viles privados, hasta el jueves. La prohibici\u00f3n, que alterna por d\u00eda","canonical_url":"https:\/\/eldigitaldeasturias.com\/magazine365\/la-contaminacion-se-ceba-con-paris\/","robots":"max-image-preview:large","keywords":"noticias y actualidad","webmasterTools":{"google-site-verification":"UA-38556648-1","miscellaneous":""},"schema":{"@context":"https:\/\/schema.org","@graph":[{"@type":"Article","@id":"https:\/\/eldigitaldeasturias.com\/magazine365\/la-contaminacion-se-ceba-con-paris\/#article","name":"La contaminaci\u00f3n se ceba con Paris | El Digital de Asturias","headline":"La contaminaci\u00f3n se ceba con Paris","author":{"@id":"https:\/\/eldigitaldeasturias.com\/magazine365\/author\/admin\/#author"},"publisher":{"@id":"https:\/\/eldigitaldeasturias.com\/magazine365\/#organization"},"image":{"@type":"ImageObject","url":"https:\/\/eldigitaldeasturias.com\/magazine365\/wp-content\/uploads\/2016\/06\/m365.jpg","width":655,"height":360},"datePublished":"2016-12-13T04:33:44+01:00","dateModified":"2016-12-13T04:33:44+01:00","inLanguage":"es-ES","mainEntityOfPage":{"@id":"https:\/\/eldigitaldeasturias.com\/magazine365\/la-contaminacion-se-ceba-con-paris\/#webpage"},"isPartOf":{"@id":"https:\/\/eldigitaldeasturias.com\/magazine365\/la-contaminacion-se-ceba-con-paris\/#webpage"},"articleSection":"Noticias y Actualidad"},{"@type":"BreadcrumbList","@id":"https:\/\/eldigitaldeasturias.com\/magazine365\/la-contaminacion-se-ceba-con-paris\/#breadcrumblist","itemListElement":[{"@type":"ListItem","@id":"https:\/\/eldigitaldeasturias.com\/magazine365#listItem","position":1,"name":"Home","item":"https:\/\/eldigitaldeasturias.com\/magazine365","nextItem":{"@type":"ListItem","@id":"https:\/\/eldigitaldeasturias.com\/magazine365\/category\/noticias-actualidad\/#listItem","name":"Noticias y Actualidad"}},{"@type":"ListItem","@id":"https:\/\/eldigitaldeasturias.com\/magazine365\/category\/noticias-actualidad\/#listItem","position":2,"name":"Noticias y Actualidad","item":"https:\/\/eldigitaldeasturias.com\/magazine365\/category\/noticias-actualidad\/","nextItem":{"@type":"ListItem","@id":"https:\/\/eldigitaldeasturias.com\/magazine365\/la-contaminacion-se-ceba-con-paris\/#listItem","name":"La contaminaci\u00f3n se ceba con Paris"},"previousItem":{"@type":"ListItem","@id":"https:\/\/eldigitaldeasturias.com\/magazine365#listItem","name":"Home"}},{"@type":"ListItem","@id":"https:\/\/eldigitaldeasturias.com\/magazine365\/la-contaminacion-se-ceba-con-paris\/#listItem","position":3,"name":"La contaminaci\u00f3n se ceba con Paris","previousItem":{"@type":"ListItem","@id":"https:\/\/eldigitaldeasturias.com\/magazine365\/category\/noticias-actualidad\/#listItem","name":"Noticias y Actualidad"}}]},{"@type":"Organization","@id":"https:\/\/eldigitaldeasturias.com\/magazine365\/#organization","name":"El digital de Asturias","description":"Revista de ocio, turismo y estilo de vida","url":"https:\/\/eldigitaldeasturias.com\/magazine365\/","logo":{"@type":"ImageObject","url":"https:\/\/www.eldigitaldeasturias.com\/noticias\/wp-content\/uploads\/2020\/12\/EDA.jpg","@id":"https:\/\/eldigitaldeasturias.com\/magazine365\/la-contaminacion-se-ceba-con-paris\/#organizationLogo"},"image":{"@id":"https:\/\/eldigitaldeasturias.com\/magazine365\/la-contaminacion-se-ceba-con-paris\/#organizationLogo"}},{"@type":"Person","@id":"https:\/\/eldigitaldeasturias.com\/magazine365\/author\/admin\/#author","url":"https:\/\/eldigitaldeasturias.com\/magazine365\/author\/admin\/","name":"admin","image":{"@type":"ImageObject","@id":"https:\/\/eldigitaldeasturias.com\/magazine365\/la-contaminacion-se-ceba-con-paris\/#authorImage","url":"https:\/\/eldigitaldeasturias.com\/magazine365\/wp-content\/litespeed\/avatar\/e571bcf59a0edd6fa6838245a470f2fe.jpg?ver=1776969259","width":96,"height":96,"caption":"admin"}},{"@type":"WebPage","@id":"https:\/\/eldigitaldeasturias.com\/magazine365\/la-contaminacion-se-ceba-con-paris\/#webpage","url":"https:\/\/eldigitaldeasturias.com\/magazine365\/la-contaminacion-se-ceba-con-paris\/","name":"La contaminaci\u00f3n se ceba con Paris | El Digital de Asturias","description":"El invierno en la capital francesa lleg\u00f3 acompa\u00f1ado de la peor contaminaci\u00f3n invernal en por lo menos 10 a\u00f1os. Para controlar la contingencia, las autoridades parisinas han implementado una restricci\u00f3n parecida al Hoy no Circula de la Ciudad de M\u00e9xico, prohibiendo la circulaci\u00f3n de autom\u00f3viles privados, hasta el jueves. La prohibici\u00f3n, que alterna por d\u00eda","inLanguage":"es-ES","isPartOf":{"@id":"https:\/\/eldigitaldeasturias.com\/magazine365\/#website"},"breadcrumb":{"@id":"https:\/\/eldigitaldeasturias.com\/magazine365\/la-contaminacion-se-ceba-con-paris\/#breadcrumblist"},"author":{"@id":"https:\/\/eldigitaldeasturias.com\/magazine365\/author\/admin\/#author"},"creator":{"@id":"https:\/\/eldigitaldeasturias.com\/magazine365\/author\/admin\/#author"},"image":{"@type":"ImageObject","url":"https:\/\/eldigitaldeasturias.com\/magazine365\/wp-content\/uploads\/2016\/06\/m365.jpg","@id":"https:\/\/eldigitaldeasturias.com\/magazine365\/la-contaminacion-se-ceba-con-paris\/#mainImage","width":655,"height":360},"primaryImageOfPage":{"@id":"https:\/\/eldigitaldeasturias.com\/magazine365\/la-contaminacion-se-ceba-con-paris\/#mainImage"},"datePublished":"2016-12-13T04:33:44+01:00","dateModified":"2016-12-13T04:33:44+01:00"},{"@type":"WebSite","@id":"https:\/\/eldigitaldeasturias.com\/magazine365\/#website","url":"https:\/\/eldigitaldeasturias.com\/magazine365\/","name":"El Digital de Asturias","description":"Revista de ocio, turismo y estilo de vida","inLanguage":"es-ES","publisher":{"@id":"https:\/\/eldigitaldeasturias.com\/magazine365\/#organization"}}]},"og:locale":"es_ES","og:site_name":"El Digital de Asturias \u2013 Revista de ocio, turismo y estilo de vida","og:type":"article","og:title":"La contaminaci\u00f3n se ceba con Paris | El Digital de Asturias","og:description":"El invierno en la capital francesa lleg\u00f3 acompa\u00f1ado de la peor contaminaci\u00f3n invernal en por lo menos 10 a\u00f1os. Para controlar la contingencia, las autoridades parisinas han implementado una restricci\u00f3n parecida al Hoy no Circula de la Ciudad de M\u00e9xico, prohibiendo la circulaci\u00f3n de autom\u00f3viles privados, hasta el jueves. La prohibici\u00f3n, que alterna por d\u00eda","og:url":"https:\/\/eldigitaldeasturias.com\/magazine365\/la-contaminacion-se-ceba-con-paris\/","og:image":"https:\/\/eldigitaldeasturias.com\/magazine365\/wp-content\/uploads\/2016\/06\/m365.jpg","og:image:secure_url":"https:\/\/eldigitaldeasturias.com\/magazine365\/wp-content\/uploads\/2016\/06\/m365.jpg","og:image:width":655,"og:image:height":360,"article:published_time":"2016-12-13T03:33:44+00:00","article:modified_time":"2016-12-13T03:33:44+00:00","twitter:card":"summary_large_image","twitter:title":"La contaminaci\u00f3n se ceba con Paris | El Digital de Asturias","twitter:description":"El invierno en la capital francesa lleg\u00f3 acompa\u00f1ado de la peor contaminaci\u00f3n invernal en por lo menos 10 a\u00f1os. Para controlar la contingencia, las autoridades parisinas han implementado una restricci\u00f3n parecida al Hoy no Circula de la Ciudad de M\u00e9xico, prohibiendo la circulaci\u00f3n de autom\u00f3viles privados, hasta el jueves. La prohibici\u00f3n, que alterna por d\u00eda","twitter:image":"https:\/\/eldigitaldeasturias.com\/magazine365\/wp-content\/uploads\/2016\/06\/m365.jpg"},"aioseo_meta_data":{"post_id":"83994","title":null,"description":null,"keywords":null,"keyphrases":null,"primary_term":null,"canonical_url":null,"og_title":null,"og_description":null,"og_object_type":"default","og_image_type":"default","og_image_url":null,"og_image_width":null,"og_image_height":null,"og_image_custom_url":null,"og_image_custom_fields":null,"og_video":null,"og_custom_url":null,"og_article_section":null,"og_article_tags":null,"twitter_use_og":false,"twitter_card":"default","twitter_image_type":"default","twitter_image_url":null,"twitter_image_custom_url":null,"twitter_image_custom_fields":null,"twitter_title":null,"twitter_description":null,"schema":{"blockGraphs":[],"customGraphs":[],"default":{"data":{"Article":[],"Course":[],"Dataset":[],"FAQPage":[],"Movie":[],"Person":[],"Product":[],"ProductReview":[],"Car":[],"Recipe":[],"Service":[],"SoftwareApplication":[],"WebPage":[]},"graphName":"","isEnabled":true},"graphs":[],"defaultGraph":"","defaultPostTypeGraph":""},"schema_type":null,"schema_type_options":null,"pillar_content":false,"robots_default":true,"robots_noindex":false,"robots_noarchive":false,"robots_nosnippet":false,"robots_nofollow":false,"robots_noimageindex":false,"robots_noodp":false,"robots_notranslate":false,"robots_max_snippet":null,"robots_max_videopreview":null,"robots_max_imagepreview":"large","priority":null,"frequency":null,"location":null,"local_seo":null,"seo_analyzer_scan_date":"2025-09-28 04:02:54","breadcrumb_settings":null,"limit_modified_date":false,"open_ai":null,"ai":null,"created":"2020-12-21 15:28:28","updated":"2025-09-28 04:02:54"},"aioseo_breadcrumb":"<div class=\"aioseo-breadcrumbs\"><span class=\"aioseo-breadcrumb\">\n\t<a href=\"https:\/\/eldigitaldeasturias.com\/magazine365\" title=\"Home\">Home<\/a>\n<\/span><span class=\"aioseo-breadcrumb-separator\">\u2013<\/span><span class=\"aioseo-breadcrumb\">\n\t<a href=\"https:\/\/eldigitaldeasturias.com\/magazine365\/category\/noticias-actualidad\/\" title=\"Noticias y Actualidad\">Noticias y Actualidad<\/a>\n<\/span><span class=\"aioseo-breadcrumb-separator\">\u2013<\/span><span class=\"aioseo-breadcrumb\">\n\t<a href=\"https:\/\/eldigitaldeasturias.com\/magazine365\/la-contaminacion-se-ceba-con-paris\/\" title=\"La contaminaci\u00f3n se ceba con Paris\">La contaminaci\u00f3n se ceba con Paris<\/a>\n<\/span><\/div>","aioseo_breadcrumb_json":[{"label":"Home","link":"https:\/\/eldigitaldeasturias.com\/magazine365"},{"label":"Noticias y Actualidad","link":"https:\/\/eldigitaldeasturias.com\/magazine365\/category\/noticias-actualidad\/"},{"label":"La contaminaci\u00f3n se ceba con Paris","link":"https:\/\/eldigitaldeasturias.com\/magazine365\/la-contaminacion-se-ceba-con-paris\/"}],"_links":{"self":[{"href":"https:\/\/eldigitaldeasturias.com\/magazine365\/wp-json\/wp\/v2\/posts\/83994","targetHints":{"allow":["GET"]}}],"collection":[{"href":"https:\/\/eldigitaldeasturias.com\/magazine365\/wp-json\/wp\/v2\/posts"}],"about":[{"href":"https:\/\/eldigitaldeasturias.com\/magazine365\/wp-json\/wp\/v2\/types\/post"}],"author":[{"embeddable":true,"href":"https:\/\/eldigitaldeasturias.com\/magazine365\/wp-json\/wp\/v2\/users\/1"}],"replies":[{"embeddable":true,"href":"https:\/\/eldigitaldeasturias.com\/magazine365\/wp-json\/wp\/v2\/comments?post=83994"}],"version-history":[{"count":0,"href":"https:\/\/eldigitaldeasturias.com\/magazine365\/wp-json\/wp\/v2\/posts\/83994\/revisions"}],"wp:featuredmedia":[{"embeddable":true,"href":"https:\/\/eldigitaldeasturias.com\/magazine365\/wp-json\/wp\/v2\/media\/77926"}],"wp:attachment":[{"href":"https:\/\/eldigitaldeasturias.com\/magazine365\/wp-json\/wp\/v2\/media?parent=83994"}],"wp:term":[{"taxonomy":"category","embeddable":true,"href":"https:\/\/eldigitaldeasturias.com\/magazine365\/wp-json\/wp\/v2\/categories?post=83994"},{"taxonomy":"post_tag","embeddable":true,"href":"https:\/\/eldigitaldeasturias.com\/magazine365\/wp-json\/wp\/v2\/tags?post=83994"}],"curies":[{"name":"wp","href":"https:\/\/api.w.org\/{rel}","templated":true}]}}