{"id":83956,"date":"2016-12-08T23:31:18","date_gmt":"2016-12-08T22:31:18","guid":{"rendered":"http:\/\/eldigitaldeasturias.com\/magazine365\/?p=83956"},"modified":"2016-12-08T23:31:18","modified_gmt":"2016-12-08T22:31:18","slug":"el-iphone7-provoca-un-alud-de-criticas-entre-sus-usuarios","status":"publish","type":"post","link":"https:\/\/eldigitaldeasturias.com\/magazine365\/el-iphone7-provoca-un-alud-de-criticas-entre-sus-usuarios\/","title":{"rendered":"El iPhone7 provoca un alud de cr\u00edticas entre sus usuarios"},"content":{"rendered":"<p>Apple present\u00f3 su iPhone7 como su mejor smartphone en toda la historia de la compa\u00f1\u00eda. Con potentes novedades para cautivar a sus usuarios, lo cierto es que si este a\u00f1o no ha sido el a\u00f1o de Samsung, podr\u00eda no acabar siendo muy bueno para Apple ya que su iPhone podr\u00eda jugarle una mala pasada por cr\u00edticas que ha recibido de los usuarios. Pero, \u00bfqu\u00e9 es lo que ha pasado para que los usuarios del nuevo iPhone7 se est\u00e9n quejando de su terminal?.<\/p>\n<p>Seg\u00fan datos reportados por Forbes, son ya varios los usuarios que se est\u00e1n quejando del mismo problema y el cual no es otro que la aplicaci\u00f3n del tel\u00e9fono se bloquea y no funciona bien. Lo que les ocurre a los afectados por este problema es que cuando intentan realizar una llamada o cualquier otra operaci\u00f3n en la aplicaci\u00f3n del tel\u00e9fono, se bloquea, impidiendo hacer ninguna de estas acciones.<\/p>\n<p>Eso s\u00ed, este problema no solo se limita al nuevo iPhone7 sino que algunos due\u00f1os de los antiguos iPhone5S y iPhone6S tambi\u00e9n han experimentado este tipo de problema, lo que m\u00e1s que con el terminal podr\u00eda estar relacionado con la \u00faltima actualizaci\u00f3n del sistema iOS.<\/p>\n<p>Por el momento, Apple no se ha pronunciado respecto al problema que presenta su nuevo iPhone, pero lo que s\u00ed ha admitido es, hace unas semanas, que s\u00ed que exist\u00edan problemas con la bater\u00eda del iPhone6S, sobre todo en los fabricados entre septiembre y octubre de 2015. Aunque se cre\u00edan que era en estos modelos, ahora Apple, tambi\u00e9n ha reconocido que este fallo de la bater\u00eda afecta a un n\u00famero desconocido de dispositivos. Para solucionarlo, la compa\u00f1\u00eda de la manzana mordida lanzar\u00e1 una actualizaci\u00f3n de software con la que detectar\u00e1 las bater\u00edas defectuosas.<\/p>\n<p>The post \u00bfQu\u00e9 problema est\u00e1 dando el iPhone7 a sus usuarios? appeared first on Revista Merca2.0.<\/p>\n","protected":false},"excerpt":{"rendered":"<p>Apple present\u00f3 su iPhone7 como su mejor smartphone en toda la historia de la compa\u00f1\u00eda. Con potentes novedades para cautivar a sus usuarios, lo cierto es que si este a\u00f1o no ha sido el a\u00f1o de Samsung, podr\u00eda no acabar siendo muy bueno para Apple ya que su iPhone podr\u00eda jugarle una mala pasada por<\/p>\n","protected":false},"author":1,"featured_media":77926,"comment_status":"open","ping_status":"closed","sticky":false,"template":"","format":"standard","meta":{"footnotes":""},"categories":[224],"tags":[],"class_list":{"0":"post-83956","1":"post","2":"type-post","3":"status-publish","4":"format-standard","5":"has-post-thumbnail","7":"category-noticias-actualidad"},"aioseo_notices":[],"aioseo_head":"\n\t\t<!-- All in One SEO Pro 4.9.6.1 - aioseo.com -->\n\t<meta name=\"description\" content=\"Apple present\u00f3 su iPhone7 como su mejor smartphone en toda la historia de la compa\u00f1\u00eda. Con potentes novedades para cautivar a sus usuarios, lo cierto es que si este a\u00f1o no ha sido el a\u00f1o de Samsung, podr\u00eda no acabar siendo muy bueno para Apple ya que su iPhone podr\u00eda jugarle una mala pasada por\" \/>\n\t<meta name=\"robots\" content=\"max-image-preview:large\" \/>\n\t<meta name=\"author\" content=\"admin\"\/>\n\t<meta name=\"google-site-verification\" content=\"UA-38556648-1\" \/>\n\t<meta name=\"keywords\" content=\"noticias y actualidad\" \/>\n\t<link rel=\"canonical\" href=\"https:\/\/eldigitaldeasturias.com\/magazine365\/el-iphone7-provoca-un-alud-de-criticas-entre-sus-usuarios\/\" \/>\n\t<meta name=\"generator\" content=\"All in One SEO Pro (AIOSEO) 4.9.6.1\" \/>\n\t\t<meta property=\"og:locale\" content=\"es_ES\" \/>\n\t\t<meta property=\"og:site_name\" content=\"El Digital de Asturias \u2013 Revista de ocio, turismo y estilo de vida\" \/>\n\t\t<meta property=\"og:type\" content=\"article\" \/>\n\t\t<meta property=\"og:title\" content=\"El iPhone7 provoca un alud de cr\u00edticas entre sus usuarios | El Digital de Asturias\" \/>\n\t\t<meta property=\"og:description\" content=\"Apple present\u00f3 su iPhone7 como su mejor smartphone en toda la historia de la compa\u00f1\u00eda. Con potentes novedades para cautivar a sus usuarios, lo cierto es que si este a\u00f1o no ha sido el a\u00f1o de Samsung, podr\u00eda no acabar siendo muy bueno para Apple ya que su iPhone podr\u00eda jugarle una mala pasada por\" \/>\n\t\t<meta property=\"og:url\" content=\"https:\/\/eldigitaldeasturias.com\/magazine365\/el-iphone7-provoca-un-alud-de-criticas-entre-sus-usuarios\/\" \/>\n\t\t<meta property=\"og:image\" content=\"https:\/\/eldigitaldeasturias.com\/magazine365\/wp-content\/uploads\/2016\/06\/m365.jpg\" \/>\n\t\t<meta property=\"og:image:secure_url\" content=\"https:\/\/eldigitaldeasturias.com\/magazine365\/wp-content\/uploads\/2016\/06\/m365.jpg\" \/>\n\t\t<meta property=\"og:image:width\" content=\"655\" \/>\n\t\t<meta property=\"og:image:height\" content=\"360\" \/>\n\t\t<meta property=\"article:published_time\" content=\"2016-12-08T22:31:18+00:00\" \/>\n\t\t<meta property=\"article:modified_time\" content=\"2016-12-08T22:31:18+00:00\" \/>\n\t\t<meta name=\"twitter:card\" content=\"summary_large_image\" \/>\n\t\t<meta name=\"twitter:title\" content=\"El iPhone7 provoca un alud de cr\u00edticas entre sus usuarios | El Digital de Asturias\" \/>\n\t\t<meta name=\"twitter:description\" content=\"Apple present\u00f3 su iPhone7 como su mejor smartphone en toda la historia de la compa\u00f1\u00eda. Con potentes novedades para cautivar a sus usuarios, lo cierto es que si este a\u00f1o no ha sido el a\u00f1o de Samsung, podr\u00eda no acabar siendo muy bueno para Apple ya que su iPhone podr\u00eda jugarle una mala pasada por\" \/>\n\t\t<meta name=\"twitter:image\" content=\"https:\/\/eldigitaldeasturias.com\/magazine365\/wp-content\/uploads\/2016\/06\/m365.jpg\" \/>\n\t\t<script type=\"application\/ld+json\" class=\"aioseo-schema\">\n\t\t\t{\"@context\":\"https:\\\/\\\/schema.org\",\"@graph\":[{\"@type\":\"Article\",\"@id\":\"https:\\\/\\\/eldigitaldeasturias.com\\\/magazine365\\\/el-iphone7-provoca-un-alud-de-criticas-entre-sus-usuarios\\\/#article\",\"name\":\"El iPhone7 provoca un alud de cr\\u00edticas entre sus usuarios | El Digital de Asturias\",\"headline\":\"El iPhone7 provoca un alud de cr\\u00edticas entre sus usuarios\",\"author\":{\"@id\":\"https:\\\/\\\/eldigitaldeasturias.com\\\/magazine365\\\/author\\\/admin\\\/#author\"},\"publisher\":{\"@id\":\"https:\\\/\\\/eldigitaldeasturias.com\\\/magazine365\\\/#organization\"},\"image\":{\"@type\":\"ImageObject\",\"url\":\"https:\\\/\\\/eldigitaldeasturias.com\\\/magazine365\\\/wp-content\\\/uploads\\\/2016\\\/06\\\/m365.jpg\",\"width\":655,\"height\":360},\"datePublished\":\"2016-12-08T23:31:18+01:00\",\"dateModified\":\"2016-12-08T23:31:18+01:00\",\"inLanguage\":\"es-ES\",\"mainEntityOfPage\":{\"@id\":\"https:\\\/\\\/eldigitaldeasturias.com\\\/magazine365\\\/el-iphone7-provoca-un-alud-de-criticas-entre-sus-usuarios\\\/#webpage\"},\"isPartOf\":{\"@id\":\"https:\\\/\\\/eldigitaldeasturias.com\\\/magazine365\\\/el-iphone7-provoca-un-alud-de-criticas-entre-sus-usuarios\\\/#webpage\"},\"articleSection\":\"Noticias y Actualidad\"},{\"@type\":\"BreadcrumbList\",\"@id\":\"https:\\\/\\\/eldigitaldeasturias.com\\\/magazine365\\\/el-iphone7-provoca-un-alud-de-criticas-entre-sus-usuarios\\\/#breadcrumblist\",\"itemListElement\":[{\"@type\":\"ListItem\",\"@id\":\"https:\\\/\\\/eldigitaldeasturias.com\\\/magazine365#listItem\",\"position\":1,\"name\":\"Home\",\"item\":\"https:\\\/\\\/eldigitaldeasturias.com\\\/magazine365\",\"nextItem\":{\"@type\":\"ListItem\",\"@id\":\"https:\\\/\\\/eldigitaldeasturias.com\\\/magazine365\\\/category\\\/noticias-actualidad\\\/#listItem\",\"name\":\"Noticias y Actualidad\"}},{\"@type\":\"ListItem\",\"@id\":\"https:\\\/\\\/eldigitaldeasturias.com\\\/magazine365\\\/category\\\/noticias-actualidad\\\/#listItem\",\"position\":2,\"name\":\"Noticias y Actualidad\",\"item\":\"https:\\\/\\\/eldigitaldeasturias.com\\\/magazine365\\\/category\\\/noticias-actualidad\\\/\",\"nextItem\":{\"@type\":\"ListItem\",\"@id\":\"https:\\\/\\\/eldigitaldeasturias.com\\\/magazine365\\\/el-iphone7-provoca-un-alud-de-criticas-entre-sus-usuarios\\\/#listItem\",\"name\":\"El iPhone7 provoca un alud de cr\\u00edticas entre sus usuarios\"},\"previousItem\":{\"@type\":\"ListItem\",\"@id\":\"https:\\\/\\\/eldigitaldeasturias.com\\\/magazine365#listItem\",\"name\":\"Home\"}},{\"@type\":\"ListItem\",\"@id\":\"https:\\\/\\\/eldigitaldeasturias.com\\\/magazine365\\\/el-iphone7-provoca-un-alud-de-criticas-entre-sus-usuarios\\\/#listItem\",\"position\":3,\"name\":\"El iPhone7 provoca un alud de cr\\u00edticas entre sus usuarios\",\"previousItem\":{\"@type\":\"ListItem\",\"@id\":\"https:\\\/\\\/eldigitaldeasturias.com\\\/magazine365\\\/category\\\/noticias-actualidad\\\/#listItem\",\"name\":\"Noticias y Actualidad\"}}]},{\"@type\":\"Organization\",\"@id\":\"https:\\\/\\\/eldigitaldeasturias.com\\\/magazine365\\\/#organization\",\"name\":\"El digital de Asturias\",\"description\":\"Revista de ocio, turismo y estilo de vida\",\"url\":\"https:\\\/\\\/eldigitaldeasturias.com\\\/magazine365\\\/\",\"logo\":{\"@type\":\"ImageObject\",\"url\":\"https:\\\/\\\/www.eldigitaldeasturias.com\\\/noticias\\\/wp-content\\\/uploads\\\/2020\\\/12\\\/EDA.jpg\",\"@id\":\"https:\\\/\\\/eldigitaldeasturias.com\\\/magazine365\\\/el-iphone7-provoca-un-alud-de-criticas-entre-sus-usuarios\\\/#organizationLogo\"},\"image\":{\"@id\":\"https:\\\/\\\/eldigitaldeasturias.com\\\/magazine365\\\/el-iphone7-provoca-un-alud-de-criticas-entre-sus-usuarios\\\/#organizationLogo\"}},{\"@type\":\"Person\",\"@id\":\"https:\\\/\\\/eldigitaldeasturias.com\\\/magazine365\\\/author\\\/admin\\\/#author\",\"url\":\"https:\\\/\\\/eldigitaldeasturias.com\\\/magazine365\\\/author\\\/admin\\\/\",\"name\":\"admin\",\"image\":{\"@type\":\"ImageObject\",\"@id\":\"https:\\\/\\\/eldigitaldeasturias.com\\\/magazine365\\\/el-iphone7-provoca-un-alud-de-criticas-entre-sus-usuarios\\\/#authorImage\",\"url\":\"https:\\\/\\\/eldigitaldeasturias.com\\\/magazine365\\\/wp-content\\\/litespeed\\\/avatar\\\/e571bcf59a0edd6fa6838245a470f2fe.jpg?ver=1776969259\",\"width\":96,\"height\":96,\"caption\":\"admin\"}},{\"@type\":\"WebPage\",\"@id\":\"https:\\\/\\\/eldigitaldeasturias.com\\\/magazine365\\\/el-iphone7-provoca-un-alud-de-criticas-entre-sus-usuarios\\\/#webpage\",\"url\":\"https:\\\/\\\/eldigitaldeasturias.com\\\/magazine365\\\/el-iphone7-provoca-un-alud-de-criticas-entre-sus-usuarios\\\/\",\"name\":\"El iPhone7 provoca un alud de cr\\u00edticas entre sus usuarios | El Digital de Asturias\",\"description\":\"Apple present\\u00f3 su iPhone7 como su mejor smartphone en toda la historia de la compa\\u00f1\\u00eda. Con potentes novedades para cautivar a sus usuarios, lo cierto es que si este a\\u00f1o no ha sido el a\\u00f1o de Samsung, podr\\u00eda no acabar siendo muy bueno para Apple ya que su iPhone podr\\u00eda jugarle una mala pasada por\",\"inLanguage\":\"es-ES\",\"isPartOf\":{\"@id\":\"https:\\\/\\\/eldigitaldeasturias.com\\\/magazine365\\\/#website\"},\"breadcrumb\":{\"@id\":\"https:\\\/\\\/eldigitaldeasturias.com\\\/magazine365\\\/el-iphone7-provoca-un-alud-de-criticas-entre-sus-usuarios\\\/#breadcrumblist\"},\"author\":{\"@id\":\"https:\\\/\\\/eldigitaldeasturias.com\\\/magazine365\\\/author\\\/admin\\\/#author\"},\"creator\":{\"@id\":\"https:\\\/\\\/eldigitaldeasturias.com\\\/magazine365\\\/author\\\/admin\\\/#author\"},\"image\":{\"@type\":\"ImageObject\",\"url\":\"https:\\\/\\\/eldigitaldeasturias.com\\\/magazine365\\\/wp-content\\\/uploads\\\/2016\\\/06\\\/m365.jpg\",\"@id\":\"https:\\\/\\\/eldigitaldeasturias.com\\\/magazine365\\\/el-iphone7-provoca-un-alud-de-criticas-entre-sus-usuarios\\\/#mainImage\",\"width\":655,\"height\":360},\"primaryImageOfPage\":{\"@id\":\"https:\\\/\\\/eldigitaldeasturias.com\\\/magazine365\\\/el-iphone7-provoca-un-alud-de-criticas-entre-sus-usuarios\\\/#mainImage\"},\"datePublished\":\"2016-12-08T23:31:18+01:00\",\"dateModified\":\"2016-12-08T23:31:18+01:00\"},{\"@type\":\"WebSite\",\"@id\":\"https:\\\/\\\/eldigitaldeasturias.com\\\/magazine365\\\/#website\",\"url\":\"https:\\\/\\\/eldigitaldeasturias.com\\\/magazine365\\\/\",\"name\":\"El Digital de Asturias\",\"description\":\"Revista de ocio, turismo y estilo de vida\",\"inLanguage\":\"es-ES\",\"publisher\":{\"@id\":\"https:\\\/\\\/eldigitaldeasturias.com\\\/magazine365\\\/#organization\"}}]}\n\t\t<\/script>\n\t\t<!-- All in One SEO Pro -->\r\n\t\t<title>El iPhone7 provoca un alud de cr\u00edticas entre sus usuarios | El Digital de Asturias<\/title>\n\n","aioseo_head_json":{"title":"El iPhone7 provoca un alud de cr\u00edticas entre sus usuarios | El Digital de Asturias","description":"Apple present\u00f3 su iPhone7 como su mejor smartphone en toda la historia de la compa\u00f1\u00eda. Con potentes novedades para cautivar a sus usuarios, lo cierto es que si este a\u00f1o no ha sido el a\u00f1o de Samsung, podr\u00eda no acabar siendo muy bueno para Apple ya que su iPhone podr\u00eda jugarle una mala pasada por","canonical_url":"https:\/\/eldigitaldeasturias.com\/magazine365\/el-iphone7-provoca-un-alud-de-criticas-entre-sus-usuarios\/","robots":"max-image-preview:large","keywords":"noticias y actualidad","webmasterTools":{"google-site-verification":"UA-38556648-1","miscellaneous":""},"schema":{"@context":"https:\/\/schema.org","@graph":[{"@type":"Article","@id":"https:\/\/eldigitaldeasturias.com\/magazine365\/el-iphone7-provoca-un-alud-de-criticas-entre-sus-usuarios\/#article","name":"El iPhone7 provoca un alud de cr\u00edticas entre sus usuarios | El Digital de Asturias","headline":"El iPhone7 provoca un alud de cr\u00edticas entre sus usuarios","author":{"@id":"https:\/\/eldigitaldeasturias.com\/magazine365\/author\/admin\/#author"},"publisher":{"@id":"https:\/\/eldigitaldeasturias.com\/magazine365\/#organization"},"image":{"@type":"ImageObject","url":"https:\/\/eldigitaldeasturias.com\/magazine365\/wp-content\/uploads\/2016\/06\/m365.jpg","width":655,"height":360},"datePublished":"2016-12-08T23:31:18+01:00","dateModified":"2016-12-08T23:31:18+01:00","inLanguage":"es-ES","mainEntityOfPage":{"@id":"https:\/\/eldigitaldeasturias.com\/magazine365\/el-iphone7-provoca-un-alud-de-criticas-entre-sus-usuarios\/#webpage"},"isPartOf":{"@id":"https:\/\/eldigitaldeasturias.com\/magazine365\/el-iphone7-provoca-un-alud-de-criticas-entre-sus-usuarios\/#webpage"},"articleSection":"Noticias y Actualidad"},{"@type":"BreadcrumbList","@id":"https:\/\/eldigitaldeasturias.com\/magazine365\/el-iphone7-provoca-un-alud-de-criticas-entre-sus-usuarios\/#breadcrumblist","itemListElement":[{"@type":"ListItem","@id":"https:\/\/eldigitaldeasturias.com\/magazine365#listItem","position":1,"name":"Home","item":"https:\/\/eldigitaldeasturias.com\/magazine365","nextItem":{"@type":"ListItem","@id":"https:\/\/eldigitaldeasturias.com\/magazine365\/category\/noticias-actualidad\/#listItem","name":"Noticias y Actualidad"}},{"@type":"ListItem","@id":"https:\/\/eldigitaldeasturias.com\/magazine365\/category\/noticias-actualidad\/#listItem","position":2,"name":"Noticias y Actualidad","item":"https:\/\/eldigitaldeasturias.com\/magazine365\/category\/noticias-actualidad\/","nextItem":{"@type":"ListItem","@id":"https:\/\/eldigitaldeasturias.com\/magazine365\/el-iphone7-provoca-un-alud-de-criticas-entre-sus-usuarios\/#listItem","name":"El iPhone7 provoca un alud de cr\u00edticas entre sus usuarios"},"previousItem":{"@type":"ListItem","@id":"https:\/\/eldigitaldeasturias.com\/magazine365#listItem","name":"Home"}},{"@type":"ListItem","@id":"https:\/\/eldigitaldeasturias.com\/magazine365\/el-iphone7-provoca-un-alud-de-criticas-entre-sus-usuarios\/#listItem","position":3,"name":"El iPhone7 provoca un alud de cr\u00edticas entre sus usuarios","previousItem":{"@type":"ListItem","@id":"https:\/\/eldigitaldeasturias.com\/magazine365\/category\/noticias-actualidad\/#listItem","name":"Noticias y Actualidad"}}]},{"@type":"Organization","@id":"https:\/\/eldigitaldeasturias.com\/magazine365\/#organization","name":"El digital de Asturias","description":"Revista de ocio, turismo y estilo de vida","url":"https:\/\/eldigitaldeasturias.com\/magazine365\/","logo":{"@type":"ImageObject","url":"https:\/\/www.eldigitaldeasturias.com\/noticias\/wp-content\/uploads\/2020\/12\/EDA.jpg","@id":"https:\/\/eldigitaldeasturias.com\/magazine365\/el-iphone7-provoca-un-alud-de-criticas-entre-sus-usuarios\/#organizationLogo"},"image":{"@id":"https:\/\/eldigitaldeasturias.com\/magazine365\/el-iphone7-provoca-un-alud-de-criticas-entre-sus-usuarios\/#organizationLogo"}},{"@type":"Person","@id":"https:\/\/eldigitaldeasturias.com\/magazine365\/author\/admin\/#author","url":"https:\/\/eldigitaldeasturias.com\/magazine365\/author\/admin\/","name":"admin","image":{"@type":"ImageObject","@id":"https:\/\/eldigitaldeasturias.com\/magazine365\/el-iphone7-provoca-un-alud-de-criticas-entre-sus-usuarios\/#authorImage","url":"https:\/\/eldigitaldeasturias.com\/magazine365\/wp-content\/litespeed\/avatar\/e571bcf59a0edd6fa6838245a470f2fe.jpg?ver=1776969259","width":96,"height":96,"caption":"admin"}},{"@type":"WebPage","@id":"https:\/\/eldigitaldeasturias.com\/magazine365\/el-iphone7-provoca-un-alud-de-criticas-entre-sus-usuarios\/#webpage","url":"https:\/\/eldigitaldeasturias.com\/magazine365\/el-iphone7-provoca-un-alud-de-criticas-entre-sus-usuarios\/","name":"El iPhone7 provoca un alud de cr\u00edticas entre sus usuarios | El Digital de Asturias","description":"Apple present\u00f3 su iPhone7 como su mejor smartphone en toda la historia de la compa\u00f1\u00eda. Con potentes novedades para cautivar a sus usuarios, lo cierto es que si este a\u00f1o no ha sido el a\u00f1o de Samsung, podr\u00eda no acabar siendo muy bueno para Apple ya que su iPhone podr\u00eda jugarle una mala pasada por","inLanguage":"es-ES","isPartOf":{"@id":"https:\/\/eldigitaldeasturias.com\/magazine365\/#website"},"breadcrumb":{"@id":"https:\/\/eldigitaldeasturias.com\/magazine365\/el-iphone7-provoca-un-alud-de-criticas-entre-sus-usuarios\/#breadcrumblist"},"author":{"@id":"https:\/\/eldigitaldeasturias.com\/magazine365\/author\/admin\/#author"},"creator":{"@id":"https:\/\/eldigitaldeasturias.com\/magazine365\/author\/admin\/#author"},"image":{"@type":"ImageObject","url":"https:\/\/eldigitaldeasturias.com\/magazine365\/wp-content\/uploads\/2016\/06\/m365.jpg","@id":"https:\/\/eldigitaldeasturias.com\/magazine365\/el-iphone7-provoca-un-alud-de-criticas-entre-sus-usuarios\/#mainImage","width":655,"height":360},"primaryImageOfPage":{"@id":"https:\/\/eldigitaldeasturias.com\/magazine365\/el-iphone7-provoca-un-alud-de-criticas-entre-sus-usuarios\/#mainImage"},"datePublished":"2016-12-08T23:31:18+01:00","dateModified":"2016-12-08T23:31:18+01:00"},{"@type":"WebSite","@id":"https:\/\/eldigitaldeasturias.com\/magazine365\/#website","url":"https:\/\/eldigitaldeasturias.com\/magazine365\/","name":"El Digital de Asturias","description":"Revista de ocio, turismo y estilo de vida","inLanguage":"es-ES","publisher":{"@id":"https:\/\/eldigitaldeasturias.com\/magazine365\/#organization"}}]},"og:locale":"es_ES","og:site_name":"El Digital de Asturias \u2013 Revista de ocio, turismo y estilo de vida","og:type":"article","og:title":"El iPhone7 provoca un alud de cr\u00edticas entre sus usuarios | El Digital de Asturias","og:description":"Apple present\u00f3 su iPhone7 como su mejor smartphone en toda la historia de la compa\u00f1\u00eda. Con potentes novedades para cautivar a sus usuarios, lo cierto es que si este a\u00f1o no ha sido el a\u00f1o de Samsung, podr\u00eda no acabar siendo muy bueno para Apple ya que su iPhone podr\u00eda jugarle una mala pasada por","og:url":"https:\/\/eldigitaldeasturias.com\/magazine365\/el-iphone7-provoca-un-alud-de-criticas-entre-sus-usuarios\/","og:image":"https:\/\/eldigitaldeasturias.com\/magazine365\/wp-content\/uploads\/2016\/06\/m365.jpg","og:image:secure_url":"https:\/\/eldigitaldeasturias.com\/magazine365\/wp-content\/uploads\/2016\/06\/m365.jpg","og:image:width":655,"og:image:height":360,"article:published_time":"2016-12-08T22:31:18+00:00","article:modified_time":"2016-12-08T22:31:18+00:00","twitter:card":"summary_large_image","twitter:title":"El iPhone7 provoca un alud de cr\u00edticas entre sus usuarios | El Digital de Asturias","twitter:description":"Apple present\u00f3 su iPhone7 como su mejor smartphone en toda la historia de la compa\u00f1\u00eda. Con potentes novedades para cautivar a sus usuarios, lo cierto es que si este a\u00f1o no ha sido el a\u00f1o de Samsung, podr\u00eda no acabar siendo muy bueno para Apple ya que su iPhone podr\u00eda jugarle una mala pasada por","twitter:image":"https:\/\/eldigitaldeasturias.com\/magazine365\/wp-content\/uploads\/2016\/06\/m365.jpg"},"aioseo_meta_data":{"post_id":"83956","title":null,"description":null,"keywords":null,"keyphrases":null,"primary_term":null,"canonical_url":null,"og_title":null,"og_description":null,"og_object_type":"default","og_image_type":"default","og_image_url":null,"og_image_width":null,"og_image_height":null,"og_image_custom_url":null,"og_image_custom_fields":null,"og_video":null,"og_custom_url":null,"og_article_section":null,"og_article_tags":null,"twitter_use_og":false,"twitter_card":"default","twitter_image_type":"default","twitter_image_url":null,"twitter_image_custom_url":null,"twitter_image_custom_fields":null,"twitter_title":null,"twitter_description":null,"schema":{"blockGraphs":[],"customGraphs":[],"default":{"data":{"Article":[],"Course":[],"Dataset":[],"FAQPage":[],"Movie":[],"Person":[],"Product":[],"ProductReview":[],"Car":[],"Recipe":[],"Service":[],"SoftwareApplication":[],"WebPage":[]},"graphName":"","isEnabled":true},"graphs":[],"defaultGraph":"","defaultPostTypeGraph":""},"schema_type":null,"schema_type_options":null,"pillar_content":false,"robots_default":true,"robots_noindex":false,"robots_noarchive":false,"robots_nosnippet":false,"robots_nofollow":false,"robots_noimageindex":false,"robots_noodp":false,"robots_notranslate":false,"robots_max_snippet":null,"robots_max_videopreview":null,"robots_max_imagepreview":"large","priority":null,"frequency":null,"location":null,"local_seo":null,"seo_analyzer_scan_date":"2025-09-28 03:57:12","breadcrumb_settings":null,"limit_modified_date":false,"open_ai":null,"ai":null,"created":"2020-12-21 15:28:28","updated":"2025-09-28 03:57:12"},"aioseo_breadcrumb":"<div class=\"aioseo-breadcrumbs\"><span class=\"aioseo-breadcrumb\">\n\t<a href=\"https:\/\/eldigitaldeasturias.com\/magazine365\" title=\"Home\">Home<\/a>\n<\/span><span class=\"aioseo-breadcrumb-separator\">\u2013<\/span><span class=\"aioseo-breadcrumb\">\n\t<a href=\"https:\/\/eldigitaldeasturias.com\/magazine365\/category\/noticias-actualidad\/\" title=\"Noticias y Actualidad\">Noticias y Actualidad<\/a>\n<\/span><span class=\"aioseo-breadcrumb-separator\">\u2013<\/span><span class=\"aioseo-breadcrumb\">\n\t<a href=\"https:\/\/eldigitaldeasturias.com\/magazine365\/el-iphone7-provoca-un-alud-de-criticas-entre-sus-usuarios\/\" title=\"El iPhone7 provoca un alud de cr\u00edticas entre sus usuarios\">El iPhone7 provoca un alud de cr\u00edticas entre sus usuarios<\/a>\n<\/span><\/div>","aioseo_breadcrumb_json":[{"label":"Home","link":"https:\/\/eldigitaldeasturias.com\/magazine365"},{"label":"Noticias y Actualidad","link":"https:\/\/eldigitaldeasturias.com\/magazine365\/category\/noticias-actualidad\/"},{"label":"El iPhone7 provoca un alud de cr\u00edticas entre sus usuarios","link":"https:\/\/eldigitaldeasturias.com\/magazine365\/el-iphone7-provoca-un-alud-de-criticas-entre-sus-usuarios\/"}],"_links":{"self":[{"href":"https:\/\/eldigitaldeasturias.com\/magazine365\/wp-json\/wp\/v2\/posts\/83956","targetHints":{"allow":["GET"]}}],"collection":[{"href":"https:\/\/eldigitaldeasturias.com\/magazine365\/wp-json\/wp\/v2\/posts"}],"about":[{"href":"https:\/\/eldigitaldeasturias.com\/magazine365\/wp-json\/wp\/v2\/types\/post"}],"author":[{"embeddable":true,"href":"https:\/\/eldigitaldeasturias.com\/magazine365\/wp-json\/wp\/v2\/users\/1"}],"replies":[{"embeddable":true,"href":"https:\/\/eldigitaldeasturias.com\/magazine365\/wp-json\/wp\/v2\/comments?post=83956"}],"version-history":[{"count":0,"href":"https:\/\/eldigitaldeasturias.com\/magazine365\/wp-json\/wp\/v2\/posts\/83956\/revisions"}],"wp:featuredmedia":[{"embeddable":true,"href":"https:\/\/eldigitaldeasturias.com\/magazine365\/wp-json\/wp\/v2\/media\/77926"}],"wp:attachment":[{"href":"https:\/\/eldigitaldeasturias.com\/magazine365\/wp-json\/wp\/v2\/media?parent=83956"}],"wp:term":[{"taxonomy":"category","embeddable":true,"href":"https:\/\/eldigitaldeasturias.com\/magazine365\/wp-json\/wp\/v2\/categories?post=83956"},{"taxonomy":"post_tag","embeddable":true,"href":"https:\/\/eldigitaldeasturias.com\/magazine365\/wp-json\/wp\/v2\/tags?post=83956"}],"curies":[{"name":"wp","href":"https:\/\/api.w.org\/{rel}","templated":true}]}}