{"id":83946,"date":"2016-12-07T23:52:21","date_gmt":"2016-12-07T22:52:21","guid":{"rendered":"http:\/\/eldigitaldeasturias.com\/magazine365\/?p=83946"},"modified":"2016-12-07T23:52:21","modified_gmt":"2016-12-07T22:52:21","slug":"un-sondeo-galactico-cuestiona-la-grumosidad-de-la-materia-oscura","status":"publish","type":"post","link":"https:\/\/eldigitaldeasturias.com\/magazine365\/un-sondeo-galactico-cuestiona-la-grumosidad-de-la-materia-oscura\/","title":{"rendered":"Un sondeo gal\u00e1ctico cuestiona la grumosidad de la materia oscura"},"content":{"rendered":"<p><img fetchpriority=\"high\" decoding=\"async\" class=\"alignleft size-medium wp-image-83947\" src=\"https:\/\/eldigitaldeasturias.com\/magazine365\/wp-content\/uploads\/2016\/12\/sondeo-galactico-360x195.jpg\" alt=\"\" width=\"360\" height=\"195\" srcset=\"https:\/\/eldigitaldeasturias.com\/magazine365\/wp-content\/uploads\/2016\/12\/sondeo-galactico-360x195.jpg 360w, https:\/\/eldigitaldeasturias.com\/magazine365\/wp-content\/uploads\/2016\/12\/sondeo-galactico-650x352.jpg 650w, https:\/\/eldigitaldeasturias.com\/magazine365\/wp-content\/uploads\/2016\/12\/sondeo-galactico-150x81.jpg 150w, https:\/\/eldigitaldeasturias.com\/magazine365\/wp-content\/uploads\/2016\/12\/sondeo-galactico-450x244.jpg 450w, https:\/\/eldigitaldeasturias.com\/magazine365\/wp-content\/uploads\/2016\/12\/sondeo-galactico.jpg 701w\" sizes=\"(max-width: 360px) 100vw, 360px\" \/>Un equipo de astr\u00f3nomos de instituciones de todo el mundo han procesado las im\u00e1genes del sondeo KiDS (Kilo Degree Survey), realizado con el VLT Survey Telescope (VST) del Observatorio Europeo Austral, en Paranal (Chile), bajo la direcci\u00f3n del investigador Hendrik Hildebrandt, del Instituto Argelander de Astronom\u00eda en Bonn (Alemania), y Massimo Viola del Observatorio de Leiden (Pa\u00edses Bajos).<\/p>\n<p>Para el estudio, cuyos resultados se publican en Monthly Notices of the Royal Astronomical Society, utilizaron im\u00e1genes del sondeo de cinco zonas del cielo que cubr\u00edan un \u00e1rea total de alrededor de 2.200 veces el tama\u00f1o de la Luna llena y que contiene unos quince millones de galaxias.<\/p>\n<p>Explotando la excelente calidad de imagen de la que disfruta el VST, y utilizando innovadores programas inform\u00e1ticos, el equipo fue capaz de llevar a cabo una de las mediciones m\u00e1s precisas jam\u00e1s realizadas de un efecto conocido como \u201cesquilado c\u00f3smico\u201d (en ingl\u00e9s, cosmic shear).<\/p>\n<p>Se trata de una variante sutil de la lente gravitacional d\u00e9bil, en la que la luz emitida por galaxias lejanas es ligeramente deformada por el efecto gravitacional de grandes cantidades de materia, tales como c\u00famulos de galaxias.<\/p>\n<p>En ese \u201cesquilado c\u00f3smico\u201d, no son los c\u00famulos de galaxias sino las estructuras a gran escala del universo las que deforman la luz, que produce un efecto a\u00fan m\u00e1s peque\u00f1o. Se necesitan sondeos muy anchos y profundos, como KiDS, para garantizar que la d\u00e9bil se\u00f1al del \u201cesquilado c\u00f3smico\u201d sea lo suficientemente fuerte como para ser medida y los astr\u00f3nomos puedan utilizarla para mapear la distribuci\u00f3n de la materia gravitante. Este estudio se ha hecho con el \u00e1rea total de cielo m\u00e1s grande jam\u00e1s mapeada con esta t\u00e9cnica.<\/p>\n<p>Curiosamente, los resultados de sus an\u00e1lisis parecen ser incompatibles con las deducciones de los resultados del sat\u00e9lite Planck de la Agencia Espacial Europea, una misi\u00f3n espacial cuyo objetivo fue estudiar las propiedades fundamentales del universo.<\/p>\n<p><strong>El par\u00e1metro S8 y la grumosidad<\/strong><\/p>\n<p>En particular, las medidas del equipo de KiDS de cu\u00e1n grumosa es la materia en todo el universo (un par\u00e1metro cosmol\u00f3gico fundamental) es significativamente menor que el valor derivado de los datos de Planck. Para realizar el estudio los investigadores han medido un par\u00e1metro llamado S8, cuyo valor es una combinaci\u00f3n del tama\u00f1o de las fluctuaciones de densidad y la densidad media de una secci\u00f3n del universo.<\/p>\n<p>Las fluctuaciones grandes en partes del universo con densidades m\u00e1s bajas tienen un efecto similar al de peque\u00f1as fluctuaciones de amplitud en las regiones m\u00e1s densas y no se pueden distinguir unas de otras a trav\u00e9s de observaciones de lente gravitacional d\u00e9bil. El 8 se refiere a un tama\u00f1o de celda de 8 megap\u00e1rsecs, utilizado por convenci\u00f3n en este tipo de estudios.<\/p>\n<p>\u00abEl nuevo resultado indica que la materia oscura de la red c\u00f3smica, que representa una cuarta parte del contenido del universo, es menos grumosa de lo que previamente cre\u00edamos\u00bb, explica Massimo Viola.<\/p>\n<p>La materia oscura sigue siendo esquiva en su detecci\u00f3n, su presencia s\u00f3lo se deduce a partir de sus efectos gravitatorios. Actualmente, este tipo de estudios son la mejor herramienta para determinar la forma, escala y distribuci\u00f3n de esta materia invisible.<\/p>\n<blockquote><p>Los resultados del estudio est\u00e1n en desacuerdo con los del sat\u00e9lite Planck y llevan a los astr\u00f3nomos a reformular su comprensi\u00f3n del desarrollo del universo<\/p><\/blockquote>\n<p>El resultado sorpresa de este estudio tambi\u00e9n tiene implicaciones para la comprensi\u00f3n del universo en toda su amplitud y para entender c\u00f3mo ha evolucionado durante sus casi 14.000 millones de a\u00f1os de historia.<\/p>\n<p>Un resultado de este tipo, aparentemente en desacuerdo con los resultados previamente establecidos por Planck, significa que ahora los astr\u00f3nomos tendr\u00e1n que reformular su comprensi\u00f3n de algunos aspectos fundamentales del desarrollo del universo.<\/p>\n<p>Para Hendrik Hildebrandt, \u00abnuestros hallazgos ayudar\u00e1n a refinar nuestros modelos te\u00f3ricos sobre c\u00f3mo ha crecido el universo desde sus inicios hasta la actualidad\u00bb. El an\u00e1lisis de KiDS de los datos del VST es un paso importante, pero se espera que los futuros telescopios hagan sondeos incluso m\u00e1s amplios y profundos del cielo.<\/p>\n<p>La col\u00edder del estudio, Catherine Heymans de la Universidad de Edimburgo (Reino Unido), a\u00f1ade: \u00abDesvelar lo que ha ocurrido desde el Big Bang es un reto complejo, pero si seguimos estudiando los cielos distantes, podremos construir una imagen de c\u00f3mo ha evolucionado nuestro universo actual\u00bb.<\/p>\n<p>\u201cPor el momento, vemos una discrepancia interesante con la cosmolog\u00eda de Planck. Las futuras misiones, como el sat\u00e9lite Euclides y el telescopio LSST (Large Synoptic Survey Telescope), nos permitir\u00e1n repetir estas mediciones y comprender mejor qu\u00e9 es lo que realmente nos est\u00e1 diciendo el universo\u201d, concluye Konrad Kuijken, del Observatorio de Leiden Pa\u00edses Bajos, e investigador principal del sondeo KiDS.<\/p>\n<p>SINC<\/p>\n<p>&nbsp;<\/p>\n","protected":false},"excerpt":{"rendered":"<p>Un equipo de astr\u00f3nomos de instituciones de todo el mundo han procesado las im\u00e1genes del sondeo KiDS (Kilo Degree Survey), realizado con el VLT Survey Telescope (VST) del Observatorio Europeo Austral, en Paranal (Chile), bajo la direcci\u00f3n del investigador Hendrik Hildebrandt, del Instituto Argelander de Astronom\u00eda en Bonn (Alemania), y Massimo Viola del Observatorio de<\/p>\n","protected":false},"author":1,"featured_media":83947,"comment_status":"open","ping_status":"closed","sticky":false,"template":"","format":"standard","meta":{"footnotes":""},"categories":[224],"tags":[],"class_list":{"0":"post-83946","1":"post","2":"type-post","3":"status-publish","4":"format-standard","5":"has-post-thumbnail","7":"category-noticias-actualidad"},"aioseo_notices":[],"aioseo_head":"\n\t\t<!-- All in One SEO Pro 4.9.6.1 - aioseo.com -->\n\t<meta name=\"description\" content=\"Un equipo de astr\u00f3nomos de instituciones de todo el mundo han procesado las im\u00e1genes del sondeo KiDS (Kilo Degree Survey), realizado con el VLT Survey Telescope (VST) del Observatorio Europeo Austral, en Paranal (Chile), bajo la direcci\u00f3n del investigador Hendrik Hildebrandt, del Instituto Argelander de Astronom\u00eda en Bonn (Alemania), y Massimo Viola del Observatorio de\" \/>\n\t<meta name=\"robots\" content=\"max-image-preview:large\" \/>\n\t<meta name=\"author\" content=\"admin\"\/>\n\t<meta name=\"google-site-verification\" content=\"UA-38556648-1\" \/>\n\t<meta name=\"keywords\" content=\"noticias y actualidad\" \/>\n\t<link rel=\"canonical\" href=\"https:\/\/eldigitaldeasturias.com\/magazine365\/un-sondeo-galactico-cuestiona-la-grumosidad-de-la-materia-oscura\/\" \/>\n\t<meta name=\"generator\" content=\"All in One SEO Pro (AIOSEO) 4.9.6.1\" \/>\n\t\t<meta property=\"og:locale\" content=\"es_ES\" \/>\n\t\t<meta property=\"og:site_name\" content=\"El Digital de Asturias \u2013 Revista de ocio, turismo y estilo de vida\" \/>\n\t\t<meta property=\"og:type\" content=\"article\" \/>\n\t\t<meta property=\"og:title\" content=\"Un sondeo gal\u00e1ctico cuestiona la grumosidad de la materia oscura | El Digital de Asturias\" \/>\n\t\t<meta property=\"og:description\" content=\"Un equipo de astr\u00f3nomos de instituciones de todo el mundo han procesado las im\u00e1genes del sondeo KiDS (Kilo Degree Survey), realizado con el VLT Survey Telescope (VST) del Observatorio Europeo Austral, en Paranal (Chile), bajo la direcci\u00f3n del investigador Hendrik Hildebrandt, del Instituto Argelander de Astronom\u00eda en Bonn (Alemania), y Massimo Viola del Observatorio de\" \/>\n\t\t<meta property=\"og:url\" content=\"https:\/\/eldigitaldeasturias.com\/magazine365\/un-sondeo-galactico-cuestiona-la-grumosidad-de-la-materia-oscura\/\" \/>\n\t\t<meta property=\"og:image\" content=\"https:\/\/eldigitaldeasturias.com\/magazine365\/wp-content\/uploads\/2016\/12\/sondeo-galactico.jpg\" \/>\n\t\t<meta property=\"og:image:secure_url\" content=\"https:\/\/eldigitaldeasturias.com\/magazine365\/wp-content\/uploads\/2016\/12\/sondeo-galactico.jpg\" \/>\n\t\t<meta property=\"og:image:width\" content=\"701\" \/>\n\t\t<meta property=\"og:image:height\" content=\"380\" \/>\n\t\t<meta property=\"article:published_time\" content=\"2016-12-07T22:52:21+00:00\" \/>\n\t\t<meta property=\"article:modified_time\" content=\"2016-12-07T22:52:21+00:00\" \/>\n\t\t<meta name=\"twitter:card\" content=\"summary_large_image\" \/>\n\t\t<meta name=\"twitter:title\" content=\"Un sondeo gal\u00e1ctico cuestiona la grumosidad de la materia oscura | El Digital de Asturias\" \/>\n\t\t<meta name=\"twitter:description\" content=\"Un equipo de astr\u00f3nomos de instituciones de todo el mundo han procesado las im\u00e1genes del sondeo KiDS (Kilo Degree Survey), realizado con el VLT Survey Telescope (VST) del Observatorio Europeo Austral, en Paranal (Chile), bajo la direcci\u00f3n del investigador Hendrik Hildebrandt, del Instituto Argelander de Astronom\u00eda en Bonn (Alemania), y Massimo Viola del Observatorio de\" \/>\n\t\t<meta name=\"twitter:image\" content=\"https:\/\/eldigitaldeasturias.com\/magazine365\/wp-content\/uploads\/2016\/12\/sondeo-galactico.jpg\" \/>\n\t\t<script type=\"application\/ld+json\" class=\"aioseo-schema\">\n\t\t\t{\"@context\":\"https:\\\/\\\/schema.org\",\"@graph\":[{\"@type\":\"Article\",\"@id\":\"https:\\\/\\\/eldigitaldeasturias.com\\\/magazine365\\\/un-sondeo-galactico-cuestiona-la-grumosidad-de-la-materia-oscura\\\/#article\",\"name\":\"Un sondeo gal\\u00e1ctico cuestiona la grumosidad de la materia oscura | El Digital de Asturias\",\"headline\":\"Un sondeo gal\\u00e1ctico cuestiona la grumosidad de la materia oscura\",\"author\":{\"@id\":\"https:\\\/\\\/eldigitaldeasturias.com\\\/magazine365\\\/author\\\/admin\\\/#author\"},\"publisher\":{\"@id\":\"https:\\\/\\\/eldigitaldeasturias.com\\\/magazine365\\\/#organization\"},\"image\":{\"@type\":\"ImageObject\",\"url\":\"https:\\\/\\\/eldigitaldeasturias.com\\\/magazine365\\\/wp-content\\\/uploads\\\/2016\\\/12\\\/sondeo-galactico.jpg\",\"width\":701,\"height\":380},\"datePublished\":\"2016-12-07T23:52:21+01:00\",\"dateModified\":\"2016-12-07T23:52:21+01:00\",\"inLanguage\":\"es-ES\",\"mainEntityOfPage\":{\"@id\":\"https:\\\/\\\/eldigitaldeasturias.com\\\/magazine365\\\/un-sondeo-galactico-cuestiona-la-grumosidad-de-la-materia-oscura\\\/#webpage\"},\"isPartOf\":{\"@id\":\"https:\\\/\\\/eldigitaldeasturias.com\\\/magazine365\\\/un-sondeo-galactico-cuestiona-la-grumosidad-de-la-materia-oscura\\\/#webpage\"},\"articleSection\":\"Noticias y Actualidad\"},{\"@type\":\"BreadcrumbList\",\"@id\":\"https:\\\/\\\/eldigitaldeasturias.com\\\/magazine365\\\/un-sondeo-galactico-cuestiona-la-grumosidad-de-la-materia-oscura\\\/#breadcrumblist\",\"itemListElement\":[{\"@type\":\"ListItem\",\"@id\":\"https:\\\/\\\/eldigitaldeasturias.com\\\/magazine365#listItem\",\"position\":1,\"name\":\"Home\",\"item\":\"https:\\\/\\\/eldigitaldeasturias.com\\\/magazine365\",\"nextItem\":{\"@type\":\"ListItem\",\"@id\":\"https:\\\/\\\/eldigitaldeasturias.com\\\/magazine365\\\/category\\\/noticias-actualidad\\\/#listItem\",\"name\":\"Noticias y Actualidad\"}},{\"@type\":\"ListItem\",\"@id\":\"https:\\\/\\\/eldigitaldeasturias.com\\\/magazine365\\\/category\\\/noticias-actualidad\\\/#listItem\",\"position\":2,\"name\":\"Noticias y Actualidad\",\"item\":\"https:\\\/\\\/eldigitaldeasturias.com\\\/magazine365\\\/category\\\/noticias-actualidad\\\/\",\"nextItem\":{\"@type\":\"ListItem\",\"@id\":\"https:\\\/\\\/eldigitaldeasturias.com\\\/magazine365\\\/un-sondeo-galactico-cuestiona-la-grumosidad-de-la-materia-oscura\\\/#listItem\",\"name\":\"Un sondeo gal\\u00e1ctico cuestiona la grumosidad de la materia oscura\"},\"previousItem\":{\"@type\":\"ListItem\",\"@id\":\"https:\\\/\\\/eldigitaldeasturias.com\\\/magazine365#listItem\",\"name\":\"Home\"}},{\"@type\":\"ListItem\",\"@id\":\"https:\\\/\\\/eldigitaldeasturias.com\\\/magazine365\\\/un-sondeo-galactico-cuestiona-la-grumosidad-de-la-materia-oscura\\\/#listItem\",\"position\":3,\"name\":\"Un sondeo gal\\u00e1ctico cuestiona la grumosidad de la materia oscura\",\"previousItem\":{\"@type\":\"ListItem\",\"@id\":\"https:\\\/\\\/eldigitaldeasturias.com\\\/magazine365\\\/category\\\/noticias-actualidad\\\/#listItem\",\"name\":\"Noticias y Actualidad\"}}]},{\"@type\":\"Organization\",\"@id\":\"https:\\\/\\\/eldigitaldeasturias.com\\\/magazine365\\\/#organization\",\"name\":\"El digital de Asturias\",\"description\":\"Revista de ocio, turismo y estilo de vida\",\"url\":\"https:\\\/\\\/eldigitaldeasturias.com\\\/magazine365\\\/\",\"logo\":{\"@type\":\"ImageObject\",\"url\":\"https:\\\/\\\/www.eldigitaldeasturias.com\\\/noticias\\\/wp-content\\\/uploads\\\/2020\\\/12\\\/EDA.jpg\",\"@id\":\"https:\\\/\\\/eldigitaldeasturias.com\\\/magazine365\\\/un-sondeo-galactico-cuestiona-la-grumosidad-de-la-materia-oscura\\\/#organizationLogo\"},\"image\":{\"@id\":\"https:\\\/\\\/eldigitaldeasturias.com\\\/magazine365\\\/un-sondeo-galactico-cuestiona-la-grumosidad-de-la-materia-oscura\\\/#organizationLogo\"}},{\"@type\":\"Person\",\"@id\":\"https:\\\/\\\/eldigitaldeasturias.com\\\/magazine365\\\/author\\\/admin\\\/#author\",\"url\":\"https:\\\/\\\/eldigitaldeasturias.com\\\/magazine365\\\/author\\\/admin\\\/\",\"name\":\"admin\",\"image\":{\"@type\":\"ImageObject\",\"@id\":\"https:\\\/\\\/eldigitaldeasturias.com\\\/magazine365\\\/un-sondeo-galactico-cuestiona-la-grumosidad-de-la-materia-oscura\\\/#authorImage\",\"url\":\"https:\\\/\\\/eldigitaldeasturias.com\\\/magazine365\\\/wp-content\\\/litespeed\\\/avatar\\\/e571bcf59a0edd6fa6838245a470f2fe.jpg?ver=1776969259\",\"width\":96,\"height\":96,\"caption\":\"admin\"}},{\"@type\":\"WebPage\",\"@id\":\"https:\\\/\\\/eldigitaldeasturias.com\\\/magazine365\\\/un-sondeo-galactico-cuestiona-la-grumosidad-de-la-materia-oscura\\\/#webpage\",\"url\":\"https:\\\/\\\/eldigitaldeasturias.com\\\/magazine365\\\/un-sondeo-galactico-cuestiona-la-grumosidad-de-la-materia-oscura\\\/\",\"name\":\"Un sondeo gal\\u00e1ctico cuestiona la grumosidad de la materia oscura | El Digital de Asturias\",\"description\":\"Un equipo de astr\\u00f3nomos de instituciones de todo el mundo han procesado las im\\u00e1genes del sondeo KiDS (Kilo Degree Survey), realizado con el VLT Survey Telescope (VST) del Observatorio Europeo Austral, en Paranal (Chile), bajo la direcci\\u00f3n del investigador Hendrik Hildebrandt, del Instituto Argelander de Astronom\\u00eda en Bonn (Alemania), y Massimo Viola del Observatorio de\",\"inLanguage\":\"es-ES\",\"isPartOf\":{\"@id\":\"https:\\\/\\\/eldigitaldeasturias.com\\\/magazine365\\\/#website\"},\"breadcrumb\":{\"@id\":\"https:\\\/\\\/eldigitaldeasturias.com\\\/magazine365\\\/un-sondeo-galactico-cuestiona-la-grumosidad-de-la-materia-oscura\\\/#breadcrumblist\"},\"author\":{\"@id\":\"https:\\\/\\\/eldigitaldeasturias.com\\\/magazine365\\\/author\\\/admin\\\/#author\"},\"creator\":{\"@id\":\"https:\\\/\\\/eldigitaldeasturias.com\\\/magazine365\\\/author\\\/admin\\\/#author\"},\"image\":{\"@type\":\"ImageObject\",\"url\":\"https:\\\/\\\/eldigitaldeasturias.com\\\/magazine365\\\/wp-content\\\/uploads\\\/2016\\\/12\\\/sondeo-galactico.jpg\",\"@id\":\"https:\\\/\\\/eldigitaldeasturias.com\\\/magazine365\\\/un-sondeo-galactico-cuestiona-la-grumosidad-de-la-materia-oscura\\\/#mainImage\",\"width\":701,\"height\":380},\"primaryImageOfPage\":{\"@id\":\"https:\\\/\\\/eldigitaldeasturias.com\\\/magazine365\\\/un-sondeo-galactico-cuestiona-la-grumosidad-de-la-materia-oscura\\\/#mainImage\"},\"datePublished\":\"2016-12-07T23:52:21+01:00\",\"dateModified\":\"2016-12-07T23:52:21+01:00\"},{\"@type\":\"WebSite\",\"@id\":\"https:\\\/\\\/eldigitaldeasturias.com\\\/magazine365\\\/#website\",\"url\":\"https:\\\/\\\/eldigitaldeasturias.com\\\/magazine365\\\/\",\"name\":\"El Digital de Asturias\",\"description\":\"Revista de ocio, turismo y estilo de vida\",\"inLanguage\":\"es-ES\",\"publisher\":{\"@id\":\"https:\\\/\\\/eldigitaldeasturias.com\\\/magazine365\\\/#organization\"}}]}\n\t\t<\/script>\n\t\t<!-- All in One SEO Pro -->\r\n\t\t<title>Un sondeo gal\u00e1ctico cuestiona la grumosidad de la materia oscura | El Digital de Asturias<\/title>\n\n","aioseo_head_json":{"title":"Un sondeo gal\u00e1ctico cuestiona la grumosidad de la materia oscura | El Digital de Asturias","description":"Un equipo de astr\u00f3nomos de instituciones de todo el mundo han procesado las im\u00e1genes del sondeo KiDS (Kilo Degree Survey), realizado con el VLT Survey Telescope (VST) del Observatorio Europeo Austral, en Paranal (Chile), bajo la direcci\u00f3n del investigador Hendrik Hildebrandt, del Instituto Argelander de Astronom\u00eda en Bonn (Alemania), y Massimo Viola del Observatorio de","canonical_url":"https:\/\/eldigitaldeasturias.com\/magazine365\/un-sondeo-galactico-cuestiona-la-grumosidad-de-la-materia-oscura\/","robots":"max-image-preview:large","keywords":"noticias y actualidad","webmasterTools":{"google-site-verification":"UA-38556648-1","miscellaneous":""},"schema":{"@context":"https:\/\/schema.org","@graph":[{"@type":"Article","@id":"https:\/\/eldigitaldeasturias.com\/magazine365\/un-sondeo-galactico-cuestiona-la-grumosidad-de-la-materia-oscura\/#article","name":"Un sondeo gal\u00e1ctico cuestiona la grumosidad de la materia oscura | El Digital de Asturias","headline":"Un sondeo gal\u00e1ctico cuestiona la grumosidad de la materia oscura","author":{"@id":"https:\/\/eldigitaldeasturias.com\/magazine365\/author\/admin\/#author"},"publisher":{"@id":"https:\/\/eldigitaldeasturias.com\/magazine365\/#organization"},"image":{"@type":"ImageObject","url":"https:\/\/eldigitaldeasturias.com\/magazine365\/wp-content\/uploads\/2016\/12\/sondeo-galactico.jpg","width":701,"height":380},"datePublished":"2016-12-07T23:52:21+01:00","dateModified":"2016-12-07T23:52:21+01:00","inLanguage":"es-ES","mainEntityOfPage":{"@id":"https:\/\/eldigitaldeasturias.com\/magazine365\/un-sondeo-galactico-cuestiona-la-grumosidad-de-la-materia-oscura\/#webpage"},"isPartOf":{"@id":"https:\/\/eldigitaldeasturias.com\/magazine365\/un-sondeo-galactico-cuestiona-la-grumosidad-de-la-materia-oscura\/#webpage"},"articleSection":"Noticias y Actualidad"},{"@type":"BreadcrumbList","@id":"https:\/\/eldigitaldeasturias.com\/magazine365\/un-sondeo-galactico-cuestiona-la-grumosidad-de-la-materia-oscura\/#breadcrumblist","itemListElement":[{"@type":"ListItem","@id":"https:\/\/eldigitaldeasturias.com\/magazine365#listItem","position":1,"name":"Home","item":"https:\/\/eldigitaldeasturias.com\/magazine365","nextItem":{"@type":"ListItem","@id":"https:\/\/eldigitaldeasturias.com\/magazine365\/category\/noticias-actualidad\/#listItem","name":"Noticias y Actualidad"}},{"@type":"ListItem","@id":"https:\/\/eldigitaldeasturias.com\/magazine365\/category\/noticias-actualidad\/#listItem","position":2,"name":"Noticias y Actualidad","item":"https:\/\/eldigitaldeasturias.com\/magazine365\/category\/noticias-actualidad\/","nextItem":{"@type":"ListItem","@id":"https:\/\/eldigitaldeasturias.com\/magazine365\/un-sondeo-galactico-cuestiona-la-grumosidad-de-la-materia-oscura\/#listItem","name":"Un sondeo gal\u00e1ctico cuestiona la grumosidad de la materia oscura"},"previousItem":{"@type":"ListItem","@id":"https:\/\/eldigitaldeasturias.com\/magazine365#listItem","name":"Home"}},{"@type":"ListItem","@id":"https:\/\/eldigitaldeasturias.com\/magazine365\/un-sondeo-galactico-cuestiona-la-grumosidad-de-la-materia-oscura\/#listItem","position":3,"name":"Un sondeo gal\u00e1ctico cuestiona la grumosidad de la materia oscura","previousItem":{"@type":"ListItem","@id":"https:\/\/eldigitaldeasturias.com\/magazine365\/category\/noticias-actualidad\/#listItem","name":"Noticias y Actualidad"}}]},{"@type":"Organization","@id":"https:\/\/eldigitaldeasturias.com\/magazine365\/#organization","name":"El digital de Asturias","description":"Revista de ocio, turismo y estilo de vida","url":"https:\/\/eldigitaldeasturias.com\/magazine365\/","logo":{"@type":"ImageObject","url":"https:\/\/www.eldigitaldeasturias.com\/noticias\/wp-content\/uploads\/2020\/12\/EDA.jpg","@id":"https:\/\/eldigitaldeasturias.com\/magazine365\/un-sondeo-galactico-cuestiona-la-grumosidad-de-la-materia-oscura\/#organizationLogo"},"image":{"@id":"https:\/\/eldigitaldeasturias.com\/magazine365\/un-sondeo-galactico-cuestiona-la-grumosidad-de-la-materia-oscura\/#organizationLogo"}},{"@type":"Person","@id":"https:\/\/eldigitaldeasturias.com\/magazine365\/author\/admin\/#author","url":"https:\/\/eldigitaldeasturias.com\/magazine365\/author\/admin\/","name":"admin","image":{"@type":"ImageObject","@id":"https:\/\/eldigitaldeasturias.com\/magazine365\/un-sondeo-galactico-cuestiona-la-grumosidad-de-la-materia-oscura\/#authorImage","url":"https:\/\/eldigitaldeasturias.com\/magazine365\/wp-content\/litespeed\/avatar\/e571bcf59a0edd6fa6838245a470f2fe.jpg?ver=1776969259","width":96,"height":96,"caption":"admin"}},{"@type":"WebPage","@id":"https:\/\/eldigitaldeasturias.com\/magazine365\/un-sondeo-galactico-cuestiona-la-grumosidad-de-la-materia-oscura\/#webpage","url":"https:\/\/eldigitaldeasturias.com\/magazine365\/un-sondeo-galactico-cuestiona-la-grumosidad-de-la-materia-oscura\/","name":"Un sondeo gal\u00e1ctico cuestiona la grumosidad de la materia oscura | El Digital de Asturias","description":"Un equipo de astr\u00f3nomos de instituciones de todo el mundo han procesado las im\u00e1genes del sondeo KiDS (Kilo Degree Survey), realizado con el VLT Survey Telescope (VST) del Observatorio Europeo Austral, en Paranal (Chile), bajo la direcci\u00f3n del investigador Hendrik Hildebrandt, del Instituto Argelander de Astronom\u00eda en Bonn (Alemania), y Massimo Viola del Observatorio de","inLanguage":"es-ES","isPartOf":{"@id":"https:\/\/eldigitaldeasturias.com\/magazine365\/#website"},"breadcrumb":{"@id":"https:\/\/eldigitaldeasturias.com\/magazine365\/un-sondeo-galactico-cuestiona-la-grumosidad-de-la-materia-oscura\/#breadcrumblist"},"author":{"@id":"https:\/\/eldigitaldeasturias.com\/magazine365\/author\/admin\/#author"},"creator":{"@id":"https:\/\/eldigitaldeasturias.com\/magazine365\/author\/admin\/#author"},"image":{"@type":"ImageObject","url":"https:\/\/eldigitaldeasturias.com\/magazine365\/wp-content\/uploads\/2016\/12\/sondeo-galactico.jpg","@id":"https:\/\/eldigitaldeasturias.com\/magazine365\/un-sondeo-galactico-cuestiona-la-grumosidad-de-la-materia-oscura\/#mainImage","width":701,"height":380},"primaryImageOfPage":{"@id":"https:\/\/eldigitaldeasturias.com\/magazine365\/un-sondeo-galactico-cuestiona-la-grumosidad-de-la-materia-oscura\/#mainImage"},"datePublished":"2016-12-07T23:52:21+01:00","dateModified":"2016-12-07T23:52:21+01:00"},{"@type":"WebSite","@id":"https:\/\/eldigitaldeasturias.com\/magazine365\/#website","url":"https:\/\/eldigitaldeasturias.com\/magazine365\/","name":"El Digital de Asturias","description":"Revista de ocio, turismo y estilo de vida","inLanguage":"es-ES","publisher":{"@id":"https:\/\/eldigitaldeasturias.com\/magazine365\/#organization"}}]},"og:locale":"es_ES","og:site_name":"El Digital de Asturias \u2013 Revista de ocio, turismo y estilo de vida","og:type":"article","og:title":"Un sondeo gal\u00e1ctico cuestiona la grumosidad de la materia oscura | El Digital de Asturias","og:description":"Un equipo de astr\u00f3nomos de instituciones de todo el mundo han procesado las im\u00e1genes del sondeo KiDS (Kilo Degree Survey), realizado con el VLT Survey Telescope (VST) del Observatorio Europeo Austral, en Paranal (Chile), bajo la direcci\u00f3n del investigador Hendrik Hildebrandt, del Instituto Argelander de Astronom\u00eda en Bonn (Alemania), y Massimo Viola del Observatorio de","og:url":"https:\/\/eldigitaldeasturias.com\/magazine365\/un-sondeo-galactico-cuestiona-la-grumosidad-de-la-materia-oscura\/","og:image":"https:\/\/eldigitaldeasturias.com\/magazine365\/wp-content\/uploads\/2016\/12\/sondeo-galactico.jpg","og:image:secure_url":"https:\/\/eldigitaldeasturias.com\/magazine365\/wp-content\/uploads\/2016\/12\/sondeo-galactico.jpg","og:image:width":701,"og:image:height":380,"article:published_time":"2016-12-07T22:52:21+00:00","article:modified_time":"2016-12-07T22:52:21+00:00","twitter:card":"summary_large_image","twitter:title":"Un sondeo gal\u00e1ctico cuestiona la grumosidad de la materia oscura | El Digital de Asturias","twitter:description":"Un equipo de astr\u00f3nomos de instituciones de todo el mundo han procesado las im\u00e1genes del sondeo KiDS (Kilo Degree Survey), realizado con el VLT Survey Telescope (VST) del Observatorio Europeo Austral, en Paranal (Chile), bajo la direcci\u00f3n del investigador Hendrik Hildebrandt, del Instituto Argelander de Astronom\u00eda en Bonn (Alemania), y Massimo Viola del Observatorio de","twitter:image":"https:\/\/eldigitaldeasturias.com\/magazine365\/wp-content\/uploads\/2016\/12\/sondeo-galactico.jpg"},"aioseo_meta_data":{"post_id":"83946","title":null,"description":null,"keywords":null,"keyphrases":null,"primary_term":null,"canonical_url":null,"og_title":null,"og_description":null,"og_object_type":"default","og_image_type":"default","og_image_url":null,"og_image_width":null,"og_image_height":null,"og_image_custom_url":null,"og_image_custom_fields":null,"og_video":null,"og_custom_url":null,"og_article_section":null,"og_article_tags":null,"twitter_use_og":false,"twitter_card":"default","twitter_image_type":"default","twitter_image_url":null,"twitter_image_custom_url":null,"twitter_image_custom_fields":null,"twitter_title":null,"twitter_description":null,"schema":{"blockGraphs":[],"customGraphs":[],"default":{"data":{"Article":[],"Course":[],"Dataset":[],"FAQPage":[],"Movie":[],"Person":[],"Product":[],"ProductReview":[],"Car":[],"Recipe":[],"Service":[],"SoftwareApplication":[],"WebPage":[]},"graphName":"","isEnabled":true},"graphs":[],"defaultGraph":"","defaultPostTypeGraph":""},"schema_type":null,"schema_type_options":null,"pillar_content":false,"robots_default":true,"robots_noindex":false,"robots_noarchive":false,"robots_nosnippet":false,"robots_nofollow":false,"robots_noimageindex":false,"robots_noodp":false,"robots_notranslate":false,"robots_max_snippet":null,"robots_max_videopreview":null,"robots_max_imagepreview":"large","priority":null,"frequency":null,"location":null,"local_seo":null,"seo_analyzer_scan_date":"2025-09-28 03:55:31","breadcrumb_settings":null,"limit_modified_date":false,"open_ai":null,"ai":null,"created":"2020-12-21 15:28:28","updated":"2025-09-28 03:55:31"},"aioseo_breadcrumb":"<div class=\"aioseo-breadcrumbs\"><span class=\"aioseo-breadcrumb\">\n\t<a href=\"https:\/\/eldigitaldeasturias.com\/magazine365\" title=\"Home\">Home<\/a>\n<\/span><span class=\"aioseo-breadcrumb-separator\">\u2013<\/span><span class=\"aioseo-breadcrumb\">\n\t<a href=\"https:\/\/eldigitaldeasturias.com\/magazine365\/category\/noticias-actualidad\/\" title=\"Noticias y Actualidad\">Noticias y Actualidad<\/a>\n<\/span><span class=\"aioseo-breadcrumb-separator\">\u2013<\/span><span class=\"aioseo-breadcrumb\">\n\t<a href=\"https:\/\/eldigitaldeasturias.com\/magazine365\/un-sondeo-galactico-cuestiona-la-grumosidad-de-la-materia-oscura\/\" title=\"Un sondeo gal\u00e1ctico cuestiona la grumosidad de la materia oscura\">Un sondeo gal\u00e1ctico cuestiona la grumosidad de la materia oscura<\/a>\n<\/span><\/div>","aioseo_breadcrumb_json":[{"label":"Home","link":"https:\/\/eldigitaldeasturias.com\/magazine365"},{"label":"Noticias y Actualidad","link":"https:\/\/eldigitaldeasturias.com\/magazine365\/category\/noticias-actualidad\/"},{"label":"Un sondeo gal\u00e1ctico cuestiona la grumosidad de la materia oscura","link":"https:\/\/eldigitaldeasturias.com\/magazine365\/un-sondeo-galactico-cuestiona-la-grumosidad-de-la-materia-oscura\/"}],"_links":{"self":[{"href":"https:\/\/eldigitaldeasturias.com\/magazine365\/wp-json\/wp\/v2\/posts\/83946","targetHints":{"allow":["GET"]}}],"collection":[{"href":"https:\/\/eldigitaldeasturias.com\/magazine365\/wp-json\/wp\/v2\/posts"}],"about":[{"href":"https:\/\/eldigitaldeasturias.com\/magazine365\/wp-json\/wp\/v2\/types\/post"}],"author":[{"embeddable":true,"href":"https:\/\/eldigitaldeasturias.com\/magazine365\/wp-json\/wp\/v2\/users\/1"}],"replies":[{"embeddable":true,"href":"https:\/\/eldigitaldeasturias.com\/magazine365\/wp-json\/wp\/v2\/comments?post=83946"}],"version-history":[{"count":0,"href":"https:\/\/eldigitaldeasturias.com\/magazine365\/wp-json\/wp\/v2\/posts\/83946\/revisions"}],"wp:featuredmedia":[{"embeddable":true,"href":"https:\/\/eldigitaldeasturias.com\/magazine365\/wp-json\/wp\/v2\/media\/83947"}],"wp:attachment":[{"href":"https:\/\/eldigitaldeasturias.com\/magazine365\/wp-json\/wp\/v2\/media?parent=83946"}],"wp:term":[{"taxonomy":"category","embeddable":true,"href":"https:\/\/eldigitaldeasturias.com\/magazine365\/wp-json\/wp\/v2\/categories?post=83946"},{"taxonomy":"post_tag","embeddable":true,"href":"https:\/\/eldigitaldeasturias.com\/magazine365\/wp-json\/wp\/v2\/tags?post=83946"}],"curies":[{"name":"wp","href":"https:\/\/api.w.org\/{rel}","templated":true}]}}