{"id":83939,"date":"2016-12-07T23:48:13","date_gmt":"2016-12-07T22:48:13","guid":{"rendered":"http:\/\/eldigitaldeasturias.com\/magazine365\/?p=83939"},"modified":"2016-12-07T23:48:13","modified_gmt":"2016-12-07T22:48:13","slug":"identifican-un-gen-implicado-en-la-codificacion-del-sonido","status":"publish","type":"post","link":"https:\/\/eldigitaldeasturias.com\/magazine365\/identifican-un-gen-implicado-en-la-codificacion-del-sonido\/","title":{"rendered":"Identifican un gen implicado en la codificaci\u00f3n del sonido"},"content":{"rendered":"<p><img fetchpriority=\"high\" decoding=\"async\" class=\"alignleft size-medium wp-image-83940\" src=\"https:\/\/eldigitaldeasturias.com\/magazine365\/wp-content\/uploads\/2016\/12\/codificacion-del-sonido-360x240.jpg\" alt=\"\" width=\"360\" height=\"240\" srcset=\"https:\/\/eldigitaldeasturias.com\/magazine365\/wp-content\/uploads\/2016\/12\/codificacion-del-sonido-360x240.jpg 360w, https:\/\/eldigitaldeasturias.com\/magazine365\/wp-content\/uploads\/2016\/12\/codificacion-del-sonido-150x100.jpg 150w, https:\/\/eldigitaldeasturias.com\/magazine365\/wp-content\/uploads\/2016\/12\/codificacion-del-sonido-450x300.jpg 450w, https:\/\/eldigitaldeasturias.com\/magazine365\/wp-content\/uploads\/2016\/12\/codificacion-del-sonido-101x66.jpg 101w, https:\/\/eldigitaldeasturias.com\/magazine365\/wp-content\/uploads\/2016\/12\/codificacion-del-sonido.jpg 570w\" sizes=\"(max-width: 360px) 100vw, 360px\" \/>Investigadores de la Universidad de Barcelona (UB) han identificado por primera vez en humanos un gen implicado en el procesamiento del sonido, una funci\u00f3n fundamental para la comunicaci\u00f3n humana. El estudio detecta diferencias gen\u00e9ticas en la eficacia con la que el col\u00edculo inferior \u2014una estructura subcortical del cerebro\u2014 codifica las se\u00f1ales auditivas.<\/p>\n<p>Los resultados, publicados en el Journal of Neuroscience, servir\u00e1n para profundizar en la comprensi\u00f3n del sistema auditivo y de los distintos trastornos que tienen que ver con la codificaci\u00f3n del lenguaje, como la dislexia, el autismo o el trastorno del procesamiento auditivo central.<\/p>\n<blockquote><p>Estudios recientes en animales muestran que la serotonina en el espacio sin\u00e1ptico influye en esta codificaci\u00f3n del sonido<\/p><\/blockquote>\n<p>La investigaci\u00f3n est\u00e1 liderada por Carles Escera, director del Instituto de Neurociencias de la UB y catedr\u00e1tico de Neurociencia Cognitiva del departamento de Psicolog\u00eda Cl\u00ednica y Psicobiolog\u00eda. Tambi\u00e9n firman el trabajo Lenka Selinger, primera autora del art\u00edculo, Katarzyna Zarnowiec, Marc Via e Immaculada C. Clemente, todos ellos investigadores del Grupo de Investigaci\u00f3n de Neurociencia Cognitiva (BrainLab) de la UB.<\/p>\n<p>Un filtro de los sonidos exteriores<\/p>\n<p>El col\u00edculo inferior es una estructura del sistema auditivo que act\u00faa como filtro o punto de integraci\u00f3n para decodificar los sonidos exteriores, y que en funci\u00f3n de la experiencia del individuo se va modulando o afinando. \u201cEstudios recientes en animales muestran que la serotonina en el espacio sin\u00e1ptico influye en esta codificaci\u00f3n del sonido, por lo que la presencia de este neurotransmisor ayuda a que las neuronas sean m\u00e1s finas y precisas a la hora de filtrar la informaci\u00f3n que llega al col\u00edculo inferior\u201d, explica Carles Escera.<\/p>\n<p>Con el objetivo de averiguar si existe esta correlaci\u00f3n en humanos, los investigadores estudiaron el genotipo de 58 voluntarios para analizar la presencia de 5-HTTLPR, un polimorfismo gen\u00e9tico que modula la serotonina en el espacio sin\u00e1ptico. Despu\u00e9s, los participantes fueron sometidos a un est\u00edmulo repetitivo \u2014la s\u00edlaba \/ba\/\u2014 y se registr\u00f3 la respuesta de las neuronas del col\u00edculo inferior con un casco de electrodos.<\/p>\n<p>\u201cSe trata de la grabaci\u00f3n de una respuesta espec\u00edfica denominada respuesta de seguimiento de frecuencia. Es decir, cuando se presenta un est\u00edmulo con una frecuencia caracter\u00edstica y dentro de un rango determinado \u2014en este experimento, la s\u00edlaba \/ba\/\u2014, las neuronas del col\u00edculo inferior reaccionan y sincronizan su respuesta fisiol\u00f3gica con la del est\u00edmulo\u201d, explica Lenka Selinger.<\/p>\n<blockquote><p>Las neuronas de las personas con la variante al\u00e9lica corta del polimorfismo 5-HTTLPR se sincronizaron con el est\u00edmulo con m\u00e1s precisi\u00f3n<\/p><\/blockquote>\n<p>A m\u00e1s serotonina, mejor codificaci\u00f3n de la se\u00f1al<\/p>\n<p>Los resultados muestran que las neuronas de las personas con la variante al\u00e9lica corta del polimorfismo 5-HTTLPR \u2014y por tanto, con mayor disponibilidad de serotonina en el espacio sin\u00e1ptico\u2014 se sincronizaron con el est\u00edmulo con m\u00e1s precisi\u00f3n que el resto de participantes.<\/p>\n<p>\u201cEstos datos demuestran que las personas con m\u00e1s serotonina disponible en el col\u00edculo inferior son capaces de analizar m\u00e1s cuidadosamente el est\u00edmulo y extraer mucha m\u00e1s se\u00f1al en el mismo contexto, como si las neuronas fueran una antena de wifi con m\u00e1s cobertura. De hecho, es la primera vez que se encuentra una diferencia gen\u00e9tica tan robusta en la codificaci\u00f3n del sonido\u201d, aclara Carles Escera.<\/p>\n<p>El reto que se plantean ahora los investigadores es averiguar qu\u00e9 consecuencias funcionales tiene esta claridad en la codificaci\u00f3n del sonido, y si podr\u00eda servir como marcador de determinados trastornos del habla: \u201cSi encontramos una correlaci\u00f3n entre la codificaci\u00f3n de los sonidos y su percepci\u00f3n, el genotipo nos podr\u00eda ayudar a detectar a las personas con m\u00e1s probabilidades de tener problemas ocasionados por una codificaci\u00f3n defectuosa de los sonidos, como por ejemplo la que se produce en el trastorno del procesamiento auditivo central, y dise\u00f1ar tratamientos personalizados\u201d, concluye Lenka Selinger.<\/p>\n<p>SINC<\/p>\n<p>&nbsp;<\/p>\n","protected":false},"excerpt":{"rendered":"<p>Investigadores de la Universidad de Barcelona (UB) han identificado por primera vez en humanos un gen implicado en el procesamiento del sonido, una funci\u00f3n fundamental para la comunicaci\u00f3n humana. El estudio detecta diferencias gen\u00e9ticas en la eficacia con la que el col\u00edculo inferior \u2014una estructura subcortical del cerebro\u2014 codifica las se\u00f1ales auditivas. Los resultados, publicados<\/p>\n","protected":false},"author":1,"featured_media":83940,"comment_status":"open","ping_status":"closed","sticky":false,"template":"","format":"standard","meta":{"footnotes":""},"categories":[224],"tags":[],"class_list":{"0":"post-83939","1":"post","2":"type-post","3":"status-publish","4":"format-standard","5":"has-post-thumbnail","7":"category-noticias-actualidad"},"aioseo_notices":[],"aioseo_head":"\n\t\t<!-- All in One SEO Pro 4.9.6.1 - aioseo.com -->\n\t<meta name=\"description\" content=\"Investigadores de la Universidad de Barcelona (UB) han identificado por primera vez en humanos un gen implicado en el procesamiento del sonido, una funci\u00f3n fundamental para la comunicaci\u00f3n humana. El estudio detecta diferencias gen\u00e9ticas en la eficacia con la que el col\u00edculo inferior \u2014una estructura subcortical del cerebro\u2014 codifica las se\u00f1ales auditivas. Los resultados, publicados\" \/>\n\t<meta name=\"robots\" content=\"max-image-preview:large\" \/>\n\t<meta name=\"author\" content=\"admin\"\/>\n\t<meta name=\"google-site-verification\" content=\"UA-38556648-1\" \/>\n\t<meta name=\"keywords\" content=\"noticias y actualidad\" \/>\n\t<link rel=\"canonical\" href=\"https:\/\/eldigitaldeasturias.com\/magazine365\/identifican-un-gen-implicado-en-la-codificacion-del-sonido\/\" \/>\n\t<meta name=\"generator\" content=\"All in One SEO Pro (AIOSEO) 4.9.6.1\" \/>\n\t\t<meta property=\"og:locale\" content=\"es_ES\" \/>\n\t\t<meta property=\"og:site_name\" content=\"El Digital de Asturias \u2013 Revista de ocio, turismo y estilo de vida\" \/>\n\t\t<meta property=\"og:type\" content=\"article\" \/>\n\t\t<meta property=\"og:title\" content=\"Identifican un gen implicado en la codificaci\u00f3n del sonido | El Digital de Asturias\" \/>\n\t\t<meta property=\"og:description\" content=\"Investigadores de la Universidad de Barcelona (UB) han identificado por primera vez en humanos un gen implicado en el procesamiento del sonido, una funci\u00f3n fundamental para la comunicaci\u00f3n humana. El estudio detecta diferencias gen\u00e9ticas en la eficacia con la que el col\u00edculo inferior \u2014una estructura subcortical del cerebro\u2014 codifica las se\u00f1ales auditivas. Los resultados, publicados\" \/>\n\t\t<meta property=\"og:url\" content=\"https:\/\/eldigitaldeasturias.com\/magazine365\/identifican-un-gen-implicado-en-la-codificacion-del-sonido\/\" \/>\n\t\t<meta property=\"og:image\" content=\"https:\/\/eldigitaldeasturias.com\/magazine365\/wp-content\/uploads\/2016\/12\/codificacion-del-sonido.jpg\" \/>\n\t\t<meta property=\"og:image:secure_url\" content=\"https:\/\/eldigitaldeasturias.com\/magazine365\/wp-content\/uploads\/2016\/12\/codificacion-del-sonido.jpg\" \/>\n\t\t<meta property=\"og:image:width\" content=\"570\" \/>\n\t\t<meta property=\"og:image:height\" content=\"380\" \/>\n\t\t<meta property=\"article:published_time\" content=\"2016-12-07T22:48:13+00:00\" \/>\n\t\t<meta property=\"article:modified_time\" content=\"2016-12-07T22:48:13+00:00\" \/>\n\t\t<meta name=\"twitter:card\" content=\"summary_large_image\" \/>\n\t\t<meta name=\"twitter:title\" content=\"Identifican un gen implicado en la codificaci\u00f3n del sonido | El Digital de Asturias\" \/>\n\t\t<meta name=\"twitter:description\" content=\"Investigadores de la Universidad de Barcelona (UB) han identificado por primera vez en humanos un gen implicado en el procesamiento del sonido, una funci\u00f3n fundamental para la comunicaci\u00f3n humana. El estudio detecta diferencias gen\u00e9ticas en la eficacia con la que el col\u00edculo inferior \u2014una estructura subcortical del cerebro\u2014 codifica las se\u00f1ales auditivas. Los resultados, publicados\" \/>\n\t\t<meta name=\"twitter:image\" content=\"https:\/\/eldigitaldeasturias.com\/magazine365\/wp-content\/uploads\/2016\/12\/codificacion-del-sonido.jpg\" \/>\n\t\t<script type=\"application\/ld+json\" class=\"aioseo-schema\">\n\t\t\t{\"@context\":\"https:\\\/\\\/schema.org\",\"@graph\":[{\"@type\":\"Article\",\"@id\":\"https:\\\/\\\/eldigitaldeasturias.com\\\/magazine365\\\/identifican-un-gen-implicado-en-la-codificacion-del-sonido\\\/#article\",\"name\":\"Identifican un gen implicado en la codificaci\\u00f3n del sonido | El Digital de Asturias\",\"headline\":\"Identifican un gen implicado en la codificaci\\u00f3n del sonido\",\"author\":{\"@id\":\"https:\\\/\\\/eldigitaldeasturias.com\\\/magazine365\\\/author\\\/admin\\\/#author\"},\"publisher\":{\"@id\":\"https:\\\/\\\/eldigitaldeasturias.com\\\/magazine365\\\/#organization\"},\"image\":{\"@type\":\"ImageObject\",\"url\":\"https:\\\/\\\/eldigitaldeasturias.com\\\/magazine365\\\/wp-content\\\/uploads\\\/2016\\\/12\\\/codificacion-del-sonido.jpg\",\"width\":570,\"height\":380},\"datePublished\":\"2016-12-07T23:48:13+01:00\",\"dateModified\":\"2016-12-07T23:48:13+01:00\",\"inLanguage\":\"es-ES\",\"mainEntityOfPage\":{\"@id\":\"https:\\\/\\\/eldigitaldeasturias.com\\\/magazine365\\\/identifican-un-gen-implicado-en-la-codificacion-del-sonido\\\/#webpage\"},\"isPartOf\":{\"@id\":\"https:\\\/\\\/eldigitaldeasturias.com\\\/magazine365\\\/identifican-un-gen-implicado-en-la-codificacion-del-sonido\\\/#webpage\"},\"articleSection\":\"Noticias y Actualidad\"},{\"@type\":\"BreadcrumbList\",\"@id\":\"https:\\\/\\\/eldigitaldeasturias.com\\\/magazine365\\\/identifican-un-gen-implicado-en-la-codificacion-del-sonido\\\/#breadcrumblist\",\"itemListElement\":[{\"@type\":\"ListItem\",\"@id\":\"https:\\\/\\\/eldigitaldeasturias.com\\\/magazine365#listItem\",\"position\":1,\"name\":\"Home\",\"item\":\"https:\\\/\\\/eldigitaldeasturias.com\\\/magazine365\",\"nextItem\":{\"@type\":\"ListItem\",\"@id\":\"https:\\\/\\\/eldigitaldeasturias.com\\\/magazine365\\\/category\\\/noticias-actualidad\\\/#listItem\",\"name\":\"Noticias y Actualidad\"}},{\"@type\":\"ListItem\",\"@id\":\"https:\\\/\\\/eldigitaldeasturias.com\\\/magazine365\\\/category\\\/noticias-actualidad\\\/#listItem\",\"position\":2,\"name\":\"Noticias y Actualidad\",\"item\":\"https:\\\/\\\/eldigitaldeasturias.com\\\/magazine365\\\/category\\\/noticias-actualidad\\\/\",\"nextItem\":{\"@type\":\"ListItem\",\"@id\":\"https:\\\/\\\/eldigitaldeasturias.com\\\/magazine365\\\/identifican-un-gen-implicado-en-la-codificacion-del-sonido\\\/#listItem\",\"name\":\"Identifican un gen implicado en la codificaci\\u00f3n del sonido\"},\"previousItem\":{\"@type\":\"ListItem\",\"@id\":\"https:\\\/\\\/eldigitaldeasturias.com\\\/magazine365#listItem\",\"name\":\"Home\"}},{\"@type\":\"ListItem\",\"@id\":\"https:\\\/\\\/eldigitaldeasturias.com\\\/magazine365\\\/identifican-un-gen-implicado-en-la-codificacion-del-sonido\\\/#listItem\",\"position\":3,\"name\":\"Identifican un gen implicado en la codificaci\\u00f3n del sonido\",\"previousItem\":{\"@type\":\"ListItem\",\"@id\":\"https:\\\/\\\/eldigitaldeasturias.com\\\/magazine365\\\/category\\\/noticias-actualidad\\\/#listItem\",\"name\":\"Noticias y Actualidad\"}}]},{\"@type\":\"Organization\",\"@id\":\"https:\\\/\\\/eldigitaldeasturias.com\\\/magazine365\\\/#organization\",\"name\":\"El digital de Asturias\",\"description\":\"Revista de ocio, turismo y estilo de vida\",\"url\":\"https:\\\/\\\/eldigitaldeasturias.com\\\/magazine365\\\/\",\"logo\":{\"@type\":\"ImageObject\",\"url\":\"https:\\\/\\\/www.eldigitaldeasturias.com\\\/noticias\\\/wp-content\\\/uploads\\\/2020\\\/12\\\/EDA.jpg\",\"@id\":\"https:\\\/\\\/eldigitaldeasturias.com\\\/magazine365\\\/identifican-un-gen-implicado-en-la-codificacion-del-sonido\\\/#organizationLogo\"},\"image\":{\"@id\":\"https:\\\/\\\/eldigitaldeasturias.com\\\/magazine365\\\/identifican-un-gen-implicado-en-la-codificacion-del-sonido\\\/#organizationLogo\"}},{\"@type\":\"Person\",\"@id\":\"https:\\\/\\\/eldigitaldeasturias.com\\\/magazine365\\\/author\\\/admin\\\/#author\",\"url\":\"https:\\\/\\\/eldigitaldeasturias.com\\\/magazine365\\\/author\\\/admin\\\/\",\"name\":\"admin\",\"image\":{\"@type\":\"ImageObject\",\"@id\":\"https:\\\/\\\/eldigitaldeasturias.com\\\/magazine365\\\/identifican-un-gen-implicado-en-la-codificacion-del-sonido\\\/#authorImage\",\"url\":\"https:\\\/\\\/eldigitaldeasturias.com\\\/magazine365\\\/wp-content\\\/litespeed\\\/avatar\\\/e571bcf59a0edd6fa6838245a470f2fe.jpg?ver=1776969259\",\"width\":96,\"height\":96,\"caption\":\"admin\"}},{\"@type\":\"WebPage\",\"@id\":\"https:\\\/\\\/eldigitaldeasturias.com\\\/magazine365\\\/identifican-un-gen-implicado-en-la-codificacion-del-sonido\\\/#webpage\",\"url\":\"https:\\\/\\\/eldigitaldeasturias.com\\\/magazine365\\\/identifican-un-gen-implicado-en-la-codificacion-del-sonido\\\/\",\"name\":\"Identifican un gen implicado en la codificaci\\u00f3n del sonido | El Digital de Asturias\",\"description\":\"Investigadores de la Universidad de Barcelona (UB) han identificado por primera vez en humanos un gen implicado en el procesamiento del sonido, una funci\\u00f3n fundamental para la comunicaci\\u00f3n humana. El estudio detecta diferencias gen\\u00e9ticas en la eficacia con la que el col\\u00edculo inferior \\u2014una estructura subcortical del cerebro\\u2014 codifica las se\\u00f1ales auditivas. Los resultados, publicados\",\"inLanguage\":\"es-ES\",\"isPartOf\":{\"@id\":\"https:\\\/\\\/eldigitaldeasturias.com\\\/magazine365\\\/#website\"},\"breadcrumb\":{\"@id\":\"https:\\\/\\\/eldigitaldeasturias.com\\\/magazine365\\\/identifican-un-gen-implicado-en-la-codificacion-del-sonido\\\/#breadcrumblist\"},\"author\":{\"@id\":\"https:\\\/\\\/eldigitaldeasturias.com\\\/magazine365\\\/author\\\/admin\\\/#author\"},\"creator\":{\"@id\":\"https:\\\/\\\/eldigitaldeasturias.com\\\/magazine365\\\/author\\\/admin\\\/#author\"},\"image\":{\"@type\":\"ImageObject\",\"url\":\"https:\\\/\\\/eldigitaldeasturias.com\\\/magazine365\\\/wp-content\\\/uploads\\\/2016\\\/12\\\/codificacion-del-sonido.jpg\",\"@id\":\"https:\\\/\\\/eldigitaldeasturias.com\\\/magazine365\\\/identifican-un-gen-implicado-en-la-codificacion-del-sonido\\\/#mainImage\",\"width\":570,\"height\":380},\"primaryImageOfPage\":{\"@id\":\"https:\\\/\\\/eldigitaldeasturias.com\\\/magazine365\\\/identifican-un-gen-implicado-en-la-codificacion-del-sonido\\\/#mainImage\"},\"datePublished\":\"2016-12-07T23:48:13+01:00\",\"dateModified\":\"2016-12-07T23:48:13+01:00\"},{\"@type\":\"WebSite\",\"@id\":\"https:\\\/\\\/eldigitaldeasturias.com\\\/magazine365\\\/#website\",\"url\":\"https:\\\/\\\/eldigitaldeasturias.com\\\/magazine365\\\/\",\"name\":\"El Digital de Asturias\",\"description\":\"Revista de ocio, turismo y estilo de vida\",\"inLanguage\":\"es-ES\",\"publisher\":{\"@id\":\"https:\\\/\\\/eldigitaldeasturias.com\\\/magazine365\\\/#organization\"}}]}\n\t\t<\/script>\n\t\t<!-- All in One SEO Pro -->\r\n\t\t<title>Identifican un gen implicado en la codificaci\u00f3n del sonido | El Digital de Asturias<\/title>\n\n","aioseo_head_json":{"title":"Identifican un gen implicado en la codificaci\u00f3n del sonido | El Digital de Asturias","description":"Investigadores de la Universidad de Barcelona (UB) han identificado por primera vez en humanos un gen implicado en el procesamiento del sonido, una funci\u00f3n fundamental para la comunicaci\u00f3n humana. El estudio detecta diferencias gen\u00e9ticas en la eficacia con la que el col\u00edculo inferior \u2014una estructura subcortical del cerebro\u2014 codifica las se\u00f1ales auditivas. Los resultados, publicados","canonical_url":"https:\/\/eldigitaldeasturias.com\/magazine365\/identifican-un-gen-implicado-en-la-codificacion-del-sonido\/","robots":"max-image-preview:large","keywords":"noticias y actualidad","webmasterTools":{"google-site-verification":"UA-38556648-1","miscellaneous":""},"schema":{"@context":"https:\/\/schema.org","@graph":[{"@type":"Article","@id":"https:\/\/eldigitaldeasturias.com\/magazine365\/identifican-un-gen-implicado-en-la-codificacion-del-sonido\/#article","name":"Identifican un gen implicado en la codificaci\u00f3n del sonido | El Digital de Asturias","headline":"Identifican un gen implicado en la codificaci\u00f3n del sonido","author":{"@id":"https:\/\/eldigitaldeasturias.com\/magazine365\/author\/admin\/#author"},"publisher":{"@id":"https:\/\/eldigitaldeasturias.com\/magazine365\/#organization"},"image":{"@type":"ImageObject","url":"https:\/\/eldigitaldeasturias.com\/magazine365\/wp-content\/uploads\/2016\/12\/codificacion-del-sonido.jpg","width":570,"height":380},"datePublished":"2016-12-07T23:48:13+01:00","dateModified":"2016-12-07T23:48:13+01:00","inLanguage":"es-ES","mainEntityOfPage":{"@id":"https:\/\/eldigitaldeasturias.com\/magazine365\/identifican-un-gen-implicado-en-la-codificacion-del-sonido\/#webpage"},"isPartOf":{"@id":"https:\/\/eldigitaldeasturias.com\/magazine365\/identifican-un-gen-implicado-en-la-codificacion-del-sonido\/#webpage"},"articleSection":"Noticias y Actualidad"},{"@type":"BreadcrumbList","@id":"https:\/\/eldigitaldeasturias.com\/magazine365\/identifican-un-gen-implicado-en-la-codificacion-del-sonido\/#breadcrumblist","itemListElement":[{"@type":"ListItem","@id":"https:\/\/eldigitaldeasturias.com\/magazine365#listItem","position":1,"name":"Home","item":"https:\/\/eldigitaldeasturias.com\/magazine365","nextItem":{"@type":"ListItem","@id":"https:\/\/eldigitaldeasturias.com\/magazine365\/category\/noticias-actualidad\/#listItem","name":"Noticias y Actualidad"}},{"@type":"ListItem","@id":"https:\/\/eldigitaldeasturias.com\/magazine365\/category\/noticias-actualidad\/#listItem","position":2,"name":"Noticias y Actualidad","item":"https:\/\/eldigitaldeasturias.com\/magazine365\/category\/noticias-actualidad\/","nextItem":{"@type":"ListItem","@id":"https:\/\/eldigitaldeasturias.com\/magazine365\/identifican-un-gen-implicado-en-la-codificacion-del-sonido\/#listItem","name":"Identifican un gen implicado en la codificaci\u00f3n del sonido"},"previousItem":{"@type":"ListItem","@id":"https:\/\/eldigitaldeasturias.com\/magazine365#listItem","name":"Home"}},{"@type":"ListItem","@id":"https:\/\/eldigitaldeasturias.com\/magazine365\/identifican-un-gen-implicado-en-la-codificacion-del-sonido\/#listItem","position":3,"name":"Identifican un gen implicado en la codificaci\u00f3n del sonido","previousItem":{"@type":"ListItem","@id":"https:\/\/eldigitaldeasturias.com\/magazine365\/category\/noticias-actualidad\/#listItem","name":"Noticias y Actualidad"}}]},{"@type":"Organization","@id":"https:\/\/eldigitaldeasturias.com\/magazine365\/#organization","name":"El digital de Asturias","description":"Revista de ocio, turismo y estilo de vida","url":"https:\/\/eldigitaldeasturias.com\/magazine365\/","logo":{"@type":"ImageObject","url":"https:\/\/www.eldigitaldeasturias.com\/noticias\/wp-content\/uploads\/2020\/12\/EDA.jpg","@id":"https:\/\/eldigitaldeasturias.com\/magazine365\/identifican-un-gen-implicado-en-la-codificacion-del-sonido\/#organizationLogo"},"image":{"@id":"https:\/\/eldigitaldeasturias.com\/magazine365\/identifican-un-gen-implicado-en-la-codificacion-del-sonido\/#organizationLogo"}},{"@type":"Person","@id":"https:\/\/eldigitaldeasturias.com\/magazine365\/author\/admin\/#author","url":"https:\/\/eldigitaldeasturias.com\/magazine365\/author\/admin\/","name":"admin","image":{"@type":"ImageObject","@id":"https:\/\/eldigitaldeasturias.com\/magazine365\/identifican-un-gen-implicado-en-la-codificacion-del-sonido\/#authorImage","url":"https:\/\/eldigitaldeasturias.com\/magazine365\/wp-content\/litespeed\/avatar\/e571bcf59a0edd6fa6838245a470f2fe.jpg?ver=1776969259","width":96,"height":96,"caption":"admin"}},{"@type":"WebPage","@id":"https:\/\/eldigitaldeasturias.com\/magazine365\/identifican-un-gen-implicado-en-la-codificacion-del-sonido\/#webpage","url":"https:\/\/eldigitaldeasturias.com\/magazine365\/identifican-un-gen-implicado-en-la-codificacion-del-sonido\/","name":"Identifican un gen implicado en la codificaci\u00f3n del sonido | El Digital de Asturias","description":"Investigadores de la Universidad de Barcelona (UB) han identificado por primera vez en humanos un gen implicado en el procesamiento del sonido, una funci\u00f3n fundamental para la comunicaci\u00f3n humana. El estudio detecta diferencias gen\u00e9ticas en la eficacia con la que el col\u00edculo inferior \u2014una estructura subcortical del cerebro\u2014 codifica las se\u00f1ales auditivas. Los resultados, publicados","inLanguage":"es-ES","isPartOf":{"@id":"https:\/\/eldigitaldeasturias.com\/magazine365\/#website"},"breadcrumb":{"@id":"https:\/\/eldigitaldeasturias.com\/magazine365\/identifican-un-gen-implicado-en-la-codificacion-del-sonido\/#breadcrumblist"},"author":{"@id":"https:\/\/eldigitaldeasturias.com\/magazine365\/author\/admin\/#author"},"creator":{"@id":"https:\/\/eldigitaldeasturias.com\/magazine365\/author\/admin\/#author"},"image":{"@type":"ImageObject","url":"https:\/\/eldigitaldeasturias.com\/magazine365\/wp-content\/uploads\/2016\/12\/codificacion-del-sonido.jpg","@id":"https:\/\/eldigitaldeasturias.com\/magazine365\/identifican-un-gen-implicado-en-la-codificacion-del-sonido\/#mainImage","width":570,"height":380},"primaryImageOfPage":{"@id":"https:\/\/eldigitaldeasturias.com\/magazine365\/identifican-un-gen-implicado-en-la-codificacion-del-sonido\/#mainImage"},"datePublished":"2016-12-07T23:48:13+01:00","dateModified":"2016-12-07T23:48:13+01:00"},{"@type":"WebSite","@id":"https:\/\/eldigitaldeasturias.com\/magazine365\/#website","url":"https:\/\/eldigitaldeasturias.com\/magazine365\/","name":"El Digital de Asturias","description":"Revista de ocio, turismo y estilo de vida","inLanguage":"es-ES","publisher":{"@id":"https:\/\/eldigitaldeasturias.com\/magazine365\/#organization"}}]},"og:locale":"es_ES","og:site_name":"El Digital de Asturias \u2013 Revista de ocio, turismo y estilo de vida","og:type":"article","og:title":"Identifican un gen implicado en la codificaci\u00f3n del sonido | El Digital de Asturias","og:description":"Investigadores de la Universidad de Barcelona (UB) han identificado por primera vez en humanos un gen implicado en el procesamiento del sonido, una funci\u00f3n fundamental para la comunicaci\u00f3n humana. El estudio detecta diferencias gen\u00e9ticas en la eficacia con la que el col\u00edculo inferior \u2014una estructura subcortical del cerebro\u2014 codifica las se\u00f1ales auditivas. Los resultados, publicados","og:url":"https:\/\/eldigitaldeasturias.com\/magazine365\/identifican-un-gen-implicado-en-la-codificacion-del-sonido\/","og:image":"https:\/\/eldigitaldeasturias.com\/magazine365\/wp-content\/uploads\/2016\/12\/codificacion-del-sonido.jpg","og:image:secure_url":"https:\/\/eldigitaldeasturias.com\/magazine365\/wp-content\/uploads\/2016\/12\/codificacion-del-sonido.jpg","og:image:width":570,"og:image:height":380,"article:published_time":"2016-12-07T22:48:13+00:00","article:modified_time":"2016-12-07T22:48:13+00:00","twitter:card":"summary_large_image","twitter:title":"Identifican un gen implicado en la codificaci\u00f3n del sonido | El Digital de Asturias","twitter:description":"Investigadores de la Universidad de Barcelona (UB) han identificado por primera vez en humanos un gen implicado en el procesamiento del sonido, una funci\u00f3n fundamental para la comunicaci\u00f3n humana. El estudio detecta diferencias gen\u00e9ticas en la eficacia con la que el col\u00edculo inferior \u2014una estructura subcortical del cerebro\u2014 codifica las se\u00f1ales auditivas. Los resultados, publicados","twitter:image":"https:\/\/eldigitaldeasturias.com\/magazine365\/wp-content\/uploads\/2016\/12\/codificacion-del-sonido.jpg"},"aioseo_meta_data":{"post_id":"83939","title":null,"description":null,"keywords":null,"keyphrases":null,"primary_term":null,"canonical_url":null,"og_title":null,"og_description":null,"og_object_type":"default","og_image_type":"default","og_image_url":null,"og_image_width":null,"og_image_height":null,"og_image_custom_url":null,"og_image_custom_fields":null,"og_video":null,"og_custom_url":null,"og_article_section":null,"og_article_tags":null,"twitter_use_og":false,"twitter_card":"default","twitter_image_type":"default","twitter_image_url":null,"twitter_image_custom_url":null,"twitter_image_custom_fields":null,"twitter_title":null,"twitter_description":null,"schema":{"blockGraphs":[],"customGraphs":[],"default":{"data":{"Article":[],"Course":[],"Dataset":[],"FAQPage":[],"Movie":[],"Person":[],"Product":[],"ProductReview":[],"Car":[],"Recipe":[],"Service":[],"SoftwareApplication":[],"WebPage":[]},"graphName":"","isEnabled":true},"graphs":[]},"schema_type":null,"schema_type_options":null,"pillar_content":false,"robots_default":true,"robots_noindex":false,"robots_noarchive":false,"robots_nosnippet":false,"robots_nofollow":false,"robots_noimageindex":false,"robots_noodp":false,"robots_notranslate":false,"robots_max_snippet":null,"robots_max_videopreview":null,"robots_max_imagepreview":"large","priority":null,"frequency":null,"location":null,"local_seo":null,"seo_analyzer_scan_date":"2025-09-28 03:55:30","breadcrumb_settings":null,"limit_modified_date":false,"open_ai":null,"ai":null,"created":"2020-12-21 15:28:28","updated":"2025-09-28 03:55:30"},"aioseo_breadcrumb":"<div class=\"aioseo-breadcrumbs\"><span class=\"aioseo-breadcrumb\">\n\t<a href=\"https:\/\/eldigitaldeasturias.com\/magazine365\" title=\"Home\">Home<\/a>\n<\/span><span class=\"aioseo-breadcrumb-separator\">\u2013<\/span><span class=\"aioseo-breadcrumb\">\n\t<a href=\"https:\/\/eldigitaldeasturias.com\/magazine365\/category\/noticias-actualidad\/\" title=\"Noticias y Actualidad\">Noticias y Actualidad<\/a>\n<\/span><span class=\"aioseo-breadcrumb-separator\">\u2013<\/span><span class=\"aioseo-breadcrumb\">\n\t<a href=\"https:\/\/eldigitaldeasturias.com\/magazine365\/identifican-un-gen-implicado-en-la-codificacion-del-sonido\/\" title=\"Identifican un gen implicado en la codificaci\u00f3n del sonido\">Identifican un gen implicado en la codificaci\u00f3n del sonido<\/a>\n<\/span><\/div>","aioseo_breadcrumb_json":[{"label":"Home","link":"https:\/\/eldigitaldeasturias.com\/magazine365"},{"label":"Noticias y Actualidad","link":"https:\/\/eldigitaldeasturias.com\/magazine365\/category\/noticias-actualidad\/"},{"label":"Identifican un gen implicado en la codificaci\u00f3n del sonido","link":"https:\/\/eldigitaldeasturias.com\/magazine365\/identifican-un-gen-implicado-en-la-codificacion-del-sonido\/"}],"_links":{"self":[{"href":"https:\/\/eldigitaldeasturias.com\/magazine365\/wp-json\/wp\/v2\/posts\/83939","targetHints":{"allow":["GET"]}}],"collection":[{"href":"https:\/\/eldigitaldeasturias.com\/magazine365\/wp-json\/wp\/v2\/posts"}],"about":[{"href":"https:\/\/eldigitaldeasturias.com\/magazine365\/wp-json\/wp\/v2\/types\/post"}],"author":[{"embeddable":true,"href":"https:\/\/eldigitaldeasturias.com\/magazine365\/wp-json\/wp\/v2\/users\/1"}],"replies":[{"embeddable":true,"href":"https:\/\/eldigitaldeasturias.com\/magazine365\/wp-json\/wp\/v2\/comments?post=83939"}],"version-history":[{"count":0,"href":"https:\/\/eldigitaldeasturias.com\/magazine365\/wp-json\/wp\/v2\/posts\/83939\/revisions"}],"wp:featuredmedia":[{"embeddable":true,"href":"https:\/\/eldigitaldeasturias.com\/magazine365\/wp-json\/wp\/v2\/media\/83940"}],"wp:attachment":[{"href":"https:\/\/eldigitaldeasturias.com\/magazine365\/wp-json\/wp\/v2\/media?parent=83939"}],"wp:term":[{"taxonomy":"category","embeddable":true,"href":"https:\/\/eldigitaldeasturias.com\/magazine365\/wp-json\/wp\/v2\/categories?post=83939"},{"taxonomy":"post_tag","embeddable":true,"href":"https:\/\/eldigitaldeasturias.com\/magazine365\/wp-json\/wp\/v2\/tags?post=83939"}],"curies":[{"name":"wp","href":"https:\/\/api.w.org\/{rel}","templated":true}]}}