{"id":83524,"date":"2016-11-25T14:11:53","date_gmt":"2016-11-25T13:11:53","guid":{"rendered":"http:\/\/eldigitaldeasturias.com\/magazine365\/?p=83524"},"modified":"2016-11-25T14:22:35","modified_gmt":"2016-11-25T13:22:35","slug":"el-comite-de-mama-del-hospital-miguel-servet-cumple-25-anos","status":"publish","type":"post","link":"https:\/\/eldigitaldeasturias.com\/magazine365\/el-comite-de-mama-del-hospital-miguel-servet-cumple-25-anos\/","title":{"rendered":"El Comit\u00e9 de Mama del Hospital Miguel Servet cumple 25 a\u00f1os"},"content":{"rendered":"<p><img fetchpriority=\"high\" decoding=\"async\" class=\"alignleft size-medium wp-image-83525\" src=\"https:\/\/eldigitaldeasturias.com\/magazine365\/wp-content\/uploads\/2016\/11\/imagenes_equipocomite_d566edff-360x159.jpg\" alt=\"imagenes_equipocomite_d566edff\" width=\"360\" height=\"159\" srcset=\"https:\/\/eldigitaldeasturias.com\/magazine365\/wp-content\/uploads\/2016\/11\/imagenes_equipocomite_d566edff-360x159.jpg 360w, https:\/\/eldigitaldeasturias.com\/magazine365\/wp-content\/uploads\/2016\/11\/imagenes_equipocomite_d566edff-650x288.jpg 650w, https:\/\/eldigitaldeasturias.com\/magazine365\/wp-content\/uploads\/2016\/11\/imagenes_equipocomite_d566edff-150x66.jpg 150w, https:\/\/eldigitaldeasturias.com\/magazine365\/wp-content\/uploads\/2016\/11\/imagenes_equipocomite_d566edff-450x199.jpg 450w, https:\/\/eldigitaldeasturias.com\/magazine365\/wp-content\/uploads\/2016\/11\/imagenes_equipocomite_d566edff-250x110.jpg 250w, https:\/\/eldigitaldeasturias.com\/magazine365\/wp-content\/uploads\/2016\/11\/imagenes_equipocomite_d566edff.jpg 700w\" sizes=\"(max-width: 360px) 100vw, 360px\" \/>El Comit\u00e9 de Mama del Hospital Universitario Miguel Servet de Zaragoza cumple 25 a\u00f1os, un periodo en el que en este centro se han tratado a miles de mujeres con c\u00e1ncer de mama y en el que se han cambiado los sistemas de organizaci\u00f3n profesional para dar la mejor atenci\u00f3n posible a cada paciente. El comit\u00e9, el primero que arranc\u00f3 en el hospital, supuso un primer paso de colaboraci\u00f3n multidisciplinar para lo que luego evolucionar\u00eda al que ser\u00eda llamado \u201cProceso de c\u00e1ncer de mama\u201d, sistema organizativo en el que un grupo multidisciplinar de expertos atiende a las pacientes con sospecha de c\u00e1ncer de mama.<\/p>\n<p>Esta f\u00f3rmula supuso un verdadero cambio en la forma de concebir la atenci\u00f3n a la paciente. \u201cLa mujer es el centro del proceso y somos los distintos especialistas -hasta diez- los que estamos alrededor de ella y nos organizamos para que cada decisi\u00f3n que se deba adoptar sea propuesta regladamente por un equipo multidisciplinar de forma colegiada y consensuada\u201d, explica Antonio Ant\u00f3n, jefe de Oncolog\u00eda M\u00e9dica del Servet y responsable del grupo de Proceso de mama.<\/p>\n<p>Este grupo comenz\u00f3 en 2009 y, desde la primera mujer a la que se asisti\u00f3 \u2013el 2 de marzo de 2009- hasta el pasado lunes, sus integrantes han atendido a 2.699 mujeres con c\u00e1ncer de mama. Luego, cada una de ellas ha requerido un proceso distinto seg\u00fan su caso concreto, evoluci\u00f3n, supervivencia o reca\u00eddas. \u201dNuestra tendencia a lo largo de estos a\u00f1os ha sido intentar tratar cada caso seg\u00fan sus necesidades y es a lo que tendemos, a la llamada medicina personalizada, pero nosotros podemos decir que en pocos sitios de Espa\u00f1a se puede ofrecer a la paciente con c\u00e1ncer de mama tanto, tan estudiado, documentado y consensuado\u201d, dice el especialista. \u201cHay que transmitir a las mujer con c\u00e1ncer de mama que en nuestro sistema sanitario est\u00e1 en muy buenas manos\u201d, concluye.<\/p>\n<p>El Proceso de mama est\u00e1 formado por facultativos de Cirug\u00eda General, Ginecolog\u00eda, Cirug\u00eda Pl\u00e1stica, Anatom\u00eda Patol\u00f3gica, Radiodiagn\u00f3stico, Medicina Nuclear, Psiquiatr\u00eda, Rehabilitaci\u00f3n, Oncolog\u00eda M\u00e9dica y Radioter\u00e1pica, as\u00ed como de personal de Enfermer\u00eda. El alto volumen de casos que llega al hospital ha generado una supra especializaci\u00f3n en cada servicio. \u201cLos cirujanos y ginec\u00f3logos nuestros que operan mama, solo operan mama, los radioterapeutas igual, los pl\u00e1sticos, los onc\u00f3logos\u2026 y esto es una garant\u00eda m\u00e1s para la mujer\u201d, insiste el doctor, quien se\u00f1ala que este m\u00e9todo de trabajo ha permitido una s\u00faper especializaci\u00f3n de los expertos, una homogeneizaci\u00f3n de tratamientos en la mujer y \u201cpoder ofrecer todas las opciones terap\u00e9uticas disponibles\u201d.<\/p>\n<p>De esta manera, a lo largo de estos a\u00f1os, se ha podido potenciar la cirug\u00eda conservadora con garant\u00edas; se ha implantado la radioterapia intraoperatoria de mama; se ha generalizado la intervenci\u00f3n del ganglio centinela; las pacientes disponen de Consejo Gen\u00e9tico, apoyo psicol\u00f3gico y tratamiento rehabilitador; se abre camino la reconstrucci\u00f3n mamaria con tejido aut\u00f3logo y casi en el 70 % de las mastectom\u00edas se hace reconstrucci\u00f3n inmediata.<\/p>\n<p>Desde el 2009, cada a\u00f1o se recibe una media de 385 casos nuevos de mujeres con c\u00e1ncer de mama. Con la supervivencia actual \u2013entre el 85 y el 90%- la prevalencia es muy alta, lo que supone que cada a\u00f1o en el Servet pueden atenderse a 3.500 mujeres (a los casos nuevos, se suman las mujeres en tratamiento o revisiones de distinta periodicidad).<\/p>\n<p>El XXV aniversario se ha celebrado hoy en el hospital con un acto cient\u00edfico.<\/p>\n<p>&nbsp;<\/p>\n<p>&nbsp;<\/p>\n<p>&nbsp;<\/p>\n","protected":false},"excerpt":{"rendered":"<p>El Comit\u00e9 de Mama del Hospital Universitario Miguel Servet de Zaragoza cumple 25 a\u00f1os, un periodo en el que en este centro se han tratado a miles de mujeres con c\u00e1ncer de mama y en el que se han cambiado los sistemas de organizaci\u00f3n profesional para dar la mejor atenci\u00f3n posible a cada paciente. El<\/p>\n","protected":false},"author":1,"featured_media":83525,"comment_status":"open","ping_status":"closed","sticky":false,"template":"","format":"standard","meta":{"footnotes":""},"categories":[224],"tags":[],"class_list":{"0":"post-83524","1":"post","2":"type-post","3":"status-publish","4":"format-standard","5":"has-post-thumbnail","7":"category-noticias-actualidad"},"aioseo_notices":[],"aioseo_head":"\n\t\t<!-- All in One SEO Pro 4.9.6.1 - aioseo.com -->\n\t<meta name=\"description\" content=\"El Comit\u00e9 de Mama del Hospital Universitario Miguel Servet de Zaragoza cumple 25 a\u00f1os, un periodo en el que en este centro se han tratado a miles de mujeres con c\u00e1ncer de mama y en el que se han cambiado los sistemas de organizaci\u00f3n profesional para dar la mejor atenci\u00f3n posible a cada paciente. El\" \/>\n\t<meta name=\"robots\" content=\"max-image-preview:large\" \/>\n\t<meta name=\"author\" content=\"admin\"\/>\n\t<meta name=\"google-site-verification\" content=\"UA-38556648-1\" \/>\n\t<meta name=\"keywords\" content=\"noticias y actualidad\" \/>\n\t<link rel=\"canonical\" href=\"https:\/\/eldigitaldeasturias.com\/magazine365\/el-comite-de-mama-del-hospital-miguel-servet-cumple-25-anos\/\" \/>\n\t<meta name=\"generator\" content=\"All in One SEO Pro (AIOSEO) 4.9.6.1\" \/>\n\t\t<meta property=\"og:locale\" content=\"es_ES\" \/>\n\t\t<meta property=\"og:site_name\" content=\"El Digital de Asturias \u2013 Revista de ocio, turismo y estilo de vida\" \/>\n\t\t<meta property=\"og:type\" content=\"article\" \/>\n\t\t<meta property=\"og:title\" content=\"El Comit\u00e9 de Mama del Hospital Miguel Servet cumple 25 a\u00f1os | El Digital de Asturias\" \/>\n\t\t<meta property=\"og:description\" content=\"El Comit\u00e9 de Mama del Hospital Universitario Miguel Servet de Zaragoza cumple 25 a\u00f1os, un periodo en el que en este centro se han tratado a miles de mujeres con c\u00e1ncer de mama y en el que se han cambiado los sistemas de organizaci\u00f3n profesional para dar la mejor atenci\u00f3n posible a cada paciente. El\" \/>\n\t\t<meta property=\"og:url\" content=\"https:\/\/eldigitaldeasturias.com\/magazine365\/el-comite-de-mama-del-hospital-miguel-servet-cumple-25-anos\/\" \/>\n\t\t<meta property=\"og:image\" content=\"https:\/\/eldigitaldeasturias.com\/magazine365\/wp-content\/uploads\/2016\/11\/imagenes_equipocomite_d566edff.jpg\" \/>\n\t\t<meta property=\"og:image:secure_url\" content=\"https:\/\/eldigitaldeasturias.com\/magazine365\/wp-content\/uploads\/2016\/11\/imagenes_equipocomite_d566edff.jpg\" \/>\n\t\t<meta property=\"og:image:width\" content=\"700\" \/>\n\t\t<meta property=\"og:image:height\" content=\"310\" \/>\n\t\t<meta property=\"article:published_time\" content=\"2016-11-25T13:11:53+00:00\" \/>\n\t\t<meta property=\"article:modified_time\" content=\"2016-11-25T13:22:35+00:00\" \/>\n\t\t<meta name=\"twitter:card\" content=\"summary_large_image\" \/>\n\t\t<meta name=\"twitter:title\" content=\"El Comit\u00e9 de Mama del Hospital Miguel Servet cumple 25 a\u00f1os | El Digital de Asturias\" \/>\n\t\t<meta name=\"twitter:description\" content=\"El Comit\u00e9 de Mama del Hospital Universitario Miguel Servet de Zaragoza cumple 25 a\u00f1os, un periodo en el que en este centro se han tratado a miles de mujeres con c\u00e1ncer de mama y en el que se han cambiado los sistemas de organizaci\u00f3n profesional para dar la mejor atenci\u00f3n posible a cada paciente. El\" \/>\n\t\t<meta name=\"twitter:image\" content=\"https:\/\/eldigitaldeasturias.com\/magazine365\/wp-content\/uploads\/2016\/11\/imagenes_equipocomite_d566edff.jpg\" \/>\n\t\t<script type=\"application\/ld+json\" class=\"aioseo-schema\">\n\t\t\t{\"@context\":\"https:\\\/\\\/schema.org\",\"@graph\":[{\"@type\":\"Article\",\"@id\":\"https:\\\/\\\/eldigitaldeasturias.com\\\/magazine365\\\/el-comite-de-mama-del-hospital-miguel-servet-cumple-25-anos\\\/#article\",\"name\":\"El Comit\\u00e9 de Mama del Hospital Miguel Servet cumple 25 a\\u00f1os | El Digital de Asturias\",\"headline\":\"El Comit\\u00e9 de Mama del Hospital Miguel Servet cumple 25 a\\u00f1os\",\"author\":{\"@id\":\"https:\\\/\\\/eldigitaldeasturias.com\\\/magazine365\\\/author\\\/admin\\\/#author\"},\"publisher\":{\"@id\":\"https:\\\/\\\/eldigitaldeasturias.com\\\/magazine365\\\/#organization\"},\"image\":{\"@type\":\"ImageObject\",\"url\":\"https:\\\/\\\/eldigitaldeasturias.com\\\/magazine365\\\/wp-content\\\/uploads\\\/2016\\\/11\\\/imagenes_equipocomite_d566edff.jpg\",\"width\":700,\"height\":310},\"datePublished\":\"2016-11-25T14:11:53+01:00\",\"dateModified\":\"2016-11-25T14:22:35+01:00\",\"inLanguage\":\"es-ES\",\"mainEntityOfPage\":{\"@id\":\"https:\\\/\\\/eldigitaldeasturias.com\\\/magazine365\\\/el-comite-de-mama-del-hospital-miguel-servet-cumple-25-anos\\\/#webpage\"},\"isPartOf\":{\"@id\":\"https:\\\/\\\/eldigitaldeasturias.com\\\/magazine365\\\/el-comite-de-mama-del-hospital-miguel-servet-cumple-25-anos\\\/#webpage\"},\"articleSection\":\"Noticias y Actualidad\"},{\"@type\":\"BreadcrumbList\",\"@id\":\"https:\\\/\\\/eldigitaldeasturias.com\\\/magazine365\\\/el-comite-de-mama-del-hospital-miguel-servet-cumple-25-anos\\\/#breadcrumblist\",\"itemListElement\":[{\"@type\":\"ListItem\",\"@id\":\"https:\\\/\\\/eldigitaldeasturias.com\\\/magazine365#listItem\",\"position\":1,\"name\":\"Home\",\"item\":\"https:\\\/\\\/eldigitaldeasturias.com\\\/magazine365\",\"nextItem\":{\"@type\":\"ListItem\",\"@id\":\"https:\\\/\\\/eldigitaldeasturias.com\\\/magazine365\\\/category\\\/noticias-actualidad\\\/#listItem\",\"name\":\"Noticias y Actualidad\"}},{\"@type\":\"ListItem\",\"@id\":\"https:\\\/\\\/eldigitaldeasturias.com\\\/magazine365\\\/category\\\/noticias-actualidad\\\/#listItem\",\"position\":2,\"name\":\"Noticias y Actualidad\",\"item\":\"https:\\\/\\\/eldigitaldeasturias.com\\\/magazine365\\\/category\\\/noticias-actualidad\\\/\",\"nextItem\":{\"@type\":\"ListItem\",\"@id\":\"https:\\\/\\\/eldigitaldeasturias.com\\\/magazine365\\\/el-comite-de-mama-del-hospital-miguel-servet-cumple-25-anos\\\/#listItem\",\"name\":\"El Comit\\u00e9 de Mama del Hospital Miguel Servet cumple 25 a\\u00f1os\"},\"previousItem\":{\"@type\":\"ListItem\",\"@id\":\"https:\\\/\\\/eldigitaldeasturias.com\\\/magazine365#listItem\",\"name\":\"Home\"}},{\"@type\":\"ListItem\",\"@id\":\"https:\\\/\\\/eldigitaldeasturias.com\\\/magazine365\\\/el-comite-de-mama-del-hospital-miguel-servet-cumple-25-anos\\\/#listItem\",\"position\":3,\"name\":\"El Comit\\u00e9 de Mama del Hospital Miguel Servet cumple 25 a\\u00f1os\",\"previousItem\":{\"@type\":\"ListItem\",\"@id\":\"https:\\\/\\\/eldigitaldeasturias.com\\\/magazine365\\\/category\\\/noticias-actualidad\\\/#listItem\",\"name\":\"Noticias y Actualidad\"}}]},{\"@type\":\"Organization\",\"@id\":\"https:\\\/\\\/eldigitaldeasturias.com\\\/magazine365\\\/#organization\",\"name\":\"El digital de Asturias\",\"description\":\"Revista de ocio, turismo y estilo de vida\",\"url\":\"https:\\\/\\\/eldigitaldeasturias.com\\\/magazine365\\\/\",\"logo\":{\"@type\":\"ImageObject\",\"url\":\"https:\\\/\\\/www.eldigitaldeasturias.com\\\/noticias\\\/wp-content\\\/uploads\\\/2020\\\/12\\\/EDA.jpg\",\"@id\":\"https:\\\/\\\/eldigitaldeasturias.com\\\/magazine365\\\/el-comite-de-mama-del-hospital-miguel-servet-cumple-25-anos\\\/#organizationLogo\"},\"image\":{\"@id\":\"https:\\\/\\\/eldigitaldeasturias.com\\\/magazine365\\\/el-comite-de-mama-del-hospital-miguel-servet-cumple-25-anos\\\/#organizationLogo\"}},{\"@type\":\"Person\",\"@id\":\"https:\\\/\\\/eldigitaldeasturias.com\\\/magazine365\\\/author\\\/admin\\\/#author\",\"url\":\"https:\\\/\\\/eldigitaldeasturias.com\\\/magazine365\\\/author\\\/admin\\\/\",\"name\":\"admin\",\"image\":{\"@type\":\"ImageObject\",\"@id\":\"https:\\\/\\\/eldigitaldeasturias.com\\\/magazine365\\\/el-comite-de-mama-del-hospital-miguel-servet-cumple-25-anos\\\/#authorImage\",\"url\":\"https:\\\/\\\/eldigitaldeasturias.com\\\/magazine365\\\/wp-content\\\/litespeed\\\/avatar\\\/e571bcf59a0edd6fa6838245a470f2fe.jpg?ver=1776969259\",\"width\":96,\"height\":96,\"caption\":\"admin\"}},{\"@type\":\"WebPage\",\"@id\":\"https:\\\/\\\/eldigitaldeasturias.com\\\/magazine365\\\/el-comite-de-mama-del-hospital-miguel-servet-cumple-25-anos\\\/#webpage\",\"url\":\"https:\\\/\\\/eldigitaldeasturias.com\\\/magazine365\\\/el-comite-de-mama-del-hospital-miguel-servet-cumple-25-anos\\\/\",\"name\":\"El Comit\\u00e9 de Mama del Hospital Miguel Servet cumple 25 a\\u00f1os | El Digital de Asturias\",\"description\":\"El Comit\\u00e9 de Mama del Hospital Universitario Miguel Servet de Zaragoza cumple 25 a\\u00f1os, un periodo en el que en este centro se han tratado a miles de mujeres con c\\u00e1ncer de mama y en el que se han cambiado los sistemas de organizaci\\u00f3n profesional para dar la mejor atenci\\u00f3n posible a cada paciente. El\",\"inLanguage\":\"es-ES\",\"isPartOf\":{\"@id\":\"https:\\\/\\\/eldigitaldeasturias.com\\\/magazine365\\\/#website\"},\"breadcrumb\":{\"@id\":\"https:\\\/\\\/eldigitaldeasturias.com\\\/magazine365\\\/el-comite-de-mama-del-hospital-miguel-servet-cumple-25-anos\\\/#breadcrumblist\"},\"author\":{\"@id\":\"https:\\\/\\\/eldigitaldeasturias.com\\\/magazine365\\\/author\\\/admin\\\/#author\"},\"creator\":{\"@id\":\"https:\\\/\\\/eldigitaldeasturias.com\\\/magazine365\\\/author\\\/admin\\\/#author\"},\"image\":{\"@type\":\"ImageObject\",\"url\":\"https:\\\/\\\/eldigitaldeasturias.com\\\/magazine365\\\/wp-content\\\/uploads\\\/2016\\\/11\\\/imagenes_equipocomite_d566edff.jpg\",\"@id\":\"https:\\\/\\\/eldigitaldeasturias.com\\\/magazine365\\\/el-comite-de-mama-del-hospital-miguel-servet-cumple-25-anos\\\/#mainImage\",\"width\":700,\"height\":310},\"primaryImageOfPage\":{\"@id\":\"https:\\\/\\\/eldigitaldeasturias.com\\\/magazine365\\\/el-comite-de-mama-del-hospital-miguel-servet-cumple-25-anos\\\/#mainImage\"},\"datePublished\":\"2016-11-25T14:11:53+01:00\",\"dateModified\":\"2016-11-25T14:22:35+01:00\"},{\"@type\":\"WebSite\",\"@id\":\"https:\\\/\\\/eldigitaldeasturias.com\\\/magazine365\\\/#website\",\"url\":\"https:\\\/\\\/eldigitaldeasturias.com\\\/magazine365\\\/\",\"name\":\"El Digital de Asturias\",\"description\":\"Revista de ocio, turismo y estilo de vida\",\"inLanguage\":\"es-ES\",\"publisher\":{\"@id\":\"https:\\\/\\\/eldigitaldeasturias.com\\\/magazine365\\\/#organization\"}}]}\n\t\t<\/script>\n\t\t<!-- All in One SEO Pro -->\r\n\t\t<title>El Comit\u00e9 de Mama del Hospital Miguel Servet cumple 25 a\u00f1os | El Digital de Asturias<\/title>\n\n","aioseo_head_json":{"title":"El Comit\u00e9 de Mama del Hospital Miguel Servet cumple 25 a\u00f1os | El Digital de Asturias","description":"El Comit\u00e9 de Mama del Hospital Universitario Miguel Servet de Zaragoza cumple 25 a\u00f1os, un periodo en el que en este centro se han tratado a miles de mujeres con c\u00e1ncer de mama y en el que se han cambiado los sistemas de organizaci\u00f3n profesional para dar la mejor atenci\u00f3n posible a cada paciente. El","canonical_url":"https:\/\/eldigitaldeasturias.com\/magazine365\/el-comite-de-mama-del-hospital-miguel-servet-cumple-25-anos\/","robots":"max-image-preview:large","keywords":"noticias y actualidad","webmasterTools":{"google-site-verification":"UA-38556648-1","miscellaneous":""},"schema":{"@context":"https:\/\/schema.org","@graph":[{"@type":"Article","@id":"https:\/\/eldigitaldeasturias.com\/magazine365\/el-comite-de-mama-del-hospital-miguel-servet-cumple-25-anos\/#article","name":"El Comit\u00e9 de Mama del Hospital Miguel Servet cumple 25 a\u00f1os | El Digital de Asturias","headline":"El Comit\u00e9 de Mama del Hospital Miguel Servet cumple 25 a\u00f1os","author":{"@id":"https:\/\/eldigitaldeasturias.com\/magazine365\/author\/admin\/#author"},"publisher":{"@id":"https:\/\/eldigitaldeasturias.com\/magazine365\/#organization"},"image":{"@type":"ImageObject","url":"https:\/\/eldigitaldeasturias.com\/magazine365\/wp-content\/uploads\/2016\/11\/imagenes_equipocomite_d566edff.jpg","width":700,"height":310},"datePublished":"2016-11-25T14:11:53+01:00","dateModified":"2016-11-25T14:22:35+01:00","inLanguage":"es-ES","mainEntityOfPage":{"@id":"https:\/\/eldigitaldeasturias.com\/magazine365\/el-comite-de-mama-del-hospital-miguel-servet-cumple-25-anos\/#webpage"},"isPartOf":{"@id":"https:\/\/eldigitaldeasturias.com\/magazine365\/el-comite-de-mama-del-hospital-miguel-servet-cumple-25-anos\/#webpage"},"articleSection":"Noticias y Actualidad"},{"@type":"BreadcrumbList","@id":"https:\/\/eldigitaldeasturias.com\/magazine365\/el-comite-de-mama-del-hospital-miguel-servet-cumple-25-anos\/#breadcrumblist","itemListElement":[{"@type":"ListItem","@id":"https:\/\/eldigitaldeasturias.com\/magazine365#listItem","position":1,"name":"Home","item":"https:\/\/eldigitaldeasturias.com\/magazine365","nextItem":{"@type":"ListItem","@id":"https:\/\/eldigitaldeasturias.com\/magazine365\/category\/noticias-actualidad\/#listItem","name":"Noticias y Actualidad"}},{"@type":"ListItem","@id":"https:\/\/eldigitaldeasturias.com\/magazine365\/category\/noticias-actualidad\/#listItem","position":2,"name":"Noticias y Actualidad","item":"https:\/\/eldigitaldeasturias.com\/magazine365\/category\/noticias-actualidad\/","nextItem":{"@type":"ListItem","@id":"https:\/\/eldigitaldeasturias.com\/magazine365\/el-comite-de-mama-del-hospital-miguel-servet-cumple-25-anos\/#listItem","name":"El Comit\u00e9 de Mama del Hospital Miguel Servet cumple 25 a\u00f1os"},"previousItem":{"@type":"ListItem","@id":"https:\/\/eldigitaldeasturias.com\/magazine365#listItem","name":"Home"}},{"@type":"ListItem","@id":"https:\/\/eldigitaldeasturias.com\/magazine365\/el-comite-de-mama-del-hospital-miguel-servet-cumple-25-anos\/#listItem","position":3,"name":"El Comit\u00e9 de Mama del Hospital Miguel Servet cumple 25 a\u00f1os","previousItem":{"@type":"ListItem","@id":"https:\/\/eldigitaldeasturias.com\/magazine365\/category\/noticias-actualidad\/#listItem","name":"Noticias y Actualidad"}}]},{"@type":"Organization","@id":"https:\/\/eldigitaldeasturias.com\/magazine365\/#organization","name":"El digital de Asturias","description":"Revista de ocio, turismo y estilo de vida","url":"https:\/\/eldigitaldeasturias.com\/magazine365\/","logo":{"@type":"ImageObject","url":"https:\/\/www.eldigitaldeasturias.com\/noticias\/wp-content\/uploads\/2020\/12\/EDA.jpg","@id":"https:\/\/eldigitaldeasturias.com\/magazine365\/el-comite-de-mama-del-hospital-miguel-servet-cumple-25-anos\/#organizationLogo"},"image":{"@id":"https:\/\/eldigitaldeasturias.com\/magazine365\/el-comite-de-mama-del-hospital-miguel-servet-cumple-25-anos\/#organizationLogo"}},{"@type":"Person","@id":"https:\/\/eldigitaldeasturias.com\/magazine365\/author\/admin\/#author","url":"https:\/\/eldigitaldeasturias.com\/magazine365\/author\/admin\/","name":"admin","image":{"@type":"ImageObject","@id":"https:\/\/eldigitaldeasturias.com\/magazine365\/el-comite-de-mama-del-hospital-miguel-servet-cumple-25-anos\/#authorImage","url":"https:\/\/eldigitaldeasturias.com\/magazine365\/wp-content\/litespeed\/avatar\/e571bcf59a0edd6fa6838245a470f2fe.jpg?ver=1776969259","width":96,"height":96,"caption":"admin"}},{"@type":"WebPage","@id":"https:\/\/eldigitaldeasturias.com\/magazine365\/el-comite-de-mama-del-hospital-miguel-servet-cumple-25-anos\/#webpage","url":"https:\/\/eldigitaldeasturias.com\/magazine365\/el-comite-de-mama-del-hospital-miguel-servet-cumple-25-anos\/","name":"El Comit\u00e9 de Mama del Hospital Miguel Servet cumple 25 a\u00f1os | El Digital de Asturias","description":"El Comit\u00e9 de Mama del Hospital Universitario Miguel Servet de Zaragoza cumple 25 a\u00f1os, un periodo en el que en este centro se han tratado a miles de mujeres con c\u00e1ncer de mama y en el que se han cambiado los sistemas de organizaci\u00f3n profesional para dar la mejor atenci\u00f3n posible a cada paciente. El","inLanguage":"es-ES","isPartOf":{"@id":"https:\/\/eldigitaldeasturias.com\/magazine365\/#website"},"breadcrumb":{"@id":"https:\/\/eldigitaldeasturias.com\/magazine365\/el-comite-de-mama-del-hospital-miguel-servet-cumple-25-anos\/#breadcrumblist"},"author":{"@id":"https:\/\/eldigitaldeasturias.com\/magazine365\/author\/admin\/#author"},"creator":{"@id":"https:\/\/eldigitaldeasturias.com\/magazine365\/author\/admin\/#author"},"image":{"@type":"ImageObject","url":"https:\/\/eldigitaldeasturias.com\/magazine365\/wp-content\/uploads\/2016\/11\/imagenes_equipocomite_d566edff.jpg","@id":"https:\/\/eldigitaldeasturias.com\/magazine365\/el-comite-de-mama-del-hospital-miguel-servet-cumple-25-anos\/#mainImage","width":700,"height":310},"primaryImageOfPage":{"@id":"https:\/\/eldigitaldeasturias.com\/magazine365\/el-comite-de-mama-del-hospital-miguel-servet-cumple-25-anos\/#mainImage"},"datePublished":"2016-11-25T14:11:53+01:00","dateModified":"2016-11-25T14:22:35+01:00"},{"@type":"WebSite","@id":"https:\/\/eldigitaldeasturias.com\/magazine365\/#website","url":"https:\/\/eldigitaldeasturias.com\/magazine365\/","name":"El Digital de Asturias","description":"Revista de ocio, turismo y estilo de vida","inLanguage":"es-ES","publisher":{"@id":"https:\/\/eldigitaldeasturias.com\/magazine365\/#organization"}}]},"og:locale":"es_ES","og:site_name":"El Digital de Asturias \u2013 Revista de ocio, turismo y estilo de vida","og:type":"article","og:title":"El Comit\u00e9 de Mama del Hospital Miguel Servet cumple 25 a\u00f1os | El Digital de Asturias","og:description":"El Comit\u00e9 de Mama del Hospital Universitario Miguel Servet de Zaragoza cumple 25 a\u00f1os, un periodo en el que en este centro se han tratado a miles de mujeres con c\u00e1ncer de mama y en el que se han cambiado los sistemas de organizaci\u00f3n profesional para dar la mejor atenci\u00f3n posible a cada paciente. El","og:url":"https:\/\/eldigitaldeasturias.com\/magazine365\/el-comite-de-mama-del-hospital-miguel-servet-cumple-25-anos\/","og:image":"https:\/\/eldigitaldeasturias.com\/magazine365\/wp-content\/uploads\/2016\/11\/imagenes_equipocomite_d566edff.jpg","og:image:secure_url":"https:\/\/eldigitaldeasturias.com\/magazine365\/wp-content\/uploads\/2016\/11\/imagenes_equipocomite_d566edff.jpg","og:image:width":700,"og:image:height":310,"article:published_time":"2016-11-25T13:11:53+00:00","article:modified_time":"2016-11-25T13:22:35+00:00","twitter:card":"summary_large_image","twitter:title":"El Comit\u00e9 de Mama del Hospital Miguel Servet cumple 25 a\u00f1os | El Digital de Asturias","twitter:description":"El Comit\u00e9 de Mama del Hospital Universitario Miguel Servet de Zaragoza cumple 25 a\u00f1os, un periodo en el que en este centro se han tratado a miles de mujeres con c\u00e1ncer de mama y en el que se han cambiado los sistemas de organizaci\u00f3n profesional para dar la mejor atenci\u00f3n posible a cada paciente. El","twitter:image":"https:\/\/eldigitaldeasturias.com\/magazine365\/wp-content\/uploads\/2016\/11\/imagenes_equipocomite_d566edff.jpg"},"aioseo_meta_data":{"post_id":"83524","title":null,"description":null,"keywords":null,"keyphrases":null,"primary_term":null,"canonical_url":null,"og_title":null,"og_description":null,"og_object_type":"default","og_image_type":"default","og_image_url":null,"og_image_width":null,"og_image_height":null,"og_image_custom_url":null,"og_image_custom_fields":null,"og_video":null,"og_custom_url":null,"og_article_section":null,"og_article_tags":null,"twitter_use_og":false,"twitter_card":"default","twitter_image_type":"default","twitter_image_url":null,"twitter_image_custom_url":null,"twitter_image_custom_fields":null,"twitter_title":null,"twitter_description":null,"schema":{"blockGraphs":[],"customGraphs":[],"default":{"data":{"Article":[],"Course":[],"Dataset":[],"FAQPage":[],"Movie":[],"Person":[],"Product":[],"ProductReview":[],"Car":[],"Recipe":[],"Service":[],"SoftwareApplication":[],"WebPage":[]},"graphName":"","isEnabled":true},"graphs":[],"defaultGraph":"","defaultPostTypeGraph":""},"schema_type":null,"schema_type_options":null,"pillar_content":false,"robots_default":true,"robots_noindex":false,"robots_noarchive":false,"robots_nosnippet":false,"robots_nofollow":false,"robots_noimageindex":false,"robots_noodp":false,"robots_notranslate":false,"robots_max_snippet":null,"robots_max_videopreview":null,"robots_max_imagepreview":"large","priority":null,"frequency":null,"location":null,"local_seo":null,"seo_analyzer_scan_date":"2025-09-28 03:06:44","breadcrumb_settings":null,"limit_modified_date":false,"open_ai":null,"ai":null,"created":"2020-12-21 15:29:34","updated":"2025-09-28 03:06:44"},"aioseo_breadcrumb":"<div class=\"aioseo-breadcrumbs\"><span class=\"aioseo-breadcrumb\">\n\t<a href=\"https:\/\/eldigitaldeasturias.com\/magazine365\" title=\"Home\">Home<\/a>\n<\/span><span class=\"aioseo-breadcrumb-separator\">\u2013<\/span><span class=\"aioseo-breadcrumb\">\n\t<a href=\"https:\/\/eldigitaldeasturias.com\/magazine365\/category\/noticias-actualidad\/\" title=\"Noticias y Actualidad\">Noticias y Actualidad<\/a>\n<\/span><span class=\"aioseo-breadcrumb-separator\">\u2013<\/span><span class=\"aioseo-breadcrumb\">\n\t<a href=\"https:\/\/eldigitaldeasturias.com\/magazine365\/el-comite-de-mama-del-hospital-miguel-servet-cumple-25-anos\/\" title=\"El Comit\u00e9 de Mama del Hospital Miguel Servet cumple 25 a\u00f1os\">El Comit\u00e9 de Mama del Hospital Miguel Servet cumple 25 a\u00f1os<\/a>\n<\/span><\/div>","aioseo_breadcrumb_json":[{"label":"Home","link":"https:\/\/eldigitaldeasturias.com\/magazine365"},{"label":"Noticias y Actualidad","link":"https:\/\/eldigitaldeasturias.com\/magazine365\/category\/noticias-actualidad\/"},{"label":"El Comit\u00e9 de Mama del Hospital Miguel Servet cumple 25 a\u00f1os","link":"https:\/\/eldigitaldeasturias.com\/magazine365\/el-comite-de-mama-del-hospital-miguel-servet-cumple-25-anos\/"}],"_links":{"self":[{"href":"https:\/\/eldigitaldeasturias.com\/magazine365\/wp-json\/wp\/v2\/posts\/83524","targetHints":{"allow":["GET"]}}],"collection":[{"href":"https:\/\/eldigitaldeasturias.com\/magazine365\/wp-json\/wp\/v2\/posts"}],"about":[{"href":"https:\/\/eldigitaldeasturias.com\/magazine365\/wp-json\/wp\/v2\/types\/post"}],"author":[{"embeddable":true,"href":"https:\/\/eldigitaldeasturias.com\/magazine365\/wp-json\/wp\/v2\/users\/1"}],"replies":[{"embeddable":true,"href":"https:\/\/eldigitaldeasturias.com\/magazine365\/wp-json\/wp\/v2\/comments?post=83524"}],"version-history":[{"count":0,"href":"https:\/\/eldigitaldeasturias.com\/magazine365\/wp-json\/wp\/v2\/posts\/83524\/revisions"}],"wp:featuredmedia":[{"embeddable":true,"href":"https:\/\/eldigitaldeasturias.com\/magazine365\/wp-json\/wp\/v2\/media\/83525"}],"wp:attachment":[{"href":"https:\/\/eldigitaldeasturias.com\/magazine365\/wp-json\/wp\/v2\/media?parent=83524"}],"wp:term":[{"taxonomy":"category","embeddable":true,"href":"https:\/\/eldigitaldeasturias.com\/magazine365\/wp-json\/wp\/v2\/categories?post=83524"},{"taxonomy":"post_tag","embeddable":true,"href":"https:\/\/eldigitaldeasturias.com\/magazine365\/wp-json\/wp\/v2\/tags?post=83524"}],"curies":[{"name":"wp","href":"https:\/\/api.w.org\/{rel}","templated":true}]}}