{"id":83498,"date":"2016-11-23T22:31:10","date_gmt":"2016-11-23T21:31:10","guid":{"rendered":"http:\/\/eldigitaldeasturias.com\/magazine365\/?p=83498"},"modified":"2016-11-23T22:31:10","modified_gmt":"2016-11-23T21:31:10","slug":"la-demencia-se-desploma-en-estados-unidos","status":"publish","type":"post","link":"https:\/\/eldigitaldeasturias.com\/magazine365\/la-demencia-se-desploma-en-estados-unidos\/","title":{"rendered":"La demencia se desploma en Estados Unidos"},"content":{"rendered":"<p><img fetchpriority=\"high\" decoding=\"async\" class=\"alignleft size-medium wp-image-83499\" src=\"https:\/\/eldigitaldeasturias.com\/magazine365\/wp-content\/uploads\/2016\/11\/Demencia-360x233.jpg\" alt=\"demencia\" width=\"360\" height=\"233\" srcset=\"https:\/\/eldigitaldeasturias.com\/magazine365\/wp-content\/uploads\/2016\/11\/Demencia-360x233.jpg 360w, https:\/\/eldigitaldeasturias.com\/magazine365\/wp-content\/uploads\/2016\/11\/Demencia-150x97.jpg 150w, https:\/\/eldigitaldeasturias.com\/magazine365\/wp-content\/uploads\/2016\/11\/Demencia-450x291.jpg 450w, https:\/\/eldigitaldeasturias.com\/magazine365\/wp-content\/uploads\/2016\/11\/Demencia-225x145.jpg 225w, https:\/\/eldigitaldeasturias.com\/magazine365\/wp-content\/uploads\/2016\/11\/Demencia.jpg 650w, https:\/\/eldigitaldeasturias.com\/magazine365\/wp-content\/uploads\/2016\/11\/Demencia-121x79.jpg 121w, https:\/\/eldigitaldeasturias.com\/magazine365\/wp-content\/uploads\/2016\/11\/Demencia-101x66.jpg 101w\" sizes=\"(max-width: 360px) 100vw, 360px\" \/>El porcentaje de adultos con demencia, incluido el Alzheimer ha bajado de 11,6 en 2000 a 8,8 en 2012, seg\u00fan un amplio estudio de la Universidad de Michigan. Es decir, las tasas de demencia se desploman casi un 25% en doce a\u00f1os.<\/p>\n<p>Uno de los grandes problemas m\u00e9dicos del siglo XXI<\/p>\n<p>En los \u00faltimos a\u00f1os, los modelos epidemiol\u00f3gicos apuntaban insistentemente a que el envejecimiento de la poblaci\u00f3n pod\u00eda ocasionar que el n\u00famero de enfermos de Alzheimer se triplicara en 2050. Estas previsiones auguraban un golpe brutal no s\u00f3lo a muchas familias, sino a los sistemas sanitarios de todo el mundo. Los nuevos datos nos obligan a repensar muchas cosas.<\/p>\n<p>Y es que la bajada es muy gorda. \u00abSi los porcentajes se hubieran mantenido, s\u00f3lo en Estados Unidos habr\u00eda ahora un mill\u00f3n m\u00e1s de personas con demencia de las que hay\u00bb, explic\u00f3 John Haaga, del Instituto Nacional de Envejecimiento.<\/p>\n<p>Estrictamente hablando, no es una sorpresa. A principios de este a\u00f1o, un estudio descubri\u00f3 que el riesgo de demencia hab\u00eda ca\u00eddo un 20% por d\u00e9cada desde 1977. Los datos eran muy prometedores, pero eran de Framingham, un peque\u00f1o pueblo de clase media alta de Nueva Inglaterra donde se realiza uno de los experimentos cardiol\u00f3gicos m\u00e1s interesantes del mundo.<\/p>\n<p>Los datos actuales confirman, por ahora, el descubrimiento gracias a una muestra mucho m\u00e1s amplia (m\u00e1s de 10.500 pacientes) y a representar mejor a toda la sociedad norteamericana (incluyendo especialmente a los segmentos menos favorecidos de \u00e9sta).<\/p>\n<p>\u00bfPor qu\u00e9 pasa esto?<\/p>\n<p>Hay varios factores que tratan de explicar este fen\u00f3meno. Uno de ellos es la educaci\u00f3n. Los ancianos estudiados en 2012 realizaron un a\u00f1o m\u00e1s de estudios que los de 2000. Es significativo porque desde hace tiempo se sabe que m\u00e1s educaci\u00f3n puede producir una mayor \u00abreserva cognitiva\u00bb, una serie de capacidades cognitivas e intelectuales que se desarrollan progresivamente y que tienen cierto efecto &#8216;neuroprotector&#8217;. Es decir, s\u00ed, una escolarizaci\u00f3n mayor conlleva, en parte, una mayor protecci\u00f3n frente a la demencia.<\/p>\n<p>Los datos sugieren que podemos incidir exitosamente en los factores que provocan la demencia y eso hace del futuro un sitio mucho mejor<\/p>\n<p>El otro factor es el sobrepeso. La tercera edad de 2012 estaba m\u00e1s rellenita que la del a\u00f1o 2000. Es curioso, pero, aunque la obesidad y el sobrepeso \u00aben la \u00faltima parte de la vida\u00bb parecen asociarse a un mayor riesgo de diabetes o enfermedades cardiovasculares, \u00abpueden ser un factor protector frente a la demencia\u00bb.<\/p>\n<p>Como digo una noticia muy muy buena y que nos reafirman en la idea de que los factores que impulsan la demencia (una de las bestias negras de la medicina actual) pueden modificarse, sea con la prevenci\u00f3n o con cosas tan &#8216;sencillas&#8217; como una alimentaci\u00f3n mejor o la educaci\u00f3n obligatoria.<\/p>\n<p><strong><em>La noticia La demencia se desploma en Estados Unidos fue publicada originalmente en Xataka<\/em><\/strong><\/p>\n<p>&nbsp;<\/p>\n","protected":false},"excerpt":{"rendered":"<p>El porcentaje de adultos con demencia, incluido el Alzheimer ha bajado de 11,6 en 2000 a 8,8 en 2012, seg\u00fan un amplio estudio de la Universidad de Michigan. Es decir, las tasas de demencia se desploman casi un 25% en doce a\u00f1os. Uno de los grandes problemas m\u00e9dicos del siglo XXI En los \u00faltimos a\u00f1os,<\/p>\n","protected":false},"author":1,"featured_media":83499,"comment_status":"open","ping_status":"closed","sticky":false,"template":"","format":"standard","meta":{"footnotes":""},"categories":[224],"tags":[],"class_list":{"0":"post-83498","1":"post","2":"type-post","3":"status-publish","4":"format-standard","5":"has-post-thumbnail","7":"category-noticias-actualidad"},"aioseo_notices":[],"aioseo_head":"\n\t\t<!-- All in One SEO Pro 4.9.6.1 - aioseo.com -->\n\t<meta name=\"description\" content=\"El porcentaje de adultos con demencia, incluido el Alzheimer ha bajado de 11,6 en 2000 a 8,8 en 2012, seg\u00fan un amplio estudio de la Universidad de Michigan. Es decir, las tasas de demencia se desploman casi un 25% en doce a\u00f1os. Uno de los grandes problemas m\u00e9dicos del siglo XXI En los \u00faltimos a\u00f1os,\" \/>\n\t<meta name=\"robots\" content=\"max-image-preview:large\" \/>\n\t<meta name=\"author\" content=\"admin\"\/>\n\t<meta name=\"google-site-verification\" content=\"UA-38556648-1\" \/>\n\t<meta name=\"keywords\" content=\"noticias y actualidad\" \/>\n\t<link rel=\"canonical\" href=\"https:\/\/eldigitaldeasturias.com\/magazine365\/la-demencia-se-desploma-en-estados-unidos\/\" \/>\n\t<meta name=\"generator\" content=\"All in One SEO Pro (AIOSEO) 4.9.6.1\" \/>\n\t\t<meta property=\"og:locale\" content=\"es_ES\" \/>\n\t\t<meta property=\"og:site_name\" content=\"El Digital de Asturias \u2013 Revista de ocio, turismo y estilo de vida\" \/>\n\t\t<meta property=\"og:type\" content=\"article\" \/>\n\t\t<meta property=\"og:title\" content=\"La demencia se desploma en Estados Unidos | El Digital de Asturias\" \/>\n\t\t<meta property=\"og:description\" content=\"El porcentaje de adultos con demencia, incluido el Alzheimer ha bajado de 11,6 en 2000 a 8,8 en 2012, seg\u00fan un amplio estudio de la Universidad de Michigan. Es decir, las tasas de demencia se desploman casi un 25% en doce a\u00f1os. Uno de los grandes problemas m\u00e9dicos del siglo XXI En los \u00faltimos a\u00f1os,\" \/>\n\t\t<meta property=\"og:url\" content=\"https:\/\/eldigitaldeasturias.com\/magazine365\/la-demencia-se-desploma-en-estados-unidos\/\" \/>\n\t\t<meta property=\"og:image\" content=\"https:\/\/eldigitaldeasturias.com\/magazine365\/wp-content\/uploads\/2016\/11\/Demencia.jpg\" \/>\n\t\t<meta property=\"og:image:secure_url\" content=\"https:\/\/eldigitaldeasturias.com\/magazine365\/wp-content\/uploads\/2016\/11\/Demencia.jpg\" \/>\n\t\t<meta property=\"og:image:width\" content=\"650\" \/>\n\t\t<meta property=\"og:image:height\" content=\"420\" \/>\n\t\t<meta property=\"article:published_time\" content=\"2016-11-23T21:31:10+00:00\" \/>\n\t\t<meta property=\"article:modified_time\" content=\"2016-11-23T21:31:10+00:00\" \/>\n\t\t<meta name=\"twitter:card\" content=\"summary_large_image\" \/>\n\t\t<meta name=\"twitter:title\" content=\"La demencia se desploma en Estados Unidos | El Digital de Asturias\" \/>\n\t\t<meta name=\"twitter:description\" content=\"El porcentaje de adultos con demencia, incluido el Alzheimer ha bajado de 11,6 en 2000 a 8,8 en 2012, seg\u00fan un amplio estudio de la Universidad de Michigan. Es decir, las tasas de demencia se desploman casi un 25% en doce a\u00f1os. Uno de los grandes problemas m\u00e9dicos del siglo XXI En los \u00faltimos a\u00f1os,\" \/>\n\t\t<meta name=\"twitter:image\" content=\"https:\/\/eldigitaldeasturias.com\/magazine365\/wp-content\/uploads\/2016\/11\/Demencia.jpg\" \/>\n\t\t<script type=\"application\/ld+json\" class=\"aioseo-schema\">\n\t\t\t{\"@context\":\"https:\\\/\\\/schema.org\",\"@graph\":[{\"@type\":\"Article\",\"@id\":\"https:\\\/\\\/eldigitaldeasturias.com\\\/magazine365\\\/la-demencia-se-desploma-en-estados-unidos\\\/#article\",\"name\":\"La demencia se desploma en Estados Unidos | El Digital de Asturias\",\"headline\":\"La demencia se desploma en Estados Unidos\",\"author\":{\"@id\":\"https:\\\/\\\/eldigitaldeasturias.com\\\/magazine365\\\/author\\\/admin\\\/#author\"},\"publisher\":{\"@id\":\"https:\\\/\\\/eldigitaldeasturias.com\\\/magazine365\\\/#organization\"},\"image\":{\"@type\":\"ImageObject\",\"url\":\"https:\\\/\\\/eldigitaldeasturias.com\\\/magazine365\\\/wp-content\\\/uploads\\\/2016\\\/11\\\/Demencia.jpg\",\"width\":650,\"height\":420},\"datePublished\":\"2016-11-23T22:31:10+01:00\",\"dateModified\":\"2016-11-23T22:31:10+01:00\",\"inLanguage\":\"es-ES\",\"mainEntityOfPage\":{\"@id\":\"https:\\\/\\\/eldigitaldeasturias.com\\\/magazine365\\\/la-demencia-se-desploma-en-estados-unidos\\\/#webpage\"},\"isPartOf\":{\"@id\":\"https:\\\/\\\/eldigitaldeasturias.com\\\/magazine365\\\/la-demencia-se-desploma-en-estados-unidos\\\/#webpage\"},\"articleSection\":\"Noticias y Actualidad\"},{\"@type\":\"BreadcrumbList\",\"@id\":\"https:\\\/\\\/eldigitaldeasturias.com\\\/magazine365\\\/la-demencia-se-desploma-en-estados-unidos\\\/#breadcrumblist\",\"itemListElement\":[{\"@type\":\"ListItem\",\"@id\":\"https:\\\/\\\/eldigitaldeasturias.com\\\/magazine365#listItem\",\"position\":1,\"name\":\"Home\",\"item\":\"https:\\\/\\\/eldigitaldeasturias.com\\\/magazine365\",\"nextItem\":{\"@type\":\"ListItem\",\"@id\":\"https:\\\/\\\/eldigitaldeasturias.com\\\/magazine365\\\/category\\\/noticias-actualidad\\\/#listItem\",\"name\":\"Noticias y Actualidad\"}},{\"@type\":\"ListItem\",\"@id\":\"https:\\\/\\\/eldigitaldeasturias.com\\\/magazine365\\\/category\\\/noticias-actualidad\\\/#listItem\",\"position\":2,\"name\":\"Noticias y Actualidad\",\"item\":\"https:\\\/\\\/eldigitaldeasturias.com\\\/magazine365\\\/category\\\/noticias-actualidad\\\/\",\"nextItem\":{\"@type\":\"ListItem\",\"@id\":\"https:\\\/\\\/eldigitaldeasturias.com\\\/magazine365\\\/la-demencia-se-desploma-en-estados-unidos\\\/#listItem\",\"name\":\"La demencia se desploma en Estados Unidos\"},\"previousItem\":{\"@type\":\"ListItem\",\"@id\":\"https:\\\/\\\/eldigitaldeasturias.com\\\/magazine365#listItem\",\"name\":\"Home\"}},{\"@type\":\"ListItem\",\"@id\":\"https:\\\/\\\/eldigitaldeasturias.com\\\/magazine365\\\/la-demencia-se-desploma-en-estados-unidos\\\/#listItem\",\"position\":3,\"name\":\"La demencia se desploma en Estados Unidos\",\"previousItem\":{\"@type\":\"ListItem\",\"@id\":\"https:\\\/\\\/eldigitaldeasturias.com\\\/magazine365\\\/category\\\/noticias-actualidad\\\/#listItem\",\"name\":\"Noticias y Actualidad\"}}]},{\"@type\":\"Organization\",\"@id\":\"https:\\\/\\\/eldigitaldeasturias.com\\\/magazine365\\\/#organization\",\"name\":\"El digital de Asturias\",\"description\":\"Revista de ocio, turismo y estilo de vida\",\"url\":\"https:\\\/\\\/eldigitaldeasturias.com\\\/magazine365\\\/\",\"logo\":{\"@type\":\"ImageObject\",\"url\":\"https:\\\/\\\/www.eldigitaldeasturias.com\\\/noticias\\\/wp-content\\\/uploads\\\/2020\\\/12\\\/EDA.jpg\",\"@id\":\"https:\\\/\\\/eldigitaldeasturias.com\\\/magazine365\\\/la-demencia-se-desploma-en-estados-unidos\\\/#organizationLogo\"},\"image\":{\"@id\":\"https:\\\/\\\/eldigitaldeasturias.com\\\/magazine365\\\/la-demencia-se-desploma-en-estados-unidos\\\/#organizationLogo\"}},{\"@type\":\"Person\",\"@id\":\"https:\\\/\\\/eldigitaldeasturias.com\\\/magazine365\\\/author\\\/admin\\\/#author\",\"url\":\"https:\\\/\\\/eldigitaldeasturias.com\\\/magazine365\\\/author\\\/admin\\\/\",\"name\":\"admin\",\"image\":{\"@type\":\"ImageObject\",\"@id\":\"https:\\\/\\\/eldigitaldeasturias.com\\\/magazine365\\\/la-demencia-se-desploma-en-estados-unidos\\\/#authorImage\",\"url\":\"https:\\\/\\\/eldigitaldeasturias.com\\\/magazine365\\\/wp-content\\\/litespeed\\\/avatar\\\/e571bcf59a0edd6fa6838245a470f2fe.jpg?ver=1776969259\",\"width\":96,\"height\":96,\"caption\":\"admin\"}},{\"@type\":\"WebPage\",\"@id\":\"https:\\\/\\\/eldigitaldeasturias.com\\\/magazine365\\\/la-demencia-se-desploma-en-estados-unidos\\\/#webpage\",\"url\":\"https:\\\/\\\/eldigitaldeasturias.com\\\/magazine365\\\/la-demencia-se-desploma-en-estados-unidos\\\/\",\"name\":\"La demencia se desploma en Estados Unidos | El Digital de Asturias\",\"description\":\"El porcentaje de adultos con demencia, incluido el Alzheimer ha bajado de 11,6 en 2000 a 8,8 en 2012, seg\\u00fan un amplio estudio de la Universidad de Michigan. Es decir, las tasas de demencia se desploman casi un 25% en doce a\\u00f1os. Uno de los grandes problemas m\\u00e9dicos del siglo XXI En los \\u00faltimos a\\u00f1os,\",\"inLanguage\":\"es-ES\",\"isPartOf\":{\"@id\":\"https:\\\/\\\/eldigitaldeasturias.com\\\/magazine365\\\/#website\"},\"breadcrumb\":{\"@id\":\"https:\\\/\\\/eldigitaldeasturias.com\\\/magazine365\\\/la-demencia-se-desploma-en-estados-unidos\\\/#breadcrumblist\"},\"author\":{\"@id\":\"https:\\\/\\\/eldigitaldeasturias.com\\\/magazine365\\\/author\\\/admin\\\/#author\"},\"creator\":{\"@id\":\"https:\\\/\\\/eldigitaldeasturias.com\\\/magazine365\\\/author\\\/admin\\\/#author\"},\"image\":{\"@type\":\"ImageObject\",\"url\":\"https:\\\/\\\/eldigitaldeasturias.com\\\/magazine365\\\/wp-content\\\/uploads\\\/2016\\\/11\\\/Demencia.jpg\",\"@id\":\"https:\\\/\\\/eldigitaldeasturias.com\\\/magazine365\\\/la-demencia-se-desploma-en-estados-unidos\\\/#mainImage\",\"width\":650,\"height\":420},\"primaryImageOfPage\":{\"@id\":\"https:\\\/\\\/eldigitaldeasturias.com\\\/magazine365\\\/la-demencia-se-desploma-en-estados-unidos\\\/#mainImage\"},\"datePublished\":\"2016-11-23T22:31:10+01:00\",\"dateModified\":\"2016-11-23T22:31:10+01:00\"},{\"@type\":\"WebSite\",\"@id\":\"https:\\\/\\\/eldigitaldeasturias.com\\\/magazine365\\\/#website\",\"url\":\"https:\\\/\\\/eldigitaldeasturias.com\\\/magazine365\\\/\",\"name\":\"El Digital de Asturias\",\"description\":\"Revista de ocio, turismo y estilo de vida\",\"inLanguage\":\"es-ES\",\"publisher\":{\"@id\":\"https:\\\/\\\/eldigitaldeasturias.com\\\/magazine365\\\/#organization\"}}]}\n\t\t<\/script>\n\t\t<!-- All in One SEO Pro -->\r\n\t\t<title>La demencia se desploma en Estados Unidos | El Digital de Asturias<\/title>\n\n","aioseo_head_json":{"title":"La demencia se desploma en Estados Unidos | El Digital de Asturias","description":"El porcentaje de adultos con demencia, incluido el Alzheimer ha bajado de 11,6 en 2000 a 8,8 en 2012, seg\u00fan un amplio estudio de la Universidad de Michigan. Es decir, las tasas de demencia se desploman casi un 25% en doce a\u00f1os. Uno de los grandes problemas m\u00e9dicos del siglo XXI En los \u00faltimos a\u00f1os,","canonical_url":"https:\/\/eldigitaldeasturias.com\/magazine365\/la-demencia-se-desploma-en-estados-unidos\/","robots":"max-image-preview:large","keywords":"noticias y actualidad","webmasterTools":{"google-site-verification":"UA-38556648-1","miscellaneous":""},"schema":{"@context":"https:\/\/schema.org","@graph":[{"@type":"Article","@id":"https:\/\/eldigitaldeasturias.com\/magazine365\/la-demencia-se-desploma-en-estados-unidos\/#article","name":"La demencia se desploma en Estados Unidos | El Digital de Asturias","headline":"La demencia se desploma en Estados Unidos","author":{"@id":"https:\/\/eldigitaldeasturias.com\/magazine365\/author\/admin\/#author"},"publisher":{"@id":"https:\/\/eldigitaldeasturias.com\/magazine365\/#organization"},"image":{"@type":"ImageObject","url":"https:\/\/eldigitaldeasturias.com\/magazine365\/wp-content\/uploads\/2016\/11\/Demencia.jpg","width":650,"height":420},"datePublished":"2016-11-23T22:31:10+01:00","dateModified":"2016-11-23T22:31:10+01:00","inLanguage":"es-ES","mainEntityOfPage":{"@id":"https:\/\/eldigitaldeasturias.com\/magazine365\/la-demencia-se-desploma-en-estados-unidos\/#webpage"},"isPartOf":{"@id":"https:\/\/eldigitaldeasturias.com\/magazine365\/la-demencia-se-desploma-en-estados-unidos\/#webpage"},"articleSection":"Noticias y Actualidad"},{"@type":"BreadcrumbList","@id":"https:\/\/eldigitaldeasturias.com\/magazine365\/la-demencia-se-desploma-en-estados-unidos\/#breadcrumblist","itemListElement":[{"@type":"ListItem","@id":"https:\/\/eldigitaldeasturias.com\/magazine365#listItem","position":1,"name":"Home","item":"https:\/\/eldigitaldeasturias.com\/magazine365","nextItem":{"@type":"ListItem","@id":"https:\/\/eldigitaldeasturias.com\/magazine365\/category\/noticias-actualidad\/#listItem","name":"Noticias y Actualidad"}},{"@type":"ListItem","@id":"https:\/\/eldigitaldeasturias.com\/magazine365\/category\/noticias-actualidad\/#listItem","position":2,"name":"Noticias y Actualidad","item":"https:\/\/eldigitaldeasturias.com\/magazine365\/category\/noticias-actualidad\/","nextItem":{"@type":"ListItem","@id":"https:\/\/eldigitaldeasturias.com\/magazine365\/la-demencia-se-desploma-en-estados-unidos\/#listItem","name":"La demencia se desploma en Estados Unidos"},"previousItem":{"@type":"ListItem","@id":"https:\/\/eldigitaldeasturias.com\/magazine365#listItem","name":"Home"}},{"@type":"ListItem","@id":"https:\/\/eldigitaldeasturias.com\/magazine365\/la-demencia-se-desploma-en-estados-unidos\/#listItem","position":3,"name":"La demencia se desploma en Estados Unidos","previousItem":{"@type":"ListItem","@id":"https:\/\/eldigitaldeasturias.com\/magazine365\/category\/noticias-actualidad\/#listItem","name":"Noticias y Actualidad"}}]},{"@type":"Organization","@id":"https:\/\/eldigitaldeasturias.com\/magazine365\/#organization","name":"El digital de Asturias","description":"Revista de ocio, turismo y estilo de vida","url":"https:\/\/eldigitaldeasturias.com\/magazine365\/","logo":{"@type":"ImageObject","url":"https:\/\/www.eldigitaldeasturias.com\/noticias\/wp-content\/uploads\/2020\/12\/EDA.jpg","@id":"https:\/\/eldigitaldeasturias.com\/magazine365\/la-demencia-se-desploma-en-estados-unidos\/#organizationLogo"},"image":{"@id":"https:\/\/eldigitaldeasturias.com\/magazine365\/la-demencia-se-desploma-en-estados-unidos\/#organizationLogo"}},{"@type":"Person","@id":"https:\/\/eldigitaldeasturias.com\/magazine365\/author\/admin\/#author","url":"https:\/\/eldigitaldeasturias.com\/magazine365\/author\/admin\/","name":"admin","image":{"@type":"ImageObject","@id":"https:\/\/eldigitaldeasturias.com\/magazine365\/la-demencia-se-desploma-en-estados-unidos\/#authorImage","url":"https:\/\/eldigitaldeasturias.com\/magazine365\/wp-content\/litespeed\/avatar\/e571bcf59a0edd6fa6838245a470f2fe.jpg?ver=1776969259","width":96,"height":96,"caption":"admin"}},{"@type":"WebPage","@id":"https:\/\/eldigitaldeasturias.com\/magazine365\/la-demencia-se-desploma-en-estados-unidos\/#webpage","url":"https:\/\/eldigitaldeasturias.com\/magazine365\/la-demencia-se-desploma-en-estados-unidos\/","name":"La demencia se desploma en Estados Unidos | El Digital de Asturias","description":"El porcentaje de adultos con demencia, incluido el Alzheimer ha bajado de 11,6 en 2000 a 8,8 en 2012, seg\u00fan un amplio estudio de la Universidad de Michigan. Es decir, las tasas de demencia se desploman casi un 25% en doce a\u00f1os. Uno de los grandes problemas m\u00e9dicos del siglo XXI En los \u00faltimos a\u00f1os,","inLanguage":"es-ES","isPartOf":{"@id":"https:\/\/eldigitaldeasturias.com\/magazine365\/#website"},"breadcrumb":{"@id":"https:\/\/eldigitaldeasturias.com\/magazine365\/la-demencia-se-desploma-en-estados-unidos\/#breadcrumblist"},"author":{"@id":"https:\/\/eldigitaldeasturias.com\/magazine365\/author\/admin\/#author"},"creator":{"@id":"https:\/\/eldigitaldeasturias.com\/magazine365\/author\/admin\/#author"},"image":{"@type":"ImageObject","url":"https:\/\/eldigitaldeasturias.com\/magazine365\/wp-content\/uploads\/2016\/11\/Demencia.jpg","@id":"https:\/\/eldigitaldeasturias.com\/magazine365\/la-demencia-se-desploma-en-estados-unidos\/#mainImage","width":650,"height":420},"primaryImageOfPage":{"@id":"https:\/\/eldigitaldeasturias.com\/magazine365\/la-demencia-se-desploma-en-estados-unidos\/#mainImage"},"datePublished":"2016-11-23T22:31:10+01:00","dateModified":"2016-11-23T22:31:10+01:00"},{"@type":"WebSite","@id":"https:\/\/eldigitaldeasturias.com\/magazine365\/#website","url":"https:\/\/eldigitaldeasturias.com\/magazine365\/","name":"El Digital de Asturias","description":"Revista de ocio, turismo y estilo de vida","inLanguage":"es-ES","publisher":{"@id":"https:\/\/eldigitaldeasturias.com\/magazine365\/#organization"}}]},"og:locale":"es_ES","og:site_name":"El Digital de Asturias \u2013 Revista de ocio, turismo y estilo de vida","og:type":"article","og:title":"La demencia se desploma en Estados Unidos | El Digital de Asturias","og:description":"El porcentaje de adultos con demencia, incluido el Alzheimer ha bajado de 11,6 en 2000 a 8,8 en 2012, seg\u00fan un amplio estudio de la Universidad de Michigan. Es decir, las tasas de demencia se desploman casi un 25% en doce a\u00f1os. Uno de los grandes problemas m\u00e9dicos del siglo XXI En los \u00faltimos a\u00f1os,","og:url":"https:\/\/eldigitaldeasturias.com\/magazine365\/la-demencia-se-desploma-en-estados-unidos\/","og:image":"https:\/\/eldigitaldeasturias.com\/magazine365\/wp-content\/uploads\/2016\/11\/Demencia.jpg","og:image:secure_url":"https:\/\/eldigitaldeasturias.com\/magazine365\/wp-content\/uploads\/2016\/11\/Demencia.jpg","og:image:width":650,"og:image:height":420,"article:published_time":"2016-11-23T21:31:10+00:00","article:modified_time":"2016-11-23T21:31:10+00:00","twitter:card":"summary_large_image","twitter:title":"La demencia se desploma en Estados Unidos | El Digital de Asturias","twitter:description":"El porcentaje de adultos con demencia, incluido el Alzheimer ha bajado de 11,6 en 2000 a 8,8 en 2012, seg\u00fan un amplio estudio de la Universidad de Michigan. Es decir, las tasas de demencia se desploman casi un 25% en doce a\u00f1os. Uno de los grandes problemas m\u00e9dicos del siglo XXI En los \u00faltimos a\u00f1os,","twitter:image":"https:\/\/eldigitaldeasturias.com\/magazine365\/wp-content\/uploads\/2016\/11\/Demencia.jpg"},"aioseo_meta_data":{"post_id":"83498","title":null,"description":null,"keywords":null,"keyphrases":null,"primary_term":null,"canonical_url":null,"og_title":null,"og_description":null,"og_object_type":"default","og_image_type":"default","og_image_url":null,"og_image_width":null,"og_image_height":null,"og_image_custom_url":null,"og_image_custom_fields":null,"og_video":null,"og_custom_url":null,"og_article_section":null,"og_article_tags":null,"twitter_use_og":false,"twitter_card":"default","twitter_image_type":"default","twitter_image_url":null,"twitter_image_custom_url":null,"twitter_image_custom_fields":null,"twitter_title":null,"twitter_description":null,"schema":{"blockGraphs":[],"customGraphs":[],"default":{"data":{"Article":[],"Course":[],"Dataset":[],"FAQPage":[],"Movie":[],"Person":[],"Product":[],"ProductReview":[],"Car":[],"Recipe":[],"Service":[],"SoftwareApplication":[],"WebPage":[]},"graphName":"","isEnabled":true},"graphs":[]},"schema_type":null,"schema_type_options":null,"pillar_content":false,"robots_default":true,"robots_noindex":false,"robots_noarchive":false,"robots_nosnippet":false,"robots_nofollow":false,"robots_noimageindex":false,"robots_noodp":false,"robots_notranslate":false,"robots_max_snippet":null,"robots_max_videopreview":null,"robots_max_imagepreview":"large","priority":null,"frequency":null,"location":null,"local_seo":null,"seo_analyzer_scan_date":"2025-09-28 03:06:38","breadcrumb_settings":null,"limit_modified_date":false,"open_ai":null,"ai":null,"created":"2020-12-21 15:29:34","updated":"2025-09-28 03:06:38"},"aioseo_breadcrumb":"<div class=\"aioseo-breadcrumbs\"><span class=\"aioseo-breadcrumb\">\n\t<a href=\"https:\/\/eldigitaldeasturias.com\/magazine365\" title=\"Home\">Home<\/a>\n<\/span><span class=\"aioseo-breadcrumb-separator\">\u2013<\/span><span class=\"aioseo-breadcrumb\">\n\t<a href=\"https:\/\/eldigitaldeasturias.com\/magazine365\/category\/noticias-actualidad\/\" title=\"Noticias y Actualidad\">Noticias y Actualidad<\/a>\n<\/span><span class=\"aioseo-breadcrumb-separator\">\u2013<\/span><span class=\"aioseo-breadcrumb\">\n\t<a href=\"https:\/\/eldigitaldeasturias.com\/magazine365\/la-demencia-se-desploma-en-estados-unidos\/\" title=\"La demencia se desploma en Estados Unidos\">La demencia se desploma en Estados Unidos<\/a>\n<\/span><\/div>","aioseo_breadcrumb_json":[{"label":"Home","link":"https:\/\/eldigitaldeasturias.com\/magazine365"},{"label":"Noticias y Actualidad","link":"https:\/\/eldigitaldeasturias.com\/magazine365\/category\/noticias-actualidad\/"},{"label":"La demencia se desploma en Estados Unidos","link":"https:\/\/eldigitaldeasturias.com\/magazine365\/la-demencia-se-desploma-en-estados-unidos\/"}],"_links":{"self":[{"href":"https:\/\/eldigitaldeasturias.com\/magazine365\/wp-json\/wp\/v2\/posts\/83498","targetHints":{"allow":["GET"]}}],"collection":[{"href":"https:\/\/eldigitaldeasturias.com\/magazine365\/wp-json\/wp\/v2\/posts"}],"about":[{"href":"https:\/\/eldigitaldeasturias.com\/magazine365\/wp-json\/wp\/v2\/types\/post"}],"author":[{"embeddable":true,"href":"https:\/\/eldigitaldeasturias.com\/magazine365\/wp-json\/wp\/v2\/users\/1"}],"replies":[{"embeddable":true,"href":"https:\/\/eldigitaldeasturias.com\/magazine365\/wp-json\/wp\/v2\/comments?post=83498"}],"version-history":[{"count":0,"href":"https:\/\/eldigitaldeasturias.com\/magazine365\/wp-json\/wp\/v2\/posts\/83498\/revisions"}],"wp:featuredmedia":[{"embeddable":true,"href":"https:\/\/eldigitaldeasturias.com\/magazine365\/wp-json\/wp\/v2\/media\/83499"}],"wp:attachment":[{"href":"https:\/\/eldigitaldeasturias.com\/magazine365\/wp-json\/wp\/v2\/media?parent=83498"}],"wp:term":[{"taxonomy":"category","embeddable":true,"href":"https:\/\/eldigitaldeasturias.com\/magazine365\/wp-json\/wp\/v2\/categories?post=83498"},{"taxonomy":"post_tag","embeddable":true,"href":"https:\/\/eldigitaldeasturias.com\/magazine365\/wp-json\/wp\/v2\/tags?post=83498"}],"curies":[{"name":"wp","href":"https:\/\/api.w.org\/{rel}","templated":true}]}}