{"id":83495,"date":"2016-11-23T22:25:57","date_gmt":"2016-11-23T21:25:57","guid":{"rendered":"http:\/\/eldigitaldeasturias.com\/magazine365\/?p=83495"},"modified":"2016-11-23T22:25:57","modified_gmt":"2016-11-23T21:25:57","slug":"blablacar-denuncia-a-espana-ante-la-comision-europea","status":"publish","type":"post","link":"https:\/\/eldigitaldeasturias.com\/magazine365\/blablacar-denuncia-a-espana-ante-la-comision-europea\/","title":{"rendered":"BlaBlaCar denuncia a Espa\u00f1a ante la Comisi\u00f3n Europea"},"content":{"rendered":"<p><img fetchpriority=\"high\" decoding=\"async\" class=\"alignleft size-medium wp-image-83496\" src=\"https:\/\/eldigitaldeasturias.com\/magazine365\/wp-content\/uploads\/2016\/11\/BlaBlaCar-360x240.jpg\" alt=\"blablacar\" width=\"360\" height=\"240\" srcset=\"https:\/\/eldigitaldeasturias.com\/magazine365\/wp-content\/uploads\/2016\/11\/BlaBlaCar-360x240.jpg 360w, https:\/\/eldigitaldeasturias.com\/magazine365\/wp-content\/uploads\/2016\/11\/BlaBlaCar-150x100.jpg 150w, https:\/\/eldigitaldeasturias.com\/magazine365\/wp-content\/uploads\/2016\/11\/BlaBlaCar-450x300.jpg 450w, https:\/\/eldigitaldeasturias.com\/magazine365\/wp-content\/uploads\/2016\/11\/BlaBlaCar.jpg 650w, https:\/\/eldigitaldeasturias.com\/magazine365\/wp-content\/uploads\/2016\/11\/BlaBlaCar-101x66.jpg 101w\" sizes=\"(max-width: 360px) 100vw, 360px\" \/>La batalla legal que est\u00e1 lidiando BlaBlaCar viene de antiguo, y en los \u00faltimos meses se ha podido ver c\u00f3mo se defendi\u00f3 de la demanda de Confeb\u00fas argumentando que ellos son una red social.<\/p>\n<p>El juez encargado del caso desestim\u00f3 el cierre cautelar que ped\u00eda Confeb\u00fas, pero el juicio real empezaba en mayo de 2016, a lo que se sum\u00f3 que la empresa ser\u00eda sancionada por la Comunidad de Madrid por considerar que no cumple la ley. Ahora llega el \u00faltimo cap\u00edtulo de esta saga: BlaBlaCar contraataca y ha denunciado a Espa\u00f1a ante la Comisi\u00f3n Europea.<\/p>\n<p>Son una red social, no una empresa de transportes<\/p>\n<p>Jaime Rodr\u00edguez, director general de BlaBlaCar Espa\u00f1a, explicaba las razones de esa denuncia, que se ha realizado tras las acciones de la Comunidad Aut\u00f3noma de Madrid, y que seg\u00fan los responsables de esta empresa suponen \u00abuna vulneraci\u00f3n del derecho europeo; en concreto, de la libre prestaci\u00f3n de servicios y de la libertad de establecimiento\u00bb.<\/p>\n<p>El m\u00e1ximo responsable de la empresa en Espa\u00f1a destacaba nuevamente que BlaBlaCar \u00abno es una empresa de transporte. Es una red social\u00bb, y como tal deber\u00eda estar regulada por la Directiva de Servicios de la Sociedad de la Informaci\u00f3n y Comercio Electr\u00f3nico. Simplemente ponen en contacto a conductores y pasajeros para compartir gastos de viaje \u00absin \u00e1nimo de lucro\u00bb.<\/p>\n<p>La demanda sobre BlaBlaCar en nuestro pa\u00eds es la \u00fanica existente en toda la Uni\u00f3n Europea, y Rodr\u00edguez idnicaba que \u00ablas sanciones impuestas por la Comunidad de Madrid se basan en la exigencia de unas licencias que ni BlaBlaCar, ni sus usuarios, necesitan en ninguna parte de Europa y que, aunque quisieran, les ser\u00eda imposible obtener en Espa\u00f1a\u00bb. Para este directivo esto es un claro obst\u00e1culo a la libre prestaci\u00f3n de sus servicios.<\/p>\n<p>La noticia \u00abBlaBlaCar contraataca y denuncia a Espa\u00f1a ante la Comisi\u00f3n Europea\u00bb fue publicada originalmente en Xataka.<\/p>\n<p>&nbsp;<\/p>\n","protected":false},"excerpt":{"rendered":"<p>La batalla legal que est\u00e1 lidiando BlaBlaCar viene de antiguo, y en los \u00faltimos meses se ha podido ver c\u00f3mo se defendi\u00f3 de la demanda de Confeb\u00fas argumentando que ellos son una red social. El juez encargado del caso desestim\u00f3 el cierre cautelar que ped\u00eda Confeb\u00fas, pero el juicio real empezaba en mayo de 2016,<\/p>\n","protected":false},"author":1,"featured_media":83496,"comment_status":"open","ping_status":"closed","sticky":false,"template":"","format":"standard","meta":{"footnotes":""},"categories":[224],"tags":[],"class_list":{"0":"post-83495","1":"post","2":"type-post","3":"status-publish","4":"format-standard","5":"has-post-thumbnail","7":"category-noticias-actualidad"},"aioseo_notices":[],"aioseo_head":"\n\t\t<!-- All in One SEO Pro 4.9.6.1 - aioseo.com -->\n\t<meta name=\"description\" content=\"La batalla legal que est\u00e1 lidiando BlaBlaCar viene de antiguo, y en los \u00faltimos meses se ha podido ver c\u00f3mo se defendi\u00f3 de la demanda de Confeb\u00fas argumentando que ellos son una red social. El juez encargado del caso desestim\u00f3 el cierre cautelar que ped\u00eda Confeb\u00fas, pero el juicio real empezaba en mayo de 2016,\" \/>\n\t<meta name=\"robots\" content=\"max-image-preview:large\" \/>\n\t<meta name=\"author\" content=\"admin\"\/>\n\t<meta name=\"google-site-verification\" content=\"UA-38556648-1\" \/>\n\t<meta name=\"keywords\" content=\"noticias y actualidad\" \/>\n\t<link rel=\"canonical\" href=\"https:\/\/eldigitaldeasturias.com\/magazine365\/blablacar-denuncia-a-espana-ante-la-comision-europea\/\" \/>\n\t<meta name=\"generator\" content=\"All in One SEO Pro (AIOSEO) 4.9.6.1\" \/>\n\t\t<meta property=\"og:locale\" content=\"es_ES\" \/>\n\t\t<meta property=\"og:site_name\" content=\"El Digital de Asturias \u2013 Revista de ocio, turismo y estilo de vida\" \/>\n\t\t<meta property=\"og:type\" content=\"article\" \/>\n\t\t<meta property=\"og:title\" content=\"BlaBlaCar denuncia a Espa\u00f1a ante la Comisi\u00f3n Europea | El Digital de Asturias\" \/>\n\t\t<meta property=\"og:description\" content=\"La batalla legal que est\u00e1 lidiando BlaBlaCar viene de antiguo, y en los \u00faltimos meses se ha podido ver c\u00f3mo se defendi\u00f3 de la demanda de Confeb\u00fas argumentando que ellos son una red social. El juez encargado del caso desestim\u00f3 el cierre cautelar que ped\u00eda Confeb\u00fas, pero el juicio real empezaba en mayo de 2016,\" \/>\n\t\t<meta property=\"og:url\" content=\"https:\/\/eldigitaldeasturias.com\/magazine365\/blablacar-denuncia-a-espana-ante-la-comision-europea\/\" \/>\n\t\t<meta property=\"og:image\" content=\"https:\/\/eldigitaldeasturias.com\/magazine365\/wp-content\/uploads\/2016\/11\/BlaBlaCar.jpg\" \/>\n\t\t<meta property=\"og:image:secure_url\" content=\"https:\/\/eldigitaldeasturias.com\/magazine365\/wp-content\/uploads\/2016\/11\/BlaBlaCar.jpg\" \/>\n\t\t<meta property=\"og:image:width\" content=\"650\" \/>\n\t\t<meta property=\"og:image:height\" content=\"433\" \/>\n\t\t<meta property=\"article:published_time\" content=\"2016-11-23T21:25:57+00:00\" \/>\n\t\t<meta property=\"article:modified_time\" content=\"2016-11-23T21:25:57+00:00\" \/>\n\t\t<meta name=\"twitter:card\" content=\"summary_large_image\" \/>\n\t\t<meta name=\"twitter:title\" content=\"BlaBlaCar denuncia a Espa\u00f1a ante la Comisi\u00f3n Europea | El Digital de Asturias\" \/>\n\t\t<meta name=\"twitter:description\" content=\"La batalla legal que est\u00e1 lidiando BlaBlaCar viene de antiguo, y en los \u00faltimos meses se ha podido ver c\u00f3mo se defendi\u00f3 de la demanda de Confeb\u00fas argumentando que ellos son una red social. El juez encargado del caso desestim\u00f3 el cierre cautelar que ped\u00eda Confeb\u00fas, pero el juicio real empezaba en mayo de 2016,\" \/>\n\t\t<meta name=\"twitter:image\" content=\"https:\/\/eldigitaldeasturias.com\/magazine365\/wp-content\/uploads\/2016\/11\/BlaBlaCar.jpg\" \/>\n\t\t<script type=\"application\/ld+json\" class=\"aioseo-schema\">\n\t\t\t{\"@context\":\"https:\\\/\\\/schema.org\",\"@graph\":[{\"@type\":\"Article\",\"@id\":\"https:\\\/\\\/eldigitaldeasturias.com\\\/magazine365\\\/blablacar-denuncia-a-espana-ante-la-comision-europea\\\/#article\",\"name\":\"BlaBlaCar denuncia a Espa\\u00f1a ante la Comisi\\u00f3n Europea | El Digital de Asturias\",\"headline\":\"BlaBlaCar denuncia a Espa\\u00f1a ante la Comisi\\u00f3n Europea\",\"author\":{\"@id\":\"https:\\\/\\\/eldigitaldeasturias.com\\\/magazine365\\\/author\\\/admin\\\/#author\"},\"publisher\":{\"@id\":\"https:\\\/\\\/eldigitaldeasturias.com\\\/magazine365\\\/#organization\"},\"image\":{\"@type\":\"ImageObject\",\"url\":\"https:\\\/\\\/eldigitaldeasturias.com\\\/magazine365\\\/wp-content\\\/uploads\\\/2016\\\/11\\\/BlaBlaCar.jpg\",\"width\":650,\"height\":433},\"datePublished\":\"2016-11-23T22:25:57+01:00\",\"dateModified\":\"2016-11-23T22:25:57+01:00\",\"inLanguage\":\"es-ES\",\"mainEntityOfPage\":{\"@id\":\"https:\\\/\\\/eldigitaldeasturias.com\\\/magazine365\\\/blablacar-denuncia-a-espana-ante-la-comision-europea\\\/#webpage\"},\"isPartOf\":{\"@id\":\"https:\\\/\\\/eldigitaldeasturias.com\\\/magazine365\\\/blablacar-denuncia-a-espana-ante-la-comision-europea\\\/#webpage\"},\"articleSection\":\"Noticias y Actualidad\"},{\"@type\":\"BreadcrumbList\",\"@id\":\"https:\\\/\\\/eldigitaldeasturias.com\\\/magazine365\\\/blablacar-denuncia-a-espana-ante-la-comision-europea\\\/#breadcrumblist\",\"itemListElement\":[{\"@type\":\"ListItem\",\"@id\":\"https:\\\/\\\/eldigitaldeasturias.com\\\/magazine365#listItem\",\"position\":1,\"name\":\"Home\",\"item\":\"https:\\\/\\\/eldigitaldeasturias.com\\\/magazine365\",\"nextItem\":{\"@type\":\"ListItem\",\"@id\":\"https:\\\/\\\/eldigitaldeasturias.com\\\/magazine365\\\/category\\\/noticias-actualidad\\\/#listItem\",\"name\":\"Noticias y Actualidad\"}},{\"@type\":\"ListItem\",\"@id\":\"https:\\\/\\\/eldigitaldeasturias.com\\\/magazine365\\\/category\\\/noticias-actualidad\\\/#listItem\",\"position\":2,\"name\":\"Noticias y Actualidad\",\"item\":\"https:\\\/\\\/eldigitaldeasturias.com\\\/magazine365\\\/category\\\/noticias-actualidad\\\/\",\"nextItem\":{\"@type\":\"ListItem\",\"@id\":\"https:\\\/\\\/eldigitaldeasturias.com\\\/magazine365\\\/blablacar-denuncia-a-espana-ante-la-comision-europea\\\/#listItem\",\"name\":\"BlaBlaCar denuncia a Espa\\u00f1a ante la Comisi\\u00f3n Europea\"},\"previousItem\":{\"@type\":\"ListItem\",\"@id\":\"https:\\\/\\\/eldigitaldeasturias.com\\\/magazine365#listItem\",\"name\":\"Home\"}},{\"@type\":\"ListItem\",\"@id\":\"https:\\\/\\\/eldigitaldeasturias.com\\\/magazine365\\\/blablacar-denuncia-a-espana-ante-la-comision-europea\\\/#listItem\",\"position\":3,\"name\":\"BlaBlaCar denuncia a Espa\\u00f1a ante la Comisi\\u00f3n Europea\",\"previousItem\":{\"@type\":\"ListItem\",\"@id\":\"https:\\\/\\\/eldigitaldeasturias.com\\\/magazine365\\\/category\\\/noticias-actualidad\\\/#listItem\",\"name\":\"Noticias y Actualidad\"}}]},{\"@type\":\"Organization\",\"@id\":\"https:\\\/\\\/eldigitaldeasturias.com\\\/magazine365\\\/#organization\",\"name\":\"El digital de Asturias\",\"description\":\"Revista de ocio, turismo y estilo de vida\",\"url\":\"https:\\\/\\\/eldigitaldeasturias.com\\\/magazine365\\\/\",\"logo\":{\"@type\":\"ImageObject\",\"url\":\"https:\\\/\\\/www.eldigitaldeasturias.com\\\/noticias\\\/wp-content\\\/uploads\\\/2020\\\/12\\\/EDA.jpg\",\"@id\":\"https:\\\/\\\/eldigitaldeasturias.com\\\/magazine365\\\/blablacar-denuncia-a-espana-ante-la-comision-europea\\\/#organizationLogo\"},\"image\":{\"@id\":\"https:\\\/\\\/eldigitaldeasturias.com\\\/magazine365\\\/blablacar-denuncia-a-espana-ante-la-comision-europea\\\/#organizationLogo\"}},{\"@type\":\"Person\",\"@id\":\"https:\\\/\\\/eldigitaldeasturias.com\\\/magazine365\\\/author\\\/admin\\\/#author\",\"url\":\"https:\\\/\\\/eldigitaldeasturias.com\\\/magazine365\\\/author\\\/admin\\\/\",\"name\":\"admin\",\"image\":{\"@type\":\"ImageObject\",\"@id\":\"https:\\\/\\\/eldigitaldeasturias.com\\\/magazine365\\\/blablacar-denuncia-a-espana-ante-la-comision-europea\\\/#authorImage\",\"url\":\"https:\\\/\\\/eldigitaldeasturias.com\\\/magazine365\\\/wp-content\\\/litespeed\\\/avatar\\\/e571bcf59a0edd6fa6838245a470f2fe.jpg?ver=1776969259\",\"width\":96,\"height\":96,\"caption\":\"admin\"}},{\"@type\":\"WebPage\",\"@id\":\"https:\\\/\\\/eldigitaldeasturias.com\\\/magazine365\\\/blablacar-denuncia-a-espana-ante-la-comision-europea\\\/#webpage\",\"url\":\"https:\\\/\\\/eldigitaldeasturias.com\\\/magazine365\\\/blablacar-denuncia-a-espana-ante-la-comision-europea\\\/\",\"name\":\"BlaBlaCar denuncia a Espa\\u00f1a ante la Comisi\\u00f3n Europea | El Digital de Asturias\",\"description\":\"La batalla legal que est\\u00e1 lidiando BlaBlaCar viene de antiguo, y en los \\u00faltimos meses se ha podido ver c\\u00f3mo se defendi\\u00f3 de la demanda de Confeb\\u00fas argumentando que ellos son una red social. El juez encargado del caso desestim\\u00f3 el cierre cautelar que ped\\u00eda Confeb\\u00fas, pero el juicio real empezaba en mayo de 2016,\",\"inLanguage\":\"es-ES\",\"isPartOf\":{\"@id\":\"https:\\\/\\\/eldigitaldeasturias.com\\\/magazine365\\\/#website\"},\"breadcrumb\":{\"@id\":\"https:\\\/\\\/eldigitaldeasturias.com\\\/magazine365\\\/blablacar-denuncia-a-espana-ante-la-comision-europea\\\/#breadcrumblist\"},\"author\":{\"@id\":\"https:\\\/\\\/eldigitaldeasturias.com\\\/magazine365\\\/author\\\/admin\\\/#author\"},\"creator\":{\"@id\":\"https:\\\/\\\/eldigitaldeasturias.com\\\/magazine365\\\/author\\\/admin\\\/#author\"},\"image\":{\"@type\":\"ImageObject\",\"url\":\"https:\\\/\\\/eldigitaldeasturias.com\\\/magazine365\\\/wp-content\\\/uploads\\\/2016\\\/11\\\/BlaBlaCar.jpg\",\"@id\":\"https:\\\/\\\/eldigitaldeasturias.com\\\/magazine365\\\/blablacar-denuncia-a-espana-ante-la-comision-europea\\\/#mainImage\",\"width\":650,\"height\":433},\"primaryImageOfPage\":{\"@id\":\"https:\\\/\\\/eldigitaldeasturias.com\\\/magazine365\\\/blablacar-denuncia-a-espana-ante-la-comision-europea\\\/#mainImage\"},\"datePublished\":\"2016-11-23T22:25:57+01:00\",\"dateModified\":\"2016-11-23T22:25:57+01:00\"},{\"@type\":\"WebSite\",\"@id\":\"https:\\\/\\\/eldigitaldeasturias.com\\\/magazine365\\\/#website\",\"url\":\"https:\\\/\\\/eldigitaldeasturias.com\\\/magazine365\\\/\",\"name\":\"El Digital de Asturias\",\"description\":\"Revista de ocio, turismo y estilo de vida\",\"inLanguage\":\"es-ES\",\"publisher\":{\"@id\":\"https:\\\/\\\/eldigitaldeasturias.com\\\/magazine365\\\/#organization\"}}]}\n\t\t<\/script>\n\t\t<!-- All in One SEO Pro -->\r\n\t\t<title>BlaBlaCar denuncia a Espa\u00f1a ante la Comisi\u00f3n Europea | El Digital de Asturias<\/title>\n\n","aioseo_head_json":{"title":"BlaBlaCar denuncia a Espa\u00f1a ante la Comisi\u00f3n Europea | El Digital de Asturias","description":"La batalla legal que est\u00e1 lidiando BlaBlaCar viene de antiguo, y en los \u00faltimos meses se ha podido ver c\u00f3mo se defendi\u00f3 de la demanda de Confeb\u00fas argumentando que ellos son una red social. El juez encargado del caso desestim\u00f3 el cierre cautelar que ped\u00eda Confeb\u00fas, pero el juicio real empezaba en mayo de 2016,","canonical_url":"https:\/\/eldigitaldeasturias.com\/magazine365\/blablacar-denuncia-a-espana-ante-la-comision-europea\/","robots":"max-image-preview:large","keywords":"noticias y actualidad","webmasterTools":{"google-site-verification":"UA-38556648-1","miscellaneous":""},"schema":{"@context":"https:\/\/schema.org","@graph":[{"@type":"Article","@id":"https:\/\/eldigitaldeasturias.com\/magazine365\/blablacar-denuncia-a-espana-ante-la-comision-europea\/#article","name":"BlaBlaCar denuncia a Espa\u00f1a ante la Comisi\u00f3n Europea | El Digital de Asturias","headline":"BlaBlaCar denuncia a Espa\u00f1a ante la Comisi\u00f3n Europea","author":{"@id":"https:\/\/eldigitaldeasturias.com\/magazine365\/author\/admin\/#author"},"publisher":{"@id":"https:\/\/eldigitaldeasturias.com\/magazine365\/#organization"},"image":{"@type":"ImageObject","url":"https:\/\/eldigitaldeasturias.com\/magazine365\/wp-content\/uploads\/2016\/11\/BlaBlaCar.jpg","width":650,"height":433},"datePublished":"2016-11-23T22:25:57+01:00","dateModified":"2016-11-23T22:25:57+01:00","inLanguage":"es-ES","mainEntityOfPage":{"@id":"https:\/\/eldigitaldeasturias.com\/magazine365\/blablacar-denuncia-a-espana-ante-la-comision-europea\/#webpage"},"isPartOf":{"@id":"https:\/\/eldigitaldeasturias.com\/magazine365\/blablacar-denuncia-a-espana-ante-la-comision-europea\/#webpage"},"articleSection":"Noticias y Actualidad"},{"@type":"BreadcrumbList","@id":"https:\/\/eldigitaldeasturias.com\/magazine365\/blablacar-denuncia-a-espana-ante-la-comision-europea\/#breadcrumblist","itemListElement":[{"@type":"ListItem","@id":"https:\/\/eldigitaldeasturias.com\/magazine365#listItem","position":1,"name":"Home","item":"https:\/\/eldigitaldeasturias.com\/magazine365","nextItem":{"@type":"ListItem","@id":"https:\/\/eldigitaldeasturias.com\/magazine365\/category\/noticias-actualidad\/#listItem","name":"Noticias y Actualidad"}},{"@type":"ListItem","@id":"https:\/\/eldigitaldeasturias.com\/magazine365\/category\/noticias-actualidad\/#listItem","position":2,"name":"Noticias y Actualidad","item":"https:\/\/eldigitaldeasturias.com\/magazine365\/category\/noticias-actualidad\/","nextItem":{"@type":"ListItem","@id":"https:\/\/eldigitaldeasturias.com\/magazine365\/blablacar-denuncia-a-espana-ante-la-comision-europea\/#listItem","name":"BlaBlaCar denuncia a Espa\u00f1a ante la Comisi\u00f3n Europea"},"previousItem":{"@type":"ListItem","@id":"https:\/\/eldigitaldeasturias.com\/magazine365#listItem","name":"Home"}},{"@type":"ListItem","@id":"https:\/\/eldigitaldeasturias.com\/magazine365\/blablacar-denuncia-a-espana-ante-la-comision-europea\/#listItem","position":3,"name":"BlaBlaCar denuncia a Espa\u00f1a ante la Comisi\u00f3n Europea","previousItem":{"@type":"ListItem","@id":"https:\/\/eldigitaldeasturias.com\/magazine365\/category\/noticias-actualidad\/#listItem","name":"Noticias y Actualidad"}}]},{"@type":"Organization","@id":"https:\/\/eldigitaldeasturias.com\/magazine365\/#organization","name":"El digital de Asturias","description":"Revista de ocio, turismo y estilo de vida","url":"https:\/\/eldigitaldeasturias.com\/magazine365\/","logo":{"@type":"ImageObject","url":"https:\/\/www.eldigitaldeasturias.com\/noticias\/wp-content\/uploads\/2020\/12\/EDA.jpg","@id":"https:\/\/eldigitaldeasturias.com\/magazine365\/blablacar-denuncia-a-espana-ante-la-comision-europea\/#organizationLogo"},"image":{"@id":"https:\/\/eldigitaldeasturias.com\/magazine365\/blablacar-denuncia-a-espana-ante-la-comision-europea\/#organizationLogo"}},{"@type":"Person","@id":"https:\/\/eldigitaldeasturias.com\/magazine365\/author\/admin\/#author","url":"https:\/\/eldigitaldeasturias.com\/magazine365\/author\/admin\/","name":"admin","image":{"@type":"ImageObject","@id":"https:\/\/eldigitaldeasturias.com\/magazine365\/blablacar-denuncia-a-espana-ante-la-comision-europea\/#authorImage","url":"https:\/\/eldigitaldeasturias.com\/magazine365\/wp-content\/litespeed\/avatar\/e571bcf59a0edd6fa6838245a470f2fe.jpg?ver=1776969259","width":96,"height":96,"caption":"admin"}},{"@type":"WebPage","@id":"https:\/\/eldigitaldeasturias.com\/magazine365\/blablacar-denuncia-a-espana-ante-la-comision-europea\/#webpage","url":"https:\/\/eldigitaldeasturias.com\/magazine365\/blablacar-denuncia-a-espana-ante-la-comision-europea\/","name":"BlaBlaCar denuncia a Espa\u00f1a ante la Comisi\u00f3n Europea | El Digital de Asturias","description":"La batalla legal que est\u00e1 lidiando BlaBlaCar viene de antiguo, y en los \u00faltimos meses se ha podido ver c\u00f3mo se defendi\u00f3 de la demanda de Confeb\u00fas argumentando que ellos son una red social. El juez encargado del caso desestim\u00f3 el cierre cautelar que ped\u00eda Confeb\u00fas, pero el juicio real empezaba en mayo de 2016,","inLanguage":"es-ES","isPartOf":{"@id":"https:\/\/eldigitaldeasturias.com\/magazine365\/#website"},"breadcrumb":{"@id":"https:\/\/eldigitaldeasturias.com\/magazine365\/blablacar-denuncia-a-espana-ante-la-comision-europea\/#breadcrumblist"},"author":{"@id":"https:\/\/eldigitaldeasturias.com\/magazine365\/author\/admin\/#author"},"creator":{"@id":"https:\/\/eldigitaldeasturias.com\/magazine365\/author\/admin\/#author"},"image":{"@type":"ImageObject","url":"https:\/\/eldigitaldeasturias.com\/magazine365\/wp-content\/uploads\/2016\/11\/BlaBlaCar.jpg","@id":"https:\/\/eldigitaldeasturias.com\/magazine365\/blablacar-denuncia-a-espana-ante-la-comision-europea\/#mainImage","width":650,"height":433},"primaryImageOfPage":{"@id":"https:\/\/eldigitaldeasturias.com\/magazine365\/blablacar-denuncia-a-espana-ante-la-comision-europea\/#mainImage"},"datePublished":"2016-11-23T22:25:57+01:00","dateModified":"2016-11-23T22:25:57+01:00"},{"@type":"WebSite","@id":"https:\/\/eldigitaldeasturias.com\/magazine365\/#website","url":"https:\/\/eldigitaldeasturias.com\/magazine365\/","name":"El Digital de Asturias","description":"Revista de ocio, turismo y estilo de vida","inLanguage":"es-ES","publisher":{"@id":"https:\/\/eldigitaldeasturias.com\/magazine365\/#organization"}}]},"og:locale":"es_ES","og:site_name":"El Digital de Asturias \u2013 Revista de ocio, turismo y estilo de vida","og:type":"article","og:title":"BlaBlaCar denuncia a Espa\u00f1a ante la Comisi\u00f3n Europea | El Digital de Asturias","og:description":"La batalla legal que est\u00e1 lidiando BlaBlaCar viene de antiguo, y en los \u00faltimos meses se ha podido ver c\u00f3mo se defendi\u00f3 de la demanda de Confeb\u00fas argumentando que ellos son una red social. El juez encargado del caso desestim\u00f3 el cierre cautelar que ped\u00eda Confeb\u00fas, pero el juicio real empezaba en mayo de 2016,","og:url":"https:\/\/eldigitaldeasturias.com\/magazine365\/blablacar-denuncia-a-espana-ante-la-comision-europea\/","og:image":"https:\/\/eldigitaldeasturias.com\/magazine365\/wp-content\/uploads\/2016\/11\/BlaBlaCar.jpg","og:image:secure_url":"https:\/\/eldigitaldeasturias.com\/magazine365\/wp-content\/uploads\/2016\/11\/BlaBlaCar.jpg","og:image:width":650,"og:image:height":433,"article:published_time":"2016-11-23T21:25:57+00:00","article:modified_time":"2016-11-23T21:25:57+00:00","twitter:card":"summary_large_image","twitter:title":"BlaBlaCar denuncia a Espa\u00f1a ante la Comisi\u00f3n Europea | El Digital de Asturias","twitter:description":"La batalla legal que est\u00e1 lidiando BlaBlaCar viene de antiguo, y en los \u00faltimos meses se ha podido ver c\u00f3mo se defendi\u00f3 de la demanda de Confeb\u00fas argumentando que ellos son una red social. El juez encargado del caso desestim\u00f3 el cierre cautelar que ped\u00eda Confeb\u00fas, pero el juicio real empezaba en mayo de 2016,","twitter:image":"https:\/\/eldigitaldeasturias.com\/magazine365\/wp-content\/uploads\/2016\/11\/BlaBlaCar.jpg"},"aioseo_meta_data":{"post_id":"83495","title":null,"description":null,"keywords":null,"keyphrases":null,"primary_term":null,"canonical_url":null,"og_title":null,"og_description":null,"og_object_type":"default","og_image_type":"default","og_image_url":null,"og_image_width":null,"og_image_height":null,"og_image_custom_url":null,"og_image_custom_fields":null,"og_video":null,"og_custom_url":null,"og_article_section":null,"og_article_tags":null,"twitter_use_og":false,"twitter_card":"default","twitter_image_type":"default","twitter_image_url":null,"twitter_image_custom_url":null,"twitter_image_custom_fields":null,"twitter_title":null,"twitter_description":null,"schema":{"blockGraphs":[],"customGraphs":[],"default":{"data":{"Article":[],"Course":[],"Dataset":[],"FAQPage":[],"Movie":[],"Person":[],"Product":[],"ProductReview":[],"Car":[],"Recipe":[],"Service":[],"SoftwareApplication":[],"WebPage":[]},"graphName":"","isEnabled":true},"graphs":[]},"schema_type":null,"schema_type_options":null,"pillar_content":false,"robots_default":true,"robots_noindex":false,"robots_noarchive":false,"robots_nosnippet":false,"robots_nofollow":false,"robots_noimageindex":false,"robots_noodp":false,"robots_notranslate":false,"robots_max_snippet":null,"robots_max_videopreview":null,"robots_max_imagepreview":"large","priority":null,"frequency":null,"location":null,"local_seo":null,"seo_analyzer_scan_date":"2025-09-28 03:06:37","breadcrumb_settings":null,"limit_modified_date":false,"open_ai":null,"ai":null,"created":"2020-12-21 15:29:34","updated":"2025-09-28 03:06:37"},"aioseo_breadcrumb":"<div class=\"aioseo-breadcrumbs\"><span class=\"aioseo-breadcrumb\">\n\t<a href=\"https:\/\/eldigitaldeasturias.com\/magazine365\" title=\"Home\">Home<\/a>\n<\/span><span class=\"aioseo-breadcrumb-separator\">\u2013<\/span><span class=\"aioseo-breadcrumb\">\n\t<a href=\"https:\/\/eldigitaldeasturias.com\/magazine365\/category\/noticias-actualidad\/\" title=\"Noticias y Actualidad\">Noticias y Actualidad<\/a>\n<\/span><span class=\"aioseo-breadcrumb-separator\">\u2013<\/span><span class=\"aioseo-breadcrumb\">\n\t<a href=\"https:\/\/eldigitaldeasturias.com\/magazine365\/blablacar-denuncia-a-espana-ante-la-comision-europea\/\" title=\"BlaBlaCar denuncia a Espa\u00f1a ante la Comisi\u00f3n Europea\">BlaBlaCar denuncia a Espa\u00f1a ante la Comisi\u00f3n Europea<\/a>\n<\/span><\/div>","aioseo_breadcrumb_json":[{"label":"Home","link":"https:\/\/eldigitaldeasturias.com\/magazine365"},{"label":"Noticias y Actualidad","link":"https:\/\/eldigitaldeasturias.com\/magazine365\/category\/noticias-actualidad\/"},{"label":"BlaBlaCar denuncia a Espa\u00f1a ante la Comisi\u00f3n Europea","link":"https:\/\/eldigitaldeasturias.com\/magazine365\/blablacar-denuncia-a-espana-ante-la-comision-europea\/"}],"_links":{"self":[{"href":"https:\/\/eldigitaldeasturias.com\/magazine365\/wp-json\/wp\/v2\/posts\/83495","targetHints":{"allow":["GET"]}}],"collection":[{"href":"https:\/\/eldigitaldeasturias.com\/magazine365\/wp-json\/wp\/v2\/posts"}],"about":[{"href":"https:\/\/eldigitaldeasturias.com\/magazine365\/wp-json\/wp\/v2\/types\/post"}],"author":[{"embeddable":true,"href":"https:\/\/eldigitaldeasturias.com\/magazine365\/wp-json\/wp\/v2\/users\/1"}],"replies":[{"embeddable":true,"href":"https:\/\/eldigitaldeasturias.com\/magazine365\/wp-json\/wp\/v2\/comments?post=83495"}],"version-history":[{"count":0,"href":"https:\/\/eldigitaldeasturias.com\/magazine365\/wp-json\/wp\/v2\/posts\/83495\/revisions"}],"wp:featuredmedia":[{"embeddable":true,"href":"https:\/\/eldigitaldeasturias.com\/magazine365\/wp-json\/wp\/v2\/media\/83496"}],"wp:attachment":[{"href":"https:\/\/eldigitaldeasturias.com\/magazine365\/wp-json\/wp\/v2\/media?parent=83495"}],"wp:term":[{"taxonomy":"category","embeddable":true,"href":"https:\/\/eldigitaldeasturias.com\/magazine365\/wp-json\/wp\/v2\/categories?post=83495"},{"taxonomy":"post_tag","embeddable":true,"href":"https:\/\/eldigitaldeasturias.com\/magazine365\/wp-json\/wp\/v2\/tags?post=83495"}],"curies":[{"name":"wp","href":"https:\/\/api.w.org\/{rel}","templated":true}]}}