{"id":83477,"date":"2016-11-23T22:17:18","date_gmt":"2016-11-23T21:17:18","guid":{"rendered":"http:\/\/eldigitaldeasturias.com\/magazine365\/?p=83477"},"modified":"2016-11-23T22:17:18","modified_gmt":"2016-11-23T21:17:18","slug":"aternia-escogida-representante-de-promessa-en-espana","status":"publish","type":"post","link":"https:\/\/eldigitaldeasturias.com\/magazine365\/aternia-escogida-representante-de-promessa-en-espana\/","title":{"rendered":"Aternia escogida representante de Promessa en Espa\u00f1a"},"content":{"rendered":"<p><img fetchpriority=\"high\" decoding=\"async\" class=\"alignleft size-medium wp-image-83478\" src=\"https:\/\/eldigitaldeasturias.com\/magazine365\/wp-content\/uploads\/2016\/11\/1479460477_susanne_wiigh_masak-302x300.jpg\" alt=\"1479460477_susanne_wiigh_masak\" width=\"302\" height=\"300\" srcset=\"https:\/\/eldigitaldeasturias.com\/magazine365\/wp-content\/uploads\/2016\/11\/1479460477_susanne_wiigh_masak-302x300.jpg 302w, https:\/\/eldigitaldeasturias.com\/magazine365\/wp-content\/uploads\/2016\/11\/1479460477_susanne_wiigh_masak-644x640.jpg 644w, https:\/\/eldigitaldeasturias.com\/magazine365\/wp-content\/uploads\/2016\/11\/1479460477_susanne_wiigh_masak-150x149.jpg 150w, https:\/\/eldigitaldeasturias.com\/magazine365\/wp-content\/uploads\/2016\/11\/1479460477_susanne_wiigh_masak-450x447.jpg 450w, https:\/\/eldigitaldeasturias.com\/magazine365\/wp-content\/uploads\/2016\/11\/1479460477_susanne_wiigh_masak-50x50.jpg 50w, https:\/\/eldigitaldeasturias.com\/magazine365\/wp-content\/uploads\/2016\/11\/1479460477_susanne_wiigh_masak-301x300.jpg 301w, https:\/\/eldigitaldeasturias.com\/magazine365\/wp-content\/uploads\/2016\/11\/1479460477_susanne_wiigh_masak-135x135.jpg 135w, https:\/\/eldigitaldeasturias.com\/magazine365\/wp-content\/uploads\/2016\/11\/1479460477_susanne_wiigh_masak-100x100.jpg 100w, https:\/\/eldigitaldeasturias.com\/magazine365\/wp-content\/uploads\/2016\/11\/1479460477_susanne_wiigh_masak.jpg 709w\" sizes=\"(max-width: 302px) 100vw, 302px\" \/>Susanne Wiigh-M\u00e4sak, fundadora de la empresa Promessa y bi\u00f3loga de formaci\u00f3n; afirma orgullosa que \u201cAternia cumple con todos los requisitos y expectativas que nos planteamos para todos los representantes a nivel mundial. Adem\u00e1s, Aternia tiene unos est\u00e1ndares de profesionalidad y calidad muy altos y posee la preparaci\u00f3n para desarrollar este importante rol\u201d.<\/p>\n<p>Promessa es una empresa sueca que ofrece un cambio de paradigma en la manera de trabajar del sector funerario. Promessa, desde hace varios a\u00f1os, investiga y trabaja desde una base biol\u00f3gica y est\u00e1 consiguiendo que un tema tab\u00fa y negro como es la muerte en las sociedades occidentales; sea una alternativa 100% ecol\u00f3gica y verde; y consecuentemente considerada como una nueva opci\u00f3n atractiva e interesante para muchas personas, tanto para la incineraci\u00f3n como para el entierro. Adem\u00e1s Promessa es la soluci\u00f3n a los problemas insuperables dentro de la industria funeraria como son la contaminaci\u00f3n, la falta de espacio, etc.<\/p>\n<p>Susanne comenta que \u201cdesde el d\u00eda que nacemos hasta el d\u00eda que dejamos de comer y beber, toda la materia org\u00e1nica a partir de la cual construimos nuestro cuerpo, es originada desde el sustrato. Cuando quemamos un cuerpo o lo enterramos unos metros bajo tierra, descuidamos la enorme posibilidad de que nuestros restos org\u00e1nicos vuelvan al equilibrio de la naturaleza y convertirlo en parte del proceso de compostaje, tal y como la naturaleza lo prefiere; evitando as\u00ed los gases clim\u00e1ticos. Cerca de 1% de 7 billones de personas en el globo terr\u00e1queo mueren cada d\u00eda. El impacto medioambiental es importante\u201d.<\/p>\n<p>Promessa ha despertado inter\u00e9s en m\u00e1s de 100 pa\u00edses en todo el mundo. Susanne menciona que \u201cen Espa\u00f1a hay tambi\u00e9n mucho inter\u00e9s en implementar esta nueva alternativa ecol\u00f3gica\u201d. Susanne tambi\u00e9n afirma que \u201chace unos pocos meses, desde Chile, se public\u00f3 por primera vez un video en espa\u00f1ol explicando el funcionamiento del Promator y ha sido visualizado m\u00e1s de 43 millones de veces. Otros videos en otros idiomas tambi\u00e9n han sido publicados y en su conjunto han sido vistos m\u00e1s de 120.000.0000 de veces\u201d.<\/p>\n<p>Olga Bolart, sales executive de la empresa Aternia y represente de Promessa en Espa\u00f1a nos comenta que \u201cAternia est\u00e1 trabajando en la direcci\u00f3n correcta para que Espa\u00f1a sea uno de los primeros pa\u00edses donde se disponga de esta alternativa de una manera organizada y eficiente. Una de las primeras tareas ha sido crear la p\u00e1gina web de Promessa Espa\u00f1a donde toda la informaci\u00f3n que se publica en la p\u00e1gina web de Promessa en ingl\u00e9s, as\u00ed como noticias espec\u00edficas de Espa\u00f1a; est\u00e9n disponibles en espa\u00f1ol\u201d.<\/p>\n<p>&nbsp;<\/p>\n","protected":false},"excerpt":{"rendered":"<p>Susanne Wiigh-M\u00e4sak, fundadora de la empresa Promessa y bi\u00f3loga de formaci\u00f3n; afirma orgullosa que \u201cAternia cumple con todos los requisitos y expectativas que nos planteamos para todos los representantes a nivel mundial. Adem\u00e1s, Aternia tiene unos est\u00e1ndares de profesionalidad y calidad muy altos y posee la preparaci\u00f3n para desarrollar este importante rol\u201d. Promessa es una<\/p>\n","protected":false},"author":1,"featured_media":83478,"comment_status":"open","ping_status":"closed","sticky":false,"template":"","format":"standard","meta":{"footnotes":""},"categories":[224],"tags":[],"class_list":{"0":"post-83477","1":"post","2":"type-post","3":"status-publish","4":"format-standard","5":"has-post-thumbnail","7":"category-noticias-actualidad"},"aioseo_notices":[],"aioseo_head":"\n\t\t<!-- All in One SEO Pro 4.9.6.1 - aioseo.com -->\n\t<meta name=\"description\" content=\"Susanne Wiigh-M\u00e4sak, fundadora de la empresa Promessa y bi\u00f3loga de formaci\u00f3n; afirma orgullosa que \u201cAternia cumple con todos los requisitos y expectativas que nos planteamos para todos los representantes a nivel mundial. Adem\u00e1s, Aternia tiene unos est\u00e1ndares de profesionalidad y calidad muy altos y posee la preparaci\u00f3n para desarrollar este importante rol\u201d. Promessa es una\" \/>\n\t<meta name=\"robots\" content=\"max-image-preview:large\" \/>\n\t<meta name=\"author\" content=\"admin\"\/>\n\t<meta name=\"google-site-verification\" content=\"UA-38556648-1\" \/>\n\t<meta name=\"keywords\" content=\"noticias y actualidad\" \/>\n\t<link rel=\"canonical\" href=\"https:\/\/eldigitaldeasturias.com\/magazine365\/aternia-escogida-representante-de-promessa-en-espana\/\" \/>\n\t<meta name=\"generator\" content=\"All in One SEO Pro (AIOSEO) 4.9.6.1\" \/>\n\t\t<meta property=\"og:locale\" content=\"es_ES\" \/>\n\t\t<meta property=\"og:site_name\" content=\"El Digital de Asturias \u2013 Revista de ocio, turismo y estilo de vida\" \/>\n\t\t<meta property=\"og:type\" content=\"article\" \/>\n\t\t<meta property=\"og:title\" content=\"Aternia escogida representante de Promessa en Espa\u00f1a | El Digital de Asturias\" \/>\n\t\t<meta property=\"og:description\" content=\"Susanne Wiigh-M\u00e4sak, fundadora de la empresa Promessa y bi\u00f3loga de formaci\u00f3n; afirma orgullosa que \u201cAternia cumple con todos los requisitos y expectativas que nos planteamos para todos los representantes a nivel mundial. Adem\u00e1s, Aternia tiene unos est\u00e1ndares de profesionalidad y calidad muy altos y posee la preparaci\u00f3n para desarrollar este importante rol\u201d. Promessa es una\" \/>\n\t\t<meta property=\"og:url\" content=\"https:\/\/eldigitaldeasturias.com\/magazine365\/aternia-escogida-representante-de-promessa-en-espana\/\" \/>\n\t\t<meta property=\"og:image\" content=\"https:\/\/eldigitaldeasturias.com\/magazine365\/wp-content\/uploads\/2016\/11\/1479460477_susanne_wiigh_masak.jpg\" \/>\n\t\t<meta property=\"og:image:secure_url\" content=\"https:\/\/eldigitaldeasturias.com\/magazine365\/wp-content\/uploads\/2016\/11\/1479460477_susanne_wiigh_masak.jpg\" \/>\n\t\t<meta property=\"og:image:width\" content=\"709\" \/>\n\t\t<meta property=\"og:image:height\" content=\"705\" \/>\n\t\t<meta property=\"article:published_time\" content=\"2016-11-23T21:17:18+00:00\" \/>\n\t\t<meta property=\"article:modified_time\" content=\"2016-11-23T21:17:18+00:00\" \/>\n\t\t<meta name=\"twitter:card\" content=\"summary_large_image\" \/>\n\t\t<meta name=\"twitter:title\" content=\"Aternia escogida representante de Promessa en Espa\u00f1a | El Digital de Asturias\" \/>\n\t\t<meta name=\"twitter:description\" content=\"Susanne Wiigh-M\u00e4sak, fundadora de la empresa Promessa y bi\u00f3loga de formaci\u00f3n; afirma orgullosa que \u201cAternia cumple con todos los requisitos y expectativas que nos planteamos para todos los representantes a nivel mundial. Adem\u00e1s, Aternia tiene unos est\u00e1ndares de profesionalidad y calidad muy altos y posee la preparaci\u00f3n para desarrollar este importante rol\u201d. Promessa es una\" \/>\n\t\t<meta name=\"twitter:image\" content=\"https:\/\/eldigitaldeasturias.com\/magazine365\/wp-content\/uploads\/2016\/11\/1479460477_susanne_wiigh_masak.jpg\" \/>\n\t\t<script type=\"application\/ld+json\" class=\"aioseo-schema\">\n\t\t\t{\"@context\":\"https:\\\/\\\/schema.org\",\"@graph\":[{\"@type\":\"Article\",\"@id\":\"https:\\\/\\\/eldigitaldeasturias.com\\\/magazine365\\\/aternia-escogida-representante-de-promessa-en-espana\\\/#article\",\"name\":\"Aternia escogida representante de Promessa en Espa\\u00f1a | El Digital de Asturias\",\"headline\":\"Aternia escogida representante de Promessa en Espa\\u00f1a\",\"author\":{\"@id\":\"https:\\\/\\\/eldigitaldeasturias.com\\\/magazine365\\\/author\\\/admin\\\/#author\"},\"publisher\":{\"@id\":\"https:\\\/\\\/eldigitaldeasturias.com\\\/magazine365\\\/#organization\"},\"image\":{\"@type\":\"ImageObject\",\"url\":\"https:\\\/\\\/eldigitaldeasturias.com\\\/magazine365\\\/wp-content\\\/uploads\\\/2016\\\/11\\\/1479460477_susanne_wiigh_masak.jpg\",\"width\":709,\"height\":705},\"datePublished\":\"2016-11-23T22:17:18+01:00\",\"dateModified\":\"2016-11-23T22:17:18+01:00\",\"inLanguage\":\"es-ES\",\"mainEntityOfPage\":{\"@id\":\"https:\\\/\\\/eldigitaldeasturias.com\\\/magazine365\\\/aternia-escogida-representante-de-promessa-en-espana\\\/#webpage\"},\"isPartOf\":{\"@id\":\"https:\\\/\\\/eldigitaldeasturias.com\\\/magazine365\\\/aternia-escogida-representante-de-promessa-en-espana\\\/#webpage\"},\"articleSection\":\"Noticias y Actualidad\"},{\"@type\":\"BreadcrumbList\",\"@id\":\"https:\\\/\\\/eldigitaldeasturias.com\\\/magazine365\\\/aternia-escogida-representante-de-promessa-en-espana\\\/#breadcrumblist\",\"itemListElement\":[{\"@type\":\"ListItem\",\"@id\":\"https:\\\/\\\/eldigitaldeasturias.com\\\/magazine365#listItem\",\"position\":1,\"name\":\"Home\",\"item\":\"https:\\\/\\\/eldigitaldeasturias.com\\\/magazine365\",\"nextItem\":{\"@type\":\"ListItem\",\"@id\":\"https:\\\/\\\/eldigitaldeasturias.com\\\/magazine365\\\/category\\\/noticias-actualidad\\\/#listItem\",\"name\":\"Noticias y Actualidad\"}},{\"@type\":\"ListItem\",\"@id\":\"https:\\\/\\\/eldigitaldeasturias.com\\\/magazine365\\\/category\\\/noticias-actualidad\\\/#listItem\",\"position\":2,\"name\":\"Noticias y Actualidad\",\"item\":\"https:\\\/\\\/eldigitaldeasturias.com\\\/magazine365\\\/category\\\/noticias-actualidad\\\/\",\"nextItem\":{\"@type\":\"ListItem\",\"@id\":\"https:\\\/\\\/eldigitaldeasturias.com\\\/magazine365\\\/aternia-escogida-representante-de-promessa-en-espana\\\/#listItem\",\"name\":\"Aternia escogida representante de Promessa en Espa\\u00f1a\"},\"previousItem\":{\"@type\":\"ListItem\",\"@id\":\"https:\\\/\\\/eldigitaldeasturias.com\\\/magazine365#listItem\",\"name\":\"Home\"}},{\"@type\":\"ListItem\",\"@id\":\"https:\\\/\\\/eldigitaldeasturias.com\\\/magazine365\\\/aternia-escogida-representante-de-promessa-en-espana\\\/#listItem\",\"position\":3,\"name\":\"Aternia escogida representante de Promessa en Espa\\u00f1a\",\"previousItem\":{\"@type\":\"ListItem\",\"@id\":\"https:\\\/\\\/eldigitaldeasturias.com\\\/magazine365\\\/category\\\/noticias-actualidad\\\/#listItem\",\"name\":\"Noticias y Actualidad\"}}]},{\"@type\":\"Organization\",\"@id\":\"https:\\\/\\\/eldigitaldeasturias.com\\\/magazine365\\\/#organization\",\"name\":\"El digital de Asturias\",\"description\":\"Revista de ocio, turismo y estilo de vida\",\"url\":\"https:\\\/\\\/eldigitaldeasturias.com\\\/magazine365\\\/\",\"logo\":{\"@type\":\"ImageObject\",\"url\":\"https:\\\/\\\/www.eldigitaldeasturias.com\\\/noticias\\\/wp-content\\\/uploads\\\/2020\\\/12\\\/EDA.jpg\",\"@id\":\"https:\\\/\\\/eldigitaldeasturias.com\\\/magazine365\\\/aternia-escogida-representante-de-promessa-en-espana\\\/#organizationLogo\"},\"image\":{\"@id\":\"https:\\\/\\\/eldigitaldeasturias.com\\\/magazine365\\\/aternia-escogida-representante-de-promessa-en-espana\\\/#organizationLogo\"}},{\"@type\":\"Person\",\"@id\":\"https:\\\/\\\/eldigitaldeasturias.com\\\/magazine365\\\/author\\\/admin\\\/#author\",\"url\":\"https:\\\/\\\/eldigitaldeasturias.com\\\/magazine365\\\/author\\\/admin\\\/\",\"name\":\"admin\",\"image\":{\"@type\":\"ImageObject\",\"@id\":\"https:\\\/\\\/eldigitaldeasturias.com\\\/magazine365\\\/aternia-escogida-representante-de-promessa-en-espana\\\/#authorImage\",\"url\":\"https:\\\/\\\/eldigitaldeasturias.com\\\/magazine365\\\/wp-content\\\/litespeed\\\/avatar\\\/e571bcf59a0edd6fa6838245a470f2fe.jpg?ver=1776969259\",\"width\":96,\"height\":96,\"caption\":\"admin\"}},{\"@type\":\"WebPage\",\"@id\":\"https:\\\/\\\/eldigitaldeasturias.com\\\/magazine365\\\/aternia-escogida-representante-de-promessa-en-espana\\\/#webpage\",\"url\":\"https:\\\/\\\/eldigitaldeasturias.com\\\/magazine365\\\/aternia-escogida-representante-de-promessa-en-espana\\\/\",\"name\":\"Aternia escogida representante de Promessa en Espa\\u00f1a | El Digital de Asturias\",\"description\":\"Susanne Wiigh-M\\u00e4sak, fundadora de la empresa Promessa y bi\\u00f3loga de formaci\\u00f3n; afirma orgullosa que \\u201cAternia cumple con todos los requisitos y expectativas que nos planteamos para todos los representantes a nivel mundial. Adem\\u00e1s, Aternia tiene unos est\\u00e1ndares de profesionalidad y calidad muy altos y posee la preparaci\\u00f3n para desarrollar este importante rol\\u201d. Promessa es una\",\"inLanguage\":\"es-ES\",\"isPartOf\":{\"@id\":\"https:\\\/\\\/eldigitaldeasturias.com\\\/magazine365\\\/#website\"},\"breadcrumb\":{\"@id\":\"https:\\\/\\\/eldigitaldeasturias.com\\\/magazine365\\\/aternia-escogida-representante-de-promessa-en-espana\\\/#breadcrumblist\"},\"author\":{\"@id\":\"https:\\\/\\\/eldigitaldeasturias.com\\\/magazine365\\\/author\\\/admin\\\/#author\"},\"creator\":{\"@id\":\"https:\\\/\\\/eldigitaldeasturias.com\\\/magazine365\\\/author\\\/admin\\\/#author\"},\"image\":{\"@type\":\"ImageObject\",\"url\":\"https:\\\/\\\/eldigitaldeasturias.com\\\/magazine365\\\/wp-content\\\/uploads\\\/2016\\\/11\\\/1479460477_susanne_wiigh_masak.jpg\",\"@id\":\"https:\\\/\\\/eldigitaldeasturias.com\\\/magazine365\\\/aternia-escogida-representante-de-promessa-en-espana\\\/#mainImage\",\"width\":709,\"height\":705},\"primaryImageOfPage\":{\"@id\":\"https:\\\/\\\/eldigitaldeasturias.com\\\/magazine365\\\/aternia-escogida-representante-de-promessa-en-espana\\\/#mainImage\"},\"datePublished\":\"2016-11-23T22:17:18+01:00\",\"dateModified\":\"2016-11-23T22:17:18+01:00\"},{\"@type\":\"WebSite\",\"@id\":\"https:\\\/\\\/eldigitaldeasturias.com\\\/magazine365\\\/#website\",\"url\":\"https:\\\/\\\/eldigitaldeasturias.com\\\/magazine365\\\/\",\"name\":\"El Digital de Asturias\",\"description\":\"Revista de ocio, turismo y estilo de vida\",\"inLanguage\":\"es-ES\",\"publisher\":{\"@id\":\"https:\\\/\\\/eldigitaldeasturias.com\\\/magazine365\\\/#organization\"}}]}\n\t\t<\/script>\n\t\t<!-- All in One SEO Pro -->\r\n\t\t<title>Aternia escogida representante de Promessa en Espa\u00f1a | El Digital de Asturias<\/title>\n\n","aioseo_head_json":{"title":"Aternia escogida representante de Promessa en Espa\u00f1a | El Digital de Asturias","description":"Susanne Wiigh-M\u00e4sak, fundadora de la empresa Promessa y bi\u00f3loga de formaci\u00f3n; afirma orgullosa que \u201cAternia cumple con todos los requisitos y expectativas que nos planteamos para todos los representantes a nivel mundial. Adem\u00e1s, Aternia tiene unos est\u00e1ndares de profesionalidad y calidad muy altos y posee la preparaci\u00f3n para desarrollar este importante rol\u201d. Promessa es una","canonical_url":"https:\/\/eldigitaldeasturias.com\/magazine365\/aternia-escogida-representante-de-promessa-en-espana\/","robots":"max-image-preview:large","keywords":"noticias y actualidad","webmasterTools":{"google-site-verification":"UA-38556648-1","miscellaneous":""},"schema":{"@context":"https:\/\/schema.org","@graph":[{"@type":"Article","@id":"https:\/\/eldigitaldeasturias.com\/magazine365\/aternia-escogida-representante-de-promessa-en-espana\/#article","name":"Aternia escogida representante de Promessa en Espa\u00f1a | El Digital de Asturias","headline":"Aternia escogida representante de Promessa en Espa\u00f1a","author":{"@id":"https:\/\/eldigitaldeasturias.com\/magazine365\/author\/admin\/#author"},"publisher":{"@id":"https:\/\/eldigitaldeasturias.com\/magazine365\/#organization"},"image":{"@type":"ImageObject","url":"https:\/\/eldigitaldeasturias.com\/magazine365\/wp-content\/uploads\/2016\/11\/1479460477_susanne_wiigh_masak.jpg","width":709,"height":705},"datePublished":"2016-11-23T22:17:18+01:00","dateModified":"2016-11-23T22:17:18+01:00","inLanguage":"es-ES","mainEntityOfPage":{"@id":"https:\/\/eldigitaldeasturias.com\/magazine365\/aternia-escogida-representante-de-promessa-en-espana\/#webpage"},"isPartOf":{"@id":"https:\/\/eldigitaldeasturias.com\/magazine365\/aternia-escogida-representante-de-promessa-en-espana\/#webpage"},"articleSection":"Noticias y Actualidad"},{"@type":"BreadcrumbList","@id":"https:\/\/eldigitaldeasturias.com\/magazine365\/aternia-escogida-representante-de-promessa-en-espana\/#breadcrumblist","itemListElement":[{"@type":"ListItem","@id":"https:\/\/eldigitaldeasturias.com\/magazine365#listItem","position":1,"name":"Home","item":"https:\/\/eldigitaldeasturias.com\/magazine365","nextItem":{"@type":"ListItem","@id":"https:\/\/eldigitaldeasturias.com\/magazine365\/category\/noticias-actualidad\/#listItem","name":"Noticias y Actualidad"}},{"@type":"ListItem","@id":"https:\/\/eldigitaldeasturias.com\/magazine365\/category\/noticias-actualidad\/#listItem","position":2,"name":"Noticias y Actualidad","item":"https:\/\/eldigitaldeasturias.com\/magazine365\/category\/noticias-actualidad\/","nextItem":{"@type":"ListItem","@id":"https:\/\/eldigitaldeasturias.com\/magazine365\/aternia-escogida-representante-de-promessa-en-espana\/#listItem","name":"Aternia escogida representante de Promessa en Espa\u00f1a"},"previousItem":{"@type":"ListItem","@id":"https:\/\/eldigitaldeasturias.com\/magazine365#listItem","name":"Home"}},{"@type":"ListItem","@id":"https:\/\/eldigitaldeasturias.com\/magazine365\/aternia-escogida-representante-de-promessa-en-espana\/#listItem","position":3,"name":"Aternia escogida representante de Promessa en Espa\u00f1a","previousItem":{"@type":"ListItem","@id":"https:\/\/eldigitaldeasturias.com\/magazine365\/category\/noticias-actualidad\/#listItem","name":"Noticias y Actualidad"}}]},{"@type":"Organization","@id":"https:\/\/eldigitaldeasturias.com\/magazine365\/#organization","name":"El digital de Asturias","description":"Revista de ocio, turismo y estilo de vida","url":"https:\/\/eldigitaldeasturias.com\/magazine365\/","logo":{"@type":"ImageObject","url":"https:\/\/www.eldigitaldeasturias.com\/noticias\/wp-content\/uploads\/2020\/12\/EDA.jpg","@id":"https:\/\/eldigitaldeasturias.com\/magazine365\/aternia-escogida-representante-de-promessa-en-espana\/#organizationLogo"},"image":{"@id":"https:\/\/eldigitaldeasturias.com\/magazine365\/aternia-escogida-representante-de-promessa-en-espana\/#organizationLogo"}},{"@type":"Person","@id":"https:\/\/eldigitaldeasturias.com\/magazine365\/author\/admin\/#author","url":"https:\/\/eldigitaldeasturias.com\/magazine365\/author\/admin\/","name":"admin","image":{"@type":"ImageObject","@id":"https:\/\/eldigitaldeasturias.com\/magazine365\/aternia-escogida-representante-de-promessa-en-espana\/#authorImage","url":"https:\/\/eldigitaldeasturias.com\/magazine365\/wp-content\/litespeed\/avatar\/e571bcf59a0edd6fa6838245a470f2fe.jpg?ver=1776969259","width":96,"height":96,"caption":"admin"}},{"@type":"WebPage","@id":"https:\/\/eldigitaldeasturias.com\/magazine365\/aternia-escogida-representante-de-promessa-en-espana\/#webpage","url":"https:\/\/eldigitaldeasturias.com\/magazine365\/aternia-escogida-representante-de-promessa-en-espana\/","name":"Aternia escogida representante de Promessa en Espa\u00f1a | El Digital de Asturias","description":"Susanne Wiigh-M\u00e4sak, fundadora de la empresa Promessa y bi\u00f3loga de formaci\u00f3n; afirma orgullosa que \u201cAternia cumple con todos los requisitos y expectativas que nos planteamos para todos los representantes a nivel mundial. Adem\u00e1s, Aternia tiene unos est\u00e1ndares de profesionalidad y calidad muy altos y posee la preparaci\u00f3n para desarrollar este importante rol\u201d. Promessa es una","inLanguage":"es-ES","isPartOf":{"@id":"https:\/\/eldigitaldeasturias.com\/magazine365\/#website"},"breadcrumb":{"@id":"https:\/\/eldigitaldeasturias.com\/magazine365\/aternia-escogida-representante-de-promessa-en-espana\/#breadcrumblist"},"author":{"@id":"https:\/\/eldigitaldeasturias.com\/magazine365\/author\/admin\/#author"},"creator":{"@id":"https:\/\/eldigitaldeasturias.com\/magazine365\/author\/admin\/#author"},"image":{"@type":"ImageObject","url":"https:\/\/eldigitaldeasturias.com\/magazine365\/wp-content\/uploads\/2016\/11\/1479460477_susanne_wiigh_masak.jpg","@id":"https:\/\/eldigitaldeasturias.com\/magazine365\/aternia-escogida-representante-de-promessa-en-espana\/#mainImage","width":709,"height":705},"primaryImageOfPage":{"@id":"https:\/\/eldigitaldeasturias.com\/magazine365\/aternia-escogida-representante-de-promessa-en-espana\/#mainImage"},"datePublished":"2016-11-23T22:17:18+01:00","dateModified":"2016-11-23T22:17:18+01:00"},{"@type":"WebSite","@id":"https:\/\/eldigitaldeasturias.com\/magazine365\/#website","url":"https:\/\/eldigitaldeasturias.com\/magazine365\/","name":"El Digital de Asturias","description":"Revista de ocio, turismo y estilo de vida","inLanguage":"es-ES","publisher":{"@id":"https:\/\/eldigitaldeasturias.com\/magazine365\/#organization"}}]},"og:locale":"es_ES","og:site_name":"El Digital de Asturias \u2013 Revista de ocio, turismo y estilo de vida","og:type":"article","og:title":"Aternia escogida representante de Promessa en Espa\u00f1a | El Digital de Asturias","og:description":"Susanne Wiigh-M\u00e4sak, fundadora de la empresa Promessa y bi\u00f3loga de formaci\u00f3n; afirma orgullosa que \u201cAternia cumple con todos los requisitos y expectativas que nos planteamos para todos los representantes a nivel mundial. Adem\u00e1s, Aternia tiene unos est\u00e1ndares de profesionalidad y calidad muy altos y posee la preparaci\u00f3n para desarrollar este importante rol\u201d. Promessa es una","og:url":"https:\/\/eldigitaldeasturias.com\/magazine365\/aternia-escogida-representante-de-promessa-en-espana\/","og:image":"https:\/\/eldigitaldeasturias.com\/magazine365\/wp-content\/uploads\/2016\/11\/1479460477_susanne_wiigh_masak.jpg","og:image:secure_url":"https:\/\/eldigitaldeasturias.com\/magazine365\/wp-content\/uploads\/2016\/11\/1479460477_susanne_wiigh_masak.jpg","og:image:width":709,"og:image:height":705,"article:published_time":"2016-11-23T21:17:18+00:00","article:modified_time":"2016-11-23T21:17:18+00:00","twitter:card":"summary_large_image","twitter:title":"Aternia escogida representante de Promessa en Espa\u00f1a | El Digital de Asturias","twitter:description":"Susanne Wiigh-M\u00e4sak, fundadora de la empresa Promessa y bi\u00f3loga de formaci\u00f3n; afirma orgullosa que \u201cAternia cumple con todos los requisitos y expectativas que nos planteamos para todos los representantes a nivel mundial. Adem\u00e1s, Aternia tiene unos est\u00e1ndares de profesionalidad y calidad muy altos y posee la preparaci\u00f3n para desarrollar este importante rol\u201d. Promessa es una","twitter:image":"https:\/\/eldigitaldeasturias.com\/magazine365\/wp-content\/uploads\/2016\/11\/1479460477_susanne_wiigh_masak.jpg"},"aioseo_meta_data":{"post_id":"83477","title":null,"description":null,"keywords":null,"keyphrases":null,"primary_term":null,"canonical_url":null,"og_title":null,"og_description":null,"og_object_type":"default","og_image_type":"default","og_image_url":null,"og_image_width":null,"og_image_height":null,"og_image_custom_url":null,"og_image_custom_fields":null,"og_video":null,"og_custom_url":null,"og_article_section":null,"og_article_tags":null,"twitter_use_og":false,"twitter_card":"default","twitter_image_type":"default","twitter_image_url":null,"twitter_image_custom_url":null,"twitter_image_custom_fields":null,"twitter_title":null,"twitter_description":null,"schema":{"blockGraphs":[],"customGraphs":[],"default":{"data":{"Article":[],"Course":[],"Dataset":[],"FAQPage":[],"Movie":[],"Person":[],"Product":[],"ProductReview":[],"Car":[],"Recipe":[],"Service":[],"SoftwareApplication":[],"WebPage":[]},"graphName":"","isEnabled":true},"graphs":[],"defaultGraph":"","defaultPostTypeGraph":""},"schema_type":null,"schema_type_options":null,"pillar_content":false,"robots_default":true,"robots_noindex":false,"robots_noarchive":false,"robots_nosnippet":false,"robots_nofollow":false,"robots_noimageindex":false,"robots_noodp":false,"robots_notranslate":false,"robots_max_snippet":null,"robots_max_videopreview":null,"robots_max_imagepreview":"large","priority":null,"frequency":null,"location":null,"local_seo":null,"seo_analyzer_scan_date":"2025-09-28 03:02:29","breadcrumb_settings":null,"limit_modified_date":false,"open_ai":null,"ai":null,"created":"2020-12-21 15:29:34","updated":"2025-09-28 03:02:29"},"aioseo_breadcrumb":"<div class=\"aioseo-breadcrumbs\"><span class=\"aioseo-breadcrumb\">\n\t<a href=\"https:\/\/eldigitaldeasturias.com\/magazine365\" title=\"Home\">Home<\/a>\n<\/span><span class=\"aioseo-breadcrumb-separator\">\u2013<\/span><span class=\"aioseo-breadcrumb\">\n\t<a href=\"https:\/\/eldigitaldeasturias.com\/magazine365\/category\/noticias-actualidad\/\" title=\"Noticias y Actualidad\">Noticias y Actualidad<\/a>\n<\/span><span class=\"aioseo-breadcrumb-separator\">\u2013<\/span><span class=\"aioseo-breadcrumb\">\n\t<a href=\"https:\/\/eldigitaldeasturias.com\/magazine365\/aternia-escogida-representante-de-promessa-en-espana\/\" title=\"Aternia escogida representante de Promessa en Espa\u00f1a\">Aternia escogida representante de Promessa en Espa\u00f1a<\/a>\n<\/span><\/div>","aioseo_breadcrumb_json":[{"label":"Home","link":"https:\/\/eldigitaldeasturias.com\/magazine365"},{"label":"Noticias y Actualidad","link":"https:\/\/eldigitaldeasturias.com\/magazine365\/category\/noticias-actualidad\/"},{"label":"Aternia escogida representante de Promessa en Espa\u00f1a","link":"https:\/\/eldigitaldeasturias.com\/magazine365\/aternia-escogida-representante-de-promessa-en-espana\/"}],"_links":{"self":[{"href":"https:\/\/eldigitaldeasturias.com\/magazine365\/wp-json\/wp\/v2\/posts\/83477","targetHints":{"allow":["GET"]}}],"collection":[{"href":"https:\/\/eldigitaldeasturias.com\/magazine365\/wp-json\/wp\/v2\/posts"}],"about":[{"href":"https:\/\/eldigitaldeasturias.com\/magazine365\/wp-json\/wp\/v2\/types\/post"}],"author":[{"embeddable":true,"href":"https:\/\/eldigitaldeasturias.com\/magazine365\/wp-json\/wp\/v2\/users\/1"}],"replies":[{"embeddable":true,"href":"https:\/\/eldigitaldeasturias.com\/magazine365\/wp-json\/wp\/v2\/comments?post=83477"}],"version-history":[{"count":0,"href":"https:\/\/eldigitaldeasturias.com\/magazine365\/wp-json\/wp\/v2\/posts\/83477\/revisions"}],"wp:featuredmedia":[{"embeddable":true,"href":"https:\/\/eldigitaldeasturias.com\/magazine365\/wp-json\/wp\/v2\/media\/83478"}],"wp:attachment":[{"href":"https:\/\/eldigitaldeasturias.com\/magazine365\/wp-json\/wp\/v2\/media?parent=83477"}],"wp:term":[{"taxonomy":"category","embeddable":true,"href":"https:\/\/eldigitaldeasturias.com\/magazine365\/wp-json\/wp\/v2\/categories?post=83477"},{"taxonomy":"post_tag","embeddable":true,"href":"https:\/\/eldigitaldeasturias.com\/magazine365\/wp-json\/wp\/v2\/tags?post=83477"}],"curies":[{"name":"wp","href":"https:\/\/api.w.org\/{rel}","templated":true}]}}