{"id":83456,"date":"2016-11-23T22:06:35","date_gmt":"2016-11-23T21:06:35","guid":{"rendered":"http:\/\/eldigitaldeasturias.com\/magazine365\/?p=83456"},"modified":"2016-11-23T22:06:35","modified_gmt":"2016-11-23T21:06:35","slug":"ultimos-avances-y-aspectos-de-la-clinica-diaria-en-el-xvi-congreso-nacional-setla","status":"publish","type":"post","link":"https:\/\/eldigitaldeasturias.com\/magazine365\/ultimos-avances-y-aspectos-de-la-clinica-diaria-en-el-xvi-congreso-nacional-setla\/","title":{"rendered":"\u00daltimos avances y aspectos de la cl\u00ednica diaria en el XVI Congreso Nacional Setla"},"content":{"rendered":"<p><img decoding=\"async\" class=\"alignleft size-medium wp-image-83457\" src=\"https:\/\/eldigitaldeasturias.com\/magazine365\/wp-content\/uploads\/2016\/11\/1479887995_header2016-360x120.jpg\" alt=\"1479887995_header2016\" width=\"360\" height=\"120\" srcset=\"https:\/\/eldigitaldeasturias.com\/magazine365\/wp-content\/uploads\/2016\/11\/1479887995_header2016-360x120.jpg 360w, https:\/\/eldigitaldeasturias.com\/magazine365\/wp-content\/uploads\/2016\/11\/1479887995_header2016-650x217.jpg 650w, https:\/\/eldigitaldeasturias.com\/magazine365\/wp-content\/uploads\/2016\/11\/1479887995_header2016-768x256.jpg 768w, https:\/\/eldigitaldeasturias.com\/magazine365\/wp-content\/uploads\/2016\/11\/1479887995_header2016-1536x512.jpg 1536w, https:\/\/eldigitaldeasturias.com\/magazine365\/wp-content\/uploads\/2016\/11\/1479887995_header2016-2048x683.jpg 2048w, https:\/\/eldigitaldeasturias.com\/magazine365\/wp-content\/uploads\/2016\/11\/1479887995_header2016-150x50.jpg 150w, https:\/\/eldigitaldeasturias.com\/magazine365\/wp-content\/uploads\/2016\/11\/1479887995_header2016-450x150.jpg 450w, https:\/\/eldigitaldeasturias.com\/magazine365\/wp-content\/uploads\/2016\/11\/1479887995_header2016-1200x400.jpg 1200w\" sizes=\"(max-width: 360px) 100vw, 360px\" \/>San Sebasti\u00e1n acoger\u00e1 durante ma\u00f1ana y el viernes, 24 y 25 de noviembre, el XVI Congreso Nacional Setla, Sociedad Espa\u00f1ola de Traumatolog\u00eda Laboral en el Kursaal. El traumat\u00f3logo de Policl\u00ednica Gipuzkoa, Jos\u00e9 Ignacio Mart\u00ednez Renobales, presidente del Comit\u00e9 Organizador del Congreso, asegura que \u201chemos querido mantener la estructura del congreso, con tres mesas oficiales que aborden el quehacer diario de nuestro trabajo. La primera mesa tratar\u00e1 de los \u00fal\u00adtimos avances tecnol\u00f3gicos y su influencia en el tratamiento de las lesiones en traumatolog\u00eda laboral: cada d\u00eda nos encontramos con avances t\u00e9cnicos y de im\u00e1\u00adgenes que intentan facilitarnos el trabajo, sobre todo de las lesiones m\u00e1s complejas: impresiones 3D, realidad virtual\u2026\u201d.<\/p>\n<p>Respecto al resto de mesas, Jos\u00e9 Ignacio Mart\u00ednez Renobales, afirma, \u201cla segunda mesa ser\u00e1 sobre la pericial en traumatolog\u00eda; aspecto que cada vez interviene m\u00e1s en nuestro trabajo. Participar\u00e1n en la misma magistrados de lo social de diferentes comunidades aut\u00f3nomas. Y la tercera mesa es de car\u00e1cter cl\u00ednico y versar\u00e1 sobre inestabilidades del codo, tema habitualmente poco abordado en nuestra reuniones cient\u00edficas y que deja severas secuelas en los pacientes que las sufren\u201d.<\/p>\n<p>\u201cTambi\u00e9n est\u00e1n organizadas mesas de m\u00e9dicos asistenciales, fisioterapeutas y DUES que abordar\u00e1n aspectos de la cl\u00ednica diaria: la enfermedad profesional y su evoluci\u00f3n, interpretaci\u00f3n radiogr\u00e1fica y de RNM, lesiones oculares, tratamiento de heridas y recuperaci\u00f3n de rigideces en extremidad superior\u201d, subraya el traumat\u00f3logo y presidente del Comit\u00e9 Organizador.<\/p>\n<p>Sobre Quir\u00f3nsalud<\/p>\n<p>Quir\u00f3nsalud es el grupo hospitalario m\u00e1s importante de Espa\u00f1a y el tercero de Europa. Est\u00e1 presente en 13 comunidades aut\u00f3nomas, cuenta con la tecnolog\u00eda m\u00e1s avanzada y dispone de una oferta superior a 6.200 camas en m\u00e1s de 80 centros, como la Fundaci\u00f3n Jim\u00e9nez D\u00edaz, Ruber, Cl\u00ednica La Luz, Teknon, Dexeus, Policl\u00ednica de Gipuzkoa, etc., as\u00ed como con un gran equipo de profesionales altamente especializados y de prestigio internacional.<\/p>\n<p>Trabajamos en la promoci\u00f3n de la docencia (siete de nuestros hospitales son universitarios) y la investigaci\u00f3n m\u00e9dico-cient\u00edfica (contamos con el Instituto de Investigaci\u00f3n Sanitaria de la FJD, \u00fanico centro investigador privado acreditado por la Secretar\u00eda de Estado de Investigaci\u00f3n, Desarrollo e Innovaci\u00f3n).<\/p>\n<p>Asimismo, nuestro servicio asistencial est\u00e1 organizado en unidades y redes transversales que permiten optimizar la experiencia acumulada en los distintos centros, y la traslaci\u00f3n cl\u00ednica de nuestras investigaciones. Actualmente, Quir\u00f3nsalud est\u00e1 desarrollando m\u00e1s de 1.600 proyectos de investigaci\u00f3n en toda Espa\u00f1a y muchos de sus centros realizan en este \u00e1mbito una labor puntera, siendo pioneros en diferentes especialidades como cardiolog\u00eda, endocrinolog\u00eda, ginecolog\u00eda, neurolog\u00eda y oncolog\u00eda, entre otras.<\/p>\n<p>&nbsp;<\/p>\n","protected":false},"excerpt":{"rendered":"<p>San Sebasti\u00e1n acoger\u00e1 durante ma\u00f1ana y el viernes, 24 y 25 de noviembre, el XVI Congreso Nacional Setla, Sociedad Espa\u00f1ola de Traumatolog\u00eda Laboral en el Kursaal. El traumat\u00f3logo de Policl\u00ednica Gipuzkoa, Jos\u00e9 Ignacio Mart\u00ednez Renobales, presidente del Comit\u00e9 Organizador del Congreso, asegura que \u201chemos querido mantener la estructura del congreso, con tres mesas oficiales que<\/p>\n","protected":false},"author":1,"featured_media":83457,"comment_status":"open","ping_status":"closed","sticky":false,"template":"","format":"standard","meta":{"footnotes":""},"categories":[224],"tags":[],"class_list":{"0":"post-83456","1":"post","2":"type-post","3":"status-publish","4":"format-standard","5":"has-post-thumbnail","7":"category-noticias-actualidad"},"aioseo_notices":[],"aioseo_head":"\n\t\t<!-- All in One SEO Pro 4.9.6.1 - aioseo.com -->\n\t<meta name=\"description\" content=\"San Sebasti\u00e1n acoger\u00e1 durante ma\u00f1ana y el viernes, 24 y 25 de noviembre, el XVI Congreso Nacional Setla, Sociedad Espa\u00f1ola de Traumatolog\u00eda Laboral en el Kursaal. El traumat\u00f3logo de Policl\u00ednica Gipuzkoa, Jos\u00e9 Ignacio Mart\u00ednez Renobales, presidente del Comit\u00e9 Organizador del Congreso, asegura que \u201chemos querido mantener la estructura del congreso, con tres mesas oficiales que\" \/>\n\t<meta name=\"robots\" content=\"max-image-preview:large\" \/>\n\t<meta name=\"author\" content=\"admin\"\/>\n\t<meta name=\"google-site-verification\" content=\"UA-38556648-1\" \/>\n\t<meta name=\"keywords\" content=\"noticias y actualidad\" \/>\n\t<link rel=\"canonical\" href=\"https:\/\/eldigitaldeasturias.com\/magazine365\/ultimos-avances-y-aspectos-de-la-clinica-diaria-en-el-xvi-congreso-nacional-setla\/\" \/>\n\t<meta name=\"generator\" content=\"All in One SEO Pro (AIOSEO) 4.9.6.1\" \/>\n\t\t<meta property=\"og:locale\" content=\"es_ES\" \/>\n\t\t<meta property=\"og:site_name\" content=\"El Digital de Asturias \u2013 Revista de ocio, turismo y estilo de vida\" \/>\n\t\t<meta property=\"og:type\" content=\"article\" \/>\n\t\t<meta property=\"og:title\" content=\"\u00daltimos avances y aspectos de la cl\u00ednica diaria en el XVI Congreso Nacional Setla | El Digital de Asturias\" \/>\n\t\t<meta property=\"og:description\" content=\"San Sebasti\u00e1n acoger\u00e1 durante ma\u00f1ana y el viernes, 24 y 25 de noviembre, el XVI Congreso Nacional Setla, Sociedad Espa\u00f1ola de Traumatolog\u00eda Laboral en el Kursaal. El traumat\u00f3logo de Policl\u00ednica Gipuzkoa, Jos\u00e9 Ignacio Mart\u00ednez Renobales, presidente del Comit\u00e9 Organizador del Congreso, asegura que \u201chemos querido mantener la estructura del congreso, con tres mesas oficiales que\" \/>\n\t\t<meta property=\"og:url\" content=\"https:\/\/eldigitaldeasturias.com\/magazine365\/ultimos-avances-y-aspectos-de-la-clinica-diaria-en-el-xvi-congreso-nacional-setla\/\" \/>\n\t\t<meta property=\"og:image\" content=\"https:\/\/eldigitaldeasturias.com\/magazine365\/wp-content\/uploads\/2016\/11\/1479887995_header2016-scaled.jpg\" \/>\n\t\t<meta property=\"og:image:secure_url\" content=\"https:\/\/eldigitaldeasturias.com\/magazine365\/wp-content\/uploads\/2016\/11\/1479887995_header2016-scaled.jpg\" \/>\n\t\t<meta property=\"og:image:width\" content=\"2560\" \/>\n\t\t<meta property=\"og:image:height\" content=\"853\" \/>\n\t\t<meta property=\"article:published_time\" content=\"2016-11-23T21:06:35+00:00\" \/>\n\t\t<meta property=\"article:modified_time\" content=\"2016-11-23T21:06:35+00:00\" \/>\n\t\t<meta name=\"twitter:card\" content=\"summary_large_image\" \/>\n\t\t<meta name=\"twitter:title\" content=\"\u00daltimos avances y aspectos de la cl\u00ednica diaria en el XVI Congreso Nacional Setla | El Digital de Asturias\" \/>\n\t\t<meta name=\"twitter:description\" content=\"San Sebasti\u00e1n acoger\u00e1 durante ma\u00f1ana y el viernes, 24 y 25 de noviembre, el XVI Congreso Nacional Setla, Sociedad Espa\u00f1ola de Traumatolog\u00eda Laboral en el Kursaal. El traumat\u00f3logo de Policl\u00ednica Gipuzkoa, Jos\u00e9 Ignacio Mart\u00ednez Renobales, presidente del Comit\u00e9 Organizador del Congreso, asegura que \u201chemos querido mantener la estructura del congreso, con tres mesas oficiales que\" \/>\n\t\t<meta name=\"twitter:image\" content=\"https:\/\/eldigitaldeasturias.com\/magazine365\/wp-content\/uploads\/2016\/11\/1479887995_header2016-scaled.jpg\" \/>\n\t\t<script type=\"application\/ld+json\" class=\"aioseo-schema\">\n\t\t\t{\"@context\":\"https:\\\/\\\/schema.org\",\"@graph\":[{\"@type\":\"Article\",\"@id\":\"https:\\\/\\\/eldigitaldeasturias.com\\\/magazine365\\\/ultimos-avances-y-aspectos-de-la-clinica-diaria-en-el-xvi-congreso-nacional-setla\\\/#article\",\"name\":\"\\u00daltimos avances y aspectos de la cl\\u00ednica diaria en el XVI Congreso Nacional Setla | El Digital de Asturias\",\"headline\":\"\\u00daltimos avances y aspectos de la cl\\u00ednica diaria en el XVI Congreso Nacional Setla\",\"author\":{\"@id\":\"https:\\\/\\\/eldigitaldeasturias.com\\\/magazine365\\\/author\\\/admin\\\/#author\"},\"publisher\":{\"@id\":\"https:\\\/\\\/eldigitaldeasturias.com\\\/magazine365\\\/#organization\"},\"image\":{\"@type\":\"ImageObject\",\"url\":\"https:\\\/\\\/eldigitaldeasturias.com\\\/magazine365\\\/wp-content\\\/uploads\\\/2016\\\/11\\\/1479887995_header2016-scaled.jpg\",\"width\":2560,\"height\":853},\"datePublished\":\"2016-11-23T22:06:35+01:00\",\"dateModified\":\"2016-11-23T22:06:35+01:00\",\"inLanguage\":\"es-ES\",\"mainEntityOfPage\":{\"@id\":\"https:\\\/\\\/eldigitaldeasturias.com\\\/magazine365\\\/ultimos-avances-y-aspectos-de-la-clinica-diaria-en-el-xvi-congreso-nacional-setla\\\/#webpage\"},\"isPartOf\":{\"@id\":\"https:\\\/\\\/eldigitaldeasturias.com\\\/magazine365\\\/ultimos-avances-y-aspectos-de-la-clinica-diaria-en-el-xvi-congreso-nacional-setla\\\/#webpage\"},\"articleSection\":\"Noticias y Actualidad\"},{\"@type\":\"BreadcrumbList\",\"@id\":\"https:\\\/\\\/eldigitaldeasturias.com\\\/magazine365\\\/ultimos-avances-y-aspectos-de-la-clinica-diaria-en-el-xvi-congreso-nacional-setla\\\/#breadcrumblist\",\"itemListElement\":[{\"@type\":\"ListItem\",\"@id\":\"https:\\\/\\\/eldigitaldeasturias.com\\\/magazine365#listItem\",\"position\":1,\"name\":\"Home\",\"item\":\"https:\\\/\\\/eldigitaldeasturias.com\\\/magazine365\",\"nextItem\":{\"@type\":\"ListItem\",\"@id\":\"https:\\\/\\\/eldigitaldeasturias.com\\\/magazine365\\\/category\\\/noticias-actualidad\\\/#listItem\",\"name\":\"Noticias y Actualidad\"}},{\"@type\":\"ListItem\",\"@id\":\"https:\\\/\\\/eldigitaldeasturias.com\\\/magazine365\\\/category\\\/noticias-actualidad\\\/#listItem\",\"position\":2,\"name\":\"Noticias y Actualidad\",\"item\":\"https:\\\/\\\/eldigitaldeasturias.com\\\/magazine365\\\/category\\\/noticias-actualidad\\\/\",\"nextItem\":{\"@type\":\"ListItem\",\"@id\":\"https:\\\/\\\/eldigitaldeasturias.com\\\/magazine365\\\/ultimos-avances-y-aspectos-de-la-clinica-diaria-en-el-xvi-congreso-nacional-setla\\\/#listItem\",\"name\":\"\\u00daltimos avances y aspectos de la cl\\u00ednica diaria en el XVI Congreso Nacional Setla\"},\"previousItem\":{\"@type\":\"ListItem\",\"@id\":\"https:\\\/\\\/eldigitaldeasturias.com\\\/magazine365#listItem\",\"name\":\"Home\"}},{\"@type\":\"ListItem\",\"@id\":\"https:\\\/\\\/eldigitaldeasturias.com\\\/magazine365\\\/ultimos-avances-y-aspectos-de-la-clinica-diaria-en-el-xvi-congreso-nacional-setla\\\/#listItem\",\"position\":3,\"name\":\"\\u00daltimos avances y aspectos de la cl\\u00ednica diaria en el XVI Congreso Nacional Setla\",\"previousItem\":{\"@type\":\"ListItem\",\"@id\":\"https:\\\/\\\/eldigitaldeasturias.com\\\/magazine365\\\/category\\\/noticias-actualidad\\\/#listItem\",\"name\":\"Noticias y Actualidad\"}}]},{\"@type\":\"Organization\",\"@id\":\"https:\\\/\\\/eldigitaldeasturias.com\\\/magazine365\\\/#organization\",\"name\":\"El digital de Asturias\",\"description\":\"Revista de ocio, turismo y estilo de vida\",\"url\":\"https:\\\/\\\/eldigitaldeasturias.com\\\/magazine365\\\/\",\"logo\":{\"@type\":\"ImageObject\",\"url\":\"https:\\\/\\\/www.eldigitaldeasturias.com\\\/noticias\\\/wp-content\\\/uploads\\\/2020\\\/12\\\/EDA.jpg\",\"@id\":\"https:\\\/\\\/eldigitaldeasturias.com\\\/magazine365\\\/ultimos-avances-y-aspectos-de-la-clinica-diaria-en-el-xvi-congreso-nacional-setla\\\/#organizationLogo\"},\"image\":{\"@id\":\"https:\\\/\\\/eldigitaldeasturias.com\\\/magazine365\\\/ultimos-avances-y-aspectos-de-la-clinica-diaria-en-el-xvi-congreso-nacional-setla\\\/#organizationLogo\"}},{\"@type\":\"Person\",\"@id\":\"https:\\\/\\\/eldigitaldeasturias.com\\\/magazine365\\\/author\\\/admin\\\/#author\",\"url\":\"https:\\\/\\\/eldigitaldeasturias.com\\\/magazine365\\\/author\\\/admin\\\/\",\"name\":\"admin\",\"image\":{\"@type\":\"ImageObject\",\"@id\":\"https:\\\/\\\/eldigitaldeasturias.com\\\/magazine365\\\/ultimos-avances-y-aspectos-de-la-clinica-diaria-en-el-xvi-congreso-nacional-setla\\\/#authorImage\",\"url\":\"https:\\\/\\\/eldigitaldeasturias.com\\\/magazine365\\\/wp-content\\\/litespeed\\\/avatar\\\/e571bcf59a0edd6fa6838245a470f2fe.jpg?ver=1776969259\",\"width\":96,\"height\":96,\"caption\":\"admin\"}},{\"@type\":\"WebPage\",\"@id\":\"https:\\\/\\\/eldigitaldeasturias.com\\\/magazine365\\\/ultimos-avances-y-aspectos-de-la-clinica-diaria-en-el-xvi-congreso-nacional-setla\\\/#webpage\",\"url\":\"https:\\\/\\\/eldigitaldeasturias.com\\\/magazine365\\\/ultimos-avances-y-aspectos-de-la-clinica-diaria-en-el-xvi-congreso-nacional-setla\\\/\",\"name\":\"\\u00daltimos avances y aspectos de la cl\\u00ednica diaria en el XVI Congreso Nacional Setla | El Digital de Asturias\",\"description\":\"San Sebasti\\u00e1n acoger\\u00e1 durante ma\\u00f1ana y el viernes, 24 y 25 de noviembre, el XVI Congreso Nacional Setla, Sociedad Espa\\u00f1ola de Traumatolog\\u00eda Laboral en el Kursaal. El traumat\\u00f3logo de Policl\\u00ednica Gipuzkoa, Jos\\u00e9 Ignacio Mart\\u00ednez Renobales, presidente del Comit\\u00e9 Organizador del Congreso, asegura que \\u201chemos querido mantener la estructura del congreso, con tres mesas oficiales que\",\"inLanguage\":\"es-ES\",\"isPartOf\":{\"@id\":\"https:\\\/\\\/eldigitaldeasturias.com\\\/magazine365\\\/#website\"},\"breadcrumb\":{\"@id\":\"https:\\\/\\\/eldigitaldeasturias.com\\\/magazine365\\\/ultimos-avances-y-aspectos-de-la-clinica-diaria-en-el-xvi-congreso-nacional-setla\\\/#breadcrumblist\"},\"author\":{\"@id\":\"https:\\\/\\\/eldigitaldeasturias.com\\\/magazine365\\\/author\\\/admin\\\/#author\"},\"creator\":{\"@id\":\"https:\\\/\\\/eldigitaldeasturias.com\\\/magazine365\\\/author\\\/admin\\\/#author\"},\"image\":{\"@type\":\"ImageObject\",\"url\":\"https:\\\/\\\/eldigitaldeasturias.com\\\/magazine365\\\/wp-content\\\/uploads\\\/2016\\\/11\\\/1479887995_header2016-scaled.jpg\",\"@id\":\"https:\\\/\\\/eldigitaldeasturias.com\\\/magazine365\\\/ultimos-avances-y-aspectos-de-la-clinica-diaria-en-el-xvi-congreso-nacional-setla\\\/#mainImage\",\"width\":2560,\"height\":853},\"primaryImageOfPage\":{\"@id\":\"https:\\\/\\\/eldigitaldeasturias.com\\\/magazine365\\\/ultimos-avances-y-aspectos-de-la-clinica-diaria-en-el-xvi-congreso-nacional-setla\\\/#mainImage\"},\"datePublished\":\"2016-11-23T22:06:35+01:00\",\"dateModified\":\"2016-11-23T22:06:35+01:00\"},{\"@type\":\"WebSite\",\"@id\":\"https:\\\/\\\/eldigitaldeasturias.com\\\/magazine365\\\/#website\",\"url\":\"https:\\\/\\\/eldigitaldeasturias.com\\\/magazine365\\\/\",\"name\":\"El Digital de Asturias\",\"description\":\"Revista de ocio, turismo y estilo de vida\",\"inLanguage\":\"es-ES\",\"publisher\":{\"@id\":\"https:\\\/\\\/eldigitaldeasturias.com\\\/magazine365\\\/#organization\"}}]}\n\t\t<\/script>\n\t\t<!-- All in One SEO Pro -->\r\n\t\t<title>\u00daltimos avances y aspectos de la cl\u00ednica diaria en el XVI Congreso Nacional Setla | El Digital de Asturias<\/title>\n\n","aioseo_head_json":{"title":"\u00daltimos avances y aspectos de la cl\u00ednica diaria en el XVI Congreso Nacional Setla | El Digital de Asturias","description":"San Sebasti\u00e1n acoger\u00e1 durante ma\u00f1ana y el viernes, 24 y 25 de noviembre, el XVI Congreso Nacional Setla, Sociedad Espa\u00f1ola de Traumatolog\u00eda Laboral en el Kursaal. El traumat\u00f3logo de Policl\u00ednica Gipuzkoa, Jos\u00e9 Ignacio Mart\u00ednez Renobales, presidente del Comit\u00e9 Organizador del Congreso, asegura que \u201chemos querido mantener la estructura del congreso, con tres mesas oficiales que","canonical_url":"https:\/\/eldigitaldeasturias.com\/magazine365\/ultimos-avances-y-aspectos-de-la-clinica-diaria-en-el-xvi-congreso-nacional-setla\/","robots":"max-image-preview:large","keywords":"noticias y actualidad","webmasterTools":{"google-site-verification":"UA-38556648-1","miscellaneous":""},"schema":{"@context":"https:\/\/schema.org","@graph":[{"@type":"Article","@id":"https:\/\/eldigitaldeasturias.com\/magazine365\/ultimos-avances-y-aspectos-de-la-clinica-diaria-en-el-xvi-congreso-nacional-setla\/#article","name":"\u00daltimos avances y aspectos de la cl\u00ednica diaria en el XVI Congreso Nacional Setla | El Digital de Asturias","headline":"\u00daltimos avances y aspectos de la cl\u00ednica diaria en el XVI Congreso Nacional Setla","author":{"@id":"https:\/\/eldigitaldeasturias.com\/magazine365\/author\/admin\/#author"},"publisher":{"@id":"https:\/\/eldigitaldeasturias.com\/magazine365\/#organization"},"image":{"@type":"ImageObject","url":"https:\/\/eldigitaldeasturias.com\/magazine365\/wp-content\/uploads\/2016\/11\/1479887995_header2016-scaled.jpg","width":2560,"height":853},"datePublished":"2016-11-23T22:06:35+01:00","dateModified":"2016-11-23T22:06:35+01:00","inLanguage":"es-ES","mainEntityOfPage":{"@id":"https:\/\/eldigitaldeasturias.com\/magazine365\/ultimos-avances-y-aspectos-de-la-clinica-diaria-en-el-xvi-congreso-nacional-setla\/#webpage"},"isPartOf":{"@id":"https:\/\/eldigitaldeasturias.com\/magazine365\/ultimos-avances-y-aspectos-de-la-clinica-diaria-en-el-xvi-congreso-nacional-setla\/#webpage"},"articleSection":"Noticias y Actualidad"},{"@type":"BreadcrumbList","@id":"https:\/\/eldigitaldeasturias.com\/magazine365\/ultimos-avances-y-aspectos-de-la-clinica-diaria-en-el-xvi-congreso-nacional-setla\/#breadcrumblist","itemListElement":[{"@type":"ListItem","@id":"https:\/\/eldigitaldeasturias.com\/magazine365#listItem","position":1,"name":"Home","item":"https:\/\/eldigitaldeasturias.com\/magazine365","nextItem":{"@type":"ListItem","@id":"https:\/\/eldigitaldeasturias.com\/magazine365\/category\/noticias-actualidad\/#listItem","name":"Noticias y Actualidad"}},{"@type":"ListItem","@id":"https:\/\/eldigitaldeasturias.com\/magazine365\/category\/noticias-actualidad\/#listItem","position":2,"name":"Noticias y Actualidad","item":"https:\/\/eldigitaldeasturias.com\/magazine365\/category\/noticias-actualidad\/","nextItem":{"@type":"ListItem","@id":"https:\/\/eldigitaldeasturias.com\/magazine365\/ultimos-avances-y-aspectos-de-la-clinica-diaria-en-el-xvi-congreso-nacional-setla\/#listItem","name":"\u00daltimos avances y aspectos de la cl\u00ednica diaria en el XVI Congreso Nacional Setla"},"previousItem":{"@type":"ListItem","@id":"https:\/\/eldigitaldeasturias.com\/magazine365#listItem","name":"Home"}},{"@type":"ListItem","@id":"https:\/\/eldigitaldeasturias.com\/magazine365\/ultimos-avances-y-aspectos-de-la-clinica-diaria-en-el-xvi-congreso-nacional-setla\/#listItem","position":3,"name":"\u00daltimos avances y aspectos de la cl\u00ednica diaria en el XVI Congreso Nacional Setla","previousItem":{"@type":"ListItem","@id":"https:\/\/eldigitaldeasturias.com\/magazine365\/category\/noticias-actualidad\/#listItem","name":"Noticias y Actualidad"}}]},{"@type":"Organization","@id":"https:\/\/eldigitaldeasturias.com\/magazine365\/#organization","name":"El digital de Asturias","description":"Revista de ocio, turismo y estilo de vida","url":"https:\/\/eldigitaldeasturias.com\/magazine365\/","logo":{"@type":"ImageObject","url":"https:\/\/www.eldigitaldeasturias.com\/noticias\/wp-content\/uploads\/2020\/12\/EDA.jpg","@id":"https:\/\/eldigitaldeasturias.com\/magazine365\/ultimos-avances-y-aspectos-de-la-clinica-diaria-en-el-xvi-congreso-nacional-setla\/#organizationLogo"},"image":{"@id":"https:\/\/eldigitaldeasturias.com\/magazine365\/ultimos-avances-y-aspectos-de-la-clinica-diaria-en-el-xvi-congreso-nacional-setla\/#organizationLogo"}},{"@type":"Person","@id":"https:\/\/eldigitaldeasturias.com\/magazine365\/author\/admin\/#author","url":"https:\/\/eldigitaldeasturias.com\/magazine365\/author\/admin\/","name":"admin","image":{"@type":"ImageObject","@id":"https:\/\/eldigitaldeasturias.com\/magazine365\/ultimos-avances-y-aspectos-de-la-clinica-diaria-en-el-xvi-congreso-nacional-setla\/#authorImage","url":"https:\/\/eldigitaldeasturias.com\/magazine365\/wp-content\/litespeed\/avatar\/e571bcf59a0edd6fa6838245a470f2fe.jpg?ver=1776969259","width":96,"height":96,"caption":"admin"}},{"@type":"WebPage","@id":"https:\/\/eldigitaldeasturias.com\/magazine365\/ultimos-avances-y-aspectos-de-la-clinica-diaria-en-el-xvi-congreso-nacional-setla\/#webpage","url":"https:\/\/eldigitaldeasturias.com\/magazine365\/ultimos-avances-y-aspectos-de-la-clinica-diaria-en-el-xvi-congreso-nacional-setla\/","name":"\u00daltimos avances y aspectos de la cl\u00ednica diaria en el XVI Congreso Nacional Setla | El Digital de Asturias","description":"San Sebasti\u00e1n acoger\u00e1 durante ma\u00f1ana y el viernes, 24 y 25 de noviembre, el XVI Congreso Nacional Setla, Sociedad Espa\u00f1ola de Traumatolog\u00eda Laboral en el Kursaal. El traumat\u00f3logo de Policl\u00ednica Gipuzkoa, Jos\u00e9 Ignacio Mart\u00ednez Renobales, presidente del Comit\u00e9 Organizador del Congreso, asegura que \u201chemos querido mantener la estructura del congreso, con tres mesas oficiales que","inLanguage":"es-ES","isPartOf":{"@id":"https:\/\/eldigitaldeasturias.com\/magazine365\/#website"},"breadcrumb":{"@id":"https:\/\/eldigitaldeasturias.com\/magazine365\/ultimos-avances-y-aspectos-de-la-clinica-diaria-en-el-xvi-congreso-nacional-setla\/#breadcrumblist"},"author":{"@id":"https:\/\/eldigitaldeasturias.com\/magazine365\/author\/admin\/#author"},"creator":{"@id":"https:\/\/eldigitaldeasturias.com\/magazine365\/author\/admin\/#author"},"image":{"@type":"ImageObject","url":"https:\/\/eldigitaldeasturias.com\/magazine365\/wp-content\/uploads\/2016\/11\/1479887995_header2016-scaled.jpg","@id":"https:\/\/eldigitaldeasturias.com\/magazine365\/ultimos-avances-y-aspectos-de-la-clinica-diaria-en-el-xvi-congreso-nacional-setla\/#mainImage","width":2560,"height":853},"primaryImageOfPage":{"@id":"https:\/\/eldigitaldeasturias.com\/magazine365\/ultimos-avances-y-aspectos-de-la-clinica-diaria-en-el-xvi-congreso-nacional-setla\/#mainImage"},"datePublished":"2016-11-23T22:06:35+01:00","dateModified":"2016-11-23T22:06:35+01:00"},{"@type":"WebSite","@id":"https:\/\/eldigitaldeasturias.com\/magazine365\/#website","url":"https:\/\/eldigitaldeasturias.com\/magazine365\/","name":"El Digital de Asturias","description":"Revista de ocio, turismo y estilo de vida","inLanguage":"es-ES","publisher":{"@id":"https:\/\/eldigitaldeasturias.com\/magazine365\/#organization"}}]},"og:locale":"es_ES","og:site_name":"El Digital de Asturias \u2013 Revista de ocio, turismo y estilo de vida","og:type":"article","og:title":"\u00daltimos avances y aspectos de la cl\u00ednica diaria en el XVI Congreso Nacional Setla | El Digital de Asturias","og:description":"San Sebasti\u00e1n acoger\u00e1 durante ma\u00f1ana y el viernes, 24 y 25 de noviembre, el XVI Congreso Nacional Setla, Sociedad Espa\u00f1ola de Traumatolog\u00eda Laboral en el Kursaal. El traumat\u00f3logo de Policl\u00ednica Gipuzkoa, Jos\u00e9 Ignacio Mart\u00ednez Renobales, presidente del Comit\u00e9 Organizador del Congreso, asegura que \u201chemos querido mantener la estructura del congreso, con tres mesas oficiales que","og:url":"https:\/\/eldigitaldeasturias.com\/magazine365\/ultimos-avances-y-aspectos-de-la-clinica-diaria-en-el-xvi-congreso-nacional-setla\/","og:image":"https:\/\/eldigitaldeasturias.com\/magazine365\/wp-content\/uploads\/2016\/11\/1479887995_header2016-scaled.jpg","og:image:secure_url":"https:\/\/eldigitaldeasturias.com\/magazine365\/wp-content\/uploads\/2016\/11\/1479887995_header2016-scaled.jpg","og:image:width":2560,"og:image:height":853,"article:published_time":"2016-11-23T21:06:35+00:00","article:modified_time":"2016-11-23T21:06:35+00:00","twitter:card":"summary_large_image","twitter:title":"\u00daltimos avances y aspectos de la cl\u00ednica diaria en el XVI Congreso Nacional Setla | El Digital de Asturias","twitter:description":"San Sebasti\u00e1n acoger\u00e1 durante ma\u00f1ana y el viernes, 24 y 25 de noviembre, el XVI Congreso Nacional Setla, Sociedad Espa\u00f1ola de Traumatolog\u00eda Laboral en el Kursaal. El traumat\u00f3logo de Policl\u00ednica Gipuzkoa, Jos\u00e9 Ignacio Mart\u00ednez Renobales, presidente del Comit\u00e9 Organizador del Congreso, asegura que \u201chemos querido mantener la estructura del congreso, con tres mesas oficiales que","twitter:image":"https:\/\/eldigitaldeasturias.com\/magazine365\/wp-content\/uploads\/2016\/11\/1479887995_header2016-scaled.jpg"},"aioseo_meta_data":{"post_id":"83456","title":null,"description":null,"keywords":null,"keyphrases":null,"primary_term":null,"canonical_url":null,"og_title":null,"og_description":null,"og_object_type":"default","og_image_type":"default","og_image_url":null,"og_image_width":null,"og_image_height":null,"og_image_custom_url":null,"og_image_custom_fields":null,"og_video":null,"og_custom_url":null,"og_article_section":null,"og_article_tags":null,"twitter_use_og":false,"twitter_card":"default","twitter_image_type":"default","twitter_image_url":null,"twitter_image_custom_url":null,"twitter_image_custom_fields":null,"twitter_title":null,"twitter_description":null,"schema":{"blockGraphs":[],"customGraphs":[],"default":{"data":{"Article":[],"Course":[],"Dataset":[],"FAQPage":[],"Movie":[],"Person":[],"Product":[],"ProductReview":[],"Car":[],"Recipe":[],"Service":[],"SoftwareApplication":[],"WebPage":[]},"graphName":"","isEnabled":true},"graphs":[],"defaultGraph":"","defaultPostTypeGraph":""},"schema_type":null,"schema_type_options":null,"pillar_content":false,"robots_default":true,"robots_noindex":false,"robots_noarchive":false,"robots_nosnippet":false,"robots_nofollow":false,"robots_noimageindex":false,"robots_noodp":false,"robots_notranslate":false,"robots_max_snippet":null,"robots_max_videopreview":null,"robots_max_imagepreview":"large","priority":null,"frequency":null,"location":null,"local_seo":null,"seo_analyzer_scan_date":"2025-09-28 03:00:06","breadcrumb_settings":null,"limit_modified_date":false,"open_ai":null,"ai":null,"created":"2020-12-21 15:29:34","updated":"2025-09-28 03:00:06"},"aioseo_breadcrumb":"<div class=\"aioseo-breadcrumbs\"><span class=\"aioseo-breadcrumb\">\n\t<a href=\"https:\/\/eldigitaldeasturias.com\/magazine365\" title=\"Home\">Home<\/a>\n<\/span><span class=\"aioseo-breadcrumb-separator\">\u2013<\/span><span class=\"aioseo-breadcrumb\">\n\t<a href=\"https:\/\/eldigitaldeasturias.com\/magazine365\/category\/noticias-actualidad\/\" title=\"Noticias y Actualidad\">Noticias y Actualidad<\/a>\n<\/span><span class=\"aioseo-breadcrumb-separator\">\u2013<\/span><span class=\"aioseo-breadcrumb\">\n\t<a href=\"https:\/\/eldigitaldeasturias.com\/magazine365\/ultimos-avances-y-aspectos-de-la-clinica-diaria-en-el-xvi-congreso-nacional-setla\/\" title=\"\u00daltimos avances y aspectos de la cl\u00ednica diaria en el XVI Congreso Nacional Setla\">\u00daltimos avances y aspectos de la cl\u00ednica diaria en el XVI Congreso Nacional Setla<\/a>\n<\/span><\/div>","aioseo_breadcrumb_json":[{"label":"Home","link":"https:\/\/eldigitaldeasturias.com\/magazine365"},{"label":"Noticias y Actualidad","link":"https:\/\/eldigitaldeasturias.com\/magazine365\/category\/noticias-actualidad\/"},{"label":"\u00daltimos avances y aspectos de la cl\u00ednica diaria en el XVI Congreso Nacional Setla","link":"https:\/\/eldigitaldeasturias.com\/magazine365\/ultimos-avances-y-aspectos-de-la-clinica-diaria-en-el-xvi-congreso-nacional-setla\/"}],"_links":{"self":[{"href":"https:\/\/eldigitaldeasturias.com\/magazine365\/wp-json\/wp\/v2\/posts\/83456","targetHints":{"allow":["GET"]}}],"collection":[{"href":"https:\/\/eldigitaldeasturias.com\/magazine365\/wp-json\/wp\/v2\/posts"}],"about":[{"href":"https:\/\/eldigitaldeasturias.com\/magazine365\/wp-json\/wp\/v2\/types\/post"}],"author":[{"embeddable":true,"href":"https:\/\/eldigitaldeasturias.com\/magazine365\/wp-json\/wp\/v2\/users\/1"}],"replies":[{"embeddable":true,"href":"https:\/\/eldigitaldeasturias.com\/magazine365\/wp-json\/wp\/v2\/comments?post=83456"}],"version-history":[{"count":0,"href":"https:\/\/eldigitaldeasturias.com\/magazine365\/wp-json\/wp\/v2\/posts\/83456\/revisions"}],"wp:featuredmedia":[{"embeddable":true,"href":"https:\/\/eldigitaldeasturias.com\/magazine365\/wp-json\/wp\/v2\/media\/83457"}],"wp:attachment":[{"href":"https:\/\/eldigitaldeasturias.com\/magazine365\/wp-json\/wp\/v2\/media?parent=83456"}],"wp:term":[{"taxonomy":"category","embeddable":true,"href":"https:\/\/eldigitaldeasturias.com\/magazine365\/wp-json\/wp\/v2\/categories?post=83456"},{"taxonomy":"post_tag","embeddable":true,"href":"https:\/\/eldigitaldeasturias.com\/magazine365\/wp-json\/wp\/v2\/tags?post=83456"}],"curies":[{"name":"wp","href":"https:\/\/api.w.org\/{rel}","templated":true}]}}