{"id":83406,"date":"2016-11-10T21:55:57","date_gmt":"2016-11-10T20:55:57","guid":{"rendered":"http:\/\/eldigitaldeasturias.com\/magazine365\/?p=83406"},"modified":"2016-11-10T21:55:57","modified_gmt":"2016-11-10T20:55:57","slug":"la-inteligencia-artificial-sera-uno-de-los-pilares-del-samsung-galaxy-s8","status":"publish","type":"post","link":"https:\/\/eldigitaldeasturias.com\/magazine365\/la-inteligencia-artificial-sera-uno-de-los-pilares-del-samsung-galaxy-s8\/","title":{"rendered":"La inteligencia artificial ser\u00e1 uno de los pilares del Samsung Galaxy S8"},"content":{"rendered":"<p>Los smartphones de la familia Galaxy de Samsung han incluido S-Voice, un asistente personal por voz propietario, desde el lanzamiento del Galaxy S3 en 2012. En cuatro a\u00f1os, el asistente ha avanzado positivamente, pero se avecinan cambios mucho mayores que entrar\u00e1n en juego en 2017 con el Samsung Galaxy S8, para el que la compa\u00f1\u00eda surcoreana ha confirmado un nuevo software de reconocimiento y asistencia mediante inteligencia artificial basado en una de sus compras m\u00e1s recientes, Viv y de esta manera ofrecer una mejor experiencia en cuanto a realidad virtual se comente.<\/p>\n<p>La llegada de Viv al ecosistema de Samsung es especialmente importante para expandir la inteligencia a todos los dispositivos que lo componen, y no s\u00f3lo al smartphone y las tablets. Adem\u00e1s, tal y como ya hacen los asistentes m\u00e1s modernos, y frente a lo arcaico del actual S-Voice en ese sentido, lo que Viv traer\u00e1 ser\u00e1, adem\u00e1s de funciones que ambas compa\u00f1\u00edas desarrollen conjuntamente, una API abierta para que desarrolladores externos integren de manera sencilla y r\u00e1pida las funciones de sus aplicaciones.<\/p>\n<p><strong>La ubicuidad ser\u00e1 la clave del nuevo software de inteligencia artificial del Samsung Galaxy S8<\/strong><\/p>\n<p>Adem\u00e1s de proveer un mejor reconocimiento de voz, que pronto se acercar\u00e1 a lo \u00f3ptimo, la clave de los asistentes personales del futuro ser\u00e1, como ya ocurre con los wearables, lo que son capaces de ofrecer al usuario sin que \u00e9ste tenga que preocuparse por nada. En ese sentido, Google Now fue el pionero en ofrecer informaci\u00f3n de manera proactiva, como por ejemplo el estado del tr\u00e1fico en una ruta frecuente, el estado de un vuelo adquirido o el lugar donde se aparc\u00f3 el coche. Fue s\u00f3lo el principio de la guerra de asistentes que ya se est\u00e1 librando, y una minucia respecto a lo que viene.<\/p>\n<p>Samsung ya cuenta con dispositivos en todos los segmentos del mercado tecnol\u00f3gico, incluso lleg\u00f3 a presentar a Otto, un asistente con escucha activa que funciona con su plataforma de Internet de las Cosas Artik. El objetivo ahora ser\u00e1 integrarlos todos mucho mejor con la inteligencia artificial como n\u00facleo, y sobre todo, diferenciarse y lograr una identidad por software al igual que ya est\u00e1 haciendo por hardware.<\/p>\n<p><em>El contenido de este comunicado fue publicado originalmente en la p\u00e1gina web de Hipertextual<\/em><\/p>\n<p>&nbsp;<\/p>\n","protected":false},"excerpt":{"rendered":"<p>Los smartphones de la familia Galaxy de Samsung han incluido S-Voice, un asistente personal por voz propietario, desde el lanzamiento del Galaxy S3 en 2012. En cuatro a\u00f1os, el asistente ha avanzado positivamente, pero se avecinan cambios mucho mayores que entrar\u00e1n en juego en 2017 con el Samsung Galaxy S8, para el que la compa\u00f1\u00eda<\/p>\n","protected":false},"author":1,"featured_media":77926,"comment_status":"open","ping_status":"closed","sticky":false,"template":"","format":"standard","meta":{"footnotes":""},"categories":[224],"tags":[],"class_list":{"0":"post-83406","1":"post","2":"type-post","3":"status-publish","4":"format-standard","5":"has-post-thumbnail","7":"category-noticias-actualidad"},"aioseo_notices":[],"aioseo_head":"\n\t\t<!-- All in One SEO Pro 4.9.6.1 - aioseo.com -->\n\t<meta name=\"description\" content=\"Los smartphones de la familia Galaxy de Samsung han incluido S-Voice, un asistente personal por voz propietario, desde el lanzamiento del Galaxy S3 en 2012. En cuatro a\u00f1os, el asistente ha avanzado positivamente, pero se avecinan cambios mucho mayores que entrar\u00e1n en juego en 2017 con el Samsung Galaxy S8, para el que la compa\u00f1\u00eda\" \/>\n\t<meta name=\"robots\" content=\"max-image-preview:large\" \/>\n\t<meta name=\"author\" content=\"admin\"\/>\n\t<meta name=\"google-site-verification\" content=\"UA-38556648-1\" \/>\n\t<meta name=\"keywords\" content=\"noticias y actualidad\" \/>\n\t<link rel=\"canonical\" href=\"https:\/\/eldigitaldeasturias.com\/magazine365\/la-inteligencia-artificial-sera-uno-de-los-pilares-del-samsung-galaxy-s8\/\" \/>\n\t<meta name=\"generator\" content=\"All in One SEO Pro (AIOSEO) 4.9.6.1\" \/>\n\t\t<meta property=\"og:locale\" content=\"es_ES\" \/>\n\t\t<meta property=\"og:site_name\" content=\"El Digital de Asturias \u2013 Revista de ocio, turismo y estilo de vida\" \/>\n\t\t<meta property=\"og:type\" content=\"article\" \/>\n\t\t<meta property=\"og:title\" content=\"La inteligencia artificial ser\u00e1 uno de los pilares del Samsung Galaxy S8 | El Digital de Asturias\" \/>\n\t\t<meta property=\"og:description\" content=\"Los smartphones de la familia Galaxy de Samsung han incluido S-Voice, un asistente personal por voz propietario, desde el lanzamiento del Galaxy S3 en 2012. En cuatro a\u00f1os, el asistente ha avanzado positivamente, pero se avecinan cambios mucho mayores que entrar\u00e1n en juego en 2017 con el Samsung Galaxy S8, para el que la compa\u00f1\u00eda\" \/>\n\t\t<meta property=\"og:url\" content=\"https:\/\/eldigitaldeasturias.com\/magazine365\/la-inteligencia-artificial-sera-uno-de-los-pilares-del-samsung-galaxy-s8\/\" \/>\n\t\t<meta property=\"og:image\" content=\"https:\/\/eldigitaldeasturias.com\/magazine365\/wp-content\/uploads\/2016\/06\/m365.jpg\" \/>\n\t\t<meta property=\"og:image:secure_url\" content=\"https:\/\/eldigitaldeasturias.com\/magazine365\/wp-content\/uploads\/2016\/06\/m365.jpg\" \/>\n\t\t<meta property=\"og:image:width\" content=\"655\" \/>\n\t\t<meta property=\"og:image:height\" content=\"360\" \/>\n\t\t<meta property=\"article:published_time\" content=\"2016-11-10T20:55:57+00:00\" \/>\n\t\t<meta property=\"article:modified_time\" content=\"2016-11-10T20:55:57+00:00\" \/>\n\t\t<meta name=\"twitter:card\" content=\"summary_large_image\" \/>\n\t\t<meta name=\"twitter:title\" content=\"La inteligencia artificial ser\u00e1 uno de los pilares del Samsung Galaxy S8 | El Digital de Asturias\" \/>\n\t\t<meta name=\"twitter:description\" content=\"Los smartphones de la familia Galaxy de Samsung han incluido S-Voice, un asistente personal por voz propietario, desde el lanzamiento del Galaxy S3 en 2012. En cuatro a\u00f1os, el asistente ha avanzado positivamente, pero se avecinan cambios mucho mayores que entrar\u00e1n en juego en 2017 con el Samsung Galaxy S8, para el que la compa\u00f1\u00eda\" \/>\n\t\t<meta name=\"twitter:image\" content=\"https:\/\/eldigitaldeasturias.com\/magazine365\/wp-content\/uploads\/2016\/06\/m365.jpg\" \/>\n\t\t<script type=\"application\/ld+json\" class=\"aioseo-schema\">\n\t\t\t{\"@context\":\"https:\\\/\\\/schema.org\",\"@graph\":[{\"@type\":\"Article\",\"@id\":\"https:\\\/\\\/eldigitaldeasturias.com\\\/magazine365\\\/la-inteligencia-artificial-sera-uno-de-los-pilares-del-samsung-galaxy-s8\\\/#article\",\"name\":\"La inteligencia artificial ser\\u00e1 uno de los pilares del Samsung Galaxy S8 | El Digital de Asturias\",\"headline\":\"La inteligencia artificial ser\\u00e1 uno de los pilares del Samsung Galaxy S8\",\"author\":{\"@id\":\"https:\\\/\\\/eldigitaldeasturias.com\\\/magazine365\\\/author\\\/admin\\\/#author\"},\"publisher\":{\"@id\":\"https:\\\/\\\/eldigitaldeasturias.com\\\/magazine365\\\/#organization\"},\"image\":{\"@type\":\"ImageObject\",\"url\":\"https:\\\/\\\/eldigitaldeasturias.com\\\/magazine365\\\/wp-content\\\/uploads\\\/2016\\\/06\\\/m365.jpg\",\"width\":655,\"height\":360},\"datePublished\":\"2016-11-10T21:55:57+01:00\",\"dateModified\":\"2016-11-10T21:55:57+01:00\",\"inLanguage\":\"es-ES\",\"mainEntityOfPage\":{\"@id\":\"https:\\\/\\\/eldigitaldeasturias.com\\\/magazine365\\\/la-inteligencia-artificial-sera-uno-de-los-pilares-del-samsung-galaxy-s8\\\/#webpage\"},\"isPartOf\":{\"@id\":\"https:\\\/\\\/eldigitaldeasturias.com\\\/magazine365\\\/la-inteligencia-artificial-sera-uno-de-los-pilares-del-samsung-galaxy-s8\\\/#webpage\"},\"articleSection\":\"Noticias y Actualidad\"},{\"@type\":\"BreadcrumbList\",\"@id\":\"https:\\\/\\\/eldigitaldeasturias.com\\\/magazine365\\\/la-inteligencia-artificial-sera-uno-de-los-pilares-del-samsung-galaxy-s8\\\/#breadcrumblist\",\"itemListElement\":[{\"@type\":\"ListItem\",\"@id\":\"https:\\\/\\\/eldigitaldeasturias.com\\\/magazine365#listItem\",\"position\":1,\"name\":\"Home\",\"item\":\"https:\\\/\\\/eldigitaldeasturias.com\\\/magazine365\",\"nextItem\":{\"@type\":\"ListItem\",\"@id\":\"https:\\\/\\\/eldigitaldeasturias.com\\\/magazine365\\\/category\\\/noticias-actualidad\\\/#listItem\",\"name\":\"Noticias y Actualidad\"}},{\"@type\":\"ListItem\",\"@id\":\"https:\\\/\\\/eldigitaldeasturias.com\\\/magazine365\\\/category\\\/noticias-actualidad\\\/#listItem\",\"position\":2,\"name\":\"Noticias y Actualidad\",\"item\":\"https:\\\/\\\/eldigitaldeasturias.com\\\/magazine365\\\/category\\\/noticias-actualidad\\\/\",\"nextItem\":{\"@type\":\"ListItem\",\"@id\":\"https:\\\/\\\/eldigitaldeasturias.com\\\/magazine365\\\/la-inteligencia-artificial-sera-uno-de-los-pilares-del-samsung-galaxy-s8\\\/#listItem\",\"name\":\"La inteligencia artificial ser\\u00e1 uno de los pilares del Samsung Galaxy S8\"},\"previousItem\":{\"@type\":\"ListItem\",\"@id\":\"https:\\\/\\\/eldigitaldeasturias.com\\\/magazine365#listItem\",\"name\":\"Home\"}},{\"@type\":\"ListItem\",\"@id\":\"https:\\\/\\\/eldigitaldeasturias.com\\\/magazine365\\\/la-inteligencia-artificial-sera-uno-de-los-pilares-del-samsung-galaxy-s8\\\/#listItem\",\"position\":3,\"name\":\"La inteligencia artificial ser\\u00e1 uno de los pilares del Samsung Galaxy S8\",\"previousItem\":{\"@type\":\"ListItem\",\"@id\":\"https:\\\/\\\/eldigitaldeasturias.com\\\/magazine365\\\/category\\\/noticias-actualidad\\\/#listItem\",\"name\":\"Noticias y Actualidad\"}}]},{\"@type\":\"Organization\",\"@id\":\"https:\\\/\\\/eldigitaldeasturias.com\\\/magazine365\\\/#organization\",\"name\":\"El digital de Asturias\",\"description\":\"Revista de ocio, turismo y estilo de vida\",\"url\":\"https:\\\/\\\/eldigitaldeasturias.com\\\/magazine365\\\/\",\"logo\":{\"@type\":\"ImageObject\",\"url\":\"https:\\\/\\\/www.eldigitaldeasturias.com\\\/noticias\\\/wp-content\\\/uploads\\\/2020\\\/12\\\/EDA.jpg\",\"@id\":\"https:\\\/\\\/eldigitaldeasturias.com\\\/magazine365\\\/la-inteligencia-artificial-sera-uno-de-los-pilares-del-samsung-galaxy-s8\\\/#organizationLogo\"},\"image\":{\"@id\":\"https:\\\/\\\/eldigitaldeasturias.com\\\/magazine365\\\/la-inteligencia-artificial-sera-uno-de-los-pilares-del-samsung-galaxy-s8\\\/#organizationLogo\"}},{\"@type\":\"Person\",\"@id\":\"https:\\\/\\\/eldigitaldeasturias.com\\\/magazine365\\\/author\\\/admin\\\/#author\",\"url\":\"https:\\\/\\\/eldigitaldeasturias.com\\\/magazine365\\\/author\\\/admin\\\/\",\"name\":\"admin\",\"image\":{\"@type\":\"ImageObject\",\"@id\":\"https:\\\/\\\/eldigitaldeasturias.com\\\/magazine365\\\/la-inteligencia-artificial-sera-uno-de-los-pilares-del-samsung-galaxy-s8\\\/#authorImage\",\"url\":\"https:\\\/\\\/eldigitaldeasturias.com\\\/magazine365\\\/wp-content\\\/litespeed\\\/avatar\\\/e571bcf59a0edd6fa6838245a470f2fe.jpg?ver=1776969259\",\"width\":96,\"height\":96,\"caption\":\"admin\"}},{\"@type\":\"WebPage\",\"@id\":\"https:\\\/\\\/eldigitaldeasturias.com\\\/magazine365\\\/la-inteligencia-artificial-sera-uno-de-los-pilares-del-samsung-galaxy-s8\\\/#webpage\",\"url\":\"https:\\\/\\\/eldigitaldeasturias.com\\\/magazine365\\\/la-inteligencia-artificial-sera-uno-de-los-pilares-del-samsung-galaxy-s8\\\/\",\"name\":\"La inteligencia artificial ser\\u00e1 uno de los pilares del Samsung Galaxy S8 | El Digital de Asturias\",\"description\":\"Los smartphones de la familia Galaxy de Samsung han incluido S-Voice, un asistente personal por voz propietario, desde el lanzamiento del Galaxy S3 en 2012. En cuatro a\\u00f1os, el asistente ha avanzado positivamente, pero se avecinan cambios mucho mayores que entrar\\u00e1n en juego en 2017 con el Samsung Galaxy S8, para el que la compa\\u00f1\\u00eda\",\"inLanguage\":\"es-ES\",\"isPartOf\":{\"@id\":\"https:\\\/\\\/eldigitaldeasturias.com\\\/magazine365\\\/#website\"},\"breadcrumb\":{\"@id\":\"https:\\\/\\\/eldigitaldeasturias.com\\\/magazine365\\\/la-inteligencia-artificial-sera-uno-de-los-pilares-del-samsung-galaxy-s8\\\/#breadcrumblist\"},\"author\":{\"@id\":\"https:\\\/\\\/eldigitaldeasturias.com\\\/magazine365\\\/author\\\/admin\\\/#author\"},\"creator\":{\"@id\":\"https:\\\/\\\/eldigitaldeasturias.com\\\/magazine365\\\/author\\\/admin\\\/#author\"},\"image\":{\"@type\":\"ImageObject\",\"url\":\"https:\\\/\\\/eldigitaldeasturias.com\\\/magazine365\\\/wp-content\\\/uploads\\\/2016\\\/06\\\/m365.jpg\",\"@id\":\"https:\\\/\\\/eldigitaldeasturias.com\\\/magazine365\\\/la-inteligencia-artificial-sera-uno-de-los-pilares-del-samsung-galaxy-s8\\\/#mainImage\",\"width\":655,\"height\":360},\"primaryImageOfPage\":{\"@id\":\"https:\\\/\\\/eldigitaldeasturias.com\\\/magazine365\\\/la-inteligencia-artificial-sera-uno-de-los-pilares-del-samsung-galaxy-s8\\\/#mainImage\"},\"datePublished\":\"2016-11-10T21:55:57+01:00\",\"dateModified\":\"2016-11-10T21:55:57+01:00\"},{\"@type\":\"WebSite\",\"@id\":\"https:\\\/\\\/eldigitaldeasturias.com\\\/magazine365\\\/#website\",\"url\":\"https:\\\/\\\/eldigitaldeasturias.com\\\/magazine365\\\/\",\"name\":\"El Digital de Asturias\",\"description\":\"Revista de ocio, turismo y estilo de vida\",\"inLanguage\":\"es-ES\",\"publisher\":{\"@id\":\"https:\\\/\\\/eldigitaldeasturias.com\\\/magazine365\\\/#organization\"}}]}\n\t\t<\/script>\n\t\t<!-- All in One SEO Pro -->\r\n\t\t<title>La inteligencia artificial ser\u00e1 uno de los pilares del Samsung Galaxy S8 | El Digital de Asturias<\/title>\n\n","aioseo_head_json":{"title":"La inteligencia artificial ser\u00e1 uno de los pilares del Samsung Galaxy S8 | El Digital de Asturias","description":"Los smartphones de la familia Galaxy de Samsung han incluido S-Voice, un asistente personal por voz propietario, desde el lanzamiento del Galaxy S3 en 2012. En cuatro a\u00f1os, el asistente ha avanzado positivamente, pero se avecinan cambios mucho mayores que entrar\u00e1n en juego en 2017 con el Samsung Galaxy S8, para el que la compa\u00f1\u00eda","canonical_url":"https:\/\/eldigitaldeasturias.com\/magazine365\/la-inteligencia-artificial-sera-uno-de-los-pilares-del-samsung-galaxy-s8\/","robots":"max-image-preview:large","keywords":"noticias y actualidad","webmasterTools":{"google-site-verification":"UA-38556648-1","miscellaneous":""},"schema":{"@context":"https:\/\/schema.org","@graph":[{"@type":"Article","@id":"https:\/\/eldigitaldeasturias.com\/magazine365\/la-inteligencia-artificial-sera-uno-de-los-pilares-del-samsung-galaxy-s8\/#article","name":"La inteligencia artificial ser\u00e1 uno de los pilares del Samsung Galaxy S8 | El Digital de Asturias","headline":"La inteligencia artificial ser\u00e1 uno de los pilares del Samsung Galaxy S8","author":{"@id":"https:\/\/eldigitaldeasturias.com\/magazine365\/author\/admin\/#author"},"publisher":{"@id":"https:\/\/eldigitaldeasturias.com\/magazine365\/#organization"},"image":{"@type":"ImageObject","url":"https:\/\/eldigitaldeasturias.com\/magazine365\/wp-content\/uploads\/2016\/06\/m365.jpg","width":655,"height":360},"datePublished":"2016-11-10T21:55:57+01:00","dateModified":"2016-11-10T21:55:57+01:00","inLanguage":"es-ES","mainEntityOfPage":{"@id":"https:\/\/eldigitaldeasturias.com\/magazine365\/la-inteligencia-artificial-sera-uno-de-los-pilares-del-samsung-galaxy-s8\/#webpage"},"isPartOf":{"@id":"https:\/\/eldigitaldeasturias.com\/magazine365\/la-inteligencia-artificial-sera-uno-de-los-pilares-del-samsung-galaxy-s8\/#webpage"},"articleSection":"Noticias y Actualidad"},{"@type":"BreadcrumbList","@id":"https:\/\/eldigitaldeasturias.com\/magazine365\/la-inteligencia-artificial-sera-uno-de-los-pilares-del-samsung-galaxy-s8\/#breadcrumblist","itemListElement":[{"@type":"ListItem","@id":"https:\/\/eldigitaldeasturias.com\/magazine365#listItem","position":1,"name":"Home","item":"https:\/\/eldigitaldeasturias.com\/magazine365","nextItem":{"@type":"ListItem","@id":"https:\/\/eldigitaldeasturias.com\/magazine365\/category\/noticias-actualidad\/#listItem","name":"Noticias y Actualidad"}},{"@type":"ListItem","@id":"https:\/\/eldigitaldeasturias.com\/magazine365\/category\/noticias-actualidad\/#listItem","position":2,"name":"Noticias y Actualidad","item":"https:\/\/eldigitaldeasturias.com\/magazine365\/category\/noticias-actualidad\/","nextItem":{"@type":"ListItem","@id":"https:\/\/eldigitaldeasturias.com\/magazine365\/la-inteligencia-artificial-sera-uno-de-los-pilares-del-samsung-galaxy-s8\/#listItem","name":"La inteligencia artificial ser\u00e1 uno de los pilares del Samsung Galaxy S8"},"previousItem":{"@type":"ListItem","@id":"https:\/\/eldigitaldeasturias.com\/magazine365#listItem","name":"Home"}},{"@type":"ListItem","@id":"https:\/\/eldigitaldeasturias.com\/magazine365\/la-inteligencia-artificial-sera-uno-de-los-pilares-del-samsung-galaxy-s8\/#listItem","position":3,"name":"La inteligencia artificial ser\u00e1 uno de los pilares del Samsung Galaxy S8","previousItem":{"@type":"ListItem","@id":"https:\/\/eldigitaldeasturias.com\/magazine365\/category\/noticias-actualidad\/#listItem","name":"Noticias y Actualidad"}}]},{"@type":"Organization","@id":"https:\/\/eldigitaldeasturias.com\/magazine365\/#organization","name":"El digital de Asturias","description":"Revista de ocio, turismo y estilo de vida","url":"https:\/\/eldigitaldeasturias.com\/magazine365\/","logo":{"@type":"ImageObject","url":"https:\/\/www.eldigitaldeasturias.com\/noticias\/wp-content\/uploads\/2020\/12\/EDA.jpg","@id":"https:\/\/eldigitaldeasturias.com\/magazine365\/la-inteligencia-artificial-sera-uno-de-los-pilares-del-samsung-galaxy-s8\/#organizationLogo"},"image":{"@id":"https:\/\/eldigitaldeasturias.com\/magazine365\/la-inteligencia-artificial-sera-uno-de-los-pilares-del-samsung-galaxy-s8\/#organizationLogo"}},{"@type":"Person","@id":"https:\/\/eldigitaldeasturias.com\/magazine365\/author\/admin\/#author","url":"https:\/\/eldigitaldeasturias.com\/magazine365\/author\/admin\/","name":"admin","image":{"@type":"ImageObject","@id":"https:\/\/eldigitaldeasturias.com\/magazine365\/la-inteligencia-artificial-sera-uno-de-los-pilares-del-samsung-galaxy-s8\/#authorImage","url":"https:\/\/eldigitaldeasturias.com\/magazine365\/wp-content\/litespeed\/avatar\/e571bcf59a0edd6fa6838245a470f2fe.jpg?ver=1776969259","width":96,"height":96,"caption":"admin"}},{"@type":"WebPage","@id":"https:\/\/eldigitaldeasturias.com\/magazine365\/la-inteligencia-artificial-sera-uno-de-los-pilares-del-samsung-galaxy-s8\/#webpage","url":"https:\/\/eldigitaldeasturias.com\/magazine365\/la-inteligencia-artificial-sera-uno-de-los-pilares-del-samsung-galaxy-s8\/","name":"La inteligencia artificial ser\u00e1 uno de los pilares del Samsung Galaxy S8 | El Digital de Asturias","description":"Los smartphones de la familia Galaxy de Samsung han incluido S-Voice, un asistente personal por voz propietario, desde el lanzamiento del Galaxy S3 en 2012. En cuatro a\u00f1os, el asistente ha avanzado positivamente, pero se avecinan cambios mucho mayores que entrar\u00e1n en juego en 2017 con el Samsung Galaxy S8, para el que la compa\u00f1\u00eda","inLanguage":"es-ES","isPartOf":{"@id":"https:\/\/eldigitaldeasturias.com\/magazine365\/#website"},"breadcrumb":{"@id":"https:\/\/eldigitaldeasturias.com\/magazine365\/la-inteligencia-artificial-sera-uno-de-los-pilares-del-samsung-galaxy-s8\/#breadcrumblist"},"author":{"@id":"https:\/\/eldigitaldeasturias.com\/magazine365\/author\/admin\/#author"},"creator":{"@id":"https:\/\/eldigitaldeasturias.com\/magazine365\/author\/admin\/#author"},"image":{"@type":"ImageObject","url":"https:\/\/eldigitaldeasturias.com\/magazine365\/wp-content\/uploads\/2016\/06\/m365.jpg","@id":"https:\/\/eldigitaldeasturias.com\/magazine365\/la-inteligencia-artificial-sera-uno-de-los-pilares-del-samsung-galaxy-s8\/#mainImage","width":655,"height":360},"primaryImageOfPage":{"@id":"https:\/\/eldigitaldeasturias.com\/magazine365\/la-inteligencia-artificial-sera-uno-de-los-pilares-del-samsung-galaxy-s8\/#mainImage"},"datePublished":"2016-11-10T21:55:57+01:00","dateModified":"2016-11-10T21:55:57+01:00"},{"@type":"WebSite","@id":"https:\/\/eldigitaldeasturias.com\/magazine365\/#website","url":"https:\/\/eldigitaldeasturias.com\/magazine365\/","name":"El Digital de Asturias","description":"Revista de ocio, turismo y estilo de vida","inLanguage":"es-ES","publisher":{"@id":"https:\/\/eldigitaldeasturias.com\/magazine365\/#organization"}}]},"og:locale":"es_ES","og:site_name":"El Digital de Asturias \u2013 Revista de ocio, turismo y estilo de vida","og:type":"article","og:title":"La inteligencia artificial ser\u00e1 uno de los pilares del Samsung Galaxy S8 | El Digital de Asturias","og:description":"Los smartphones de la familia Galaxy de Samsung han incluido S-Voice, un asistente personal por voz propietario, desde el lanzamiento del Galaxy S3 en 2012. En cuatro a\u00f1os, el asistente ha avanzado positivamente, pero se avecinan cambios mucho mayores que entrar\u00e1n en juego en 2017 con el Samsung Galaxy S8, para el que la compa\u00f1\u00eda","og:url":"https:\/\/eldigitaldeasturias.com\/magazine365\/la-inteligencia-artificial-sera-uno-de-los-pilares-del-samsung-galaxy-s8\/","og:image":"https:\/\/eldigitaldeasturias.com\/magazine365\/wp-content\/uploads\/2016\/06\/m365.jpg","og:image:secure_url":"https:\/\/eldigitaldeasturias.com\/magazine365\/wp-content\/uploads\/2016\/06\/m365.jpg","og:image:width":655,"og:image:height":360,"article:published_time":"2016-11-10T20:55:57+00:00","article:modified_time":"2016-11-10T20:55:57+00:00","twitter:card":"summary_large_image","twitter:title":"La inteligencia artificial ser\u00e1 uno de los pilares del Samsung Galaxy S8 | El Digital de Asturias","twitter:description":"Los smartphones de la familia Galaxy de Samsung han incluido S-Voice, un asistente personal por voz propietario, desde el lanzamiento del Galaxy S3 en 2012. En cuatro a\u00f1os, el asistente ha avanzado positivamente, pero se avecinan cambios mucho mayores que entrar\u00e1n en juego en 2017 con el Samsung Galaxy S8, para el que la compa\u00f1\u00eda","twitter:image":"https:\/\/eldigitaldeasturias.com\/magazine365\/wp-content\/uploads\/2016\/06\/m365.jpg"},"aioseo_meta_data":{"post_id":"83406","title":null,"description":null,"keywords":null,"keyphrases":null,"primary_term":null,"canonical_url":null,"og_title":null,"og_description":null,"og_object_type":"default","og_image_type":"default","og_image_url":null,"og_image_width":null,"og_image_height":null,"og_image_custom_url":null,"og_image_custom_fields":null,"og_video":null,"og_custom_url":null,"og_article_section":null,"og_article_tags":null,"twitter_use_og":false,"twitter_card":"default","twitter_image_type":"default","twitter_image_url":null,"twitter_image_custom_url":null,"twitter_image_custom_fields":null,"twitter_title":null,"twitter_description":null,"schema":{"blockGraphs":[],"customGraphs":[],"default":{"data":{"Article":[],"Course":[],"Dataset":[],"FAQPage":[],"Movie":[],"Person":[],"Product":[],"ProductReview":[],"Car":[],"Recipe":[],"Service":[],"SoftwareApplication":[],"WebPage":[]},"graphName":"","isEnabled":true},"graphs":[],"defaultGraph":"","defaultPostTypeGraph":""},"schema_type":null,"schema_type_options":null,"pillar_content":false,"robots_default":true,"robots_noindex":false,"robots_noarchive":false,"robots_nosnippet":false,"robots_nofollow":false,"robots_noimageindex":false,"robots_noodp":false,"robots_notranslate":false,"robots_max_snippet":null,"robots_max_videopreview":null,"robots_max_imagepreview":"large","priority":null,"frequency":null,"location":null,"local_seo":null,"seo_analyzer_scan_date":"2025-09-28 02:54:36","breadcrumb_settings":null,"limit_modified_date":false,"open_ai":null,"ai":null,"created":"2020-12-21 15:30:05","updated":"2025-09-28 02:54:36"},"aioseo_breadcrumb":"<div class=\"aioseo-breadcrumbs\"><span class=\"aioseo-breadcrumb\">\n\t<a href=\"https:\/\/eldigitaldeasturias.com\/magazine365\" title=\"Home\">Home<\/a>\n<\/span><span class=\"aioseo-breadcrumb-separator\">\u2013<\/span><span class=\"aioseo-breadcrumb\">\n\t<a href=\"https:\/\/eldigitaldeasturias.com\/magazine365\/category\/noticias-actualidad\/\" title=\"Noticias y Actualidad\">Noticias y Actualidad<\/a>\n<\/span><span class=\"aioseo-breadcrumb-separator\">\u2013<\/span><span class=\"aioseo-breadcrumb\">\n\t<a href=\"https:\/\/eldigitaldeasturias.com\/magazine365\/la-inteligencia-artificial-sera-uno-de-los-pilares-del-samsung-galaxy-s8\/\" title=\"La inteligencia artificial ser\u00e1 uno de los pilares del Samsung Galaxy S8\">La inteligencia artificial ser\u00e1 uno de los pilares del Samsung Galaxy S8<\/a>\n<\/span><\/div>","aioseo_breadcrumb_json":[{"label":"Home","link":"https:\/\/eldigitaldeasturias.com\/magazine365"},{"label":"Noticias y Actualidad","link":"https:\/\/eldigitaldeasturias.com\/magazine365\/category\/noticias-actualidad\/"},{"label":"La inteligencia artificial ser\u00e1 uno de los pilares del Samsung Galaxy S8","link":"https:\/\/eldigitaldeasturias.com\/magazine365\/la-inteligencia-artificial-sera-uno-de-los-pilares-del-samsung-galaxy-s8\/"}],"_links":{"self":[{"href":"https:\/\/eldigitaldeasturias.com\/magazine365\/wp-json\/wp\/v2\/posts\/83406","targetHints":{"allow":["GET"]}}],"collection":[{"href":"https:\/\/eldigitaldeasturias.com\/magazine365\/wp-json\/wp\/v2\/posts"}],"about":[{"href":"https:\/\/eldigitaldeasturias.com\/magazine365\/wp-json\/wp\/v2\/types\/post"}],"author":[{"embeddable":true,"href":"https:\/\/eldigitaldeasturias.com\/magazine365\/wp-json\/wp\/v2\/users\/1"}],"replies":[{"embeddable":true,"href":"https:\/\/eldigitaldeasturias.com\/magazine365\/wp-json\/wp\/v2\/comments?post=83406"}],"version-history":[{"count":0,"href":"https:\/\/eldigitaldeasturias.com\/magazine365\/wp-json\/wp\/v2\/posts\/83406\/revisions"}],"wp:featuredmedia":[{"embeddable":true,"href":"https:\/\/eldigitaldeasturias.com\/magazine365\/wp-json\/wp\/v2\/media\/77926"}],"wp:attachment":[{"href":"https:\/\/eldigitaldeasturias.com\/magazine365\/wp-json\/wp\/v2\/media?parent=83406"}],"wp:term":[{"taxonomy":"category","embeddable":true,"href":"https:\/\/eldigitaldeasturias.com\/magazine365\/wp-json\/wp\/v2\/categories?post=83406"},{"taxonomy":"post_tag","embeddable":true,"href":"https:\/\/eldigitaldeasturias.com\/magazine365\/wp-json\/wp\/v2\/tags?post=83406"}],"curies":[{"name":"wp","href":"https:\/\/api.w.org\/{rel}","templated":true}]}}